{"id":66891,"date":"2025-09-02T15:17:37","date_gmt":"2025-09-02T18:17:37","guid":{"rendered":"https:\/\/ubirataonline.com.br\/feira-do-empreendedor-do-sebrae-traz-lenda-do-esporte-e-cerebro-do-mequi\/"},"modified":"2025-09-02T15:17:37","modified_gmt":"2025-09-02T18:17:37","slug":"feira-do-empreendedor-do-sebrae-traz-lenda-do-esporte-e-cerebro-do-mequi","status":"publish","type":"post","link":"https:\/\/ubirataonline.com.br\/en\/feira-do-empreendedor-do-sebrae-traz-lenda-do-esporte-e-cerebro-do-mequi\/","title":{"rendered":"Feira do Empreendedor do Sebrae traz lenda do esporte e &#8220;c\u00e9rebro&#8221; do M\u00e9qui"},"content":{"rendered":"<p><\/p>\n<div id=\"post-content\">\n<p>Se voc\u00ea j\u00e1 tem um neg\u00f3cio pr\u00f3prio ou anda com aquela ideia martelando na cabe\u00e7a, anote a\u00ed: <strong>Curitiba<\/strong> vai receber a <strong>Feira do Empreendedor Sebrae<\/strong> entre os dias 11 e 14 de setembro. O evento est\u00e1 recheado de <strong>a\u00e7\u00f5es gratuitas<\/strong> que v\u00e3o desde orienta\u00e7\u00f5es empresariais e consultorias at\u00e9 uma feira de microempreendedores individuais. Mas o que realmente est\u00e1 dando o que falar \u00e9 o time de peso que vai comandar as palestras.<\/p>\n<p><strong>&gt;&gt;&gt; As inscri\u00e7\u00f5es e informa\u00e7\u00f5es sobre como <a href=\"https:\/\/sebraepr.com.br\/lp\/feiracuritiba\/\" target=\"_blank\" rel=\"noreferrer noopener\">acessar as palestras est\u00e3o dispon\u00edveis neste link!<\/a> <\/strong><\/p>\n<p>A feira acontece no Viasoft Experience, das 14h \u00e0s 22h, enquanto o Teatro Positivo ser\u00e1 palco das palestras. Estamos falando de um evento de impacto: cerca de 130 palestras, 60 horas de conte\u00fados e 40 postos de atendimento gratuito. Ali\u00e1s, vale lembrar que em 2024, a edi\u00e7\u00e3o curitibana atraiu mais de 23 mil pessoas!<\/p>\n<p>Este ano, o Sebrae expandiu horizontes e levou a feira para Cascavel e Maring\u00e1 em junho e julho, respectivamente, com mais de cinco mil participantes em cada cidade. Quem conta \u00e9 o diretor-superintendente do Sebrae\/PR, Vitor Tioqueta.<\/p>\n<p><strong>+ Veja mais:<\/strong> <a href=\"https:\/\/www.tribunapr.com.br\/noticias\/curitiba-regiao\/grande-rede-de-materiais-de-construcao-fecha-loja-tradicional-em-curitiba\/\" target=\"_blank\" rel=\"noreferrer noopener\">Grande rede de materiais de constru\u00e7\u00e3o fecha loja tradicional em Curitiba<\/a><\/p>\n<p>\u201cO sucesso das edi\u00e7\u00f5es em Cascavel e Maring\u00e1 mostrou a for\u00e7a e a import\u00e2ncia da Feira para o Paran\u00e1. Agora, em Curitiba, ampliamos a programa\u00e7\u00e3o e reunimos grandes nomes nacionais para inspirar e apoiar ainda mais os empreendedores\u201d, pondera Tioqueta, lembrando que o evento ser\u00e1 realizado sobre os pilares de conhecimento, neg\u00f3cios e atendimento especializado em pequenos neg\u00f3cios.<\/p>\n<h2 class=\"wp-block-heading\" id=\"h-dna-de-sucesso\">DNA de sucesso<\/h2>\n<p>O time de palestrantes est\u00e1 confirmado e promete agitar o evento. Na quinta-feira (11), <strong>Jo\u00e3o Branco<\/strong> sobe ao palco \u00e0s 20h. Eleito um dos dez melhores profissionais de marketing do Brasil pela Forbes, ele foi o vice-presidente de marketing do McDonald\u2019s e liderou o time que bateu todos os recordes do \u201c<strong>M\u00e9qui<\/strong>\u201d no pa\u00eds. Jo\u00e3o tamb\u00e9m \u00e9 professor, colunista e autor dos best-sellers \u201cD\u00ea Prop\u00f3sito\u201d e \u201cDesmarketize-se\u201d.<\/p>\n<p>A estrela da sexta-feira (12), \u00e0s 20h, ser\u00e1 <strong>Daniel Dias<\/strong>. Natural de Camanducaia, Minas Gerais, ele nasceu com m\u00e1-forma\u00e7\u00e3o dos membros superiores e inferiores. Daniel conta com uma hist\u00f3ria de supera\u00e7\u00e3o e encontrou sucesso nas piscinas, onde conquistou 24 medalhas paral\u00edmpicas, sendo 14 de ouro, e 31 em Mundiais de Nata\u00e7\u00e3o.<\/p>\n<p>Maior atleta paral\u00edmpico da hist\u00f3ria do Brasil, Daniel recebeu tr\u00eas vezes (2009, 2012 e 2016) o Trof\u00e9u Laureus, conhecido como o \u201cOscar do Esporte\u201d, na categoria Melhor Atleta com Defici\u00eancia. Foi escolhido para integrar a Academia Laureus, grupo seleto de lendas do esporte mundial que elege os melhores do ano no pr\u00eamio de mesmo nome. Aposentado das piscinas, hoje luta contra o capacitismo, atua no conselho internacional de atletas, \u00e9 palestrante, gestor do Instituto Daniel Dias e empreendedor.<\/p>\n<h2 class=\"wp-block-heading\" id=\"h-mais-cabecas-pensantes\">Mais cabe\u00e7as pensantes<\/h2>\n<figure class=\"wp-block-image size-post_image\"><img loading=\"lazy\" decoding=\"async\" width=\"770\" height=\"440\" src=\"https:\/\/www.tribunapr.com.br\/wp-content\/uploads\/2025\/09\/02143811\/sebrae-770x440.jpg\" alt=\"\" class=\"wp-image-3659627\" srcset=\"https:\/\/www.tribunapr.com.br\/wp-content\/uploads\/2025\/09\/02143811\/sebrae-770x440.jpg 770w, https:\/\/www.tribunapr.com.br\/wp-content\/uploads\/2025\/09\/02143811\/sebrae-370x210.jpg 370w, https:\/\/www.tribunapr.com.br\/wp-content\/uploads\/2025\/09\/02143811\/sebrae-570x325.jpg 570w\" sizes=\"auto, (max-width: 770px) 100vw, 770px\"\/><\/figure>\n<p>A partir das 18h do terceiro dia da Feira, s\u00e1bado (13), <strong>Thiago Reis<\/strong> apresentar\u00e1 seus conhecimentos como especialista em aumento de receitas, com n\u00fameros que superam R$ 1,7 bilh\u00e3o gerados para clientes nos \u00faltimos 24 meses. Foi reconhecido como o influenciador de vendas n\u00ba 1 em 2019 e est\u00e1 entre os 10 nomes a seguir no LinkedIn.<\/p>\n<p><strong>+ Leia mais:<\/strong> <a href=\"https:\/\/www.tribunapr.com.br\/noticias\/parana\/oeste-do-parana-quer-se-consolidar-como-polo-de-inteligencia-artificial\/\" target=\"_blank\" rel=\"noreferrer noopener\">Oeste do Paran\u00e1 quer se consolidar como polo de intelig\u00eancia artificial<\/a><\/p>\n<p>Os bons ventos seguem no domingo (14), quando, a partir das 18h, <strong>Sandra Chayo <\/strong>sobe ao palco. Filha do fundador do grupo, Nissim Hara, Sandra ingressou nos neg\u00f3cios da fam\u00edlia e, ao lado das irm\u00e3s, levou o olhar feminino para a gest\u00e3o do grupo e para o desenvolvimento de produtos. A empres\u00e1ria foi premiada por suas iniciativas voltadas para mulheres empreendedoras. Em 2022, foi eleita uma das 20 Mulheres de Sucesso da Forbes e estreou como jurada da 7\u00aa temporada do programa Shark Tank Brasil.<\/p>\n<h2 class=\"wp-block-heading\" id=\"h-servico-feira-do-empreendedor-sebrae\">Servi\u00e7o \u2013 Feira do Empreendedor Sebrae<\/h2>\n<p><strong>Data: <\/strong>quinta-feira (11) a domingo (14) de setembro<br \/><strong>Hor\u00e1rio:<\/strong> quinta a s\u00e1bado, das 14h \u00e0s 22h, domingo das 14h \u00e0s 20h<br \/><strong>Quanto:<\/strong> gratuito<br \/><strong>Endere\u00e7o:<\/strong> Viasoft Experience e Teatro Positivo \u2013 Rua Prof. Pedro Viriato Parigot de Souza, n\u00ba 5.300 \u2013 Campus da Universidade Positivo \u2013 Campo Comprido \u2013 Curitiba (PR)<\/p>\n<p>Inscri\u00e7\u00f5es gratuitas em: <a href=\"https:\/\/sebraepr.com.br\/lp\/feiracuritiba\/\" target=\"_blank\" rel=\"noreferrer noopener\">https:\/\/sebraepr.com.br\/lp\/feiracuritiba\/<\/a><\/p>\n<section class=\"virals\">\n<article class=\"cardnews cardnews--post cardnews--has-thumbnail cardnews--editorial-noticias\"> <a href=\"https:\/\/www.tribunapr.com.br\/noticias\/curitiba-regiao\/novo-viaduto-de-curitiba-recebe-vigas-gigantes-em-nova-etapa-de-obra\/?utm_source=noticias-virais-rodape&amp;utm_medium=internal-tribuna&amp;utm_campaign=tribuna\" class=\"cardnews__postlink\"> <\/p>\n<div class=\"cardnews__image\" is-api-thumb=\"\"><img decoding=\"async\" src=\"https:\/\/www.tribunapr.com.br\/wp-content\/uploads\/2025\/09\/02071907\/00513295-370x210.jpg\" loading=\"lazy\" alt=\"Curitiba avan\u00e7a: viaduto recebe vigas gigantes em nova etapa!\"\/><\/div>\n<div class=\"cardnews__content cardhome__content\">\n<div class=\"cardnews__content-wrapper\">\n<p> <span style=\"\"> Obras e desvios! <\/span> <\/p>\n<p>Curitiba avan\u00e7a: viaduto recebe vigas gigantes em nova etapa!<\/p>\n<\/p><\/div>\n<\/p><\/div>\n<p> <\/a> <\/article>\n<article class=\"cardnews cardnews--post cardnews--has-thumbnail cardnews--editorial-noticias\"> <a href=\"https:\/\/www.tribunapr.com.br\/mais-pop\/william-bonner-deixa-jornal-nacional-apos-27-anos\/?utm_source=noticias-virais-rodape&amp;utm_medium=internal-tribuna&amp;utm_campaign=tribuna\" class=\"cardnews__postlink\"> <\/p>\n<div class=\"cardnews__image\" is-api-thumb=\"\"><img decoding=\"async\" src=\"https:\/\/www.tribunapr.com.br\/wp-content\/uploads\/2025\/09\/01190336\/William-Bonner-370x210.jpg\" loading=\"lazy\" alt=\"William Bonner surpreende com an\u00fancio ao vivo no Jornal Nacional\"\/><\/div>\n<div class=\"cardnews__content cardhome__content\">\n<div class=\"cardnews__content-wrapper\">\n<p> <span style=\"\"> Telejornalismo <\/span> <\/p>\n<p>William Bonner surpreende com an\u00fancio ao vivo no Jornal Nacional<\/p>\n<\/p><\/div>\n<\/p><\/div>\n<p> <\/a> <\/article>\n<article class=\"cardnews cardnews--post cardnews--has-thumbnail cardnews--editorial-noticias\"> <a href=\"https:\/\/www.tribunapr.com.br\/blogs\/rango-barateza\/lenda-pirata-provoca-a-busca-pelo-hamburguer-perfeito-em-curitiba\/?utm_source=noticias-virais-rodape&amp;utm_medium=internal-tribuna&amp;utm_campaign=tribuna\" class=\"cardnews__postlink\"> <\/p>\n<div class=\"cardnews__image\" is-api-thumb=\"\"><img decoding=\"async\" src=\"https:\/\/www.tribunapr.com.br\/wp-content\/uploads\/2022\/10\/29074252\/jack-01-970x550-1-370x210.webp\" loading=\"lazy\" alt=\"A lenda do pirata que guia a busca pelo hamb\u00farguer perfeito em Curitiba\"\/><\/div>\n<div class=\"cardnews__content cardhome__content\">\n<div class=\"cardnews__content-wrapper\">\n<p> <span style=\"\"> Rango Barateza! <\/span> <\/p>\n<p>A lenda do pirata que guia a busca pelo hamb\u00farguer perfeito em Curitiba<\/p>\n<\/p><\/div>\n<\/p><\/div>\n<p> <\/a> <\/article>\n<\/section>\n<section class=\"whatsapp-groups\">\n<div class=\"whatsapp-groups__image\"> <img decoding=\"async\" src=\"https:\/\/www.tribunapr.com.br\/resources\/images\/blocks\/whatsapp-groups\/logo-whatsapp.png\" alt=\"Grupos de WhatsApp da Tribuna\" loading=\"lazy\"\/> <\/div>\n<div class=\"whatsapp-groups__body\">\n<p> Receba Not\u00edcias no seu WhatsApp! <\/p>\n<p> Receba as not\u00edcias do seu bairro e do seu time pelo WhatsApp. <\/p>\n<p> <a href=\"https:\/\/www.tribunapr.com.br\/grupos-de-whatsapp-da-tribuna\/\" target=\"_blank\" class=\"whatsapp-groups__button\"> Participe dos Grupos da Tribuna <\/a> <\/div>\n<\/section><\/div>\n<p><a href=\"https:\/\/www.tribunapr.com.br\/noticias\/curitiba-regiao\/feira-do-empreendedor-do-sebrae-traz-lenda-do-esporte-e-cerebro-do-mequi\/\">Source link <\/a><\/p>","protected":false},"excerpt":{"rendered":"<p>Se voc\u00ea j\u00e1 tem um neg\u00f3cio pr\u00f3prio ou anda com aquela ideia martelando na cabe\u00e7a, anote a\u00ed: Curitiba vai receber a Feira do Empreendedor Sebrae entre os dias 11 e 14 de setembro. O evento est\u00e1 recheado de a\u00e7\u00f5es gratuitas que v\u00e3o desde orienta\u00e7\u00f5es empresariais e consultorias at\u00e9 uma feira de microempreendedores individuais. Mas o [&hellip;]<\/p>\n","protected":false},"author":1,"featured_media":66892,"comment_status":"","ping_status":"","sticky":false,"template":"","format":"standard","meta":{"googlesitekit_rrm_CAow2JLhCw:productID":"","_gspb_post_css":"","maa_idioma":"","maa_pais":"","footnotes":""},"categories":[1],"tags":[],"class_list":["post-66891","post","type-post","status-publish","format-standard","has-post-thumbnail","hentry","category-ubirata"],"blocksy_meta":[],"yoast_head":"<!-- This site is optimized with the Yoast SEO Premium plugin v27.6 (Yoast SEO v27.6) - https:\/\/yoast.com\/product\/yoast-seo-premium-wordpress\/ -->\n<title>Feira do Empreendedor do Sebrae traz lenda do esporte e &quot;c\u00e9rebro&quot; do M\u00e9qui - Ubirat\u00e3 Online Not\u00edcias - A realidade ao seu alcance!<\/title>\n<meta name=\"description\" content=\"Se voc\u00ea j\u00e1 tem um neg\u00f3cio pr\u00f3prio ou anda com aquela ideia martelando na cabe\u00e7a, anote a\u00ed: Curitiba vai receber a Feira do Empreendedor Sebrae entre os\" \/>\n<meta name=\"robots\" content=\"index, follow, max-snippet:-1, max-image-preview:large, max-video-preview:-1\" \/>\n<link rel=\"canonical\" href=\"https:\/\/ubirataonline.com.br\/en\/feira-do-empreendedor-do-sebrae-traz-lenda-do-esporte-e-cerebro-do-mequi\/\" \/>\n<meta property=\"og:locale\" content=\"en_US\" \/>\n<meta property=\"og:type\" content=\"article\" \/>\n<meta property=\"og:title\" content=\"Feira do Empreendedor do Sebrae traz lenda do esporte e &quot;c\u00e9rebro&quot; do M\u00e9qui\" \/>\n<meta property=\"og:description\" content=\"Se voc\u00ea j\u00e1 tem um neg\u00f3cio pr\u00f3prio ou anda com aquela ideia martelando na cabe\u00e7a, anote a\u00ed: Curitiba vai receber a Feira do Empreendedor Sebrae entre os\" \/>\n<meta property=\"og:url\" content=\"https:\/\/ubirataonline.com.br\/en\/feira-do-empreendedor-do-sebrae-traz-lenda-do-esporte-e-cerebro-do-mequi\/\" \/>\n<meta property=\"og:site_name\" content=\"Ubirat\u00e3 Online Not\u00edcias - A realidade ao seu alcance!\" \/>\n<meta property=\"article:publisher\" content=\"https:\/\/www.facebook.com\/portalubirataonline\" \/>\n<meta property=\"article:author\" content=\"https:\/\/www.facebook.com\/portalubirataonline\" \/>\n<meta property=\"article:published_time\" content=\"2025-09-02T18:17:37+00:00\" \/>\n<meta property=\"og:image\" content=\"https:\/\/ubirataonline.com.br\/wp-content\/uploads\/2026\/05\/logo2026.webp\" \/>\n\t<meta property=\"og:image:width\" content=\"1531\" \/>\n\t<meta property=\"og:image:height\" content=\"418\" \/>\n\t<meta property=\"og:image:type\" content=\"image\/webp\" \/>\n<meta name=\"author\" content=\"REDA\u00c7\u00c3O: UBIRAT\u00c3 ONLINE - F\u00c1BIO AUGUSTO CELESTINO\" \/>\n<meta name=\"twitter:card\" content=\"summary_large_image\" \/>\n<meta name=\"twitter:creator\" content=\"@x.com\/ubirataonline\" \/>\n<meta name=\"twitter:site\" content=\"@ubirataonline\" \/>\n<meta name=\"twitter:label1\" content=\"Written by\" \/>\n\t<meta name=\"twitter:data1\" content=\"REDA\u00c7\u00c3O: UBIRAT\u00c3 ONLINE - F\u00c1BIO AUGUSTO CELESTINO\" \/>\n\t<meta name=\"twitter:label2\" content=\"Est. reading time\" \/>\n\t<meta name=\"twitter:data2\" content=\"4 minutes\" \/>\n<script type=\"application\/ld+json\" class=\"yoast-schema-graph\">{\"@context\":\"https:\\\/\\\/schema.org\",\"@graph\":[{\"@type\":\"NewsArticle\",\"@id\":\"https:\\\/\\\/ubirataonline.com.br\\\/feira-do-empreendedor-do-sebrae-traz-lenda-do-esporte-e-cerebro-do-mequi\\\/#article\",\"isPartOf\":{\"@id\":\"https:\\\/\\\/ubirataonline.com.br\\\/feira-do-empreendedor-do-sebrae-traz-lenda-do-esporte-e-cerebro-do-mequi\\\/\"},\"author\":{\"name\":\"REDA\u00c7\u00c3O: UBIRAT\u00c3 ONLINE - F\u00c1BIO AUGUSTO CELESTINO\",\"@id\":\"https:\\\/\\\/ubirataonline.com.br\\\/#\\\/schema\\\/person\\\/372f87bbd3fdd79b8556b84c98d0bc1c\"},\"headline\":\"Feira do Empreendedor do Sebrae traz lenda do esporte e &#8220;c\u00e9rebro&#8221; do M\u00e9qui\",\"datePublished\":\"2025-09-02T18:17:37+00:00\",\"mainEntityOfPage\":{\"@id\":\"https:\\\/\\\/ubirataonline.com.br\\\/feira-do-empreendedor-do-sebrae-traz-lenda-do-esporte-e-cerebro-do-mequi\\\/\"},\"wordCount\":772,\"publisher\":{\"@id\":\"https:\\\/\\\/ubirataonline.com.br\\\/#organization\"},\"image\":{\"@id\":\"https:\\\/\\\/ubirataonline.com.br\\\/feira-do-empreendedor-do-sebrae-traz-lenda-do-esporte-e-cerebro-do-mequi\\\/#primaryimage\"},\"thumbnailUrl\":\"https:\\\/\\\/ubirataonline.com.br\\\/wp-content\\\/uploads\\\/2025\\\/09\\\/feira-sebrae.jpg\",\"articleSection\":[\"Ubirat\u00e3\"],\"inLanguage\":\"en-US\",\"copyrightYear\":\"2025\",\"copyrightHolder\":{\"@id\":\"https:\\\/\\\/ubirataonline.com.br\\\/en\\\/#organization\"}},{\"@type\":\"WebPage\",\"@id\":\"https:\\\/\\\/ubirataonline.com.br\\\/feira-do-empreendedor-do-sebrae-traz-lenda-do-esporte-e-cerebro-do-mequi\\\/\",\"url\":\"https:\\\/\\\/ubirataonline.com.br\\\/feira-do-empreendedor-do-sebrae-traz-lenda-do-esporte-e-cerebro-do-mequi\\\/\",\"name\":\"Feira do Empreendedor do Sebrae traz lenda do esporte e \\\"c\u00e9rebro\\\" do M\u00e9qui - Ubirat\u00e3 Online Not\u00edcias - A realidade ao seu alcance!\",\"isPartOf\":{\"@id\":\"https:\\\/\\\/ubirataonline.com.br\\\/#website\"},\"primaryImageOfPage\":{\"@id\":\"https:\\\/\\\/ubirataonline.com.br\\\/feira-do-empreendedor-do-sebrae-traz-lenda-do-esporte-e-cerebro-do-mequi\\\/#primaryimage\"},\"image\":{\"@id\":\"https:\\\/\\\/ubirataonline.com.br\\\/feira-do-empreendedor-do-sebrae-traz-lenda-do-esporte-e-cerebro-do-mequi\\\/#primaryimage\"},\"thumbnailUrl\":\"https:\\\/\\\/ubirataonline.com.br\\\/wp-content\\\/uploads\\\/2025\\\/09\\\/feira-sebrae.jpg\",\"datePublished\":\"2025-09-02T18:17:37+00:00\",\"description\":\"Se voc\u00ea j\u00e1 tem um neg\u00f3cio pr\u00f3prio ou anda com aquela ideia martelando na cabe\u00e7a, anote a\u00ed: Curitiba vai receber a Feira do Empreendedor Sebrae entre os\",\"breadcrumb\":{\"@id\":\"https:\\\/\\\/ubirataonline.com.br\\\/feira-do-empreendedor-do-sebrae-traz-lenda-do-esporte-e-cerebro-do-mequi\\\/#breadcrumb\"},\"inLanguage\":\"en-US\",\"potentialAction\":[{\"@type\":\"ReadAction\",\"target\":[\"https:\\\/\\\/ubirataonline.com.br\\\/feira-do-empreendedor-do-sebrae-traz-lenda-do-esporte-e-cerebro-do-mequi\\\/\"]}]},{\"@type\":\"ImageObject\",\"inLanguage\":\"en-US\",\"@id\":\"https:\\\/\\\/ubirataonline.com.br\\\/feira-do-empreendedor-do-sebrae-traz-lenda-do-esporte-e-cerebro-do-mequi\\\/#primaryimage\",\"url\":\"https:\\\/\\\/ubirataonline.com.br\\\/wp-content\\\/uploads\\\/2025\\\/09\\\/feira-sebrae.jpg\",\"contentUrl\":\"https:\\\/\\\/ubirataonline.com.br\\\/wp-content\\\/uploads\\\/2025\\\/09\\\/feira-sebrae.jpg\",\"width\":1200,\"height\":800},{\"@type\":\"BreadcrumbList\",\"@id\":\"https:\\\/\\\/ubirataonline.com.br\\\/feira-do-empreendedor-do-sebrae-traz-lenda-do-esporte-e-cerebro-do-mequi\\\/#breadcrumb\",\"itemListElement\":[{\"@type\":\"ListItem\",\"position\":1,\"name\":\"In\u00edcio\",\"item\":\"https:\\\/\\\/ubirataonline.com.br\\\/\"},{\"@type\":\"ListItem\",\"position\":2,\"name\":\"Feira do Empreendedor do Sebrae traz lenda do esporte e &#8220;c\u00e9rebro&#8221; do M\u00e9qui\"}]},{\"@type\":\"WebSite\",\"@id\":\"https:\\\/\\\/ubirataonline.com.br\\\/#website\",\"url\":\"https:\\\/\\\/ubirataonline.com.br\\\/\",\"name\":\"Ubirat\u00e3 Online Not\u00edcias\",\"description\":\"Not\u00edcias de Ubirat\u00e3, regi\u00e3o, Brasil e mundo, com informa\u00e7\u00e3o atualizada e compromisso com o leitor.\",\"publisher\":{\"@id\":\"https:\\\/\\\/ubirataonline.com.br\\\/#organization\"},\"alternateName\":\"Ubirat\u00e3 Online\",\"potentialAction\":[{\"@type\":\"SearchAction\",\"target\":{\"@type\":\"EntryPoint\",\"urlTemplate\":\"https:\\\/\\\/ubirataonline.com.br\\\/?s={search_term_string}\"},\"query-input\":{\"@type\":\"PropertyValueSpecification\",\"valueRequired\":true,\"valueName\":\"search_term_string\"}}],\"inLanguage\":\"en-US\"},{\"@type\":[\"Organization\",\"Place\"],\"@id\":\"https:\\\/\\\/ubirataonline.com.br\\\/#organization\",\"name\":\"Ubirat\u00e3 Online Not\u00edcias\",\"alternateName\":\"Ubirat\u00e3 Online\",\"url\":\"https:\\\/\\\/ubirataonline.com.br\\\/\",\"logo\":{\"@id\":\"https:\\\/\\\/ubirataonline.com.br\\\/feira-do-empreendedor-do-sebrae-traz-lenda-do-esporte-e-cerebro-do-mequi\\\/#local-main-organization-logo\"},\"image\":{\"@id\":\"https:\\\/\\\/ubirataonline.com.br\\\/feira-do-empreendedor-do-sebrae-traz-lenda-do-esporte-e-cerebro-do-mequi\\\/#local-main-organization-logo\"},\"sameAs\":[\"https:\\\/\\\/www.facebook.com\\\/portalubirataonline\",\"https:\\\/\\\/x.com\\\/ubirataonline\",\"https:\\\/\\\/mastodon.social\\\/@ubirataonline\",\"https:\\\/\\\/www.facebook.com\\\/groups\\\/311144672285604\",\"https:\\\/\\\/www.facebook.com\\\/UBTAOnline\",\"https:\\\/\\\/www.instagram.com\\\/portalubirataonline\\\/\",\"https:\\\/\\\/twitter.com\\\/ubirataonline\"],\"description\":\"Somos um portal de not\u00edcias independente, criado em 5 de janeiro de 2009, com o objetivo de informar, conectar e valorizar a nossa comunidade de Ubirat\u00e3 e toda aregi\u00e3o. Com conte\u00fado atualizado, confi\u00e1vel e relevante, o Ubirat\u00e3 Online \u00e9 o seu espa\u00e7o para ficar por dentro dos principais acontecimentos locais, regionais, Brasil, Mundo e de interesse geral. Nosso compromisso \u00e9 com a verdade, a transpar\u00eancia e o respeito ao leitor.\",\"legalName\":\"UBIRATA ONLINE NOT\u00cdCIAS\",\"foundingDate\":\"2009-01-05\",\"numberOfEmployees\":{\"@type\":\"QuantitativeValue\",\"minValue\":\"1\",\"maxValue\":\"10\"},\"publishingPrinciples\":\"https:\\\/\\\/ubirataonline.com.br\\\/faq\\\/\",\"address\":{\"@id\":\"https:\\\/\\\/ubirataonline.com.br\\\/feira-do-empreendedor-do-sebrae-traz-lenda-do-esporte-e-cerebro-do-mequi\\\/#local-main-place-address\"},\"geo\":{\"@type\":\"GeoCoordinates\",\"latitude\":\"-24.5361401\",\"longitude\":\"-52.9921776\"},\"telephone\":[\"+5544998308235\"],\"contactPoint\":{\"@type\":\"ContactPoint\",\"email\":\"contato@ubirataonline.com.br\"},\"openingHoursSpecification\":{\"@type\":\"OpeningHoursSpecification\",\"dayOfWeek\":[\"Monday\",\"Tuesday\",\"Wednesday\",\"Thursday\",\"Friday\",\"Saturday\",\"Sunday\"],\"opens\":\"00:00\",\"closes\":\"23:59\"},\"email\":\"contato@ubirataonline.com.br\",\"vatID\":\"47.621.418\\\/0001-80\"},{\"@type\":\"Person\",\"@id\":\"https:\\\/\\\/ubirataonline.com.br\\\/#\\\/schema\\\/person\\\/372f87bbd3fdd79b8556b84c98d0bc1c\",\"name\":\"REDA\u00c7\u00c3O: UBIRAT\u00c3 ONLINE - F\u00c1BIO AUGUSTO CELESTINO\",\"pronouns\":\"Ele\",\"description\":\"Desde 2003 trabalhando com not\u00edcias.\",\"sameAs\":[\"http:\\\/\\\/ubirataoline.com.br\",\"https:\\\/\\\/www.facebook.com\\\/portalubirataonline\",\"https:\\\/\\\/www.instagram.com\\\/ubirataonline_oficial\",\"https:\\\/\\\/x.com\\\/x.com\\\/ubirataonline\"],\"honorificPrefix\":\"Mr.\",\"honorificSuffix\":\"MD\",\"birthDate\":\"1980-06-16\",\"gender\":\"masculino\",\"award\":[\"V\u00e1rios pr\u00eamios de melhor portal da cidade\"],\"jobTitle\":\"Diretor\",\"url\":\"https:\\\/\\\/ubirataonline.com.br\\\/en\\\/author\\\/ubirataonline\\\/\"},{\"@type\":\"PostalAddress\",\"@id\":\"https:\\\/\\\/ubirataonline.com.br\\\/feira-do-empreendedor-do-sebrae-traz-lenda-do-esporte-e-cerebro-do-mequi\\\/#local-main-place-address\",\"streetAddress\":\"Rua dos Coqueiros, 104 - Bairro Boa Vista, Rua dos Coqueiros, 104 Bairro Boa Vista\",\"addressLocality\":\"UBIRATA\",\"postalCode\":\"85440-000\",\"addressRegion\":\"PR\",\"addressCountry\":\"BR\"},{\"@type\":\"ImageObject\",\"inLanguage\":\"en-US\",\"@id\":\"https:\\\/\\\/ubirataonline.com.br\\\/feira-do-empreendedor-do-sebrae-traz-lenda-do-esporte-e-cerebro-do-mequi\\\/#local-main-organization-logo\",\"url\":\"https:\\\/\\\/ubirataonline.com.br\\\/wp-content\\\/uploads\\\/2026\\\/06\\\/logoubirataonline-1.webp\",\"contentUrl\":\"https:\\\/\\\/ubirataonline.com.br\\\/wp-content\\\/uploads\\\/2026\\\/06\\\/logoubirataonline-1.webp\",\"width\":500,\"height\":500,\"caption\":\"Ubirat\u00e3 Online Not\u00edcias\"}]}<\/script>\n<meta name=\"geo.placename\" content=\"UBIRATA\" \/>\n<meta name=\"geo.position\" content=\"-24.5361401;-52.9921776\" \/>\n<meta name=\"geo.region\" content=\"Brazil\" \/>\n<!-- \/ Yoast SEO Premium plugin. -->","yoast_head_json":{"title":"Feira do Empreendedor do Sebrae traz lenda do esporte e \"c\u00e9rebro\" do M\u00e9qui - Ubirat\u00e3 Online Not\u00edcias - A realidade ao seu alcance!","description":"Se voc\u00ea j\u00e1 tem um neg\u00f3cio pr\u00f3prio ou anda com aquela ideia martelando na cabe\u00e7a, anote a\u00ed: Curitiba vai receber a Feira do Empreendedor Sebrae entre os","robots":{"index":"index","follow":"follow","max-snippet":"max-snippet:-1","max-image-preview":"max-image-preview:large","max-video-preview":"max-video-preview:-1"},"canonical":"https:\/\/ubirataonline.com.br\/en\/feira-do-empreendedor-do-sebrae-traz-lenda-do-esporte-e-cerebro-do-mequi\/","og_locale":"en_US","og_type":"article","og_title":"Feira do Empreendedor do Sebrae traz lenda do esporte e \"c\u00e9rebro\" do M\u00e9qui","og_description":"Se voc\u00ea j\u00e1 tem um neg\u00f3cio pr\u00f3prio ou anda com aquela ideia martelando na cabe\u00e7a, anote a\u00ed: Curitiba vai receber a Feira do Empreendedor Sebrae entre os","og_url":"https:\/\/ubirataonline.com.br\/en\/feira-do-empreendedor-do-sebrae-traz-lenda-do-esporte-e-cerebro-do-mequi\/","og_site_name":"Ubirat\u00e3 Online Not\u00edcias - A realidade ao seu alcance!","article_publisher":"https:\/\/www.facebook.com\/portalubirataonline","article_author":"https:\/\/www.facebook.com\/portalubirataonline","article_published_time":"2025-09-02T18:17:37+00:00","og_image":[{"width":1531,"height":418,"url":"https:\/\/ubirataonline.com.br\/wp-content\/uploads\/2026\/05\/logo2026.webp","type":"image\/webp"}],"author":"REDA\u00c7\u00c3O: UBIRAT\u00c3 ONLINE - F\u00c1BIO AUGUSTO CELESTINO","twitter_card":"summary_large_image","twitter_creator":"@x.com\/ubirataonline","twitter_site":"@ubirataonline","twitter_misc":{"Written by":"REDA\u00c7\u00c3O: UBIRAT\u00c3 ONLINE - F\u00c1BIO AUGUSTO CELESTINO","Est. reading time":"4 minutes"},"schema":{"@context":"https:\/\/schema.org","@graph":[{"@type":"NewsArticle","@id":"https:\/\/ubirataonline.com.br\/feira-do-empreendedor-do-sebrae-traz-lenda-do-esporte-e-cerebro-do-mequi\/#article","isPartOf":{"@id":"https:\/\/ubirataonline.com.br\/feira-do-empreendedor-do-sebrae-traz-lenda-do-esporte-e-cerebro-do-mequi\/"},"author":{"name":"REDA\u00c7\u00c3O: UBIRAT\u00c3 ONLINE - F\u00c1BIO AUGUSTO CELESTINO","@id":"https:\/\/ubirataonline.com.br\/#\/schema\/person\/372f87bbd3fdd79b8556b84c98d0bc1c"},"headline":"Feira do Empreendedor do Sebrae traz lenda do esporte e &#8220;c\u00e9rebro&#8221; do M\u00e9qui","datePublished":"2025-09-02T18:17:37+00:00","mainEntityOfPage":{"@id":"https:\/\/ubirataonline.com.br\/feira-do-empreendedor-do-sebrae-traz-lenda-do-esporte-e-cerebro-do-mequi\/"},"wordCount":772,"publisher":{"@id":"https:\/\/ubirataonline.com.br\/#organization"},"image":{"@id":"https:\/\/ubirataonline.com.br\/feira-do-empreendedor-do-sebrae-traz-lenda-do-esporte-e-cerebro-do-mequi\/#primaryimage"},"thumbnailUrl":"https:\/\/ubirataonline.com.br\/wp-content\/uploads\/2025\/09\/feira-sebrae.jpg","articleSection":["Ubirat\u00e3"],"inLanguage":"en-US","copyrightYear":"2025","copyrightHolder":{"@id":"https:\/\/ubirataonline.com.br\/en\/#organization"}},{"@type":"WebPage","@id":"https:\/\/ubirataonline.com.br\/feira-do-empreendedor-do-sebrae-traz-lenda-do-esporte-e-cerebro-do-mequi\/","url":"https:\/\/ubirataonline.com.br\/feira-do-empreendedor-do-sebrae-traz-lenda-do-esporte-e-cerebro-do-mequi\/","name":"Feira do Empreendedor do Sebrae traz lenda do esporte e \"c\u00e9rebro\" do M\u00e9qui - Ubirat\u00e3 Online Not\u00edcias - A realidade ao seu alcance!","isPartOf":{"@id":"https:\/\/ubirataonline.com.br\/#website"},"primaryImageOfPage":{"@id":"https:\/\/ubirataonline.com.br\/feira-do-empreendedor-do-sebrae-traz-lenda-do-esporte-e-cerebro-do-mequi\/#primaryimage"},"image":{"@id":"https:\/\/ubirataonline.com.br\/feira-do-empreendedor-do-sebrae-traz-lenda-do-esporte-e-cerebro-do-mequi\/#primaryimage"},"thumbnailUrl":"https:\/\/ubirataonline.com.br\/wp-content\/uploads\/2025\/09\/feira-sebrae.jpg","datePublished":"2025-09-02T18:17:37+00:00","description":"Se voc\u00ea j\u00e1 tem um neg\u00f3cio pr\u00f3prio ou anda com aquela ideia martelando na cabe\u00e7a, anote a\u00ed: Curitiba vai receber a Feira do Empreendedor Sebrae entre os","breadcrumb":{"@id":"https:\/\/ubirataonline.com.br\/feira-do-empreendedor-do-sebrae-traz-lenda-do-esporte-e-cerebro-do-mequi\/#breadcrumb"},"inLanguage":"en-US","potentialAction":[{"@type":"ReadAction","target":["https:\/\/ubirataonline.com.br\/feira-do-empreendedor-do-sebrae-traz-lenda-do-esporte-e-cerebro-do-mequi\/"]}]},{"@type":"ImageObject","inLanguage":"en-US","@id":"https:\/\/ubirataonline.com.br\/feira-do-empreendedor-do-sebrae-traz-lenda-do-esporte-e-cerebro-do-mequi\/#primaryimage","url":"https:\/\/ubirataonline.com.br\/wp-content\/uploads\/2025\/09\/feira-sebrae.jpg","contentUrl":"https:\/\/ubirataonline.com.br\/wp-content\/uploads\/2025\/09\/feira-sebrae.jpg","width":1200,"height":800},{"@type":"BreadcrumbList","@id":"https:\/\/ubirataonline.com.br\/feira-do-empreendedor-do-sebrae-traz-lenda-do-esporte-e-cerebro-do-mequi\/#breadcrumb","itemListElement":[{"@type":"ListItem","position":1,"name":"In\u00edcio","item":"https:\/\/ubirataonline.com.br\/"},{"@type":"ListItem","position":2,"name":"Feira do Empreendedor do Sebrae traz lenda do esporte e &#8220;c\u00e9rebro&#8221; do M\u00e9qui"}]},{"@type":"WebSite","@id":"https:\/\/ubirataonline.com.br\/#website","url":"https:\/\/ubirataonline.com.br\/","name":"Ubirat\u00e3 Online Not\u00edcias","description":"Not\u00edcias de Ubirat\u00e3, regi\u00e3o, Brasil e mundo, com informa\u00e7\u00e3o atualizada e compromisso com o leitor.","publisher":{"@id":"https:\/\/ubirataonline.com.br\/#organization"},"alternateName":"Ubirat\u00e3 Online","potentialAction":[{"@type":"SearchAction","target":{"@type":"EntryPoint","urlTemplate":"https:\/\/ubirataonline.com.br\/?s={search_term_string}"},"query-input":{"@type":"PropertyValueSpecification","valueRequired":true,"valueName":"search_term_string"}}],"inLanguage":"en-US"},{"@type":["Organization","Place"],"@id":"https:\/\/ubirataonline.com.br\/#organization","name":"Ubirat\u00e3 Online Not\u00edcias","alternateName":"Ubirat\u00e3 Online","url":"https:\/\/ubirataonline.com.br\/","logo":{"@id":"https:\/\/ubirataonline.com.br\/feira-do-empreendedor-do-sebrae-traz-lenda-do-esporte-e-cerebro-do-mequi\/#local-main-organization-logo"},"image":{"@id":"https:\/\/ubirataonline.com.br\/feira-do-empreendedor-do-sebrae-traz-lenda-do-esporte-e-cerebro-do-mequi\/#local-main-organization-logo"},"sameAs":["https:\/\/www.facebook.com\/portalubirataonline","https:\/\/x.com\/ubirataonline","https:\/\/mastodon.social\/@ubirataonline","https:\/\/www.facebook.com\/groups\/311144672285604","https:\/\/www.facebook.com\/UBTAOnline","https:\/\/www.instagram.com\/portalubirataonline\/","https:\/\/twitter.com\/ubirataonline"],"description":"Somos um portal de not\u00edcias independente, criado em 5 de janeiro de 2009, com o objetivo de informar, conectar e valorizar a nossa comunidade de Ubirat\u00e3 e toda aregi\u00e3o. Com conte\u00fado atualizado, confi\u00e1vel e relevante, o Ubirat\u00e3 Online \u00e9 o seu espa\u00e7o para ficar por dentro dos principais acontecimentos locais, regionais, Brasil, Mundo e de interesse geral. Nosso compromisso \u00e9 com a verdade, a transpar\u00eancia e o respeito ao leitor.","legalName":"UBIRATA ONLINE NOT\u00cdCIAS","foundingDate":"2009-01-05","numberOfEmployees":{"@type":"QuantitativeValue","minValue":"1","maxValue":"10"},"publishingPrinciples":"https:\/\/ubirataonline.com.br\/faq\/","address":{"@id":"https:\/\/ubirataonline.com.br\/feira-do-empreendedor-do-sebrae-traz-lenda-do-esporte-e-cerebro-do-mequi\/#local-main-place-address"},"geo":{"@type":"GeoCoordinates","latitude":"-24.5361401","longitude":"-52.9921776"},"telephone":["+5544998308235"],"contactPoint":{"@type":"ContactPoint","email":"contato@ubirataonline.com.br"},"openingHoursSpecification":{"@type":"OpeningHoursSpecification","dayOfWeek":["Monday","Tuesday","Wednesday","Thursday","Friday","Saturday","Sunday"],"opens":"00:00","closes":"23:59"},"email":"contato@ubirataonline.com.br","vatID":"47.621.418\/0001-80"},{"@type":"Person","@id":"https:\/\/ubirataonline.com.br\/#\/schema\/person\/372f87bbd3fdd79b8556b84c98d0bc1c","name":"REDA\u00c7\u00c3O: UBIRAT\u00c3 ONLINE - F\u00c1BIO AUGUSTO CELESTINO","pronouns":"Ele","description":"Desde 2003 trabalhando com not\u00edcias.","sameAs":["http:\/\/ubirataoline.com.br","https:\/\/www.facebook.com\/portalubirataonline","https:\/\/www.instagram.com\/ubirataonline_oficial","https:\/\/x.com\/x.com\/ubirataonline"],"honorificPrefix":"Mr.","honorificSuffix":"MD","birthDate":"1980-06-16","gender":"masculino","award":["V\u00e1rios pr\u00eamios de melhor portal da cidade"],"jobTitle":"Diretor","url":"https:\/\/ubirataonline.com.br\/en\/author\/ubirataonline\/"},{"@type":"PostalAddress","@id":"https:\/\/ubirataonline.com.br\/feira-do-empreendedor-do-sebrae-traz-lenda-do-esporte-e-cerebro-do-mequi\/#local-main-place-address","streetAddress":"Rua dos Coqueiros, 104 - Bairro Boa Vista, Rua dos Coqueiros, 104 Bairro Boa Vista","addressLocality":"UBIRATA","postalCode":"85440-000","addressRegion":"PR","addressCountry":"BR"},{"@type":"ImageObject","inLanguage":"en-US","@id":"https:\/\/ubirataonline.com.br\/feira-do-empreendedor-do-sebrae-traz-lenda-do-esporte-e-cerebro-do-mequi\/#local-main-organization-logo","url":"https:\/\/ubirataonline.com.br\/wp-content\/uploads\/2026\/06\/logoubirataonline-1.webp","contentUrl":"https:\/\/ubirataonline.com.br\/wp-content\/uploads\/2026\/06\/logoubirataonline-1.webp","width":500,"height":500,"caption":"Ubirat\u00e3 Online Not\u00edcias"}]},"geo.placename":"UBIRATA","geo.position":{"lat":"-24.5361401","long":"-52.9921776"},"geo.region":"Brazil"},"_links":{"self":[{"href":"https:\/\/ubirataonline.com.br\/en\/wp-json\/wp\/v2\/posts\/66891","targetHints":{"allow":["GET"]}}],"collection":[{"href":"https:\/\/ubirataonline.com.br\/en\/wp-json\/wp\/v2\/posts"}],"about":[{"href":"https:\/\/ubirataonline.com.br\/en\/wp-json\/wp\/v2\/types\/post"}],"author":[{"embeddable":true,"href":"https:\/\/ubirataonline.com.br\/en\/wp-json\/wp\/v2\/users\/1"}],"replies":[{"embeddable":true,"href":"https:\/\/ubirataonline.com.br\/en\/wp-json\/wp\/v2\/comments?post=66891"}],"version-history":[{"count":0,"href":"https:\/\/ubirataonline.com.br\/en\/wp-json\/wp\/v2\/posts\/66891\/revisions"}],"wp:featuredmedia":[{"embeddable":true,"href":"https:\/\/ubirataonline.com.br\/en\/wp-json\/wp\/v2\/media\/66892"}],"wp:attachment":[{"href":"https:\/\/ubirataonline.com.br\/en\/wp-json\/wp\/v2\/media?parent=66891"}],"wp:term":[{"taxonomy":"category","embeddable":true,"href":"https:\/\/ubirataonline.com.br\/en\/wp-json\/wp\/v2\/categories?post=66891"},{"taxonomy":"post_tag","embeddable":true,"href":"https:\/\/ubirataonline.com.br\/en\/wp-json\/wp\/v2\/tags?post=66891"}],"curies":[{"name":"wp","href":"https:\/\/api.w.org\/{rel}","templated":true}]}}