{"id":66899,"date":"2025-09-02T16:10:58","date_gmt":"2025-09-02T19:10:58","guid":{"rendered":"https:\/\/ubirataonline.com.br\/quem-e-carmen-lucia-conheca-perfil-da-ministra-que-julga-bolsonaro-no-stf\/"},"modified":"2025-09-02T16:10:58","modified_gmt":"2025-09-02T19:10:58","slug":"quem-e-carmen-lucia-conheca-perfil-da-ministra-que-julga-bolsonaro-no-stf","status":"publish","type":"post","link":"https:\/\/ubirataonline.com.br\/en\/quem-e-carmen-lucia-conheca-perfil-da-ministra-que-julga-bolsonaro-no-stf\/","title":{"rendered":"Quem \u00e9 C\u00e1rmen L\u00facia? Conhe\u00e7a perfil da ministra que julga Bolsonaro no STF"},"content":{"rendered":"<p><\/p>\n<div itemprop=\"articleBody\">\n<div class=\"article-paragraph\">\n<figure class=\"mb-3 w-auto @[600px]:w-[600px] @lg:mb-2\"><meta itemprop=\"width\" content=\"700\"\/><meta itemprop=\"url\" content=\"https:\/\/www.rbsdirect.com.br\/filestore\/3\/0\/8\/2\/8\/8\/4_c58ad2ccff6e40a\/4882803_9ca3c3f8a984d40.jpg?format=webp&amp;w=700\"\/><picture><source media=\"(min-width:1200px)\" srcset=\"https:\/\/www.rbsdirect.com.br\/filestore\/3\/0\/8\/2\/8\/8\/4_c58ad2ccff6e40a\/4882803_9ca3c3f8a984d40.jpg?format=webp&amp;w=700 1x,https:\/\/www.rbsdirect.com.br\/filestore\/3\/0\/8\/2\/8\/8\/4_c58ad2ccff6e40a\/4882803_9ca3c3f8a984d40.jpg?format=webp&amp;w=1400 2x\"\/><source media=\"(min-width:1024px)\" srcset=\"https:\/\/www.rbsdirect.com.br\/filestore\/3\/0\/8\/2\/8\/8\/4_c58ad2ccff6e40a\/4882803_9ca3c3f8a984d40.jpg?format=webp&amp;w=460 1x,https:\/\/www.rbsdirect.com.br\/filestore\/3\/0\/8\/2\/8\/8\/4_c58ad2ccff6e40a\/4882803_9ca3c3f8a984d40.jpg?format=webp&amp;w=920 2x\"\/><source media=\"(min-width:992px)\" srcset=\"https:\/\/www.rbsdirect.com.br\/filestore\/3\/0\/8\/2\/8\/8\/4_c58ad2ccff6e40a\/4882803_9ca3c3f8a984d40.jpg?format=webp&amp;w=460 1x,https:\/\/www.rbsdirect.com.br\/filestore\/3\/0\/8\/2\/8\/8\/4_c58ad2ccff6e40a\/4882803_9ca3c3f8a984d40.jpg?format=webp&amp;w=920 2x\"\/><source media=\"(min-width:800px)\" srcset=\"https:\/\/www.rbsdirect.com.br\/filestore\/3\/0\/8\/2\/8\/8\/4_c58ad2ccff6e40a\/4882803_9ca3c3f8a984d40.jpg?format=webp&amp;w=594 1x,https:\/\/www.rbsdirect.com.br\/filestore\/3\/0\/8\/2\/8\/8\/4_c58ad2ccff6e40a\/4882803_9ca3c3f8a984d40.jpg?format=webp&amp;w=1188 2x\"\/><source media=\"(min-width:768px)\" srcset=\"https:\/\/www.rbsdirect.com.br\/filestore\/3\/0\/8\/2\/8\/8\/4_c58ad2ccff6e40a\/4882803_9ca3c3f8a984d40.jpg?format=webp&amp;w=565 1x,https:\/\/www.rbsdirect.com.br\/filestore\/3\/0\/8\/2\/8\/8\/4_c58ad2ccff6e40a\/4882803_9ca3c3f8a984d40.jpg?format=webp&amp;w=1130 2x\"\/><source media=\"(min-width:640px)\" srcset=\"https:\/\/www.rbsdirect.com.br\/filestore\/3\/0\/8\/2\/8\/8\/4_c58ad2ccff6e40a\/4882803_9ca3c3f8a984d40.jpg?format=webp&amp;w=600 1x,https:\/\/www.rbsdirect.com.br\/filestore\/3\/0\/8\/2\/8\/8\/4_c58ad2ccff6e40a\/4882803_9ca3c3f8a984d40.jpg?format=webp&amp;w=1200 2x\"\/><source media=\"(min-width:600px)\" srcset=\"https:\/\/www.rbsdirect.com.br\/filestore\/3\/0\/8\/2\/8\/8\/4_c58ad2ccff6e40a\/4882803_9ca3c3f8a984d40.jpg?format=webp&amp;w=600 1x,https:\/\/www.rbsdirect.com.br\/filestore\/3\/0\/8\/2\/8\/8\/4_c58ad2ccff6e40a\/4882803_9ca3c3f8a984d40.jpg?format=webp&amp;w=1200 2x\"\/><source media=\"(min-width:480px)\" srcset=\"https:\/\/www.rbsdirect.com.br\/filestore\/3\/0\/8\/2\/8\/8\/4_c58ad2ccff6e40a\/4882803_9ca3c3f8a984d40.jpg?format=webp&amp;w=450 1x,https:\/\/www.rbsdirect.com.br\/filestore\/3\/0\/8\/2\/8\/8\/4_c58ad2ccff6e40a\/4882803_9ca3c3f8a984d40.jpg?format=webp&amp;w=900 2x\"\/><source media=\"(min-width:414px)\" srcset=\"https:\/\/www.rbsdirect.com.br\/filestore\/3\/0\/8\/2\/8\/8\/4_c58ad2ccff6e40a\/4882803_9ca3c3f8a984d40.jpg?format=webp&amp;w=390 1x,https:\/\/www.rbsdirect.com.br\/filestore\/3\/0\/8\/2\/8\/8\/4_c58ad2ccff6e40a\/4882803_9ca3c3f8a984d40.jpg?format=webp&amp;w=780 2x\"\/><source media=\"(min-width:375px)\" srcset=\"https:\/\/www.rbsdirect.com.br\/filestore\/3\/0\/8\/2\/8\/8\/4_c58ad2ccff6e40a\/4882803_9ca3c3f8a984d40.jpg?format=webp&amp;w=352 1x,https:\/\/www.rbsdirect.com.br\/filestore\/3\/0\/8\/2\/8\/8\/4_c58ad2ccff6e40a\/4882803_9ca3c3f8a984d40.jpg?format=webp&amp;w=704 2x\"\/><source media=\"(min-width:360px)\" srcset=\"https:\/\/www.rbsdirect.com.br\/filestore\/3\/0\/8\/2\/8\/8\/4_c58ad2ccff6e40a\/4882803_9ca3c3f8a984d40.jpg?format=webp&amp;w=338 1x,https:\/\/www.rbsdirect.com.br\/filestore\/3\/0\/8\/2\/8\/8\/4_c58ad2ccff6e40a\/4882803_9ca3c3f8a984d40.jpg?format=webp&amp;w=676 2x\"\/><source media=\"(min-width:320px)\" srcset=\"https:\/\/www.rbsdirect.com.br\/filestore\/3\/0\/8\/2\/8\/8\/4_c58ad2ccff6e40a\/4882803_9ca3c3f8a984d40.jpg?format=webp&amp;w=300 1x,https:\/\/www.rbsdirect.com.br\/filestore\/3\/0\/8\/2\/8\/8\/4_c58ad2ccff6e40a\/4882803_9ca3c3f8a984d40.jpg?format=webp&amp;w=600 2x\"\/><img fetchpriority=\"high\" decoding=\"async\" class=\"w-fit lg:w-full\" loading=\"eager\" src=\"https:\/\/www.rbsdirect.com.br\/filestore\/3\/0\/8\/2\/8\/8\/4_c58ad2ccff6e40a\/4882803_9ca3c3f8a984d40.jpg?format=webp&amp;w=700\" title=\"Rosinei Coutinho \/ STF\" alt=\"Rosinei Coutinho \/ STF\" width=\"700\" height=\"477\"\/><\/picture><figcaption class=\"flex flex-col\"><span class=\"mt-[0.6rem] font-plex text-[0.875rem] font-medium leading-4 text-gzh-gray @lg:mt-2\" itemprop=\"caption\">C\u00e1rmen L\u00facia foi procuradora-geral na gest\u00e3o do ent\u00e3o governador Itamar Franco.<\/span><span class=\"mt-[0.6rem] font-plex text-[0.875rem] font-medium leading-4 text-gzh-gray @lg:mt-2\" itemprop=\"author\">Rosinei Coutinho \/ STF<\/span><\/figcaption><\/figure>\n<\/div>\n<div class=\"article-paragraph\" type=\"unstyled\">\n<p>Segunda mulher a integrar o Supremo Tribunal Federal (STF), C\u00e1rmen L\u00facia Antunes Rocha, 71 anos,<strong> chegou \u00e0 Corte em 2006<\/strong>. Antes dela, apenas Ellen Gracie havia tido assento no mais alto tribunal de Justi\u00e7a do pa\u00eds.<\/p>\n<\/div>\n<div class=\"article-paragraph\" type=\"unstyled\">\n<p>\u00c0 frente de um dos gabinetes mais c\u00e9leres do tribunal, C\u00e1rmen L\u00facia \u00e9 vista como uma ministra <a href=\"https:\/\/gauchazh.clicrbs.com.br\/politica\/noticia\/2016\/09\/discricao-e-mao-firme-conheca-carmen-lucia-que-assumira-na-segunda-a-presidencia-do-stf-7414587.html\"><strong>discreta e de produtividade elevada<\/strong><\/a>. Diferente de alguns colegas de plen\u00e1rio, ela n\u00e3o frequenta eventos sociais, evita dar entrevistas e tem pouca influ\u00eancia pol\u00edtica e jur\u00eddica.<\/p>\n<\/div>\n<p><h2>Perfil de C\u00e1rmen L\u00facia nas decis\u00f5es<\/h2>\n<\/p>\n<div class=\"article-paragraph\" type=\"unstyled\">\n<p>No julgamento do mensal\u00e3o, C\u00e1rmen absolveu 13 r\u00e9us. <strong>Todavia, tem fama de ju\u00edza severa<\/strong>. Votou pela pris\u00e3o ap\u00f3s condena\u00e7\u00e3o em segunda inst\u00e2ncia em 2016, reafirmando o pr\u00f3prio voto em 2019, quando o STF reviu a decis\u00e3o e voltou a estabelecer cumprimento de pena somente ap\u00f3s tr\u00e2nsito em julgado. O posicionamento no julgamento de a\u00e7\u00f5es criminais faz dela uma <strong>punitivista<\/strong>, ou seja, defensora de maior rigor penal.<\/p>\n<\/div>\n<div class=\"article-paragraph\" type=\"unstyled\">\n<p>Em plen\u00e1rio, al\u00e9m de elaborar votos t\u00e9cnicos, C\u00e1rmen L\u00facia tamb\u00e9m profere frases de efeito, como <a href=\"https:\/\/gauchazh.clicrbs.com.br\/politica\/noticia\/2016\/10\/o-cala-boca-ja-morreu-diz-carmen-lucia-sobre-liberdade-de-imprensa-7860298.html\"><strong>\u201co cala \u00a0boca j\u00e1 morreu\u201d<\/strong><\/a>, sobre a proibi\u00e7\u00e3o de biografias, e o \u201cesc\u00e1rnio venceu o cinismo\u201d, na decreta\u00e7\u00e3o de pris\u00e3o do ent\u00e3o senador Delc\u00eddio do Amaral.<\/p>\n<\/div>\n<p><h3>Como C\u00e1rmen L\u00facia deve voltar no julgamento da trama golpista<\/h3>\n<\/p>\n<div class=\"article-paragraph\" type=\"unstyled\">\n<p>No julgamento de Bolsonaro, deve votar pela <strong>condena\u00e7\u00e3o<\/strong>.<\/p>\n<\/div>\n<p><h2>Hist\u00f3rico de C\u00e1rmen L\u00facia<\/h2>\n<\/p>\n<div class=\"article-paragraph\" type=\"unstyled\">\n<p>Mineira de Montes Claros, C\u00e1rmen L\u00facia se formou na Pontif\u00edcia Universidade Cat\u00f3lica de Minas Gerais. Come\u00e7ou a carreira como professora na mesma institui\u00e7\u00e3o em 1983, ano em que ingressou na Procuradoria do Estado. <strong>Foi procuradora-geral na gest\u00e3o do ent\u00e3o governador Itamar Franco<\/strong>. A atua\u00e7\u00e3o lhe valeu a indica\u00e7\u00e3o ao STF pelo ent\u00e3o presidente Lula, na vaga de Nelson Jobim.<\/p>\n<\/div>\n<\/div>\n<p><a href=\"https:\/\/gauchazh.clicrbs.com.br\/politica\/noticia\/2025\/09\/quem-e-carmen-lucia-conheca-perfil-da-ministra-que-julga-bolsonaro-no-stf-cmf1riubi009n01fgol3rxqkq.html\">Source link <\/a><\/p>\n","protected":false},"excerpt":{"rendered":"<p>C\u00e1rmen L\u00facia foi procuradora-geral na gest\u00e3o do ent\u00e3o governador Itamar Franco.Rosinei Coutinho \/ STF Segunda mulher a integrar o Supremo Tribunal Federal (STF), C\u00e1rmen L\u00facia Antunes Rocha, 71 anos, chegou \u00e0 Corte em 2006. Antes dela, apenas Ellen Gracie havia tido assento no mais alto tribunal de Justi\u00e7a do pa\u00eds. \u00c0 frente de um dos [&hellip;]<\/p>\n","protected":false},"author":1,"featured_media":66900,"comment_status":"","ping_status":"","sticky":false,"template":"","format":"standard","meta":{"googlesitekit_rrm_CAow2JLhCw:productID":"","_gspb_post_css":"","maa_idioma":"","maa_pais":"","footnotes":""},"categories":[4],"tags":[],"class_list":["post-66899","post","type-post","status-publish","format-standard","has-post-thumbnail","hentry","category-brasil"],"blocksy_meta":[],"yoast_head":"<!-- This site is optimized with the Yoast SEO Premium plugin v27.6 (Yoast SEO v27.6) - https:\/\/yoast.com\/product\/yoast-seo-premium-wordpress\/ -->\n<title>Quem \u00e9 C\u00e1rmen L\u00facia? Conhe\u00e7a perfil da ministra que julga Bolsonaro no STF - Ubirat\u00e3 Online Not\u00edcias - A realidade ao seu alcance!<\/title>\n<meta name=\"description\" content=\"C\u00e1rmen L\u00facia foi procuradora-geral na gest\u00e3o do ent\u00e3o governador Itamar Franco.Rosinei Coutinho \/ STFSegunda mulher a integrar o Supremo Tribunal Federal\" \/>\n<meta name=\"robots\" content=\"index, follow, max-snippet:-1, max-image-preview:large, max-video-preview:-1\" \/>\n<link rel=\"canonical\" href=\"https:\/\/ubirataonline.com.br\/en\/quem-e-carmen-lucia-conheca-perfil-da-ministra-que-julga-bolsonaro-no-stf\/\" \/>\n<meta property=\"og:locale\" content=\"en_US\" \/>\n<meta property=\"og:type\" content=\"article\" \/>\n<meta property=\"og:title\" content=\"Quem \u00e9 C\u00e1rmen L\u00facia? Conhe\u00e7a perfil da ministra que julga Bolsonaro no STF\" \/>\n<meta property=\"og:description\" content=\"C\u00e1rmen L\u00facia foi procuradora-geral na gest\u00e3o do ent\u00e3o governador Itamar Franco.Rosinei Coutinho \/ STFSegunda mulher a integrar o Supremo Tribunal Federal\" \/>\n<meta property=\"og:url\" content=\"https:\/\/ubirataonline.com.br\/en\/quem-e-carmen-lucia-conheca-perfil-da-ministra-que-julga-bolsonaro-no-stf\/\" \/>\n<meta property=\"og:site_name\" content=\"Ubirat\u00e3 Online Not\u00edcias - A realidade ao seu alcance!\" \/>\n<meta property=\"article:publisher\" content=\"https:\/\/www.facebook.com\/portalubirataonline\" \/>\n<meta property=\"article:author\" content=\"https:\/\/www.facebook.com\/portalubirataonline\" \/>\n<meta property=\"article:published_time\" content=\"2025-09-02T19:10:58+00:00\" \/>\n<meta property=\"og:image\" content=\"https:\/\/www.rbsdirect.com.br\/filestore\/3\/0\/8\/2\/8\/8\/4_c58ad2ccff6e40a\/4882803_9ca3c3f8a984d40.jpg?format=webp&amp;w=700\" \/>\n<meta name=\"author\" content=\"REDA\u00c7\u00c3O: UBIRAT\u00c3 ONLINE - F\u00c1BIO AUGUSTO CELESTINO\" \/>\n<meta name=\"twitter:card\" content=\"summary_large_image\" \/>\n<meta name=\"twitter:creator\" content=\"@x.com\/ubirataonline\" \/>\n<meta name=\"twitter:site\" content=\"@ubirataonline\" \/>\n<meta name=\"twitter:label1\" content=\"Written by\" \/>\n\t<meta name=\"twitter:data1\" content=\"REDA\u00c7\u00c3O: UBIRAT\u00c3 ONLINE - F\u00c1BIO AUGUSTO CELESTINO\" \/>\n\t<meta name=\"twitter:label2\" content=\"Est. reading time\" \/>\n\t<meta name=\"twitter:data2\" content=\"2 minutes\" \/>\n<script type=\"application\/ld+json\" class=\"yoast-schema-graph\">{\"@context\":\"https:\\\/\\\/schema.org\",\"@graph\":[{\"@type\":\"NewsArticle\",\"@id\":\"https:\\\/\\\/ubirataonline.com.br\\\/quem-e-carmen-lucia-conheca-perfil-da-ministra-que-julga-bolsonaro-no-stf\\\/#article\",\"isPartOf\":{\"@id\":\"https:\\\/\\\/ubirataonline.com.br\\\/quem-e-carmen-lucia-conheca-perfil-da-ministra-que-julga-bolsonaro-no-stf\\\/\"},\"author\":{\"name\":\"REDA\u00c7\u00c3O: UBIRAT\u00c3 ONLINE - F\u00c1BIO AUGUSTO CELESTINO\",\"@id\":\"https:\\\/\\\/ubirataonline.com.br\\\/#\\\/schema\\\/person\\\/372f87bbd3fdd79b8556b84c98d0bc1c\"},\"headline\":\"Quem \u00e9 C\u00e1rmen L\u00facia? Conhe\u00e7a perfil da ministra que julga Bolsonaro no STF\",\"datePublished\":\"2025-09-02T19:10:58+00:00\",\"mainEntityOfPage\":{\"@id\":\"https:\\\/\\\/ubirataonline.com.br\\\/quem-e-carmen-lucia-conheca-perfil-da-ministra-que-julga-bolsonaro-no-stf\\\/\"},\"wordCount\":356,\"publisher\":{\"@id\":\"https:\\\/\\\/ubirataonline.com.br\\\/#organization\"},\"image\":{\"@id\":\"https:\\\/\\\/ubirataonline.com.br\\\/quem-e-carmen-lucia-conheca-perfil-da-ministra-que-julga-bolsonaro-no-stf\\\/#primaryimage\"},\"thumbnailUrl\":\"https:\\\/\\\/ubirataonline.com.br\\\/wp-content\\\/uploads\\\/2025\\\/09\\\/4882803_9ca3c3f8a984d40.jpg\",\"articleSection\":[\"Brasil\"],\"inLanguage\":\"en-US\",\"copyrightYear\":\"2025\",\"copyrightHolder\":{\"@id\":\"https:\\\/\\\/ubirataonline.com.br\\\/en\\\/#organization\"}},{\"@type\":\"WebPage\",\"@id\":\"https:\\\/\\\/ubirataonline.com.br\\\/quem-e-carmen-lucia-conheca-perfil-da-ministra-que-julga-bolsonaro-no-stf\\\/\",\"url\":\"https:\\\/\\\/ubirataonline.com.br\\\/quem-e-carmen-lucia-conheca-perfil-da-ministra-que-julga-bolsonaro-no-stf\\\/\",\"name\":\"Quem \u00e9 C\u00e1rmen L\u00facia? Conhe\u00e7a perfil da ministra que julga Bolsonaro no STF - Ubirat\u00e3 Online Not\u00edcias - A realidade ao seu alcance!\",\"isPartOf\":{\"@id\":\"https:\\\/\\\/ubirataonline.com.br\\\/#website\"},\"primaryImageOfPage\":{\"@id\":\"https:\\\/\\\/ubirataonline.com.br\\\/quem-e-carmen-lucia-conheca-perfil-da-ministra-que-julga-bolsonaro-no-stf\\\/#primaryimage\"},\"image\":{\"@id\":\"https:\\\/\\\/ubirataonline.com.br\\\/quem-e-carmen-lucia-conheca-perfil-da-ministra-que-julga-bolsonaro-no-stf\\\/#primaryimage\"},\"thumbnailUrl\":\"https:\\\/\\\/ubirataonline.com.br\\\/wp-content\\\/uploads\\\/2025\\\/09\\\/4882803_9ca3c3f8a984d40.jpg\",\"datePublished\":\"2025-09-02T19:10:58+00:00\",\"description\":\"C\u00e1rmen L\u00facia foi procuradora-geral na gest\u00e3o do ent\u00e3o governador Itamar Franco.Rosinei Coutinho \\\/ STFSegunda mulher a integrar o Supremo Tribunal Federal\",\"breadcrumb\":{\"@id\":\"https:\\\/\\\/ubirataonline.com.br\\\/quem-e-carmen-lucia-conheca-perfil-da-ministra-que-julga-bolsonaro-no-stf\\\/#breadcrumb\"},\"inLanguage\":\"en-US\",\"potentialAction\":[{\"@type\":\"ReadAction\",\"target\":[\"https:\\\/\\\/ubirataonline.com.br\\\/quem-e-carmen-lucia-conheca-perfil-da-ministra-que-julga-bolsonaro-no-stf\\\/\"]}]},{\"@type\":\"ImageObject\",\"inLanguage\":\"en-US\",\"@id\":\"https:\\\/\\\/ubirataonline.com.br\\\/quem-e-carmen-lucia-conheca-perfil-da-ministra-que-julga-bolsonaro-no-stf\\\/#primaryimage\",\"url\":\"https:\\\/\\\/ubirataonline.com.br\\\/wp-content\\\/uploads\\\/2025\\\/09\\\/4882803_9ca3c3f8a984d40.jpg\",\"contentUrl\":\"https:\\\/\\\/ubirataonline.com.br\\\/wp-content\\\/uploads\\\/2025\\\/09\\\/4882803_9ca3c3f8a984d40.jpg\",\"width\":1200,\"height\":630},{\"@type\":\"BreadcrumbList\",\"@id\":\"https:\\\/\\\/ubirataonline.com.br\\\/quem-e-carmen-lucia-conheca-perfil-da-ministra-que-julga-bolsonaro-no-stf\\\/#breadcrumb\",\"itemListElement\":[{\"@type\":\"ListItem\",\"position\":1,\"name\":\"In\u00edcio\",\"item\":\"https:\\\/\\\/ubirataonline.com.br\\\/\"},{\"@type\":\"ListItem\",\"position\":2,\"name\":\"Quem \u00e9 C\u00e1rmen L\u00facia? Conhe\u00e7a perfil da ministra que julga Bolsonaro no STF\"}]},{\"@type\":\"WebSite\",\"@id\":\"https:\\\/\\\/ubirataonline.com.br\\\/#website\",\"url\":\"https:\\\/\\\/ubirataonline.com.br\\\/\",\"name\":\"Ubirat\u00e3 Online Not\u00edcias\",\"description\":\"Not\u00edcias de Ubirat\u00e3, regi\u00e3o, Brasil e mundo, com informa\u00e7\u00e3o atualizada e compromisso com o leitor.\",\"publisher\":{\"@id\":\"https:\\\/\\\/ubirataonline.com.br\\\/#organization\"},\"alternateName\":\"Ubirat\u00e3 Online\",\"potentialAction\":[{\"@type\":\"SearchAction\",\"target\":{\"@type\":\"EntryPoint\",\"urlTemplate\":\"https:\\\/\\\/ubirataonline.com.br\\\/?s={search_term_string}\"},\"query-input\":{\"@type\":\"PropertyValueSpecification\",\"valueRequired\":true,\"valueName\":\"search_term_string\"}}],\"inLanguage\":\"en-US\"},{\"@type\":[\"Organization\",\"Place\"],\"@id\":\"https:\\\/\\\/ubirataonline.com.br\\\/#organization\",\"name\":\"Ubirat\u00e3 Online Not\u00edcias\",\"alternateName\":\"Ubirat\u00e3 Online\",\"url\":\"https:\\\/\\\/ubirataonline.com.br\\\/\",\"logo\":{\"@id\":\"https:\\\/\\\/ubirataonline.com.br\\\/quem-e-carmen-lucia-conheca-perfil-da-ministra-que-julga-bolsonaro-no-stf\\\/#local-main-organization-logo\"},\"image\":{\"@id\":\"https:\\\/\\\/ubirataonline.com.br\\\/quem-e-carmen-lucia-conheca-perfil-da-ministra-que-julga-bolsonaro-no-stf\\\/#local-main-organization-logo\"},\"sameAs\":[\"https:\\\/\\\/www.facebook.com\\\/portalubirataonline\",\"https:\\\/\\\/x.com\\\/ubirataonline\",\"https:\\\/\\\/mastodon.social\\\/@ubirataonline\",\"https:\\\/\\\/www.facebook.com\\\/groups\\\/311144672285604\",\"https:\\\/\\\/www.facebook.com\\\/UBTAOnline\",\"https:\\\/\\\/www.instagram.com\\\/portalubirataonline\\\/\",\"https:\\\/\\\/twitter.com\\\/ubirataonline\"],\"description\":\"Somos um portal de not\u00edcias independente, criado em 5 de janeiro de 2009, com o objetivo de informar, conectar e valorizar a nossa comunidade de Ubirat\u00e3 e toda aregi\u00e3o. Com conte\u00fado atualizado, confi\u00e1vel e relevante, o Ubirat\u00e3 Online \u00e9 o seu espa\u00e7o para ficar por dentro dos principais acontecimentos locais, regionais, Brasil, Mundo e de interesse geral. Nosso compromisso \u00e9 com a verdade, a transpar\u00eancia e o respeito ao leitor.\",\"legalName\":\"UBIRATA ONLINE NOT\u00cdCIAS\",\"foundingDate\":\"2009-01-05\",\"numberOfEmployees\":{\"@type\":\"QuantitativeValue\",\"minValue\":\"1\",\"maxValue\":\"10\"},\"publishingPrinciples\":\"https:\\\/\\\/ubirataonline.com.br\\\/faq\\\/\",\"address\":{\"@id\":\"https:\\\/\\\/ubirataonline.com.br\\\/quem-e-carmen-lucia-conheca-perfil-da-ministra-que-julga-bolsonaro-no-stf\\\/#local-main-place-address\"},\"geo\":{\"@type\":\"GeoCoordinates\",\"latitude\":\"-24.5361401\",\"longitude\":\"-52.9921776\"},\"telephone\":[\"+5544998308235\"],\"contactPoint\":{\"@type\":\"ContactPoint\",\"email\":\"contato@ubirataonline.com.br\"},\"openingHoursSpecification\":{\"@type\":\"OpeningHoursSpecification\",\"dayOfWeek\":[\"Monday\",\"Tuesday\",\"Wednesday\",\"Thursday\",\"Friday\",\"Saturday\",\"Sunday\"],\"opens\":\"00:00\",\"closes\":\"23:59\"},\"email\":\"contato@ubirataonline.com.br\",\"vatID\":\"47.621.418\\\/0001-80\"},{\"@type\":\"Person\",\"@id\":\"https:\\\/\\\/ubirataonline.com.br\\\/#\\\/schema\\\/person\\\/372f87bbd3fdd79b8556b84c98d0bc1c\",\"name\":\"REDA\u00c7\u00c3O: UBIRAT\u00c3 ONLINE - F\u00c1BIO AUGUSTO CELESTINO\",\"pronouns\":\"Ele\",\"description\":\"Desde 2003 trabalhando com not\u00edcias.\",\"sameAs\":[\"http:\\\/\\\/ubirataoline.com.br\",\"https:\\\/\\\/www.facebook.com\\\/portalubirataonline\",\"https:\\\/\\\/www.instagram.com\\\/ubirataonline_oficial\",\"https:\\\/\\\/x.com\\\/x.com\\\/ubirataonline\"],\"honorificPrefix\":\"Mr.\",\"honorificSuffix\":\"MD\",\"birthDate\":\"1980-06-16\",\"gender\":\"masculino\",\"award\":[\"V\u00e1rios pr\u00eamios de melhor portal da cidade\"],\"jobTitle\":\"Diretor\",\"url\":\"https:\\\/\\\/ubirataonline.com.br\\\/en\\\/author\\\/ubirataonline\\\/\"},{\"@type\":\"PostalAddress\",\"@id\":\"https:\\\/\\\/ubirataonline.com.br\\\/quem-e-carmen-lucia-conheca-perfil-da-ministra-que-julga-bolsonaro-no-stf\\\/#local-main-place-address\",\"streetAddress\":\"Rua dos Coqueiros, 104 - Bairro Boa Vista, Rua dos Coqueiros, 104 Bairro Boa Vista\",\"addressLocality\":\"UBIRATA\",\"postalCode\":\"85440-000\",\"addressRegion\":\"PR\",\"addressCountry\":\"BR\"},{\"@type\":\"ImageObject\",\"inLanguage\":\"en-US\",\"@id\":\"https:\\\/\\\/ubirataonline.com.br\\\/quem-e-carmen-lucia-conheca-perfil-da-ministra-que-julga-bolsonaro-no-stf\\\/#local-main-organization-logo\",\"url\":\"https:\\\/\\\/ubirataonline.com.br\\\/wp-content\\\/uploads\\\/2026\\\/06\\\/logoubirataonline-1.webp\",\"contentUrl\":\"https:\\\/\\\/ubirataonline.com.br\\\/wp-content\\\/uploads\\\/2026\\\/06\\\/logoubirataonline-1.webp\",\"width\":500,\"height\":500,\"caption\":\"Ubirat\u00e3 Online Not\u00edcias\"}]}<\/script>\n<meta name=\"geo.placename\" content=\"UBIRATA\" \/>\n<meta name=\"geo.position\" content=\"-24.5361401;-52.9921776\" \/>\n<meta name=\"geo.region\" content=\"Brazil\" \/>\n<!-- \/ Yoast SEO Premium plugin. -->","yoast_head_json":{"title":"Quem \u00e9 C\u00e1rmen L\u00facia? Conhe\u00e7a perfil da ministra que julga Bolsonaro no STF - Ubirat\u00e3 Online Not\u00edcias - A realidade ao seu alcance!","description":"C\u00e1rmen L\u00facia foi procuradora-geral na gest\u00e3o do ent\u00e3o governador Itamar Franco.Rosinei Coutinho \/ STFSegunda mulher a integrar o Supremo Tribunal Federal","robots":{"index":"index","follow":"follow","max-snippet":"max-snippet:-1","max-image-preview":"max-image-preview:large","max-video-preview":"max-video-preview:-1"},"canonical":"https:\/\/ubirataonline.com.br\/en\/quem-e-carmen-lucia-conheca-perfil-da-ministra-que-julga-bolsonaro-no-stf\/","og_locale":"en_US","og_type":"article","og_title":"Quem \u00e9 C\u00e1rmen L\u00facia? Conhe\u00e7a perfil da ministra que julga Bolsonaro no STF","og_description":"C\u00e1rmen L\u00facia foi procuradora-geral na gest\u00e3o do ent\u00e3o governador Itamar Franco.Rosinei Coutinho \/ STFSegunda mulher a integrar o Supremo Tribunal Federal","og_url":"https:\/\/ubirataonline.com.br\/en\/quem-e-carmen-lucia-conheca-perfil-da-ministra-que-julga-bolsonaro-no-stf\/","og_site_name":"Ubirat\u00e3 Online Not\u00edcias - A realidade ao seu alcance!","article_publisher":"https:\/\/www.facebook.com\/portalubirataonline","article_author":"https:\/\/www.facebook.com\/portalubirataonline","article_published_time":"2025-09-02T19:10:58+00:00","og_image":[{"url":"https:\/\/www.rbsdirect.com.br\/filestore\/3\/0\/8\/2\/8\/8\/4_c58ad2ccff6e40a\/4882803_9ca3c3f8a984d40.jpg?format=webp&amp;w=700","type":"","width":"","height":""}],"author":"REDA\u00c7\u00c3O: UBIRAT\u00c3 ONLINE - F\u00c1BIO AUGUSTO CELESTINO","twitter_card":"summary_large_image","twitter_creator":"@x.com\/ubirataonline","twitter_site":"@ubirataonline","twitter_misc":{"Written by":"REDA\u00c7\u00c3O: UBIRAT\u00c3 ONLINE - F\u00c1BIO AUGUSTO CELESTINO","Est. reading time":"2 minutes"},"schema":{"@context":"https:\/\/schema.org","@graph":[{"@type":"NewsArticle","@id":"https:\/\/ubirataonline.com.br\/quem-e-carmen-lucia-conheca-perfil-da-ministra-que-julga-bolsonaro-no-stf\/#article","isPartOf":{"@id":"https:\/\/ubirataonline.com.br\/quem-e-carmen-lucia-conheca-perfil-da-ministra-que-julga-bolsonaro-no-stf\/"},"author":{"name":"REDA\u00c7\u00c3O: UBIRAT\u00c3 ONLINE - F\u00c1BIO AUGUSTO CELESTINO","@id":"https:\/\/ubirataonline.com.br\/#\/schema\/person\/372f87bbd3fdd79b8556b84c98d0bc1c"},"headline":"Quem \u00e9 C\u00e1rmen L\u00facia? Conhe\u00e7a perfil da ministra que julga Bolsonaro no STF","datePublished":"2025-09-02T19:10:58+00:00","mainEntityOfPage":{"@id":"https:\/\/ubirataonline.com.br\/quem-e-carmen-lucia-conheca-perfil-da-ministra-que-julga-bolsonaro-no-stf\/"},"wordCount":356,"publisher":{"@id":"https:\/\/ubirataonline.com.br\/#organization"},"image":{"@id":"https:\/\/ubirataonline.com.br\/quem-e-carmen-lucia-conheca-perfil-da-ministra-que-julga-bolsonaro-no-stf\/#primaryimage"},"thumbnailUrl":"https:\/\/ubirataonline.com.br\/wp-content\/uploads\/2025\/09\/4882803_9ca3c3f8a984d40.jpg","articleSection":["Brasil"],"inLanguage":"en-US","copyrightYear":"2025","copyrightHolder":{"@id":"https:\/\/ubirataonline.com.br\/en\/#organization"}},{"@type":"WebPage","@id":"https:\/\/ubirataonline.com.br\/quem-e-carmen-lucia-conheca-perfil-da-ministra-que-julga-bolsonaro-no-stf\/","url":"https:\/\/ubirataonline.com.br\/quem-e-carmen-lucia-conheca-perfil-da-ministra-que-julga-bolsonaro-no-stf\/","name":"Quem \u00e9 C\u00e1rmen L\u00facia? Conhe\u00e7a perfil da ministra que julga Bolsonaro no STF - Ubirat\u00e3 Online Not\u00edcias - A realidade ao seu alcance!","isPartOf":{"@id":"https:\/\/ubirataonline.com.br\/#website"},"primaryImageOfPage":{"@id":"https:\/\/ubirataonline.com.br\/quem-e-carmen-lucia-conheca-perfil-da-ministra-que-julga-bolsonaro-no-stf\/#primaryimage"},"image":{"@id":"https:\/\/ubirataonline.com.br\/quem-e-carmen-lucia-conheca-perfil-da-ministra-que-julga-bolsonaro-no-stf\/#primaryimage"},"thumbnailUrl":"https:\/\/ubirataonline.com.br\/wp-content\/uploads\/2025\/09\/4882803_9ca3c3f8a984d40.jpg","datePublished":"2025-09-02T19:10:58+00:00","description":"C\u00e1rmen L\u00facia foi procuradora-geral na gest\u00e3o do ent\u00e3o governador Itamar Franco.Rosinei Coutinho \/ STFSegunda mulher a integrar o Supremo Tribunal Federal","breadcrumb":{"@id":"https:\/\/ubirataonline.com.br\/quem-e-carmen-lucia-conheca-perfil-da-ministra-que-julga-bolsonaro-no-stf\/#breadcrumb"},"inLanguage":"en-US","potentialAction":[{"@type":"ReadAction","target":["https:\/\/ubirataonline.com.br\/quem-e-carmen-lucia-conheca-perfil-da-ministra-que-julga-bolsonaro-no-stf\/"]}]},{"@type":"ImageObject","inLanguage":"en-US","@id":"https:\/\/ubirataonline.com.br\/quem-e-carmen-lucia-conheca-perfil-da-ministra-que-julga-bolsonaro-no-stf\/#primaryimage","url":"https:\/\/ubirataonline.com.br\/wp-content\/uploads\/2025\/09\/4882803_9ca3c3f8a984d40.jpg","contentUrl":"https:\/\/ubirataonline.com.br\/wp-content\/uploads\/2025\/09\/4882803_9ca3c3f8a984d40.jpg","width":1200,"height":630},{"@type":"BreadcrumbList","@id":"https:\/\/ubirataonline.com.br\/quem-e-carmen-lucia-conheca-perfil-da-ministra-que-julga-bolsonaro-no-stf\/#breadcrumb","itemListElement":[{"@type":"ListItem","position":1,"name":"In\u00edcio","item":"https:\/\/ubirataonline.com.br\/"},{"@type":"ListItem","position":2,"name":"Quem \u00e9 C\u00e1rmen L\u00facia? Conhe\u00e7a perfil da ministra que julga Bolsonaro no STF"}]},{"@type":"WebSite","@id":"https:\/\/ubirataonline.com.br\/#website","url":"https:\/\/ubirataonline.com.br\/","name":"Ubirat\u00e3 Online Not\u00edcias","description":"Not\u00edcias de Ubirat\u00e3, regi\u00e3o, Brasil e mundo, com informa\u00e7\u00e3o atualizada e compromisso com o leitor.","publisher":{"@id":"https:\/\/ubirataonline.com.br\/#organization"},"alternateName":"Ubirat\u00e3 Online","potentialAction":[{"@type":"SearchAction","target":{"@type":"EntryPoint","urlTemplate":"https:\/\/ubirataonline.com.br\/?s={search_term_string}"},"query-input":{"@type":"PropertyValueSpecification","valueRequired":true,"valueName":"search_term_string"}}],"inLanguage":"en-US"},{"@type":["Organization","Place"],"@id":"https:\/\/ubirataonline.com.br\/#organization","name":"Ubirat\u00e3 Online Not\u00edcias","alternateName":"Ubirat\u00e3 Online","url":"https:\/\/ubirataonline.com.br\/","logo":{"@id":"https:\/\/ubirataonline.com.br\/quem-e-carmen-lucia-conheca-perfil-da-ministra-que-julga-bolsonaro-no-stf\/#local-main-organization-logo"},"image":{"@id":"https:\/\/ubirataonline.com.br\/quem-e-carmen-lucia-conheca-perfil-da-ministra-que-julga-bolsonaro-no-stf\/#local-main-organization-logo"},"sameAs":["https:\/\/www.facebook.com\/portalubirataonline","https:\/\/x.com\/ubirataonline","https:\/\/mastodon.social\/@ubirataonline","https:\/\/www.facebook.com\/groups\/311144672285604","https:\/\/www.facebook.com\/UBTAOnline","https:\/\/www.instagram.com\/portalubirataonline\/","https:\/\/twitter.com\/ubirataonline"],"description":"Somos um portal de not\u00edcias independente, criado em 5 de janeiro de 2009, com o objetivo de informar, conectar e valorizar a nossa comunidade de Ubirat\u00e3 e toda aregi\u00e3o. Com conte\u00fado atualizado, confi\u00e1vel e relevante, o Ubirat\u00e3 Online \u00e9 o seu espa\u00e7o para ficar por dentro dos principais acontecimentos locais, regionais, Brasil, Mundo e de interesse geral. Nosso compromisso \u00e9 com a verdade, a transpar\u00eancia e o respeito ao leitor.","legalName":"UBIRATA ONLINE NOT\u00cdCIAS","foundingDate":"2009-01-05","numberOfEmployees":{"@type":"QuantitativeValue","minValue":"1","maxValue":"10"},"publishingPrinciples":"https:\/\/ubirataonline.com.br\/faq\/","address":{"@id":"https:\/\/ubirataonline.com.br\/quem-e-carmen-lucia-conheca-perfil-da-ministra-que-julga-bolsonaro-no-stf\/#local-main-place-address"},"geo":{"@type":"GeoCoordinates","latitude":"-24.5361401","longitude":"-52.9921776"},"telephone":["+5544998308235"],"contactPoint":{"@type":"ContactPoint","email":"contato@ubirataonline.com.br"},"openingHoursSpecification":{"@type":"OpeningHoursSpecification","dayOfWeek":["Monday","Tuesday","Wednesday","Thursday","Friday","Saturday","Sunday"],"opens":"00:00","closes":"23:59"},"email":"contato@ubirataonline.com.br","vatID":"47.621.418\/0001-80"},{"@type":"Person","@id":"https:\/\/ubirataonline.com.br\/#\/schema\/person\/372f87bbd3fdd79b8556b84c98d0bc1c","name":"REDA\u00c7\u00c3O: UBIRAT\u00c3 ONLINE - F\u00c1BIO AUGUSTO CELESTINO","pronouns":"Ele","description":"Desde 2003 trabalhando com not\u00edcias.","sameAs":["http:\/\/ubirataoline.com.br","https:\/\/www.facebook.com\/portalubirataonline","https:\/\/www.instagram.com\/ubirataonline_oficial","https:\/\/x.com\/x.com\/ubirataonline"],"honorificPrefix":"Mr.","honorificSuffix":"MD","birthDate":"1980-06-16","gender":"masculino","award":["V\u00e1rios pr\u00eamios de melhor portal da cidade"],"jobTitle":"Diretor","url":"https:\/\/ubirataonline.com.br\/en\/author\/ubirataonline\/"},{"@type":"PostalAddress","@id":"https:\/\/ubirataonline.com.br\/quem-e-carmen-lucia-conheca-perfil-da-ministra-que-julga-bolsonaro-no-stf\/#local-main-place-address","streetAddress":"Rua dos Coqueiros, 104 - Bairro Boa Vista, Rua dos Coqueiros, 104 Bairro Boa Vista","addressLocality":"UBIRATA","postalCode":"85440-000","addressRegion":"PR","addressCountry":"BR"},{"@type":"ImageObject","inLanguage":"en-US","@id":"https:\/\/ubirataonline.com.br\/quem-e-carmen-lucia-conheca-perfil-da-ministra-que-julga-bolsonaro-no-stf\/#local-main-organization-logo","url":"https:\/\/ubirataonline.com.br\/wp-content\/uploads\/2026\/06\/logoubirataonline-1.webp","contentUrl":"https:\/\/ubirataonline.com.br\/wp-content\/uploads\/2026\/06\/logoubirataonline-1.webp","width":500,"height":500,"caption":"Ubirat\u00e3 Online Not\u00edcias"}]},"geo.placename":"UBIRATA","geo.position":{"lat":"-24.5361401","long":"-52.9921776"},"geo.region":"Brazil"},"_links":{"self":[{"href":"https:\/\/ubirataonline.com.br\/en\/wp-json\/wp\/v2\/posts\/66899","targetHints":{"allow":["GET"]}}],"collection":[{"href":"https:\/\/ubirataonline.com.br\/en\/wp-json\/wp\/v2\/posts"}],"about":[{"href":"https:\/\/ubirataonline.com.br\/en\/wp-json\/wp\/v2\/types\/post"}],"author":[{"embeddable":true,"href":"https:\/\/ubirataonline.com.br\/en\/wp-json\/wp\/v2\/users\/1"}],"replies":[{"embeddable":true,"href":"https:\/\/ubirataonline.com.br\/en\/wp-json\/wp\/v2\/comments?post=66899"}],"version-history":[{"count":0,"href":"https:\/\/ubirataonline.com.br\/en\/wp-json\/wp\/v2\/posts\/66899\/revisions"}],"wp:featuredmedia":[{"embeddable":true,"href":"https:\/\/ubirataonline.com.br\/en\/wp-json\/wp\/v2\/media\/66900"}],"wp:attachment":[{"href":"https:\/\/ubirataonline.com.br\/en\/wp-json\/wp\/v2\/media?parent=66899"}],"wp:term":[{"taxonomy":"category","embeddable":true,"href":"https:\/\/ubirataonline.com.br\/en\/wp-json\/wp\/v2\/categories?post=66899"},{"taxonomy":"post_tag","embeddable":true,"href":"https:\/\/ubirataonline.com.br\/en\/wp-json\/wp\/v2\/tags?post=66899"}],"curies":[{"name":"wp","href":"https:\/\/api.w.org\/{rel}","templated":true}]}}