{"id":66906,"date":"2025-09-02T18:12:18","date_gmt":"2025-09-02T21:12:18","guid":{"rendered":"https:\/\/ubirataonline.com.br\/independiente-sinaliza-acordo-e-santos-avanca-por-felipe-loyola\/"},"modified":"2025-09-02T18:12:18","modified_gmt":"2025-09-02T21:12:18","slug":"independiente-sinaliza-acordo-e-santos-avanca-por-felipe-loyola","status":"publish","type":"post","link":"https:\/\/ubirataonline.com.br\/en\/independiente-sinaliza-acordo-e-santos-avanca-por-felipe-loyola\/","title":{"rendered":"Independiente sinaliza acordo, e Santos avan\u00e7a por Felipe Loyola"},"content":{"rendered":"<p><\/p>\n<div id=\"content-main\">\n<section class=\"social-sharing-top\">&#13;<br \/>\n\t\t\t\t\t\t\t\t\t\t\t\t<a href=\"#\" onclick=\"window.open('http:\/\/www.facebook.com\/sharer.php?u=https:\/\/meupeixao.com.br\/2025\/09\/independiente-sinaliza-acordo-e-santos-avanca-por-felipe-loyola\/&amp;t=Independiente sinaliza acordo, e Santos avan\u00e7a por Felipe Loyola', 'facebookShare', 'width=626,height=436'); return false;\" title=\"Compartilhar no Facebook\"><\/p>\n<p><span class=\"fb-but1\"><i class=\"fa fa-facebook fa-2\"\/><\/span><span class=\"social-text\">Compartilhar<\/span><\/p>\n<p><\/a>&#13;<br \/>\n\t\t\t\t\t\t\t\t\t\t\t\t<a href=\"#\" onclick=\"window.open('http:\/\/twitter.com\/share?text=Independiente sinaliza acordo, e Santos avan\u00e7a por Felipe Loyola -&amp;url=https:\/\/meupeixao.com.br\/2025\/09\/independiente-sinaliza-acordo-e-santos-avanca-por-felipe-loyola\/', 'twitterShare', 'width=626,height=436'); return false;\" title=\"Tweetar Essa Postagem\"><\/p>\n<p><span class=\"twitter-but1\"><i class=\"fa fa-twitter fa-2\"\/><\/span><span class=\"social-text\">Tweet<\/span><\/p>\n<p><\/a>&#13;<br \/>\n\t\t\t\t\t\t\t\t\t\t\t\t<a href=\"whatsapp:\/\/send?text=Independiente sinaliza acordo, e Santos avan\u00e7a por Felipe Loyola https:\/\/meupeixao.com.br\/2025\/09\/independiente-sinaliza-acordo-e-santos-avanca-por-felipe-loyola\/\"><\/p>\n<p><span class=\"whatsapp-but1\"><i class=\"fa fa-whatsapp fa-2\"\/><\/span><span class=\"social-text\">Compartilhar<\/span><\/p>\n<p><\/a>&#13;<br \/>\n\t\t\t\t\t\t\t\t\t\t\t\t<a href=\"#\" onclick=\"window.open('http:\/\/pinterest.com\/pin\/create\/button\/?url=https:\/\/meupeixao.com.br\/2025\/09\/independiente-sinaliza-acordo-e-santos-avanca-por-felipe-loyola\/&amp;media=https:\/\/i0.wp.com\/meupeixao.com.br\/wp-content\/uploads\/2025\/09\/felipe-loyola-do-independiente-1756480492693_v2_450x450.jpg.webp?resize=450%2C450&amp;ssl=1&amp;description=Independiente sinaliza acordo, e Santos avan\u00e7a por Felipe Loyola', 'pinterestShare', 'width=750,height=350'); return false;\" title=\"Pin Esse Post\"><\/p>\n<p><span class=\"pinterest-but1\"><i class=\"fa fa-pinterest-p fa-2\"\/><\/span><span class=\"social-text\">Compartilhar<\/span><\/p>\n<p><\/a>&#13;<br \/>\n\t\t\t\t\t\t\t\t\t\t\t\t<a href=\"http:\/\/meupeixao.com.br\/cdn-cgi\/l\/email-protection#447b3731262e212730790d2a202134212a202d212a302164372d2a25282d3e256425272b36202b6864216417252a302b37642532252a87e32564342b36640221282d342164082b3d2b2825622529347f060b001d790d64222b312a2064302c2d37642536302d272821642d2a3021362137302d2a2364252a2064302c2b31232c30642b2264372c25362d2a23642d3064332d302c643d2b316a64072c21272f642d30642b31307e642c303034377e6b6b29213134212d3c252b6a272b296a26366b767476716b747d6b2d2a202134212a202d212a302169372d2a25282d3e256925272b36202b69216937252a302b37692532252a272569342b36692221282d342169282b3d2b28256b\"><\/p>\n<p><span class=\"email-but\"><i class=\"fa fa-envelope fa-2\"\/><\/span><span class=\"social-text\">E-mail<\/span><\/p>\n<p><\/a>&#13;<br \/>\n\t\t\t\t\t\t\t\t\t\t\t\t\t\t\t\t\t\t\t\t\t\t\t\t\t\t\t\t\t\t\t\t\t\t\t\t\t\t\t\t\t\t\t\t\t\t\t\t\t\t\t\t\t<a href=\"https:\/\/meupeixao.com.br\/2025\/09\/independiente-sinaliza-acordo-e-santos-avanca-por-felipe-loyola\/#respond\"\/>&#13;<br \/>\n\t\t\t\t\t\t\t\t\t\t\t\t\t\t\t\t\t\t\t\t\t\t\t\t\t\t\t\t\t\t\t\t\t\t\t\t<\/section>\n<p><!--social-sharing-top--><\/p>\n<p data-start=\"216\" data-end=\"549\">O Santos intensificou as negocia\u00e7\u00f5es para contratar o meia Felipe Loyola, destaque do Independiente e capit\u00e3o da sele\u00e7\u00e3o chilena. O clube da Vila Belmiro havia apresentado uma proposta de 6 milh\u00f5es de d\u00f3lares (cerca de R$ 33 milh\u00f5es), de forma parcelada, que agradou os argentinos, mas travou na exig\u00eancia de garantias financeiras.<\/p>\n<p data-start=\"551\" data-end=\"856\">Segundo apura\u00e7\u00e3o do <strong><em data-start=\"571\" data-end=\"590\">Portal Meu Peix\u00e3o<\/em><\/strong>, o impasse come\u00e7ou a ser solucionado ap\u00f3s a entrada de Neymar pai na opera\u00e7\u00e3o. A presen\u00e7a do empres\u00e1rio animou os dirigentes santistas, que agora correm contra o tempo para acertar os \u00faltimos detalhes antes do fechamento da janela de transfer\u00eancias.<\/p>\n<p data-start=\"858\" data-end=\"1160\">Ainda de acordo com apura\u00e7\u00e3o, um fator considerado decisivo \u00e9 a vontade do pr\u00f3prio jogador. Loyola se mostrou entusiasmado com a proposta e enxerga no Santos o melhor caminho para a sequ\u00eancia de sua carreira. O clube tamb\u00e9m incluiu na negocia\u00e7\u00e3o a compra em definitivo de Rodrigo Fern\u00e1ndez, atualmente emprestado ao Independiente.<\/p>\n<p data-start=\"1162\" data-end=\"1503\">O desafio do Peixe, no entanto, \u00e9 concluir o acordo a tempo de inscrever o chileno, visto que a janela de transfer\u00eancias se encerram hoje. Loyola est\u00e1 em recupera\u00e7\u00e3o de uma pancada sofrida na partida contra o Instituto de C\u00f3rdoba, no \u00faltimo dia 29. O per\u00edodo de afastamento \u00e9 de cerca de duas semanas, o que n\u00e3o afeta o interesse do Santos, j\u00e1 que a pausa para a Data Fifa facilita a adapta\u00e7\u00e3o.<\/p>\n<p data-start=\"1505\" data-end=\"1760\">Com contrato v\u00e1lido at\u00e9 2028, o volante de 24 anos disputou todos os jogos do Independiente na temporada, marcando dois gols e recebendo tr\u00eas cart\u00f5es amarelos. O Santos enxerga no jogador um nome de peso para fechar o \u201cpacot\u00e3o\u201d de refor\u00e7os desta janela.<\/p>\n<p><h3 class=\"jp-relatedposts-headline\"><em>Relacionado<\/em><\/h3>\n<\/p>\n<div class=\"mvp-org-wrap\" itemprop=\"publisher\" itemscope=\"\" itemtype=\"https:\/\/schema.org\/Organization\">\n<div class=\"mvp-org-logo\" itemprop=\"logo\" itemscope=\"\" itemtype=\"https:\/\/schema.org\/ImageObject\">\n\t\t\t\t\t\t\t\t\t\t\t\t\t\t\t\t\t\t\t\t\t\t\t\t\t<img decoding=\"async\" src=\"https:\/\/meupeixao.com.br\/wp-content\/uploads\/2023\/12\/logo-mp-2024-barrademenu-02.png\"\/><br \/>\n\t\t\t\t\t\t\t\t\t\t\t\t\t<meta itemprop=\"url\" content=\"https:\/\/meupeixao.com.br\/wp-content\/uploads\/2023\/12\/logo-mp-2024-barrademenu-02.png\"\/>\n\t\t\t\t\t\t\t\t\t\t\t\t\t\t\t\t\t\t\t\t\t\t\t<\/div>\n<p><!--mvp-org-logo--><br \/>\n\t\t\t\t\t\t\t\t\t\t\t<meta itemprop=\"name\" content=\"Meu Peix\u00e3o\"\/>\n\t\t\t\t\t\t\t\t\t\t<\/div>\n<p><!--mvp-org-wrap--><br \/>\n\t\t\t\t\t\t\t\t\t\t<!--posts-nav-link--><br \/>\n\t\t\t\t\t\t\t\t\t\t\t\t\t\t\t\t\t\t\t\t\t<!--post-tags--><br \/>\n\t\t\t\t\t\t\t\t\t\t\t\t\t\t\t\t\t\t\t\t\t\t\t\t\t\t\t\t\t\t\t<!--social-sharing-bot--><br \/>\n\t\t\t\t\t\t\t\t\t\t\t\t\t\t\t\t\t\t\t\t\t\t\t\t\t\t\t\t\t\t\t            \t\t\t\t\t\t\t\t\t\t\t\t\t\t\t\t\t\t\t\t\t\t\t\t\t\t\t\t\t\t\t\t\t\t\t\t\t\t\t\t\t\t\t\t\t\t\t\t\t\t\t\t\t\t\t\t\t\t\t\t\t\t\t\t\t<!--comments-button--><br \/>\n\t\t\t\t\t\t\t\t\t\t\t\t<!--comments-->\t\t\t\t\t\t\t\t\t\t\t\t\t\t\t\t\t\t\t\t\t\t\t\t\t\t\t\t\t\t<\/div>\n<p><script async src=\"\/\/platform.twitter.com\/widgets.js\" charset=\"utf-8\"><\/script><br \/>\n<br \/><a href=\"https:\/\/meupeixao.com.br\/2025\/09\/independiente-sinaliza-acordo-e-santos-avanca-por-felipe-loyola\/\">Source link <\/a><\/p>","protected":false},"excerpt":{"rendered":"<p>&#13; Compartilhar &#13; Tweet &#13; Compartilhar &#13; Compartilhar &#13; E-mail &#13; &#13; O Santos intensificou as negocia\u00e7\u00f5es para contratar o meia Felipe Loyola, destaque do Independiente e capit\u00e3o da sele\u00e7\u00e3o chilena. O clube da Vila Belmiro havia apresentado uma proposta de 6 milh\u00f5es de d\u00f3lares (cerca de R$ 33 milh\u00f5es), de forma parcelada, que agradou [&hellip;]<\/p>\n","protected":false},"author":1,"featured_media":66907,"comment_status":"","ping_status":"","sticky":false,"template":"","format":"standard","meta":{"googlesitekit_rrm_CAow2JLhCw:productID":"","_gspb_post_css":"","maa_idioma":"","maa_pais":"","footnotes":""},"categories":[4],"tags":[],"class_list":["post-66906","post","type-post","status-publish","format-standard","has-post-thumbnail","hentry","category-brasil"],"blocksy_meta":[],"yoast_head":"<!-- This site is optimized with the Yoast SEO Premium plugin v27.6 (Yoast SEO v27.6) - https:\/\/yoast.com\/product\/yoast-seo-premium-wordpress\/ -->\n<title>Independiente sinaliza acordo, e Santos avan\u00e7a por Felipe Loyola - Ubirat\u00e3 Online Not\u00edcias - A realidade ao seu alcance!<\/title>\n<meta name=\"description\" content=\"&#013; Compartilhar&#013; Tweet&#013; Compartilhar&#013; Compartilhar&#013; E-mail&#013; &#013; O Santos intensificou as negocia\u00e7\u00f5es para contratar o meia Felipe\" \/>\n<meta name=\"robots\" content=\"index, follow, max-snippet:-1, max-image-preview:large, max-video-preview:-1\" \/>\n<link rel=\"canonical\" href=\"https:\/\/ubirataonline.com.br\/en\/independiente-sinaliza-acordo-e-santos-avanca-por-felipe-loyola\/\" \/>\n<meta property=\"og:locale\" content=\"en_US\" \/>\n<meta property=\"og:type\" content=\"article\" \/>\n<meta property=\"og:title\" content=\"Independiente sinaliza acordo, e Santos avan\u00e7a por Felipe Loyola\" \/>\n<meta property=\"og:description\" content=\"&#013; Compartilhar&#013; Tweet&#013; Compartilhar&#013; Compartilhar&#013; E-mail&#013; &#013; O Santos intensificou as negocia\u00e7\u00f5es para contratar o meia Felipe\" \/>\n<meta property=\"og:url\" content=\"https:\/\/ubirataonline.com.br\/en\/independiente-sinaliza-acordo-e-santos-avanca-por-felipe-loyola\/\" \/>\n<meta property=\"og:site_name\" content=\"Ubirat\u00e3 Online Not\u00edcias - A realidade ao seu alcance!\" \/>\n<meta property=\"article:publisher\" content=\"https:\/\/www.facebook.com\/portalubirataonline\" \/>\n<meta property=\"article:author\" content=\"https:\/\/www.facebook.com\/portalubirataonline\" \/>\n<meta property=\"article:published_time\" content=\"2025-09-02T21:12:18+00:00\" \/>\n<meta property=\"og:image\" content=\"https:\/\/meupeixao.com.br\/wp-content\/uploads\/2023\/12\/logo-mp-2024-barrademenu-02.png\" \/>\n<meta name=\"author\" content=\"REDA\u00c7\u00c3O: UBIRAT\u00c3 ONLINE - F\u00c1BIO AUGUSTO CELESTINO\" \/>\n<meta name=\"twitter:card\" content=\"summary_large_image\" \/>\n<meta name=\"twitter:creator\" content=\"@x.com\/ubirataonline\" \/>\n<meta name=\"twitter:site\" content=\"@ubirataonline\" \/>\n<meta name=\"twitter:label1\" content=\"Written by\" \/>\n\t<meta name=\"twitter:data1\" content=\"REDA\u00c7\u00c3O: UBIRAT\u00c3 ONLINE - F\u00c1BIO AUGUSTO CELESTINO\" \/>\n\t<meta name=\"twitter:label2\" content=\"Est. reading time\" \/>\n\t<meta name=\"twitter:data2\" content=\"1 minute\" \/>\n<script type=\"application\/ld+json\" class=\"yoast-schema-graph\">{\"@context\":\"https:\\\/\\\/schema.org\",\"@graph\":[{\"@type\":\"NewsArticle\",\"@id\":\"https:\\\/\\\/ubirataonline.com.br\\\/independiente-sinaliza-acordo-e-santos-avanca-por-felipe-loyola\\\/#article\",\"isPartOf\":{\"@id\":\"https:\\\/\\\/ubirataonline.com.br\\\/independiente-sinaliza-acordo-e-santos-avanca-por-felipe-loyola\\\/\"},\"author\":{\"name\":\"REDA\u00c7\u00c3O: UBIRAT\u00c3 ONLINE - F\u00c1BIO AUGUSTO CELESTINO\",\"@id\":\"https:\\\/\\\/ubirataonline.com.br\\\/#\\\/schema\\\/person\\\/372f87bbd3fdd79b8556b84c98d0bc1c\"},\"headline\":\"Independiente sinaliza acordo, e Santos avan\u00e7a por Felipe Loyola\",\"datePublished\":\"2025-09-02T21:12:18+00:00\",\"mainEntityOfPage\":{\"@id\":\"https:\\\/\\\/ubirataonline.com.br\\\/independiente-sinaliza-acordo-e-santos-avanca-por-felipe-loyola\\\/\"},\"wordCount\":308,\"publisher\":{\"@id\":\"https:\\\/\\\/ubirataonline.com.br\\\/#organization\"},\"image\":{\"@id\":\"https:\\\/\\\/ubirataonline.com.br\\\/independiente-sinaliza-acordo-e-santos-avanca-por-felipe-loyola\\\/#primaryimage\"},\"thumbnailUrl\":\"https:\\\/\\\/ubirataonline.com.br\\\/wp-content\\\/uploads\\\/2025\\\/09\\\/felipe-loyola-do-independiente-1756480492693_v2_450x450.jpg.webp.jpeg\",\"articleSection\":[\"Brasil\"],\"inLanguage\":\"en-US\",\"copyrightYear\":\"2025\",\"copyrightHolder\":{\"@id\":\"https:\\\/\\\/ubirataonline.com.br\\\/en\\\/#organization\"}},{\"@type\":\"WebPage\",\"@id\":\"https:\\\/\\\/ubirataonline.com.br\\\/independiente-sinaliza-acordo-e-santos-avanca-por-felipe-loyola\\\/\",\"url\":\"https:\\\/\\\/ubirataonline.com.br\\\/independiente-sinaliza-acordo-e-santos-avanca-por-felipe-loyola\\\/\",\"name\":\"Independiente sinaliza acordo, e Santos avan\u00e7a por Felipe Loyola - Ubirat\u00e3 Online Not\u00edcias - A realidade ao seu alcance!\",\"isPartOf\":{\"@id\":\"https:\\\/\\\/ubirataonline.com.br\\\/#website\"},\"primaryImageOfPage\":{\"@id\":\"https:\\\/\\\/ubirataonline.com.br\\\/independiente-sinaliza-acordo-e-santos-avanca-por-felipe-loyola\\\/#primaryimage\"},\"image\":{\"@id\":\"https:\\\/\\\/ubirataonline.com.br\\\/independiente-sinaliza-acordo-e-santos-avanca-por-felipe-loyola\\\/#primaryimage\"},\"thumbnailUrl\":\"https:\\\/\\\/ubirataonline.com.br\\\/wp-content\\\/uploads\\\/2025\\\/09\\\/felipe-loyola-do-independiente-1756480492693_v2_450x450.jpg.webp.jpeg\",\"datePublished\":\"2025-09-02T21:12:18+00:00\",\"description\":\"&#13; Compartilhar&#13; Tweet&#13; Compartilhar&#13; Compartilhar&#13; E-mail&#13; &#13; O Santos intensificou as negocia\u00e7\u00f5es para contratar o meia Felipe\",\"breadcrumb\":{\"@id\":\"https:\\\/\\\/ubirataonline.com.br\\\/independiente-sinaliza-acordo-e-santos-avanca-por-felipe-loyola\\\/#breadcrumb\"},\"inLanguage\":\"en-US\",\"potentialAction\":[{\"@type\":\"ReadAction\",\"target\":[\"https:\\\/\\\/ubirataonline.com.br\\\/independiente-sinaliza-acordo-e-santos-avanca-por-felipe-loyola\\\/\"]}]},{\"@type\":\"ImageObject\",\"inLanguage\":\"en-US\",\"@id\":\"https:\\\/\\\/ubirataonline.com.br\\\/independiente-sinaliza-acordo-e-santos-avanca-por-felipe-loyola\\\/#primaryimage\",\"url\":\"https:\\\/\\\/ubirataonline.com.br\\\/wp-content\\\/uploads\\\/2025\\\/09\\\/felipe-loyola-do-independiente-1756480492693_v2_450x450.jpg.webp.jpeg\",\"contentUrl\":\"https:\\\/\\\/ubirataonline.com.br\\\/wp-content\\\/uploads\\\/2025\\\/09\\\/felipe-loyola-do-independiente-1756480492693_v2_450x450.jpg.webp.jpeg\",\"width\":450,\"height\":450},{\"@type\":\"BreadcrumbList\",\"@id\":\"https:\\\/\\\/ubirataonline.com.br\\\/independiente-sinaliza-acordo-e-santos-avanca-por-felipe-loyola\\\/#breadcrumb\",\"itemListElement\":[{\"@type\":\"ListItem\",\"position\":1,\"name\":\"In\u00edcio\",\"item\":\"https:\\\/\\\/ubirataonline.com.br\\\/\"},{\"@type\":\"ListItem\",\"position\":2,\"name\":\"Independiente sinaliza acordo, e Santos avan\u00e7a por Felipe Loyola\"}]},{\"@type\":\"WebSite\",\"@id\":\"https:\\\/\\\/ubirataonline.com.br\\\/#website\",\"url\":\"https:\\\/\\\/ubirataonline.com.br\\\/\",\"name\":\"Ubirat\u00e3 Online Not\u00edcias\",\"description\":\"Not\u00edcias de Ubirat\u00e3, regi\u00e3o, Brasil e mundo, com informa\u00e7\u00e3o atualizada e compromisso com o leitor.\",\"publisher\":{\"@id\":\"https:\\\/\\\/ubirataonline.com.br\\\/#organization\"},\"alternateName\":\"Ubirat\u00e3 Online\",\"potentialAction\":[{\"@type\":\"SearchAction\",\"target\":{\"@type\":\"EntryPoint\",\"urlTemplate\":\"https:\\\/\\\/ubirataonline.com.br\\\/?s={search_term_string}\"},\"query-input\":{\"@type\":\"PropertyValueSpecification\",\"valueRequired\":true,\"valueName\":\"search_term_string\"}}],\"inLanguage\":\"en-US\"},{\"@type\":[\"Organization\",\"Place\"],\"@id\":\"https:\\\/\\\/ubirataonline.com.br\\\/#organization\",\"name\":\"Ubirat\u00e3 Online Not\u00edcias\",\"alternateName\":\"Ubirat\u00e3 Online\",\"url\":\"https:\\\/\\\/ubirataonline.com.br\\\/\",\"logo\":{\"@id\":\"https:\\\/\\\/ubirataonline.com.br\\\/independiente-sinaliza-acordo-e-santos-avanca-por-felipe-loyola\\\/#local-main-organization-logo\"},\"image\":{\"@id\":\"https:\\\/\\\/ubirataonline.com.br\\\/independiente-sinaliza-acordo-e-santos-avanca-por-felipe-loyola\\\/#local-main-organization-logo\"},\"sameAs\":[\"https:\\\/\\\/www.facebook.com\\\/portalubirataonline\",\"https:\\\/\\\/x.com\\\/ubirataonline\",\"https:\\\/\\\/mastodon.social\\\/@ubirataonline\",\"https:\\\/\\\/www.facebook.com\\\/groups\\\/311144672285604\",\"https:\\\/\\\/www.facebook.com\\\/UBTAOnline\",\"https:\\\/\\\/www.instagram.com\\\/portalubirataonline\\\/\",\"https:\\\/\\\/twitter.com\\\/ubirataonline\"],\"description\":\"Somos um portal de not\u00edcias independente, criado em 5 de janeiro de 2009, com o objetivo de informar, conectar e valorizar a nossa comunidade de Ubirat\u00e3 e toda aregi\u00e3o. Com conte\u00fado atualizado, confi\u00e1vel e relevante, o Ubirat\u00e3 Online \u00e9 o seu espa\u00e7o para ficar por dentro dos principais acontecimentos locais, regionais, Brasil, Mundo e de interesse geral. Nosso compromisso \u00e9 com a verdade, a transpar\u00eancia e o respeito ao leitor.\",\"legalName\":\"UBIRATA ONLINE NOT\u00cdCIAS\",\"foundingDate\":\"2009-01-05\",\"numberOfEmployees\":{\"@type\":\"QuantitativeValue\",\"minValue\":\"1\",\"maxValue\":\"10\"},\"publishingPrinciples\":\"https:\\\/\\\/ubirataonline.com.br\\\/faq\\\/\",\"address\":{\"@id\":\"https:\\\/\\\/ubirataonline.com.br\\\/independiente-sinaliza-acordo-e-santos-avanca-por-felipe-loyola\\\/#local-main-place-address\"},\"geo\":{\"@type\":\"GeoCoordinates\",\"latitude\":\"-24.5361401\",\"longitude\":\"-52.9921776\"},\"telephone\":[\"+5544998308235\"],\"contactPoint\":{\"@type\":\"ContactPoint\",\"email\":\"contato@ubirataonline.com.br\"},\"openingHoursSpecification\":{\"@type\":\"OpeningHoursSpecification\",\"dayOfWeek\":[\"Monday\",\"Tuesday\",\"Wednesday\",\"Thursday\",\"Friday\",\"Saturday\",\"Sunday\"],\"opens\":\"00:00\",\"closes\":\"23:59\"},\"email\":\"contato@ubirataonline.com.br\",\"vatID\":\"47.621.418\\\/0001-80\"},{\"@type\":\"Person\",\"@id\":\"https:\\\/\\\/ubirataonline.com.br\\\/#\\\/schema\\\/person\\\/372f87bbd3fdd79b8556b84c98d0bc1c\",\"name\":\"REDA\u00c7\u00c3O: UBIRAT\u00c3 ONLINE - F\u00c1BIO AUGUSTO CELESTINO\",\"pronouns\":\"Ele\",\"description\":\"Desde 2003 trabalhando com not\u00edcias.\",\"sameAs\":[\"http:\\\/\\\/ubirataoline.com.br\",\"https:\\\/\\\/www.facebook.com\\\/portalubirataonline\",\"https:\\\/\\\/www.instagram.com\\\/ubirataonline_oficial\",\"https:\\\/\\\/x.com\\\/x.com\\\/ubirataonline\"],\"honorificPrefix\":\"Mr.\",\"honorificSuffix\":\"MD\",\"birthDate\":\"1980-06-16\",\"gender\":\"masculino\",\"award\":[\"V\u00e1rios pr\u00eamios de melhor portal da cidade\"],\"jobTitle\":\"Diretor\",\"url\":\"https:\\\/\\\/ubirataonline.com.br\\\/en\\\/author\\\/ubirataonline\\\/\"},{\"@type\":\"PostalAddress\",\"@id\":\"https:\\\/\\\/ubirataonline.com.br\\\/independiente-sinaliza-acordo-e-santos-avanca-por-felipe-loyola\\\/#local-main-place-address\",\"streetAddress\":\"Rua dos Coqueiros, 104 - Bairro Boa Vista, Rua dos Coqueiros, 104 Bairro Boa Vista\",\"addressLocality\":\"UBIRATA\",\"postalCode\":\"85440-000\",\"addressRegion\":\"PR\",\"addressCountry\":\"BR\"},{\"@type\":\"ImageObject\",\"inLanguage\":\"en-US\",\"@id\":\"https:\\\/\\\/ubirataonline.com.br\\\/independiente-sinaliza-acordo-e-santos-avanca-por-felipe-loyola\\\/#local-main-organization-logo\",\"url\":\"https:\\\/\\\/ubirataonline.com.br\\\/wp-content\\\/uploads\\\/2026\\\/06\\\/logoubirataonline-1.webp\",\"contentUrl\":\"https:\\\/\\\/ubirataonline.com.br\\\/wp-content\\\/uploads\\\/2026\\\/06\\\/logoubirataonline-1.webp\",\"width\":500,\"height\":500,\"caption\":\"Ubirat\u00e3 Online Not\u00edcias\"}]}<\/script>\n<meta name=\"geo.placename\" content=\"UBIRATA\" \/>\n<meta name=\"geo.position\" content=\"-24.5361401;-52.9921776\" \/>\n<meta name=\"geo.region\" content=\"Brazil\" \/>\n<!-- \/ Yoast SEO Premium plugin. -->","yoast_head_json":{"title":"Independiente sinaliza acordo, e Santos avan\u00e7a por Felipe Loyola - Ubirat\u00e3 Online Not\u00edcias - A realidade ao seu alcance!","description":"&#13; Compartilhar&#13; Tweet&#13; Compartilhar&#13; Compartilhar&#13; E-mail&#13; &#13; O Santos intensificou as negocia\u00e7\u00f5es para contratar o meia Felipe","robots":{"index":"index","follow":"follow","max-snippet":"max-snippet:-1","max-image-preview":"max-image-preview:large","max-video-preview":"max-video-preview:-1"},"canonical":"https:\/\/ubirataonline.com.br\/en\/independiente-sinaliza-acordo-e-santos-avanca-por-felipe-loyola\/","og_locale":"en_US","og_type":"article","og_title":"Independiente sinaliza acordo, e Santos avan\u00e7a por Felipe Loyola","og_description":"&#13; Compartilhar&#13; Tweet&#13; Compartilhar&#13; Compartilhar&#13; E-mail&#13; &#13; O Santos intensificou as negocia\u00e7\u00f5es para contratar o meia Felipe","og_url":"https:\/\/ubirataonline.com.br\/en\/independiente-sinaliza-acordo-e-santos-avanca-por-felipe-loyola\/","og_site_name":"Ubirat\u00e3 Online Not\u00edcias - A realidade ao seu alcance!","article_publisher":"https:\/\/www.facebook.com\/portalubirataonline","article_author":"https:\/\/www.facebook.com\/portalubirataonline","article_published_time":"2025-09-02T21:12:18+00:00","og_image":[{"url":"https:\/\/meupeixao.com.br\/wp-content\/uploads\/2023\/12\/logo-mp-2024-barrademenu-02.png","type":"","width":"","height":""}],"author":"REDA\u00c7\u00c3O: UBIRAT\u00c3 ONLINE - F\u00c1BIO AUGUSTO CELESTINO","twitter_card":"summary_large_image","twitter_creator":"@x.com\/ubirataonline","twitter_site":"@ubirataonline","twitter_misc":{"Written by":"REDA\u00c7\u00c3O: UBIRAT\u00c3 ONLINE - F\u00c1BIO AUGUSTO CELESTINO","Est. reading time":"1 minute"},"schema":{"@context":"https:\/\/schema.org","@graph":[{"@type":"NewsArticle","@id":"https:\/\/ubirataonline.com.br\/independiente-sinaliza-acordo-e-santos-avanca-por-felipe-loyola\/#article","isPartOf":{"@id":"https:\/\/ubirataonline.com.br\/independiente-sinaliza-acordo-e-santos-avanca-por-felipe-loyola\/"},"author":{"name":"REDA\u00c7\u00c3O: UBIRAT\u00c3 ONLINE - F\u00c1BIO AUGUSTO CELESTINO","@id":"https:\/\/ubirataonline.com.br\/#\/schema\/person\/372f87bbd3fdd79b8556b84c98d0bc1c"},"headline":"Independiente sinaliza acordo, e Santos avan\u00e7a por Felipe Loyola","datePublished":"2025-09-02T21:12:18+00:00","mainEntityOfPage":{"@id":"https:\/\/ubirataonline.com.br\/independiente-sinaliza-acordo-e-santos-avanca-por-felipe-loyola\/"},"wordCount":308,"publisher":{"@id":"https:\/\/ubirataonline.com.br\/#organization"},"image":{"@id":"https:\/\/ubirataonline.com.br\/independiente-sinaliza-acordo-e-santos-avanca-por-felipe-loyola\/#primaryimage"},"thumbnailUrl":"https:\/\/ubirataonline.com.br\/wp-content\/uploads\/2025\/09\/felipe-loyola-do-independiente-1756480492693_v2_450x450.jpg.webp.jpeg","articleSection":["Brasil"],"inLanguage":"en-US","copyrightYear":"2025","copyrightHolder":{"@id":"https:\/\/ubirataonline.com.br\/en\/#organization"}},{"@type":"WebPage","@id":"https:\/\/ubirataonline.com.br\/independiente-sinaliza-acordo-e-santos-avanca-por-felipe-loyola\/","url":"https:\/\/ubirataonline.com.br\/independiente-sinaliza-acordo-e-santos-avanca-por-felipe-loyola\/","name":"Independiente sinaliza acordo, e Santos avan\u00e7a por Felipe Loyola - Ubirat\u00e3 Online Not\u00edcias - A realidade ao seu alcance!","isPartOf":{"@id":"https:\/\/ubirataonline.com.br\/#website"},"primaryImageOfPage":{"@id":"https:\/\/ubirataonline.com.br\/independiente-sinaliza-acordo-e-santos-avanca-por-felipe-loyola\/#primaryimage"},"image":{"@id":"https:\/\/ubirataonline.com.br\/independiente-sinaliza-acordo-e-santos-avanca-por-felipe-loyola\/#primaryimage"},"thumbnailUrl":"https:\/\/ubirataonline.com.br\/wp-content\/uploads\/2025\/09\/felipe-loyola-do-independiente-1756480492693_v2_450x450.jpg.webp.jpeg","datePublished":"2025-09-02T21:12:18+00:00","description":"&#13; Compartilhar&#13; Tweet&#13; Compartilhar&#13; Compartilhar&#13; E-mail&#13; &#13; O Santos intensificou as negocia\u00e7\u00f5es para contratar o meia Felipe","breadcrumb":{"@id":"https:\/\/ubirataonline.com.br\/independiente-sinaliza-acordo-e-santos-avanca-por-felipe-loyola\/#breadcrumb"},"inLanguage":"en-US","potentialAction":[{"@type":"ReadAction","target":["https:\/\/ubirataonline.com.br\/independiente-sinaliza-acordo-e-santos-avanca-por-felipe-loyola\/"]}]},{"@type":"ImageObject","inLanguage":"en-US","@id":"https:\/\/ubirataonline.com.br\/independiente-sinaliza-acordo-e-santos-avanca-por-felipe-loyola\/#primaryimage","url":"https:\/\/ubirataonline.com.br\/wp-content\/uploads\/2025\/09\/felipe-loyola-do-independiente-1756480492693_v2_450x450.jpg.webp.jpeg","contentUrl":"https:\/\/ubirataonline.com.br\/wp-content\/uploads\/2025\/09\/felipe-loyola-do-independiente-1756480492693_v2_450x450.jpg.webp.jpeg","width":450,"height":450},{"@type":"BreadcrumbList","@id":"https:\/\/ubirataonline.com.br\/independiente-sinaliza-acordo-e-santos-avanca-por-felipe-loyola\/#breadcrumb","itemListElement":[{"@type":"ListItem","position":1,"name":"In\u00edcio","item":"https:\/\/ubirataonline.com.br\/"},{"@type":"ListItem","position":2,"name":"Independiente sinaliza acordo, e Santos avan\u00e7a por Felipe Loyola"}]},{"@type":"WebSite","@id":"https:\/\/ubirataonline.com.br\/#website","url":"https:\/\/ubirataonline.com.br\/","name":"Ubirat\u00e3 Online Not\u00edcias","description":"Not\u00edcias de Ubirat\u00e3, regi\u00e3o, Brasil e mundo, com informa\u00e7\u00e3o atualizada e compromisso com o leitor.","publisher":{"@id":"https:\/\/ubirataonline.com.br\/#organization"},"alternateName":"Ubirat\u00e3 Online","potentialAction":[{"@type":"SearchAction","target":{"@type":"EntryPoint","urlTemplate":"https:\/\/ubirataonline.com.br\/?s={search_term_string}"},"query-input":{"@type":"PropertyValueSpecification","valueRequired":true,"valueName":"search_term_string"}}],"inLanguage":"en-US"},{"@type":["Organization","Place"],"@id":"https:\/\/ubirataonline.com.br\/#organization","name":"Ubirat\u00e3 Online Not\u00edcias","alternateName":"Ubirat\u00e3 Online","url":"https:\/\/ubirataonline.com.br\/","logo":{"@id":"https:\/\/ubirataonline.com.br\/independiente-sinaliza-acordo-e-santos-avanca-por-felipe-loyola\/#local-main-organization-logo"},"image":{"@id":"https:\/\/ubirataonline.com.br\/independiente-sinaliza-acordo-e-santos-avanca-por-felipe-loyola\/#local-main-organization-logo"},"sameAs":["https:\/\/www.facebook.com\/portalubirataonline","https:\/\/x.com\/ubirataonline","https:\/\/mastodon.social\/@ubirataonline","https:\/\/www.facebook.com\/groups\/311144672285604","https:\/\/www.facebook.com\/UBTAOnline","https:\/\/www.instagram.com\/portalubirataonline\/","https:\/\/twitter.com\/ubirataonline"],"description":"Somos um portal de not\u00edcias independente, criado em 5 de janeiro de 2009, com o objetivo de informar, conectar e valorizar a nossa comunidade de Ubirat\u00e3 e toda aregi\u00e3o. Com conte\u00fado atualizado, confi\u00e1vel e relevante, o Ubirat\u00e3 Online \u00e9 o seu espa\u00e7o para ficar por dentro dos principais acontecimentos locais, regionais, Brasil, Mundo e de interesse geral. Nosso compromisso \u00e9 com a verdade, a transpar\u00eancia e o respeito ao leitor.","legalName":"UBIRATA ONLINE NOT\u00cdCIAS","foundingDate":"2009-01-05","numberOfEmployees":{"@type":"QuantitativeValue","minValue":"1","maxValue":"10"},"publishingPrinciples":"https:\/\/ubirataonline.com.br\/faq\/","address":{"@id":"https:\/\/ubirataonline.com.br\/independiente-sinaliza-acordo-e-santos-avanca-por-felipe-loyola\/#local-main-place-address"},"geo":{"@type":"GeoCoordinates","latitude":"-24.5361401","longitude":"-52.9921776"},"telephone":["+5544998308235"],"contactPoint":{"@type":"ContactPoint","email":"contato@ubirataonline.com.br"},"openingHoursSpecification":{"@type":"OpeningHoursSpecification","dayOfWeek":["Monday","Tuesday","Wednesday","Thursday","Friday","Saturday","Sunday"],"opens":"00:00","closes":"23:59"},"email":"contato@ubirataonline.com.br","vatID":"47.621.418\/0001-80"},{"@type":"Person","@id":"https:\/\/ubirataonline.com.br\/#\/schema\/person\/372f87bbd3fdd79b8556b84c98d0bc1c","name":"REDA\u00c7\u00c3O: UBIRAT\u00c3 ONLINE - F\u00c1BIO AUGUSTO CELESTINO","pronouns":"Ele","description":"Desde 2003 trabalhando com not\u00edcias.","sameAs":["http:\/\/ubirataoline.com.br","https:\/\/www.facebook.com\/portalubirataonline","https:\/\/www.instagram.com\/ubirataonline_oficial","https:\/\/x.com\/x.com\/ubirataonline"],"honorificPrefix":"Mr.","honorificSuffix":"MD","birthDate":"1980-06-16","gender":"masculino","award":["V\u00e1rios pr\u00eamios de melhor portal da cidade"],"jobTitle":"Diretor","url":"https:\/\/ubirataonline.com.br\/en\/author\/ubirataonline\/"},{"@type":"PostalAddress","@id":"https:\/\/ubirataonline.com.br\/independiente-sinaliza-acordo-e-santos-avanca-por-felipe-loyola\/#local-main-place-address","streetAddress":"Rua dos Coqueiros, 104 - Bairro Boa Vista, Rua dos Coqueiros, 104 Bairro Boa Vista","addressLocality":"UBIRATA","postalCode":"85440-000","addressRegion":"PR","addressCountry":"BR"},{"@type":"ImageObject","inLanguage":"en-US","@id":"https:\/\/ubirataonline.com.br\/independiente-sinaliza-acordo-e-santos-avanca-por-felipe-loyola\/#local-main-organization-logo","url":"https:\/\/ubirataonline.com.br\/wp-content\/uploads\/2026\/06\/logoubirataonline-1.webp","contentUrl":"https:\/\/ubirataonline.com.br\/wp-content\/uploads\/2026\/06\/logoubirataonline-1.webp","width":500,"height":500,"caption":"Ubirat\u00e3 Online Not\u00edcias"}]},"geo.placename":"UBIRATA","geo.position":{"lat":"-24.5361401","long":"-52.9921776"},"geo.region":"Brazil"},"_links":{"self":[{"href":"https:\/\/ubirataonline.com.br\/en\/wp-json\/wp\/v2\/posts\/66906","targetHints":{"allow":["GET"]}}],"collection":[{"href":"https:\/\/ubirataonline.com.br\/en\/wp-json\/wp\/v2\/posts"}],"about":[{"href":"https:\/\/ubirataonline.com.br\/en\/wp-json\/wp\/v2\/types\/post"}],"author":[{"embeddable":true,"href":"https:\/\/ubirataonline.com.br\/en\/wp-json\/wp\/v2\/users\/1"}],"replies":[{"embeddable":true,"href":"https:\/\/ubirataonline.com.br\/en\/wp-json\/wp\/v2\/comments?post=66906"}],"version-history":[{"count":0,"href":"https:\/\/ubirataonline.com.br\/en\/wp-json\/wp\/v2\/posts\/66906\/revisions"}],"wp:featuredmedia":[{"embeddable":true,"href":"https:\/\/ubirataonline.com.br\/en\/wp-json\/wp\/v2\/media\/66907"}],"wp:attachment":[{"href":"https:\/\/ubirataonline.com.br\/en\/wp-json\/wp\/v2\/media?parent=66906"}],"wp:term":[{"taxonomy":"category","embeddable":true,"href":"https:\/\/ubirataonline.com.br\/en\/wp-json\/wp\/v2\/categories?post=66906"},{"taxonomy":"post_tag","embeddable":true,"href":"https:\/\/ubirataonline.com.br\/en\/wp-json\/wp\/v2\/tags?post=66906"}],"curies":[{"name":"wp","href":"https:\/\/api.w.org\/{rel}","templated":true}]}}