{"id":66910,"date":"2025-09-02T19:14:17","date_gmt":"2025-09-02T22:14:17","guid":{"rendered":"https:\/\/ubirataonline.com.br\/bolsa-familia-confira-as-datas-de-pagamento-do-programa-em-setembro\/"},"modified":"2025-09-02T19:14:17","modified_gmt":"2025-09-02T22:14:17","slug":"bolsa-familia-confira-as-datas-de-pagamento-do-programa-em-setembro","status":"publish","type":"post","link":"https:\/\/ubirataonline.com.br\/en\/bolsa-familia-confira-as-datas-de-pagamento-do-programa-em-setembro\/","title":{"rendered":"Bolsa Fam\u00edlia: confira as datas de pagamento do programa em setembro"},"content":{"rendered":"<p><\/p>\n<div id=\"post-291267\">\n<picture class=\"featured-media media-open\"><figcaption class=\"caption noreadme-audima\">\u00a0<span>(Lyon Santos \/ MDS\/Reprodu\u00e7\u00e3o)<\/span><\/figcaption><div class=\"ads deskad noreadme-audima\">\n                                    <span class=\"title\">Continua ap\u00f3s publicidade<\/span><\/p><\/div>\n<\/picture>\n<section class=\"content readme-audima\">\n<p>O calend\u00e1rio de pagamentos do <a href=\"https:\/\/vocesa.abril.com.br\/noticias-sobre\/bolsa-familia\">Bolsa Fam\u00edlia<\/a> para o m\u00eas de setembro j\u00e1 est\u00e1 dispon\u00edvel. O benef\u00edcio, que tem valor base de R$ 600, poder\u00e1 ser resgatado entre os dias 17 e 30, conforme o \u00faltimo d\u00edgito do NIS (N\u00famero de Identifica\u00e7\u00e3o Social) dos benefici\u00e1rios e sempre em dias \u00fateis. Confira as datas exatas abaixo:<\/p>\n<table width=\"349\">\n<tbody>\n<tr>\n<td><strong>Final do NIS<\/strong><\/td>\n<td><strong>Dia do pagamento<\/strong><\/td>\n<\/tr>\n<tr>\n<td>1<\/td>\n<td>17<\/td>\n<\/tr>\n<tr>\n<td>2<\/td>\n<td>18<\/td>\n<\/tr>\n<tr>\n<td>3<\/td>\n<td>19<\/td>\n<\/tr>\n<tr>\n<td>4<\/td>\n<td>22<\/td>\n<\/tr>\n<tr>\n<td>5<\/td>\n<td>23<\/td>\n<\/tr>\n<tr>\n<td>6<\/td>\n<td>24<\/td>\n<\/tr>\n<tr>\n<td>7<\/td>\n<td>25<\/td>\n<\/tr>\n<tr>\n<td>8<\/td>\n<td>26<\/td>\n<\/tr>\n<tr>\n<td>9<\/td>\n<td>29<\/td>\n<\/tr>\n<tr>\n<td>0<\/td>\n<td>30<\/td>\n<\/tr>\n<\/tbody>\n<\/table>\n<h2>\nQuem tem direito ao Bolsa Fam\u00edlia?<\/h2>\n<p>O benef\u00edcio \u00e9 oferecido \u00e0s fam\u00edlias com renda mensal de at\u00e9 R$ 218 por pessoa e que tenham seus dados inscritos no Cadastro \u00danico. Para realizar o cadastramento, \u00e9 necess\u00e1rio ter mais de 16 anos e comparecer pessoalmente a um posto de atendimento portando um documento com foto, o CPF ou T\u00edtulo de Eleitor, um comprovante de endere\u00e7o e os CPFs de todas as pessoas da fam\u00edlia que moram na mesma resid\u00eancia.<\/p>\n<p>A lista de postos de atendimento de cada munic\u00edpio est\u00e1 dispon\u00edvel nos Centros de Refer\u00eancia de Assist\u00eancia Social (CRAS) e no <a href=\"https:\/\/cadunico.dataprev.gov.br\/#\/posto-atendimento\" target=\"_blank\" rel=\"noopener\">site<\/a> e\u00a0aplicativo do Cadastro \u00danico.<\/p>\n<p>Al\u00e9m da inscri\u00e7\u00e3o, as fam\u00edlias tamb\u00e9m precisam cumprir com os compromissos de sa\u00fade e educa\u00e7\u00e3o definidos pelo programa. S\u00e3o eles:<\/p>\n<div class=\"ads post-ads noreadme-audima\">\n    <span class=\"title\">Continua ap\u00f3s a publicidade<\/span><\/p>\n<\/div>\n<ul>\n<li>Manter uma frequ\u00eancia escolar m\u00ednima de 60% para crian\u00e7as de 4 e 5 anos e de 75% para crian\u00e7as e adolescentes de 6 a 18 anos incompletos;<\/li>\n<li>Realizar o acompanhamento nutricional e manter atualizada a vacina\u00e7\u00e3o de crian\u00e7as menores de 7 anos;<\/li>\n<li>Comparecer regularmente \u00e0s consultas de pr\u00e9-natal quando gestante.<\/li>\n<\/ul>\n<h2>Como descobrir meu NIS?<\/h2>\n<p>O N\u00famero de Identifica\u00e7\u00e3o Social tamb\u00e9m pode ser encontrado pelo site ou app do Cad\u00danico, atrav\u00e9s da consulta simples aos dados<span> de identifica\u00e7\u00e3o do Respons\u00e1vel Familiar.<\/span><\/p>\n<p>\u00c9 poss\u00edvel ainda localizar o NIS no pr\u00f3prio cart\u00e3o do Bolsa Fam\u00edlia, abaixo do nome do benefici\u00e1rio, ou na \u00e1rea de cadastro do aplicativo Meu INSS. Nesse caso, o n\u00famero estar\u00e1 sinalizado como NIT.<\/p>\n<div class=\"ads post-ads noreadme-audima\">\n    <span class=\"title\">Continua ap\u00f3s a publicidade<\/span><\/p>\n<\/div>\n<h2>Como sacar o benef\u00edcio?<\/h2>\n<p>As parcelas podem ser resgatadas com o cart\u00e3o do Bolsa Fam\u00edlia em lot\u00e9ricas ou caixas eletr\u00f4nicos e correspondentes Caixa Aqui da Caixa Econ\u00f4mica Federal. J\u00e1 sem o cart\u00e3o, \u00e9 poss\u00edvel sacar o pagamento em qualquer ag\u00eancia da Caixa apresentando um documento de identifica\u00e7\u00e3o. E, caso o benef\u00edcio seja creditado em conta Poupan\u00e7a Social Digital, o saque dever ser feito com um token gerado no aplicativo Caixa Tem.<\/p>\n<p>Para mais informa\u00e7\u00f5es sobre o valor, situa\u00e7\u00e3o e data do pagamento, consulte o aplicativo Bolsa Fam\u00edlia ou ligue para o Disque Social 121, de segunda a sexta-feira, das 7h \u00e0s 19h.<\/p>\n<div class=\"box-app-phone-share noreadme-audima\">\n<p>Compartilhe essa mat\u00e9ria via:<\/p>\n<\/p><\/div>\n<div class=\"ads post-ads noreadme-audima\">\n    <span class=\"title\">Continua ap\u00f3s a publicidade<\/span><\/p>\n<\/div>\n<p>\u00a0<\/p>\n<p>\u00a0<\/p>\n<\/section><\/div>\n<p><a href=\"https:\/\/vocesa.abril.com.br\/sociedade\/bolsa-familia-confira-as-datas-de-pagamento-do-programa-em-setembro\/\">Source link <\/a><\/p>","protected":false},"excerpt":{"rendered":"<p>\u00a0(Lyon Santos \/ MDS\/Reprodu\u00e7\u00e3o) Continua ap\u00f3s publicidade O calend\u00e1rio de pagamentos do Bolsa Fam\u00edlia para o m\u00eas de setembro j\u00e1 est\u00e1 dispon\u00edvel. O benef\u00edcio, que tem valor base de R$ 600, poder\u00e1 ser resgatado entre os dias 17 e 30, conforme o \u00faltimo d\u00edgito do NIS (N\u00famero de Identifica\u00e7\u00e3o Social) dos benefici\u00e1rios e sempre em [&hellip;]<\/p>\n","protected":false},"author":1,"featured_media":66911,"comment_status":"","ping_status":"","sticky":false,"template":"","format":"standard","meta":{"googlesitekit_rrm_CAow2JLhCw:productID":"","_gspb_post_css":"","maa_idioma":"","maa_pais":"","footnotes":""},"categories":[4],"tags":[],"class_list":["post-66910","post","type-post","status-publish","format-standard","has-post-thumbnail","hentry","category-brasil"],"blocksy_meta":[],"yoast_head":"<!-- This site is optimized with the Yoast SEO Premium plugin v27.6 (Yoast SEO v27.6) - https:\/\/yoast.com\/product\/yoast-seo-premium-wordpress\/ -->\n<title>Bolsa Fam\u00edlia: confira as datas de pagamento do programa em setembro - Ubirat\u00e3 Online Not\u00edcias - A realidade ao seu alcance!<\/title>\n<meta name=\"description\" content=\"\u00a0(Lyon Santos \/ MDS\/Reprodu\u00e7\u00e3o) Continua ap\u00f3s publicidade O calend\u00e1rio de pagamentos do Bolsa Fam\u00edlia para o m\u00eas de setembro j\u00e1 est\u00e1 dispon\u00edvel. O\" \/>\n<meta name=\"robots\" content=\"index, follow, max-snippet:-1, max-image-preview:large, max-video-preview:-1\" \/>\n<link rel=\"canonical\" href=\"https:\/\/ubirataonline.com.br\/en\/bolsa-familia-confira-as-datas-de-pagamento-do-programa-em-setembro\/\" \/>\n<meta property=\"og:locale\" content=\"en_US\" \/>\n<meta property=\"og:type\" content=\"article\" \/>\n<meta property=\"og:title\" content=\"Bolsa Fam\u00edlia: confira as datas de pagamento do programa em setembro\" \/>\n<meta property=\"og:description\" content=\"\u00a0(Lyon Santos \/ MDS\/Reprodu\u00e7\u00e3o) Continua ap\u00f3s publicidade O calend\u00e1rio de pagamentos do Bolsa Fam\u00edlia para o m\u00eas de setembro j\u00e1 est\u00e1 dispon\u00edvel. O\" \/>\n<meta property=\"og:url\" content=\"https:\/\/ubirataonline.com.br\/en\/bolsa-familia-confira-as-datas-de-pagamento-do-programa-em-setembro\/\" \/>\n<meta property=\"og:site_name\" content=\"Ubirat\u00e3 Online Not\u00edcias - A realidade ao seu alcance!\" \/>\n<meta property=\"article:publisher\" content=\"https:\/\/www.facebook.com\/portalubirataonline\" \/>\n<meta property=\"article:author\" content=\"https:\/\/www.facebook.com\/portalubirataonline\" \/>\n<meta property=\"article:published_time\" content=\"2025-09-02T22:14:17+00:00\" \/>\n<meta property=\"og:image\" content=\"https:\/\/ubirataonline.com.br\/wp-content\/uploads\/2026\/05\/logo2026.webp\" \/>\n\t<meta property=\"og:image:width\" content=\"1531\" \/>\n\t<meta property=\"og:image:height\" content=\"418\" \/>\n\t<meta property=\"og:image:type\" content=\"image\/webp\" \/>\n<meta name=\"author\" content=\"REDA\u00c7\u00c3O: UBIRAT\u00c3 ONLINE - F\u00c1BIO AUGUSTO CELESTINO\" \/>\n<meta name=\"twitter:card\" content=\"summary_large_image\" \/>\n<meta name=\"twitter:creator\" content=\"@x.com\/ubirataonline\" \/>\n<meta name=\"twitter:site\" content=\"@ubirataonline\" \/>\n<meta name=\"twitter:label1\" content=\"Written by\" \/>\n\t<meta name=\"twitter:data1\" content=\"REDA\u00c7\u00c3O: UBIRAT\u00c3 ONLINE - F\u00c1BIO AUGUSTO CELESTINO\" \/>\n\t<meta name=\"twitter:label2\" content=\"Est. reading time\" \/>\n\t<meta name=\"twitter:data2\" content=\"2 minutes\" \/>\n<script type=\"application\/ld+json\" class=\"yoast-schema-graph\">{\"@context\":\"https:\\\/\\\/schema.org\",\"@graph\":[{\"@type\":\"NewsArticle\",\"@id\":\"https:\\\/\\\/ubirataonline.com.br\\\/bolsa-familia-confira-as-datas-de-pagamento-do-programa-em-setembro\\\/#article\",\"isPartOf\":{\"@id\":\"https:\\\/\\\/ubirataonline.com.br\\\/bolsa-familia-confira-as-datas-de-pagamento-do-programa-em-setembro\\\/\"},\"author\":{\"name\":\"REDA\u00c7\u00c3O: UBIRAT\u00c3 ONLINE - F\u00c1BIO AUGUSTO CELESTINO\",\"@id\":\"https:\\\/\\\/ubirataonline.com.br\\\/#\\\/schema\\\/person\\\/372f87bbd3fdd79b8556b84c98d0bc1c\"},\"headline\":\"Bolsa Fam\u00edlia: confira as datas de pagamento do programa em setembro\",\"datePublished\":\"2025-09-02T22:14:17+00:00\",\"mainEntityOfPage\":{\"@id\":\"https:\\\/\\\/ubirataonline.com.br\\\/bolsa-familia-confira-as-datas-de-pagamento-do-programa-em-setembro\\\/\"},\"wordCount\":491,\"publisher\":{\"@id\":\"https:\\\/\\\/ubirataonline.com.br\\\/#organization\"},\"image\":{\"@id\":\"https:\\\/\\\/ubirataonline.com.br\\\/bolsa-familia-confira-as-datas-de-pagamento-do-programa-em-setembro\\\/#primaryimage\"},\"thumbnailUrl\":\"https:\\\/\\\/ubirataonline.com.br\\\/wp-content\\\/uploads\\\/2025\\\/09\\\/bolsa_familia_layout_site.jpg\",\"articleSection\":[\"Brasil\"],\"inLanguage\":\"en-US\",\"copyrightYear\":\"2025\",\"copyrightHolder\":{\"@id\":\"https:\\\/\\\/ubirataonline.com.br\\\/en\\\/#organization\"}},{\"@type\":\"WebPage\",\"@id\":\"https:\\\/\\\/ubirataonline.com.br\\\/bolsa-familia-confira-as-datas-de-pagamento-do-programa-em-setembro\\\/\",\"url\":\"https:\\\/\\\/ubirataonline.com.br\\\/bolsa-familia-confira-as-datas-de-pagamento-do-programa-em-setembro\\\/\",\"name\":\"Bolsa Fam\u00edlia: confira as datas de pagamento do programa em setembro - Ubirat\u00e3 Online Not\u00edcias - A realidade ao seu alcance!\",\"isPartOf\":{\"@id\":\"https:\\\/\\\/ubirataonline.com.br\\\/#website\"},\"primaryImageOfPage\":{\"@id\":\"https:\\\/\\\/ubirataonline.com.br\\\/bolsa-familia-confira-as-datas-de-pagamento-do-programa-em-setembro\\\/#primaryimage\"},\"image\":{\"@id\":\"https:\\\/\\\/ubirataonline.com.br\\\/bolsa-familia-confira-as-datas-de-pagamento-do-programa-em-setembro\\\/#primaryimage\"},\"thumbnailUrl\":\"https:\\\/\\\/ubirataonline.com.br\\\/wp-content\\\/uploads\\\/2025\\\/09\\\/bolsa_familia_layout_site.jpg\",\"datePublished\":\"2025-09-02T22:14:17+00:00\",\"description\":\"\u00a0(Lyon Santos \\\/ MDS\\\/Reprodu\u00e7\u00e3o) Continua ap\u00f3s publicidade O calend\u00e1rio de pagamentos do Bolsa Fam\u00edlia para o m\u00eas de setembro j\u00e1 est\u00e1 dispon\u00edvel. O\",\"breadcrumb\":{\"@id\":\"https:\\\/\\\/ubirataonline.com.br\\\/bolsa-familia-confira-as-datas-de-pagamento-do-programa-em-setembro\\\/#breadcrumb\"},\"inLanguage\":\"en-US\",\"potentialAction\":[{\"@type\":\"ReadAction\",\"target\":[\"https:\\\/\\\/ubirataonline.com.br\\\/bolsa-familia-confira-as-datas-de-pagamento-do-programa-em-setembro\\\/\"]}]},{\"@type\":\"ImageObject\",\"inLanguage\":\"en-US\",\"@id\":\"https:\\\/\\\/ubirataonline.com.br\\\/bolsa-familia-confira-as-datas-de-pagamento-do-programa-em-setembro\\\/#primaryimage\",\"url\":\"https:\\\/\\\/ubirataonline.com.br\\\/wp-content\\\/uploads\\\/2025\\\/09\\\/bolsa_familia_layout_site.jpg\",\"contentUrl\":\"https:\\\/\\\/ubirataonline.com.br\\\/wp-content\\\/uploads\\\/2025\\\/09\\\/bolsa_familia_layout_site.jpg\",\"width\":1080,\"height\":565},{\"@type\":\"BreadcrumbList\",\"@id\":\"https:\\\/\\\/ubirataonline.com.br\\\/bolsa-familia-confira-as-datas-de-pagamento-do-programa-em-setembro\\\/#breadcrumb\",\"itemListElement\":[{\"@type\":\"ListItem\",\"position\":1,\"name\":\"In\u00edcio\",\"item\":\"https:\\\/\\\/ubirataonline.com.br\\\/\"},{\"@type\":\"ListItem\",\"position\":2,\"name\":\"Bolsa Fam\u00edlia: confira as datas de pagamento do programa em setembro\"}]},{\"@type\":\"WebSite\",\"@id\":\"https:\\\/\\\/ubirataonline.com.br\\\/#website\",\"url\":\"https:\\\/\\\/ubirataonline.com.br\\\/\",\"name\":\"Ubirat\u00e3 Online Not\u00edcias\",\"description\":\"Not\u00edcias de Ubirat\u00e3, regi\u00e3o, Brasil e mundo, com informa\u00e7\u00e3o atualizada e compromisso com o leitor.\",\"publisher\":{\"@id\":\"https:\\\/\\\/ubirataonline.com.br\\\/#organization\"},\"alternateName\":\"Ubirat\u00e3 Online\",\"potentialAction\":[{\"@type\":\"SearchAction\",\"target\":{\"@type\":\"EntryPoint\",\"urlTemplate\":\"https:\\\/\\\/ubirataonline.com.br\\\/?s={search_term_string}\"},\"query-input\":{\"@type\":\"PropertyValueSpecification\",\"valueRequired\":true,\"valueName\":\"search_term_string\"}}],\"inLanguage\":\"en-US\"},{\"@type\":[\"Organization\",\"Place\"],\"@id\":\"https:\\\/\\\/ubirataonline.com.br\\\/#organization\",\"name\":\"Ubirat\u00e3 Online Not\u00edcias\",\"alternateName\":\"Ubirat\u00e3 Online\",\"url\":\"https:\\\/\\\/ubirataonline.com.br\\\/\",\"logo\":{\"@id\":\"https:\\\/\\\/ubirataonline.com.br\\\/bolsa-familia-confira-as-datas-de-pagamento-do-programa-em-setembro\\\/#local-main-organization-logo\"},\"image\":{\"@id\":\"https:\\\/\\\/ubirataonline.com.br\\\/bolsa-familia-confira-as-datas-de-pagamento-do-programa-em-setembro\\\/#local-main-organization-logo\"},\"sameAs\":[\"https:\\\/\\\/www.facebook.com\\\/portalubirataonline\",\"https:\\\/\\\/x.com\\\/ubirataonline\",\"https:\\\/\\\/mastodon.social\\\/@ubirataonline\",\"https:\\\/\\\/www.facebook.com\\\/groups\\\/311144672285604\",\"https:\\\/\\\/www.facebook.com\\\/UBTAOnline\",\"https:\\\/\\\/www.instagram.com\\\/portalubirataonline\\\/\",\"https:\\\/\\\/twitter.com\\\/ubirataonline\"],\"description\":\"Somos um portal de not\u00edcias independente, criado em 5 de janeiro de 2009, com o objetivo de informar, conectar e valorizar a nossa comunidade de Ubirat\u00e3 e toda aregi\u00e3o. Com conte\u00fado atualizado, confi\u00e1vel e relevante, o Ubirat\u00e3 Online \u00e9 o seu espa\u00e7o para ficar por dentro dos principais acontecimentos locais, regionais, Brasil, Mundo e de interesse geral. Nosso compromisso \u00e9 com a verdade, a transpar\u00eancia e o respeito ao leitor.\",\"legalName\":\"UBIRATA ONLINE NOT\u00cdCIAS\",\"foundingDate\":\"2009-01-05\",\"numberOfEmployees\":{\"@type\":\"QuantitativeValue\",\"minValue\":\"1\",\"maxValue\":\"10\"},\"publishingPrinciples\":\"https:\\\/\\\/ubirataonline.com.br\\\/faq\\\/\",\"address\":{\"@id\":\"https:\\\/\\\/ubirataonline.com.br\\\/bolsa-familia-confira-as-datas-de-pagamento-do-programa-em-setembro\\\/#local-main-place-address\"},\"geo\":{\"@type\":\"GeoCoordinates\",\"latitude\":\"-24.5361401\",\"longitude\":\"-52.9921776\"},\"telephone\":[\"+5544998308235\"],\"contactPoint\":{\"@type\":\"ContactPoint\",\"email\":\"contato@ubirataonline.com.br\"},\"openingHoursSpecification\":{\"@type\":\"OpeningHoursSpecification\",\"dayOfWeek\":[\"Monday\",\"Tuesday\",\"Wednesday\",\"Thursday\",\"Friday\",\"Saturday\",\"Sunday\"],\"opens\":\"00:00\",\"closes\":\"23:59\"},\"email\":\"contato@ubirataonline.com.br\",\"vatID\":\"47.621.418\\\/0001-80\"},{\"@type\":\"Person\",\"@id\":\"https:\\\/\\\/ubirataonline.com.br\\\/#\\\/schema\\\/person\\\/372f87bbd3fdd79b8556b84c98d0bc1c\",\"name\":\"REDA\u00c7\u00c3O: UBIRAT\u00c3 ONLINE - F\u00c1BIO AUGUSTO CELESTINO\",\"pronouns\":\"Ele\",\"description\":\"Desde 2003 trabalhando com not\u00edcias.\",\"sameAs\":[\"http:\\\/\\\/ubirataoline.com.br\",\"https:\\\/\\\/www.facebook.com\\\/portalubirataonline\",\"https:\\\/\\\/www.instagram.com\\\/ubirataonline_oficial\",\"https:\\\/\\\/x.com\\\/x.com\\\/ubirataonline\"],\"honorificPrefix\":\"Mr.\",\"honorificSuffix\":\"MD\",\"birthDate\":\"1980-06-16\",\"gender\":\"masculino\",\"award\":[\"V\u00e1rios pr\u00eamios de melhor portal da cidade\"],\"jobTitle\":\"Diretor\",\"url\":\"https:\\\/\\\/ubirataonline.com.br\\\/en\\\/author\\\/ubirataonline\\\/\"},{\"@type\":\"PostalAddress\",\"@id\":\"https:\\\/\\\/ubirataonline.com.br\\\/bolsa-familia-confira-as-datas-de-pagamento-do-programa-em-setembro\\\/#local-main-place-address\",\"streetAddress\":\"Rua dos Coqueiros, 104 - Bairro Boa Vista, Rua dos Coqueiros, 104 Bairro Boa Vista\",\"addressLocality\":\"UBIRATA\",\"postalCode\":\"85440-000\",\"addressRegion\":\"PR\",\"addressCountry\":\"BR\"},{\"@type\":\"ImageObject\",\"inLanguage\":\"en-US\",\"@id\":\"https:\\\/\\\/ubirataonline.com.br\\\/bolsa-familia-confira-as-datas-de-pagamento-do-programa-em-setembro\\\/#local-main-organization-logo\",\"url\":\"https:\\\/\\\/ubirataonline.com.br\\\/wp-content\\\/uploads\\\/2026\\\/06\\\/logoubirataonline-1.webp\",\"contentUrl\":\"https:\\\/\\\/ubirataonline.com.br\\\/wp-content\\\/uploads\\\/2026\\\/06\\\/logoubirataonline-1.webp\",\"width\":500,\"height\":500,\"caption\":\"Ubirat\u00e3 Online Not\u00edcias\"}]}<\/script>\n<meta name=\"geo.placename\" content=\"UBIRATA\" \/>\n<meta name=\"geo.position\" content=\"-24.5361401;-52.9921776\" \/>\n<meta name=\"geo.region\" content=\"Brazil\" \/>\n<!-- \/ Yoast SEO Premium plugin. -->","yoast_head_json":{"title":"Bolsa Fam\u00edlia: confira as datas de pagamento do programa em setembro - Ubirat\u00e3 Online Not\u00edcias - A realidade ao seu alcance!","description":"\u00a0(Lyon Santos \/ MDS\/Reprodu\u00e7\u00e3o) Continua ap\u00f3s publicidade O calend\u00e1rio de pagamentos do Bolsa Fam\u00edlia para o m\u00eas de setembro j\u00e1 est\u00e1 dispon\u00edvel. O","robots":{"index":"index","follow":"follow","max-snippet":"max-snippet:-1","max-image-preview":"max-image-preview:large","max-video-preview":"max-video-preview:-1"},"canonical":"https:\/\/ubirataonline.com.br\/en\/bolsa-familia-confira-as-datas-de-pagamento-do-programa-em-setembro\/","og_locale":"en_US","og_type":"article","og_title":"Bolsa Fam\u00edlia: confira as datas de pagamento do programa em setembro","og_description":"\u00a0(Lyon Santos \/ MDS\/Reprodu\u00e7\u00e3o) Continua ap\u00f3s publicidade O calend\u00e1rio de pagamentos do Bolsa Fam\u00edlia para o m\u00eas de setembro j\u00e1 est\u00e1 dispon\u00edvel. O","og_url":"https:\/\/ubirataonline.com.br\/en\/bolsa-familia-confira-as-datas-de-pagamento-do-programa-em-setembro\/","og_site_name":"Ubirat\u00e3 Online Not\u00edcias - A realidade ao seu alcance!","article_publisher":"https:\/\/www.facebook.com\/portalubirataonline","article_author":"https:\/\/www.facebook.com\/portalubirataonline","article_published_time":"2025-09-02T22:14:17+00:00","og_image":[{"width":1531,"height":418,"url":"https:\/\/ubirataonline.com.br\/wp-content\/uploads\/2026\/05\/logo2026.webp","type":"image\/webp"}],"author":"REDA\u00c7\u00c3O: UBIRAT\u00c3 ONLINE - F\u00c1BIO AUGUSTO CELESTINO","twitter_card":"summary_large_image","twitter_creator":"@x.com\/ubirataonline","twitter_site":"@ubirataonline","twitter_misc":{"Written by":"REDA\u00c7\u00c3O: UBIRAT\u00c3 ONLINE - F\u00c1BIO AUGUSTO CELESTINO","Est. reading time":"2 minutes"},"schema":{"@context":"https:\/\/schema.org","@graph":[{"@type":"NewsArticle","@id":"https:\/\/ubirataonline.com.br\/bolsa-familia-confira-as-datas-de-pagamento-do-programa-em-setembro\/#article","isPartOf":{"@id":"https:\/\/ubirataonline.com.br\/bolsa-familia-confira-as-datas-de-pagamento-do-programa-em-setembro\/"},"author":{"name":"REDA\u00c7\u00c3O: UBIRAT\u00c3 ONLINE - F\u00c1BIO AUGUSTO CELESTINO","@id":"https:\/\/ubirataonline.com.br\/#\/schema\/person\/372f87bbd3fdd79b8556b84c98d0bc1c"},"headline":"Bolsa Fam\u00edlia: confira as datas de pagamento do programa em setembro","datePublished":"2025-09-02T22:14:17+00:00","mainEntityOfPage":{"@id":"https:\/\/ubirataonline.com.br\/bolsa-familia-confira-as-datas-de-pagamento-do-programa-em-setembro\/"},"wordCount":491,"publisher":{"@id":"https:\/\/ubirataonline.com.br\/#organization"},"image":{"@id":"https:\/\/ubirataonline.com.br\/bolsa-familia-confira-as-datas-de-pagamento-do-programa-em-setembro\/#primaryimage"},"thumbnailUrl":"https:\/\/ubirataonline.com.br\/wp-content\/uploads\/2025\/09\/bolsa_familia_layout_site.jpg","articleSection":["Brasil"],"inLanguage":"en-US","copyrightYear":"2025","copyrightHolder":{"@id":"https:\/\/ubirataonline.com.br\/en\/#organization"}},{"@type":"WebPage","@id":"https:\/\/ubirataonline.com.br\/bolsa-familia-confira-as-datas-de-pagamento-do-programa-em-setembro\/","url":"https:\/\/ubirataonline.com.br\/bolsa-familia-confira-as-datas-de-pagamento-do-programa-em-setembro\/","name":"Bolsa Fam\u00edlia: confira as datas de pagamento do programa em setembro - Ubirat\u00e3 Online Not\u00edcias - A realidade ao seu alcance!","isPartOf":{"@id":"https:\/\/ubirataonline.com.br\/#website"},"primaryImageOfPage":{"@id":"https:\/\/ubirataonline.com.br\/bolsa-familia-confira-as-datas-de-pagamento-do-programa-em-setembro\/#primaryimage"},"image":{"@id":"https:\/\/ubirataonline.com.br\/bolsa-familia-confira-as-datas-de-pagamento-do-programa-em-setembro\/#primaryimage"},"thumbnailUrl":"https:\/\/ubirataonline.com.br\/wp-content\/uploads\/2025\/09\/bolsa_familia_layout_site.jpg","datePublished":"2025-09-02T22:14:17+00:00","description":"\u00a0(Lyon Santos \/ MDS\/Reprodu\u00e7\u00e3o) Continua ap\u00f3s publicidade O calend\u00e1rio de pagamentos do Bolsa Fam\u00edlia para o m\u00eas de setembro j\u00e1 est\u00e1 dispon\u00edvel. O","breadcrumb":{"@id":"https:\/\/ubirataonline.com.br\/bolsa-familia-confira-as-datas-de-pagamento-do-programa-em-setembro\/#breadcrumb"},"inLanguage":"en-US","potentialAction":[{"@type":"ReadAction","target":["https:\/\/ubirataonline.com.br\/bolsa-familia-confira-as-datas-de-pagamento-do-programa-em-setembro\/"]}]},{"@type":"ImageObject","inLanguage":"en-US","@id":"https:\/\/ubirataonline.com.br\/bolsa-familia-confira-as-datas-de-pagamento-do-programa-em-setembro\/#primaryimage","url":"https:\/\/ubirataonline.com.br\/wp-content\/uploads\/2025\/09\/bolsa_familia_layout_site.jpg","contentUrl":"https:\/\/ubirataonline.com.br\/wp-content\/uploads\/2025\/09\/bolsa_familia_layout_site.jpg","width":1080,"height":565},{"@type":"BreadcrumbList","@id":"https:\/\/ubirataonline.com.br\/bolsa-familia-confira-as-datas-de-pagamento-do-programa-em-setembro\/#breadcrumb","itemListElement":[{"@type":"ListItem","position":1,"name":"In\u00edcio","item":"https:\/\/ubirataonline.com.br\/"},{"@type":"ListItem","position":2,"name":"Bolsa Fam\u00edlia: confira as datas de pagamento do programa em setembro"}]},{"@type":"WebSite","@id":"https:\/\/ubirataonline.com.br\/#website","url":"https:\/\/ubirataonline.com.br\/","name":"Ubirat\u00e3 Online Not\u00edcias","description":"Not\u00edcias de Ubirat\u00e3, regi\u00e3o, Brasil e mundo, com informa\u00e7\u00e3o atualizada e compromisso com o leitor.","publisher":{"@id":"https:\/\/ubirataonline.com.br\/#organization"},"alternateName":"Ubirat\u00e3 Online","potentialAction":[{"@type":"SearchAction","target":{"@type":"EntryPoint","urlTemplate":"https:\/\/ubirataonline.com.br\/?s={search_term_string}"},"query-input":{"@type":"PropertyValueSpecification","valueRequired":true,"valueName":"search_term_string"}}],"inLanguage":"en-US"},{"@type":["Organization","Place"],"@id":"https:\/\/ubirataonline.com.br\/#organization","name":"Ubirat\u00e3 Online Not\u00edcias","alternateName":"Ubirat\u00e3 Online","url":"https:\/\/ubirataonline.com.br\/","logo":{"@id":"https:\/\/ubirataonline.com.br\/bolsa-familia-confira-as-datas-de-pagamento-do-programa-em-setembro\/#local-main-organization-logo"},"image":{"@id":"https:\/\/ubirataonline.com.br\/bolsa-familia-confira-as-datas-de-pagamento-do-programa-em-setembro\/#local-main-organization-logo"},"sameAs":["https:\/\/www.facebook.com\/portalubirataonline","https:\/\/x.com\/ubirataonline","https:\/\/mastodon.social\/@ubirataonline","https:\/\/www.facebook.com\/groups\/311144672285604","https:\/\/www.facebook.com\/UBTAOnline","https:\/\/www.instagram.com\/portalubirataonline\/","https:\/\/twitter.com\/ubirataonline"],"description":"Somos um portal de not\u00edcias independente, criado em 5 de janeiro de 2009, com o objetivo de informar, conectar e valorizar a nossa comunidade de Ubirat\u00e3 e toda aregi\u00e3o. Com conte\u00fado atualizado, confi\u00e1vel e relevante, o Ubirat\u00e3 Online \u00e9 o seu espa\u00e7o para ficar por dentro dos principais acontecimentos locais, regionais, Brasil, Mundo e de interesse geral. Nosso compromisso \u00e9 com a verdade, a transpar\u00eancia e o respeito ao leitor.","legalName":"UBIRATA ONLINE NOT\u00cdCIAS","foundingDate":"2009-01-05","numberOfEmployees":{"@type":"QuantitativeValue","minValue":"1","maxValue":"10"},"publishingPrinciples":"https:\/\/ubirataonline.com.br\/faq\/","address":{"@id":"https:\/\/ubirataonline.com.br\/bolsa-familia-confira-as-datas-de-pagamento-do-programa-em-setembro\/#local-main-place-address"},"geo":{"@type":"GeoCoordinates","latitude":"-24.5361401","longitude":"-52.9921776"},"telephone":["+5544998308235"],"contactPoint":{"@type":"ContactPoint","email":"contato@ubirataonline.com.br"},"openingHoursSpecification":{"@type":"OpeningHoursSpecification","dayOfWeek":["Monday","Tuesday","Wednesday","Thursday","Friday","Saturday","Sunday"],"opens":"00:00","closes":"23:59"},"email":"contato@ubirataonline.com.br","vatID":"47.621.418\/0001-80"},{"@type":"Person","@id":"https:\/\/ubirataonline.com.br\/#\/schema\/person\/372f87bbd3fdd79b8556b84c98d0bc1c","name":"REDA\u00c7\u00c3O: UBIRAT\u00c3 ONLINE - F\u00c1BIO AUGUSTO CELESTINO","pronouns":"Ele","description":"Desde 2003 trabalhando com not\u00edcias.","sameAs":["http:\/\/ubirataoline.com.br","https:\/\/www.facebook.com\/portalubirataonline","https:\/\/www.instagram.com\/ubirataonline_oficial","https:\/\/x.com\/x.com\/ubirataonline"],"honorificPrefix":"Mr.","honorificSuffix":"MD","birthDate":"1980-06-16","gender":"masculino","award":["V\u00e1rios pr\u00eamios de melhor portal da cidade"],"jobTitle":"Diretor","url":"https:\/\/ubirataonline.com.br\/en\/author\/ubirataonline\/"},{"@type":"PostalAddress","@id":"https:\/\/ubirataonline.com.br\/bolsa-familia-confira-as-datas-de-pagamento-do-programa-em-setembro\/#local-main-place-address","streetAddress":"Rua dos Coqueiros, 104 - Bairro Boa Vista, Rua dos Coqueiros, 104 Bairro Boa Vista","addressLocality":"UBIRATA","postalCode":"85440-000","addressRegion":"PR","addressCountry":"BR"},{"@type":"ImageObject","inLanguage":"en-US","@id":"https:\/\/ubirataonline.com.br\/bolsa-familia-confira-as-datas-de-pagamento-do-programa-em-setembro\/#local-main-organization-logo","url":"https:\/\/ubirataonline.com.br\/wp-content\/uploads\/2026\/06\/logoubirataonline-1.webp","contentUrl":"https:\/\/ubirataonline.com.br\/wp-content\/uploads\/2026\/06\/logoubirataonline-1.webp","width":500,"height":500,"caption":"Ubirat\u00e3 Online Not\u00edcias"}]},"geo.placename":"UBIRATA","geo.position":{"lat":"-24.5361401","long":"-52.9921776"},"geo.region":"Brazil"},"_links":{"self":[{"href":"https:\/\/ubirataonline.com.br\/en\/wp-json\/wp\/v2\/posts\/66910","targetHints":{"allow":["GET"]}}],"collection":[{"href":"https:\/\/ubirataonline.com.br\/en\/wp-json\/wp\/v2\/posts"}],"about":[{"href":"https:\/\/ubirataonline.com.br\/en\/wp-json\/wp\/v2\/types\/post"}],"author":[{"embeddable":true,"href":"https:\/\/ubirataonline.com.br\/en\/wp-json\/wp\/v2\/users\/1"}],"replies":[{"embeddable":true,"href":"https:\/\/ubirataonline.com.br\/en\/wp-json\/wp\/v2\/comments?post=66910"}],"version-history":[{"count":0,"href":"https:\/\/ubirataonline.com.br\/en\/wp-json\/wp\/v2\/posts\/66910\/revisions"}],"wp:featuredmedia":[{"embeddable":true,"href":"https:\/\/ubirataonline.com.br\/en\/wp-json\/wp\/v2\/media\/66911"}],"wp:attachment":[{"href":"https:\/\/ubirataonline.com.br\/en\/wp-json\/wp\/v2\/media?parent=66910"}],"wp:term":[{"taxonomy":"category","embeddable":true,"href":"https:\/\/ubirataonline.com.br\/en\/wp-json\/wp\/v2\/categories?post=66910"},{"taxonomy":"post_tag","embeddable":true,"href":"https:\/\/ubirataonline.com.br\/en\/wp-json\/wp\/v2\/tags?post=66910"}],"curies":[{"name":"wp","href":"https:\/\/api.w.org\/{rel}","templated":true}]}}