{"id":67199,"date":"2025-09-05T01:18:01","date_gmt":"2025-09-05T04:18:01","guid":{"rendered":"https:\/\/ubirataonline.com.br\/gas-do-povo-vai-beneficiar-mais-de-15-milhoes-de-familias\/"},"modified":"2025-09-05T01:18:01","modified_gmt":"2025-09-05T04:18:01","slug":"gas-do-povo-vai-beneficiar-mais-de-15-milhoes-de-familias","status":"publish","type":"post","link":"https:\/\/ubirataonline.com.br\/en\/gas-do-povo-vai-beneficiar-mais-de-15-milhoes-de-familias\/","title":{"rendered":"G\u00e1s do Povo vai beneficiar mais de 15 milh\u00f5es de fam\u00edlias"},"content":{"rendered":"<p><\/p>\n<div>\n<p>A partir de novembro deste ano, mais de 15 milh\u00f5es de fam\u00edlias poder\u00e3o retirar, de gra\u00e7a, botij\u00f5es de g\u00e1s de cozinha, em mais de 50 distribuidoras conveniadas ao governo federal pelo pa\u00eds. \u00c9 o que prev\u00ea o programa G\u00e1s do Povo, lan\u00e7ado nesta quinta-feira (4), pelo presidente Lula. \u00a0<img decoding=\"async\" src=\"https:\/\/agenciabrasil.ebc.com.br\/ebc.png?id=1657143&amp;o=node\" style=\"width:1px; height:1px; display:inline;\"\/><img decoding=\"async\" src=\"https:\/\/agenciabrasil.ebc.com.br\/ebc.gif?id=1657143&amp;o=node\" style=\"width:1px; height:1px; display:inline;\"\/><\/p>\n<p>O evento de an\u00fancio da <strong>nova pol\u00edtica p\u00fablica marcou a mudan\u00e7a do programa Aux\u00edlio G\u00e1s para G\u00e1s do Povo<\/strong>. Com isso, o governo triplicou\u00a0o n\u00famero de benefici\u00e1rios. Essa foi uma forma\u00a0encontrada para\u00a0aliviar o bolso das fam\u00edlias\u00a0com a compra do g\u00e1s de cozinha, que\u00a0custa em torno de R$ 100\u00a0\u2013\u00a0pre\u00e7o criticado\u00a0pelo presidente Lula na cerim\u00f4nia.<\/p>\n<blockquote>\n<div class=\"dnd-widget-wrapper context-medio_4colunas type-image atom-align-left\">\n<div class=\"dnd-atom-rendered\"><!-- scald=435888:medio_4colunas {\"additionalClasses\":\"\"} --><br \/>\n            <img decoding=\"async\" src=\"https:\/\/imagens.ebc.com.br\/AhHKSi_rf603JUTRsKPT06_Gf0M=\/365x0\/smart\/https:\/\/agenciabrasil.ebc.com.br\/sites\/default\/files\/thumbnails\/image\/2025\/09\/04\/54765386618_d6c9889b9c_o.jpg?itok=SKrxhq6-\" alt=\"Belo Horizonte (MG), 04\/09\/2025 - Presidente da Rep\u00fablica, Luiz In\u00e1cio Lula da Silva fala com moradora antes de cerim\u00f4nia de an\u00fancio do Programa \u201cG\u00e1s do Povo\u201d. Foto: Ricardo Stuckert\/PR\" title=\"Ricardo Stuckert\/PR\"\/><br \/>\n        <img decoding=\"async\" src=\"https:\/\/imagens.ebc.com.br\/AhHKSi_rf603JUTRsKPT06_Gf0M=\/365x0\/smart\/https:\/\/agenciabrasil.ebc.com.br\/sites\/default\/files\/thumbnails\/image\/2025\/09\/04\/54765386618_d6c9889b9c_o.jpg?itok=SKrxhq6-\" alt=\"Belo Horizonte (MG), 04\/09\/2025 - Presidente da Rep\u00fablica, Luiz In\u00e1cio Lula da Silva fala com moradora antes de cerim\u00f4nia de an\u00fancio do Programa \u201cG\u00e1s do Povo\u201d. Foto: Ricardo Stuckert\/PR\" title=\"Ricardo Stuckert\/PR\"\/><br \/>\n    <!-- END scald=435888 --><\/div>\n<div class=\"dnd-caption-wrapper\">\n<p><!--copyright=435888-->Belo Horizonte (MG), 04\/09\/2025 &#8211; Presidente da Rep\u00fablica, Luiz In\u00e1cio Lula da Silva fala com moradora antes de cerim\u00f4nia de an\u00fancio do Programa \u201cG\u00e1s do Povo\u201d\u00a0&#8211; <strong>Ricardo Stuckert\/PR<\/strong><!--END copyright=435888--><\/p>\n<\/div>\n<\/div>\n<p>&#8220;[\u00c9 para aquelas] pessoas mais humildes do pa\u00eds, que n\u00e3o t\u00eam dinheiro para comprar um botij\u00e3o de g\u00e1s, que sai da Petrobras a R$ 37 e\u00a0chega, em muitos lugares, a R$ 150,\u00a0R$ 140, R$ 130. \u00c9 um absurdo a diferen\u00e7a entre o pre\u00e7o da Petrobras e o pre\u00e7o que o g\u00e1s chega. J\u00e1 que tinha um grupo de gente recebendo o vale g\u00e1s, n\u00f3s resolvemos aumentar o programa. Ao inv\u00e9s de atender 5 milh\u00f5es de pessoas, n\u00f3s vamos atender quase 50 milh\u00f5es de pessoas e as pessoas v\u00e3o receber um botij\u00e3o de g\u00e1s. Um n\u00e3o;\u00a0receber\u00e3o\u00a0os botij\u00f5es\u00a0de g\u00e1s necess\u00e1rios para consumir durante o ano.&#8221;<\/p>\n<\/blockquote>\n<p>De acordo com o IBGE, <strong>15 milh\u00f5es de pessoas ainda utilizam lenha para cozinhar<\/strong>, por causa do peso do pre\u00e7o do g\u00e1s no or\u00e7amento familiar. Com o novo programa, o governo quer tamb\u00e9m reduzir os riscos de acidentes com o uso de lenha, \u00e1lcool e materiais inflam\u00e1veis ou t\u00f3xicos.\u00a0<\/p>\n<h2>Quem pode receber<\/h2>\n<p>O g\u00e1s de cozinha de gra\u00e7a \u00e9 um <strong>direito de todas as fam\u00edlias inscritas no Cad\u00danico\u00a0com renda mensal de at\u00e9 meio sal\u00e1rio-m\u00ednimo<\/strong> por pessoa (R$ 759). A\u00a0prioridade \u00e9 daqueles\u00a0que recebem o Bolsa Fam\u00edlia. \u00a0<\/p>\n<p>Durante o lan\u00e7amento, em Belo Horizonte (MG), o ministro de Minas e Energia, Alexandre Silveira, explicou que <a href=\"https:\/\/agenciagov.ebc.com.br\/noticias\/202509\/gas-do-povo-entenda-como-funciona-programa-que-amplia-acesso-ao-gas-de-cozinha\" target=\"_blank\">s\u00e3o quatro as formas para retirar o botij\u00e3o de gra\u00e7a<\/a>, incluindo os aplicativos do programa G\u00e1s do Povo e da Caixa Econ\u00f4mica.<\/p>\n<blockquote>\n<p>&#8220;N\u00f3s teremos um aplicativo para celular da Caixa Econ\u00f4mica Federal, em todos os celulares, de todos os cadastrados no Cad\u00danico que tem o direito ao programa. Quem n\u00e3o conseguir ter acesso, toda loja lot\u00e9rica vai distribuir um vale para aquelas pessoas que apresentarem o seu documento e com esse vale voc\u00ea vai em um dos 58 mil postos de distribui\u00e7\u00e3o no Brasil e vai tirar o botij\u00e3o de g\u00e1s. Quem n\u00e3o tiver um cart\u00e3o pr\u00f3prio que a Caixa est\u00e1 providenciando do pr\u00f3prio G\u00e1s do Povo tem o Bolsa Fam\u00edlia. Ent\u00e3o ele vai poder usar o cart\u00e3o do Bolsa Fam\u00edlia para tirar o g\u00e1s nas revendas.&#8221;\u00a0<\/p>\n<\/blockquote>\n<p>A quantidade de botij\u00f5es por ano vai funcionar assim: fam\u00edlias de duas pessoas t\u00eam direito a at\u00e9 tr\u00eas botij\u00f5es por ano. Com tr\u00eas integrantes, s\u00e3o quatro botij\u00f5es. J\u00e1 as fam\u00edlias com quatro ou mais pessoas, t\u00eam direito a at\u00e9 seis botij\u00f5es a cada ano. De acordo com o governo, a distribui\u00e7\u00e3o dos botij\u00f5es em vez do dinheiro &#8220;aumenta a efici\u00eancia, a transpar\u00eancia e o controle\u201d do programa.<\/p>\n<p>      <!-- Relacionada --><br \/>\n            <!-- Relacionada -->\n    <\/div>\n<p><a href=\"https:\/\/agenciabrasil.ebc.com.br\/radioagencia-nacional\/economia\/audio\/2025-09\/gas-do-povo-vai-beneficiar-mais-de-15-milhoes-de-familias\">Source link <\/a><\/p>\n","protected":false},"excerpt":{"rendered":"<p>A partir de novembro deste ano, mais de 15 milh\u00f5es de fam\u00edlias poder\u00e3o retirar, de gra\u00e7a, botij\u00f5es de g\u00e1s de cozinha, em mais de 50 distribuidoras conveniadas ao governo federal pelo pa\u00eds. \u00c9 o que prev\u00ea o programa G\u00e1s do Povo, lan\u00e7ado nesta quinta-feira (4), pelo presidente Lula. \u00a0 O evento de an\u00fancio da nova [&hellip;]<\/p>\n","protected":false},"author":1,"featured_media":67200,"comment_status":"","ping_status":"","sticky":false,"template":"","format":"standard","meta":{"googlesitekit_rrm_CAow2JLhCw:productID":"","_gspb_post_css":"","maa_idioma":"","maa_pais":"","footnotes":""},"categories":[4],"tags":[],"class_list":["post-67199","post","type-post","status-publish","format-standard","has-post-thumbnail","hentry","category-brasil"],"blocksy_meta":[],"yoast_head":"<!-- This site is optimized with the Yoast SEO Premium plugin v27.6 (Yoast SEO v27.6) - https:\/\/yoast.com\/product\/yoast-seo-premium-wordpress\/ -->\n<title>G\u00e1s do Povo vai beneficiar mais de 15 milh\u00f5es de fam\u00edlias - Ubirat\u00e3 Online Not\u00edcias - A realidade ao seu alcance!<\/title>\n<meta name=\"description\" content=\"A partir de novembro deste ano, mais de 15 milh\u00f5es de fam\u00edlias poder\u00e3o retirar, de gra\u00e7a, botij\u00f5es de g\u00e1s de cozinha, em mais de 50 distribuidoras\" \/>\n<meta name=\"robots\" content=\"index, follow, max-snippet:-1, max-image-preview:large, max-video-preview:-1\" \/>\n<link rel=\"canonical\" href=\"https:\/\/ubirataonline.com.br\/en\/gas-do-povo-vai-beneficiar-mais-de-15-milhoes-de-familias\/\" \/>\n<meta property=\"og:locale\" content=\"en_US\" \/>\n<meta property=\"og:type\" content=\"article\" \/>\n<meta property=\"og:title\" content=\"G\u00e1s do Povo vai beneficiar mais de 15 milh\u00f5es de fam\u00edlias\" \/>\n<meta property=\"og:description\" content=\"A partir de novembro deste ano, mais de 15 milh\u00f5es de fam\u00edlias poder\u00e3o retirar, de gra\u00e7a, botij\u00f5es de g\u00e1s de cozinha, em mais de 50 distribuidoras\" \/>\n<meta property=\"og:url\" content=\"https:\/\/ubirataonline.com.br\/en\/gas-do-povo-vai-beneficiar-mais-de-15-milhoes-de-familias\/\" \/>\n<meta property=\"og:site_name\" content=\"Ubirat\u00e3 Online Not\u00edcias - A realidade ao seu alcance!\" \/>\n<meta property=\"article:publisher\" content=\"https:\/\/www.facebook.com\/portalubirataonline\" \/>\n<meta property=\"article:author\" content=\"https:\/\/www.facebook.com\/portalubirataonline\" \/>\n<meta property=\"article:published_time\" content=\"2025-09-05T04:18:01+00:00\" \/>\n<meta property=\"og:image\" content=\"https:\/\/agenciabrasil.ebc.com.br\/ebc.png?id=1657143&amp;o=node\" \/>\n<meta name=\"author\" content=\"REDA\u00c7\u00c3O: UBIRAT\u00c3 ONLINE - F\u00c1BIO AUGUSTO CELESTINO\" \/>\n<meta name=\"twitter:card\" content=\"summary_large_image\" \/>\n<meta name=\"twitter:creator\" content=\"@x.com\/ubirataonline\" \/>\n<meta name=\"twitter:site\" content=\"@ubirataonline\" \/>\n<meta name=\"twitter:label1\" content=\"Written by\" \/>\n\t<meta name=\"twitter:data1\" content=\"REDA\u00c7\u00c3O: UBIRAT\u00c3 ONLINE - F\u00c1BIO AUGUSTO CELESTINO\" \/>\n\t<meta name=\"twitter:label2\" content=\"Est. reading time\" \/>\n\t<meta name=\"twitter:data2\" content=\"3 minutes\" \/>\n<script type=\"application\/ld+json\" class=\"yoast-schema-graph\">{\"@context\":\"https:\\\/\\\/schema.org\",\"@graph\":[{\"@type\":\"NewsArticle\",\"@id\":\"https:\\\/\\\/ubirataonline.com.br\\\/gas-do-povo-vai-beneficiar-mais-de-15-milhoes-de-familias\\\/#article\",\"isPartOf\":{\"@id\":\"https:\\\/\\\/ubirataonline.com.br\\\/gas-do-povo-vai-beneficiar-mais-de-15-milhoes-de-familias\\\/\"},\"author\":{\"name\":\"REDA\u00c7\u00c3O: UBIRAT\u00c3 ONLINE - F\u00c1BIO AUGUSTO CELESTINO\",\"@id\":\"https:\\\/\\\/ubirataonline.com.br\\\/#\\\/schema\\\/person\\\/372f87bbd3fdd79b8556b84c98d0bc1c\"},\"headline\":\"G\u00e1s do Povo vai beneficiar mais de 15 milh\u00f5es de fam\u00edlias\",\"datePublished\":\"2025-09-05T04:18:01+00:00\",\"mainEntityOfPage\":{\"@id\":\"https:\\\/\\\/ubirataonline.com.br\\\/gas-do-povo-vai-beneficiar-mais-de-15-milhoes-de-familias\\\/\"},\"wordCount\":644,\"publisher\":{\"@id\":\"https:\\\/\\\/ubirataonline.com.br\\\/#organization\"},\"image\":{\"@id\":\"https:\\\/\\\/ubirataonline.com.br\\\/gas-do-povo-vai-beneficiar-mais-de-15-milhoes-de-familias\\\/#primaryimage\"},\"thumbnailUrl\":\"https:\\\/\\\/ubirataonline.com.br\\\/wp-content\\\/uploads\\\/2025\\\/09\\\/54765617468_1545a12b59_o.jpg\",\"articleSection\":[\"Brasil\"],\"inLanguage\":\"en-US\",\"copyrightYear\":\"2025\",\"copyrightHolder\":{\"@id\":\"https:\\\/\\\/ubirataonline.com.br\\\/en\\\/#organization\"}},{\"@type\":\"WebPage\",\"@id\":\"https:\\\/\\\/ubirataonline.com.br\\\/gas-do-povo-vai-beneficiar-mais-de-15-milhoes-de-familias\\\/\",\"url\":\"https:\\\/\\\/ubirataonline.com.br\\\/gas-do-povo-vai-beneficiar-mais-de-15-milhoes-de-familias\\\/\",\"name\":\"G\u00e1s do Povo vai beneficiar mais de 15 milh\u00f5es de fam\u00edlias - Ubirat\u00e3 Online Not\u00edcias - A realidade ao seu alcance!\",\"isPartOf\":{\"@id\":\"https:\\\/\\\/ubirataonline.com.br\\\/#website\"},\"primaryImageOfPage\":{\"@id\":\"https:\\\/\\\/ubirataonline.com.br\\\/gas-do-povo-vai-beneficiar-mais-de-15-milhoes-de-familias\\\/#primaryimage\"},\"image\":{\"@id\":\"https:\\\/\\\/ubirataonline.com.br\\\/gas-do-povo-vai-beneficiar-mais-de-15-milhoes-de-familias\\\/#primaryimage\"},\"thumbnailUrl\":\"https:\\\/\\\/ubirataonline.com.br\\\/wp-content\\\/uploads\\\/2025\\\/09\\\/54765617468_1545a12b59_o.jpg\",\"datePublished\":\"2025-09-05T04:18:01+00:00\",\"description\":\"A partir de novembro deste ano, mais de 15 milh\u00f5es de fam\u00edlias poder\u00e3o retirar, de gra\u00e7a, botij\u00f5es de g\u00e1s de cozinha, em mais de 50 distribuidoras\",\"breadcrumb\":{\"@id\":\"https:\\\/\\\/ubirataonline.com.br\\\/gas-do-povo-vai-beneficiar-mais-de-15-milhoes-de-familias\\\/#breadcrumb\"},\"inLanguage\":\"en-US\",\"potentialAction\":[{\"@type\":\"ReadAction\",\"target\":[\"https:\\\/\\\/ubirataonline.com.br\\\/gas-do-povo-vai-beneficiar-mais-de-15-milhoes-de-familias\\\/\"]}]},{\"@type\":\"ImageObject\",\"inLanguage\":\"en-US\",\"@id\":\"https:\\\/\\\/ubirataonline.com.br\\\/gas-do-povo-vai-beneficiar-mais-de-15-milhoes-de-familias\\\/#primaryimage\",\"url\":\"https:\\\/\\\/ubirataonline.com.br\\\/wp-content\\\/uploads\\\/2025\\\/09\\\/54765617468_1545a12b59_o.jpg\",\"contentUrl\":\"https:\\\/\\\/ubirataonline.com.br\\\/wp-content\\\/uploads\\\/2025\\\/09\\\/54765617468_1545a12b59_o.jpg\",\"width\":1600,\"height\":800},{\"@type\":\"BreadcrumbList\",\"@id\":\"https:\\\/\\\/ubirataonline.com.br\\\/gas-do-povo-vai-beneficiar-mais-de-15-milhoes-de-familias\\\/#breadcrumb\",\"itemListElement\":[{\"@type\":\"ListItem\",\"position\":1,\"name\":\"In\u00edcio\",\"item\":\"https:\\\/\\\/ubirataonline.com.br\\\/\"},{\"@type\":\"ListItem\",\"position\":2,\"name\":\"G\u00e1s do Povo vai beneficiar mais de 15 milh\u00f5es de fam\u00edlias\"}]},{\"@type\":\"WebSite\",\"@id\":\"https:\\\/\\\/ubirataonline.com.br\\\/#website\",\"url\":\"https:\\\/\\\/ubirataonline.com.br\\\/\",\"name\":\"Ubirat\u00e3 Online Not\u00edcias\",\"description\":\"Not\u00edcias de Ubirat\u00e3, regi\u00e3o, Brasil e mundo, com informa\u00e7\u00e3o atualizada e compromisso com o leitor.\",\"publisher\":{\"@id\":\"https:\\\/\\\/ubirataonline.com.br\\\/#organization\"},\"alternateName\":\"Ubirat\u00e3 Online\",\"potentialAction\":[{\"@type\":\"SearchAction\",\"target\":{\"@type\":\"EntryPoint\",\"urlTemplate\":\"https:\\\/\\\/ubirataonline.com.br\\\/?s={search_term_string}\"},\"query-input\":{\"@type\":\"PropertyValueSpecification\",\"valueRequired\":true,\"valueName\":\"search_term_string\"}}],\"inLanguage\":\"en-US\"},{\"@type\":[\"Organization\",\"Place\"],\"@id\":\"https:\\\/\\\/ubirataonline.com.br\\\/#organization\",\"name\":\"Ubirat\u00e3 Online Not\u00edcias\",\"alternateName\":\"Ubirat\u00e3 Online\",\"url\":\"https:\\\/\\\/ubirataonline.com.br\\\/\",\"logo\":{\"@id\":\"https:\\\/\\\/ubirataonline.com.br\\\/gas-do-povo-vai-beneficiar-mais-de-15-milhoes-de-familias\\\/#local-main-organization-logo\"},\"image\":{\"@id\":\"https:\\\/\\\/ubirataonline.com.br\\\/gas-do-povo-vai-beneficiar-mais-de-15-milhoes-de-familias\\\/#local-main-organization-logo\"},\"sameAs\":[\"https:\\\/\\\/www.facebook.com\\\/portalubirataonline\",\"https:\\\/\\\/x.com\\\/ubirataonline\",\"https:\\\/\\\/mastodon.social\\\/@ubirataonline\",\"https:\\\/\\\/www.facebook.com\\\/groups\\\/311144672285604\",\"https:\\\/\\\/www.facebook.com\\\/UBTAOnline\",\"https:\\\/\\\/www.instagram.com\\\/portalubirataonline\\\/\",\"https:\\\/\\\/twitter.com\\\/ubirataonline\"],\"description\":\"Somos um portal de not\u00edcias independente, criado em 5 de janeiro de 2009, com o objetivo de informar, conectar e valorizar a nossa comunidade de Ubirat\u00e3 e toda aregi\u00e3o. Com conte\u00fado atualizado, confi\u00e1vel e relevante, o Ubirat\u00e3 Online \u00e9 o seu espa\u00e7o para ficar por dentro dos principais acontecimentos locais, regionais, Brasil, Mundo e de interesse geral. Nosso compromisso \u00e9 com a verdade, a transpar\u00eancia e o respeito ao leitor.\",\"legalName\":\"UBIRATA ONLINE NOT\u00cdCIAS\",\"foundingDate\":\"2009-01-05\",\"numberOfEmployees\":{\"@type\":\"QuantitativeValue\",\"minValue\":\"1\",\"maxValue\":\"10\"},\"publishingPrinciples\":\"https:\\\/\\\/ubirataonline.com.br\\\/faq\\\/\",\"address\":{\"@id\":\"https:\\\/\\\/ubirataonline.com.br\\\/gas-do-povo-vai-beneficiar-mais-de-15-milhoes-de-familias\\\/#local-main-place-address\"},\"geo\":{\"@type\":\"GeoCoordinates\",\"latitude\":\"-24.5361401\",\"longitude\":\"-52.9921776\"},\"telephone\":[\"+5544998308235\"],\"contactPoint\":{\"@type\":\"ContactPoint\",\"email\":\"contato@ubirataonline.com.br\"},\"openingHoursSpecification\":{\"@type\":\"OpeningHoursSpecification\",\"dayOfWeek\":[\"Monday\",\"Tuesday\",\"Wednesday\",\"Thursday\",\"Friday\",\"Saturday\",\"Sunday\"],\"opens\":\"00:00\",\"closes\":\"23:59\"},\"email\":\"contato@ubirataonline.com.br\",\"vatID\":\"47.621.418\\\/0001-80\"},{\"@type\":\"Person\",\"@id\":\"https:\\\/\\\/ubirataonline.com.br\\\/#\\\/schema\\\/person\\\/372f87bbd3fdd79b8556b84c98d0bc1c\",\"name\":\"REDA\u00c7\u00c3O: UBIRAT\u00c3 ONLINE - F\u00c1BIO AUGUSTO CELESTINO\",\"pronouns\":\"Ele\",\"description\":\"Desde 2003 trabalhando com not\u00edcias.\",\"sameAs\":[\"http:\\\/\\\/ubirataoline.com.br\",\"https:\\\/\\\/www.facebook.com\\\/portalubirataonline\",\"https:\\\/\\\/www.instagram.com\\\/ubirataonline_oficial\",\"https:\\\/\\\/x.com\\\/x.com\\\/ubirataonline\"],\"honorificPrefix\":\"Mr.\",\"honorificSuffix\":\"MD\",\"birthDate\":\"1980-06-16\",\"gender\":\"masculino\",\"award\":[\"V\u00e1rios pr\u00eamios de melhor portal da cidade\"],\"jobTitle\":\"Diretor\",\"url\":\"https:\\\/\\\/ubirataonline.com.br\\\/en\\\/author\\\/ubirataonline\\\/\"},{\"@type\":\"PostalAddress\",\"@id\":\"https:\\\/\\\/ubirataonline.com.br\\\/gas-do-povo-vai-beneficiar-mais-de-15-milhoes-de-familias\\\/#local-main-place-address\",\"streetAddress\":\"Rua dos Coqueiros, 104 - Bairro Boa Vista, Rua dos Coqueiros, 104 Bairro Boa Vista\",\"addressLocality\":\"UBIRATA\",\"postalCode\":\"85440-000\",\"addressRegion\":\"PR\",\"addressCountry\":\"BR\"},{\"@type\":\"ImageObject\",\"inLanguage\":\"en-US\",\"@id\":\"https:\\\/\\\/ubirataonline.com.br\\\/gas-do-povo-vai-beneficiar-mais-de-15-milhoes-de-familias\\\/#local-main-organization-logo\",\"url\":\"https:\\\/\\\/ubirataonline.com.br\\\/wp-content\\\/uploads\\\/2026\\\/06\\\/logoubirataonline-1.webp\",\"contentUrl\":\"https:\\\/\\\/ubirataonline.com.br\\\/wp-content\\\/uploads\\\/2026\\\/06\\\/logoubirataonline-1.webp\",\"width\":500,\"height\":500,\"caption\":\"Ubirat\u00e3 Online Not\u00edcias\"}]}<\/script>\n<meta name=\"geo.placename\" content=\"UBIRATA\" \/>\n<meta name=\"geo.position\" content=\"-24.5361401;-52.9921776\" \/>\n<meta name=\"geo.region\" content=\"Brazil\" \/>\n<!-- \/ Yoast SEO Premium plugin. -->","yoast_head_json":{"title":"G\u00e1s do Povo vai beneficiar mais de 15 milh\u00f5es de fam\u00edlias - Ubirat\u00e3 Online Not\u00edcias - A realidade ao seu alcance!","description":"A partir de novembro deste ano, mais de 15 milh\u00f5es de fam\u00edlias poder\u00e3o retirar, de gra\u00e7a, botij\u00f5es de g\u00e1s de cozinha, em mais de 50 distribuidoras","robots":{"index":"index","follow":"follow","max-snippet":"max-snippet:-1","max-image-preview":"max-image-preview:large","max-video-preview":"max-video-preview:-1"},"canonical":"https:\/\/ubirataonline.com.br\/en\/gas-do-povo-vai-beneficiar-mais-de-15-milhoes-de-familias\/","og_locale":"en_US","og_type":"article","og_title":"G\u00e1s do Povo vai beneficiar mais de 15 milh\u00f5es de fam\u00edlias","og_description":"A partir de novembro deste ano, mais de 15 milh\u00f5es de fam\u00edlias poder\u00e3o retirar, de gra\u00e7a, botij\u00f5es de g\u00e1s de cozinha, em mais de 50 distribuidoras","og_url":"https:\/\/ubirataonline.com.br\/en\/gas-do-povo-vai-beneficiar-mais-de-15-milhoes-de-familias\/","og_site_name":"Ubirat\u00e3 Online Not\u00edcias - A realidade ao seu alcance!","article_publisher":"https:\/\/www.facebook.com\/portalubirataonline","article_author":"https:\/\/www.facebook.com\/portalubirataonline","article_published_time":"2025-09-05T04:18:01+00:00","og_image":[{"url":"https:\/\/agenciabrasil.ebc.com.br\/ebc.png?id=1657143&amp;o=node","type":"","width":"","height":""}],"author":"REDA\u00c7\u00c3O: UBIRAT\u00c3 ONLINE - F\u00c1BIO AUGUSTO CELESTINO","twitter_card":"summary_large_image","twitter_creator":"@x.com\/ubirataonline","twitter_site":"@ubirataonline","twitter_misc":{"Written by":"REDA\u00c7\u00c3O: UBIRAT\u00c3 ONLINE - F\u00c1BIO AUGUSTO CELESTINO","Est. reading time":"3 minutes"},"schema":{"@context":"https:\/\/schema.org","@graph":[{"@type":"NewsArticle","@id":"https:\/\/ubirataonline.com.br\/gas-do-povo-vai-beneficiar-mais-de-15-milhoes-de-familias\/#article","isPartOf":{"@id":"https:\/\/ubirataonline.com.br\/gas-do-povo-vai-beneficiar-mais-de-15-milhoes-de-familias\/"},"author":{"name":"REDA\u00c7\u00c3O: UBIRAT\u00c3 ONLINE - F\u00c1BIO AUGUSTO CELESTINO","@id":"https:\/\/ubirataonline.com.br\/#\/schema\/person\/372f87bbd3fdd79b8556b84c98d0bc1c"},"headline":"G\u00e1s do Povo vai beneficiar mais de 15 milh\u00f5es de fam\u00edlias","datePublished":"2025-09-05T04:18:01+00:00","mainEntityOfPage":{"@id":"https:\/\/ubirataonline.com.br\/gas-do-povo-vai-beneficiar-mais-de-15-milhoes-de-familias\/"},"wordCount":644,"publisher":{"@id":"https:\/\/ubirataonline.com.br\/#organization"},"image":{"@id":"https:\/\/ubirataonline.com.br\/gas-do-povo-vai-beneficiar-mais-de-15-milhoes-de-familias\/#primaryimage"},"thumbnailUrl":"https:\/\/ubirataonline.com.br\/wp-content\/uploads\/2025\/09\/54765617468_1545a12b59_o.jpg","articleSection":["Brasil"],"inLanguage":"en-US","copyrightYear":"2025","copyrightHolder":{"@id":"https:\/\/ubirataonline.com.br\/en\/#organization"}},{"@type":"WebPage","@id":"https:\/\/ubirataonline.com.br\/gas-do-povo-vai-beneficiar-mais-de-15-milhoes-de-familias\/","url":"https:\/\/ubirataonline.com.br\/gas-do-povo-vai-beneficiar-mais-de-15-milhoes-de-familias\/","name":"G\u00e1s do Povo vai beneficiar mais de 15 milh\u00f5es de fam\u00edlias - Ubirat\u00e3 Online Not\u00edcias - A realidade ao seu alcance!","isPartOf":{"@id":"https:\/\/ubirataonline.com.br\/#website"},"primaryImageOfPage":{"@id":"https:\/\/ubirataonline.com.br\/gas-do-povo-vai-beneficiar-mais-de-15-milhoes-de-familias\/#primaryimage"},"image":{"@id":"https:\/\/ubirataonline.com.br\/gas-do-povo-vai-beneficiar-mais-de-15-milhoes-de-familias\/#primaryimage"},"thumbnailUrl":"https:\/\/ubirataonline.com.br\/wp-content\/uploads\/2025\/09\/54765617468_1545a12b59_o.jpg","datePublished":"2025-09-05T04:18:01+00:00","description":"A partir de novembro deste ano, mais de 15 milh\u00f5es de fam\u00edlias poder\u00e3o retirar, de gra\u00e7a, botij\u00f5es de g\u00e1s de cozinha, em mais de 50 distribuidoras","breadcrumb":{"@id":"https:\/\/ubirataonline.com.br\/gas-do-povo-vai-beneficiar-mais-de-15-milhoes-de-familias\/#breadcrumb"},"inLanguage":"en-US","potentialAction":[{"@type":"ReadAction","target":["https:\/\/ubirataonline.com.br\/gas-do-povo-vai-beneficiar-mais-de-15-milhoes-de-familias\/"]}]},{"@type":"ImageObject","inLanguage":"en-US","@id":"https:\/\/ubirataonline.com.br\/gas-do-povo-vai-beneficiar-mais-de-15-milhoes-de-familias\/#primaryimage","url":"https:\/\/ubirataonline.com.br\/wp-content\/uploads\/2025\/09\/54765617468_1545a12b59_o.jpg","contentUrl":"https:\/\/ubirataonline.com.br\/wp-content\/uploads\/2025\/09\/54765617468_1545a12b59_o.jpg","width":1600,"height":800},{"@type":"BreadcrumbList","@id":"https:\/\/ubirataonline.com.br\/gas-do-povo-vai-beneficiar-mais-de-15-milhoes-de-familias\/#breadcrumb","itemListElement":[{"@type":"ListItem","position":1,"name":"In\u00edcio","item":"https:\/\/ubirataonline.com.br\/"},{"@type":"ListItem","position":2,"name":"G\u00e1s do Povo vai beneficiar mais de 15 milh\u00f5es de fam\u00edlias"}]},{"@type":"WebSite","@id":"https:\/\/ubirataonline.com.br\/#website","url":"https:\/\/ubirataonline.com.br\/","name":"Ubirat\u00e3 Online Not\u00edcias","description":"Not\u00edcias de Ubirat\u00e3, regi\u00e3o, Brasil e mundo, com informa\u00e7\u00e3o atualizada e compromisso com o leitor.","publisher":{"@id":"https:\/\/ubirataonline.com.br\/#organization"},"alternateName":"Ubirat\u00e3 Online","potentialAction":[{"@type":"SearchAction","target":{"@type":"EntryPoint","urlTemplate":"https:\/\/ubirataonline.com.br\/?s={search_term_string}"},"query-input":{"@type":"PropertyValueSpecification","valueRequired":true,"valueName":"search_term_string"}}],"inLanguage":"en-US"},{"@type":["Organization","Place"],"@id":"https:\/\/ubirataonline.com.br\/#organization","name":"Ubirat\u00e3 Online Not\u00edcias","alternateName":"Ubirat\u00e3 Online","url":"https:\/\/ubirataonline.com.br\/","logo":{"@id":"https:\/\/ubirataonline.com.br\/gas-do-povo-vai-beneficiar-mais-de-15-milhoes-de-familias\/#local-main-organization-logo"},"image":{"@id":"https:\/\/ubirataonline.com.br\/gas-do-povo-vai-beneficiar-mais-de-15-milhoes-de-familias\/#local-main-organization-logo"},"sameAs":["https:\/\/www.facebook.com\/portalubirataonline","https:\/\/x.com\/ubirataonline","https:\/\/mastodon.social\/@ubirataonline","https:\/\/www.facebook.com\/groups\/311144672285604","https:\/\/www.facebook.com\/UBTAOnline","https:\/\/www.instagram.com\/portalubirataonline\/","https:\/\/twitter.com\/ubirataonline"],"description":"Somos um portal de not\u00edcias independente, criado em 5 de janeiro de 2009, com o objetivo de informar, conectar e valorizar a nossa comunidade de Ubirat\u00e3 e toda aregi\u00e3o. Com conte\u00fado atualizado, confi\u00e1vel e relevante, o Ubirat\u00e3 Online \u00e9 o seu espa\u00e7o para ficar por dentro dos principais acontecimentos locais, regionais, Brasil, Mundo e de interesse geral. Nosso compromisso \u00e9 com a verdade, a transpar\u00eancia e o respeito ao leitor.","legalName":"UBIRATA ONLINE NOT\u00cdCIAS","foundingDate":"2009-01-05","numberOfEmployees":{"@type":"QuantitativeValue","minValue":"1","maxValue":"10"},"publishingPrinciples":"https:\/\/ubirataonline.com.br\/faq\/","address":{"@id":"https:\/\/ubirataonline.com.br\/gas-do-povo-vai-beneficiar-mais-de-15-milhoes-de-familias\/#local-main-place-address"},"geo":{"@type":"GeoCoordinates","latitude":"-24.5361401","longitude":"-52.9921776"},"telephone":["+5544998308235"],"contactPoint":{"@type":"ContactPoint","email":"contato@ubirataonline.com.br"},"openingHoursSpecification":{"@type":"OpeningHoursSpecification","dayOfWeek":["Monday","Tuesday","Wednesday","Thursday","Friday","Saturday","Sunday"],"opens":"00:00","closes":"23:59"},"email":"contato@ubirataonline.com.br","vatID":"47.621.418\/0001-80"},{"@type":"Person","@id":"https:\/\/ubirataonline.com.br\/#\/schema\/person\/372f87bbd3fdd79b8556b84c98d0bc1c","name":"REDA\u00c7\u00c3O: UBIRAT\u00c3 ONLINE - F\u00c1BIO AUGUSTO CELESTINO","pronouns":"Ele","description":"Desde 2003 trabalhando com not\u00edcias.","sameAs":["http:\/\/ubirataoline.com.br","https:\/\/www.facebook.com\/portalubirataonline","https:\/\/www.instagram.com\/ubirataonline_oficial","https:\/\/x.com\/x.com\/ubirataonline"],"honorificPrefix":"Mr.","honorificSuffix":"MD","birthDate":"1980-06-16","gender":"masculino","award":["V\u00e1rios pr\u00eamios de melhor portal da cidade"],"jobTitle":"Diretor","url":"https:\/\/ubirataonline.com.br\/en\/author\/ubirataonline\/"},{"@type":"PostalAddress","@id":"https:\/\/ubirataonline.com.br\/gas-do-povo-vai-beneficiar-mais-de-15-milhoes-de-familias\/#local-main-place-address","streetAddress":"Rua dos Coqueiros, 104 - Bairro Boa Vista, Rua dos Coqueiros, 104 Bairro Boa Vista","addressLocality":"UBIRATA","postalCode":"85440-000","addressRegion":"PR","addressCountry":"BR"},{"@type":"ImageObject","inLanguage":"en-US","@id":"https:\/\/ubirataonline.com.br\/gas-do-povo-vai-beneficiar-mais-de-15-milhoes-de-familias\/#local-main-organization-logo","url":"https:\/\/ubirataonline.com.br\/wp-content\/uploads\/2026\/06\/logoubirataonline-1.webp","contentUrl":"https:\/\/ubirataonline.com.br\/wp-content\/uploads\/2026\/06\/logoubirataonline-1.webp","width":500,"height":500,"caption":"Ubirat\u00e3 Online Not\u00edcias"}]},"geo.placename":"UBIRATA","geo.position":{"lat":"-24.5361401","long":"-52.9921776"},"geo.region":"Brazil"},"_links":{"self":[{"href":"https:\/\/ubirataonline.com.br\/en\/wp-json\/wp\/v2\/posts\/67199","targetHints":{"allow":["GET"]}}],"collection":[{"href":"https:\/\/ubirataonline.com.br\/en\/wp-json\/wp\/v2\/posts"}],"about":[{"href":"https:\/\/ubirataonline.com.br\/en\/wp-json\/wp\/v2\/types\/post"}],"author":[{"embeddable":true,"href":"https:\/\/ubirataonline.com.br\/en\/wp-json\/wp\/v2\/users\/1"}],"replies":[{"embeddable":true,"href":"https:\/\/ubirataonline.com.br\/en\/wp-json\/wp\/v2\/comments?post=67199"}],"version-history":[{"count":0,"href":"https:\/\/ubirataonline.com.br\/en\/wp-json\/wp\/v2\/posts\/67199\/revisions"}],"wp:featuredmedia":[{"embeddable":true,"href":"https:\/\/ubirataonline.com.br\/en\/wp-json\/wp\/v2\/media\/67200"}],"wp:attachment":[{"href":"https:\/\/ubirataonline.com.br\/en\/wp-json\/wp\/v2\/media?parent=67199"}],"wp:term":[{"taxonomy":"category","embeddable":true,"href":"https:\/\/ubirataonline.com.br\/en\/wp-json\/wp\/v2\/categories?post=67199"},{"taxonomy":"post_tag","embeddable":true,"href":"https:\/\/ubirataonline.com.br\/en\/wp-json\/wp\/v2\/tags?post=67199"}],"curies":[{"name":"wp","href":"https:\/\/api.w.org\/{rel}","templated":true}]}}