{"id":67204,"date":"2025-09-05T02:22:17","date_gmt":"2025-09-05T05:22:17","guid":{"rendered":"https:\/\/ubirataonline.com.br\/o-velho-nao-esta-bem-diz-carlos-bolsonaro-no-segundo-dia-do-julgamento-do-pai\/"},"modified":"2025-09-05T02:22:17","modified_gmt":"2025-09-05T05:22:17","slug":"o-velho-nao-esta-bem-diz-carlos-bolsonaro-no-segundo-dia-do-julgamento-do-pai","status":"publish","type":"post","link":"https:\/\/ubirataonline.com.br\/en\/o-velho-nao-esta-bem-diz-carlos-bolsonaro-no-segundo-dia-do-julgamento-do-pai\/","title":{"rendered":"&#8216;O velho n\u00e3o est\u00e1 bem&#8217;, diz Carlos Bolsonaro no segundo dia do julgamento do pai"},"content":{"rendered":"<p><\/p>\n<div id=\"texto\">\n<p>O vereador Carlos Bolsonaro (PL-RJ) afirmou nesta quarta-feira, 3, que o estado de sa\u00fade do pai, o ex-presidente Jair Bolsonaro, n\u00e3o \u00e9 bom. Em uma publica\u00e7\u00e3o no X (antigo Twitter), afirmou que \u201co velho n\u00e3o est\u00e1 bem, mas resiste\u201d. A declara\u00e7\u00e3o foi dada no segundo dia de julgamento de Bolsonaro e outros r\u00e9us por envolvimento em uma trama golpista.<\/p>\n<p>\u201cTenho acompanhado meu pai, que depende de medica\u00e7\u00f5es indispens\u00e1veis e extremamente controladas para tentar manter sua sa\u00fade\u201d, escreveu. Em outras declara\u00e7\u00f5es, Carlos detalhou que Bolsonaro enfrenta solu\u00e7os e refluxos constantes, mas conta com o apoio da fam\u00edlia e de apoiadores.<\/p>\n<p>Carlos tamb\u00e9m voltou a criticar a pris\u00e3o do ex-presidente, determinada pelo Supremo Tribunal Federal (STF) em 4 de agosto.<\/p>\n<p>\u201cEle resiste n\u00e3o apenas \u00e0 fragilidade do corpo, mas tamb\u00e9m \u00e0s ilegalidades que o mant\u00eam preso, com a sa\u00fade cada vez mais debilitada. Pe\u00e7o que continuem firmes \u2013 n\u00e3o se trata de direita ou esquerda, mas de humanidade\u201d, declarou.<\/p>\n<p>Nesta quarta-feira, Jair Bolsonaro fez uma breve apari\u00e7\u00e3o enquanto caminhava em sua resid\u00eancia, localizada em um condom\u00ednio no Jardim Bot\u00e2nico, em Bras\u00edlia. A ex-primeira-dama Michelle Bolsonaro publicou em suas redes sociais que, neste segundo dia de julgamento, o ex-presidente recebeu flores da empres\u00e1ria Maria Am\u00e9lia.<\/p>\n<p>O ex-presidente \u00e9 r\u00e9u em julgamento na Primeira Turma do STF, ao lado de outros sete militares, acusado de liderar uma organiza\u00e7\u00e3o criminosa que teria planejado uma tentativa de golpe de Estado e at\u00e9 o assassinato de autoridades, como o presidente Luiz In\u00e1cio Lula da Silva (PT) e o ministro Alexandre de Moraes. <\/p>\n<\/p><\/div>\n<p><a href=\"https:\/\/cgn.inf.br\/noticia\/1925496\/o-velho-nao-esta-bem-diz-carlos-bolsonaro-no-segundo-dia-do-julgamento-do-pai\">Source link <\/a><\/p>","protected":false},"excerpt":{"rendered":"<p>O vereador Carlos Bolsonaro (PL-RJ) afirmou nesta quarta-feira, 3, que o estado de sa\u00fade do pai, o ex-presidente Jair Bolsonaro, n\u00e3o \u00e9 bom. Em uma publica\u00e7\u00e3o no X (antigo Twitter), afirmou que \u201co velho n\u00e3o est\u00e1 bem, mas resiste\u201d. A declara\u00e7\u00e3o foi dada no segundo dia de julgamento de Bolsonaro e outros r\u00e9us por envolvimento [&hellip;]<\/p>\n","protected":false},"author":1,"featured_media":63219,"comment_status":"","ping_status":"","sticky":false,"template":"","format":"standard","meta":{"googlesitekit_rrm_CAow2JLhCw:productID":"","_gspb_post_css":"","maa_idioma":"","maa_pais":"","footnotes":""},"categories":[1],"tags":[],"class_list":["post-67204","post","type-post","status-publish","format-standard","has-post-thumbnail","hentry","category-ubirata"],"blocksy_meta":[],"yoast_head":"<!-- This site is optimized with the Yoast SEO Premium plugin v27.6 (Yoast SEO v27.6) - https:\/\/yoast.com\/product\/yoast-seo-premium-wordpress\/ -->\n<title>&#039;O velho n\u00e3o est\u00e1 bem&#039;, diz Carlos Bolsonaro no segundo dia do julgamento do pai - Ubirat\u00e3 Online Not\u00edcias - A realidade ao seu alcance!<\/title>\n<meta name=\"description\" content=\"O vereador Carlos Bolsonaro (PL-RJ) afirmou nesta quarta-feira, 3, que o estado de sa\u00fade do pai, o ex-presidente Jair Bolsonaro, n\u00e3o \u00e9 bom. Em uma\" \/>\n<meta name=\"robots\" content=\"index, follow, max-snippet:-1, max-image-preview:large, max-video-preview:-1\" \/>\n<link rel=\"canonical\" href=\"https:\/\/ubirataonline.com.br\/en\/o-velho-nao-esta-bem-diz-carlos-bolsonaro-no-segundo-dia-do-julgamento-do-pai\/\" \/>\n<meta property=\"og:locale\" content=\"en_US\" \/>\n<meta property=\"og:type\" content=\"article\" \/>\n<meta property=\"og:title\" content=\"&#039;O velho n\u00e3o est\u00e1 bem&#039;, diz Carlos Bolsonaro no segundo dia do julgamento do pai\" \/>\n<meta property=\"og:description\" content=\"O vereador Carlos Bolsonaro (PL-RJ) afirmou nesta quarta-feira, 3, que o estado de sa\u00fade do pai, o ex-presidente Jair Bolsonaro, n\u00e3o \u00e9 bom. Em uma\" \/>\n<meta property=\"og:url\" content=\"https:\/\/ubirataonline.com.br\/en\/o-velho-nao-esta-bem-diz-carlos-bolsonaro-no-segundo-dia-do-julgamento-do-pai\/\" \/>\n<meta property=\"og:site_name\" content=\"Ubirat\u00e3 Online Not\u00edcias - A realidade ao seu alcance!\" \/>\n<meta property=\"article:publisher\" content=\"https:\/\/www.facebook.com\/portalubirataonline\" \/>\n<meta property=\"article:author\" content=\"https:\/\/www.facebook.com\/portalubirataonline\" \/>\n<meta property=\"article:published_time\" content=\"2025-09-05T05:22:17+00:00\" \/>\n<meta property=\"og:image\" content=\"https:\/\/ubirataonline.com.br\/wp-content\/uploads\/2026\/05\/logo2026.webp\" \/>\n\t<meta property=\"og:image:width\" content=\"1531\" \/>\n\t<meta property=\"og:image:height\" content=\"418\" \/>\n\t<meta property=\"og:image:type\" content=\"image\/webp\" \/>\n<meta name=\"author\" content=\"REDA\u00c7\u00c3O: UBIRAT\u00c3 ONLINE - F\u00c1BIO AUGUSTO CELESTINO\" \/>\n<meta name=\"twitter:card\" content=\"summary_large_image\" \/>\n<meta name=\"twitter:creator\" content=\"@x.com\/ubirataonline\" \/>\n<meta name=\"twitter:site\" content=\"@ubirataonline\" \/>\n<meta name=\"twitter:label1\" content=\"Written by\" \/>\n\t<meta name=\"twitter:data1\" content=\"REDA\u00c7\u00c3O: UBIRAT\u00c3 ONLINE - F\u00c1BIO AUGUSTO CELESTINO\" \/>\n\t<meta name=\"twitter:label2\" content=\"Est. reading time\" \/>\n\t<meta name=\"twitter:data2\" content=\"1 minute\" \/>\n<script type=\"application\/ld+json\" class=\"yoast-schema-graph\">{\"@context\":\"https:\\\/\\\/schema.org\",\"@graph\":[{\"@type\":\"NewsArticle\",\"@id\":\"https:\\\/\\\/ubirataonline.com.br\\\/o-velho-nao-esta-bem-diz-carlos-bolsonaro-no-segundo-dia-do-julgamento-do-pai\\\/#article\",\"isPartOf\":{\"@id\":\"https:\\\/\\\/ubirataonline.com.br\\\/o-velho-nao-esta-bem-diz-carlos-bolsonaro-no-segundo-dia-do-julgamento-do-pai\\\/\"},\"author\":{\"name\":\"REDA\u00c7\u00c3O: UBIRAT\u00c3 ONLINE - F\u00c1BIO AUGUSTO CELESTINO\",\"@id\":\"https:\\\/\\\/ubirataonline.com.br\\\/#\\\/schema\\\/person\\\/372f87bbd3fdd79b8556b84c98d0bc1c\"},\"headline\":\"&#8216;O velho n\u00e3o est\u00e1 bem&#8217;, diz Carlos Bolsonaro no segundo dia do julgamento do pai\",\"datePublished\":\"2025-09-05T05:22:17+00:00\",\"mainEntityOfPage\":{\"@id\":\"https:\\\/\\\/ubirataonline.com.br\\\/o-velho-nao-esta-bem-diz-carlos-bolsonaro-no-segundo-dia-do-julgamento-do-pai\\\/\"},\"wordCount\":297,\"publisher\":{\"@id\":\"https:\\\/\\\/ubirataonline.com.br\\\/#organization\"},\"image\":{\"@id\":\"https:\\\/\\\/ubirataonline.com.br\\\/o-velho-nao-esta-bem-diz-carlos-bolsonaro-no-segundo-dia-do-julgamento-do-pai\\\/#primaryimage\"},\"thumbnailUrl\":\"https:\\\/\\\/ubirataonline.com.br\\\/wp-content\\\/uploads\\\/2025\\\/08\\\/CGN768x461.gif\",\"articleSection\":[\"Ubirat\u00e3\"],\"inLanguage\":\"en-US\",\"copyrightYear\":\"2025\",\"copyrightHolder\":{\"@id\":\"https:\\\/\\\/ubirataonline.com.br\\\/en\\\/#organization\"}},{\"@type\":\"WebPage\",\"@id\":\"https:\\\/\\\/ubirataonline.com.br\\\/o-velho-nao-esta-bem-diz-carlos-bolsonaro-no-segundo-dia-do-julgamento-do-pai\\\/\",\"url\":\"https:\\\/\\\/ubirataonline.com.br\\\/o-velho-nao-esta-bem-diz-carlos-bolsonaro-no-segundo-dia-do-julgamento-do-pai\\\/\",\"name\":\"'O velho n\u00e3o est\u00e1 bem', diz Carlos Bolsonaro no segundo dia do julgamento do pai - Ubirat\u00e3 Online Not\u00edcias - A realidade ao seu alcance!\",\"isPartOf\":{\"@id\":\"https:\\\/\\\/ubirataonline.com.br\\\/#website\"},\"primaryImageOfPage\":{\"@id\":\"https:\\\/\\\/ubirataonline.com.br\\\/o-velho-nao-esta-bem-diz-carlos-bolsonaro-no-segundo-dia-do-julgamento-do-pai\\\/#primaryimage\"},\"image\":{\"@id\":\"https:\\\/\\\/ubirataonline.com.br\\\/o-velho-nao-esta-bem-diz-carlos-bolsonaro-no-segundo-dia-do-julgamento-do-pai\\\/#primaryimage\"},\"thumbnailUrl\":\"https:\\\/\\\/ubirataonline.com.br\\\/wp-content\\\/uploads\\\/2025\\\/08\\\/CGN768x461.gif\",\"datePublished\":\"2025-09-05T05:22:17+00:00\",\"description\":\"O vereador Carlos Bolsonaro (PL-RJ) afirmou nesta quarta-feira, 3, que o estado de sa\u00fade do pai, o ex-presidente Jair Bolsonaro, n\u00e3o \u00e9 bom. Em uma\",\"breadcrumb\":{\"@id\":\"https:\\\/\\\/ubirataonline.com.br\\\/o-velho-nao-esta-bem-diz-carlos-bolsonaro-no-segundo-dia-do-julgamento-do-pai\\\/#breadcrumb\"},\"inLanguage\":\"en-US\",\"potentialAction\":[{\"@type\":\"ReadAction\",\"target\":[\"https:\\\/\\\/ubirataonline.com.br\\\/o-velho-nao-esta-bem-diz-carlos-bolsonaro-no-segundo-dia-do-julgamento-do-pai\\\/\"]}]},{\"@type\":\"ImageObject\",\"inLanguage\":\"en-US\",\"@id\":\"https:\\\/\\\/ubirataonline.com.br\\\/o-velho-nao-esta-bem-diz-carlos-bolsonaro-no-segundo-dia-do-julgamento-do-pai\\\/#primaryimage\",\"url\":\"https:\\\/\\\/ubirataonline.com.br\\\/wp-content\\\/uploads\\\/2025\\\/08\\\/CGN768x461.gif\",\"contentUrl\":\"https:\\\/\\\/ubirataonline.com.br\\\/wp-content\\\/uploads\\\/2025\\\/08\\\/CGN768x461.gif\",\"width\":768,\"height\":461},{\"@type\":\"BreadcrumbList\",\"@id\":\"https:\\\/\\\/ubirataonline.com.br\\\/o-velho-nao-esta-bem-diz-carlos-bolsonaro-no-segundo-dia-do-julgamento-do-pai\\\/#breadcrumb\",\"itemListElement\":[{\"@type\":\"ListItem\",\"position\":1,\"name\":\"In\u00edcio\",\"item\":\"https:\\\/\\\/ubirataonline.com.br\\\/\"},{\"@type\":\"ListItem\",\"position\":2,\"name\":\"&#8216;O velho n\u00e3o est\u00e1 bem&#8217;, diz Carlos Bolsonaro no segundo dia do julgamento do pai\"}]},{\"@type\":\"WebSite\",\"@id\":\"https:\\\/\\\/ubirataonline.com.br\\\/#website\",\"url\":\"https:\\\/\\\/ubirataonline.com.br\\\/\",\"name\":\"Ubirat\u00e3 Online Not\u00edcias\",\"description\":\"Not\u00edcias de Ubirat\u00e3, regi\u00e3o, Brasil e mundo, com informa\u00e7\u00e3o atualizada e compromisso com o leitor.\",\"publisher\":{\"@id\":\"https:\\\/\\\/ubirataonline.com.br\\\/#organization\"},\"alternateName\":\"Ubirat\u00e3 Online\",\"potentialAction\":[{\"@type\":\"SearchAction\",\"target\":{\"@type\":\"EntryPoint\",\"urlTemplate\":\"https:\\\/\\\/ubirataonline.com.br\\\/?s={search_term_string}\"},\"query-input\":{\"@type\":\"PropertyValueSpecification\",\"valueRequired\":true,\"valueName\":\"search_term_string\"}}],\"inLanguage\":\"en-US\"},{\"@type\":[\"Organization\",\"Place\"],\"@id\":\"https:\\\/\\\/ubirataonline.com.br\\\/#organization\",\"name\":\"Ubirat\u00e3 Online Not\u00edcias\",\"alternateName\":\"Ubirat\u00e3 Online\",\"url\":\"https:\\\/\\\/ubirataonline.com.br\\\/\",\"logo\":{\"@id\":\"https:\\\/\\\/ubirataonline.com.br\\\/o-velho-nao-esta-bem-diz-carlos-bolsonaro-no-segundo-dia-do-julgamento-do-pai\\\/#local-main-organization-logo\"},\"image\":{\"@id\":\"https:\\\/\\\/ubirataonline.com.br\\\/o-velho-nao-esta-bem-diz-carlos-bolsonaro-no-segundo-dia-do-julgamento-do-pai\\\/#local-main-organization-logo\"},\"sameAs\":[\"https:\\\/\\\/www.facebook.com\\\/portalubirataonline\",\"https:\\\/\\\/x.com\\\/ubirataonline\",\"https:\\\/\\\/mastodon.social\\\/@ubirataonline\",\"https:\\\/\\\/www.facebook.com\\\/groups\\\/311144672285604\",\"https:\\\/\\\/www.facebook.com\\\/UBTAOnline\",\"https:\\\/\\\/www.instagram.com\\\/portalubirataonline\\\/\",\"https:\\\/\\\/twitter.com\\\/ubirataonline\"],\"description\":\"Somos um portal de not\u00edcias independente, criado em 5 de janeiro de 2009, com o objetivo de informar, conectar e valorizar a nossa comunidade de Ubirat\u00e3 e toda aregi\u00e3o. Com conte\u00fado atualizado, confi\u00e1vel e relevante, o Ubirat\u00e3 Online \u00e9 o seu espa\u00e7o para ficar por dentro dos principais acontecimentos locais, regionais, Brasil, Mundo e de interesse geral. Nosso compromisso \u00e9 com a verdade, a transpar\u00eancia e o respeito ao leitor.\",\"legalName\":\"UBIRATA ONLINE NOT\u00cdCIAS\",\"foundingDate\":\"2009-01-05\",\"numberOfEmployees\":{\"@type\":\"QuantitativeValue\",\"minValue\":\"1\",\"maxValue\":\"10\"},\"publishingPrinciples\":\"https:\\\/\\\/ubirataonline.com.br\\\/faq\\\/\",\"address\":{\"@id\":\"https:\\\/\\\/ubirataonline.com.br\\\/o-velho-nao-esta-bem-diz-carlos-bolsonaro-no-segundo-dia-do-julgamento-do-pai\\\/#local-main-place-address\"},\"geo\":{\"@type\":\"GeoCoordinates\",\"latitude\":\"-24.5361401\",\"longitude\":\"-52.9921776\"},\"telephone\":[\"+5544998308235\"],\"contactPoint\":{\"@type\":\"ContactPoint\",\"email\":\"contato@ubirataonline.com.br\"},\"openingHoursSpecification\":{\"@type\":\"OpeningHoursSpecification\",\"dayOfWeek\":[\"Monday\",\"Tuesday\",\"Wednesday\",\"Thursday\",\"Friday\",\"Saturday\",\"Sunday\"],\"opens\":\"00:00\",\"closes\":\"23:59\"},\"email\":\"contato@ubirataonline.com.br\",\"vatID\":\"47.621.418\\\/0001-80\"},{\"@type\":\"Person\",\"@id\":\"https:\\\/\\\/ubirataonline.com.br\\\/#\\\/schema\\\/person\\\/372f87bbd3fdd79b8556b84c98d0bc1c\",\"name\":\"REDA\u00c7\u00c3O: UBIRAT\u00c3 ONLINE - F\u00c1BIO AUGUSTO CELESTINO\",\"pronouns\":\"Ele\",\"description\":\"Desde 2003 trabalhando com not\u00edcias.\",\"sameAs\":[\"http:\\\/\\\/ubirataoline.com.br\",\"https:\\\/\\\/www.facebook.com\\\/portalubirataonline\",\"https:\\\/\\\/www.instagram.com\\\/ubirataonline_oficial\",\"https:\\\/\\\/x.com\\\/x.com\\\/ubirataonline\"],\"honorificPrefix\":\"Mr.\",\"honorificSuffix\":\"MD\",\"birthDate\":\"1980-06-16\",\"gender\":\"masculino\",\"award\":[\"V\u00e1rios pr\u00eamios de melhor portal da cidade\"],\"jobTitle\":\"Diretor\",\"url\":\"https:\\\/\\\/ubirataonline.com.br\\\/en\\\/author\\\/ubirataonline\\\/\"},{\"@type\":\"PostalAddress\",\"@id\":\"https:\\\/\\\/ubirataonline.com.br\\\/o-velho-nao-esta-bem-diz-carlos-bolsonaro-no-segundo-dia-do-julgamento-do-pai\\\/#local-main-place-address\",\"streetAddress\":\"Rua dos Coqueiros, 104 - Bairro Boa Vista, Rua dos Coqueiros, 104 Bairro Boa Vista\",\"addressLocality\":\"UBIRATA\",\"postalCode\":\"85440-000\",\"addressRegion\":\"PR\",\"addressCountry\":\"BR\"},{\"@type\":\"ImageObject\",\"inLanguage\":\"en-US\",\"@id\":\"https:\\\/\\\/ubirataonline.com.br\\\/o-velho-nao-esta-bem-diz-carlos-bolsonaro-no-segundo-dia-do-julgamento-do-pai\\\/#local-main-organization-logo\",\"url\":\"https:\\\/\\\/ubirataonline.com.br\\\/wp-content\\\/uploads\\\/2026\\\/06\\\/logoubirataonline-1.webp\",\"contentUrl\":\"https:\\\/\\\/ubirataonline.com.br\\\/wp-content\\\/uploads\\\/2026\\\/06\\\/logoubirataonline-1.webp\",\"width\":500,\"height\":500,\"caption\":\"Ubirat\u00e3 Online Not\u00edcias\"}]}<\/script>\n<meta name=\"geo.placename\" content=\"UBIRATA\" \/>\n<meta name=\"geo.position\" content=\"-24.5361401;-52.9921776\" \/>\n<meta name=\"geo.region\" content=\"Brazil\" \/>\n<!-- \/ Yoast SEO Premium plugin. -->","yoast_head_json":{"title":"'O velho n\u00e3o est\u00e1 bem', diz Carlos Bolsonaro no segundo dia do julgamento do pai - Ubirat\u00e3 Online Not\u00edcias - A realidade ao seu alcance!","description":"O vereador Carlos Bolsonaro (PL-RJ) afirmou nesta quarta-feira, 3, que o estado de sa\u00fade do pai, o ex-presidente Jair Bolsonaro, n\u00e3o \u00e9 bom. Em uma","robots":{"index":"index","follow":"follow","max-snippet":"max-snippet:-1","max-image-preview":"max-image-preview:large","max-video-preview":"max-video-preview:-1"},"canonical":"https:\/\/ubirataonline.com.br\/en\/o-velho-nao-esta-bem-diz-carlos-bolsonaro-no-segundo-dia-do-julgamento-do-pai\/","og_locale":"en_US","og_type":"article","og_title":"'O velho n\u00e3o est\u00e1 bem', diz Carlos Bolsonaro no segundo dia do julgamento do pai","og_description":"O vereador Carlos Bolsonaro (PL-RJ) afirmou nesta quarta-feira, 3, que o estado de sa\u00fade do pai, o ex-presidente Jair Bolsonaro, n\u00e3o \u00e9 bom. Em uma","og_url":"https:\/\/ubirataonline.com.br\/en\/o-velho-nao-esta-bem-diz-carlos-bolsonaro-no-segundo-dia-do-julgamento-do-pai\/","og_site_name":"Ubirat\u00e3 Online Not\u00edcias - A realidade ao seu alcance!","article_publisher":"https:\/\/www.facebook.com\/portalubirataonline","article_author":"https:\/\/www.facebook.com\/portalubirataonline","article_published_time":"2025-09-05T05:22:17+00:00","og_image":[{"width":1531,"height":418,"url":"https:\/\/ubirataonline.com.br\/wp-content\/uploads\/2026\/05\/logo2026.webp","type":"image\/webp"}],"author":"REDA\u00c7\u00c3O: UBIRAT\u00c3 ONLINE - F\u00c1BIO AUGUSTO CELESTINO","twitter_card":"summary_large_image","twitter_creator":"@x.com\/ubirataonline","twitter_site":"@ubirataonline","twitter_misc":{"Written by":"REDA\u00c7\u00c3O: UBIRAT\u00c3 ONLINE - F\u00c1BIO AUGUSTO CELESTINO","Est. reading time":"1 minute"},"schema":{"@context":"https:\/\/schema.org","@graph":[{"@type":"NewsArticle","@id":"https:\/\/ubirataonline.com.br\/o-velho-nao-esta-bem-diz-carlos-bolsonaro-no-segundo-dia-do-julgamento-do-pai\/#article","isPartOf":{"@id":"https:\/\/ubirataonline.com.br\/o-velho-nao-esta-bem-diz-carlos-bolsonaro-no-segundo-dia-do-julgamento-do-pai\/"},"author":{"name":"REDA\u00c7\u00c3O: UBIRAT\u00c3 ONLINE - F\u00c1BIO AUGUSTO CELESTINO","@id":"https:\/\/ubirataonline.com.br\/#\/schema\/person\/372f87bbd3fdd79b8556b84c98d0bc1c"},"headline":"&#8216;O velho n\u00e3o est\u00e1 bem&#8217;, diz Carlos Bolsonaro no segundo dia do julgamento do pai","datePublished":"2025-09-05T05:22:17+00:00","mainEntityOfPage":{"@id":"https:\/\/ubirataonline.com.br\/o-velho-nao-esta-bem-diz-carlos-bolsonaro-no-segundo-dia-do-julgamento-do-pai\/"},"wordCount":297,"publisher":{"@id":"https:\/\/ubirataonline.com.br\/#organization"},"image":{"@id":"https:\/\/ubirataonline.com.br\/o-velho-nao-esta-bem-diz-carlos-bolsonaro-no-segundo-dia-do-julgamento-do-pai\/#primaryimage"},"thumbnailUrl":"https:\/\/ubirataonline.com.br\/wp-content\/uploads\/2025\/08\/CGN768x461.gif","articleSection":["Ubirat\u00e3"],"inLanguage":"en-US","copyrightYear":"2025","copyrightHolder":{"@id":"https:\/\/ubirataonline.com.br\/en\/#organization"}},{"@type":"WebPage","@id":"https:\/\/ubirataonline.com.br\/o-velho-nao-esta-bem-diz-carlos-bolsonaro-no-segundo-dia-do-julgamento-do-pai\/","url":"https:\/\/ubirataonline.com.br\/o-velho-nao-esta-bem-diz-carlos-bolsonaro-no-segundo-dia-do-julgamento-do-pai\/","name":"'O velho n\u00e3o est\u00e1 bem', diz Carlos Bolsonaro no segundo dia do julgamento do pai - Ubirat\u00e3 Online Not\u00edcias - A realidade ao seu alcance!","isPartOf":{"@id":"https:\/\/ubirataonline.com.br\/#website"},"primaryImageOfPage":{"@id":"https:\/\/ubirataonline.com.br\/o-velho-nao-esta-bem-diz-carlos-bolsonaro-no-segundo-dia-do-julgamento-do-pai\/#primaryimage"},"image":{"@id":"https:\/\/ubirataonline.com.br\/o-velho-nao-esta-bem-diz-carlos-bolsonaro-no-segundo-dia-do-julgamento-do-pai\/#primaryimage"},"thumbnailUrl":"https:\/\/ubirataonline.com.br\/wp-content\/uploads\/2025\/08\/CGN768x461.gif","datePublished":"2025-09-05T05:22:17+00:00","description":"O vereador Carlos Bolsonaro (PL-RJ) afirmou nesta quarta-feira, 3, que o estado de sa\u00fade do pai, o ex-presidente Jair Bolsonaro, n\u00e3o \u00e9 bom. Em uma","breadcrumb":{"@id":"https:\/\/ubirataonline.com.br\/o-velho-nao-esta-bem-diz-carlos-bolsonaro-no-segundo-dia-do-julgamento-do-pai\/#breadcrumb"},"inLanguage":"en-US","potentialAction":[{"@type":"ReadAction","target":["https:\/\/ubirataonline.com.br\/o-velho-nao-esta-bem-diz-carlos-bolsonaro-no-segundo-dia-do-julgamento-do-pai\/"]}]},{"@type":"ImageObject","inLanguage":"en-US","@id":"https:\/\/ubirataonline.com.br\/o-velho-nao-esta-bem-diz-carlos-bolsonaro-no-segundo-dia-do-julgamento-do-pai\/#primaryimage","url":"https:\/\/ubirataonline.com.br\/wp-content\/uploads\/2025\/08\/CGN768x461.gif","contentUrl":"https:\/\/ubirataonline.com.br\/wp-content\/uploads\/2025\/08\/CGN768x461.gif","width":768,"height":461},{"@type":"BreadcrumbList","@id":"https:\/\/ubirataonline.com.br\/o-velho-nao-esta-bem-diz-carlos-bolsonaro-no-segundo-dia-do-julgamento-do-pai\/#breadcrumb","itemListElement":[{"@type":"ListItem","position":1,"name":"In\u00edcio","item":"https:\/\/ubirataonline.com.br\/"},{"@type":"ListItem","position":2,"name":"&#8216;O velho n\u00e3o est\u00e1 bem&#8217;, diz Carlos Bolsonaro no segundo dia do julgamento do pai"}]},{"@type":"WebSite","@id":"https:\/\/ubirataonline.com.br\/#website","url":"https:\/\/ubirataonline.com.br\/","name":"Ubirat\u00e3 Online Not\u00edcias","description":"Not\u00edcias de Ubirat\u00e3, regi\u00e3o, Brasil e mundo, com informa\u00e7\u00e3o atualizada e compromisso com o leitor.","publisher":{"@id":"https:\/\/ubirataonline.com.br\/#organization"},"alternateName":"Ubirat\u00e3 Online","potentialAction":[{"@type":"SearchAction","target":{"@type":"EntryPoint","urlTemplate":"https:\/\/ubirataonline.com.br\/?s={search_term_string}"},"query-input":{"@type":"PropertyValueSpecification","valueRequired":true,"valueName":"search_term_string"}}],"inLanguage":"en-US"},{"@type":["Organization","Place"],"@id":"https:\/\/ubirataonline.com.br\/#organization","name":"Ubirat\u00e3 Online Not\u00edcias","alternateName":"Ubirat\u00e3 Online","url":"https:\/\/ubirataonline.com.br\/","logo":{"@id":"https:\/\/ubirataonline.com.br\/o-velho-nao-esta-bem-diz-carlos-bolsonaro-no-segundo-dia-do-julgamento-do-pai\/#local-main-organization-logo"},"image":{"@id":"https:\/\/ubirataonline.com.br\/o-velho-nao-esta-bem-diz-carlos-bolsonaro-no-segundo-dia-do-julgamento-do-pai\/#local-main-organization-logo"},"sameAs":["https:\/\/www.facebook.com\/portalubirataonline","https:\/\/x.com\/ubirataonline","https:\/\/mastodon.social\/@ubirataonline","https:\/\/www.facebook.com\/groups\/311144672285604","https:\/\/www.facebook.com\/UBTAOnline","https:\/\/www.instagram.com\/portalubirataonline\/","https:\/\/twitter.com\/ubirataonline"],"description":"Somos um portal de not\u00edcias independente, criado em 5 de janeiro de 2009, com o objetivo de informar, conectar e valorizar a nossa comunidade de Ubirat\u00e3 e toda aregi\u00e3o. Com conte\u00fado atualizado, confi\u00e1vel e relevante, o Ubirat\u00e3 Online \u00e9 o seu espa\u00e7o para ficar por dentro dos principais acontecimentos locais, regionais, Brasil, Mundo e de interesse geral. Nosso compromisso \u00e9 com a verdade, a transpar\u00eancia e o respeito ao leitor.","legalName":"UBIRATA ONLINE NOT\u00cdCIAS","foundingDate":"2009-01-05","numberOfEmployees":{"@type":"QuantitativeValue","minValue":"1","maxValue":"10"},"publishingPrinciples":"https:\/\/ubirataonline.com.br\/faq\/","address":{"@id":"https:\/\/ubirataonline.com.br\/o-velho-nao-esta-bem-diz-carlos-bolsonaro-no-segundo-dia-do-julgamento-do-pai\/#local-main-place-address"},"geo":{"@type":"GeoCoordinates","latitude":"-24.5361401","longitude":"-52.9921776"},"telephone":["+5544998308235"],"contactPoint":{"@type":"ContactPoint","email":"contato@ubirataonline.com.br"},"openingHoursSpecification":{"@type":"OpeningHoursSpecification","dayOfWeek":["Monday","Tuesday","Wednesday","Thursday","Friday","Saturday","Sunday"],"opens":"00:00","closes":"23:59"},"email":"contato@ubirataonline.com.br","vatID":"47.621.418\/0001-80"},{"@type":"Person","@id":"https:\/\/ubirataonline.com.br\/#\/schema\/person\/372f87bbd3fdd79b8556b84c98d0bc1c","name":"REDA\u00c7\u00c3O: UBIRAT\u00c3 ONLINE - F\u00c1BIO AUGUSTO CELESTINO","pronouns":"Ele","description":"Desde 2003 trabalhando com not\u00edcias.","sameAs":["http:\/\/ubirataoline.com.br","https:\/\/www.facebook.com\/portalubirataonline","https:\/\/www.instagram.com\/ubirataonline_oficial","https:\/\/x.com\/x.com\/ubirataonline"],"honorificPrefix":"Mr.","honorificSuffix":"MD","birthDate":"1980-06-16","gender":"masculino","award":["V\u00e1rios pr\u00eamios de melhor portal da cidade"],"jobTitle":"Diretor","url":"https:\/\/ubirataonline.com.br\/en\/author\/ubirataonline\/"},{"@type":"PostalAddress","@id":"https:\/\/ubirataonline.com.br\/o-velho-nao-esta-bem-diz-carlos-bolsonaro-no-segundo-dia-do-julgamento-do-pai\/#local-main-place-address","streetAddress":"Rua dos Coqueiros, 104 - Bairro Boa Vista, Rua dos Coqueiros, 104 Bairro Boa Vista","addressLocality":"UBIRATA","postalCode":"85440-000","addressRegion":"PR","addressCountry":"BR"},{"@type":"ImageObject","inLanguage":"en-US","@id":"https:\/\/ubirataonline.com.br\/o-velho-nao-esta-bem-diz-carlos-bolsonaro-no-segundo-dia-do-julgamento-do-pai\/#local-main-organization-logo","url":"https:\/\/ubirataonline.com.br\/wp-content\/uploads\/2026\/06\/logoubirataonline-1.webp","contentUrl":"https:\/\/ubirataonline.com.br\/wp-content\/uploads\/2026\/06\/logoubirataonline-1.webp","width":500,"height":500,"caption":"Ubirat\u00e3 Online Not\u00edcias"}]},"geo.placename":"UBIRATA","geo.position":{"lat":"-24.5361401","long":"-52.9921776"},"geo.region":"Brazil"},"_links":{"self":[{"href":"https:\/\/ubirataonline.com.br\/en\/wp-json\/wp\/v2\/posts\/67204","targetHints":{"allow":["GET"]}}],"collection":[{"href":"https:\/\/ubirataonline.com.br\/en\/wp-json\/wp\/v2\/posts"}],"about":[{"href":"https:\/\/ubirataonline.com.br\/en\/wp-json\/wp\/v2\/types\/post"}],"author":[{"embeddable":true,"href":"https:\/\/ubirataonline.com.br\/en\/wp-json\/wp\/v2\/users\/1"}],"replies":[{"embeddable":true,"href":"https:\/\/ubirataonline.com.br\/en\/wp-json\/wp\/v2\/comments?post=67204"}],"version-history":[{"count":0,"href":"https:\/\/ubirataonline.com.br\/en\/wp-json\/wp\/v2\/posts\/67204\/revisions"}],"wp:featuredmedia":[{"embeddable":true,"href":"https:\/\/ubirataonline.com.br\/en\/wp-json\/wp\/v2\/media\/63219"}],"wp:attachment":[{"href":"https:\/\/ubirataonline.com.br\/en\/wp-json\/wp\/v2\/media?parent=67204"}],"wp:term":[{"taxonomy":"category","embeddable":true,"href":"https:\/\/ubirataonline.com.br\/en\/wp-json\/wp\/v2\/categories?post=67204"},{"taxonomy":"post_tag","embeddable":true,"href":"https:\/\/ubirataonline.com.br\/en\/wp-json\/wp\/v2\/tags?post=67204"}],"curies":[{"name":"wp","href":"https:\/\/api.w.org\/{rel}","templated":true}]}}