{"id":67219,"date":"2025-09-05T06:22:43","date_gmt":"2025-09-05T09:22:43","guid":{"rendered":"https:\/\/ubirataonline.com.br\/a-resposta-de-moraes-as-acusacoes-de-seu-ex-assessor-cartacapital\/"},"modified":"2025-09-05T06:22:43","modified_gmt":"2025-09-05T09:22:43","slug":"a-resposta-de-moraes-as-acusacoes-de-seu-ex-assessor-cartacapital","status":"publish","type":"post","link":"https:\/\/ubirataonline.com.br\/en\/a-resposta-de-moraes-as-acusacoes-de-seu-ex-assessor-cartacapital\/","title":{"rendered":"A resposta de Moraes \u00e0s acusa\u00e7\u00f5es de seu ex-assessor \u2013 CartaCapital"},"content":{"rendered":"<p><\/p>\n<div><iframe loading=\"lazy\" class=\"home-block-only-mobile\" width=\"100%\" height=\"88\" src=\"https:\/\/www.cartacapital.com.br\/wp-content\/themes\/readanddigest-child\/index.php?_=mobile-cover\"><\/iframe><\/p>\n<p>O ministro <strong>Alexandre de Moraes<\/strong>, do Supremo Tribunal Federal, rebateu nesta quinta-feira 4 as acusa\u00e7\u00f5es feitas por seu ex-assessor\u00a0<strong>Eduardo Tagliaferro<\/strong>\u00a0em uma <a href=\"https:\/\/www.cartacapital.com.br\/politica\/ex-assessor-acusa-moraes-de-irregularidades-em-investigacao-do-8-de-janeiro\/\">audi\u00eancia<\/a> no Senado.\n<\/p>\n<p>Tagliaferro, que chefiou a Assessoria Especial de Enfrentamento \u00e0 Desinforma\u00e7\u00e3o quando Moraes era presidente do Tribunal Superior Eleitoral, afirmou\u00a0\u00e0 Comiss\u00e3o de Seguran\u00e7a P\u00fablica que seu ent\u00e3o chefe teria adulterado documentos para justificar opera\u00e7\u00f5es da Pol\u00edcia Federal. O perito tamb\u00e9m disse que o ministro ordenava a produ\u00e7\u00e3o de relat\u00f3rios de monitoramento ap\u00f3s supostos pedidos informais de \u201cparceiros\u201d.\n<\/p>\n<p>Em nota, o ministro do STF declarou que todos os procedimentos de investiga\u00e7\u00e3o foram regulares. Sustentou ainda que a assessoria do TSE foi acionada para recolher dados e que estes foram repassados \u00e0s autoridades competentes. \u201cOs relat\u00f3rios simplesmente descreviam as postagens il\u00edcitas realizadas nas redes sociais, de maneira objetiva, em virtude de estarem diretamente ligadas as investiga\u00e7\u00f5es de mil\u00edcias digitais.\u201d\n<\/p>\n<p>\u201cV\u00e1rios desses relat\u00f3rios foram juntados nessas investiga\u00e7\u00f5es e em outras conexas e enviadas \u00e0 Pol\u00edcia Federal para a continuidade das dilig\u00eancias necess\u00e1rias, sempre com ci\u00eancia \u00e0 Procuradoria Geral da Rep\u00fablica. Todos os procedimentos foram oficiais, regulares e est\u00e3o devidamente documentados nos inqu\u00e9ritos e investiga\u00e7\u00f5es em curso no STF.\u201d\n<\/p>\n<p><a href=\"https:\/\/www.cartacapital.com.br\/politica\/pgr-denuncia-ex-assessor-de-moraes-por-tentativa-de-abolicao-do-estado-e-obstrucao\/\">Denunciado<\/a>\u00a0pela Procuradoria-Geral da Rep\u00fablica por\u00a0tentativa de aboli\u00e7\u00e3o do Estado Democr\u00e1tico de Direito, viola\u00e7\u00e3o de sigilo funcional, coa\u00e7\u00e3o no curso do processo e obstru\u00e7\u00e3o de investiga\u00e7\u00e3o envolvendo organiza\u00e7\u00e3o criminosa, Eduardo Tagliaferro vive na It\u00e1lia e foi ouvido por videoconfer\u00eancia. Ele dep\u00f4s simultaneamente ao julgamento de\u00a0<strong>Jair Bolsonaro<\/strong>\u00a0(PL) no STF.\n<\/p>\n<p>Na avalia\u00e7\u00e3o do procurador-geral Paulo Gonet, o perito\u00a0agiu contra a legitimidade do processo eleitoral brasileiro e atuou para prejudicar as investiga\u00e7\u00f5es de atos antidemocr\u00e1ticos ao vazar\u00a0mensagens relacionadas a Moraes.\u00a0O ministro\u00a0<a href=\"https:\/\/www.cartacapital.com.br\/justica\/moraes-pede-que-ex-assessor-eduardo-tagliaferro-seja-extraditado\/\">chegou a pedir a extradi\u00e7\u00e3o do ex-assessor<\/a>, mas o pedido ainda n\u00e3o foi analisado. Durante a oitiva no Senado, Tagliaferro afirmou\u00a0n\u00e3o ter inten\u00e7\u00e3o de voltar ao Brasil por temer por sua vida.<\/p>\n<\/div>\n<p><a href=\"https:\/\/www.cartacapital.com.br\/justica\/a-resposta-de-moraes-as-acusacoes-de-seu-ex-assessor\/\">Source link <\/a><\/p>","protected":false},"excerpt":{"rendered":"<p>O ministro Alexandre de Moraes, do Supremo Tribunal Federal, rebateu nesta quinta-feira 4 as acusa\u00e7\u00f5es feitas por seu ex-assessor\u00a0Eduardo Tagliaferro\u00a0em uma audi\u00eancia no Senado. Tagliaferro, que chefiou a Assessoria Especial de Enfrentamento \u00e0 Desinforma\u00e7\u00e3o quando Moraes era presidente do Tribunal Superior Eleitoral, afirmou\u00a0\u00e0 Comiss\u00e3o de Seguran\u00e7a P\u00fablica que seu ent\u00e3o chefe teria adulterado documentos para [&hellip;]<\/p>\n","protected":false},"author":1,"featured_media":67220,"comment_status":"","ping_status":"","sticky":false,"template":"","format":"standard","meta":{"googlesitekit_rrm_CAow2JLhCw:productID":"","_gspb_post_css":"","maa_idioma":"","maa_pais":"","footnotes":""},"categories":[4],"tags":[],"class_list":["post-67219","post","type-post","status-publish","format-standard","has-post-thumbnail","hentry","category-brasil"],"blocksy_meta":[],"yoast_head":"<!-- This site is optimized with the Yoast SEO Premium plugin v27.6 (Yoast SEO v27.6) - https:\/\/yoast.com\/product\/yoast-seo-premium-wordpress\/ -->\n<title>A resposta de Moraes \u00e0s acusa\u00e7\u00f5es de seu ex-assessor \u2013 CartaCapital - Ubirat\u00e3 Online Not\u00edcias - A realidade ao seu alcance!<\/title>\n<meta name=\"description\" content=\"O ministro Alexandre de Moraes, do Supremo Tribunal Federal, rebateu nesta quinta-feira 4 as acusa\u00e7\u00f5es feitas por seu ex-assessor\u00a0Eduardo Tagliaferro\u00a0em\" \/>\n<meta name=\"robots\" content=\"index, follow, max-snippet:-1, max-image-preview:large, max-video-preview:-1\" \/>\n<link rel=\"canonical\" href=\"https:\/\/ubirataonline.com.br\/en\/a-resposta-de-moraes-as-acusacoes-de-seu-ex-assessor-cartacapital\/\" \/>\n<meta property=\"og:locale\" content=\"en_US\" \/>\n<meta property=\"og:type\" content=\"article\" \/>\n<meta property=\"og:title\" content=\"A resposta de Moraes \u00e0s acusa\u00e7\u00f5es de seu ex-assessor \u2013 CartaCapital\" \/>\n<meta property=\"og:description\" content=\"O ministro Alexandre de Moraes, do Supremo Tribunal Federal, rebateu nesta quinta-feira 4 as acusa\u00e7\u00f5es feitas por seu ex-assessor\u00a0Eduardo Tagliaferro\u00a0em\" \/>\n<meta property=\"og:url\" content=\"https:\/\/ubirataonline.com.br\/en\/a-resposta-de-moraes-as-acusacoes-de-seu-ex-assessor-cartacapital\/\" \/>\n<meta property=\"og:site_name\" content=\"Ubirat\u00e3 Online Not\u00edcias - A realidade ao seu alcance!\" \/>\n<meta property=\"article:publisher\" content=\"https:\/\/www.facebook.com\/portalubirataonline\" \/>\n<meta property=\"article:author\" content=\"https:\/\/www.facebook.com\/portalubirataonline\" \/>\n<meta property=\"article:published_time\" content=\"2025-09-05T09:22:43+00:00\" \/>\n<meta property=\"og:image\" content=\"https:\/\/ubirataonline.com.br\/wp-content\/uploads\/2026\/05\/logo2026.webp\" \/>\n\t<meta property=\"og:image:width\" content=\"1531\" \/>\n\t<meta property=\"og:image:height\" content=\"418\" \/>\n\t<meta property=\"og:image:type\" content=\"image\/webp\" \/>\n<meta name=\"author\" content=\"REDA\u00c7\u00c3O: UBIRAT\u00c3 ONLINE - F\u00c1BIO AUGUSTO CELESTINO\" \/>\n<meta name=\"twitter:card\" content=\"summary_large_image\" \/>\n<meta name=\"twitter:creator\" content=\"@x.com\/ubirataonline\" \/>\n<meta name=\"twitter:site\" content=\"@ubirataonline\" \/>\n<meta name=\"twitter:label1\" content=\"Written by\" \/>\n\t<meta name=\"twitter:data1\" content=\"REDA\u00c7\u00c3O: UBIRAT\u00c3 ONLINE - F\u00c1BIO AUGUSTO CELESTINO\" \/>\n\t<meta name=\"twitter:label2\" content=\"Est. reading time\" \/>\n\t<meta name=\"twitter:data2\" content=\"2 minutes\" \/>\n<script type=\"application\/ld+json\" class=\"yoast-schema-graph\">{\"@context\":\"https:\\\/\\\/schema.org\",\"@graph\":[{\"@type\":\"NewsArticle\",\"@id\":\"https:\\\/\\\/ubirataonline.com.br\\\/a-resposta-de-moraes-as-acusacoes-de-seu-ex-assessor-cartacapital\\\/#article\",\"isPartOf\":{\"@id\":\"https:\\\/\\\/ubirataonline.com.br\\\/a-resposta-de-moraes-as-acusacoes-de-seu-ex-assessor-cartacapital\\\/\"},\"author\":{\"name\":\"REDA\u00c7\u00c3O: UBIRAT\u00c3 ONLINE - F\u00c1BIO AUGUSTO CELESTINO\",\"@id\":\"https:\\\/\\\/ubirataonline.com.br\\\/#\\\/schema\\\/person\\\/372f87bbd3fdd79b8556b84c98d0bc1c\"},\"headline\":\"A resposta de Moraes \u00e0s acusa\u00e7\u00f5es de seu ex-assessor \u2013 CartaCapital\",\"datePublished\":\"2025-09-05T09:22:43+00:00\",\"mainEntityOfPage\":{\"@id\":\"https:\\\/\\\/ubirataonline.com.br\\\/a-resposta-de-moraes-as-acusacoes-de-seu-ex-assessor-cartacapital\\\/\"},\"wordCount\":363,\"publisher\":{\"@id\":\"https:\\\/\\\/ubirataonline.com.br\\\/#organization\"},\"image\":{\"@id\":\"https:\\\/\\\/ubirataonline.com.br\\\/a-resposta-de-moraes-as-acusacoes-de-seu-ex-assessor-cartacapital\\\/#primaryimage\"},\"thumbnailUrl\":\"https:\\\/\\\/ubirataonline.com.br\\\/wp-content\\\/uploads\\\/2025\\\/09\\\/54763042464_b7997fb2e0_k.jpg\",\"articleSection\":[\"Brasil\"],\"inLanguage\":\"en-US\",\"copyrightYear\":\"2025\",\"copyrightHolder\":{\"@id\":\"https:\\\/\\\/ubirataonline.com.br\\\/en\\\/#organization\"}},{\"@type\":\"WebPage\",\"@id\":\"https:\\\/\\\/ubirataonline.com.br\\\/a-resposta-de-moraes-as-acusacoes-de-seu-ex-assessor-cartacapital\\\/\",\"url\":\"https:\\\/\\\/ubirataonline.com.br\\\/a-resposta-de-moraes-as-acusacoes-de-seu-ex-assessor-cartacapital\\\/\",\"name\":\"A resposta de Moraes \u00e0s acusa\u00e7\u00f5es de seu ex-assessor \u2013 CartaCapital - Ubirat\u00e3 Online Not\u00edcias - A realidade ao seu alcance!\",\"isPartOf\":{\"@id\":\"https:\\\/\\\/ubirataonline.com.br\\\/#website\"},\"primaryImageOfPage\":{\"@id\":\"https:\\\/\\\/ubirataonline.com.br\\\/a-resposta-de-moraes-as-acusacoes-de-seu-ex-assessor-cartacapital\\\/#primaryimage\"},\"image\":{\"@id\":\"https:\\\/\\\/ubirataonline.com.br\\\/a-resposta-de-moraes-as-acusacoes-de-seu-ex-assessor-cartacapital\\\/#primaryimage\"},\"thumbnailUrl\":\"https:\\\/\\\/ubirataonline.com.br\\\/wp-content\\\/uploads\\\/2025\\\/09\\\/54763042464_b7997fb2e0_k.jpg\",\"datePublished\":\"2025-09-05T09:22:43+00:00\",\"description\":\"O ministro Alexandre de Moraes, do Supremo Tribunal Federal, rebateu nesta quinta-feira 4 as acusa\u00e7\u00f5es feitas por seu ex-assessor\u00a0Eduardo Tagliaferro\u00a0em\",\"breadcrumb\":{\"@id\":\"https:\\\/\\\/ubirataonline.com.br\\\/a-resposta-de-moraes-as-acusacoes-de-seu-ex-assessor-cartacapital\\\/#breadcrumb\"},\"inLanguage\":\"en-US\",\"potentialAction\":[{\"@type\":\"ReadAction\",\"target\":[\"https:\\\/\\\/ubirataonline.com.br\\\/a-resposta-de-moraes-as-acusacoes-de-seu-ex-assessor-cartacapital\\\/\"]}]},{\"@type\":\"ImageObject\",\"inLanguage\":\"en-US\",\"@id\":\"https:\\\/\\\/ubirataonline.com.br\\\/a-resposta-de-moraes-as-acusacoes-de-seu-ex-assessor-cartacapital\\\/#primaryimage\",\"url\":\"https:\\\/\\\/ubirataonline.com.br\\\/wp-content\\\/uploads\\\/2025\\\/09\\\/54763042464_b7997fb2e0_k.jpg\",\"contentUrl\":\"https:\\\/\\\/ubirataonline.com.br\\\/wp-content\\\/uploads\\\/2025\\\/09\\\/54763042464_b7997fb2e0_k.jpg\",\"width\":1200,\"height\":672},{\"@type\":\"BreadcrumbList\",\"@id\":\"https:\\\/\\\/ubirataonline.com.br\\\/a-resposta-de-moraes-as-acusacoes-de-seu-ex-assessor-cartacapital\\\/#breadcrumb\",\"itemListElement\":[{\"@type\":\"ListItem\",\"position\":1,\"name\":\"In\u00edcio\",\"item\":\"https:\\\/\\\/ubirataonline.com.br\\\/\"},{\"@type\":\"ListItem\",\"position\":2,\"name\":\"A resposta de Moraes \u00e0s acusa\u00e7\u00f5es de seu ex-assessor \u2013 CartaCapital\"}]},{\"@type\":\"WebSite\",\"@id\":\"https:\\\/\\\/ubirataonline.com.br\\\/#website\",\"url\":\"https:\\\/\\\/ubirataonline.com.br\\\/\",\"name\":\"Ubirat\u00e3 Online Not\u00edcias\",\"description\":\"Not\u00edcias de Ubirat\u00e3, regi\u00e3o, Brasil e mundo, com informa\u00e7\u00e3o atualizada e compromisso com o leitor.\",\"publisher\":{\"@id\":\"https:\\\/\\\/ubirataonline.com.br\\\/#organization\"},\"alternateName\":\"Ubirat\u00e3 Online\",\"potentialAction\":[{\"@type\":\"SearchAction\",\"target\":{\"@type\":\"EntryPoint\",\"urlTemplate\":\"https:\\\/\\\/ubirataonline.com.br\\\/?s={search_term_string}\"},\"query-input\":{\"@type\":\"PropertyValueSpecification\",\"valueRequired\":true,\"valueName\":\"search_term_string\"}}],\"inLanguage\":\"en-US\"},{\"@type\":[\"Organization\",\"Place\"],\"@id\":\"https:\\\/\\\/ubirataonline.com.br\\\/#organization\",\"name\":\"Ubirat\u00e3 Online Not\u00edcias\",\"alternateName\":\"Ubirat\u00e3 Online\",\"url\":\"https:\\\/\\\/ubirataonline.com.br\\\/\",\"logo\":{\"@id\":\"https:\\\/\\\/ubirataonline.com.br\\\/a-resposta-de-moraes-as-acusacoes-de-seu-ex-assessor-cartacapital\\\/#local-main-organization-logo\"},\"image\":{\"@id\":\"https:\\\/\\\/ubirataonline.com.br\\\/a-resposta-de-moraes-as-acusacoes-de-seu-ex-assessor-cartacapital\\\/#local-main-organization-logo\"},\"sameAs\":[\"https:\\\/\\\/www.facebook.com\\\/portalubirataonline\",\"https:\\\/\\\/x.com\\\/ubirataonline\",\"https:\\\/\\\/mastodon.social\\\/@ubirataonline\",\"https:\\\/\\\/www.facebook.com\\\/groups\\\/311144672285604\",\"https:\\\/\\\/www.facebook.com\\\/UBTAOnline\",\"https:\\\/\\\/www.instagram.com\\\/portalubirataonline\\\/\",\"https:\\\/\\\/twitter.com\\\/ubirataonline\"],\"description\":\"Somos um portal de not\u00edcias independente, criado em 5 de janeiro de 2009, com o objetivo de informar, conectar e valorizar a nossa comunidade de Ubirat\u00e3 e toda aregi\u00e3o. Com conte\u00fado atualizado, confi\u00e1vel e relevante, o Ubirat\u00e3 Online \u00e9 o seu espa\u00e7o para ficar por dentro dos principais acontecimentos locais, regionais, Brasil, Mundo e de interesse geral. Nosso compromisso \u00e9 com a verdade, a transpar\u00eancia e o respeito ao leitor.\",\"legalName\":\"UBIRATA ONLINE NOT\u00cdCIAS\",\"foundingDate\":\"2009-01-05\",\"numberOfEmployees\":{\"@type\":\"QuantitativeValue\",\"minValue\":\"1\",\"maxValue\":\"10\"},\"publishingPrinciples\":\"https:\\\/\\\/ubirataonline.com.br\\\/faq\\\/\",\"address\":{\"@id\":\"https:\\\/\\\/ubirataonline.com.br\\\/a-resposta-de-moraes-as-acusacoes-de-seu-ex-assessor-cartacapital\\\/#local-main-place-address\"},\"geo\":{\"@type\":\"GeoCoordinates\",\"latitude\":\"-24.5361401\",\"longitude\":\"-52.9921776\"},\"telephone\":[\"+5544998308235\"],\"contactPoint\":{\"@type\":\"ContactPoint\",\"email\":\"contato@ubirataonline.com.br\"},\"openingHoursSpecification\":{\"@type\":\"OpeningHoursSpecification\",\"dayOfWeek\":[\"Monday\",\"Tuesday\",\"Wednesday\",\"Thursday\",\"Friday\",\"Saturday\",\"Sunday\"],\"opens\":\"00:00\",\"closes\":\"23:59\"},\"email\":\"contato@ubirataonline.com.br\",\"vatID\":\"47.621.418\\\/0001-80\"},{\"@type\":\"Person\",\"@id\":\"https:\\\/\\\/ubirataonline.com.br\\\/#\\\/schema\\\/person\\\/372f87bbd3fdd79b8556b84c98d0bc1c\",\"name\":\"REDA\u00c7\u00c3O: UBIRAT\u00c3 ONLINE - F\u00c1BIO AUGUSTO CELESTINO\",\"pronouns\":\"Ele\",\"description\":\"Desde 2003 trabalhando com not\u00edcias.\",\"sameAs\":[\"http:\\\/\\\/ubirataoline.com.br\",\"https:\\\/\\\/www.facebook.com\\\/portalubirataonline\",\"https:\\\/\\\/www.instagram.com\\\/ubirataonline_oficial\",\"https:\\\/\\\/x.com\\\/x.com\\\/ubirataonline\"],\"honorificPrefix\":\"Mr.\",\"honorificSuffix\":\"MD\",\"birthDate\":\"1980-06-16\",\"gender\":\"masculino\",\"award\":[\"V\u00e1rios pr\u00eamios de melhor portal da cidade\"],\"jobTitle\":\"Diretor\",\"url\":\"https:\\\/\\\/ubirataonline.com.br\\\/en\\\/author\\\/ubirataonline\\\/\"},{\"@type\":\"PostalAddress\",\"@id\":\"https:\\\/\\\/ubirataonline.com.br\\\/a-resposta-de-moraes-as-acusacoes-de-seu-ex-assessor-cartacapital\\\/#local-main-place-address\",\"streetAddress\":\"Rua dos Coqueiros, 104 - Bairro Boa Vista, Rua dos Coqueiros, 104 Bairro Boa Vista\",\"addressLocality\":\"UBIRATA\",\"postalCode\":\"85440-000\",\"addressRegion\":\"PR\",\"addressCountry\":\"BR\"},{\"@type\":\"ImageObject\",\"inLanguage\":\"en-US\",\"@id\":\"https:\\\/\\\/ubirataonline.com.br\\\/a-resposta-de-moraes-as-acusacoes-de-seu-ex-assessor-cartacapital\\\/#local-main-organization-logo\",\"url\":\"https:\\\/\\\/ubirataonline.com.br\\\/wp-content\\\/uploads\\\/2026\\\/06\\\/logoubirataonline-1.webp\",\"contentUrl\":\"https:\\\/\\\/ubirataonline.com.br\\\/wp-content\\\/uploads\\\/2026\\\/06\\\/logoubirataonline-1.webp\",\"width\":500,\"height\":500,\"caption\":\"Ubirat\u00e3 Online Not\u00edcias\"}]}<\/script>\n<meta name=\"geo.placename\" content=\"UBIRATA\" \/>\n<meta name=\"geo.position\" content=\"-24.5361401;-52.9921776\" \/>\n<meta name=\"geo.region\" content=\"Brazil\" \/>\n<!-- \/ Yoast SEO Premium plugin. -->","yoast_head_json":{"title":"A resposta de Moraes \u00e0s acusa\u00e7\u00f5es de seu ex-assessor \u2013 CartaCapital - Ubirat\u00e3 Online Not\u00edcias - A realidade ao seu alcance!","description":"O ministro Alexandre de Moraes, do Supremo Tribunal Federal, rebateu nesta quinta-feira 4 as acusa\u00e7\u00f5es feitas por seu ex-assessor\u00a0Eduardo Tagliaferro\u00a0em","robots":{"index":"index","follow":"follow","max-snippet":"max-snippet:-1","max-image-preview":"max-image-preview:large","max-video-preview":"max-video-preview:-1"},"canonical":"https:\/\/ubirataonline.com.br\/en\/a-resposta-de-moraes-as-acusacoes-de-seu-ex-assessor-cartacapital\/","og_locale":"en_US","og_type":"article","og_title":"A resposta de Moraes \u00e0s acusa\u00e7\u00f5es de seu ex-assessor \u2013 CartaCapital","og_description":"O ministro Alexandre de Moraes, do Supremo Tribunal Federal, rebateu nesta quinta-feira 4 as acusa\u00e7\u00f5es feitas por seu ex-assessor\u00a0Eduardo Tagliaferro\u00a0em","og_url":"https:\/\/ubirataonline.com.br\/en\/a-resposta-de-moraes-as-acusacoes-de-seu-ex-assessor-cartacapital\/","og_site_name":"Ubirat\u00e3 Online Not\u00edcias - A realidade ao seu alcance!","article_publisher":"https:\/\/www.facebook.com\/portalubirataonline","article_author":"https:\/\/www.facebook.com\/portalubirataonline","article_published_time":"2025-09-05T09:22:43+00:00","og_image":[{"width":1531,"height":418,"url":"https:\/\/ubirataonline.com.br\/wp-content\/uploads\/2026\/05\/logo2026.webp","type":"image\/webp"}],"author":"REDA\u00c7\u00c3O: UBIRAT\u00c3 ONLINE - F\u00c1BIO AUGUSTO CELESTINO","twitter_card":"summary_large_image","twitter_creator":"@x.com\/ubirataonline","twitter_site":"@ubirataonline","twitter_misc":{"Written by":"REDA\u00c7\u00c3O: UBIRAT\u00c3 ONLINE - F\u00c1BIO AUGUSTO CELESTINO","Est. reading time":"2 minutes"},"schema":{"@context":"https:\/\/schema.org","@graph":[{"@type":"NewsArticle","@id":"https:\/\/ubirataonline.com.br\/a-resposta-de-moraes-as-acusacoes-de-seu-ex-assessor-cartacapital\/#article","isPartOf":{"@id":"https:\/\/ubirataonline.com.br\/a-resposta-de-moraes-as-acusacoes-de-seu-ex-assessor-cartacapital\/"},"author":{"name":"REDA\u00c7\u00c3O: UBIRAT\u00c3 ONLINE - F\u00c1BIO AUGUSTO CELESTINO","@id":"https:\/\/ubirataonline.com.br\/#\/schema\/person\/372f87bbd3fdd79b8556b84c98d0bc1c"},"headline":"A resposta de Moraes \u00e0s acusa\u00e7\u00f5es de seu ex-assessor \u2013 CartaCapital","datePublished":"2025-09-05T09:22:43+00:00","mainEntityOfPage":{"@id":"https:\/\/ubirataonline.com.br\/a-resposta-de-moraes-as-acusacoes-de-seu-ex-assessor-cartacapital\/"},"wordCount":363,"publisher":{"@id":"https:\/\/ubirataonline.com.br\/#organization"},"image":{"@id":"https:\/\/ubirataonline.com.br\/a-resposta-de-moraes-as-acusacoes-de-seu-ex-assessor-cartacapital\/#primaryimage"},"thumbnailUrl":"https:\/\/ubirataonline.com.br\/wp-content\/uploads\/2025\/09\/54763042464_b7997fb2e0_k.jpg","articleSection":["Brasil"],"inLanguage":"en-US","copyrightYear":"2025","copyrightHolder":{"@id":"https:\/\/ubirataonline.com.br\/en\/#organization"}},{"@type":"WebPage","@id":"https:\/\/ubirataonline.com.br\/a-resposta-de-moraes-as-acusacoes-de-seu-ex-assessor-cartacapital\/","url":"https:\/\/ubirataonline.com.br\/a-resposta-de-moraes-as-acusacoes-de-seu-ex-assessor-cartacapital\/","name":"A resposta de Moraes \u00e0s acusa\u00e7\u00f5es de seu ex-assessor \u2013 CartaCapital - Ubirat\u00e3 Online Not\u00edcias - A realidade ao seu alcance!","isPartOf":{"@id":"https:\/\/ubirataonline.com.br\/#website"},"primaryImageOfPage":{"@id":"https:\/\/ubirataonline.com.br\/a-resposta-de-moraes-as-acusacoes-de-seu-ex-assessor-cartacapital\/#primaryimage"},"image":{"@id":"https:\/\/ubirataonline.com.br\/a-resposta-de-moraes-as-acusacoes-de-seu-ex-assessor-cartacapital\/#primaryimage"},"thumbnailUrl":"https:\/\/ubirataonline.com.br\/wp-content\/uploads\/2025\/09\/54763042464_b7997fb2e0_k.jpg","datePublished":"2025-09-05T09:22:43+00:00","description":"O ministro Alexandre de Moraes, do Supremo Tribunal Federal, rebateu nesta quinta-feira 4 as acusa\u00e7\u00f5es feitas por seu ex-assessor\u00a0Eduardo Tagliaferro\u00a0em","breadcrumb":{"@id":"https:\/\/ubirataonline.com.br\/a-resposta-de-moraes-as-acusacoes-de-seu-ex-assessor-cartacapital\/#breadcrumb"},"inLanguage":"en-US","potentialAction":[{"@type":"ReadAction","target":["https:\/\/ubirataonline.com.br\/a-resposta-de-moraes-as-acusacoes-de-seu-ex-assessor-cartacapital\/"]}]},{"@type":"ImageObject","inLanguage":"en-US","@id":"https:\/\/ubirataonline.com.br\/a-resposta-de-moraes-as-acusacoes-de-seu-ex-assessor-cartacapital\/#primaryimage","url":"https:\/\/ubirataonline.com.br\/wp-content\/uploads\/2025\/09\/54763042464_b7997fb2e0_k.jpg","contentUrl":"https:\/\/ubirataonline.com.br\/wp-content\/uploads\/2025\/09\/54763042464_b7997fb2e0_k.jpg","width":1200,"height":672},{"@type":"BreadcrumbList","@id":"https:\/\/ubirataonline.com.br\/a-resposta-de-moraes-as-acusacoes-de-seu-ex-assessor-cartacapital\/#breadcrumb","itemListElement":[{"@type":"ListItem","position":1,"name":"In\u00edcio","item":"https:\/\/ubirataonline.com.br\/"},{"@type":"ListItem","position":2,"name":"A resposta de Moraes \u00e0s acusa\u00e7\u00f5es de seu ex-assessor \u2013 CartaCapital"}]},{"@type":"WebSite","@id":"https:\/\/ubirataonline.com.br\/#website","url":"https:\/\/ubirataonline.com.br\/","name":"Ubirat\u00e3 Online Not\u00edcias","description":"Not\u00edcias de Ubirat\u00e3, regi\u00e3o, Brasil e mundo, com informa\u00e7\u00e3o atualizada e compromisso com o leitor.","publisher":{"@id":"https:\/\/ubirataonline.com.br\/#organization"},"alternateName":"Ubirat\u00e3 Online","potentialAction":[{"@type":"SearchAction","target":{"@type":"EntryPoint","urlTemplate":"https:\/\/ubirataonline.com.br\/?s={search_term_string}"},"query-input":{"@type":"PropertyValueSpecification","valueRequired":true,"valueName":"search_term_string"}}],"inLanguage":"en-US"},{"@type":["Organization","Place"],"@id":"https:\/\/ubirataonline.com.br\/#organization","name":"Ubirat\u00e3 Online Not\u00edcias","alternateName":"Ubirat\u00e3 Online","url":"https:\/\/ubirataonline.com.br\/","logo":{"@id":"https:\/\/ubirataonline.com.br\/a-resposta-de-moraes-as-acusacoes-de-seu-ex-assessor-cartacapital\/#local-main-organization-logo"},"image":{"@id":"https:\/\/ubirataonline.com.br\/a-resposta-de-moraes-as-acusacoes-de-seu-ex-assessor-cartacapital\/#local-main-organization-logo"},"sameAs":["https:\/\/www.facebook.com\/portalubirataonline","https:\/\/x.com\/ubirataonline","https:\/\/mastodon.social\/@ubirataonline","https:\/\/www.facebook.com\/groups\/311144672285604","https:\/\/www.facebook.com\/UBTAOnline","https:\/\/www.instagram.com\/portalubirataonline\/","https:\/\/twitter.com\/ubirataonline"],"description":"Somos um portal de not\u00edcias independente, criado em 5 de janeiro de 2009, com o objetivo de informar, conectar e valorizar a nossa comunidade de Ubirat\u00e3 e toda aregi\u00e3o. Com conte\u00fado atualizado, confi\u00e1vel e relevante, o Ubirat\u00e3 Online \u00e9 o seu espa\u00e7o para ficar por dentro dos principais acontecimentos locais, regionais, Brasil, Mundo e de interesse geral. Nosso compromisso \u00e9 com a verdade, a transpar\u00eancia e o respeito ao leitor.","legalName":"UBIRATA ONLINE NOT\u00cdCIAS","foundingDate":"2009-01-05","numberOfEmployees":{"@type":"QuantitativeValue","minValue":"1","maxValue":"10"},"publishingPrinciples":"https:\/\/ubirataonline.com.br\/faq\/","address":{"@id":"https:\/\/ubirataonline.com.br\/a-resposta-de-moraes-as-acusacoes-de-seu-ex-assessor-cartacapital\/#local-main-place-address"},"geo":{"@type":"GeoCoordinates","latitude":"-24.5361401","longitude":"-52.9921776"},"telephone":["+5544998308235"],"contactPoint":{"@type":"ContactPoint","email":"contato@ubirataonline.com.br"},"openingHoursSpecification":{"@type":"OpeningHoursSpecification","dayOfWeek":["Monday","Tuesday","Wednesday","Thursday","Friday","Saturday","Sunday"],"opens":"00:00","closes":"23:59"},"email":"contato@ubirataonline.com.br","vatID":"47.621.418\/0001-80"},{"@type":"Person","@id":"https:\/\/ubirataonline.com.br\/#\/schema\/person\/372f87bbd3fdd79b8556b84c98d0bc1c","name":"REDA\u00c7\u00c3O: UBIRAT\u00c3 ONLINE - F\u00c1BIO AUGUSTO CELESTINO","pronouns":"Ele","description":"Desde 2003 trabalhando com not\u00edcias.","sameAs":["http:\/\/ubirataoline.com.br","https:\/\/www.facebook.com\/portalubirataonline","https:\/\/www.instagram.com\/ubirataonline_oficial","https:\/\/x.com\/x.com\/ubirataonline"],"honorificPrefix":"Mr.","honorificSuffix":"MD","birthDate":"1980-06-16","gender":"masculino","award":["V\u00e1rios pr\u00eamios de melhor portal da cidade"],"jobTitle":"Diretor","url":"https:\/\/ubirataonline.com.br\/en\/author\/ubirataonline\/"},{"@type":"PostalAddress","@id":"https:\/\/ubirataonline.com.br\/a-resposta-de-moraes-as-acusacoes-de-seu-ex-assessor-cartacapital\/#local-main-place-address","streetAddress":"Rua dos Coqueiros, 104 - Bairro Boa Vista, Rua dos Coqueiros, 104 Bairro Boa Vista","addressLocality":"UBIRATA","postalCode":"85440-000","addressRegion":"PR","addressCountry":"BR"},{"@type":"ImageObject","inLanguage":"en-US","@id":"https:\/\/ubirataonline.com.br\/a-resposta-de-moraes-as-acusacoes-de-seu-ex-assessor-cartacapital\/#local-main-organization-logo","url":"https:\/\/ubirataonline.com.br\/wp-content\/uploads\/2026\/06\/logoubirataonline-1.webp","contentUrl":"https:\/\/ubirataonline.com.br\/wp-content\/uploads\/2026\/06\/logoubirataonline-1.webp","width":500,"height":500,"caption":"Ubirat\u00e3 Online Not\u00edcias"}]},"geo.placename":"UBIRATA","geo.position":{"lat":"-24.5361401","long":"-52.9921776"},"geo.region":"Brazil"},"_links":{"self":[{"href":"https:\/\/ubirataonline.com.br\/en\/wp-json\/wp\/v2\/posts\/67219","targetHints":{"allow":["GET"]}}],"collection":[{"href":"https:\/\/ubirataonline.com.br\/en\/wp-json\/wp\/v2\/posts"}],"about":[{"href":"https:\/\/ubirataonline.com.br\/en\/wp-json\/wp\/v2\/types\/post"}],"author":[{"embeddable":true,"href":"https:\/\/ubirataonline.com.br\/en\/wp-json\/wp\/v2\/users\/1"}],"replies":[{"embeddable":true,"href":"https:\/\/ubirataonline.com.br\/en\/wp-json\/wp\/v2\/comments?post=67219"}],"version-history":[{"count":0,"href":"https:\/\/ubirataonline.com.br\/en\/wp-json\/wp\/v2\/posts\/67219\/revisions"}],"wp:featuredmedia":[{"embeddable":true,"href":"https:\/\/ubirataonline.com.br\/en\/wp-json\/wp\/v2\/media\/67220"}],"wp:attachment":[{"href":"https:\/\/ubirataonline.com.br\/en\/wp-json\/wp\/v2\/media?parent=67219"}],"wp:term":[{"taxonomy":"category","embeddable":true,"href":"https:\/\/ubirataonline.com.br\/en\/wp-json\/wp\/v2\/categories?post=67219"},{"taxonomy":"post_tag","embeddable":true,"href":"https:\/\/ubirataonline.com.br\/en\/wp-json\/wp\/v2\/tags?post=67219"}],"curies":[{"name":"wp","href":"https:\/\/api.w.org\/{rel}","templated":true}]}}