{"id":67245,"date":"2025-09-05T11:30:08","date_gmt":"2025-09-05T14:30:08","guid":{"rendered":"https:\/\/ubirataonline.com.br\/morre-o-documentarista-silvio-tendler-aos-75-anos-05-09-2025-ilustrada\/"},"modified":"2025-09-05T11:30:08","modified_gmt":"2025-09-05T14:30:08","slug":"morre-o-documentarista-silvio-tendler-aos-75-anos-05-09-2025-ilustrada","status":"publish","type":"post","link":"https:\/\/ubirataonline.com.br\/en\/morre-o-documentarista-silvio-tendler-aos-75-anos-05-09-2025-ilustrada\/","title":{"rendered":"Morre o documentarista Silvio Tendler aos 75 anos &#8211; 05\/09\/2025 &#8211; Ilustrada"},"content":{"rendered":"<p><\/p>\n<div data-news-content-text=\"\" data-disable-copy=\"\" data-continue-reading=\"\" data-continue-reading-hide-others=\".js-continue-reading-hidden\" data-age-rating=\"\" itemprop=\"articleBody\">\n<p>Morreu na manh\u00e3 desta sexta-feira, aos 75 anos, o cineasta <a href=\"https:\/\/www1.folha.uol.com.br\/ilustrada\/2018\/06\/silvio-tendler-ampliou-discurso-historico-do-cinema-brasileiro.shtml\" rel=\"\" target=\"\">Silvio Tendler<\/a>, v\u00edtima de uma infec\u00e7\u00e3o generalizada. Ele enfrentava havia dez anos uma neuropatia diab\u00e9tica, doen\u00e7a que prejudica o sistema nervoso. A morte foi confirmada por sua filha, Ana Rosa Tendler.<\/p>\n<p><a href=\"https:\/\/www1.folha.uol.com.br\/ilustrada\/2023\/08\/conheca-silvio-tendler-que-captura-ciclos-politicos-do-pais-com-documentarios.shtml\">Tendler<\/a> foi um dos principais diretores do Brasil. Conhecido como &#8220;cineasta dos sonhos interrompidos&#8221;, o documentarista capturou epis\u00f3dios e figuras hist\u00f3ricas da pol\u00edtica nacional em filmes como &#8220;Jango&#8221; (1980), &#8220;Os Anos JK &#8211; Uma Trajet\u00f3ria Pol\u00edtica&#8221; (1980) e &#8220;Tancredo, A Travessia&#8221; (2011), sua &#8220;Trilogia Presidencial&#8221;.<\/p>\n<p>O filme sobre <a href=\"https:\/\/www1.folha.uol.com.br\/folha-topicos\/joao-goulart\/\" rel=\"\" target=\"\">Jo\u00e3o Goulart<\/a> \u00e9, at\u00e9 hoje, uma das maiores bilheterias de <a href=\"https:\/\/www1.folha.uol.com.br\/folha-topicos\/documentario\/\">document\u00e1rio<\/a> no <a href=\"https:\/\/www1.folha.uol.com.br\/folha-topicos\/cinema\/\">cinema<\/a> nacional, com 1 milh\u00e3o de espectadores. Os outros dois longas do g\u00eanero documental de maior sucesso no pa\u00eds tamb\u00e9m s\u00e3o de Tendler \u2014<a href=\"https:\/\/www1.folha.uol.com.br\/folha-topicos\/os-trapalhoes\/\" rel=\"\" target=\"\">&#8220;O Mundo M\u00e1gico dos Trapalh\u00f5es<\/a>&#8221; (1981), com 1,3 milh\u00e3o de espectadores, e &#8220;Os Anos JK&#8221; (1980), com 800 mil espectadores.<\/p>\n<p>Sua obra mais importante, &#8220;Utopia e Barb\u00e1rie&#8221;, \u00e9 um retrato da segunda metade do s\u00e9culo 20 entre imagens de arquivo e a perspectiva de nomes relevantes do per\u00edodo, como Augusto Boal, Eduardo Galeano e Susan Sontag. O filme levou cerca de vinte anos para ser conclu\u00eddo.<\/p>\n<p>Tendler nasceu no Rio de Janeiro em 1950. No fim dos anos 1960, passou a se dedicar ao cinema e, para escapar da <a href=\"https:\/\/www1.folha.uol.com.br\/folha-topicos\/ditadura-militar\/\" rel=\"\" target=\"\">ditadura militar<\/a>, buscou ex\u00edlio no <a href=\"https:\/\/www1.folha.uol.com.br\/folha-topicos\/chile\/\" rel=\"\" target=\"\">Chile<\/a>, de onde se mudou para a <a href=\"https:\/\/www1.folha.uol.com.br\/folha-topicos\/franca\/\" rel=\"\" target=\"\">Fran\u00e7a<\/a> em meados dos anos 1970. Em <a href=\"https:\/\/www1.folha.uol.com.br\/folha-topicos\/paris\/\" rel=\"\" target=\"\">Paris<\/a>, estudou hist\u00f3ria e cinema.<\/p>\n<p>De volta ao Brasil, Tendler se tornou professor na PUC-Rio e fundou a produtora Caliban em 1976. O selo se tornaria um dos principais nomes do cinema documental brasileiro, com mais de 80 t\u00edtulos entre longas e curtas, a maior parte de cunho historiogr\u00e1fico. Em 1985, participou da cria\u00e7\u00e3o da Funda\u00e7\u00e3o do Novo Cinema Latino-Americano.<\/p>\n<p>Nos anos 1990, Tendler passou a atuar na pol\u00edtica institucional. Foi Secret\u00e1rio de Cultura e Esporte do Distrito Federal e trabalhou junto \u00e0 Unesco, a Organiza\u00e7\u00e3o das Na\u00e7\u00f5es Unidas para a Educa\u00e7\u00e3o, a Ci\u00eancia e a Cultura, na articula\u00e7\u00e3o da ind\u00fastria audiovisual no Mercosul. Em 2006, recebeu a Ordem Rio Branco, honraria concedida pelo presidente <a href=\"https:\/\/www1.folha.uol.com.br\/folha-topicos\/lula\/\" rel=\"\" target=\"\">Lula<\/a>.<\/p>\n<p>Em maio deste ano, o cineasta voltou a ser condecorado pelo governo federal com a Ordem do M\u00e9rito Cultural. O t\u00edtulo se somou a mais de 60 pr\u00eamios que ele recebeu durante sua carreira em festivais pelo Brasil e pelo mundo.<\/p>\n<p>Tendler deixa a mulher, Fabiana Versasi, e a filha, Ana Rosa Tendler.<\/p>\n<\/p><\/div>\n<p><a href=\"https:\/\/www1.folha.uol.com.br\/ilustrada\/2025\/09\/morre-silvio-tendler-um-dos-maiores-documentaristas-brasileiros-aos-75-anos.shtml\">Source link <\/a><\/p>","protected":false},"excerpt":{"rendered":"<p>Morreu na manh\u00e3 desta sexta-feira, aos 75 anos, o cineasta Silvio Tendler, v\u00edtima de uma infec\u00e7\u00e3o generalizada. Ele enfrentava havia dez anos uma neuropatia diab\u00e9tica, doen\u00e7a que prejudica o sistema nervoso. A morte foi confirmada por sua filha, Ana Rosa Tendler. Tendler foi um dos principais diretores do Brasil. Conhecido como &#8220;cineasta dos sonhos interrompidos&#8221;, [&hellip;]<\/p>\n","protected":false},"author":1,"featured_media":67246,"comment_status":"","ping_status":"","sticky":false,"template":"","format":"standard","meta":{"googlesitekit_rrm_CAow2JLhCw:productID":"","_gspb_post_css":"","maa_idioma":"","maa_pais":"","footnotes":""},"categories":[4],"tags":[],"class_list":["post-67245","post","type-post","status-publish","format-standard","has-post-thumbnail","hentry","category-brasil"],"blocksy_meta":[],"yoast_head":"<!-- This site is optimized with the Yoast SEO Premium plugin v27.6 (Yoast SEO v27.6) - https:\/\/yoast.com\/product\/yoast-seo-premium-wordpress\/ -->\n<title>Morre o documentarista Silvio Tendler aos 75 anos - 05\/09\/2025 - Ilustrada - Ubirat\u00e3 Online Not\u00edcias - A realidade ao seu alcance!<\/title>\n<meta name=\"description\" content=\"Morreu na manh\u00e3 desta sexta-feira, aos 75 anos, o cineasta Silvio Tendler, v\u00edtima de uma infec\u00e7\u00e3o generalizada. Ele enfrentava havia dez anos uma\" \/>\n<meta name=\"robots\" content=\"index, follow, max-snippet:-1, max-image-preview:large, max-video-preview:-1\" \/>\n<link rel=\"canonical\" href=\"https:\/\/ubirataonline.com.br\/en\/morre-o-documentarista-silvio-tendler-aos-75-anos-05-09-2025-ilustrada\/\" \/>\n<meta property=\"og:locale\" content=\"en_US\" \/>\n<meta property=\"og:type\" content=\"article\" \/>\n<meta property=\"og:title\" content=\"Morre o documentarista Silvio Tendler aos 75 anos - 05\/09\/2025 - Ilustrada\" \/>\n<meta property=\"og:description\" content=\"Morreu na manh\u00e3 desta sexta-feira, aos 75 anos, o cineasta Silvio Tendler, v\u00edtima de uma infec\u00e7\u00e3o generalizada. Ele enfrentava havia dez anos uma\" \/>\n<meta property=\"og:url\" content=\"https:\/\/ubirataonline.com.br\/en\/morre-o-documentarista-silvio-tendler-aos-75-anos-05-09-2025-ilustrada\/\" \/>\n<meta property=\"og:site_name\" content=\"Ubirat\u00e3 Online Not\u00edcias - A realidade ao seu alcance!\" \/>\n<meta property=\"article:publisher\" content=\"https:\/\/www.facebook.com\/portalubirataonline\" \/>\n<meta property=\"article:author\" content=\"https:\/\/www.facebook.com\/portalubirataonline\" \/>\n<meta property=\"article:published_time\" content=\"2025-09-05T14:30:08+00:00\" \/>\n<meta property=\"og:image\" content=\"https:\/\/ubirataonline.com.br\/wp-content\/uploads\/2026\/05\/logo2026.webp\" \/>\n\t<meta property=\"og:image:width\" content=\"1531\" \/>\n\t<meta property=\"og:image:height\" content=\"418\" \/>\n\t<meta property=\"og:image:type\" content=\"image\/webp\" \/>\n<meta name=\"author\" content=\"REDA\u00c7\u00c3O: UBIRAT\u00c3 ONLINE - F\u00c1BIO AUGUSTO CELESTINO\" \/>\n<meta name=\"twitter:card\" content=\"summary_large_image\" \/>\n<meta name=\"twitter:creator\" content=\"@x.com\/ubirataonline\" \/>\n<meta name=\"twitter:site\" content=\"@ubirataonline\" \/>\n<meta name=\"twitter:label1\" content=\"Written by\" \/>\n\t<meta name=\"twitter:data1\" content=\"REDA\u00c7\u00c3O: UBIRAT\u00c3 ONLINE - F\u00c1BIO AUGUSTO CELESTINO\" \/>\n\t<meta name=\"twitter:label2\" content=\"Est. reading time\" \/>\n\t<meta name=\"twitter:data2\" content=\"2 minutes\" \/>\n<script type=\"application\/ld+json\" class=\"yoast-schema-graph\">{\"@context\":\"https:\\\/\\\/schema.org\",\"@graph\":[{\"@type\":\"NewsArticle\",\"@id\":\"https:\\\/\\\/ubirataonline.com.br\\\/morre-o-documentarista-silvio-tendler-aos-75-anos-05-09-2025-ilustrada\\\/#article\",\"isPartOf\":{\"@id\":\"https:\\\/\\\/ubirataonline.com.br\\\/morre-o-documentarista-silvio-tendler-aos-75-anos-05-09-2025-ilustrada\\\/\"},\"author\":{\"name\":\"REDA\u00c7\u00c3O: UBIRAT\u00c3 ONLINE - F\u00c1BIO AUGUSTO CELESTINO\",\"@id\":\"https:\\\/\\\/ubirataonline.com.br\\\/#\\\/schema\\\/person\\\/372f87bbd3fdd79b8556b84c98d0bc1c\"},\"headline\":\"Morre o documentarista Silvio Tendler aos 75 anos &#8211; 05\\\/09\\\/2025 &#8211; Ilustrada\",\"datePublished\":\"2025-09-05T14:30:08+00:00\",\"mainEntityOfPage\":{\"@id\":\"https:\\\/\\\/ubirataonline.com.br\\\/morre-o-documentarista-silvio-tendler-aos-75-anos-05-09-2025-ilustrada\\\/\"},\"wordCount\":432,\"publisher\":{\"@id\":\"https:\\\/\\\/ubirataonline.com.br\\\/#organization\"},\"image\":{\"@id\":\"https:\\\/\\\/ubirataonline.com.br\\\/morre-o-documentarista-silvio-tendler-aos-75-anos-05-09-2025-ilustrada\\\/#primaryimage\"},\"thumbnailUrl\":\"https:\\\/\\\/ubirataonline.com.br\\\/wp-content\\\/uploads\\\/2025\\\/09\\\/15652134635d4b4317bf42b_1565213463_3x2_xl.jpg\",\"articleSection\":[\"Brasil\"],\"inLanguage\":\"en-US\",\"copyrightYear\":\"2025\",\"copyrightHolder\":{\"@id\":\"https:\\\/\\\/ubirataonline.com.br\\\/en\\\/#organization\"}},{\"@type\":\"WebPage\",\"@id\":\"https:\\\/\\\/ubirataonline.com.br\\\/morre-o-documentarista-silvio-tendler-aos-75-anos-05-09-2025-ilustrada\\\/\",\"url\":\"https:\\\/\\\/ubirataonline.com.br\\\/morre-o-documentarista-silvio-tendler-aos-75-anos-05-09-2025-ilustrada\\\/\",\"name\":\"Morre o documentarista Silvio Tendler aos 75 anos - 05\\\/09\\\/2025 - Ilustrada - Ubirat\u00e3 Online Not\u00edcias - A realidade ao seu alcance!\",\"isPartOf\":{\"@id\":\"https:\\\/\\\/ubirataonline.com.br\\\/#website\"},\"primaryImageOfPage\":{\"@id\":\"https:\\\/\\\/ubirataonline.com.br\\\/morre-o-documentarista-silvio-tendler-aos-75-anos-05-09-2025-ilustrada\\\/#primaryimage\"},\"image\":{\"@id\":\"https:\\\/\\\/ubirataonline.com.br\\\/morre-o-documentarista-silvio-tendler-aos-75-anos-05-09-2025-ilustrada\\\/#primaryimage\"},\"thumbnailUrl\":\"https:\\\/\\\/ubirataonline.com.br\\\/wp-content\\\/uploads\\\/2025\\\/09\\\/15652134635d4b4317bf42b_1565213463_3x2_xl.jpg\",\"datePublished\":\"2025-09-05T14:30:08+00:00\",\"description\":\"Morreu na manh\u00e3 desta sexta-feira, aos 75 anos, o cineasta Silvio Tendler, v\u00edtima de uma infec\u00e7\u00e3o generalizada. Ele enfrentava havia dez anos uma\",\"breadcrumb\":{\"@id\":\"https:\\\/\\\/ubirataonline.com.br\\\/morre-o-documentarista-silvio-tendler-aos-75-anos-05-09-2025-ilustrada\\\/#breadcrumb\"},\"inLanguage\":\"en-US\",\"potentialAction\":[{\"@type\":\"ReadAction\",\"target\":[\"https:\\\/\\\/ubirataonline.com.br\\\/morre-o-documentarista-silvio-tendler-aos-75-anos-05-09-2025-ilustrada\\\/\"]}]},{\"@type\":\"ImageObject\",\"inLanguage\":\"en-US\",\"@id\":\"https:\\\/\\\/ubirataonline.com.br\\\/morre-o-documentarista-silvio-tendler-aos-75-anos-05-09-2025-ilustrada\\\/#primaryimage\",\"url\":\"https:\\\/\\\/ubirataonline.com.br\\\/wp-content\\\/uploads\\\/2025\\\/09\\\/15652134635d4b4317bf42b_1565213463_3x2_xl.jpg\",\"contentUrl\":\"https:\\\/\\\/ubirataonline.com.br\\\/wp-content\\\/uploads\\\/2025\\\/09\\\/15652134635d4b4317bf42b_1565213463_3x2_xl.jpg\",\"width\":1200,\"height\":800},{\"@type\":\"BreadcrumbList\",\"@id\":\"https:\\\/\\\/ubirataonline.com.br\\\/morre-o-documentarista-silvio-tendler-aos-75-anos-05-09-2025-ilustrada\\\/#breadcrumb\",\"itemListElement\":[{\"@type\":\"ListItem\",\"position\":1,\"name\":\"In\u00edcio\",\"item\":\"https:\\\/\\\/ubirataonline.com.br\\\/\"},{\"@type\":\"ListItem\",\"position\":2,\"name\":\"Morre o documentarista Silvio Tendler aos 75 anos &#8211; 05\\\/09\\\/2025 &#8211; Ilustrada\"}]},{\"@type\":\"WebSite\",\"@id\":\"https:\\\/\\\/ubirataonline.com.br\\\/#website\",\"url\":\"https:\\\/\\\/ubirataonline.com.br\\\/\",\"name\":\"Ubirat\u00e3 Online Not\u00edcias\",\"description\":\"Not\u00edcias de Ubirat\u00e3, regi\u00e3o, Brasil e mundo, com informa\u00e7\u00e3o atualizada e compromisso com o leitor.\",\"publisher\":{\"@id\":\"https:\\\/\\\/ubirataonline.com.br\\\/#organization\"},\"alternateName\":\"Ubirat\u00e3 Online\",\"potentialAction\":[{\"@type\":\"SearchAction\",\"target\":{\"@type\":\"EntryPoint\",\"urlTemplate\":\"https:\\\/\\\/ubirataonline.com.br\\\/?s={search_term_string}\"},\"query-input\":{\"@type\":\"PropertyValueSpecification\",\"valueRequired\":true,\"valueName\":\"search_term_string\"}}],\"inLanguage\":\"en-US\"},{\"@type\":[\"Organization\",\"Place\"],\"@id\":\"https:\\\/\\\/ubirataonline.com.br\\\/#organization\",\"name\":\"Ubirat\u00e3 Online Not\u00edcias\",\"alternateName\":\"Ubirat\u00e3 Online\",\"url\":\"https:\\\/\\\/ubirataonline.com.br\\\/\",\"logo\":{\"@id\":\"https:\\\/\\\/ubirataonline.com.br\\\/morre-o-documentarista-silvio-tendler-aos-75-anos-05-09-2025-ilustrada\\\/#local-main-organization-logo\"},\"image\":{\"@id\":\"https:\\\/\\\/ubirataonline.com.br\\\/morre-o-documentarista-silvio-tendler-aos-75-anos-05-09-2025-ilustrada\\\/#local-main-organization-logo\"},\"sameAs\":[\"https:\\\/\\\/www.facebook.com\\\/portalubirataonline\",\"https:\\\/\\\/x.com\\\/ubirataonline\",\"https:\\\/\\\/mastodon.social\\\/@ubirataonline\",\"https:\\\/\\\/www.facebook.com\\\/groups\\\/311144672285604\",\"https:\\\/\\\/www.facebook.com\\\/UBTAOnline\",\"https:\\\/\\\/www.instagram.com\\\/portalubirataonline\\\/\",\"https:\\\/\\\/twitter.com\\\/ubirataonline\"],\"description\":\"Somos um portal de not\u00edcias independente, criado em 5 de janeiro de 2009, com o objetivo de informar, conectar e valorizar a nossa comunidade de Ubirat\u00e3 e toda aregi\u00e3o. Com conte\u00fado atualizado, confi\u00e1vel e relevante, o Ubirat\u00e3 Online \u00e9 o seu espa\u00e7o para ficar por dentro dos principais acontecimentos locais, regionais, Brasil, Mundo e de interesse geral. Nosso compromisso \u00e9 com a verdade, a transpar\u00eancia e o respeito ao leitor.\",\"legalName\":\"UBIRATA ONLINE NOT\u00cdCIAS\",\"foundingDate\":\"2009-01-05\",\"numberOfEmployees\":{\"@type\":\"QuantitativeValue\",\"minValue\":\"1\",\"maxValue\":\"10\"},\"publishingPrinciples\":\"https:\\\/\\\/ubirataonline.com.br\\\/faq\\\/\",\"address\":{\"@id\":\"https:\\\/\\\/ubirataonline.com.br\\\/morre-o-documentarista-silvio-tendler-aos-75-anos-05-09-2025-ilustrada\\\/#local-main-place-address\"},\"geo\":{\"@type\":\"GeoCoordinates\",\"latitude\":\"-24.5361401\",\"longitude\":\"-52.9921776\"},\"telephone\":[\"+5544998308235\"],\"contactPoint\":{\"@type\":\"ContactPoint\",\"email\":\"contato@ubirataonline.com.br\"},\"openingHoursSpecification\":{\"@type\":\"OpeningHoursSpecification\",\"dayOfWeek\":[\"Monday\",\"Tuesday\",\"Wednesday\",\"Thursday\",\"Friday\",\"Saturday\",\"Sunday\"],\"opens\":\"00:00\",\"closes\":\"23:59\"},\"email\":\"contato@ubirataonline.com.br\",\"vatID\":\"47.621.418\\\/0001-80\"},{\"@type\":\"Person\",\"@id\":\"https:\\\/\\\/ubirataonline.com.br\\\/#\\\/schema\\\/person\\\/372f87bbd3fdd79b8556b84c98d0bc1c\",\"name\":\"REDA\u00c7\u00c3O: UBIRAT\u00c3 ONLINE - F\u00c1BIO AUGUSTO CELESTINO\",\"pronouns\":\"Ele\",\"description\":\"Desde 2003 trabalhando com not\u00edcias.\",\"sameAs\":[\"http:\\\/\\\/ubirataoline.com.br\",\"https:\\\/\\\/www.facebook.com\\\/portalubirataonline\",\"https:\\\/\\\/www.instagram.com\\\/ubirataonline_oficial\",\"https:\\\/\\\/x.com\\\/x.com\\\/ubirataonline\"],\"honorificPrefix\":\"Mr.\",\"honorificSuffix\":\"MD\",\"birthDate\":\"1980-06-16\",\"gender\":\"masculino\",\"award\":[\"V\u00e1rios pr\u00eamios de melhor portal da cidade\"],\"jobTitle\":\"Diretor\",\"url\":\"https:\\\/\\\/ubirataonline.com.br\\\/en\\\/author\\\/ubirataonline\\\/\"},{\"@type\":\"PostalAddress\",\"@id\":\"https:\\\/\\\/ubirataonline.com.br\\\/morre-o-documentarista-silvio-tendler-aos-75-anos-05-09-2025-ilustrada\\\/#local-main-place-address\",\"streetAddress\":\"Rua dos Coqueiros, 104 - Bairro Boa Vista, Rua dos Coqueiros, 104 Bairro Boa Vista\",\"addressLocality\":\"UBIRATA\",\"postalCode\":\"85440-000\",\"addressRegion\":\"PR\",\"addressCountry\":\"BR\"},{\"@type\":\"ImageObject\",\"inLanguage\":\"en-US\",\"@id\":\"https:\\\/\\\/ubirataonline.com.br\\\/morre-o-documentarista-silvio-tendler-aos-75-anos-05-09-2025-ilustrada\\\/#local-main-organization-logo\",\"url\":\"https:\\\/\\\/ubirataonline.com.br\\\/wp-content\\\/uploads\\\/2026\\\/06\\\/logoubirataonline-1.webp\",\"contentUrl\":\"https:\\\/\\\/ubirataonline.com.br\\\/wp-content\\\/uploads\\\/2026\\\/06\\\/logoubirataonline-1.webp\",\"width\":500,\"height\":500,\"caption\":\"Ubirat\u00e3 Online Not\u00edcias\"}]}<\/script>\n<meta name=\"geo.placename\" content=\"UBIRATA\" \/>\n<meta name=\"geo.position\" content=\"-24.5361401;-52.9921776\" \/>\n<meta name=\"geo.region\" content=\"Brazil\" \/>\n<!-- \/ Yoast SEO Premium plugin. -->","yoast_head_json":{"title":"Morre o documentarista Silvio Tendler aos 75 anos - 05\/09\/2025 - Ilustrada - Ubirat\u00e3 Online Not\u00edcias - A realidade ao seu alcance!","description":"Morreu na manh\u00e3 desta sexta-feira, aos 75 anos, o cineasta Silvio Tendler, v\u00edtima de uma infec\u00e7\u00e3o generalizada. Ele enfrentava havia dez anos uma","robots":{"index":"index","follow":"follow","max-snippet":"max-snippet:-1","max-image-preview":"max-image-preview:large","max-video-preview":"max-video-preview:-1"},"canonical":"https:\/\/ubirataonline.com.br\/en\/morre-o-documentarista-silvio-tendler-aos-75-anos-05-09-2025-ilustrada\/","og_locale":"en_US","og_type":"article","og_title":"Morre o documentarista Silvio Tendler aos 75 anos - 05\/09\/2025 - Ilustrada","og_description":"Morreu na manh\u00e3 desta sexta-feira, aos 75 anos, o cineasta Silvio Tendler, v\u00edtima de uma infec\u00e7\u00e3o generalizada. Ele enfrentava havia dez anos uma","og_url":"https:\/\/ubirataonline.com.br\/en\/morre-o-documentarista-silvio-tendler-aos-75-anos-05-09-2025-ilustrada\/","og_site_name":"Ubirat\u00e3 Online Not\u00edcias - A realidade ao seu alcance!","article_publisher":"https:\/\/www.facebook.com\/portalubirataonline","article_author":"https:\/\/www.facebook.com\/portalubirataonline","article_published_time":"2025-09-05T14:30:08+00:00","og_image":[{"width":1531,"height":418,"url":"https:\/\/ubirataonline.com.br\/wp-content\/uploads\/2026\/05\/logo2026.webp","type":"image\/webp"}],"author":"REDA\u00c7\u00c3O: UBIRAT\u00c3 ONLINE - F\u00c1BIO AUGUSTO CELESTINO","twitter_card":"summary_large_image","twitter_creator":"@x.com\/ubirataonline","twitter_site":"@ubirataonline","twitter_misc":{"Written by":"REDA\u00c7\u00c3O: UBIRAT\u00c3 ONLINE - F\u00c1BIO AUGUSTO CELESTINO","Est. reading time":"2 minutes"},"schema":{"@context":"https:\/\/schema.org","@graph":[{"@type":"NewsArticle","@id":"https:\/\/ubirataonline.com.br\/morre-o-documentarista-silvio-tendler-aos-75-anos-05-09-2025-ilustrada\/#article","isPartOf":{"@id":"https:\/\/ubirataonline.com.br\/morre-o-documentarista-silvio-tendler-aos-75-anos-05-09-2025-ilustrada\/"},"author":{"name":"REDA\u00c7\u00c3O: UBIRAT\u00c3 ONLINE - F\u00c1BIO AUGUSTO CELESTINO","@id":"https:\/\/ubirataonline.com.br\/#\/schema\/person\/372f87bbd3fdd79b8556b84c98d0bc1c"},"headline":"Morre o documentarista Silvio Tendler aos 75 anos &#8211; 05\/09\/2025 &#8211; Ilustrada","datePublished":"2025-09-05T14:30:08+00:00","mainEntityOfPage":{"@id":"https:\/\/ubirataonline.com.br\/morre-o-documentarista-silvio-tendler-aos-75-anos-05-09-2025-ilustrada\/"},"wordCount":432,"publisher":{"@id":"https:\/\/ubirataonline.com.br\/#organization"},"image":{"@id":"https:\/\/ubirataonline.com.br\/morre-o-documentarista-silvio-tendler-aos-75-anos-05-09-2025-ilustrada\/#primaryimage"},"thumbnailUrl":"https:\/\/ubirataonline.com.br\/wp-content\/uploads\/2025\/09\/15652134635d4b4317bf42b_1565213463_3x2_xl.jpg","articleSection":["Brasil"],"inLanguage":"en-US","copyrightYear":"2025","copyrightHolder":{"@id":"https:\/\/ubirataonline.com.br\/en\/#organization"}},{"@type":"WebPage","@id":"https:\/\/ubirataonline.com.br\/morre-o-documentarista-silvio-tendler-aos-75-anos-05-09-2025-ilustrada\/","url":"https:\/\/ubirataonline.com.br\/morre-o-documentarista-silvio-tendler-aos-75-anos-05-09-2025-ilustrada\/","name":"Morre o documentarista Silvio Tendler aos 75 anos - 05\/09\/2025 - Ilustrada - Ubirat\u00e3 Online Not\u00edcias - A realidade ao seu alcance!","isPartOf":{"@id":"https:\/\/ubirataonline.com.br\/#website"},"primaryImageOfPage":{"@id":"https:\/\/ubirataonline.com.br\/morre-o-documentarista-silvio-tendler-aos-75-anos-05-09-2025-ilustrada\/#primaryimage"},"image":{"@id":"https:\/\/ubirataonline.com.br\/morre-o-documentarista-silvio-tendler-aos-75-anos-05-09-2025-ilustrada\/#primaryimage"},"thumbnailUrl":"https:\/\/ubirataonline.com.br\/wp-content\/uploads\/2025\/09\/15652134635d4b4317bf42b_1565213463_3x2_xl.jpg","datePublished":"2025-09-05T14:30:08+00:00","description":"Morreu na manh\u00e3 desta sexta-feira, aos 75 anos, o cineasta Silvio Tendler, v\u00edtima de uma infec\u00e7\u00e3o generalizada. Ele enfrentava havia dez anos uma","breadcrumb":{"@id":"https:\/\/ubirataonline.com.br\/morre-o-documentarista-silvio-tendler-aos-75-anos-05-09-2025-ilustrada\/#breadcrumb"},"inLanguage":"en-US","potentialAction":[{"@type":"ReadAction","target":["https:\/\/ubirataonline.com.br\/morre-o-documentarista-silvio-tendler-aos-75-anos-05-09-2025-ilustrada\/"]}]},{"@type":"ImageObject","inLanguage":"en-US","@id":"https:\/\/ubirataonline.com.br\/morre-o-documentarista-silvio-tendler-aos-75-anos-05-09-2025-ilustrada\/#primaryimage","url":"https:\/\/ubirataonline.com.br\/wp-content\/uploads\/2025\/09\/15652134635d4b4317bf42b_1565213463_3x2_xl.jpg","contentUrl":"https:\/\/ubirataonline.com.br\/wp-content\/uploads\/2025\/09\/15652134635d4b4317bf42b_1565213463_3x2_xl.jpg","width":1200,"height":800},{"@type":"BreadcrumbList","@id":"https:\/\/ubirataonline.com.br\/morre-o-documentarista-silvio-tendler-aos-75-anos-05-09-2025-ilustrada\/#breadcrumb","itemListElement":[{"@type":"ListItem","position":1,"name":"In\u00edcio","item":"https:\/\/ubirataonline.com.br\/"},{"@type":"ListItem","position":2,"name":"Morre o documentarista Silvio Tendler aos 75 anos &#8211; 05\/09\/2025 &#8211; Ilustrada"}]},{"@type":"WebSite","@id":"https:\/\/ubirataonline.com.br\/#website","url":"https:\/\/ubirataonline.com.br\/","name":"Ubirat\u00e3 Online Not\u00edcias","description":"Not\u00edcias de Ubirat\u00e3, regi\u00e3o, Brasil e mundo, com informa\u00e7\u00e3o atualizada e compromisso com o leitor.","publisher":{"@id":"https:\/\/ubirataonline.com.br\/#organization"},"alternateName":"Ubirat\u00e3 Online","potentialAction":[{"@type":"SearchAction","target":{"@type":"EntryPoint","urlTemplate":"https:\/\/ubirataonline.com.br\/?s={search_term_string}"},"query-input":{"@type":"PropertyValueSpecification","valueRequired":true,"valueName":"search_term_string"}}],"inLanguage":"en-US"},{"@type":["Organization","Place"],"@id":"https:\/\/ubirataonline.com.br\/#organization","name":"Ubirat\u00e3 Online Not\u00edcias","alternateName":"Ubirat\u00e3 Online","url":"https:\/\/ubirataonline.com.br\/","logo":{"@id":"https:\/\/ubirataonline.com.br\/morre-o-documentarista-silvio-tendler-aos-75-anos-05-09-2025-ilustrada\/#local-main-organization-logo"},"image":{"@id":"https:\/\/ubirataonline.com.br\/morre-o-documentarista-silvio-tendler-aos-75-anos-05-09-2025-ilustrada\/#local-main-organization-logo"},"sameAs":["https:\/\/www.facebook.com\/portalubirataonline","https:\/\/x.com\/ubirataonline","https:\/\/mastodon.social\/@ubirataonline","https:\/\/www.facebook.com\/groups\/311144672285604","https:\/\/www.facebook.com\/UBTAOnline","https:\/\/www.instagram.com\/portalubirataonline\/","https:\/\/twitter.com\/ubirataonline"],"description":"Somos um portal de not\u00edcias independente, criado em 5 de janeiro de 2009, com o objetivo de informar, conectar e valorizar a nossa comunidade de Ubirat\u00e3 e toda aregi\u00e3o. Com conte\u00fado atualizado, confi\u00e1vel e relevante, o Ubirat\u00e3 Online \u00e9 o seu espa\u00e7o para ficar por dentro dos principais acontecimentos locais, regionais, Brasil, Mundo e de interesse geral. Nosso compromisso \u00e9 com a verdade, a transpar\u00eancia e o respeito ao leitor.","legalName":"UBIRATA ONLINE NOT\u00cdCIAS","foundingDate":"2009-01-05","numberOfEmployees":{"@type":"QuantitativeValue","minValue":"1","maxValue":"10"},"publishingPrinciples":"https:\/\/ubirataonline.com.br\/faq\/","address":{"@id":"https:\/\/ubirataonline.com.br\/morre-o-documentarista-silvio-tendler-aos-75-anos-05-09-2025-ilustrada\/#local-main-place-address"},"geo":{"@type":"GeoCoordinates","latitude":"-24.5361401","longitude":"-52.9921776"},"telephone":["+5544998308235"],"contactPoint":{"@type":"ContactPoint","email":"contato@ubirataonline.com.br"},"openingHoursSpecification":{"@type":"OpeningHoursSpecification","dayOfWeek":["Monday","Tuesday","Wednesday","Thursday","Friday","Saturday","Sunday"],"opens":"00:00","closes":"23:59"},"email":"contato@ubirataonline.com.br","vatID":"47.621.418\/0001-80"},{"@type":"Person","@id":"https:\/\/ubirataonline.com.br\/#\/schema\/person\/372f87bbd3fdd79b8556b84c98d0bc1c","name":"REDA\u00c7\u00c3O: UBIRAT\u00c3 ONLINE - F\u00c1BIO AUGUSTO CELESTINO","pronouns":"Ele","description":"Desde 2003 trabalhando com not\u00edcias.","sameAs":["http:\/\/ubirataoline.com.br","https:\/\/www.facebook.com\/portalubirataonline","https:\/\/www.instagram.com\/ubirataonline_oficial","https:\/\/x.com\/x.com\/ubirataonline"],"honorificPrefix":"Mr.","honorificSuffix":"MD","birthDate":"1980-06-16","gender":"masculino","award":["V\u00e1rios pr\u00eamios de melhor portal da cidade"],"jobTitle":"Diretor","url":"https:\/\/ubirataonline.com.br\/en\/author\/ubirataonline\/"},{"@type":"PostalAddress","@id":"https:\/\/ubirataonline.com.br\/morre-o-documentarista-silvio-tendler-aos-75-anos-05-09-2025-ilustrada\/#local-main-place-address","streetAddress":"Rua dos Coqueiros, 104 - Bairro Boa Vista, Rua dos Coqueiros, 104 Bairro Boa Vista","addressLocality":"UBIRATA","postalCode":"85440-000","addressRegion":"PR","addressCountry":"BR"},{"@type":"ImageObject","inLanguage":"en-US","@id":"https:\/\/ubirataonline.com.br\/morre-o-documentarista-silvio-tendler-aos-75-anos-05-09-2025-ilustrada\/#local-main-organization-logo","url":"https:\/\/ubirataonline.com.br\/wp-content\/uploads\/2026\/06\/logoubirataonline-1.webp","contentUrl":"https:\/\/ubirataonline.com.br\/wp-content\/uploads\/2026\/06\/logoubirataonline-1.webp","width":500,"height":500,"caption":"Ubirat\u00e3 Online Not\u00edcias"}]},"geo.placename":"UBIRATA","geo.position":{"lat":"-24.5361401","long":"-52.9921776"},"geo.region":"Brazil"},"_links":{"self":[{"href":"https:\/\/ubirataonline.com.br\/en\/wp-json\/wp\/v2\/posts\/67245","targetHints":{"allow":["GET"]}}],"collection":[{"href":"https:\/\/ubirataonline.com.br\/en\/wp-json\/wp\/v2\/posts"}],"about":[{"href":"https:\/\/ubirataonline.com.br\/en\/wp-json\/wp\/v2\/types\/post"}],"author":[{"embeddable":true,"href":"https:\/\/ubirataonline.com.br\/en\/wp-json\/wp\/v2\/users\/1"}],"replies":[{"embeddable":true,"href":"https:\/\/ubirataonline.com.br\/en\/wp-json\/wp\/v2\/comments?post=67245"}],"version-history":[{"count":0,"href":"https:\/\/ubirataonline.com.br\/en\/wp-json\/wp\/v2\/posts\/67245\/revisions"}],"wp:featuredmedia":[{"embeddable":true,"href":"https:\/\/ubirataonline.com.br\/en\/wp-json\/wp\/v2\/media\/67246"}],"wp:attachment":[{"href":"https:\/\/ubirataonline.com.br\/en\/wp-json\/wp\/v2\/media?parent=67245"}],"wp:term":[{"taxonomy":"category","embeddable":true,"href":"https:\/\/ubirataonline.com.br\/en\/wp-json\/wp\/v2\/categories?post=67245"},{"taxonomy":"post_tag","embeddable":true,"href":"https:\/\/ubirataonline.com.br\/en\/wp-json\/wp\/v2\/tags?post=67245"}],"curies":[{"name":"wp","href":"https:\/\/api.w.org\/{rel}","templated":true}]}}