{"id":67250,"date":"2025-09-05T12:31:22","date_gmt":"2025-09-05T15:31:22","guid":{"rendered":"https:\/\/ubirataonline.com.br\/jorge-sampaoli-pode-definir-futuro-de-guilherme-arana-no-atletico-mg\/"},"modified":"2025-09-05T12:31:22","modified_gmt":"2025-09-05T15:31:22","slug":"jorge-sampaoli-pode-definir-futuro-de-guilherme-arana-no-atletico-mg","status":"publish","type":"post","link":"https:\/\/ubirataonline.com.br\/en\/jorge-sampaoli-pode-definir-futuro-de-guilherme-arana-no-atletico-mg\/","title":{"rendered":"Jorge Sampaoli pode definir futuro de Guilherme Arana no Atl\u00e9tico-MG"},"content":{"rendered":"<p><\/p>\n<div data-testid=\"article_body\" id=\"article-body-1513139\">\n<h2 class=\"mb-[20px] md:mb-[30px] break-word text-articleHeading2Mobile md:text-articleHeading2\"><strong>Guilherme Arana vai deixar o Galo?<\/strong><\/h2>\n<p data-testid=\"paragraph\" class=\"mb-[20px] md:mb-[30px] break-word\">O lateral Guilherme Arana, que recentemente voltou a receber sondagens para deixar o <strong><a href=\"https:\/\/br.bolavip.com\/atletico-mineiro\" target=\"_blank\" rel=\"noreferrer noopener\" class=\"break-word font-articleLinkText text-articleLinkText hover:text-articleLinkTextHover hover:bg-articleLinkTextHoverBg cursor-pointer border-solid border-b-articleLinkTextHover\">Atl\u00e9tico-MG<\/a><\/strong>, pode voltar a jogar de forma mais ofensiva com o t\u00e9cnico <strong>Jorge Sampaoli<\/strong>.<\/p>\n<figure class=\"border-solid border-b border-lightGray relative mb-[20px] md:mb-[30px]\"><img srcset=\"https:\/\/ds-images.bolavip.com\/news\/image?src=https%3A%2F%2Fimages.bolavip.com%2Fwebp%2Fbr%2Ffull%2FBBR_20250904_BBR_1513139_guilherme-arana-scaled-e1757009532588.webp&amp;width=490&amp;height=275 490w, https:\/\/ds-images.bolavip.com\/news\/image?src=https%3A%2F%2Fimages.bolavip.com%2Fwebp%2Fbr%2Ffull%2FBBR_20250904_BBR_1513139_guilherme-arana-scaled-e1757009532588.webp&amp;width=740&amp;height=416 740w\" sizes=\"50vw\" width=\"740\" height=\"416\" fetchpriority=\"high\" alt=\"Lateral tem o futuro incerto \u2013 Foto: Pedro Vilela\/Getty Images.&#10;\"\/><figcaption class=\"mx-[10px] md:mx-0 mt-2.5 text-[14px] tracking-normal font-articleFigCaption text-articleFigCaption\"><strong class=\"pr-2\">\u00a9 <!-- -->Getty Images<\/strong>Lateral tem o futuro incerto \u2013 Foto: Pedro Vilela\/Getty Images.<br \/>\n<\/figcaption><\/figure>\n<p data-testid=\"paragraph\" class=\"mb-[20px] md:mb-[30px] break-word\">Conforme noticiou o site Atleticomg.net, o novo treinador pode ter um papel fundamental no futuro do jogador. Em 2020, com Sampaoli, o atleta fez uma \u00f3tima temporada.<\/p>\n<p data-testid=\"paragraph\" class=\"mb-[20px] md:mb-[30px] break-word\">Se Arana <a href=\"https:\/\/br.bolavip.com\/futebol\/atletico-nao-vendera-guilherme-arana-para-o-spartak-moscow-por-r-50-milhoes-e-define-preco-para-vender-o-lateral\" target=\"_blank\" rel=\"noreferrer noopener\" class=\"break-word font-articleLinkText text-articleLinkText hover:text-articleLinkTextHover hover:bg-articleLinkTextHoverBg cursor-pointer border-solid border-b-articleLinkTextHover\">voltar a ter destaque no Galo<\/a>, a tend\u00eancia \u00e9 que cheguem novas propostas da Europa. Por enquanto, <strong>n\u00e3o est\u00e1 nos planos da diretoria<\/strong> negociar o camisa 13, muito pelo contr\u00e1rio.<\/p>\n<h2 class=\"mb-[20px] md:mb-[30px] break-word text-articleHeading2Mobile md:text-articleHeading2\"><strong>Everson elogia Sampaoli<\/strong><\/h2>\n<p data-testid=\"paragraph\" class=\"mb-[20px] md:mb-[30px] break-word\">Ainda sobre Sampaoli, o retorno do ex-Santos e Flamengo foi aprovado por boa parte do elenco. Contente, Everson <a href=\"https:\/\/br.bolavip.com\/atletico-mineiro\/antes-de-reencontro-no-atletico-mg-everson-detalha-trabalho-com-sampaoli\" target=\"_blank\" rel=\"noreferrer noopener\" class=\"break-word font-articleLinkText text-articleLinkText hover:text-articleLinkTextHover hover:bg-articleLinkTextHoverBg cursor-pointer border-solid border-b-articleLinkTextHover\">n\u00e3o poupou elogios ao argentino<\/a> e lembrou de sua chegada.<\/p>\n<p data-testid=\"paragraph\" class=\"mb-[20px] md:mb-[30px] break-word\"><em>\u201cQuando <strong>ele vem pro Galo<\/strong>, foi a primeira vez que o Sampaoli entrou em contato comigo. Nem pra me levar para o Santos ele tinha falado diretamente comigo\u201d<\/em>, disse o goleiro, ao portal UOL.<\/p>\n<div data-testid=\"image-embed\" class=\"max-w-[550px] block relative mx-auto mb-[20px] md:mb-[30px]\"><img decoding=\"async\" src=\"https:\/\/ds-images.bolavip.com\/news\/image?src=https:\/\/images.bolavip.com\/webp\/br\/full\/BBR_20250904_BBR_1513139_DEM-08-AGO-BV-ESTATITICASQuem-ganhou-o-1-turno-_-Quem-foi-campeao-21-819x1024_4611965c.webp&amp;width=819&amp;height=1024\" width=\"819\" height=\"1024\" alt=\"\" class=\"h-auto\" loading=\"lazy\"\/><\/div>\n<p data-testid=\"paragraph\" class=\"mb-[20px] md:mb-[30px] break-word\"><em>\u201cTem a situa\u00e7\u00e3o que ele queria trazer um goleiro, ele entrou em contato, queria saber como estava a situa\u00e7\u00e3o l\u00e1 e perguntou se eu queria trabalhar com ele novamente\u201d<\/em>, concluiu.<\/p>\n<h2 class=\"mb-[20px] md:mb-[30px] break-word text-articleHeading2Mobile md:text-articleHeading2\"><strong>Rubens Menin deixa recado para o t\u00e9cnico<\/strong><\/h2>\n<p data-testid=\"paragraph\" class=\"mb-[20px] md:mb-[30px] break-word\">Quem tamb\u00e9m comentou a chegada do argentino foi o investidor <strong>Rubens Menin<\/strong>, que vinha recebendo cr\u00edticas por manter Cuca no cargo. Ap\u00f3s a derrota para o Cruzeiro, o professor foi demitido.<\/p>\n<p><a title=\"Jorge Sampaoli recebe promessa de refor\u00e7os para 2026 e altera cronograma de treinos no Atl\u00e9tico-MG\" href=\"https:\/\/br.bolavip.com\/atletico-mineiro\/jorge-sampaoli-recebe-promessa-de-reforcos-para-2026-e-altera-cronograma-de-treinos-no-atletico-mg\" target=\"_self\" rel=\"\" class=\"article-also-read-embed\"><\/p>\n<div class=\"flex bg-alsoRead border-solid border border-lightGray max-w-full md:max-w-[550px] mx-auto mb-[20px] md:mb-[30px]\"><img decoding=\"async\" class=\"aspect-square max-w-[100px] m-[10px] md:m-0\" src=\"https:\/\/ds-images.bolavip.com\/news\/image?src=https%3A%2F%2Fimages.bolavip.com%2Fwebp%2Fbr%2Ffull%2FBBR_20250904_BBR_1512944_54763987703_a4693450a0_o-e1757002492299.webp&amp;width=200&amp;height=200\" alt=\"Jorge Sampaoli recebe promessa de refor\u00e7os para 2026 e altera cronograma de treinos no Atl\u00e9tico-MG\" width=\"200\" height=\"200\" loading=\"lazy\"\/><\/p>\n<div class=\"w-full md:ml-[15px] md:pr-[10px] tracking-normal\">\n<p class=\"font-secondary my-[13px] uppercase text-alsoReadSeeAlso bg-alsoReadSeeAlsoBackground alsoReadSeeAlso w-fit\">Veja tamb\u00e9m<\/p>\n<p class=\"w-full line-clamp-3 md:line-clamp-2 text-alsoReadEmbedTitle font-primary alsoReadLink\">Jorge Sampaoli recebe promessa de refor\u00e7os para 2026 e altera cronograma de treinos no Atl\u00e9tico-MG<\/p>\n<\/div>\n<\/div>\n<p><\/a><\/p>\n<p data-testid=\"paragraph\" class=\"break-word\"><em>\u201cJorge Sampaoli retorna ao Atl\u00e9tico em um momento importante. Temos jogos decisivos nas pr\u00f3ximas semanas e ser\u00e1 preciso foco e ra\u00e7a\u201d<\/em>, publicou, nas redes sociais.<\/p>\n<\/div>\n<div>\n<div class=\"flex items-center border-b-4 border-black max-h-[63px] md:max-h-[80px]\">\n<div class=\"flex-shrink-0 box-content w-[63px] h-[63px] md:w-[80px] md:h-[80px] rounded-full border-solid border-[5px] border-lightGray flex justify-center items-center overflow-hidden mr-[10px] md:mr-[15px] md:ml-[5px]\"><a class=\"leading-none\" href=\"https:\/\/br.bolavip.com\/staff\/rbelmont\" target=\"_self\" rel=\"\"><img decoding=\"async\" src=\"https:\/\/ds-images.bolavip.com\/news\/image\/by-path?src=https:\/\/images.bolavip.com\/images\/br\/authors\/80_80\/WhatsApp-Image-2025-06-30-at-15.49.02-e1751309554672.webp\" alt=\"rafael belmont\" width=\"80\" height=\"80\" loading=\"lazy\" class=\"rounded-full\"\/><\/a><\/div>\n<\/div>\n<p class=\"text-[14px] leading-[20px] min-h-[72px] md:min-h-[52px] mt-[10px] font-authorSignatureDescription hidden md:block\">Rafael Belmont \u00e9 um jornalista que h\u00e1 cerca de tr\u00eas anos atua com \u00eanfase em cobertura do futebol brasileiro, se destacando em clubes como Flamengo, Santos, Corinthians e Gr\u00eamio. Graduando em Jornalismo na Faculdade Anhanguera desde 2020, tamb\u00e9m j\u00e1 atuou com \u00eanfase em entretenimento, arte, cinema, teatro e televis\u00e3o nacional e internacional. Atualmente no Bolavip Brasil, passou por ve\u00edculos de comunica\u00e7\u00e3o como Mercado do Futebol e PL Brasil.<\/p>\n<\/div>\n<p><a href=\"https:\/\/br.bolavip.com\/atletico-mineiro\/guilherme-arana-tem-sondagens-para-deixar-o-atletico-mg-e-pode-receber-ajuda-de-jorge-sampaoli\">Source link <\/a><\/p>\n","protected":false},"excerpt":{"rendered":"<p>Guilherme Arana vai deixar o Galo? O lateral Guilherme Arana, que recentemente voltou a receber sondagens para deixar o Atl\u00e9tico-MG, pode voltar a jogar de forma mais ofensiva com o t\u00e9cnico Jorge Sampaoli. \u00a9 Getty ImagesLateral tem o futuro incerto \u2013 Foto: Pedro Vilela\/Getty Images. Conforme noticiou o site Atleticomg.net, o novo treinador pode ter [&hellip;]<\/p>\n","protected":false},"author":1,"featured_media":67251,"comment_status":"","ping_status":"","sticky":false,"template":"","format":"standard","meta":{"googlesitekit_rrm_CAow2JLhCw:productID":"","_gspb_post_css":"","maa_idioma":"","maa_pais":"","footnotes":""},"categories":[4],"tags":[],"class_list":["post-67250","post","type-post","status-publish","format-standard","has-post-thumbnail","hentry","category-brasil"],"blocksy_meta":[],"yoast_head":"<!-- This site is optimized with the Yoast SEO Premium plugin v27.6 (Yoast SEO v27.6) - https:\/\/yoast.com\/product\/yoast-seo-premium-wordpress\/ -->\n<title>Jorge Sampaoli pode definir futuro de Guilherme Arana no Atl\u00e9tico-MG - Ubirat\u00e3 Online Not\u00edcias - A realidade ao seu alcance!<\/title>\n<meta name=\"description\" content=\"Guilherme Arana vai deixar o Galo?O lateral Guilherme Arana, que recentemente voltou a receber sondagens para deixar o Atl\u00e9tico-MG, pode voltar a jogar de\" \/>\n<meta name=\"robots\" content=\"index, follow, max-snippet:-1, max-image-preview:large, max-video-preview:-1\" \/>\n<link rel=\"canonical\" href=\"https:\/\/ubirataonline.com.br\/en\/jorge-sampaoli-pode-definir-futuro-de-guilherme-arana-no-atletico-mg\/\" \/>\n<meta property=\"og:locale\" content=\"en_US\" \/>\n<meta property=\"og:type\" content=\"article\" \/>\n<meta property=\"og:title\" content=\"Jorge Sampaoli pode definir futuro de Guilherme Arana no Atl\u00e9tico-MG\" \/>\n<meta property=\"og:description\" content=\"Guilherme Arana vai deixar o Galo?O lateral Guilherme Arana, que recentemente voltou a receber sondagens para deixar o Atl\u00e9tico-MG, pode voltar a jogar de\" \/>\n<meta property=\"og:url\" content=\"https:\/\/ubirataonline.com.br\/en\/jorge-sampaoli-pode-definir-futuro-de-guilherme-arana-no-atletico-mg\/\" \/>\n<meta property=\"og:site_name\" content=\"Ubirat\u00e3 Online Not\u00edcias - A realidade ao seu alcance!\" \/>\n<meta property=\"article:publisher\" content=\"https:\/\/www.facebook.com\/portalubirataonline\" \/>\n<meta property=\"article:author\" content=\"https:\/\/www.facebook.com\/portalubirataonline\" \/>\n<meta property=\"article:published_time\" content=\"2025-09-05T15:31:22+00:00\" \/>\n<meta property=\"og:image\" content=\"https:\/\/ds-images.bolavip.com\/news\/image?src=https:\/\/images.bolavip.com\/webp\/br\/full\/BBR_20250904_BBR_1513139_DEM-08-AGO-BV-ESTATITICASQuem-ganhou-o-1-turno-_-Quem-foi-campeao-21-819x1024_4611965c.webp&amp;width=819&amp;height=1024\" \/>\n<meta name=\"author\" content=\"REDA\u00c7\u00c3O: UBIRAT\u00c3 ONLINE - F\u00c1BIO AUGUSTO CELESTINO\" \/>\n<meta name=\"twitter:card\" content=\"summary_large_image\" \/>\n<meta name=\"twitter:creator\" content=\"@x.com\/ubirataonline\" \/>\n<meta name=\"twitter:site\" content=\"@ubirataonline\" \/>\n<meta name=\"twitter:label1\" content=\"Written by\" \/>\n\t<meta name=\"twitter:data1\" content=\"REDA\u00c7\u00c3O: UBIRAT\u00c3 ONLINE - F\u00c1BIO AUGUSTO CELESTINO\" \/>\n\t<meta name=\"twitter:label2\" content=\"Est. reading time\" \/>\n\t<meta name=\"twitter:data2\" content=\"2 minutes\" \/>\n<script type=\"application\/ld+json\" class=\"yoast-schema-graph\">{\"@context\":\"https:\\\/\\\/schema.org\",\"@graph\":[{\"@type\":\"NewsArticle\",\"@id\":\"https:\\\/\\\/ubirataonline.com.br\\\/jorge-sampaoli-pode-definir-futuro-de-guilherme-arana-no-atletico-mg\\\/#article\",\"isPartOf\":{\"@id\":\"https:\\\/\\\/ubirataonline.com.br\\\/jorge-sampaoli-pode-definir-futuro-de-guilherme-arana-no-atletico-mg\\\/\"},\"author\":{\"name\":\"REDA\u00c7\u00c3O: UBIRAT\u00c3 ONLINE - F\u00c1BIO AUGUSTO CELESTINO\",\"@id\":\"https:\\\/\\\/ubirataonline.com.br\\\/#\\\/schema\\\/person\\\/372f87bbd3fdd79b8556b84c98d0bc1c\"},\"headline\":\"Jorge Sampaoli pode definir futuro de Guilherme Arana no Atl\u00e9tico-MG\",\"datePublished\":\"2025-09-05T15:31:22+00:00\",\"mainEntityOfPage\":{\"@id\":\"https:\\\/\\\/ubirataonline.com.br\\\/jorge-sampaoli-pode-definir-futuro-de-guilherme-arana-no-atletico-mg\\\/\"},\"wordCount\":378,\"publisher\":{\"@id\":\"https:\\\/\\\/ubirataonline.com.br\\\/#organization\"},\"image\":{\"@id\":\"https:\\\/\\\/ubirataonline.com.br\\\/jorge-sampaoli-pode-definir-futuro-de-guilherme-arana-no-atletico-mg\\\/#primaryimage\"},\"thumbnailUrl\":\"https:\\\/\\\/ubirataonline.com.br\\\/wp-content\\\/uploads\\\/2025\\\/09\\\/BBR_20250904_BBR_1513139_guilherme-arana-scaled-e1757009532588.webpwidth1200height740.webp\",\"articleSection\":[\"Brasil\"],\"inLanguage\":\"en-US\",\"copyrightYear\":\"2025\",\"copyrightHolder\":{\"@id\":\"https:\\\/\\\/ubirataonline.com.br\\\/en\\\/#organization\"}},{\"@type\":\"WebPage\",\"@id\":\"https:\\\/\\\/ubirataonline.com.br\\\/jorge-sampaoli-pode-definir-futuro-de-guilherme-arana-no-atletico-mg\\\/\",\"url\":\"https:\\\/\\\/ubirataonline.com.br\\\/jorge-sampaoli-pode-definir-futuro-de-guilherme-arana-no-atletico-mg\\\/\",\"name\":\"Jorge Sampaoli pode definir futuro de Guilherme Arana no Atl\u00e9tico-MG - Ubirat\u00e3 Online Not\u00edcias - A realidade ao seu alcance!\",\"isPartOf\":{\"@id\":\"https:\\\/\\\/ubirataonline.com.br\\\/#website\"},\"primaryImageOfPage\":{\"@id\":\"https:\\\/\\\/ubirataonline.com.br\\\/jorge-sampaoli-pode-definir-futuro-de-guilherme-arana-no-atletico-mg\\\/#primaryimage\"},\"image\":{\"@id\":\"https:\\\/\\\/ubirataonline.com.br\\\/jorge-sampaoli-pode-definir-futuro-de-guilherme-arana-no-atletico-mg\\\/#primaryimage\"},\"thumbnailUrl\":\"https:\\\/\\\/ubirataonline.com.br\\\/wp-content\\\/uploads\\\/2025\\\/09\\\/BBR_20250904_BBR_1513139_guilherme-arana-scaled-e1757009532588.webpwidth1200height740.webp\",\"datePublished\":\"2025-09-05T15:31:22+00:00\",\"description\":\"Guilherme Arana vai deixar o Galo?O lateral Guilherme Arana, que recentemente voltou a receber sondagens para deixar o Atl\u00e9tico-MG, pode voltar a jogar de\",\"breadcrumb\":{\"@id\":\"https:\\\/\\\/ubirataonline.com.br\\\/jorge-sampaoli-pode-definir-futuro-de-guilherme-arana-no-atletico-mg\\\/#breadcrumb\"},\"inLanguage\":\"en-US\",\"potentialAction\":[{\"@type\":\"ReadAction\",\"target\":[\"https:\\\/\\\/ubirataonline.com.br\\\/jorge-sampaoli-pode-definir-futuro-de-guilherme-arana-no-atletico-mg\\\/\"]}]},{\"@type\":\"ImageObject\",\"inLanguage\":\"en-US\",\"@id\":\"https:\\\/\\\/ubirataonline.com.br\\\/jorge-sampaoli-pode-definir-futuro-de-guilherme-arana-no-atletico-mg\\\/#primaryimage\",\"url\":\"https:\\\/\\\/ubirataonline.com.br\\\/wp-content\\\/uploads\\\/2025\\\/09\\\/BBR_20250904_BBR_1513139_guilherme-arana-scaled-e1757009532588.webpwidth1200height740.webp\",\"contentUrl\":\"https:\\\/\\\/ubirataonline.com.br\\\/wp-content\\\/uploads\\\/2025\\\/09\\\/BBR_20250904_BBR_1513139_guilherme-arana-scaled-e1757009532588.webpwidth1200height740.webp\",\"width\":1200,\"height\":740},{\"@type\":\"BreadcrumbList\",\"@id\":\"https:\\\/\\\/ubirataonline.com.br\\\/jorge-sampaoli-pode-definir-futuro-de-guilherme-arana-no-atletico-mg\\\/#breadcrumb\",\"itemListElement\":[{\"@type\":\"ListItem\",\"position\":1,\"name\":\"In\u00edcio\",\"item\":\"https:\\\/\\\/ubirataonline.com.br\\\/\"},{\"@type\":\"ListItem\",\"position\":2,\"name\":\"Jorge Sampaoli pode definir futuro de Guilherme Arana no Atl\u00e9tico-MG\"}]},{\"@type\":\"WebSite\",\"@id\":\"https:\\\/\\\/ubirataonline.com.br\\\/#website\",\"url\":\"https:\\\/\\\/ubirataonline.com.br\\\/\",\"name\":\"Ubirat\u00e3 Online Not\u00edcias\",\"description\":\"Not\u00edcias de Ubirat\u00e3, regi\u00e3o, Brasil e mundo, com informa\u00e7\u00e3o atualizada e compromisso com o leitor.\",\"publisher\":{\"@id\":\"https:\\\/\\\/ubirataonline.com.br\\\/#organization\"},\"alternateName\":\"Ubirat\u00e3 Online\",\"potentialAction\":[{\"@type\":\"SearchAction\",\"target\":{\"@type\":\"EntryPoint\",\"urlTemplate\":\"https:\\\/\\\/ubirataonline.com.br\\\/?s={search_term_string}\"},\"query-input\":{\"@type\":\"PropertyValueSpecification\",\"valueRequired\":true,\"valueName\":\"search_term_string\"}}],\"inLanguage\":\"en-US\"},{\"@type\":[\"Organization\",\"Place\"],\"@id\":\"https:\\\/\\\/ubirataonline.com.br\\\/#organization\",\"name\":\"Ubirat\u00e3 Online Not\u00edcias\",\"alternateName\":\"Ubirat\u00e3 Online\",\"url\":\"https:\\\/\\\/ubirataonline.com.br\\\/\",\"logo\":{\"@id\":\"https:\\\/\\\/ubirataonline.com.br\\\/jorge-sampaoli-pode-definir-futuro-de-guilherme-arana-no-atletico-mg\\\/#local-main-organization-logo\"},\"image\":{\"@id\":\"https:\\\/\\\/ubirataonline.com.br\\\/jorge-sampaoli-pode-definir-futuro-de-guilherme-arana-no-atletico-mg\\\/#local-main-organization-logo\"},\"sameAs\":[\"https:\\\/\\\/www.facebook.com\\\/portalubirataonline\",\"https:\\\/\\\/x.com\\\/ubirataonline\",\"https:\\\/\\\/mastodon.social\\\/@ubirataonline\",\"https:\\\/\\\/www.facebook.com\\\/groups\\\/311144672285604\",\"https:\\\/\\\/www.facebook.com\\\/UBTAOnline\",\"https:\\\/\\\/www.instagram.com\\\/portalubirataonline\\\/\",\"https:\\\/\\\/twitter.com\\\/ubirataonline\"],\"description\":\"Somos um portal de not\u00edcias independente, criado em 5 de janeiro de 2009, com o objetivo de informar, conectar e valorizar a nossa comunidade de Ubirat\u00e3 e toda aregi\u00e3o. Com conte\u00fado atualizado, confi\u00e1vel e relevante, o Ubirat\u00e3 Online \u00e9 o seu espa\u00e7o para ficar por dentro dos principais acontecimentos locais, regionais, Brasil, Mundo e de interesse geral. Nosso compromisso \u00e9 com a verdade, a transpar\u00eancia e o respeito ao leitor.\",\"legalName\":\"UBIRATA ONLINE NOT\u00cdCIAS\",\"foundingDate\":\"2009-01-05\",\"numberOfEmployees\":{\"@type\":\"QuantitativeValue\",\"minValue\":\"1\",\"maxValue\":\"10\"},\"publishingPrinciples\":\"https:\\\/\\\/ubirataonline.com.br\\\/faq\\\/\",\"address\":{\"@id\":\"https:\\\/\\\/ubirataonline.com.br\\\/jorge-sampaoli-pode-definir-futuro-de-guilherme-arana-no-atletico-mg\\\/#local-main-place-address\"},\"geo\":{\"@type\":\"GeoCoordinates\",\"latitude\":\"-24.5361401\",\"longitude\":\"-52.9921776\"},\"telephone\":[\"+5544998308235\"],\"contactPoint\":{\"@type\":\"ContactPoint\",\"email\":\"contato@ubirataonline.com.br\"},\"openingHoursSpecification\":{\"@type\":\"OpeningHoursSpecification\",\"dayOfWeek\":[\"Monday\",\"Tuesday\",\"Wednesday\",\"Thursday\",\"Friday\",\"Saturday\",\"Sunday\"],\"opens\":\"00:00\",\"closes\":\"23:59\"},\"email\":\"contato@ubirataonline.com.br\",\"vatID\":\"47.621.418\\\/0001-80\"},{\"@type\":\"Person\",\"@id\":\"https:\\\/\\\/ubirataonline.com.br\\\/#\\\/schema\\\/person\\\/372f87bbd3fdd79b8556b84c98d0bc1c\",\"name\":\"REDA\u00c7\u00c3O: UBIRAT\u00c3 ONLINE - F\u00c1BIO AUGUSTO CELESTINO\",\"pronouns\":\"Ele\",\"description\":\"Desde 2003 trabalhando com not\u00edcias.\",\"sameAs\":[\"http:\\\/\\\/ubirataoline.com.br\",\"https:\\\/\\\/www.facebook.com\\\/portalubirataonline\",\"https:\\\/\\\/www.instagram.com\\\/ubirataonline_oficial\",\"https:\\\/\\\/x.com\\\/x.com\\\/ubirataonline\"],\"honorificPrefix\":\"Mr.\",\"honorificSuffix\":\"MD\",\"birthDate\":\"1980-06-16\",\"gender\":\"masculino\",\"award\":[\"V\u00e1rios pr\u00eamios de melhor portal da cidade\"],\"jobTitle\":\"Diretor\",\"url\":\"https:\\\/\\\/ubirataonline.com.br\\\/en\\\/author\\\/ubirataonline\\\/\"},{\"@type\":\"PostalAddress\",\"@id\":\"https:\\\/\\\/ubirataonline.com.br\\\/jorge-sampaoli-pode-definir-futuro-de-guilherme-arana-no-atletico-mg\\\/#local-main-place-address\",\"streetAddress\":\"Rua dos Coqueiros, 104 - Bairro Boa Vista, Rua dos Coqueiros, 104 Bairro Boa Vista\",\"addressLocality\":\"UBIRATA\",\"postalCode\":\"85440-000\",\"addressRegion\":\"PR\",\"addressCountry\":\"BR\"},{\"@type\":\"ImageObject\",\"inLanguage\":\"en-US\",\"@id\":\"https:\\\/\\\/ubirataonline.com.br\\\/jorge-sampaoli-pode-definir-futuro-de-guilherme-arana-no-atletico-mg\\\/#local-main-organization-logo\",\"url\":\"https:\\\/\\\/ubirataonline.com.br\\\/wp-content\\\/uploads\\\/2026\\\/06\\\/logoubirataonline-1.webp\",\"contentUrl\":\"https:\\\/\\\/ubirataonline.com.br\\\/wp-content\\\/uploads\\\/2026\\\/06\\\/logoubirataonline-1.webp\",\"width\":500,\"height\":500,\"caption\":\"Ubirat\u00e3 Online Not\u00edcias\"}]}<\/script>\n<meta name=\"geo.placename\" content=\"UBIRATA\" \/>\n<meta name=\"geo.position\" content=\"-24.5361401;-52.9921776\" \/>\n<meta name=\"geo.region\" content=\"Brazil\" \/>\n<!-- \/ Yoast SEO Premium plugin. -->","yoast_head_json":{"title":"Jorge Sampaoli pode definir futuro de Guilherme Arana no Atl\u00e9tico-MG - Ubirat\u00e3 Online Not\u00edcias - A realidade ao seu alcance!","description":"Guilherme Arana vai deixar o Galo?O lateral Guilherme Arana, que recentemente voltou a receber sondagens para deixar o Atl\u00e9tico-MG, pode voltar a jogar de","robots":{"index":"index","follow":"follow","max-snippet":"max-snippet:-1","max-image-preview":"max-image-preview:large","max-video-preview":"max-video-preview:-1"},"canonical":"https:\/\/ubirataonline.com.br\/en\/jorge-sampaoli-pode-definir-futuro-de-guilherme-arana-no-atletico-mg\/","og_locale":"en_US","og_type":"article","og_title":"Jorge Sampaoli pode definir futuro de Guilherme Arana no Atl\u00e9tico-MG","og_description":"Guilherme Arana vai deixar o Galo?O lateral Guilherme Arana, que recentemente voltou a receber sondagens para deixar o Atl\u00e9tico-MG, pode voltar a jogar de","og_url":"https:\/\/ubirataonline.com.br\/en\/jorge-sampaoli-pode-definir-futuro-de-guilherme-arana-no-atletico-mg\/","og_site_name":"Ubirat\u00e3 Online Not\u00edcias - A realidade ao seu alcance!","article_publisher":"https:\/\/www.facebook.com\/portalubirataonline","article_author":"https:\/\/www.facebook.com\/portalubirataonline","article_published_time":"2025-09-05T15:31:22+00:00","og_image":[{"url":"https:\/\/ds-images.bolavip.com\/news\/image?src=https:\/\/images.bolavip.com\/webp\/br\/full\/BBR_20250904_BBR_1513139_DEM-08-AGO-BV-ESTATITICASQuem-ganhou-o-1-turno-_-Quem-foi-campeao-21-819x1024_4611965c.webp&amp;width=819&amp;height=1024","type":"","width":"","height":""}],"author":"REDA\u00c7\u00c3O: UBIRAT\u00c3 ONLINE - F\u00c1BIO AUGUSTO CELESTINO","twitter_card":"summary_large_image","twitter_creator":"@x.com\/ubirataonline","twitter_site":"@ubirataonline","twitter_misc":{"Written by":"REDA\u00c7\u00c3O: UBIRAT\u00c3 ONLINE - F\u00c1BIO AUGUSTO CELESTINO","Est. reading time":"2 minutes"},"schema":{"@context":"https:\/\/schema.org","@graph":[{"@type":"NewsArticle","@id":"https:\/\/ubirataonline.com.br\/jorge-sampaoli-pode-definir-futuro-de-guilherme-arana-no-atletico-mg\/#article","isPartOf":{"@id":"https:\/\/ubirataonline.com.br\/jorge-sampaoli-pode-definir-futuro-de-guilherme-arana-no-atletico-mg\/"},"author":{"name":"REDA\u00c7\u00c3O: UBIRAT\u00c3 ONLINE - F\u00c1BIO AUGUSTO CELESTINO","@id":"https:\/\/ubirataonline.com.br\/#\/schema\/person\/372f87bbd3fdd79b8556b84c98d0bc1c"},"headline":"Jorge Sampaoli pode definir futuro de Guilherme Arana no Atl\u00e9tico-MG","datePublished":"2025-09-05T15:31:22+00:00","mainEntityOfPage":{"@id":"https:\/\/ubirataonline.com.br\/jorge-sampaoli-pode-definir-futuro-de-guilherme-arana-no-atletico-mg\/"},"wordCount":378,"publisher":{"@id":"https:\/\/ubirataonline.com.br\/#organization"},"image":{"@id":"https:\/\/ubirataonline.com.br\/jorge-sampaoli-pode-definir-futuro-de-guilherme-arana-no-atletico-mg\/#primaryimage"},"thumbnailUrl":"https:\/\/ubirataonline.com.br\/wp-content\/uploads\/2025\/09\/BBR_20250904_BBR_1513139_guilherme-arana-scaled-e1757009532588.webpwidth1200height740.webp","articleSection":["Brasil"],"inLanguage":"en-US","copyrightYear":"2025","copyrightHolder":{"@id":"https:\/\/ubirataonline.com.br\/en\/#organization"}},{"@type":"WebPage","@id":"https:\/\/ubirataonline.com.br\/jorge-sampaoli-pode-definir-futuro-de-guilherme-arana-no-atletico-mg\/","url":"https:\/\/ubirataonline.com.br\/jorge-sampaoli-pode-definir-futuro-de-guilherme-arana-no-atletico-mg\/","name":"Jorge Sampaoli pode definir futuro de Guilherme Arana no Atl\u00e9tico-MG - Ubirat\u00e3 Online Not\u00edcias - A realidade ao seu alcance!","isPartOf":{"@id":"https:\/\/ubirataonline.com.br\/#website"},"primaryImageOfPage":{"@id":"https:\/\/ubirataonline.com.br\/jorge-sampaoli-pode-definir-futuro-de-guilherme-arana-no-atletico-mg\/#primaryimage"},"image":{"@id":"https:\/\/ubirataonline.com.br\/jorge-sampaoli-pode-definir-futuro-de-guilherme-arana-no-atletico-mg\/#primaryimage"},"thumbnailUrl":"https:\/\/ubirataonline.com.br\/wp-content\/uploads\/2025\/09\/BBR_20250904_BBR_1513139_guilherme-arana-scaled-e1757009532588.webpwidth1200height740.webp","datePublished":"2025-09-05T15:31:22+00:00","description":"Guilherme Arana vai deixar o Galo?O lateral Guilherme Arana, que recentemente voltou a receber sondagens para deixar o Atl\u00e9tico-MG, pode voltar a jogar de","breadcrumb":{"@id":"https:\/\/ubirataonline.com.br\/jorge-sampaoli-pode-definir-futuro-de-guilherme-arana-no-atletico-mg\/#breadcrumb"},"inLanguage":"en-US","potentialAction":[{"@type":"ReadAction","target":["https:\/\/ubirataonline.com.br\/jorge-sampaoli-pode-definir-futuro-de-guilherme-arana-no-atletico-mg\/"]}]},{"@type":"ImageObject","inLanguage":"en-US","@id":"https:\/\/ubirataonline.com.br\/jorge-sampaoli-pode-definir-futuro-de-guilherme-arana-no-atletico-mg\/#primaryimage","url":"https:\/\/ubirataonline.com.br\/wp-content\/uploads\/2025\/09\/BBR_20250904_BBR_1513139_guilherme-arana-scaled-e1757009532588.webpwidth1200height740.webp","contentUrl":"https:\/\/ubirataonline.com.br\/wp-content\/uploads\/2025\/09\/BBR_20250904_BBR_1513139_guilherme-arana-scaled-e1757009532588.webpwidth1200height740.webp","width":1200,"height":740},{"@type":"BreadcrumbList","@id":"https:\/\/ubirataonline.com.br\/jorge-sampaoli-pode-definir-futuro-de-guilherme-arana-no-atletico-mg\/#breadcrumb","itemListElement":[{"@type":"ListItem","position":1,"name":"In\u00edcio","item":"https:\/\/ubirataonline.com.br\/"},{"@type":"ListItem","position":2,"name":"Jorge Sampaoli pode definir futuro de Guilherme Arana no Atl\u00e9tico-MG"}]},{"@type":"WebSite","@id":"https:\/\/ubirataonline.com.br\/#website","url":"https:\/\/ubirataonline.com.br\/","name":"Ubirat\u00e3 Online Not\u00edcias","description":"Not\u00edcias de Ubirat\u00e3, regi\u00e3o, Brasil e mundo, com informa\u00e7\u00e3o atualizada e compromisso com o leitor.","publisher":{"@id":"https:\/\/ubirataonline.com.br\/#organization"},"alternateName":"Ubirat\u00e3 Online","potentialAction":[{"@type":"SearchAction","target":{"@type":"EntryPoint","urlTemplate":"https:\/\/ubirataonline.com.br\/?s={search_term_string}"},"query-input":{"@type":"PropertyValueSpecification","valueRequired":true,"valueName":"search_term_string"}}],"inLanguage":"en-US"},{"@type":["Organization","Place"],"@id":"https:\/\/ubirataonline.com.br\/#organization","name":"Ubirat\u00e3 Online Not\u00edcias","alternateName":"Ubirat\u00e3 Online","url":"https:\/\/ubirataonline.com.br\/","logo":{"@id":"https:\/\/ubirataonline.com.br\/jorge-sampaoli-pode-definir-futuro-de-guilherme-arana-no-atletico-mg\/#local-main-organization-logo"},"image":{"@id":"https:\/\/ubirataonline.com.br\/jorge-sampaoli-pode-definir-futuro-de-guilherme-arana-no-atletico-mg\/#local-main-organization-logo"},"sameAs":["https:\/\/www.facebook.com\/portalubirataonline","https:\/\/x.com\/ubirataonline","https:\/\/mastodon.social\/@ubirataonline","https:\/\/www.facebook.com\/groups\/311144672285604","https:\/\/www.facebook.com\/UBTAOnline","https:\/\/www.instagram.com\/portalubirataonline\/","https:\/\/twitter.com\/ubirataonline"],"description":"Somos um portal de not\u00edcias independente, criado em 5 de janeiro de 2009, com o objetivo de informar, conectar e valorizar a nossa comunidade de Ubirat\u00e3 e toda aregi\u00e3o. Com conte\u00fado atualizado, confi\u00e1vel e relevante, o Ubirat\u00e3 Online \u00e9 o seu espa\u00e7o para ficar por dentro dos principais acontecimentos locais, regionais, Brasil, Mundo e de interesse geral. Nosso compromisso \u00e9 com a verdade, a transpar\u00eancia e o respeito ao leitor.","legalName":"UBIRATA ONLINE NOT\u00cdCIAS","foundingDate":"2009-01-05","numberOfEmployees":{"@type":"QuantitativeValue","minValue":"1","maxValue":"10"},"publishingPrinciples":"https:\/\/ubirataonline.com.br\/faq\/","address":{"@id":"https:\/\/ubirataonline.com.br\/jorge-sampaoli-pode-definir-futuro-de-guilherme-arana-no-atletico-mg\/#local-main-place-address"},"geo":{"@type":"GeoCoordinates","latitude":"-24.5361401","longitude":"-52.9921776"},"telephone":["+5544998308235"],"contactPoint":{"@type":"ContactPoint","email":"contato@ubirataonline.com.br"},"openingHoursSpecification":{"@type":"OpeningHoursSpecification","dayOfWeek":["Monday","Tuesday","Wednesday","Thursday","Friday","Saturday","Sunday"],"opens":"00:00","closes":"23:59"},"email":"contato@ubirataonline.com.br","vatID":"47.621.418\/0001-80"},{"@type":"Person","@id":"https:\/\/ubirataonline.com.br\/#\/schema\/person\/372f87bbd3fdd79b8556b84c98d0bc1c","name":"REDA\u00c7\u00c3O: UBIRAT\u00c3 ONLINE - F\u00c1BIO AUGUSTO CELESTINO","pronouns":"Ele","description":"Desde 2003 trabalhando com not\u00edcias.","sameAs":["http:\/\/ubirataoline.com.br","https:\/\/www.facebook.com\/portalubirataonline","https:\/\/www.instagram.com\/ubirataonline_oficial","https:\/\/x.com\/x.com\/ubirataonline"],"honorificPrefix":"Mr.","honorificSuffix":"MD","birthDate":"1980-06-16","gender":"masculino","award":["V\u00e1rios pr\u00eamios de melhor portal da cidade"],"jobTitle":"Diretor","url":"https:\/\/ubirataonline.com.br\/en\/author\/ubirataonline\/"},{"@type":"PostalAddress","@id":"https:\/\/ubirataonline.com.br\/jorge-sampaoli-pode-definir-futuro-de-guilherme-arana-no-atletico-mg\/#local-main-place-address","streetAddress":"Rua dos Coqueiros, 104 - Bairro Boa Vista, Rua dos Coqueiros, 104 Bairro Boa Vista","addressLocality":"UBIRATA","postalCode":"85440-000","addressRegion":"PR","addressCountry":"BR"},{"@type":"ImageObject","inLanguage":"en-US","@id":"https:\/\/ubirataonline.com.br\/jorge-sampaoli-pode-definir-futuro-de-guilherme-arana-no-atletico-mg\/#local-main-organization-logo","url":"https:\/\/ubirataonline.com.br\/wp-content\/uploads\/2026\/06\/logoubirataonline-1.webp","contentUrl":"https:\/\/ubirataonline.com.br\/wp-content\/uploads\/2026\/06\/logoubirataonline-1.webp","width":500,"height":500,"caption":"Ubirat\u00e3 Online Not\u00edcias"}]},"geo.placename":"UBIRATA","geo.position":{"lat":"-24.5361401","long":"-52.9921776"},"geo.region":"Brazil"},"_links":{"self":[{"href":"https:\/\/ubirataonline.com.br\/en\/wp-json\/wp\/v2\/posts\/67250","targetHints":{"allow":["GET"]}}],"collection":[{"href":"https:\/\/ubirataonline.com.br\/en\/wp-json\/wp\/v2\/posts"}],"about":[{"href":"https:\/\/ubirataonline.com.br\/en\/wp-json\/wp\/v2\/types\/post"}],"author":[{"embeddable":true,"href":"https:\/\/ubirataonline.com.br\/en\/wp-json\/wp\/v2\/users\/1"}],"replies":[{"embeddable":true,"href":"https:\/\/ubirataonline.com.br\/en\/wp-json\/wp\/v2\/comments?post=67250"}],"version-history":[{"count":0,"href":"https:\/\/ubirataonline.com.br\/en\/wp-json\/wp\/v2\/posts\/67250\/revisions"}],"wp:featuredmedia":[{"embeddable":true,"href":"https:\/\/ubirataonline.com.br\/en\/wp-json\/wp\/v2\/media\/67251"}],"wp:attachment":[{"href":"https:\/\/ubirataonline.com.br\/en\/wp-json\/wp\/v2\/media?parent=67250"}],"wp:term":[{"taxonomy":"category","embeddable":true,"href":"https:\/\/ubirataonline.com.br\/en\/wp-json\/wp\/v2\/categories?post=67250"},{"taxonomy":"post_tag","embeddable":true,"href":"https:\/\/ubirataonline.com.br\/en\/wp-json\/wp\/v2\/tags?post=67250"}],"curies":[{"name":"wp","href":"https:\/\/api.w.org\/{rel}","templated":true}]}}