{"id":67660,"date":"2025-09-08T17:06:22","date_gmt":"2025-09-08T20:06:22","guid":{"rendered":"https:\/\/ubirataonline.com.br\/5-cuidados-essenciais-com-cabelos-cacheados-e-crespos\/"},"modified":"2025-09-08T17:06:22","modified_gmt":"2025-09-08T20:06:22","slug":"5-cuidados-essenciais-com-cabelos-cacheados-e-crespos","status":"publish","type":"post","link":"https:\/\/ubirataonline.com.br\/en\/5-cuidados-essenciais-com-cabelos-cacheados-e-crespos\/","title":{"rendered":"5 cuidados essenciais com cabelos cacheados e crespos"},"content":{"rendered":"<p><\/p>\n<div id=\"post-content\">\n<p>Para manter cabelos cacheados e crespos sempre bonitos e saud\u00e1veis, \u00e9 essencial adotar uma rotina de cuidados espec\u00edficos, j\u00e1 que detalhes podem fazer toda a diferen\u00e7a no resultado. A hidrata\u00e7\u00e3o regular, o uso de produtos adequados e a aten\u00e7\u00e3o \u00e0 forma natural dos fios ajudam a preservar o brilho, a defini\u00e7\u00e3o e a vitalidade. <\/p>\n<p>Antes de falar sobre os cuidados, \u00e9 importante compreender a diferen\u00e7a entre esses dois tipos de cabelo. Os fios crespos, por exemplo, j\u00e1 nascem espiralados desde a raiz, formando voltas bem fechadas, enquanto os cabelos cacheados t\u00eam a raiz mais lisa e os cachos surgem apenas ao longo do comprimento.<\/p>\n<p>\u201cOs fios crespos, por serem espiralados desde a raiz, dificultam a migra\u00e7\u00e3o da oleosidade natural do cabelo do topo at\u00e9 \u00e0s pontas. Isso os torna mais ressecados e volumosos. Os cabelos cacheados precisam receber total aten\u00e7\u00e3o nas pontas, que tamb\u00e9m ficam sem oleosidade natural\u201d, esclarece o <em>hairstylist <\/em>Ruben Navarro.\u00a0<\/p>\n<p>A seguir, confira 5 cuidados essenciais com cabelos cacheados e crespos!<\/p>\n<p>Apesar de ser invi\u00e1vel tomar banho frio no inverno, a alta temperatura da \u00e1gua \u00e9 prejudicial para todos os<strong><a href=\"https:\/\/portaledicase.com\/cuidados-com-cada-tipo-de-cabelo\/\" target=\"_blank\" rel=\"noreferrer noopener\"> tipos de cabelo<\/a><\/strong> e para a pele. \u201cNo caso dos cabelos crespos e cacheados, por serem menos resistentes e ressecarem com muita facilidade, o cuidado deve ser redobrado, para que n\u00e3o fiquem com o aspecto maltratado. A temperatura ideal para lavar os fios \u00e9 a mais pr\u00f3xima da temperatura ambiente\u201d, aconselha Ruben Navarro.\u00a0\u00a0<\/p>\n<h2 class=\"wp-block-heading\" id=\"h-2-lave-o-cabelo-conforme-a-caracteristica-do-fio\">2. <strong>Lave o cabelo conforme a caracter\u00edstica do fio <\/strong><\/h2>\n<p>A quantidade de vezes que voc\u00ea deve lavar os cabelos depende muito da sua prefer\u00eancia e das caracter\u00edsticas dos fios. \u201cOs cabelos crespos e os cacheados devem ser lavados de duas a tr\u00eas vezes por semana, para que n\u00e3o retire a prote\u00e7\u00e3o natural da oleosidade desses fios, visto que eles ressecam com maior facilidade\u201d, sugere o <em>hairstylist<\/em>.\u00a0\u00a0<\/p>\n<div class=\"wp-block-image\">\n<figure class=\"aligncenter size-large\"><img fetchpriority=\"high\" decoding=\"async\" width=\"1024\" height=\"683\" src=\"https:\/\/portaledicase.com\/wp-content\/uploads\/2021\/01\/Tecnicas-de-finalizacao-para-cabelos-cacheados-crespos-e-ondulados-1024x683.jpg\" alt=\"Mulher fazendo finaliza\u00e7\u00e3o no cabelo ondulado com um spray\" class=\"wp-image-1516\" srcset=\"https:\/\/portaledicase.com\/wp-content\/uploads\/2021\/01\/Tecnicas-de-finalizacao-para-cabelos-cacheados-crespos-e-ondulados-1024x683.jpg 1024w, https:\/\/portaledicase.com\/wp-content\/uploads\/2021\/01\/Tecnicas-de-finalizacao-para-cabelos-cacheados-crespos-e-ondulados-300x200.jpg 300w, https:\/\/portaledicase.com\/wp-content\/uploads\/2021\/01\/Tecnicas-de-finalizacao-para-cabelos-cacheados-crespos-e-ondulados-768x512.jpg 768w, https:\/\/portaledicase.com\/wp-content\/uploads\/2021\/01\/Tecnicas-de-finalizacao-para-cabelos-cacheados-crespos-e-ondulados-640x427.jpg 640w, https:\/\/portaledicase.com\/wp-content\/uploads\/2021\/01\/Tecnicas-de-finalizacao-para-cabelos-cacheados-crespos-e-ondulados.jpg 1200w\" sizes=\"(max-width: 1024px) 100vw, 1024px\"\/><figcaption class=\"wp-element-caption\">Cabelos cacheados e crespos devem ser penteados molhados (Imagem: progressman | Shutterstock)<\/figcaption><\/figure>\n<\/p><\/div>\n<h2 class=\"wp-block-heading\" id=\"h-3-penteie-os-fios-molhados-nbsp-nbsp\">3. <strong>Penteie os fios molhados\u00a0<\/strong>\u00a0<\/h2>\n<p>A hora do banho ou logo ap\u00f3s, com os cabelos ainda molhados, \u00e9 a mais indicada para pentear os fios crespos ou <strong><a href=\"https:\/\/portaledicase.com\/saiba-como-cuidar-de-cabelos-cacheados-e-coloridos\/\" target=\"_blank\" rel=\"noreferrer noopener\">cacheados<\/a><\/strong>. \u201cOs cabelos s\u00f3 devem ser penteados quando estiverem molhados, e os pentes ideais para este tipo de fio s\u00e3o os de dentes largos, at\u00e9 mesmo de madeira. As escovas ideais s\u00e3o as de cerdas naturais para que n\u00e3o quebrem os fios que t\u00eam pouca elasticidade. Nunca se deve pentear os fios secos, para que n\u00e3o ganhem volume nem frizz indesej\u00e1veis\u201d, ensina o especialista.\u00a0<\/p>\n<h2 class=\"wp-block-heading\" id=\"h-4-utilize-creme-de-pentear\">4. Utilize creme de pentear <\/h2>\n<p>Ap\u00f3s lavar os cabelos e pente\u00e1-los, \u00e9 indispens\u00e1vel a utiliza\u00e7\u00e3o de um<strong><a href=\"https:\/\/portaledicase.com\/produtos-que-ajudam-a-deixar-os-cabelos-perfeitos\/\" target=\"_blank\" rel=\"noreferrer noopener\"> creme <\/a><\/strong>sem enx\u00e1gue. \u201cOs cremes para pentear s\u00e3o de suma import\u00e2ncia para esse tipo de fio, podem ser utilizados diariamente. Opte por um <em>leave-in<\/em>, que \u00e9 mais leve e n\u00e3o sobrecarrega os fios\u201d, indica Ruben Navarro.\u00a0\u00a0<\/p>\n<p>Segundo o especialista, as nutri\u00e7\u00f5es e as hidrata\u00e7\u00f5es devem ser feitas, no m\u00ednimo, a cada cinco dias, e pode ser feita uma <strong><a href=\"https:\/\/portaledicase.com\/conheca-os-beneficios-do-cronograma-capilar-para-a-saude-dos-cabelos\/\" target=\"_blank\" rel=\"noreferrer noopener\">reconstru\u00e7\u00e3o <\/a><\/strong>nos fios a cada 15 dias. \u201c\u00c9 sempre bom ter aten\u00e7\u00e3o nas hidrata\u00e7\u00f5es para que esta fibra n\u00e3o se acostume com os produtos aplicados. Ent\u00e3o, intercale com amino\u00e1cidos e prote\u00ednas. O ideal para esse tipo de cabelo \u00e9 utilizar <em>leave-in<\/em> diariamente\u201d, destaca Ruben Navarro.\u00a0\u00a0<\/p>\n<p>A hidrata\u00e7\u00e3o \u00e9 fundamental para repor os nutrientes necess\u00e1rios, devolvendo o brilho, a maciez, a elasticidade e a forma dos cachos. Ela deve conter produtos enriquecidos de agentes umectantes, fortalecedores, hidratantes e emolientes, tais como: ceramidas, prote\u00ednas do leite e da seda, g\u00e9rmen de trigo, soja, extratos vegetais e queratina, al\u00e9m do silicone para impedir a sa\u00edda de \u00e1gua, desarmar os fios e definir os cachos.\u00a0<\/p>\n<section class=\"virals\">\n<article class=\"cardnews cardnews--post cardnews--has-thumbnail cardnews--editorial-noticias\"> <a href=\"https:\/\/www.tribunapr.com.br\/noticias\/curitiba-regiao\/novo-viaduto-de-curitiba-recebe-vigas-gigantes-em-nova-etapa-de-obra\/?utm_source=noticias-virais-rodape&amp;utm_medium=internal-tribuna&amp;utm_campaign=tribuna\" class=\"cardnews__postlink\"> <\/p>\n<div class=\"cardnews__image\" is-api-thumb=\"\"><img decoding=\"async\" src=\"https:\/\/www.tribunapr.com.br\/wp-content\/uploads\/2025\/09\/02071907\/00513295-370x210.jpg\" loading=\"lazy\" alt=\"Curitiba avan\u00e7a: viaduto recebe vigas gigantes em nova etapa!\"\/><\/div>\n<div class=\"cardnews__content cardhome__content\">\n<div class=\"cardnews__content-wrapper\">\n<p> <span style=\"\"> Obras e desvios! <\/span> <\/p>\n<p>Curitiba avan\u00e7a: viaduto recebe vigas gigantes em nova etapa!<\/p>\n<\/p><\/div>\n<\/p><\/div>\n<p> <\/a> <\/article>\n<article class=\"cardnews cardnews--post cardnews--has-thumbnail cardnews--editorial-noticias\"> <a href=\"https:\/\/www.tribunapr.com.br\/mais-pop\/william-bonner-deixa-jornal-nacional-apos-27-anos\/?utm_source=noticias-virais-rodape&amp;utm_medium=internal-tribuna&amp;utm_campaign=tribuna\" class=\"cardnews__postlink\"> <\/p>\n<div class=\"cardnews__image\" is-api-thumb=\"\"><img decoding=\"async\" src=\"https:\/\/www.tribunapr.com.br\/wp-content\/uploads\/2025\/09\/01190336\/William-Bonner-370x210.jpg\" loading=\"lazy\" alt=\"William Bonner surpreende com an\u00fancio ao vivo no Jornal Nacional\"\/><\/div>\n<div class=\"cardnews__content cardhome__content\">\n<div class=\"cardnews__content-wrapper\">\n<p> <span style=\"\"> Telejornalismo <\/span> <\/p>\n<p>William Bonner surpreende com an\u00fancio ao vivo no Jornal Nacional<\/p>\n<\/p><\/div>\n<\/p><\/div>\n<p> <\/a> <\/article>\n<article class=\"cardnews cardnews--post cardnews--has-thumbnail cardnews--editorial-noticias\"> <a href=\"https:\/\/www.tribunapr.com.br\/blogs\/rango-barateza\/lenda-pirata-provoca-a-busca-pelo-hamburguer-perfeito-em-curitiba\/?utm_source=noticias-virais-rodape&amp;utm_medium=internal-tribuna&amp;utm_campaign=tribuna\" class=\"cardnews__postlink\"> <\/p>\n<div class=\"cardnews__image\" is-api-thumb=\"\"><img decoding=\"async\" src=\"https:\/\/www.tribunapr.com.br\/wp-content\/uploads\/2022\/10\/29074252\/jack-01-970x550-1-370x210.webp\" loading=\"lazy\" alt=\"A lenda do pirata que guia a busca pelo hamb\u00farguer perfeito em Curitiba\"\/><\/div>\n<div class=\"cardnews__content cardhome__content\">\n<div class=\"cardnews__content-wrapper\">\n<p> <span style=\"\"> Rango Barateza! <\/span> <\/p>\n<p>A lenda do pirata que guia a busca pelo hamb\u00farguer perfeito em Curitiba<\/p>\n<\/p><\/div>\n<\/p><\/div>\n<p> <\/a> <\/article>\n<\/section>\n<section class=\"whatsapp-groups\">\n<div class=\"whatsapp-groups__image\"> <img decoding=\"async\" src=\"https:\/\/www.tribunapr.com.br\/resources\/images\/blocks\/whatsapp-groups\/logo-whatsapp.png\" alt=\"Grupos de WhatsApp da Tribuna\" loading=\"lazy\"\/> <\/div>\n<div class=\"whatsapp-groups__body\">\n<p> Receba Not\u00edcias no seu WhatsApp! <\/p>\n<p> Receba as not\u00edcias do seu bairro e do seu time pelo WhatsApp. <\/p>\n<p> <a href=\"https:\/\/www.tribunapr.com.br\/grupos-de-whatsapp-da-tribuna\/\" target=\"_blank\" class=\"whatsapp-groups__button\"> Participe dos Grupos da Tribuna <\/a> <\/div>\n<\/section><\/div>\n<p><a href=\"https:\/\/www.tribunapr.com.br\/variedades\/5-cuidados-essenciais-com-cabelos-cacheados-e-crespos\/\">Source link <\/a><\/p>","protected":false},"excerpt":{"rendered":"<p>Para manter cabelos cacheados e crespos sempre bonitos e saud\u00e1veis, \u00e9 essencial adotar uma rotina de cuidados espec\u00edficos, j\u00e1 que detalhes podem fazer toda a diferen\u00e7a no resultado. A hidrata\u00e7\u00e3o regular, o uso de produtos adequados e a aten\u00e7\u00e3o \u00e0 forma natural dos fios ajudam a preservar o brilho, a defini\u00e7\u00e3o e a vitalidade. Antes [&hellip;]<\/p>\n","protected":false},"author":1,"featured_media":67661,"comment_status":"","ping_status":"","sticky":false,"template":"","format":"standard","meta":{"googlesitekit_rrm_CAow2JLhCw:productID":"","_gspb_post_css":"","maa_idioma":"","maa_pais":"","footnotes":""},"categories":[1],"tags":[],"class_list":["post-67660","post","type-post","status-publish","format-standard","has-post-thumbnail","hentry","category-ubirata"],"blocksy_meta":[],"yoast_head":"<!-- This site is optimized with the Yoast SEO Premium plugin v27.6 (Yoast SEO v27.6) - https:\/\/yoast.com\/product\/yoast-seo-premium-wordpress\/ -->\n<title>5 cuidados essenciais com cabelos cacheados e crespos - Ubirat\u00e3 Online Not\u00edcias - A realidade ao seu alcance!<\/title>\n<meta name=\"description\" content=\"Para manter cabelos cacheados e crespos sempre bonitos e saud\u00e1veis, \u00e9 essencial adotar uma rotina de cuidados espec\u00edficos, j\u00e1 que detalhes podem fazer\" \/>\n<meta name=\"robots\" content=\"index, follow, max-snippet:-1, max-image-preview:large, max-video-preview:-1\" \/>\n<link rel=\"canonical\" href=\"https:\/\/ubirataonline.com.br\/en\/5-cuidados-essenciais-com-cabelos-cacheados-e-crespos\/\" \/>\n<meta property=\"og:locale\" content=\"en_US\" \/>\n<meta property=\"og:type\" content=\"article\" \/>\n<meta property=\"og:title\" content=\"5 cuidados essenciais com cabelos cacheados e crespos\" \/>\n<meta property=\"og:description\" content=\"Para manter cabelos cacheados e crespos sempre bonitos e saud\u00e1veis, \u00e9 essencial adotar uma rotina de cuidados espec\u00edficos, j\u00e1 que detalhes podem fazer\" \/>\n<meta property=\"og:url\" content=\"https:\/\/ubirataonline.com.br\/en\/5-cuidados-essenciais-com-cabelos-cacheados-e-crespos\/\" \/>\n<meta property=\"og:site_name\" content=\"Ubirat\u00e3 Online Not\u00edcias - A realidade ao seu alcance!\" \/>\n<meta property=\"article:publisher\" content=\"https:\/\/www.facebook.com\/portalubirataonline\" \/>\n<meta property=\"article:author\" content=\"https:\/\/www.facebook.com\/portalubirataonline\" \/>\n<meta property=\"article:published_time\" content=\"2025-09-08T20:06:22+00:00\" \/>\n<meta property=\"og:image\" content=\"https:\/\/ubirataonline.com.br\/wp-content\/uploads\/2026\/05\/logo2026.webp\" \/>\n\t<meta property=\"og:image:width\" content=\"1531\" \/>\n\t<meta property=\"og:image:height\" content=\"418\" \/>\n\t<meta property=\"og:image:type\" content=\"image\/webp\" \/>\n<meta name=\"author\" content=\"REDA\u00c7\u00c3O: UBIRAT\u00c3 ONLINE - F\u00c1BIO AUGUSTO CELESTINO\" \/>\n<meta name=\"twitter:card\" content=\"summary_large_image\" \/>\n<meta name=\"twitter:creator\" content=\"@x.com\/ubirataonline\" \/>\n<meta name=\"twitter:site\" content=\"@ubirataonline\" \/>\n<meta name=\"twitter:label1\" content=\"Written by\" \/>\n\t<meta name=\"twitter:data1\" content=\"REDA\u00c7\u00c3O: UBIRAT\u00c3 ONLINE - F\u00c1BIO AUGUSTO CELESTINO\" \/>\n\t<meta name=\"twitter:label2\" content=\"Est. reading time\" \/>\n\t<meta name=\"twitter:data2\" content=\"3 minutes\" \/>\n<script type=\"application\/ld+json\" class=\"yoast-schema-graph\">{\"@context\":\"https:\\\/\\\/schema.org\",\"@graph\":[{\"@type\":\"NewsArticle\",\"@id\":\"https:\\\/\\\/ubirataonline.com.br\\\/5-cuidados-essenciais-com-cabelos-cacheados-e-crespos\\\/#article\",\"isPartOf\":{\"@id\":\"https:\\\/\\\/ubirataonline.com.br\\\/5-cuidados-essenciais-com-cabelos-cacheados-e-crespos\\\/\"},\"author\":{\"name\":\"REDA\u00c7\u00c3O: UBIRAT\u00c3 ONLINE - F\u00c1BIO AUGUSTO CELESTINO\",\"@id\":\"https:\\\/\\\/ubirataonline.com.br\\\/#\\\/schema\\\/person\\\/372f87bbd3fdd79b8556b84c98d0bc1c\"},\"headline\":\"5 cuidados essenciais com cabelos cacheados e crespos\",\"datePublished\":\"2025-09-08T20:06:22+00:00\",\"mainEntityOfPage\":{\"@id\":\"https:\\\/\\\/ubirataonline.com.br\\\/5-cuidados-essenciais-com-cabelos-cacheados-e-crespos\\\/\"},\"wordCount\":699,\"publisher\":{\"@id\":\"https:\\\/\\\/ubirataonline.com.br\\\/#organization\"},\"image\":{\"@id\":\"https:\\\/\\\/ubirataonline.com.br\\\/5-cuidados-essenciais-com-cabelos-cacheados-e-crespos\\\/#primaryimage\"},\"thumbnailUrl\":\"https:\\\/\\\/ubirataonline.com.br\\\/wp-content\\\/uploads\\\/2025\\\/09\\\/Cuidados-cabelos-cacheados-e-crespos.jpg\",\"articleSection\":[\"Ubirat\u00e3\"],\"inLanguage\":\"en-US\",\"copyrightYear\":\"2025\",\"copyrightHolder\":{\"@id\":\"https:\\\/\\\/ubirataonline.com.br\\\/en\\\/#organization\"}},{\"@type\":\"WebPage\",\"@id\":\"https:\\\/\\\/ubirataonline.com.br\\\/5-cuidados-essenciais-com-cabelos-cacheados-e-crespos\\\/\",\"url\":\"https:\\\/\\\/ubirataonline.com.br\\\/5-cuidados-essenciais-com-cabelos-cacheados-e-crespos\\\/\",\"name\":\"5 cuidados essenciais com cabelos cacheados e crespos - Ubirat\u00e3 Online Not\u00edcias - A realidade ao seu alcance!\",\"isPartOf\":{\"@id\":\"https:\\\/\\\/ubirataonline.com.br\\\/#website\"},\"primaryImageOfPage\":{\"@id\":\"https:\\\/\\\/ubirataonline.com.br\\\/5-cuidados-essenciais-com-cabelos-cacheados-e-crespos\\\/#primaryimage\"},\"image\":{\"@id\":\"https:\\\/\\\/ubirataonline.com.br\\\/5-cuidados-essenciais-com-cabelos-cacheados-e-crespos\\\/#primaryimage\"},\"thumbnailUrl\":\"https:\\\/\\\/ubirataonline.com.br\\\/wp-content\\\/uploads\\\/2025\\\/09\\\/Cuidados-cabelos-cacheados-e-crespos.jpg\",\"datePublished\":\"2025-09-08T20:06:22+00:00\",\"description\":\"Para manter cabelos cacheados e crespos sempre bonitos e saud\u00e1veis, \u00e9 essencial adotar uma rotina de cuidados espec\u00edficos, j\u00e1 que detalhes podem fazer\",\"breadcrumb\":{\"@id\":\"https:\\\/\\\/ubirataonline.com.br\\\/5-cuidados-essenciais-com-cabelos-cacheados-e-crespos\\\/#breadcrumb\"},\"inLanguage\":\"en-US\",\"potentialAction\":[{\"@type\":\"ReadAction\",\"target\":[\"https:\\\/\\\/ubirataonline.com.br\\\/5-cuidados-essenciais-com-cabelos-cacheados-e-crespos\\\/\"]}]},{\"@type\":\"ImageObject\",\"inLanguage\":\"en-US\",\"@id\":\"https:\\\/\\\/ubirataonline.com.br\\\/5-cuidados-essenciais-com-cabelos-cacheados-e-crespos\\\/#primaryimage\",\"url\":\"https:\\\/\\\/ubirataonline.com.br\\\/wp-content\\\/uploads\\\/2025\\\/09\\\/Cuidados-cabelos-cacheados-e-crespos.jpg\",\"contentUrl\":\"https:\\\/\\\/ubirataonline.com.br\\\/wp-content\\\/uploads\\\/2025\\\/09\\\/Cuidados-cabelos-cacheados-e-crespos.jpg\",\"width\":1200,\"height\":800},{\"@type\":\"BreadcrumbList\",\"@id\":\"https:\\\/\\\/ubirataonline.com.br\\\/5-cuidados-essenciais-com-cabelos-cacheados-e-crespos\\\/#breadcrumb\",\"itemListElement\":[{\"@type\":\"ListItem\",\"position\":1,\"name\":\"In\u00edcio\",\"item\":\"https:\\\/\\\/ubirataonline.com.br\\\/\"},{\"@type\":\"ListItem\",\"position\":2,\"name\":\"5 cuidados essenciais com cabelos cacheados e crespos\"}]},{\"@type\":\"WebSite\",\"@id\":\"https:\\\/\\\/ubirataonline.com.br\\\/#website\",\"url\":\"https:\\\/\\\/ubirataonline.com.br\\\/\",\"name\":\"Ubirat\u00e3 Online Not\u00edcias\",\"description\":\"Not\u00edcias de Ubirat\u00e3, regi\u00e3o, Brasil e mundo, com informa\u00e7\u00e3o atualizada e compromisso com o leitor.\",\"publisher\":{\"@id\":\"https:\\\/\\\/ubirataonline.com.br\\\/#organization\"},\"alternateName\":\"Ubirat\u00e3 Online\",\"potentialAction\":[{\"@type\":\"SearchAction\",\"target\":{\"@type\":\"EntryPoint\",\"urlTemplate\":\"https:\\\/\\\/ubirataonline.com.br\\\/?s={search_term_string}\"},\"query-input\":{\"@type\":\"PropertyValueSpecification\",\"valueRequired\":true,\"valueName\":\"search_term_string\"}}],\"inLanguage\":\"en-US\"},{\"@type\":[\"Organization\",\"Place\"],\"@id\":\"https:\\\/\\\/ubirataonline.com.br\\\/#organization\",\"name\":\"Ubirat\u00e3 Online Not\u00edcias\",\"alternateName\":\"Ubirat\u00e3 Online\",\"url\":\"https:\\\/\\\/ubirataonline.com.br\\\/\",\"logo\":{\"@id\":\"https:\\\/\\\/ubirataonline.com.br\\\/5-cuidados-essenciais-com-cabelos-cacheados-e-crespos\\\/#local-main-organization-logo\"},\"image\":{\"@id\":\"https:\\\/\\\/ubirataonline.com.br\\\/5-cuidados-essenciais-com-cabelos-cacheados-e-crespos\\\/#local-main-organization-logo\"},\"sameAs\":[\"https:\\\/\\\/www.facebook.com\\\/portalubirataonline\",\"https:\\\/\\\/x.com\\\/ubirataonline\",\"https:\\\/\\\/mastodon.social\\\/@ubirataonline\",\"https:\\\/\\\/www.facebook.com\\\/groups\\\/311144672285604\",\"https:\\\/\\\/www.facebook.com\\\/UBTAOnline\",\"https:\\\/\\\/www.instagram.com\\\/portalubirataonline\\\/\",\"https:\\\/\\\/twitter.com\\\/ubirataonline\"],\"description\":\"Somos um portal de not\u00edcias independente, criado em 5 de janeiro de 2009, com o objetivo de informar, conectar e valorizar a nossa comunidade de Ubirat\u00e3 e toda aregi\u00e3o. Com conte\u00fado atualizado, confi\u00e1vel e relevante, o Ubirat\u00e3 Online \u00e9 o seu espa\u00e7o para ficar por dentro dos principais acontecimentos locais, regionais, Brasil, Mundo e de interesse geral. Nosso compromisso \u00e9 com a verdade, a transpar\u00eancia e o respeito ao leitor.\",\"legalName\":\"UBIRATA ONLINE NOT\u00cdCIAS\",\"foundingDate\":\"2009-01-05\",\"numberOfEmployees\":{\"@type\":\"QuantitativeValue\",\"minValue\":\"1\",\"maxValue\":\"10\"},\"publishingPrinciples\":\"https:\\\/\\\/ubirataonline.com.br\\\/faq\\\/\",\"address\":{\"@id\":\"https:\\\/\\\/ubirataonline.com.br\\\/5-cuidados-essenciais-com-cabelos-cacheados-e-crespos\\\/#local-main-place-address\"},\"geo\":{\"@type\":\"GeoCoordinates\",\"latitude\":\"-24.5361401\",\"longitude\":\"-52.9921776\"},\"telephone\":[\"+5544998308235\"],\"contactPoint\":{\"@type\":\"ContactPoint\",\"email\":\"contato@ubirataonline.com.br\"},\"openingHoursSpecification\":{\"@type\":\"OpeningHoursSpecification\",\"dayOfWeek\":[\"Monday\",\"Tuesday\",\"Wednesday\",\"Thursday\",\"Friday\",\"Saturday\",\"Sunday\"],\"opens\":\"00:00\",\"closes\":\"23:59\"},\"email\":\"contato@ubirataonline.com.br\",\"vatID\":\"47.621.418\\\/0001-80\"},{\"@type\":\"Person\",\"@id\":\"https:\\\/\\\/ubirataonline.com.br\\\/#\\\/schema\\\/person\\\/372f87bbd3fdd79b8556b84c98d0bc1c\",\"name\":\"REDA\u00c7\u00c3O: UBIRAT\u00c3 ONLINE - F\u00c1BIO AUGUSTO CELESTINO\",\"pronouns\":\"Ele\",\"description\":\"Desde 2003 trabalhando com not\u00edcias.\",\"sameAs\":[\"http:\\\/\\\/ubirataoline.com.br\",\"https:\\\/\\\/www.facebook.com\\\/portalubirataonline\",\"https:\\\/\\\/www.instagram.com\\\/ubirataonline_oficial\",\"https:\\\/\\\/x.com\\\/x.com\\\/ubirataonline\"],\"honorificPrefix\":\"Mr.\",\"honorificSuffix\":\"MD\",\"birthDate\":\"1980-06-16\",\"gender\":\"masculino\",\"award\":[\"V\u00e1rios pr\u00eamios de melhor portal da cidade\"],\"jobTitle\":\"Diretor\",\"url\":\"https:\\\/\\\/ubirataonline.com.br\\\/en\\\/author\\\/ubirataonline\\\/\"},{\"@type\":\"PostalAddress\",\"@id\":\"https:\\\/\\\/ubirataonline.com.br\\\/5-cuidados-essenciais-com-cabelos-cacheados-e-crespos\\\/#local-main-place-address\",\"streetAddress\":\"Rua dos Coqueiros, 104 - Bairro Boa Vista, Rua dos Coqueiros, 104 Bairro Boa Vista\",\"addressLocality\":\"UBIRATA\",\"postalCode\":\"85440-000\",\"addressRegion\":\"PR\",\"addressCountry\":\"BR\"},{\"@type\":\"ImageObject\",\"inLanguage\":\"en-US\",\"@id\":\"https:\\\/\\\/ubirataonline.com.br\\\/5-cuidados-essenciais-com-cabelos-cacheados-e-crespos\\\/#local-main-organization-logo\",\"url\":\"https:\\\/\\\/ubirataonline.com.br\\\/wp-content\\\/uploads\\\/2026\\\/06\\\/logoubirataonline-1.webp\",\"contentUrl\":\"https:\\\/\\\/ubirataonline.com.br\\\/wp-content\\\/uploads\\\/2026\\\/06\\\/logoubirataonline-1.webp\",\"width\":500,\"height\":500,\"caption\":\"Ubirat\u00e3 Online Not\u00edcias\"}]}<\/script>\n<meta name=\"geo.placename\" content=\"UBIRATA\" \/>\n<meta name=\"geo.position\" content=\"-24.5361401;-52.9921776\" \/>\n<meta name=\"geo.region\" content=\"Brazil\" \/>\n<!-- \/ Yoast SEO Premium plugin. -->","yoast_head_json":{"title":"5 cuidados essenciais com cabelos cacheados e crespos - Ubirat\u00e3 Online Not\u00edcias - A realidade ao seu alcance!","description":"Para manter cabelos cacheados e crespos sempre bonitos e saud\u00e1veis, \u00e9 essencial adotar uma rotina de cuidados espec\u00edficos, j\u00e1 que detalhes podem fazer","robots":{"index":"index","follow":"follow","max-snippet":"max-snippet:-1","max-image-preview":"max-image-preview:large","max-video-preview":"max-video-preview:-1"},"canonical":"https:\/\/ubirataonline.com.br\/en\/5-cuidados-essenciais-com-cabelos-cacheados-e-crespos\/","og_locale":"en_US","og_type":"article","og_title":"5 cuidados essenciais com cabelos cacheados e crespos","og_description":"Para manter cabelos cacheados e crespos sempre bonitos e saud\u00e1veis, \u00e9 essencial adotar uma rotina de cuidados espec\u00edficos, j\u00e1 que detalhes podem fazer","og_url":"https:\/\/ubirataonline.com.br\/en\/5-cuidados-essenciais-com-cabelos-cacheados-e-crespos\/","og_site_name":"Ubirat\u00e3 Online Not\u00edcias - A realidade ao seu alcance!","article_publisher":"https:\/\/www.facebook.com\/portalubirataonline","article_author":"https:\/\/www.facebook.com\/portalubirataonline","article_published_time":"2025-09-08T20:06:22+00:00","og_image":[{"width":1531,"height":418,"url":"https:\/\/ubirataonline.com.br\/wp-content\/uploads\/2026\/05\/logo2026.webp","type":"image\/webp"}],"author":"REDA\u00c7\u00c3O: UBIRAT\u00c3 ONLINE - F\u00c1BIO AUGUSTO CELESTINO","twitter_card":"summary_large_image","twitter_creator":"@x.com\/ubirataonline","twitter_site":"@ubirataonline","twitter_misc":{"Written by":"REDA\u00c7\u00c3O: UBIRAT\u00c3 ONLINE - F\u00c1BIO AUGUSTO CELESTINO","Est. reading time":"3 minutes"},"schema":{"@context":"https:\/\/schema.org","@graph":[{"@type":"NewsArticle","@id":"https:\/\/ubirataonline.com.br\/5-cuidados-essenciais-com-cabelos-cacheados-e-crespos\/#article","isPartOf":{"@id":"https:\/\/ubirataonline.com.br\/5-cuidados-essenciais-com-cabelos-cacheados-e-crespos\/"},"author":{"name":"REDA\u00c7\u00c3O: UBIRAT\u00c3 ONLINE - F\u00c1BIO AUGUSTO CELESTINO","@id":"https:\/\/ubirataonline.com.br\/#\/schema\/person\/372f87bbd3fdd79b8556b84c98d0bc1c"},"headline":"5 cuidados essenciais com cabelos cacheados e crespos","datePublished":"2025-09-08T20:06:22+00:00","mainEntityOfPage":{"@id":"https:\/\/ubirataonline.com.br\/5-cuidados-essenciais-com-cabelos-cacheados-e-crespos\/"},"wordCount":699,"publisher":{"@id":"https:\/\/ubirataonline.com.br\/#organization"},"image":{"@id":"https:\/\/ubirataonline.com.br\/5-cuidados-essenciais-com-cabelos-cacheados-e-crespos\/#primaryimage"},"thumbnailUrl":"https:\/\/ubirataonline.com.br\/wp-content\/uploads\/2025\/09\/Cuidados-cabelos-cacheados-e-crespos.jpg","articleSection":["Ubirat\u00e3"],"inLanguage":"en-US","copyrightYear":"2025","copyrightHolder":{"@id":"https:\/\/ubirataonline.com.br\/en\/#organization"}},{"@type":"WebPage","@id":"https:\/\/ubirataonline.com.br\/5-cuidados-essenciais-com-cabelos-cacheados-e-crespos\/","url":"https:\/\/ubirataonline.com.br\/5-cuidados-essenciais-com-cabelos-cacheados-e-crespos\/","name":"5 cuidados essenciais com cabelos cacheados e crespos - Ubirat\u00e3 Online Not\u00edcias - A realidade ao seu alcance!","isPartOf":{"@id":"https:\/\/ubirataonline.com.br\/#website"},"primaryImageOfPage":{"@id":"https:\/\/ubirataonline.com.br\/5-cuidados-essenciais-com-cabelos-cacheados-e-crespos\/#primaryimage"},"image":{"@id":"https:\/\/ubirataonline.com.br\/5-cuidados-essenciais-com-cabelos-cacheados-e-crespos\/#primaryimage"},"thumbnailUrl":"https:\/\/ubirataonline.com.br\/wp-content\/uploads\/2025\/09\/Cuidados-cabelos-cacheados-e-crespos.jpg","datePublished":"2025-09-08T20:06:22+00:00","description":"Para manter cabelos cacheados e crespos sempre bonitos e saud\u00e1veis, \u00e9 essencial adotar uma rotina de cuidados espec\u00edficos, j\u00e1 que detalhes podem fazer","breadcrumb":{"@id":"https:\/\/ubirataonline.com.br\/5-cuidados-essenciais-com-cabelos-cacheados-e-crespos\/#breadcrumb"},"inLanguage":"en-US","potentialAction":[{"@type":"ReadAction","target":["https:\/\/ubirataonline.com.br\/5-cuidados-essenciais-com-cabelos-cacheados-e-crespos\/"]}]},{"@type":"ImageObject","inLanguage":"en-US","@id":"https:\/\/ubirataonline.com.br\/5-cuidados-essenciais-com-cabelos-cacheados-e-crespos\/#primaryimage","url":"https:\/\/ubirataonline.com.br\/wp-content\/uploads\/2025\/09\/Cuidados-cabelos-cacheados-e-crespos.jpg","contentUrl":"https:\/\/ubirataonline.com.br\/wp-content\/uploads\/2025\/09\/Cuidados-cabelos-cacheados-e-crespos.jpg","width":1200,"height":800},{"@type":"BreadcrumbList","@id":"https:\/\/ubirataonline.com.br\/5-cuidados-essenciais-com-cabelos-cacheados-e-crespos\/#breadcrumb","itemListElement":[{"@type":"ListItem","position":1,"name":"In\u00edcio","item":"https:\/\/ubirataonline.com.br\/"},{"@type":"ListItem","position":2,"name":"5 cuidados essenciais com cabelos cacheados e crespos"}]},{"@type":"WebSite","@id":"https:\/\/ubirataonline.com.br\/#website","url":"https:\/\/ubirataonline.com.br\/","name":"Ubirat\u00e3 Online Not\u00edcias","description":"Not\u00edcias de Ubirat\u00e3, regi\u00e3o, Brasil e mundo, com informa\u00e7\u00e3o atualizada e compromisso com o leitor.","publisher":{"@id":"https:\/\/ubirataonline.com.br\/#organization"},"alternateName":"Ubirat\u00e3 Online","potentialAction":[{"@type":"SearchAction","target":{"@type":"EntryPoint","urlTemplate":"https:\/\/ubirataonline.com.br\/?s={search_term_string}"},"query-input":{"@type":"PropertyValueSpecification","valueRequired":true,"valueName":"search_term_string"}}],"inLanguage":"en-US"},{"@type":["Organization","Place"],"@id":"https:\/\/ubirataonline.com.br\/#organization","name":"Ubirat\u00e3 Online Not\u00edcias","alternateName":"Ubirat\u00e3 Online","url":"https:\/\/ubirataonline.com.br\/","logo":{"@id":"https:\/\/ubirataonline.com.br\/5-cuidados-essenciais-com-cabelos-cacheados-e-crespos\/#local-main-organization-logo"},"image":{"@id":"https:\/\/ubirataonline.com.br\/5-cuidados-essenciais-com-cabelos-cacheados-e-crespos\/#local-main-organization-logo"},"sameAs":["https:\/\/www.facebook.com\/portalubirataonline","https:\/\/x.com\/ubirataonline","https:\/\/mastodon.social\/@ubirataonline","https:\/\/www.facebook.com\/groups\/311144672285604","https:\/\/www.facebook.com\/UBTAOnline","https:\/\/www.instagram.com\/portalubirataonline\/","https:\/\/twitter.com\/ubirataonline"],"description":"Somos um portal de not\u00edcias independente, criado em 5 de janeiro de 2009, com o objetivo de informar, conectar e valorizar a nossa comunidade de Ubirat\u00e3 e toda aregi\u00e3o. Com conte\u00fado atualizado, confi\u00e1vel e relevante, o Ubirat\u00e3 Online \u00e9 o seu espa\u00e7o para ficar por dentro dos principais acontecimentos locais, regionais, Brasil, Mundo e de interesse geral. Nosso compromisso \u00e9 com a verdade, a transpar\u00eancia e o respeito ao leitor.","legalName":"UBIRATA ONLINE NOT\u00cdCIAS","foundingDate":"2009-01-05","numberOfEmployees":{"@type":"QuantitativeValue","minValue":"1","maxValue":"10"},"publishingPrinciples":"https:\/\/ubirataonline.com.br\/faq\/","address":{"@id":"https:\/\/ubirataonline.com.br\/5-cuidados-essenciais-com-cabelos-cacheados-e-crespos\/#local-main-place-address"},"geo":{"@type":"GeoCoordinates","latitude":"-24.5361401","longitude":"-52.9921776"},"telephone":["+5544998308235"],"contactPoint":{"@type":"ContactPoint","email":"contato@ubirataonline.com.br"},"openingHoursSpecification":{"@type":"OpeningHoursSpecification","dayOfWeek":["Monday","Tuesday","Wednesday","Thursday","Friday","Saturday","Sunday"],"opens":"00:00","closes":"23:59"},"email":"contato@ubirataonline.com.br","vatID":"47.621.418\/0001-80"},{"@type":"Person","@id":"https:\/\/ubirataonline.com.br\/#\/schema\/person\/372f87bbd3fdd79b8556b84c98d0bc1c","name":"REDA\u00c7\u00c3O: UBIRAT\u00c3 ONLINE - F\u00c1BIO AUGUSTO CELESTINO","pronouns":"Ele","description":"Desde 2003 trabalhando com not\u00edcias.","sameAs":["http:\/\/ubirataoline.com.br","https:\/\/www.facebook.com\/portalubirataonline","https:\/\/www.instagram.com\/ubirataonline_oficial","https:\/\/x.com\/x.com\/ubirataonline"],"honorificPrefix":"Mr.","honorificSuffix":"MD","birthDate":"1980-06-16","gender":"masculino","award":["V\u00e1rios pr\u00eamios de melhor portal da cidade"],"jobTitle":"Diretor","url":"https:\/\/ubirataonline.com.br\/en\/author\/ubirataonline\/"},{"@type":"PostalAddress","@id":"https:\/\/ubirataonline.com.br\/5-cuidados-essenciais-com-cabelos-cacheados-e-crespos\/#local-main-place-address","streetAddress":"Rua dos Coqueiros, 104 - Bairro Boa Vista, Rua dos Coqueiros, 104 Bairro Boa Vista","addressLocality":"UBIRATA","postalCode":"85440-000","addressRegion":"PR","addressCountry":"BR"},{"@type":"ImageObject","inLanguage":"en-US","@id":"https:\/\/ubirataonline.com.br\/5-cuidados-essenciais-com-cabelos-cacheados-e-crespos\/#local-main-organization-logo","url":"https:\/\/ubirataonline.com.br\/wp-content\/uploads\/2026\/06\/logoubirataonline-1.webp","contentUrl":"https:\/\/ubirataonline.com.br\/wp-content\/uploads\/2026\/06\/logoubirataonline-1.webp","width":500,"height":500,"caption":"Ubirat\u00e3 Online Not\u00edcias"}]},"geo.placename":"UBIRATA","geo.position":{"lat":"-24.5361401","long":"-52.9921776"},"geo.region":"Brazil"},"_links":{"self":[{"href":"https:\/\/ubirataonline.com.br\/en\/wp-json\/wp\/v2\/posts\/67660","targetHints":{"allow":["GET"]}}],"collection":[{"href":"https:\/\/ubirataonline.com.br\/en\/wp-json\/wp\/v2\/posts"}],"about":[{"href":"https:\/\/ubirataonline.com.br\/en\/wp-json\/wp\/v2\/types\/post"}],"author":[{"embeddable":true,"href":"https:\/\/ubirataonline.com.br\/en\/wp-json\/wp\/v2\/users\/1"}],"replies":[{"embeddable":true,"href":"https:\/\/ubirataonline.com.br\/en\/wp-json\/wp\/v2\/comments?post=67660"}],"version-history":[{"count":0,"href":"https:\/\/ubirataonline.com.br\/en\/wp-json\/wp\/v2\/posts\/67660\/revisions"}],"wp:featuredmedia":[{"embeddable":true,"href":"https:\/\/ubirataonline.com.br\/en\/wp-json\/wp\/v2\/media\/67661"}],"wp:attachment":[{"href":"https:\/\/ubirataonline.com.br\/en\/wp-json\/wp\/v2\/media?parent=67660"}],"wp:term":[{"taxonomy":"category","embeddable":true,"href":"https:\/\/ubirataonline.com.br\/en\/wp-json\/wp\/v2\/categories?post=67660"},{"taxonomy":"post_tag","embeddable":true,"href":"https:\/\/ubirataonline.com.br\/en\/wp-json\/wp\/v2\/tags?post=67660"}],"curies":[{"name":"wp","href":"https:\/\/api.w.org\/{rel}","templated":true}]}}