{"id":67666,"date":"2025-09-08T19:03:41","date_gmt":"2025-09-08T22:03:41","guid":{"rendered":"https:\/\/ubirataonline.com.br\/brasileira-estreia-na-elite-onde-antes-procurava-quadra\/"},"modified":"2025-09-08T19:03:41","modified_gmt":"2025-09-08T22:03:41","slug":"brasileira-estreia-na-elite-onde-antes-procurava-quadra","status":"publish","type":"post","link":"https:\/\/ubirataonline.com.br\/en\/brasileira-estreia-na-elite-onde-antes-procurava-quadra\/","title":{"rendered":"Brasileira estreia na elite onde antes procurava quadra"},"content":{"rendered":"<p><\/p>\n<div data-v-232111b4=\"\" data-v-b8dc8ecb=\"\"><!----><\/p>\n<p class=\"bullet mt-0\" data-v-232111b4=\"\"><cite>Para mim \u00e9 muito especial porque eu vivi nas quadras do Villa Lobos, treinava muito com meu pai l\u00e1 quando comecei. Ent\u00e3o, voltar l\u00e1 para jogar um torneio WTA pela primeira vez est\u00e1 sendo muito importante para mim.<\/cite><br \/><strong>Nan\u00e1, ao UOL<\/strong><\/p>\n<figure credit=\"Imagem: Daniel Kopatsch\/Getty\" class=\"embed-wrapper solar-photo-content embed embed-square\" data-v-15044903=\"\" data-v-90ea4179=\"\" data-v-232111b4=\"\">\n<figure class=\"solar-responsive-image m-0 responsive-image pb-100\" data-v-73d45db8=\"\" data-v-15044903=\"\"><picture class=\"photo-image\" data-v-73d45db8=\"\"><source srcset=\"https:\/\/conteudo.imguol.com.br\/c\/esporte\/7d\/2024\/09\/23\/a-tenista-nauhany-silva-prodigio-do-brasil-de-14-anos-1727114024960_v2_450x450.jpg.webp\" media=\"(min-width: 1px)\" type=\"image\/webp\" data-v-73d45db8=\"\"><source srcset=\"https:\/\/conteudo.imguol.com.br\/c\/esporte\/7d\/2024\/09\/23\/a-tenista-nauhany-silva-prodigio-do-brasil-de-14-anos-1727114024960_v2_450x450.jpg\" media=\"(min-width: 1px)\" type=\"image\/jpeg\" data-v-73d45db8=\"\"><img width=\"450\" height=\"450\" src=\"https:\/\/conteudo.imguol.com.br\/c\/esporte\/7d\/2024\/09\/23\/a-tenista-nauhany-silva-prodigio-do-brasil-de-14-anos-1727114024960_v2_450x450.jpg\" alt=\"A tenista Nauhany Silva, prod\u00edgio do Brasil de 14 anos\" loading=\"eager\" fetchpriority=\"low\" decoding=\"auto\" title=\"A tenista Nauhany Silva, prod\u00edgio do Brasil de 14 anos\" style=\"border-radius:var(--solar-border-radius-25);\" data-v-73d45db8=\"\"\/><\/source><\/source><\/picture><\/figure><figcaption class=\"solar-caption regular-subtext\" data-v-524617ed=\"\" data-v-15044903=\"\"> A tenista Nauhany Silva, prod\u00edgio do Brasil de 14 anos <span data-v-524617ed=\"\">Imagem: Daniel Kopatsch\/Getty<\/span><\/figcaption><\/figure>\n<p><!----><\/p>\n<p class=\"bullet\" data-v-232111b4=\"\"><span class=\"topicText\"><strong>A tenista conviveu at\u00e9 os 12 anos com a dificuldade de encontrar quadras p\u00fablicas<\/strong>. Inclusive, esse \u00e9 na sua opini\u00e3o o maior desafio no pa\u00eds aos praticantes do esporte, tradicionalmente caro, que se deparam com a barreira da escassez de locais acess\u00edveis. Natural da comunidade Real Parque, no Morumbi, Nan\u00e1 demorou at\u00e9 conseguir encontrar um lugar fixo para treinar.<\/span><\/p>\n<p class=\"bullet\" data-v-232111b4=\"\"><cite>Existem poucas quadras p\u00fablicas de t\u00eanis no Brasil. Em S\u00e3o Paulo at\u00e9 tem mais, mas tamb\u00e9m n\u00e3o s\u00e3o muitas. Eu lembro que eu e meu pai fic\u00e1vamos ca\u00e7ando quadra. Material \u00e9 caro, mas a falta de quadra \u00e9 o principal.<\/cite><br \/><strong>Nan\u00e1<\/strong><\/p>\n<p class=\"bullet\" data-v-232111b4=\"\"><span class=\"topicText\"><strong>A mudan\u00e7a de realidade veio ap\u00f3s Nan\u00e1 come\u00e7ar a deslanchar e perceber que precisava de uma estrutura maior para dar o passo adiante<\/strong>. Ela, que fez seus primeiros movimentos no t\u00eanis aos dois anos brincando com bexigas, entrou na organiza\u00e7\u00e3o Rede T\u00eanis Brasil e passou a ter uma equipe completa. O que antes era concentrado apenas na figura seu pai deu lugar a um coletivo de profissionais incluindo preparador f\u00edsico, nutricionista e fisioterapeuta, al\u00e9m de companheiros de treino.<\/span><\/p>\n<p><!----><\/p>\n<p class=\"bullet\" data-v-232111b4=\"\"><cite>Treinei com meu pai at\u00e9 os meus 12 anos. Antes da Rede T\u00eanis eu n\u00e3o tinha muito esse lado da competi\u00e7\u00e3o, n\u00e3o treinava com outros atletas, n\u00e3o tinha muito essa intera\u00e7\u00e3o. Agora eu tenho uma equipe de verdade mesmo e tamb\u00e9m mais horas de quadra, treino integral, de manh\u00e3 e de tarde.<\/cite><\/p>\n<p><!----><!----><\/div>\n<p><script>!function(f,b,e,v,n,t,s) {if(f.fbq)return;n=f.fbq=function() {n.callMethod? n.callMethod.apply(n,arguments):n.queue.push(arguments)}; if(!f._fbq)f._fbq=n;n.push=n;n.loaded=!0;n.version='2.0'; n.queue=[];t=b.createElement(e);t.async=!0; t.src=v;s=b.getElementsByTagName(e)[0]; s.parentNode.insertBefore(t,s)}(window, document,'script', 'https:\/\/connect.facebook.net\/en_US\/fbevents.js'); fbq('init', '291767061033177'); fbq('track', 'PageView', { content_name: 'Brasileira estreia na elite do t\u00eanis onde antes procurava quadra para jogar', content_ids: [15327,81965,79585,83158,12810], is_closed: false, });<\/script><br \/>\n<br \/><a href=\"https:\/\/www.uol.com.br\/esporte\/ultimas-noticias\/2025\/09\/08\/nana-silva-sp-open-wta.htm\">Source link <\/a><\/p>\n","protected":false},"excerpt":{"rendered":"<p>Para mim \u00e9 muito especial porque eu vivi nas quadras do Villa Lobos, treinava muito com meu pai l\u00e1 quando comecei. Ent\u00e3o, voltar l\u00e1 para jogar um torneio WTA pela primeira vez est\u00e1 sendo muito importante para mim.Nan\u00e1, ao UOL A tenista Nauhany Silva, prod\u00edgio do Brasil de 14 anos Imagem: Daniel Kopatsch\/Getty A tenista [&hellip;]<\/p>\n","protected":false},"author":1,"featured_media":67667,"comment_status":"","ping_status":"","sticky":false,"template":"","format":"standard","meta":{"googlesitekit_rrm_CAow2JLhCw:productID":"","_gspb_post_css":"","maa_idioma":"","maa_pais":"","footnotes":""},"categories":[4],"tags":[],"class_list":["post-67666","post","type-post","status-publish","format-standard","has-post-thumbnail","hentry","category-brasil"],"blocksy_meta":[],"yoast_head":"<!-- This site is optimized with the Yoast SEO Premium plugin v27.6 (Yoast SEO v27.6) - https:\/\/yoast.com\/product\/yoast-seo-premium-wordpress\/ -->\n<title>Brasileira estreia na elite onde antes procurava quadra - Ubirat\u00e3 Online Not\u00edcias - A realidade ao seu alcance!<\/title>\n<meta name=\"description\" content=\"Para mim \u00e9 muito especial porque eu vivi nas quadras do Villa Lobos, treinava muito com meu pai l\u00e1 quando comecei. Ent\u00e3o, voltar l\u00e1 para jogar um torneio\" \/>\n<meta name=\"robots\" content=\"index, follow, max-snippet:-1, max-image-preview:large, max-video-preview:-1\" \/>\n<link rel=\"canonical\" href=\"https:\/\/ubirataonline.com.br\/en\/brasileira-estreia-na-elite-onde-antes-procurava-quadra\/\" \/>\n<meta property=\"og:locale\" content=\"en_US\" \/>\n<meta property=\"og:type\" content=\"article\" \/>\n<meta property=\"og:title\" content=\"Brasileira estreia na elite onde antes procurava quadra\" \/>\n<meta property=\"og:description\" content=\"Para mim \u00e9 muito especial porque eu vivi nas quadras do Villa Lobos, treinava muito com meu pai l\u00e1 quando comecei. Ent\u00e3o, voltar l\u00e1 para jogar um torneio\" \/>\n<meta property=\"og:url\" content=\"https:\/\/ubirataonline.com.br\/en\/brasileira-estreia-na-elite-onde-antes-procurava-quadra\/\" \/>\n<meta property=\"og:site_name\" content=\"Ubirat\u00e3 Online Not\u00edcias - A realidade ao seu alcance!\" \/>\n<meta property=\"article:publisher\" content=\"https:\/\/www.facebook.com\/portalubirataonline\" \/>\n<meta property=\"article:author\" content=\"https:\/\/www.facebook.com\/portalubirataonline\" \/>\n<meta property=\"article:published_time\" content=\"2025-09-08T22:03:41+00:00\" \/>\n<meta property=\"og:image\" content=\"https:\/\/conteudo.imguol.com.br\/c\/esporte\/7d\/2024\/09\/23\/a-tenista-nauhany-silva-prodigio-do-brasil-de-14-anos-1727114024960_v2_450x450.jpg\" \/>\n<meta name=\"author\" content=\"REDA\u00c7\u00c3O: UBIRAT\u00c3 ONLINE - F\u00c1BIO AUGUSTO CELESTINO\" \/>\n<meta name=\"twitter:card\" content=\"summary_large_image\" \/>\n<meta name=\"twitter:creator\" content=\"@x.com\/ubirataonline\" \/>\n<meta name=\"twitter:site\" content=\"@ubirataonline\" \/>\n<meta name=\"twitter:label1\" content=\"Written by\" \/>\n\t<meta name=\"twitter:data1\" content=\"REDA\u00c7\u00c3O: UBIRAT\u00c3 ONLINE - F\u00c1BIO AUGUSTO CELESTINO\" \/>\n\t<meta name=\"twitter:label2\" content=\"Est. reading time\" \/>\n\t<meta name=\"twitter:data2\" content=\"2 minutes\" \/>\n<script type=\"application\/ld+json\" class=\"yoast-schema-graph\">{\"@context\":\"https:\\\/\\\/schema.org\",\"@graph\":[{\"@type\":\"NewsArticle\",\"@id\":\"https:\\\/\\\/ubirataonline.com.br\\\/brasileira-estreia-na-elite-onde-antes-procurava-quadra\\\/#article\",\"isPartOf\":{\"@id\":\"https:\\\/\\\/ubirataonline.com.br\\\/brasileira-estreia-na-elite-onde-antes-procurava-quadra\\\/\"},\"author\":{\"name\":\"REDA\u00c7\u00c3O: UBIRAT\u00c3 ONLINE - F\u00c1BIO AUGUSTO CELESTINO\",\"@id\":\"https:\\\/\\\/ubirataonline.com.br\\\/#\\\/schema\\\/person\\\/372f87bbd3fdd79b8556b84c98d0bc1c\"},\"headline\":\"Brasileira estreia na elite onde antes procurava quadra\",\"datePublished\":\"2025-09-08T22:03:41+00:00\",\"mainEntityOfPage\":{\"@id\":\"https:\\\/\\\/ubirataonline.com.br\\\/brasileira-estreia-na-elite-onde-antes-procurava-quadra\\\/\"},\"wordCount\":317,\"publisher\":{\"@id\":\"https:\\\/\\\/ubirataonline.com.br\\\/#organization\"},\"image\":{\"@id\":\"https:\\\/\\\/ubirataonline.com.br\\\/brasileira-estreia-na-elite-onde-antes-procurava-quadra\\\/#primaryimage\"},\"thumbnailUrl\":\"https:\\\/\\\/ubirataonline.com.br\\\/wp-content\\\/uploads\\\/2025\\\/09\\\/nana-silva-promessa-do-tenis-brasileiro-1756901486936_v2_615x300.jpg\",\"articleSection\":[\"Brasil\"],\"inLanguage\":\"en-US\",\"copyrightYear\":\"2025\",\"copyrightHolder\":{\"@id\":\"https:\\\/\\\/ubirataonline.com.br\\\/en\\\/#organization\"}},{\"@type\":\"WebPage\",\"@id\":\"https:\\\/\\\/ubirataonline.com.br\\\/brasileira-estreia-na-elite-onde-antes-procurava-quadra\\\/\",\"url\":\"https:\\\/\\\/ubirataonline.com.br\\\/brasileira-estreia-na-elite-onde-antes-procurava-quadra\\\/\",\"name\":\"Brasileira estreia na elite onde antes procurava quadra - Ubirat\u00e3 Online Not\u00edcias - A realidade ao seu alcance!\",\"isPartOf\":{\"@id\":\"https:\\\/\\\/ubirataonline.com.br\\\/#website\"},\"primaryImageOfPage\":{\"@id\":\"https:\\\/\\\/ubirataonline.com.br\\\/brasileira-estreia-na-elite-onde-antes-procurava-quadra\\\/#primaryimage\"},\"image\":{\"@id\":\"https:\\\/\\\/ubirataonline.com.br\\\/brasileira-estreia-na-elite-onde-antes-procurava-quadra\\\/#primaryimage\"},\"thumbnailUrl\":\"https:\\\/\\\/ubirataonline.com.br\\\/wp-content\\\/uploads\\\/2025\\\/09\\\/nana-silva-promessa-do-tenis-brasileiro-1756901486936_v2_615x300.jpg\",\"datePublished\":\"2025-09-08T22:03:41+00:00\",\"description\":\"Para mim \u00e9 muito especial porque eu vivi nas quadras do Villa Lobos, treinava muito com meu pai l\u00e1 quando comecei. Ent\u00e3o, voltar l\u00e1 para jogar um torneio\",\"breadcrumb\":{\"@id\":\"https:\\\/\\\/ubirataonline.com.br\\\/brasileira-estreia-na-elite-onde-antes-procurava-quadra\\\/#breadcrumb\"},\"inLanguage\":\"en-US\",\"potentialAction\":[{\"@type\":\"ReadAction\",\"target\":[\"https:\\\/\\\/ubirataonline.com.br\\\/brasileira-estreia-na-elite-onde-antes-procurava-quadra\\\/\"]}]},{\"@type\":\"ImageObject\",\"inLanguage\":\"en-US\",\"@id\":\"https:\\\/\\\/ubirataonline.com.br\\\/brasileira-estreia-na-elite-onde-antes-procurava-quadra\\\/#primaryimage\",\"url\":\"https:\\\/\\\/ubirataonline.com.br\\\/wp-content\\\/uploads\\\/2025\\\/09\\\/nana-silva-promessa-do-tenis-brasileiro-1756901486936_v2_615x300.jpg\",\"contentUrl\":\"https:\\\/\\\/ubirataonline.com.br\\\/wp-content\\\/uploads\\\/2025\\\/09\\\/nana-silva-promessa-do-tenis-brasileiro-1756901486936_v2_615x300.jpg\",\"width\":615,\"height\":300},{\"@type\":\"BreadcrumbList\",\"@id\":\"https:\\\/\\\/ubirataonline.com.br\\\/brasileira-estreia-na-elite-onde-antes-procurava-quadra\\\/#breadcrumb\",\"itemListElement\":[{\"@type\":\"ListItem\",\"position\":1,\"name\":\"In\u00edcio\",\"item\":\"https:\\\/\\\/ubirataonline.com.br\\\/\"},{\"@type\":\"ListItem\",\"position\":2,\"name\":\"Brasileira estreia na elite onde antes procurava quadra\"}]},{\"@type\":\"WebSite\",\"@id\":\"https:\\\/\\\/ubirataonline.com.br\\\/#website\",\"url\":\"https:\\\/\\\/ubirataonline.com.br\\\/\",\"name\":\"Ubirat\u00e3 Online Not\u00edcias\",\"description\":\"Not\u00edcias de Ubirat\u00e3, regi\u00e3o, Brasil e mundo, com informa\u00e7\u00e3o atualizada e compromisso com o leitor.\",\"publisher\":{\"@id\":\"https:\\\/\\\/ubirataonline.com.br\\\/#organization\"},\"alternateName\":\"Ubirat\u00e3 Online\",\"potentialAction\":[{\"@type\":\"SearchAction\",\"target\":{\"@type\":\"EntryPoint\",\"urlTemplate\":\"https:\\\/\\\/ubirataonline.com.br\\\/?s={search_term_string}\"},\"query-input\":{\"@type\":\"PropertyValueSpecification\",\"valueRequired\":true,\"valueName\":\"search_term_string\"}}],\"inLanguage\":\"en-US\"},{\"@type\":[\"Organization\",\"Place\"],\"@id\":\"https:\\\/\\\/ubirataonline.com.br\\\/#organization\",\"name\":\"Ubirat\u00e3 Online Not\u00edcias\",\"alternateName\":\"Ubirat\u00e3 Online\",\"url\":\"https:\\\/\\\/ubirataonline.com.br\\\/\",\"logo\":{\"@id\":\"https:\\\/\\\/ubirataonline.com.br\\\/brasileira-estreia-na-elite-onde-antes-procurava-quadra\\\/#local-main-organization-logo\"},\"image\":{\"@id\":\"https:\\\/\\\/ubirataonline.com.br\\\/brasileira-estreia-na-elite-onde-antes-procurava-quadra\\\/#local-main-organization-logo\"},\"sameAs\":[\"https:\\\/\\\/www.facebook.com\\\/portalubirataonline\",\"https:\\\/\\\/x.com\\\/ubirataonline\",\"https:\\\/\\\/mastodon.social\\\/@ubirataonline\",\"https:\\\/\\\/www.facebook.com\\\/groups\\\/311144672285604\",\"https:\\\/\\\/www.facebook.com\\\/UBTAOnline\",\"https:\\\/\\\/www.instagram.com\\\/portalubirataonline\\\/\",\"https:\\\/\\\/twitter.com\\\/ubirataonline\"],\"description\":\"Somos um portal de not\u00edcias independente, criado em 5 de janeiro de 2009, com o objetivo de informar, conectar e valorizar a nossa comunidade de Ubirat\u00e3 e toda aregi\u00e3o. Com conte\u00fado atualizado, confi\u00e1vel e relevante, o Ubirat\u00e3 Online \u00e9 o seu espa\u00e7o para ficar por dentro dos principais acontecimentos locais, regionais, Brasil, Mundo e de interesse geral. Nosso compromisso \u00e9 com a verdade, a transpar\u00eancia e o respeito ao leitor.\",\"legalName\":\"UBIRATA ONLINE NOT\u00cdCIAS\",\"foundingDate\":\"2009-01-05\",\"numberOfEmployees\":{\"@type\":\"QuantitativeValue\",\"minValue\":\"1\",\"maxValue\":\"10\"},\"publishingPrinciples\":\"https:\\\/\\\/ubirataonline.com.br\\\/faq\\\/\",\"address\":{\"@id\":\"https:\\\/\\\/ubirataonline.com.br\\\/brasileira-estreia-na-elite-onde-antes-procurava-quadra\\\/#local-main-place-address\"},\"geo\":{\"@type\":\"GeoCoordinates\",\"latitude\":\"-24.5361401\",\"longitude\":\"-52.9921776\"},\"telephone\":[\"+5544998308235\"],\"contactPoint\":{\"@type\":\"ContactPoint\",\"email\":\"contato@ubirataonline.com.br\"},\"openingHoursSpecification\":{\"@type\":\"OpeningHoursSpecification\",\"dayOfWeek\":[\"Monday\",\"Tuesday\",\"Wednesday\",\"Thursday\",\"Friday\",\"Saturday\",\"Sunday\"],\"opens\":\"00:00\",\"closes\":\"23:59\"},\"email\":\"contato@ubirataonline.com.br\",\"vatID\":\"47.621.418\\\/0001-80\"},{\"@type\":\"Person\",\"@id\":\"https:\\\/\\\/ubirataonline.com.br\\\/#\\\/schema\\\/person\\\/372f87bbd3fdd79b8556b84c98d0bc1c\",\"name\":\"REDA\u00c7\u00c3O: UBIRAT\u00c3 ONLINE - F\u00c1BIO AUGUSTO CELESTINO\",\"pronouns\":\"Ele\",\"description\":\"Desde 2003 trabalhando com not\u00edcias.\",\"sameAs\":[\"http:\\\/\\\/ubirataoline.com.br\",\"https:\\\/\\\/www.facebook.com\\\/portalubirataonline\",\"https:\\\/\\\/www.instagram.com\\\/ubirataonline_oficial\",\"https:\\\/\\\/x.com\\\/x.com\\\/ubirataonline\"],\"honorificPrefix\":\"Mr.\",\"honorificSuffix\":\"MD\",\"birthDate\":\"1980-06-16\",\"gender\":\"masculino\",\"award\":[\"V\u00e1rios pr\u00eamios de melhor portal da cidade\"],\"jobTitle\":\"Diretor\",\"url\":\"https:\\\/\\\/ubirataonline.com.br\\\/en\\\/author\\\/ubirataonline\\\/\"},{\"@type\":\"PostalAddress\",\"@id\":\"https:\\\/\\\/ubirataonline.com.br\\\/brasileira-estreia-na-elite-onde-antes-procurava-quadra\\\/#local-main-place-address\",\"streetAddress\":\"Rua dos Coqueiros, 104 - Bairro Boa Vista, Rua dos Coqueiros, 104 Bairro Boa Vista\",\"addressLocality\":\"UBIRATA\",\"postalCode\":\"85440-000\",\"addressRegion\":\"PR\",\"addressCountry\":\"BR\"},{\"@type\":\"ImageObject\",\"inLanguage\":\"en-US\",\"@id\":\"https:\\\/\\\/ubirataonline.com.br\\\/brasileira-estreia-na-elite-onde-antes-procurava-quadra\\\/#local-main-organization-logo\",\"url\":\"https:\\\/\\\/ubirataonline.com.br\\\/wp-content\\\/uploads\\\/2026\\\/06\\\/logoubirataonline-1.webp\",\"contentUrl\":\"https:\\\/\\\/ubirataonline.com.br\\\/wp-content\\\/uploads\\\/2026\\\/06\\\/logoubirataonline-1.webp\",\"width\":500,\"height\":500,\"caption\":\"Ubirat\u00e3 Online Not\u00edcias\"}]}<\/script>\n<meta name=\"geo.placename\" content=\"UBIRATA\" \/>\n<meta name=\"geo.position\" content=\"-24.5361401;-52.9921776\" \/>\n<meta name=\"geo.region\" content=\"Brazil\" \/>\n<!-- \/ Yoast SEO Premium plugin. -->","yoast_head_json":{"title":"Brasileira estreia na elite onde antes procurava quadra - Ubirat\u00e3 Online Not\u00edcias - A realidade ao seu alcance!","description":"Para mim \u00e9 muito especial porque eu vivi nas quadras do Villa Lobos, treinava muito com meu pai l\u00e1 quando comecei. Ent\u00e3o, voltar l\u00e1 para jogar um torneio","robots":{"index":"index","follow":"follow","max-snippet":"max-snippet:-1","max-image-preview":"max-image-preview:large","max-video-preview":"max-video-preview:-1"},"canonical":"https:\/\/ubirataonline.com.br\/en\/brasileira-estreia-na-elite-onde-antes-procurava-quadra\/","og_locale":"en_US","og_type":"article","og_title":"Brasileira estreia na elite onde antes procurava quadra","og_description":"Para mim \u00e9 muito especial porque eu vivi nas quadras do Villa Lobos, treinava muito com meu pai l\u00e1 quando comecei. Ent\u00e3o, voltar l\u00e1 para jogar um torneio","og_url":"https:\/\/ubirataonline.com.br\/en\/brasileira-estreia-na-elite-onde-antes-procurava-quadra\/","og_site_name":"Ubirat\u00e3 Online Not\u00edcias - A realidade ao seu alcance!","article_publisher":"https:\/\/www.facebook.com\/portalubirataonline","article_author":"https:\/\/www.facebook.com\/portalubirataonline","article_published_time":"2025-09-08T22:03:41+00:00","og_image":[{"url":"https:\/\/conteudo.imguol.com.br\/c\/esporte\/7d\/2024\/09\/23\/a-tenista-nauhany-silva-prodigio-do-brasil-de-14-anos-1727114024960_v2_450x450.jpg","type":"","width":"","height":""}],"author":"REDA\u00c7\u00c3O: UBIRAT\u00c3 ONLINE - F\u00c1BIO AUGUSTO CELESTINO","twitter_card":"summary_large_image","twitter_creator":"@x.com\/ubirataonline","twitter_site":"@ubirataonline","twitter_misc":{"Written by":"REDA\u00c7\u00c3O: UBIRAT\u00c3 ONLINE - F\u00c1BIO AUGUSTO CELESTINO","Est. reading time":"2 minutes"},"schema":{"@context":"https:\/\/schema.org","@graph":[{"@type":"NewsArticle","@id":"https:\/\/ubirataonline.com.br\/brasileira-estreia-na-elite-onde-antes-procurava-quadra\/#article","isPartOf":{"@id":"https:\/\/ubirataonline.com.br\/brasileira-estreia-na-elite-onde-antes-procurava-quadra\/"},"author":{"name":"REDA\u00c7\u00c3O: UBIRAT\u00c3 ONLINE - F\u00c1BIO AUGUSTO CELESTINO","@id":"https:\/\/ubirataonline.com.br\/#\/schema\/person\/372f87bbd3fdd79b8556b84c98d0bc1c"},"headline":"Brasileira estreia na elite onde antes procurava quadra","datePublished":"2025-09-08T22:03:41+00:00","mainEntityOfPage":{"@id":"https:\/\/ubirataonline.com.br\/brasileira-estreia-na-elite-onde-antes-procurava-quadra\/"},"wordCount":317,"publisher":{"@id":"https:\/\/ubirataonline.com.br\/#organization"},"image":{"@id":"https:\/\/ubirataonline.com.br\/brasileira-estreia-na-elite-onde-antes-procurava-quadra\/#primaryimage"},"thumbnailUrl":"https:\/\/ubirataonline.com.br\/wp-content\/uploads\/2025\/09\/nana-silva-promessa-do-tenis-brasileiro-1756901486936_v2_615x300.jpg","articleSection":["Brasil"],"inLanguage":"en-US","copyrightYear":"2025","copyrightHolder":{"@id":"https:\/\/ubirataonline.com.br\/en\/#organization"}},{"@type":"WebPage","@id":"https:\/\/ubirataonline.com.br\/brasileira-estreia-na-elite-onde-antes-procurava-quadra\/","url":"https:\/\/ubirataonline.com.br\/brasileira-estreia-na-elite-onde-antes-procurava-quadra\/","name":"Brasileira estreia na elite onde antes procurava quadra - Ubirat\u00e3 Online Not\u00edcias - A realidade ao seu alcance!","isPartOf":{"@id":"https:\/\/ubirataonline.com.br\/#website"},"primaryImageOfPage":{"@id":"https:\/\/ubirataonline.com.br\/brasileira-estreia-na-elite-onde-antes-procurava-quadra\/#primaryimage"},"image":{"@id":"https:\/\/ubirataonline.com.br\/brasileira-estreia-na-elite-onde-antes-procurava-quadra\/#primaryimage"},"thumbnailUrl":"https:\/\/ubirataonline.com.br\/wp-content\/uploads\/2025\/09\/nana-silva-promessa-do-tenis-brasileiro-1756901486936_v2_615x300.jpg","datePublished":"2025-09-08T22:03:41+00:00","description":"Para mim \u00e9 muito especial porque eu vivi nas quadras do Villa Lobos, treinava muito com meu pai l\u00e1 quando comecei. Ent\u00e3o, voltar l\u00e1 para jogar um torneio","breadcrumb":{"@id":"https:\/\/ubirataonline.com.br\/brasileira-estreia-na-elite-onde-antes-procurava-quadra\/#breadcrumb"},"inLanguage":"en-US","potentialAction":[{"@type":"ReadAction","target":["https:\/\/ubirataonline.com.br\/brasileira-estreia-na-elite-onde-antes-procurava-quadra\/"]}]},{"@type":"ImageObject","inLanguage":"en-US","@id":"https:\/\/ubirataonline.com.br\/brasileira-estreia-na-elite-onde-antes-procurava-quadra\/#primaryimage","url":"https:\/\/ubirataonline.com.br\/wp-content\/uploads\/2025\/09\/nana-silva-promessa-do-tenis-brasileiro-1756901486936_v2_615x300.jpg","contentUrl":"https:\/\/ubirataonline.com.br\/wp-content\/uploads\/2025\/09\/nana-silva-promessa-do-tenis-brasileiro-1756901486936_v2_615x300.jpg","width":615,"height":300},{"@type":"BreadcrumbList","@id":"https:\/\/ubirataonline.com.br\/brasileira-estreia-na-elite-onde-antes-procurava-quadra\/#breadcrumb","itemListElement":[{"@type":"ListItem","position":1,"name":"In\u00edcio","item":"https:\/\/ubirataonline.com.br\/"},{"@type":"ListItem","position":2,"name":"Brasileira estreia na elite onde antes procurava quadra"}]},{"@type":"WebSite","@id":"https:\/\/ubirataonline.com.br\/#website","url":"https:\/\/ubirataonline.com.br\/","name":"Ubirat\u00e3 Online Not\u00edcias","description":"Not\u00edcias de Ubirat\u00e3, regi\u00e3o, Brasil e mundo, com informa\u00e7\u00e3o atualizada e compromisso com o leitor.","publisher":{"@id":"https:\/\/ubirataonline.com.br\/#organization"},"alternateName":"Ubirat\u00e3 Online","potentialAction":[{"@type":"SearchAction","target":{"@type":"EntryPoint","urlTemplate":"https:\/\/ubirataonline.com.br\/?s={search_term_string}"},"query-input":{"@type":"PropertyValueSpecification","valueRequired":true,"valueName":"search_term_string"}}],"inLanguage":"en-US"},{"@type":["Organization","Place"],"@id":"https:\/\/ubirataonline.com.br\/#organization","name":"Ubirat\u00e3 Online Not\u00edcias","alternateName":"Ubirat\u00e3 Online","url":"https:\/\/ubirataonline.com.br\/","logo":{"@id":"https:\/\/ubirataonline.com.br\/brasileira-estreia-na-elite-onde-antes-procurava-quadra\/#local-main-organization-logo"},"image":{"@id":"https:\/\/ubirataonline.com.br\/brasileira-estreia-na-elite-onde-antes-procurava-quadra\/#local-main-organization-logo"},"sameAs":["https:\/\/www.facebook.com\/portalubirataonline","https:\/\/x.com\/ubirataonline","https:\/\/mastodon.social\/@ubirataonline","https:\/\/www.facebook.com\/groups\/311144672285604","https:\/\/www.facebook.com\/UBTAOnline","https:\/\/www.instagram.com\/portalubirataonline\/","https:\/\/twitter.com\/ubirataonline"],"description":"Somos um portal de not\u00edcias independente, criado em 5 de janeiro de 2009, com o objetivo de informar, conectar e valorizar a nossa comunidade de Ubirat\u00e3 e toda aregi\u00e3o. Com conte\u00fado atualizado, confi\u00e1vel e relevante, o Ubirat\u00e3 Online \u00e9 o seu espa\u00e7o para ficar por dentro dos principais acontecimentos locais, regionais, Brasil, Mundo e de interesse geral. Nosso compromisso \u00e9 com a verdade, a transpar\u00eancia e o respeito ao leitor.","legalName":"UBIRATA ONLINE NOT\u00cdCIAS","foundingDate":"2009-01-05","numberOfEmployees":{"@type":"QuantitativeValue","minValue":"1","maxValue":"10"},"publishingPrinciples":"https:\/\/ubirataonline.com.br\/faq\/","address":{"@id":"https:\/\/ubirataonline.com.br\/brasileira-estreia-na-elite-onde-antes-procurava-quadra\/#local-main-place-address"},"geo":{"@type":"GeoCoordinates","latitude":"-24.5361401","longitude":"-52.9921776"},"telephone":["+5544998308235"],"contactPoint":{"@type":"ContactPoint","email":"contato@ubirataonline.com.br"},"openingHoursSpecification":{"@type":"OpeningHoursSpecification","dayOfWeek":["Monday","Tuesday","Wednesday","Thursday","Friday","Saturday","Sunday"],"opens":"00:00","closes":"23:59"},"email":"contato@ubirataonline.com.br","vatID":"47.621.418\/0001-80"},{"@type":"Person","@id":"https:\/\/ubirataonline.com.br\/#\/schema\/person\/372f87bbd3fdd79b8556b84c98d0bc1c","name":"REDA\u00c7\u00c3O: UBIRAT\u00c3 ONLINE - F\u00c1BIO AUGUSTO CELESTINO","pronouns":"Ele","description":"Desde 2003 trabalhando com not\u00edcias.","sameAs":["http:\/\/ubirataoline.com.br","https:\/\/www.facebook.com\/portalubirataonline","https:\/\/www.instagram.com\/ubirataonline_oficial","https:\/\/x.com\/x.com\/ubirataonline"],"honorificPrefix":"Mr.","honorificSuffix":"MD","birthDate":"1980-06-16","gender":"masculino","award":["V\u00e1rios pr\u00eamios de melhor portal da cidade"],"jobTitle":"Diretor","url":"https:\/\/ubirataonline.com.br\/en\/author\/ubirataonline\/"},{"@type":"PostalAddress","@id":"https:\/\/ubirataonline.com.br\/brasileira-estreia-na-elite-onde-antes-procurava-quadra\/#local-main-place-address","streetAddress":"Rua dos Coqueiros, 104 - Bairro Boa Vista, Rua dos Coqueiros, 104 Bairro Boa Vista","addressLocality":"UBIRATA","postalCode":"85440-000","addressRegion":"PR","addressCountry":"BR"},{"@type":"ImageObject","inLanguage":"en-US","@id":"https:\/\/ubirataonline.com.br\/brasileira-estreia-na-elite-onde-antes-procurava-quadra\/#local-main-organization-logo","url":"https:\/\/ubirataonline.com.br\/wp-content\/uploads\/2026\/06\/logoubirataonline-1.webp","contentUrl":"https:\/\/ubirataonline.com.br\/wp-content\/uploads\/2026\/06\/logoubirataonline-1.webp","width":500,"height":500,"caption":"Ubirat\u00e3 Online Not\u00edcias"}]},"geo.placename":"UBIRATA","geo.position":{"lat":"-24.5361401","long":"-52.9921776"},"geo.region":"Brazil"},"_links":{"self":[{"href":"https:\/\/ubirataonline.com.br\/en\/wp-json\/wp\/v2\/posts\/67666","targetHints":{"allow":["GET"]}}],"collection":[{"href":"https:\/\/ubirataonline.com.br\/en\/wp-json\/wp\/v2\/posts"}],"about":[{"href":"https:\/\/ubirataonline.com.br\/en\/wp-json\/wp\/v2\/types\/post"}],"author":[{"embeddable":true,"href":"https:\/\/ubirataonline.com.br\/en\/wp-json\/wp\/v2\/users\/1"}],"replies":[{"embeddable":true,"href":"https:\/\/ubirataonline.com.br\/en\/wp-json\/wp\/v2\/comments?post=67666"}],"version-history":[{"count":0,"href":"https:\/\/ubirataonline.com.br\/en\/wp-json\/wp\/v2\/posts\/67666\/revisions"}],"wp:featuredmedia":[{"embeddable":true,"href":"https:\/\/ubirataonline.com.br\/en\/wp-json\/wp\/v2\/media\/67667"}],"wp:attachment":[{"href":"https:\/\/ubirataonline.com.br\/en\/wp-json\/wp\/v2\/media?parent=67666"}],"wp:term":[{"taxonomy":"category","embeddable":true,"href":"https:\/\/ubirataonline.com.br\/en\/wp-json\/wp\/v2\/categories?post=67666"},{"taxonomy":"post_tag","embeddable":true,"href":"https:\/\/ubirataonline.com.br\/en\/wp-json\/wp\/v2\/tags?post=67666"}],"curies":[{"name":"wp","href":"https:\/\/api.w.org\/{rel}","templated":true}]}}