{"id":67670,"date":"2025-09-08T20:04:21","date_gmt":"2025-09-08T23:04:21","guid":{"rendered":"https:\/\/ubirataonline.com.br\/este-proximo-sabado-se-desarrollara-una-nueva-edicion-de-los-tradicionales-fogones-de-bernal-info135\/"},"modified":"2025-09-08T20:04:21","modified_gmt":"2025-09-08T23:04:21","slug":"este-proximo-sabado-se-desarrollara-una-nueva-edicion-de-los-tradicionales-fogones-de-bernal-info135","status":"publish","type":"post","link":"https:\/\/ubirataonline.com.br\/en\/este-proximo-sabado-se-desarrollara-una-nueva-edicion-de-los-tradicionales-fogones-de-bernal-info135\/","title":{"rendered":"Este pr\u00f3ximo s\u00e1bado se desarrollar\u00e1 una nueva edici\u00f3n de los tradicionales fogones de Bernal \u2013 INFO135"},"content":{"rendered":"<p><\/p>\n<div id=\"post-236396\">&#13;<br \/>\n&#13;<\/p>\n<header class=\"entry-header penci-entry-header penci-title-center\">&#13;<br \/>\n\t\t\t\t\t\t\t\t\t&#13;<\/p>\n<p>&#13;<br \/>\n\t\t\t\t\t\t\t\t\t\t<span class=\"entry-meta-item penci-posted-on\"><i class=\"fa fa-clock-o\"\/><time class=\"entry-date published\" datetime=\"2025-09-08T19:37:21-03:00\">8 septiembre, 2025<\/time><time class=\"updated\" datetime=\"2025-09-08T19:37:24-03:00\">8 septiembre, 2025<\/time><\/span>\t\t\t\t\t\t\t\t\t<\/p>\n<p><!-- .entry-meta -->&#13;<br \/>\n\t\t\t\t\t\t\t\t\t<span class=\"penci-social-buttons penci-social-share-footer penci-social-share-center\"><a href=\"#\" class=\"penci-post-like penci_post-meta_item  single-like-button penci-social-item like\" data-post_id=\"236396\" title=\"Like\" data-like=\"Like\" data-unlike=\"Unlike\"><i class=\"fa fa-thumbs-o-up\"\/><span class=\"penci-share-number\">0<\/span><\/a><a class=\"penci-social-item facebook\" target=\"_blank\" rel=\"noopener\" title=\"\" href=\"https:\/\/www.facebook.com\/sharer\/sharer.php?u=https%3A%2F%2Finfo135.com.ar%2F2025%2F09%2F08%2Feste-proximo-sabado-se-desarrollara-una-nueva-edicion-de-los-tradicionales-fogones-de-bernal%2F\"><i class=\"fa fa-facebook\"\/><\/a><a class=\"penci-social-item twitter\" target=\"_blank\" rel=\"noopener\" title=\"\" href=\"https:\/\/twitter.com\/intent\/tweet?text=Este%20pr\u00f3ximo%20s\u00e1bado%20se%20desarrollar\u00e1%20una%20nueva%20edici\u00f3n%20de%20los%20tradicionales%20fogones%20de%20Bernal%20-%20https:\/\/info135.com.ar\/2025\/09\/08\/este-proximo-sabado-se-desarrollara-una-nueva-edicion-de-los-tradicionales-fogones-de-bernal\/\"><i class=\"fa fa-twitter\"\/><\/a><a class=\"penci-social-item whatsapp\" rel=\"noopener\" data-text=\"Este pr\u00f3ximo s\u00e1bado se desarrollar\u00e1 una nueva edici\u00f3n de los tradicionales fogones de Bernal\" data-link=\"https:\/\/info135.com.ar\/2025\/09\/08\/este-proximo-sabado-se-desarrollara-una-nueva-edicion-de-los-tradicionales-fogones-de-bernal\/\" href=\"#\"><i class=\"fa fa-whatsapp\"\/><\/a><a class=\"penci-social-item telegram\" target=\"_blank\" rel=\"noopener\" title=\"\" href=\"https:\/\/telegram.me\/share\/url?url=https%3A%2F%2Finfo135.com.ar%2F2025%2F09%2F08%2Feste-proximo-sabado-se-desarrollara-una-nueva-edicion-de-los-tradicionales-fogones-de-bernal%2F&amp;text=Este%20pr%C3%B3ximo%20s%C3%A1bado%20se%20desarrollar%C3%A1%20una%20nueva%20edici%C3%B3n%20de%20los%20tradicionales%20fogones%20de%20Bernal\"><i class=\"fa fa-telegram\"\/><\/a><a class=\"penci-social-item email\" target=\"_blank\" rel=\"noopener\" href=\"mailto:?subject=Este%20pr\u00f3ximo%20s\u00e1bado%20se%20desarrollar\u00e1%20una%20nueva%20edici\u00f3n%20de%20los%20tradicionales%20fogones%20de%20Bernal&amp;BODY=https:\/\/info135.com.ar\/2025\/09\/08\/este-proximo-sabado-se-desarrollara-una-nueva-edicion-de-los-tradicionales-fogones-de-bernal\/\"><i class=\"fa fa-envelope\"\/><\/a><\/span>\t\t\t\t\t\t\t\t<\/header>\n<p><!-- .entry-header -->&#13;<\/p>\n<div class=\"penci-entry-content entry-content\">\n<p style=\"font-weight: 400;\">El Municipio de Quilmes invita a los vecinos y a las vecinas a participar este s\u00e1bado 13 de septiembre, de 17 a 23, de la 58\u00aa edici\u00f3n de los tradicionales Fogones de Bernal en la intersecci\u00f3n de las avenidas Belgrano y Zapiola, en Bernal Centro, que este a\u00f1o se concretar\u00e1 bajo el lema \u201cCelebrando al Papa Francisco\u201d, en memoria del Papa argentino Jorge Mario Bergoglio, fallecido el pasado 21 de abril.<\/p>\n<p>Esta iniciativa es organizada entre los Bomberos Voluntarios de Bernal y la Comisi\u00f3n de Festejos de los Fogones, con el apoyo de la Comuna. Como sucede habitualmente, habr\u00e1 puestos gastron\u00f3micos, artesan\u00edas, juegos y espect\u00e1culos art\u00edsticos de diversos g\u00e9neros. Decenas de instituciones y entidades de la zona se preparan para lo que ser\u00e1 una fiesta del pueblo bernalense.<\/p>\n<p>Cabe resaltar que el evento contar\u00e1 con todas las medidas de seguridad, fiscalizaci\u00f3n e higiene correspondiente, con el objetivo de cuidar cada uno de los espacios utilizados y garantizar un correcto ingreso y egreso de cada uno de los quilme\u00f1os y quilme\u00f1as.<\/p>\n<\/div>\n<p><!-- .entry-content -->\t\t\t\t\t\t\t\t<\/p>\n<footer class=\"penci-entry-footer\">&#13;<br \/>\n\t\t\t\t\t\t\t\t\t\t\t\t\t\t\t\t\t<\/footer>\n<p><!-- .entry-footer -->&#13;\n\t\t\t\t\t\t\t<\/div>\n<p><script async src=\"\/\/platform.twitter.com\/widgets.js\" charset=\"utf-8\"><\/script><br \/>\n<br \/><a href=\"https:\/\/info135.com.ar\/2025\/09\/08\/este-proximo-sabado-se-desarrollara-una-nueva-edicion-de-los-tradicionales-fogones-de-bernal\/\">Source link <\/a><\/p>","protected":false},"excerpt":{"rendered":"<p>&#13; &#13; &#13; &#13; &#13; 8 septiembre, 20258 septiembre, 2025 &#13; 0 &#13; El Municipio de Quilmes invita a los vecinos y a las vecinas a participar este s\u00e1bado 13 de septiembre, de 17 a 23, de la 58\u00aa edici\u00f3n de los tradicionales Fogones de Bernal en la intersecci\u00f3n de las avenidas Belgrano y Zapiola, [&hellip;]<\/p>\n","protected":false},"author":1,"featured_media":0,"comment_status":"","ping_status":"","sticky":false,"template":"","format":"standard","meta":{"googlesitekit_rrm_CAow2JLhCw:productID":"","_gspb_post_css":"","maa_idioma":"","maa_pais":"","footnotes":""},"categories":[4],"tags":[],"class_list":["post-67670","post","type-post","status-publish","format-standard","hentry","category-brasil"],"blocksy_meta":[],"yoast_head":"<!-- This site is optimized with the Yoast SEO Premium plugin v27.6 (Yoast SEO v27.6) - https:\/\/yoast.com\/product\/yoast-seo-premium-wordpress\/ -->\n<title>Este pr\u00f3ximo s\u00e1bado se desarrollar\u00e1 una nueva edici\u00f3n de los tradicionales fogones de Bernal \u2013 INFO135 - Ubirat\u00e3 Online Not\u00edcias - A realidade ao seu alcance!<\/title>\n<meta name=\"description\" content=\"&#013; &#013; &#013; &#013; &#013; 8 septiembre, 20258 septiembre, 2025 &#013; 0 &#013; El Municipio de Quilmes invita a los vecinos y a las vecinas a participar\" \/>\n<meta name=\"robots\" content=\"index, follow, max-snippet:-1, max-image-preview:large, max-video-preview:-1\" \/>\n<link rel=\"canonical\" href=\"https:\/\/ubirataonline.com.br\/en\/este-proximo-sabado-se-desarrollara-una-nueva-edicion-de-los-tradicionales-fogones-de-bernal-info135\/\" \/>\n<meta property=\"og:locale\" content=\"en_US\" \/>\n<meta property=\"og:type\" content=\"article\" \/>\n<meta property=\"og:title\" content=\"Este pr\u00f3ximo s\u00e1bado se desarrollar\u00e1 una nueva edici\u00f3n de los tradicionales fogones de Bernal \u2013 INFO135\" \/>\n<meta property=\"og:description\" content=\"&#013; &#013; &#013; &#013; &#013; 8 septiembre, 20258 septiembre, 2025 &#013; 0 &#013; El Municipio de Quilmes invita a los vecinos y a las vecinas a participar\" \/>\n<meta property=\"og:url\" content=\"https:\/\/ubirataonline.com.br\/en\/este-proximo-sabado-se-desarrollara-una-nueva-edicion-de-los-tradicionales-fogones-de-bernal-info135\/\" \/>\n<meta property=\"og:site_name\" content=\"Ubirat\u00e3 Online Not\u00edcias - A realidade ao seu alcance!\" \/>\n<meta property=\"article:publisher\" content=\"https:\/\/www.facebook.com\/portalubirataonline\" \/>\n<meta property=\"article:author\" content=\"https:\/\/www.facebook.com\/portalubirataonline\" \/>\n<meta property=\"article:published_time\" content=\"2025-09-08T23:04:21+00:00\" \/>\n<meta property=\"og:image\" content=\"https:\/\/ubirataonline.com.br\/wp-content\/uploads\/2026\/05\/logo2026.webp\" \/>\n\t<meta property=\"og:image:width\" content=\"1531\" \/>\n\t<meta property=\"og:image:height\" content=\"418\" \/>\n\t<meta property=\"og:image:type\" content=\"image\/webp\" \/>\n<meta name=\"author\" content=\"REDA\u00c7\u00c3O: UBIRAT\u00c3 ONLINE - F\u00c1BIO AUGUSTO CELESTINO\" \/>\n<meta name=\"twitter:card\" content=\"summary_large_image\" \/>\n<meta name=\"twitter:creator\" content=\"@x.com\/ubirataonline\" \/>\n<meta name=\"twitter:site\" content=\"@ubirataonline\" \/>\n<meta name=\"twitter:label1\" content=\"Written by\" \/>\n\t<meta name=\"twitter:data1\" content=\"REDA\u00c7\u00c3O: UBIRAT\u00c3 ONLINE - F\u00c1BIO AUGUSTO CELESTINO\" \/>\n\t<meta name=\"twitter:label2\" content=\"Est. reading time\" \/>\n\t<meta name=\"twitter:data2\" content=\"1 minute\" \/>\n<script type=\"application\/ld+json\" class=\"yoast-schema-graph\">{\"@context\":\"https:\\\/\\\/schema.org\",\"@graph\":[{\"@type\":\"NewsArticle\",\"@id\":\"https:\\\/\\\/ubirataonline.com.br\\\/este-proximo-sabado-se-desarrollara-una-nueva-edicion-de-los-tradicionales-fogones-de-bernal-info135\\\/#article\",\"isPartOf\":{\"@id\":\"https:\\\/\\\/ubirataonline.com.br\\\/este-proximo-sabado-se-desarrollara-una-nueva-edicion-de-los-tradicionales-fogones-de-bernal-info135\\\/\"},\"author\":{\"name\":\"REDA\u00c7\u00c3O: UBIRAT\u00c3 ONLINE - F\u00c1BIO AUGUSTO CELESTINO\",\"@id\":\"https:\\\/\\\/ubirataonline.com.br\\\/#\\\/schema\\\/person\\\/372f87bbd3fdd79b8556b84c98d0bc1c\"},\"headline\":\"Este pr\u00f3ximo s\u00e1bado se desarrollar\u00e1 una nueva edici\u00f3n de los tradicionales fogones de Bernal \u2013 INFO135\",\"datePublished\":\"2025-09-08T23:04:21+00:00\",\"mainEntityOfPage\":{\"@id\":\"https:\\\/\\\/ubirataonline.com.br\\\/este-proximo-sabado-se-desarrollara-una-nueva-edicion-de-los-tradicionales-fogones-de-bernal-info135\\\/\"},\"wordCount\":200,\"publisher\":{\"@id\":\"https:\\\/\\\/ubirataonline.com.br\\\/#organization\"},\"articleSection\":[\"Brasil\"],\"inLanguage\":\"en-US\",\"copyrightYear\":\"2025\",\"copyrightHolder\":{\"@id\":\"https:\\\/\\\/ubirataonline.com.br\\\/en\\\/#organization\"}},{\"@type\":\"WebPage\",\"@id\":\"https:\\\/\\\/ubirataonline.com.br\\\/este-proximo-sabado-se-desarrollara-una-nueva-edicion-de-los-tradicionales-fogones-de-bernal-info135\\\/\",\"url\":\"https:\\\/\\\/ubirataonline.com.br\\\/este-proximo-sabado-se-desarrollara-una-nueva-edicion-de-los-tradicionales-fogones-de-bernal-info135\\\/\",\"name\":\"Este pr\u00f3ximo s\u00e1bado se desarrollar\u00e1 una nueva edici\u00f3n de los tradicionales fogones de Bernal \u2013 INFO135 - Ubirat\u00e3 Online Not\u00edcias - A realidade ao seu alcance!\",\"isPartOf\":{\"@id\":\"https:\\\/\\\/ubirataonline.com.br\\\/#website\"},\"datePublished\":\"2025-09-08T23:04:21+00:00\",\"description\":\"&#13; &#13; &#13; &#13; &#13; 8 septiembre, 20258 septiembre, 2025 &#13; 0 &#13; El Municipio de Quilmes invita a los vecinos y a las vecinas a participar\",\"breadcrumb\":{\"@id\":\"https:\\\/\\\/ubirataonline.com.br\\\/este-proximo-sabado-se-desarrollara-una-nueva-edicion-de-los-tradicionales-fogones-de-bernal-info135\\\/#breadcrumb\"},\"inLanguage\":\"en-US\",\"potentialAction\":[{\"@type\":\"ReadAction\",\"target\":[\"https:\\\/\\\/ubirataonline.com.br\\\/este-proximo-sabado-se-desarrollara-una-nueva-edicion-de-los-tradicionales-fogones-de-bernal-info135\\\/\"]}]},{\"@type\":\"BreadcrumbList\",\"@id\":\"https:\\\/\\\/ubirataonline.com.br\\\/este-proximo-sabado-se-desarrollara-una-nueva-edicion-de-los-tradicionales-fogones-de-bernal-info135\\\/#breadcrumb\",\"itemListElement\":[{\"@type\":\"ListItem\",\"position\":1,\"name\":\"In\u00edcio\",\"item\":\"https:\\\/\\\/ubirataonline.com.br\\\/\"},{\"@type\":\"ListItem\",\"position\":2,\"name\":\"Este pr\u00f3ximo s\u00e1bado se desarrollar\u00e1 una nueva edici\u00f3n de los tradicionales fogones de Bernal \u2013 INFO135\"}]},{\"@type\":\"WebSite\",\"@id\":\"https:\\\/\\\/ubirataonline.com.br\\\/#website\",\"url\":\"https:\\\/\\\/ubirataonline.com.br\\\/\",\"name\":\"Ubirat\u00e3 Online Not\u00edcias\",\"description\":\"Not\u00edcias de Ubirat\u00e3, regi\u00e3o, Brasil e mundo, com informa\u00e7\u00e3o atualizada e compromisso com o leitor.\",\"publisher\":{\"@id\":\"https:\\\/\\\/ubirataonline.com.br\\\/#organization\"},\"alternateName\":\"Ubirat\u00e3 Online\",\"potentialAction\":[{\"@type\":\"SearchAction\",\"target\":{\"@type\":\"EntryPoint\",\"urlTemplate\":\"https:\\\/\\\/ubirataonline.com.br\\\/?s={search_term_string}\"},\"query-input\":{\"@type\":\"PropertyValueSpecification\",\"valueRequired\":true,\"valueName\":\"search_term_string\"}}],\"inLanguage\":\"en-US\"},{\"@type\":[\"Organization\",\"Place\"],\"@id\":\"https:\\\/\\\/ubirataonline.com.br\\\/#organization\",\"name\":\"Ubirat\u00e3 Online Not\u00edcias\",\"alternateName\":\"Ubirat\u00e3 Online\",\"url\":\"https:\\\/\\\/ubirataonline.com.br\\\/\",\"logo\":{\"@id\":\"https:\\\/\\\/ubirataonline.com.br\\\/este-proximo-sabado-se-desarrollara-una-nueva-edicion-de-los-tradicionales-fogones-de-bernal-info135\\\/#local-main-organization-logo\"},\"image\":{\"@id\":\"https:\\\/\\\/ubirataonline.com.br\\\/este-proximo-sabado-se-desarrollara-una-nueva-edicion-de-los-tradicionales-fogones-de-bernal-info135\\\/#local-main-organization-logo\"},\"sameAs\":[\"https:\\\/\\\/www.facebook.com\\\/portalubirataonline\",\"https:\\\/\\\/x.com\\\/ubirataonline\",\"https:\\\/\\\/mastodon.social\\\/@ubirataonline\",\"https:\\\/\\\/www.facebook.com\\\/groups\\\/311144672285604\",\"https:\\\/\\\/www.facebook.com\\\/UBTAOnline\",\"https:\\\/\\\/www.instagram.com\\\/portalubirataonline\\\/\",\"https:\\\/\\\/twitter.com\\\/ubirataonline\"],\"description\":\"Somos um portal de not\u00edcias independente, criado em 5 de janeiro de 2009, com o objetivo de informar, conectar e valorizar a nossa comunidade de Ubirat\u00e3 e toda aregi\u00e3o. Com conte\u00fado atualizado, confi\u00e1vel e relevante, o Ubirat\u00e3 Online \u00e9 o seu espa\u00e7o para ficar por dentro dos principais acontecimentos locais, regionais, Brasil, Mundo e de interesse geral. Nosso compromisso \u00e9 com a verdade, a transpar\u00eancia e o respeito ao leitor.\",\"legalName\":\"UBIRATA ONLINE NOT\u00cdCIAS\",\"foundingDate\":\"2009-01-05\",\"numberOfEmployees\":{\"@type\":\"QuantitativeValue\",\"minValue\":\"1\",\"maxValue\":\"10\"},\"publishingPrinciples\":\"https:\\\/\\\/ubirataonline.com.br\\\/faq\\\/\",\"address\":{\"@id\":\"https:\\\/\\\/ubirataonline.com.br\\\/este-proximo-sabado-se-desarrollara-una-nueva-edicion-de-los-tradicionales-fogones-de-bernal-info135\\\/#local-main-place-address\"},\"geo\":{\"@type\":\"GeoCoordinates\",\"latitude\":\"-24.5361401\",\"longitude\":\"-52.9921776\"},\"telephone\":[\"+5544998308235\"],\"contactPoint\":{\"@type\":\"ContactPoint\",\"email\":\"contato@ubirataonline.com.br\"},\"openingHoursSpecification\":{\"@type\":\"OpeningHoursSpecification\",\"dayOfWeek\":[\"Monday\",\"Tuesday\",\"Wednesday\",\"Thursday\",\"Friday\",\"Saturday\",\"Sunday\"],\"opens\":\"00:00\",\"closes\":\"23:59\"},\"email\":\"contato@ubirataonline.com.br\",\"vatID\":\"47.621.418\\\/0001-80\"},{\"@type\":\"Person\",\"@id\":\"https:\\\/\\\/ubirataonline.com.br\\\/#\\\/schema\\\/person\\\/372f87bbd3fdd79b8556b84c98d0bc1c\",\"name\":\"REDA\u00c7\u00c3O: UBIRAT\u00c3 ONLINE - F\u00c1BIO AUGUSTO CELESTINO\",\"pronouns\":\"Ele\",\"description\":\"Desde 2003 trabalhando com not\u00edcias.\",\"sameAs\":[\"http:\\\/\\\/ubirataoline.com.br\",\"https:\\\/\\\/www.facebook.com\\\/portalubirataonline\",\"https:\\\/\\\/www.instagram.com\\\/ubirataonline_oficial\",\"https:\\\/\\\/x.com\\\/x.com\\\/ubirataonline\"],\"honorificPrefix\":\"Mr.\",\"honorificSuffix\":\"MD\",\"birthDate\":\"1980-06-16\",\"gender\":\"masculino\",\"award\":[\"V\u00e1rios pr\u00eamios de melhor portal da cidade\"],\"jobTitle\":\"Diretor\",\"url\":\"https:\\\/\\\/ubirataonline.com.br\\\/en\\\/author\\\/ubirataonline\\\/\"},{\"@type\":\"PostalAddress\",\"@id\":\"https:\\\/\\\/ubirataonline.com.br\\\/este-proximo-sabado-se-desarrollara-una-nueva-edicion-de-los-tradicionales-fogones-de-bernal-info135\\\/#local-main-place-address\",\"streetAddress\":\"Rua dos Coqueiros, 104 - Bairro Boa Vista, Rua dos Coqueiros, 104 Bairro Boa Vista\",\"addressLocality\":\"UBIRATA\",\"postalCode\":\"85440-000\",\"addressRegion\":\"PR\",\"addressCountry\":\"BR\"},{\"@type\":\"ImageObject\",\"inLanguage\":\"en-US\",\"@id\":\"https:\\\/\\\/ubirataonline.com.br\\\/este-proximo-sabado-se-desarrollara-una-nueva-edicion-de-los-tradicionales-fogones-de-bernal-info135\\\/#local-main-organization-logo\",\"url\":\"https:\\\/\\\/ubirataonline.com.br\\\/wp-content\\\/uploads\\\/2026\\\/06\\\/logoubirataonline-1.webp\",\"contentUrl\":\"https:\\\/\\\/ubirataonline.com.br\\\/wp-content\\\/uploads\\\/2026\\\/06\\\/logoubirataonline-1.webp\",\"width\":500,\"height\":500,\"caption\":\"Ubirat\u00e3 Online Not\u00edcias\"}]}<\/script>\n<meta name=\"geo.placename\" content=\"UBIRATA\" \/>\n<meta name=\"geo.position\" content=\"-24.5361401;-52.9921776\" \/>\n<meta name=\"geo.region\" content=\"Brazil\" \/>\n<!-- \/ Yoast SEO Premium plugin. -->","yoast_head_json":{"title":"Este pr\u00f3ximo s\u00e1bado se desarrollar\u00e1 una nueva edici\u00f3n de los tradicionales fogones de Bernal \u2013 INFO135 - Ubirat\u00e3 Online Not\u00edcias - A realidade ao seu alcance!","description":"&#13; &#13; &#13; &#13; &#13; 8 septiembre, 20258 septiembre, 2025 &#13; 0 &#13; El Municipio de Quilmes invita a los vecinos y a las vecinas a participar","robots":{"index":"index","follow":"follow","max-snippet":"max-snippet:-1","max-image-preview":"max-image-preview:large","max-video-preview":"max-video-preview:-1"},"canonical":"https:\/\/ubirataonline.com.br\/en\/este-proximo-sabado-se-desarrollara-una-nueva-edicion-de-los-tradicionales-fogones-de-bernal-info135\/","og_locale":"en_US","og_type":"article","og_title":"Este pr\u00f3ximo s\u00e1bado se desarrollar\u00e1 una nueva edici\u00f3n de los tradicionales fogones de Bernal \u2013 INFO135","og_description":"&#13; &#13; &#13; &#13; &#13; 8 septiembre, 20258 septiembre, 2025 &#13; 0 &#13; El Municipio de Quilmes invita a los vecinos y a las vecinas a participar","og_url":"https:\/\/ubirataonline.com.br\/en\/este-proximo-sabado-se-desarrollara-una-nueva-edicion-de-los-tradicionales-fogones-de-bernal-info135\/","og_site_name":"Ubirat\u00e3 Online Not\u00edcias - A realidade ao seu alcance!","article_publisher":"https:\/\/www.facebook.com\/portalubirataonline","article_author":"https:\/\/www.facebook.com\/portalubirataonline","article_published_time":"2025-09-08T23:04:21+00:00","og_image":[{"width":1531,"height":418,"url":"https:\/\/ubirataonline.com.br\/wp-content\/uploads\/2026\/05\/logo2026.webp","type":"image\/webp"}],"author":"REDA\u00c7\u00c3O: UBIRAT\u00c3 ONLINE - F\u00c1BIO AUGUSTO CELESTINO","twitter_card":"summary_large_image","twitter_creator":"@x.com\/ubirataonline","twitter_site":"@ubirataonline","twitter_misc":{"Written by":"REDA\u00c7\u00c3O: UBIRAT\u00c3 ONLINE - F\u00c1BIO AUGUSTO CELESTINO","Est. reading time":"1 minute"},"schema":{"@context":"https:\/\/schema.org","@graph":[{"@type":"NewsArticle","@id":"https:\/\/ubirataonline.com.br\/este-proximo-sabado-se-desarrollara-una-nueva-edicion-de-los-tradicionales-fogones-de-bernal-info135\/#article","isPartOf":{"@id":"https:\/\/ubirataonline.com.br\/este-proximo-sabado-se-desarrollara-una-nueva-edicion-de-los-tradicionales-fogones-de-bernal-info135\/"},"author":{"name":"REDA\u00c7\u00c3O: UBIRAT\u00c3 ONLINE - F\u00c1BIO AUGUSTO CELESTINO","@id":"https:\/\/ubirataonline.com.br\/#\/schema\/person\/372f87bbd3fdd79b8556b84c98d0bc1c"},"headline":"Este pr\u00f3ximo s\u00e1bado se desarrollar\u00e1 una nueva edici\u00f3n de los tradicionales fogones de Bernal \u2013 INFO135","datePublished":"2025-09-08T23:04:21+00:00","mainEntityOfPage":{"@id":"https:\/\/ubirataonline.com.br\/este-proximo-sabado-se-desarrollara-una-nueva-edicion-de-los-tradicionales-fogones-de-bernal-info135\/"},"wordCount":200,"publisher":{"@id":"https:\/\/ubirataonline.com.br\/#organization"},"articleSection":["Brasil"],"inLanguage":"en-US","copyrightYear":"2025","copyrightHolder":{"@id":"https:\/\/ubirataonline.com.br\/en\/#organization"}},{"@type":"WebPage","@id":"https:\/\/ubirataonline.com.br\/este-proximo-sabado-se-desarrollara-una-nueva-edicion-de-los-tradicionales-fogones-de-bernal-info135\/","url":"https:\/\/ubirataonline.com.br\/este-proximo-sabado-se-desarrollara-una-nueva-edicion-de-los-tradicionales-fogones-de-bernal-info135\/","name":"Este pr\u00f3ximo s\u00e1bado se desarrollar\u00e1 una nueva edici\u00f3n de los tradicionales fogones de Bernal \u2013 INFO135 - Ubirat\u00e3 Online Not\u00edcias - A realidade ao seu alcance!","isPartOf":{"@id":"https:\/\/ubirataonline.com.br\/#website"},"datePublished":"2025-09-08T23:04:21+00:00","description":"&#13; &#13; &#13; &#13; &#13; 8 septiembre, 20258 septiembre, 2025 &#13; 0 &#13; El Municipio de Quilmes invita a los vecinos y a las vecinas a participar","breadcrumb":{"@id":"https:\/\/ubirataonline.com.br\/este-proximo-sabado-se-desarrollara-una-nueva-edicion-de-los-tradicionales-fogones-de-bernal-info135\/#breadcrumb"},"inLanguage":"en-US","potentialAction":[{"@type":"ReadAction","target":["https:\/\/ubirataonline.com.br\/este-proximo-sabado-se-desarrollara-una-nueva-edicion-de-los-tradicionales-fogones-de-bernal-info135\/"]}]},{"@type":"BreadcrumbList","@id":"https:\/\/ubirataonline.com.br\/este-proximo-sabado-se-desarrollara-una-nueva-edicion-de-los-tradicionales-fogones-de-bernal-info135\/#breadcrumb","itemListElement":[{"@type":"ListItem","position":1,"name":"In\u00edcio","item":"https:\/\/ubirataonline.com.br\/"},{"@type":"ListItem","position":2,"name":"Este pr\u00f3ximo s\u00e1bado se desarrollar\u00e1 una nueva edici\u00f3n de los tradicionales fogones de Bernal \u2013 INFO135"}]},{"@type":"WebSite","@id":"https:\/\/ubirataonline.com.br\/#website","url":"https:\/\/ubirataonline.com.br\/","name":"Ubirat\u00e3 Online Not\u00edcias","description":"Not\u00edcias de Ubirat\u00e3, regi\u00e3o, Brasil e mundo, com informa\u00e7\u00e3o atualizada e compromisso com o leitor.","publisher":{"@id":"https:\/\/ubirataonline.com.br\/#organization"},"alternateName":"Ubirat\u00e3 Online","potentialAction":[{"@type":"SearchAction","target":{"@type":"EntryPoint","urlTemplate":"https:\/\/ubirataonline.com.br\/?s={search_term_string}"},"query-input":{"@type":"PropertyValueSpecification","valueRequired":true,"valueName":"search_term_string"}}],"inLanguage":"en-US"},{"@type":["Organization","Place"],"@id":"https:\/\/ubirataonline.com.br\/#organization","name":"Ubirat\u00e3 Online Not\u00edcias","alternateName":"Ubirat\u00e3 Online","url":"https:\/\/ubirataonline.com.br\/","logo":{"@id":"https:\/\/ubirataonline.com.br\/este-proximo-sabado-se-desarrollara-una-nueva-edicion-de-los-tradicionales-fogones-de-bernal-info135\/#local-main-organization-logo"},"image":{"@id":"https:\/\/ubirataonline.com.br\/este-proximo-sabado-se-desarrollara-una-nueva-edicion-de-los-tradicionales-fogones-de-bernal-info135\/#local-main-organization-logo"},"sameAs":["https:\/\/www.facebook.com\/portalubirataonline","https:\/\/x.com\/ubirataonline","https:\/\/mastodon.social\/@ubirataonline","https:\/\/www.facebook.com\/groups\/311144672285604","https:\/\/www.facebook.com\/UBTAOnline","https:\/\/www.instagram.com\/portalubirataonline\/","https:\/\/twitter.com\/ubirataonline"],"description":"Somos um portal de not\u00edcias independente, criado em 5 de janeiro de 2009, com o objetivo de informar, conectar e valorizar a nossa comunidade de Ubirat\u00e3 e toda aregi\u00e3o. Com conte\u00fado atualizado, confi\u00e1vel e relevante, o Ubirat\u00e3 Online \u00e9 o seu espa\u00e7o para ficar por dentro dos principais acontecimentos locais, regionais, Brasil, Mundo e de interesse geral. Nosso compromisso \u00e9 com a verdade, a transpar\u00eancia e o respeito ao leitor.","legalName":"UBIRATA ONLINE NOT\u00cdCIAS","foundingDate":"2009-01-05","numberOfEmployees":{"@type":"QuantitativeValue","minValue":"1","maxValue":"10"},"publishingPrinciples":"https:\/\/ubirataonline.com.br\/faq\/","address":{"@id":"https:\/\/ubirataonline.com.br\/este-proximo-sabado-se-desarrollara-una-nueva-edicion-de-los-tradicionales-fogones-de-bernal-info135\/#local-main-place-address"},"geo":{"@type":"GeoCoordinates","latitude":"-24.5361401","longitude":"-52.9921776"},"telephone":["+5544998308235"],"contactPoint":{"@type":"ContactPoint","email":"contato@ubirataonline.com.br"},"openingHoursSpecification":{"@type":"OpeningHoursSpecification","dayOfWeek":["Monday","Tuesday","Wednesday","Thursday","Friday","Saturday","Sunday"],"opens":"00:00","closes":"23:59"},"email":"contato@ubirataonline.com.br","vatID":"47.621.418\/0001-80"},{"@type":"Person","@id":"https:\/\/ubirataonline.com.br\/#\/schema\/person\/372f87bbd3fdd79b8556b84c98d0bc1c","name":"REDA\u00c7\u00c3O: UBIRAT\u00c3 ONLINE - F\u00c1BIO AUGUSTO CELESTINO","pronouns":"Ele","description":"Desde 2003 trabalhando com not\u00edcias.","sameAs":["http:\/\/ubirataoline.com.br","https:\/\/www.facebook.com\/portalubirataonline","https:\/\/www.instagram.com\/ubirataonline_oficial","https:\/\/x.com\/x.com\/ubirataonline"],"honorificPrefix":"Mr.","honorificSuffix":"MD","birthDate":"1980-06-16","gender":"masculino","award":["V\u00e1rios pr\u00eamios de melhor portal da cidade"],"jobTitle":"Diretor","url":"https:\/\/ubirataonline.com.br\/en\/author\/ubirataonline\/"},{"@type":"PostalAddress","@id":"https:\/\/ubirataonline.com.br\/este-proximo-sabado-se-desarrollara-una-nueva-edicion-de-los-tradicionales-fogones-de-bernal-info135\/#local-main-place-address","streetAddress":"Rua dos Coqueiros, 104 - Bairro Boa Vista, Rua dos Coqueiros, 104 Bairro Boa Vista","addressLocality":"UBIRATA","postalCode":"85440-000","addressRegion":"PR","addressCountry":"BR"},{"@type":"ImageObject","inLanguage":"en-US","@id":"https:\/\/ubirataonline.com.br\/este-proximo-sabado-se-desarrollara-una-nueva-edicion-de-los-tradicionales-fogones-de-bernal-info135\/#local-main-organization-logo","url":"https:\/\/ubirataonline.com.br\/wp-content\/uploads\/2026\/06\/logoubirataonline-1.webp","contentUrl":"https:\/\/ubirataonline.com.br\/wp-content\/uploads\/2026\/06\/logoubirataonline-1.webp","width":500,"height":500,"caption":"Ubirat\u00e3 Online Not\u00edcias"}]},"geo.placename":"UBIRATA","geo.position":{"lat":"-24.5361401","long":"-52.9921776"},"geo.region":"Brazil"},"_links":{"self":[{"href":"https:\/\/ubirataonline.com.br\/en\/wp-json\/wp\/v2\/posts\/67670","targetHints":{"allow":["GET"]}}],"collection":[{"href":"https:\/\/ubirataonline.com.br\/en\/wp-json\/wp\/v2\/posts"}],"about":[{"href":"https:\/\/ubirataonline.com.br\/en\/wp-json\/wp\/v2\/types\/post"}],"author":[{"embeddable":true,"href":"https:\/\/ubirataonline.com.br\/en\/wp-json\/wp\/v2\/users\/1"}],"replies":[{"embeddable":true,"href":"https:\/\/ubirataonline.com.br\/en\/wp-json\/wp\/v2\/comments?post=67670"}],"version-history":[{"count":0,"href":"https:\/\/ubirataonline.com.br\/en\/wp-json\/wp\/v2\/posts\/67670\/revisions"}],"wp:attachment":[{"href":"https:\/\/ubirataonline.com.br\/en\/wp-json\/wp\/v2\/media?parent=67670"}],"wp:term":[{"taxonomy":"category","embeddable":true,"href":"https:\/\/ubirataonline.com.br\/en\/wp-json\/wp\/v2\/categories?post=67670"},{"taxonomy":"post_tag","embeddable":true,"href":"https:\/\/ubirataonline.com.br\/en\/wp-json\/wp\/v2\/tags?post=67670"}],"curies":[{"name":"wp","href":"https:\/\/api.w.org\/{rel}","templated":true}]}}