{"id":67675,"date":"2025-09-08T20:32:57","date_gmt":"2025-09-08T23:32:57","guid":{"rendered":"https:\/\/ubirataonline.com.br\/?p=67675"},"modified":"2025-09-08T20:38:11","modified_gmt":"2025-09-08T23:38:11","slug":"massagem-tantrica-em-belo-horizonte-autoconhecimento-e-transformacao","status":"publish","type":"post","link":"https:\/\/ubirataonline.com.br\/en\/massagem-tantrica-em-belo-horizonte-autoconhecimento-e-transformacao\/","title":{"rendered":"Massagem T\u00e2ntrica em Belo Horizonte: Autoconhecimento e Transforma\u00e7\u00e3o"},"content":{"rendered":"<h2 class=\"wp-block-heading\" id=\"h-esta-sentindo-que-algo-essencial-se-perdeu-na-correria-do-dia-a-dia\">Est\u00e1 Sentindo que Algo Essencial se Perdeu na Correria do Dia a Dia?<\/h2>\n\n\n\n<img decoding=\"async\" class=\"gb-media-023095d8\" alt=\"Ambiente terap\u00eautico tranquilo para massagem t\u00e2ntrica individual em Belo Horizonte com elementos de bem-estar\" src=\"https:\/\/ubirataonline.com.br\/wp-content\/uploads\/2025\/09\/massagem-tantrica-bh-bem-estar-.png\" title=\"massagem-tantrica-bh-bem estar\"\/>\n\n\n\n<p class=\"wp-block-paragraph\"><strong>Voc\u00ea j\u00e1 se perguntou por que, mesmo em meio a tanto progresso, a ansiedade e o estresse parecem tomar conta da sua vida?<\/strong> Com 9,3% da popula\u00e7\u00e3o brasileira convivendo com ansiedade segundo a OMS, muitas pessoas buscam alternativas que v\u00e3o al\u00e9m dos tratamentos convencionais. A <strong>massagem t\u00e2ntrica em sess\u00f5es individuais<\/strong> surge como uma resposta poderosa para quem deseja reconectar-se consigo mesmo de forma profunda e transformadora.<\/p>\n\n\n\n<p class=\"wp-block-paragraph\">Esta antiga pr\u00e1tica milenar n\u00e3o \u00e9 apenas uma massagem \u2013 \u00e9 uma <strong>jornada de autoconhecimento<\/strong> que pode revolucionar sua rela\u00e7\u00e3o com o pr\u00f3prio corpo, mente e esp\u00edrito. Se voc\u00ea chegou at\u00e9 aqui, provavelmente est\u00e1 buscando algo mais significativo do que apenas relaxamento tempor\u00e1rio.<\/p>\n\n\n\n<h2 class=\"wp-block-heading\">Descobrindo a Ess\u00eancia da <strong>Massagem T\u00e2ntrica Individual<\/strong><\/h2>\n\n\n\n<p class=\"wp-block-paragraph\">A <strong>massagem t\u00e2ntrica<\/strong> incorpora a ess\u00eancia da <em>shakti<\/em> (energia em s\u00e2nscrito), sendo uma t\u00e9cnica ancestral origin\u00e1ria da \u00cdndia com mais de 5.000 anos de hist\u00f3ria comprovada. Diferente das massagens convencionais, ela funciona como uma <strong>ferramenta de conex\u00e3o corporal<\/strong> profunda, expandindo a consci\u00eancia atrav\u00e9s de toques sutis que despertam todos os sentidos.<\/p>\n\n\n\n<p class=\"wp-block-paragraph\"><strong>Por que escolher sess\u00f5es individuais?<\/strong> O atendimento personalizado permite que cada pessoa explore seus pr\u00f3prios limites e necessidades sem press\u00f5es externas. Em <strong>Belo Horizonte<\/strong>, terapeutas especializados conduzem este processo atrav\u00e9s de uma abordagem hol\u00edstica que transcende o f\u00edsico.<\/p>\n\n\n\n<h3 class=\"wp-block-heading\">Metodologia Terap\u00eautica Personalizada<\/h3>\n\n\n\n<figure class=\"wp-block-image is-resized\"><img decoding=\"async\" src=\"http:\/\/bh.tantri.com.br\/wp-content\/uploads\/2025\/09\/pexels-thirdman-6957386-scaled.jpg\" alt=\"Terapeuta qualificado Preparando ambiente de Massagem \" class=\"wp-image-4238\" style=\"aspect-ratio:1.4997644842204427;width:331px;height:auto\"\/><\/figure>\n\n\n\n<p class=\"wp-block-paragraph\"><em>Profissional especializado em terapia t\u00e2ntrica preparando espa\u00e7o terap\u00eautico individualizado em Belo Horizonte<\/em><\/p>\n\n\n\n<p class=\"wp-block-paragraph\">Cada sess\u00e3o de <strong>massagem t\u00e2ntrica individual<\/strong> \u00e9 \u00fanica e constru\u00edda especificamente para voc\u00ea. O terapeuta inicia com uma anamnese detalhada onde escuta atentamente suas motiva\u00e7\u00f5es, necessidades e objetivos espec\u00edficos. <strong>N\u00e3o existe protocolo padr\u00e3o<\/strong> \u2013 cada jornada \u00e9 desenvolvida respeitando sua individualidade e ritmo pessoal.<\/p>\n\n\n\n<p class=\"wp-block-paragraph\">Esta abordagem sob medida garante que voc\u00ea receba exatamente o que precisa para sua transforma\u00e7\u00e3o pessoal, seja ela f\u00edsica, emocional ou energ\u00e9tica.<\/p>\n\n\n\n<h2 class=\"wp-block-heading\">Benef\u00edcios Cientificamente Comprovados da Terapia T\u00e2ntrica<\/h2>\n\n\n\n<h3 class=\"wp-block-heading\"><strong>Desenvolvimento da Consci\u00eancia Corporal<\/strong><\/h3>\n\n\n\n<p class=\"wp-block-paragraph\">O principal benef\u00edcio \u00e9 o <strong>aumento da consci\u00eancia corporal e sensibilidade<\/strong>, permitindo explorar dimens\u00f5es de prazer e sensa\u00e7\u00e3o anteriormente adormecidas por traumas ou condicionamentos sociais. Esta reconex\u00e3o \u00e9 fundamental para homens e mulheres que buscam <strong>autocuidado<\/strong> genu\u00edno.<\/p>\n\n\n\n<p class=\"wp-block-paragraph\">A experi\u00eancia hol\u00edstica integra <strong>corpo, mente e esp\u00edrito<\/strong> harmoniosamente, permitindo que voc\u00ea desenvolva uma nova percep\u00e7\u00e3o sobre seus limites e potencialidades inexploradas.<\/p>\n\n\n\n<h3 class=\"wp-block-heading\"><strong>Cura Emocional e Libera\u00e7\u00e3o de Traumas<\/strong><\/h3>\n\n\n\n<p class=\"wp-block-paragraph\">A <strong>terapia t\u00e2ntrica individual<\/strong> atua como uma poderosa ferramenta de <strong>autoconhecimento<\/strong>, permitindo contato com sua verdadeira ess\u00eancia atrav\u00e9s de estados alterados de percep\u00e7\u00e3o e consci\u00eancia. O trabalho terap\u00eautico especializado atua na libera\u00e7\u00e3o de <strong>bloqueios emocionais<\/strong> profundamente armazenados.<\/p>\n\n\n\n<p class=\"wp-block-paragraph\">Como seres humanos, armazenamos emo\u00e7\u00f5es dolorosas como raiva, medo, tristeza ou vergonha em nosso corpo. Quando n\u00e3o processadas adequadamente, estas emo\u00e7\u00f5es se tornam <strong>bloqueios energ\u00e9ticos<\/strong> que limitam nosso potencial de bem-estar e realiza\u00e7\u00e3o pessoal.<\/p>\n\n\n\n<h2 class=\"wp-block-heading\">Crit\u00e9rios Para Escolher Profissionais Qualificados<\/h2>\n\n\n\n<h3 class=\"wp-block-heading\"><strong>Forma\u00e7\u00e3o Profissional Essencial<\/strong><\/h3>\n\n\n\n<p class=\"wp-block-paragraph\">Profissionais verdadeiramente qualificados devem possuir forma\u00e7\u00e3o espec\u00edfica em <strong>massoterapia ou terapia hol\u00edstica<\/strong>, dom\u00ednio completo da anatomia e fisiologia corporal humana, al\u00e9m de especializa\u00e7\u00e3o certificada em <strong>terapia t\u00e2ntrica som\u00e1tica<\/strong>. \u00c9 fundamental que continuem em desenvolvimento pessoal e profissional constante.<\/p>\n\n\n\n<p class=\"wp-block-paragraph\"><strong>Aten\u00e7\u00e3o:<\/strong> Muitas pessoas oferecem <strong>massagem t\u00e2ntrica<\/strong> sem forma\u00e7\u00e3o adequada. Sempre verifique as credenciais e forma\u00e7\u00e3o do profissional antes de agendar sua sess\u00e3o.<\/p>\n\n\n\n<h3 class=\"wp-block-heading\"><strong>Ambiente Terap\u00eautico Seguro<\/strong><\/h3>\n\n\n\n<figure class=\"wp-block-image is-resized\"><img decoding=\"async\" src=\"http:\/\/bh.tantri.com.br\/wp-content\/uploads\/2025\/09\/massagem-tantrica-ambiente-acolhedor.jpg.png\" alt=\"Espa\u00e7o terap\u00eautico profissional para massagem t\u00e2ntrica com ambiente acolhedor e privativo\" class=\"wp-image-4239\" style=\"aspect-ratio:1.4483503909478102;width:356px;height:auto\"\/><\/figure>\n\n\n\n<p class=\"wp-block-paragraph\"><em>Espa\u00e7o terap\u00eautico profissional para massagem t\u00e2ntrica com ambiente acolhedor e privativo<\/em>.<\/p>\n\n\n\n<p class=\"wp-block-paragraph\">As <strong>sess\u00f5es individuais<\/strong> devem ser totalmente privadas, sem contato visual com outros clientes. O ambiente deve proporcionar <strong>seguran\u00e7a, conforto e discri\u00e7\u00e3o absoluta<\/strong>, incluindo ilumina\u00e7\u00e3o adequada, m\u00fasica relaxante e temperatura confort\u00e1vel para sua completa entrega ao processo.<\/p>\n\n\n\n<h2 class=\"wp-block-heading\">Sua Primeira Experi\u00eancia: Prepara\u00e7\u00e3o e Processo<\/h2>\n\n\n\n<h3 class=\"wp-block-heading\"><strong>Consentimento e Prepara\u00e7\u00e3o Consciente<\/strong><\/h3>\n\n\n\n<p class=\"wp-block-paragraph\">Antes de qualquer sess\u00e3o s\u00e3o estabelecidos acordos claros baseados em sua inten\u00e7\u00e3o pessoal, <strong>sempre respeitando seus limites individuais<\/strong>. O processo fundamenta-se no consentimento informado e inclui prepara\u00e7\u00e3o atrav\u00e9s de t\u00e9cnicas de respira\u00e7\u00e3o profunda para permitir <strong>relaxamento total<\/strong> e abertura energ\u00e9tica.<\/p>\n\n\n\n<p class=\"wp-block-paragraph\"><strong>Lembre-se:<\/strong> Voc\u00ea tem controle total sobre o que acontece durante sua sess\u00e3o. Seu &#8220;n\u00e3o&#8221; sempre ser\u00e1 respeitado incondicionalmente.<\/p>\n\n\n\n<h3 class=\"wp-block-heading\"><strong>Estrutura Terap\u00eautica Completa<\/strong><\/h3>\n\n\n\n<p class=\"wp-block-paragraph\">O processo completo dura aproximadamente <strong>1h30min a 2h<\/strong>, estruturado cuidadosamente em quatro etapas essenciais:<\/p>\n\n\n\n<ol class=\"wp-block-list\">\n<li><strong>Conversa inicial<\/strong> para identificar quest\u00f5es individuais e estabelecer inten\u00e7\u00f5es<\/li>\n\n\n\n<li><strong>Medita\u00e7\u00e3o guiada<\/strong> para preparo energ\u00e9tico e mental<\/li>\n\n\n\n<li><strong>Massagem sensitiva<\/strong> com pontas dos dedos para ativar bioeletricidade corporal<\/li>\n\n\n\n<li><strong>Trabalho espec\u00edfico<\/strong> (quando apropriado e consentido)<\/li>\n<\/ol>\n\n\n\n<h2 class=\"wp-block-heading\">Resultados Terap\u00eauticos Transformadores<\/h2>\n\n\n\n<h3 class=\"wp-block-heading\"><strong>Melhoria Significativa da Sa\u00fade Sexual<\/strong><\/h3>\n\n\n\n<p class=\"wp-block-paragraph\">A <strong>massagem t\u00e2ntrica<\/strong> demonstra efic\u00e1cia no aux\u00edlio de quest\u00f5es como ejacula\u00e7\u00e3o precoce e disfun\u00e7\u00e3o er\u00e9til em homens, anorgasmia e vaginismo em mulheres. <strong>Potencializa a fisiologia genital<\/strong>, modificando estrutura sensorial e energ\u00e9tica, permitindo expans\u00e3o significativa das fun\u00e7\u00f5es de prazer.<\/p>\n\n\n\n<h3 class=\"wp-block-heading\"><strong>Impactos no Bem-Estar Integral<\/strong><\/h3>\n\n\n\n<p class=\"wp-block-paragraph\">Praticantes regulares experimentam <strong>nova qualidade org\u00e1stica<\/strong> que transcende a vida sexual. A reconex\u00e3o profunda com corpo e emo\u00e7\u00f5es promove <strong>autoconhecimento genu\u00edno<\/strong>, aceita\u00e7\u00e3o pessoal e equil\u00edbrio energ\u00e9tico que influencia positivamente todos os aspectos da vida.<\/p>\n\n\n\n<h2 class=\"wp-block-heading\">Evid\u00eancias Cient\u00edficas e Pesquisas<\/h2>\n\n\n\n<p class=\"wp-block-paragraph\">Estudos sobre protocolos de foco sensorial demonstram <strong>resultados positivos em satisfa\u00e7\u00e3o conjugal<\/strong> (PubMed). Meta-an\u00e1lises comprovam benef\u00edcios significativos em <strong>ansiedade, dor e qualidade do sono<\/strong> (National Institutes of Health \u2013 PMC).<\/p>\n\n\n\n<p class=\"wp-block-paragraph\">Relatos consistentes de praticantes indicam melhorias substanciais em ansiedade, qualidade do sono e <strong>expans\u00e3o da consci\u00eancia pessoal<\/strong>. Uma praticante relatou: <em>&#8220;A terapia t\u00e2ntrica \u00e9 um verdadeiro expansor da consci\u00eancia, que trouxe luz para quest\u00f5es internas inconscientes.&#8221;<\/em><\/p>\n\n\n\n<h2 class=\"wp-block-heading\">Seguran\u00e7a e Protocolos Rigorosos<\/h2>\n\n\n\n<h3 class=\"wp-block-heading\"><strong>Bio-Seguran\u00e7a Profissional<\/strong><\/h3>\n\n\n\n<p class=\"wp-block-paragraph\">A bio-seguran\u00e7a \u00e9 elemento fundamental, com terapeutas utilizando <strong>luvas descart\u00e1veis obrigatoriamente<\/strong> em todos os atendimentos que envolvam est\u00edmulos genitais. \u00c9 crucial compreender que a <strong>massagem t\u00e2ntrica n\u00e3o substitui tratamento m\u00e9dico ou psicol\u00f3gico<\/strong>, funcionando como recurso complementar especializado para bem-estar integral.<\/p>\n\n\n\n<h3 class=\"wp-block-heading\"><strong>Escolha Respons\u00e1vel e Informada<\/strong><\/h3>\n\n\n\n<p class=\"wp-block-paragraph\">A sele\u00e7\u00e3o de centro terap\u00eautico deve considerar rigorosamente: forma\u00e7\u00e3o dos profissionais, ambiente adequado, protocolos de seguran\u00e7a e sistema de agendamento seguro e discreto. <strong>Sempre priorize estabelecimentos com reputa\u00e7\u00e3o comprovada em Belo Horizonte<\/strong>.<\/p>\n\n\n\n<h2 class=\"wp-block-heading\"><strong>Perguntas Frequentes<\/strong> sobre Massagem T\u00e2ntrica Individual<\/h2>\n\n\n\n<h3 class=\"wp-block-heading\"><strong>A massagem t\u00e2ntrica \u00e9 segura?<\/strong><\/h3>\n\n\n\n<p class=\"wp-block-paragraph\">Sim, quando realizada por <strong>profissionais qualificados<\/strong> seguindo protocolos de bio-seguran\u00e7a rigorosos. Sempre utilizamos luvas descart\u00e1veis e mantemos ambiente totalmente higi\u00eanico e seguro.<\/p>\n\n\n\n<h3 class=\"wp-block-heading\"><strong>Posso esperar resultados na primeira sess\u00e3o?<\/strong><\/h3>\n\n\n\n<p class=\"wp-block-paragraph\">Muitas pessoas relatam <strong>sensa\u00e7\u00f5es positivas imediatas<\/strong>, mas transforma\u00e7\u00f5es profundas geralmente ocorrem com <strong>sess\u00f5es regulares<\/strong> ao longo de algumas semanas ou meses.<\/p>\n\n\n\n<h3 class=\"wp-block-heading\"><strong>Qual a diferen\u00e7a entre massagem t\u00e2ntrica individual e para casais?<\/strong><\/h3>\n\n\n\n<p class=\"wp-block-paragraph\"><strong>Sess\u00f5es individuais<\/strong> permitem foco total em suas necessidades pessoais, autoconhecimento profundo e trabalho espec\u00edfico de quest\u00f5es \u00edntimas sem press\u00f5es externas. \u00c9 ideal para quem busca <strong>desenvolvimento pessoal<\/strong> antes de compartilhar a experi\u00eancia.<\/p>\n\n\n\n<h3 class=\"wp-block-heading\"><strong>Existe alguma contraindica\u00e7\u00e3o para a pr\u00e1tica?<\/strong><\/h3>\n\n\n\n<p class=\"wp-block-paragraph\">Pessoas com quest\u00f5es psicol\u00f3gicas graves ou traumas sexuais intensos devem <strong>consultar profissionais de sa\u00fade mental<\/strong> antes de iniciar. A massagem t\u00e2ntrica complementa, mas n\u00e3o substitui tratamento psicol\u00f3gico.<\/p>\n\n\n\n<h3 class=\"wp-block-heading\"><strong>Como posso agendar uma sess\u00e3o em Belo Horizonte?<\/strong><\/h3>\n\n\n\n<p class=\"wp-block-paragraph\">Entre em contato atrav\u00e9s de nossos canais oficiais. Oferecemos <strong>sistema de agendamento discreto<\/strong> e seguro, com lembretes privados e total confidencialidade.<\/p>\n\n\n\n<h3 class=\"wp-block-heading\"><strong>Preciso de alguma prepara\u00e7\u00e3o especial antes da sess\u00e3o?<\/strong><\/h3>\n\n\n\n<p class=\"wp-block-paragraph\">Recomendamos banho relaxante, roupas confort\u00e1veis e mente aberta. O terapeuta fornecer\u00e1 todas as orienta\u00e7\u00f5es espec\u00edficas durante o primeiro contato.<\/p>\n\n\n\n<h2 class=\"wp-block-heading\">Transforma\u00e7\u00e3o Pessoal Aguarda Voc\u00ea<\/h2>\n\n\n\n<figure class=\"wp-block-image\"><img decoding=\"async\" src=\"http:\/\/bh.tantri.com.br\/wp-content\/uploads\/2025\/09\/beneficios-tantra-saude-masculina.jpg.png\" alt=\"Pessoa em bem estar e equil\u00edbrio ap\u00f3s massagem t\u00e2ntrica\" class=\"wp-image-4240\"\/><\/figure>\n\n\n\n<p class=\"wp-block-paragraph\"><em>Representa\u00e7\u00e3o de pessoa em estado de bem-estar e equil\u00edbrio ap\u00f3s sess\u00e3o de massagem t\u00e2ntrica<\/em>.<\/p>\n\n\n\n<p class=\"wp-block-paragraph\">A <strong>massagem t\u00e2ntrica em sess\u00f5es individuais<\/strong> representa uma oportunidade \u00fanica de <strong>autoconhecimento e desenvolvimento pessoal<\/strong> profundo. Os benef\u00edcios transcendem completamente a vida sexual, trabalhando o gerenciamento de emo\u00e7\u00f5es corporais como traumas, bloqueios e cren\u00e7as limitantes.<\/p>\n\n\n\n<p class=\"wp-block-paragraph\">Para iniciar esta <strong>jornada transformadora em Belo Horizonte<\/strong>, \u00e9 essencial buscar profissionais qualificados que priorizem seguran\u00e7a, consentimento e abordagem terap\u00eautica \u00e9tica. A pr\u00e1tica pode ser um <strong>catalisador poderoso<\/strong> para transforma\u00e7\u00f5es pessoais verdadeiramente significativas.<\/p>\n\n\n\n<h3 class=\"wp-block-heading\"><strong>Pronto Para Transformar Sua Vida?<\/strong><\/h3>\n\n\n\n<p class=\"wp-block-paragraph\"><strong>N\u00e3o deixe para amanh\u00e3 a reconex\u00e3o que seu corpo e mente est\u00e3o pedindo hoje.<\/strong> Se voc\u00ea chegou at\u00e9 aqui, \u00e9 porque algo dentro de voc\u00ea reconhece que merece uma vida mais plena e consciente.<\/p>\n\n\n\n<p class=\"wp-block-paragraph\"> Inicie sua jornada de <strong>autoconhecimento<\/strong> com profissionais qualificados e ambiente totalmente seguro.<\/p>\n\n\n\n<p class=\"wp-block-paragraph\"><strong>Conte\u00fados Relacionados que Podem Interessar:<\/strong><\/p>\n\n\n\n<ul class=\"wp-block-list\">\n<li><em>Como o estresse cr\u00f4nico afeta sua sa\u00fade sexual e bem-estar<\/em><\/li>\n\n\n\n<li><em>T\u00e9cnicas de respira\u00e7\u00e3o consciente para ansiedade<\/em><\/li>\n\n\n\n<li><em>Autoconhecimento atrav\u00e9s de pr\u00e1ticas integrativas<\/em><\/li>\n<\/ul>\n\n\n\n<hr class=\"wp-block-separator has-alpha-channel-opacity\"\/>\n\n\n\n<p class=\"wp-block-paragraph\"><strong>Importante:<\/strong> <em>Este artigo tem car\u00e1ter informativo e educativo. A <strong>massagem t\u00e2ntrica<\/strong> deve ser praticada exclusivamente por profissionais qualificados e n\u00e3o substitui tratamentos m\u00e9dicos ou psicol\u00f3gicos convencionais. Sempre consulte profissionais de sa\u00fade para quest\u00f5es espec\u00edficas.<\/em><\/p>\n\n\n\n<p class=\"wp-block-paragraph\"><strong>Fonte:<\/strong><a href=\" https:\/\/bh.tantri.com.br\/voce-sente-que-perdeu-a-conexao-com-seu-proprio-corpo-descubra-a-jornada-de-reconexao-pessoal\/\"> https:\/\/bh.tantri.com.br\/voce-sente-que-perdeu-a-conexao-com-seu-proprio-corpo-descubra-a-jornada-de-reconexao-pessoal\/<\/a><\/p>\n\n\n\n<p class=\"wp-block-paragraph\"><\/p>","protected":false},"excerpt":{"rendered":"<p>Est\u00e1 Sentindo que Algo Essencial se Perdeu na Correria do Dia a Dia? Voc\u00ea j\u00e1 se perguntou por que, mesmo em meio a tanto progresso, a ansiedade e o estresse parecem tomar conta da sua vida? Com 9,3% da popula\u00e7\u00e3o brasileira convivendo com ansiedade segundo a OMS, muitas pessoas buscam alternativas que v\u00e3o al\u00e9m dos [&hellip;]<\/p>\n","protected":false},"author":1,"featured_media":0,"comment_status":"closed","ping_status":"closed","sticky":false,"template":"","format":"standard","meta":{"googlesitekit_rrm_CAow2JLhCw:productID":"","_gspb_post_css":"","maa_idioma":"","maa_pais":"","footnotes":""},"categories":[1],"tags":[],"class_list":["post-67675","post","type-post","status-publish","format-standard","hentry","category-ubirata"],"blocksy_meta":[],"yoast_head":"<!-- This site is optimized with the Yoast SEO Premium plugin v27.6 (Yoast SEO v27.6) - https:\/\/yoast.com\/product\/yoast-seo-premium-wordpress\/ -->\n<title>Massagem T\u00e2ntrica em Belo Horizonte: Autoconhecimento e Transforma\u00e7\u00e3o - Ubirat\u00e3 Online Not\u00edcias - A realidade ao seu alcance!<\/title>\n<meta name=\"description\" content=\"Est\u00e1 Sentindo que Algo Essencial se Perdeu na Correria do Dia a Dia? Voc\u00ea j\u00e1 se perguntou por que, mesmo em meio a tanto progresso, a ansiedade e o\" \/>\n<meta name=\"robots\" content=\"index, follow, max-snippet:-1, max-image-preview:large, max-video-preview:-1\" \/>\n<link rel=\"canonical\" href=\"https:\/\/ubirataonline.com.br\/en\/massagem-tantrica-em-belo-horizonte-autoconhecimento-e-transformacao\/\" \/>\n<meta property=\"og:locale\" content=\"en_US\" \/>\n<meta property=\"og:type\" content=\"article\" \/>\n<meta property=\"og:title\" content=\"Massagem T\u00e2ntrica em Belo Horizonte: Autoconhecimento e Transforma\u00e7\u00e3o\" \/>\n<meta property=\"og:description\" content=\"Est\u00e1 Sentindo que Algo Essencial se Perdeu na Correria do Dia a Dia? Voc\u00ea j\u00e1 se perguntou por que, mesmo em meio a tanto progresso, a ansiedade e o\" \/>\n<meta property=\"og:url\" content=\"https:\/\/ubirataonline.com.br\/en\/massagem-tantrica-em-belo-horizonte-autoconhecimento-e-transformacao\/\" \/>\n<meta property=\"og:site_name\" content=\"Ubirat\u00e3 Online Not\u00edcias - A realidade ao seu alcance!\" \/>\n<meta property=\"article:publisher\" content=\"https:\/\/www.facebook.com\/portalubirataonline\" \/>\n<meta property=\"article:author\" content=\"https:\/\/www.facebook.com\/portalubirataonline\" \/>\n<meta property=\"article:published_time\" content=\"2025-09-08T23:32:57+00:00\" \/>\n<meta property=\"article:modified_time\" content=\"2025-09-08T23:38:11+00:00\" \/>\n<meta property=\"og:image\" content=\"https:\/\/ubirataonline.com.br\/wp-content\/uploads\/2025\/09\/massagem-tantrica-bh-bem-estar-.png\" \/>\n<meta name=\"author\" content=\"REDA\u00c7\u00c3O: UBIRAT\u00c3 ONLINE - F\u00c1BIO AUGUSTO CELESTINO\" \/>\n<meta name=\"twitter:card\" content=\"summary_large_image\" \/>\n<meta name=\"twitter:creator\" content=\"@x.com\/ubirataonline\" \/>\n<meta name=\"twitter:site\" content=\"@ubirataonline\" \/>\n<meta name=\"twitter:label1\" content=\"Written by\" \/>\n\t<meta name=\"twitter:data1\" content=\"REDA\u00c7\u00c3O: UBIRAT\u00c3 ONLINE - F\u00c1BIO AUGUSTO CELESTINO\" \/>\n\t<meta name=\"twitter:label2\" content=\"Est. reading time\" \/>\n\t<meta name=\"twitter:data2\" content=\"8 minutes\" \/>\n<script type=\"application\/ld+json\" class=\"yoast-schema-graph\">{\"@context\":\"https:\\\/\\\/schema.org\",\"@graph\":[{\"@type\":\"NewsArticle\",\"@id\":\"https:\\\/\\\/ubirataonline.com.br\\\/massagem-tantrica-em-belo-horizonte-autoconhecimento-e-transformacao\\\/#article\",\"isPartOf\":{\"@id\":\"https:\\\/\\\/ubirataonline.com.br\\\/massagem-tantrica-em-belo-horizonte-autoconhecimento-e-transformacao\\\/\"},\"author\":{\"name\":\"REDA\u00c7\u00c3O: UBIRAT\u00c3 ONLINE - F\u00c1BIO AUGUSTO CELESTINO\",\"@id\":\"https:\\\/\\\/ubirataonline.com.br\\\/#\\\/schema\\\/person\\\/372f87bbd3fdd79b8556b84c98d0bc1c\"},\"headline\":\"Massagem T\u00e2ntrica em Belo Horizonte: Autoconhecimento e Transforma\u00e7\u00e3o\",\"datePublished\":\"2025-09-08T23:32:57+00:00\",\"dateModified\":\"2025-09-08T23:38:11+00:00\",\"mainEntityOfPage\":{\"@id\":\"https:\\\/\\\/ubirataonline.com.br\\\/massagem-tantrica-em-belo-horizonte-autoconhecimento-e-transformacao\\\/\"},\"wordCount\":1523,\"publisher\":{\"@id\":\"https:\\\/\\\/ubirataonline.com.br\\\/#organization\"},\"image\":{\"@id\":\"https:\\\/\\\/ubirataonline.com.br\\\/massagem-tantrica-em-belo-horizonte-autoconhecimento-e-transformacao\\\/#primaryimage\"},\"thumbnailUrl\":\"https:\\\/\\\/ubirataonline.com.br\\\/wp-content\\\/uploads\\\/2025\\\/09\\\/massagem-tantrica-bh-bem-estar-.png\",\"articleSection\":[\"Ubirat\u00e3\"],\"inLanguage\":\"en-US\",\"copyrightYear\":\"2025\",\"copyrightHolder\":{\"@id\":\"https:\\\/\\\/ubirataonline.com.br\\\/en\\\/#organization\"}},{\"@type\":\"WebPage\",\"@id\":\"https:\\\/\\\/ubirataonline.com.br\\\/massagem-tantrica-em-belo-horizonte-autoconhecimento-e-transformacao\\\/\",\"url\":\"https:\\\/\\\/ubirataonline.com.br\\\/massagem-tantrica-em-belo-horizonte-autoconhecimento-e-transformacao\\\/\",\"name\":\"Massagem T\u00e2ntrica em Belo Horizonte: Autoconhecimento e Transforma\u00e7\u00e3o - Ubirat\u00e3 Online Not\u00edcias - A realidade ao seu alcance!\",\"isPartOf\":{\"@id\":\"https:\\\/\\\/ubirataonline.com.br\\\/#website\"},\"primaryImageOfPage\":{\"@id\":\"https:\\\/\\\/ubirataonline.com.br\\\/massagem-tantrica-em-belo-horizonte-autoconhecimento-e-transformacao\\\/#primaryimage\"},\"image\":{\"@id\":\"https:\\\/\\\/ubirataonline.com.br\\\/massagem-tantrica-em-belo-horizonte-autoconhecimento-e-transformacao\\\/#primaryimage\"},\"thumbnailUrl\":\"https:\\\/\\\/ubirataonline.com.br\\\/wp-content\\\/uploads\\\/2025\\\/09\\\/massagem-tantrica-bh-bem-estar-.png\",\"datePublished\":\"2025-09-08T23:32:57+00:00\",\"dateModified\":\"2025-09-08T23:38:11+00:00\",\"description\":\"Est\u00e1 Sentindo que Algo Essencial se Perdeu na Correria do Dia a Dia? Voc\u00ea j\u00e1 se perguntou por que, mesmo em meio a tanto progresso, a ansiedade e o\",\"breadcrumb\":{\"@id\":\"https:\\\/\\\/ubirataonline.com.br\\\/massagem-tantrica-em-belo-horizonte-autoconhecimento-e-transformacao\\\/#breadcrumb\"},\"inLanguage\":\"en-US\",\"potentialAction\":[{\"@type\":\"ReadAction\",\"target\":[\"https:\\\/\\\/ubirataonline.com.br\\\/massagem-tantrica-em-belo-horizonte-autoconhecimento-e-transformacao\\\/\"]}]},{\"@type\":\"ImageObject\",\"inLanguage\":\"en-US\",\"@id\":\"https:\\\/\\\/ubirataonline.com.br\\\/massagem-tantrica-em-belo-horizonte-autoconhecimento-e-transformacao\\\/#primaryimage\",\"url\":\"https:\\\/\\\/ubirataonline.com.br\\\/wp-content\\\/uploads\\\/2025\\\/09\\\/massagem-tantrica-bh-bem-estar-.png\",\"contentUrl\":\"https:\\\/\\\/ubirataonline.com.br\\\/wp-content\\\/uploads\\\/2025\\\/09\\\/massagem-tantrica-bh-bem-estar-.png\"},{\"@type\":\"BreadcrumbList\",\"@id\":\"https:\\\/\\\/ubirataonline.com.br\\\/massagem-tantrica-em-belo-horizonte-autoconhecimento-e-transformacao\\\/#breadcrumb\",\"itemListElement\":[{\"@type\":\"ListItem\",\"position\":1,\"name\":\"In\u00edcio\",\"item\":\"https:\\\/\\\/ubirataonline.com.br\\\/\"},{\"@type\":\"ListItem\",\"position\":2,\"name\":\"Massagem T\u00e2ntrica em Belo Horizonte: Autoconhecimento e Transforma\u00e7\u00e3o\"}]},{\"@type\":\"WebSite\",\"@id\":\"https:\\\/\\\/ubirataonline.com.br\\\/#website\",\"url\":\"https:\\\/\\\/ubirataonline.com.br\\\/\",\"name\":\"Ubirat\u00e3 Online Not\u00edcias\",\"description\":\"Not\u00edcias de Ubirat\u00e3, regi\u00e3o, Brasil e mundo, com informa\u00e7\u00e3o atualizada e compromisso com o leitor.\",\"publisher\":{\"@id\":\"https:\\\/\\\/ubirataonline.com.br\\\/#organization\"},\"alternateName\":\"Ubirat\u00e3 Online\",\"potentialAction\":[{\"@type\":\"SearchAction\",\"target\":{\"@type\":\"EntryPoint\",\"urlTemplate\":\"https:\\\/\\\/ubirataonline.com.br\\\/?s={search_term_string}\"},\"query-input\":{\"@type\":\"PropertyValueSpecification\",\"valueRequired\":true,\"valueName\":\"search_term_string\"}}],\"inLanguage\":\"en-US\"},{\"@type\":[\"Organization\",\"Place\"],\"@id\":\"https:\\\/\\\/ubirataonline.com.br\\\/#organization\",\"name\":\"Ubirat\u00e3 Online Not\u00edcias\",\"alternateName\":\"Ubirat\u00e3 Online\",\"url\":\"https:\\\/\\\/ubirataonline.com.br\\\/\",\"logo\":{\"@id\":\"https:\\\/\\\/ubirataonline.com.br\\\/massagem-tantrica-em-belo-horizonte-autoconhecimento-e-transformacao\\\/#local-main-organization-logo\"},\"image\":{\"@id\":\"https:\\\/\\\/ubirataonline.com.br\\\/massagem-tantrica-em-belo-horizonte-autoconhecimento-e-transformacao\\\/#local-main-organization-logo\"},\"sameAs\":[\"https:\\\/\\\/www.facebook.com\\\/portalubirataonline\",\"https:\\\/\\\/x.com\\\/ubirataonline\",\"https:\\\/\\\/mastodon.social\\\/@ubirataonline\",\"https:\\\/\\\/www.facebook.com\\\/groups\\\/311144672285604\",\"https:\\\/\\\/www.facebook.com\\\/UBTAOnline\",\"https:\\\/\\\/www.instagram.com\\\/portalubirataonline\\\/\",\"https:\\\/\\\/twitter.com\\\/ubirataonline\"],\"description\":\"Somos um portal de not\u00edcias independente, criado em 5 de janeiro de 2009, com o objetivo de informar, conectar e valorizar a nossa comunidade de Ubirat\u00e3 e toda aregi\u00e3o. Com conte\u00fado atualizado, confi\u00e1vel e relevante, o Ubirat\u00e3 Online \u00e9 o seu espa\u00e7o para ficar por dentro dos principais acontecimentos locais, regionais, Brasil, Mundo e de interesse geral. Nosso compromisso \u00e9 com a verdade, a transpar\u00eancia e o respeito ao leitor.\",\"legalName\":\"UBIRATA ONLINE NOT\u00cdCIAS\",\"foundingDate\":\"2009-01-05\",\"numberOfEmployees\":{\"@type\":\"QuantitativeValue\",\"minValue\":\"1\",\"maxValue\":\"10\"},\"publishingPrinciples\":\"https:\\\/\\\/ubirataonline.com.br\\\/faq\\\/\",\"address\":{\"@id\":\"https:\\\/\\\/ubirataonline.com.br\\\/massagem-tantrica-em-belo-horizonte-autoconhecimento-e-transformacao\\\/#local-main-place-address\"},\"geo\":{\"@type\":\"GeoCoordinates\",\"latitude\":\"-24.5361401\",\"longitude\":\"-52.9921776\"},\"telephone\":[\"+5544998308235\"],\"contactPoint\":{\"@type\":\"ContactPoint\",\"email\":\"contato@ubirataonline.com.br\"},\"openingHoursSpecification\":{\"@type\":\"OpeningHoursSpecification\",\"dayOfWeek\":[\"Monday\",\"Tuesday\",\"Wednesday\",\"Thursday\",\"Friday\",\"Saturday\",\"Sunday\"],\"opens\":\"00:00\",\"closes\":\"23:59\"},\"email\":\"contato@ubirataonline.com.br\",\"vatID\":\"47.621.418\\\/0001-80\"},{\"@type\":\"Person\",\"@id\":\"https:\\\/\\\/ubirataonline.com.br\\\/#\\\/schema\\\/person\\\/372f87bbd3fdd79b8556b84c98d0bc1c\",\"name\":\"REDA\u00c7\u00c3O: UBIRAT\u00c3 ONLINE - F\u00c1BIO AUGUSTO CELESTINO\",\"pronouns\":\"Ele\",\"description\":\"Desde 2003 trabalhando com not\u00edcias.\",\"sameAs\":[\"http:\\\/\\\/ubirataoline.com.br\",\"https:\\\/\\\/www.facebook.com\\\/portalubirataonline\",\"https:\\\/\\\/www.instagram.com\\\/ubirataonline_oficial\",\"https:\\\/\\\/x.com\\\/x.com\\\/ubirataonline\"],\"honorificPrefix\":\"Mr.\",\"honorificSuffix\":\"MD\",\"birthDate\":\"1980-06-16\",\"gender\":\"masculino\",\"award\":[\"V\u00e1rios pr\u00eamios de melhor portal da cidade\"],\"jobTitle\":\"Diretor\",\"url\":\"https:\\\/\\\/ubirataonline.com.br\\\/en\\\/author\\\/ubirataonline\\\/\"},{\"@type\":\"PostalAddress\",\"@id\":\"https:\\\/\\\/ubirataonline.com.br\\\/massagem-tantrica-em-belo-horizonte-autoconhecimento-e-transformacao\\\/#local-main-place-address\",\"streetAddress\":\"Rua dos Coqueiros, 104 - Bairro Boa Vista, Rua dos Coqueiros, 104 Bairro Boa Vista\",\"addressLocality\":\"UBIRATA\",\"postalCode\":\"85440-000\",\"addressRegion\":\"PR\",\"addressCountry\":\"BR\"},{\"@type\":\"ImageObject\",\"inLanguage\":\"en-US\",\"@id\":\"https:\\\/\\\/ubirataonline.com.br\\\/massagem-tantrica-em-belo-horizonte-autoconhecimento-e-transformacao\\\/#local-main-organization-logo\",\"url\":\"https:\\\/\\\/ubirataonline.com.br\\\/wp-content\\\/uploads\\\/2026\\\/06\\\/logoubirataonline-1.webp\",\"contentUrl\":\"https:\\\/\\\/ubirataonline.com.br\\\/wp-content\\\/uploads\\\/2026\\\/06\\\/logoubirataonline-1.webp\",\"width\":500,\"height\":500,\"caption\":\"Ubirat\u00e3 Online Not\u00edcias\"}]}<\/script>\n<meta name=\"geo.placename\" content=\"UBIRATA\" \/>\n<meta name=\"geo.position\" content=\"-24.5361401;-52.9921776\" \/>\n<meta name=\"geo.region\" content=\"Brazil\" \/>\n<!-- \/ Yoast SEO Premium plugin. -->","yoast_head_json":{"title":"Massagem T\u00e2ntrica em Belo Horizonte: Autoconhecimento e Transforma\u00e7\u00e3o - Ubirat\u00e3 Online Not\u00edcias - A realidade ao seu alcance!","description":"Est\u00e1 Sentindo que Algo Essencial se Perdeu na Correria do Dia a Dia? Voc\u00ea j\u00e1 se perguntou por que, mesmo em meio a tanto progresso, a ansiedade e o","robots":{"index":"index","follow":"follow","max-snippet":"max-snippet:-1","max-image-preview":"max-image-preview:large","max-video-preview":"max-video-preview:-1"},"canonical":"https:\/\/ubirataonline.com.br\/en\/massagem-tantrica-em-belo-horizonte-autoconhecimento-e-transformacao\/","og_locale":"en_US","og_type":"article","og_title":"Massagem T\u00e2ntrica em Belo Horizonte: Autoconhecimento e Transforma\u00e7\u00e3o","og_description":"Est\u00e1 Sentindo que Algo Essencial se Perdeu na Correria do Dia a Dia? Voc\u00ea j\u00e1 se perguntou por que, mesmo em meio a tanto progresso, a ansiedade e o","og_url":"https:\/\/ubirataonline.com.br\/en\/massagem-tantrica-em-belo-horizonte-autoconhecimento-e-transformacao\/","og_site_name":"Ubirat\u00e3 Online Not\u00edcias - A realidade ao seu alcance!","article_publisher":"https:\/\/www.facebook.com\/portalubirataonline","article_author":"https:\/\/www.facebook.com\/portalubirataonline","article_published_time":"2025-09-08T23:32:57+00:00","article_modified_time":"2025-09-08T23:38:11+00:00","og_image":[{"url":"https:\/\/ubirataonline.com.br\/wp-content\/uploads\/2025\/09\/massagem-tantrica-bh-bem-estar-.png","type":"","width":"","height":""}],"author":"REDA\u00c7\u00c3O: UBIRAT\u00c3 ONLINE - F\u00c1BIO AUGUSTO CELESTINO","twitter_card":"summary_large_image","twitter_creator":"@x.com\/ubirataonline","twitter_site":"@ubirataonline","twitter_misc":{"Written by":"REDA\u00c7\u00c3O: UBIRAT\u00c3 ONLINE - F\u00c1BIO AUGUSTO CELESTINO","Est. reading time":"8 minutes"},"schema":{"@context":"https:\/\/schema.org","@graph":[{"@type":"NewsArticle","@id":"https:\/\/ubirataonline.com.br\/massagem-tantrica-em-belo-horizonte-autoconhecimento-e-transformacao\/#article","isPartOf":{"@id":"https:\/\/ubirataonline.com.br\/massagem-tantrica-em-belo-horizonte-autoconhecimento-e-transformacao\/"},"author":{"name":"REDA\u00c7\u00c3O: UBIRAT\u00c3 ONLINE - F\u00c1BIO AUGUSTO CELESTINO","@id":"https:\/\/ubirataonline.com.br\/#\/schema\/person\/372f87bbd3fdd79b8556b84c98d0bc1c"},"headline":"Massagem T\u00e2ntrica em Belo Horizonte: Autoconhecimento e Transforma\u00e7\u00e3o","datePublished":"2025-09-08T23:32:57+00:00","dateModified":"2025-09-08T23:38:11+00:00","mainEntityOfPage":{"@id":"https:\/\/ubirataonline.com.br\/massagem-tantrica-em-belo-horizonte-autoconhecimento-e-transformacao\/"},"wordCount":1523,"publisher":{"@id":"https:\/\/ubirataonline.com.br\/#organization"},"image":{"@id":"https:\/\/ubirataonline.com.br\/massagem-tantrica-em-belo-horizonte-autoconhecimento-e-transformacao\/#primaryimage"},"thumbnailUrl":"https:\/\/ubirataonline.com.br\/wp-content\/uploads\/2025\/09\/massagem-tantrica-bh-bem-estar-.png","articleSection":["Ubirat\u00e3"],"inLanguage":"en-US","copyrightYear":"2025","copyrightHolder":{"@id":"https:\/\/ubirataonline.com.br\/en\/#organization"}},{"@type":"WebPage","@id":"https:\/\/ubirataonline.com.br\/massagem-tantrica-em-belo-horizonte-autoconhecimento-e-transformacao\/","url":"https:\/\/ubirataonline.com.br\/massagem-tantrica-em-belo-horizonte-autoconhecimento-e-transformacao\/","name":"Massagem T\u00e2ntrica em Belo Horizonte: Autoconhecimento e Transforma\u00e7\u00e3o - Ubirat\u00e3 Online Not\u00edcias - A realidade ao seu alcance!","isPartOf":{"@id":"https:\/\/ubirataonline.com.br\/#website"},"primaryImageOfPage":{"@id":"https:\/\/ubirataonline.com.br\/massagem-tantrica-em-belo-horizonte-autoconhecimento-e-transformacao\/#primaryimage"},"image":{"@id":"https:\/\/ubirataonline.com.br\/massagem-tantrica-em-belo-horizonte-autoconhecimento-e-transformacao\/#primaryimage"},"thumbnailUrl":"https:\/\/ubirataonline.com.br\/wp-content\/uploads\/2025\/09\/massagem-tantrica-bh-bem-estar-.png","datePublished":"2025-09-08T23:32:57+00:00","dateModified":"2025-09-08T23:38:11+00:00","description":"Est\u00e1 Sentindo que Algo Essencial se Perdeu na Correria do Dia a Dia? Voc\u00ea j\u00e1 se perguntou por que, mesmo em meio a tanto progresso, a ansiedade e o","breadcrumb":{"@id":"https:\/\/ubirataonline.com.br\/massagem-tantrica-em-belo-horizonte-autoconhecimento-e-transformacao\/#breadcrumb"},"inLanguage":"en-US","potentialAction":[{"@type":"ReadAction","target":["https:\/\/ubirataonline.com.br\/massagem-tantrica-em-belo-horizonte-autoconhecimento-e-transformacao\/"]}]},{"@type":"ImageObject","inLanguage":"en-US","@id":"https:\/\/ubirataonline.com.br\/massagem-tantrica-em-belo-horizonte-autoconhecimento-e-transformacao\/#primaryimage","url":"https:\/\/ubirataonline.com.br\/wp-content\/uploads\/2025\/09\/massagem-tantrica-bh-bem-estar-.png","contentUrl":"https:\/\/ubirataonline.com.br\/wp-content\/uploads\/2025\/09\/massagem-tantrica-bh-bem-estar-.png"},{"@type":"BreadcrumbList","@id":"https:\/\/ubirataonline.com.br\/massagem-tantrica-em-belo-horizonte-autoconhecimento-e-transformacao\/#breadcrumb","itemListElement":[{"@type":"ListItem","position":1,"name":"In\u00edcio","item":"https:\/\/ubirataonline.com.br\/"},{"@type":"ListItem","position":2,"name":"Massagem T\u00e2ntrica em Belo Horizonte: Autoconhecimento e Transforma\u00e7\u00e3o"}]},{"@type":"WebSite","@id":"https:\/\/ubirataonline.com.br\/#website","url":"https:\/\/ubirataonline.com.br\/","name":"Ubirat\u00e3 Online Not\u00edcias","description":"Not\u00edcias de Ubirat\u00e3, regi\u00e3o, Brasil e mundo, com informa\u00e7\u00e3o atualizada e compromisso com o leitor.","publisher":{"@id":"https:\/\/ubirataonline.com.br\/#organization"},"alternateName":"Ubirat\u00e3 Online","potentialAction":[{"@type":"SearchAction","target":{"@type":"EntryPoint","urlTemplate":"https:\/\/ubirataonline.com.br\/?s={search_term_string}"},"query-input":{"@type":"PropertyValueSpecification","valueRequired":true,"valueName":"search_term_string"}}],"inLanguage":"en-US"},{"@type":["Organization","Place"],"@id":"https:\/\/ubirataonline.com.br\/#organization","name":"Ubirat\u00e3 Online Not\u00edcias","alternateName":"Ubirat\u00e3 Online","url":"https:\/\/ubirataonline.com.br\/","logo":{"@id":"https:\/\/ubirataonline.com.br\/massagem-tantrica-em-belo-horizonte-autoconhecimento-e-transformacao\/#local-main-organization-logo"},"image":{"@id":"https:\/\/ubirataonline.com.br\/massagem-tantrica-em-belo-horizonte-autoconhecimento-e-transformacao\/#local-main-organization-logo"},"sameAs":["https:\/\/www.facebook.com\/portalubirataonline","https:\/\/x.com\/ubirataonline","https:\/\/mastodon.social\/@ubirataonline","https:\/\/www.facebook.com\/groups\/311144672285604","https:\/\/www.facebook.com\/UBTAOnline","https:\/\/www.instagram.com\/portalubirataonline\/","https:\/\/twitter.com\/ubirataonline"],"description":"Somos um portal de not\u00edcias independente, criado em 5 de janeiro de 2009, com o objetivo de informar, conectar e valorizar a nossa comunidade de Ubirat\u00e3 e toda aregi\u00e3o. Com conte\u00fado atualizado, confi\u00e1vel e relevante, o Ubirat\u00e3 Online \u00e9 o seu espa\u00e7o para ficar por dentro dos principais acontecimentos locais, regionais, Brasil, Mundo e de interesse geral. Nosso compromisso \u00e9 com a verdade, a transpar\u00eancia e o respeito ao leitor.","legalName":"UBIRATA ONLINE NOT\u00cdCIAS","foundingDate":"2009-01-05","numberOfEmployees":{"@type":"QuantitativeValue","minValue":"1","maxValue":"10"},"publishingPrinciples":"https:\/\/ubirataonline.com.br\/faq\/","address":{"@id":"https:\/\/ubirataonline.com.br\/massagem-tantrica-em-belo-horizonte-autoconhecimento-e-transformacao\/#local-main-place-address"},"geo":{"@type":"GeoCoordinates","latitude":"-24.5361401","longitude":"-52.9921776"},"telephone":["+5544998308235"],"contactPoint":{"@type":"ContactPoint","email":"contato@ubirataonline.com.br"},"openingHoursSpecification":{"@type":"OpeningHoursSpecification","dayOfWeek":["Monday","Tuesday","Wednesday","Thursday","Friday","Saturday","Sunday"],"opens":"00:00","closes":"23:59"},"email":"contato@ubirataonline.com.br","vatID":"47.621.418\/0001-80"},{"@type":"Person","@id":"https:\/\/ubirataonline.com.br\/#\/schema\/person\/372f87bbd3fdd79b8556b84c98d0bc1c","name":"REDA\u00c7\u00c3O: UBIRAT\u00c3 ONLINE - F\u00c1BIO AUGUSTO CELESTINO","pronouns":"Ele","description":"Desde 2003 trabalhando com not\u00edcias.","sameAs":["http:\/\/ubirataoline.com.br","https:\/\/www.facebook.com\/portalubirataonline","https:\/\/www.instagram.com\/ubirataonline_oficial","https:\/\/x.com\/x.com\/ubirataonline"],"honorificPrefix":"Mr.","honorificSuffix":"MD","birthDate":"1980-06-16","gender":"masculino","award":["V\u00e1rios pr\u00eamios de melhor portal da cidade"],"jobTitle":"Diretor","url":"https:\/\/ubirataonline.com.br\/en\/author\/ubirataonline\/"},{"@type":"PostalAddress","@id":"https:\/\/ubirataonline.com.br\/massagem-tantrica-em-belo-horizonte-autoconhecimento-e-transformacao\/#local-main-place-address","streetAddress":"Rua dos Coqueiros, 104 - Bairro Boa Vista, Rua dos Coqueiros, 104 Bairro Boa Vista","addressLocality":"UBIRATA","postalCode":"85440-000","addressRegion":"PR","addressCountry":"BR"},{"@type":"ImageObject","inLanguage":"en-US","@id":"https:\/\/ubirataonline.com.br\/massagem-tantrica-em-belo-horizonte-autoconhecimento-e-transformacao\/#local-main-organization-logo","url":"https:\/\/ubirataonline.com.br\/wp-content\/uploads\/2026\/06\/logoubirataonline-1.webp","contentUrl":"https:\/\/ubirataonline.com.br\/wp-content\/uploads\/2026\/06\/logoubirataonline-1.webp","width":500,"height":500,"caption":"Ubirat\u00e3 Online Not\u00edcias"}]},"geo.placename":"UBIRATA","geo.position":{"lat":"-24.5361401","long":"-52.9921776"},"geo.region":"Brazil"},"_links":{"self":[{"href":"https:\/\/ubirataonline.com.br\/en\/wp-json\/wp\/v2\/posts\/67675","targetHints":{"allow":["GET"]}}],"collection":[{"href":"https:\/\/ubirataonline.com.br\/en\/wp-json\/wp\/v2\/posts"}],"about":[{"href":"https:\/\/ubirataonline.com.br\/en\/wp-json\/wp\/v2\/types\/post"}],"author":[{"embeddable":true,"href":"https:\/\/ubirataonline.com.br\/en\/wp-json\/wp\/v2\/users\/1"}],"replies":[{"embeddable":true,"href":"https:\/\/ubirataonline.com.br\/en\/wp-json\/wp\/v2\/comments?post=67675"}],"version-history":[{"count":0,"href":"https:\/\/ubirataonline.com.br\/en\/wp-json\/wp\/v2\/posts\/67675\/revisions"}],"wp:attachment":[{"href":"https:\/\/ubirataonline.com.br\/en\/wp-json\/wp\/v2\/media?parent=67675"}],"wp:term":[{"taxonomy":"category","embeddable":true,"href":"https:\/\/ubirataonline.com.br\/en\/wp-json\/wp\/v2\/categories?post=67675"},{"taxonomy":"post_tag","embeddable":true,"href":"https:\/\/ubirataonline.com.br\/en\/wp-json\/wp\/v2\/tags?post=67675"}],"curies":[{"name":"wp","href":"https:\/\/api.w.org\/{rel}","templated":true}]}}