{"id":67689,"date":"2025-09-08T22:05:31","date_gmt":"2025-09-09T01:05:31","guid":{"rendered":"https:\/\/ubirataonline.com.br\/incendio-mata-tres-irmaos-no-interior-de-sao-paulo-06-09-2025-cotidiano\/"},"modified":"2025-09-08T22:05:31","modified_gmt":"2025-09-09T01:05:31","slug":"incendio-mata-tres-irmaos-no-interior-de-sao-paulo-06-09-2025-cotidiano","status":"publish","type":"post","link":"https:\/\/ubirataonline.com.br\/en\/incendio-mata-tres-irmaos-no-interior-de-sao-paulo-06-09-2025-cotidiano\/","title":{"rendered":"Inc\u00eandio mata tr\u00eas irm\u00e3os no interior de S\u00e3o Paulo &#8211; 06\/09\/2025 &#8211; Cotidiano"},"content":{"rendered":"<p><\/p>\n<div data-news-content-text=\"\" data-disable-copy=\"\" data-continue-reading=\"\" data-continue-reading-hide-others=\".js-continue-reading-hidden\" data-age-rating=\"\" itemprop=\"articleBody\">\n<p>A Pol\u00edcia Civil investiga um inc\u00eandio que matou uma crian\u00e7a e dois adolescentes na madrugada deste s\u00e1bado (6) em Pedreira, no <a href=\"https:\/\/www1.folha.uol.com.br\/folha-topicos\/interior-de-sao-paulo\/\">interior de S\u00e3o Paulo<\/a>. Os tr\u00eas eram irm\u00e3os: um adolescente de 15 anos, uma garota de 12 anos e um menino de 9 anos. Outros cinco familiares ficaram feridos.<\/p>\n<p>O fogo atingiu duas casas na Estrada Municipal Olival Pires, no distrito de Santa Tereza. De acordo com o boletim de ocorr\u00eancia, as chamas come\u00e7aram por volta das 4h na sala do im\u00f3vel onde os irm\u00e3os dormiam.<\/p>\n<p>Os vizinhos tentaram resgatar as v\u00edtimas e conseguiram retirar alguns dos familiares da casa. Um menino de 11 anos e outro de 3 anos foram salvos, al\u00e9m dos pais das crian\u00e7as, um homem de 29 anos e uma mulher de 33. De acordo com a Pol\u00edcia Civil, eles n\u00e3o correm risco de morte.<\/p>\n<p>A av\u00f3 das crian\u00e7as, uma idosa de 60 anos, foi socorrida em estado grave e precisou ser intubada. De acordo com a prefeitura, ela foi transferida para o Hospital Municipal do Tatuap\u00e9, em S\u00e3o Paulo. Os demais feridos foram, inicialmente, encaminhados ao pronto-socorro do hospital Humberto Piva, em Pedreira.<\/p>\n<p>Ainda conforme a prefeitura, a m\u00e3e das crian\u00e7as foi transferida para o Hospital de Cl\u00ednicas da <a href=\"https:\/\/www1.folha.uol.com.br\/folha-topicos\/unicamp\/\">Unicamp<\/a>, e o pai foi levado para o hospital e maternidade Celso Pierro, da PUC, ambos ficam em <a href=\"https:\/\/www1.folha.uol.com.br\/folha-topicos\/campinas\/\">Campinas<\/a>. Os filhos de 3 e 11 anos receberam alta m\u00e9dica e foram para casa de familiares.<\/p>\n<p>As chamas tamb\u00e9m atingiram uma casa geminada vizinha, mas n\u00e3o houve v\u00edtimas nessa resid\u00eancia. Os dois im\u00f3veis foram interditados pela <a href=\"https:\/\/www1.folha.uol.com.br\/folha-topicos\/defesa-civil\/\">Defesa <\/a><a href=\"https:\/\/www1.folha.uol.com.br\/folha-topicos\/defesa-civil\/\">Civil<\/a>.<\/p>\n<p>De acordo com a Pol\u00edcia Civil, as circunst\u00e2ncias indicam que as chamas come\u00e7aram acidentalmente. A per\u00edcia t\u00e9cnica foi acionada para apurar o que provocou o inc\u00eandio e avaliar a estrutura das duas casas atingidas.<\/p>\n<div data-clone-component=\"\">\n<div data-newsletter-simple=\"\" data-subscript=\"3\" data-message=\".js-message\" data-button=\".js-button\" data-email=\".js-email\" class=\"c-newsletter rs_skip rs_preserve\">\n<h4 class=\"c-section-title c-section-title--brand c-section-title--small-spaced\">Not\u00edcias do dia<\/h4>\n<p class=\"c-newsletter__subtitle\">Receba diariamente de manh\u00e3 no seu email as principais not\u00edcias publicadas na Folha; aberta para n\u00e3o assinantes.<\/p>\n<\/div>\n<\/div>\n<p>A Secretaria Municipal de Assist\u00eancia e Desenvolvimento Social afirma que a fam\u00edlia ser\u00e1 acolhida ap\u00f3s as altas hospitalares e que a prefeitura tamb\u00e9m deve custear os funerais dos irm\u00e3os mortos.<\/p>\n<p>Al\u00e9m disso, a Secretaria de Sa\u00fade do Estado deve oferecer suporte psicol\u00f3gico aos familiares.<\/p>\n<p>O Fundo Social e a Defesa Civil de S\u00e3o Paulo tamb\u00e9m prestaram apoio \u00e0 fam\u00edlia, com envio de cestas b\u00e1sicas, roupas e kits de higiene pessoal.<\/p>\n<\/p><\/div>\n<p><a href=\"https:\/\/www1.folha.uol.com.br\/cotidiano\/2025\/09\/tres-irmaos-morrem-em-incendio-no-interior-de-sao-paulo.shtml\">Source link <\/a><\/p>","protected":false},"excerpt":{"rendered":"<p>A Pol\u00edcia Civil investiga um inc\u00eandio que matou uma crian\u00e7a e dois adolescentes na madrugada deste s\u00e1bado (6) em Pedreira, no interior de S\u00e3o Paulo. Os tr\u00eas eram irm\u00e3os: um adolescente de 15 anos, uma garota de 12 anos e um menino de 9 anos. Outros cinco familiares ficaram feridos. O fogo atingiu duas casas [&hellip;]<\/p>\n","protected":false},"author":1,"featured_media":67690,"comment_status":"","ping_status":"","sticky":false,"template":"","format":"standard","meta":{"googlesitekit_rrm_CAow2JLhCw:productID":"","_gspb_post_css":"","maa_idioma":"","maa_pais":"","footnotes":""},"categories":[4],"tags":[],"class_list":["post-67689","post","type-post","status-publish","format-standard","has-post-thumbnail","hentry","category-brasil"],"blocksy_meta":[],"yoast_head":"<!-- This site is optimized with the Yoast SEO Premium plugin v27.6 (Yoast SEO v27.6) - https:\/\/yoast.com\/product\/yoast-seo-premium-wordpress\/ -->\n<title>Inc\u00eandio mata tr\u00eas irm\u00e3os no interior de S\u00e3o Paulo - 06\/09\/2025 - Cotidiano - Ubirat\u00e3 Online Not\u00edcias - A realidade ao seu alcance!<\/title>\n<meta name=\"description\" content=\"A Pol\u00edcia Civil investiga um inc\u00eandio que matou uma crian\u00e7a e dois adolescentes na madrugada deste s\u00e1bado (6) em Pedreira, no interior de S\u00e3o Paulo. Os\" \/>\n<meta name=\"robots\" content=\"index, follow, max-snippet:-1, max-image-preview:large, max-video-preview:-1\" \/>\n<link rel=\"canonical\" href=\"https:\/\/ubirataonline.com.br\/en\/incendio-mata-tres-irmaos-no-interior-de-sao-paulo-06-09-2025-cotidiano\/\" \/>\n<meta property=\"og:locale\" content=\"en_US\" \/>\n<meta property=\"og:type\" content=\"article\" \/>\n<meta property=\"og:title\" content=\"Inc\u00eandio mata tr\u00eas irm\u00e3os no interior de S\u00e3o Paulo - 06\/09\/2025 - Cotidiano\" \/>\n<meta property=\"og:description\" content=\"A Pol\u00edcia Civil investiga um inc\u00eandio que matou uma crian\u00e7a e dois adolescentes na madrugada deste s\u00e1bado (6) em Pedreira, no interior de S\u00e3o Paulo. Os\" \/>\n<meta property=\"og:url\" content=\"https:\/\/ubirataonline.com.br\/en\/incendio-mata-tres-irmaos-no-interior-de-sao-paulo-06-09-2025-cotidiano\/\" \/>\n<meta property=\"og:site_name\" content=\"Ubirat\u00e3 Online Not\u00edcias - A realidade ao seu alcance!\" \/>\n<meta property=\"article:publisher\" content=\"https:\/\/www.facebook.com\/portalubirataonline\" \/>\n<meta property=\"article:author\" content=\"https:\/\/www.facebook.com\/portalubirataonline\" \/>\n<meta property=\"article:published_time\" content=\"2025-09-09T01:05:31+00:00\" \/>\n<meta property=\"og:image\" content=\"https:\/\/ubirataonline.com.br\/wp-content\/uploads\/2026\/05\/logo2026.webp\" \/>\n\t<meta property=\"og:image:width\" content=\"1531\" \/>\n\t<meta property=\"og:image:height\" content=\"418\" \/>\n\t<meta property=\"og:image:type\" content=\"image\/webp\" \/>\n<meta name=\"author\" content=\"REDA\u00c7\u00c3O: UBIRAT\u00c3 ONLINE - F\u00c1BIO AUGUSTO CELESTINO\" \/>\n<meta name=\"twitter:card\" content=\"summary_large_image\" \/>\n<meta name=\"twitter:creator\" content=\"@x.com\/ubirataonline\" \/>\n<meta name=\"twitter:site\" content=\"@ubirataonline\" \/>\n<meta name=\"twitter:label1\" content=\"Written by\" \/>\n\t<meta name=\"twitter:data1\" content=\"REDA\u00c7\u00c3O: UBIRAT\u00c3 ONLINE - F\u00c1BIO AUGUSTO CELESTINO\" \/>\n\t<meta name=\"twitter:label2\" content=\"Est. reading time\" \/>\n\t<meta name=\"twitter:data2\" content=\"2 minutes\" \/>\n<script type=\"application\/ld+json\" class=\"yoast-schema-graph\">{\"@context\":\"https:\\\/\\\/schema.org\",\"@graph\":[{\"@type\":\"NewsArticle\",\"@id\":\"https:\\\/\\\/ubirataonline.com.br\\\/incendio-mata-tres-irmaos-no-interior-de-sao-paulo-06-09-2025-cotidiano\\\/#article\",\"isPartOf\":{\"@id\":\"https:\\\/\\\/ubirataonline.com.br\\\/incendio-mata-tres-irmaos-no-interior-de-sao-paulo-06-09-2025-cotidiano\\\/\"},\"author\":{\"name\":\"REDA\u00c7\u00c3O: UBIRAT\u00c3 ONLINE - F\u00c1BIO AUGUSTO CELESTINO\",\"@id\":\"https:\\\/\\\/ubirataonline.com.br\\\/#\\\/schema\\\/person\\\/372f87bbd3fdd79b8556b84c98d0bc1c\"},\"headline\":\"Inc\u00eandio mata tr\u00eas irm\u00e3os no interior de S\u00e3o Paulo &#8211; 06\\\/09\\\/2025 &#8211; Cotidiano\",\"datePublished\":\"2025-09-09T01:05:31+00:00\",\"mainEntityOfPage\":{\"@id\":\"https:\\\/\\\/ubirataonline.com.br\\\/incendio-mata-tres-irmaos-no-interior-de-sao-paulo-06-09-2025-cotidiano\\\/\"},\"wordCount\":440,\"publisher\":{\"@id\":\"https:\\\/\\\/ubirataonline.com.br\\\/#organization\"},\"image\":{\"@id\":\"https:\\\/\\\/ubirataonline.com.br\\\/incendio-mata-tres-irmaos-no-interior-de-sao-paulo-06-09-2025-cotidiano\\\/#primaryimage\"},\"thumbnailUrl\":\"https:\\\/\\\/ubirataonline.com.br\\\/wp-content\\\/uploads\\\/2025\\\/09\\\/175719935968bcbbff21c95_1757199359_3x2_lg.jpg\",\"articleSection\":[\"Brasil\"],\"inLanguage\":\"en-US\",\"copyrightYear\":\"2025\",\"copyrightHolder\":{\"@id\":\"https:\\\/\\\/ubirataonline.com.br\\\/en\\\/#organization\"}},{\"@type\":\"WebPage\",\"@id\":\"https:\\\/\\\/ubirataonline.com.br\\\/incendio-mata-tres-irmaos-no-interior-de-sao-paulo-06-09-2025-cotidiano\\\/\",\"url\":\"https:\\\/\\\/ubirataonline.com.br\\\/incendio-mata-tres-irmaos-no-interior-de-sao-paulo-06-09-2025-cotidiano\\\/\",\"name\":\"Inc\u00eandio mata tr\u00eas irm\u00e3os no interior de S\u00e3o Paulo - 06\\\/09\\\/2025 - Cotidiano - Ubirat\u00e3 Online Not\u00edcias - A realidade ao seu alcance!\",\"isPartOf\":{\"@id\":\"https:\\\/\\\/ubirataonline.com.br\\\/#website\"},\"primaryImageOfPage\":{\"@id\":\"https:\\\/\\\/ubirataonline.com.br\\\/incendio-mata-tres-irmaos-no-interior-de-sao-paulo-06-09-2025-cotidiano\\\/#primaryimage\"},\"image\":{\"@id\":\"https:\\\/\\\/ubirataonline.com.br\\\/incendio-mata-tres-irmaos-no-interior-de-sao-paulo-06-09-2025-cotidiano\\\/#primaryimage\"},\"thumbnailUrl\":\"https:\\\/\\\/ubirataonline.com.br\\\/wp-content\\\/uploads\\\/2025\\\/09\\\/175719935968bcbbff21c95_1757199359_3x2_lg.jpg\",\"datePublished\":\"2025-09-09T01:05:31+00:00\",\"description\":\"A Pol\u00edcia Civil investiga um inc\u00eandio que matou uma crian\u00e7a e dois adolescentes na madrugada deste s\u00e1bado (6) em Pedreira, no interior de S\u00e3o Paulo. Os\",\"breadcrumb\":{\"@id\":\"https:\\\/\\\/ubirataonline.com.br\\\/incendio-mata-tres-irmaos-no-interior-de-sao-paulo-06-09-2025-cotidiano\\\/#breadcrumb\"},\"inLanguage\":\"en-US\",\"potentialAction\":[{\"@type\":\"ReadAction\",\"target\":[\"https:\\\/\\\/ubirataonline.com.br\\\/incendio-mata-tres-irmaos-no-interior-de-sao-paulo-06-09-2025-cotidiano\\\/\"]}]},{\"@type\":\"ImageObject\",\"inLanguage\":\"en-US\",\"@id\":\"https:\\\/\\\/ubirataonline.com.br\\\/incendio-mata-tres-irmaos-no-interior-de-sao-paulo-06-09-2025-cotidiano\\\/#primaryimage\",\"url\":\"https:\\\/\\\/ubirataonline.com.br\\\/wp-content\\\/uploads\\\/2025\\\/09\\\/175719935968bcbbff21c95_1757199359_3x2_lg.jpg\",\"contentUrl\":\"https:\\\/\\\/ubirataonline.com.br\\\/wp-content\\\/uploads\\\/2025\\\/09\\\/175719935968bcbbff21c95_1757199359_3x2_lg.jpg\",\"width\":1024,\"height\":682},{\"@type\":\"BreadcrumbList\",\"@id\":\"https:\\\/\\\/ubirataonline.com.br\\\/incendio-mata-tres-irmaos-no-interior-de-sao-paulo-06-09-2025-cotidiano\\\/#breadcrumb\",\"itemListElement\":[{\"@type\":\"ListItem\",\"position\":1,\"name\":\"In\u00edcio\",\"item\":\"https:\\\/\\\/ubirataonline.com.br\\\/\"},{\"@type\":\"ListItem\",\"position\":2,\"name\":\"Inc\u00eandio mata tr\u00eas irm\u00e3os no interior de S\u00e3o Paulo &#8211; 06\\\/09\\\/2025 &#8211; Cotidiano\"}]},{\"@type\":\"WebSite\",\"@id\":\"https:\\\/\\\/ubirataonline.com.br\\\/#website\",\"url\":\"https:\\\/\\\/ubirataonline.com.br\\\/\",\"name\":\"Ubirat\u00e3 Online Not\u00edcias\",\"description\":\"Not\u00edcias de Ubirat\u00e3, regi\u00e3o, Brasil e mundo, com informa\u00e7\u00e3o atualizada e compromisso com o leitor.\",\"publisher\":{\"@id\":\"https:\\\/\\\/ubirataonline.com.br\\\/#organization\"},\"alternateName\":\"Ubirat\u00e3 Online\",\"potentialAction\":[{\"@type\":\"SearchAction\",\"target\":{\"@type\":\"EntryPoint\",\"urlTemplate\":\"https:\\\/\\\/ubirataonline.com.br\\\/?s={search_term_string}\"},\"query-input\":{\"@type\":\"PropertyValueSpecification\",\"valueRequired\":true,\"valueName\":\"search_term_string\"}}],\"inLanguage\":\"en-US\"},{\"@type\":[\"Organization\",\"Place\"],\"@id\":\"https:\\\/\\\/ubirataonline.com.br\\\/#organization\",\"name\":\"Ubirat\u00e3 Online Not\u00edcias\",\"alternateName\":\"Ubirat\u00e3 Online\",\"url\":\"https:\\\/\\\/ubirataonline.com.br\\\/\",\"logo\":{\"@id\":\"https:\\\/\\\/ubirataonline.com.br\\\/incendio-mata-tres-irmaos-no-interior-de-sao-paulo-06-09-2025-cotidiano\\\/#local-main-organization-logo\"},\"image\":{\"@id\":\"https:\\\/\\\/ubirataonline.com.br\\\/incendio-mata-tres-irmaos-no-interior-de-sao-paulo-06-09-2025-cotidiano\\\/#local-main-organization-logo\"},\"sameAs\":[\"https:\\\/\\\/www.facebook.com\\\/portalubirataonline\",\"https:\\\/\\\/x.com\\\/ubirataonline\",\"https:\\\/\\\/mastodon.social\\\/@ubirataonline\",\"https:\\\/\\\/www.facebook.com\\\/groups\\\/311144672285604\",\"https:\\\/\\\/www.facebook.com\\\/UBTAOnline\",\"https:\\\/\\\/www.instagram.com\\\/portalubirataonline\\\/\",\"https:\\\/\\\/twitter.com\\\/ubirataonline\"],\"description\":\"Somos um portal de not\u00edcias independente, criado em 5 de janeiro de 2009, com o objetivo de informar, conectar e valorizar a nossa comunidade de Ubirat\u00e3 e toda aregi\u00e3o. Com conte\u00fado atualizado, confi\u00e1vel e relevante, o Ubirat\u00e3 Online \u00e9 o seu espa\u00e7o para ficar por dentro dos principais acontecimentos locais, regionais, Brasil, Mundo e de interesse geral. Nosso compromisso \u00e9 com a verdade, a transpar\u00eancia e o respeito ao leitor.\",\"legalName\":\"UBIRATA ONLINE NOT\u00cdCIAS\",\"foundingDate\":\"2009-01-05\",\"numberOfEmployees\":{\"@type\":\"QuantitativeValue\",\"minValue\":\"1\",\"maxValue\":\"10\"},\"publishingPrinciples\":\"https:\\\/\\\/ubirataonline.com.br\\\/faq\\\/\",\"address\":{\"@id\":\"https:\\\/\\\/ubirataonline.com.br\\\/incendio-mata-tres-irmaos-no-interior-de-sao-paulo-06-09-2025-cotidiano\\\/#local-main-place-address\"},\"geo\":{\"@type\":\"GeoCoordinates\",\"latitude\":\"-24.5361401\",\"longitude\":\"-52.9921776\"},\"telephone\":[\"+5544998308235\"],\"contactPoint\":{\"@type\":\"ContactPoint\",\"email\":\"contato@ubirataonline.com.br\"},\"openingHoursSpecification\":{\"@type\":\"OpeningHoursSpecification\",\"dayOfWeek\":[\"Monday\",\"Tuesday\",\"Wednesday\",\"Thursday\",\"Friday\",\"Saturday\",\"Sunday\"],\"opens\":\"00:00\",\"closes\":\"23:59\"},\"email\":\"contato@ubirataonline.com.br\",\"vatID\":\"47.621.418\\\/0001-80\"},{\"@type\":\"Person\",\"@id\":\"https:\\\/\\\/ubirataonline.com.br\\\/#\\\/schema\\\/person\\\/372f87bbd3fdd79b8556b84c98d0bc1c\",\"name\":\"REDA\u00c7\u00c3O: UBIRAT\u00c3 ONLINE - F\u00c1BIO AUGUSTO CELESTINO\",\"pronouns\":\"Ele\",\"description\":\"Desde 2003 trabalhando com not\u00edcias.\",\"sameAs\":[\"http:\\\/\\\/ubirataoline.com.br\",\"https:\\\/\\\/www.facebook.com\\\/portalubirataonline\",\"https:\\\/\\\/www.instagram.com\\\/ubirataonline_oficial\",\"https:\\\/\\\/x.com\\\/x.com\\\/ubirataonline\"],\"honorificPrefix\":\"Mr.\",\"honorificSuffix\":\"MD\",\"birthDate\":\"1980-06-16\",\"gender\":\"masculino\",\"award\":[\"V\u00e1rios pr\u00eamios de melhor portal da cidade\"],\"jobTitle\":\"Diretor\",\"url\":\"https:\\\/\\\/ubirataonline.com.br\\\/en\\\/author\\\/ubirataonline\\\/\"},{\"@type\":\"PostalAddress\",\"@id\":\"https:\\\/\\\/ubirataonline.com.br\\\/incendio-mata-tres-irmaos-no-interior-de-sao-paulo-06-09-2025-cotidiano\\\/#local-main-place-address\",\"streetAddress\":\"Rua dos Coqueiros, 104 - Bairro Boa Vista, Rua dos Coqueiros, 104 Bairro Boa Vista\",\"addressLocality\":\"UBIRATA\",\"postalCode\":\"85440-000\",\"addressRegion\":\"PR\",\"addressCountry\":\"BR\"},{\"@type\":\"ImageObject\",\"inLanguage\":\"en-US\",\"@id\":\"https:\\\/\\\/ubirataonline.com.br\\\/incendio-mata-tres-irmaos-no-interior-de-sao-paulo-06-09-2025-cotidiano\\\/#local-main-organization-logo\",\"url\":\"https:\\\/\\\/ubirataonline.com.br\\\/wp-content\\\/uploads\\\/2026\\\/06\\\/logoubirataonline-1.webp\",\"contentUrl\":\"https:\\\/\\\/ubirataonline.com.br\\\/wp-content\\\/uploads\\\/2026\\\/06\\\/logoubirataonline-1.webp\",\"width\":500,\"height\":500,\"caption\":\"Ubirat\u00e3 Online Not\u00edcias\"}]}<\/script>\n<meta name=\"geo.placename\" content=\"UBIRATA\" \/>\n<meta name=\"geo.position\" content=\"-24.5361401;-52.9921776\" \/>\n<meta name=\"geo.region\" content=\"Brazil\" \/>\n<!-- \/ Yoast SEO Premium plugin. -->","yoast_head_json":{"title":"Inc\u00eandio mata tr\u00eas irm\u00e3os no interior de S\u00e3o Paulo - 06\/09\/2025 - Cotidiano - Ubirat\u00e3 Online Not\u00edcias - A realidade ao seu alcance!","description":"A Pol\u00edcia Civil investiga um inc\u00eandio que matou uma crian\u00e7a e dois adolescentes na madrugada deste s\u00e1bado (6) em Pedreira, no interior de S\u00e3o Paulo. Os","robots":{"index":"index","follow":"follow","max-snippet":"max-snippet:-1","max-image-preview":"max-image-preview:large","max-video-preview":"max-video-preview:-1"},"canonical":"https:\/\/ubirataonline.com.br\/en\/incendio-mata-tres-irmaos-no-interior-de-sao-paulo-06-09-2025-cotidiano\/","og_locale":"en_US","og_type":"article","og_title":"Inc\u00eandio mata tr\u00eas irm\u00e3os no interior de S\u00e3o Paulo - 06\/09\/2025 - Cotidiano","og_description":"A Pol\u00edcia Civil investiga um inc\u00eandio que matou uma crian\u00e7a e dois adolescentes na madrugada deste s\u00e1bado (6) em Pedreira, no interior de S\u00e3o Paulo. Os","og_url":"https:\/\/ubirataonline.com.br\/en\/incendio-mata-tres-irmaos-no-interior-de-sao-paulo-06-09-2025-cotidiano\/","og_site_name":"Ubirat\u00e3 Online Not\u00edcias - A realidade ao seu alcance!","article_publisher":"https:\/\/www.facebook.com\/portalubirataonline","article_author":"https:\/\/www.facebook.com\/portalubirataonline","article_published_time":"2025-09-09T01:05:31+00:00","og_image":[{"width":1531,"height":418,"url":"https:\/\/ubirataonline.com.br\/wp-content\/uploads\/2026\/05\/logo2026.webp","type":"image\/webp"}],"author":"REDA\u00c7\u00c3O: UBIRAT\u00c3 ONLINE - F\u00c1BIO AUGUSTO CELESTINO","twitter_card":"summary_large_image","twitter_creator":"@x.com\/ubirataonline","twitter_site":"@ubirataonline","twitter_misc":{"Written by":"REDA\u00c7\u00c3O: UBIRAT\u00c3 ONLINE - F\u00c1BIO AUGUSTO CELESTINO","Est. reading time":"2 minutes"},"schema":{"@context":"https:\/\/schema.org","@graph":[{"@type":"NewsArticle","@id":"https:\/\/ubirataonline.com.br\/incendio-mata-tres-irmaos-no-interior-de-sao-paulo-06-09-2025-cotidiano\/#article","isPartOf":{"@id":"https:\/\/ubirataonline.com.br\/incendio-mata-tres-irmaos-no-interior-de-sao-paulo-06-09-2025-cotidiano\/"},"author":{"name":"REDA\u00c7\u00c3O: UBIRAT\u00c3 ONLINE - F\u00c1BIO AUGUSTO CELESTINO","@id":"https:\/\/ubirataonline.com.br\/#\/schema\/person\/372f87bbd3fdd79b8556b84c98d0bc1c"},"headline":"Inc\u00eandio mata tr\u00eas irm\u00e3os no interior de S\u00e3o Paulo &#8211; 06\/09\/2025 &#8211; Cotidiano","datePublished":"2025-09-09T01:05:31+00:00","mainEntityOfPage":{"@id":"https:\/\/ubirataonline.com.br\/incendio-mata-tres-irmaos-no-interior-de-sao-paulo-06-09-2025-cotidiano\/"},"wordCount":440,"publisher":{"@id":"https:\/\/ubirataonline.com.br\/#organization"},"image":{"@id":"https:\/\/ubirataonline.com.br\/incendio-mata-tres-irmaos-no-interior-de-sao-paulo-06-09-2025-cotidiano\/#primaryimage"},"thumbnailUrl":"https:\/\/ubirataonline.com.br\/wp-content\/uploads\/2025\/09\/175719935968bcbbff21c95_1757199359_3x2_lg.jpg","articleSection":["Brasil"],"inLanguage":"en-US","copyrightYear":"2025","copyrightHolder":{"@id":"https:\/\/ubirataonline.com.br\/en\/#organization"}},{"@type":"WebPage","@id":"https:\/\/ubirataonline.com.br\/incendio-mata-tres-irmaos-no-interior-de-sao-paulo-06-09-2025-cotidiano\/","url":"https:\/\/ubirataonline.com.br\/incendio-mata-tres-irmaos-no-interior-de-sao-paulo-06-09-2025-cotidiano\/","name":"Inc\u00eandio mata tr\u00eas irm\u00e3os no interior de S\u00e3o Paulo - 06\/09\/2025 - Cotidiano - Ubirat\u00e3 Online Not\u00edcias - A realidade ao seu alcance!","isPartOf":{"@id":"https:\/\/ubirataonline.com.br\/#website"},"primaryImageOfPage":{"@id":"https:\/\/ubirataonline.com.br\/incendio-mata-tres-irmaos-no-interior-de-sao-paulo-06-09-2025-cotidiano\/#primaryimage"},"image":{"@id":"https:\/\/ubirataonline.com.br\/incendio-mata-tres-irmaos-no-interior-de-sao-paulo-06-09-2025-cotidiano\/#primaryimage"},"thumbnailUrl":"https:\/\/ubirataonline.com.br\/wp-content\/uploads\/2025\/09\/175719935968bcbbff21c95_1757199359_3x2_lg.jpg","datePublished":"2025-09-09T01:05:31+00:00","description":"A Pol\u00edcia Civil investiga um inc\u00eandio que matou uma crian\u00e7a e dois adolescentes na madrugada deste s\u00e1bado (6) em Pedreira, no interior de S\u00e3o Paulo. Os","breadcrumb":{"@id":"https:\/\/ubirataonline.com.br\/incendio-mata-tres-irmaos-no-interior-de-sao-paulo-06-09-2025-cotidiano\/#breadcrumb"},"inLanguage":"en-US","potentialAction":[{"@type":"ReadAction","target":["https:\/\/ubirataonline.com.br\/incendio-mata-tres-irmaos-no-interior-de-sao-paulo-06-09-2025-cotidiano\/"]}]},{"@type":"ImageObject","inLanguage":"en-US","@id":"https:\/\/ubirataonline.com.br\/incendio-mata-tres-irmaos-no-interior-de-sao-paulo-06-09-2025-cotidiano\/#primaryimage","url":"https:\/\/ubirataonline.com.br\/wp-content\/uploads\/2025\/09\/175719935968bcbbff21c95_1757199359_3x2_lg.jpg","contentUrl":"https:\/\/ubirataonline.com.br\/wp-content\/uploads\/2025\/09\/175719935968bcbbff21c95_1757199359_3x2_lg.jpg","width":1024,"height":682},{"@type":"BreadcrumbList","@id":"https:\/\/ubirataonline.com.br\/incendio-mata-tres-irmaos-no-interior-de-sao-paulo-06-09-2025-cotidiano\/#breadcrumb","itemListElement":[{"@type":"ListItem","position":1,"name":"In\u00edcio","item":"https:\/\/ubirataonline.com.br\/"},{"@type":"ListItem","position":2,"name":"Inc\u00eandio mata tr\u00eas irm\u00e3os no interior de S\u00e3o Paulo &#8211; 06\/09\/2025 &#8211; Cotidiano"}]},{"@type":"WebSite","@id":"https:\/\/ubirataonline.com.br\/#website","url":"https:\/\/ubirataonline.com.br\/","name":"Ubirat\u00e3 Online Not\u00edcias","description":"Not\u00edcias de Ubirat\u00e3, regi\u00e3o, Brasil e mundo, com informa\u00e7\u00e3o atualizada e compromisso com o leitor.","publisher":{"@id":"https:\/\/ubirataonline.com.br\/#organization"},"alternateName":"Ubirat\u00e3 Online","potentialAction":[{"@type":"SearchAction","target":{"@type":"EntryPoint","urlTemplate":"https:\/\/ubirataonline.com.br\/?s={search_term_string}"},"query-input":{"@type":"PropertyValueSpecification","valueRequired":true,"valueName":"search_term_string"}}],"inLanguage":"en-US"},{"@type":["Organization","Place"],"@id":"https:\/\/ubirataonline.com.br\/#organization","name":"Ubirat\u00e3 Online Not\u00edcias","alternateName":"Ubirat\u00e3 Online","url":"https:\/\/ubirataonline.com.br\/","logo":{"@id":"https:\/\/ubirataonline.com.br\/incendio-mata-tres-irmaos-no-interior-de-sao-paulo-06-09-2025-cotidiano\/#local-main-organization-logo"},"image":{"@id":"https:\/\/ubirataonline.com.br\/incendio-mata-tres-irmaos-no-interior-de-sao-paulo-06-09-2025-cotidiano\/#local-main-organization-logo"},"sameAs":["https:\/\/www.facebook.com\/portalubirataonline","https:\/\/x.com\/ubirataonline","https:\/\/mastodon.social\/@ubirataonline","https:\/\/www.facebook.com\/groups\/311144672285604","https:\/\/www.facebook.com\/UBTAOnline","https:\/\/www.instagram.com\/portalubirataonline\/","https:\/\/twitter.com\/ubirataonline"],"description":"Somos um portal de not\u00edcias independente, criado em 5 de janeiro de 2009, com o objetivo de informar, conectar e valorizar a nossa comunidade de Ubirat\u00e3 e toda aregi\u00e3o. Com conte\u00fado atualizado, confi\u00e1vel e relevante, o Ubirat\u00e3 Online \u00e9 o seu espa\u00e7o para ficar por dentro dos principais acontecimentos locais, regionais, Brasil, Mundo e de interesse geral. Nosso compromisso \u00e9 com a verdade, a transpar\u00eancia e o respeito ao leitor.","legalName":"UBIRATA ONLINE NOT\u00cdCIAS","foundingDate":"2009-01-05","numberOfEmployees":{"@type":"QuantitativeValue","minValue":"1","maxValue":"10"},"publishingPrinciples":"https:\/\/ubirataonline.com.br\/faq\/","address":{"@id":"https:\/\/ubirataonline.com.br\/incendio-mata-tres-irmaos-no-interior-de-sao-paulo-06-09-2025-cotidiano\/#local-main-place-address"},"geo":{"@type":"GeoCoordinates","latitude":"-24.5361401","longitude":"-52.9921776"},"telephone":["+5544998308235"],"contactPoint":{"@type":"ContactPoint","email":"contato@ubirataonline.com.br"},"openingHoursSpecification":{"@type":"OpeningHoursSpecification","dayOfWeek":["Monday","Tuesday","Wednesday","Thursday","Friday","Saturday","Sunday"],"opens":"00:00","closes":"23:59"},"email":"contato@ubirataonline.com.br","vatID":"47.621.418\/0001-80"},{"@type":"Person","@id":"https:\/\/ubirataonline.com.br\/#\/schema\/person\/372f87bbd3fdd79b8556b84c98d0bc1c","name":"REDA\u00c7\u00c3O: UBIRAT\u00c3 ONLINE - F\u00c1BIO AUGUSTO CELESTINO","pronouns":"Ele","description":"Desde 2003 trabalhando com not\u00edcias.","sameAs":["http:\/\/ubirataoline.com.br","https:\/\/www.facebook.com\/portalubirataonline","https:\/\/www.instagram.com\/ubirataonline_oficial","https:\/\/x.com\/x.com\/ubirataonline"],"honorificPrefix":"Mr.","honorificSuffix":"MD","birthDate":"1980-06-16","gender":"masculino","award":["V\u00e1rios pr\u00eamios de melhor portal da cidade"],"jobTitle":"Diretor","url":"https:\/\/ubirataonline.com.br\/en\/author\/ubirataonline\/"},{"@type":"PostalAddress","@id":"https:\/\/ubirataonline.com.br\/incendio-mata-tres-irmaos-no-interior-de-sao-paulo-06-09-2025-cotidiano\/#local-main-place-address","streetAddress":"Rua dos Coqueiros, 104 - Bairro Boa Vista, Rua dos Coqueiros, 104 Bairro Boa Vista","addressLocality":"UBIRATA","postalCode":"85440-000","addressRegion":"PR","addressCountry":"BR"},{"@type":"ImageObject","inLanguage":"en-US","@id":"https:\/\/ubirataonline.com.br\/incendio-mata-tres-irmaos-no-interior-de-sao-paulo-06-09-2025-cotidiano\/#local-main-organization-logo","url":"https:\/\/ubirataonline.com.br\/wp-content\/uploads\/2026\/06\/logoubirataonline-1.webp","contentUrl":"https:\/\/ubirataonline.com.br\/wp-content\/uploads\/2026\/06\/logoubirataonline-1.webp","width":500,"height":500,"caption":"Ubirat\u00e3 Online Not\u00edcias"}]},"geo.placename":"UBIRATA","geo.position":{"lat":"-24.5361401","long":"-52.9921776"},"geo.region":"Brazil"},"_links":{"self":[{"href":"https:\/\/ubirataonline.com.br\/en\/wp-json\/wp\/v2\/posts\/67689","targetHints":{"allow":["GET"]}}],"collection":[{"href":"https:\/\/ubirataonline.com.br\/en\/wp-json\/wp\/v2\/posts"}],"about":[{"href":"https:\/\/ubirataonline.com.br\/en\/wp-json\/wp\/v2\/types\/post"}],"author":[{"embeddable":true,"href":"https:\/\/ubirataonline.com.br\/en\/wp-json\/wp\/v2\/users\/1"}],"replies":[{"embeddable":true,"href":"https:\/\/ubirataonline.com.br\/en\/wp-json\/wp\/v2\/comments?post=67689"}],"version-history":[{"count":0,"href":"https:\/\/ubirataonline.com.br\/en\/wp-json\/wp\/v2\/posts\/67689\/revisions"}],"wp:featuredmedia":[{"embeddable":true,"href":"https:\/\/ubirataonline.com.br\/en\/wp-json\/wp\/v2\/media\/67690"}],"wp:attachment":[{"href":"https:\/\/ubirataonline.com.br\/en\/wp-json\/wp\/v2\/media?parent=67689"}],"wp:term":[{"taxonomy":"category","embeddable":true,"href":"https:\/\/ubirataonline.com.br\/en\/wp-json\/wp\/v2\/categories?post=67689"},{"taxonomy":"post_tag","embeddable":true,"href":"https:\/\/ubirataonline.com.br\/en\/wp-json\/wp\/v2\/tags?post=67689"}],"curies":[{"name":"wp","href":"https:\/\/api.w.org\/{rel}","templated":true}]}}