{"id":67701,"date":"2025-09-09T00:07:50","date_gmt":"2025-09-09T03:07:50","guid":{"rendered":"https:\/\/ubirataonline.com.br\/jose-pinto-asegura-que-guatemala-esta-motivada\/"},"modified":"2025-09-09T00:07:50","modified_gmt":"2025-09-09T03:07:50","slug":"jose-pinto-asegura-que-guatemala-esta-motivada","status":"publish","type":"post","link":"https:\/\/ubirataonline.com.br\/en\/jose-pinto-asegura-que-guatemala-esta-motivada\/","title":{"rendered":"Jos\u00e9 Pinto asegura que Guatemala est\u00e1 motivada"},"content":{"rendered":"<p><\/p>\n<div>\n<p><strong>PANAM\u00c1 \u2013<\/strong> El capit\u00e1n de la azul y blanco dej\u00f3 claro que ya se dej\u00f3 atr\u00e1s la derrota contra La Selecta y ahora busca reponerse versus los canaleros.<\/p>\n<\/div>\n<div>\n<p>La Selecci\u00f3n de <a href=\"https:\/\/onefootball.com\/pt-br\/time\/guatemala-593\">Guatemala<\/a> comenz\u00f3 con el pie izquierdo la Eliminatoria Mundialista de la Concacaf, luego de perder 0-1 versus El Salvador, hoy ante <a href=\"https:\/\/onefootball.com\/pt-br\/time\/panama-1022\">Panam\u00e1<\/a> volver\u00e1 a jugar y seg\u00fan <a href=\"https:\/\/onefootball.com\/pt-br\/jogador\/jose-pinto-312118\">Jos\u00e9 Pinto<\/a> lo sucedido el jueves ya se super\u00f3 y ahora el grupo est\u00e1 listo para afrontar el duelo de esta noche en el estadio Rommel Fern\u00e1ndez.<\/p>\n<\/div>\n<div>\n<p>\u201cTuvimos varias charlas con la psic\u00f3loga, priorizamos eso y ahora ya estamos listos, motivados e ilusionados de poder jugar contra Panam\u00e1\u201d, asegur\u00f3 el defensor de la bicolor.<\/p>\n<\/div>\n<div>\n<p>Acerca de c\u00f3mo se super\u00f3 la ca\u00edda versus La Selecta opin\u00f3: \u201cGanar el jueves tampoco nos garantizaba nada, porque quedaban cinco partidos y el margen de error es menos, ahora est\u00e1 m\u00e1s corto y sabemos que se nos vienen cinco finales\u201d.<\/p>\n<\/div>\n<div>\n<p>\u201cHicimos una retroalimentaci\u00f3n de c\u00f3mo competir contra selecciones de alto nivel, somos once contra once, y vamos a seguir luchando por este sue\u00f1o\u201d.<\/p>\n<\/div>\n<div>\n<p>\u201cF\u00edsicamente estamos bien, nos recuperamos y con ganas de competir en una cancha complicada\u201d, concluy\u00f3.<\/p>\n<\/div>\n<div>\n<p>Pinto est\u00e1 llamado a nuevamente a liderar la defensa de <a href=\"https:\/\/onefootball.com\/pt-br\/time\/guatemala-593\">Guatemala<\/a> junto a Nicol\u00e1s Samayoa, Aaron Herrera y <a href=\"https:\/\/onefootball.com\/pt-br\/jogador\/jose-morales-359039\">Jos\u00e9 Morales<\/a>, esperando poder anular a los atacantes de <a href=\"https:\/\/onefootball.com\/pt-br\/time\/panama-1022\">Panam\u00e1<\/a>.<\/p>\n<\/div>\n<p><a href=\"https:\/\/onefootball.com\/pt-br\/noticias\/jose-pinto-asegura-que-guatemala-esta-motivada-41635136\">Source link <\/a><\/p>","protected":false},"excerpt":{"rendered":"<p>PANAM\u00c1 \u2013 El capit\u00e1n de la azul y blanco dej\u00f3 claro que ya se dej\u00f3 atr\u00e1s la derrota contra La Selecta y ahora busca reponerse versus los canaleros. La Selecci\u00f3n de Guatemala comenz\u00f3 con el pie izquierdo la Eliminatoria Mundialista de la Concacaf, luego de perder 0-1 versus El Salvador, hoy ante Panam\u00e1 volver\u00e1 a [&hellip;]<\/p>\n","protected":false},"author":1,"featured_media":67702,"comment_status":"","ping_status":"","sticky":false,"template":"","format":"standard","meta":{"googlesitekit_rrm_CAow2JLhCw:productID":"","_gspb_post_css":"","maa_idioma":"","maa_pais":"","footnotes":""},"categories":[4],"tags":[],"class_list":["post-67701","post","type-post","status-publish","format-standard","has-post-thumbnail","hentry","category-brasil"],"blocksy_meta":[],"yoast_head":"<!-- This site is optimized with the Yoast SEO Premium plugin v27.6 (Yoast SEO v27.6) - https:\/\/yoast.com\/product\/yoast-seo-premium-wordpress\/ -->\n<title>Jos\u00e9 Pinto asegura que Guatemala est\u00e1 motivada - Ubirat\u00e3 Online Not\u00edcias - A realidade ao seu alcance!<\/title>\n<meta name=\"description\" content=\"PANAM\u00c1 \u2013 El capit\u00e1n de la azul y blanco dej\u00f3 claro que ya se dej\u00f3 atr\u00e1s la derrota contra La Selecta y ahora busca reponerse versus los canaleros.La\" \/>\n<meta name=\"robots\" content=\"index, follow, max-snippet:-1, max-image-preview:large, max-video-preview:-1\" \/>\n<link rel=\"canonical\" href=\"https:\/\/ubirataonline.com.br\/en\/jose-pinto-asegura-que-guatemala-esta-motivada\/\" \/>\n<meta property=\"og:locale\" content=\"en_US\" \/>\n<meta property=\"og:type\" content=\"article\" \/>\n<meta property=\"og:title\" content=\"Jos\u00e9 Pinto asegura que Guatemala est\u00e1 motivada\" \/>\n<meta property=\"og:description\" content=\"PANAM\u00c1 \u2013 El capit\u00e1n de la azul y blanco dej\u00f3 claro que ya se dej\u00f3 atr\u00e1s la derrota contra La Selecta y ahora busca reponerse versus los canaleros.La\" \/>\n<meta property=\"og:url\" content=\"https:\/\/ubirataonline.com.br\/en\/jose-pinto-asegura-que-guatemala-esta-motivada\/\" \/>\n<meta property=\"og:site_name\" content=\"Ubirat\u00e3 Online Not\u00edcias - A realidade ao seu alcance!\" \/>\n<meta property=\"article:publisher\" content=\"https:\/\/www.facebook.com\/portalubirataonline\" \/>\n<meta property=\"article:author\" content=\"https:\/\/www.facebook.com\/portalubirataonline\" \/>\n<meta property=\"article:published_time\" content=\"2025-09-09T03:07:50+00:00\" \/>\n<meta property=\"og:image\" content=\"https:\/\/ubirataonline.com.br\/wp-content\/uploads\/2026\/05\/logo2026.webp\" \/>\n\t<meta property=\"og:image:width\" content=\"1531\" \/>\n\t<meta property=\"og:image:height\" content=\"418\" \/>\n\t<meta property=\"og:image:type\" content=\"image\/webp\" \/>\n<meta name=\"author\" content=\"REDA\u00c7\u00c3O: UBIRAT\u00c3 ONLINE - F\u00c1BIO AUGUSTO CELESTINO\" \/>\n<meta name=\"twitter:card\" content=\"summary_large_image\" \/>\n<meta name=\"twitter:creator\" content=\"@x.com\/ubirataonline\" \/>\n<meta name=\"twitter:site\" content=\"@ubirataonline\" \/>\n<meta name=\"twitter:label1\" content=\"Written by\" \/>\n\t<meta name=\"twitter:data1\" content=\"REDA\u00c7\u00c3O: UBIRAT\u00c3 ONLINE - F\u00c1BIO AUGUSTO CELESTINO\" \/>\n\t<meta name=\"twitter:label2\" content=\"Est. reading time\" \/>\n\t<meta name=\"twitter:data2\" content=\"1 minute\" \/>\n<script type=\"application\/ld+json\" class=\"yoast-schema-graph\">{\"@context\":\"https:\\\/\\\/schema.org\",\"@graph\":[{\"@type\":\"NewsArticle\",\"@id\":\"https:\\\/\\\/ubirataonline.com.br\\\/jose-pinto-asegura-que-guatemala-esta-motivada\\\/#article\",\"isPartOf\":{\"@id\":\"https:\\\/\\\/ubirataonline.com.br\\\/jose-pinto-asegura-que-guatemala-esta-motivada\\\/\"},\"author\":{\"name\":\"REDA\u00c7\u00c3O: UBIRAT\u00c3 ONLINE - F\u00c1BIO AUGUSTO CELESTINO\",\"@id\":\"https:\\\/\\\/ubirataonline.com.br\\\/#\\\/schema\\\/person\\\/372f87bbd3fdd79b8556b84c98d0bc1c\"},\"headline\":\"Jos\u00e9 Pinto asegura que Guatemala est\u00e1 motivada\",\"datePublished\":\"2025-09-09T03:07:50+00:00\",\"mainEntityOfPage\":{\"@id\":\"https:\\\/\\\/ubirataonline.com.br\\\/jose-pinto-asegura-que-guatemala-esta-motivada\\\/\"},\"wordCount\":241,\"publisher\":{\"@id\":\"https:\\\/\\\/ubirataonline.com.br\\\/#organization\"},\"image\":{\"@id\":\"https:\\\/\\\/ubirataonline.com.br\\\/jose-pinto-asegura-que-guatemala-esta-motivada\\\/#primaryimage\"},\"thumbnailUrl\":\"https:\\\/\\\/ubirataonline.com.br\\\/wp-content\\\/uploads\\\/2025\\\/09\\\/2Fv22Fphotobooth2Fcms2Fpt-br2F416351363Fdate2025-09-09.jpeg\",\"articleSection\":[\"Brasil\"],\"inLanguage\":\"en-US\",\"copyrightYear\":\"2025\",\"copyrightHolder\":{\"@id\":\"https:\\\/\\\/ubirataonline.com.br\\\/en\\\/#organization\"}},{\"@type\":\"WebPage\",\"@id\":\"https:\\\/\\\/ubirataonline.com.br\\\/jose-pinto-asegura-que-guatemala-esta-motivada\\\/\",\"url\":\"https:\\\/\\\/ubirataonline.com.br\\\/jose-pinto-asegura-que-guatemala-esta-motivada\\\/\",\"name\":\"Jos\u00e9 Pinto asegura que Guatemala est\u00e1 motivada - Ubirat\u00e3 Online Not\u00edcias - A realidade ao seu alcance!\",\"isPartOf\":{\"@id\":\"https:\\\/\\\/ubirataonline.com.br\\\/#website\"},\"primaryImageOfPage\":{\"@id\":\"https:\\\/\\\/ubirataonline.com.br\\\/jose-pinto-asegura-que-guatemala-esta-motivada\\\/#primaryimage\"},\"image\":{\"@id\":\"https:\\\/\\\/ubirataonline.com.br\\\/jose-pinto-asegura-que-guatemala-esta-motivada\\\/#primaryimage\"},\"thumbnailUrl\":\"https:\\\/\\\/ubirataonline.com.br\\\/wp-content\\\/uploads\\\/2025\\\/09\\\/2Fv22Fphotobooth2Fcms2Fpt-br2F416351363Fdate2025-09-09.jpeg\",\"datePublished\":\"2025-09-09T03:07:50+00:00\",\"description\":\"PANAM\u00c1 \u2013 El capit\u00e1n de la azul y blanco dej\u00f3 claro que ya se dej\u00f3 atr\u00e1s la derrota contra La Selecta y ahora busca reponerse versus los canaleros.La\",\"breadcrumb\":{\"@id\":\"https:\\\/\\\/ubirataonline.com.br\\\/jose-pinto-asegura-que-guatemala-esta-motivada\\\/#breadcrumb\"},\"inLanguage\":\"en-US\",\"potentialAction\":[{\"@type\":\"ReadAction\",\"target\":[\"https:\\\/\\\/ubirataonline.com.br\\\/jose-pinto-asegura-que-guatemala-esta-motivada\\\/\"]}]},{\"@type\":\"ImageObject\",\"inLanguage\":\"en-US\",\"@id\":\"https:\\\/\\\/ubirataonline.com.br\\\/jose-pinto-asegura-que-guatemala-esta-motivada\\\/#primaryimage\",\"url\":\"https:\\\/\\\/ubirataonline.com.br\\\/wp-content\\\/uploads\\\/2025\\\/09\\\/2Fv22Fphotobooth2Fcms2Fpt-br2F416351363Fdate2025-09-09.jpeg\",\"contentUrl\":\"https:\\\/\\\/ubirataonline.com.br\\\/wp-content\\\/uploads\\\/2025\\\/09\\\/2Fv22Fphotobooth2Fcms2Fpt-br2F416351363Fdate2025-09-09.jpeg\",\"width\":1200,\"height\":630},{\"@type\":\"BreadcrumbList\",\"@id\":\"https:\\\/\\\/ubirataonline.com.br\\\/jose-pinto-asegura-que-guatemala-esta-motivada\\\/#breadcrumb\",\"itemListElement\":[{\"@type\":\"ListItem\",\"position\":1,\"name\":\"In\u00edcio\",\"item\":\"https:\\\/\\\/ubirataonline.com.br\\\/\"},{\"@type\":\"ListItem\",\"position\":2,\"name\":\"Jos\u00e9 Pinto asegura que Guatemala est\u00e1 motivada\"}]},{\"@type\":\"WebSite\",\"@id\":\"https:\\\/\\\/ubirataonline.com.br\\\/#website\",\"url\":\"https:\\\/\\\/ubirataonline.com.br\\\/\",\"name\":\"Ubirat\u00e3 Online Not\u00edcias\",\"description\":\"Not\u00edcias de Ubirat\u00e3, regi\u00e3o, Brasil e mundo, com informa\u00e7\u00e3o atualizada e compromisso com o leitor.\",\"publisher\":{\"@id\":\"https:\\\/\\\/ubirataonline.com.br\\\/#organization\"},\"alternateName\":\"Ubirat\u00e3 Online\",\"potentialAction\":[{\"@type\":\"SearchAction\",\"target\":{\"@type\":\"EntryPoint\",\"urlTemplate\":\"https:\\\/\\\/ubirataonline.com.br\\\/?s={search_term_string}\"},\"query-input\":{\"@type\":\"PropertyValueSpecification\",\"valueRequired\":true,\"valueName\":\"search_term_string\"}}],\"inLanguage\":\"en-US\"},{\"@type\":[\"Organization\",\"Place\"],\"@id\":\"https:\\\/\\\/ubirataonline.com.br\\\/#organization\",\"name\":\"Ubirat\u00e3 Online Not\u00edcias\",\"alternateName\":\"Ubirat\u00e3 Online\",\"url\":\"https:\\\/\\\/ubirataonline.com.br\\\/\",\"logo\":{\"@id\":\"https:\\\/\\\/ubirataonline.com.br\\\/jose-pinto-asegura-que-guatemala-esta-motivada\\\/#local-main-organization-logo\"},\"image\":{\"@id\":\"https:\\\/\\\/ubirataonline.com.br\\\/jose-pinto-asegura-que-guatemala-esta-motivada\\\/#local-main-organization-logo\"},\"sameAs\":[\"https:\\\/\\\/www.facebook.com\\\/portalubirataonline\",\"https:\\\/\\\/x.com\\\/ubirataonline\",\"https:\\\/\\\/mastodon.social\\\/@ubirataonline\",\"https:\\\/\\\/www.facebook.com\\\/groups\\\/311144672285604\",\"https:\\\/\\\/www.facebook.com\\\/UBTAOnline\",\"https:\\\/\\\/www.instagram.com\\\/portalubirataonline\\\/\",\"https:\\\/\\\/twitter.com\\\/ubirataonline\"],\"description\":\"Somos um portal de not\u00edcias independente, criado em 5 de janeiro de 2009, com o objetivo de informar, conectar e valorizar a nossa comunidade de Ubirat\u00e3 e toda aregi\u00e3o. Com conte\u00fado atualizado, confi\u00e1vel e relevante, o Ubirat\u00e3 Online \u00e9 o seu espa\u00e7o para ficar por dentro dos principais acontecimentos locais, regionais, Brasil, Mundo e de interesse geral. Nosso compromisso \u00e9 com a verdade, a transpar\u00eancia e o respeito ao leitor.\",\"legalName\":\"UBIRATA ONLINE NOT\u00cdCIAS\",\"foundingDate\":\"2009-01-05\",\"numberOfEmployees\":{\"@type\":\"QuantitativeValue\",\"minValue\":\"1\",\"maxValue\":\"10\"},\"publishingPrinciples\":\"https:\\\/\\\/ubirataonline.com.br\\\/faq\\\/\",\"address\":{\"@id\":\"https:\\\/\\\/ubirataonline.com.br\\\/jose-pinto-asegura-que-guatemala-esta-motivada\\\/#local-main-place-address\"},\"geo\":{\"@type\":\"GeoCoordinates\",\"latitude\":\"-24.5361401\",\"longitude\":\"-52.9921776\"},\"telephone\":[\"+5544998308235\"],\"contactPoint\":{\"@type\":\"ContactPoint\",\"email\":\"contato@ubirataonline.com.br\"},\"openingHoursSpecification\":{\"@type\":\"OpeningHoursSpecification\",\"dayOfWeek\":[\"Monday\",\"Tuesday\",\"Wednesday\",\"Thursday\",\"Friday\",\"Saturday\",\"Sunday\"],\"opens\":\"00:00\",\"closes\":\"23:59\"},\"email\":\"contato@ubirataonline.com.br\",\"vatID\":\"47.621.418\\\/0001-80\"},{\"@type\":\"Person\",\"@id\":\"https:\\\/\\\/ubirataonline.com.br\\\/#\\\/schema\\\/person\\\/372f87bbd3fdd79b8556b84c98d0bc1c\",\"name\":\"REDA\u00c7\u00c3O: UBIRAT\u00c3 ONLINE - F\u00c1BIO AUGUSTO CELESTINO\",\"pronouns\":\"Ele\",\"description\":\"Desde 2003 trabalhando com not\u00edcias.\",\"sameAs\":[\"http:\\\/\\\/ubirataoline.com.br\",\"https:\\\/\\\/www.facebook.com\\\/portalubirataonline\",\"https:\\\/\\\/www.instagram.com\\\/ubirataonline_oficial\",\"https:\\\/\\\/x.com\\\/x.com\\\/ubirataonline\"],\"honorificPrefix\":\"Mr.\",\"honorificSuffix\":\"MD\",\"birthDate\":\"1980-06-16\",\"gender\":\"masculino\",\"award\":[\"V\u00e1rios pr\u00eamios de melhor portal da cidade\"],\"jobTitle\":\"Diretor\",\"url\":\"https:\\\/\\\/ubirataonline.com.br\\\/en\\\/author\\\/ubirataonline\\\/\"},{\"@type\":\"PostalAddress\",\"@id\":\"https:\\\/\\\/ubirataonline.com.br\\\/jose-pinto-asegura-que-guatemala-esta-motivada\\\/#local-main-place-address\",\"streetAddress\":\"Rua dos Coqueiros, 104 - Bairro Boa Vista, Rua dos Coqueiros, 104 Bairro Boa Vista\",\"addressLocality\":\"UBIRATA\",\"postalCode\":\"85440-000\",\"addressRegion\":\"PR\",\"addressCountry\":\"BR\"},{\"@type\":\"ImageObject\",\"inLanguage\":\"en-US\",\"@id\":\"https:\\\/\\\/ubirataonline.com.br\\\/jose-pinto-asegura-que-guatemala-esta-motivada\\\/#local-main-organization-logo\",\"url\":\"https:\\\/\\\/ubirataonline.com.br\\\/wp-content\\\/uploads\\\/2026\\\/06\\\/logoubirataonline-1.webp\",\"contentUrl\":\"https:\\\/\\\/ubirataonline.com.br\\\/wp-content\\\/uploads\\\/2026\\\/06\\\/logoubirataonline-1.webp\",\"width\":500,\"height\":500,\"caption\":\"Ubirat\u00e3 Online Not\u00edcias\"}]}<\/script>\n<meta name=\"geo.placename\" content=\"UBIRATA\" \/>\n<meta name=\"geo.position\" content=\"-24.5361401;-52.9921776\" \/>\n<meta name=\"geo.region\" content=\"Brazil\" \/>\n<!-- \/ Yoast SEO Premium plugin. -->","yoast_head_json":{"title":"Jos\u00e9 Pinto asegura que Guatemala est\u00e1 motivada - Ubirat\u00e3 Online Not\u00edcias - A realidade ao seu alcance!","description":"PANAM\u00c1 \u2013 El capit\u00e1n de la azul y blanco dej\u00f3 claro que ya se dej\u00f3 atr\u00e1s la derrota contra La Selecta y ahora busca reponerse versus los canaleros.La","robots":{"index":"index","follow":"follow","max-snippet":"max-snippet:-1","max-image-preview":"max-image-preview:large","max-video-preview":"max-video-preview:-1"},"canonical":"https:\/\/ubirataonline.com.br\/en\/jose-pinto-asegura-que-guatemala-esta-motivada\/","og_locale":"en_US","og_type":"article","og_title":"Jos\u00e9 Pinto asegura que Guatemala est\u00e1 motivada","og_description":"PANAM\u00c1 \u2013 El capit\u00e1n de la azul y blanco dej\u00f3 claro que ya se dej\u00f3 atr\u00e1s la derrota contra La Selecta y ahora busca reponerse versus los canaleros.La","og_url":"https:\/\/ubirataonline.com.br\/en\/jose-pinto-asegura-que-guatemala-esta-motivada\/","og_site_name":"Ubirat\u00e3 Online Not\u00edcias - A realidade ao seu alcance!","article_publisher":"https:\/\/www.facebook.com\/portalubirataonline","article_author":"https:\/\/www.facebook.com\/portalubirataonline","article_published_time":"2025-09-09T03:07:50+00:00","og_image":[{"width":1531,"height":418,"url":"https:\/\/ubirataonline.com.br\/wp-content\/uploads\/2026\/05\/logo2026.webp","type":"image\/webp"}],"author":"REDA\u00c7\u00c3O: UBIRAT\u00c3 ONLINE - F\u00c1BIO AUGUSTO CELESTINO","twitter_card":"summary_large_image","twitter_creator":"@x.com\/ubirataonline","twitter_site":"@ubirataonline","twitter_misc":{"Written by":"REDA\u00c7\u00c3O: UBIRAT\u00c3 ONLINE - F\u00c1BIO AUGUSTO CELESTINO","Est. reading time":"1 minute"},"schema":{"@context":"https:\/\/schema.org","@graph":[{"@type":"NewsArticle","@id":"https:\/\/ubirataonline.com.br\/jose-pinto-asegura-que-guatemala-esta-motivada\/#article","isPartOf":{"@id":"https:\/\/ubirataonline.com.br\/jose-pinto-asegura-que-guatemala-esta-motivada\/"},"author":{"name":"REDA\u00c7\u00c3O: UBIRAT\u00c3 ONLINE - F\u00c1BIO AUGUSTO CELESTINO","@id":"https:\/\/ubirataonline.com.br\/#\/schema\/person\/372f87bbd3fdd79b8556b84c98d0bc1c"},"headline":"Jos\u00e9 Pinto asegura que Guatemala est\u00e1 motivada","datePublished":"2025-09-09T03:07:50+00:00","mainEntityOfPage":{"@id":"https:\/\/ubirataonline.com.br\/jose-pinto-asegura-que-guatemala-esta-motivada\/"},"wordCount":241,"publisher":{"@id":"https:\/\/ubirataonline.com.br\/#organization"},"image":{"@id":"https:\/\/ubirataonline.com.br\/jose-pinto-asegura-que-guatemala-esta-motivada\/#primaryimage"},"thumbnailUrl":"https:\/\/ubirataonline.com.br\/wp-content\/uploads\/2025\/09\/2Fv22Fphotobooth2Fcms2Fpt-br2F416351363Fdate2025-09-09.jpeg","articleSection":["Brasil"],"inLanguage":"en-US","copyrightYear":"2025","copyrightHolder":{"@id":"https:\/\/ubirataonline.com.br\/en\/#organization"}},{"@type":"WebPage","@id":"https:\/\/ubirataonline.com.br\/jose-pinto-asegura-que-guatemala-esta-motivada\/","url":"https:\/\/ubirataonline.com.br\/jose-pinto-asegura-que-guatemala-esta-motivada\/","name":"Jos\u00e9 Pinto asegura que Guatemala est\u00e1 motivada - Ubirat\u00e3 Online Not\u00edcias - A realidade ao seu alcance!","isPartOf":{"@id":"https:\/\/ubirataonline.com.br\/#website"},"primaryImageOfPage":{"@id":"https:\/\/ubirataonline.com.br\/jose-pinto-asegura-que-guatemala-esta-motivada\/#primaryimage"},"image":{"@id":"https:\/\/ubirataonline.com.br\/jose-pinto-asegura-que-guatemala-esta-motivada\/#primaryimage"},"thumbnailUrl":"https:\/\/ubirataonline.com.br\/wp-content\/uploads\/2025\/09\/2Fv22Fphotobooth2Fcms2Fpt-br2F416351363Fdate2025-09-09.jpeg","datePublished":"2025-09-09T03:07:50+00:00","description":"PANAM\u00c1 \u2013 El capit\u00e1n de la azul y blanco dej\u00f3 claro que ya se dej\u00f3 atr\u00e1s la derrota contra La Selecta y ahora busca reponerse versus los canaleros.La","breadcrumb":{"@id":"https:\/\/ubirataonline.com.br\/jose-pinto-asegura-que-guatemala-esta-motivada\/#breadcrumb"},"inLanguage":"en-US","potentialAction":[{"@type":"ReadAction","target":["https:\/\/ubirataonline.com.br\/jose-pinto-asegura-que-guatemala-esta-motivada\/"]}]},{"@type":"ImageObject","inLanguage":"en-US","@id":"https:\/\/ubirataonline.com.br\/jose-pinto-asegura-que-guatemala-esta-motivada\/#primaryimage","url":"https:\/\/ubirataonline.com.br\/wp-content\/uploads\/2025\/09\/2Fv22Fphotobooth2Fcms2Fpt-br2F416351363Fdate2025-09-09.jpeg","contentUrl":"https:\/\/ubirataonline.com.br\/wp-content\/uploads\/2025\/09\/2Fv22Fphotobooth2Fcms2Fpt-br2F416351363Fdate2025-09-09.jpeg","width":1200,"height":630},{"@type":"BreadcrumbList","@id":"https:\/\/ubirataonline.com.br\/jose-pinto-asegura-que-guatemala-esta-motivada\/#breadcrumb","itemListElement":[{"@type":"ListItem","position":1,"name":"In\u00edcio","item":"https:\/\/ubirataonline.com.br\/"},{"@type":"ListItem","position":2,"name":"Jos\u00e9 Pinto asegura que Guatemala est\u00e1 motivada"}]},{"@type":"WebSite","@id":"https:\/\/ubirataonline.com.br\/#website","url":"https:\/\/ubirataonline.com.br\/","name":"Ubirat\u00e3 Online Not\u00edcias","description":"Not\u00edcias de Ubirat\u00e3, regi\u00e3o, Brasil e mundo, com informa\u00e7\u00e3o atualizada e compromisso com o leitor.","publisher":{"@id":"https:\/\/ubirataonline.com.br\/#organization"},"alternateName":"Ubirat\u00e3 Online","potentialAction":[{"@type":"SearchAction","target":{"@type":"EntryPoint","urlTemplate":"https:\/\/ubirataonline.com.br\/?s={search_term_string}"},"query-input":{"@type":"PropertyValueSpecification","valueRequired":true,"valueName":"search_term_string"}}],"inLanguage":"en-US"},{"@type":["Organization","Place"],"@id":"https:\/\/ubirataonline.com.br\/#organization","name":"Ubirat\u00e3 Online Not\u00edcias","alternateName":"Ubirat\u00e3 Online","url":"https:\/\/ubirataonline.com.br\/","logo":{"@id":"https:\/\/ubirataonline.com.br\/jose-pinto-asegura-que-guatemala-esta-motivada\/#local-main-organization-logo"},"image":{"@id":"https:\/\/ubirataonline.com.br\/jose-pinto-asegura-que-guatemala-esta-motivada\/#local-main-organization-logo"},"sameAs":["https:\/\/www.facebook.com\/portalubirataonline","https:\/\/x.com\/ubirataonline","https:\/\/mastodon.social\/@ubirataonline","https:\/\/www.facebook.com\/groups\/311144672285604","https:\/\/www.facebook.com\/UBTAOnline","https:\/\/www.instagram.com\/portalubirataonline\/","https:\/\/twitter.com\/ubirataonline"],"description":"Somos um portal de not\u00edcias independente, criado em 5 de janeiro de 2009, com o objetivo de informar, conectar e valorizar a nossa comunidade de Ubirat\u00e3 e toda aregi\u00e3o. Com conte\u00fado atualizado, confi\u00e1vel e relevante, o Ubirat\u00e3 Online \u00e9 o seu espa\u00e7o para ficar por dentro dos principais acontecimentos locais, regionais, Brasil, Mundo e de interesse geral. Nosso compromisso \u00e9 com a verdade, a transpar\u00eancia e o respeito ao leitor.","legalName":"UBIRATA ONLINE NOT\u00cdCIAS","foundingDate":"2009-01-05","numberOfEmployees":{"@type":"QuantitativeValue","minValue":"1","maxValue":"10"},"publishingPrinciples":"https:\/\/ubirataonline.com.br\/faq\/","address":{"@id":"https:\/\/ubirataonline.com.br\/jose-pinto-asegura-que-guatemala-esta-motivada\/#local-main-place-address"},"geo":{"@type":"GeoCoordinates","latitude":"-24.5361401","longitude":"-52.9921776"},"telephone":["+5544998308235"],"contactPoint":{"@type":"ContactPoint","email":"contato@ubirataonline.com.br"},"openingHoursSpecification":{"@type":"OpeningHoursSpecification","dayOfWeek":["Monday","Tuesday","Wednesday","Thursday","Friday","Saturday","Sunday"],"opens":"00:00","closes":"23:59"},"email":"contato@ubirataonline.com.br","vatID":"47.621.418\/0001-80"},{"@type":"Person","@id":"https:\/\/ubirataonline.com.br\/#\/schema\/person\/372f87bbd3fdd79b8556b84c98d0bc1c","name":"REDA\u00c7\u00c3O: UBIRAT\u00c3 ONLINE - F\u00c1BIO AUGUSTO CELESTINO","pronouns":"Ele","description":"Desde 2003 trabalhando com not\u00edcias.","sameAs":["http:\/\/ubirataoline.com.br","https:\/\/www.facebook.com\/portalubirataonline","https:\/\/www.instagram.com\/ubirataonline_oficial","https:\/\/x.com\/x.com\/ubirataonline"],"honorificPrefix":"Mr.","honorificSuffix":"MD","birthDate":"1980-06-16","gender":"masculino","award":["V\u00e1rios pr\u00eamios de melhor portal da cidade"],"jobTitle":"Diretor","url":"https:\/\/ubirataonline.com.br\/en\/author\/ubirataonline\/"},{"@type":"PostalAddress","@id":"https:\/\/ubirataonline.com.br\/jose-pinto-asegura-que-guatemala-esta-motivada\/#local-main-place-address","streetAddress":"Rua dos Coqueiros, 104 - Bairro Boa Vista, Rua dos Coqueiros, 104 Bairro Boa Vista","addressLocality":"UBIRATA","postalCode":"85440-000","addressRegion":"PR","addressCountry":"BR"},{"@type":"ImageObject","inLanguage":"en-US","@id":"https:\/\/ubirataonline.com.br\/jose-pinto-asegura-que-guatemala-esta-motivada\/#local-main-organization-logo","url":"https:\/\/ubirataonline.com.br\/wp-content\/uploads\/2026\/06\/logoubirataonline-1.webp","contentUrl":"https:\/\/ubirataonline.com.br\/wp-content\/uploads\/2026\/06\/logoubirataonline-1.webp","width":500,"height":500,"caption":"Ubirat\u00e3 Online Not\u00edcias"}]},"geo.placename":"UBIRATA","geo.position":{"lat":"-24.5361401","long":"-52.9921776"},"geo.region":"Brazil"},"_links":{"self":[{"href":"https:\/\/ubirataonline.com.br\/en\/wp-json\/wp\/v2\/posts\/67701","targetHints":{"allow":["GET"]}}],"collection":[{"href":"https:\/\/ubirataonline.com.br\/en\/wp-json\/wp\/v2\/posts"}],"about":[{"href":"https:\/\/ubirataonline.com.br\/en\/wp-json\/wp\/v2\/types\/post"}],"author":[{"embeddable":true,"href":"https:\/\/ubirataonline.com.br\/en\/wp-json\/wp\/v2\/users\/1"}],"replies":[{"embeddable":true,"href":"https:\/\/ubirataonline.com.br\/en\/wp-json\/wp\/v2\/comments?post=67701"}],"version-history":[{"count":0,"href":"https:\/\/ubirataonline.com.br\/en\/wp-json\/wp\/v2\/posts\/67701\/revisions"}],"wp:featuredmedia":[{"embeddable":true,"href":"https:\/\/ubirataonline.com.br\/en\/wp-json\/wp\/v2\/media\/67702"}],"wp:attachment":[{"href":"https:\/\/ubirataonline.com.br\/en\/wp-json\/wp\/v2\/media?parent=67701"}],"wp:term":[{"taxonomy":"category","embeddable":true,"href":"https:\/\/ubirataonline.com.br\/en\/wp-json\/wp\/v2\/categories?post=67701"},{"taxonomy":"post_tag","embeddable":true,"href":"https:\/\/ubirataonline.com.br\/en\/wp-json\/wp\/v2\/tags?post=67701"}],"curies":[{"name":"wp","href":"https:\/\/api.w.org\/{rel}","templated":true}]}}