{"id":67710,"date":"2025-09-09T02:10:52","date_gmt":"2025-09-09T05:10:52","guid":{"rendered":"https:\/\/ubirataonline.com.br\/cavaquinista-da-zona-leste-de-sp-lanca-ep-com-musicas-ineditas-de-mestre-siqueira\/"},"modified":"2025-09-09T02:10:52","modified_gmt":"2025-09-09T05:10:52","slug":"cavaquinista-da-zona-leste-de-sp-lanca-ep-com-musicas-ineditas-de-mestre-siqueira","status":"publish","type":"post","link":"https:\/\/ubirataonline.com.br\/en\/cavaquinista-da-zona-leste-de-sp-lanca-ep-com-musicas-ineditas-de-mestre-siqueira\/","title":{"rendered":"Cavaquinista da Zona Leste de SP lan\u00e7a EP com m\u00fasicas in\u00e9ditas de Mestre Siqueira"},"content":{"rendered":"<p><\/p>\n<div data-fusion-lazy-id=\"c0fU1XoBeo0W6eY\">\n<p data-component-name=\"paragraph\" class=\"styles__ParagraphStyled-sc-6adecn-0 cWrRiu  \">No \u00faltimo dia 8 de agosto, o m\u00fasico <strong>L\u00e9o Matheus<\/strong>, 26, lan\u00e7ou o segundo EP do projeto <em>In\u00e9ditas do Mestre Siqueira<\/em>, que tem como objetivo homenagear o cavaquinista <strong>Mestre Siqueira<\/strong> registrando uma pequena parte da sua obra.<\/p>\n<div data-component-name=\"multi-paragraph\" class=\"styles__MultiParagraphAdStyled-sc-1yb8ue6-0 gJoYAt\">\n<div class=\"paragraph\">\n<p>O primeiro single do projeto foi lan\u00e7ado em janeiro de 2025, seguido de um EP com quatro m\u00fasicas que saiu em fevereiro. Em julho, mais um single chegou \u00e0s plataformas digitais, que antecipou o EP lan\u00e7ado no dia 8. O disco completo est\u00e1 previsto para setembro e contar\u00e1 com as oito m\u00fasicas j\u00e1 conhecidas e mais duas in\u00e9ditas.<\/p>\n<p>Mestre Siqueira come\u00e7ou a tocar cavaquinho aos 13 anos, mas seu projeto de estreia s\u00f3 veio em 2013, o \u00e1lbum <em>Entre N\u00f3s<\/em>, produzido pelo m\u00fasico Pedro Cantalice, idealizador do site <a href=\"https:\/\/www.memoriadocavaquinho.com.br\/\" target=\"_blank\" rel=\"\">Mem\u00f3ria do Cavaquinho Brasileiro<\/a>.<\/p>\n<\/div>\n<\/div>\n<figure class=\"styles__FigureImageWrapper-sc-1qk1vbn-0 NaVlt figure-image-wrapper   \">\n<div class=\"figure-image-container\" style=\"aspect-ratio:3024 \/ 4032\"><button class=\"expandir imagem\"><svg xmlns=\"http:\/\/www.w3.org\/2000\/svg\" width=\"16\" height=\"16\" viewbox=\"0 0 16 16\" fill=\"none\"\/><\/button><img srcset=\"https:\/\/www.estadao.com.br\/resizer\/v2\/ECMECEWGWVAONGZOQGQIPXNKNE.jpeg?quality=80&amp;auth=e0db6724305c2f7663eb0aadb12456dca4d143d1735ce608aa52c8284e6f5155&amp;width=380 768w, https:\/\/www.estadao.com.br\/resizer\/v2\/ECMECEWGWVAONGZOQGQIPXNKNE.jpeg?quality=80&amp;auth=e0db6724305c2f7663eb0aadb12456dca4d143d1735ce608aa52c8284e6f5155&amp;width=768 1024w, https:\/\/www.estadao.com.br\/resizer\/v2\/ECMECEWGWVAONGZOQGQIPXNKNE.jpeg?quality=80&amp;auth=e0db6724305c2f7663eb0aadb12456dca4d143d1735ce608aa52c8284e6f5155&amp;width=1200 1322w\" loading=\"lazy\" class=\"lazy-load-img\"\/><\/div><figcaption class=\"ignore-change-font-for-app\">\n<p>Mestre Siqueira e L\u00e9o Matheus em imagens de divulga\u00e7\u00e3o do \u00e1lbum<!-- -->\u00a0<span>Foto: <!-- --> <!-- -->Leonardo Gomes<\/span><\/p>\n<\/figcaption><\/figure>\n<p data-component-name=\"paragraph\" class=\"styles__ParagraphStyled-sc-6adecn-0 cWrRiu  \">Foi atrav\u00e9s desse site que L\u00e9o conheceu o cavaquinista. De primeira, ficou impressionado com a forma como Siqueira tocava e come\u00e7ou a pesquisar mais sobre aquela figura. \u201cA obra dele tem um car\u00e1ter moderno, ele explora caminhos n\u00e3o t\u00e3o comuns. \u00c9 uma obra ousada, ele \u00e9 um cara muito inventivo e foi isso que me pegou a princ\u00edpio\u201d, comenta.<\/p>\n<p data-component-name=\"paragraph\" class=\"styles__ParagraphStyled-sc-6adecn-0 cWrRiu  \">Pouco depois, durante a produ\u00e7\u00e3o do seu TCC para faculdade de Licenciatura em M\u00fasica na Universidade Estadual Paulista (Unesp), L\u00e9o entrevistou Mestre Siqueira e conheceu diversas m\u00fasicas in\u00e9ditas e sem registros, que Siqueira comp\u00f5e e guarda apenas na mem\u00f3ria. \u201cEle me apresentou um repert\u00f3rio maravilhoso de m\u00fasicas dele, tudo na mem\u00f3ria. Ele n\u00e3o escreve partitura, foi uma coisa que me impressionou muito, porque ele guarda todo o acervo dele na cabe\u00e7a e tem isso na m\u00e3o muito f\u00e1cil\u201d, diz.<\/p>\n<p data-component-name=\"paragraph\" class=\"styles__ParagraphStyled-sc-6adecn-0 cWrRiu  \">Nascido e criado em Itaquera, zona leste de S\u00e3o Paulo, L\u00e9o j\u00e1 acumula 10 anos de carreira e hoje faz parte dos grupos Samba Sem Patente e Quarteto Fora de Contexto, com quem produziu e lan\u00e7ou trabalhos autorais. Tamb\u00e9m \u00e9 diretor musical da cantora e compositora Ay\u00f4 Tupinamb\u00e1, al\u00e9m de atuar junto a grupos de samba e choro em diversos locais da cidade.<\/p>\n<figure class=\"styles__FigureImageWrapper-sc-1qk1vbn-0 NaVlt figure-image-wrapper   \">\n<div class=\"figure-image-container\" style=\"aspect-ratio:3024 \/ 4032\"><button class=\"expandir imagem\"><svg xmlns=\"http:\/\/www.w3.org\/2000\/svg\" width=\"16\" height=\"16\" viewbox=\"0 0 16 16\" fill=\"none\"\/><\/button><img srcset=\"https:\/\/www.estadao.com.br\/resizer\/v2\/FSITZVKEPBEY3F7K2WVK4TANQM.jpeg?quality=80&amp;auth=8788755dd3324244da969e6ce0eb9be1c8edbba38d366c1f0c1b076edec96b60&amp;width=380 768w, https:\/\/www.estadao.com.br\/resizer\/v2\/FSITZVKEPBEY3F7K2WVK4TANQM.jpeg?quality=80&amp;auth=8788755dd3324244da969e6ce0eb9be1c8edbba38d366c1f0c1b076edec96b60&amp;width=768 1024w, https:\/\/www.estadao.com.br\/resizer\/v2\/FSITZVKEPBEY3F7K2WVK4TANQM.jpeg?quality=80&amp;auth=8788755dd3324244da969e6ce0eb9be1c8edbba38d366c1f0c1b076edec96b60&amp;width=1200 1322w\" loading=\"lazy\" class=\"lazy-load-img\"\/><\/div><figcaption class=\"ignore-change-font-for-app\">\n<p>L\u00e9o Matheus lan\u00e7a seu primeiro disco solo em 10 anos de carreira<!-- -->\u00a0<span>Foto: <!-- --> <!-- -->Leonardo Gomes<\/span><\/p>\n<\/figcaption><\/figure>\n<p data-component-name=\"paragraph\" class=\"styles__ParagraphStyled-sc-6adecn-0 cWrRiu  \">Com tanta experi\u00eancia no cen\u00e1rio independente, o m\u00fasico viu que era o momento de lan\u00e7ar um projeto solo e decidiu usar a oportunidade para registrar m\u00fasicas in\u00e9ditas do artista que o impressionou, para apresent\u00e1-lo a um novo p\u00fablico.<\/p>\n<p data-component-name=\"paragraph\" class=\"styles__ParagraphStyled-sc-6adecn-0 cWrRiu  \">O disco tamb\u00e9m conta com a participa\u00e7\u00e3o especial de diversos nomes do cen\u00e1rio musical paulistano, s\u00e3o eles: Bill Davisonsz, Henrique Ara\u00fajo, Javiera Hunfan, Jo\u00e3o Pellegrini, Kevin Augusto, Laura Santos, Paulo Novais e Toninho Ferragutti.<\/p>\n<p><h3 id=\"o-mestre-incompreendido\">O mestre incompreendido<\/h3>\n<\/p>\n<p data-component-name=\"paragraph\" class=\"styles__ParagraphStyled-sc-6adecn-0 cWrRiu  \">Filho de pai bandolinista e m\u00e3e pianista, Mestre Siqueira nasceu em Pernambuco e conta que a paix\u00e3o pela m\u00fasica veio ao observar seus pais tocando em casa. \u201cQuando os meus pais se reuniam com os amigos, as crian\u00e7as n\u00e3o podiam passar nem perto, eu ficava de longe vendo eles tocar. Quando acabava, eles colocavam os instrumentos no quarto e eu ia l\u00e1 escondido, tocava e ouvia aquele som, achava maravilhoso\u201d, relembra.<\/p>\n<p data-component-name=\"paragraph\" class=\"styles__ParagraphStyled-sc-6adecn-0 cWrRiu  \">Ainda crian\u00e7a, pedia para que a m\u00e3e comprasse para ele um cavaquinho, que ele chamava de \u201cviol\u00e3o pequeno\u201d. S\u00f3 conseguiu comprar o instrumento anos depois, j\u00e1 no Rio de Janeiro, guardando dinheiro de seu trabalho.<\/p>\n<p data-component-name=\"paragraph\" class=\"styles__ParagraphStyled-sc-6adecn-0 cWrRiu  \">Com 87 anos, Siqueira construiu sua carreira no choro e no samba, tendo tocado ao lado de nomes como Alcione, Velha Guarda da Mangueira, Elza Soares e Pixinguinha. Al\u00e9m do EP<em> Entre N\u00f3s<\/em>, tamb\u00e9m possui dois discos lan\u00e7ados, solando choros, valsas, polcas, sambas e jongos, mostrando sua versatilidade musical.<\/p>\n<figure class=\"styles__FigureImageWrapper-sc-1qk1vbn-0 NaVlt figure-image-wrapper   \">\n<div class=\"figure-image-container\" style=\"aspect-ratio:3024 \/ 4032\"><button class=\"expandir imagem\"><svg xmlns=\"http:\/\/www.w3.org\/2000\/svg\" width=\"16\" height=\"16\" viewbox=\"0 0 16 16\" fill=\"none\"\/><\/button><img srcset=\"https:\/\/www.estadao.com.br\/resizer\/v2\/T6JCHWAJHBHKFGCYTUYNOCFDGI.jpeg?quality=80&amp;auth=0df1c12d6548a64c69765a06c65a9004a940bbbca719116bf3c2df45b51efbc3&amp;width=380 768w, https:\/\/www.estadao.com.br\/resizer\/v2\/T6JCHWAJHBHKFGCYTUYNOCFDGI.jpeg?quality=80&amp;auth=0df1c12d6548a64c69765a06c65a9004a940bbbca719116bf3c2df45b51efbc3&amp;width=768 1024w, https:\/\/www.estadao.com.br\/resizer\/v2\/T6JCHWAJHBHKFGCYTUYNOCFDGI.jpeg?quality=80&amp;auth=0df1c12d6548a64c69765a06c65a9004a940bbbca719116bf3c2df45b51efbc3&amp;width=1200 1322w\" loading=\"lazy\" class=\"lazy-load-img\"\/><\/div><figcaption class=\"ignore-change-font-for-app\">\n<p>Mestre Siqueira e L\u00e9o Matheus tocando cavaquinho na casa de Siqueira<!-- -->\u00a0<span>Foto: <!-- --> <!-- -->Leonardo Gomes<\/span><\/p>\n<\/figcaption><\/figure>\n<p data-component-name=\"paragraph\" class=\"styles__ParagraphStyled-sc-6adecn-0 cWrRiu  \">A versatilidade, que chamou a aten\u00e7\u00e3o de L\u00e9o Matheus, tamb\u00e9m fez com que as m\u00fasicas do cavaquinista fossem discriminadas por muito tempo. \u00c9 o que diz Pedro Cantalice, respons\u00e1vel pelo primeiro EP do Mestre Siqueira e pelo site Mem\u00f3ria do Cavaquinho Brasileiro. \u201cA concep\u00e7\u00e3o harm\u00f4nica dele sempre foi mais moderna. Ele se queixava que o pessoal n\u00e3o sabia os acordes das m\u00fasicas dele. At\u00e9 hoje, quando se toca m\u00fasicas do Siqueira em roda de choro, as pessoas falam que s\u00e3o muito complexas\u201d, conta.<\/p>\n<div data-component-name=\"multi-paragraph\" class=\"styles__MultiParagraphAdStyled-sc-1yb8ue6-0 gJoYAt\">\n<div class=\"paragraph\">\n<p>\u201cPrecisaram passar gera\u00e7\u00f5es para que ele pudesse gravar as primeiras m\u00fasicas, com 75 anos. Conseguimos gravar tr\u00eas \u00e1lbuns e depois disso conhecemos o mundo. Antes ele era Siqueira do Cavaco, depois disso virou Mestre Siqueira\u201d, completa Pedro.<\/p>\n<p><h3 id=\"reconhecimento-e-legado\">Reconhecimento e legado<\/h3>\n<\/p>\n<p>Por ter uma composi\u00e7\u00e3o moderna, Mestre Siqueira sempre esteve \u00e0 frente do seu tempo. Com o novo EP, uma nova gera\u00e7\u00e3o de ouvintes est\u00e1 tendo acesso \u00e0 sua m\u00fasica, como diz L\u00e9o Matheus. \u201cFoi interessante as pessoas virem falar comigo atrelando minha imagem ao projeto. Pessoas que eu n\u00e3o conhecia vieram falar que conheceram o Siqueira atrav\u00e9s do disco. Esse \u00e9 um dos principais objetivos: divulgar a obra dele, fazer com que ele seja mais pesquisado, escutado e tocado\u201d, conta.<\/p>\n<p>Mestre Siqueira diz que o sentimento \u00e9 de miss\u00e3o cumprida ao ver os jovens conhecendo sua m\u00fasica e que entregar suas composi\u00e7\u00f5es para m\u00fasicos como Pedro e L\u00e9o gravarem \u00e9 uma forma de seguir seu legado. \u201cA miss\u00e3o \u00e9 essa, passar para as outras pessoas para que n\u00e3o deixem acabar\u201d, reflete. \u201dEu estava entregando [as m\u00fasicas] a eles porque eu sabia que minha gera\u00e7\u00e3o estava terminando. Mas eles v\u00e3o dar continuidade, a m\u00fasica n\u00e3o acaba\u201d, diz.<\/p>\n<\/div>\n<\/div>\n<figure class=\"styles__FigureImageWrapper-sc-1qk1vbn-0 NaVlt figure-image-wrapper   \">\n<div class=\"figure-image-container\" style=\"aspect-ratio:3024 \/ 4032\"><button class=\"expandir imagem\"><svg xmlns=\"http:\/\/www.w3.org\/2000\/svg\" width=\"16\" height=\"16\" viewbox=\"0 0 16 16\" fill=\"none\"\/><\/button><img srcset=\"https:\/\/www.estadao.com.br\/resizer\/v2\/5XFR3WBQKJCGDOP3AXDPVQBG6E.jpeg?quality=80&amp;auth=ade1b7ae3da5998a68d0e6453e24e7e42ecc718fc687258c11ed3b35eabca8f8&amp;width=380 768w, https:\/\/www.estadao.com.br\/resizer\/v2\/5XFR3WBQKJCGDOP3AXDPVQBG6E.jpeg?quality=80&amp;auth=ade1b7ae3da5998a68d0e6453e24e7e42ecc718fc687258c11ed3b35eabca8f8&amp;width=768 1024w, https:\/\/www.estadao.com.br\/resizer\/v2\/5XFR3WBQKJCGDOP3AXDPVQBG6E.jpeg?quality=80&amp;auth=ade1b7ae3da5998a68d0e6453e24e7e42ecc718fc687258c11ed3b35eabca8f8&amp;width=1200 1322w\" loading=\"lazy\" class=\"lazy-load-img\"\/><\/div><figcaption class=\"ignore-change-font-for-app\">\n<p>Uma nova gera\u00e7\u00e3o de ouvintes est\u00e1 conhecendo Mestre Siqueira gra\u00e7as ao projeto<!-- -->\u00a0<span>Foto: <!-- --> <!-- -->Leonardo Gomes<\/span><\/p>\n<\/figcaption><\/figure>\n<div data-component-name=\"multi-paragraph\" class=\"styles__MultiParagraphAdStyled-sc-1yb8ue6-0 gJoYAt\">\n<div class=\"paragraph\">\n<p>L\u00e9o Matheus diz que o projeto n\u00e3o para s\u00f3 no lan\u00e7amento do \u00e1lbum: a ideia \u00e9 fazer shows em S\u00e3o Paulo e no Rio de Janeiro, sob os olhares de Mestre Siqueira. \u201cO processo do disco \u00e9 muito legal, mas o show \u00e9 um outro lugar. \u00c9 muito legal apresentar isso ao vivo para as pessoas que querem assistir. Eu estou empolgado com a aceita\u00e7\u00e3o do p\u00fablico, muita gente vem acompanhando e perguntando quando lan\u00e7am as pr\u00f3ximas m\u00fasicas, isso \u00e9 gratificante\u201d, conta.<\/p>\n<p>Ao ver seu legado sendo levado adiante, Mestre Siqueira reflete sobre a continuidade da cultura e relaciona a m\u00fasica \u00e0 constru\u00e7\u00e3o. \u201cQuando o povo come\u00e7ou a construir, era com pau a pique, depois vieram os tijolos. As coisas v\u00e3o crescendo, v\u00e3o aparecendo novos caminhos e novas estradas. Atualmente eu sou alicerce. Voc\u00eas v\u00e3o fazer muitas coisas, mas n\u00e3o v\u00e3o fugir do alicerce, ele \u00e9 intoc\u00e1vel. Sem o pau a pique, n\u00e3o existiriam os tijolos\u201d, completa.<\/p>\n<\/div>\n<\/div>\n<\/div>\n<p><a href=\"https:\/\/www.estadao.com.br\/cultura\/musica\/cavaquinista-da-zona-leste-de-sp-lanca-ep-com-musicas-ineditas-de-mestre-siqueira\/\">Source link <\/a><\/p>\n","protected":false},"excerpt":{"rendered":"<p>No \u00faltimo dia 8 de agosto, o m\u00fasico L\u00e9o Matheus, 26, lan\u00e7ou o segundo EP do projeto In\u00e9ditas do Mestre Siqueira, que tem como objetivo homenagear o cavaquinista Mestre Siqueira registrando uma pequena parte da sua obra. O primeiro single do projeto foi lan\u00e7ado em janeiro de 2025, seguido de um EP com quatro m\u00fasicas [&hellip;]<\/p>\n","protected":false},"author":1,"featured_media":67711,"comment_status":"","ping_status":"","sticky":false,"template":"","format":"standard","meta":{"googlesitekit_rrm_CAow2JLhCw:productID":"","_gspb_post_css":"","maa_idioma":"","maa_pais":"","footnotes":""},"categories":[4],"tags":[],"class_list":["post-67710","post","type-post","status-publish","format-standard","has-post-thumbnail","hentry","category-brasil"],"blocksy_meta":[],"yoast_head":"<!-- This site is optimized with the Yoast SEO Premium plugin v27.6 (Yoast SEO v27.6) - https:\/\/yoast.com\/product\/yoast-seo-premium-wordpress\/ -->\n<title>Cavaquinista da Zona Leste de SP lan\u00e7a EP com m\u00fasicas in\u00e9ditas de Mestre Siqueira - Ubirat\u00e3 Online Not\u00edcias - A realidade ao seu alcance!<\/title>\n<meta name=\"description\" content=\"No \u00faltimo dia 8 de agosto, o m\u00fasico L\u00e9o Matheus, 26, lan\u00e7ou o segundo EP do projeto In\u00e9ditas do Mestre Siqueira, que tem como objetivo homenagear o\" \/>\n<meta name=\"robots\" content=\"index, follow, max-snippet:-1, max-image-preview:large, max-video-preview:-1\" \/>\n<link rel=\"canonical\" href=\"https:\/\/ubirataonline.com.br\/en\/cavaquinista-da-zona-leste-de-sp-lanca-ep-com-musicas-ineditas-de-mestre-siqueira\/\" \/>\n<meta property=\"og:locale\" content=\"en_US\" \/>\n<meta property=\"og:type\" content=\"article\" \/>\n<meta property=\"og:title\" content=\"Cavaquinista da Zona Leste de SP lan\u00e7a EP com m\u00fasicas in\u00e9ditas de Mestre Siqueira\" \/>\n<meta property=\"og:description\" content=\"No \u00faltimo dia 8 de agosto, o m\u00fasico L\u00e9o Matheus, 26, lan\u00e7ou o segundo EP do projeto In\u00e9ditas do Mestre Siqueira, que tem como objetivo homenagear o\" \/>\n<meta property=\"og:url\" content=\"https:\/\/ubirataonline.com.br\/en\/cavaquinista-da-zona-leste-de-sp-lanca-ep-com-musicas-ineditas-de-mestre-siqueira\/\" \/>\n<meta property=\"og:site_name\" content=\"Ubirat\u00e3 Online Not\u00edcias - A realidade ao seu alcance!\" \/>\n<meta property=\"article:publisher\" content=\"https:\/\/www.facebook.com\/portalubirataonline\" \/>\n<meta property=\"article:author\" content=\"https:\/\/www.facebook.com\/portalubirataonline\" \/>\n<meta property=\"article:published_time\" content=\"2025-09-09T05:10:52+00:00\" \/>\n<meta property=\"og:image\" content=\"https:\/\/ubirataonline.com.br\/wp-content\/uploads\/2026\/05\/logo2026.webp\" \/>\n\t<meta property=\"og:image:width\" content=\"1531\" \/>\n\t<meta property=\"og:image:height\" content=\"418\" \/>\n\t<meta property=\"og:image:type\" content=\"image\/webp\" \/>\n<meta name=\"author\" content=\"REDA\u00c7\u00c3O: UBIRAT\u00c3 ONLINE - F\u00c1BIO AUGUSTO CELESTINO\" \/>\n<meta name=\"twitter:card\" content=\"summary_large_image\" \/>\n<meta name=\"twitter:creator\" content=\"@x.com\/ubirataonline\" \/>\n<meta name=\"twitter:site\" content=\"@ubirataonline\" \/>\n<meta name=\"twitter:label1\" content=\"Written by\" \/>\n\t<meta name=\"twitter:data1\" content=\"REDA\u00c7\u00c3O: UBIRAT\u00c3 ONLINE - F\u00c1BIO AUGUSTO CELESTINO\" \/>\n\t<meta name=\"twitter:label2\" content=\"Est. reading time\" \/>\n\t<meta name=\"twitter:data2\" content=\"6 minutes\" \/>\n<script type=\"application\/ld+json\" class=\"yoast-schema-graph\">{\"@context\":\"https:\\\/\\\/schema.org\",\"@graph\":[{\"@type\":\"NewsArticle\",\"@id\":\"https:\\\/\\\/ubirataonline.com.br\\\/cavaquinista-da-zona-leste-de-sp-lanca-ep-com-musicas-ineditas-de-mestre-siqueira\\\/#article\",\"isPartOf\":{\"@id\":\"https:\\\/\\\/ubirataonline.com.br\\\/cavaquinista-da-zona-leste-de-sp-lanca-ep-com-musicas-ineditas-de-mestre-siqueira\\\/\"},\"author\":{\"name\":\"REDA\u00c7\u00c3O: UBIRAT\u00c3 ONLINE - F\u00c1BIO AUGUSTO CELESTINO\",\"@id\":\"https:\\\/\\\/ubirataonline.com.br\\\/#\\\/schema\\\/person\\\/372f87bbd3fdd79b8556b84c98d0bc1c\"},\"headline\":\"Cavaquinista da Zona Leste de SP lan\u00e7a EP com m\u00fasicas in\u00e9ditas de Mestre Siqueira\",\"datePublished\":\"2025-09-09T05:10:52+00:00\",\"mainEntityOfPage\":{\"@id\":\"https:\\\/\\\/ubirataonline.com.br\\\/cavaquinista-da-zona-leste-de-sp-lanca-ep-com-musicas-ineditas-de-mestre-siqueira\\\/\"},\"wordCount\":1171,\"publisher\":{\"@id\":\"https:\\\/\\\/ubirataonline.com.br\\\/#organization\"},\"image\":{\"@id\":\"https:\\\/\\\/ubirataonline.com.br\\\/cavaquinista-da-zona-leste-de-sp-lanca-ep-com-musicas-ineditas-de-mestre-siqueira\\\/#primaryimage\"},\"thumbnailUrl\":\"https:\\\/\\\/ubirataonline.com.br\\\/wp-content\\\/uploads\\\/2025\\\/09\\\/ECMECEWGWVAONGZOQGQIPXNKNE.jpeg\",\"articleSection\":[\"Brasil\"],\"inLanguage\":\"en-US\",\"copyrightYear\":\"2025\",\"copyrightHolder\":{\"@id\":\"https:\\\/\\\/ubirataonline.com.br\\\/en\\\/#organization\"}},{\"@type\":\"WebPage\",\"@id\":\"https:\\\/\\\/ubirataonline.com.br\\\/cavaquinista-da-zona-leste-de-sp-lanca-ep-com-musicas-ineditas-de-mestre-siqueira\\\/\",\"url\":\"https:\\\/\\\/ubirataonline.com.br\\\/cavaquinista-da-zona-leste-de-sp-lanca-ep-com-musicas-ineditas-de-mestre-siqueira\\\/\",\"name\":\"Cavaquinista da Zona Leste de SP lan\u00e7a EP com m\u00fasicas in\u00e9ditas de Mestre Siqueira - Ubirat\u00e3 Online Not\u00edcias - A realidade ao seu alcance!\",\"isPartOf\":{\"@id\":\"https:\\\/\\\/ubirataonline.com.br\\\/#website\"},\"primaryImageOfPage\":{\"@id\":\"https:\\\/\\\/ubirataonline.com.br\\\/cavaquinista-da-zona-leste-de-sp-lanca-ep-com-musicas-ineditas-de-mestre-siqueira\\\/#primaryimage\"},\"image\":{\"@id\":\"https:\\\/\\\/ubirataonline.com.br\\\/cavaquinista-da-zona-leste-de-sp-lanca-ep-com-musicas-ineditas-de-mestre-siqueira\\\/#primaryimage\"},\"thumbnailUrl\":\"https:\\\/\\\/ubirataonline.com.br\\\/wp-content\\\/uploads\\\/2025\\\/09\\\/ECMECEWGWVAONGZOQGQIPXNKNE.jpeg\",\"datePublished\":\"2025-09-09T05:10:52+00:00\",\"description\":\"No \u00faltimo dia 8 de agosto, o m\u00fasico L\u00e9o Matheus, 26, lan\u00e7ou o segundo EP do projeto In\u00e9ditas do Mestre Siqueira, que tem como objetivo homenagear o\",\"breadcrumb\":{\"@id\":\"https:\\\/\\\/ubirataonline.com.br\\\/cavaquinista-da-zona-leste-de-sp-lanca-ep-com-musicas-ineditas-de-mestre-siqueira\\\/#breadcrumb\"},\"inLanguage\":\"en-US\",\"potentialAction\":[{\"@type\":\"ReadAction\",\"target\":[\"https:\\\/\\\/ubirataonline.com.br\\\/cavaquinista-da-zona-leste-de-sp-lanca-ep-com-musicas-ineditas-de-mestre-siqueira\\\/\"]}]},{\"@type\":\"ImageObject\",\"inLanguage\":\"en-US\",\"@id\":\"https:\\\/\\\/ubirataonline.com.br\\\/cavaquinista-da-zona-leste-de-sp-lanca-ep-com-musicas-ineditas-de-mestre-siqueira\\\/#primaryimage\",\"url\":\"https:\\\/\\\/ubirataonline.com.br\\\/wp-content\\\/uploads\\\/2025\\\/09\\\/ECMECEWGWVAONGZOQGQIPXNKNE.jpeg\",\"contentUrl\":\"https:\\\/\\\/ubirataonline.com.br\\\/wp-content\\\/uploads\\\/2025\\\/09\\\/ECMECEWGWVAONGZOQGQIPXNKNE.jpeg\",\"width\":1200,\"height\":630},{\"@type\":\"BreadcrumbList\",\"@id\":\"https:\\\/\\\/ubirataonline.com.br\\\/cavaquinista-da-zona-leste-de-sp-lanca-ep-com-musicas-ineditas-de-mestre-siqueira\\\/#breadcrumb\",\"itemListElement\":[{\"@type\":\"ListItem\",\"position\":1,\"name\":\"In\u00edcio\",\"item\":\"https:\\\/\\\/ubirataonline.com.br\\\/\"},{\"@type\":\"ListItem\",\"position\":2,\"name\":\"Cavaquinista da Zona Leste de SP lan\u00e7a EP com m\u00fasicas in\u00e9ditas de Mestre Siqueira\"}]},{\"@type\":\"WebSite\",\"@id\":\"https:\\\/\\\/ubirataonline.com.br\\\/#website\",\"url\":\"https:\\\/\\\/ubirataonline.com.br\\\/\",\"name\":\"Ubirat\u00e3 Online Not\u00edcias\",\"description\":\"Not\u00edcias de Ubirat\u00e3, regi\u00e3o, Brasil e mundo, com informa\u00e7\u00e3o atualizada e compromisso com o leitor.\",\"publisher\":{\"@id\":\"https:\\\/\\\/ubirataonline.com.br\\\/#organization\"},\"alternateName\":\"Ubirat\u00e3 Online\",\"potentialAction\":[{\"@type\":\"SearchAction\",\"target\":{\"@type\":\"EntryPoint\",\"urlTemplate\":\"https:\\\/\\\/ubirataonline.com.br\\\/?s={search_term_string}\"},\"query-input\":{\"@type\":\"PropertyValueSpecification\",\"valueRequired\":true,\"valueName\":\"search_term_string\"}}],\"inLanguage\":\"en-US\"},{\"@type\":[\"Organization\",\"Place\"],\"@id\":\"https:\\\/\\\/ubirataonline.com.br\\\/#organization\",\"name\":\"Ubirat\u00e3 Online Not\u00edcias\",\"alternateName\":\"Ubirat\u00e3 Online\",\"url\":\"https:\\\/\\\/ubirataonline.com.br\\\/\",\"logo\":{\"@id\":\"https:\\\/\\\/ubirataonline.com.br\\\/cavaquinista-da-zona-leste-de-sp-lanca-ep-com-musicas-ineditas-de-mestre-siqueira\\\/#local-main-organization-logo\"},\"image\":{\"@id\":\"https:\\\/\\\/ubirataonline.com.br\\\/cavaquinista-da-zona-leste-de-sp-lanca-ep-com-musicas-ineditas-de-mestre-siqueira\\\/#local-main-organization-logo\"},\"sameAs\":[\"https:\\\/\\\/www.facebook.com\\\/portalubirataonline\",\"https:\\\/\\\/x.com\\\/ubirataonline\",\"https:\\\/\\\/mastodon.social\\\/@ubirataonline\",\"https:\\\/\\\/www.facebook.com\\\/groups\\\/311144672285604\",\"https:\\\/\\\/www.facebook.com\\\/UBTAOnline\",\"https:\\\/\\\/www.instagram.com\\\/portalubirataonline\\\/\",\"https:\\\/\\\/twitter.com\\\/ubirataonline\"],\"description\":\"Somos um portal de not\u00edcias independente, criado em 5 de janeiro de 2009, com o objetivo de informar, conectar e valorizar a nossa comunidade de Ubirat\u00e3 e toda aregi\u00e3o. Com conte\u00fado atualizado, confi\u00e1vel e relevante, o Ubirat\u00e3 Online \u00e9 o seu espa\u00e7o para ficar por dentro dos principais acontecimentos locais, regionais, Brasil, Mundo e de interesse geral. Nosso compromisso \u00e9 com a verdade, a transpar\u00eancia e o respeito ao leitor.\",\"legalName\":\"UBIRATA ONLINE NOT\u00cdCIAS\",\"foundingDate\":\"2009-01-05\",\"numberOfEmployees\":{\"@type\":\"QuantitativeValue\",\"minValue\":\"1\",\"maxValue\":\"10\"},\"publishingPrinciples\":\"https:\\\/\\\/ubirataonline.com.br\\\/faq\\\/\",\"address\":{\"@id\":\"https:\\\/\\\/ubirataonline.com.br\\\/cavaquinista-da-zona-leste-de-sp-lanca-ep-com-musicas-ineditas-de-mestre-siqueira\\\/#local-main-place-address\"},\"geo\":{\"@type\":\"GeoCoordinates\",\"latitude\":\"-24.5361401\",\"longitude\":\"-52.9921776\"},\"telephone\":[\"+5544998308235\"],\"contactPoint\":{\"@type\":\"ContactPoint\",\"email\":\"contato@ubirataonline.com.br\"},\"openingHoursSpecification\":{\"@type\":\"OpeningHoursSpecification\",\"dayOfWeek\":[\"Monday\",\"Tuesday\",\"Wednesday\",\"Thursday\",\"Friday\",\"Saturday\",\"Sunday\"],\"opens\":\"00:00\",\"closes\":\"23:59\"},\"email\":\"contato@ubirataonline.com.br\",\"vatID\":\"47.621.418\\\/0001-80\"},{\"@type\":\"Person\",\"@id\":\"https:\\\/\\\/ubirataonline.com.br\\\/#\\\/schema\\\/person\\\/372f87bbd3fdd79b8556b84c98d0bc1c\",\"name\":\"REDA\u00c7\u00c3O: UBIRAT\u00c3 ONLINE - F\u00c1BIO AUGUSTO CELESTINO\",\"pronouns\":\"Ele\",\"description\":\"Desde 2003 trabalhando com not\u00edcias.\",\"sameAs\":[\"http:\\\/\\\/ubirataoline.com.br\",\"https:\\\/\\\/www.facebook.com\\\/portalubirataonline\",\"https:\\\/\\\/www.instagram.com\\\/ubirataonline_oficial\",\"https:\\\/\\\/x.com\\\/x.com\\\/ubirataonline\"],\"honorificPrefix\":\"Mr.\",\"honorificSuffix\":\"MD\",\"birthDate\":\"1980-06-16\",\"gender\":\"masculino\",\"award\":[\"V\u00e1rios pr\u00eamios de melhor portal da cidade\"],\"jobTitle\":\"Diretor\",\"url\":\"https:\\\/\\\/ubirataonline.com.br\\\/en\\\/author\\\/ubirataonline\\\/\"},{\"@type\":\"PostalAddress\",\"@id\":\"https:\\\/\\\/ubirataonline.com.br\\\/cavaquinista-da-zona-leste-de-sp-lanca-ep-com-musicas-ineditas-de-mestre-siqueira\\\/#local-main-place-address\",\"streetAddress\":\"Rua dos Coqueiros, 104 - Bairro Boa Vista, Rua dos Coqueiros, 104 Bairro Boa Vista\",\"addressLocality\":\"UBIRATA\",\"postalCode\":\"85440-000\",\"addressRegion\":\"PR\",\"addressCountry\":\"BR\"},{\"@type\":\"ImageObject\",\"inLanguage\":\"en-US\",\"@id\":\"https:\\\/\\\/ubirataonline.com.br\\\/cavaquinista-da-zona-leste-de-sp-lanca-ep-com-musicas-ineditas-de-mestre-siqueira\\\/#local-main-organization-logo\",\"url\":\"https:\\\/\\\/ubirataonline.com.br\\\/wp-content\\\/uploads\\\/2026\\\/06\\\/logoubirataonline-1.webp\",\"contentUrl\":\"https:\\\/\\\/ubirataonline.com.br\\\/wp-content\\\/uploads\\\/2026\\\/06\\\/logoubirataonline-1.webp\",\"width\":500,\"height\":500,\"caption\":\"Ubirat\u00e3 Online Not\u00edcias\"}]}<\/script>\n<meta name=\"geo.placename\" content=\"UBIRATA\" \/>\n<meta name=\"geo.position\" content=\"-24.5361401;-52.9921776\" \/>\n<meta name=\"geo.region\" content=\"Brazil\" \/>\n<!-- \/ Yoast SEO Premium plugin. -->","yoast_head_json":{"title":"Cavaquinista da Zona Leste de SP lan\u00e7a EP com m\u00fasicas in\u00e9ditas de Mestre Siqueira - Ubirat\u00e3 Online Not\u00edcias - A realidade ao seu alcance!","description":"No \u00faltimo dia 8 de agosto, o m\u00fasico L\u00e9o Matheus, 26, lan\u00e7ou o segundo EP do projeto In\u00e9ditas do Mestre Siqueira, que tem como objetivo homenagear o","robots":{"index":"index","follow":"follow","max-snippet":"max-snippet:-1","max-image-preview":"max-image-preview:large","max-video-preview":"max-video-preview:-1"},"canonical":"https:\/\/ubirataonline.com.br\/en\/cavaquinista-da-zona-leste-de-sp-lanca-ep-com-musicas-ineditas-de-mestre-siqueira\/","og_locale":"en_US","og_type":"article","og_title":"Cavaquinista da Zona Leste de SP lan\u00e7a EP com m\u00fasicas in\u00e9ditas de Mestre Siqueira","og_description":"No \u00faltimo dia 8 de agosto, o m\u00fasico L\u00e9o Matheus, 26, lan\u00e7ou o segundo EP do projeto In\u00e9ditas do Mestre Siqueira, que tem como objetivo homenagear o","og_url":"https:\/\/ubirataonline.com.br\/en\/cavaquinista-da-zona-leste-de-sp-lanca-ep-com-musicas-ineditas-de-mestre-siqueira\/","og_site_name":"Ubirat\u00e3 Online Not\u00edcias - A realidade ao seu alcance!","article_publisher":"https:\/\/www.facebook.com\/portalubirataonline","article_author":"https:\/\/www.facebook.com\/portalubirataonline","article_published_time":"2025-09-09T05:10:52+00:00","og_image":[{"width":1531,"height":418,"url":"https:\/\/ubirataonline.com.br\/wp-content\/uploads\/2026\/05\/logo2026.webp","type":"image\/webp"}],"author":"REDA\u00c7\u00c3O: UBIRAT\u00c3 ONLINE - F\u00c1BIO AUGUSTO CELESTINO","twitter_card":"summary_large_image","twitter_creator":"@x.com\/ubirataonline","twitter_site":"@ubirataonline","twitter_misc":{"Written by":"REDA\u00c7\u00c3O: UBIRAT\u00c3 ONLINE - F\u00c1BIO AUGUSTO CELESTINO","Est. reading time":"6 minutes"},"schema":{"@context":"https:\/\/schema.org","@graph":[{"@type":"NewsArticle","@id":"https:\/\/ubirataonline.com.br\/cavaquinista-da-zona-leste-de-sp-lanca-ep-com-musicas-ineditas-de-mestre-siqueira\/#article","isPartOf":{"@id":"https:\/\/ubirataonline.com.br\/cavaquinista-da-zona-leste-de-sp-lanca-ep-com-musicas-ineditas-de-mestre-siqueira\/"},"author":{"name":"REDA\u00c7\u00c3O: UBIRAT\u00c3 ONLINE - F\u00c1BIO AUGUSTO CELESTINO","@id":"https:\/\/ubirataonline.com.br\/#\/schema\/person\/372f87bbd3fdd79b8556b84c98d0bc1c"},"headline":"Cavaquinista da Zona Leste de SP lan\u00e7a EP com m\u00fasicas in\u00e9ditas de Mestre Siqueira","datePublished":"2025-09-09T05:10:52+00:00","mainEntityOfPage":{"@id":"https:\/\/ubirataonline.com.br\/cavaquinista-da-zona-leste-de-sp-lanca-ep-com-musicas-ineditas-de-mestre-siqueira\/"},"wordCount":1171,"publisher":{"@id":"https:\/\/ubirataonline.com.br\/#organization"},"image":{"@id":"https:\/\/ubirataonline.com.br\/cavaquinista-da-zona-leste-de-sp-lanca-ep-com-musicas-ineditas-de-mestre-siqueira\/#primaryimage"},"thumbnailUrl":"https:\/\/ubirataonline.com.br\/wp-content\/uploads\/2025\/09\/ECMECEWGWVAONGZOQGQIPXNKNE.jpeg","articleSection":["Brasil"],"inLanguage":"en-US","copyrightYear":"2025","copyrightHolder":{"@id":"https:\/\/ubirataonline.com.br\/en\/#organization"}},{"@type":"WebPage","@id":"https:\/\/ubirataonline.com.br\/cavaquinista-da-zona-leste-de-sp-lanca-ep-com-musicas-ineditas-de-mestre-siqueira\/","url":"https:\/\/ubirataonline.com.br\/cavaquinista-da-zona-leste-de-sp-lanca-ep-com-musicas-ineditas-de-mestre-siqueira\/","name":"Cavaquinista da Zona Leste de SP lan\u00e7a EP com m\u00fasicas in\u00e9ditas de Mestre Siqueira - Ubirat\u00e3 Online Not\u00edcias - A realidade ao seu alcance!","isPartOf":{"@id":"https:\/\/ubirataonline.com.br\/#website"},"primaryImageOfPage":{"@id":"https:\/\/ubirataonline.com.br\/cavaquinista-da-zona-leste-de-sp-lanca-ep-com-musicas-ineditas-de-mestre-siqueira\/#primaryimage"},"image":{"@id":"https:\/\/ubirataonline.com.br\/cavaquinista-da-zona-leste-de-sp-lanca-ep-com-musicas-ineditas-de-mestre-siqueira\/#primaryimage"},"thumbnailUrl":"https:\/\/ubirataonline.com.br\/wp-content\/uploads\/2025\/09\/ECMECEWGWVAONGZOQGQIPXNKNE.jpeg","datePublished":"2025-09-09T05:10:52+00:00","description":"No \u00faltimo dia 8 de agosto, o m\u00fasico L\u00e9o Matheus, 26, lan\u00e7ou o segundo EP do projeto In\u00e9ditas do Mestre Siqueira, que tem como objetivo homenagear o","breadcrumb":{"@id":"https:\/\/ubirataonline.com.br\/cavaquinista-da-zona-leste-de-sp-lanca-ep-com-musicas-ineditas-de-mestre-siqueira\/#breadcrumb"},"inLanguage":"en-US","potentialAction":[{"@type":"ReadAction","target":["https:\/\/ubirataonline.com.br\/cavaquinista-da-zona-leste-de-sp-lanca-ep-com-musicas-ineditas-de-mestre-siqueira\/"]}]},{"@type":"ImageObject","inLanguage":"en-US","@id":"https:\/\/ubirataonline.com.br\/cavaquinista-da-zona-leste-de-sp-lanca-ep-com-musicas-ineditas-de-mestre-siqueira\/#primaryimage","url":"https:\/\/ubirataonline.com.br\/wp-content\/uploads\/2025\/09\/ECMECEWGWVAONGZOQGQIPXNKNE.jpeg","contentUrl":"https:\/\/ubirataonline.com.br\/wp-content\/uploads\/2025\/09\/ECMECEWGWVAONGZOQGQIPXNKNE.jpeg","width":1200,"height":630},{"@type":"BreadcrumbList","@id":"https:\/\/ubirataonline.com.br\/cavaquinista-da-zona-leste-de-sp-lanca-ep-com-musicas-ineditas-de-mestre-siqueira\/#breadcrumb","itemListElement":[{"@type":"ListItem","position":1,"name":"In\u00edcio","item":"https:\/\/ubirataonline.com.br\/"},{"@type":"ListItem","position":2,"name":"Cavaquinista da Zona Leste de SP lan\u00e7a EP com m\u00fasicas in\u00e9ditas de Mestre Siqueira"}]},{"@type":"WebSite","@id":"https:\/\/ubirataonline.com.br\/#website","url":"https:\/\/ubirataonline.com.br\/","name":"Ubirat\u00e3 Online Not\u00edcias","description":"Not\u00edcias de Ubirat\u00e3, regi\u00e3o, Brasil e mundo, com informa\u00e7\u00e3o atualizada e compromisso com o leitor.","publisher":{"@id":"https:\/\/ubirataonline.com.br\/#organization"},"alternateName":"Ubirat\u00e3 Online","potentialAction":[{"@type":"SearchAction","target":{"@type":"EntryPoint","urlTemplate":"https:\/\/ubirataonline.com.br\/?s={search_term_string}"},"query-input":{"@type":"PropertyValueSpecification","valueRequired":true,"valueName":"search_term_string"}}],"inLanguage":"en-US"},{"@type":["Organization","Place"],"@id":"https:\/\/ubirataonline.com.br\/#organization","name":"Ubirat\u00e3 Online Not\u00edcias","alternateName":"Ubirat\u00e3 Online","url":"https:\/\/ubirataonline.com.br\/","logo":{"@id":"https:\/\/ubirataonline.com.br\/cavaquinista-da-zona-leste-de-sp-lanca-ep-com-musicas-ineditas-de-mestre-siqueira\/#local-main-organization-logo"},"image":{"@id":"https:\/\/ubirataonline.com.br\/cavaquinista-da-zona-leste-de-sp-lanca-ep-com-musicas-ineditas-de-mestre-siqueira\/#local-main-organization-logo"},"sameAs":["https:\/\/www.facebook.com\/portalubirataonline","https:\/\/x.com\/ubirataonline","https:\/\/mastodon.social\/@ubirataonline","https:\/\/www.facebook.com\/groups\/311144672285604","https:\/\/www.facebook.com\/UBTAOnline","https:\/\/www.instagram.com\/portalubirataonline\/","https:\/\/twitter.com\/ubirataonline"],"description":"Somos um portal de not\u00edcias independente, criado em 5 de janeiro de 2009, com o objetivo de informar, conectar e valorizar a nossa comunidade de Ubirat\u00e3 e toda aregi\u00e3o. Com conte\u00fado atualizado, confi\u00e1vel e relevante, o Ubirat\u00e3 Online \u00e9 o seu espa\u00e7o para ficar por dentro dos principais acontecimentos locais, regionais, Brasil, Mundo e de interesse geral. Nosso compromisso \u00e9 com a verdade, a transpar\u00eancia e o respeito ao leitor.","legalName":"UBIRATA ONLINE NOT\u00cdCIAS","foundingDate":"2009-01-05","numberOfEmployees":{"@type":"QuantitativeValue","minValue":"1","maxValue":"10"},"publishingPrinciples":"https:\/\/ubirataonline.com.br\/faq\/","address":{"@id":"https:\/\/ubirataonline.com.br\/cavaquinista-da-zona-leste-de-sp-lanca-ep-com-musicas-ineditas-de-mestre-siqueira\/#local-main-place-address"},"geo":{"@type":"GeoCoordinates","latitude":"-24.5361401","longitude":"-52.9921776"},"telephone":["+5544998308235"],"contactPoint":{"@type":"ContactPoint","email":"contato@ubirataonline.com.br"},"openingHoursSpecification":{"@type":"OpeningHoursSpecification","dayOfWeek":["Monday","Tuesday","Wednesday","Thursday","Friday","Saturday","Sunday"],"opens":"00:00","closes":"23:59"},"email":"contato@ubirataonline.com.br","vatID":"47.621.418\/0001-80"},{"@type":"Person","@id":"https:\/\/ubirataonline.com.br\/#\/schema\/person\/372f87bbd3fdd79b8556b84c98d0bc1c","name":"REDA\u00c7\u00c3O: UBIRAT\u00c3 ONLINE - F\u00c1BIO AUGUSTO CELESTINO","pronouns":"Ele","description":"Desde 2003 trabalhando com not\u00edcias.","sameAs":["http:\/\/ubirataoline.com.br","https:\/\/www.facebook.com\/portalubirataonline","https:\/\/www.instagram.com\/ubirataonline_oficial","https:\/\/x.com\/x.com\/ubirataonline"],"honorificPrefix":"Mr.","honorificSuffix":"MD","birthDate":"1980-06-16","gender":"masculino","award":["V\u00e1rios pr\u00eamios de melhor portal da cidade"],"jobTitle":"Diretor","url":"https:\/\/ubirataonline.com.br\/en\/author\/ubirataonline\/"},{"@type":"PostalAddress","@id":"https:\/\/ubirataonline.com.br\/cavaquinista-da-zona-leste-de-sp-lanca-ep-com-musicas-ineditas-de-mestre-siqueira\/#local-main-place-address","streetAddress":"Rua dos Coqueiros, 104 - Bairro Boa Vista, Rua dos Coqueiros, 104 Bairro Boa Vista","addressLocality":"UBIRATA","postalCode":"85440-000","addressRegion":"PR","addressCountry":"BR"},{"@type":"ImageObject","inLanguage":"en-US","@id":"https:\/\/ubirataonline.com.br\/cavaquinista-da-zona-leste-de-sp-lanca-ep-com-musicas-ineditas-de-mestre-siqueira\/#local-main-organization-logo","url":"https:\/\/ubirataonline.com.br\/wp-content\/uploads\/2026\/06\/logoubirataonline-1.webp","contentUrl":"https:\/\/ubirataonline.com.br\/wp-content\/uploads\/2026\/06\/logoubirataonline-1.webp","width":500,"height":500,"caption":"Ubirat\u00e3 Online Not\u00edcias"}]},"geo.placename":"UBIRATA","geo.position":{"lat":"-24.5361401","long":"-52.9921776"},"geo.region":"Brazil"},"_links":{"self":[{"href":"https:\/\/ubirataonline.com.br\/en\/wp-json\/wp\/v2\/posts\/67710","targetHints":{"allow":["GET"]}}],"collection":[{"href":"https:\/\/ubirataonline.com.br\/en\/wp-json\/wp\/v2\/posts"}],"about":[{"href":"https:\/\/ubirataonline.com.br\/en\/wp-json\/wp\/v2\/types\/post"}],"author":[{"embeddable":true,"href":"https:\/\/ubirataonline.com.br\/en\/wp-json\/wp\/v2\/users\/1"}],"replies":[{"embeddable":true,"href":"https:\/\/ubirataonline.com.br\/en\/wp-json\/wp\/v2\/comments?post=67710"}],"version-history":[{"count":0,"href":"https:\/\/ubirataonline.com.br\/en\/wp-json\/wp\/v2\/posts\/67710\/revisions"}],"wp:featuredmedia":[{"embeddable":true,"href":"https:\/\/ubirataonline.com.br\/en\/wp-json\/wp\/v2\/media\/67711"}],"wp:attachment":[{"href":"https:\/\/ubirataonline.com.br\/en\/wp-json\/wp\/v2\/media?parent=67710"}],"wp:term":[{"taxonomy":"category","embeddable":true,"href":"https:\/\/ubirataonline.com.br\/en\/wp-json\/wp\/v2\/categories?post=67710"},{"taxonomy":"post_tag","embeddable":true,"href":"https:\/\/ubirataonline.com.br\/en\/wp-json\/wp\/v2\/tags?post=67710"}],"curies":[{"name":"wp","href":"https:\/\/api.w.org\/{rel}","templated":true}]}}