{"id":67716,"date":"2025-09-09T04:12:24","date_gmt":"2025-09-09T07:12:24","guid":{"rendered":"https:\/\/ubirataonline.com.br\/5g-ainda-nao-deu-retorno-e-operadoras-adotam-cautela-com-5-5g-no-pais\/"},"modified":"2025-09-09T04:12:24","modified_gmt":"2025-09-09T07:12:24","slug":"5g-ainda-nao-deu-retorno-e-operadoras-adotam-cautela-com-5-5g-no-pais","status":"publish","type":"post","link":"https:\/\/ubirataonline.com.br\/en\/5g-ainda-nao-deu-retorno-e-operadoras-adotam-cautela-com-5-5g-no-pais\/","title":{"rendered":"5G ainda n\u00e3o deu retorno, e operadoras adotam cautela com 5.5G no pa\u00eds"},"content":{"rendered":"<p><\/p>\n<div data-v-232111b4=\"\" data-v-b8dc8ecb=\"\">\n<p class=\"bullet mt-0\" data-v-232111b4=\"\">&#8220;\u00c0 medida que acharmos que cabe no Brasil o 5.5G com uma escala relevante, a\u00ed vamos atr\u00e1s. No momento, a prioridade \u00e9 continuar investindo no 5G para termos a maior cobertura e qualidade do servi\u00e7o&#8221;.<\/p>\n<p><!----><\/p>\n<p class=\"bullet\" data-v-232111b4=\"\">A TIM est\u00e1 avaliando demandas de clientes que poderiam justificar a oferta do 5.5G para casos de usos espec\u00edficos. A preocupa\u00e7\u00e3o \u00e9 conseguir moldar uma oferta que d\u00ea retorno. &#8220;Se conseguirmos transformar isso numa vantagem aos clientes, com uma proposta de valor diferenciada, a\u00ed vamos considerar um desenvolvimento comercial&#8221;, acrescentou Griselli.<\/p>\n<p><!----><\/p>\n<h2 class=\"bullet\" data-v-232111b4=\"\"><strong>O que \u00e9 o 5.5G<\/strong><\/h2>\n<p><!----><\/p>\n<p class=\"bullet\" data-v-232111b4=\"\">O 5.5G &#8211; tamb\u00e9m chamado 5G Advanced (5GA) &#8211; proporciona uma velocidade m\u00e9dia em torno de 1,5 gigabit por segundo (Gbps), que \u00e9 tr\u00eas vezes superior ao 5G. A nova gera\u00e7\u00e3o tamb\u00e9m oferece lat\u00eancia menor, redu\u00e7\u00e3o no consumo de energia e capacidade de conectar mais dispositivos numa antena ao mesmo tempo. Na pr\u00e1tica, isso ajuda a postar v\u00eddeos sem travar em locais com muita gente, como est\u00e1dios.<\/p>\n<p><!----><\/p>\n<p class=\"bullet\" data-v-232111b4=\"\">Para o 5.5G, as teles combinam espectros de 3,5 GHz, 2,3 GHz e 2,1 Ghz. Uma vantagem a\u00ed \u00e9 a possibilidade de separar a rede para uma aplica\u00e7\u00e3o espec\u00edfica. Por exemplo: a transmiss\u00e3o de shows e jogos poderia ter uma via s\u00f3 para ela, sem dividir o tr\u00e1fego de dados com a multid\u00e3o no est\u00e1dio. No futuro, isso deve gerar novos neg\u00f3cios para as operadoras.<\/p>\n<p><!----><\/p>\n<p class=\"bullet\" data-v-232111b4=\"\">A nova gera\u00e7\u00e3o tamb\u00e9m abre caminho para aplica\u00e7\u00f5es que exigem um tr\u00e1fego de dados elevado, como intelig\u00eancia artificial, computa\u00e7\u00e3o em nuvem, internet das coisas e realidade virtual &#8211; coisas que ficar\u00e3o populares nos pr\u00f3ximos anos.<\/p>\n<p><!----><!----><\/div>\n<p><script>!function(f,b,e,v,n,t,s) {if(f.fbq)return;n=f.fbq=function() {n.callMethod? n.callMethod.apply(n,arguments):n.queue.push(arguments)}; if(!f._fbq)f._fbq=n;n.push=n;n.loaded=!0;n.version='2.0'; n.queue=[];t=b.createElement(e);t.async=!0; t.src=v;s=b.getElementsByTagName(e)[0]; s.parentNode.insertBefore(t,s)}(window, document,'script', 'https:\/\/connect.facebook.net\/en_US\/fbevents.js'); fbq('init', '1425099884432564'); fbq('track', 'PageView', { content_name: 'Sem lucro com 5G, operadoras freiam lan\u00e7amento de 5.5G no Brasil', content_ids: [13445,13703,81917,13704,82253,76160,9017,81430], is_closed: false, });<\/script><br \/>\n<br \/><a href=\"https:\/\/www.uol.com.br\/tilt\/ultimas-noticias\/estado\/2025\/09\/08\/5g-ainda-nao-deu-retorno-e-operadoras-freiam-corrida-pelo-55g-no-brasil.htm\">Source link <\/a><\/p>\n","protected":false},"excerpt":{"rendered":"<p>&#8220;\u00c0 medida que acharmos que cabe no Brasil o 5.5G com uma escala relevante, a\u00ed vamos atr\u00e1s. No momento, a prioridade \u00e9 continuar investindo no 5G para termos a maior cobertura e qualidade do servi\u00e7o&#8221;. A TIM est\u00e1 avaliando demandas de clientes que poderiam justificar a oferta do 5.5G para casos de usos espec\u00edficos. A [&hellip;]<\/p>\n","protected":false},"author":1,"featured_media":67717,"comment_status":"","ping_status":"","sticky":false,"template":"","format":"standard","meta":{"googlesitekit_rrm_CAow2JLhCw:productID":"","_gspb_post_css":"","maa_idioma":"","maa_pais":"","footnotes":""},"categories":[4],"tags":[],"class_list":["post-67716","post","type-post","status-publish","format-standard","has-post-thumbnail","hentry","category-brasil"],"blocksy_meta":[],"yoast_head":"<!-- This site is optimized with the Yoast SEO Premium plugin v27.6 (Yoast SEO v27.6) - https:\/\/yoast.com\/product\/yoast-seo-premium-wordpress\/ -->\n<title>5G ainda n\u00e3o deu retorno, e operadoras adotam cautela com 5.5G no pa\u00eds - Ubirat\u00e3 Online Not\u00edcias - A realidade ao seu alcance!<\/title>\n<meta name=\"description\" content=\"&quot;\u00c0 medida que acharmos que cabe no Brasil o 5.5G com uma escala relevante, a\u00ed vamos atr\u00e1s. No momento, a prioridade \u00e9 continuar investindo no 5G para\" \/>\n<meta name=\"robots\" content=\"index, follow, max-snippet:-1, max-image-preview:large, max-video-preview:-1\" \/>\n<link rel=\"canonical\" href=\"https:\/\/ubirataonline.com.br\/en\/5g-ainda-nao-deu-retorno-e-operadoras-adotam-cautela-com-5-5g-no-pais\/\" \/>\n<meta property=\"og:locale\" content=\"en_US\" \/>\n<meta property=\"og:type\" content=\"article\" \/>\n<meta property=\"og:title\" content=\"5G ainda n\u00e3o deu retorno, e operadoras adotam cautela com 5.5G no pa\u00eds\" \/>\n<meta property=\"og:description\" content=\"&quot;\u00c0 medida que acharmos que cabe no Brasil o 5.5G com uma escala relevante, a\u00ed vamos atr\u00e1s. No momento, a prioridade \u00e9 continuar investindo no 5G para\" \/>\n<meta property=\"og:url\" content=\"https:\/\/ubirataonline.com.br\/en\/5g-ainda-nao-deu-retorno-e-operadoras-adotam-cautela-com-5-5g-no-pais\/\" \/>\n<meta property=\"og:site_name\" content=\"Ubirat\u00e3 Online Not\u00edcias - A realidade ao seu alcance!\" \/>\n<meta property=\"article:publisher\" content=\"https:\/\/www.facebook.com\/portalubirataonline\" \/>\n<meta property=\"article:author\" content=\"https:\/\/www.facebook.com\/portalubirataonline\" \/>\n<meta property=\"article:published_time\" content=\"2025-09-09T07:12:24+00:00\" \/>\n<meta property=\"og:image\" content=\"https:\/\/ubirataonline.com.br\/wp-content\/uploads\/2026\/05\/logo2026.webp\" \/>\n\t<meta property=\"og:image:width\" content=\"1531\" \/>\n\t<meta property=\"og:image:height\" content=\"418\" \/>\n\t<meta property=\"og:image:type\" content=\"image\/webp\" \/>\n<meta name=\"author\" content=\"REDA\u00c7\u00c3O: UBIRAT\u00c3 ONLINE - F\u00c1BIO AUGUSTO CELESTINO\" \/>\n<meta name=\"twitter:card\" content=\"summary_large_image\" \/>\n<meta name=\"twitter:creator\" content=\"@x.com\/ubirataonline\" \/>\n<meta name=\"twitter:site\" content=\"@ubirataonline\" \/>\n<meta name=\"twitter:label1\" content=\"Written by\" \/>\n\t<meta name=\"twitter:data1\" content=\"REDA\u00c7\u00c3O: UBIRAT\u00c3 ONLINE - F\u00c1BIO AUGUSTO CELESTINO\" \/>\n\t<meta name=\"twitter:label2\" content=\"Est. reading time\" \/>\n\t<meta name=\"twitter:data2\" content=\"1 minute\" \/>\n<script type=\"application\/ld+json\" class=\"yoast-schema-graph\">{\"@context\":\"https:\\\/\\\/schema.org\",\"@graph\":[{\"@type\":\"NewsArticle\",\"@id\":\"https:\\\/\\\/ubirataonline.com.br\\\/5g-ainda-nao-deu-retorno-e-operadoras-adotam-cautela-com-5-5g-no-pais\\\/#article\",\"isPartOf\":{\"@id\":\"https:\\\/\\\/ubirataonline.com.br\\\/5g-ainda-nao-deu-retorno-e-operadoras-adotam-cautela-com-5-5g-no-pais\\\/\"},\"author\":{\"name\":\"REDA\u00c7\u00c3O: UBIRAT\u00c3 ONLINE - F\u00c1BIO AUGUSTO CELESTINO\",\"@id\":\"https:\\\/\\\/ubirataonline.com.br\\\/#\\\/schema\\\/person\\\/372f87bbd3fdd79b8556b84c98d0bc1c\"},\"headline\":\"5G ainda n\u00e3o deu retorno, e operadoras adotam cautela com 5.5G no pa\u00eds\",\"datePublished\":\"2025-09-09T07:12:24+00:00\",\"mainEntityOfPage\":{\"@id\":\"https:\\\/\\\/ubirataonline.com.br\\\/5g-ainda-nao-deu-retorno-e-operadoras-adotam-cautela-com-5-5g-no-pais\\\/\"},\"wordCount\":294,\"publisher\":{\"@id\":\"https:\\\/\\\/ubirataonline.com.br\\\/#organization\"},\"image\":{\"@id\":\"https:\\\/\\\/ubirataonline.com.br\\\/5g-ainda-nao-deu-retorno-e-operadoras-adotam-cautela-com-5-5g-no-pais\\\/#primaryimage\"},\"thumbnailUrl\":\"https:\\\/\\\/ubirataonline.com.br\\\/wp-content\\\/uploads\\\/2025\\\/09\\\/homem-com-celular-com-uma-antena-de-telecomunicacoes-em-segundo-plano-antena-5g-comunicacoes-1670606.jpeg\",\"articleSection\":[\"Brasil\"],\"inLanguage\":\"en-US\",\"copyrightYear\":\"2025\",\"copyrightHolder\":{\"@id\":\"https:\\\/\\\/ubirataonline.com.br\\\/en\\\/#organization\"}},{\"@type\":\"WebPage\",\"@id\":\"https:\\\/\\\/ubirataonline.com.br\\\/5g-ainda-nao-deu-retorno-e-operadoras-adotam-cautela-com-5-5g-no-pais\\\/\",\"url\":\"https:\\\/\\\/ubirataonline.com.br\\\/5g-ainda-nao-deu-retorno-e-operadoras-adotam-cautela-com-5-5g-no-pais\\\/\",\"name\":\"5G ainda n\u00e3o deu retorno, e operadoras adotam cautela com 5.5G no pa\u00eds - Ubirat\u00e3 Online Not\u00edcias - A realidade ao seu alcance!\",\"isPartOf\":{\"@id\":\"https:\\\/\\\/ubirataonline.com.br\\\/#website\"},\"primaryImageOfPage\":{\"@id\":\"https:\\\/\\\/ubirataonline.com.br\\\/5g-ainda-nao-deu-retorno-e-operadoras-adotam-cautela-com-5-5g-no-pais\\\/#primaryimage\"},\"image\":{\"@id\":\"https:\\\/\\\/ubirataonline.com.br\\\/5g-ainda-nao-deu-retorno-e-operadoras-adotam-cautela-com-5-5g-no-pais\\\/#primaryimage\"},\"thumbnailUrl\":\"https:\\\/\\\/ubirataonline.com.br\\\/wp-content\\\/uploads\\\/2025\\\/09\\\/homem-com-celular-com-uma-antena-de-telecomunicacoes-em-segundo-plano-antena-5g-comunicacoes-1670606.jpeg\",\"datePublished\":\"2025-09-09T07:12:24+00:00\",\"description\":\"\\\"\u00c0 medida que acharmos que cabe no Brasil o 5.5G com uma escala relevante, a\u00ed vamos atr\u00e1s. No momento, a prioridade \u00e9 continuar investindo no 5G para\",\"breadcrumb\":{\"@id\":\"https:\\\/\\\/ubirataonline.com.br\\\/5g-ainda-nao-deu-retorno-e-operadoras-adotam-cautela-com-5-5g-no-pais\\\/#breadcrumb\"},\"inLanguage\":\"en-US\",\"potentialAction\":[{\"@type\":\"ReadAction\",\"target\":[\"https:\\\/\\\/ubirataonline.com.br\\\/5g-ainda-nao-deu-retorno-e-operadoras-adotam-cautela-com-5-5g-no-pais\\\/\"]}]},{\"@type\":\"ImageObject\",\"inLanguage\":\"en-US\",\"@id\":\"https:\\\/\\\/ubirataonline.com.br\\\/5g-ainda-nao-deu-retorno-e-operadoras-adotam-cautela-com-5-5g-no-pais\\\/#primaryimage\",\"url\":\"https:\\\/\\\/ubirataonline.com.br\\\/wp-content\\\/uploads\\\/2025\\\/09\\\/homem-com-celular-com-uma-antena-de-telecomunicacoes-em-segundo-plano-antena-5g-comunicacoes-1670606.jpeg\",\"contentUrl\":\"https:\\\/\\\/ubirataonline.com.br\\\/wp-content\\\/uploads\\\/2025\\\/09\\\/homem-com-celular-com-uma-antena-de-telecomunicacoes-em-segundo-plano-antena-5g-comunicacoes-1670606.jpeg\",\"width\":615,\"height\":300},{\"@type\":\"BreadcrumbList\",\"@id\":\"https:\\\/\\\/ubirataonline.com.br\\\/5g-ainda-nao-deu-retorno-e-operadoras-adotam-cautela-com-5-5g-no-pais\\\/#breadcrumb\",\"itemListElement\":[{\"@type\":\"ListItem\",\"position\":1,\"name\":\"In\u00edcio\",\"item\":\"https:\\\/\\\/ubirataonline.com.br\\\/\"},{\"@type\":\"ListItem\",\"position\":2,\"name\":\"5G ainda n\u00e3o deu retorno, e operadoras adotam cautela com 5.5G no pa\u00eds\"}]},{\"@type\":\"WebSite\",\"@id\":\"https:\\\/\\\/ubirataonline.com.br\\\/#website\",\"url\":\"https:\\\/\\\/ubirataonline.com.br\\\/\",\"name\":\"Ubirat\u00e3 Online Not\u00edcias\",\"description\":\"Not\u00edcias de Ubirat\u00e3, regi\u00e3o, Brasil e mundo, com informa\u00e7\u00e3o atualizada e compromisso com o leitor.\",\"publisher\":{\"@id\":\"https:\\\/\\\/ubirataonline.com.br\\\/#organization\"},\"alternateName\":\"Ubirat\u00e3 Online\",\"potentialAction\":[{\"@type\":\"SearchAction\",\"target\":{\"@type\":\"EntryPoint\",\"urlTemplate\":\"https:\\\/\\\/ubirataonline.com.br\\\/?s={search_term_string}\"},\"query-input\":{\"@type\":\"PropertyValueSpecification\",\"valueRequired\":true,\"valueName\":\"search_term_string\"}}],\"inLanguage\":\"en-US\"},{\"@type\":[\"Organization\",\"Place\"],\"@id\":\"https:\\\/\\\/ubirataonline.com.br\\\/#organization\",\"name\":\"Ubirat\u00e3 Online Not\u00edcias\",\"alternateName\":\"Ubirat\u00e3 Online\",\"url\":\"https:\\\/\\\/ubirataonline.com.br\\\/\",\"logo\":{\"@id\":\"https:\\\/\\\/ubirataonline.com.br\\\/5g-ainda-nao-deu-retorno-e-operadoras-adotam-cautela-com-5-5g-no-pais\\\/#local-main-organization-logo\"},\"image\":{\"@id\":\"https:\\\/\\\/ubirataonline.com.br\\\/5g-ainda-nao-deu-retorno-e-operadoras-adotam-cautela-com-5-5g-no-pais\\\/#local-main-organization-logo\"},\"sameAs\":[\"https:\\\/\\\/www.facebook.com\\\/portalubirataonline\",\"https:\\\/\\\/x.com\\\/ubirataonline\",\"https:\\\/\\\/mastodon.social\\\/@ubirataonline\",\"https:\\\/\\\/www.facebook.com\\\/groups\\\/311144672285604\",\"https:\\\/\\\/www.facebook.com\\\/UBTAOnline\",\"https:\\\/\\\/www.instagram.com\\\/portalubirataonline\\\/\",\"https:\\\/\\\/twitter.com\\\/ubirataonline\"],\"description\":\"Somos um portal de not\u00edcias independente, criado em 5 de janeiro de 2009, com o objetivo de informar, conectar e valorizar a nossa comunidade de Ubirat\u00e3 e toda aregi\u00e3o. Com conte\u00fado atualizado, confi\u00e1vel e relevante, o Ubirat\u00e3 Online \u00e9 o seu espa\u00e7o para ficar por dentro dos principais acontecimentos locais, regionais, Brasil, Mundo e de interesse geral. Nosso compromisso \u00e9 com a verdade, a transpar\u00eancia e o respeito ao leitor.\",\"legalName\":\"UBIRATA ONLINE NOT\u00cdCIAS\",\"foundingDate\":\"2009-01-05\",\"numberOfEmployees\":{\"@type\":\"QuantitativeValue\",\"minValue\":\"1\",\"maxValue\":\"10\"},\"publishingPrinciples\":\"https:\\\/\\\/ubirataonline.com.br\\\/faq\\\/\",\"address\":{\"@id\":\"https:\\\/\\\/ubirataonline.com.br\\\/5g-ainda-nao-deu-retorno-e-operadoras-adotam-cautela-com-5-5g-no-pais\\\/#local-main-place-address\"},\"geo\":{\"@type\":\"GeoCoordinates\",\"latitude\":\"-24.5361401\",\"longitude\":\"-52.9921776\"},\"telephone\":[\"+5544998308235\"],\"contactPoint\":{\"@type\":\"ContactPoint\",\"email\":\"contato@ubirataonline.com.br\"},\"openingHoursSpecification\":{\"@type\":\"OpeningHoursSpecification\",\"dayOfWeek\":[\"Monday\",\"Tuesday\",\"Wednesday\",\"Thursday\",\"Friday\",\"Saturday\",\"Sunday\"],\"opens\":\"00:00\",\"closes\":\"23:59\"},\"email\":\"contato@ubirataonline.com.br\",\"vatID\":\"47.621.418\\\/0001-80\"},{\"@type\":\"Person\",\"@id\":\"https:\\\/\\\/ubirataonline.com.br\\\/#\\\/schema\\\/person\\\/372f87bbd3fdd79b8556b84c98d0bc1c\",\"name\":\"REDA\u00c7\u00c3O: UBIRAT\u00c3 ONLINE - F\u00c1BIO AUGUSTO CELESTINO\",\"pronouns\":\"Ele\",\"description\":\"Desde 2003 trabalhando com not\u00edcias.\",\"sameAs\":[\"http:\\\/\\\/ubirataoline.com.br\",\"https:\\\/\\\/www.facebook.com\\\/portalubirataonline\",\"https:\\\/\\\/www.instagram.com\\\/ubirataonline_oficial\",\"https:\\\/\\\/x.com\\\/x.com\\\/ubirataonline\"],\"honorificPrefix\":\"Mr.\",\"honorificSuffix\":\"MD\",\"birthDate\":\"1980-06-16\",\"gender\":\"masculino\",\"award\":[\"V\u00e1rios pr\u00eamios de melhor portal da cidade\"],\"jobTitle\":\"Diretor\",\"url\":\"https:\\\/\\\/ubirataonline.com.br\\\/en\\\/author\\\/ubirataonline\\\/\"},{\"@type\":\"PostalAddress\",\"@id\":\"https:\\\/\\\/ubirataonline.com.br\\\/5g-ainda-nao-deu-retorno-e-operadoras-adotam-cautela-com-5-5g-no-pais\\\/#local-main-place-address\",\"streetAddress\":\"Rua dos Coqueiros, 104 - Bairro Boa Vista, Rua dos Coqueiros, 104 Bairro Boa Vista\",\"addressLocality\":\"UBIRATA\",\"postalCode\":\"85440-000\",\"addressRegion\":\"PR\",\"addressCountry\":\"BR\"},{\"@type\":\"ImageObject\",\"inLanguage\":\"en-US\",\"@id\":\"https:\\\/\\\/ubirataonline.com.br\\\/5g-ainda-nao-deu-retorno-e-operadoras-adotam-cautela-com-5-5g-no-pais\\\/#local-main-organization-logo\",\"url\":\"https:\\\/\\\/ubirataonline.com.br\\\/wp-content\\\/uploads\\\/2026\\\/06\\\/logoubirataonline-1.webp\",\"contentUrl\":\"https:\\\/\\\/ubirataonline.com.br\\\/wp-content\\\/uploads\\\/2026\\\/06\\\/logoubirataonline-1.webp\",\"width\":500,\"height\":500,\"caption\":\"Ubirat\u00e3 Online Not\u00edcias\"}]}<\/script>\n<meta name=\"geo.placename\" content=\"UBIRATA\" \/>\n<meta name=\"geo.position\" content=\"-24.5361401;-52.9921776\" \/>\n<meta name=\"geo.region\" content=\"Brazil\" \/>\n<!-- \/ Yoast SEO Premium plugin. -->","yoast_head_json":{"title":"5G ainda n\u00e3o deu retorno, e operadoras adotam cautela com 5.5G no pa\u00eds - Ubirat\u00e3 Online Not\u00edcias - A realidade ao seu alcance!","description":"\"\u00c0 medida que acharmos que cabe no Brasil o 5.5G com uma escala relevante, a\u00ed vamos atr\u00e1s. No momento, a prioridade \u00e9 continuar investindo no 5G para","robots":{"index":"index","follow":"follow","max-snippet":"max-snippet:-1","max-image-preview":"max-image-preview:large","max-video-preview":"max-video-preview:-1"},"canonical":"https:\/\/ubirataonline.com.br\/en\/5g-ainda-nao-deu-retorno-e-operadoras-adotam-cautela-com-5-5g-no-pais\/","og_locale":"en_US","og_type":"article","og_title":"5G ainda n\u00e3o deu retorno, e operadoras adotam cautela com 5.5G no pa\u00eds","og_description":"\"\u00c0 medida que acharmos que cabe no Brasil o 5.5G com uma escala relevante, a\u00ed vamos atr\u00e1s. No momento, a prioridade \u00e9 continuar investindo no 5G para","og_url":"https:\/\/ubirataonline.com.br\/en\/5g-ainda-nao-deu-retorno-e-operadoras-adotam-cautela-com-5-5g-no-pais\/","og_site_name":"Ubirat\u00e3 Online Not\u00edcias - A realidade ao seu alcance!","article_publisher":"https:\/\/www.facebook.com\/portalubirataonline","article_author":"https:\/\/www.facebook.com\/portalubirataonline","article_published_time":"2025-09-09T07:12:24+00:00","og_image":[{"width":1531,"height":418,"url":"https:\/\/ubirataonline.com.br\/wp-content\/uploads\/2026\/05\/logo2026.webp","type":"image\/webp"}],"author":"REDA\u00c7\u00c3O: UBIRAT\u00c3 ONLINE - F\u00c1BIO AUGUSTO CELESTINO","twitter_card":"summary_large_image","twitter_creator":"@x.com\/ubirataonline","twitter_site":"@ubirataonline","twitter_misc":{"Written by":"REDA\u00c7\u00c3O: UBIRAT\u00c3 ONLINE - F\u00c1BIO AUGUSTO CELESTINO","Est. reading time":"1 minute"},"schema":{"@context":"https:\/\/schema.org","@graph":[{"@type":"NewsArticle","@id":"https:\/\/ubirataonline.com.br\/5g-ainda-nao-deu-retorno-e-operadoras-adotam-cautela-com-5-5g-no-pais\/#article","isPartOf":{"@id":"https:\/\/ubirataonline.com.br\/5g-ainda-nao-deu-retorno-e-operadoras-adotam-cautela-com-5-5g-no-pais\/"},"author":{"name":"REDA\u00c7\u00c3O: UBIRAT\u00c3 ONLINE - F\u00c1BIO AUGUSTO CELESTINO","@id":"https:\/\/ubirataonline.com.br\/#\/schema\/person\/372f87bbd3fdd79b8556b84c98d0bc1c"},"headline":"5G ainda n\u00e3o deu retorno, e operadoras adotam cautela com 5.5G no pa\u00eds","datePublished":"2025-09-09T07:12:24+00:00","mainEntityOfPage":{"@id":"https:\/\/ubirataonline.com.br\/5g-ainda-nao-deu-retorno-e-operadoras-adotam-cautela-com-5-5g-no-pais\/"},"wordCount":294,"publisher":{"@id":"https:\/\/ubirataonline.com.br\/#organization"},"image":{"@id":"https:\/\/ubirataonline.com.br\/5g-ainda-nao-deu-retorno-e-operadoras-adotam-cautela-com-5-5g-no-pais\/#primaryimage"},"thumbnailUrl":"https:\/\/ubirataonline.com.br\/wp-content\/uploads\/2025\/09\/homem-com-celular-com-uma-antena-de-telecomunicacoes-em-segundo-plano-antena-5g-comunicacoes-1670606.jpeg","articleSection":["Brasil"],"inLanguage":"en-US","copyrightYear":"2025","copyrightHolder":{"@id":"https:\/\/ubirataonline.com.br\/en\/#organization"}},{"@type":"WebPage","@id":"https:\/\/ubirataonline.com.br\/5g-ainda-nao-deu-retorno-e-operadoras-adotam-cautela-com-5-5g-no-pais\/","url":"https:\/\/ubirataonline.com.br\/5g-ainda-nao-deu-retorno-e-operadoras-adotam-cautela-com-5-5g-no-pais\/","name":"5G ainda n\u00e3o deu retorno, e operadoras adotam cautela com 5.5G no pa\u00eds - Ubirat\u00e3 Online Not\u00edcias - A realidade ao seu alcance!","isPartOf":{"@id":"https:\/\/ubirataonline.com.br\/#website"},"primaryImageOfPage":{"@id":"https:\/\/ubirataonline.com.br\/5g-ainda-nao-deu-retorno-e-operadoras-adotam-cautela-com-5-5g-no-pais\/#primaryimage"},"image":{"@id":"https:\/\/ubirataonline.com.br\/5g-ainda-nao-deu-retorno-e-operadoras-adotam-cautela-com-5-5g-no-pais\/#primaryimage"},"thumbnailUrl":"https:\/\/ubirataonline.com.br\/wp-content\/uploads\/2025\/09\/homem-com-celular-com-uma-antena-de-telecomunicacoes-em-segundo-plano-antena-5g-comunicacoes-1670606.jpeg","datePublished":"2025-09-09T07:12:24+00:00","description":"\"\u00c0 medida que acharmos que cabe no Brasil o 5.5G com uma escala relevante, a\u00ed vamos atr\u00e1s. No momento, a prioridade \u00e9 continuar investindo no 5G para","breadcrumb":{"@id":"https:\/\/ubirataonline.com.br\/5g-ainda-nao-deu-retorno-e-operadoras-adotam-cautela-com-5-5g-no-pais\/#breadcrumb"},"inLanguage":"en-US","potentialAction":[{"@type":"ReadAction","target":["https:\/\/ubirataonline.com.br\/5g-ainda-nao-deu-retorno-e-operadoras-adotam-cautela-com-5-5g-no-pais\/"]}]},{"@type":"ImageObject","inLanguage":"en-US","@id":"https:\/\/ubirataonline.com.br\/5g-ainda-nao-deu-retorno-e-operadoras-adotam-cautela-com-5-5g-no-pais\/#primaryimage","url":"https:\/\/ubirataonline.com.br\/wp-content\/uploads\/2025\/09\/homem-com-celular-com-uma-antena-de-telecomunicacoes-em-segundo-plano-antena-5g-comunicacoes-1670606.jpeg","contentUrl":"https:\/\/ubirataonline.com.br\/wp-content\/uploads\/2025\/09\/homem-com-celular-com-uma-antena-de-telecomunicacoes-em-segundo-plano-antena-5g-comunicacoes-1670606.jpeg","width":615,"height":300},{"@type":"BreadcrumbList","@id":"https:\/\/ubirataonline.com.br\/5g-ainda-nao-deu-retorno-e-operadoras-adotam-cautela-com-5-5g-no-pais\/#breadcrumb","itemListElement":[{"@type":"ListItem","position":1,"name":"In\u00edcio","item":"https:\/\/ubirataonline.com.br\/"},{"@type":"ListItem","position":2,"name":"5G ainda n\u00e3o deu retorno, e operadoras adotam cautela com 5.5G no pa\u00eds"}]},{"@type":"WebSite","@id":"https:\/\/ubirataonline.com.br\/#website","url":"https:\/\/ubirataonline.com.br\/","name":"Ubirat\u00e3 Online Not\u00edcias","description":"Not\u00edcias de Ubirat\u00e3, regi\u00e3o, Brasil e mundo, com informa\u00e7\u00e3o atualizada e compromisso com o leitor.","publisher":{"@id":"https:\/\/ubirataonline.com.br\/#organization"},"alternateName":"Ubirat\u00e3 Online","potentialAction":[{"@type":"SearchAction","target":{"@type":"EntryPoint","urlTemplate":"https:\/\/ubirataonline.com.br\/?s={search_term_string}"},"query-input":{"@type":"PropertyValueSpecification","valueRequired":true,"valueName":"search_term_string"}}],"inLanguage":"en-US"},{"@type":["Organization","Place"],"@id":"https:\/\/ubirataonline.com.br\/#organization","name":"Ubirat\u00e3 Online Not\u00edcias","alternateName":"Ubirat\u00e3 Online","url":"https:\/\/ubirataonline.com.br\/","logo":{"@id":"https:\/\/ubirataonline.com.br\/5g-ainda-nao-deu-retorno-e-operadoras-adotam-cautela-com-5-5g-no-pais\/#local-main-organization-logo"},"image":{"@id":"https:\/\/ubirataonline.com.br\/5g-ainda-nao-deu-retorno-e-operadoras-adotam-cautela-com-5-5g-no-pais\/#local-main-organization-logo"},"sameAs":["https:\/\/www.facebook.com\/portalubirataonline","https:\/\/x.com\/ubirataonline","https:\/\/mastodon.social\/@ubirataonline","https:\/\/www.facebook.com\/groups\/311144672285604","https:\/\/www.facebook.com\/UBTAOnline","https:\/\/www.instagram.com\/portalubirataonline\/","https:\/\/twitter.com\/ubirataonline"],"description":"Somos um portal de not\u00edcias independente, criado em 5 de janeiro de 2009, com o objetivo de informar, conectar e valorizar a nossa comunidade de Ubirat\u00e3 e toda aregi\u00e3o. Com conte\u00fado atualizado, confi\u00e1vel e relevante, o Ubirat\u00e3 Online \u00e9 o seu espa\u00e7o para ficar por dentro dos principais acontecimentos locais, regionais, Brasil, Mundo e de interesse geral. Nosso compromisso \u00e9 com a verdade, a transpar\u00eancia e o respeito ao leitor.","legalName":"UBIRATA ONLINE NOT\u00cdCIAS","foundingDate":"2009-01-05","numberOfEmployees":{"@type":"QuantitativeValue","minValue":"1","maxValue":"10"},"publishingPrinciples":"https:\/\/ubirataonline.com.br\/faq\/","address":{"@id":"https:\/\/ubirataonline.com.br\/5g-ainda-nao-deu-retorno-e-operadoras-adotam-cautela-com-5-5g-no-pais\/#local-main-place-address"},"geo":{"@type":"GeoCoordinates","latitude":"-24.5361401","longitude":"-52.9921776"},"telephone":["+5544998308235"],"contactPoint":{"@type":"ContactPoint","email":"contato@ubirataonline.com.br"},"openingHoursSpecification":{"@type":"OpeningHoursSpecification","dayOfWeek":["Monday","Tuesday","Wednesday","Thursday","Friday","Saturday","Sunday"],"opens":"00:00","closes":"23:59"},"email":"contato@ubirataonline.com.br","vatID":"47.621.418\/0001-80"},{"@type":"Person","@id":"https:\/\/ubirataonline.com.br\/#\/schema\/person\/372f87bbd3fdd79b8556b84c98d0bc1c","name":"REDA\u00c7\u00c3O: UBIRAT\u00c3 ONLINE - F\u00c1BIO AUGUSTO CELESTINO","pronouns":"Ele","description":"Desde 2003 trabalhando com not\u00edcias.","sameAs":["http:\/\/ubirataoline.com.br","https:\/\/www.facebook.com\/portalubirataonline","https:\/\/www.instagram.com\/ubirataonline_oficial","https:\/\/x.com\/x.com\/ubirataonline"],"honorificPrefix":"Mr.","honorificSuffix":"MD","birthDate":"1980-06-16","gender":"masculino","award":["V\u00e1rios pr\u00eamios de melhor portal da cidade"],"jobTitle":"Diretor","url":"https:\/\/ubirataonline.com.br\/en\/author\/ubirataonline\/"},{"@type":"PostalAddress","@id":"https:\/\/ubirataonline.com.br\/5g-ainda-nao-deu-retorno-e-operadoras-adotam-cautela-com-5-5g-no-pais\/#local-main-place-address","streetAddress":"Rua dos Coqueiros, 104 - Bairro Boa Vista, Rua dos Coqueiros, 104 Bairro Boa Vista","addressLocality":"UBIRATA","postalCode":"85440-000","addressRegion":"PR","addressCountry":"BR"},{"@type":"ImageObject","inLanguage":"en-US","@id":"https:\/\/ubirataonline.com.br\/5g-ainda-nao-deu-retorno-e-operadoras-adotam-cautela-com-5-5g-no-pais\/#local-main-organization-logo","url":"https:\/\/ubirataonline.com.br\/wp-content\/uploads\/2026\/06\/logoubirataonline-1.webp","contentUrl":"https:\/\/ubirataonline.com.br\/wp-content\/uploads\/2026\/06\/logoubirataonline-1.webp","width":500,"height":500,"caption":"Ubirat\u00e3 Online Not\u00edcias"}]},"geo.placename":"UBIRATA","geo.position":{"lat":"-24.5361401","long":"-52.9921776"},"geo.region":"Brazil"},"_links":{"self":[{"href":"https:\/\/ubirataonline.com.br\/en\/wp-json\/wp\/v2\/posts\/67716","targetHints":{"allow":["GET"]}}],"collection":[{"href":"https:\/\/ubirataonline.com.br\/en\/wp-json\/wp\/v2\/posts"}],"about":[{"href":"https:\/\/ubirataonline.com.br\/en\/wp-json\/wp\/v2\/types\/post"}],"author":[{"embeddable":true,"href":"https:\/\/ubirataonline.com.br\/en\/wp-json\/wp\/v2\/users\/1"}],"replies":[{"embeddable":true,"href":"https:\/\/ubirataonline.com.br\/en\/wp-json\/wp\/v2\/comments?post=67716"}],"version-history":[{"count":0,"href":"https:\/\/ubirataonline.com.br\/en\/wp-json\/wp\/v2\/posts\/67716\/revisions"}],"wp:featuredmedia":[{"embeddable":true,"href":"https:\/\/ubirataonline.com.br\/en\/wp-json\/wp\/v2\/media\/67717"}],"wp:attachment":[{"href":"https:\/\/ubirataonline.com.br\/en\/wp-json\/wp\/v2\/media?parent=67716"}],"wp:term":[{"taxonomy":"category","embeddable":true,"href":"https:\/\/ubirataonline.com.br\/en\/wp-json\/wp\/v2\/categories?post=67716"},{"taxonomy":"post_tag","embeddable":true,"href":"https:\/\/ubirataonline.com.br\/en\/wp-json\/wp\/v2\/tags?post=67716"}],"curies":[{"name":"wp","href":"https:\/\/api.w.org\/{rel}","templated":true}]}}