{"id":67726,"date":"2025-09-09T06:15:13","date_gmt":"2025-09-09T09:15:13","guid":{"rendered":"https:\/\/ubirataonline.com.br\/agencia-minas-gerais-diario-oficial-de-cara-nova-governo-de-minas-lanca-portal-mais-moderno-e-totalmente-digital\/"},"modified":"2025-09-09T06:15:13","modified_gmt":"2025-09-09T09:15:13","slug":"agencia-minas-gerais-diario-oficial-de-cara-nova-governo-de-minas-lanca-portal-mais-moderno-e-totalmente-digital","status":"publish","type":"post","link":"https:\/\/ubirataonline.com.br\/en\/agencia-minas-gerais-diario-oficial-de-cara-nova-governo-de-minas-lanca-portal-mais-moderno-e-totalmente-digital\/","title":{"rendered":"Ag\u00eancia Minas Gerais | Di\u00e1rio Oficial de cara nova: Governo de Minas lan\u00e7a portal mais moderno e totalmente digital"},"content":{"rendered":"<p><\/p>\n<div>\n<section class=\"news-related \/ col-md-4 col-lg-3 \/ margin-md-bottom-2 margin-left-1 \/ pull-right \/ hidden-xs hidden-sm\">\n<header>\n<p class=\"text-title-section \/ margin-bottom-1\">Relacionadas<\/p>\n<\/header>\n<p>\t\t\t\t\t\t\t<main><\/p>\n<hr class=\"row margin-md-bottom-2\"\/>\n\t\t\t\t\t\t\t<\/main><br \/>\n\t\t\t\t\t\t<\/section>\n<p>Do impresso ao eletr\u00f4nico, do eletr\u00f4nico a uma vers\u00e3o essencialmente nativa digital. H\u00e1 133 anos registrando a hist\u00f3ria do povo mineiro, o <a href=\"https:\/\/www.jornalminasgerais.mg.gov.br\/edicao-do-dia\" target=\"_blank\">Di\u00e1rio Oficial de Minas Gerais<\/a>, inicialmente Jornal Minas Geraes, agora est\u00e1 de cara nova. Mais intuitivo, acess\u00edvel e colaborativo, o <a href=\"https:\/\/www.jornalminasgerais.mg.gov.br\/\" target=\"_blank\">Novo Portal do Di\u00e1rio Oficial<\/a> traz aos seus usu\u00e1rios uma interface reestruturada, moderna e totalmente digital.<\/p>\n<p>Fruto de uma pol\u00edtica p\u00fablica que combina preserva\u00e7\u00e3o da mem\u00f3ria e compromisso com a transpar\u00eancia, o novo portal integra um amplo projeto do <a href=\"https:\/\/www.mg.gov.br\/\" target=\"_blank\">Governo de Minas<\/a> que inclui a digitaliza\u00e7\u00e3o de todo o acervo do jornal e muitas outras melhorias que est\u00e3o por vir.<br \/>&#13;<br \/>\n\u00a0<\/p>\n<table align=\"center\" border=\"0\" cellpadding=\"1\" cellspacing=\"1\" style=\"width: 70%;\">&#13;<\/p>\n<tbody>&#13;<\/p>\n<tr>&#13;<\/p>\n<td colspan=\"5\" style=\"text-align: center; vertical-align: middle;\">&#13;<\/p>\n<p style=\"text-align:center\"><img decoding=\"async\" alt=\"\" height=\"10\" src=\"https:\/\/www.agenciaminas.mg.gov.br\/ckeditor_assets\/pictures\/20949\/content_2_olho_topo.jpg\"\/><\/p>\n<p>&#13;\n\t\t\t<\/td>\n<p>&#13;<br \/>\n\t\t<\/tr>\n<p>&#13;<\/p>\n<tr>&#13;<\/p>\n<td style=\"text-align: center; vertical-align: middle;\">\u00a0<\/td>\n<p>&#13;<\/p>\n<td colspan=\"3\" rowspan=\"3\" style=\"text-align: center; vertical-align: middle;\">&#13;<br \/>\n\t\t\t&#13;\n\t\t\t<\/td>\n<p>&#13;<\/p>\n<td style=\"text-align: center; vertical-align: middle;\">\u00a0<\/td>\n<p>&#13;<br \/>\n\t\t<\/tr>\n<p>&#13;<\/p>\n<tr>&#13;<\/p>\n<td style=\"text-align: center; vertical-align: middle;\">\u00a0<\/td>\n<p>&#13;<\/p>\n<td style=\"text-align: center; vertical-align: middle;\">\u00a0<\/td>\n<p>&#13;<br \/>\n\t\t<\/tr>\n<p>&#13;<\/p>\n<tr>&#13;<\/p>\n<td style=\"text-align: center; vertical-align: middle;\">\u00a0<\/td>\n<p>&#13;<\/p>\n<td style=\"text-align: center; vertical-align: middle;\">\u00a0<\/td>\n<p>&#13;<br \/>\n\t\t<\/tr>\n<p>&#13;<\/p>\n<tr>&#13;<\/p>\n<td colspan=\"5\" style=\"text-align: center; vertical-align: middle;\">&#13;<\/p>\n<p style=\"text-align:center\"><img decoding=\"async\" alt=\"\" height=\"10\" src=\"https:\/\/www.agenciaminas.mg.gov.br\/ckeditor_assets\/pictures\/20950\/content_2_olho_inferior.jpg\"\/><\/p>\n<p>&#13;\n\t\t\t<\/td>\n<p>&#13;<br \/>\n\t\t<\/tr>\n<p>&#13;<br \/>\n\t<\/tbody>\n<p>&#13;<br \/>\n<\/table>\n<p>&#13;<br \/>\nEntre as principais novidades da plataforma, a interface intuitiva e o carregamento mais r\u00e1pido prometem facilitar a vida do cidad\u00e3o que utiliza o servi\u00e7o, com uma navega\u00e7\u00e3o simplificada e mais seguran\u00e7a e agilidade para o usu\u00e1rio de qualquer lugar do mundo.<\/p>\n<p><strong>Acessibilidade ampliada<\/strong><\/p>\n<p>Com a nova vers\u00e3o, o Governo de Minas vai ampliar tamb\u00e9m o acesso de pessoas com defici\u00eancia ao conte\u00fado, alcan\u00e7ando, em um primeiro momento, pessoas com defici\u00eancia auditiva e, em uma fase seguinte, com defici\u00eancia visual, por meio de recursos como audiodescri\u00e7\u00e3o.<\/p>\n<p>O secret\u00e1rio de Estado de <a href=\"https:\/\/www.governo.mg.gov.br\/\" target=\"_blank\">Governo<\/a>, Marcelo Aro, ressalta que um povo sem mem\u00f3ria \u00e9 um povo sem hist\u00f3ria. \u201cPor isso, a import\u00e2ncia de se celebrar o papel do Di\u00e1rio Oficial de Minas Gerais, nos \u00faltimos 133 anos, e, agora, o novo portal. \u00c9 o Governo de Minas trabalhando para garantir a continuidade da hist\u00f3ria do seu povo, a transpar\u00eancia e o acesso \u00e0 informa\u00e7\u00e3o, direito de todo cidad\u00e3o\u201d, afirmou Aro.<\/p>\n<p>O conte\u00fado veiculado tamb\u00e9m ter\u00e1 novidades. Com o novo portal, o leitor ter\u00e1 \u00e0 disposi\u00e7\u00e3o informa\u00e7\u00f5es sobre a hist\u00f3ria do jornal e publica\u00e7\u00f5es contendo fatos importantes da hist\u00f3ria de Minas e do Brasil, al\u00e9m de poder contribuir com sugest\u00f5es para novas melhorias na plataforma e com o resgate de fatos hist\u00f3ricos noticiados pelo jornal.<\/p>\n<p><strong>Digitaliza\u00e7\u00e3o em andamento<\/strong><\/p>\n<p>Hoje, o ve\u00edculo conta com 481.583 p\u00e1ginas, ou 54% do acervo do Di\u00e1rio do Executivo, digitalizadas. E o n\u00famero vai crescer ainda mais.<\/p>\n<p>Em fevereiro deste ano, o Governo de Minas celebrou Acordo de Coopera\u00e7\u00e3o T\u00e9cnica com os poderes Judici\u00e1rio e Legislativo, para digitalizar o restante do acervo, incluindo os Di\u00e1rios do Legislativo e do Judici\u00e1rio.<\/p>\n<p>\u201cA digitaliza\u00e7\u00e3o j\u00e1 tem simplificado a vida das pessoas, que n\u00e3o precisam mais vir at\u00e9 Belo Horizonte buscar c\u00f3pias do Di\u00e1rio Oficial. Com o novo portal, al\u00e9m dessa comodidade, as pessoas ter\u00e3o ainda mais acessibilidade, com uma navega\u00e7\u00e3o intuitiva e \u00e1gil\u201d, destacou o superintendente de Gest\u00e3o do Di\u00e1rio Oficial, Rafael Freitas Corr\u00eaa, respons\u00e1vel pelo projeto.<\/p>\n<p>A primeira edi\u00e7\u00e3o do Jornal Minas Gerais foi publicada em 21\/4\/1892, em Ouro Preto, para marcar o centen\u00e1rio de morte de Tiradentes. Desde 2019, o jornal deixou de ser impresso, circulando exclusivamente em formato eletr\u00f4nico. De l\u00e1 para c\u00e1, o site acumula mais de 88 milh\u00f5es de visualiza\u00e7\u00f5es, o que representa uma m\u00e9dia de mais de 12 milh\u00f5es de visualiza\u00e7\u00f5es por ano.<\/p>\n<\/p><\/div>\n<p><a href=\"https:\/\/www.agenciaminas.mg.gov.br\/noticia\/diario-oficial-de-cara-nova-governo-de-minas-lanca-portal-mais-moderno-e-totalmente-digital\">Source link <\/a><\/p>","protected":false},"excerpt":{"rendered":"<p>Relacionadas Do impresso ao eletr\u00f4nico, do eletr\u00f4nico a uma vers\u00e3o essencialmente nativa digital. H\u00e1 133 anos registrando a hist\u00f3ria do povo mineiro, o Di\u00e1rio Oficial de Minas Gerais, inicialmente Jornal Minas Geraes, agora est\u00e1 de cara nova. Mais intuitivo, acess\u00edvel e colaborativo, o Novo Portal do Di\u00e1rio Oficial traz aos seus usu\u00e1rios uma interface reestruturada, [&hellip;]<\/p>\n","protected":false},"author":1,"featured_media":67727,"comment_status":"","ping_status":"","sticky":false,"template":"","format":"standard","meta":{"googlesitekit_rrm_CAow2JLhCw:productID":"","_gspb_post_css":"","maa_idioma":"","maa_pais":"","footnotes":""},"categories":[4],"tags":[],"class_list":["post-67726","post","type-post","status-publish","format-standard","has-post-thumbnail","hentry","category-brasil"],"blocksy_meta":[],"yoast_head":"<!-- This site is optimized with the Yoast SEO Premium plugin v27.6 (Yoast SEO v27.6) - https:\/\/yoast.com\/product\/yoast-seo-premium-wordpress\/ -->\n<title>Ag\u00eancia Minas Gerais | Di\u00e1rio Oficial de cara nova: Governo de Minas lan\u00e7a portal mais moderno e totalmente digital - Ubirat\u00e3 Online Not\u00edcias - A realidade ao seu alcance!<\/title>\n<meta name=\"description\" content=\"Relacionadas Do impresso ao eletr\u00f4nico, do eletr\u00f4nico a uma vers\u00e3o essencialmente nativa digital. H\u00e1 133 anos registrando a hist\u00f3ria do povo mineiro, o\" \/>\n<meta name=\"robots\" content=\"index, follow, max-snippet:-1, max-image-preview:large, max-video-preview:-1\" \/>\n<link rel=\"canonical\" href=\"https:\/\/ubirataonline.com.br\/en\/agencia-minas-gerais-diario-oficial-de-cara-nova-governo-de-minas-lanca-portal-mais-moderno-e-totalmente-digital\/\" \/>\n<meta property=\"og:locale\" content=\"en_US\" \/>\n<meta property=\"og:type\" content=\"article\" \/>\n<meta property=\"og:title\" content=\"Ag\u00eancia Minas Gerais | Di\u00e1rio Oficial de cara nova: Governo de Minas lan\u00e7a portal mais moderno e totalmente digital\" \/>\n<meta property=\"og:description\" content=\"Relacionadas Do impresso ao eletr\u00f4nico, do eletr\u00f4nico a uma vers\u00e3o essencialmente nativa digital. H\u00e1 133 anos registrando a hist\u00f3ria do povo mineiro, o\" \/>\n<meta property=\"og:url\" content=\"https:\/\/ubirataonline.com.br\/en\/agencia-minas-gerais-diario-oficial-de-cara-nova-governo-de-minas-lanca-portal-mais-moderno-e-totalmente-digital\/\" \/>\n<meta property=\"og:site_name\" content=\"Ubirat\u00e3 Online Not\u00edcias - A realidade ao seu alcance!\" \/>\n<meta property=\"article:publisher\" content=\"https:\/\/www.facebook.com\/portalubirataonline\" \/>\n<meta property=\"article:author\" content=\"https:\/\/www.facebook.com\/portalubirataonline\" \/>\n<meta property=\"article:published_time\" content=\"2025-09-09T09:15:13+00:00\" \/>\n<meta property=\"og:image\" content=\"https:\/\/www.agenciaminas.mg.gov.br\/ckeditor_assets\/pictures\/20949\/content_2_olho_topo.jpg\" \/>\n<meta name=\"author\" content=\"REDA\u00c7\u00c3O: UBIRAT\u00c3 ONLINE - F\u00c1BIO AUGUSTO CELESTINO\" \/>\n<meta name=\"twitter:card\" content=\"summary_large_image\" \/>\n<meta name=\"twitter:creator\" content=\"@x.com\/ubirataonline\" \/>\n<meta name=\"twitter:site\" content=\"@ubirataonline\" \/>\n<meta name=\"twitter:label1\" content=\"Written by\" \/>\n\t<meta name=\"twitter:data1\" content=\"REDA\u00c7\u00c3O: UBIRAT\u00c3 ONLINE - F\u00c1BIO AUGUSTO CELESTINO\" \/>\n\t<meta name=\"twitter:label2\" content=\"Est. reading time\" \/>\n\t<meta name=\"twitter:data2\" content=\"3 minutes\" \/>\n<script type=\"application\/ld+json\" class=\"yoast-schema-graph\">{\"@context\":\"https:\\\/\\\/schema.org\",\"@graph\":[{\"@type\":\"NewsArticle\",\"@id\":\"https:\\\/\\\/ubirataonline.com.br\\\/agencia-minas-gerais-diario-oficial-de-cara-nova-governo-de-minas-lanca-portal-mais-moderno-e-totalmente-digital\\\/#article\",\"isPartOf\":{\"@id\":\"https:\\\/\\\/ubirataonline.com.br\\\/agencia-minas-gerais-diario-oficial-de-cara-nova-governo-de-minas-lanca-portal-mais-moderno-e-totalmente-digital\\\/\"},\"author\":{\"name\":\"REDA\u00c7\u00c3O: UBIRAT\u00c3 ONLINE - F\u00c1BIO AUGUSTO CELESTINO\",\"@id\":\"https:\\\/\\\/ubirataonline.com.br\\\/#\\\/schema\\\/person\\\/372f87bbd3fdd79b8556b84c98d0bc1c\"},\"headline\":\"Ag\u00eancia Minas Gerais | Di\u00e1rio Oficial de cara nova: Governo de Minas lan\u00e7a portal mais moderno e totalmente digital\",\"datePublished\":\"2025-09-09T09:15:13+00:00\",\"mainEntityOfPage\":{\"@id\":\"https:\\\/\\\/ubirataonline.com.br\\\/agencia-minas-gerais-diario-oficial-de-cara-nova-governo-de-minas-lanca-portal-mais-moderno-e-totalmente-digital\\\/\"},\"wordCount\":577,\"publisher\":{\"@id\":\"https:\\\/\\\/ubirataonline.com.br\\\/#organization\"},\"image\":{\"@id\":\"https:\\\/\\\/ubirataonline.com.br\\\/agencia-minas-gerais-diario-oficial-de-cara-nova-governo-de-minas-lanca-portal-mais-moderno-e-totalmente-digital\\\/#primaryimage\"},\"thumbnailUrl\":\"https:\\\/\\\/ubirataonline.com.br\\\/wp-content\\\/uploads\\\/2025\\\/09\\\/SegovMG_CapaLancamento_SITE.png\",\"articleSection\":[\"Brasil\"],\"inLanguage\":\"en-US\",\"copyrightYear\":\"2025\",\"copyrightHolder\":{\"@id\":\"https:\\\/\\\/ubirataonline.com.br\\\/en\\\/#organization\"}},{\"@type\":\"WebPage\",\"@id\":\"https:\\\/\\\/ubirataonline.com.br\\\/agencia-minas-gerais-diario-oficial-de-cara-nova-governo-de-minas-lanca-portal-mais-moderno-e-totalmente-digital\\\/\",\"url\":\"https:\\\/\\\/ubirataonline.com.br\\\/agencia-minas-gerais-diario-oficial-de-cara-nova-governo-de-minas-lanca-portal-mais-moderno-e-totalmente-digital\\\/\",\"name\":\"Ag\u00eancia Minas Gerais | Di\u00e1rio Oficial de cara nova: Governo de Minas lan\u00e7a portal mais moderno e totalmente digital - Ubirat\u00e3 Online Not\u00edcias - A realidade ao seu alcance!\",\"isPartOf\":{\"@id\":\"https:\\\/\\\/ubirataonline.com.br\\\/#website\"},\"primaryImageOfPage\":{\"@id\":\"https:\\\/\\\/ubirataonline.com.br\\\/agencia-minas-gerais-diario-oficial-de-cara-nova-governo-de-minas-lanca-portal-mais-moderno-e-totalmente-digital\\\/#primaryimage\"},\"image\":{\"@id\":\"https:\\\/\\\/ubirataonline.com.br\\\/agencia-minas-gerais-diario-oficial-de-cara-nova-governo-de-minas-lanca-portal-mais-moderno-e-totalmente-digital\\\/#primaryimage\"},\"thumbnailUrl\":\"https:\\\/\\\/ubirataonline.com.br\\\/wp-content\\\/uploads\\\/2025\\\/09\\\/SegovMG_CapaLancamento_SITE.png\",\"datePublished\":\"2025-09-09T09:15:13+00:00\",\"description\":\"Relacionadas Do impresso ao eletr\u00f4nico, do eletr\u00f4nico a uma vers\u00e3o essencialmente nativa digital. H\u00e1 133 anos registrando a hist\u00f3ria do povo mineiro, o\",\"breadcrumb\":{\"@id\":\"https:\\\/\\\/ubirataonline.com.br\\\/agencia-minas-gerais-diario-oficial-de-cara-nova-governo-de-minas-lanca-portal-mais-moderno-e-totalmente-digital\\\/#breadcrumb\"},\"inLanguage\":\"en-US\",\"potentialAction\":[{\"@type\":\"ReadAction\",\"target\":[\"https:\\\/\\\/ubirataonline.com.br\\\/agencia-minas-gerais-diario-oficial-de-cara-nova-governo-de-minas-lanca-portal-mais-moderno-e-totalmente-digital\\\/\"]}]},{\"@type\":\"ImageObject\",\"inLanguage\":\"en-US\",\"@id\":\"https:\\\/\\\/ubirataonline.com.br\\\/agencia-minas-gerais-diario-oficial-de-cara-nova-governo-de-minas-lanca-portal-mais-moderno-e-totalmente-digital\\\/#primaryimage\",\"url\":\"https:\\\/\\\/ubirataonline.com.br\\\/wp-content\\\/uploads\\\/2025\\\/09\\\/SegovMG_CapaLancamento_SITE.png\",\"contentUrl\":\"https:\\\/\\\/ubirataonline.com.br\\\/wp-content\\\/uploads\\\/2025\\\/09\\\/SegovMG_CapaLancamento_SITE.png\",\"width\":1600,\"height\":900},{\"@type\":\"BreadcrumbList\",\"@id\":\"https:\\\/\\\/ubirataonline.com.br\\\/agencia-minas-gerais-diario-oficial-de-cara-nova-governo-de-minas-lanca-portal-mais-moderno-e-totalmente-digital\\\/#breadcrumb\",\"itemListElement\":[{\"@type\":\"ListItem\",\"position\":1,\"name\":\"In\u00edcio\",\"item\":\"https:\\\/\\\/ubirataonline.com.br\\\/\"},{\"@type\":\"ListItem\",\"position\":2,\"name\":\"Ag\u00eancia Minas Gerais | Di\u00e1rio Oficial de cara nova: Governo de Minas lan\u00e7a portal mais moderno e totalmente digital\"}]},{\"@type\":\"WebSite\",\"@id\":\"https:\\\/\\\/ubirataonline.com.br\\\/#website\",\"url\":\"https:\\\/\\\/ubirataonline.com.br\\\/\",\"name\":\"Ubirat\u00e3 Online Not\u00edcias\",\"description\":\"Not\u00edcias de Ubirat\u00e3, regi\u00e3o, Brasil e mundo, com informa\u00e7\u00e3o atualizada e compromisso com o leitor.\",\"publisher\":{\"@id\":\"https:\\\/\\\/ubirataonline.com.br\\\/#organization\"},\"alternateName\":\"Ubirat\u00e3 Online\",\"potentialAction\":[{\"@type\":\"SearchAction\",\"target\":{\"@type\":\"EntryPoint\",\"urlTemplate\":\"https:\\\/\\\/ubirataonline.com.br\\\/?s={search_term_string}\"},\"query-input\":{\"@type\":\"PropertyValueSpecification\",\"valueRequired\":true,\"valueName\":\"search_term_string\"}}],\"inLanguage\":\"en-US\"},{\"@type\":[\"Organization\",\"Place\"],\"@id\":\"https:\\\/\\\/ubirataonline.com.br\\\/#organization\",\"name\":\"Ubirat\u00e3 Online Not\u00edcias\",\"alternateName\":\"Ubirat\u00e3 Online\",\"url\":\"https:\\\/\\\/ubirataonline.com.br\\\/\",\"logo\":{\"@id\":\"https:\\\/\\\/ubirataonline.com.br\\\/agencia-minas-gerais-diario-oficial-de-cara-nova-governo-de-minas-lanca-portal-mais-moderno-e-totalmente-digital\\\/#local-main-organization-logo\"},\"image\":{\"@id\":\"https:\\\/\\\/ubirataonline.com.br\\\/agencia-minas-gerais-diario-oficial-de-cara-nova-governo-de-minas-lanca-portal-mais-moderno-e-totalmente-digital\\\/#local-main-organization-logo\"},\"sameAs\":[\"https:\\\/\\\/www.facebook.com\\\/portalubirataonline\",\"https:\\\/\\\/x.com\\\/ubirataonline\",\"https:\\\/\\\/mastodon.social\\\/@ubirataonline\",\"https:\\\/\\\/www.facebook.com\\\/groups\\\/311144672285604\",\"https:\\\/\\\/www.facebook.com\\\/UBTAOnline\",\"https:\\\/\\\/www.instagram.com\\\/portalubirataonline\\\/\",\"https:\\\/\\\/twitter.com\\\/ubirataonline\"],\"description\":\"Somos um portal de not\u00edcias independente, criado em 5 de janeiro de 2009, com o objetivo de informar, conectar e valorizar a nossa comunidade de Ubirat\u00e3 e toda aregi\u00e3o. Com conte\u00fado atualizado, confi\u00e1vel e relevante, o Ubirat\u00e3 Online \u00e9 o seu espa\u00e7o para ficar por dentro dos principais acontecimentos locais, regionais, Brasil, Mundo e de interesse geral. Nosso compromisso \u00e9 com a verdade, a transpar\u00eancia e o respeito ao leitor.\",\"legalName\":\"UBIRATA ONLINE NOT\u00cdCIAS\",\"foundingDate\":\"2009-01-05\",\"numberOfEmployees\":{\"@type\":\"QuantitativeValue\",\"minValue\":\"1\",\"maxValue\":\"10\"},\"publishingPrinciples\":\"https:\\\/\\\/ubirataonline.com.br\\\/faq\\\/\",\"address\":{\"@id\":\"https:\\\/\\\/ubirataonline.com.br\\\/agencia-minas-gerais-diario-oficial-de-cara-nova-governo-de-minas-lanca-portal-mais-moderno-e-totalmente-digital\\\/#local-main-place-address\"},\"geo\":{\"@type\":\"GeoCoordinates\",\"latitude\":\"-24.5361401\",\"longitude\":\"-52.9921776\"},\"telephone\":[\"+5544998308235\"],\"contactPoint\":{\"@type\":\"ContactPoint\",\"email\":\"contato@ubirataonline.com.br\"},\"openingHoursSpecification\":{\"@type\":\"OpeningHoursSpecification\",\"dayOfWeek\":[\"Monday\",\"Tuesday\",\"Wednesday\",\"Thursday\",\"Friday\",\"Saturday\",\"Sunday\"],\"opens\":\"00:00\",\"closes\":\"23:59\"},\"email\":\"contato@ubirataonline.com.br\",\"vatID\":\"47.621.418\\\/0001-80\"},{\"@type\":\"Person\",\"@id\":\"https:\\\/\\\/ubirataonline.com.br\\\/#\\\/schema\\\/person\\\/372f87bbd3fdd79b8556b84c98d0bc1c\",\"name\":\"REDA\u00c7\u00c3O: UBIRAT\u00c3 ONLINE - F\u00c1BIO AUGUSTO CELESTINO\",\"pronouns\":\"Ele\",\"description\":\"Desde 2003 trabalhando com not\u00edcias.\",\"sameAs\":[\"http:\\\/\\\/ubirataoline.com.br\",\"https:\\\/\\\/www.facebook.com\\\/portalubirataonline\",\"https:\\\/\\\/www.instagram.com\\\/ubirataonline_oficial\",\"https:\\\/\\\/x.com\\\/x.com\\\/ubirataonline\"],\"honorificPrefix\":\"Mr.\",\"honorificSuffix\":\"MD\",\"birthDate\":\"1980-06-16\",\"gender\":\"masculino\",\"award\":[\"V\u00e1rios pr\u00eamios de melhor portal da cidade\"],\"jobTitle\":\"Diretor\",\"url\":\"https:\\\/\\\/ubirataonline.com.br\\\/en\\\/author\\\/ubirataonline\\\/\"},{\"@type\":\"PostalAddress\",\"@id\":\"https:\\\/\\\/ubirataonline.com.br\\\/agencia-minas-gerais-diario-oficial-de-cara-nova-governo-de-minas-lanca-portal-mais-moderno-e-totalmente-digital\\\/#local-main-place-address\",\"streetAddress\":\"Rua dos Coqueiros, 104 - Bairro Boa Vista, Rua dos Coqueiros, 104 Bairro Boa Vista\",\"addressLocality\":\"UBIRATA\",\"postalCode\":\"85440-000\",\"addressRegion\":\"PR\",\"addressCountry\":\"BR\"},{\"@type\":\"ImageObject\",\"inLanguage\":\"en-US\",\"@id\":\"https:\\\/\\\/ubirataonline.com.br\\\/agencia-minas-gerais-diario-oficial-de-cara-nova-governo-de-minas-lanca-portal-mais-moderno-e-totalmente-digital\\\/#local-main-organization-logo\",\"url\":\"https:\\\/\\\/ubirataonline.com.br\\\/wp-content\\\/uploads\\\/2026\\\/06\\\/logoubirataonline-1.webp\",\"contentUrl\":\"https:\\\/\\\/ubirataonline.com.br\\\/wp-content\\\/uploads\\\/2026\\\/06\\\/logoubirataonline-1.webp\",\"width\":500,\"height\":500,\"caption\":\"Ubirat\u00e3 Online Not\u00edcias\"}]}<\/script>\n<meta name=\"geo.placename\" content=\"UBIRATA\" \/>\n<meta name=\"geo.position\" content=\"-24.5361401;-52.9921776\" \/>\n<meta name=\"geo.region\" content=\"Brazil\" \/>\n<!-- \/ Yoast SEO Premium plugin. -->","yoast_head_json":{"title":"Ag\u00eancia Minas Gerais | Di\u00e1rio Oficial de cara nova: Governo de Minas lan\u00e7a portal mais moderno e totalmente digital - Ubirat\u00e3 Online Not\u00edcias - A realidade ao seu alcance!","description":"Relacionadas Do impresso ao eletr\u00f4nico, do eletr\u00f4nico a uma vers\u00e3o essencialmente nativa digital. H\u00e1 133 anos registrando a hist\u00f3ria do povo mineiro, o","robots":{"index":"index","follow":"follow","max-snippet":"max-snippet:-1","max-image-preview":"max-image-preview:large","max-video-preview":"max-video-preview:-1"},"canonical":"https:\/\/ubirataonline.com.br\/en\/agencia-minas-gerais-diario-oficial-de-cara-nova-governo-de-minas-lanca-portal-mais-moderno-e-totalmente-digital\/","og_locale":"en_US","og_type":"article","og_title":"Ag\u00eancia Minas Gerais | Di\u00e1rio Oficial de cara nova: Governo de Minas lan\u00e7a portal mais moderno e totalmente digital","og_description":"Relacionadas Do impresso ao eletr\u00f4nico, do eletr\u00f4nico a uma vers\u00e3o essencialmente nativa digital. H\u00e1 133 anos registrando a hist\u00f3ria do povo mineiro, o","og_url":"https:\/\/ubirataonline.com.br\/en\/agencia-minas-gerais-diario-oficial-de-cara-nova-governo-de-minas-lanca-portal-mais-moderno-e-totalmente-digital\/","og_site_name":"Ubirat\u00e3 Online Not\u00edcias - A realidade ao seu alcance!","article_publisher":"https:\/\/www.facebook.com\/portalubirataonline","article_author":"https:\/\/www.facebook.com\/portalubirataonline","article_published_time":"2025-09-09T09:15:13+00:00","og_image":[{"url":"https:\/\/www.agenciaminas.mg.gov.br\/ckeditor_assets\/pictures\/20949\/content_2_olho_topo.jpg","type":"","width":"","height":""}],"author":"REDA\u00c7\u00c3O: UBIRAT\u00c3 ONLINE - F\u00c1BIO AUGUSTO CELESTINO","twitter_card":"summary_large_image","twitter_creator":"@x.com\/ubirataonline","twitter_site":"@ubirataonline","twitter_misc":{"Written by":"REDA\u00c7\u00c3O: UBIRAT\u00c3 ONLINE - F\u00c1BIO AUGUSTO CELESTINO","Est. reading time":"3 minutes"},"schema":{"@context":"https:\/\/schema.org","@graph":[{"@type":"NewsArticle","@id":"https:\/\/ubirataonline.com.br\/agencia-minas-gerais-diario-oficial-de-cara-nova-governo-de-minas-lanca-portal-mais-moderno-e-totalmente-digital\/#article","isPartOf":{"@id":"https:\/\/ubirataonline.com.br\/agencia-minas-gerais-diario-oficial-de-cara-nova-governo-de-minas-lanca-portal-mais-moderno-e-totalmente-digital\/"},"author":{"name":"REDA\u00c7\u00c3O: UBIRAT\u00c3 ONLINE - F\u00c1BIO AUGUSTO CELESTINO","@id":"https:\/\/ubirataonline.com.br\/#\/schema\/person\/372f87bbd3fdd79b8556b84c98d0bc1c"},"headline":"Ag\u00eancia Minas Gerais | Di\u00e1rio Oficial de cara nova: Governo de Minas lan\u00e7a portal mais moderno e totalmente digital","datePublished":"2025-09-09T09:15:13+00:00","mainEntityOfPage":{"@id":"https:\/\/ubirataonline.com.br\/agencia-minas-gerais-diario-oficial-de-cara-nova-governo-de-minas-lanca-portal-mais-moderno-e-totalmente-digital\/"},"wordCount":577,"publisher":{"@id":"https:\/\/ubirataonline.com.br\/#organization"},"image":{"@id":"https:\/\/ubirataonline.com.br\/agencia-minas-gerais-diario-oficial-de-cara-nova-governo-de-minas-lanca-portal-mais-moderno-e-totalmente-digital\/#primaryimage"},"thumbnailUrl":"https:\/\/ubirataonline.com.br\/wp-content\/uploads\/2025\/09\/SegovMG_CapaLancamento_SITE.png","articleSection":["Brasil"],"inLanguage":"en-US","copyrightYear":"2025","copyrightHolder":{"@id":"https:\/\/ubirataonline.com.br\/en\/#organization"}},{"@type":"WebPage","@id":"https:\/\/ubirataonline.com.br\/agencia-minas-gerais-diario-oficial-de-cara-nova-governo-de-minas-lanca-portal-mais-moderno-e-totalmente-digital\/","url":"https:\/\/ubirataonline.com.br\/agencia-minas-gerais-diario-oficial-de-cara-nova-governo-de-minas-lanca-portal-mais-moderno-e-totalmente-digital\/","name":"Ag\u00eancia Minas Gerais | Di\u00e1rio Oficial de cara nova: Governo de Minas lan\u00e7a portal mais moderno e totalmente digital - Ubirat\u00e3 Online Not\u00edcias - A realidade ao seu alcance!","isPartOf":{"@id":"https:\/\/ubirataonline.com.br\/#website"},"primaryImageOfPage":{"@id":"https:\/\/ubirataonline.com.br\/agencia-minas-gerais-diario-oficial-de-cara-nova-governo-de-minas-lanca-portal-mais-moderno-e-totalmente-digital\/#primaryimage"},"image":{"@id":"https:\/\/ubirataonline.com.br\/agencia-minas-gerais-diario-oficial-de-cara-nova-governo-de-minas-lanca-portal-mais-moderno-e-totalmente-digital\/#primaryimage"},"thumbnailUrl":"https:\/\/ubirataonline.com.br\/wp-content\/uploads\/2025\/09\/SegovMG_CapaLancamento_SITE.png","datePublished":"2025-09-09T09:15:13+00:00","description":"Relacionadas Do impresso ao eletr\u00f4nico, do eletr\u00f4nico a uma vers\u00e3o essencialmente nativa digital. H\u00e1 133 anos registrando a hist\u00f3ria do povo mineiro, o","breadcrumb":{"@id":"https:\/\/ubirataonline.com.br\/agencia-minas-gerais-diario-oficial-de-cara-nova-governo-de-minas-lanca-portal-mais-moderno-e-totalmente-digital\/#breadcrumb"},"inLanguage":"en-US","potentialAction":[{"@type":"ReadAction","target":["https:\/\/ubirataonline.com.br\/agencia-minas-gerais-diario-oficial-de-cara-nova-governo-de-minas-lanca-portal-mais-moderno-e-totalmente-digital\/"]}]},{"@type":"ImageObject","inLanguage":"en-US","@id":"https:\/\/ubirataonline.com.br\/agencia-minas-gerais-diario-oficial-de-cara-nova-governo-de-minas-lanca-portal-mais-moderno-e-totalmente-digital\/#primaryimage","url":"https:\/\/ubirataonline.com.br\/wp-content\/uploads\/2025\/09\/SegovMG_CapaLancamento_SITE.png","contentUrl":"https:\/\/ubirataonline.com.br\/wp-content\/uploads\/2025\/09\/SegovMG_CapaLancamento_SITE.png","width":1600,"height":900},{"@type":"BreadcrumbList","@id":"https:\/\/ubirataonline.com.br\/agencia-minas-gerais-diario-oficial-de-cara-nova-governo-de-minas-lanca-portal-mais-moderno-e-totalmente-digital\/#breadcrumb","itemListElement":[{"@type":"ListItem","position":1,"name":"In\u00edcio","item":"https:\/\/ubirataonline.com.br\/"},{"@type":"ListItem","position":2,"name":"Ag\u00eancia Minas Gerais | Di\u00e1rio Oficial de cara nova: Governo de Minas lan\u00e7a portal mais moderno e totalmente digital"}]},{"@type":"WebSite","@id":"https:\/\/ubirataonline.com.br\/#website","url":"https:\/\/ubirataonline.com.br\/","name":"Ubirat\u00e3 Online Not\u00edcias","description":"Not\u00edcias de Ubirat\u00e3, regi\u00e3o, Brasil e mundo, com informa\u00e7\u00e3o atualizada e compromisso com o leitor.","publisher":{"@id":"https:\/\/ubirataonline.com.br\/#organization"},"alternateName":"Ubirat\u00e3 Online","potentialAction":[{"@type":"SearchAction","target":{"@type":"EntryPoint","urlTemplate":"https:\/\/ubirataonline.com.br\/?s={search_term_string}"},"query-input":{"@type":"PropertyValueSpecification","valueRequired":true,"valueName":"search_term_string"}}],"inLanguage":"en-US"},{"@type":["Organization","Place"],"@id":"https:\/\/ubirataonline.com.br\/#organization","name":"Ubirat\u00e3 Online Not\u00edcias","alternateName":"Ubirat\u00e3 Online","url":"https:\/\/ubirataonline.com.br\/","logo":{"@id":"https:\/\/ubirataonline.com.br\/agencia-minas-gerais-diario-oficial-de-cara-nova-governo-de-minas-lanca-portal-mais-moderno-e-totalmente-digital\/#local-main-organization-logo"},"image":{"@id":"https:\/\/ubirataonline.com.br\/agencia-minas-gerais-diario-oficial-de-cara-nova-governo-de-minas-lanca-portal-mais-moderno-e-totalmente-digital\/#local-main-organization-logo"},"sameAs":["https:\/\/www.facebook.com\/portalubirataonline","https:\/\/x.com\/ubirataonline","https:\/\/mastodon.social\/@ubirataonline","https:\/\/www.facebook.com\/groups\/311144672285604","https:\/\/www.facebook.com\/UBTAOnline","https:\/\/www.instagram.com\/portalubirataonline\/","https:\/\/twitter.com\/ubirataonline"],"description":"Somos um portal de not\u00edcias independente, criado em 5 de janeiro de 2009, com o objetivo de informar, conectar e valorizar a nossa comunidade de Ubirat\u00e3 e toda aregi\u00e3o. Com conte\u00fado atualizado, confi\u00e1vel e relevante, o Ubirat\u00e3 Online \u00e9 o seu espa\u00e7o para ficar por dentro dos principais acontecimentos locais, regionais, Brasil, Mundo e de interesse geral. Nosso compromisso \u00e9 com a verdade, a transpar\u00eancia e o respeito ao leitor.","legalName":"UBIRATA ONLINE NOT\u00cdCIAS","foundingDate":"2009-01-05","numberOfEmployees":{"@type":"QuantitativeValue","minValue":"1","maxValue":"10"},"publishingPrinciples":"https:\/\/ubirataonline.com.br\/faq\/","address":{"@id":"https:\/\/ubirataonline.com.br\/agencia-minas-gerais-diario-oficial-de-cara-nova-governo-de-minas-lanca-portal-mais-moderno-e-totalmente-digital\/#local-main-place-address"},"geo":{"@type":"GeoCoordinates","latitude":"-24.5361401","longitude":"-52.9921776"},"telephone":["+5544998308235"],"contactPoint":{"@type":"ContactPoint","email":"contato@ubirataonline.com.br"},"openingHoursSpecification":{"@type":"OpeningHoursSpecification","dayOfWeek":["Monday","Tuesday","Wednesday","Thursday","Friday","Saturday","Sunday"],"opens":"00:00","closes":"23:59"},"email":"contato@ubirataonline.com.br","vatID":"47.621.418\/0001-80"},{"@type":"Person","@id":"https:\/\/ubirataonline.com.br\/#\/schema\/person\/372f87bbd3fdd79b8556b84c98d0bc1c","name":"REDA\u00c7\u00c3O: UBIRAT\u00c3 ONLINE - F\u00c1BIO AUGUSTO CELESTINO","pronouns":"Ele","description":"Desde 2003 trabalhando com not\u00edcias.","sameAs":["http:\/\/ubirataoline.com.br","https:\/\/www.facebook.com\/portalubirataonline","https:\/\/www.instagram.com\/ubirataonline_oficial","https:\/\/x.com\/x.com\/ubirataonline"],"honorificPrefix":"Mr.","honorificSuffix":"MD","birthDate":"1980-06-16","gender":"masculino","award":["V\u00e1rios pr\u00eamios de melhor portal da cidade"],"jobTitle":"Diretor","url":"https:\/\/ubirataonline.com.br\/en\/author\/ubirataonline\/"},{"@type":"PostalAddress","@id":"https:\/\/ubirataonline.com.br\/agencia-minas-gerais-diario-oficial-de-cara-nova-governo-de-minas-lanca-portal-mais-moderno-e-totalmente-digital\/#local-main-place-address","streetAddress":"Rua dos Coqueiros, 104 - Bairro Boa Vista, Rua dos Coqueiros, 104 Bairro Boa Vista","addressLocality":"UBIRATA","postalCode":"85440-000","addressRegion":"PR","addressCountry":"BR"},{"@type":"ImageObject","inLanguage":"en-US","@id":"https:\/\/ubirataonline.com.br\/agencia-minas-gerais-diario-oficial-de-cara-nova-governo-de-minas-lanca-portal-mais-moderno-e-totalmente-digital\/#local-main-organization-logo","url":"https:\/\/ubirataonline.com.br\/wp-content\/uploads\/2026\/06\/logoubirataonline-1.webp","contentUrl":"https:\/\/ubirataonline.com.br\/wp-content\/uploads\/2026\/06\/logoubirataonline-1.webp","width":500,"height":500,"caption":"Ubirat\u00e3 Online Not\u00edcias"}]},"geo.placename":"UBIRATA","geo.position":{"lat":"-24.5361401","long":"-52.9921776"},"geo.region":"Brazil"},"_links":{"self":[{"href":"https:\/\/ubirataonline.com.br\/en\/wp-json\/wp\/v2\/posts\/67726","targetHints":{"allow":["GET"]}}],"collection":[{"href":"https:\/\/ubirataonline.com.br\/en\/wp-json\/wp\/v2\/posts"}],"about":[{"href":"https:\/\/ubirataonline.com.br\/en\/wp-json\/wp\/v2\/types\/post"}],"author":[{"embeddable":true,"href":"https:\/\/ubirataonline.com.br\/en\/wp-json\/wp\/v2\/users\/1"}],"replies":[{"embeddable":true,"href":"https:\/\/ubirataonline.com.br\/en\/wp-json\/wp\/v2\/comments?post=67726"}],"version-history":[{"count":0,"href":"https:\/\/ubirataonline.com.br\/en\/wp-json\/wp\/v2\/posts\/67726\/revisions"}],"wp:featuredmedia":[{"embeddable":true,"href":"https:\/\/ubirataonline.com.br\/en\/wp-json\/wp\/v2\/media\/67727"}],"wp:attachment":[{"href":"https:\/\/ubirataonline.com.br\/en\/wp-json\/wp\/v2\/media?parent=67726"}],"wp:term":[{"taxonomy":"category","embeddable":true,"href":"https:\/\/ubirataonline.com.br\/en\/wp-json\/wp\/v2\/categories?post=67726"},{"taxonomy":"post_tag","embeddable":true,"href":"https:\/\/ubirataonline.com.br\/en\/wp-json\/wp\/v2\/tags?post=67726"}],"curies":[{"name":"wp","href":"https:\/\/api.w.org\/{rel}","templated":true}]}}