{"id":67728,"date":"2025-09-09T06:21:33","date_gmt":"2025-09-09T09:21:33","guid":{"rendered":"https:\/\/ubirataonline.com.br\/policia-identificou-13-vitimas-em-investigacao-de-abuso-envolvendo-padre-e-bispo-falecido\/"},"modified":"2025-09-09T06:21:33","modified_gmt":"2025-09-09T09:21:33","slug":"policia-identificou-13-vitimas-em-investigacao-de-abuso-envolvendo-padre-e-bispo-falecido","status":"publish","type":"post","link":"https:\/\/ubirataonline.com.br\/en\/policia-identificou-13-vitimas-em-investigacao-de-abuso-envolvendo-padre-e-bispo-falecido\/","title":{"rendered":"Pol\u00edcia identificou 13 v\u00edtimas em investiga\u00e7\u00e3o de abuso envolvendo padre e bispo falecido"},"content":{"rendered":"<p><\/p>\n<div id=\"texto\">\n<p>A Pol\u00edcia Civil do Estado do Paran\u00e1, por meio do N\u00facleo de Prote\u00e7\u00e3o \u00e0 Crian\u00e7a e ao Adolescente V\u00edtimas de Crimes (NUCRIA) de Cascavel, informa sobre o andamento das investiga\u00e7\u00f5es do inqu\u00e9rito policial que apura supostos crimes praticados por padre contra crian\u00e7as e adolescentes.<\/p>\n<p>At\u00e9 a presente data, <strong>foram realizadas 38 (trinta e oito) oitivas<\/strong> no \u00e2mbito do procedimento investigat\u00f3rio em curso, tendo sido identificadas 09 (nove) v\u00edtimas relacionadas ao investigado padre e 04 (quatro) v\u00edtimas relacionadas ao falecido bispo Dom Mauro.<\/p>\n<p>As dilig\u00eancias investigat\u00f3rias prosseguem em andamento regular, considerando que ainda h\u00e1 n\u00famero n\u00e3o determinado de pessoas que necessitam ser ouvidas pela autoridade policial para completa elucida\u00e7\u00e3o dos fatos. O interrogat\u00f3rio do investigado ainda n\u00e3o possui data agendada, sendo que ser\u00e1 realizado no momento processual oportuno, observando-se os princ\u00edpios do contradit\u00f3rio e da ampla defesa.<\/p>\n<p>Durante o procedimento investigat\u00f3rio, foi apurado que a Igreja Cat\u00f3lica, atrav\u00e9s da C\u00faria de Cascavel, contratou advogado para prestar assist\u00eancia aos padres ouvidos na condi\u00e7\u00e3o de testemunhas. Os referidos padres informaram, em seus depoimentos, que n\u00e3o foram eles pr\u00f3prios que contrataram a representa\u00e7\u00e3o legal. A autoridade policial avalia que tal conduta possa ter sido empregada como forma de captar elementos de investiga\u00e7\u00e3o que corre sob segredo de justi\u00e7a, bem como poss\u00edvel intimida\u00e7\u00e3o \u00e0s testemunhas por eventual repres\u00e1lia no \u00e2mbito da institui\u00e7\u00e3o religiosa.<\/p>\n<p>Em raz\u00e3o da natureza dos crimes investigados e da necessidade de preserva\u00e7\u00e3o das v\u00edtimas, bem como da integridade do procedimento investigat\u00f3rio, informa\u00e7\u00f5es adicionais somente ser\u00e3o divulgadas quando n\u00e3o comprometerem o regular andamento das investiga\u00e7\u00f5es. A popula\u00e7\u00e3o pode colaborar com as investiga\u00e7\u00f5es atrav\u00e9s dos canais oficiais da Pol\u00edcia Civil, sendo garantido o sigilo das informa\u00e7\u00f5es prestadas.<\/p>\n<p><em>Fonte: Pol\u00edcia Civil\/Nucria<\/em><\/p>\n<\/p><\/div>\n<p><a href=\"https:\/\/cgn.inf.br\/noticia\/1925320\/policia-identificou-13-vitimas-em-investigacao-de-abuso-envolvendo-padre-e-bispo-falecido\">Source link <\/a><\/p>","protected":false},"excerpt":{"rendered":"<p>A Pol\u00edcia Civil do Estado do Paran\u00e1, por meio do N\u00facleo de Prote\u00e7\u00e3o \u00e0 Crian\u00e7a e ao Adolescente V\u00edtimas de Crimes (NUCRIA) de Cascavel, informa sobre o andamento das investiga\u00e7\u00f5es do inqu\u00e9rito policial que apura supostos crimes praticados por padre contra crian\u00e7as e adolescentes. At\u00e9 a presente data, foram realizadas 38 (trinta e oito) oitivas [&hellip;]<\/p>\n","protected":false},"author":1,"featured_media":67729,"comment_status":"","ping_status":"","sticky":false,"template":"","format":"standard","meta":{"googlesitekit_rrm_CAow2JLhCw:productID":"","_gspb_post_css":"","maa_idioma":"","maa_pais":"","footnotes":""},"categories":[1],"tags":[],"class_list":["post-67728","post","type-post","status-publish","format-standard","has-post-thumbnail","hentry","category-ubirata"],"blocksy_meta":[],"yoast_head":"<!-- This site is optimized with the Yoast SEO Premium plugin v27.6 (Yoast SEO v27.6) - https:\/\/yoast.com\/product\/yoast-seo-premium-wordpress\/ -->\n<title>Pol\u00edcia identificou 13 v\u00edtimas em investiga\u00e7\u00e3o de abuso envolvendo padre e bispo falecido - Ubirat\u00e3 Online Not\u00edcias - A realidade ao seu alcance!<\/title>\n<meta name=\"description\" content=\"A Pol\u00edcia Civil do Estado do Paran\u00e1, por meio do N\u00facleo de Prote\u00e7\u00e3o \u00e0 Crian\u00e7a e ao Adolescente V\u00edtimas de Crimes (NUCRIA) de Cascavel, informa sobre o\" \/>\n<meta name=\"robots\" content=\"index, follow, max-snippet:-1, max-image-preview:large, max-video-preview:-1\" \/>\n<link rel=\"canonical\" href=\"https:\/\/ubirataonline.com.br\/en\/policia-identificou-13-vitimas-em-investigacao-de-abuso-envolvendo-padre-e-bispo-falecido\/\" \/>\n<meta property=\"og:locale\" content=\"en_US\" \/>\n<meta property=\"og:type\" content=\"article\" \/>\n<meta property=\"og:title\" content=\"Pol\u00edcia identificou 13 v\u00edtimas em investiga\u00e7\u00e3o de abuso envolvendo padre e bispo falecido\" \/>\n<meta property=\"og:description\" content=\"A Pol\u00edcia Civil do Estado do Paran\u00e1, por meio do N\u00facleo de Prote\u00e7\u00e3o \u00e0 Crian\u00e7a e ao Adolescente V\u00edtimas de Crimes (NUCRIA) de Cascavel, informa sobre o\" \/>\n<meta property=\"og:url\" content=\"https:\/\/ubirataonline.com.br\/en\/policia-identificou-13-vitimas-em-investigacao-de-abuso-envolvendo-padre-e-bispo-falecido\/\" \/>\n<meta property=\"og:site_name\" content=\"Ubirat\u00e3 Online Not\u00edcias - A realidade ao seu alcance!\" \/>\n<meta property=\"article:publisher\" content=\"https:\/\/www.facebook.com\/portalubirataonline\" \/>\n<meta property=\"article:author\" content=\"https:\/\/www.facebook.com\/portalubirataonline\" \/>\n<meta property=\"article:published_time\" content=\"2025-09-09T09:21:33+00:00\" \/>\n<meta property=\"og:image\" content=\"https:\/\/ubirataonline.com.br\/wp-content\/uploads\/2026\/05\/logo2026.webp\" \/>\n\t<meta property=\"og:image:width\" content=\"1531\" \/>\n\t<meta property=\"og:image:height\" content=\"418\" \/>\n\t<meta property=\"og:image:type\" content=\"image\/webp\" \/>\n<meta name=\"author\" content=\"REDA\u00c7\u00c3O: UBIRAT\u00c3 ONLINE - F\u00c1BIO AUGUSTO CELESTINO\" \/>\n<meta name=\"twitter:card\" content=\"summary_large_image\" \/>\n<meta name=\"twitter:creator\" content=\"@x.com\/ubirataonline\" \/>\n<meta name=\"twitter:site\" content=\"@ubirataonline\" \/>\n<meta name=\"twitter:label1\" content=\"Written by\" \/>\n\t<meta name=\"twitter:data1\" content=\"REDA\u00c7\u00c3O: UBIRAT\u00c3 ONLINE - F\u00c1BIO AUGUSTO CELESTINO\" \/>\n\t<meta name=\"twitter:label2\" content=\"Est. reading time\" \/>\n\t<meta name=\"twitter:data2\" content=\"2 minutes\" \/>\n<script type=\"application\/ld+json\" class=\"yoast-schema-graph\">{\"@context\":\"https:\\\/\\\/schema.org\",\"@graph\":[{\"@type\":\"NewsArticle\",\"@id\":\"https:\\\/\\\/ubirataonline.com.br\\\/policia-identificou-13-vitimas-em-investigacao-de-abuso-envolvendo-padre-e-bispo-falecido\\\/#article\",\"isPartOf\":{\"@id\":\"https:\\\/\\\/ubirataonline.com.br\\\/policia-identificou-13-vitimas-em-investigacao-de-abuso-envolvendo-padre-e-bispo-falecido\\\/\"},\"author\":{\"name\":\"REDA\u00c7\u00c3O: UBIRAT\u00c3 ONLINE - F\u00c1BIO AUGUSTO CELESTINO\",\"@id\":\"https:\\\/\\\/ubirataonline.com.br\\\/#\\\/schema\\\/person\\\/372f87bbd3fdd79b8556b84c98d0bc1c\"},\"headline\":\"Pol\u00edcia identificou 13 v\u00edtimas em investiga\u00e7\u00e3o de abuso envolvendo padre e bispo falecido\",\"datePublished\":\"2025-09-09T09:21:33+00:00\",\"mainEntityOfPage\":{\"@id\":\"https:\\\/\\\/ubirataonline.com.br\\\/policia-identificou-13-vitimas-em-investigacao-de-abuso-envolvendo-padre-e-bispo-falecido\\\/\"},\"wordCount\":339,\"publisher\":{\"@id\":\"https:\\\/\\\/ubirataonline.com.br\\\/#organization\"},\"image\":{\"@id\":\"https:\\\/\\\/ubirataonline.com.br\\\/policia-identificou-13-vitimas-em-investigacao-de-abuso-envolvendo-padre-e-bispo-falecido\\\/#primaryimage\"},\"thumbnailUrl\":\"https:\\\/\\\/ubirataonline.com.br\\\/wp-content\\\/uploads\\\/2025\\\/09\\\/bispo-e-padre.jpg\",\"articleSection\":[\"Ubirat\u00e3\"],\"inLanguage\":\"en-US\",\"copyrightYear\":\"2025\",\"copyrightHolder\":{\"@id\":\"https:\\\/\\\/ubirataonline.com.br\\\/en\\\/#organization\"}},{\"@type\":\"WebPage\",\"@id\":\"https:\\\/\\\/ubirataonline.com.br\\\/policia-identificou-13-vitimas-em-investigacao-de-abuso-envolvendo-padre-e-bispo-falecido\\\/\",\"url\":\"https:\\\/\\\/ubirataonline.com.br\\\/policia-identificou-13-vitimas-em-investigacao-de-abuso-envolvendo-padre-e-bispo-falecido\\\/\",\"name\":\"Pol\u00edcia identificou 13 v\u00edtimas em investiga\u00e7\u00e3o de abuso envolvendo padre e bispo falecido - Ubirat\u00e3 Online Not\u00edcias - A realidade ao seu alcance!\",\"isPartOf\":{\"@id\":\"https:\\\/\\\/ubirataonline.com.br\\\/#website\"},\"primaryImageOfPage\":{\"@id\":\"https:\\\/\\\/ubirataonline.com.br\\\/policia-identificou-13-vitimas-em-investigacao-de-abuso-envolvendo-padre-e-bispo-falecido\\\/#primaryimage\"},\"image\":{\"@id\":\"https:\\\/\\\/ubirataonline.com.br\\\/policia-identificou-13-vitimas-em-investigacao-de-abuso-envolvendo-padre-e-bispo-falecido\\\/#primaryimage\"},\"thumbnailUrl\":\"https:\\\/\\\/ubirataonline.com.br\\\/wp-content\\\/uploads\\\/2025\\\/09\\\/bispo-e-padre.jpg\",\"datePublished\":\"2025-09-09T09:21:33+00:00\",\"description\":\"A Pol\u00edcia Civil do Estado do Paran\u00e1, por meio do N\u00facleo de Prote\u00e7\u00e3o \u00e0 Crian\u00e7a e ao Adolescente V\u00edtimas de Crimes (NUCRIA) de Cascavel, informa sobre o\",\"breadcrumb\":{\"@id\":\"https:\\\/\\\/ubirataonline.com.br\\\/policia-identificou-13-vitimas-em-investigacao-de-abuso-envolvendo-padre-e-bispo-falecido\\\/#breadcrumb\"},\"inLanguage\":\"en-US\",\"potentialAction\":[{\"@type\":\"ReadAction\",\"target\":[\"https:\\\/\\\/ubirataonline.com.br\\\/policia-identificou-13-vitimas-em-investigacao-de-abuso-envolvendo-padre-e-bispo-falecido\\\/\"]}]},{\"@type\":\"ImageObject\",\"inLanguage\":\"en-US\",\"@id\":\"https:\\\/\\\/ubirataonline.com.br\\\/policia-identificou-13-vitimas-em-investigacao-de-abuso-envolvendo-padre-e-bispo-falecido\\\/#primaryimage\",\"url\":\"https:\\\/\\\/ubirataonline.com.br\\\/wp-content\\\/uploads\\\/2025\\\/09\\\/bispo-e-padre.jpg\",\"contentUrl\":\"https:\\\/\\\/ubirataonline.com.br\\\/wp-content\\\/uploads\\\/2025\\\/09\\\/bispo-e-padre.jpg\",\"width\":2153,\"height\":1200},{\"@type\":\"BreadcrumbList\",\"@id\":\"https:\\\/\\\/ubirataonline.com.br\\\/policia-identificou-13-vitimas-em-investigacao-de-abuso-envolvendo-padre-e-bispo-falecido\\\/#breadcrumb\",\"itemListElement\":[{\"@type\":\"ListItem\",\"position\":1,\"name\":\"In\u00edcio\",\"item\":\"https:\\\/\\\/ubirataonline.com.br\\\/\"},{\"@type\":\"ListItem\",\"position\":2,\"name\":\"Pol\u00edcia identificou 13 v\u00edtimas em investiga\u00e7\u00e3o de abuso envolvendo padre e bispo falecido\"}]},{\"@type\":\"WebSite\",\"@id\":\"https:\\\/\\\/ubirataonline.com.br\\\/#website\",\"url\":\"https:\\\/\\\/ubirataonline.com.br\\\/\",\"name\":\"Ubirat\u00e3 Online Not\u00edcias\",\"description\":\"Not\u00edcias de Ubirat\u00e3, regi\u00e3o, Brasil e mundo, com informa\u00e7\u00e3o atualizada e compromisso com o leitor.\",\"publisher\":{\"@id\":\"https:\\\/\\\/ubirataonline.com.br\\\/#organization\"},\"alternateName\":\"Ubirat\u00e3 Online\",\"potentialAction\":[{\"@type\":\"SearchAction\",\"target\":{\"@type\":\"EntryPoint\",\"urlTemplate\":\"https:\\\/\\\/ubirataonline.com.br\\\/?s={search_term_string}\"},\"query-input\":{\"@type\":\"PropertyValueSpecification\",\"valueRequired\":true,\"valueName\":\"search_term_string\"}}],\"inLanguage\":\"en-US\"},{\"@type\":[\"Organization\",\"Place\"],\"@id\":\"https:\\\/\\\/ubirataonline.com.br\\\/#organization\",\"name\":\"Ubirat\u00e3 Online Not\u00edcias\",\"alternateName\":\"Ubirat\u00e3 Online\",\"url\":\"https:\\\/\\\/ubirataonline.com.br\\\/\",\"logo\":{\"@id\":\"https:\\\/\\\/ubirataonline.com.br\\\/policia-identificou-13-vitimas-em-investigacao-de-abuso-envolvendo-padre-e-bispo-falecido\\\/#local-main-organization-logo\"},\"image\":{\"@id\":\"https:\\\/\\\/ubirataonline.com.br\\\/policia-identificou-13-vitimas-em-investigacao-de-abuso-envolvendo-padre-e-bispo-falecido\\\/#local-main-organization-logo\"},\"sameAs\":[\"https:\\\/\\\/www.facebook.com\\\/portalubirataonline\",\"https:\\\/\\\/x.com\\\/ubirataonline\",\"https:\\\/\\\/mastodon.social\\\/@ubirataonline\",\"https:\\\/\\\/www.facebook.com\\\/groups\\\/311144672285604\",\"https:\\\/\\\/www.facebook.com\\\/UBTAOnline\",\"https:\\\/\\\/www.instagram.com\\\/portalubirataonline\\\/\",\"https:\\\/\\\/twitter.com\\\/ubirataonline\"],\"description\":\"Somos um portal de not\u00edcias independente, criado em 5 de janeiro de 2009, com o objetivo de informar, conectar e valorizar a nossa comunidade de Ubirat\u00e3 e toda aregi\u00e3o. Com conte\u00fado atualizado, confi\u00e1vel e relevante, o Ubirat\u00e3 Online \u00e9 o seu espa\u00e7o para ficar por dentro dos principais acontecimentos locais, regionais, Brasil, Mundo e de interesse geral. Nosso compromisso \u00e9 com a verdade, a transpar\u00eancia e o respeito ao leitor.\",\"legalName\":\"UBIRATA ONLINE NOT\u00cdCIAS\",\"foundingDate\":\"2009-01-05\",\"numberOfEmployees\":{\"@type\":\"QuantitativeValue\",\"minValue\":\"1\",\"maxValue\":\"10\"},\"publishingPrinciples\":\"https:\\\/\\\/ubirataonline.com.br\\\/faq\\\/\",\"address\":{\"@id\":\"https:\\\/\\\/ubirataonline.com.br\\\/policia-identificou-13-vitimas-em-investigacao-de-abuso-envolvendo-padre-e-bispo-falecido\\\/#local-main-place-address\"},\"geo\":{\"@type\":\"GeoCoordinates\",\"latitude\":\"-24.5361401\",\"longitude\":\"-52.9921776\"},\"telephone\":[\"+5544998308235\"],\"contactPoint\":{\"@type\":\"ContactPoint\",\"email\":\"contato@ubirataonline.com.br\"},\"openingHoursSpecification\":{\"@type\":\"OpeningHoursSpecification\",\"dayOfWeek\":[\"Monday\",\"Tuesday\",\"Wednesday\",\"Thursday\",\"Friday\",\"Saturday\",\"Sunday\"],\"opens\":\"00:00\",\"closes\":\"23:59\"},\"email\":\"contato@ubirataonline.com.br\",\"vatID\":\"47.621.418\\\/0001-80\"},{\"@type\":\"Person\",\"@id\":\"https:\\\/\\\/ubirataonline.com.br\\\/#\\\/schema\\\/person\\\/372f87bbd3fdd79b8556b84c98d0bc1c\",\"name\":\"REDA\u00c7\u00c3O: UBIRAT\u00c3 ONLINE - F\u00c1BIO AUGUSTO CELESTINO\",\"pronouns\":\"Ele\",\"description\":\"Desde 2003 trabalhando com not\u00edcias.\",\"sameAs\":[\"http:\\\/\\\/ubirataoline.com.br\",\"https:\\\/\\\/www.facebook.com\\\/portalubirataonline\",\"https:\\\/\\\/www.instagram.com\\\/ubirataonline_oficial\",\"https:\\\/\\\/x.com\\\/x.com\\\/ubirataonline\"],\"honorificPrefix\":\"Mr.\",\"honorificSuffix\":\"MD\",\"birthDate\":\"1980-06-16\",\"gender\":\"masculino\",\"award\":[\"V\u00e1rios pr\u00eamios de melhor portal da cidade\"],\"jobTitle\":\"Diretor\",\"url\":\"https:\\\/\\\/ubirataonline.com.br\\\/en\\\/author\\\/ubirataonline\\\/\"},{\"@type\":\"PostalAddress\",\"@id\":\"https:\\\/\\\/ubirataonline.com.br\\\/policia-identificou-13-vitimas-em-investigacao-de-abuso-envolvendo-padre-e-bispo-falecido\\\/#local-main-place-address\",\"streetAddress\":\"Rua dos Coqueiros, 104 - Bairro Boa Vista, Rua dos Coqueiros, 104 Bairro Boa Vista\",\"addressLocality\":\"UBIRATA\",\"postalCode\":\"85440-000\",\"addressRegion\":\"PR\",\"addressCountry\":\"BR\"},{\"@type\":\"ImageObject\",\"inLanguage\":\"en-US\",\"@id\":\"https:\\\/\\\/ubirataonline.com.br\\\/policia-identificou-13-vitimas-em-investigacao-de-abuso-envolvendo-padre-e-bispo-falecido\\\/#local-main-organization-logo\",\"url\":\"https:\\\/\\\/ubirataonline.com.br\\\/wp-content\\\/uploads\\\/2026\\\/06\\\/logoubirataonline-1.webp\",\"contentUrl\":\"https:\\\/\\\/ubirataonline.com.br\\\/wp-content\\\/uploads\\\/2026\\\/06\\\/logoubirataonline-1.webp\",\"width\":500,\"height\":500,\"caption\":\"Ubirat\u00e3 Online Not\u00edcias\"}]}<\/script>\n<meta name=\"geo.placename\" content=\"UBIRATA\" \/>\n<meta name=\"geo.position\" content=\"-24.5361401;-52.9921776\" \/>\n<meta name=\"geo.region\" content=\"Brazil\" \/>\n<!-- \/ Yoast SEO Premium plugin. -->","yoast_head_json":{"title":"Pol\u00edcia identificou 13 v\u00edtimas em investiga\u00e7\u00e3o de abuso envolvendo padre e bispo falecido - Ubirat\u00e3 Online Not\u00edcias - A realidade ao seu alcance!","description":"A Pol\u00edcia Civil do Estado do Paran\u00e1, por meio do N\u00facleo de Prote\u00e7\u00e3o \u00e0 Crian\u00e7a e ao Adolescente V\u00edtimas de Crimes (NUCRIA) de Cascavel, informa sobre o","robots":{"index":"index","follow":"follow","max-snippet":"max-snippet:-1","max-image-preview":"max-image-preview:large","max-video-preview":"max-video-preview:-1"},"canonical":"https:\/\/ubirataonline.com.br\/en\/policia-identificou-13-vitimas-em-investigacao-de-abuso-envolvendo-padre-e-bispo-falecido\/","og_locale":"en_US","og_type":"article","og_title":"Pol\u00edcia identificou 13 v\u00edtimas em investiga\u00e7\u00e3o de abuso envolvendo padre e bispo falecido","og_description":"A Pol\u00edcia Civil do Estado do Paran\u00e1, por meio do N\u00facleo de Prote\u00e7\u00e3o \u00e0 Crian\u00e7a e ao Adolescente V\u00edtimas de Crimes (NUCRIA) de Cascavel, informa sobre o","og_url":"https:\/\/ubirataonline.com.br\/en\/policia-identificou-13-vitimas-em-investigacao-de-abuso-envolvendo-padre-e-bispo-falecido\/","og_site_name":"Ubirat\u00e3 Online Not\u00edcias - A realidade ao seu alcance!","article_publisher":"https:\/\/www.facebook.com\/portalubirataonline","article_author":"https:\/\/www.facebook.com\/portalubirataonline","article_published_time":"2025-09-09T09:21:33+00:00","og_image":[{"width":1531,"height":418,"url":"https:\/\/ubirataonline.com.br\/wp-content\/uploads\/2026\/05\/logo2026.webp","type":"image\/webp"}],"author":"REDA\u00c7\u00c3O: UBIRAT\u00c3 ONLINE - F\u00c1BIO AUGUSTO CELESTINO","twitter_card":"summary_large_image","twitter_creator":"@x.com\/ubirataonline","twitter_site":"@ubirataonline","twitter_misc":{"Written by":"REDA\u00c7\u00c3O: UBIRAT\u00c3 ONLINE - F\u00c1BIO AUGUSTO CELESTINO","Est. reading time":"2 minutes"},"schema":{"@context":"https:\/\/schema.org","@graph":[{"@type":"NewsArticle","@id":"https:\/\/ubirataonline.com.br\/policia-identificou-13-vitimas-em-investigacao-de-abuso-envolvendo-padre-e-bispo-falecido\/#article","isPartOf":{"@id":"https:\/\/ubirataonline.com.br\/policia-identificou-13-vitimas-em-investigacao-de-abuso-envolvendo-padre-e-bispo-falecido\/"},"author":{"name":"REDA\u00c7\u00c3O: UBIRAT\u00c3 ONLINE - F\u00c1BIO AUGUSTO CELESTINO","@id":"https:\/\/ubirataonline.com.br\/#\/schema\/person\/372f87bbd3fdd79b8556b84c98d0bc1c"},"headline":"Pol\u00edcia identificou 13 v\u00edtimas em investiga\u00e7\u00e3o de abuso envolvendo padre e bispo falecido","datePublished":"2025-09-09T09:21:33+00:00","mainEntityOfPage":{"@id":"https:\/\/ubirataonline.com.br\/policia-identificou-13-vitimas-em-investigacao-de-abuso-envolvendo-padre-e-bispo-falecido\/"},"wordCount":339,"publisher":{"@id":"https:\/\/ubirataonline.com.br\/#organization"},"image":{"@id":"https:\/\/ubirataonline.com.br\/policia-identificou-13-vitimas-em-investigacao-de-abuso-envolvendo-padre-e-bispo-falecido\/#primaryimage"},"thumbnailUrl":"https:\/\/ubirataonline.com.br\/wp-content\/uploads\/2025\/09\/bispo-e-padre.jpg","articleSection":["Ubirat\u00e3"],"inLanguage":"en-US","copyrightYear":"2025","copyrightHolder":{"@id":"https:\/\/ubirataonline.com.br\/en\/#organization"}},{"@type":"WebPage","@id":"https:\/\/ubirataonline.com.br\/policia-identificou-13-vitimas-em-investigacao-de-abuso-envolvendo-padre-e-bispo-falecido\/","url":"https:\/\/ubirataonline.com.br\/policia-identificou-13-vitimas-em-investigacao-de-abuso-envolvendo-padre-e-bispo-falecido\/","name":"Pol\u00edcia identificou 13 v\u00edtimas em investiga\u00e7\u00e3o de abuso envolvendo padre e bispo falecido - Ubirat\u00e3 Online Not\u00edcias - A realidade ao seu alcance!","isPartOf":{"@id":"https:\/\/ubirataonline.com.br\/#website"},"primaryImageOfPage":{"@id":"https:\/\/ubirataonline.com.br\/policia-identificou-13-vitimas-em-investigacao-de-abuso-envolvendo-padre-e-bispo-falecido\/#primaryimage"},"image":{"@id":"https:\/\/ubirataonline.com.br\/policia-identificou-13-vitimas-em-investigacao-de-abuso-envolvendo-padre-e-bispo-falecido\/#primaryimage"},"thumbnailUrl":"https:\/\/ubirataonline.com.br\/wp-content\/uploads\/2025\/09\/bispo-e-padre.jpg","datePublished":"2025-09-09T09:21:33+00:00","description":"A Pol\u00edcia Civil do Estado do Paran\u00e1, por meio do N\u00facleo de Prote\u00e7\u00e3o \u00e0 Crian\u00e7a e ao Adolescente V\u00edtimas de Crimes (NUCRIA) de Cascavel, informa sobre o","breadcrumb":{"@id":"https:\/\/ubirataonline.com.br\/policia-identificou-13-vitimas-em-investigacao-de-abuso-envolvendo-padre-e-bispo-falecido\/#breadcrumb"},"inLanguage":"en-US","potentialAction":[{"@type":"ReadAction","target":["https:\/\/ubirataonline.com.br\/policia-identificou-13-vitimas-em-investigacao-de-abuso-envolvendo-padre-e-bispo-falecido\/"]}]},{"@type":"ImageObject","inLanguage":"en-US","@id":"https:\/\/ubirataonline.com.br\/policia-identificou-13-vitimas-em-investigacao-de-abuso-envolvendo-padre-e-bispo-falecido\/#primaryimage","url":"https:\/\/ubirataonline.com.br\/wp-content\/uploads\/2025\/09\/bispo-e-padre.jpg","contentUrl":"https:\/\/ubirataonline.com.br\/wp-content\/uploads\/2025\/09\/bispo-e-padre.jpg","width":2153,"height":1200},{"@type":"BreadcrumbList","@id":"https:\/\/ubirataonline.com.br\/policia-identificou-13-vitimas-em-investigacao-de-abuso-envolvendo-padre-e-bispo-falecido\/#breadcrumb","itemListElement":[{"@type":"ListItem","position":1,"name":"In\u00edcio","item":"https:\/\/ubirataonline.com.br\/"},{"@type":"ListItem","position":2,"name":"Pol\u00edcia identificou 13 v\u00edtimas em investiga\u00e7\u00e3o de abuso envolvendo padre e bispo falecido"}]},{"@type":"WebSite","@id":"https:\/\/ubirataonline.com.br\/#website","url":"https:\/\/ubirataonline.com.br\/","name":"Ubirat\u00e3 Online Not\u00edcias","description":"Not\u00edcias de Ubirat\u00e3, regi\u00e3o, Brasil e mundo, com informa\u00e7\u00e3o atualizada e compromisso com o leitor.","publisher":{"@id":"https:\/\/ubirataonline.com.br\/#organization"},"alternateName":"Ubirat\u00e3 Online","potentialAction":[{"@type":"SearchAction","target":{"@type":"EntryPoint","urlTemplate":"https:\/\/ubirataonline.com.br\/?s={search_term_string}"},"query-input":{"@type":"PropertyValueSpecification","valueRequired":true,"valueName":"search_term_string"}}],"inLanguage":"en-US"},{"@type":["Organization","Place"],"@id":"https:\/\/ubirataonline.com.br\/#organization","name":"Ubirat\u00e3 Online Not\u00edcias","alternateName":"Ubirat\u00e3 Online","url":"https:\/\/ubirataonline.com.br\/","logo":{"@id":"https:\/\/ubirataonline.com.br\/policia-identificou-13-vitimas-em-investigacao-de-abuso-envolvendo-padre-e-bispo-falecido\/#local-main-organization-logo"},"image":{"@id":"https:\/\/ubirataonline.com.br\/policia-identificou-13-vitimas-em-investigacao-de-abuso-envolvendo-padre-e-bispo-falecido\/#local-main-organization-logo"},"sameAs":["https:\/\/www.facebook.com\/portalubirataonline","https:\/\/x.com\/ubirataonline","https:\/\/mastodon.social\/@ubirataonline","https:\/\/www.facebook.com\/groups\/311144672285604","https:\/\/www.facebook.com\/UBTAOnline","https:\/\/www.instagram.com\/portalubirataonline\/","https:\/\/twitter.com\/ubirataonline"],"description":"Somos um portal de not\u00edcias independente, criado em 5 de janeiro de 2009, com o objetivo de informar, conectar e valorizar a nossa comunidade de Ubirat\u00e3 e toda aregi\u00e3o. Com conte\u00fado atualizado, confi\u00e1vel e relevante, o Ubirat\u00e3 Online \u00e9 o seu espa\u00e7o para ficar por dentro dos principais acontecimentos locais, regionais, Brasil, Mundo e de interesse geral. Nosso compromisso \u00e9 com a verdade, a transpar\u00eancia e o respeito ao leitor.","legalName":"UBIRATA ONLINE NOT\u00cdCIAS","foundingDate":"2009-01-05","numberOfEmployees":{"@type":"QuantitativeValue","minValue":"1","maxValue":"10"},"publishingPrinciples":"https:\/\/ubirataonline.com.br\/faq\/","address":{"@id":"https:\/\/ubirataonline.com.br\/policia-identificou-13-vitimas-em-investigacao-de-abuso-envolvendo-padre-e-bispo-falecido\/#local-main-place-address"},"geo":{"@type":"GeoCoordinates","latitude":"-24.5361401","longitude":"-52.9921776"},"telephone":["+5544998308235"],"contactPoint":{"@type":"ContactPoint","email":"contato@ubirataonline.com.br"},"openingHoursSpecification":{"@type":"OpeningHoursSpecification","dayOfWeek":["Monday","Tuesday","Wednesday","Thursday","Friday","Saturday","Sunday"],"opens":"00:00","closes":"23:59"},"email":"contato@ubirataonline.com.br","vatID":"47.621.418\/0001-80"},{"@type":"Person","@id":"https:\/\/ubirataonline.com.br\/#\/schema\/person\/372f87bbd3fdd79b8556b84c98d0bc1c","name":"REDA\u00c7\u00c3O: UBIRAT\u00c3 ONLINE - F\u00c1BIO AUGUSTO CELESTINO","pronouns":"Ele","description":"Desde 2003 trabalhando com not\u00edcias.","sameAs":["http:\/\/ubirataoline.com.br","https:\/\/www.facebook.com\/portalubirataonline","https:\/\/www.instagram.com\/ubirataonline_oficial","https:\/\/x.com\/x.com\/ubirataonline"],"honorificPrefix":"Mr.","honorificSuffix":"MD","birthDate":"1980-06-16","gender":"masculino","award":["V\u00e1rios pr\u00eamios de melhor portal da cidade"],"jobTitle":"Diretor","url":"https:\/\/ubirataonline.com.br\/en\/author\/ubirataonline\/"},{"@type":"PostalAddress","@id":"https:\/\/ubirataonline.com.br\/policia-identificou-13-vitimas-em-investigacao-de-abuso-envolvendo-padre-e-bispo-falecido\/#local-main-place-address","streetAddress":"Rua dos Coqueiros, 104 - Bairro Boa Vista, Rua dos Coqueiros, 104 Bairro Boa Vista","addressLocality":"UBIRATA","postalCode":"85440-000","addressRegion":"PR","addressCountry":"BR"},{"@type":"ImageObject","inLanguage":"en-US","@id":"https:\/\/ubirataonline.com.br\/policia-identificou-13-vitimas-em-investigacao-de-abuso-envolvendo-padre-e-bispo-falecido\/#local-main-organization-logo","url":"https:\/\/ubirataonline.com.br\/wp-content\/uploads\/2026\/06\/logoubirataonline-1.webp","contentUrl":"https:\/\/ubirataonline.com.br\/wp-content\/uploads\/2026\/06\/logoubirataonline-1.webp","width":500,"height":500,"caption":"Ubirat\u00e3 Online Not\u00edcias"}]},"geo.placename":"UBIRATA","geo.position":{"lat":"-24.5361401","long":"-52.9921776"},"geo.region":"Brazil"},"_links":{"self":[{"href":"https:\/\/ubirataonline.com.br\/en\/wp-json\/wp\/v2\/posts\/67728","targetHints":{"allow":["GET"]}}],"collection":[{"href":"https:\/\/ubirataonline.com.br\/en\/wp-json\/wp\/v2\/posts"}],"about":[{"href":"https:\/\/ubirataonline.com.br\/en\/wp-json\/wp\/v2\/types\/post"}],"author":[{"embeddable":true,"href":"https:\/\/ubirataonline.com.br\/en\/wp-json\/wp\/v2\/users\/1"}],"replies":[{"embeddable":true,"href":"https:\/\/ubirataonline.com.br\/en\/wp-json\/wp\/v2\/comments?post=67728"}],"version-history":[{"count":0,"href":"https:\/\/ubirataonline.com.br\/en\/wp-json\/wp\/v2\/posts\/67728\/revisions"}],"wp:featuredmedia":[{"embeddable":true,"href":"https:\/\/ubirataonline.com.br\/en\/wp-json\/wp\/v2\/media\/67729"}],"wp:attachment":[{"href":"https:\/\/ubirataonline.com.br\/en\/wp-json\/wp\/v2\/media?parent=67728"}],"wp:term":[{"taxonomy":"category","embeddable":true,"href":"https:\/\/ubirataonline.com.br\/en\/wp-json\/wp\/v2\/categories?post=67728"},{"taxonomy":"post_tag","embeddable":true,"href":"https:\/\/ubirataonline.com.br\/en\/wp-json\/wp\/v2\/tags?post=67728"}],"curies":[{"name":"wp","href":"https:\/\/api.w.org\/{rel}","templated":true}]}}