{"id":67730,"date":"2025-09-09T07:16:19","date_gmt":"2025-09-09T10:16:19","guid":{"rendered":"https:\/\/ubirataonline.com.br\/atualizacao-do-ranking-da-atp-mostra-joao-fonseca-em-42o-melhor-posicao-da-carreira\/"},"modified":"2025-09-09T07:16:19","modified_gmt":"2025-09-09T10:16:19","slug":"atualizacao-do-ranking-da-atp-mostra-joao-fonseca-em-42o-melhor-posicao-da-carreira","status":"publish","type":"post","link":"https:\/\/ubirataonline.com.br\/en\/atualizacao-do-ranking-da-atp-mostra-joao-fonseca-em-42o-melhor-posicao-da-carreira\/","title":{"rendered":"Atualiza\u00e7\u00e3o do ranking da ATP mostra Jo\u00e3o Fonseca em 42\u00ba, melhor posi\u00e7\u00e3o\u00a0da\u00a0carreira"},"content":{"rendered":"<p><\/p>\n<div data-block-type=\"unstyled\" data-block-weight=\"59\">\n<p class=\"content-text__container theme-color-primary-first-letter\" data-track-category=\"Link no Texto\" data-track-links=\"\"> Com o fim do US Open, \u00faltimo grand slam do ano, o ranking dos melhores tenistas do mundo foi atualizado nesta segunda-feira. E h\u00e1 novidade para Jo\u00e3o Fonseca, que <a class=\"\" href=\"https:\/\/oglobo.globo.com\/esportes\/noticia\/2025\/08\/27\/joao-fonseca-e-superado-por-tcheco-e-se-despede-do-us-open-na-segunda-rodada.ghtml\">s\u00f3 chegou \u00e0 segunda rodada do torneio<\/a>: ele subiu tr\u00eas posi\u00e7\u00f5es e agora ocupa o 42\u00ba lugar, sua melhor posi\u00e7\u00e3o no ranking da ATP da carreira, com 1.129 pontos. <\/p>\n<\/p><\/div>\n<div>\n<div class=\"mc-column content-text active-extra-styles\" data-block-type=\"raw\" data-block-weight=\"31\">\n<ul class=\"content-unordered-list\">\n<li><strong>Ex-Botafogo:<\/strong> <a class=\"\" href=\"https:\/\/oglobo.globo.com\/esportes\/futebol\/noticia\/2025\/09\/08\/luiz-henrique-fala-de-copa-do-mundo-polemica-com-neymar-vida-na-russia-e-futuro-nao-penso-em-voltar-agora.ghtml\">Luiz Henrique fala de Copa do Mundo, pol\u00eamica com Neymar, vida na R\u00fassia e futuro<\/a><\/li>\n<li><strong>Entrevista:<\/strong><a class=\"\" href=\"https:\/\/oglobo.globo.com\/esportes\/noticia\/2025\/09\/07\/entrevista-nunca-me-permito-envelhecer-diz-rubens-barrichello-campeao-da-nascar-brasil-aos-53-anos.ghtml?mrfhud=true\"><strong> <\/strong>\u2018Nunca me permito envelhecer\u2019, diz Rubens Barrichello, campe\u00e3o da Nascar Brasil aos 53 anos<\/a><\/li>\n<\/ul><\/div>\n<div class=\"mc-column content-text active-extra-styles\" data-block-type=\"unstyled\" data-block-weight=\"89\">\n<p class=\"content-text__container\" data-track-category=\"Link no Texto\" data-track-links=\"\"> O planejamento do brasileiro para o semestre inclui a entrada no top-40 do ranking at\u00e9 o final do ano. Tudo isso visando aumentar suas chances de ser cabe\u00e7a de chave no Australian Open, em janeiro, para escapar dos advers\u00e1rios mais fortes nas rodadas iniciais do grand slam. Seus pr\u00f3ximos compromissos, no entanto, n\u00e3o contar\u00e3o pontos para a ATP: ele far\u00e1 parte do Time Brasil na Copa Davis, um torneio de sele\u00e7\u00f5es; e ser\u00e1 representante do Time Mundo na Laver Cup, competi\u00e7\u00e3o que re\u00fane grandes tenistas de todo o globo. <\/p>\n<\/p><\/div>\n<div class=\"mc-column content-text active-extra-styles\" data-block-type=\"unstyled\" data-block-weight=\"101\">\n<p class=\"content-text__container\" data-track-category=\"Link no Texto\" data-track-links=\"\"> No \u00faltimo domingo, <a class=\"\" href=\"https:\/\/oglobo.globo.com\/busca\/click?q=sinner+alcaraz&amp;p=1&amp;r=1757343206385&amp;u=https%3A%2F%2Foglobo.globo.com%2Fesportes%2Fnoticia%2F2025%2F09%2F07%2Falcaraz-bate-sinner-conquista-bi-do-us-open-e-volta-a-ser-numero-1-do-mundo.ghtml&amp;syn=False&amp;key=5f65f4c6650f61010dc66e196ea71e68\">os dois melhores tenistas do mundo mediram for\u00e7as mais uma vez<\/a>. Em 2h42, o Carlos Alcaraz bateu o Jannik Sinner por 3 sets a 1 e conquistou pela segunda vez o US Open, tr\u00eas anos ap\u00f3s o primeiro t\u00edtulo. A pontua\u00e7\u00e3o foi, finalmente, suficiente para que o espanhol conseguisse desbancar o italiano e retomar o posto de melhor tenista do mundo \u2014 pelo ranking da ATP, ele tem 11.450 pontos, contra 10.780 do advers\u00e1rio. Neste ano, Sinner sofreu uma puni\u00e7\u00e3o por testar positivo para uma subst\u00e2ncia proibida em um exame antidoping e foi suspenso por tr\u00eas meses. <\/p>\n<\/p><\/div>\n<div class=\"mc-column content-text active-extra-styles\" data-block-type=\"unstyled\" data-block-weight=\"80\">\n<p class=\"content-text__container\" data-track-category=\"Link no Texto\" data-track-links=\"\"> Neste per\u00edodo, Alcaraz somou pontos importantes para encurtar a dist\u00e2ncia, mas como a san\u00e7\u00e3o foi aplicada entre o Australian Open e Roland Garros, o desempenho de Sinner nos grand slams no ano \u2014 campe\u00e3o em Wimbledon e na Austr\u00e1lia e vice em Roland Garros e nos EUA \u2014 foi suficiente para segurar a posi\u00e7\u00e3o, at\u00e9 o \u00faltimo domingo. A \u00faltima vez que Alcaraz liderou o ranking foi em 10 de setembro de 2023, pouco menos de dois anos atr\u00e1s. <\/p>\n<\/p><\/div>\n<div class=\"mc-column content-text active-extra-styles\" data-block-type=\"unstyled\" data-block-weight=\"79\">\n<p class=\"content-text__container\" data-track-category=\"Link no Texto\" data-track-links=\"\"> O terceiro colocado \u00e9 o alem\u00e3o Alexander Zverev, que chegou a 5.930 pontos no ranking. Ele foi eliminado de maneira precoce no US Open, ao deixar o torneio na terceira rodada na derrota para Aliassime, uma das principais surpresas do evento. J\u00e1 Djokovic, que chegou \u00e0 semifinal e foi derrotado por Alcaraz, agora soma 4.830 pontos e pulou tr\u00eas posi\u00e7\u00f5es, para o quarto lugar. O americano Taylor Fritz, eliminado pelo s\u00e9rvio nas quartas, completa o top-5, com 4.675 pontos. <\/p>\n<\/p><\/div>\n<div class=\"mc-column content-text active-extra-styles\" data-block-type=\"unstyled\" data-block-weight=\"81\">\n<p class=\"content-text__container\" data-track-category=\"Link no Texto\" data-track-links=\"\"> O desempenho surpreendente de Felix Auger-Aliassime tamb\u00e9m reorganizou o ranking. O canadense, que j\u00e1 foi o sexto melhor do mundo em 2022, iniciou o torneio na 27\u00aa coloca\u00e7\u00e3o. Mas sua trajet\u00f3ria, que chegou \u00e0 semifinal e s\u00f3 foi interrompida por Sinner, mudou consideravelmente sua posi\u00e7\u00e3o. Ele subiu 14 lugares e agora est\u00e1 em 13\u00ba, com os mesmo 2.755 pontos de Casper Ruud, 12\u00ba colocado. Foi a primeira vez desde outubro de 2023 que o canadense voltou a fazer parte do top-15. <\/p>\n<\/p><\/div>\n<\/p><\/div>\n<p><a href=\"https:\/\/oglobo.globo.com\/esportes\/noticia\/2025\/09\/08\/atualizacao-do-ranking-da-atp-mostra-joao-fonseca-em-42o-melhor-posicao-da-carreira.ghtml\">Source link <\/a><\/p>","protected":false},"excerpt":{"rendered":"<p>Com o fim do US Open, \u00faltimo grand slam do ano, o ranking dos melhores tenistas do mundo foi atualizado nesta segunda-feira. E h\u00e1 novidade para Jo\u00e3o Fonseca, que s\u00f3 chegou \u00e0 segunda rodada do torneio: ele subiu tr\u00eas posi\u00e7\u00f5es e agora ocupa o 42\u00ba lugar, sua melhor posi\u00e7\u00e3o no ranking da ATP da carreira, [&hellip;]<\/p>\n","protected":false},"author":1,"featured_media":67731,"comment_status":"","ping_status":"","sticky":false,"template":"","format":"standard","meta":{"googlesitekit_rrm_CAow2JLhCw:productID":"","_gspb_post_css":"","maa_idioma":"","maa_pais":"","footnotes":""},"categories":[4],"tags":[],"class_list":["post-67730","post","type-post","status-publish","format-standard","has-post-thumbnail","hentry","category-brasil"],"blocksy_meta":[],"yoast_head":"<!-- This site is optimized with the Yoast SEO Premium plugin v27.6 (Yoast SEO v27.6) - https:\/\/yoast.com\/product\/yoast-seo-premium-wordpress\/ -->\n<title>Atualiza\u00e7\u00e3o do ranking da ATP mostra Jo\u00e3o Fonseca em 42\u00ba, melhor posi\u00e7\u00e3o\u00a0da\u00a0carreira - Ubirat\u00e3 Online Not\u00edcias - A realidade ao seu alcance!<\/title>\n<meta name=\"description\" content=\"Com o fim do US Open, \u00faltimo grand slam do ano, o ranking dos melhores tenistas do mundo foi atualizado nesta segunda-feira. E h\u00e1 novidade para Jo\u00e3o\" \/>\n<meta name=\"robots\" content=\"index, follow, max-snippet:-1, max-image-preview:large, max-video-preview:-1\" \/>\n<link rel=\"canonical\" href=\"https:\/\/ubirataonline.com.br\/en\/atualizacao-do-ranking-da-atp-mostra-joao-fonseca-em-42o-melhor-posicao-da-carreira\/\" \/>\n<meta property=\"og:locale\" content=\"en_US\" \/>\n<meta property=\"og:type\" content=\"article\" \/>\n<meta property=\"og:title\" content=\"Atualiza\u00e7\u00e3o do ranking da ATP mostra Jo\u00e3o Fonseca em 42\u00ba, melhor posi\u00e7\u00e3o\u00a0da\u00a0carreira\" \/>\n<meta property=\"og:description\" content=\"Com o fim do US Open, \u00faltimo grand slam do ano, o ranking dos melhores tenistas do mundo foi atualizado nesta segunda-feira. E h\u00e1 novidade para Jo\u00e3o\" \/>\n<meta property=\"og:url\" content=\"https:\/\/ubirataonline.com.br\/en\/atualizacao-do-ranking-da-atp-mostra-joao-fonseca-em-42o-melhor-posicao-da-carreira\/\" \/>\n<meta property=\"og:site_name\" content=\"Ubirat\u00e3 Online Not\u00edcias - A realidade ao seu alcance!\" \/>\n<meta property=\"article:publisher\" content=\"https:\/\/www.facebook.com\/portalubirataonline\" \/>\n<meta property=\"article:author\" content=\"https:\/\/www.facebook.com\/portalubirataonline\" \/>\n<meta property=\"article:published_time\" content=\"2025-09-09T10:16:19+00:00\" \/>\n<meta property=\"og:image\" content=\"https:\/\/ubirataonline.com.br\/wp-content\/uploads\/2026\/05\/logo2026.webp\" \/>\n\t<meta property=\"og:image:width\" content=\"1531\" \/>\n\t<meta property=\"og:image:height\" content=\"418\" \/>\n\t<meta property=\"og:image:type\" content=\"image\/webp\" \/>\n<meta name=\"author\" content=\"REDA\u00c7\u00c3O: UBIRAT\u00c3 ONLINE - F\u00c1BIO AUGUSTO CELESTINO\" \/>\n<meta name=\"twitter:card\" content=\"summary_large_image\" \/>\n<meta name=\"twitter:creator\" content=\"@x.com\/ubirataonline\" \/>\n<meta name=\"twitter:site\" content=\"@ubirataonline\" \/>\n<meta name=\"twitter:label1\" content=\"Written by\" \/>\n\t<meta name=\"twitter:data1\" content=\"REDA\u00c7\u00c3O: UBIRAT\u00c3 ONLINE - F\u00c1BIO AUGUSTO CELESTINO\" \/>\n\t<meta name=\"twitter:label2\" content=\"Est. reading time\" \/>\n\t<meta name=\"twitter:data2\" content=\"3 minutes\" \/>\n<script type=\"application\/ld+json\" class=\"yoast-schema-graph\">{\"@context\":\"https:\\\/\\\/schema.org\",\"@graph\":[{\"@type\":\"NewsArticle\",\"@id\":\"https:\\\/\\\/ubirataonline.com.br\\\/atualizacao-do-ranking-da-atp-mostra-joao-fonseca-em-42o-melhor-posicao-da-carreira\\\/#article\",\"isPartOf\":{\"@id\":\"https:\\\/\\\/ubirataonline.com.br\\\/atualizacao-do-ranking-da-atp-mostra-joao-fonseca-em-42o-melhor-posicao-da-carreira\\\/\"},\"author\":{\"name\":\"REDA\u00c7\u00c3O: UBIRAT\u00c3 ONLINE - F\u00c1BIO AUGUSTO CELESTINO\",\"@id\":\"https:\\\/\\\/ubirataonline.com.br\\\/#\\\/schema\\\/person\\\/372f87bbd3fdd79b8556b84c98d0bc1c\"},\"headline\":\"Atualiza\u00e7\u00e3o do ranking da ATP mostra Jo\u00e3o Fonseca em 42\u00ba, melhor posi\u00e7\u00e3o\u00a0da\u00a0carreira\",\"datePublished\":\"2025-09-09T10:16:19+00:00\",\"mainEntityOfPage\":{\"@id\":\"https:\\\/\\\/ubirataonline.com.br\\\/atualizacao-do-ranking-da-atp-mostra-joao-fonseca-em-42o-melhor-posicao-da-carreira\\\/\"},\"wordCount\":548,\"publisher\":{\"@id\":\"https:\\\/\\\/ubirataonline.com.br\\\/#organization\"},\"image\":{\"@id\":\"https:\\\/\\\/ubirataonline.com.br\\\/atualizacao-do-ranking-da-atp-mostra-joao-fonseca-em-42o-melhor-posicao-da-carreira\\\/#primaryimage\"},\"thumbnailUrl\":\"https:\\\/\\\/ubirataonline.com.br\\\/wp-content\\\/uploads\\\/2025\\\/09\\\/112142100-new-york-new-york-august-27-joao-fonseca-of-brazil-serves-against-tomas-machac-of-cz.jpg\",\"articleSection\":[\"Brasil\"],\"inLanguage\":\"en-US\",\"copyrightYear\":\"2025\",\"copyrightHolder\":{\"@id\":\"https:\\\/\\\/ubirataonline.com.br\\\/en\\\/#organization\"}},{\"@type\":\"WebPage\",\"@id\":\"https:\\\/\\\/ubirataonline.com.br\\\/atualizacao-do-ranking-da-atp-mostra-joao-fonseca-em-42o-melhor-posicao-da-carreira\\\/\",\"url\":\"https:\\\/\\\/ubirataonline.com.br\\\/atualizacao-do-ranking-da-atp-mostra-joao-fonseca-em-42o-melhor-posicao-da-carreira\\\/\",\"name\":\"Atualiza\u00e7\u00e3o do ranking da ATP mostra Jo\u00e3o Fonseca em 42\u00ba, melhor posi\u00e7\u00e3o\u00a0da\u00a0carreira - Ubirat\u00e3 Online Not\u00edcias - A realidade ao seu alcance!\",\"isPartOf\":{\"@id\":\"https:\\\/\\\/ubirataonline.com.br\\\/#website\"},\"primaryImageOfPage\":{\"@id\":\"https:\\\/\\\/ubirataonline.com.br\\\/atualizacao-do-ranking-da-atp-mostra-joao-fonseca-em-42o-melhor-posicao-da-carreira\\\/#primaryimage\"},\"image\":{\"@id\":\"https:\\\/\\\/ubirataonline.com.br\\\/atualizacao-do-ranking-da-atp-mostra-joao-fonseca-em-42o-melhor-posicao-da-carreira\\\/#primaryimage\"},\"thumbnailUrl\":\"https:\\\/\\\/ubirataonline.com.br\\\/wp-content\\\/uploads\\\/2025\\\/09\\\/112142100-new-york-new-york-august-27-joao-fonseca-of-brazil-serves-against-tomas-machac-of-cz.jpg\",\"datePublished\":\"2025-09-09T10:16:19+00:00\",\"description\":\"Com o fim do US Open, \u00faltimo grand slam do ano, o ranking dos melhores tenistas do mundo foi atualizado nesta segunda-feira. E h\u00e1 novidade para Jo\u00e3o\",\"breadcrumb\":{\"@id\":\"https:\\\/\\\/ubirataonline.com.br\\\/atualizacao-do-ranking-da-atp-mostra-joao-fonseca-em-42o-melhor-posicao-da-carreira\\\/#breadcrumb\"},\"inLanguage\":\"en-US\",\"potentialAction\":[{\"@type\":\"ReadAction\",\"target\":[\"https:\\\/\\\/ubirataonline.com.br\\\/atualizacao-do-ranking-da-atp-mostra-joao-fonseca-em-42o-melhor-posicao-da-carreira\\\/\"]}]},{\"@type\":\"ImageObject\",\"inLanguage\":\"en-US\",\"@id\":\"https:\\\/\\\/ubirataonline.com.br\\\/atualizacao-do-ranking-da-atp-mostra-joao-fonseca-em-42o-melhor-posicao-da-carreira\\\/#primaryimage\",\"url\":\"https:\\\/\\\/ubirataonline.com.br\\\/wp-content\\\/uploads\\\/2025\\\/09\\\/112142100-new-york-new-york-august-27-joao-fonseca-of-brazil-serves-against-tomas-machac-of-cz.jpg\",\"contentUrl\":\"https:\\\/\\\/ubirataonline.com.br\\\/wp-content\\\/uploads\\\/2025\\\/09\\\/112142100-new-york-new-york-august-27-joao-fonseca-of-brazil-serves-against-tomas-machac-of-cz.jpg\",\"width\":1200,\"height\":800},{\"@type\":\"BreadcrumbList\",\"@id\":\"https:\\\/\\\/ubirataonline.com.br\\\/atualizacao-do-ranking-da-atp-mostra-joao-fonseca-em-42o-melhor-posicao-da-carreira\\\/#breadcrumb\",\"itemListElement\":[{\"@type\":\"ListItem\",\"position\":1,\"name\":\"In\u00edcio\",\"item\":\"https:\\\/\\\/ubirataonline.com.br\\\/\"},{\"@type\":\"ListItem\",\"position\":2,\"name\":\"Atualiza\u00e7\u00e3o do ranking da ATP mostra Jo\u00e3o Fonseca em 42\u00ba, melhor posi\u00e7\u00e3o\u00a0da\u00a0carreira\"}]},{\"@type\":\"WebSite\",\"@id\":\"https:\\\/\\\/ubirataonline.com.br\\\/#website\",\"url\":\"https:\\\/\\\/ubirataonline.com.br\\\/\",\"name\":\"Ubirat\u00e3 Online Not\u00edcias\",\"description\":\"Not\u00edcias de Ubirat\u00e3, regi\u00e3o, Brasil e mundo, com informa\u00e7\u00e3o atualizada e compromisso com o leitor.\",\"publisher\":{\"@id\":\"https:\\\/\\\/ubirataonline.com.br\\\/#organization\"},\"alternateName\":\"Ubirat\u00e3 Online\",\"potentialAction\":[{\"@type\":\"SearchAction\",\"target\":{\"@type\":\"EntryPoint\",\"urlTemplate\":\"https:\\\/\\\/ubirataonline.com.br\\\/?s={search_term_string}\"},\"query-input\":{\"@type\":\"PropertyValueSpecification\",\"valueRequired\":true,\"valueName\":\"search_term_string\"}}],\"inLanguage\":\"en-US\"},{\"@type\":[\"Organization\",\"Place\"],\"@id\":\"https:\\\/\\\/ubirataonline.com.br\\\/#organization\",\"name\":\"Ubirat\u00e3 Online Not\u00edcias\",\"alternateName\":\"Ubirat\u00e3 Online\",\"url\":\"https:\\\/\\\/ubirataonline.com.br\\\/\",\"logo\":{\"@id\":\"https:\\\/\\\/ubirataonline.com.br\\\/atualizacao-do-ranking-da-atp-mostra-joao-fonseca-em-42o-melhor-posicao-da-carreira\\\/#local-main-organization-logo\"},\"image\":{\"@id\":\"https:\\\/\\\/ubirataonline.com.br\\\/atualizacao-do-ranking-da-atp-mostra-joao-fonseca-em-42o-melhor-posicao-da-carreira\\\/#local-main-organization-logo\"},\"sameAs\":[\"https:\\\/\\\/www.facebook.com\\\/portalubirataonline\",\"https:\\\/\\\/x.com\\\/ubirataonline\",\"https:\\\/\\\/mastodon.social\\\/@ubirataonline\",\"https:\\\/\\\/www.facebook.com\\\/groups\\\/311144672285604\",\"https:\\\/\\\/www.facebook.com\\\/UBTAOnline\",\"https:\\\/\\\/www.instagram.com\\\/portalubirataonline\\\/\",\"https:\\\/\\\/twitter.com\\\/ubirataonline\"],\"description\":\"Somos um portal de not\u00edcias independente, criado em 5 de janeiro de 2009, com o objetivo de informar, conectar e valorizar a nossa comunidade de Ubirat\u00e3 e toda aregi\u00e3o. Com conte\u00fado atualizado, confi\u00e1vel e relevante, o Ubirat\u00e3 Online \u00e9 o seu espa\u00e7o para ficar por dentro dos principais acontecimentos locais, regionais, Brasil, Mundo e de interesse geral. Nosso compromisso \u00e9 com a verdade, a transpar\u00eancia e o respeito ao leitor.\",\"legalName\":\"UBIRATA ONLINE NOT\u00cdCIAS\",\"foundingDate\":\"2009-01-05\",\"numberOfEmployees\":{\"@type\":\"QuantitativeValue\",\"minValue\":\"1\",\"maxValue\":\"10\"},\"publishingPrinciples\":\"https:\\\/\\\/ubirataonline.com.br\\\/faq\\\/\",\"address\":{\"@id\":\"https:\\\/\\\/ubirataonline.com.br\\\/atualizacao-do-ranking-da-atp-mostra-joao-fonseca-em-42o-melhor-posicao-da-carreira\\\/#local-main-place-address\"},\"geo\":{\"@type\":\"GeoCoordinates\",\"latitude\":\"-24.5361401\",\"longitude\":\"-52.9921776\"},\"telephone\":[\"+5544998308235\"],\"contactPoint\":{\"@type\":\"ContactPoint\",\"email\":\"contato@ubirataonline.com.br\"},\"openingHoursSpecification\":{\"@type\":\"OpeningHoursSpecification\",\"dayOfWeek\":[\"Monday\",\"Tuesday\",\"Wednesday\",\"Thursday\",\"Friday\",\"Saturday\",\"Sunday\"],\"opens\":\"00:00\",\"closes\":\"23:59\"},\"email\":\"contato@ubirataonline.com.br\",\"vatID\":\"47.621.418\\\/0001-80\"},{\"@type\":\"Person\",\"@id\":\"https:\\\/\\\/ubirataonline.com.br\\\/#\\\/schema\\\/person\\\/372f87bbd3fdd79b8556b84c98d0bc1c\",\"name\":\"REDA\u00c7\u00c3O: UBIRAT\u00c3 ONLINE - F\u00c1BIO AUGUSTO CELESTINO\",\"pronouns\":\"Ele\",\"description\":\"Desde 2003 trabalhando com not\u00edcias.\",\"sameAs\":[\"http:\\\/\\\/ubirataoline.com.br\",\"https:\\\/\\\/www.facebook.com\\\/portalubirataonline\",\"https:\\\/\\\/www.instagram.com\\\/ubirataonline_oficial\",\"https:\\\/\\\/x.com\\\/x.com\\\/ubirataonline\"],\"honorificPrefix\":\"Mr.\",\"honorificSuffix\":\"MD\",\"birthDate\":\"1980-06-16\",\"gender\":\"masculino\",\"award\":[\"V\u00e1rios pr\u00eamios de melhor portal da cidade\"],\"jobTitle\":\"Diretor\",\"url\":\"https:\\\/\\\/ubirataonline.com.br\\\/en\\\/author\\\/ubirataonline\\\/\"},{\"@type\":\"PostalAddress\",\"@id\":\"https:\\\/\\\/ubirataonline.com.br\\\/atualizacao-do-ranking-da-atp-mostra-joao-fonseca-em-42o-melhor-posicao-da-carreira\\\/#local-main-place-address\",\"streetAddress\":\"Rua dos Coqueiros, 104 - Bairro Boa Vista, Rua dos Coqueiros, 104 Bairro Boa Vista\",\"addressLocality\":\"UBIRATA\",\"postalCode\":\"85440-000\",\"addressRegion\":\"PR\",\"addressCountry\":\"BR\"},{\"@type\":\"ImageObject\",\"inLanguage\":\"en-US\",\"@id\":\"https:\\\/\\\/ubirataonline.com.br\\\/atualizacao-do-ranking-da-atp-mostra-joao-fonseca-em-42o-melhor-posicao-da-carreira\\\/#local-main-organization-logo\",\"url\":\"https:\\\/\\\/ubirataonline.com.br\\\/wp-content\\\/uploads\\\/2026\\\/06\\\/logoubirataonline-1.webp\",\"contentUrl\":\"https:\\\/\\\/ubirataonline.com.br\\\/wp-content\\\/uploads\\\/2026\\\/06\\\/logoubirataonline-1.webp\",\"width\":500,\"height\":500,\"caption\":\"Ubirat\u00e3 Online Not\u00edcias\"}]}<\/script>\n<meta name=\"geo.placename\" content=\"UBIRATA\" \/>\n<meta name=\"geo.position\" content=\"-24.5361401;-52.9921776\" \/>\n<meta name=\"geo.region\" content=\"Brazil\" \/>\n<!-- \/ Yoast SEO Premium plugin. -->","yoast_head_json":{"title":"Atualiza\u00e7\u00e3o do ranking da ATP mostra Jo\u00e3o Fonseca em 42\u00ba, melhor posi\u00e7\u00e3o\u00a0da\u00a0carreira - Ubirat\u00e3 Online Not\u00edcias - A realidade ao seu alcance!","description":"Com o fim do US Open, \u00faltimo grand slam do ano, o ranking dos melhores tenistas do mundo foi atualizado nesta segunda-feira. E h\u00e1 novidade para Jo\u00e3o","robots":{"index":"index","follow":"follow","max-snippet":"max-snippet:-1","max-image-preview":"max-image-preview:large","max-video-preview":"max-video-preview:-1"},"canonical":"https:\/\/ubirataonline.com.br\/en\/atualizacao-do-ranking-da-atp-mostra-joao-fonseca-em-42o-melhor-posicao-da-carreira\/","og_locale":"en_US","og_type":"article","og_title":"Atualiza\u00e7\u00e3o do ranking da ATP mostra Jo\u00e3o Fonseca em 42\u00ba, melhor posi\u00e7\u00e3o\u00a0da\u00a0carreira","og_description":"Com o fim do US Open, \u00faltimo grand slam do ano, o ranking dos melhores tenistas do mundo foi atualizado nesta segunda-feira. E h\u00e1 novidade para Jo\u00e3o","og_url":"https:\/\/ubirataonline.com.br\/en\/atualizacao-do-ranking-da-atp-mostra-joao-fonseca-em-42o-melhor-posicao-da-carreira\/","og_site_name":"Ubirat\u00e3 Online Not\u00edcias - A realidade ao seu alcance!","article_publisher":"https:\/\/www.facebook.com\/portalubirataonline","article_author":"https:\/\/www.facebook.com\/portalubirataonline","article_published_time":"2025-09-09T10:16:19+00:00","og_image":[{"width":1531,"height":418,"url":"https:\/\/ubirataonline.com.br\/wp-content\/uploads\/2026\/05\/logo2026.webp","type":"image\/webp"}],"author":"REDA\u00c7\u00c3O: UBIRAT\u00c3 ONLINE - F\u00c1BIO AUGUSTO CELESTINO","twitter_card":"summary_large_image","twitter_creator":"@x.com\/ubirataonline","twitter_site":"@ubirataonline","twitter_misc":{"Written by":"REDA\u00c7\u00c3O: UBIRAT\u00c3 ONLINE - F\u00c1BIO AUGUSTO CELESTINO","Est. reading time":"3 minutes"},"schema":{"@context":"https:\/\/schema.org","@graph":[{"@type":"NewsArticle","@id":"https:\/\/ubirataonline.com.br\/atualizacao-do-ranking-da-atp-mostra-joao-fonseca-em-42o-melhor-posicao-da-carreira\/#article","isPartOf":{"@id":"https:\/\/ubirataonline.com.br\/atualizacao-do-ranking-da-atp-mostra-joao-fonseca-em-42o-melhor-posicao-da-carreira\/"},"author":{"name":"REDA\u00c7\u00c3O: UBIRAT\u00c3 ONLINE - F\u00c1BIO AUGUSTO CELESTINO","@id":"https:\/\/ubirataonline.com.br\/#\/schema\/person\/372f87bbd3fdd79b8556b84c98d0bc1c"},"headline":"Atualiza\u00e7\u00e3o do ranking da ATP mostra Jo\u00e3o Fonseca em 42\u00ba, melhor posi\u00e7\u00e3o\u00a0da\u00a0carreira","datePublished":"2025-09-09T10:16:19+00:00","mainEntityOfPage":{"@id":"https:\/\/ubirataonline.com.br\/atualizacao-do-ranking-da-atp-mostra-joao-fonseca-em-42o-melhor-posicao-da-carreira\/"},"wordCount":548,"publisher":{"@id":"https:\/\/ubirataonline.com.br\/#organization"},"image":{"@id":"https:\/\/ubirataonline.com.br\/atualizacao-do-ranking-da-atp-mostra-joao-fonseca-em-42o-melhor-posicao-da-carreira\/#primaryimage"},"thumbnailUrl":"https:\/\/ubirataonline.com.br\/wp-content\/uploads\/2025\/09\/112142100-new-york-new-york-august-27-joao-fonseca-of-brazil-serves-against-tomas-machac-of-cz.jpg","articleSection":["Brasil"],"inLanguage":"en-US","copyrightYear":"2025","copyrightHolder":{"@id":"https:\/\/ubirataonline.com.br\/en\/#organization"}},{"@type":"WebPage","@id":"https:\/\/ubirataonline.com.br\/atualizacao-do-ranking-da-atp-mostra-joao-fonseca-em-42o-melhor-posicao-da-carreira\/","url":"https:\/\/ubirataonline.com.br\/atualizacao-do-ranking-da-atp-mostra-joao-fonseca-em-42o-melhor-posicao-da-carreira\/","name":"Atualiza\u00e7\u00e3o do ranking da ATP mostra Jo\u00e3o Fonseca em 42\u00ba, melhor posi\u00e7\u00e3o\u00a0da\u00a0carreira - Ubirat\u00e3 Online Not\u00edcias - A realidade ao seu alcance!","isPartOf":{"@id":"https:\/\/ubirataonline.com.br\/#website"},"primaryImageOfPage":{"@id":"https:\/\/ubirataonline.com.br\/atualizacao-do-ranking-da-atp-mostra-joao-fonseca-em-42o-melhor-posicao-da-carreira\/#primaryimage"},"image":{"@id":"https:\/\/ubirataonline.com.br\/atualizacao-do-ranking-da-atp-mostra-joao-fonseca-em-42o-melhor-posicao-da-carreira\/#primaryimage"},"thumbnailUrl":"https:\/\/ubirataonline.com.br\/wp-content\/uploads\/2025\/09\/112142100-new-york-new-york-august-27-joao-fonseca-of-brazil-serves-against-tomas-machac-of-cz.jpg","datePublished":"2025-09-09T10:16:19+00:00","description":"Com o fim do US Open, \u00faltimo grand slam do ano, o ranking dos melhores tenistas do mundo foi atualizado nesta segunda-feira. E h\u00e1 novidade para Jo\u00e3o","breadcrumb":{"@id":"https:\/\/ubirataonline.com.br\/atualizacao-do-ranking-da-atp-mostra-joao-fonseca-em-42o-melhor-posicao-da-carreira\/#breadcrumb"},"inLanguage":"en-US","potentialAction":[{"@type":"ReadAction","target":["https:\/\/ubirataonline.com.br\/atualizacao-do-ranking-da-atp-mostra-joao-fonseca-em-42o-melhor-posicao-da-carreira\/"]}]},{"@type":"ImageObject","inLanguage":"en-US","@id":"https:\/\/ubirataonline.com.br\/atualizacao-do-ranking-da-atp-mostra-joao-fonseca-em-42o-melhor-posicao-da-carreira\/#primaryimage","url":"https:\/\/ubirataonline.com.br\/wp-content\/uploads\/2025\/09\/112142100-new-york-new-york-august-27-joao-fonseca-of-brazil-serves-against-tomas-machac-of-cz.jpg","contentUrl":"https:\/\/ubirataonline.com.br\/wp-content\/uploads\/2025\/09\/112142100-new-york-new-york-august-27-joao-fonseca-of-brazil-serves-against-tomas-machac-of-cz.jpg","width":1200,"height":800},{"@type":"BreadcrumbList","@id":"https:\/\/ubirataonline.com.br\/atualizacao-do-ranking-da-atp-mostra-joao-fonseca-em-42o-melhor-posicao-da-carreira\/#breadcrumb","itemListElement":[{"@type":"ListItem","position":1,"name":"In\u00edcio","item":"https:\/\/ubirataonline.com.br\/"},{"@type":"ListItem","position":2,"name":"Atualiza\u00e7\u00e3o do ranking da ATP mostra Jo\u00e3o Fonseca em 42\u00ba, melhor posi\u00e7\u00e3o\u00a0da\u00a0carreira"}]},{"@type":"WebSite","@id":"https:\/\/ubirataonline.com.br\/#website","url":"https:\/\/ubirataonline.com.br\/","name":"Ubirat\u00e3 Online Not\u00edcias","description":"Not\u00edcias de Ubirat\u00e3, regi\u00e3o, Brasil e mundo, com informa\u00e7\u00e3o atualizada e compromisso com o leitor.","publisher":{"@id":"https:\/\/ubirataonline.com.br\/#organization"},"alternateName":"Ubirat\u00e3 Online","potentialAction":[{"@type":"SearchAction","target":{"@type":"EntryPoint","urlTemplate":"https:\/\/ubirataonline.com.br\/?s={search_term_string}"},"query-input":{"@type":"PropertyValueSpecification","valueRequired":true,"valueName":"search_term_string"}}],"inLanguage":"en-US"},{"@type":["Organization","Place"],"@id":"https:\/\/ubirataonline.com.br\/#organization","name":"Ubirat\u00e3 Online Not\u00edcias","alternateName":"Ubirat\u00e3 Online","url":"https:\/\/ubirataonline.com.br\/","logo":{"@id":"https:\/\/ubirataonline.com.br\/atualizacao-do-ranking-da-atp-mostra-joao-fonseca-em-42o-melhor-posicao-da-carreira\/#local-main-organization-logo"},"image":{"@id":"https:\/\/ubirataonline.com.br\/atualizacao-do-ranking-da-atp-mostra-joao-fonseca-em-42o-melhor-posicao-da-carreira\/#local-main-organization-logo"},"sameAs":["https:\/\/www.facebook.com\/portalubirataonline","https:\/\/x.com\/ubirataonline","https:\/\/mastodon.social\/@ubirataonline","https:\/\/www.facebook.com\/groups\/311144672285604","https:\/\/www.facebook.com\/UBTAOnline","https:\/\/www.instagram.com\/portalubirataonline\/","https:\/\/twitter.com\/ubirataonline"],"description":"Somos um portal de not\u00edcias independente, criado em 5 de janeiro de 2009, com o objetivo de informar, conectar e valorizar a nossa comunidade de Ubirat\u00e3 e toda aregi\u00e3o. Com conte\u00fado atualizado, confi\u00e1vel e relevante, o Ubirat\u00e3 Online \u00e9 o seu espa\u00e7o para ficar por dentro dos principais acontecimentos locais, regionais, Brasil, Mundo e de interesse geral. Nosso compromisso \u00e9 com a verdade, a transpar\u00eancia e o respeito ao leitor.","legalName":"UBIRATA ONLINE NOT\u00cdCIAS","foundingDate":"2009-01-05","numberOfEmployees":{"@type":"QuantitativeValue","minValue":"1","maxValue":"10"},"publishingPrinciples":"https:\/\/ubirataonline.com.br\/faq\/","address":{"@id":"https:\/\/ubirataonline.com.br\/atualizacao-do-ranking-da-atp-mostra-joao-fonseca-em-42o-melhor-posicao-da-carreira\/#local-main-place-address"},"geo":{"@type":"GeoCoordinates","latitude":"-24.5361401","longitude":"-52.9921776"},"telephone":["+5544998308235"],"contactPoint":{"@type":"ContactPoint","email":"contato@ubirataonline.com.br"},"openingHoursSpecification":{"@type":"OpeningHoursSpecification","dayOfWeek":["Monday","Tuesday","Wednesday","Thursday","Friday","Saturday","Sunday"],"opens":"00:00","closes":"23:59"},"email":"contato@ubirataonline.com.br","vatID":"47.621.418\/0001-80"},{"@type":"Person","@id":"https:\/\/ubirataonline.com.br\/#\/schema\/person\/372f87bbd3fdd79b8556b84c98d0bc1c","name":"REDA\u00c7\u00c3O: UBIRAT\u00c3 ONLINE - F\u00c1BIO AUGUSTO CELESTINO","pronouns":"Ele","description":"Desde 2003 trabalhando com not\u00edcias.","sameAs":["http:\/\/ubirataoline.com.br","https:\/\/www.facebook.com\/portalubirataonline","https:\/\/www.instagram.com\/ubirataonline_oficial","https:\/\/x.com\/x.com\/ubirataonline"],"honorificPrefix":"Mr.","honorificSuffix":"MD","birthDate":"1980-06-16","gender":"masculino","award":["V\u00e1rios pr\u00eamios de melhor portal da cidade"],"jobTitle":"Diretor","url":"https:\/\/ubirataonline.com.br\/en\/author\/ubirataonline\/"},{"@type":"PostalAddress","@id":"https:\/\/ubirataonline.com.br\/atualizacao-do-ranking-da-atp-mostra-joao-fonseca-em-42o-melhor-posicao-da-carreira\/#local-main-place-address","streetAddress":"Rua dos Coqueiros, 104 - Bairro Boa Vista, Rua dos Coqueiros, 104 Bairro Boa Vista","addressLocality":"UBIRATA","postalCode":"85440-000","addressRegion":"PR","addressCountry":"BR"},{"@type":"ImageObject","inLanguage":"en-US","@id":"https:\/\/ubirataonline.com.br\/atualizacao-do-ranking-da-atp-mostra-joao-fonseca-em-42o-melhor-posicao-da-carreira\/#local-main-organization-logo","url":"https:\/\/ubirataonline.com.br\/wp-content\/uploads\/2026\/06\/logoubirataonline-1.webp","contentUrl":"https:\/\/ubirataonline.com.br\/wp-content\/uploads\/2026\/06\/logoubirataonline-1.webp","width":500,"height":500,"caption":"Ubirat\u00e3 Online Not\u00edcias"}]},"geo.placename":"UBIRATA","geo.position":{"lat":"-24.5361401","long":"-52.9921776"},"geo.region":"Brazil"},"_links":{"self":[{"href":"https:\/\/ubirataonline.com.br\/en\/wp-json\/wp\/v2\/posts\/67730","targetHints":{"allow":["GET"]}}],"collection":[{"href":"https:\/\/ubirataonline.com.br\/en\/wp-json\/wp\/v2\/posts"}],"about":[{"href":"https:\/\/ubirataonline.com.br\/en\/wp-json\/wp\/v2\/types\/post"}],"author":[{"embeddable":true,"href":"https:\/\/ubirataonline.com.br\/en\/wp-json\/wp\/v2\/users\/1"}],"replies":[{"embeddable":true,"href":"https:\/\/ubirataonline.com.br\/en\/wp-json\/wp\/v2\/comments?post=67730"}],"version-history":[{"count":0,"href":"https:\/\/ubirataonline.com.br\/en\/wp-json\/wp\/v2\/posts\/67730\/revisions"}],"wp:featuredmedia":[{"embeddable":true,"href":"https:\/\/ubirataonline.com.br\/en\/wp-json\/wp\/v2\/media\/67731"}],"wp:attachment":[{"href":"https:\/\/ubirataonline.com.br\/en\/wp-json\/wp\/v2\/media?parent=67730"}],"wp:term":[{"taxonomy":"category","embeddable":true,"href":"https:\/\/ubirataonline.com.br\/en\/wp-json\/wp\/v2\/categories?post=67730"},{"taxonomy":"post_tag","embeddable":true,"href":"https:\/\/ubirataonline.com.br\/en\/wp-json\/wp\/v2\/tags?post=67730"}],"curies":[{"name":"wp","href":"https:\/\/api.w.org\/{rel}","templated":true}]}}