{"id":67741,"date":"2025-09-09T08:18:30","date_gmt":"2025-09-09T11:18:30","guid":{"rendered":"https:\/\/ubirataonline.com.br\/fecha-de-lanzamiento-y-preordenes-todo-lo-que-debes-saber\/"},"modified":"2025-09-09T08:18:30","modified_gmt":"2025-09-09T11:18:30","slug":"fecha-de-lanzamiento-y-preordenes-todo-lo-que-debes-saber","status":"publish","type":"post","link":"https:\/\/ubirataonline.com.br\/en\/fecha-de-lanzamiento-y-preordenes-todo-lo-que-debes-saber\/","title":{"rendered":"fecha de lanzamiento y pre\u00f3rdenes \u2013 todo lo que debes saber"},"content":{"rendered":"<p><\/p>\n<div id=\"\">\n<div id=\"videoWrap\" class=\"spacer-large videoWrap\" style=\"position:relative\"><media-video video-id=\"85850180007\" title=\"Apple announces date for likely rollout of iPhone 17\" poster=\"https:\/\/www.gannett-cdn.com\/authoring\/authoring-images\/2025\/04\/10\/USNK\/83033730007-20250312-t-104009-z-305768031-rc-26-g-0-a-78-p-52-rtrmadp-3-appleindiaantitrust.JPG?crop=5499,3094,x0,y367\" util-module-path=\"elements\/media\" placement=\"snow-video-story-priority\"><\/p>\n<div id=\"uwVideoPlaceholder\" slot=\"placeholder\" style=\"z-index:19;width:100%;padding-bottom:56.25%;position:relative\"><img decoding=\"async\" style=\"position:absolute;top:0;left:0;right:0;bottom:0;width:100%;height:100%;z-index:2\" src=\"https:\/\/www.gannett-cdn.com\/authoring\/authoring-images\/2025\/04\/10\/USNK\/83033730007-20250312-t-104009-z-305768031-rc-26-g-0-a-78-p-52-rtrmadp-3-appleindiaantitrust.JPG?crop=5499,3094,x0,y367\"\/><\/p>\n<div class=\"vidplaybtn\" style=\"display:-moz-box;display:-ms-flexbox;display:-webkit-flex;display:flex;background-color:rgba(0,0,0,.4);border:2px solid #fff;border-radius:80px;cursor:pointer;height:80px;width:80px;position:absolute;top:50%;left:50%;transform:translate(-50%,-50%);z-index:10\"><img decoding=\"async\" class=\"vidplayicon\" src=\"https:\/\/www.gannett-cdn.com\/appservices\/universal-web\/universal\/icons\/icon-play-alt-white.svg\" alt=\"play\" style=\"height:40px;margin:auto 18px auto 27px;width:40px\"\/><\/div>\n<\/div>\n<div slot=\"videoDetails\" id=\"videoDetails\" class=\"videoDetails\" style=\"padding-top:8px;padding-bottom:8px\">\n<div id=\"videoDetailsContainer\" class=\"videoDetailsContainer\" hidden=\"\">\n<p>Apple announces date for likely rollout of iPhone 17<\/p>\n<p>Apple has announced when it is expected to announce the newest iPhone and many are speculating on what the new phones will feature.<\/p>\n<p>Straight Arrow News<\/p>\n<\/div>\n<\/div>\n<p><\/media-video><\/div>\n<p><a href=\"https:\/\/www.usatoday.com\/story\/news\/politics\/2025\/08\/07\/tim-cook-trump-gift\/85555805007\/\">Apple vuelve a poner a temblar al mundo tecnol\u00f3gico<\/a>. Cada oto\u00f1o, millones de usuarios esperan con ansias la gran cita del gigante de Cupertino, y este a\u00f1o no es la excepci\u00f3n: el iPhone 17 promete marcar la conversaci\u00f3n global.<\/p>\n<partner-banner util-module-path=\"elements\/partner\" class=\"spacer-large\" min-height=\"600\" fluid=\"\" outstream=\"\" momentum=\"\"\/>\n<p>Los rumores, filtraciones y an\u00e1lisis de expertos han encendido el ambiente, mientras la compa\u00f1\u00eda prepara su evento oficial bajo el lema <a href=\"https:\/\/www.usatoday.com\/story\/tech\/2025\/08\/26\/apple-event-date-september-2025-iphone-17\/85833853007\/https:\/\/www.usatoday.com\/story\/tech\/2025\/08\/26\/apple-event-date-september-2025-iphone-17\/85833853007\/\">\u201cAwe Dropping\u201d<\/a>.<\/p>\n<p>Aunque Apple guarda celosamente los detalles hasta el \u00faltimo momento, ya circulan pistas confiables sobre lo que traer\u00e1 el esperado dispositivo. Se habla de un redise\u00f1o sutil, un salto en la calidad de la c\u00e1mara frontal y, por primera vez, un chip propio para Wi-Fi y Bluetooth.<\/p>\n<p>Pero la gran pregunta que se repite entre los fan\u00e1ticos es la misma: \u00bfcu\u00e1ndo sale a la venta el iPhone 17 y cu\u00e1ndo se pueden hacer las pre\u00f3rdenes?<\/p>\n<partner-banner util-module-path=\"elements\/partner\" fluid=\"\" bottom=\"\" lazy=\"\" class=\"spacer-large\" min-height=\"390\" outstream=\"\"\/>\n<h2 class=\"presto-h2 wp-block-heading\">\u00bfCu\u00e1ndo sale el iPhone 17?<\/h2>\n<p>Si Apple mantiene su calendario habitual, el <a href=\"https:\/\/www.usatoday.com\/story\/tech\/2025\/09\/05\/apple-event-2025-devices\/85981620007\/\">iPhone 17<\/a> se presentar\u00e1 oficialmente el martes 9 de septiembre durante su evento anual. Las pre\u00f3rdenes se abrir\u00edan el viernes 12 de septiembre y la venta general iniciar\u00eda el viernes 19 de septiembre. Este patr\u00f3n sigue la estrategia de lanzamientos de los \u00faltimos a\u00f1os.<\/p>\n<partner-inline util-module-path=\"elements\/partner\" class=\"spacer-large\" placement=\"native-article_link\" sizes=\"[[300, 250], [3, 3]]\" min-height=\"250\" fluid=\"\" outstream=\"\"\/>\n<h2 class=\"presto-h2 wp-block-heading\">\u00bfCu\u00e1ndo comienzan las pre\u00f3rdenes del iPhone 17?<\/h2>\n<p>Las pre\u00f3rdenes son clave porque garantizan recibir el dispositivo el mismo d\u00eda del lanzamiento oficial. Todo apunta a que Apple abrir\u00e1 el proceso de reservas el 12 de septiembre, apenas tres d\u00edas despu\u00e9s del evento.<\/p>\n<p><cta-atoms-container-inline util-module-path=\"elements\/cta\" class=\"spacer-large\"\/><\/p>\n<h2 class=\"presto-h2 wp-block-heading\">\u00bfQu\u00e9 novedades trae el iPhone 17 respecto al iPhone 16?<\/h2>\n<p>De acuerdo con filtraciones de medios especializados como <em><a href=\"https:\/\/www.macrumors.com\/2025\/09\/08\/apple-event-week-iphone-17-cheat-sheet\/\">MacRumors<\/a><\/em>, el iPhone 17 mantendr\u00eda un tama\u00f1o y dise\u00f1o muy similares al iPhone 16, pero incorporar\u00e1 mejoras importantes: una c\u00e1mara frontal de 24 megap\u00edxeles (el doble que su antecesor) y el primer chip dise\u00f1ado por Apple para conexiones Wi-Fi y Bluetooth, lo que podr\u00eda ofrecer mayor velocidad y estabilidad.<\/p>\n<p><media-image image-set=\"https:\/\/www.gannett-cdn.com\/authoring\/authoring-images\/2025\/09\/05\/USAT\/85994932007-getty-images-2210288541.jpg bestCrop, https:\/\/www.gannett-cdn.com\/authoring\/authoring-images\/2025\/09\/05\/USAT\/85994932007-getty-images-2210288541.jpg?crop=910,682,x51,y0 4:3, https:\/\/www.gannett-cdn.com\/authoring\/authoring-images\/2025\/09\/05\/USAT\/85994932007-getty-images-2210288541.jpg?crop=512,682,x256,y0 3:4, https:\/\/www.gannett-cdn.com\/authoring\/authoring-images\/2025\/09\/05\/USAT\/85994932007-getty-images-2210288541.jpg?crop=1023,576,x0,y0 16:9\" image-alt=\"\" credit=\"Scott Olson, Getty Images\" caption=\"Customers shop iPhones at an Apple store on April 14, 2025 in Chicago, Illinois.\" orientation=\"horizontal\" class=\"spacer-large\" util-module-path=\"elements\/media\"\/><\/p>\n<h2 class=\"presto-h2 wp-block-heading\">\u00bfQu\u00e9 podemos esperar del evento &#8216;Awe Dropping&#8217;?<\/h2>\n<p>Adem\u00e1s del iPhone 17, <a href=\"https:\/\/www.usatoday.com\/story\/tech\/2025\/08\/26\/apple-event-date-september-2025-iphone-17\/85833853007\/\">se esperan anuncios de actualizaciones de software<\/a>, nuevos accesorios y posibles avances en la l\u00ednea de Apple Watch. Estos eventos suelen marcar la hoja de ruta tecnol\u00f3gica de la compa\u00f1\u00eda para el resto del a\u00f1o.<\/p>\n<partner-banner util-module-path=\"elements\/partner\" fluid=\"\" bottom=\"\" lazy=\"\" class=\"spacer-large\" min-height=\"600\" outstream=\"\" momentum=\"\"\/><partner-inline util-module-path=\"elements\/partner\" placement=\"native-article_link\" sizes=\"[[300, 250], [3, 3]]\" min-height=\"250\" fluid=\"\" outstream=\"\"\/>\n<h2 class=\"presto-h2 wp-block-heading\">\u00bfC\u00f3mo han sido los lanzamientos anteriores del iPhone?<\/h2>\n<p>El historial reciente refuerza las predicciones:<\/p>\n<ul class=\"wp-block-list\">\n<li><strong>iPhone 16 (2024):<\/strong> anunciado el 9 de septiembre, pre\u00f3rdenes el 13 y lanzamiento el 20.<\/li>\n<li><strong>iPhone 15 (2023):<\/strong> anunciado el 12 de septiembre, pre\u00f3rdenes el 15 y lanzamiento el 22.<\/li>\n<\/ul>\n<p><em>Contribuci\u00f3n: USA TODAY<\/em><\/p>\n<p><em>Boris Q\u2019va es reportero nacional de noticias en tendencia en espa\u00f1ol para Connect \/ USA TODAY Network. Puedes seguirlo en X como\u00a0<a href=\"https:\/\/x.com\/ByBorisQva\">@ByBorisQva<\/a>\u00a0o escribirle al correo\u00a0<a href=\"mailto:BBalsindesUrquiola@gannett.com\">BBalsindesUrquiola@gannett.com<\/a>.<\/em><\/p>\n<lit-timestamp class=\"column ten-column no-gutter spacer-small\" slot=\"timestamp\" publishdate=\"2025-09-08 21:18:12 +0000 UTC\" updatedate=\"2025-09-08 21:18:12 +0000 UTC\"\/><\/div>\n<p><a href=\"https:\/\/www.usatoday.com\/story\/tech\/2025\/09\/08\/iphone-17-fecha-de-lanzamiento-y-preordenes\/86044505007\/\">Source link <\/a><\/p>\n","protected":false},"excerpt":{"rendered":"<p>Apple announces date for likely rollout of iPhone 17 Apple has announced when it is expected to announce the newest iPhone and many are speculating on what the new phones will feature. Straight Arrow News Apple vuelve a poner a temblar al mundo tecnol\u00f3gico. Cada oto\u00f1o, millones de usuarios esperan con ansias la gran cita [&hellip;]<\/p>\n","protected":false},"author":1,"featured_media":67742,"comment_status":"","ping_status":"","sticky":false,"template":"","format":"standard","meta":{"googlesitekit_rrm_CAow2JLhCw:productID":"","_gspb_post_css":"","maa_idioma":"","maa_pais":"","footnotes":""},"categories":[4],"tags":[],"class_list":["post-67741","post","type-post","status-publish","format-standard","has-post-thumbnail","hentry","category-brasil"],"blocksy_meta":[],"yoast_head":"<!-- This site is optimized with the Yoast SEO Premium plugin v27.6 (Yoast SEO v27.6) - https:\/\/yoast.com\/product\/yoast-seo-premium-wordpress\/ -->\n<title>fecha de lanzamiento y pre\u00f3rdenes \u2013 todo lo que debes saber - Ubirat\u00e3 Online Not\u00edcias - A realidade ao seu alcance!<\/title>\n<meta name=\"description\" content=\"Apple announces date for likely rollout of iPhone 17Apple has announced when it is expected to announce the newest iPhone and many are speculating on what\" \/>\n<meta name=\"robots\" content=\"index, follow, max-snippet:-1, max-image-preview:large, max-video-preview:-1\" \/>\n<link rel=\"canonical\" href=\"https:\/\/ubirataonline.com.br\/en\/fecha-de-lanzamiento-y-preordenes-todo-lo-que-debes-saber\/\" \/>\n<meta property=\"og:locale\" content=\"en_US\" \/>\n<meta property=\"og:type\" content=\"article\" \/>\n<meta property=\"og:title\" content=\"fecha de lanzamiento y pre\u00f3rdenes \u2013 todo lo que debes saber\" \/>\n<meta property=\"og:description\" content=\"Apple announces date for likely rollout of iPhone 17Apple has announced when it is expected to announce the newest iPhone and many are speculating on what\" \/>\n<meta property=\"og:url\" content=\"https:\/\/ubirataonline.com.br\/en\/fecha-de-lanzamiento-y-preordenes-todo-lo-que-debes-saber\/\" \/>\n<meta property=\"og:site_name\" content=\"Ubirat\u00e3 Online Not\u00edcias - A realidade ao seu alcance!\" \/>\n<meta property=\"article:publisher\" content=\"https:\/\/www.facebook.com\/portalubirataonline\" \/>\n<meta property=\"article:author\" content=\"https:\/\/www.facebook.com\/portalubirataonline\" \/>\n<meta property=\"article:published_time\" content=\"2025-09-09T11:18:30+00:00\" \/>\n<meta property=\"og:image\" content=\"https:\/\/www.gannett-cdn.com\/authoring\/authoring-images\/2025\/04\/10\/USNK\/83033730007-20250312-t-104009-z-305768031-rc-26-g-0-a-78-p-52-rtrmadp-3-appleindiaantitrust.JPG?crop=5499,3094,x0,y367\" \/>\n<meta name=\"author\" content=\"REDA\u00c7\u00c3O: UBIRAT\u00c3 ONLINE - F\u00c1BIO AUGUSTO CELESTINO\" \/>\n<meta name=\"twitter:card\" content=\"summary_large_image\" \/>\n<meta name=\"twitter:creator\" content=\"@x.com\/ubirataonline\" \/>\n<meta name=\"twitter:site\" content=\"@ubirataonline\" \/>\n<meta name=\"twitter:label1\" content=\"Written by\" \/>\n\t<meta name=\"twitter:data1\" content=\"REDA\u00c7\u00c3O: UBIRAT\u00c3 ONLINE - F\u00c1BIO AUGUSTO CELESTINO\" \/>\n\t<meta name=\"twitter:label2\" content=\"Est. reading time\" \/>\n\t<meta name=\"twitter:data2\" content=\"2 minutes\" \/>\n<script type=\"application\/ld+json\" class=\"yoast-schema-graph\">{\"@context\":\"https:\\\/\\\/schema.org\",\"@graph\":[{\"@type\":\"NewsArticle\",\"@id\":\"https:\\\/\\\/ubirataonline.com.br\\\/fecha-de-lanzamiento-y-preordenes-todo-lo-que-debes-saber\\\/#article\",\"isPartOf\":{\"@id\":\"https:\\\/\\\/ubirataonline.com.br\\\/fecha-de-lanzamiento-y-preordenes-todo-lo-que-debes-saber\\\/\"},\"author\":{\"name\":\"REDA\u00c7\u00c3O: UBIRAT\u00c3 ONLINE - F\u00c1BIO AUGUSTO CELESTINO\",\"@id\":\"https:\\\/\\\/ubirataonline.com.br\\\/#\\\/schema\\\/person\\\/372f87bbd3fdd79b8556b84c98d0bc1c\"},\"headline\":\"fecha de lanzamiento y pre\u00f3rdenes \u2013 todo lo que debes saber\",\"datePublished\":\"2025-09-09T11:18:30+00:00\",\"mainEntityOfPage\":{\"@id\":\"https:\\\/\\\/ubirataonline.com.br\\\/fecha-de-lanzamiento-y-preordenes-todo-lo-que-debes-saber\\\/\"},\"wordCount\":489,\"publisher\":{\"@id\":\"https:\\\/\\\/ubirataonline.com.br\\\/#organization\"},\"image\":{\"@id\":\"https:\\\/\\\/ubirataonline.com.br\\\/fecha-de-lanzamiento-y-preordenes-todo-lo-que-debes-saber\\\/#primaryimage\"},\"thumbnailUrl\":\"https:\\\/\\\/ubirataonline.com.br\\\/wp-content\\\/uploads\\\/2025\\\/09\\\/85994932007-getty-images-2210288541.jpg\",\"articleSection\":[\"Brasil\"],\"inLanguage\":\"en-US\",\"copyrightYear\":\"2025\",\"copyrightHolder\":{\"@id\":\"https:\\\/\\\/ubirataonline.com.br\\\/en\\\/#organization\"}},{\"@type\":\"WebPage\",\"@id\":\"https:\\\/\\\/ubirataonline.com.br\\\/fecha-de-lanzamiento-y-preordenes-todo-lo-que-debes-saber\\\/\",\"url\":\"https:\\\/\\\/ubirataonline.com.br\\\/fecha-de-lanzamiento-y-preordenes-todo-lo-que-debes-saber\\\/\",\"name\":\"fecha de lanzamiento y pre\u00f3rdenes \u2013 todo lo que debes saber - Ubirat\u00e3 Online Not\u00edcias - A realidade ao seu alcance!\",\"isPartOf\":{\"@id\":\"https:\\\/\\\/ubirataonline.com.br\\\/#website\"},\"primaryImageOfPage\":{\"@id\":\"https:\\\/\\\/ubirataonline.com.br\\\/fecha-de-lanzamiento-y-preordenes-todo-lo-que-debes-saber\\\/#primaryimage\"},\"image\":{\"@id\":\"https:\\\/\\\/ubirataonline.com.br\\\/fecha-de-lanzamiento-y-preordenes-todo-lo-que-debes-saber\\\/#primaryimage\"},\"thumbnailUrl\":\"https:\\\/\\\/ubirataonline.com.br\\\/wp-content\\\/uploads\\\/2025\\\/09\\\/85994932007-getty-images-2210288541.jpg\",\"datePublished\":\"2025-09-09T11:18:30+00:00\",\"description\":\"Apple announces date for likely rollout of iPhone 17Apple has announced when it is expected to announce the newest iPhone and many are speculating on what\",\"breadcrumb\":{\"@id\":\"https:\\\/\\\/ubirataonline.com.br\\\/fecha-de-lanzamiento-y-preordenes-todo-lo-que-debes-saber\\\/#breadcrumb\"},\"inLanguage\":\"en-US\",\"potentialAction\":[{\"@type\":\"ReadAction\",\"target\":[\"https:\\\/\\\/ubirataonline.com.br\\\/fecha-de-lanzamiento-y-preordenes-todo-lo-que-debes-saber\\\/\"]}]},{\"@type\":\"ImageObject\",\"inLanguage\":\"en-US\",\"@id\":\"https:\\\/\\\/ubirataonline.com.br\\\/fecha-de-lanzamiento-y-preordenes-todo-lo-que-debes-saber\\\/#primaryimage\",\"url\":\"https:\\\/\\\/ubirataonline.com.br\\\/wp-content\\\/uploads\\\/2025\\\/09\\\/85994932007-getty-images-2210288541.jpg\",\"contentUrl\":\"https:\\\/\\\/ubirataonline.com.br\\\/wp-content\\\/uploads\\\/2025\\\/09\\\/85994932007-getty-images-2210288541.jpg\",\"width\":1200,\"height\":676},{\"@type\":\"BreadcrumbList\",\"@id\":\"https:\\\/\\\/ubirataonline.com.br\\\/fecha-de-lanzamiento-y-preordenes-todo-lo-que-debes-saber\\\/#breadcrumb\",\"itemListElement\":[{\"@type\":\"ListItem\",\"position\":1,\"name\":\"In\u00edcio\",\"item\":\"https:\\\/\\\/ubirataonline.com.br\\\/\"},{\"@type\":\"ListItem\",\"position\":2,\"name\":\"fecha de lanzamiento y pre\u00f3rdenes \u2013 todo lo que debes saber\"}]},{\"@type\":\"WebSite\",\"@id\":\"https:\\\/\\\/ubirataonline.com.br\\\/#website\",\"url\":\"https:\\\/\\\/ubirataonline.com.br\\\/\",\"name\":\"Ubirat\u00e3 Online Not\u00edcias\",\"description\":\"Not\u00edcias de Ubirat\u00e3, regi\u00e3o, Brasil e mundo, com informa\u00e7\u00e3o atualizada e compromisso com o leitor.\",\"publisher\":{\"@id\":\"https:\\\/\\\/ubirataonline.com.br\\\/#organization\"},\"alternateName\":\"Ubirat\u00e3 Online\",\"potentialAction\":[{\"@type\":\"SearchAction\",\"target\":{\"@type\":\"EntryPoint\",\"urlTemplate\":\"https:\\\/\\\/ubirataonline.com.br\\\/?s={search_term_string}\"},\"query-input\":{\"@type\":\"PropertyValueSpecification\",\"valueRequired\":true,\"valueName\":\"search_term_string\"}}],\"inLanguage\":\"en-US\"},{\"@type\":[\"Organization\",\"Place\"],\"@id\":\"https:\\\/\\\/ubirataonline.com.br\\\/#organization\",\"name\":\"Ubirat\u00e3 Online Not\u00edcias\",\"alternateName\":\"Ubirat\u00e3 Online\",\"url\":\"https:\\\/\\\/ubirataonline.com.br\\\/\",\"logo\":{\"@id\":\"https:\\\/\\\/ubirataonline.com.br\\\/fecha-de-lanzamiento-y-preordenes-todo-lo-que-debes-saber\\\/#local-main-organization-logo\"},\"image\":{\"@id\":\"https:\\\/\\\/ubirataonline.com.br\\\/fecha-de-lanzamiento-y-preordenes-todo-lo-que-debes-saber\\\/#local-main-organization-logo\"},\"sameAs\":[\"https:\\\/\\\/www.facebook.com\\\/portalubirataonline\",\"https:\\\/\\\/x.com\\\/ubirataonline\",\"https:\\\/\\\/mastodon.social\\\/@ubirataonline\",\"https:\\\/\\\/www.facebook.com\\\/groups\\\/311144672285604\",\"https:\\\/\\\/www.facebook.com\\\/UBTAOnline\",\"https:\\\/\\\/www.instagram.com\\\/portalubirataonline\\\/\",\"https:\\\/\\\/twitter.com\\\/ubirataonline\"],\"description\":\"Somos um portal de not\u00edcias independente, criado em 5 de janeiro de 2009, com o objetivo de informar, conectar e valorizar a nossa comunidade de Ubirat\u00e3 e toda aregi\u00e3o. Com conte\u00fado atualizado, confi\u00e1vel e relevante, o Ubirat\u00e3 Online \u00e9 o seu espa\u00e7o para ficar por dentro dos principais acontecimentos locais, regionais, Brasil, Mundo e de interesse geral. Nosso compromisso \u00e9 com a verdade, a transpar\u00eancia e o respeito ao leitor.\",\"legalName\":\"UBIRATA ONLINE NOT\u00cdCIAS\",\"foundingDate\":\"2009-01-05\",\"numberOfEmployees\":{\"@type\":\"QuantitativeValue\",\"minValue\":\"1\",\"maxValue\":\"10\"},\"publishingPrinciples\":\"https:\\\/\\\/ubirataonline.com.br\\\/faq\\\/\",\"address\":{\"@id\":\"https:\\\/\\\/ubirataonline.com.br\\\/fecha-de-lanzamiento-y-preordenes-todo-lo-que-debes-saber\\\/#local-main-place-address\"},\"geo\":{\"@type\":\"GeoCoordinates\",\"latitude\":\"-24.5361401\",\"longitude\":\"-52.9921776\"},\"telephone\":[\"+5544998308235\"],\"contactPoint\":{\"@type\":\"ContactPoint\",\"email\":\"contato@ubirataonline.com.br\"},\"openingHoursSpecification\":{\"@type\":\"OpeningHoursSpecification\",\"dayOfWeek\":[\"Monday\",\"Tuesday\",\"Wednesday\",\"Thursday\",\"Friday\",\"Saturday\",\"Sunday\"],\"opens\":\"00:00\",\"closes\":\"23:59\"},\"email\":\"contato@ubirataonline.com.br\",\"vatID\":\"47.621.418\\\/0001-80\"},{\"@type\":\"Person\",\"@id\":\"https:\\\/\\\/ubirataonline.com.br\\\/#\\\/schema\\\/person\\\/372f87bbd3fdd79b8556b84c98d0bc1c\",\"name\":\"REDA\u00c7\u00c3O: UBIRAT\u00c3 ONLINE - F\u00c1BIO AUGUSTO CELESTINO\",\"pronouns\":\"Ele\",\"description\":\"Desde 2003 trabalhando com not\u00edcias.\",\"sameAs\":[\"http:\\\/\\\/ubirataoline.com.br\",\"https:\\\/\\\/www.facebook.com\\\/portalubirataonline\",\"https:\\\/\\\/www.instagram.com\\\/ubirataonline_oficial\",\"https:\\\/\\\/x.com\\\/x.com\\\/ubirataonline\"],\"honorificPrefix\":\"Mr.\",\"honorificSuffix\":\"MD\",\"birthDate\":\"1980-06-16\",\"gender\":\"masculino\",\"award\":[\"V\u00e1rios pr\u00eamios de melhor portal da cidade\"],\"jobTitle\":\"Diretor\",\"url\":\"https:\\\/\\\/ubirataonline.com.br\\\/en\\\/author\\\/ubirataonline\\\/\"},{\"@type\":\"PostalAddress\",\"@id\":\"https:\\\/\\\/ubirataonline.com.br\\\/fecha-de-lanzamiento-y-preordenes-todo-lo-que-debes-saber\\\/#local-main-place-address\",\"streetAddress\":\"Rua dos Coqueiros, 104 - Bairro Boa Vista, Rua dos Coqueiros, 104 Bairro Boa Vista\",\"addressLocality\":\"UBIRATA\",\"postalCode\":\"85440-000\",\"addressRegion\":\"PR\",\"addressCountry\":\"BR\"},{\"@type\":\"ImageObject\",\"inLanguage\":\"en-US\",\"@id\":\"https:\\\/\\\/ubirataonline.com.br\\\/fecha-de-lanzamiento-y-preordenes-todo-lo-que-debes-saber\\\/#local-main-organization-logo\",\"url\":\"https:\\\/\\\/ubirataonline.com.br\\\/wp-content\\\/uploads\\\/2026\\\/06\\\/logoubirataonline-1.webp\",\"contentUrl\":\"https:\\\/\\\/ubirataonline.com.br\\\/wp-content\\\/uploads\\\/2026\\\/06\\\/logoubirataonline-1.webp\",\"width\":500,\"height\":500,\"caption\":\"Ubirat\u00e3 Online Not\u00edcias\"}]}<\/script>\n<meta name=\"geo.placename\" content=\"UBIRATA\" \/>\n<meta name=\"geo.position\" content=\"-24.5361401;-52.9921776\" \/>\n<meta name=\"geo.region\" content=\"Brazil\" \/>\n<!-- \/ Yoast SEO Premium plugin. -->","yoast_head_json":{"title":"fecha de lanzamiento y pre\u00f3rdenes \u2013 todo lo que debes saber - Ubirat\u00e3 Online Not\u00edcias - A realidade ao seu alcance!","description":"Apple announces date for likely rollout of iPhone 17Apple has announced when it is expected to announce the newest iPhone and many are speculating on what","robots":{"index":"index","follow":"follow","max-snippet":"max-snippet:-1","max-image-preview":"max-image-preview:large","max-video-preview":"max-video-preview:-1"},"canonical":"https:\/\/ubirataonline.com.br\/en\/fecha-de-lanzamiento-y-preordenes-todo-lo-que-debes-saber\/","og_locale":"en_US","og_type":"article","og_title":"fecha de lanzamiento y pre\u00f3rdenes \u2013 todo lo que debes saber","og_description":"Apple announces date for likely rollout of iPhone 17Apple has announced when it is expected to announce the newest iPhone and many are speculating on what","og_url":"https:\/\/ubirataonline.com.br\/en\/fecha-de-lanzamiento-y-preordenes-todo-lo-que-debes-saber\/","og_site_name":"Ubirat\u00e3 Online Not\u00edcias - A realidade ao seu alcance!","article_publisher":"https:\/\/www.facebook.com\/portalubirataonline","article_author":"https:\/\/www.facebook.com\/portalubirataonline","article_published_time":"2025-09-09T11:18:30+00:00","og_image":[{"url":"https:\/\/www.gannett-cdn.com\/authoring\/authoring-images\/2025\/04\/10\/USNK\/83033730007-20250312-t-104009-z-305768031-rc-26-g-0-a-78-p-52-rtrmadp-3-appleindiaantitrust.JPG?crop=5499,3094,x0,y367","type":"","width":"","height":""}],"author":"REDA\u00c7\u00c3O: UBIRAT\u00c3 ONLINE - F\u00c1BIO AUGUSTO CELESTINO","twitter_card":"summary_large_image","twitter_creator":"@x.com\/ubirataonline","twitter_site":"@ubirataonline","twitter_misc":{"Written by":"REDA\u00c7\u00c3O: UBIRAT\u00c3 ONLINE - F\u00c1BIO AUGUSTO CELESTINO","Est. reading time":"2 minutes"},"schema":{"@context":"https:\/\/schema.org","@graph":[{"@type":"NewsArticle","@id":"https:\/\/ubirataonline.com.br\/fecha-de-lanzamiento-y-preordenes-todo-lo-que-debes-saber\/#article","isPartOf":{"@id":"https:\/\/ubirataonline.com.br\/fecha-de-lanzamiento-y-preordenes-todo-lo-que-debes-saber\/"},"author":{"name":"REDA\u00c7\u00c3O: UBIRAT\u00c3 ONLINE - F\u00c1BIO AUGUSTO CELESTINO","@id":"https:\/\/ubirataonline.com.br\/#\/schema\/person\/372f87bbd3fdd79b8556b84c98d0bc1c"},"headline":"fecha de lanzamiento y pre\u00f3rdenes \u2013 todo lo que debes saber","datePublished":"2025-09-09T11:18:30+00:00","mainEntityOfPage":{"@id":"https:\/\/ubirataonline.com.br\/fecha-de-lanzamiento-y-preordenes-todo-lo-que-debes-saber\/"},"wordCount":489,"publisher":{"@id":"https:\/\/ubirataonline.com.br\/#organization"},"image":{"@id":"https:\/\/ubirataonline.com.br\/fecha-de-lanzamiento-y-preordenes-todo-lo-que-debes-saber\/#primaryimage"},"thumbnailUrl":"https:\/\/ubirataonline.com.br\/wp-content\/uploads\/2025\/09\/85994932007-getty-images-2210288541.jpg","articleSection":["Brasil"],"inLanguage":"en-US","copyrightYear":"2025","copyrightHolder":{"@id":"https:\/\/ubirataonline.com.br\/en\/#organization"}},{"@type":"WebPage","@id":"https:\/\/ubirataonline.com.br\/fecha-de-lanzamiento-y-preordenes-todo-lo-que-debes-saber\/","url":"https:\/\/ubirataonline.com.br\/fecha-de-lanzamiento-y-preordenes-todo-lo-que-debes-saber\/","name":"fecha de lanzamiento y pre\u00f3rdenes \u2013 todo lo que debes saber - Ubirat\u00e3 Online Not\u00edcias - A realidade ao seu alcance!","isPartOf":{"@id":"https:\/\/ubirataonline.com.br\/#website"},"primaryImageOfPage":{"@id":"https:\/\/ubirataonline.com.br\/fecha-de-lanzamiento-y-preordenes-todo-lo-que-debes-saber\/#primaryimage"},"image":{"@id":"https:\/\/ubirataonline.com.br\/fecha-de-lanzamiento-y-preordenes-todo-lo-que-debes-saber\/#primaryimage"},"thumbnailUrl":"https:\/\/ubirataonline.com.br\/wp-content\/uploads\/2025\/09\/85994932007-getty-images-2210288541.jpg","datePublished":"2025-09-09T11:18:30+00:00","description":"Apple announces date for likely rollout of iPhone 17Apple has announced when it is expected to announce the newest iPhone and many are speculating on what","breadcrumb":{"@id":"https:\/\/ubirataonline.com.br\/fecha-de-lanzamiento-y-preordenes-todo-lo-que-debes-saber\/#breadcrumb"},"inLanguage":"en-US","potentialAction":[{"@type":"ReadAction","target":["https:\/\/ubirataonline.com.br\/fecha-de-lanzamiento-y-preordenes-todo-lo-que-debes-saber\/"]}]},{"@type":"ImageObject","inLanguage":"en-US","@id":"https:\/\/ubirataonline.com.br\/fecha-de-lanzamiento-y-preordenes-todo-lo-que-debes-saber\/#primaryimage","url":"https:\/\/ubirataonline.com.br\/wp-content\/uploads\/2025\/09\/85994932007-getty-images-2210288541.jpg","contentUrl":"https:\/\/ubirataonline.com.br\/wp-content\/uploads\/2025\/09\/85994932007-getty-images-2210288541.jpg","width":1200,"height":676},{"@type":"BreadcrumbList","@id":"https:\/\/ubirataonline.com.br\/fecha-de-lanzamiento-y-preordenes-todo-lo-que-debes-saber\/#breadcrumb","itemListElement":[{"@type":"ListItem","position":1,"name":"In\u00edcio","item":"https:\/\/ubirataonline.com.br\/"},{"@type":"ListItem","position":2,"name":"fecha de lanzamiento y pre\u00f3rdenes \u2013 todo lo que debes saber"}]},{"@type":"WebSite","@id":"https:\/\/ubirataonline.com.br\/#website","url":"https:\/\/ubirataonline.com.br\/","name":"Ubirat\u00e3 Online Not\u00edcias","description":"Not\u00edcias de Ubirat\u00e3, regi\u00e3o, Brasil e mundo, com informa\u00e7\u00e3o atualizada e compromisso com o leitor.","publisher":{"@id":"https:\/\/ubirataonline.com.br\/#organization"},"alternateName":"Ubirat\u00e3 Online","potentialAction":[{"@type":"SearchAction","target":{"@type":"EntryPoint","urlTemplate":"https:\/\/ubirataonline.com.br\/?s={search_term_string}"},"query-input":{"@type":"PropertyValueSpecification","valueRequired":true,"valueName":"search_term_string"}}],"inLanguage":"en-US"},{"@type":["Organization","Place"],"@id":"https:\/\/ubirataonline.com.br\/#organization","name":"Ubirat\u00e3 Online Not\u00edcias","alternateName":"Ubirat\u00e3 Online","url":"https:\/\/ubirataonline.com.br\/","logo":{"@id":"https:\/\/ubirataonline.com.br\/fecha-de-lanzamiento-y-preordenes-todo-lo-que-debes-saber\/#local-main-organization-logo"},"image":{"@id":"https:\/\/ubirataonline.com.br\/fecha-de-lanzamiento-y-preordenes-todo-lo-que-debes-saber\/#local-main-organization-logo"},"sameAs":["https:\/\/www.facebook.com\/portalubirataonline","https:\/\/x.com\/ubirataonline","https:\/\/mastodon.social\/@ubirataonline","https:\/\/www.facebook.com\/groups\/311144672285604","https:\/\/www.facebook.com\/UBTAOnline","https:\/\/www.instagram.com\/portalubirataonline\/","https:\/\/twitter.com\/ubirataonline"],"description":"Somos um portal de not\u00edcias independente, criado em 5 de janeiro de 2009, com o objetivo de informar, conectar e valorizar a nossa comunidade de Ubirat\u00e3 e toda aregi\u00e3o. Com conte\u00fado atualizado, confi\u00e1vel e relevante, o Ubirat\u00e3 Online \u00e9 o seu espa\u00e7o para ficar por dentro dos principais acontecimentos locais, regionais, Brasil, Mundo e de interesse geral. Nosso compromisso \u00e9 com a verdade, a transpar\u00eancia e o respeito ao leitor.","legalName":"UBIRATA ONLINE NOT\u00cdCIAS","foundingDate":"2009-01-05","numberOfEmployees":{"@type":"QuantitativeValue","minValue":"1","maxValue":"10"},"publishingPrinciples":"https:\/\/ubirataonline.com.br\/faq\/","address":{"@id":"https:\/\/ubirataonline.com.br\/fecha-de-lanzamiento-y-preordenes-todo-lo-que-debes-saber\/#local-main-place-address"},"geo":{"@type":"GeoCoordinates","latitude":"-24.5361401","longitude":"-52.9921776"},"telephone":["+5544998308235"],"contactPoint":{"@type":"ContactPoint","email":"contato@ubirataonline.com.br"},"openingHoursSpecification":{"@type":"OpeningHoursSpecification","dayOfWeek":["Monday","Tuesday","Wednesday","Thursday","Friday","Saturday","Sunday"],"opens":"00:00","closes":"23:59"},"email":"contato@ubirataonline.com.br","vatID":"47.621.418\/0001-80"},{"@type":"Person","@id":"https:\/\/ubirataonline.com.br\/#\/schema\/person\/372f87bbd3fdd79b8556b84c98d0bc1c","name":"REDA\u00c7\u00c3O: UBIRAT\u00c3 ONLINE - F\u00c1BIO AUGUSTO CELESTINO","pronouns":"Ele","description":"Desde 2003 trabalhando com not\u00edcias.","sameAs":["http:\/\/ubirataoline.com.br","https:\/\/www.facebook.com\/portalubirataonline","https:\/\/www.instagram.com\/ubirataonline_oficial","https:\/\/x.com\/x.com\/ubirataonline"],"honorificPrefix":"Mr.","honorificSuffix":"MD","birthDate":"1980-06-16","gender":"masculino","award":["V\u00e1rios pr\u00eamios de melhor portal da cidade"],"jobTitle":"Diretor","url":"https:\/\/ubirataonline.com.br\/en\/author\/ubirataonline\/"},{"@type":"PostalAddress","@id":"https:\/\/ubirataonline.com.br\/fecha-de-lanzamiento-y-preordenes-todo-lo-que-debes-saber\/#local-main-place-address","streetAddress":"Rua dos Coqueiros, 104 - Bairro Boa Vista, Rua dos Coqueiros, 104 Bairro Boa Vista","addressLocality":"UBIRATA","postalCode":"85440-000","addressRegion":"PR","addressCountry":"BR"},{"@type":"ImageObject","inLanguage":"en-US","@id":"https:\/\/ubirataonline.com.br\/fecha-de-lanzamiento-y-preordenes-todo-lo-que-debes-saber\/#local-main-organization-logo","url":"https:\/\/ubirataonline.com.br\/wp-content\/uploads\/2026\/06\/logoubirataonline-1.webp","contentUrl":"https:\/\/ubirataonline.com.br\/wp-content\/uploads\/2026\/06\/logoubirataonline-1.webp","width":500,"height":500,"caption":"Ubirat\u00e3 Online Not\u00edcias"}]},"geo.placename":"UBIRATA","geo.position":{"lat":"-24.5361401","long":"-52.9921776"},"geo.region":"Brazil"},"_links":{"self":[{"href":"https:\/\/ubirataonline.com.br\/en\/wp-json\/wp\/v2\/posts\/67741","targetHints":{"allow":["GET"]}}],"collection":[{"href":"https:\/\/ubirataonline.com.br\/en\/wp-json\/wp\/v2\/posts"}],"about":[{"href":"https:\/\/ubirataonline.com.br\/en\/wp-json\/wp\/v2\/types\/post"}],"author":[{"embeddable":true,"href":"https:\/\/ubirataonline.com.br\/en\/wp-json\/wp\/v2\/users\/1"}],"replies":[{"embeddable":true,"href":"https:\/\/ubirataonline.com.br\/en\/wp-json\/wp\/v2\/comments?post=67741"}],"version-history":[{"count":0,"href":"https:\/\/ubirataonline.com.br\/en\/wp-json\/wp\/v2\/posts\/67741\/revisions"}],"wp:featuredmedia":[{"embeddable":true,"href":"https:\/\/ubirataonline.com.br\/en\/wp-json\/wp\/v2\/media\/67742"}],"wp:attachment":[{"href":"https:\/\/ubirataonline.com.br\/en\/wp-json\/wp\/v2\/media?parent=67741"}],"wp:term":[{"taxonomy":"category","embeddable":true,"href":"https:\/\/ubirataonline.com.br\/en\/wp-json\/wp\/v2\/categories?post=67741"},{"taxonomy":"post_tag","embeddable":true,"href":"https:\/\/ubirataonline.com.br\/en\/wp-json\/wp\/v2\/tags?post=67741"}],"curies":[{"name":"wp","href":"https:\/\/api.w.org\/{rel}","templated":true}]}}