{"id":67745,"date":"2025-09-09T09:19:11","date_gmt":"2025-09-09T12:19:11","guid":{"rendered":"https:\/\/ubirataonline.com.br\/qatar-presses-hamas-to-respond-positively-to-us-ceasefire-proposal-official-says\/"},"modified":"2025-09-09T09:19:11","modified_gmt":"2025-09-09T12:19:11","slug":"qatar-presses-hamas-to-respond-positively-to-us-ceasefire-proposal-official-says","status":"publish","type":"post","link":"https:\/\/ubirataonline.com.br\/en\/qatar-presses-hamas-to-respond-positively-to-us-ceasefire-proposal-official-says\/","title":{"rendered":"Qatar presses Hamas to \u201crespond positively\u201d to US ceasefire proposal, official says"},"content":{"rendered":"<p><\/p>\n<div data-editable=\"content\" itemprop=\"articleBody\" data-reorderable=\"content\">\n<div data-uri=\"cms.cnn.com\/_components\/action-bar\/instances\/cmfbj67gm001k26p3btai2viu@published\" data-label-id-prefix=\"action-bar-start-of-article\" class=\"action-bar\" data-dynamic-breakpoint-placement=\"{&quot;extraLarge&quot;:{&quot;placement&quot;:&quot;.layout-article-elevate__left&quot;}}\" data-expand-conditions=\"{&quot;follow&quot;:{&quot;extraLarge&quot;:{&quot;alwaysExpand&quot;:true}},&quot;shareOptions&quot;:{&quot;large&quot;:{&quot;maxNumOfActions&quot;:1},&quot;medium&quot;:{&quot;maxNumOfActions&quot;:1},&quot;extraLarge&quot;:{&quot;withAction&quot;:&quot;follow&quot;,&quot;maxNumOfActions&quot;:2}}}\">\n<div class=\"action-bar__action-sheet\" tabindex=\"-1\">\n<div class=\"action-bar__action-sheet--action\" data-title=\"share options\">\n<div data-uri=\"cms.cnn.com\/_components\/social-share\/instances\/cmfbj67gm001n26p3ch0c7kmt@published\" class=\"social-share_labelled-list\">\n<div class=\"social-share_labelled-list__share-links vossi-social-share_labelled-list\" data-type=\"share-links\">\n        <button class=\"social-share_labelled-list__share\" data-url=\"https:\/\/www.facebook.com\/dialog\/share?app_id=80401312489&amp;href=https%3A%2F%2Fwww.cnn.com%2F2025%2F09%2F08%2Fmiddleeast%2Fqatar-hamas-us-ceasefire-proposal-intl-latam&amp;display=popup\" data-type=\"facebook\" aria-label=\"share with facebook\" title=\"Share with Facebook\"><br \/>\n                <svg xmlns=\"http:\/\/www.w3.org\/2000\/svg\" class=\"icon-facebook-circle\" width=\"16\" height=\"16\" viewbox=\"0 0 16 16\" fill=\"none\">\n<path d=\"M8.04139 1.33301C11.7458 1.33301 14.7488 4.33601 14.7488 8.04042C14.7488 11.3884 12.296 14.1632 9.08943 14.6663V9.97928H10.6523L10.9497 8.04042H9.08943V6.78225C9.08943 6.25182 9.34934 5.73475 10.1825 5.73475H11.0283V4.08409C11.0283 4.08409 10.2607 3.95309 9.52685 3.95309C7.99476 3.95309 6.99336 4.88165 6.99336 6.56269V8.04042H5.29031V9.97928H6.99336V14.6663C3.78677 14.1632 1.33398 11.3882 1.33398 8.04042C1.33398 4.33601 4.33699 1.33301 8.04139 1.33301Z\" fill=\"#0C0C0C\"\/>\n<\/svg><\/p>\n<p>                <span class=\"social-share_labelled-list__share-links--label\">Facebook<\/span><br \/>\n        <\/button><br \/>\n        <button class=\"social-share_labelled-list__share\" data-url=\"https:\/\/twitter.com\/intent\/tweet?text=Check%20out%20this%20article%3A&amp;url=https%3A%2F%2Fwww.cnn.com%2F2025%2F09%2F08%2Fmiddleeast%2Fqatar-hamas-us-ceasefire-proposal-intl-latam\" data-type=\"x\" aria-label=\"share with x\" title=\"Share with X\"><br \/>\n                <svg xmlns=\"http:\/\/www.w3.org\/2000\/svg\" class=\"icon-x-share\" width=\"16\" height=\"16\" viewbox=\"0 0 16 16\" fill=\"none\">\n<path fill-rule=\"evenodd\" clip-rule=\"evenodd\" d=\"M5.99386 8.11503L0 0.666992H4.74756L8.44753 5.27039L12.4004 0.687719H15.0151L9.71175 6.84331L16 14.667H11.2666L7.2603 9.6887L2.98317 14.6532H0.354296L5.99386 8.11503ZM11.9565 13.287L2.91105 2.04698H4.0571L13.0912 13.287H11.9565Z\" fill=\"#0C0C0C\"\/>\n<\/svg><\/p>\n<p>                <span class=\"social-share_labelled-list__share-links--label\">Tweet<\/span><br \/>\n        <\/button><br \/>\n        <a class=\"social-share_labelled-list__share\" href=\"mailto:?subject=CNN%20content%20share&amp;body=Check%20out%20this%20article%3A%0Ahttps%3A%2F%2Fwww.cnn.com%2F2025%2F09%2F08%2Fmiddleeast%2Fqatar-hamas-us-ceasefire-proposal-intl-latam\" data-type=\"email\" target=\"_blank\" rel=\"noopener noreferrer\" aria-label=\"share with email\" title=\"Share with email\"><br \/>\n                <svg xmlns=\"http:\/\/www.w3.org\/2000\/svg\" class=\"icon-email-share\" width=\"24\" height=\"24\" viewbox=\"0 0 24 24\" fill=\"none\">\n<path fill-rule=\"evenodd\" clip-rule=\"evenodd\" d=\"M2 6C2 4.89543 2.89543 4 4 4H20C21.1046 4 22 4.89543 22 6V18C22 19.1046 21.1046 20 20 20H4C2.89543 20 2 19.1046 2 18V6ZM4 6H20V9.11604L12 11.9396L4 9.11604V6ZM4 11.237V18H20V11.237L12.3328 13.943C12.1174 14.019 11.8825 14.019 11.6672 13.943L4 11.237Z\" fill=\"#0C0C0C\"\/>\n<\/svg><\/p>\n<p>                <span class=\"social-share_labelled-list__share-links--label\">Email<\/span><br \/>\n        <\/a><br \/>\n        <button class=\"social-share_labelled-list__share\" data-url=\"https:\/\/www.cnn.com\/2025\/09\/08\/middleeast\/qatar-hamas-us-ceasefire-proposal-intl-latam\" data-type=\"copy\" aria-label=\"copy link to clipboard\" title=\"Copy link to clipboard\"><br \/>\n                <svg xmlns=\"http:\/\/www.w3.org\/2000\/svg\" class=\"icon-hyperlink\" width=\"16\" height=\"16\" viewbox=\"0 0 16 16\" fill=\"none\">\n<path fill-rule=\"evenodd\" clip-rule=\"evenodd\" d=\"M5.64373 10.3574C5.38338 10.0971 5.38338 9.67496 5.64373 9.41461L9.88637 5.17197C10.1467 4.91162 10.5688 4.91162 10.8292 5.17197C11.0895 5.43232 11.0895 5.85443 10.8292 6.11478L6.58654 10.3574C6.32619 10.6178 5.90408 10.6178 5.64373 10.3574Z\" fill=\"#0C0C0C\"\/>\n<path d=\"M4.22952 8.94321L5.64373 7.52899C5.90408 7.26865 5.90408 6.84654 5.64373 6.58619C5.38338 6.32584 4.96127 6.32584 4.70092 6.58619L3.28671 8.0004C1.98496 9.30215 1.98496 11.4127 3.28671 12.7144C4.58846 14.0162 6.69901 14.0162 8.00075 12.7144L9.41497 11.3002C9.67532 11.0399 9.67532 10.6178 9.41497 10.3574C9.15462 10.0971 8.73251 10.0971 8.47216 10.3574L7.05795 11.7716C6.2769 12.5527 5.01057 12.5527 4.22952 11.7716C3.44847 10.9906 3.44847 9.72426 4.22952 8.94321Z\" fill=\"#0C0C0C\"\/>\n<path d=\"M8.94356 4.22916L7.52935 5.64338C7.269 5.90373 6.84689 5.90373 6.58654 5.64338C6.32619 5.38303 6.32619 4.96092 6.58654 4.70057L8.00075 3.28635C9.3025 1.98461 11.4131 1.98461 12.7148 3.28635C14.0165 4.5881 14.0165 6.69865 12.7148 8.0004L11.3006 9.41461C11.0402 9.67496 10.6181 9.67496 10.3578 9.41461C10.0974 9.15426 10.0974 8.73215 10.3578 8.4718L11.772 7.05759C12.553 6.27654 12.553 5.01021 11.772 4.22916C10.9909 3.44812 9.72461 3.44811 8.94356 4.22916Z\" fill=\"#0C0C0C\"\/>\n<\/svg><\/p>\n<p>                <span class=\"social-share_labelled-list__share-links--label\">Link<\/span><br \/>\n        <\/button><\/p><\/div>\n<p>    <button class=\"social-share_labelled-list__open\" data-type=\"open\" aria-label=\"open social share\" title=\"Open social share\"><br \/>\n        <svg xmlns=\"http:\/\/www.w3.org\/2000\/svg\" class=\"icon-ui-share-os\" width=\"24\" height=\"24\" viewbox=\"0 0 24 24\"><path d=\"M19 12c.394 0 .714.32.714.714v8.572c0 .394-.32.714-.714.714H4.714A.715.715 0 014 21.286v-8.572a.715.715 0 011.429 0v7.857h12.857v-7.857c0-.394.32-.714.714-.714zm-7.664-9.79a.73.73 0 011.024 0l.076.075 4.916 4.854c.183.18.27.449.188.69a.734.734 0 01-1.216.314L12.57 4.5v11.786c0 .357-.357.714-.714.714s-.714-.359-.714-.714V4.5L7.372 8.143a.73.73 0 01-1.102-.091c-.21-.289-.149-.694.106-.946l4.884-4.821z\"\/><\/svg><\/p>\n<p>    <\/button><br \/>\n    <button class=\"social-share_labelled-list__close\" data-type=\"close\" aria-label=\"close social share\" title=\"Close social share\"><br \/>\n        <svg xmlns=\"http:\/\/www.w3.org\/2000\/svg\" class=\"icon-ui-close\" width=\"24\" height=\"24\" viewbox=\"0 0 24 24\"><path d=\"M19.787 18.758l-6.792-6.781 6.746-6.735a.728.728 0 00-1.028-1.03l-6.747 6.737-6.711-6.7a.728.728 0 00-1.028 1.03l6.71 6.698-6.723 6.712a.727.727 0 101.027 1.03l6.725-6.714 6.793 6.782a.725.725 0 001.028 0 .727.727 0 000-1.03\"\/><\/svg><\/p>\n<p>    <\/button>\n<\/div>\n<\/p><\/div>\n<\/p><\/div>\n<\/div>\n<p class=\"paragraph-elevate inline-placeholder vossi-paragraph\" data-uri=\"cms.cnn.com\/_components\/paragraph\/instances\/cmfbj67gm001m26p30p6g3xz4@published\" data-editable=\"text\" data-component-name=\"paragraph\" data-article-gutter=\"true\">\n            Qatar\u2019s prime minister pressed Hamas to \u201crespond positively\u201d to the new US ceasefire proposal in a meeting in Doha, according to an official familiar with the meeting.\n    <\/p>\n<p class=\"paragraph-elevate inline-placeholder vossi-paragraph\" data-uri=\"cms.cnn.com\/_components\/paragraph\/instances\/cmfbj9nla00093d5tlfot1cvm@published\" data-editable=\"text\" data-component-name=\"paragraph\" data-article-gutter=\"true\">\n            Sheikh Mohammed bin Abdulrahman bin Jassim Al-Thani met with Khalil Al-Hayya, Hamas\u2019 chief negotiator, on Monday to discuss the deal.\n    <\/p>\n<p class=\"paragraph-elevate inline-placeholder vossi-paragraph\" data-uri=\"cms.cnn.com\/_components\/paragraph\/instances\/cmfbj9nlb000a3d5tjqxc9jpo@published\" data-editable=\"text\" data-component-name=\"paragraph\" data-article-gutter=\"true\">\n            Hamas confirmed late Sunday that it had <a href=\"https:\/\/www.cnn.com\/2025\/09\/07\/world\/mideast-ceasefire-israel-gaza-hostages-negotiations-intl\">received the proposal from the US<\/a> that included \u201csome ideas\u201d toward reaching a comprehensive ceasefire. Israel said it was giving serious consideration to the proposal.\n    <\/p>\n<p class=\"paragraph-elevate inline-placeholder vossi-paragraph\" data-uri=\"cms.cnn.com\/_components\/paragraph\/instances\/cmfbj9nlb000b3d5t7ii72htz@published\" data-editable=\"text\" data-component-name=\"paragraph\" data-article-gutter=\"true\">\n            The plan, according to one Israeli official, calls for the release of all 48 hostages on the first day of the ceasefire. In exchange, a source familiar with the proposal said Israel would release \u201cthousands\u201d of Palestinian prisoners.\n    <\/p>\n<p class=\"paragraph-elevate inline-placeholder vossi-paragraph\" data-uri=\"cms.cnn.com\/_components\/paragraph\/instances\/cmfbj9nlb000c3d5tq2opggf6@published\" data-editable=\"text\" data-component-name=\"paragraph\" data-article-gutter=\"true\">\n            Under the proposal, Israel and Hamas would start immediate negotiations for a comprehensive end to the war, and the fighting would not resume as long as talks continued. US President Donald Trump would ensure the ceasefire holds as long as negotiations persist.\n    <\/p>\n<p class=\"paragraph-elevate inline-placeholder vossi-paragraph\" data-uri=\"cms.cnn.com\/_components\/paragraph\/instances\/cmfbj9nlb000d3d5ta7g8e16r@published\" data-editable=\"text\" data-component-name=\"paragraph\" data-article-gutter=\"true\">\n            The coming days are considered crucial in an effort to advance the proposal.\n    <\/p>\n<p class=\"paragraph-elevate inline-placeholder vossi-paragraph\" data-uri=\"cms.cnn.com\/_components\/paragraph\/instances\/cmfbjhexv000i3d5tyeqagojt@published\" data-editable=\"text\" data-component-name=\"paragraph\" data-article-gutter=\"true\">\n            In response to news of the latest proposal on Sunday, the Hostages and Missing Families Forum issued a strong statement in support of the US effort, calling it a \u201ctrue breakthrough.\u201d\n    <\/p>\n<p class=\"paragraph-elevate inline-placeholder vossi-paragraph\" data-uri=\"cms.cnn.com\/_components\/paragraph\/instances\/cmfbjimwv000n3d5txdxxcfue@published\" data-editable=\"text\" data-component-name=\"paragraph\" data-article-gutter=\"true\">\n            \u201cWe call on the Government of Israel to declare its unequivocal support for the emerging agreement and to provide President Trump with full backing until every hostage returns home &#8211; the living for rehabilitation, and the fallen for a dignified burial in their homeland,\u201d the forum said.\n    <\/p>\n<div data-uri=\"cms.cnn.com\/_components\/image\/instances\/cmfbjr0hc00113d5te6gsv524@published\" class=\"image_large-elevate image_large__hide-placeholder\" data-image-variation=\"image_large\" data-name=\"AP25248697953359.jpg\" data-component-name=\"image\" data-observe-resizes=\"\" data-breakpoints=\"{\" image_large--eq-extra-small=\"\" data-original-ratio=\"0.6666666666666666\" data-original-height=\"2000\" data-original-width=\"3000\" data-url=\"https:\/\/media.cnn.com\/api\/v1\/images\/stellar\/prod\/ap25248697953359.jpg?c=original\" data-editable=\"settings\" data-article-gutter=\"true\">\n<div class=\"image_large__container\" data-image-variation=\"image_large\" data-breakpoints=\"{\" image_large--eq-extra-small=\"\">\n       <picture class=\"image_large__picture\"><source height=\"undefined\" width=\"679\" media=\"(max-width: 479px)\" srcset=\"https:\/\/media.cnn.com\/api\/v1\/images\/stellar\/prod\/ap25248697953359.jpg?c=original&amp;q=w_679,c_fill\/f_webp\" type=\"image\/webp\"><source height=\"undefined\" width=\"967\" media=\"(min-width: 480px) and (max-width: 767px)\" srcset=\"https:\/\/media.cnn.com\/api\/v1\/images\/stellar\/prod\/ap25248697953359.jpg?c=original&amp;q=w_967,c_fill\/f_webp\" type=\"image\/webp\"><source height=\"undefined\" width=\"860\" media=\"(min-width: 768px) and (max-width: 1023px)\" srcset=\"https:\/\/media.cnn.com\/api\/v1\/images\/stellar\/prod\/ap25248697953359.jpg?c=original&amp;q=w_860,c_fill\/f_webp\" type=\"image\/webp\"><source height=\"undefined\" width=\"860\" media=\"(min-width: 1024px) and (max-width: 1279px)\" srcset=\"https:\/\/media.cnn.com\/api\/v1\/images\/stellar\/prod\/ap25248697953359.jpg?c=original&amp;q=w_860,c_fill\/f_webp\" type=\"image\/webp\"><source height=\"undefined\" width=\"860\" media=\"(min-width: 1280px)\" srcset=\"https:\/\/media.cnn.com\/api\/v1\/images\/stellar\/prod\/ap25248697953359.jpg?c=original&amp;q=w_860,c_fill\/f_webp\" type=\"image\/webp\"><img decoding=\"async\" src=\"https:\/\/media.cnn.com\/api\/v1\/images\/stellar\/prod\/ap25248697953359.jpg?c=original&amp;q=w_860,c_fill\" alt=\"Palestinians run for cover during an Israeli airstrike on a high-rise building in Gaza City on September 5, 2025.\" class=\"image_large__dam-img image_large__dam-img--loading\" onload=\"this.classList.remove('image_large__dam-img--loading')\" onerror=\"imageLoadError(this)\" height=\"2000\" width=\"3000\" loading=\"lazy\"\/><\/source><\/source><\/source><\/source><\/source><\/picture>\n    <\/div>\n<\/div>\n<p class=\"paragraph-elevate inline-placeholder vossi-paragraph\" data-uri=\"cms.cnn.com\/_components\/paragraph\/instances\/cmfbjij8t000l3d5tpgkjbyra@published\" data-editable=\"text\" data-component-name=\"paragraph\" data-article-gutter=\"true\">\n            For weeks, Netanyahu did not respond to the <a href=\"https:\/\/www.cnn.com\/2025\/08\/31\/world\/israel-security-cabinet-netanyahu-gaza-intl\">ceasefire proposal<\/a> put forward by Qatar and Egypt, which Hamas accepted. The proposal, which mirrored one Netanyahu had accepted only a month earlier, called for a 60-day ceasefire in exchange for 10 living hostages and 18 deceased hostages. In exchange, Israel would release a number of Palestinian prisoners.\n    <\/p>\n<p class=\"paragraph-elevate inline-placeholder vossi-paragraph\" data-uri=\"cms.cnn.com\/_components\/paragraph\/instances\/cmfbjjtar000s3d5t5p50ge0r@published\" data-editable=\"text\" data-component-name=\"paragraph\" data-article-gutter=\"true\">\n            After months of insisting Israel would only accept a partial deal that would allow Israel to continue the war, Netanyahu suddenly demanded a comprehensive deal that met his maximalist demands.\n    <\/p>\n<p class=\"paragraph-elevate inline-placeholder vossi-paragraph\" data-uri=\"cms.cnn.com\/_components\/paragraph\/instances\/cmfbjjtar000t3d5tx4ofx8d0@published\" data-editable=\"text\" data-component-name=\"paragraph\" data-article-gutter=\"true\">\n            Hamas has called for a proposal that brings about a comprehensive end to the war in exchange for the release of the hostages.\n    <\/p>\n<p class=\"paragraph-elevate inline-placeholder vossi-paragraph\" data-uri=\"cms.cnn.com\/_components\/paragraph\/instances\/cmfbqratl00003b6nj4cjoker@published\" data-editable=\"text\" data-component-name=\"paragraph\" data-article-gutter=\"true\">\n            One of Hamas\u2019 political bureau members, Basem Naim, criticized the latest US initiative on Monday, saying it amounted to an attempt to secure Hamas\u2019 rejection rather than to end the war.\n    <\/p>\n<p class=\"paragraph-elevate inline-placeholder vossi-paragraph\" data-uri=\"cms.cnn.com\/_components\/paragraph\/instances\/cmfbquv0p00043b6n8os1zxri@published\" data-editable=\"text\" data-component-name=\"paragraph\" data-article-gutter=\"true\">\n            \u201cWhat is required is a \u2018humiliating peace\u2019 or the continuation of the war,\u201d Naim said in a post on his Telegram page on Monday.\n    <\/p>\n<p class=\"paragraph-elevate inline-placeholder vossi-paragraph\" data-uri=\"cms.cnn.com\/_components\/paragraph\/instances\/cmfbqutxm00023b6nuht8eim5@published\" data-editable=\"text\" data-component-name=\"paragraph\" data-article-gutter=\"true\">\n            \u201cThe Hamas movement and the resistance factions are interested in reaching an agreement that ends the war,\u201d he said. \u201cBut we will not sign a humiliating surrender document \u2014 and there is no emperor in Hamas\u2019 leadership like Japan\u2019s Hirohito,\u201d Naim added.\n    <\/p>\n<p class=\"paragraph-elevate inline-placeholder vossi-paragraph\" data-uri=\"cms.cnn.com\/_components\/paragraph\/instances\/cmfbjjpgp000q3d5t8b4ioioo@published\" data-editable=\"text\" data-component-name=\"paragraph\" data-article-gutter=\"true\">\n            <em>CNN\u2019s Tal Shalev, Ibrahim Dahman and Mohammed Tawfeeq contributed to this report. <\/em>\n    <\/p>\n<\/p><\/div>\n<p><script async src=\"\/\/platform.twitter.com\/widgets.js\" charset=\"utf-8\"><\/script><br \/>\n<br \/><a href=\"https:\/\/www.cnn.com\/2025\/09\/08\/middleeast\/qatar-hamas-us-ceasefire-proposal-intl-latam\">Source link <\/a><\/p>","protected":false},"excerpt":{"rendered":"<p>Facebook Tweet Email Link Qatar\u2019s prime minister pressed Hamas to \u201crespond positively\u201d to the new US ceasefire proposal in a meeting in Doha, according to an official familiar with the meeting. Sheikh Mohammed bin Abdulrahman bin Jassim Al-Thani met with Khalil Al-Hayya, Hamas\u2019 chief negotiator, on Monday to discuss the deal. Hamas confirmed late Sunday [&hellip;]<\/p>\n","protected":false},"author":1,"featured_media":67746,"comment_status":"","ping_status":"","sticky":false,"template":"","format":"standard","meta":{"googlesitekit_rrm_CAow2JLhCw:productID":"","_gspb_post_css":"","maa_idioma":"","maa_pais":"","footnotes":""},"categories":[4],"tags":[],"class_list":["post-67745","post","type-post","status-publish","format-standard","has-post-thumbnail","hentry","category-brasil"],"blocksy_meta":[],"yoast_head":"<!-- This site is optimized with the Yoast SEO Premium plugin v27.6 (Yoast SEO v27.6) - https:\/\/yoast.com\/product\/yoast-seo-premium-wordpress\/ -->\n<title>Qatar presses Hamas to \u201crespond positively\u201d to US ceasefire proposal, official says - Ubirat\u00e3 Online Not\u00edcias - A realidade ao seu alcance!<\/title>\n<meta name=\"description\" content=\"Facebook Tweet Email Link Qatar\u2019s prime minister pressed Hamas to \u201crespond positively\u201d to the new US ceasefire proposal in a meeting in Doha, according to\" \/>\n<meta name=\"robots\" content=\"index, follow, max-snippet:-1, max-image-preview:large, max-video-preview:-1\" \/>\n<link rel=\"canonical\" href=\"https:\/\/ubirataonline.com.br\/en\/qatar-presses-hamas-to-respond-positively-to-us-ceasefire-proposal-official-says\/\" \/>\n<meta property=\"og:locale\" content=\"en_US\" \/>\n<meta property=\"og:type\" content=\"article\" \/>\n<meta property=\"og:title\" content=\"Qatar presses Hamas to \u201crespond positively\u201d to US ceasefire proposal, official says\" \/>\n<meta property=\"og:description\" content=\"Facebook Tweet Email Link Qatar\u2019s prime minister pressed Hamas to \u201crespond positively\u201d to the new US ceasefire proposal in a meeting in Doha, according to\" \/>\n<meta property=\"og:url\" content=\"https:\/\/ubirataonline.com.br\/en\/qatar-presses-hamas-to-respond-positively-to-us-ceasefire-proposal-official-says\/\" \/>\n<meta property=\"og:site_name\" content=\"Ubirat\u00e3 Online Not\u00edcias - A realidade ao seu alcance!\" \/>\n<meta property=\"article:publisher\" content=\"https:\/\/www.facebook.com\/portalubirataonline\" \/>\n<meta property=\"article:author\" content=\"https:\/\/www.facebook.com\/portalubirataonline\" \/>\n<meta property=\"article:published_time\" content=\"2025-09-09T12:19:11+00:00\" \/>\n<meta property=\"og:image\" content=\"https:\/\/media.cnn.com\/api\/v1\/images\/stellar\/prod\/ap25248697953359.jpg?c=original&amp;q=w_860,c_fill\" \/>\n<meta name=\"author\" content=\"REDA\u00c7\u00c3O: UBIRAT\u00c3 ONLINE - F\u00c1BIO AUGUSTO CELESTINO\" \/>\n<meta name=\"twitter:card\" content=\"summary_large_image\" \/>\n<meta name=\"twitter:creator\" content=\"@x.com\/ubirataonline\" \/>\n<meta name=\"twitter:site\" content=\"@ubirataonline\" \/>\n<meta name=\"twitter:label1\" content=\"Written by\" \/>\n\t<meta name=\"twitter:data1\" content=\"REDA\u00c7\u00c3O: UBIRAT\u00c3 ONLINE - F\u00c1BIO AUGUSTO CELESTINO\" \/>\n\t<meta name=\"twitter:label2\" content=\"Est. reading time\" \/>\n\t<meta name=\"twitter:data2\" content=\"2 minutes\" \/>\n<script type=\"application\/ld+json\" class=\"yoast-schema-graph\">{\"@context\":\"https:\\\/\\\/schema.org\",\"@graph\":[{\"@type\":\"NewsArticle\",\"@id\":\"https:\\\/\\\/ubirataonline.com.br\\\/qatar-presses-hamas-to-respond-positively-to-us-ceasefire-proposal-official-says\\\/#article\",\"isPartOf\":{\"@id\":\"https:\\\/\\\/ubirataonline.com.br\\\/qatar-presses-hamas-to-respond-positively-to-us-ceasefire-proposal-official-says\\\/\"},\"author\":{\"name\":\"REDA\u00c7\u00c3O: UBIRAT\u00c3 ONLINE - F\u00c1BIO AUGUSTO CELESTINO\",\"@id\":\"https:\\\/\\\/ubirataonline.com.br\\\/#\\\/schema\\\/person\\\/372f87bbd3fdd79b8556b84c98d0bc1c\"},\"headline\":\"Qatar presses Hamas to \u201crespond positively\u201d to US ceasefire proposal, official says\",\"datePublished\":\"2025-09-09T12:19:11+00:00\",\"mainEntityOfPage\":{\"@id\":\"https:\\\/\\\/ubirataonline.com.br\\\/qatar-presses-hamas-to-respond-positively-to-us-ceasefire-proposal-official-says\\\/\"},\"wordCount\":485,\"publisher\":{\"@id\":\"https:\\\/\\\/ubirataonline.com.br\\\/#organization\"},\"image\":{\"@id\":\"https:\\\/\\\/ubirataonline.com.br\\\/qatar-presses-hamas-to-respond-positively-to-us-ceasefire-proposal-official-says\\\/#primaryimage\"},\"thumbnailUrl\":\"https:\\\/\\\/ubirataonline.com.br\\\/wp-content\\\/uploads\\\/2025\\\/09\\\/gettyimages-2193481710-20250908201153704.jpg\",\"articleSection\":[\"Brasil\"],\"inLanguage\":\"en-US\",\"copyrightYear\":\"2025\",\"copyrightHolder\":{\"@id\":\"https:\\\/\\\/ubirataonline.com.br\\\/en\\\/#organization\"}},{\"@type\":\"WebPage\",\"@id\":\"https:\\\/\\\/ubirataonline.com.br\\\/qatar-presses-hamas-to-respond-positively-to-us-ceasefire-proposal-official-says\\\/\",\"url\":\"https:\\\/\\\/ubirataonline.com.br\\\/qatar-presses-hamas-to-respond-positively-to-us-ceasefire-proposal-official-says\\\/\",\"name\":\"Qatar presses Hamas to \u201crespond positively\u201d to US ceasefire proposal, official says - Ubirat\u00e3 Online Not\u00edcias - A realidade ao seu alcance!\",\"isPartOf\":{\"@id\":\"https:\\\/\\\/ubirataonline.com.br\\\/#website\"},\"primaryImageOfPage\":{\"@id\":\"https:\\\/\\\/ubirataonline.com.br\\\/qatar-presses-hamas-to-respond-positively-to-us-ceasefire-proposal-official-says\\\/#primaryimage\"},\"image\":{\"@id\":\"https:\\\/\\\/ubirataonline.com.br\\\/qatar-presses-hamas-to-respond-positively-to-us-ceasefire-proposal-official-says\\\/#primaryimage\"},\"thumbnailUrl\":\"https:\\\/\\\/ubirataonline.com.br\\\/wp-content\\\/uploads\\\/2025\\\/09\\\/gettyimages-2193481710-20250908201153704.jpg\",\"datePublished\":\"2025-09-09T12:19:11+00:00\",\"description\":\"Facebook Tweet Email Link Qatar\u2019s prime minister pressed Hamas to \u201crespond positively\u201d to the new US ceasefire proposal in a meeting in Doha, according to\",\"breadcrumb\":{\"@id\":\"https:\\\/\\\/ubirataonline.com.br\\\/qatar-presses-hamas-to-respond-positively-to-us-ceasefire-proposal-official-says\\\/#breadcrumb\"},\"inLanguage\":\"en-US\",\"potentialAction\":[{\"@type\":\"ReadAction\",\"target\":[\"https:\\\/\\\/ubirataonline.com.br\\\/qatar-presses-hamas-to-respond-positively-to-us-ceasefire-proposal-official-says\\\/\"]}]},{\"@type\":\"ImageObject\",\"inLanguage\":\"en-US\",\"@id\":\"https:\\\/\\\/ubirataonline.com.br\\\/qatar-presses-hamas-to-respond-positively-to-us-ceasefire-proposal-official-says\\\/#primaryimage\",\"url\":\"https:\\\/\\\/ubirataonline.com.br\\\/wp-content\\\/uploads\\\/2025\\\/09\\\/gettyimages-2193481710-20250908201153704.jpg\",\"contentUrl\":\"https:\\\/\\\/ubirataonline.com.br\\\/wp-content\\\/uploads\\\/2025\\\/09\\\/gettyimages-2193481710-20250908201153704.jpg\",\"width\":800,\"height\":450},{\"@type\":\"BreadcrumbList\",\"@id\":\"https:\\\/\\\/ubirataonline.com.br\\\/qatar-presses-hamas-to-respond-positively-to-us-ceasefire-proposal-official-says\\\/#breadcrumb\",\"itemListElement\":[{\"@type\":\"ListItem\",\"position\":1,\"name\":\"In\u00edcio\",\"item\":\"https:\\\/\\\/ubirataonline.com.br\\\/\"},{\"@type\":\"ListItem\",\"position\":2,\"name\":\"Qatar presses Hamas to \u201crespond positively\u201d to US ceasefire proposal, official says\"}]},{\"@type\":\"WebSite\",\"@id\":\"https:\\\/\\\/ubirataonline.com.br\\\/#website\",\"url\":\"https:\\\/\\\/ubirataonline.com.br\\\/\",\"name\":\"Ubirat\u00e3 Online Not\u00edcias\",\"description\":\"Not\u00edcias de Ubirat\u00e3, regi\u00e3o, Brasil e mundo, com informa\u00e7\u00e3o atualizada e compromisso com o leitor.\",\"publisher\":{\"@id\":\"https:\\\/\\\/ubirataonline.com.br\\\/#organization\"},\"alternateName\":\"Ubirat\u00e3 Online\",\"potentialAction\":[{\"@type\":\"SearchAction\",\"target\":{\"@type\":\"EntryPoint\",\"urlTemplate\":\"https:\\\/\\\/ubirataonline.com.br\\\/?s={search_term_string}\"},\"query-input\":{\"@type\":\"PropertyValueSpecification\",\"valueRequired\":true,\"valueName\":\"search_term_string\"}}],\"inLanguage\":\"en-US\"},{\"@type\":[\"Organization\",\"Place\"],\"@id\":\"https:\\\/\\\/ubirataonline.com.br\\\/#organization\",\"name\":\"Ubirat\u00e3 Online Not\u00edcias\",\"alternateName\":\"Ubirat\u00e3 Online\",\"url\":\"https:\\\/\\\/ubirataonline.com.br\\\/\",\"logo\":{\"@id\":\"https:\\\/\\\/ubirataonline.com.br\\\/qatar-presses-hamas-to-respond-positively-to-us-ceasefire-proposal-official-says\\\/#local-main-organization-logo\"},\"image\":{\"@id\":\"https:\\\/\\\/ubirataonline.com.br\\\/qatar-presses-hamas-to-respond-positively-to-us-ceasefire-proposal-official-says\\\/#local-main-organization-logo\"},\"sameAs\":[\"https:\\\/\\\/www.facebook.com\\\/portalubirataonline\",\"https:\\\/\\\/x.com\\\/ubirataonline\",\"https:\\\/\\\/mastodon.social\\\/@ubirataonline\",\"https:\\\/\\\/www.facebook.com\\\/groups\\\/311144672285604\",\"https:\\\/\\\/www.facebook.com\\\/UBTAOnline\",\"https:\\\/\\\/www.instagram.com\\\/portalubirataonline\\\/\",\"https:\\\/\\\/twitter.com\\\/ubirataonline\"],\"description\":\"Somos um portal de not\u00edcias independente, criado em 5 de janeiro de 2009, com o objetivo de informar, conectar e valorizar a nossa comunidade de Ubirat\u00e3 e toda aregi\u00e3o. Com conte\u00fado atualizado, confi\u00e1vel e relevante, o Ubirat\u00e3 Online \u00e9 o seu espa\u00e7o para ficar por dentro dos principais acontecimentos locais, regionais, Brasil, Mundo e de interesse geral. Nosso compromisso \u00e9 com a verdade, a transpar\u00eancia e o respeito ao leitor.\",\"legalName\":\"UBIRATA ONLINE NOT\u00cdCIAS\",\"foundingDate\":\"2009-01-05\",\"numberOfEmployees\":{\"@type\":\"QuantitativeValue\",\"minValue\":\"1\",\"maxValue\":\"10\"},\"publishingPrinciples\":\"https:\\\/\\\/ubirataonline.com.br\\\/faq\\\/\",\"address\":{\"@id\":\"https:\\\/\\\/ubirataonline.com.br\\\/qatar-presses-hamas-to-respond-positively-to-us-ceasefire-proposal-official-says\\\/#local-main-place-address\"},\"geo\":{\"@type\":\"GeoCoordinates\",\"latitude\":\"-24.5361401\",\"longitude\":\"-52.9921776\"},\"telephone\":[\"+5544998308235\"],\"contactPoint\":{\"@type\":\"ContactPoint\",\"email\":\"contato@ubirataonline.com.br\"},\"openingHoursSpecification\":{\"@type\":\"OpeningHoursSpecification\",\"dayOfWeek\":[\"Monday\",\"Tuesday\",\"Wednesday\",\"Thursday\",\"Friday\",\"Saturday\",\"Sunday\"],\"opens\":\"00:00\",\"closes\":\"23:59\"},\"email\":\"contato@ubirataonline.com.br\",\"vatID\":\"47.621.418\\\/0001-80\"},{\"@type\":\"Person\",\"@id\":\"https:\\\/\\\/ubirataonline.com.br\\\/#\\\/schema\\\/person\\\/372f87bbd3fdd79b8556b84c98d0bc1c\",\"name\":\"REDA\u00c7\u00c3O: UBIRAT\u00c3 ONLINE - F\u00c1BIO AUGUSTO CELESTINO\",\"pronouns\":\"Ele\",\"description\":\"Desde 2003 trabalhando com not\u00edcias.\",\"sameAs\":[\"http:\\\/\\\/ubirataoline.com.br\",\"https:\\\/\\\/www.facebook.com\\\/portalubirataonline\",\"https:\\\/\\\/www.instagram.com\\\/ubirataonline_oficial\",\"https:\\\/\\\/x.com\\\/x.com\\\/ubirataonline\"],\"honorificPrefix\":\"Mr.\",\"honorificSuffix\":\"MD\",\"birthDate\":\"1980-06-16\",\"gender\":\"masculino\",\"award\":[\"V\u00e1rios pr\u00eamios de melhor portal da cidade\"],\"jobTitle\":\"Diretor\",\"url\":\"https:\\\/\\\/ubirataonline.com.br\\\/en\\\/author\\\/ubirataonline\\\/\"},{\"@type\":\"PostalAddress\",\"@id\":\"https:\\\/\\\/ubirataonline.com.br\\\/qatar-presses-hamas-to-respond-positively-to-us-ceasefire-proposal-official-says\\\/#local-main-place-address\",\"streetAddress\":\"Rua dos Coqueiros, 104 - Bairro Boa Vista, Rua dos Coqueiros, 104 Bairro Boa Vista\",\"addressLocality\":\"UBIRATA\",\"postalCode\":\"85440-000\",\"addressRegion\":\"PR\",\"addressCountry\":\"BR\"},{\"@type\":\"ImageObject\",\"inLanguage\":\"en-US\",\"@id\":\"https:\\\/\\\/ubirataonline.com.br\\\/qatar-presses-hamas-to-respond-positively-to-us-ceasefire-proposal-official-says\\\/#local-main-organization-logo\",\"url\":\"https:\\\/\\\/ubirataonline.com.br\\\/wp-content\\\/uploads\\\/2026\\\/06\\\/logoubirataonline-1.webp\",\"contentUrl\":\"https:\\\/\\\/ubirataonline.com.br\\\/wp-content\\\/uploads\\\/2026\\\/06\\\/logoubirataonline-1.webp\",\"width\":500,\"height\":500,\"caption\":\"Ubirat\u00e3 Online Not\u00edcias\"}]}<\/script>\n<meta name=\"geo.placename\" content=\"UBIRATA\" \/>\n<meta name=\"geo.position\" content=\"-24.5361401;-52.9921776\" \/>\n<meta name=\"geo.region\" content=\"Brazil\" \/>\n<!-- \/ Yoast SEO Premium plugin. -->","yoast_head_json":{"title":"Qatar presses Hamas to \u201crespond positively\u201d to US ceasefire proposal, official says - Ubirat\u00e3 Online Not\u00edcias - A realidade ao seu alcance!","description":"Facebook Tweet Email Link Qatar\u2019s prime minister pressed Hamas to \u201crespond positively\u201d to the new US ceasefire proposal in a meeting in Doha, according to","robots":{"index":"index","follow":"follow","max-snippet":"max-snippet:-1","max-image-preview":"max-image-preview:large","max-video-preview":"max-video-preview:-1"},"canonical":"https:\/\/ubirataonline.com.br\/en\/qatar-presses-hamas-to-respond-positively-to-us-ceasefire-proposal-official-says\/","og_locale":"en_US","og_type":"article","og_title":"Qatar presses Hamas to \u201crespond positively\u201d to US ceasefire proposal, official says","og_description":"Facebook Tweet Email Link Qatar\u2019s prime minister pressed Hamas to \u201crespond positively\u201d to the new US ceasefire proposal in a meeting in Doha, according to","og_url":"https:\/\/ubirataonline.com.br\/en\/qatar-presses-hamas-to-respond-positively-to-us-ceasefire-proposal-official-says\/","og_site_name":"Ubirat\u00e3 Online Not\u00edcias - A realidade ao seu alcance!","article_publisher":"https:\/\/www.facebook.com\/portalubirataonline","article_author":"https:\/\/www.facebook.com\/portalubirataonline","article_published_time":"2025-09-09T12:19:11+00:00","og_image":[{"url":"https:\/\/media.cnn.com\/api\/v1\/images\/stellar\/prod\/ap25248697953359.jpg?c=original&amp;q=w_860,c_fill","type":"","width":"","height":""}],"author":"REDA\u00c7\u00c3O: UBIRAT\u00c3 ONLINE - F\u00c1BIO AUGUSTO CELESTINO","twitter_card":"summary_large_image","twitter_creator":"@x.com\/ubirataonline","twitter_site":"@ubirataonline","twitter_misc":{"Written by":"REDA\u00c7\u00c3O: UBIRAT\u00c3 ONLINE - F\u00c1BIO AUGUSTO CELESTINO","Est. reading time":"2 minutes"},"schema":{"@context":"https:\/\/schema.org","@graph":[{"@type":"NewsArticle","@id":"https:\/\/ubirataonline.com.br\/qatar-presses-hamas-to-respond-positively-to-us-ceasefire-proposal-official-says\/#article","isPartOf":{"@id":"https:\/\/ubirataonline.com.br\/qatar-presses-hamas-to-respond-positively-to-us-ceasefire-proposal-official-says\/"},"author":{"name":"REDA\u00c7\u00c3O: UBIRAT\u00c3 ONLINE - F\u00c1BIO AUGUSTO CELESTINO","@id":"https:\/\/ubirataonline.com.br\/#\/schema\/person\/372f87bbd3fdd79b8556b84c98d0bc1c"},"headline":"Qatar presses Hamas to \u201crespond positively\u201d to US ceasefire proposal, official says","datePublished":"2025-09-09T12:19:11+00:00","mainEntityOfPage":{"@id":"https:\/\/ubirataonline.com.br\/qatar-presses-hamas-to-respond-positively-to-us-ceasefire-proposal-official-says\/"},"wordCount":485,"publisher":{"@id":"https:\/\/ubirataonline.com.br\/#organization"},"image":{"@id":"https:\/\/ubirataonline.com.br\/qatar-presses-hamas-to-respond-positively-to-us-ceasefire-proposal-official-says\/#primaryimage"},"thumbnailUrl":"https:\/\/ubirataonline.com.br\/wp-content\/uploads\/2025\/09\/gettyimages-2193481710-20250908201153704.jpg","articleSection":["Brasil"],"inLanguage":"en-US","copyrightYear":"2025","copyrightHolder":{"@id":"https:\/\/ubirataonline.com.br\/en\/#organization"}},{"@type":"WebPage","@id":"https:\/\/ubirataonline.com.br\/qatar-presses-hamas-to-respond-positively-to-us-ceasefire-proposal-official-says\/","url":"https:\/\/ubirataonline.com.br\/qatar-presses-hamas-to-respond-positively-to-us-ceasefire-proposal-official-says\/","name":"Qatar presses Hamas to \u201crespond positively\u201d to US ceasefire proposal, official says - Ubirat\u00e3 Online Not\u00edcias - A realidade ao seu alcance!","isPartOf":{"@id":"https:\/\/ubirataonline.com.br\/#website"},"primaryImageOfPage":{"@id":"https:\/\/ubirataonline.com.br\/qatar-presses-hamas-to-respond-positively-to-us-ceasefire-proposal-official-says\/#primaryimage"},"image":{"@id":"https:\/\/ubirataonline.com.br\/qatar-presses-hamas-to-respond-positively-to-us-ceasefire-proposal-official-says\/#primaryimage"},"thumbnailUrl":"https:\/\/ubirataonline.com.br\/wp-content\/uploads\/2025\/09\/gettyimages-2193481710-20250908201153704.jpg","datePublished":"2025-09-09T12:19:11+00:00","description":"Facebook Tweet Email Link Qatar\u2019s prime minister pressed Hamas to \u201crespond positively\u201d to the new US ceasefire proposal in a meeting in Doha, according to","breadcrumb":{"@id":"https:\/\/ubirataonline.com.br\/qatar-presses-hamas-to-respond-positively-to-us-ceasefire-proposal-official-says\/#breadcrumb"},"inLanguage":"en-US","potentialAction":[{"@type":"ReadAction","target":["https:\/\/ubirataonline.com.br\/qatar-presses-hamas-to-respond-positively-to-us-ceasefire-proposal-official-says\/"]}]},{"@type":"ImageObject","inLanguage":"en-US","@id":"https:\/\/ubirataonline.com.br\/qatar-presses-hamas-to-respond-positively-to-us-ceasefire-proposal-official-says\/#primaryimage","url":"https:\/\/ubirataonline.com.br\/wp-content\/uploads\/2025\/09\/gettyimages-2193481710-20250908201153704.jpg","contentUrl":"https:\/\/ubirataonline.com.br\/wp-content\/uploads\/2025\/09\/gettyimages-2193481710-20250908201153704.jpg","width":800,"height":450},{"@type":"BreadcrumbList","@id":"https:\/\/ubirataonline.com.br\/qatar-presses-hamas-to-respond-positively-to-us-ceasefire-proposal-official-says\/#breadcrumb","itemListElement":[{"@type":"ListItem","position":1,"name":"In\u00edcio","item":"https:\/\/ubirataonline.com.br\/"},{"@type":"ListItem","position":2,"name":"Qatar presses Hamas to \u201crespond positively\u201d to US ceasefire proposal, official says"}]},{"@type":"WebSite","@id":"https:\/\/ubirataonline.com.br\/#website","url":"https:\/\/ubirataonline.com.br\/","name":"Ubirat\u00e3 Online Not\u00edcias","description":"Not\u00edcias de Ubirat\u00e3, regi\u00e3o, Brasil e mundo, com informa\u00e7\u00e3o atualizada e compromisso com o leitor.","publisher":{"@id":"https:\/\/ubirataonline.com.br\/#organization"},"alternateName":"Ubirat\u00e3 Online","potentialAction":[{"@type":"SearchAction","target":{"@type":"EntryPoint","urlTemplate":"https:\/\/ubirataonline.com.br\/?s={search_term_string}"},"query-input":{"@type":"PropertyValueSpecification","valueRequired":true,"valueName":"search_term_string"}}],"inLanguage":"en-US"},{"@type":["Organization","Place"],"@id":"https:\/\/ubirataonline.com.br\/#organization","name":"Ubirat\u00e3 Online Not\u00edcias","alternateName":"Ubirat\u00e3 Online","url":"https:\/\/ubirataonline.com.br\/","logo":{"@id":"https:\/\/ubirataonline.com.br\/qatar-presses-hamas-to-respond-positively-to-us-ceasefire-proposal-official-says\/#local-main-organization-logo"},"image":{"@id":"https:\/\/ubirataonline.com.br\/qatar-presses-hamas-to-respond-positively-to-us-ceasefire-proposal-official-says\/#local-main-organization-logo"},"sameAs":["https:\/\/www.facebook.com\/portalubirataonline","https:\/\/x.com\/ubirataonline","https:\/\/mastodon.social\/@ubirataonline","https:\/\/www.facebook.com\/groups\/311144672285604","https:\/\/www.facebook.com\/UBTAOnline","https:\/\/www.instagram.com\/portalubirataonline\/","https:\/\/twitter.com\/ubirataonline"],"description":"Somos um portal de not\u00edcias independente, criado em 5 de janeiro de 2009, com o objetivo de informar, conectar e valorizar a nossa comunidade de Ubirat\u00e3 e toda aregi\u00e3o. Com conte\u00fado atualizado, confi\u00e1vel e relevante, o Ubirat\u00e3 Online \u00e9 o seu espa\u00e7o para ficar por dentro dos principais acontecimentos locais, regionais, Brasil, Mundo e de interesse geral. Nosso compromisso \u00e9 com a verdade, a transpar\u00eancia e o respeito ao leitor.","legalName":"UBIRATA ONLINE NOT\u00cdCIAS","foundingDate":"2009-01-05","numberOfEmployees":{"@type":"QuantitativeValue","minValue":"1","maxValue":"10"},"publishingPrinciples":"https:\/\/ubirataonline.com.br\/faq\/","address":{"@id":"https:\/\/ubirataonline.com.br\/qatar-presses-hamas-to-respond-positively-to-us-ceasefire-proposal-official-says\/#local-main-place-address"},"geo":{"@type":"GeoCoordinates","latitude":"-24.5361401","longitude":"-52.9921776"},"telephone":["+5544998308235"],"contactPoint":{"@type":"ContactPoint","email":"contato@ubirataonline.com.br"},"openingHoursSpecification":{"@type":"OpeningHoursSpecification","dayOfWeek":["Monday","Tuesday","Wednesday","Thursday","Friday","Saturday","Sunday"],"opens":"00:00","closes":"23:59"},"email":"contato@ubirataonline.com.br","vatID":"47.621.418\/0001-80"},{"@type":"Person","@id":"https:\/\/ubirataonline.com.br\/#\/schema\/person\/372f87bbd3fdd79b8556b84c98d0bc1c","name":"REDA\u00c7\u00c3O: UBIRAT\u00c3 ONLINE - F\u00c1BIO AUGUSTO CELESTINO","pronouns":"Ele","description":"Desde 2003 trabalhando com not\u00edcias.","sameAs":["http:\/\/ubirataoline.com.br","https:\/\/www.facebook.com\/portalubirataonline","https:\/\/www.instagram.com\/ubirataonline_oficial","https:\/\/x.com\/x.com\/ubirataonline"],"honorificPrefix":"Mr.","honorificSuffix":"MD","birthDate":"1980-06-16","gender":"masculino","award":["V\u00e1rios pr\u00eamios de melhor portal da cidade"],"jobTitle":"Diretor","url":"https:\/\/ubirataonline.com.br\/en\/author\/ubirataonline\/"},{"@type":"PostalAddress","@id":"https:\/\/ubirataonline.com.br\/qatar-presses-hamas-to-respond-positively-to-us-ceasefire-proposal-official-says\/#local-main-place-address","streetAddress":"Rua dos Coqueiros, 104 - Bairro Boa Vista, Rua dos Coqueiros, 104 Bairro Boa Vista","addressLocality":"UBIRATA","postalCode":"85440-000","addressRegion":"PR","addressCountry":"BR"},{"@type":"ImageObject","inLanguage":"en-US","@id":"https:\/\/ubirataonline.com.br\/qatar-presses-hamas-to-respond-positively-to-us-ceasefire-proposal-official-says\/#local-main-organization-logo","url":"https:\/\/ubirataonline.com.br\/wp-content\/uploads\/2026\/06\/logoubirataonline-1.webp","contentUrl":"https:\/\/ubirataonline.com.br\/wp-content\/uploads\/2026\/06\/logoubirataonline-1.webp","width":500,"height":500,"caption":"Ubirat\u00e3 Online Not\u00edcias"}]},"geo.placename":"UBIRATA","geo.position":{"lat":"-24.5361401","long":"-52.9921776"},"geo.region":"Brazil"},"_links":{"self":[{"href":"https:\/\/ubirataonline.com.br\/en\/wp-json\/wp\/v2\/posts\/67745","targetHints":{"allow":["GET"]}}],"collection":[{"href":"https:\/\/ubirataonline.com.br\/en\/wp-json\/wp\/v2\/posts"}],"about":[{"href":"https:\/\/ubirataonline.com.br\/en\/wp-json\/wp\/v2\/types\/post"}],"author":[{"embeddable":true,"href":"https:\/\/ubirataonline.com.br\/en\/wp-json\/wp\/v2\/users\/1"}],"replies":[{"embeddable":true,"href":"https:\/\/ubirataonline.com.br\/en\/wp-json\/wp\/v2\/comments?post=67745"}],"version-history":[{"count":0,"href":"https:\/\/ubirataonline.com.br\/en\/wp-json\/wp\/v2\/posts\/67745\/revisions"}],"wp:featuredmedia":[{"embeddable":true,"href":"https:\/\/ubirataonline.com.br\/en\/wp-json\/wp\/v2\/media\/67746"}],"wp:attachment":[{"href":"https:\/\/ubirataonline.com.br\/en\/wp-json\/wp\/v2\/media?parent=67745"}],"wp:term":[{"taxonomy":"category","embeddable":true,"href":"https:\/\/ubirataonline.com.br\/en\/wp-json\/wp\/v2\/categories?post=67745"},{"taxonomy":"post_tag","embeddable":true,"href":"https:\/\/ubirataonline.com.br\/en\/wp-json\/wp\/v2\/tags?post=67745"}],"curies":[{"name":"wp","href":"https:\/\/api.w.org\/{rel}","templated":true}]}}