{"id":67968,"date":"2025-09-11T09:15:24","date_gmt":"2025-09-11T12:15:24","guid":{"rendered":"https:\/\/ubirataonline.com.br\/itau-cvm-abre-processo-contra-ex-diretor-08-09-2025-mercado\/"},"modified":"2025-09-11T09:15:24","modified_gmt":"2025-09-11T12:15:24","slug":"itau-cvm-abre-processo-contra-ex-diretor-08-09-2025-mercado","status":"publish","type":"post","link":"https:\/\/ubirataonline.com.br\/en\/itau-cvm-abre-processo-contra-ex-diretor-08-09-2025-mercado\/","title":{"rendered":"Ita\u00fa: CVM abre processo contra ex-diretor &#8211; 08\/09\/2025 &#8211; Mercado"},"content":{"rendered":"<p><\/p>\n<div data-news-content-text=\"\" data-disable-copy=\"\" data-continue-reading=\"\" data-continue-reading-hide-others=\".js-continue-reading-hidden\" data-age-rating=\"\" itemprop=\"articleBody\">\n<p>A CVM (Comiss\u00e3o de Valores Mobili\u00e1rios) abriu um processo para apurar a responsabilidade do<a href=\"https:\/\/www1.folha.uol.com.br\/mercado\/2025\/07\/ex-diretor-do-itau-acusado-de-fraude-quer-receber-r-15-milhoes-do-banco.shtml\" rel=\"\" target=\"\"> ex-diretor financeiro do Ita\u00fa Alexsandro Broedel <\/a>na contrata\u00e7\u00e3o de pareceres do <a href=\"https:\/\/www1.folha.uol.com.br\/mercado\/2025\/06\/devolvi-o-que-me-era-devido-para-encerrar-aos-80-anos-essa-maluquice-diz-eliseu-martins-apos-acordo-com-itau.shtml\">contador Eliseu Martins<\/a> e a <a href=\"https:\/\/www1.folha.uol.com.br\/mercado\/2025\/01\/itau-acusa-ex-diretor-de-fraude-rasteira-e-pede-r-335-milhoes-em-acao-na-justica.shtml\" rel=\"\" target=\"\">acusa\u00e7\u00e3o feita pelo banco de que ele receberia 40% dos pagamentos feitos \u00e0 empresa de Martins.<\/a><\/p>\n<p>A apura\u00e7\u00e3o foi aberta em 14 de agosto e, segundo o processo na CVM, a procuradoria federal especializada j\u00e1 emitiu parecer. Broedel foi comunicado formalmente da investiga\u00e7\u00e3o, a chamada cita\u00e7\u00e3o, na \u00faltima quinta-feira (4). A defesa do executivo foi procurada nesta segunda (8) e disse que n\u00e3o vai comentar o assunto.<\/p>\n<p>A autarquia aponta, na ementa do processo, a possibilidade de infra\u00e7\u00e3o ao artigo 156 da lei 6.404\/76, que regula as companhias abertas, as S.A.. O artigo em quest\u00e3o define que o administrador de uma companhia n\u00e3o pode tomar decis\u00f5es &#8220;em que tiver interesse conflitante com o da companhia&#8221;.<\/p>\n<p>Na Justi\u00e7a, o Ita\u00fa afirma ter iniciado uma apura\u00e7\u00e3o interna depois de ter recebido informa\u00e7\u00f5es de que o executivo atuava como parecerista e consultor ao mercado, enquanto ainda era executivo do banco, o que seria uma viola\u00e7\u00e3o de seus c\u00f3digo de \u00e9tica.<\/p>\n<p>O banco concluiu, a partir dessa investiga\u00e7\u00e3o interna, que Broedel e Martins eram s\u00f3cio desde 2012 em uma empresa cuja exist\u00eancia n\u00e3o foi informada \u00e0 institui\u00e7\u00e3o financeira. O Ita\u00fa afirma que desde janeiro de 2019, as empresas Care (que tem como s\u00f3cios Eliseu Martins e seu filho Eric) e Evam (cujos s\u00f3cios s\u00e3o Eliseu e os filhos Eric e Vinicius) fizeram 56 transfer\u00eancias ao executivo e sua empresa Broedel Consultores, sendo que 23 destas transfer\u00eancias, no valor total de R$ 4,8 milh\u00f5es, se referem aos pagamentos do Ita\u00fa.<\/p>\n<p>A partir dessas transfer\u00eancias, o Ita\u00fa concluiu que o ex-diretor teria uma participa\u00e7\u00e3o de 40% nos pagamentos feitos pelo banco \u00e0 Care. Esse percentual \u00e9 citado pela CVM no processo contra Broedel. A investiga\u00e7\u00e3o da autarquia inclui os &#8220;pareceres elaborados pelo Sr. Eliseu Martins sabendo que, posteriormente, receberia do fornecedor 40% do valor pago pela Companhia.&#8221;<\/p>\n<p>Quando o Ita\u00fa divulgou que havia desligado Broedel, o executivo disse em nota que &#8220;sempre se conduziu de forma \u00e9tica e transparente em todas as atividades ao longo dos seus 12 anos no banco \u2013algo nunca contestado pelo Ita\u00fa, que tem uma rigorosa e abrangente estrutura de controle e compliance, pr\u00f3pria de um grupo financeiro com seu porte e import\u00e2ncia&#8221;.<\/p>\n<p>Em maio, o contador Eliseu Martins fez um acordo judicial com o <a href=\"https:\/\/www1.folha.uol.com.br\/folha-topicos\/itau\/\">Ita\u00fa<\/a> para encerrar processo movido pelo banco contra ele e Broedel. Martins era <a href=\"https:\/\/www1.folha.uol.com.br\/mercado\/2024\/12\/itau-acusa-ex-diretor-de-violar-normas-e-comunica-banco-central.shtml\">cobrado na Justi\u00e7a pelo recebimento de pareceres <\/a>contratados e n\u00e3o entregues. No acordo, ele reconheceu ter mantido uma &#8220;sociedade de fato&#8221; com Broedel, cujo objetivo era a presta\u00e7\u00e3o de servi\u00e7os e elabora\u00e7\u00e3o de pareceres cont\u00e1beis e consultorias.<\/p>\n<p>&#8220;Preferi devolver o que me era devido e encerrar, aos 80 anos, essa maluquice. Principalmente pelo envolvimento injusto dos meus filhos&#8221;,<a href=\"https:\/\/www1.folha.uol.com.br\/mercado\/2025\/06\/devolvi-o-que-me-era-devido-para-encerrar-aos-80-anos-essa-maluquice-diz-eliseu-martins-apos-acordo-com-itau.shtml\" rel=\"\" target=\"\"> disse Martins em email enviado \u00e0 <\/a><strong><a href=\"https:\/\/www1.folha.uol.com.br\/mercado\/2025\/06\/devolvi-o-que-me-era-devido-para-encerrar-aos-80-anos-essa-maluquice-diz-eliseu-martins-apos-acordo-com-itau.shtml\" rel=\"\" target=\"\">Folha<\/a>. <\/strong>Ele se comprometeu a pagar R$ 2,5 milh\u00f5es para encerrar o caso.<\/p>\n<p>A CVM tem um outro processo aberto sobre esse caso do Ita\u00fa e de seu ex-diretor. Em dezembro do ano passado, a autarquia iniciou um processo administrativo para apurar a divulga\u00e7\u00e3o de den\u00fancia do banco contra Broedel.<\/p>\n<p>Os processos administrativos da CVM s\u00e3o procedimentos preliminares que envolvem a busca de informa\u00e7\u00f5es sobre determinado caso para definir pela acusa\u00e7\u00e3o ou n\u00e3o de empresas ou executivos do mercado.<\/p>\n<p>O processo iniciado em agosto contra Broedel \u00e9 do tipo sancionador, quando h\u00e1 uma acusa\u00e7\u00e3o.<\/p>\n<\/p><\/div>\n<p><a href=\"https:\/\/www1.folha.uol.com.br\/mercado\/2025\/09\/cvm-abre-processo-contra-ex-diretor-do-itau-por-suspeita-de-conflito-de-interesses.shtml\">Source link <\/a><\/p>","protected":false},"excerpt":{"rendered":"<p>A CVM (Comiss\u00e3o de Valores Mobili\u00e1rios) abriu um processo para apurar a responsabilidade do ex-diretor financeiro do Ita\u00fa Alexsandro Broedel na contrata\u00e7\u00e3o de pareceres do contador Eliseu Martins e a acusa\u00e7\u00e3o feita pelo banco de que ele receberia 40% dos pagamentos feitos \u00e0 empresa de Martins. A apura\u00e7\u00e3o foi aberta em 14 de agosto e, [&hellip;]<\/p>\n","protected":false},"author":1,"featured_media":67969,"comment_status":"","ping_status":"","sticky":false,"template":"","format":"standard","meta":{"googlesitekit_rrm_CAow2JLhCw:productID":"","_gspb_post_css":"","maa_idioma":"","maa_pais":"","footnotes":""},"categories":[4],"tags":[],"class_list":["post-67968","post","type-post","status-publish","format-standard","has-post-thumbnail","hentry","category-brasil"],"blocksy_meta":[],"yoast_head":"<!-- This site is optimized with the Yoast SEO Premium plugin v27.6 (Yoast SEO v27.6) - https:\/\/yoast.com\/product\/yoast-seo-premium-wordpress\/ -->\n<title>Ita\u00fa: CVM abre processo contra ex-diretor - 08\/09\/2025 - Mercado - Ubirat\u00e3 Online Not\u00edcias - A realidade ao seu alcance!<\/title>\n<meta name=\"description\" content=\"A CVM (Comiss\u00e3o de Valores Mobili\u00e1rios) abriu um processo para apurar a responsabilidade do ex-diretor financeiro do Ita\u00fa Alexsandro Broedel na\" \/>\n<meta name=\"robots\" content=\"index, follow, max-snippet:-1, max-image-preview:large, max-video-preview:-1\" \/>\n<link rel=\"canonical\" href=\"https:\/\/ubirataonline.com.br\/en\/itau-cvm-abre-processo-contra-ex-diretor-08-09-2025-mercado\/\" \/>\n<meta property=\"og:locale\" content=\"en_US\" \/>\n<meta property=\"og:type\" content=\"article\" \/>\n<meta property=\"og:title\" content=\"Ita\u00fa: CVM abre processo contra ex-diretor - 08\/09\/2025 - Mercado\" \/>\n<meta property=\"og:description\" content=\"A CVM (Comiss\u00e3o de Valores Mobili\u00e1rios) abriu um processo para apurar a responsabilidade do ex-diretor financeiro do Ita\u00fa Alexsandro Broedel na\" \/>\n<meta property=\"og:url\" content=\"https:\/\/ubirataonline.com.br\/en\/itau-cvm-abre-processo-contra-ex-diretor-08-09-2025-mercado\/\" \/>\n<meta property=\"og:site_name\" content=\"Ubirat\u00e3 Online Not\u00edcias - A realidade ao seu alcance!\" \/>\n<meta property=\"article:publisher\" content=\"https:\/\/www.facebook.com\/portalubirataonline\" \/>\n<meta property=\"article:author\" content=\"https:\/\/www.facebook.com\/portalubirataonline\" \/>\n<meta property=\"article:published_time\" content=\"2025-09-11T12:15:24+00:00\" \/>\n<meta property=\"og:image\" content=\"https:\/\/ubirataonline.com.br\/wp-content\/uploads\/2026\/05\/logo2026.webp\" \/>\n\t<meta property=\"og:image:width\" content=\"1531\" \/>\n\t<meta property=\"og:image:height\" content=\"418\" \/>\n\t<meta property=\"og:image:type\" content=\"image\/webp\" \/>\n<meta name=\"author\" content=\"REDA\u00c7\u00c3O: UBIRAT\u00c3 ONLINE - F\u00c1BIO AUGUSTO CELESTINO\" \/>\n<meta name=\"twitter:card\" content=\"summary_large_image\" \/>\n<meta name=\"twitter:creator\" content=\"@x.com\/ubirataonline\" \/>\n<meta name=\"twitter:site\" content=\"@ubirataonline\" \/>\n<meta name=\"twitter:label1\" content=\"Written by\" \/>\n\t<meta name=\"twitter:data1\" content=\"REDA\u00c7\u00c3O: UBIRAT\u00c3 ONLINE - F\u00c1BIO AUGUSTO CELESTINO\" \/>\n\t<meta name=\"twitter:label2\" content=\"Est. reading time\" \/>\n\t<meta name=\"twitter:data2\" content=\"3 minutes\" \/>\n<script type=\"application\/ld+json\" class=\"yoast-schema-graph\">{\"@context\":\"https:\\\/\\\/schema.org\",\"@graph\":[{\"@type\":\"NewsArticle\",\"@id\":\"https:\\\/\\\/ubirataonline.com.br\\\/itau-cvm-abre-processo-contra-ex-diretor-08-09-2025-mercado\\\/#article\",\"isPartOf\":{\"@id\":\"https:\\\/\\\/ubirataonline.com.br\\\/itau-cvm-abre-processo-contra-ex-diretor-08-09-2025-mercado\\\/\"},\"author\":{\"name\":\"REDA\u00c7\u00c3O: UBIRAT\u00c3 ONLINE - F\u00c1BIO AUGUSTO CELESTINO\",\"@id\":\"https:\\\/\\\/ubirataonline.com.br\\\/#\\\/schema\\\/person\\\/372f87bbd3fdd79b8556b84c98d0bc1c\"},\"headline\":\"Ita\u00fa: CVM abre processo contra ex-diretor &#8211; 08\\\/09\\\/2025 &#8211; Mercado\",\"datePublished\":\"2025-09-11T12:15:24+00:00\",\"mainEntityOfPage\":{\"@id\":\"https:\\\/\\\/ubirataonline.com.br\\\/itau-cvm-abre-processo-contra-ex-diretor-08-09-2025-mercado\\\/\"},\"wordCount\":611,\"publisher\":{\"@id\":\"https:\\\/\\\/ubirataonline.com.br\\\/#organization\"},\"image\":{\"@id\":\"https:\\\/\\\/ubirataonline.com.br\\\/itau-cvm-abre-processo-contra-ex-diretor-08-09-2025-mercado\\\/#primaryimage\"},\"thumbnailUrl\":\"https:\\\/\\\/ubirataonline.com.br\\\/wp-content\\\/uploads\\\/2025\\\/09\\\/17335851686754691014161_1733585168_3x2_rt.jpg\",\"articleSection\":[\"Brasil\"],\"inLanguage\":\"en-US\",\"copyrightYear\":\"2025\",\"copyrightHolder\":{\"@id\":\"https:\\\/\\\/ubirataonline.com.br\\\/en\\\/#organization\"}},{\"@type\":\"WebPage\",\"@id\":\"https:\\\/\\\/ubirataonline.com.br\\\/itau-cvm-abre-processo-contra-ex-diretor-08-09-2025-mercado\\\/\",\"url\":\"https:\\\/\\\/ubirataonline.com.br\\\/itau-cvm-abre-processo-contra-ex-diretor-08-09-2025-mercado\\\/\",\"name\":\"Ita\u00fa: CVM abre processo contra ex-diretor - 08\\\/09\\\/2025 - Mercado - Ubirat\u00e3 Online Not\u00edcias - A realidade ao seu alcance!\",\"isPartOf\":{\"@id\":\"https:\\\/\\\/ubirataonline.com.br\\\/#website\"},\"primaryImageOfPage\":{\"@id\":\"https:\\\/\\\/ubirataonline.com.br\\\/itau-cvm-abre-processo-contra-ex-diretor-08-09-2025-mercado\\\/#primaryimage\"},\"image\":{\"@id\":\"https:\\\/\\\/ubirataonline.com.br\\\/itau-cvm-abre-processo-contra-ex-diretor-08-09-2025-mercado\\\/#primaryimage\"},\"thumbnailUrl\":\"https:\\\/\\\/ubirataonline.com.br\\\/wp-content\\\/uploads\\\/2025\\\/09\\\/17335851686754691014161_1733585168_3x2_rt.jpg\",\"datePublished\":\"2025-09-11T12:15:24+00:00\",\"description\":\"A CVM (Comiss\u00e3o de Valores Mobili\u00e1rios) abriu um processo para apurar a responsabilidade do ex-diretor financeiro do Ita\u00fa Alexsandro Broedel na\",\"breadcrumb\":{\"@id\":\"https:\\\/\\\/ubirataonline.com.br\\\/itau-cvm-abre-processo-contra-ex-diretor-08-09-2025-mercado\\\/#breadcrumb\"},\"inLanguage\":\"en-US\",\"potentialAction\":[{\"@type\":\"ReadAction\",\"target\":[\"https:\\\/\\\/ubirataonline.com.br\\\/itau-cvm-abre-processo-contra-ex-diretor-08-09-2025-mercado\\\/\"]}]},{\"@type\":\"ImageObject\",\"inLanguage\":\"en-US\",\"@id\":\"https:\\\/\\\/ubirataonline.com.br\\\/itau-cvm-abre-processo-contra-ex-diretor-08-09-2025-mercado\\\/#primaryimage\",\"url\":\"https:\\\/\\\/ubirataonline.com.br\\\/wp-content\\\/uploads\\\/2025\\\/09\\\/17335851686754691014161_1733585168_3x2_rt.jpg\",\"contentUrl\":\"https:\\\/\\\/ubirataonline.com.br\\\/wp-content\\\/uploads\\\/2025\\\/09\\\/17335851686754691014161_1733585168_3x2_rt.jpg\",\"width\":2400,\"height\":1601},{\"@type\":\"BreadcrumbList\",\"@id\":\"https:\\\/\\\/ubirataonline.com.br\\\/itau-cvm-abre-processo-contra-ex-diretor-08-09-2025-mercado\\\/#breadcrumb\",\"itemListElement\":[{\"@type\":\"ListItem\",\"position\":1,\"name\":\"In\u00edcio\",\"item\":\"https:\\\/\\\/ubirataonline.com.br\\\/\"},{\"@type\":\"ListItem\",\"position\":2,\"name\":\"Ita\u00fa: CVM abre processo contra ex-diretor &#8211; 08\\\/09\\\/2025 &#8211; Mercado\"}]},{\"@type\":\"WebSite\",\"@id\":\"https:\\\/\\\/ubirataonline.com.br\\\/#website\",\"url\":\"https:\\\/\\\/ubirataonline.com.br\\\/\",\"name\":\"Ubirat\u00e3 Online Not\u00edcias\",\"description\":\"Not\u00edcias de Ubirat\u00e3, regi\u00e3o, Brasil e mundo, com informa\u00e7\u00e3o atualizada e compromisso com o leitor.\",\"publisher\":{\"@id\":\"https:\\\/\\\/ubirataonline.com.br\\\/#organization\"},\"alternateName\":\"Ubirat\u00e3 Online\",\"potentialAction\":[{\"@type\":\"SearchAction\",\"target\":{\"@type\":\"EntryPoint\",\"urlTemplate\":\"https:\\\/\\\/ubirataonline.com.br\\\/?s={search_term_string}\"},\"query-input\":{\"@type\":\"PropertyValueSpecification\",\"valueRequired\":true,\"valueName\":\"search_term_string\"}}],\"inLanguage\":\"en-US\"},{\"@type\":[\"Organization\",\"Place\"],\"@id\":\"https:\\\/\\\/ubirataonline.com.br\\\/#organization\",\"name\":\"Ubirat\u00e3 Online Not\u00edcias\",\"alternateName\":\"Ubirat\u00e3 Online\",\"url\":\"https:\\\/\\\/ubirataonline.com.br\\\/\",\"logo\":{\"@id\":\"https:\\\/\\\/ubirataonline.com.br\\\/itau-cvm-abre-processo-contra-ex-diretor-08-09-2025-mercado\\\/#local-main-organization-logo\"},\"image\":{\"@id\":\"https:\\\/\\\/ubirataonline.com.br\\\/itau-cvm-abre-processo-contra-ex-diretor-08-09-2025-mercado\\\/#local-main-organization-logo\"},\"sameAs\":[\"https:\\\/\\\/www.facebook.com\\\/portalubirataonline\",\"https:\\\/\\\/x.com\\\/ubirataonline\",\"https:\\\/\\\/mastodon.social\\\/@ubirataonline\",\"https:\\\/\\\/www.facebook.com\\\/groups\\\/311144672285604\",\"https:\\\/\\\/www.facebook.com\\\/UBTAOnline\",\"https:\\\/\\\/www.instagram.com\\\/portalubirataonline\\\/\",\"https:\\\/\\\/twitter.com\\\/ubirataonline\"],\"description\":\"Somos um portal de not\u00edcias independente, criado em 5 de janeiro de 2009, com o objetivo de informar, conectar e valorizar a nossa comunidade de Ubirat\u00e3 e toda aregi\u00e3o. Com conte\u00fado atualizado, confi\u00e1vel e relevante, o Ubirat\u00e3 Online \u00e9 o seu espa\u00e7o para ficar por dentro dos principais acontecimentos locais, regionais, Brasil, Mundo e de interesse geral. Nosso compromisso \u00e9 com a verdade, a transpar\u00eancia e o respeito ao leitor.\",\"legalName\":\"UBIRATA ONLINE NOT\u00cdCIAS\",\"foundingDate\":\"2009-01-05\",\"numberOfEmployees\":{\"@type\":\"QuantitativeValue\",\"minValue\":\"1\",\"maxValue\":\"10\"},\"publishingPrinciples\":\"https:\\\/\\\/ubirataonline.com.br\\\/faq\\\/\",\"address\":{\"@id\":\"https:\\\/\\\/ubirataonline.com.br\\\/itau-cvm-abre-processo-contra-ex-diretor-08-09-2025-mercado\\\/#local-main-place-address\"},\"geo\":{\"@type\":\"GeoCoordinates\",\"latitude\":\"-24.5361401\",\"longitude\":\"-52.9921776\"},\"telephone\":[\"+5544998308235\"],\"contactPoint\":{\"@type\":\"ContactPoint\",\"email\":\"contato@ubirataonline.com.br\"},\"openingHoursSpecification\":{\"@type\":\"OpeningHoursSpecification\",\"dayOfWeek\":[\"Monday\",\"Tuesday\",\"Wednesday\",\"Thursday\",\"Friday\",\"Saturday\",\"Sunday\"],\"opens\":\"00:00\",\"closes\":\"23:59\"},\"email\":\"contato@ubirataonline.com.br\",\"vatID\":\"47.621.418\\\/0001-80\"},{\"@type\":\"Person\",\"@id\":\"https:\\\/\\\/ubirataonline.com.br\\\/#\\\/schema\\\/person\\\/372f87bbd3fdd79b8556b84c98d0bc1c\",\"name\":\"REDA\u00c7\u00c3O: UBIRAT\u00c3 ONLINE - F\u00c1BIO AUGUSTO CELESTINO\",\"pronouns\":\"Ele\",\"description\":\"Desde 2003 trabalhando com not\u00edcias.\",\"sameAs\":[\"http:\\\/\\\/ubirataoline.com.br\",\"https:\\\/\\\/www.facebook.com\\\/portalubirataonline\",\"https:\\\/\\\/www.instagram.com\\\/ubirataonline_oficial\",\"https:\\\/\\\/x.com\\\/x.com\\\/ubirataonline\"],\"honorificPrefix\":\"Mr.\",\"honorificSuffix\":\"MD\",\"birthDate\":\"1980-06-16\",\"gender\":\"masculino\",\"award\":[\"V\u00e1rios pr\u00eamios de melhor portal da cidade\"],\"jobTitle\":\"Diretor\",\"url\":\"https:\\\/\\\/ubirataonline.com.br\\\/en\\\/author\\\/ubirataonline\\\/\"},{\"@type\":\"PostalAddress\",\"@id\":\"https:\\\/\\\/ubirataonline.com.br\\\/itau-cvm-abre-processo-contra-ex-diretor-08-09-2025-mercado\\\/#local-main-place-address\",\"streetAddress\":\"Rua dos Coqueiros, 104 - Bairro Boa Vista, Rua dos Coqueiros, 104 Bairro Boa Vista\",\"addressLocality\":\"UBIRATA\",\"postalCode\":\"85440-000\",\"addressRegion\":\"PR\",\"addressCountry\":\"BR\"},{\"@type\":\"ImageObject\",\"inLanguage\":\"en-US\",\"@id\":\"https:\\\/\\\/ubirataonline.com.br\\\/itau-cvm-abre-processo-contra-ex-diretor-08-09-2025-mercado\\\/#local-main-organization-logo\",\"url\":\"https:\\\/\\\/ubirataonline.com.br\\\/wp-content\\\/uploads\\\/2026\\\/06\\\/logoubirataonline-1.webp\",\"contentUrl\":\"https:\\\/\\\/ubirataonline.com.br\\\/wp-content\\\/uploads\\\/2026\\\/06\\\/logoubirataonline-1.webp\",\"width\":500,\"height\":500,\"caption\":\"Ubirat\u00e3 Online Not\u00edcias\"}]}<\/script>\n<meta name=\"geo.placename\" content=\"UBIRATA\" \/>\n<meta name=\"geo.position\" content=\"-24.5361401;-52.9921776\" \/>\n<meta name=\"geo.region\" content=\"Brazil\" \/>\n<!-- \/ Yoast SEO Premium plugin. -->","yoast_head_json":{"title":"Ita\u00fa: CVM abre processo contra ex-diretor - 08\/09\/2025 - Mercado - Ubirat\u00e3 Online Not\u00edcias - A realidade ao seu alcance!","description":"A CVM (Comiss\u00e3o de Valores Mobili\u00e1rios) abriu um processo para apurar a responsabilidade do ex-diretor financeiro do Ita\u00fa Alexsandro Broedel na","robots":{"index":"index","follow":"follow","max-snippet":"max-snippet:-1","max-image-preview":"max-image-preview:large","max-video-preview":"max-video-preview:-1"},"canonical":"https:\/\/ubirataonline.com.br\/en\/itau-cvm-abre-processo-contra-ex-diretor-08-09-2025-mercado\/","og_locale":"en_US","og_type":"article","og_title":"Ita\u00fa: CVM abre processo contra ex-diretor - 08\/09\/2025 - Mercado","og_description":"A CVM (Comiss\u00e3o de Valores Mobili\u00e1rios) abriu um processo para apurar a responsabilidade do ex-diretor financeiro do Ita\u00fa Alexsandro Broedel na","og_url":"https:\/\/ubirataonline.com.br\/en\/itau-cvm-abre-processo-contra-ex-diretor-08-09-2025-mercado\/","og_site_name":"Ubirat\u00e3 Online Not\u00edcias - A realidade ao seu alcance!","article_publisher":"https:\/\/www.facebook.com\/portalubirataonline","article_author":"https:\/\/www.facebook.com\/portalubirataonline","article_published_time":"2025-09-11T12:15:24+00:00","og_image":[{"width":1531,"height":418,"url":"https:\/\/ubirataonline.com.br\/wp-content\/uploads\/2026\/05\/logo2026.webp","type":"image\/webp"}],"author":"REDA\u00c7\u00c3O: UBIRAT\u00c3 ONLINE - F\u00c1BIO AUGUSTO CELESTINO","twitter_card":"summary_large_image","twitter_creator":"@x.com\/ubirataonline","twitter_site":"@ubirataonline","twitter_misc":{"Written by":"REDA\u00c7\u00c3O: UBIRAT\u00c3 ONLINE - F\u00c1BIO AUGUSTO CELESTINO","Est. reading time":"3 minutes"},"schema":{"@context":"https:\/\/schema.org","@graph":[{"@type":"NewsArticle","@id":"https:\/\/ubirataonline.com.br\/itau-cvm-abre-processo-contra-ex-diretor-08-09-2025-mercado\/#article","isPartOf":{"@id":"https:\/\/ubirataonline.com.br\/itau-cvm-abre-processo-contra-ex-diretor-08-09-2025-mercado\/"},"author":{"name":"REDA\u00c7\u00c3O: UBIRAT\u00c3 ONLINE - F\u00c1BIO AUGUSTO CELESTINO","@id":"https:\/\/ubirataonline.com.br\/#\/schema\/person\/372f87bbd3fdd79b8556b84c98d0bc1c"},"headline":"Ita\u00fa: CVM abre processo contra ex-diretor &#8211; 08\/09\/2025 &#8211; Mercado","datePublished":"2025-09-11T12:15:24+00:00","mainEntityOfPage":{"@id":"https:\/\/ubirataonline.com.br\/itau-cvm-abre-processo-contra-ex-diretor-08-09-2025-mercado\/"},"wordCount":611,"publisher":{"@id":"https:\/\/ubirataonline.com.br\/#organization"},"image":{"@id":"https:\/\/ubirataonline.com.br\/itau-cvm-abre-processo-contra-ex-diretor-08-09-2025-mercado\/#primaryimage"},"thumbnailUrl":"https:\/\/ubirataonline.com.br\/wp-content\/uploads\/2025\/09\/17335851686754691014161_1733585168_3x2_rt.jpg","articleSection":["Brasil"],"inLanguage":"en-US","copyrightYear":"2025","copyrightHolder":{"@id":"https:\/\/ubirataonline.com.br\/en\/#organization"}},{"@type":"WebPage","@id":"https:\/\/ubirataonline.com.br\/itau-cvm-abre-processo-contra-ex-diretor-08-09-2025-mercado\/","url":"https:\/\/ubirataonline.com.br\/itau-cvm-abre-processo-contra-ex-diretor-08-09-2025-mercado\/","name":"Ita\u00fa: CVM abre processo contra ex-diretor - 08\/09\/2025 - Mercado - Ubirat\u00e3 Online Not\u00edcias - A realidade ao seu alcance!","isPartOf":{"@id":"https:\/\/ubirataonline.com.br\/#website"},"primaryImageOfPage":{"@id":"https:\/\/ubirataonline.com.br\/itau-cvm-abre-processo-contra-ex-diretor-08-09-2025-mercado\/#primaryimage"},"image":{"@id":"https:\/\/ubirataonline.com.br\/itau-cvm-abre-processo-contra-ex-diretor-08-09-2025-mercado\/#primaryimage"},"thumbnailUrl":"https:\/\/ubirataonline.com.br\/wp-content\/uploads\/2025\/09\/17335851686754691014161_1733585168_3x2_rt.jpg","datePublished":"2025-09-11T12:15:24+00:00","description":"A CVM (Comiss\u00e3o de Valores Mobili\u00e1rios) abriu um processo para apurar a responsabilidade do ex-diretor financeiro do Ita\u00fa Alexsandro Broedel na","breadcrumb":{"@id":"https:\/\/ubirataonline.com.br\/itau-cvm-abre-processo-contra-ex-diretor-08-09-2025-mercado\/#breadcrumb"},"inLanguage":"en-US","potentialAction":[{"@type":"ReadAction","target":["https:\/\/ubirataonline.com.br\/itau-cvm-abre-processo-contra-ex-diretor-08-09-2025-mercado\/"]}]},{"@type":"ImageObject","inLanguage":"en-US","@id":"https:\/\/ubirataonline.com.br\/itau-cvm-abre-processo-contra-ex-diretor-08-09-2025-mercado\/#primaryimage","url":"https:\/\/ubirataonline.com.br\/wp-content\/uploads\/2025\/09\/17335851686754691014161_1733585168_3x2_rt.jpg","contentUrl":"https:\/\/ubirataonline.com.br\/wp-content\/uploads\/2025\/09\/17335851686754691014161_1733585168_3x2_rt.jpg","width":2400,"height":1601},{"@type":"BreadcrumbList","@id":"https:\/\/ubirataonline.com.br\/itau-cvm-abre-processo-contra-ex-diretor-08-09-2025-mercado\/#breadcrumb","itemListElement":[{"@type":"ListItem","position":1,"name":"In\u00edcio","item":"https:\/\/ubirataonline.com.br\/"},{"@type":"ListItem","position":2,"name":"Ita\u00fa: CVM abre processo contra ex-diretor &#8211; 08\/09\/2025 &#8211; Mercado"}]},{"@type":"WebSite","@id":"https:\/\/ubirataonline.com.br\/#website","url":"https:\/\/ubirataonline.com.br\/","name":"Ubirat\u00e3 Online Not\u00edcias","description":"Not\u00edcias de Ubirat\u00e3, regi\u00e3o, Brasil e mundo, com informa\u00e7\u00e3o atualizada e compromisso com o leitor.","publisher":{"@id":"https:\/\/ubirataonline.com.br\/#organization"},"alternateName":"Ubirat\u00e3 Online","potentialAction":[{"@type":"SearchAction","target":{"@type":"EntryPoint","urlTemplate":"https:\/\/ubirataonline.com.br\/?s={search_term_string}"},"query-input":{"@type":"PropertyValueSpecification","valueRequired":true,"valueName":"search_term_string"}}],"inLanguage":"en-US"},{"@type":["Organization","Place"],"@id":"https:\/\/ubirataonline.com.br\/#organization","name":"Ubirat\u00e3 Online Not\u00edcias","alternateName":"Ubirat\u00e3 Online","url":"https:\/\/ubirataonline.com.br\/","logo":{"@id":"https:\/\/ubirataonline.com.br\/itau-cvm-abre-processo-contra-ex-diretor-08-09-2025-mercado\/#local-main-organization-logo"},"image":{"@id":"https:\/\/ubirataonline.com.br\/itau-cvm-abre-processo-contra-ex-diretor-08-09-2025-mercado\/#local-main-organization-logo"},"sameAs":["https:\/\/www.facebook.com\/portalubirataonline","https:\/\/x.com\/ubirataonline","https:\/\/mastodon.social\/@ubirataonline","https:\/\/www.facebook.com\/groups\/311144672285604","https:\/\/www.facebook.com\/UBTAOnline","https:\/\/www.instagram.com\/portalubirataonline\/","https:\/\/twitter.com\/ubirataonline"],"description":"Somos um portal de not\u00edcias independente, criado em 5 de janeiro de 2009, com o objetivo de informar, conectar e valorizar a nossa comunidade de Ubirat\u00e3 e toda aregi\u00e3o. Com conte\u00fado atualizado, confi\u00e1vel e relevante, o Ubirat\u00e3 Online \u00e9 o seu espa\u00e7o para ficar por dentro dos principais acontecimentos locais, regionais, Brasil, Mundo e de interesse geral. Nosso compromisso \u00e9 com a verdade, a transpar\u00eancia e o respeito ao leitor.","legalName":"UBIRATA ONLINE NOT\u00cdCIAS","foundingDate":"2009-01-05","numberOfEmployees":{"@type":"QuantitativeValue","minValue":"1","maxValue":"10"},"publishingPrinciples":"https:\/\/ubirataonline.com.br\/faq\/","address":{"@id":"https:\/\/ubirataonline.com.br\/itau-cvm-abre-processo-contra-ex-diretor-08-09-2025-mercado\/#local-main-place-address"},"geo":{"@type":"GeoCoordinates","latitude":"-24.5361401","longitude":"-52.9921776"},"telephone":["+5544998308235"],"contactPoint":{"@type":"ContactPoint","email":"contato@ubirataonline.com.br"},"openingHoursSpecification":{"@type":"OpeningHoursSpecification","dayOfWeek":["Monday","Tuesday","Wednesday","Thursday","Friday","Saturday","Sunday"],"opens":"00:00","closes":"23:59"},"email":"contato@ubirataonline.com.br","vatID":"47.621.418\/0001-80"},{"@type":"Person","@id":"https:\/\/ubirataonline.com.br\/#\/schema\/person\/372f87bbd3fdd79b8556b84c98d0bc1c","name":"REDA\u00c7\u00c3O: UBIRAT\u00c3 ONLINE - F\u00c1BIO AUGUSTO CELESTINO","pronouns":"Ele","description":"Desde 2003 trabalhando com not\u00edcias.","sameAs":["http:\/\/ubirataoline.com.br","https:\/\/www.facebook.com\/portalubirataonline","https:\/\/www.instagram.com\/ubirataonline_oficial","https:\/\/x.com\/x.com\/ubirataonline"],"honorificPrefix":"Mr.","honorificSuffix":"MD","birthDate":"1980-06-16","gender":"masculino","award":["V\u00e1rios pr\u00eamios de melhor portal da cidade"],"jobTitle":"Diretor","url":"https:\/\/ubirataonline.com.br\/en\/author\/ubirataonline\/"},{"@type":"PostalAddress","@id":"https:\/\/ubirataonline.com.br\/itau-cvm-abre-processo-contra-ex-diretor-08-09-2025-mercado\/#local-main-place-address","streetAddress":"Rua dos Coqueiros, 104 - Bairro Boa Vista, Rua dos Coqueiros, 104 Bairro Boa Vista","addressLocality":"UBIRATA","postalCode":"85440-000","addressRegion":"PR","addressCountry":"BR"},{"@type":"ImageObject","inLanguage":"en-US","@id":"https:\/\/ubirataonline.com.br\/itau-cvm-abre-processo-contra-ex-diretor-08-09-2025-mercado\/#local-main-organization-logo","url":"https:\/\/ubirataonline.com.br\/wp-content\/uploads\/2026\/06\/logoubirataonline-1.webp","contentUrl":"https:\/\/ubirataonline.com.br\/wp-content\/uploads\/2026\/06\/logoubirataonline-1.webp","width":500,"height":500,"caption":"Ubirat\u00e3 Online Not\u00edcias"}]},"geo.placename":"UBIRATA","geo.position":{"lat":"-24.5361401","long":"-52.9921776"},"geo.region":"Brazil"},"_links":{"self":[{"href":"https:\/\/ubirataonline.com.br\/en\/wp-json\/wp\/v2\/posts\/67968","targetHints":{"allow":["GET"]}}],"collection":[{"href":"https:\/\/ubirataonline.com.br\/en\/wp-json\/wp\/v2\/posts"}],"about":[{"href":"https:\/\/ubirataonline.com.br\/en\/wp-json\/wp\/v2\/types\/post"}],"author":[{"embeddable":true,"href":"https:\/\/ubirataonline.com.br\/en\/wp-json\/wp\/v2\/users\/1"}],"replies":[{"embeddable":true,"href":"https:\/\/ubirataonline.com.br\/en\/wp-json\/wp\/v2\/comments?post=67968"}],"version-history":[{"count":0,"href":"https:\/\/ubirataonline.com.br\/en\/wp-json\/wp\/v2\/posts\/67968\/revisions"}],"wp:featuredmedia":[{"embeddable":true,"href":"https:\/\/ubirataonline.com.br\/en\/wp-json\/wp\/v2\/media\/67969"}],"wp:attachment":[{"href":"https:\/\/ubirataonline.com.br\/en\/wp-json\/wp\/v2\/media?parent=67968"}],"wp:term":[{"taxonomy":"category","embeddable":true,"href":"https:\/\/ubirataonline.com.br\/en\/wp-json\/wp\/v2\/categories?post=67968"},{"taxonomy":"post_tag","embeddable":true,"href":"https:\/\/ubirataonline.com.br\/en\/wp-json\/wp\/v2\/tags?post=67968"}],"curies":[{"name":"wp","href":"https:\/\/api.w.org\/{rel}","templated":true}]}}