{"id":67979,"date":"2025-09-11T11:12:20","date_gmt":"2025-09-11T14:12:20","guid":{"rendered":"https:\/\/ubirataonline.com.br\/promotorias-de-justica-de-laranjeiras-do-sul-realizarao-nos-dias-23-e-25-de-setembro-atendimentos-descentralizados-em-porto-barreiro-e-marquinho\/"},"modified":"2025-09-11T11:12:20","modified_gmt":"2025-09-11T14:12:20","slug":"promotorias-de-justica-de-laranjeiras-do-sul-realizarao-nos-dias-23-e-25-de-setembro-atendimentos-descentralizados-em-porto-barreiro-e-marquinho","status":"publish","type":"post","link":"https:\/\/ubirataonline.com.br\/en\/promotorias-de-justica-de-laranjeiras-do-sul-realizarao-nos-dias-23-e-25-de-setembro-atendimentos-descentralizados-em-porto-barreiro-e-marquinho\/","title":{"rendered":"Promotorias de Justi\u00e7a de Laranjeiras do Sul realizar\u00e3o, nos dias 23 e 25 de setembro, atendimentos descentralizados em Porto Barreiro e Marquinho"},"content":{"rendered":"<p><\/p>\n<div>\n<p>O Minist\u00e9rio P\u00fablico do Paran\u00e1, por meio das Promotorias de Justi\u00e7a de Laranjeiras do Sul, no Centro-Sul do estado, realizar\u00e1 atendimento descentralizado nos munic\u00edpios de Porto Barreiro e Marquinho. As a\u00e7\u00f5es ocorrer\u00e3o, respectivamente, nos dias 23 e 25 de setembro, quando as equipes da 1\u00aa e da 2\u00aa Promotorias de Justi\u00e7a estar\u00e3o \u00e0 disposi\u00e7\u00e3o para atender \u00e0s demandas dos moradores das 13 \u00e0s 17 horas.<\/p>\n<p class=\"text-align-center\"><a href=\"https:\/\/apps.mppr.mp.br\/audios\/play\/65d1bafde1fa6af167ca82e93117ae70\">\u00c1udio do Promotor de Justi\u00e7a Carlos Roberto Pereira Bitencourt\u00a0<\/a><\/p>\n<p>Em Porto Barreiro o atendimento ser\u00e1 na sala da assist\u00eancia social, localizada na Prefeitura Municipal de Porto Barreiro (Rua das Cam\u00e9lias, 900. Centro) e em Marquinho no Centro de Refer\u00eancia de Assist\u00eancia Social (Rua Germano Esteche, s\/n. Centro).<\/p>\n<p>Durante os atendimentos, ser\u00e3o prestadas orienta\u00e7\u00f5es jur\u00eddicas e recebidas demandas da comunidade sobre temas relacionados \u00e0 atua\u00e7\u00e3o do Minist\u00e9rio P\u00fablico, como quest\u00f5es ligadas a servi\u00e7os p\u00fablicos de sa\u00fade e de educa\u00e7\u00e3o, problemas com saneamento b\u00e1sico, direito de fam\u00edlia, inf\u00e2ncia e juventude, idoso, viol\u00eancia dom\u00e9stica e demandas na \u00e1rea criminal, entre outras.<\/p>\n<p>Nos casos em que o assunto n\u00e3o for de atribui\u00e7\u00e3o do Minist\u00e9rio P\u00fablico, os cidad\u00e3os ser\u00e3o direcionados para outros \u00f3rg\u00e3os p\u00fablicos. A recomenda\u00e7\u00e3o \u00e9 de que os interessados no servi\u00e7o levem seus documentos pessoais e, se poss\u00edvel, apresentem a documenta\u00e7\u00e3o relacionada ao caso a ser tratado.<\/p>\n<p><strong>Atendimento presencial <\/strong>\u2013 Al\u00e9m do servi\u00e7o descentralizado, as Promotorias de Justi\u00e7a de Laranjeiras do Sul mant\u00eam atendimento permanente \u00e0 popula\u00e7\u00e3o todos os dias da semana, de forma presencial, no F\u00f3rum da cidade (Rua Bar\u00e3o do Rio Branco, s\/n, Centro), das 12 \u00e0s 19 horas, e tamb\u00e9m a partir dos contatos abaixo:<\/p>\n<p><strong>1\u00aa Promotoria de Justi\u00e7a<\/strong><br \/>Telefone: (42) 3635-3923<br \/>E-mail:<a href=\"https:\/\/mppr.mp.br\/cdn-cgi\/l\/email-protection\" class=\"__cf_email__\" data-cfemail=\"cda1acbfaca3a7a8a4bfacbea9a2beb8a1e3fcbdbfa2a08da0bdbdbfe3a0bde3afbf\">[email\u00a0protected]<\/a><\/p>\n<p><strong>2\u00aa Promotoria de Justi\u00e7a<\/strong><br \/>Telefone: (42) 3635-2857<br \/>E-mail:<a href=\"https:\/\/mppr.mp.br\/cdn-cgi\/l\/email-protection\" class=\"__cf_email__\" data-cfemail=\"55393427343b3f303c273426313a2620397b6725273a3815382525277b38257b3727\">[email\u00a0protected]<\/a>.<\/p>\n<p><strong>Servi\u00e7o:<\/strong><\/p>\n<p><u><strong>Atendimentos Descentralizados da comarca de Laranjeiras do Sul<\/strong><\/u><\/p>\n<p><u><strong>Porto Barreiro<\/strong><\/u><\/p>\n<p><strong>Data<\/strong>: Ter\u00e7a-feira, 23 de setembro<br \/><strong>Hor\u00e1rio<\/strong>: das 13 \u00e0s 17 horas<br \/><strong>Local<\/strong>: Sala da Assist\u00eancia Social \u2012 Prefeitura Municipal (Rua das Cam\u00e9lias, 900, Centro)<\/p>\n<p><u><strong>Marquinho<\/strong><\/u><\/p>\n<p><strong>Data<\/strong>: Quinta-feira, 25 de setembro<br \/><strong>Hor\u00e1rio<\/strong>: das 13 \u00e0s 17 horas<br \/><strong>Local<\/strong>: Centro de Refer\u00eancia de Assist\u00eancia Social (Cras) de Marquinho (Rua Germano Esteche, s\/n, Centro)<\/p>\n<p>\u00a0<\/p>\n<p><em>Informa\u00e7\u00f5es para a imprensa<br \/>Assessoria de Comunica\u00e7\u00e3o<br \/><a href=\"https:\/\/mppr.mp.br\/cdn-cgi\/l\/email-protection\" class=\"__cf_email__\" data-cfemail=\"6a0905071f0403090b090b052a071a1a1844071a440818\">[email\u00a0protected]<\/a><br \/>(41) 3250-4249<\/em><\/p>\n<\/div>\n<p><a href=\"https:\/\/mppr.mp.br\/Noticia\/Promotorias-de-Justica-de-Laranjeiras-do-Sul-realizarao-nos-dias-23-e-25-de-setembro\">Source link <\/a><\/p>\n","protected":false},"excerpt":{"rendered":"<p>O Minist\u00e9rio P\u00fablico do Paran\u00e1, por meio das Promotorias de Justi\u00e7a de Laranjeiras do Sul, no Centro-Sul do estado, realizar\u00e1 atendimento descentralizado nos munic\u00edpios de Porto Barreiro e Marquinho. As a\u00e7\u00f5es ocorrer\u00e3o, respectivamente, nos dias 23 e 25 de setembro, quando as equipes da 1\u00aa e da 2\u00aa Promotorias de Justi\u00e7a estar\u00e3o \u00e0 disposi\u00e7\u00e3o para [&hellip;]<\/p>\n","protected":false},"author":1,"featured_media":66278,"comment_status":"","ping_status":"","sticky":false,"template":"","format":"standard","meta":{"googlesitekit_rrm_CAow2JLhCw:productID":"","_gspb_post_css":"","maa_idioma":"","maa_pais":"","footnotes":""},"categories":[1],"tags":[],"class_list":["post-67979","post","type-post","status-publish","format-standard","has-post-thumbnail","hentry","category-ubirata"],"blocksy_meta":[],"yoast_head":"<!-- This site is optimized with the Yoast SEO Premium plugin v27.6 (Yoast SEO v27.6) - https:\/\/yoast.com\/product\/yoast-seo-premium-wordpress\/ -->\n<title>Promotorias de Justi\u00e7a de Laranjeiras do Sul realizar\u00e3o, nos dias 23 e 25 de setembro, atendimentos descentralizados em Porto Barreiro e Marquinho - Ubirat\u00e3 Online Not\u00edcias - A realidade ao seu alcance!<\/title>\n<meta name=\"description\" content=\"O Minist\u00e9rio P\u00fablico do Paran\u00e1, por meio das Promotorias de Justi\u00e7a de Laranjeiras do Sul, no Centro-Sul do estado, realizar\u00e1 atendimento descentralizado\" \/>\n<meta name=\"robots\" content=\"index, follow, max-snippet:-1, max-image-preview:large, max-video-preview:-1\" \/>\n<link rel=\"canonical\" href=\"https:\/\/ubirataonline.com.br\/en\/promotorias-de-justica-de-laranjeiras-do-sul-realizarao-nos-dias-23-e-25-de-setembro-atendimentos-descentralizados-em-porto-barreiro-e-marquinho\/\" \/>\n<meta property=\"og:locale\" content=\"en_US\" \/>\n<meta property=\"og:type\" content=\"article\" \/>\n<meta property=\"og:title\" content=\"Promotorias de Justi\u00e7a de Laranjeiras do Sul realizar\u00e3o, nos dias 23 e 25 de setembro, atendimentos descentralizados em Porto Barreiro e Marquinho\" \/>\n<meta property=\"og:description\" content=\"O Minist\u00e9rio P\u00fablico do Paran\u00e1, por meio das Promotorias de Justi\u00e7a de Laranjeiras do Sul, no Centro-Sul do estado, realizar\u00e1 atendimento descentralizado\" \/>\n<meta property=\"og:url\" content=\"https:\/\/ubirataonline.com.br\/en\/promotorias-de-justica-de-laranjeiras-do-sul-realizarao-nos-dias-23-e-25-de-setembro-atendimentos-descentralizados-em-porto-barreiro-e-marquinho\/\" \/>\n<meta property=\"og:site_name\" content=\"Ubirat\u00e3 Online Not\u00edcias - A realidade ao seu alcance!\" \/>\n<meta property=\"article:publisher\" content=\"https:\/\/www.facebook.com\/portalubirataonline\" \/>\n<meta property=\"article:author\" content=\"https:\/\/www.facebook.com\/portalubirataonline\" \/>\n<meta property=\"article:published_time\" content=\"2025-09-11T14:12:20+00:00\" \/>\n<meta property=\"og:image\" content=\"https:\/\/ubirataonline.com.br\/wp-content\/uploads\/2026\/05\/logo2026.webp\" \/>\n\t<meta property=\"og:image:width\" content=\"1531\" \/>\n\t<meta property=\"og:image:height\" content=\"418\" \/>\n\t<meta property=\"og:image:type\" content=\"image\/webp\" \/>\n<meta name=\"author\" content=\"REDA\u00c7\u00c3O: UBIRAT\u00c3 ONLINE - F\u00c1BIO AUGUSTO CELESTINO\" \/>\n<meta name=\"twitter:card\" content=\"summary_large_image\" \/>\n<meta name=\"twitter:creator\" content=\"@x.com\/ubirataonline\" \/>\n<meta name=\"twitter:site\" content=\"@ubirataonline\" \/>\n<meta name=\"twitter:label1\" content=\"Written by\" \/>\n\t<meta name=\"twitter:data1\" content=\"REDA\u00c7\u00c3O: UBIRAT\u00c3 ONLINE - F\u00c1BIO AUGUSTO CELESTINO\" \/>\n\t<meta name=\"twitter:label2\" content=\"Est. reading time\" \/>\n\t<meta name=\"twitter:data2\" content=\"2 minutes\" \/>\n<script type=\"application\/ld+json\" class=\"yoast-schema-graph\">{\"@context\":\"https:\\\/\\\/schema.org\",\"@graph\":[{\"@type\":\"NewsArticle\",\"@id\":\"https:\\\/\\\/ubirataonline.com.br\\\/promotorias-de-justica-de-laranjeiras-do-sul-realizarao-nos-dias-23-e-25-de-setembro-atendimentos-descentralizados-em-porto-barreiro-e-marquinho\\\/#article\",\"isPartOf\":{\"@id\":\"https:\\\/\\\/ubirataonline.com.br\\\/promotorias-de-justica-de-laranjeiras-do-sul-realizarao-nos-dias-23-e-25-de-setembro-atendimentos-descentralizados-em-porto-barreiro-e-marquinho\\\/\"},\"author\":{\"name\":\"REDA\u00c7\u00c3O: UBIRAT\u00c3 ONLINE - F\u00c1BIO AUGUSTO CELESTINO\",\"@id\":\"https:\\\/\\\/ubirataonline.com.br\\\/#\\\/schema\\\/person\\\/372f87bbd3fdd79b8556b84c98d0bc1c\"},\"headline\":\"Promotorias de Justi\u00e7a de Laranjeiras do Sul realizar\u00e3o, nos dias 23 e 25 de setembro, atendimentos descentralizados em Porto Barreiro e Marquinho\",\"datePublished\":\"2025-09-11T14:12:20+00:00\",\"mainEntityOfPage\":{\"@id\":\"https:\\\/\\\/ubirataonline.com.br\\\/promotorias-de-justica-de-laranjeiras-do-sul-realizarao-nos-dias-23-e-25-de-setembro-atendimentos-descentralizados-em-porto-barreiro-e-marquinho\\\/\"},\"wordCount\":414,\"publisher\":{\"@id\":\"https:\\\/\\\/ubirataonline.com.br\\\/#organization\"},\"image\":{\"@id\":\"https:\\\/\\\/ubirataonline.com.br\\\/promotorias-de-justica-de-laranjeiras-do-sul-realizarao-nos-dias-23-e-25-de-setembro-atendimentos-descentralizados-em-porto-barreiro-e-marquinho\\\/#primaryimage\"},\"thumbnailUrl\":\"https:\\\/\\\/ubirataonline.com.br\\\/wp-content\\\/uploads\\\/2025\\\/08\\\/imagemsocial.png\",\"articleSection\":[\"Ubirat\u00e3\"],\"inLanguage\":\"en-US\",\"copyrightYear\":\"2025\",\"copyrightHolder\":{\"@id\":\"https:\\\/\\\/ubirataonline.com.br\\\/en\\\/#organization\"}},{\"@type\":\"WebPage\",\"@id\":\"https:\\\/\\\/ubirataonline.com.br\\\/promotorias-de-justica-de-laranjeiras-do-sul-realizarao-nos-dias-23-e-25-de-setembro-atendimentos-descentralizados-em-porto-barreiro-e-marquinho\\\/\",\"url\":\"https:\\\/\\\/ubirataonline.com.br\\\/promotorias-de-justica-de-laranjeiras-do-sul-realizarao-nos-dias-23-e-25-de-setembro-atendimentos-descentralizados-em-porto-barreiro-e-marquinho\\\/\",\"name\":\"Promotorias de Justi\u00e7a de Laranjeiras do Sul realizar\u00e3o, nos dias 23 e 25 de setembro, atendimentos descentralizados em Porto Barreiro e Marquinho - Ubirat\u00e3 Online Not\u00edcias - A realidade ao seu alcance!\",\"isPartOf\":{\"@id\":\"https:\\\/\\\/ubirataonline.com.br\\\/#website\"},\"primaryImageOfPage\":{\"@id\":\"https:\\\/\\\/ubirataonline.com.br\\\/promotorias-de-justica-de-laranjeiras-do-sul-realizarao-nos-dias-23-e-25-de-setembro-atendimentos-descentralizados-em-porto-barreiro-e-marquinho\\\/#primaryimage\"},\"image\":{\"@id\":\"https:\\\/\\\/ubirataonline.com.br\\\/promotorias-de-justica-de-laranjeiras-do-sul-realizarao-nos-dias-23-e-25-de-setembro-atendimentos-descentralizados-em-porto-barreiro-e-marquinho\\\/#primaryimage\"},\"thumbnailUrl\":\"https:\\\/\\\/ubirataonline.com.br\\\/wp-content\\\/uploads\\\/2025\\\/08\\\/imagemsocial.png\",\"datePublished\":\"2025-09-11T14:12:20+00:00\",\"description\":\"O Minist\u00e9rio P\u00fablico do Paran\u00e1, por meio das Promotorias de Justi\u00e7a de Laranjeiras do Sul, no Centro-Sul do estado, realizar\u00e1 atendimento descentralizado\",\"breadcrumb\":{\"@id\":\"https:\\\/\\\/ubirataonline.com.br\\\/promotorias-de-justica-de-laranjeiras-do-sul-realizarao-nos-dias-23-e-25-de-setembro-atendimentos-descentralizados-em-porto-barreiro-e-marquinho\\\/#breadcrumb\"},\"inLanguage\":\"en-US\",\"potentialAction\":[{\"@type\":\"ReadAction\",\"target\":[\"https:\\\/\\\/ubirataonline.com.br\\\/promotorias-de-justica-de-laranjeiras-do-sul-realizarao-nos-dias-23-e-25-de-setembro-atendimentos-descentralizados-em-porto-barreiro-e-marquinho\\\/\"]}]},{\"@type\":\"ImageObject\",\"inLanguage\":\"en-US\",\"@id\":\"https:\\\/\\\/ubirataonline.com.br\\\/promotorias-de-justica-de-laranjeiras-do-sul-realizarao-nos-dias-23-e-25-de-setembro-atendimentos-descentralizados-em-porto-barreiro-e-marquinho\\\/#primaryimage\",\"url\":\"https:\\\/\\\/ubirataonline.com.br\\\/wp-content\\\/uploads\\\/2025\\\/08\\\/imagemsocial.png\",\"contentUrl\":\"https:\\\/\\\/ubirataonline.com.br\\\/wp-content\\\/uploads\\\/2025\\\/08\\\/imagemsocial.png\",\"width\":240,\"height\":240},{\"@type\":\"BreadcrumbList\",\"@id\":\"https:\\\/\\\/ubirataonline.com.br\\\/promotorias-de-justica-de-laranjeiras-do-sul-realizarao-nos-dias-23-e-25-de-setembro-atendimentos-descentralizados-em-porto-barreiro-e-marquinho\\\/#breadcrumb\",\"itemListElement\":[{\"@type\":\"ListItem\",\"position\":1,\"name\":\"In\u00edcio\",\"item\":\"https:\\\/\\\/ubirataonline.com.br\\\/\"},{\"@type\":\"ListItem\",\"position\":2,\"name\":\"Promotorias de Justi\u00e7a de Laranjeiras do Sul realizar\u00e3o, nos dias 23 e 25 de setembro, atendimentos descentralizados em Porto Barreiro e Marquinho\"}]},{\"@type\":\"WebSite\",\"@id\":\"https:\\\/\\\/ubirataonline.com.br\\\/#website\",\"url\":\"https:\\\/\\\/ubirataonline.com.br\\\/\",\"name\":\"Ubirat\u00e3 Online Not\u00edcias\",\"description\":\"Not\u00edcias de Ubirat\u00e3, regi\u00e3o, Brasil e mundo, com informa\u00e7\u00e3o atualizada e compromisso com o leitor.\",\"publisher\":{\"@id\":\"https:\\\/\\\/ubirataonline.com.br\\\/#organization\"},\"alternateName\":\"Ubirat\u00e3 Online\",\"potentialAction\":[{\"@type\":\"SearchAction\",\"target\":{\"@type\":\"EntryPoint\",\"urlTemplate\":\"https:\\\/\\\/ubirataonline.com.br\\\/?s={search_term_string}\"},\"query-input\":{\"@type\":\"PropertyValueSpecification\",\"valueRequired\":true,\"valueName\":\"search_term_string\"}}],\"inLanguage\":\"en-US\"},{\"@type\":[\"Organization\",\"Place\"],\"@id\":\"https:\\\/\\\/ubirataonline.com.br\\\/#organization\",\"name\":\"Ubirat\u00e3 Online Not\u00edcias\",\"alternateName\":\"Ubirat\u00e3 Online\",\"url\":\"https:\\\/\\\/ubirataonline.com.br\\\/\",\"logo\":{\"@id\":\"https:\\\/\\\/ubirataonline.com.br\\\/promotorias-de-justica-de-laranjeiras-do-sul-realizarao-nos-dias-23-e-25-de-setembro-atendimentos-descentralizados-em-porto-barreiro-e-marquinho\\\/#local-main-organization-logo\"},\"image\":{\"@id\":\"https:\\\/\\\/ubirataonline.com.br\\\/promotorias-de-justica-de-laranjeiras-do-sul-realizarao-nos-dias-23-e-25-de-setembro-atendimentos-descentralizados-em-porto-barreiro-e-marquinho\\\/#local-main-organization-logo\"},\"sameAs\":[\"https:\\\/\\\/www.facebook.com\\\/portalubirataonline\",\"https:\\\/\\\/x.com\\\/ubirataonline\",\"https:\\\/\\\/mastodon.social\\\/@ubirataonline\",\"https:\\\/\\\/www.facebook.com\\\/groups\\\/311144672285604\",\"https:\\\/\\\/www.facebook.com\\\/UBTAOnline\",\"https:\\\/\\\/www.instagram.com\\\/portalubirataonline\\\/\",\"https:\\\/\\\/twitter.com\\\/ubirataonline\"],\"description\":\"Somos um portal de not\u00edcias independente, criado em 5 de janeiro de 2009, com o objetivo de informar, conectar e valorizar a nossa comunidade de Ubirat\u00e3 e toda aregi\u00e3o. Com conte\u00fado atualizado, confi\u00e1vel e relevante, o Ubirat\u00e3 Online \u00e9 o seu espa\u00e7o para ficar por dentro dos principais acontecimentos locais, regionais, Brasil, Mundo e de interesse geral. Nosso compromisso \u00e9 com a verdade, a transpar\u00eancia e o respeito ao leitor.\",\"legalName\":\"UBIRATA ONLINE NOT\u00cdCIAS\",\"foundingDate\":\"2009-01-05\",\"numberOfEmployees\":{\"@type\":\"QuantitativeValue\",\"minValue\":\"1\",\"maxValue\":\"10\"},\"publishingPrinciples\":\"https:\\\/\\\/ubirataonline.com.br\\\/faq\\\/\",\"address\":{\"@id\":\"https:\\\/\\\/ubirataonline.com.br\\\/promotorias-de-justica-de-laranjeiras-do-sul-realizarao-nos-dias-23-e-25-de-setembro-atendimentos-descentralizados-em-porto-barreiro-e-marquinho\\\/#local-main-place-address\"},\"geo\":{\"@type\":\"GeoCoordinates\",\"latitude\":\"-24.5361401\",\"longitude\":\"-52.9921776\"},\"telephone\":[\"+5544998308235\"],\"contactPoint\":{\"@type\":\"ContactPoint\",\"email\":\"contato@ubirataonline.com.br\"},\"openingHoursSpecification\":{\"@type\":\"OpeningHoursSpecification\",\"dayOfWeek\":[\"Monday\",\"Tuesday\",\"Wednesday\",\"Thursday\",\"Friday\",\"Saturday\",\"Sunday\"],\"opens\":\"00:00\",\"closes\":\"23:59\"},\"email\":\"contato@ubirataonline.com.br\",\"vatID\":\"47.621.418\\\/0001-80\"},{\"@type\":\"Person\",\"@id\":\"https:\\\/\\\/ubirataonline.com.br\\\/#\\\/schema\\\/person\\\/372f87bbd3fdd79b8556b84c98d0bc1c\",\"name\":\"REDA\u00c7\u00c3O: UBIRAT\u00c3 ONLINE - F\u00c1BIO AUGUSTO CELESTINO\",\"pronouns\":\"Ele\",\"description\":\"Desde 2003 trabalhando com not\u00edcias.\",\"sameAs\":[\"http:\\\/\\\/ubirataoline.com.br\",\"https:\\\/\\\/www.facebook.com\\\/portalubirataonline\",\"https:\\\/\\\/www.instagram.com\\\/ubirataonline_oficial\",\"https:\\\/\\\/x.com\\\/x.com\\\/ubirataonline\"],\"honorificPrefix\":\"Mr.\",\"honorificSuffix\":\"MD\",\"birthDate\":\"1980-06-16\",\"gender\":\"masculino\",\"award\":[\"V\u00e1rios pr\u00eamios de melhor portal da cidade\"],\"jobTitle\":\"Diretor\",\"url\":\"https:\\\/\\\/ubirataonline.com.br\\\/en\\\/author\\\/ubirataonline\\\/\"},{\"@type\":\"PostalAddress\",\"@id\":\"https:\\\/\\\/ubirataonline.com.br\\\/promotorias-de-justica-de-laranjeiras-do-sul-realizarao-nos-dias-23-e-25-de-setembro-atendimentos-descentralizados-em-porto-barreiro-e-marquinho\\\/#local-main-place-address\",\"streetAddress\":\"Rua dos Coqueiros, 104 - Bairro Boa Vista, Rua dos Coqueiros, 104 Bairro Boa Vista\",\"addressLocality\":\"UBIRATA\",\"postalCode\":\"85440-000\",\"addressRegion\":\"PR\",\"addressCountry\":\"BR\"},{\"@type\":\"ImageObject\",\"inLanguage\":\"en-US\",\"@id\":\"https:\\\/\\\/ubirataonline.com.br\\\/promotorias-de-justica-de-laranjeiras-do-sul-realizarao-nos-dias-23-e-25-de-setembro-atendimentos-descentralizados-em-porto-barreiro-e-marquinho\\\/#local-main-organization-logo\",\"url\":\"https:\\\/\\\/ubirataonline.com.br\\\/wp-content\\\/uploads\\\/2026\\\/06\\\/logoubirataonline-1.webp\",\"contentUrl\":\"https:\\\/\\\/ubirataonline.com.br\\\/wp-content\\\/uploads\\\/2026\\\/06\\\/logoubirataonline-1.webp\",\"width\":500,\"height\":500,\"caption\":\"Ubirat\u00e3 Online Not\u00edcias\"}]}<\/script>\n<meta name=\"geo.placename\" content=\"UBIRATA\" \/>\n<meta name=\"geo.position\" content=\"-24.5361401;-52.9921776\" \/>\n<meta name=\"geo.region\" content=\"Brazil\" \/>\n<!-- \/ Yoast SEO Premium plugin. -->","yoast_head_json":{"title":"Promotorias de Justi\u00e7a de Laranjeiras do Sul realizar\u00e3o, nos dias 23 e 25 de setembro, atendimentos descentralizados em Porto Barreiro e Marquinho - Ubirat\u00e3 Online Not\u00edcias - A realidade ao seu alcance!","description":"O Minist\u00e9rio P\u00fablico do Paran\u00e1, por meio das Promotorias de Justi\u00e7a de Laranjeiras do Sul, no Centro-Sul do estado, realizar\u00e1 atendimento descentralizado","robots":{"index":"index","follow":"follow","max-snippet":"max-snippet:-1","max-image-preview":"max-image-preview:large","max-video-preview":"max-video-preview:-1"},"canonical":"https:\/\/ubirataonline.com.br\/en\/promotorias-de-justica-de-laranjeiras-do-sul-realizarao-nos-dias-23-e-25-de-setembro-atendimentos-descentralizados-em-porto-barreiro-e-marquinho\/","og_locale":"en_US","og_type":"article","og_title":"Promotorias de Justi\u00e7a de Laranjeiras do Sul realizar\u00e3o, nos dias 23 e 25 de setembro, atendimentos descentralizados em Porto Barreiro e Marquinho","og_description":"O Minist\u00e9rio P\u00fablico do Paran\u00e1, por meio das Promotorias de Justi\u00e7a de Laranjeiras do Sul, no Centro-Sul do estado, realizar\u00e1 atendimento descentralizado","og_url":"https:\/\/ubirataonline.com.br\/en\/promotorias-de-justica-de-laranjeiras-do-sul-realizarao-nos-dias-23-e-25-de-setembro-atendimentos-descentralizados-em-porto-barreiro-e-marquinho\/","og_site_name":"Ubirat\u00e3 Online Not\u00edcias - A realidade ao seu alcance!","article_publisher":"https:\/\/www.facebook.com\/portalubirataonline","article_author":"https:\/\/www.facebook.com\/portalubirataonline","article_published_time":"2025-09-11T14:12:20+00:00","og_image":[{"width":1531,"height":418,"url":"https:\/\/ubirataonline.com.br\/wp-content\/uploads\/2026\/05\/logo2026.webp","type":"image\/webp"}],"author":"REDA\u00c7\u00c3O: UBIRAT\u00c3 ONLINE - F\u00c1BIO AUGUSTO CELESTINO","twitter_card":"summary_large_image","twitter_creator":"@x.com\/ubirataonline","twitter_site":"@ubirataonline","twitter_misc":{"Written by":"REDA\u00c7\u00c3O: UBIRAT\u00c3 ONLINE - F\u00c1BIO AUGUSTO CELESTINO","Est. reading time":"2 minutes"},"schema":{"@context":"https:\/\/schema.org","@graph":[{"@type":"NewsArticle","@id":"https:\/\/ubirataonline.com.br\/promotorias-de-justica-de-laranjeiras-do-sul-realizarao-nos-dias-23-e-25-de-setembro-atendimentos-descentralizados-em-porto-barreiro-e-marquinho\/#article","isPartOf":{"@id":"https:\/\/ubirataonline.com.br\/promotorias-de-justica-de-laranjeiras-do-sul-realizarao-nos-dias-23-e-25-de-setembro-atendimentos-descentralizados-em-porto-barreiro-e-marquinho\/"},"author":{"name":"REDA\u00c7\u00c3O: UBIRAT\u00c3 ONLINE - F\u00c1BIO AUGUSTO CELESTINO","@id":"https:\/\/ubirataonline.com.br\/#\/schema\/person\/372f87bbd3fdd79b8556b84c98d0bc1c"},"headline":"Promotorias de Justi\u00e7a de Laranjeiras do Sul realizar\u00e3o, nos dias 23 e 25 de setembro, atendimentos descentralizados em Porto Barreiro e Marquinho","datePublished":"2025-09-11T14:12:20+00:00","mainEntityOfPage":{"@id":"https:\/\/ubirataonline.com.br\/promotorias-de-justica-de-laranjeiras-do-sul-realizarao-nos-dias-23-e-25-de-setembro-atendimentos-descentralizados-em-porto-barreiro-e-marquinho\/"},"wordCount":414,"publisher":{"@id":"https:\/\/ubirataonline.com.br\/#organization"},"image":{"@id":"https:\/\/ubirataonline.com.br\/promotorias-de-justica-de-laranjeiras-do-sul-realizarao-nos-dias-23-e-25-de-setembro-atendimentos-descentralizados-em-porto-barreiro-e-marquinho\/#primaryimage"},"thumbnailUrl":"https:\/\/ubirataonline.com.br\/wp-content\/uploads\/2025\/08\/imagemsocial.png","articleSection":["Ubirat\u00e3"],"inLanguage":"en-US","copyrightYear":"2025","copyrightHolder":{"@id":"https:\/\/ubirataonline.com.br\/en\/#organization"}},{"@type":"WebPage","@id":"https:\/\/ubirataonline.com.br\/promotorias-de-justica-de-laranjeiras-do-sul-realizarao-nos-dias-23-e-25-de-setembro-atendimentos-descentralizados-em-porto-barreiro-e-marquinho\/","url":"https:\/\/ubirataonline.com.br\/promotorias-de-justica-de-laranjeiras-do-sul-realizarao-nos-dias-23-e-25-de-setembro-atendimentos-descentralizados-em-porto-barreiro-e-marquinho\/","name":"Promotorias de Justi\u00e7a de Laranjeiras do Sul realizar\u00e3o, nos dias 23 e 25 de setembro, atendimentos descentralizados em Porto Barreiro e Marquinho - Ubirat\u00e3 Online Not\u00edcias - A realidade ao seu alcance!","isPartOf":{"@id":"https:\/\/ubirataonline.com.br\/#website"},"primaryImageOfPage":{"@id":"https:\/\/ubirataonline.com.br\/promotorias-de-justica-de-laranjeiras-do-sul-realizarao-nos-dias-23-e-25-de-setembro-atendimentos-descentralizados-em-porto-barreiro-e-marquinho\/#primaryimage"},"image":{"@id":"https:\/\/ubirataonline.com.br\/promotorias-de-justica-de-laranjeiras-do-sul-realizarao-nos-dias-23-e-25-de-setembro-atendimentos-descentralizados-em-porto-barreiro-e-marquinho\/#primaryimage"},"thumbnailUrl":"https:\/\/ubirataonline.com.br\/wp-content\/uploads\/2025\/08\/imagemsocial.png","datePublished":"2025-09-11T14:12:20+00:00","description":"O Minist\u00e9rio P\u00fablico do Paran\u00e1, por meio das Promotorias de Justi\u00e7a de Laranjeiras do Sul, no Centro-Sul do estado, realizar\u00e1 atendimento descentralizado","breadcrumb":{"@id":"https:\/\/ubirataonline.com.br\/promotorias-de-justica-de-laranjeiras-do-sul-realizarao-nos-dias-23-e-25-de-setembro-atendimentos-descentralizados-em-porto-barreiro-e-marquinho\/#breadcrumb"},"inLanguage":"en-US","potentialAction":[{"@type":"ReadAction","target":["https:\/\/ubirataonline.com.br\/promotorias-de-justica-de-laranjeiras-do-sul-realizarao-nos-dias-23-e-25-de-setembro-atendimentos-descentralizados-em-porto-barreiro-e-marquinho\/"]}]},{"@type":"ImageObject","inLanguage":"en-US","@id":"https:\/\/ubirataonline.com.br\/promotorias-de-justica-de-laranjeiras-do-sul-realizarao-nos-dias-23-e-25-de-setembro-atendimentos-descentralizados-em-porto-barreiro-e-marquinho\/#primaryimage","url":"https:\/\/ubirataonline.com.br\/wp-content\/uploads\/2025\/08\/imagemsocial.png","contentUrl":"https:\/\/ubirataonline.com.br\/wp-content\/uploads\/2025\/08\/imagemsocial.png","width":240,"height":240},{"@type":"BreadcrumbList","@id":"https:\/\/ubirataonline.com.br\/promotorias-de-justica-de-laranjeiras-do-sul-realizarao-nos-dias-23-e-25-de-setembro-atendimentos-descentralizados-em-porto-barreiro-e-marquinho\/#breadcrumb","itemListElement":[{"@type":"ListItem","position":1,"name":"In\u00edcio","item":"https:\/\/ubirataonline.com.br\/"},{"@type":"ListItem","position":2,"name":"Promotorias de Justi\u00e7a de Laranjeiras do Sul realizar\u00e3o, nos dias 23 e 25 de setembro, atendimentos descentralizados em Porto Barreiro e Marquinho"}]},{"@type":"WebSite","@id":"https:\/\/ubirataonline.com.br\/#website","url":"https:\/\/ubirataonline.com.br\/","name":"Ubirat\u00e3 Online Not\u00edcias","description":"Not\u00edcias de Ubirat\u00e3, regi\u00e3o, Brasil e mundo, com informa\u00e7\u00e3o atualizada e compromisso com o leitor.","publisher":{"@id":"https:\/\/ubirataonline.com.br\/#organization"},"alternateName":"Ubirat\u00e3 Online","potentialAction":[{"@type":"SearchAction","target":{"@type":"EntryPoint","urlTemplate":"https:\/\/ubirataonline.com.br\/?s={search_term_string}"},"query-input":{"@type":"PropertyValueSpecification","valueRequired":true,"valueName":"search_term_string"}}],"inLanguage":"en-US"},{"@type":["Organization","Place"],"@id":"https:\/\/ubirataonline.com.br\/#organization","name":"Ubirat\u00e3 Online Not\u00edcias","alternateName":"Ubirat\u00e3 Online","url":"https:\/\/ubirataonline.com.br\/","logo":{"@id":"https:\/\/ubirataonline.com.br\/promotorias-de-justica-de-laranjeiras-do-sul-realizarao-nos-dias-23-e-25-de-setembro-atendimentos-descentralizados-em-porto-barreiro-e-marquinho\/#local-main-organization-logo"},"image":{"@id":"https:\/\/ubirataonline.com.br\/promotorias-de-justica-de-laranjeiras-do-sul-realizarao-nos-dias-23-e-25-de-setembro-atendimentos-descentralizados-em-porto-barreiro-e-marquinho\/#local-main-organization-logo"},"sameAs":["https:\/\/www.facebook.com\/portalubirataonline","https:\/\/x.com\/ubirataonline","https:\/\/mastodon.social\/@ubirataonline","https:\/\/www.facebook.com\/groups\/311144672285604","https:\/\/www.facebook.com\/UBTAOnline","https:\/\/www.instagram.com\/portalubirataonline\/","https:\/\/twitter.com\/ubirataonline"],"description":"Somos um portal de not\u00edcias independente, criado em 5 de janeiro de 2009, com o objetivo de informar, conectar e valorizar a nossa comunidade de Ubirat\u00e3 e toda aregi\u00e3o. Com conte\u00fado atualizado, confi\u00e1vel e relevante, o Ubirat\u00e3 Online \u00e9 o seu espa\u00e7o para ficar por dentro dos principais acontecimentos locais, regionais, Brasil, Mundo e de interesse geral. Nosso compromisso \u00e9 com a verdade, a transpar\u00eancia e o respeito ao leitor.","legalName":"UBIRATA ONLINE NOT\u00cdCIAS","foundingDate":"2009-01-05","numberOfEmployees":{"@type":"QuantitativeValue","minValue":"1","maxValue":"10"},"publishingPrinciples":"https:\/\/ubirataonline.com.br\/faq\/","address":{"@id":"https:\/\/ubirataonline.com.br\/promotorias-de-justica-de-laranjeiras-do-sul-realizarao-nos-dias-23-e-25-de-setembro-atendimentos-descentralizados-em-porto-barreiro-e-marquinho\/#local-main-place-address"},"geo":{"@type":"GeoCoordinates","latitude":"-24.5361401","longitude":"-52.9921776"},"telephone":["+5544998308235"],"contactPoint":{"@type":"ContactPoint","email":"contato@ubirataonline.com.br"},"openingHoursSpecification":{"@type":"OpeningHoursSpecification","dayOfWeek":["Monday","Tuesday","Wednesday","Thursday","Friday","Saturday","Sunday"],"opens":"00:00","closes":"23:59"},"email":"contato@ubirataonline.com.br","vatID":"47.621.418\/0001-80"},{"@type":"Person","@id":"https:\/\/ubirataonline.com.br\/#\/schema\/person\/372f87bbd3fdd79b8556b84c98d0bc1c","name":"REDA\u00c7\u00c3O: UBIRAT\u00c3 ONLINE - F\u00c1BIO AUGUSTO CELESTINO","pronouns":"Ele","description":"Desde 2003 trabalhando com not\u00edcias.","sameAs":["http:\/\/ubirataoline.com.br","https:\/\/www.facebook.com\/portalubirataonline","https:\/\/www.instagram.com\/ubirataonline_oficial","https:\/\/x.com\/x.com\/ubirataonline"],"honorificPrefix":"Mr.","honorificSuffix":"MD","birthDate":"1980-06-16","gender":"masculino","award":["V\u00e1rios pr\u00eamios de melhor portal da cidade"],"jobTitle":"Diretor","url":"https:\/\/ubirataonline.com.br\/en\/author\/ubirataonline\/"},{"@type":"PostalAddress","@id":"https:\/\/ubirataonline.com.br\/promotorias-de-justica-de-laranjeiras-do-sul-realizarao-nos-dias-23-e-25-de-setembro-atendimentos-descentralizados-em-porto-barreiro-e-marquinho\/#local-main-place-address","streetAddress":"Rua dos Coqueiros, 104 - Bairro Boa Vista, Rua dos Coqueiros, 104 Bairro Boa Vista","addressLocality":"UBIRATA","postalCode":"85440-000","addressRegion":"PR","addressCountry":"BR"},{"@type":"ImageObject","inLanguage":"en-US","@id":"https:\/\/ubirataonline.com.br\/promotorias-de-justica-de-laranjeiras-do-sul-realizarao-nos-dias-23-e-25-de-setembro-atendimentos-descentralizados-em-porto-barreiro-e-marquinho\/#local-main-organization-logo","url":"https:\/\/ubirataonline.com.br\/wp-content\/uploads\/2026\/06\/logoubirataonline-1.webp","contentUrl":"https:\/\/ubirataonline.com.br\/wp-content\/uploads\/2026\/06\/logoubirataonline-1.webp","width":500,"height":500,"caption":"Ubirat\u00e3 Online Not\u00edcias"}]},"geo.placename":"UBIRATA","geo.position":{"lat":"-24.5361401","long":"-52.9921776"},"geo.region":"Brazil"},"_links":{"self":[{"href":"https:\/\/ubirataonline.com.br\/en\/wp-json\/wp\/v2\/posts\/67979","targetHints":{"allow":["GET"]}}],"collection":[{"href":"https:\/\/ubirataonline.com.br\/en\/wp-json\/wp\/v2\/posts"}],"about":[{"href":"https:\/\/ubirataonline.com.br\/en\/wp-json\/wp\/v2\/types\/post"}],"author":[{"embeddable":true,"href":"https:\/\/ubirataonline.com.br\/en\/wp-json\/wp\/v2\/users\/1"}],"replies":[{"embeddable":true,"href":"https:\/\/ubirataonline.com.br\/en\/wp-json\/wp\/v2\/comments?post=67979"}],"version-history":[{"count":0,"href":"https:\/\/ubirataonline.com.br\/en\/wp-json\/wp\/v2\/posts\/67979\/revisions"}],"wp:featuredmedia":[{"embeddable":true,"href":"https:\/\/ubirataonline.com.br\/en\/wp-json\/wp\/v2\/media\/66278"}],"wp:attachment":[{"href":"https:\/\/ubirataonline.com.br\/en\/wp-json\/wp\/v2\/media?parent=67979"}],"wp:term":[{"taxonomy":"category","embeddable":true,"href":"https:\/\/ubirataonline.com.br\/en\/wp-json\/wp\/v2\/categories?post=67979"},{"taxonomy":"post_tag","embeddable":true,"href":"https:\/\/ubirataonline.com.br\/en\/wp-json\/wp\/v2\/tags?post=67979"}],"curies":[{"name":"wp","href":"https:\/\/api.w.org\/{rel}","templated":true}]}}