{"id":67982,"date":"2025-09-11T12:18:43","date_gmt":"2025-09-11T15:18:43","guid":{"rendered":"https:\/\/ubirataonline.com.br\/primeiras-imagens-de-a-empregada-suspense-com-sydney-sweeney-e-amanda-seyfried-sao-divulgadas-veja\/"},"modified":"2025-09-11T12:18:43","modified_gmt":"2025-09-11T15:18:43","slug":"primeiras-imagens-de-a-empregada-suspense-com-sydney-sweeney-e-amanda-seyfried-sao-divulgadas-veja","status":"publish","type":"post","link":"https:\/\/ubirataonline.com.br\/en\/primeiras-imagens-de-a-empregada-suspense-com-sydney-sweeney-e-amanda-seyfried-sao-divulgadas-veja\/","title":{"rendered":"Primeiras imagens de \u201cA Empregada\u201d, suspense com Sydney Sweeney e Amanda Seyfried, s\u00e3o divulgadas; veja"},"content":{"rendered":"<p><\/p>\n<div id=\"\">\n<p style=\"text-align: justify;\">A <strong>Lionsgate <\/strong>divulgou, via <strong><em>People<\/em><\/strong>, as primeiras imagens de \u201c<strong>A Empregada<\/strong><em>\u201d<\/em>, adapta\u00e7\u00e3o do romance de <strong>Freida McFadden<\/strong> que se tornou sucesso editorial no mundo e chegou ao Brasil em 2023. <\/p>\n<figure>\n<blockquote class=\"instagram-media\" data-instgrm-captioned=\"\" data-instgrm-permalink=\"https:\/\/www.instagram.com\/p\/DObD3umjqcM\/?utm_source=ig_embed&amp;utm_campaign=loading\" data-instgrm-version=\"14\" style=\" background:#FFF; border:0; border-radius:3px; box-shadow:0 0 1px 0 rgba(0,0,0,0.5),0 1px 10px 0 rgba(0,0,0,0.15); margin: 1px; max-width:540px; min-width:326px; padding:0; width:99.375%; width:-webkit-calc(100% - 2px); width:calc(100% - 2px);\"\/><\/figure>\n<p style=\"text-align: justify;\">O longa, estrelado por<strong> Sydney Sweeney <\/strong>e <strong>Amanda Seyfried<\/strong>, \u00e9 dirigido por <strong>Paul Feig<\/strong> e tem roteiro assinado por <strong>Rebecca Sonnenshine<\/strong>.<\/p>\n<p style=\"text-align: justify;\"><strong>Leia tamb\u00e9m: <a href=\"https:\/\/cultura.uol.com.br\/entretenimento\/noticias\/2025\/09\/10\/14718_literatura-e-psicanalise-ganham-espaco-no-entrelinhas-da-tv-cultura-nesta-sexta-12.html\">Literatura e psican\u00e1lise ganham espa\u00e7o no Entrelinhas, da TV Cultura, nesta sexta (12)<\/a><\/strong><\/p>\n<p style=\"text-align: justify;\">Na trama, Sweeney interpreta Millie, uma jovem em busca de um recome\u00e7o que aceita trabalhar como empregada dom\u00e9stica de Nina (Seyfried) e Andrew (<strong>Brandon Sklenar<\/strong>), um casal de alta classe. Com o tempo, ela descobre que os segredos da fam\u00edlia s\u00e3o mais sombrios e perigosos do que os dela pr\u00f3pria. O elenco conta ainda com <strong>Michele Morrone<\/strong>, no papel de Enzo.<\/p>\n<p style=\"text-align: justify;\">O suspense estreia em <strong>25 de dezembro<\/strong> nos<strong> Estados Unidos<\/strong>. No Brasil, a distribui\u00e7\u00e3o ser\u00e1 da <strong>Paris Filmes<\/strong>, que confirmou a chegada aos cinemas em<strong> 1\u00ba de janeiro de 2026<\/strong>.<\/p>\n<p style=\"text-align: justify;\"><strong>Leia mais: <a href=\"https:\/\/cultura.uol.com.br\/entretenimento\/noticias\/2025\/09\/10\/14717_antes-do-the-town-katy-perry-mostra-camisa-da-selecao-argentina-e-diz-os-brasileiros-vao-ficar-bravos.html\">Antes do The Town, Katy Perry mostra camisa da sele\u00e7\u00e3o argentina e diz &#8216;os brasileiros v\u00e3o ficar bravos&#8217;<\/a><\/strong><\/p>\n<\/p><\/div>\n<p><script async src=\"\/\/www.instagram.com\/embed.js\"><\/script><br \/>\n<br \/><a href=\"https:\/\/cultura.uol.com.br\/entretenimento\/noticias\/2025\/09\/10\/14719_primeiras-imagens-de-a-empregada-suspense-com-sydney-sweeney-e-amanda-seyfried-sao-divulgadas-veja.html\">Source link <\/a><\/p>","protected":false},"excerpt":{"rendered":"<p>A Lionsgate divulgou, via People, as primeiras imagens de \u201cA Empregada\u201d, adapta\u00e7\u00e3o do romance de Freida McFadden que se tornou sucesso editorial no mundo e chegou ao Brasil em 2023. O longa, estrelado por Sydney Sweeney e Amanda Seyfried, \u00e9 dirigido por Paul Feig e tem roteiro assinado por Rebecca Sonnenshine. Leia tamb\u00e9m: Literatura e [&hellip;]<\/p>\n","protected":false},"author":1,"featured_media":67983,"comment_status":"","ping_status":"","sticky":false,"template":"","format":"standard","meta":{"googlesitekit_rrm_CAow2JLhCw:productID":"","_gspb_post_css":"","maa_idioma":"","maa_pais":"","footnotes":""},"categories":[4],"tags":[],"class_list":["post-67982","post","type-post","status-publish","format-standard","has-post-thumbnail","hentry","category-brasil"],"blocksy_meta":[],"yoast_head":"<!-- This site is optimized with the Yoast SEO Premium plugin v27.6 (Yoast SEO v27.6) - https:\/\/yoast.com\/product\/yoast-seo-premium-wordpress\/ -->\n<title>Primeiras imagens de \u201cA Empregada\u201d, suspense com Sydney Sweeney e Amanda Seyfried, s\u00e3o divulgadas; veja - Ubirat\u00e3 Online Not\u00edcias - A realidade ao seu alcance!<\/title>\n<meta name=\"description\" content=\"A Lionsgate divulgou, via People, as primeiras imagens de \u201cA Empregada\u201d, adapta\u00e7\u00e3o do romance de Freida McFadden que se tornou sucesso editorial no mundo\" \/>\n<meta name=\"robots\" content=\"index, follow, max-snippet:-1, max-image-preview:large, max-video-preview:-1\" \/>\n<link rel=\"canonical\" href=\"https:\/\/ubirataonline.com.br\/en\/primeiras-imagens-de-a-empregada-suspense-com-sydney-sweeney-e-amanda-seyfried-sao-divulgadas-veja\/\" \/>\n<meta property=\"og:locale\" content=\"en_US\" \/>\n<meta property=\"og:type\" content=\"article\" \/>\n<meta property=\"og:title\" content=\"Primeiras imagens de \u201cA Empregada\u201d, suspense com Sydney Sweeney e Amanda Seyfried, s\u00e3o divulgadas; veja\" \/>\n<meta property=\"og:description\" content=\"A Lionsgate divulgou, via People, as primeiras imagens de \u201cA Empregada\u201d, adapta\u00e7\u00e3o do romance de Freida McFadden que se tornou sucesso editorial no mundo\" \/>\n<meta property=\"og:url\" content=\"https:\/\/ubirataonline.com.br\/en\/primeiras-imagens-de-a-empregada-suspense-com-sydney-sweeney-e-amanda-seyfried-sao-divulgadas-veja\/\" \/>\n<meta property=\"og:site_name\" content=\"Ubirat\u00e3 Online Not\u00edcias - A realidade ao seu alcance!\" \/>\n<meta property=\"article:publisher\" content=\"https:\/\/www.facebook.com\/portalubirataonline\" \/>\n<meta property=\"article:author\" content=\"https:\/\/www.facebook.com\/portalubirataonline\" \/>\n<meta property=\"article:published_time\" content=\"2025-09-11T15:18:43+00:00\" \/>\n<meta property=\"og:image\" content=\"https:\/\/ubirataonline.com.br\/wp-content\/uploads\/2026\/05\/logo2026.webp\" \/>\n\t<meta property=\"og:image:width\" content=\"1531\" \/>\n\t<meta property=\"og:image:height\" content=\"418\" \/>\n\t<meta property=\"og:image:type\" content=\"image\/webp\" \/>\n<meta name=\"author\" content=\"REDA\u00c7\u00c3O: UBIRAT\u00c3 ONLINE - F\u00c1BIO AUGUSTO CELESTINO\" \/>\n<meta name=\"twitter:card\" content=\"summary_large_image\" \/>\n<meta name=\"twitter:creator\" content=\"@x.com\/ubirataonline\" \/>\n<meta name=\"twitter:site\" content=\"@ubirataonline\" \/>\n<meta name=\"twitter:label1\" content=\"Written by\" \/>\n\t<meta name=\"twitter:data1\" content=\"REDA\u00c7\u00c3O: UBIRAT\u00c3 ONLINE - F\u00c1BIO AUGUSTO CELESTINO\" \/>\n\t<meta name=\"twitter:label2\" content=\"Est. reading time\" \/>\n\t<meta name=\"twitter:data2\" content=\"1 minute\" \/>\n<script type=\"application\/ld+json\" class=\"yoast-schema-graph\">{\"@context\":\"https:\\\/\\\/schema.org\",\"@graph\":[{\"@type\":\"NewsArticle\",\"@id\":\"https:\\\/\\\/ubirataonline.com.br\\\/primeiras-imagens-de-a-empregada-suspense-com-sydney-sweeney-e-amanda-seyfried-sao-divulgadas-veja\\\/#article\",\"isPartOf\":{\"@id\":\"https:\\\/\\\/ubirataonline.com.br\\\/primeiras-imagens-de-a-empregada-suspense-com-sydney-sweeney-e-amanda-seyfried-sao-divulgadas-veja\\\/\"},\"author\":{\"name\":\"REDA\u00c7\u00c3O: UBIRAT\u00c3 ONLINE - F\u00c1BIO AUGUSTO CELESTINO\",\"@id\":\"https:\\\/\\\/ubirataonline.com.br\\\/#\\\/schema\\\/person\\\/372f87bbd3fdd79b8556b84c98d0bc1c\"},\"headline\":\"Primeiras imagens de \u201cA Empregada\u201d, suspense com Sydney Sweeney e Amanda Seyfried, s\u00e3o divulgadas; veja\",\"datePublished\":\"2025-09-11T15:18:43+00:00\",\"mainEntityOfPage\":{\"@id\":\"https:\\\/\\\/ubirataonline.com.br\\\/primeiras-imagens-de-a-empregada-suspense-com-sydney-sweeney-e-amanda-seyfried-sao-divulgadas-veja\\\/\"},\"wordCount\":201,\"publisher\":{\"@id\":\"https:\\\/\\\/ubirataonline.com.br\\\/#organization\"},\"image\":{\"@id\":\"https:\\\/\\\/ubirataonline.com.br\\\/primeiras-imagens-de-a-empregada-suspense-com-sydney-sweeney-e-amanda-seyfried-sao-divulgadas-veja\\\/#primaryimage\"},\"thumbnailUrl\":\"https:\\\/\\\/ubirataonline.com.br\\\/wp-content\\\/uploads\\\/2025\\\/09\\\/20250910143522_aempregadaprimeirasimagens.jpg\",\"articleSection\":[\"Brasil\"],\"inLanguage\":\"en-US\",\"copyrightYear\":\"2025\",\"copyrightHolder\":{\"@id\":\"https:\\\/\\\/ubirataonline.com.br\\\/en\\\/#organization\"}},{\"@type\":\"WebPage\",\"@id\":\"https:\\\/\\\/ubirataonline.com.br\\\/primeiras-imagens-de-a-empregada-suspense-com-sydney-sweeney-e-amanda-seyfried-sao-divulgadas-veja\\\/\",\"url\":\"https:\\\/\\\/ubirataonline.com.br\\\/primeiras-imagens-de-a-empregada-suspense-com-sydney-sweeney-e-amanda-seyfried-sao-divulgadas-veja\\\/\",\"name\":\"Primeiras imagens de \u201cA Empregada\u201d, suspense com Sydney Sweeney e Amanda Seyfried, s\u00e3o divulgadas; veja - Ubirat\u00e3 Online Not\u00edcias - A realidade ao seu alcance!\",\"isPartOf\":{\"@id\":\"https:\\\/\\\/ubirataonline.com.br\\\/#website\"},\"primaryImageOfPage\":{\"@id\":\"https:\\\/\\\/ubirataonline.com.br\\\/primeiras-imagens-de-a-empregada-suspense-com-sydney-sweeney-e-amanda-seyfried-sao-divulgadas-veja\\\/#primaryimage\"},\"image\":{\"@id\":\"https:\\\/\\\/ubirataonline.com.br\\\/primeiras-imagens-de-a-empregada-suspense-com-sydney-sweeney-e-amanda-seyfried-sao-divulgadas-veja\\\/#primaryimage\"},\"thumbnailUrl\":\"https:\\\/\\\/ubirataonline.com.br\\\/wp-content\\\/uploads\\\/2025\\\/09\\\/20250910143522_aempregadaprimeirasimagens.jpg\",\"datePublished\":\"2025-09-11T15:18:43+00:00\",\"description\":\"A Lionsgate divulgou, via People, as primeiras imagens de \u201cA Empregada\u201d, adapta\u00e7\u00e3o do romance de Freida McFadden que se tornou sucesso editorial no mundo\",\"breadcrumb\":{\"@id\":\"https:\\\/\\\/ubirataonline.com.br\\\/primeiras-imagens-de-a-empregada-suspense-com-sydney-sweeney-e-amanda-seyfried-sao-divulgadas-veja\\\/#breadcrumb\"},\"inLanguage\":\"en-US\",\"potentialAction\":[{\"@type\":\"ReadAction\",\"target\":[\"https:\\\/\\\/ubirataonline.com.br\\\/primeiras-imagens-de-a-empregada-suspense-com-sydney-sweeney-e-amanda-seyfried-sao-divulgadas-veja\\\/\"]}]},{\"@type\":\"ImageObject\",\"inLanguage\":\"en-US\",\"@id\":\"https:\\\/\\\/ubirataonline.com.br\\\/primeiras-imagens-de-a-empregada-suspense-com-sydney-sweeney-e-amanda-seyfried-sao-divulgadas-veja\\\/#primaryimage\",\"url\":\"https:\\\/\\\/ubirataonline.com.br\\\/wp-content\\\/uploads\\\/2025\\\/09\\\/20250910143522_aempregadaprimeirasimagens.jpg\",\"contentUrl\":\"https:\\\/\\\/ubirataonline.com.br\\\/wp-content\\\/uploads\\\/2025\\\/09\\\/20250910143522_aempregadaprimeirasimagens.jpg\",\"width\":766,\"height\":514},{\"@type\":\"BreadcrumbList\",\"@id\":\"https:\\\/\\\/ubirataonline.com.br\\\/primeiras-imagens-de-a-empregada-suspense-com-sydney-sweeney-e-amanda-seyfried-sao-divulgadas-veja\\\/#breadcrumb\",\"itemListElement\":[{\"@type\":\"ListItem\",\"position\":1,\"name\":\"In\u00edcio\",\"item\":\"https:\\\/\\\/ubirataonline.com.br\\\/\"},{\"@type\":\"ListItem\",\"position\":2,\"name\":\"Primeiras imagens de \u201cA Empregada\u201d, suspense com Sydney Sweeney e Amanda Seyfried, s\u00e3o divulgadas; veja\"}]},{\"@type\":\"WebSite\",\"@id\":\"https:\\\/\\\/ubirataonline.com.br\\\/#website\",\"url\":\"https:\\\/\\\/ubirataonline.com.br\\\/\",\"name\":\"Ubirat\u00e3 Online Not\u00edcias\",\"description\":\"Not\u00edcias de Ubirat\u00e3, regi\u00e3o, Brasil e mundo, com informa\u00e7\u00e3o atualizada e compromisso com o leitor.\",\"publisher\":{\"@id\":\"https:\\\/\\\/ubirataonline.com.br\\\/#organization\"},\"alternateName\":\"Ubirat\u00e3 Online\",\"potentialAction\":[{\"@type\":\"SearchAction\",\"target\":{\"@type\":\"EntryPoint\",\"urlTemplate\":\"https:\\\/\\\/ubirataonline.com.br\\\/?s={search_term_string}\"},\"query-input\":{\"@type\":\"PropertyValueSpecification\",\"valueRequired\":true,\"valueName\":\"search_term_string\"}}],\"inLanguage\":\"en-US\"},{\"@type\":[\"Organization\",\"Place\"],\"@id\":\"https:\\\/\\\/ubirataonline.com.br\\\/#organization\",\"name\":\"Ubirat\u00e3 Online Not\u00edcias\",\"alternateName\":\"Ubirat\u00e3 Online\",\"url\":\"https:\\\/\\\/ubirataonline.com.br\\\/\",\"logo\":{\"@id\":\"https:\\\/\\\/ubirataonline.com.br\\\/primeiras-imagens-de-a-empregada-suspense-com-sydney-sweeney-e-amanda-seyfried-sao-divulgadas-veja\\\/#local-main-organization-logo\"},\"image\":{\"@id\":\"https:\\\/\\\/ubirataonline.com.br\\\/primeiras-imagens-de-a-empregada-suspense-com-sydney-sweeney-e-amanda-seyfried-sao-divulgadas-veja\\\/#local-main-organization-logo\"},\"sameAs\":[\"https:\\\/\\\/www.facebook.com\\\/portalubirataonline\",\"https:\\\/\\\/x.com\\\/ubirataonline\",\"https:\\\/\\\/mastodon.social\\\/@ubirataonline\",\"https:\\\/\\\/www.facebook.com\\\/groups\\\/311144672285604\",\"https:\\\/\\\/www.facebook.com\\\/UBTAOnline\",\"https:\\\/\\\/www.instagram.com\\\/portalubirataonline\\\/\",\"https:\\\/\\\/twitter.com\\\/ubirataonline\"],\"description\":\"Somos um portal de not\u00edcias independente, criado em 5 de janeiro de 2009, com o objetivo de informar, conectar e valorizar a nossa comunidade de Ubirat\u00e3 e toda aregi\u00e3o. Com conte\u00fado atualizado, confi\u00e1vel e relevante, o Ubirat\u00e3 Online \u00e9 o seu espa\u00e7o para ficar por dentro dos principais acontecimentos locais, regionais, Brasil, Mundo e de interesse geral. Nosso compromisso \u00e9 com a verdade, a transpar\u00eancia e o respeito ao leitor.\",\"legalName\":\"UBIRATA ONLINE NOT\u00cdCIAS\",\"foundingDate\":\"2009-01-05\",\"numberOfEmployees\":{\"@type\":\"QuantitativeValue\",\"minValue\":\"1\",\"maxValue\":\"10\"},\"publishingPrinciples\":\"https:\\\/\\\/ubirataonline.com.br\\\/faq\\\/\",\"address\":{\"@id\":\"https:\\\/\\\/ubirataonline.com.br\\\/primeiras-imagens-de-a-empregada-suspense-com-sydney-sweeney-e-amanda-seyfried-sao-divulgadas-veja\\\/#local-main-place-address\"},\"geo\":{\"@type\":\"GeoCoordinates\",\"latitude\":\"-24.5361401\",\"longitude\":\"-52.9921776\"},\"telephone\":[\"+5544998308235\"],\"contactPoint\":{\"@type\":\"ContactPoint\",\"email\":\"contato@ubirataonline.com.br\"},\"openingHoursSpecification\":{\"@type\":\"OpeningHoursSpecification\",\"dayOfWeek\":[\"Monday\",\"Tuesday\",\"Wednesday\",\"Thursday\",\"Friday\",\"Saturday\",\"Sunday\"],\"opens\":\"00:00\",\"closes\":\"23:59\"},\"email\":\"contato@ubirataonline.com.br\",\"vatID\":\"47.621.418\\\/0001-80\"},{\"@type\":\"Person\",\"@id\":\"https:\\\/\\\/ubirataonline.com.br\\\/#\\\/schema\\\/person\\\/372f87bbd3fdd79b8556b84c98d0bc1c\",\"name\":\"REDA\u00c7\u00c3O: UBIRAT\u00c3 ONLINE - F\u00c1BIO AUGUSTO CELESTINO\",\"pronouns\":\"Ele\",\"description\":\"Desde 2003 trabalhando com not\u00edcias.\",\"sameAs\":[\"http:\\\/\\\/ubirataoline.com.br\",\"https:\\\/\\\/www.facebook.com\\\/portalubirataonline\",\"https:\\\/\\\/www.instagram.com\\\/ubirataonline_oficial\",\"https:\\\/\\\/x.com\\\/x.com\\\/ubirataonline\"],\"honorificPrefix\":\"Mr.\",\"honorificSuffix\":\"MD\",\"birthDate\":\"1980-06-16\",\"gender\":\"masculino\",\"award\":[\"V\u00e1rios pr\u00eamios de melhor portal da cidade\"],\"jobTitle\":\"Diretor\",\"url\":\"https:\\\/\\\/ubirataonline.com.br\\\/en\\\/author\\\/ubirataonline\\\/\"},{\"@type\":\"PostalAddress\",\"@id\":\"https:\\\/\\\/ubirataonline.com.br\\\/primeiras-imagens-de-a-empregada-suspense-com-sydney-sweeney-e-amanda-seyfried-sao-divulgadas-veja\\\/#local-main-place-address\",\"streetAddress\":\"Rua dos Coqueiros, 104 - Bairro Boa Vista, Rua dos Coqueiros, 104 Bairro Boa Vista\",\"addressLocality\":\"UBIRATA\",\"postalCode\":\"85440-000\",\"addressRegion\":\"PR\",\"addressCountry\":\"BR\"},{\"@type\":\"ImageObject\",\"inLanguage\":\"en-US\",\"@id\":\"https:\\\/\\\/ubirataonline.com.br\\\/primeiras-imagens-de-a-empregada-suspense-com-sydney-sweeney-e-amanda-seyfried-sao-divulgadas-veja\\\/#local-main-organization-logo\",\"url\":\"https:\\\/\\\/ubirataonline.com.br\\\/wp-content\\\/uploads\\\/2026\\\/06\\\/logoubirataonline-1.webp\",\"contentUrl\":\"https:\\\/\\\/ubirataonline.com.br\\\/wp-content\\\/uploads\\\/2026\\\/06\\\/logoubirataonline-1.webp\",\"width\":500,\"height\":500,\"caption\":\"Ubirat\u00e3 Online Not\u00edcias\"}]}<\/script>\n<meta name=\"geo.placename\" content=\"UBIRATA\" \/>\n<meta name=\"geo.position\" content=\"-24.5361401;-52.9921776\" \/>\n<meta name=\"geo.region\" content=\"Brazil\" \/>\n<!-- \/ Yoast SEO Premium plugin. -->","yoast_head_json":{"title":"Primeiras imagens de \u201cA Empregada\u201d, suspense com Sydney Sweeney e Amanda Seyfried, s\u00e3o divulgadas; veja - Ubirat\u00e3 Online Not\u00edcias - A realidade ao seu alcance!","description":"A Lionsgate divulgou, via People, as primeiras imagens de \u201cA Empregada\u201d, adapta\u00e7\u00e3o do romance de Freida McFadden que se tornou sucesso editorial no mundo","robots":{"index":"index","follow":"follow","max-snippet":"max-snippet:-1","max-image-preview":"max-image-preview:large","max-video-preview":"max-video-preview:-1"},"canonical":"https:\/\/ubirataonline.com.br\/en\/primeiras-imagens-de-a-empregada-suspense-com-sydney-sweeney-e-amanda-seyfried-sao-divulgadas-veja\/","og_locale":"en_US","og_type":"article","og_title":"Primeiras imagens de \u201cA Empregada\u201d, suspense com Sydney Sweeney e Amanda Seyfried, s\u00e3o divulgadas; veja","og_description":"A Lionsgate divulgou, via People, as primeiras imagens de \u201cA Empregada\u201d, adapta\u00e7\u00e3o do romance de Freida McFadden que se tornou sucesso editorial no mundo","og_url":"https:\/\/ubirataonline.com.br\/en\/primeiras-imagens-de-a-empregada-suspense-com-sydney-sweeney-e-amanda-seyfried-sao-divulgadas-veja\/","og_site_name":"Ubirat\u00e3 Online Not\u00edcias - A realidade ao seu alcance!","article_publisher":"https:\/\/www.facebook.com\/portalubirataonline","article_author":"https:\/\/www.facebook.com\/portalubirataonline","article_published_time":"2025-09-11T15:18:43+00:00","og_image":[{"width":1531,"height":418,"url":"https:\/\/ubirataonline.com.br\/wp-content\/uploads\/2026\/05\/logo2026.webp","type":"image\/webp"}],"author":"REDA\u00c7\u00c3O: UBIRAT\u00c3 ONLINE - F\u00c1BIO AUGUSTO CELESTINO","twitter_card":"summary_large_image","twitter_creator":"@x.com\/ubirataonline","twitter_site":"@ubirataonline","twitter_misc":{"Written by":"REDA\u00c7\u00c3O: UBIRAT\u00c3 ONLINE - F\u00c1BIO AUGUSTO CELESTINO","Est. reading time":"1 minute"},"schema":{"@context":"https:\/\/schema.org","@graph":[{"@type":"NewsArticle","@id":"https:\/\/ubirataonline.com.br\/primeiras-imagens-de-a-empregada-suspense-com-sydney-sweeney-e-amanda-seyfried-sao-divulgadas-veja\/#article","isPartOf":{"@id":"https:\/\/ubirataonline.com.br\/primeiras-imagens-de-a-empregada-suspense-com-sydney-sweeney-e-amanda-seyfried-sao-divulgadas-veja\/"},"author":{"name":"REDA\u00c7\u00c3O: UBIRAT\u00c3 ONLINE - F\u00c1BIO AUGUSTO CELESTINO","@id":"https:\/\/ubirataonline.com.br\/#\/schema\/person\/372f87bbd3fdd79b8556b84c98d0bc1c"},"headline":"Primeiras imagens de \u201cA Empregada\u201d, suspense com Sydney Sweeney e Amanda Seyfried, s\u00e3o divulgadas; veja","datePublished":"2025-09-11T15:18:43+00:00","mainEntityOfPage":{"@id":"https:\/\/ubirataonline.com.br\/primeiras-imagens-de-a-empregada-suspense-com-sydney-sweeney-e-amanda-seyfried-sao-divulgadas-veja\/"},"wordCount":201,"publisher":{"@id":"https:\/\/ubirataonline.com.br\/#organization"},"image":{"@id":"https:\/\/ubirataonline.com.br\/primeiras-imagens-de-a-empregada-suspense-com-sydney-sweeney-e-amanda-seyfried-sao-divulgadas-veja\/#primaryimage"},"thumbnailUrl":"https:\/\/ubirataonline.com.br\/wp-content\/uploads\/2025\/09\/20250910143522_aempregadaprimeirasimagens.jpg","articleSection":["Brasil"],"inLanguage":"en-US","copyrightYear":"2025","copyrightHolder":{"@id":"https:\/\/ubirataonline.com.br\/en\/#organization"}},{"@type":"WebPage","@id":"https:\/\/ubirataonline.com.br\/primeiras-imagens-de-a-empregada-suspense-com-sydney-sweeney-e-amanda-seyfried-sao-divulgadas-veja\/","url":"https:\/\/ubirataonline.com.br\/primeiras-imagens-de-a-empregada-suspense-com-sydney-sweeney-e-amanda-seyfried-sao-divulgadas-veja\/","name":"Primeiras imagens de \u201cA Empregada\u201d, suspense com Sydney Sweeney e Amanda Seyfried, s\u00e3o divulgadas; veja - Ubirat\u00e3 Online Not\u00edcias - A realidade ao seu alcance!","isPartOf":{"@id":"https:\/\/ubirataonline.com.br\/#website"},"primaryImageOfPage":{"@id":"https:\/\/ubirataonline.com.br\/primeiras-imagens-de-a-empregada-suspense-com-sydney-sweeney-e-amanda-seyfried-sao-divulgadas-veja\/#primaryimage"},"image":{"@id":"https:\/\/ubirataonline.com.br\/primeiras-imagens-de-a-empregada-suspense-com-sydney-sweeney-e-amanda-seyfried-sao-divulgadas-veja\/#primaryimage"},"thumbnailUrl":"https:\/\/ubirataonline.com.br\/wp-content\/uploads\/2025\/09\/20250910143522_aempregadaprimeirasimagens.jpg","datePublished":"2025-09-11T15:18:43+00:00","description":"A Lionsgate divulgou, via People, as primeiras imagens de \u201cA Empregada\u201d, adapta\u00e7\u00e3o do romance de Freida McFadden que se tornou sucesso editorial no mundo","breadcrumb":{"@id":"https:\/\/ubirataonline.com.br\/primeiras-imagens-de-a-empregada-suspense-com-sydney-sweeney-e-amanda-seyfried-sao-divulgadas-veja\/#breadcrumb"},"inLanguage":"en-US","potentialAction":[{"@type":"ReadAction","target":["https:\/\/ubirataonline.com.br\/primeiras-imagens-de-a-empregada-suspense-com-sydney-sweeney-e-amanda-seyfried-sao-divulgadas-veja\/"]}]},{"@type":"ImageObject","inLanguage":"en-US","@id":"https:\/\/ubirataonline.com.br\/primeiras-imagens-de-a-empregada-suspense-com-sydney-sweeney-e-amanda-seyfried-sao-divulgadas-veja\/#primaryimage","url":"https:\/\/ubirataonline.com.br\/wp-content\/uploads\/2025\/09\/20250910143522_aempregadaprimeirasimagens.jpg","contentUrl":"https:\/\/ubirataonline.com.br\/wp-content\/uploads\/2025\/09\/20250910143522_aempregadaprimeirasimagens.jpg","width":766,"height":514},{"@type":"BreadcrumbList","@id":"https:\/\/ubirataonline.com.br\/primeiras-imagens-de-a-empregada-suspense-com-sydney-sweeney-e-amanda-seyfried-sao-divulgadas-veja\/#breadcrumb","itemListElement":[{"@type":"ListItem","position":1,"name":"In\u00edcio","item":"https:\/\/ubirataonline.com.br\/"},{"@type":"ListItem","position":2,"name":"Primeiras imagens de \u201cA Empregada\u201d, suspense com Sydney Sweeney e Amanda Seyfried, s\u00e3o divulgadas; veja"}]},{"@type":"WebSite","@id":"https:\/\/ubirataonline.com.br\/#website","url":"https:\/\/ubirataonline.com.br\/","name":"Ubirat\u00e3 Online Not\u00edcias","description":"Not\u00edcias de Ubirat\u00e3, regi\u00e3o, Brasil e mundo, com informa\u00e7\u00e3o atualizada e compromisso com o leitor.","publisher":{"@id":"https:\/\/ubirataonline.com.br\/#organization"},"alternateName":"Ubirat\u00e3 Online","potentialAction":[{"@type":"SearchAction","target":{"@type":"EntryPoint","urlTemplate":"https:\/\/ubirataonline.com.br\/?s={search_term_string}"},"query-input":{"@type":"PropertyValueSpecification","valueRequired":true,"valueName":"search_term_string"}}],"inLanguage":"en-US"},{"@type":["Organization","Place"],"@id":"https:\/\/ubirataonline.com.br\/#organization","name":"Ubirat\u00e3 Online Not\u00edcias","alternateName":"Ubirat\u00e3 Online","url":"https:\/\/ubirataonline.com.br\/","logo":{"@id":"https:\/\/ubirataonline.com.br\/primeiras-imagens-de-a-empregada-suspense-com-sydney-sweeney-e-amanda-seyfried-sao-divulgadas-veja\/#local-main-organization-logo"},"image":{"@id":"https:\/\/ubirataonline.com.br\/primeiras-imagens-de-a-empregada-suspense-com-sydney-sweeney-e-amanda-seyfried-sao-divulgadas-veja\/#local-main-organization-logo"},"sameAs":["https:\/\/www.facebook.com\/portalubirataonline","https:\/\/x.com\/ubirataonline","https:\/\/mastodon.social\/@ubirataonline","https:\/\/www.facebook.com\/groups\/311144672285604","https:\/\/www.facebook.com\/UBTAOnline","https:\/\/www.instagram.com\/portalubirataonline\/","https:\/\/twitter.com\/ubirataonline"],"description":"Somos um portal de not\u00edcias independente, criado em 5 de janeiro de 2009, com o objetivo de informar, conectar e valorizar a nossa comunidade de Ubirat\u00e3 e toda aregi\u00e3o. Com conte\u00fado atualizado, confi\u00e1vel e relevante, o Ubirat\u00e3 Online \u00e9 o seu espa\u00e7o para ficar por dentro dos principais acontecimentos locais, regionais, Brasil, Mundo e de interesse geral. Nosso compromisso \u00e9 com a verdade, a transpar\u00eancia e o respeito ao leitor.","legalName":"UBIRATA ONLINE NOT\u00cdCIAS","foundingDate":"2009-01-05","numberOfEmployees":{"@type":"QuantitativeValue","minValue":"1","maxValue":"10"},"publishingPrinciples":"https:\/\/ubirataonline.com.br\/faq\/","address":{"@id":"https:\/\/ubirataonline.com.br\/primeiras-imagens-de-a-empregada-suspense-com-sydney-sweeney-e-amanda-seyfried-sao-divulgadas-veja\/#local-main-place-address"},"geo":{"@type":"GeoCoordinates","latitude":"-24.5361401","longitude":"-52.9921776"},"telephone":["+5544998308235"],"contactPoint":{"@type":"ContactPoint","email":"contato@ubirataonline.com.br"},"openingHoursSpecification":{"@type":"OpeningHoursSpecification","dayOfWeek":["Monday","Tuesday","Wednesday","Thursday","Friday","Saturday","Sunday"],"opens":"00:00","closes":"23:59"},"email":"contato@ubirataonline.com.br","vatID":"47.621.418\/0001-80"},{"@type":"Person","@id":"https:\/\/ubirataonline.com.br\/#\/schema\/person\/372f87bbd3fdd79b8556b84c98d0bc1c","name":"REDA\u00c7\u00c3O: UBIRAT\u00c3 ONLINE - F\u00c1BIO AUGUSTO CELESTINO","pronouns":"Ele","description":"Desde 2003 trabalhando com not\u00edcias.","sameAs":["http:\/\/ubirataoline.com.br","https:\/\/www.facebook.com\/portalubirataonline","https:\/\/www.instagram.com\/ubirataonline_oficial","https:\/\/x.com\/x.com\/ubirataonline"],"honorificPrefix":"Mr.","honorificSuffix":"MD","birthDate":"1980-06-16","gender":"masculino","award":["V\u00e1rios pr\u00eamios de melhor portal da cidade"],"jobTitle":"Diretor","url":"https:\/\/ubirataonline.com.br\/en\/author\/ubirataonline\/"},{"@type":"PostalAddress","@id":"https:\/\/ubirataonline.com.br\/primeiras-imagens-de-a-empregada-suspense-com-sydney-sweeney-e-amanda-seyfried-sao-divulgadas-veja\/#local-main-place-address","streetAddress":"Rua dos Coqueiros, 104 - Bairro Boa Vista, Rua dos Coqueiros, 104 Bairro Boa Vista","addressLocality":"UBIRATA","postalCode":"85440-000","addressRegion":"PR","addressCountry":"BR"},{"@type":"ImageObject","inLanguage":"en-US","@id":"https:\/\/ubirataonline.com.br\/primeiras-imagens-de-a-empregada-suspense-com-sydney-sweeney-e-amanda-seyfried-sao-divulgadas-veja\/#local-main-organization-logo","url":"https:\/\/ubirataonline.com.br\/wp-content\/uploads\/2026\/06\/logoubirataonline-1.webp","contentUrl":"https:\/\/ubirataonline.com.br\/wp-content\/uploads\/2026\/06\/logoubirataonline-1.webp","width":500,"height":500,"caption":"Ubirat\u00e3 Online Not\u00edcias"}]},"geo.placename":"UBIRATA","geo.position":{"lat":"-24.5361401","long":"-52.9921776"},"geo.region":"Brazil"},"_links":{"self":[{"href":"https:\/\/ubirataonline.com.br\/en\/wp-json\/wp\/v2\/posts\/67982","targetHints":{"allow":["GET"]}}],"collection":[{"href":"https:\/\/ubirataonline.com.br\/en\/wp-json\/wp\/v2\/posts"}],"about":[{"href":"https:\/\/ubirataonline.com.br\/en\/wp-json\/wp\/v2\/types\/post"}],"author":[{"embeddable":true,"href":"https:\/\/ubirataonline.com.br\/en\/wp-json\/wp\/v2\/users\/1"}],"replies":[{"embeddable":true,"href":"https:\/\/ubirataonline.com.br\/en\/wp-json\/wp\/v2\/comments?post=67982"}],"version-history":[{"count":0,"href":"https:\/\/ubirataonline.com.br\/en\/wp-json\/wp\/v2\/posts\/67982\/revisions"}],"wp:featuredmedia":[{"embeddable":true,"href":"https:\/\/ubirataonline.com.br\/en\/wp-json\/wp\/v2\/media\/67983"}],"wp:attachment":[{"href":"https:\/\/ubirataonline.com.br\/en\/wp-json\/wp\/v2\/media?parent=67982"}],"wp:term":[{"taxonomy":"category","embeddable":true,"href":"https:\/\/ubirataonline.com.br\/en\/wp-json\/wp\/v2\/categories?post=67982"},{"taxonomy":"post_tag","embeddable":true,"href":"https:\/\/ubirataonline.com.br\/en\/wp-json\/wp\/v2\/tags?post=67982"}],"curies":[{"name":"wp","href":"https:\/\/api.w.org\/{rel}","templated":true}]}}