{"id":67992,"date":"2025-09-11T13:19:18","date_gmt":"2025-09-11T16:19:18","guid":{"rendered":"https:\/\/ubirataonline.com.br\/cientistas-soam-o-alarme-para-fenomeno-que-vai-afetar-o-planeta-terra-em-21-09\/"},"modified":"2025-09-11T13:19:18","modified_gmt":"2025-09-11T16:19:18","slug":"cientistas-soam-o-alarme-para-fenomeno-que-vai-afetar-o-planeta-terra-em-21-09","status":"publish","type":"post","link":"https:\/\/ubirataonline.com.br\/en\/cientistas-soam-o-alarme-para-fenomeno-que-vai-afetar-o-planeta-terra-em-21-09\/","title":{"rendered":"Cientistas soam o alarme para fen\u00f4meno que vai afetar o Planeta Terra em 21\/09"},"content":{"rendered":"<p><\/p>\n<div>\n<p>Prepare-se para setembro de 2025, quando um fen\u00f4meno astron\u00f4mico espetacular ocorrer\u00e1: o <strong>eclipse solar parcial.<\/strong> No domingo, dia <strong>21<\/strong>, diversas regi\u00f5es do planeta ser\u00e3o privilegiadas para observar esse alinhamento celeste.<\/p>\n<p>O evento ser\u00e1 vis\u00edvel em partes da <strong>Nova Zel\u00e2ndia<\/strong>, da costa leste da <strong>Austr\u00e1lia, <\/strong>v\u00e1rias ilhas do<strong> Pac\u00edfico <\/strong>e partes da <strong>Ant\u00e1rtida.<\/strong> Isso acontecer\u00e1 quando a Lua se posicionar entre o Sol e a Terra, bloqueando parcialmente o disco solar.<\/p>\n<p>O eclipse coincidir\u00e1 com o equin\u00f3cio de setembro, aumentando seu interesse para os observadores. Quem estiver nas \u00e1reas cobertas pelo evento ter\u00e1 uma oportunidade \u00fanica de observar os movimentos celestes. Este alinhamento n\u00e3o s\u00f3 marcar\u00e1 o equil\u00edbrio entre dia e noite, mas tamb\u00e9m proporcionar\u00e1 aos residentes da Nova Zel\u00e2ndia uma vis\u00e3o especial no nascer do sol do dia 22.<\/p>\n<h2 class=\"wp-block-heading\">Caracter\u00edsticas \u00fanicas do eclipse solar parcial<\/h2>\n<p>O eclipse de 21 de setembro de 2025 \u00e9 destacado como um dos mais not\u00e1veis da d\u00e9cada, pois em seu ponto mais extremo, <strong>cerca de 80% do Sol ser\u00e1 coberto. <\/strong>Essa magnitude refor\u00e7a a singularidade do fen\u00f4meno, que poder\u00e1 ser registrado em imagens e dados em tempo real por aplicativos e transmiss\u00f5es ao vivo.<\/p>\n<p>Embora esse evento seja principalmente vis\u00edvel no Hemisf\u00e9rio Sul, aqueles em outras regi\u00f5es podem acompanh\u00e1-lo atrav\u00e9s de plataformas online dedicadas \u00e0 astronomia. Aplicativos especializados oferecer\u00e3o imagens de alta qualidade e informa\u00e7\u00f5es precisas sobre o eclipse.<\/p>\n<h2 class=\"wp-block-heading\">Seguran\u00e7a na observa\u00e7\u00e3o do eclipse<\/h2>\n<p>Observar o eclipse requer precau\u00e7\u00f5es. \u00c9 essencial <strong>evitar olhar diretamente para o Sol <\/strong>sem a prote\u00e7\u00e3o adequada. \u00d3culos de eclipse certificados s\u00e3o indispens\u00e1veis para aqueles que estar\u00e3o nas \u00e1reas de visibilidade. M\u00e9todos alternativos, como projetores pinhole, permitem uma visualiza\u00e7\u00e3o indireta segura.<\/p>\n<p>Al\u00e9m disso, transmiss\u00f5es ao vivo oferecem uma alternativa vi\u00e1vel para quem n\u00e3o possui equipamento espec\u00edfico ou est\u00e1 fora da \u00e1rea de visibilidade direta, permitindo uma experi\u00eancia segura e educativa.<\/p>\n<\/p><\/div>\n<p><a href=\"https:\/\/www.tnh1.com.br\/variedades\/cientistas-soam-o-alarme-para-fenomeno-que-vai-afetar-o-planeta-terra-em-21-09\/\">Source link <\/a><\/p>","protected":false},"excerpt":{"rendered":"<p>Prepare-se para setembro de 2025, quando um fen\u00f4meno astron\u00f4mico espetacular ocorrer\u00e1: o eclipse solar parcial. No domingo, dia 21, diversas regi\u00f5es do planeta ser\u00e3o privilegiadas para observar esse alinhamento celeste. O evento ser\u00e1 vis\u00edvel em partes da Nova Zel\u00e2ndia, da costa leste da Austr\u00e1lia, v\u00e1rias ilhas do Pac\u00edfico e partes da Ant\u00e1rtida. Isso acontecer\u00e1 quando [&hellip;]<\/p>\n","protected":false},"author":1,"featured_media":67212,"comment_status":"","ping_status":"","sticky":false,"template":"","format":"standard","meta":{"googlesitekit_rrm_CAow2JLhCw:productID":"","_gspb_post_css":"","maa_idioma":"","maa_pais":"","footnotes":""},"categories":[4],"tags":[],"class_list":["post-67992","post","type-post","status-publish","format-standard","has-post-thumbnail","hentry","category-brasil"],"blocksy_meta":[],"yoast_head":"<!-- This site is optimized with the Yoast SEO Premium plugin v27.6 (Yoast SEO v27.6) - https:\/\/yoast.com\/product\/yoast-seo-premium-wordpress\/ -->\n<title>Cientistas soam o alarme para fen\u00f4meno que vai afetar o Planeta Terra em 21\/09 - Ubirat\u00e3 Online Not\u00edcias - A realidade ao seu alcance!<\/title>\n<meta name=\"description\" content=\"Prepare-se para setembro de 2025, quando um fen\u00f4meno astron\u00f4mico espetacular ocorrer\u00e1: o eclipse solar parcial. No domingo, dia 21, diversas regi\u00f5es do\" \/>\n<meta name=\"robots\" content=\"index, follow, max-snippet:-1, max-image-preview:large, max-video-preview:-1\" \/>\n<link rel=\"canonical\" href=\"https:\/\/ubirataonline.com.br\/en\/cientistas-soam-o-alarme-para-fenomeno-que-vai-afetar-o-planeta-terra-em-21-09\/\" \/>\n<meta property=\"og:locale\" content=\"en_US\" \/>\n<meta property=\"og:type\" content=\"article\" \/>\n<meta property=\"og:title\" content=\"Cientistas soam o alarme para fen\u00f4meno que vai afetar o Planeta Terra em 21\/09\" \/>\n<meta property=\"og:description\" content=\"Prepare-se para setembro de 2025, quando um fen\u00f4meno astron\u00f4mico espetacular ocorrer\u00e1: o eclipse solar parcial. No domingo, dia 21, diversas regi\u00f5es do\" \/>\n<meta property=\"og:url\" content=\"https:\/\/ubirataonline.com.br\/en\/cientistas-soam-o-alarme-para-fenomeno-que-vai-afetar-o-planeta-terra-em-21-09\/\" \/>\n<meta property=\"og:site_name\" content=\"Ubirat\u00e3 Online Not\u00edcias - A realidade ao seu alcance!\" \/>\n<meta property=\"article:publisher\" content=\"https:\/\/www.facebook.com\/portalubirataonline\" \/>\n<meta property=\"article:author\" content=\"https:\/\/www.facebook.com\/portalubirataonline\" \/>\n<meta property=\"article:published_time\" content=\"2025-09-11T16:19:18+00:00\" \/>\n<meta property=\"og:image\" content=\"https:\/\/ubirataonline.com.br\/wp-content\/uploads\/2026\/05\/logo2026.webp\" \/>\n\t<meta property=\"og:image:width\" content=\"1531\" \/>\n\t<meta property=\"og:image:height\" content=\"418\" \/>\n\t<meta property=\"og:image:type\" content=\"image\/webp\" \/>\n<meta name=\"author\" content=\"REDA\u00c7\u00c3O: UBIRAT\u00c3 ONLINE - F\u00c1BIO AUGUSTO CELESTINO\" \/>\n<meta name=\"twitter:card\" content=\"summary_large_image\" \/>\n<meta name=\"twitter:creator\" content=\"@x.com\/ubirataonline\" \/>\n<meta name=\"twitter:site\" content=\"@ubirataonline\" \/>\n<meta name=\"twitter:label1\" content=\"Written by\" \/>\n\t<meta name=\"twitter:data1\" content=\"REDA\u00c7\u00c3O: UBIRAT\u00c3 ONLINE - F\u00c1BIO AUGUSTO CELESTINO\" \/>\n\t<meta name=\"twitter:label2\" content=\"Est. reading time\" \/>\n\t<meta name=\"twitter:data2\" content=\"2 minutes\" \/>\n<script type=\"application\/ld+json\" class=\"yoast-schema-graph\">{\"@context\":\"https:\\\/\\\/schema.org\",\"@graph\":[{\"@type\":\"NewsArticle\",\"@id\":\"https:\\\/\\\/ubirataonline.com.br\\\/cientistas-soam-o-alarme-para-fenomeno-que-vai-afetar-o-planeta-terra-em-21-09\\\/#article\",\"isPartOf\":{\"@id\":\"https:\\\/\\\/ubirataonline.com.br\\\/cientistas-soam-o-alarme-para-fenomeno-que-vai-afetar-o-planeta-terra-em-21-09\\\/\"},\"author\":{\"name\":\"REDA\u00c7\u00c3O: UBIRAT\u00c3 ONLINE - F\u00c1BIO AUGUSTO CELESTINO\",\"@id\":\"https:\\\/\\\/ubirataonline.com.br\\\/#\\\/schema\\\/person\\\/372f87bbd3fdd79b8556b84c98d0bc1c\"},\"headline\":\"Cientistas soam o alarme para fen\u00f4meno que vai afetar o Planeta Terra em 21\\\/09\",\"datePublished\":\"2025-09-11T16:19:18+00:00\",\"mainEntityOfPage\":{\"@id\":\"https:\\\/\\\/ubirataonline.com.br\\\/cientistas-soam-o-alarme-para-fenomeno-que-vai-afetar-o-planeta-terra-em-21-09\\\/\"},\"wordCount\":350,\"publisher\":{\"@id\":\"https:\\\/\\\/ubirataonline.com.br\\\/#organization\"},\"image\":{\"@id\":\"https:\\\/\\\/ubirataonline.com.br\\\/cientistas-soam-o-alarme-para-fenomeno-que-vai-afetar-o-planeta-terra-em-21-09\\\/#primaryimage\"},\"thumbnailUrl\":\"https:\\\/\\\/ubirataonline.com.br\\\/wp-content\\\/uploads\\\/2025\\\/09\\\/earth-11014_1280.jpg\",\"articleSection\":[\"Brasil\"],\"inLanguage\":\"en-US\",\"copyrightYear\":\"2025\",\"copyrightHolder\":{\"@id\":\"https:\\\/\\\/ubirataonline.com.br\\\/en\\\/#organization\"}},{\"@type\":\"WebPage\",\"@id\":\"https:\\\/\\\/ubirataonline.com.br\\\/cientistas-soam-o-alarme-para-fenomeno-que-vai-afetar-o-planeta-terra-em-21-09\\\/\",\"url\":\"https:\\\/\\\/ubirataonline.com.br\\\/cientistas-soam-o-alarme-para-fenomeno-que-vai-afetar-o-planeta-terra-em-21-09\\\/\",\"name\":\"Cientistas soam o alarme para fen\u00f4meno que vai afetar o Planeta Terra em 21\\\/09 - Ubirat\u00e3 Online Not\u00edcias - A realidade ao seu alcance!\",\"isPartOf\":{\"@id\":\"https:\\\/\\\/ubirataonline.com.br\\\/#website\"},\"primaryImageOfPage\":{\"@id\":\"https:\\\/\\\/ubirataonline.com.br\\\/cientistas-soam-o-alarme-para-fenomeno-que-vai-afetar-o-planeta-terra-em-21-09\\\/#primaryimage\"},\"image\":{\"@id\":\"https:\\\/\\\/ubirataonline.com.br\\\/cientistas-soam-o-alarme-para-fenomeno-que-vai-afetar-o-planeta-terra-em-21-09\\\/#primaryimage\"},\"thumbnailUrl\":\"https:\\\/\\\/ubirataonline.com.br\\\/wp-content\\\/uploads\\\/2025\\\/09\\\/earth-11014_1280.jpg\",\"datePublished\":\"2025-09-11T16:19:18+00:00\",\"description\":\"Prepare-se para setembro de 2025, quando um fen\u00f4meno astron\u00f4mico espetacular ocorrer\u00e1: o eclipse solar parcial. No domingo, dia 21, diversas regi\u00f5es do\",\"breadcrumb\":{\"@id\":\"https:\\\/\\\/ubirataonline.com.br\\\/cientistas-soam-o-alarme-para-fenomeno-que-vai-afetar-o-planeta-terra-em-21-09\\\/#breadcrumb\"},\"inLanguage\":\"en-US\",\"potentialAction\":[{\"@type\":\"ReadAction\",\"target\":[\"https:\\\/\\\/ubirataonline.com.br\\\/cientistas-soam-o-alarme-para-fenomeno-que-vai-afetar-o-planeta-terra-em-21-09\\\/\"]}]},{\"@type\":\"ImageObject\",\"inLanguage\":\"en-US\",\"@id\":\"https:\\\/\\\/ubirataonline.com.br\\\/cientistas-soam-o-alarme-para-fenomeno-que-vai-afetar-o-planeta-terra-em-21-09\\\/#primaryimage\",\"url\":\"https:\\\/\\\/ubirataonline.com.br\\\/wp-content\\\/uploads\\\/2025\\\/09\\\/earth-11014_1280.jpg\",\"contentUrl\":\"https:\\\/\\\/ubirataonline.com.br\\\/wp-content\\\/uploads\\\/2025\\\/09\\\/earth-11014_1280.jpg\",\"width\":1280,\"height\":835},{\"@type\":\"BreadcrumbList\",\"@id\":\"https:\\\/\\\/ubirataonline.com.br\\\/cientistas-soam-o-alarme-para-fenomeno-que-vai-afetar-o-planeta-terra-em-21-09\\\/#breadcrumb\",\"itemListElement\":[{\"@type\":\"ListItem\",\"position\":1,\"name\":\"In\u00edcio\",\"item\":\"https:\\\/\\\/ubirataonline.com.br\\\/\"},{\"@type\":\"ListItem\",\"position\":2,\"name\":\"Cientistas soam o alarme para fen\u00f4meno que vai afetar o Planeta Terra em 21\\\/09\"}]},{\"@type\":\"WebSite\",\"@id\":\"https:\\\/\\\/ubirataonline.com.br\\\/#website\",\"url\":\"https:\\\/\\\/ubirataonline.com.br\\\/\",\"name\":\"Ubirat\u00e3 Online Not\u00edcias\",\"description\":\"Not\u00edcias de Ubirat\u00e3, regi\u00e3o, Brasil e mundo, com informa\u00e7\u00e3o atualizada e compromisso com o leitor.\",\"publisher\":{\"@id\":\"https:\\\/\\\/ubirataonline.com.br\\\/#organization\"},\"alternateName\":\"Ubirat\u00e3 Online\",\"potentialAction\":[{\"@type\":\"SearchAction\",\"target\":{\"@type\":\"EntryPoint\",\"urlTemplate\":\"https:\\\/\\\/ubirataonline.com.br\\\/?s={search_term_string}\"},\"query-input\":{\"@type\":\"PropertyValueSpecification\",\"valueRequired\":true,\"valueName\":\"search_term_string\"}}],\"inLanguage\":\"en-US\"},{\"@type\":[\"Organization\",\"Place\"],\"@id\":\"https:\\\/\\\/ubirataonline.com.br\\\/#organization\",\"name\":\"Ubirat\u00e3 Online Not\u00edcias\",\"alternateName\":\"Ubirat\u00e3 Online\",\"url\":\"https:\\\/\\\/ubirataonline.com.br\\\/\",\"logo\":{\"@id\":\"https:\\\/\\\/ubirataonline.com.br\\\/cientistas-soam-o-alarme-para-fenomeno-que-vai-afetar-o-planeta-terra-em-21-09\\\/#local-main-organization-logo\"},\"image\":{\"@id\":\"https:\\\/\\\/ubirataonline.com.br\\\/cientistas-soam-o-alarme-para-fenomeno-que-vai-afetar-o-planeta-terra-em-21-09\\\/#local-main-organization-logo\"},\"sameAs\":[\"https:\\\/\\\/www.facebook.com\\\/portalubirataonline\",\"https:\\\/\\\/x.com\\\/ubirataonline\",\"https:\\\/\\\/mastodon.social\\\/@ubirataonline\",\"https:\\\/\\\/www.facebook.com\\\/groups\\\/311144672285604\",\"https:\\\/\\\/www.facebook.com\\\/UBTAOnline\",\"https:\\\/\\\/www.instagram.com\\\/portalubirataonline\\\/\",\"https:\\\/\\\/twitter.com\\\/ubirataonline\"],\"description\":\"Somos um portal de not\u00edcias independente, criado em 5 de janeiro de 2009, com o objetivo de informar, conectar e valorizar a nossa comunidade de Ubirat\u00e3 e toda aregi\u00e3o. Com conte\u00fado atualizado, confi\u00e1vel e relevante, o Ubirat\u00e3 Online \u00e9 o seu espa\u00e7o para ficar por dentro dos principais acontecimentos locais, regionais, Brasil, Mundo e de interesse geral. Nosso compromisso \u00e9 com a verdade, a transpar\u00eancia e o respeito ao leitor.\",\"legalName\":\"UBIRATA ONLINE NOT\u00cdCIAS\",\"foundingDate\":\"2009-01-05\",\"numberOfEmployees\":{\"@type\":\"QuantitativeValue\",\"minValue\":\"1\",\"maxValue\":\"10\"},\"publishingPrinciples\":\"https:\\\/\\\/ubirataonline.com.br\\\/faq\\\/\",\"address\":{\"@id\":\"https:\\\/\\\/ubirataonline.com.br\\\/cientistas-soam-o-alarme-para-fenomeno-que-vai-afetar-o-planeta-terra-em-21-09\\\/#local-main-place-address\"},\"geo\":{\"@type\":\"GeoCoordinates\",\"latitude\":\"-24.5361401\",\"longitude\":\"-52.9921776\"},\"telephone\":[\"+5544998308235\"],\"contactPoint\":{\"@type\":\"ContactPoint\",\"email\":\"contato@ubirataonline.com.br\"},\"openingHoursSpecification\":{\"@type\":\"OpeningHoursSpecification\",\"dayOfWeek\":[\"Monday\",\"Tuesday\",\"Wednesday\",\"Thursday\",\"Friday\",\"Saturday\",\"Sunday\"],\"opens\":\"00:00\",\"closes\":\"23:59\"},\"email\":\"contato@ubirataonline.com.br\",\"vatID\":\"47.621.418\\\/0001-80\"},{\"@type\":\"Person\",\"@id\":\"https:\\\/\\\/ubirataonline.com.br\\\/#\\\/schema\\\/person\\\/372f87bbd3fdd79b8556b84c98d0bc1c\",\"name\":\"REDA\u00c7\u00c3O: UBIRAT\u00c3 ONLINE - F\u00c1BIO AUGUSTO CELESTINO\",\"pronouns\":\"Ele\",\"description\":\"Desde 2003 trabalhando com not\u00edcias.\",\"sameAs\":[\"http:\\\/\\\/ubirataoline.com.br\",\"https:\\\/\\\/www.facebook.com\\\/portalubirataonline\",\"https:\\\/\\\/www.instagram.com\\\/ubirataonline_oficial\",\"https:\\\/\\\/x.com\\\/x.com\\\/ubirataonline\"],\"honorificPrefix\":\"Mr.\",\"honorificSuffix\":\"MD\",\"birthDate\":\"1980-06-16\",\"gender\":\"masculino\",\"award\":[\"V\u00e1rios pr\u00eamios de melhor portal da cidade\"],\"jobTitle\":\"Diretor\",\"url\":\"https:\\\/\\\/ubirataonline.com.br\\\/en\\\/author\\\/ubirataonline\\\/\"},{\"@type\":\"PostalAddress\",\"@id\":\"https:\\\/\\\/ubirataonline.com.br\\\/cientistas-soam-o-alarme-para-fenomeno-que-vai-afetar-o-planeta-terra-em-21-09\\\/#local-main-place-address\",\"streetAddress\":\"Rua dos Coqueiros, 104 - Bairro Boa Vista, Rua dos Coqueiros, 104 Bairro Boa Vista\",\"addressLocality\":\"UBIRATA\",\"postalCode\":\"85440-000\",\"addressRegion\":\"PR\",\"addressCountry\":\"BR\"},{\"@type\":\"ImageObject\",\"inLanguage\":\"en-US\",\"@id\":\"https:\\\/\\\/ubirataonline.com.br\\\/cientistas-soam-o-alarme-para-fenomeno-que-vai-afetar-o-planeta-terra-em-21-09\\\/#local-main-organization-logo\",\"url\":\"https:\\\/\\\/ubirataonline.com.br\\\/wp-content\\\/uploads\\\/2026\\\/06\\\/logoubirataonline-1.webp\",\"contentUrl\":\"https:\\\/\\\/ubirataonline.com.br\\\/wp-content\\\/uploads\\\/2026\\\/06\\\/logoubirataonline-1.webp\",\"width\":500,\"height\":500,\"caption\":\"Ubirat\u00e3 Online Not\u00edcias\"}]}<\/script>\n<meta name=\"geo.placename\" content=\"UBIRATA\" \/>\n<meta name=\"geo.position\" content=\"-24.5361401;-52.9921776\" \/>\n<meta name=\"geo.region\" content=\"Brazil\" \/>\n<!-- \/ Yoast SEO Premium plugin. -->","yoast_head_json":{"title":"Cientistas soam o alarme para fen\u00f4meno que vai afetar o Planeta Terra em 21\/09 - Ubirat\u00e3 Online Not\u00edcias - A realidade ao seu alcance!","description":"Prepare-se para setembro de 2025, quando um fen\u00f4meno astron\u00f4mico espetacular ocorrer\u00e1: o eclipse solar parcial. No domingo, dia 21, diversas regi\u00f5es do","robots":{"index":"index","follow":"follow","max-snippet":"max-snippet:-1","max-image-preview":"max-image-preview:large","max-video-preview":"max-video-preview:-1"},"canonical":"https:\/\/ubirataonline.com.br\/en\/cientistas-soam-o-alarme-para-fenomeno-que-vai-afetar-o-planeta-terra-em-21-09\/","og_locale":"en_US","og_type":"article","og_title":"Cientistas soam o alarme para fen\u00f4meno que vai afetar o Planeta Terra em 21\/09","og_description":"Prepare-se para setembro de 2025, quando um fen\u00f4meno astron\u00f4mico espetacular ocorrer\u00e1: o eclipse solar parcial. No domingo, dia 21, diversas regi\u00f5es do","og_url":"https:\/\/ubirataonline.com.br\/en\/cientistas-soam-o-alarme-para-fenomeno-que-vai-afetar-o-planeta-terra-em-21-09\/","og_site_name":"Ubirat\u00e3 Online Not\u00edcias - A realidade ao seu alcance!","article_publisher":"https:\/\/www.facebook.com\/portalubirataonline","article_author":"https:\/\/www.facebook.com\/portalubirataonline","article_published_time":"2025-09-11T16:19:18+00:00","og_image":[{"width":1531,"height":418,"url":"https:\/\/ubirataonline.com.br\/wp-content\/uploads\/2026\/05\/logo2026.webp","type":"image\/webp"}],"author":"REDA\u00c7\u00c3O: UBIRAT\u00c3 ONLINE - F\u00c1BIO AUGUSTO CELESTINO","twitter_card":"summary_large_image","twitter_creator":"@x.com\/ubirataonline","twitter_site":"@ubirataonline","twitter_misc":{"Written by":"REDA\u00c7\u00c3O: UBIRAT\u00c3 ONLINE - F\u00c1BIO AUGUSTO CELESTINO","Est. reading time":"2 minutes"},"schema":{"@context":"https:\/\/schema.org","@graph":[{"@type":"NewsArticle","@id":"https:\/\/ubirataonline.com.br\/cientistas-soam-o-alarme-para-fenomeno-que-vai-afetar-o-planeta-terra-em-21-09\/#article","isPartOf":{"@id":"https:\/\/ubirataonline.com.br\/cientistas-soam-o-alarme-para-fenomeno-que-vai-afetar-o-planeta-terra-em-21-09\/"},"author":{"name":"REDA\u00c7\u00c3O: UBIRAT\u00c3 ONLINE - F\u00c1BIO AUGUSTO CELESTINO","@id":"https:\/\/ubirataonline.com.br\/#\/schema\/person\/372f87bbd3fdd79b8556b84c98d0bc1c"},"headline":"Cientistas soam o alarme para fen\u00f4meno que vai afetar o Planeta Terra em 21\/09","datePublished":"2025-09-11T16:19:18+00:00","mainEntityOfPage":{"@id":"https:\/\/ubirataonline.com.br\/cientistas-soam-o-alarme-para-fenomeno-que-vai-afetar-o-planeta-terra-em-21-09\/"},"wordCount":350,"publisher":{"@id":"https:\/\/ubirataonline.com.br\/#organization"},"image":{"@id":"https:\/\/ubirataonline.com.br\/cientistas-soam-o-alarme-para-fenomeno-que-vai-afetar-o-planeta-terra-em-21-09\/#primaryimage"},"thumbnailUrl":"https:\/\/ubirataonline.com.br\/wp-content\/uploads\/2025\/09\/earth-11014_1280.jpg","articleSection":["Brasil"],"inLanguage":"en-US","copyrightYear":"2025","copyrightHolder":{"@id":"https:\/\/ubirataonline.com.br\/en\/#organization"}},{"@type":"WebPage","@id":"https:\/\/ubirataonline.com.br\/cientistas-soam-o-alarme-para-fenomeno-que-vai-afetar-o-planeta-terra-em-21-09\/","url":"https:\/\/ubirataonline.com.br\/cientistas-soam-o-alarme-para-fenomeno-que-vai-afetar-o-planeta-terra-em-21-09\/","name":"Cientistas soam o alarme para fen\u00f4meno que vai afetar o Planeta Terra em 21\/09 - Ubirat\u00e3 Online Not\u00edcias - A realidade ao seu alcance!","isPartOf":{"@id":"https:\/\/ubirataonline.com.br\/#website"},"primaryImageOfPage":{"@id":"https:\/\/ubirataonline.com.br\/cientistas-soam-o-alarme-para-fenomeno-que-vai-afetar-o-planeta-terra-em-21-09\/#primaryimage"},"image":{"@id":"https:\/\/ubirataonline.com.br\/cientistas-soam-o-alarme-para-fenomeno-que-vai-afetar-o-planeta-terra-em-21-09\/#primaryimage"},"thumbnailUrl":"https:\/\/ubirataonline.com.br\/wp-content\/uploads\/2025\/09\/earth-11014_1280.jpg","datePublished":"2025-09-11T16:19:18+00:00","description":"Prepare-se para setembro de 2025, quando um fen\u00f4meno astron\u00f4mico espetacular ocorrer\u00e1: o eclipse solar parcial. No domingo, dia 21, diversas regi\u00f5es do","breadcrumb":{"@id":"https:\/\/ubirataonline.com.br\/cientistas-soam-o-alarme-para-fenomeno-que-vai-afetar-o-planeta-terra-em-21-09\/#breadcrumb"},"inLanguage":"en-US","potentialAction":[{"@type":"ReadAction","target":["https:\/\/ubirataonline.com.br\/cientistas-soam-o-alarme-para-fenomeno-que-vai-afetar-o-planeta-terra-em-21-09\/"]}]},{"@type":"ImageObject","inLanguage":"en-US","@id":"https:\/\/ubirataonline.com.br\/cientistas-soam-o-alarme-para-fenomeno-que-vai-afetar-o-planeta-terra-em-21-09\/#primaryimage","url":"https:\/\/ubirataonline.com.br\/wp-content\/uploads\/2025\/09\/earth-11014_1280.jpg","contentUrl":"https:\/\/ubirataonline.com.br\/wp-content\/uploads\/2025\/09\/earth-11014_1280.jpg","width":1280,"height":835},{"@type":"BreadcrumbList","@id":"https:\/\/ubirataonline.com.br\/cientistas-soam-o-alarme-para-fenomeno-que-vai-afetar-o-planeta-terra-em-21-09\/#breadcrumb","itemListElement":[{"@type":"ListItem","position":1,"name":"In\u00edcio","item":"https:\/\/ubirataonline.com.br\/"},{"@type":"ListItem","position":2,"name":"Cientistas soam o alarme para fen\u00f4meno que vai afetar o Planeta Terra em 21\/09"}]},{"@type":"WebSite","@id":"https:\/\/ubirataonline.com.br\/#website","url":"https:\/\/ubirataonline.com.br\/","name":"Ubirat\u00e3 Online Not\u00edcias","description":"Not\u00edcias de Ubirat\u00e3, regi\u00e3o, Brasil e mundo, com informa\u00e7\u00e3o atualizada e compromisso com o leitor.","publisher":{"@id":"https:\/\/ubirataonline.com.br\/#organization"},"alternateName":"Ubirat\u00e3 Online","potentialAction":[{"@type":"SearchAction","target":{"@type":"EntryPoint","urlTemplate":"https:\/\/ubirataonline.com.br\/?s={search_term_string}"},"query-input":{"@type":"PropertyValueSpecification","valueRequired":true,"valueName":"search_term_string"}}],"inLanguage":"en-US"},{"@type":["Organization","Place"],"@id":"https:\/\/ubirataonline.com.br\/#organization","name":"Ubirat\u00e3 Online Not\u00edcias","alternateName":"Ubirat\u00e3 Online","url":"https:\/\/ubirataonline.com.br\/","logo":{"@id":"https:\/\/ubirataonline.com.br\/cientistas-soam-o-alarme-para-fenomeno-que-vai-afetar-o-planeta-terra-em-21-09\/#local-main-organization-logo"},"image":{"@id":"https:\/\/ubirataonline.com.br\/cientistas-soam-o-alarme-para-fenomeno-que-vai-afetar-o-planeta-terra-em-21-09\/#local-main-organization-logo"},"sameAs":["https:\/\/www.facebook.com\/portalubirataonline","https:\/\/x.com\/ubirataonline","https:\/\/mastodon.social\/@ubirataonline","https:\/\/www.facebook.com\/groups\/311144672285604","https:\/\/www.facebook.com\/UBTAOnline","https:\/\/www.instagram.com\/portalubirataonline\/","https:\/\/twitter.com\/ubirataonline"],"description":"Somos um portal de not\u00edcias independente, criado em 5 de janeiro de 2009, com o objetivo de informar, conectar e valorizar a nossa comunidade de Ubirat\u00e3 e toda aregi\u00e3o. Com conte\u00fado atualizado, confi\u00e1vel e relevante, o Ubirat\u00e3 Online \u00e9 o seu espa\u00e7o para ficar por dentro dos principais acontecimentos locais, regionais, Brasil, Mundo e de interesse geral. Nosso compromisso \u00e9 com a verdade, a transpar\u00eancia e o respeito ao leitor.","legalName":"UBIRATA ONLINE NOT\u00cdCIAS","foundingDate":"2009-01-05","numberOfEmployees":{"@type":"QuantitativeValue","minValue":"1","maxValue":"10"},"publishingPrinciples":"https:\/\/ubirataonline.com.br\/faq\/","address":{"@id":"https:\/\/ubirataonline.com.br\/cientistas-soam-o-alarme-para-fenomeno-que-vai-afetar-o-planeta-terra-em-21-09\/#local-main-place-address"},"geo":{"@type":"GeoCoordinates","latitude":"-24.5361401","longitude":"-52.9921776"},"telephone":["+5544998308235"],"contactPoint":{"@type":"ContactPoint","email":"contato@ubirataonline.com.br"},"openingHoursSpecification":{"@type":"OpeningHoursSpecification","dayOfWeek":["Monday","Tuesday","Wednesday","Thursday","Friday","Saturday","Sunday"],"opens":"00:00","closes":"23:59"},"email":"contato@ubirataonline.com.br","vatID":"47.621.418\/0001-80"},{"@type":"Person","@id":"https:\/\/ubirataonline.com.br\/#\/schema\/person\/372f87bbd3fdd79b8556b84c98d0bc1c","name":"REDA\u00c7\u00c3O: UBIRAT\u00c3 ONLINE - F\u00c1BIO AUGUSTO CELESTINO","pronouns":"Ele","description":"Desde 2003 trabalhando com not\u00edcias.","sameAs":["http:\/\/ubirataoline.com.br","https:\/\/www.facebook.com\/portalubirataonline","https:\/\/www.instagram.com\/ubirataonline_oficial","https:\/\/x.com\/x.com\/ubirataonline"],"honorificPrefix":"Mr.","honorificSuffix":"MD","birthDate":"1980-06-16","gender":"masculino","award":["V\u00e1rios pr\u00eamios de melhor portal da cidade"],"jobTitle":"Diretor","url":"https:\/\/ubirataonline.com.br\/en\/author\/ubirataonline\/"},{"@type":"PostalAddress","@id":"https:\/\/ubirataonline.com.br\/cientistas-soam-o-alarme-para-fenomeno-que-vai-afetar-o-planeta-terra-em-21-09\/#local-main-place-address","streetAddress":"Rua dos Coqueiros, 104 - Bairro Boa Vista, Rua dos Coqueiros, 104 Bairro Boa Vista","addressLocality":"UBIRATA","postalCode":"85440-000","addressRegion":"PR","addressCountry":"BR"},{"@type":"ImageObject","inLanguage":"en-US","@id":"https:\/\/ubirataonline.com.br\/cientistas-soam-o-alarme-para-fenomeno-que-vai-afetar-o-planeta-terra-em-21-09\/#local-main-organization-logo","url":"https:\/\/ubirataonline.com.br\/wp-content\/uploads\/2026\/06\/logoubirataonline-1.webp","contentUrl":"https:\/\/ubirataonline.com.br\/wp-content\/uploads\/2026\/06\/logoubirataonline-1.webp","width":500,"height":500,"caption":"Ubirat\u00e3 Online Not\u00edcias"}]},"geo.placename":"UBIRATA","geo.position":{"lat":"-24.5361401","long":"-52.9921776"},"geo.region":"Brazil"},"_links":{"self":[{"href":"https:\/\/ubirataonline.com.br\/en\/wp-json\/wp\/v2\/posts\/67992","targetHints":{"allow":["GET"]}}],"collection":[{"href":"https:\/\/ubirataonline.com.br\/en\/wp-json\/wp\/v2\/posts"}],"about":[{"href":"https:\/\/ubirataonline.com.br\/en\/wp-json\/wp\/v2\/types\/post"}],"author":[{"embeddable":true,"href":"https:\/\/ubirataonline.com.br\/en\/wp-json\/wp\/v2\/users\/1"}],"replies":[{"embeddable":true,"href":"https:\/\/ubirataonline.com.br\/en\/wp-json\/wp\/v2\/comments?post=67992"}],"version-history":[{"count":0,"href":"https:\/\/ubirataonline.com.br\/en\/wp-json\/wp\/v2\/posts\/67992\/revisions"}],"wp:featuredmedia":[{"embeddable":true,"href":"https:\/\/ubirataonline.com.br\/en\/wp-json\/wp\/v2\/media\/67212"}],"wp:attachment":[{"href":"https:\/\/ubirataonline.com.br\/en\/wp-json\/wp\/v2\/media?parent=67992"}],"wp:term":[{"taxonomy":"category","embeddable":true,"href":"https:\/\/ubirataonline.com.br\/en\/wp-json\/wp\/v2\/categories?post=67992"},{"taxonomy":"post_tag","embeddable":true,"href":"https:\/\/ubirataonline.com.br\/en\/wp-json\/wp\/v2\/tags?post=67992"}],"curies":[{"name":"wp","href":"https:\/\/api.w.org\/{rel}","templated":true}]}}