{"id":67996,"date":"2025-09-11T14:25:20","date_gmt":"2025-09-11T17:25:20","guid":{"rendered":"https:\/\/ubirataonline.com.br\/thiago-silva-fala-sobre-injecao-e-gol-decisivo\/"},"modified":"2025-09-11T14:25:20","modified_gmt":"2025-09-11T17:25:20","slug":"thiago-silva-fala-sobre-injecao-e-gol-decisivo","status":"publish","type":"post","link":"https:\/\/ubirataonline.com.br\/en\/thiago-silva-fala-sobre-injecao-e-gol-decisivo\/","title":{"rendered":"Thiago Silva fala sobre inje\u00e7\u00e3o e gol decisivo"},"content":{"rendered":"<p><\/p>\n<div id=\"post-content\">\n<p>Autor do gol da classifica\u00e7\u00e3o do Fluminense para a semifinal da Copa do Brasil, Thiago Silva contou que precisou tomar uma inje\u00e7\u00e3o para \u201cestar um pouco mais confort\u00e1vel no jogo\u201d.<\/p>\n<p>\u201cDe ontem [ter\u00e7a-feira] para hoje [quarta-feira], eu tive um torcicolo incr\u00edvel porque treinamos muita bola parada. [\u2026] Estou com a m\u00e3o no pesco\u00e7o porque eu n\u00e3o estou nem conseguindo virar direito. Tive que tomar uma inje\u00e7\u00e3o intramuscular para poder estar um pouco mais confort\u00e1vel no jogo. Cada cabe\u00e7ada que vinha eu ficava desesperado, mas gra\u00e7as a Deus essa dor n\u00e3o foi \u00e0 toa. No final fomos recompensados com um grande gol e com a classifica\u00e7\u00e3o. Tenho certeza que nesta quinta-feira (11) todo mundo est\u00e1 feliz. Thiago Silva<\/p>\n<p>O zagueiro ainda abriu as portas para um retorno \u00e0 sele\u00e7\u00e3o brasileira, e colocou a decis\u00e3o nas m\u00e3os do t\u00e9cnico Carlo Ancelotti. O defensor n\u00e3o veste a Amarelinha desde a Copa do Mundo de 2022.<\/p>\n<p>Nunca fechei a porta para a sele\u00e7\u00e3o e nunca fecharei. Se o professor Ancelotti, que me conhece bem, quiser contar comigo, pode ter certeza que estarei \u00e0 disposi\u00e7\u00e3o. Caso n\u00e3o, j\u00e1 fiz meu papel, entreguei o m\u00e1ximo poss\u00edvel, estou muito tranquilo em rela\u00e7\u00e3o a isso. Acho que \u00e9 uma safra muito boa dos zagueiros que est\u00e3o sendo convocados, qualidade t\u00e9cnica acima da m\u00e9dia, entre outros que n\u00e3o foram convocados. Fico satisfeito de saber que meu nome ainda \u00e9 vinculado na sele\u00e7\u00e3o brasileira, mas estou tranquilo e procuro ajudar o Fluminense.<\/p>\n<p>O t\u00e9cnico Renato Ga\u00facho, inclusive, fez campanha pela volta do zagueiro: \u201cMe d\u00e1 prazer ver o Thiago Silva jogar. Foi um monstro de novo, \u00e9 um l\u00edder. N\u00e3o \u00e9 problema meu, mas quando falo que ele ainda merece disputar uma Copa do Mundo, n\u00e3o falo \u00e0 toa\u201d.<\/p>\n<p>Classificado, o Fluminense agora aguarda o jogo entre Botafogo e Vasco para conhecer seu advers\u00e1rio na semifinal. A partida ser\u00e1 nesta quinta-feira (11), \u00e0s 21h30 (de Bras\u00edlia), no Nilton Santos.<\/p>\n<section class=\"virals\">\n<article class=\"cardnews cardnews--post cardnews--has-thumbnail cardnews--editorial-noticias\"> <a href=\"https:\/\/www.tribunapr.com.br\/noticias\/curitiba-regiao\/curitibana-ganha-na-lotofacil-da-independencia-em-bolao-da-propria-loterica\/?utm_source=noticias-virais-rodape&amp;utm_medium=internal-tribuna&amp;utm_campaign=tribuna\" class=\"cardnews__postlink\"> <\/p>\n<div class=\"cardnews__image\" is-api-thumb=\"\"><img decoding=\"async\" src=\"https:\/\/www.tribunapr.com.br\/wp-content\/uploads\/2025\/09\/08183613\/Apresentacao-de-TCC-vintage-retro-com-blur-vermelho-e-roxo-2025-09-08T183517.087-370x210.jpg\" loading=\"lazy\" alt=\"Curitibana ganha uma boa grana em bol\u00e3o da pr\u00f3pria lot\u00e9rica\"\/><\/div>\n<div class=\"cardnews__content cardhome__content\">\n<div class=\"cardnews__content-wrapper\">\n<p> <span style=\"\"> Loteria p\u00e9-quente <\/span> <\/p>\n<p>Curitibana ganha uma boa grana em bol\u00e3o da pr\u00f3pria lot\u00e9rica<\/p>\n<\/p><\/div>\n<\/p><\/div>\n<p> <\/a> <\/article>\n<article class=\"cardnews cardnews--post cardnews--has-thumbnail cardnews--editorial-noticias\"> <a href=\"https:\/\/www.tribunapr.com.br\/noticias\/curitiba-regiao\/brt-leste-oeste-conheca-detalhes-do-projeto-de-curitiba\/?utm_source=noticias-virais-rodape&amp;utm_medium=internal-tribuna&amp;utm_campaign=tribuna\" class=\"cardnews__postlink\"> <\/p>\n<div class=\"cardnews__image\" is-api-thumb=\"\"><img decoding=\"async\" src=\"https:\/\/www.tribunapr.com.br\/wp-content\/uploads\/2025\/09\/10103453\/brt-divulgacao-370x210.jpg\" loading=\"lazy\" alt=\"Novo BRT Leste-Oeste vai mudar a mobilidade em Curitiba\"\/><\/div>\n<div class=\"cardnews__content cardhome__content\">\n<div class=\"cardnews__content-wrapper\">\n<p> <span style=\"\"> Obras <\/span> <\/p>\n<p>Novo BRT Leste-Oeste vai mudar a mobilidade em Curitiba<\/p>\n<\/p><\/div>\n<\/p><\/div>\n<p> <\/a> <\/article>\n<article class=\"cardnews cardnews--post cardnews--has-thumbnail cardnews--editorial-noticias\"> <a href=\"https:\/\/www.tribunapr.com.br\/noticias\/curitiba-regiao\/leao-do-zoo-de-curitiba-faz-ressonancia-mobiliza-equipe\/?utm_source=noticias-virais-rodape&amp;utm_medium=internal-tribuna&amp;utm_campaign=tribuna\" class=\"cardnews__postlink\"> <\/p>\n<div class=\"cardnews__image\" is-api-thumb=\"\"><img decoding=\"async\" src=\"https:\/\/www.tribunapr.com.br\/wp-content\/uploads\/2025\/09\/09185112\/Apresentacao-de-TCC-vintage-retro-com-blur-vermelho-e-roxo-2025-09-09T185014.018-370x210.jpg\" loading=\"lazy\" alt=\"Le\u00e3o do Zoo de Curitiba mobiliza equipe gigante para...\"\/><\/div>\n<div class=\"cardnews__content cardhome__content\">\n<div class=\"cardnews__content-wrapper\">\n<p> <span style=\"\"> Check-up <\/span> <\/p>\n<p>Le\u00e3o do Zoo de Curitiba mobiliza equipe gigante para&#8230;<\/p>\n<\/p><\/div>\n<\/p><\/div>\n<p> <\/a> <\/article>\n<\/section>\n<section class=\"whatsapp-groups\">\n<div class=\"whatsapp-groups__image\"> <img decoding=\"async\" src=\"https:\/\/www.tribunapr.com.br\/resources\/images\/blocks\/whatsapp-groups\/logo-whatsapp.png\" alt=\"Grupos de WhatsApp da Tribuna\" loading=\"lazy\"\/> <\/div>\n<div class=\"whatsapp-groups__body\">\n<p> Receba Not\u00edcias no seu WhatsApp! <\/p>\n<p> Receba as not\u00edcias do seu bairro e do seu time pelo WhatsApp. <\/p>\n<p> <a href=\"https:\/\/www.tribunapr.com.br\/grupos-de-whatsapp-da-tribuna\/\" target=\"_blank\" class=\"whatsapp-groups__button\"> Participe dos Grupos da Tribuna <\/a> <\/div>\n<\/section><\/div>\n<p><a href=\"https:\/\/www.tribunapr.com.br\/esportes\/thiago-silva-tomou-injecao-para-jogar-e-nao-fecha-porta-por-volta-a-selecao\/\">Source link <\/a><\/p>\n","protected":false},"excerpt":{"rendered":"<p>Autor do gol da classifica\u00e7\u00e3o do Fluminense para a semifinal da Copa do Brasil, Thiago Silva contou que precisou tomar uma inje\u00e7\u00e3o para \u201cestar um pouco mais confort\u00e1vel no jogo\u201d. \u201cDe ontem [ter\u00e7a-feira] para hoje [quarta-feira], eu tive um torcicolo incr\u00edvel porque treinamos muita bola parada. [\u2026] Estou com a m\u00e3o no pesco\u00e7o porque eu [&hellip;]<\/p>\n","protected":false},"author":1,"featured_media":67997,"comment_status":"","ping_status":"","sticky":false,"template":"","format":"standard","meta":{"googlesitekit_rrm_CAow2JLhCw:productID":"","_gspb_post_css":"","maa_idioma":"","maa_pais":"","footnotes":""},"categories":[1],"tags":[],"class_list":["post-67996","post","type-post","status-publish","format-standard","has-post-thumbnail","hentry","category-ubirata"],"blocksy_meta":[],"yoast_head":"<!-- This site is optimized with the Yoast SEO Premium plugin v27.6 (Yoast SEO v27.6) - https:\/\/yoast.com\/product\/yoast-seo-premium-wordpress\/ -->\n<title>Thiago Silva fala sobre inje\u00e7\u00e3o e gol decisivo - Ubirat\u00e3 Online Not\u00edcias - A realidade ao seu alcance!<\/title>\n<meta name=\"description\" content=\"Autor do gol da classifica\u00e7\u00e3o do Fluminense para a semifinal da Copa do Brasil, Thiago Silva contou que precisou tomar uma inje\u00e7\u00e3o para \u201cestar um pouco\" \/>\n<meta name=\"robots\" content=\"index, follow, max-snippet:-1, max-image-preview:large, max-video-preview:-1\" \/>\n<link rel=\"canonical\" href=\"https:\/\/ubirataonline.com.br\/en\/thiago-silva-fala-sobre-injecao-e-gol-decisivo\/\" \/>\n<meta property=\"og:locale\" content=\"en_US\" \/>\n<meta property=\"og:type\" content=\"article\" \/>\n<meta property=\"og:title\" content=\"Thiago Silva fala sobre inje\u00e7\u00e3o e gol decisivo\" \/>\n<meta property=\"og:description\" content=\"Autor do gol da classifica\u00e7\u00e3o do Fluminense para a semifinal da Copa do Brasil, Thiago Silva contou que precisou tomar uma inje\u00e7\u00e3o para \u201cestar um pouco\" \/>\n<meta property=\"og:url\" content=\"https:\/\/ubirataonline.com.br\/en\/thiago-silva-fala-sobre-injecao-e-gol-decisivo\/\" \/>\n<meta property=\"og:site_name\" content=\"Ubirat\u00e3 Online Not\u00edcias - A realidade ao seu alcance!\" \/>\n<meta property=\"article:publisher\" content=\"https:\/\/www.facebook.com\/portalubirataonline\" \/>\n<meta property=\"article:author\" content=\"https:\/\/www.facebook.com\/portalubirataonline\" \/>\n<meta property=\"article:published_time\" content=\"2025-09-11T17:25:20+00:00\" \/>\n<meta property=\"og:image\" content=\"https:\/\/www.tribunapr.com.br\/wp-content\/uploads\/2025\/09\/08183613\/Apresentacao-de-TCC-vintage-retro-com-blur-vermelho-e-roxo-2025-09-08T183517.087-370x210.jpg\" \/>\n<meta name=\"author\" content=\"REDA\u00c7\u00c3O: UBIRAT\u00c3 ONLINE - F\u00c1BIO AUGUSTO CELESTINO\" \/>\n<meta name=\"twitter:card\" content=\"summary_large_image\" \/>\n<meta name=\"twitter:creator\" content=\"@x.com\/ubirataonline\" \/>\n<meta name=\"twitter:site\" content=\"@ubirataonline\" \/>\n<meta name=\"twitter:label1\" content=\"Written by\" \/>\n\t<meta name=\"twitter:data1\" content=\"REDA\u00c7\u00c3O: UBIRAT\u00c3 ONLINE - F\u00c1BIO AUGUSTO CELESTINO\" \/>\n\t<meta name=\"twitter:label2\" content=\"Est. reading time\" \/>\n\t<meta name=\"twitter:data2\" content=\"2 minutes\" \/>\n<script type=\"application\/ld+json\" class=\"yoast-schema-graph\">{\"@context\":\"https:\\\/\\\/schema.org\",\"@graph\":[{\"@type\":\"NewsArticle\",\"@id\":\"https:\\\/\\\/ubirataonline.com.br\\\/thiago-silva-fala-sobre-injecao-e-gol-decisivo\\\/#article\",\"isPartOf\":{\"@id\":\"https:\\\/\\\/ubirataonline.com.br\\\/thiago-silva-fala-sobre-injecao-e-gol-decisivo\\\/\"},\"author\":{\"name\":\"REDA\u00c7\u00c3O: UBIRAT\u00c3 ONLINE - F\u00c1BIO AUGUSTO CELESTINO\",\"@id\":\"https:\\\/\\\/ubirataonline.com.br\\\/#\\\/schema\\\/person\\\/372f87bbd3fdd79b8556b84c98d0bc1c\"},\"headline\":\"Thiago Silva fala sobre inje\u00e7\u00e3o e gol decisivo\",\"datePublished\":\"2025-09-11T17:25:20+00:00\",\"mainEntityOfPage\":{\"@id\":\"https:\\\/\\\/ubirataonline.com.br\\\/thiago-silva-fala-sobre-injecao-e-gol-decisivo\\\/\"},\"wordCount\":416,\"publisher\":{\"@id\":\"https:\\\/\\\/ubirataonline.com.br\\\/#organization\"},\"image\":{\"@id\":\"https:\\\/\\\/ubirataonline.com.br\\\/thiago-silva-fala-sobre-injecao-e-gol-decisivo\\\/#primaryimage\"},\"thumbnailUrl\":\"https:\\\/\\\/ubirataonline.com.br\\\/wp-content\\\/uploads\\\/2025\\\/09\\\/thiago-silva.jpg\",\"articleSection\":[\"Ubirat\u00e3\"],\"inLanguage\":\"en-US\",\"copyrightYear\":\"2025\",\"copyrightHolder\":{\"@id\":\"https:\\\/\\\/ubirataonline.com.br\\\/en\\\/#organization\"}},{\"@type\":\"WebPage\",\"@id\":\"https:\\\/\\\/ubirataonline.com.br\\\/thiago-silva-fala-sobre-injecao-e-gol-decisivo\\\/\",\"url\":\"https:\\\/\\\/ubirataonline.com.br\\\/thiago-silva-fala-sobre-injecao-e-gol-decisivo\\\/\",\"name\":\"Thiago Silva fala sobre inje\u00e7\u00e3o e gol decisivo - Ubirat\u00e3 Online Not\u00edcias - A realidade ao seu alcance!\",\"isPartOf\":{\"@id\":\"https:\\\/\\\/ubirataonline.com.br\\\/#website\"},\"primaryImageOfPage\":{\"@id\":\"https:\\\/\\\/ubirataonline.com.br\\\/thiago-silva-fala-sobre-injecao-e-gol-decisivo\\\/#primaryimage\"},\"image\":{\"@id\":\"https:\\\/\\\/ubirataonline.com.br\\\/thiago-silva-fala-sobre-injecao-e-gol-decisivo\\\/#primaryimage\"},\"thumbnailUrl\":\"https:\\\/\\\/ubirataonline.com.br\\\/wp-content\\\/uploads\\\/2025\\\/09\\\/thiago-silva.jpg\",\"datePublished\":\"2025-09-11T17:25:20+00:00\",\"description\":\"Autor do gol da classifica\u00e7\u00e3o do Fluminense para a semifinal da Copa do Brasil, Thiago Silva contou que precisou tomar uma inje\u00e7\u00e3o para \u201cestar um pouco\",\"breadcrumb\":{\"@id\":\"https:\\\/\\\/ubirataonline.com.br\\\/thiago-silva-fala-sobre-injecao-e-gol-decisivo\\\/#breadcrumb\"},\"inLanguage\":\"en-US\",\"potentialAction\":[{\"@type\":\"ReadAction\",\"target\":[\"https:\\\/\\\/ubirataonline.com.br\\\/thiago-silva-fala-sobre-injecao-e-gol-decisivo\\\/\"]}]},{\"@type\":\"ImageObject\",\"inLanguage\":\"en-US\",\"@id\":\"https:\\\/\\\/ubirataonline.com.br\\\/thiago-silva-fala-sobre-injecao-e-gol-decisivo\\\/#primaryimage\",\"url\":\"https:\\\/\\\/ubirataonline.com.br\\\/wp-content\\\/uploads\\\/2025\\\/09\\\/thiago-silva.jpg\",\"contentUrl\":\"https:\\\/\\\/ubirataonline.com.br\\\/wp-content\\\/uploads\\\/2025\\\/09\\\/thiago-silva.jpg\",\"width\":1200,\"height\":800},{\"@type\":\"BreadcrumbList\",\"@id\":\"https:\\\/\\\/ubirataonline.com.br\\\/thiago-silva-fala-sobre-injecao-e-gol-decisivo\\\/#breadcrumb\",\"itemListElement\":[{\"@type\":\"ListItem\",\"position\":1,\"name\":\"In\u00edcio\",\"item\":\"https:\\\/\\\/ubirataonline.com.br\\\/\"},{\"@type\":\"ListItem\",\"position\":2,\"name\":\"Thiago Silva fala sobre inje\u00e7\u00e3o e gol decisivo\"}]},{\"@type\":\"WebSite\",\"@id\":\"https:\\\/\\\/ubirataonline.com.br\\\/#website\",\"url\":\"https:\\\/\\\/ubirataonline.com.br\\\/\",\"name\":\"Ubirat\u00e3 Online Not\u00edcias\",\"description\":\"Not\u00edcias de Ubirat\u00e3, regi\u00e3o, Brasil e mundo, com informa\u00e7\u00e3o atualizada e compromisso com o leitor.\",\"publisher\":{\"@id\":\"https:\\\/\\\/ubirataonline.com.br\\\/#organization\"},\"alternateName\":\"Ubirat\u00e3 Online\",\"potentialAction\":[{\"@type\":\"SearchAction\",\"target\":{\"@type\":\"EntryPoint\",\"urlTemplate\":\"https:\\\/\\\/ubirataonline.com.br\\\/?s={search_term_string}\"},\"query-input\":{\"@type\":\"PropertyValueSpecification\",\"valueRequired\":true,\"valueName\":\"search_term_string\"}}],\"inLanguage\":\"en-US\"},{\"@type\":[\"Organization\",\"Place\"],\"@id\":\"https:\\\/\\\/ubirataonline.com.br\\\/#organization\",\"name\":\"Ubirat\u00e3 Online Not\u00edcias\",\"alternateName\":\"Ubirat\u00e3 Online\",\"url\":\"https:\\\/\\\/ubirataonline.com.br\\\/\",\"logo\":{\"@id\":\"https:\\\/\\\/ubirataonline.com.br\\\/thiago-silva-fala-sobre-injecao-e-gol-decisivo\\\/#local-main-organization-logo\"},\"image\":{\"@id\":\"https:\\\/\\\/ubirataonline.com.br\\\/thiago-silva-fala-sobre-injecao-e-gol-decisivo\\\/#local-main-organization-logo\"},\"sameAs\":[\"https:\\\/\\\/www.facebook.com\\\/portalubirataonline\",\"https:\\\/\\\/x.com\\\/ubirataonline\",\"https:\\\/\\\/mastodon.social\\\/@ubirataonline\",\"https:\\\/\\\/www.facebook.com\\\/groups\\\/311144672285604\",\"https:\\\/\\\/www.facebook.com\\\/UBTAOnline\",\"https:\\\/\\\/www.instagram.com\\\/portalubirataonline\\\/\",\"https:\\\/\\\/twitter.com\\\/ubirataonline\"],\"description\":\"Somos um portal de not\u00edcias independente, criado em 5 de janeiro de 2009, com o objetivo de informar, conectar e valorizar a nossa comunidade de Ubirat\u00e3 e toda aregi\u00e3o. Com conte\u00fado atualizado, confi\u00e1vel e relevante, o Ubirat\u00e3 Online \u00e9 o seu espa\u00e7o para ficar por dentro dos principais acontecimentos locais, regionais, Brasil, Mundo e de interesse geral. Nosso compromisso \u00e9 com a verdade, a transpar\u00eancia e o respeito ao leitor.\",\"legalName\":\"UBIRATA ONLINE NOT\u00cdCIAS\",\"foundingDate\":\"2009-01-05\",\"numberOfEmployees\":{\"@type\":\"QuantitativeValue\",\"minValue\":\"1\",\"maxValue\":\"10\"},\"publishingPrinciples\":\"https:\\\/\\\/ubirataonline.com.br\\\/faq\\\/\",\"address\":{\"@id\":\"https:\\\/\\\/ubirataonline.com.br\\\/thiago-silva-fala-sobre-injecao-e-gol-decisivo\\\/#local-main-place-address\"},\"geo\":{\"@type\":\"GeoCoordinates\",\"latitude\":\"-24.5361401\",\"longitude\":\"-52.9921776\"},\"telephone\":[\"+5544998308235\"],\"contactPoint\":{\"@type\":\"ContactPoint\",\"email\":\"contato@ubirataonline.com.br\"},\"openingHoursSpecification\":{\"@type\":\"OpeningHoursSpecification\",\"dayOfWeek\":[\"Monday\",\"Tuesday\",\"Wednesday\",\"Thursday\",\"Friday\",\"Saturday\",\"Sunday\"],\"opens\":\"00:00\",\"closes\":\"23:59\"},\"email\":\"contato@ubirataonline.com.br\",\"vatID\":\"47.621.418\\\/0001-80\"},{\"@type\":\"Person\",\"@id\":\"https:\\\/\\\/ubirataonline.com.br\\\/#\\\/schema\\\/person\\\/372f87bbd3fdd79b8556b84c98d0bc1c\",\"name\":\"REDA\u00c7\u00c3O: UBIRAT\u00c3 ONLINE - F\u00c1BIO AUGUSTO CELESTINO\",\"pronouns\":\"Ele\",\"description\":\"Desde 2003 trabalhando com not\u00edcias.\",\"sameAs\":[\"http:\\\/\\\/ubirataoline.com.br\",\"https:\\\/\\\/www.facebook.com\\\/portalubirataonline\",\"https:\\\/\\\/www.instagram.com\\\/ubirataonline_oficial\",\"https:\\\/\\\/x.com\\\/x.com\\\/ubirataonline\"],\"honorificPrefix\":\"Mr.\",\"honorificSuffix\":\"MD\",\"birthDate\":\"1980-06-16\",\"gender\":\"masculino\",\"award\":[\"V\u00e1rios pr\u00eamios de melhor portal da cidade\"],\"jobTitle\":\"Diretor\",\"url\":\"https:\\\/\\\/ubirataonline.com.br\\\/en\\\/author\\\/ubirataonline\\\/\"},{\"@type\":\"PostalAddress\",\"@id\":\"https:\\\/\\\/ubirataonline.com.br\\\/thiago-silva-fala-sobre-injecao-e-gol-decisivo\\\/#local-main-place-address\",\"streetAddress\":\"Rua dos Coqueiros, 104 - Bairro Boa Vista, Rua dos Coqueiros, 104 Bairro Boa Vista\",\"addressLocality\":\"UBIRATA\",\"postalCode\":\"85440-000\",\"addressRegion\":\"PR\",\"addressCountry\":\"BR\"},{\"@type\":\"ImageObject\",\"inLanguage\":\"en-US\",\"@id\":\"https:\\\/\\\/ubirataonline.com.br\\\/thiago-silva-fala-sobre-injecao-e-gol-decisivo\\\/#local-main-organization-logo\",\"url\":\"https:\\\/\\\/ubirataonline.com.br\\\/wp-content\\\/uploads\\\/2026\\\/06\\\/logoubirataonline-1.webp\",\"contentUrl\":\"https:\\\/\\\/ubirataonline.com.br\\\/wp-content\\\/uploads\\\/2026\\\/06\\\/logoubirataonline-1.webp\",\"width\":500,\"height\":500,\"caption\":\"Ubirat\u00e3 Online Not\u00edcias\"}]}<\/script>\n<meta name=\"geo.placename\" content=\"UBIRATA\" \/>\n<meta name=\"geo.position\" content=\"-24.5361401;-52.9921776\" \/>\n<meta name=\"geo.region\" content=\"Brazil\" \/>\n<!-- \/ Yoast SEO Premium plugin. -->","yoast_head_json":{"title":"Thiago Silva fala sobre inje\u00e7\u00e3o e gol decisivo - Ubirat\u00e3 Online Not\u00edcias - A realidade ao seu alcance!","description":"Autor do gol da classifica\u00e7\u00e3o do Fluminense para a semifinal da Copa do Brasil, Thiago Silva contou que precisou tomar uma inje\u00e7\u00e3o para \u201cestar um pouco","robots":{"index":"index","follow":"follow","max-snippet":"max-snippet:-1","max-image-preview":"max-image-preview:large","max-video-preview":"max-video-preview:-1"},"canonical":"https:\/\/ubirataonline.com.br\/en\/thiago-silva-fala-sobre-injecao-e-gol-decisivo\/","og_locale":"en_US","og_type":"article","og_title":"Thiago Silva fala sobre inje\u00e7\u00e3o e gol decisivo","og_description":"Autor do gol da classifica\u00e7\u00e3o do Fluminense para a semifinal da Copa do Brasil, Thiago Silva contou que precisou tomar uma inje\u00e7\u00e3o para \u201cestar um pouco","og_url":"https:\/\/ubirataonline.com.br\/en\/thiago-silva-fala-sobre-injecao-e-gol-decisivo\/","og_site_name":"Ubirat\u00e3 Online Not\u00edcias - A realidade ao seu alcance!","article_publisher":"https:\/\/www.facebook.com\/portalubirataonline","article_author":"https:\/\/www.facebook.com\/portalubirataonline","article_published_time":"2025-09-11T17:25:20+00:00","og_image":[{"url":"https:\/\/www.tribunapr.com.br\/wp-content\/uploads\/2025\/09\/08183613\/Apresentacao-de-TCC-vintage-retro-com-blur-vermelho-e-roxo-2025-09-08T183517.087-370x210.jpg","type":"","width":"","height":""}],"author":"REDA\u00c7\u00c3O: UBIRAT\u00c3 ONLINE - F\u00c1BIO AUGUSTO CELESTINO","twitter_card":"summary_large_image","twitter_creator":"@x.com\/ubirataonline","twitter_site":"@ubirataonline","twitter_misc":{"Written by":"REDA\u00c7\u00c3O: UBIRAT\u00c3 ONLINE - F\u00c1BIO AUGUSTO CELESTINO","Est. reading time":"2 minutes"},"schema":{"@context":"https:\/\/schema.org","@graph":[{"@type":"NewsArticle","@id":"https:\/\/ubirataonline.com.br\/thiago-silva-fala-sobre-injecao-e-gol-decisivo\/#article","isPartOf":{"@id":"https:\/\/ubirataonline.com.br\/thiago-silva-fala-sobre-injecao-e-gol-decisivo\/"},"author":{"name":"REDA\u00c7\u00c3O: UBIRAT\u00c3 ONLINE - F\u00c1BIO AUGUSTO CELESTINO","@id":"https:\/\/ubirataonline.com.br\/#\/schema\/person\/372f87bbd3fdd79b8556b84c98d0bc1c"},"headline":"Thiago Silva fala sobre inje\u00e7\u00e3o e gol decisivo","datePublished":"2025-09-11T17:25:20+00:00","mainEntityOfPage":{"@id":"https:\/\/ubirataonline.com.br\/thiago-silva-fala-sobre-injecao-e-gol-decisivo\/"},"wordCount":416,"publisher":{"@id":"https:\/\/ubirataonline.com.br\/#organization"},"image":{"@id":"https:\/\/ubirataonline.com.br\/thiago-silva-fala-sobre-injecao-e-gol-decisivo\/#primaryimage"},"thumbnailUrl":"https:\/\/ubirataonline.com.br\/wp-content\/uploads\/2025\/09\/thiago-silva.jpg","articleSection":["Ubirat\u00e3"],"inLanguage":"en-US","copyrightYear":"2025","copyrightHolder":{"@id":"https:\/\/ubirataonline.com.br\/en\/#organization"}},{"@type":"WebPage","@id":"https:\/\/ubirataonline.com.br\/thiago-silva-fala-sobre-injecao-e-gol-decisivo\/","url":"https:\/\/ubirataonline.com.br\/thiago-silva-fala-sobre-injecao-e-gol-decisivo\/","name":"Thiago Silva fala sobre inje\u00e7\u00e3o e gol decisivo - Ubirat\u00e3 Online Not\u00edcias - A realidade ao seu alcance!","isPartOf":{"@id":"https:\/\/ubirataonline.com.br\/#website"},"primaryImageOfPage":{"@id":"https:\/\/ubirataonline.com.br\/thiago-silva-fala-sobre-injecao-e-gol-decisivo\/#primaryimage"},"image":{"@id":"https:\/\/ubirataonline.com.br\/thiago-silva-fala-sobre-injecao-e-gol-decisivo\/#primaryimage"},"thumbnailUrl":"https:\/\/ubirataonline.com.br\/wp-content\/uploads\/2025\/09\/thiago-silva.jpg","datePublished":"2025-09-11T17:25:20+00:00","description":"Autor do gol da classifica\u00e7\u00e3o do Fluminense para a semifinal da Copa do Brasil, Thiago Silva contou que precisou tomar uma inje\u00e7\u00e3o para \u201cestar um pouco","breadcrumb":{"@id":"https:\/\/ubirataonline.com.br\/thiago-silva-fala-sobre-injecao-e-gol-decisivo\/#breadcrumb"},"inLanguage":"en-US","potentialAction":[{"@type":"ReadAction","target":["https:\/\/ubirataonline.com.br\/thiago-silva-fala-sobre-injecao-e-gol-decisivo\/"]}]},{"@type":"ImageObject","inLanguage":"en-US","@id":"https:\/\/ubirataonline.com.br\/thiago-silva-fala-sobre-injecao-e-gol-decisivo\/#primaryimage","url":"https:\/\/ubirataonline.com.br\/wp-content\/uploads\/2025\/09\/thiago-silva.jpg","contentUrl":"https:\/\/ubirataonline.com.br\/wp-content\/uploads\/2025\/09\/thiago-silva.jpg","width":1200,"height":800},{"@type":"BreadcrumbList","@id":"https:\/\/ubirataonline.com.br\/thiago-silva-fala-sobre-injecao-e-gol-decisivo\/#breadcrumb","itemListElement":[{"@type":"ListItem","position":1,"name":"In\u00edcio","item":"https:\/\/ubirataonline.com.br\/"},{"@type":"ListItem","position":2,"name":"Thiago Silva fala sobre inje\u00e7\u00e3o e gol decisivo"}]},{"@type":"WebSite","@id":"https:\/\/ubirataonline.com.br\/#website","url":"https:\/\/ubirataonline.com.br\/","name":"Ubirat\u00e3 Online Not\u00edcias","description":"Not\u00edcias de Ubirat\u00e3, regi\u00e3o, Brasil e mundo, com informa\u00e7\u00e3o atualizada e compromisso com o leitor.","publisher":{"@id":"https:\/\/ubirataonline.com.br\/#organization"},"alternateName":"Ubirat\u00e3 Online","potentialAction":[{"@type":"SearchAction","target":{"@type":"EntryPoint","urlTemplate":"https:\/\/ubirataonline.com.br\/?s={search_term_string}"},"query-input":{"@type":"PropertyValueSpecification","valueRequired":true,"valueName":"search_term_string"}}],"inLanguage":"en-US"},{"@type":["Organization","Place"],"@id":"https:\/\/ubirataonline.com.br\/#organization","name":"Ubirat\u00e3 Online Not\u00edcias","alternateName":"Ubirat\u00e3 Online","url":"https:\/\/ubirataonline.com.br\/","logo":{"@id":"https:\/\/ubirataonline.com.br\/thiago-silva-fala-sobre-injecao-e-gol-decisivo\/#local-main-organization-logo"},"image":{"@id":"https:\/\/ubirataonline.com.br\/thiago-silva-fala-sobre-injecao-e-gol-decisivo\/#local-main-organization-logo"},"sameAs":["https:\/\/www.facebook.com\/portalubirataonline","https:\/\/x.com\/ubirataonline","https:\/\/mastodon.social\/@ubirataonline","https:\/\/www.facebook.com\/groups\/311144672285604","https:\/\/www.facebook.com\/UBTAOnline","https:\/\/www.instagram.com\/portalubirataonline\/","https:\/\/twitter.com\/ubirataonline"],"description":"Somos um portal de not\u00edcias independente, criado em 5 de janeiro de 2009, com o objetivo de informar, conectar e valorizar a nossa comunidade de Ubirat\u00e3 e toda aregi\u00e3o. Com conte\u00fado atualizado, confi\u00e1vel e relevante, o Ubirat\u00e3 Online \u00e9 o seu espa\u00e7o para ficar por dentro dos principais acontecimentos locais, regionais, Brasil, Mundo e de interesse geral. Nosso compromisso \u00e9 com a verdade, a transpar\u00eancia e o respeito ao leitor.","legalName":"UBIRATA ONLINE NOT\u00cdCIAS","foundingDate":"2009-01-05","numberOfEmployees":{"@type":"QuantitativeValue","minValue":"1","maxValue":"10"},"publishingPrinciples":"https:\/\/ubirataonline.com.br\/faq\/","address":{"@id":"https:\/\/ubirataonline.com.br\/thiago-silva-fala-sobre-injecao-e-gol-decisivo\/#local-main-place-address"},"geo":{"@type":"GeoCoordinates","latitude":"-24.5361401","longitude":"-52.9921776"},"telephone":["+5544998308235"],"contactPoint":{"@type":"ContactPoint","email":"contato@ubirataonline.com.br"},"openingHoursSpecification":{"@type":"OpeningHoursSpecification","dayOfWeek":["Monday","Tuesday","Wednesday","Thursday","Friday","Saturday","Sunday"],"opens":"00:00","closes":"23:59"},"email":"contato@ubirataonline.com.br","vatID":"47.621.418\/0001-80"},{"@type":"Person","@id":"https:\/\/ubirataonline.com.br\/#\/schema\/person\/372f87bbd3fdd79b8556b84c98d0bc1c","name":"REDA\u00c7\u00c3O: UBIRAT\u00c3 ONLINE - F\u00c1BIO AUGUSTO CELESTINO","pronouns":"Ele","description":"Desde 2003 trabalhando com not\u00edcias.","sameAs":["http:\/\/ubirataoline.com.br","https:\/\/www.facebook.com\/portalubirataonline","https:\/\/www.instagram.com\/ubirataonline_oficial","https:\/\/x.com\/x.com\/ubirataonline"],"honorificPrefix":"Mr.","honorificSuffix":"MD","birthDate":"1980-06-16","gender":"masculino","award":["V\u00e1rios pr\u00eamios de melhor portal da cidade"],"jobTitle":"Diretor","url":"https:\/\/ubirataonline.com.br\/en\/author\/ubirataonline\/"},{"@type":"PostalAddress","@id":"https:\/\/ubirataonline.com.br\/thiago-silva-fala-sobre-injecao-e-gol-decisivo\/#local-main-place-address","streetAddress":"Rua dos Coqueiros, 104 - Bairro Boa Vista, Rua dos Coqueiros, 104 Bairro Boa Vista","addressLocality":"UBIRATA","postalCode":"85440-000","addressRegion":"PR","addressCountry":"BR"},{"@type":"ImageObject","inLanguage":"en-US","@id":"https:\/\/ubirataonline.com.br\/thiago-silva-fala-sobre-injecao-e-gol-decisivo\/#local-main-organization-logo","url":"https:\/\/ubirataonline.com.br\/wp-content\/uploads\/2026\/06\/logoubirataonline-1.webp","contentUrl":"https:\/\/ubirataonline.com.br\/wp-content\/uploads\/2026\/06\/logoubirataonline-1.webp","width":500,"height":500,"caption":"Ubirat\u00e3 Online Not\u00edcias"}]},"geo.placename":"UBIRATA","geo.position":{"lat":"-24.5361401","long":"-52.9921776"},"geo.region":"Brazil"},"_links":{"self":[{"href":"https:\/\/ubirataonline.com.br\/en\/wp-json\/wp\/v2\/posts\/67996","targetHints":{"allow":["GET"]}}],"collection":[{"href":"https:\/\/ubirataonline.com.br\/en\/wp-json\/wp\/v2\/posts"}],"about":[{"href":"https:\/\/ubirataonline.com.br\/en\/wp-json\/wp\/v2\/types\/post"}],"author":[{"embeddable":true,"href":"https:\/\/ubirataonline.com.br\/en\/wp-json\/wp\/v2\/users\/1"}],"replies":[{"embeddable":true,"href":"https:\/\/ubirataonline.com.br\/en\/wp-json\/wp\/v2\/comments?post=67996"}],"version-history":[{"count":0,"href":"https:\/\/ubirataonline.com.br\/en\/wp-json\/wp\/v2\/posts\/67996\/revisions"}],"wp:featuredmedia":[{"embeddable":true,"href":"https:\/\/ubirataonline.com.br\/en\/wp-json\/wp\/v2\/media\/67997"}],"wp:attachment":[{"href":"https:\/\/ubirataonline.com.br\/en\/wp-json\/wp\/v2\/media?parent=67996"}],"wp:term":[{"taxonomy":"category","embeddable":true,"href":"https:\/\/ubirataonline.com.br\/en\/wp-json\/wp\/v2\/categories?post=67996"},{"taxonomy":"post_tag","embeddable":true,"href":"https:\/\/ubirataonline.com.br\/en\/wp-json\/wp\/v2\/tags?post=67996"}],"curies":[{"name":"wp","href":"https:\/\/api.w.org\/{rel}","templated":true}]}}