{"id":68000,"date":"2025-09-11T15:21:18","date_gmt":"2025-09-11T18:21:18","guid":{"rendered":"https:\/\/ubirataonline.com.br\/pele-por-que-cuidamos-tao-mal-do-maior-orgao-do-corpo\/"},"modified":"2025-09-11T15:21:18","modified_gmt":"2025-09-11T18:21:18","slug":"pele-por-que-cuidamos-tao-mal-do-maior-orgao-do-corpo","status":"publish","type":"post","link":"https:\/\/ubirataonline.com.br\/en\/pele-por-que-cuidamos-tao-mal-do-maior-orgao-do-corpo\/","title":{"rendered":"Pele: por que cuidamos t\u00e3o mal do maior \u00f3rg\u00e3o do corpo?"},"content":{"rendered":"<p><\/p>\n<div id=\"\">\n<p>\u00c9 um paradoxo <strong>reluzente<\/strong>: o povo que ama um produto de beleza e um procedimento est\u00e9tico \u00e9 o mesmo que n\u00e3o frequenta como deveria o consult\u00f3rio do m\u00e9dico que zela pela pele.<\/p>\n<p>\u00c9 o que dedura um levantamento in\u00e9dito da Sociedade Brasileira de Dermatologia (SBD), em parceria com a divis\u00e3o de Beleza Dermatol\u00f3gica do Grupo L\u2019Or\u00e9al no Brasil.<\/p>\n<p>A constata\u00e7\u00e3o:<strong> 54% da nossa popula\u00e7\u00e3o \u2014 ou seja, mais de 100 milh\u00f5es de pessoas \u2014 nunca foi a um dermatologista.<\/strong><\/p>\n<p>\u201cEmbora expressivo, esse n\u00famero, infelizmente, n\u00e3o \u00e9 surpreendente\u201d, afirma Carlos Barcaui, presidente da SBD. \u201cN\u00e3o s\u00f3 o conhecimento sobre a import\u00e2ncia da <a href=\"https:\/\/saude.abril.com.br\/medicina\/saiba-qual-a-doenca-de-pele-mais-diagnosticada-entre-os-brasileiros\/\" target=\"_blank\" rel=\"noopener\">sa\u00fade da pele<\/a> precisa ser ampliado como a aus\u00eancia de consultas regulares compromete a preven\u00e7\u00e3o, o diagn\u00f3stico e o tratamento de doen\u00e7as que v\u00e3o muito al\u00e9m da est\u00e9tica.\u201d<\/p>\n<p>Uma contradi\u00e7\u00e3o e tanto, se levarmos em conta que a pele \u00e9 um \u00f3rg\u00e3o como o c\u00e9rebro e o cora\u00e7\u00e3o; melhor dizendo: o maior \u00f3rg\u00e3o do corpo.<\/p>\n<p><strong>+ Leia tamb\u00e9m: <a href=\"https:\/\/saude.abril.com.br\/mente-saudavel\/pele-e-emocoes-como-sentimentos-afetam-sua-saude-cutanea\/\">Pele e emo\u00e7\u00f5es: como sentimentos afetam sua sa\u00fade cut\u00e2nea<\/a><\/strong><\/p>\n<p>Apesar de os problemas cut\u00e2neos serem prevalentes, os brasileiros vivem em meio a um duplo desafio: a <strong>falta de informa\u00e7\u00e3o<\/strong> <strong>a respeito e de acesso \u00e0 especialidade<\/strong> que cuida da pele.<\/p>\n<p>\u201cEm muitas regi\u00f5es do pa\u00eds, sobretudo fora dos grandes centros urbanos, h\u00e1 poucos dermatologistas na rede p\u00fablica\u201d, aponta a dermatologista B\u00e1rbara Miguel, do Einstein Hospital Israelita, em S\u00e3o Paulo. \u201cMuitas vezes, o atendimento especializado chega tarde ou, em alguns casos, nem chega.\u201d<\/p>\n<div class=\"ads post-ads noreadme-audima\">\n    <span class=\"title\">Continua ap\u00f3s a publicidade<\/span><\/p>\n<\/div>\n<p>Outro fator que explica a procura aqu\u00e9m do esperado \u00e9 cultural. \u201cH\u00e1 estigmas que associam o cuidado da pele a algo sup\u00e9rfluo\u201d, lamenta o dermatologista Joaquim Xavier, do Hospital S\u00edrio-Liban\u00eas, em Bras\u00edlia. Entre os homens, por exemplo, ainda \u00e9 comum a ideia de que tratar da pele \u00e9 prerrogativa das mulheres.<\/p>\n<figure id=\"attachment_146739\" class=\"wp-caption alignnone\">\n    <img loading=\"lazy\" decoding=\"async\" alt=\"saude-medicina-dermatologia-pele-dados-pesquisa\" class=\"size-full wp-image-146739\" src=\"https:\/\/saude.abril.com.br\/wp-content\/uploads\/2025\/08\/saude-medicina-dermatologia-pele-dados-pesquisa.png?quality=85&amp;w=1024&amp;crop=1\" border=\"0\" title=\"saude-medicina-dermatologia-pele-dados-pesquisa\" width=\"1024\" height=\"682\" data-restrict=\"false\" data-portal-copyright=\"Design e ilustra\u00e7\u00f5es: Laura Luduvig\/Est\u00fadio Tigre\" data-image-caption=\"Clique para ampliar\" data-image-title=\"\" data-image-source=\"Veja Sa\u00fade\"\/><figcaption class=\"noreadme-audima wp-caption-text\"> Clique para ampliar <span>(Design e ilustra\u00e7\u00f5es: Laura Luduvig\/Est\u00fadio Tigre\/Veja Sa\u00fade)<\/span><\/figcaption><\/figure>\n<p>Na pesquisa da SBD, baseada em 2 mil entrevistas realizadas pelo Instituto Datafolha com representatividade nacional, descobriu-se que, entre os <strong>46%<\/strong> dos cidad\u00e3os que afirmam j\u00e1 ter ido a um dermato, <strong>14%<\/strong> costumam agendar uma consulta pelo menos uma vez por ano.<\/p>\n<p>\u00c9 o que recomenda a pr\u00f3pria SBD, refor\u00e7ando que o escopo desse profissional n\u00e3o se resume \u00e0 pele em si, mas se estende \u00e0 avalia\u00e7\u00e3o de <strong>unhas, cabelos e mucosas<\/strong> (como boca, narinas e genitais). \u201cA frequ\u00eancia de visitas varia conforme a idade, o hist\u00f3rico familiar e as condi\u00e7\u00f5es cl\u00ednicas do paciente\u201d, resume Barcaui.<\/p>\n<p>Em alguns casos, como feridas que n\u00e3o cicatrizam, coceiras que n\u00e3o cessam ou les\u00f5es que mudam de forma, cor ou tamanho, o indiv\u00edduo n\u00e3o deve esperar um ano para agendar consulta. \u201cA detec\u00e7\u00e3o precoce \u00e9 essencial para qualquer tratamento\u201d, ressalta o m\u00e9dico.<\/p>\n<div class=\"ads post-ads noreadme-audima\">\n    <span class=\"title\">Continua ap\u00f3s a publicidade<\/span><\/p>\n<\/div>\n<p>Alguns achados do mapeamento ao menos s\u00e3o <strong>positivos<\/strong>. A <strong>preven\u00e7\u00e3o de doen\u00e7as<\/strong> foi o principal motivo a levar as pessoas ao dermato, alcan\u00e7ando o \u00edndice de 38% de respostas dos participantes. <strong>Higiene pessoal<\/strong> vem em segundo lugar (34%) e <strong>autoestima<\/strong> em terceiro (13%).<\/p>\n<h2>A import\u00e2ncia do autoexame<\/h2>\n<p>Se a ida ao expert deve ser anual, o autoexame da pele deveria ser feito uma vez ao m\u00eas. \u00c9 o que defende a dermatologista Mariele Bevilaqua, do Hospital Moinhos de Vento, em Porto Alegre: \u201cEle \u00e9 uma ferramenta importante para diagnosticarmos mais cedo problemas como o c\u00e2ncer de pele\u201d.<\/p>\n<p>E leva menos de uma hora. \u201cO autoexame deve ser feito em um ambiente bem iluminado, com dois espelhos: um de corpo inteiro e outro de m\u00e3o para \u00e1reas dif\u00edceis, como as costas e o cabelo. O ideal \u00e9 observar pintas, manchas ou les\u00f5es novas, e ficar atento \u00e0s j\u00e1 existentes\u201d, detalha Bevilaqua.<\/p>\n<p><strong>+ Leia tamb\u00e9m: <a href=\"https:\/\/saude.abril.com.br\/medicina\/botox-reduz-estresse-o-que-a-ciencia-diz-sobre-a-nova-moda-do-tiktok\/\" target=\"_blank\" rel=\"noopener\">Botox reduz estresse? O que a ci\u00eancia diz sobre a nova moda do TikTok<\/a><\/strong><\/p>\n<p>A quest\u00e3o \u00e9 que seis em cada dez respondentes do estudo da SBD <strong>n\u00e3o costumam fazer o autoexame<\/strong>. Entre os<strong> 37%<\/strong> que separam um tempo da rotina para esse ritual protetor, cerca de <strong>40%<\/strong> disseram ter notado algo estranho na pele, nas unhas ou no cabelo nos \u00faltimos 12 meses \u2014 <strong>22%<\/strong> identificaram queda dos fios, <strong>13%<\/strong> relataram unhas quebradi\u00e7as e <strong>11%<\/strong> observaram <a href=\"https:\/\/saude.abril.com.br\/autoestima\/5-acidos-para-clarear-manchas-na-pele\/\">manchas<\/a> cut\u00e2neas.<\/p>\n<p>O fato \u00e9 que 20% da popula\u00e7\u00e3o <strong>nunca tirou horas do m\u00eas para investigar o pr\u00f3prio corpo<\/strong> em busca de sintomas suspeitos. No entanto, especialmente diante de algumas particularidades, essa inspe\u00e7\u00e3o se torna ainda mais vital.<\/p>\n<div class=\"ads post-ads noreadme-audima\">\n    <span class=\"title\">Continua ap\u00f3s a publicidade<\/span><\/p>\n<\/div>\n<p>\u201cTodo mundo deve fazer o autoexame, principalmente se tiver uma maior propens\u00e3o ao c\u00e2ncer de pele. Ou seja, pessoas de pele e olhos claros, com hist\u00f3rico familiar ou intensa exposi\u00e7\u00e3o ao sol\u201d, sublinha Xavier.<\/p>\n<p>Prestar mais aten\u00e7\u00e3o ao tecido que recobre o organismo faz todo o sentido se pensarmos que a incid\u00eancia de doen\u00e7as cut\u00e2neas \u00e9 significativa. Em outra pesquisa da SBD, com<strong> 1,2 mil dermatologistas<\/strong>, a entidade desvendou os problemas mais diagnosticados no Brasil: acne, psor\u00edase, c\u00e2ncer de pele e dermatite at\u00f3pica (<strong>saiba mais nos quadros da reportagem<\/strong>).<\/p>\n<p>\u201cTodas essas condi\u00e7\u00f5es podem ser preocupantes, embora o c\u00e2ncer seja mais grave por poder levar inclusive a \u00f3bito se n\u00e3o for detectado e tratado\u201d, afirma o dermatologista Heitor Gon\u00e7alves, coordenador do levantamento. \u201cAinda assim, essas doen\u00e7as s\u00e3o cercadas de estigmas. A acne pode deixar cicatrizes. A psor\u00edase pode levar a incapacidades f\u00edsicas.\u201d<\/p>\n<h2>O c\u00e2ncer de pele<\/h2>\n<p>O diagn\u00f3stico precoce, que exige o olhar do dermato, se mostra ainda mais cr\u00edtico quando se fala no mais temido dos c\u00e2nceres de pele, o melanoma. S\u00e3o previstos cerca de 8,4 mil novos casos no pa\u00eds neste ano. Existem tr\u00eas principais tipos de les\u00e3o maligna cut\u00e2nea.<\/p>\n<p>\u201cO melanoma \u00e9 a menos frequente, mas a mais perigosa\u201d, frisa Miguel. \u201cAgora, quando descobrimos a doen\u00e7a logo no in\u00edcio, as chances de cura passam de 90%\u201d, continua a m\u00e9dica do Einstein.<\/p>\n<div class=\"ads post-ads noreadme-audima\">\n    <span class=\"title\">Continua ap\u00f3s a publicidade<\/span><\/p>\n<\/div>\n<p>Os outros dois tipos s\u00e3o o <strong>carcinoma <a href=\"https:\/\/saude.abril.com.br\/medicina\/tipos-de-cancer-de-pele\/\">basocelular<\/a> e o carcinoma <a href=\"https:\/\/saude.abril.com.br\/medicina\/carcinoma-espinocelular-o-que-e-e-como-tratar-esse-cancer-de-pele\/\">espinocelular<\/a><\/strong>: o primeiro \u00e9 o mais <strong>comum<\/strong> e menos <strong>agressivo,<\/strong> e ambos aparecem sobretudo em \u00e1reas do corpo expostas \u00e0 <strong>radia\u00e7\u00e3o solar,<\/strong> como rosto, orelhas e couro cabeludo.<\/p>\n<p>Pois \u00e9, cerca de 65% dos tumores cut\u00e2neos s\u00e3o provocados pelos <strong>raios ultravioleta<\/strong> do sol. Portanto, cuidar da pele significa fugir ou proteger-se do astro-rei. Em outras palavras, procurar as sombras e usar o <a href=\"https:\/\/saude.abril.com.br\/coluna\/beleza-sem-filtro\/o-melhor-protetor-solar-para-quem-odeia-protetor-solar\/\">filtro solar<\/a>.<\/p>\n<p>Trata-se de uma quest\u00e3o de <strong>sa\u00fade p\u00fablica<\/strong>, a ponto de m\u00e9dicos advogarem pelo <strong>fornecimento gratuito<\/strong> do produto. Em algumas regi\u00f5es do pa\u00eds, iniciativas p\u00fablicas j\u00e1 o oferecem a grupos espec\u00edficos, como pacientes com <a href=\"https:\/\/saude.abril.com.br\/coluna\/com-a-palavra\/lupus-quando-o-organismo-luta-contra-ele-proprio\/\"><strong>l\u00fapus<\/strong><\/a>.<\/p>\n<p><strong>+ Leia tamb\u00e9m: <a href=\"https:\/\/saude.abril.com.br\/autoestima\/esqualano-saiba-para-que-serve-e-como-funciona-esse-cosmetico\/\">Esqualano: saiba para que serve e como funciona esse cosm\u00e9tico<\/a><\/strong><\/p>\n<figure id=\"attachment_146740\" class=\"wp-caption alignnone\">\n    <img loading=\"lazy\" decoding=\"async\" alt=\"saude-medicina-dermatologia-pele-dados-acne\" class=\"size-full wp-image-146740\" src=\"https:\/\/saude.abril.com.br\/wp-content\/uploads\/2025\/08\/saude-medicina-dermatologia-pele-dados-acne.png?quality=85&amp;w=1024&amp;crop=1\" border=\"0\" title=\"saude-medicina-dermatologia-pele-dados-acne\" width=\"1024\" height=\"682\" data-restrict=\"false\" data-portal-copyright=\"Design e ilustra\u00e7\u00f5es: Laura Luduvig\/Est\u00fadio Tigre\" data-image-caption=\"Clique para ampliar\" data-image-title=\"\" data-image-source=\"Veja Sa\u00fade\"\/><figcaption class=\"noreadme-audima wp-caption-text\"> Clique para ampliar <span>(Design e ilustra\u00e7\u00f5es: Laura Luduvig\/Est\u00fadio Tigre\/Veja Sa\u00fade)<\/span><\/figcaption><\/figure>\n<h2><strong>Acne<\/strong><\/h2>\n<p>Atire o primeiro creme quem nunca espremeu <strong>cravos ou <a href=\"https:\/\/saude.abril.com.br\/medicina\/espinha-interna-como-lidar-com-esse-incomodo-problema\/\">espinhas<\/a><\/strong>. O h\u00e1bito, embora comum entre os <strong>adolescentes,<\/strong> \u00e9 desaconselhado pelos m\u00e9dicos. Em vez de resolver o problema, pode <strong>agravar<\/strong> a situa\u00e7\u00e3o. Segundo os dermatologistas, a manipula\u00e7\u00e3o leva \u00e0 infec\u00e7\u00e3o! Acne tem a ver com horm\u00f4nio sexual, que come\u00e7a a ser produzido na puberdade: o <strong>androg\u00eanio<\/strong> (nos meninos) e o <strong>estrog\u00eanio<\/strong> (nas meninas).<\/p>\n<div class=\"ads post-ads noreadme-audima\">\n    <span class=\"title\">Continua ap\u00f3s a publicidade<\/span><\/p>\n<\/div>\n<p>Eles s\u00e3o produzidos tanto pelos ov\u00e1rios e test\u00edculos quanto pelas <strong>gl\u00e2ndulas suprarrenais<\/strong> (acima dos rins) em ambos os sexos. Tem a ver tamb\u00e9m com a inflama\u00e7\u00e3o das gl\u00e2ndulas seb\u00e1ceas.<\/p>\n<p>Em geral, as les\u00f5es aparecem no rosto, mas algumas delas podem surgir nas costas, nos ombros e no peito. Fatores que <a href=\"https:\/\/saude.abril.com.br\/autoestima\/acne-7-fatores-que-pioram-o-problema-na-pele\/\">favorecem<\/a> sua piora s\u00e3o o estresse e a menstrua\u00e7\u00e3o.<\/p>\n<p>Ali\u00e1s, \u00e9 lenda a hist\u00f3ria de que o problema s\u00f3 perturba os jovens \u2014 pode dar as caras at\u00e9 na <strong>menopausa.<\/strong> E o ideal \u00e9 trat\u00e1-lo quanto antes. N\u00e3o s\u00f3 para prevenir <strong>cicatrizes,<\/strong> mas tamb\u00e9m para evitar arranh\u00f5es \u00e0 autoestima.<\/p>\n<p><strong>+Leia tamb\u00e9m:\u00a0<a href=\"https:\/\/saude.abril.com.br\/medicina\/novo-arsenal-para-acabar-com-a-acne\/\">Novo arsenal para acabar com a acne<\/a><\/strong><\/p>\n<h2>Psor\u00edase<\/h2>\n<p>Les\u00f5es no couro cabeludo, manchas vermelhas pelo corpo e incha\u00e7os nas articula\u00e7\u00f5es. Esses s\u00e3o alguns dos sintomas da <a href=\"https:\/\/saude.abril.com.br\/autoestima\/o-que-e-psoriase-doenca-de-beyonce-no-couro-cabeludo\/\"><strong>psor\u00edase<\/strong><\/a>. Ela n\u00e3o tem nada de contagiosa.<\/p>\n<p>A exemplo da acne, \u00e9 uma doen\u00e7a de <strong>base inflamat\u00f3ria.<\/strong> Em 30% dos casos, pode atingir as articula\u00e7\u00f5es \u2014 o nome que se d\u00e1, nessas circunst\u00e2ncias, \u00e9 <a href=\"https:\/\/saude.abril.com.br\/coluna\/com-a-palavra\/artrite-psoriasica-uma-em-cada-tres-pessoas-com-psoriase-tem-a-doenca\/\">artrite psori\u00e1sica<\/a>.<\/p>\n<p>H\u00e1<strong> v\u00e1rios tipos<\/strong> de psor\u00edase: desde as mais comuns, como a vulgar, que podem causar dor e coceira, at\u00e9 as mais raras, como a eritrod\u00e9rmica, que provoca febre e calafrios.<\/p>\n<p>A doen\u00e7a pode aparecer em diversas partes do corpo, como <strong>joelhos e cotovelos<\/strong>. Mas tamb\u00e9m nas <strong>unhas<\/strong> (psor\u00edase ungueal) e nas <strong>axilas<\/strong> (invertida). Nos casos mais <strong>graves,<\/strong> a pele pode apresentar <strong>rachaduras<\/strong> e <strong>sangramento.<\/strong><\/p>\n<p>O tratamento <strong>varia<\/strong> de acordo com a <strong>gravidade.<\/strong> Pode ser <strong>t\u00f3pico<\/strong> (cremes e pomadas), <strong>sist\u00eamico<\/strong> (comprimido), <strong>biol\u00f3gico<\/strong> (inje\u00e7\u00e3o) e <strong>fototer\u00e1pico<\/strong> (exposi\u00e7\u00e3o controlada \u00e0 luz ultravioleta).<\/p>\n<figure id=\"attachment_146732\" class=\"wp-caption alignnone\">\n    <img loading=\"lazy\" decoding=\"async\" alt=\"saude-medicina-dermatologia-pele-psoriase-acne\" class=\"size-full wp-image-146732\" src=\"https:\/\/saude.abril.com.br\/wp-content\/uploads\/2025\/08\/saude-medicina-dermatologia-pele-psoriase-acne.png?quality=85&amp;w=1024&amp;crop=1\" border=\"0\" title=\"saude-medicina-dermatologia-pele-psoriase-acne\" width=\"1024\" height=\"682\" data-restrict=\"false\" data-portal-copyright=\"Design e ilustra\u00e7\u00f5es: Laura Luduvig\/Est\u00fadio Tigre\" data-image-caption=\"Autoexame permite identificar altera\u00e7\u00f5es na pele\" data-image-title=\"\" data-image-source=\"Veja Sa\u00fade\"\/><figcaption class=\"noreadme-audima wp-caption-text\"> Autoexame permite identificar altera\u00e7\u00f5es na pele <span>(Design e ilustra\u00e7\u00f5es: Laura Luduvig\/Est\u00fadio Tigre\/Veja Sa\u00fade)<\/span><\/figcaption><\/figure>\n<h2>Prote\u00e7\u00e3o solar \u00e9 a base do cuidado<\/h2>\n<p>Quando o assunto \u00e9 <strong>preven\u00e7\u00e3o<\/strong>, um conselho \u00e9 unanimidade entre os m\u00e9dicos: evitar a exposi\u00e7\u00e3o solar, se poss\u00edvel, <a href=\"https:\/\/saude.abril.com.br\/coluna\/boa-pergunta\/a-exposicao-ao-sol-das-10h-as-16h-ainda-e-a-mais-perigosa-para-a-saude\/\"><strong>entre 10 e 16h<\/strong><\/a> \u2014 o pico de incid\u00eancia dos raios ultravioleta.<\/p>\n<p>Para n\u00e3o ter erro, vale a pena <a href=\"https:\/\/saude.abril.com.br\/medicina\/tem-jeito-certo-de-passar-protetor-solar-e-pouca-gente-sabe-como-e\/\">passar o protetor solar<\/a> com <strong>FPS de no m\u00ednimo 30<\/strong> \u2014 FPS \u00e9 o fator de prote\u00e7\u00e3o solar, que indica o tempo que a pele pode ficar exposta sem se queimar em compara\u00e7\u00e3o com o tempo sem prote\u00e7\u00e3o, 30, 50, 60 minutos\u2026<\/p>\n<p>E se lembrar de que, na praia ou na piscina, \u00e9 preciso<strong> reaplicar o produto<\/strong> a cada duas horas. Investir em bon\u00e9s, chap\u00e9us de aba larga, camisetas de manga comprida e \u00f3culos escuros tamb\u00e9m \u00e9 bem-vindo. \u201cMesmo roupas comuns j\u00e1 nos protegem do sol, principalmente as brancas, que refletem a luz\u201d, diz Gon\u00e7alves.<\/p>\n<p>Sim, uma quantidade consider\u00e1vel de casos de c\u00e2ncer de pele seria evitada se medidas preventivas como essas fossem adotadas com mais abrang\u00eancia. E o ideal, na verdade, \u00e9 que fossem combinadas \u00e0 avalia\u00e7\u00e3o m\u00e9dica peri\u00f3dica: a\u00ed o risco de complica\u00e7\u00f5es tende a desabar.<\/p>\n<p>\u201cA <strong>preven\u00e7\u00e3o prim\u00e1ria<\/strong> \u00e9 respons\u00e1vel pelo combate ao surgimento da doen\u00e7a, enquanto a preven\u00e7\u00e3o secund\u00e1ria \u00e9 respons\u00e1vel pelo diagn\u00f3stico precoce e o tratamento adequado dos tumores, impedindo sua evolu\u00e7\u00e3o\u201d, contextualiza Dolival Lob\u00e3o, chefe do Servi\u00e7o de Dermatologia do Instituto Nacional de C\u00e2ncer (Inca).<\/p>\n<p><strong>+Leia tamb\u00e9m:\u00a0<a href=\"https:\/\/saude.abril.com.br\/coluna\/beleza-sem-filtro\/o-melhor-protetor-solar-para-quem-odeia-protetor-solar\/\">O melhor protetor solar para quem odeia protetor solar<\/a><\/strong><\/p>\n<figure id=\"attachment_146738\" class=\"wp-caption alignnone\">\n    <img loading=\"lazy\" decoding=\"async\" alt=\"saude-medicina-dermatologia-pele-dados-cancer\" class=\"size-full wp-image-146738\" src=\"https:\/\/saude.abril.com.br\/wp-content\/uploads\/2025\/08\/saude-medicina-dermatologia-pele-dados-cancer.png?quality=85&amp;w=1024&amp;crop=1\" border=\"0\" title=\"saude-medicina-dermatologia-pele-dados-cancer\" width=\"1024\" height=\"682\" data-restrict=\"false\" data-portal-copyright=\"Design e ilustra\u00e7\u00f5es: Laura Luduvig\/Est\u00fadio Tigre\" data-image-caption=\"Clique para ampliar\" data-image-title=\"\" data-image-source=\"Veja Sa\u00fade\"\/><figcaption class=\"noreadme-audima wp-caption-text\"> Clique para ampliar <span>(Design e ilustra\u00e7\u00f5es: Laura Luduvig\/Est\u00fadio Tigre\/Veja Sa\u00fade)<\/span><\/figcaption><\/figure>\n<h2>Tratamentos para as doen\u00e7as de pele mais comuns<\/h2>\n<p>T\u00e3o relevante quanto a detec\u00e7\u00e3o prematura \u00e9 a terapia adequada. Um princ\u00edpio que se aplica aos tumores mas tamb\u00e9m \u00e0s outras condi\u00e7\u00f5es que atormentam a pele.<\/p>\n<p>No caso da <strong>acne<\/strong>, cremes, pomadas e comprimidos podem ser receitados para conter as espinhas. Na <strong>psor\u00edase<\/strong>, existem medicamentos de uso oral e injet\u00e1veis, al\u00e9m da fototerapia. Na <strong>dermatite at\u00f3pica<\/strong>, por sua vez, cremes e rem\u00e9dios, inclusive mais modernos, podem frear a inflama\u00e7\u00e3o na pele acompanhada de coceira.<\/p>\n<p>E, falando no c\u00e2ncer, a depender do tipo e do est\u00e1gio, o <a href=\"https:\/\/saude.abril.com.br\/medicina\/com-as-garras-no-cancer-os-avancos-da-imunoterapia-contra-tumores\">portf\u00f3lio de tratamentos<\/a> vai de procedimentos cir\u00fargicos (com bisturi ou laser) a drogas de \u00faltima gera\u00e7\u00e3o que permitem ao sistema imune ca\u00e7ar as c\u00e9lulas tumorais.<\/p>\n<p>\u201cAs pessoas precisam entender de vez que<strong> cuidar da pele \u00e9 cuidar da sa\u00fade<\/strong>\u201d, afirma Barcaui. O presidente da SBD vai al\u00e9m: \u201cA pele fala. E o dermatologista \u00e9 o profissional preparado para escut\u00e1-la\u201d.<\/p>\n<p>Pode ser uma <a href=\"https:\/\/saude.abril.com.br\/medicina\/coceira-no-corpo-conheca-5-motivos-frequentes\/\"><strong>coceira<\/strong><\/a>, uma <a href=\"https:\/\/saude.abril.com.br\/medicina\/o-que-e-micose-causas-sintomas-e-tratamentos\/\">micose<\/a> na unha, uma <a href=\"https:\/\/saude.abril.com.br\/medicina\/minha-queda-de-cabelo-e-genetica-entenda-os-motivos-para-a-perda-dos-fios\/\">queda de cabelo<\/a> sem explica\u00e7\u00e3o\u2026 Ou mesmo uma les\u00e3o persistente.<\/p>\n<p>\u201cSe ela durar mais de tr\u00eas ou quatro semanas, doer, co\u00e7ar ou sangrar, deve ser avaliada quanto antes\u201d, refor\u00e7a Xavier. No fim, \u00e9 preciso derrubar mitos, preconceitos e paradoxos, porque uma pele bonita \u00e9, antes de tudo, uma pele saud\u00e1vel.<\/p>\n<figure id=\"attachment_146731\" class=\"wp-caption alignnone\">\n    <img loading=\"lazy\" decoding=\"async\" alt=\"saude-medicina-dermatologia-pele-cancer-dermatite\" class=\"size-full wp-image-146731\" src=\"https:\/\/saude.abril.com.br\/wp-content\/uploads\/2025\/08\/saude-medicina-dermatologia-pele-cancer-dermatite.png?quality=85&amp;w=1024&amp;crop=1\" border=\"0\" title=\"saude-medicina-dermatologia-pele-cancer-dermatite\" width=\"1024\" height=\"682\" data-restrict=\"false\" data-portal-copyright=\"Design e ilustra\u00e7\u00f5es: Laura Luduvig\/Est\u00fadio Tigre\" data-image-caption=\"Aten\u00e7\u00e3o ao maior \u00f3rg\u00e3o do corpo humano \u00e9 essencial para a sa\u00fade\" data-image-title=\"\" data-image-source=\"Veja Sa\u00fade\"\/><figcaption class=\"noreadme-audima wp-caption-text\"> Aten\u00e7\u00e3o ao maior \u00f3rg\u00e3o do corpo humano \u00e9 essencial para a sa\u00fade <span>(Design e ilustra\u00e7\u00f5es: Laura Luduvig\/Est\u00fadio Tigre\/Veja Sa\u00fade)<\/span><\/figcaption><\/figure>\n<h2>Os tipos de c\u00e2ncer de pele<\/h2>\n<p><strong>Tr\u00eas em cada dez tumores<\/strong> diagnosticados no Brasil s\u00e3o de pele. Todos os anos, o Inca registra <strong>185,4 mil novos casos<\/strong>. Desses, 177 mil s\u00e3o de <a href=\"https:\/\/saude.abril.com.br\/medicina\/carcinoma-conheca-o-tipo-mais-comum-de-cancer\/\">carcinoma<\/a> basocelular e carcinoma espinocelular.<\/p>\n<p>Os outros <strong>8,4 mil<\/strong> s\u00e3o de melanoma. Mais grave, o <a href=\"https:\/\/saude.abril.com.br\/medicina\/melanoma-conheca-o-tipo-mais-agressivo-de-cancer-de-pele\/\"><strong>melanoma<\/strong> <\/a>tem esse nome porque se origina dos melan\u00f3citos, as c\u00e9lulas que produzem <strong>melanina,<\/strong> o pigmento que d\u00e1 cor \u00e0 pele.<\/p>\n<p>Pessoas claras, que se queimam com facilidade quando se exp\u00f5em ao sol, s\u00e3o as que t\u00eam maior risco de desenvolver a doen\u00e7a. Mas quem tem pele negra n\u00e3o est\u00e1 isento.<\/p>\n<p>Nos est\u00e1gios iniciais, o melanoma se desenvolve na camada mais superficial da pele. Isso facilita a remo\u00e7\u00e3o cir\u00fargica e a cura do tumor. Nos mais avan\u00e7ados, atinge a camada mais profunda da pele, aumenta as chances de met\u00e1stase, quando o tumor se espalha por outros \u00f3rg\u00e3os, e reduz a possibilidade de remiss\u00e3o.<\/p>\n<p>Da\u00ed o mantra que os m\u00e9dicos repetem: quanto mais cedo o dermatologista diagnosticar o c\u00e2ncer de pele, melhor ser\u00e1 o progn\u00f3stico do paciente.<\/p>\n<h2>Dermatite at\u00f3pica<\/h2>\n<p>Trata-se de uma <strong>doen\u00e7a de pele inflamat\u00f3ria<\/strong>, aguda ou cr\u00f4nica, caracterizada por vermelhid\u00e3o, coceira e escama\u00e7\u00e3o. Embora seja mais comum na inf\u00e2ncia, alguns casos podem ter origem na adolesc\u00eancia e outros persistirem na fase adulta.<\/p>\n<p>Al\u00e9m da coceira, provoca tamb\u00e9m <a href=\"https:\/\/saude.abril.com.br\/familia\/dermatite-atopica-ainda-gera-estigmas\/\"><strong>ressecamento e les\u00f5es avermelhadas<\/strong><\/a> na pele. Ocorre principalmente nas grandes dobras do corpo, como joelhos, cotovelos e pesco\u00e7o. Alguns fatores pioram o quadro. Caso da baixa umidade do ambiente, de banhos demorados com \u00e1gua quente, do uso de roupas de l\u00e3 e de situa\u00e7\u00f5es de estresse.<\/p>\n<p>Os dois primeiros aumentam a <strong>secura<\/strong> da pele; os dois \u00faltimos provocam <strong>comich\u00e3o<\/strong> pelo corpo. \u00c9 uma combina\u00e7\u00e3o que, inclusive durante o sono, pode abrir caminho a feridas. E feridas s\u00e3o portas abertas para<strong> v\u00edrus e bact\u00e9rias. <\/strong><\/p>\n<p>O <a href=\"https:\/\/saude.abril.com.br\/medicina\/novo-arsenal-contra-a-dermatite-atopica\/\"><strong>tratamento<\/strong> <\/a>age em v\u00e1rias frentes: hidrata a pele, controla a coceira, reduz a inflama\u00e7\u00e3o e previne recorr\u00eancias. Sim, a dermatite at\u00f3pica \u00e9 uma doen\u00e7a c\u00edclica. H\u00e1 per\u00edodos de melhora. Mas h\u00e1 tamb\u00e9m per\u00edodos de reca\u00edda.<\/p>\n<h2>Perigo na esquina<\/h2>\n<p>Nenhum procedimento na pele, por mais simples que seja, \u00e9 \u201cinofensivo\u201d. Todos oferecem riscos. Por essa raz\u00e3o, os m\u00e9dicos recomendam cuidados. O principal \u00e9 verificar a credencial do profissional.<\/p>\n<p>\u00c9 dermatologista? Tem t\u00edtulo de especialista pela SBD? E mais: o espa\u00e7o tem alvar\u00e1 da Ag\u00eancia Nacional de Vigil\u00e2ncia Sanit\u00e1ria (Anvisa) e segue as normas?<\/p>\n<p>\u201c<strong>Evite sal\u00f5es de beleza ou cl\u00ednicas est\u00e9ticas sem supervis\u00e3o m\u00e9dica<\/strong>\u201d, orienta a dermato Mariele Bevilaqua. Por \u00faltimo, converse com seu m\u00e9dico sobre os riscos e os benef\u00edcios do procedimento. \u201cDesconfie de tratamentos divulgados em redes sociais sem respaldo cient\u00edfico\u201d, aconselha Joaquim Xavier.<\/p>\n<p>E voc\u00ea, j\u00e1 foi ao <strong>dermatologista<\/strong> este ano?<\/p>\n<p><strong>+Leia tamb\u00e9m:\u00a0<a href=\"https:\/\/saude.abril.com.br\/medicina\/entre-a-beleza-e-o-perigo-os-riscos-dos-procedimentos-esteticos\/\">Entre a beleza e o perigo: os riscos dos procedimentos est\u00e9ticos<\/a><\/strong><\/p>\n<h2>Como fazer o autoexame<\/h2>\n<p>Uma vez por m\u00eas, dedique um tempo da agenda a<strong> inspecionar sua pele<\/strong>. O check-up inclui desde \u00e1reas um tanto \u00f3bvias, como rosto e pesco\u00e7o, at\u00e9 outras, mais inusitadas, como a palma da m\u00e3o e a planta do p\u00e9.<\/p>\n<p>O que investigar? Bem, os m\u00e9dicos t\u00eam uma dica para pintas e les\u00f5es: a <strong>regra ABCDE<\/strong>. O A \u00e9 de assimetria, o B \u00e9 de borda, o C \u00e9 de cor, o D \u00e9 de dimens\u00e3o e o E, de evolu\u00e7\u00e3o.<\/p>\n<p>Se a mancha \u00e9 <strong>assim\u00e9trica,<\/strong> ou seja, um lado \u00e9 diferente do outro, pode ser algo maligno. Se n\u00e3o \u00e9, tende a ser benigno. Se tem a borda irregular (B), dois ou mais tons (C), \u00e9 maior que 6 mm (D) e muda de forma, tamanho ou corpo (E), procure um <strong>m\u00e9dico<\/strong> para investigar.<\/p>\n<div class=\"box-app-phone-share noreadme-audima\">\n<p>Compartilhe essa mat\u00e9ria via:<\/p>\n<\/p><\/div>\n<\/p><\/div>\n<p><a href=\"https:\/\/saude.abril.com.br\/medicina\/pele-por-que-cuidamos-tao-mal-do-maior-orgao-do-corpo\/\">Source link <\/a><\/p>","protected":false},"excerpt":{"rendered":"<p>\u00c9 um paradoxo reluzente: o povo que ama um produto de beleza e um procedimento est\u00e9tico \u00e9 o mesmo que n\u00e3o frequenta como deveria o consult\u00f3rio do m\u00e9dico que zela pela pele. \u00c9 o que dedura um levantamento in\u00e9dito da Sociedade Brasileira de Dermatologia (SBD), em parceria com a divis\u00e3o de Beleza Dermatol\u00f3gica do Grupo [&hellip;]<\/p>\n","protected":false},"author":1,"featured_media":68001,"comment_status":"","ping_status":"","sticky":false,"template":"","format":"standard","meta":{"googlesitekit_rrm_CAow2JLhCw:productID":"","_gspb_post_css":"","maa_idioma":"","maa_pais":"","footnotes":""},"categories":[4],"tags":[],"class_list":["post-68000","post","type-post","status-publish","format-standard","has-post-thumbnail","hentry","category-brasil"],"blocksy_meta":[],"yoast_head":"<!-- This site is optimized with the Yoast SEO Premium plugin v27.6 (Yoast SEO v27.6) - https:\/\/yoast.com\/product\/yoast-seo-premium-wordpress\/ -->\n<title>Pele: por que cuidamos t\u00e3o mal do maior \u00f3rg\u00e3o do corpo? - Ubirat\u00e3 Online Not\u00edcias - A realidade ao seu alcance!<\/title>\n<meta name=\"description\" content=\"\u00c9 um paradoxo reluzente: o povo que ama um produto de beleza e um procedimento est\u00e9tico \u00e9 o mesmo que n\u00e3o frequenta como deveria o consult\u00f3rio do m\u00e9dico\" \/>\n<meta name=\"robots\" content=\"index, follow, max-snippet:-1, max-image-preview:large, max-video-preview:-1\" \/>\n<link rel=\"canonical\" href=\"https:\/\/ubirataonline.com.br\/en\/pele-por-que-cuidamos-tao-mal-do-maior-orgao-do-corpo\/\" \/>\n<meta property=\"og:locale\" content=\"en_US\" \/>\n<meta property=\"og:type\" content=\"article\" \/>\n<meta property=\"og:title\" content=\"Pele: por que cuidamos t\u00e3o mal do maior \u00f3rg\u00e3o do corpo?\" \/>\n<meta property=\"og:description\" content=\"\u00c9 um paradoxo reluzente: o povo que ama um produto de beleza e um procedimento est\u00e9tico \u00e9 o mesmo que n\u00e3o frequenta como deveria o consult\u00f3rio do m\u00e9dico\" \/>\n<meta property=\"og:url\" content=\"https:\/\/ubirataonline.com.br\/en\/pele-por-que-cuidamos-tao-mal-do-maior-orgao-do-corpo\/\" \/>\n<meta property=\"og:site_name\" content=\"Ubirat\u00e3 Online Not\u00edcias - A realidade ao seu alcance!\" \/>\n<meta property=\"article:publisher\" content=\"https:\/\/www.facebook.com\/portalubirataonline\" \/>\n<meta property=\"article:author\" content=\"https:\/\/www.facebook.com\/portalubirataonline\" \/>\n<meta property=\"article:published_time\" content=\"2025-09-11T18:21:18+00:00\" \/>\n<meta property=\"og:image\" content=\"https:\/\/ubirataonline.com.br\/wp-content\/uploads\/2026\/06\/veja-90-frases-para-desejar-um-feliz-Dia-dos-Namorados-scaled.jpg\" \/>\n\t<meta property=\"og:image:width\" content=\"2560\" \/>\n\t<meta property=\"og:image:height\" content=\"1707\" \/>\n\t<meta property=\"og:image:type\" content=\"image\/jpeg\" \/>\n<meta name=\"author\" content=\"REDA\u00c7\u00c3O: UBIRAT\u00c3 ONLINE - F\u00c1BIO AUGUSTO CELESTINO\" \/>\n<meta name=\"twitter:card\" content=\"summary_large_image\" \/>\n<meta name=\"twitter:creator\" content=\"@x.com\/ubirataonline\" \/>\n<meta name=\"twitter:site\" content=\"@ubirataonline\" \/>\n<meta name=\"twitter:label1\" content=\"Written by\" \/>\n\t<meta name=\"twitter:data1\" content=\"REDA\u00c7\u00c3O: UBIRAT\u00c3 ONLINE - F\u00c1BIO AUGUSTO CELESTINO\" \/>\n\t<meta name=\"twitter:label2\" content=\"Est. reading time\" \/>\n\t<meta name=\"twitter:data2\" content=\"14 minutes\" \/>\n<script type=\"application\/ld+json\" class=\"yoast-schema-graph\">{\"@context\":\"https:\\\/\\\/schema.org\",\"@graph\":[{\"@type\":\"NewsArticle\",\"@id\":\"https:\\\/\\\/ubirataonline.com.br\\\/pele-por-que-cuidamos-tao-mal-do-maior-orgao-do-corpo\\\/#article\",\"isPartOf\":{\"@id\":\"https:\\\/\\\/ubirataonline.com.br\\\/pele-por-que-cuidamos-tao-mal-do-maior-orgao-do-corpo\\\/\"},\"author\":{\"name\":\"REDA\u00c7\u00c3O: UBIRAT\u00c3 ONLINE - F\u00c1BIO AUGUSTO CELESTINO\",\"@id\":\"https:\\\/\\\/ubirataonline.com.br\\\/#\\\/schema\\\/person\\\/372f87bbd3fdd79b8556b84c98d0bc1c\"},\"headline\":\"Pele: por que cuidamos t\u00e3o mal do maior \u00f3rg\u00e3o do corpo?\",\"datePublished\":\"2025-09-11T18:21:18+00:00\",\"mainEntityOfPage\":{\"@id\":\"https:\\\/\\\/ubirataonline.com.br\\\/pele-por-que-cuidamos-tao-mal-do-maior-orgao-do-corpo\\\/\"},\"wordCount\":2753,\"publisher\":{\"@id\":\"https:\\\/\\\/ubirataonline.com.br\\\/#organization\"},\"image\":{\"@id\":\"https:\\\/\\\/ubirataonline.com.br\\\/pele-por-que-cuidamos-tao-mal-do-maior-orgao-do-corpo\\\/#primaryimage\"},\"thumbnailUrl\":\"https:\\\/\\\/ubirataonline.com.br\\\/wp-content\\\/uploads\\\/2025\\\/09\\\/saude-medicina-dermatologia-pele-cuidados.png\",\"articleSection\":[\"Brasil\"],\"inLanguage\":\"en-US\",\"copyrightYear\":\"2025\",\"copyrightHolder\":{\"@id\":\"https:\\\/\\\/ubirataonline.com.br\\\/en\\\/#organization\"}},{\"@type\":\"WebPage\",\"@id\":\"https:\\\/\\\/ubirataonline.com.br\\\/pele-por-que-cuidamos-tao-mal-do-maior-orgao-do-corpo\\\/\",\"url\":\"https:\\\/\\\/ubirataonline.com.br\\\/pele-por-que-cuidamos-tao-mal-do-maior-orgao-do-corpo\\\/\",\"name\":\"Pele: por que cuidamos t\u00e3o mal do maior \u00f3rg\u00e3o do corpo? - Ubirat\u00e3 Online Not\u00edcias - A realidade ao seu alcance!\",\"isPartOf\":{\"@id\":\"https:\\\/\\\/ubirataonline.com.br\\\/#website\"},\"primaryImageOfPage\":{\"@id\":\"https:\\\/\\\/ubirataonline.com.br\\\/pele-por-que-cuidamos-tao-mal-do-maior-orgao-do-corpo\\\/#primaryimage\"},\"image\":{\"@id\":\"https:\\\/\\\/ubirataonline.com.br\\\/pele-por-que-cuidamos-tao-mal-do-maior-orgao-do-corpo\\\/#primaryimage\"},\"thumbnailUrl\":\"https:\\\/\\\/ubirataonline.com.br\\\/wp-content\\\/uploads\\\/2025\\\/09\\\/saude-medicina-dermatologia-pele-cuidados.png\",\"datePublished\":\"2025-09-11T18:21:18+00:00\",\"description\":\"\u00c9 um paradoxo reluzente: o povo que ama um produto de beleza e um procedimento est\u00e9tico \u00e9 o mesmo que n\u00e3o frequenta como deveria o consult\u00f3rio do m\u00e9dico\",\"breadcrumb\":{\"@id\":\"https:\\\/\\\/ubirataonline.com.br\\\/pele-por-que-cuidamos-tao-mal-do-maior-orgao-do-corpo\\\/#breadcrumb\"},\"inLanguage\":\"en-US\",\"potentialAction\":[{\"@type\":\"ReadAction\",\"target\":[\"https:\\\/\\\/ubirataonline.com.br\\\/pele-por-que-cuidamos-tao-mal-do-maior-orgao-do-corpo\\\/\"]}]},{\"@type\":\"ImageObject\",\"inLanguage\":\"en-US\",\"@id\":\"https:\\\/\\\/ubirataonline.com.br\\\/pele-por-que-cuidamos-tao-mal-do-maior-orgao-do-corpo\\\/#primaryimage\",\"url\":\"https:\\\/\\\/ubirataonline.com.br\\\/wp-content\\\/uploads\\\/2025\\\/09\\\/saude-medicina-dermatologia-pele-cuidados.png\",\"contentUrl\":\"https:\\\/\\\/ubirataonline.com.br\\\/wp-content\\\/uploads\\\/2025\\\/09\\\/saude-medicina-dermatologia-pele-cuidados.png\",\"width\":1080,\"height\":565},{\"@type\":\"BreadcrumbList\",\"@id\":\"https:\\\/\\\/ubirataonline.com.br\\\/pele-por-que-cuidamos-tao-mal-do-maior-orgao-do-corpo\\\/#breadcrumb\",\"itemListElement\":[{\"@type\":\"ListItem\",\"position\":1,\"name\":\"In\u00edcio\",\"item\":\"https:\\\/\\\/ubirataonline.com.br\\\/\"},{\"@type\":\"ListItem\",\"position\":2,\"name\":\"Pele: por que cuidamos t\u00e3o mal do maior \u00f3rg\u00e3o do corpo?\"}]},{\"@type\":\"WebSite\",\"@id\":\"https:\\\/\\\/ubirataonline.com.br\\\/#website\",\"url\":\"https:\\\/\\\/ubirataonline.com.br\\\/\",\"name\":\"Ubirat\u00e3 Online Not\u00edcias\",\"description\":\"Not\u00edcias de Ubirat\u00e3, regi\u00e3o, Brasil e mundo, com informa\u00e7\u00e3o atualizada e compromisso com o leitor.\",\"publisher\":{\"@id\":\"https:\\\/\\\/ubirataonline.com.br\\\/#organization\"},\"alternateName\":\"Ubirat\u00e3 Online\",\"potentialAction\":[{\"@type\":\"SearchAction\",\"target\":{\"@type\":\"EntryPoint\",\"urlTemplate\":\"https:\\\/\\\/ubirataonline.com.br\\\/?s={search_term_string}\"},\"query-input\":{\"@type\":\"PropertyValueSpecification\",\"valueRequired\":true,\"valueName\":\"search_term_string\"}}],\"inLanguage\":\"en-US\"},{\"@type\":[\"Organization\",\"Place\"],\"@id\":\"https:\\\/\\\/ubirataonline.com.br\\\/#organization\",\"name\":\"Ubirat\u00e3 Online Not\u00edcias\",\"alternateName\":\"Ubirat\u00e3 Online\",\"url\":\"https:\\\/\\\/ubirataonline.com.br\\\/\",\"logo\":{\"@id\":\"https:\\\/\\\/ubirataonline.com.br\\\/pele-por-que-cuidamos-tao-mal-do-maior-orgao-do-corpo\\\/#local-main-organization-logo\"},\"image\":{\"@id\":\"https:\\\/\\\/ubirataonline.com.br\\\/pele-por-que-cuidamos-tao-mal-do-maior-orgao-do-corpo\\\/#local-main-organization-logo\"},\"sameAs\":[\"https:\\\/\\\/www.facebook.com\\\/portalubirataonline\",\"https:\\\/\\\/x.com\\\/ubirataonline\",\"https:\\\/\\\/mastodon.social\\\/@ubirataonline\",\"https:\\\/\\\/www.facebook.com\\\/groups\\\/311144672285604\",\"https:\\\/\\\/www.facebook.com\\\/UBTAOnline\",\"https:\\\/\\\/www.instagram.com\\\/portalubirataonline\\\/\",\"https:\\\/\\\/twitter.com\\\/ubirataonline\"],\"description\":\"Somos um portal de not\u00edcias independente, criado em 5 de janeiro de 2009, com o objetivo de informar, conectar e valorizar a nossa comunidade de Ubirat\u00e3 e toda aregi\u00e3o. Com conte\u00fado atualizado, confi\u00e1vel e relevante, o Ubirat\u00e3 Online \u00e9 o seu espa\u00e7o para ficar por dentro dos principais acontecimentos locais, regionais, Brasil, Mundo e de interesse geral. Nosso compromisso \u00e9 com a verdade, a transpar\u00eancia e o respeito ao leitor.\",\"legalName\":\"UBIRATA ONLINE NOT\u00cdCIAS\",\"foundingDate\":\"2009-01-05\",\"numberOfEmployees\":{\"@type\":\"QuantitativeValue\",\"minValue\":\"1\",\"maxValue\":\"10\"},\"publishingPrinciples\":\"https:\\\/\\\/ubirataonline.com.br\\\/faq\\\/\",\"address\":{\"@id\":\"https:\\\/\\\/ubirataonline.com.br\\\/pele-por-que-cuidamos-tao-mal-do-maior-orgao-do-corpo\\\/#local-main-place-address\"},\"geo\":{\"@type\":\"GeoCoordinates\",\"latitude\":\"-24.5361401\",\"longitude\":\"-52.9921776\"},\"telephone\":[\"+5544998308235\"],\"contactPoint\":{\"@type\":\"ContactPoint\",\"email\":\"contato@ubirataonline.com.br\"},\"openingHoursSpecification\":{\"@type\":\"OpeningHoursSpecification\",\"dayOfWeek\":[\"Monday\",\"Tuesday\",\"Wednesday\",\"Thursday\",\"Friday\",\"Saturday\",\"Sunday\"],\"opens\":\"00:00\",\"closes\":\"23:59\"},\"email\":\"contato@ubirataonline.com.br\",\"vatID\":\"47.621.418\\\/0001-80\"},{\"@type\":\"Person\",\"@id\":\"https:\\\/\\\/ubirataonline.com.br\\\/#\\\/schema\\\/person\\\/372f87bbd3fdd79b8556b84c98d0bc1c\",\"name\":\"REDA\u00c7\u00c3O: UBIRAT\u00c3 ONLINE - F\u00c1BIO AUGUSTO CELESTINO\",\"pronouns\":\"Ele\",\"description\":\"Desde 2003 trabalhando com not\u00edcias.\",\"sameAs\":[\"http:\\\/\\\/ubirataoline.com.br\",\"https:\\\/\\\/www.facebook.com\\\/portalubirataonline\",\"https:\\\/\\\/www.instagram.com\\\/ubirataonline_oficial\",\"https:\\\/\\\/x.com\\\/x.com\\\/ubirataonline\"],\"honorificPrefix\":\"Mr.\",\"honorificSuffix\":\"MD\",\"birthDate\":\"1980-06-16\",\"gender\":\"masculino\",\"award\":[\"V\u00e1rios pr\u00eamios de melhor portal da cidade\"],\"jobTitle\":\"Diretor\",\"url\":\"https:\\\/\\\/ubirataonline.com.br\\\/en\\\/author\\\/ubirataonline\\\/\"},{\"@type\":\"PostalAddress\",\"@id\":\"https:\\\/\\\/ubirataonline.com.br\\\/pele-por-que-cuidamos-tao-mal-do-maior-orgao-do-corpo\\\/#local-main-place-address\",\"streetAddress\":\"Rua dos Coqueiros, 104 - Bairro Boa Vista, Rua dos Coqueiros, 104 Bairro Boa Vista\",\"addressLocality\":\"UBIRATA\",\"postalCode\":\"85440-000\",\"addressRegion\":\"PR\",\"addressCountry\":\"BR\"},{\"@type\":\"ImageObject\",\"inLanguage\":\"en-US\",\"@id\":\"https:\\\/\\\/ubirataonline.com.br\\\/pele-por-que-cuidamos-tao-mal-do-maior-orgao-do-corpo\\\/#local-main-organization-logo\",\"url\":\"https:\\\/\\\/ubirataonline.com.br\\\/wp-content\\\/uploads\\\/2026\\\/06\\\/logoubirataonline-1.webp\",\"contentUrl\":\"https:\\\/\\\/ubirataonline.com.br\\\/wp-content\\\/uploads\\\/2026\\\/06\\\/logoubirataonline-1.webp\",\"width\":500,\"height\":500,\"caption\":\"Ubirat\u00e3 Online Not\u00edcias\"}]}<\/script>\n<meta name=\"geo.placename\" content=\"UBIRATA\" \/>\n<meta name=\"geo.position\" content=\"-24.5361401;-52.9921776\" \/>\n<meta name=\"geo.region\" content=\"Brazil\" \/>\n<!-- \/ Yoast SEO Premium plugin. -->","yoast_head_json":{"title":"Pele: por que cuidamos t\u00e3o mal do maior \u00f3rg\u00e3o do corpo? - Ubirat\u00e3 Online Not\u00edcias - A realidade ao seu alcance!","description":"\u00c9 um paradoxo reluzente: o povo que ama um produto de beleza e um procedimento est\u00e9tico \u00e9 o mesmo que n\u00e3o frequenta como deveria o consult\u00f3rio do m\u00e9dico","robots":{"index":"index","follow":"follow","max-snippet":"max-snippet:-1","max-image-preview":"max-image-preview:large","max-video-preview":"max-video-preview:-1"},"canonical":"https:\/\/ubirataonline.com.br\/en\/pele-por-que-cuidamos-tao-mal-do-maior-orgao-do-corpo\/","og_locale":"en_US","og_type":"article","og_title":"Pele: por que cuidamos t\u00e3o mal do maior \u00f3rg\u00e3o do corpo?","og_description":"\u00c9 um paradoxo reluzente: o povo que ama um produto de beleza e um procedimento est\u00e9tico \u00e9 o mesmo que n\u00e3o frequenta como deveria o consult\u00f3rio do m\u00e9dico","og_url":"https:\/\/ubirataonline.com.br\/en\/pele-por-que-cuidamos-tao-mal-do-maior-orgao-do-corpo\/","og_site_name":"Ubirat\u00e3 Online Not\u00edcias - A realidade ao seu alcance!","article_publisher":"https:\/\/www.facebook.com\/portalubirataonline","article_author":"https:\/\/www.facebook.com\/portalubirataonline","article_published_time":"2025-09-11T18:21:18+00:00","og_image":[{"width":2560,"height":1707,"url":"https:\/\/ubirataonline.com.br\/wp-content\/uploads\/2026\/06\/veja-90-frases-para-desejar-um-feliz-Dia-dos-Namorados-scaled.jpg","type":"image\/jpeg"}],"author":"REDA\u00c7\u00c3O: UBIRAT\u00c3 ONLINE - F\u00c1BIO AUGUSTO CELESTINO","twitter_card":"summary_large_image","twitter_creator":"@x.com\/ubirataonline","twitter_site":"@ubirataonline","twitter_misc":{"Written by":"REDA\u00c7\u00c3O: UBIRAT\u00c3 ONLINE - F\u00c1BIO AUGUSTO CELESTINO","Est. reading time":"14 minutes"},"schema":{"@context":"https:\/\/schema.org","@graph":[{"@type":"NewsArticle","@id":"https:\/\/ubirataonline.com.br\/pele-por-que-cuidamos-tao-mal-do-maior-orgao-do-corpo\/#article","isPartOf":{"@id":"https:\/\/ubirataonline.com.br\/pele-por-que-cuidamos-tao-mal-do-maior-orgao-do-corpo\/"},"author":{"name":"REDA\u00c7\u00c3O: UBIRAT\u00c3 ONLINE - F\u00c1BIO AUGUSTO CELESTINO","@id":"https:\/\/ubirataonline.com.br\/#\/schema\/person\/372f87bbd3fdd79b8556b84c98d0bc1c"},"headline":"Pele: por que cuidamos t\u00e3o mal do maior \u00f3rg\u00e3o do corpo?","datePublished":"2025-09-11T18:21:18+00:00","mainEntityOfPage":{"@id":"https:\/\/ubirataonline.com.br\/pele-por-que-cuidamos-tao-mal-do-maior-orgao-do-corpo\/"},"wordCount":2753,"publisher":{"@id":"https:\/\/ubirataonline.com.br\/#organization"},"image":{"@id":"https:\/\/ubirataonline.com.br\/pele-por-que-cuidamos-tao-mal-do-maior-orgao-do-corpo\/#primaryimage"},"thumbnailUrl":"https:\/\/ubirataonline.com.br\/wp-content\/uploads\/2025\/09\/saude-medicina-dermatologia-pele-cuidados.png","articleSection":["Brasil"],"inLanguage":"en-US","copyrightYear":"2025","copyrightHolder":{"@id":"https:\/\/ubirataonline.com.br\/en\/#organization"}},{"@type":"WebPage","@id":"https:\/\/ubirataonline.com.br\/pele-por-que-cuidamos-tao-mal-do-maior-orgao-do-corpo\/","url":"https:\/\/ubirataonline.com.br\/pele-por-que-cuidamos-tao-mal-do-maior-orgao-do-corpo\/","name":"Pele: por que cuidamos t\u00e3o mal do maior \u00f3rg\u00e3o do corpo? - Ubirat\u00e3 Online Not\u00edcias - A realidade ao seu alcance!","isPartOf":{"@id":"https:\/\/ubirataonline.com.br\/#website"},"primaryImageOfPage":{"@id":"https:\/\/ubirataonline.com.br\/pele-por-que-cuidamos-tao-mal-do-maior-orgao-do-corpo\/#primaryimage"},"image":{"@id":"https:\/\/ubirataonline.com.br\/pele-por-que-cuidamos-tao-mal-do-maior-orgao-do-corpo\/#primaryimage"},"thumbnailUrl":"https:\/\/ubirataonline.com.br\/wp-content\/uploads\/2025\/09\/saude-medicina-dermatologia-pele-cuidados.png","datePublished":"2025-09-11T18:21:18+00:00","description":"\u00c9 um paradoxo reluzente: o povo que ama um produto de beleza e um procedimento est\u00e9tico \u00e9 o mesmo que n\u00e3o frequenta como deveria o consult\u00f3rio do m\u00e9dico","breadcrumb":{"@id":"https:\/\/ubirataonline.com.br\/pele-por-que-cuidamos-tao-mal-do-maior-orgao-do-corpo\/#breadcrumb"},"inLanguage":"en-US","potentialAction":[{"@type":"ReadAction","target":["https:\/\/ubirataonline.com.br\/pele-por-que-cuidamos-tao-mal-do-maior-orgao-do-corpo\/"]}]},{"@type":"ImageObject","inLanguage":"en-US","@id":"https:\/\/ubirataonline.com.br\/pele-por-que-cuidamos-tao-mal-do-maior-orgao-do-corpo\/#primaryimage","url":"https:\/\/ubirataonline.com.br\/wp-content\/uploads\/2025\/09\/saude-medicina-dermatologia-pele-cuidados.png","contentUrl":"https:\/\/ubirataonline.com.br\/wp-content\/uploads\/2025\/09\/saude-medicina-dermatologia-pele-cuidados.png","width":1080,"height":565},{"@type":"BreadcrumbList","@id":"https:\/\/ubirataonline.com.br\/pele-por-que-cuidamos-tao-mal-do-maior-orgao-do-corpo\/#breadcrumb","itemListElement":[{"@type":"ListItem","position":1,"name":"In\u00edcio","item":"https:\/\/ubirataonline.com.br\/"},{"@type":"ListItem","position":2,"name":"Pele: por que cuidamos t\u00e3o mal do maior \u00f3rg\u00e3o do corpo?"}]},{"@type":"WebSite","@id":"https:\/\/ubirataonline.com.br\/#website","url":"https:\/\/ubirataonline.com.br\/","name":"Ubirat\u00e3 Online Not\u00edcias","description":"Not\u00edcias de Ubirat\u00e3, regi\u00e3o, Brasil e mundo, com informa\u00e7\u00e3o atualizada e compromisso com o leitor.","publisher":{"@id":"https:\/\/ubirataonline.com.br\/#organization"},"alternateName":"Ubirat\u00e3 Online","potentialAction":[{"@type":"SearchAction","target":{"@type":"EntryPoint","urlTemplate":"https:\/\/ubirataonline.com.br\/?s={search_term_string}"},"query-input":{"@type":"PropertyValueSpecification","valueRequired":true,"valueName":"search_term_string"}}],"inLanguage":"en-US"},{"@type":["Organization","Place"],"@id":"https:\/\/ubirataonline.com.br\/#organization","name":"Ubirat\u00e3 Online Not\u00edcias","alternateName":"Ubirat\u00e3 Online","url":"https:\/\/ubirataonline.com.br\/","logo":{"@id":"https:\/\/ubirataonline.com.br\/pele-por-que-cuidamos-tao-mal-do-maior-orgao-do-corpo\/#local-main-organization-logo"},"image":{"@id":"https:\/\/ubirataonline.com.br\/pele-por-que-cuidamos-tao-mal-do-maior-orgao-do-corpo\/#local-main-organization-logo"},"sameAs":["https:\/\/www.facebook.com\/portalubirataonline","https:\/\/x.com\/ubirataonline","https:\/\/mastodon.social\/@ubirataonline","https:\/\/www.facebook.com\/groups\/311144672285604","https:\/\/www.facebook.com\/UBTAOnline","https:\/\/www.instagram.com\/portalubirataonline\/","https:\/\/twitter.com\/ubirataonline"],"description":"Somos um portal de not\u00edcias independente, criado em 5 de janeiro de 2009, com o objetivo de informar, conectar e valorizar a nossa comunidade de Ubirat\u00e3 e toda aregi\u00e3o. Com conte\u00fado atualizado, confi\u00e1vel e relevante, o Ubirat\u00e3 Online \u00e9 o seu espa\u00e7o para ficar por dentro dos principais acontecimentos locais, regionais, Brasil, Mundo e de interesse geral. Nosso compromisso \u00e9 com a verdade, a transpar\u00eancia e o respeito ao leitor.","legalName":"UBIRATA ONLINE NOT\u00cdCIAS","foundingDate":"2009-01-05","numberOfEmployees":{"@type":"QuantitativeValue","minValue":"1","maxValue":"10"},"publishingPrinciples":"https:\/\/ubirataonline.com.br\/faq\/","address":{"@id":"https:\/\/ubirataonline.com.br\/pele-por-que-cuidamos-tao-mal-do-maior-orgao-do-corpo\/#local-main-place-address"},"geo":{"@type":"GeoCoordinates","latitude":"-24.5361401","longitude":"-52.9921776"},"telephone":["+5544998308235"],"contactPoint":{"@type":"ContactPoint","email":"contato@ubirataonline.com.br"},"openingHoursSpecification":{"@type":"OpeningHoursSpecification","dayOfWeek":["Monday","Tuesday","Wednesday","Thursday","Friday","Saturday","Sunday"],"opens":"00:00","closes":"23:59"},"email":"contato@ubirataonline.com.br","vatID":"47.621.418\/0001-80"},{"@type":"Person","@id":"https:\/\/ubirataonline.com.br\/#\/schema\/person\/372f87bbd3fdd79b8556b84c98d0bc1c","name":"REDA\u00c7\u00c3O: UBIRAT\u00c3 ONLINE - F\u00c1BIO AUGUSTO CELESTINO","pronouns":"Ele","description":"Desde 2003 trabalhando com not\u00edcias.","sameAs":["http:\/\/ubirataoline.com.br","https:\/\/www.facebook.com\/portalubirataonline","https:\/\/www.instagram.com\/ubirataonline_oficial","https:\/\/x.com\/x.com\/ubirataonline"],"honorificPrefix":"Mr.","honorificSuffix":"MD","birthDate":"1980-06-16","gender":"masculino","award":["V\u00e1rios pr\u00eamios de melhor portal da cidade"],"jobTitle":"Diretor","url":"https:\/\/ubirataonline.com.br\/en\/author\/ubirataonline\/"},{"@type":"PostalAddress","@id":"https:\/\/ubirataonline.com.br\/pele-por-que-cuidamos-tao-mal-do-maior-orgao-do-corpo\/#local-main-place-address","streetAddress":"Rua dos Coqueiros, 104 - Bairro Boa Vista, Rua dos Coqueiros, 104 Bairro Boa Vista","addressLocality":"UBIRATA","postalCode":"85440-000","addressRegion":"PR","addressCountry":"BR"},{"@type":"ImageObject","inLanguage":"en-US","@id":"https:\/\/ubirataonline.com.br\/pele-por-que-cuidamos-tao-mal-do-maior-orgao-do-corpo\/#local-main-organization-logo","url":"https:\/\/ubirataonline.com.br\/wp-content\/uploads\/2026\/06\/logoubirataonline-1.webp","contentUrl":"https:\/\/ubirataonline.com.br\/wp-content\/uploads\/2026\/06\/logoubirataonline-1.webp","width":500,"height":500,"caption":"Ubirat\u00e3 Online Not\u00edcias"}]},"geo.placename":"UBIRATA","geo.position":{"lat":"-24.5361401","long":"-52.9921776"},"geo.region":"Brazil"},"_links":{"self":[{"href":"https:\/\/ubirataonline.com.br\/en\/wp-json\/wp\/v2\/posts\/68000","targetHints":{"allow":["GET"]}}],"collection":[{"href":"https:\/\/ubirataonline.com.br\/en\/wp-json\/wp\/v2\/posts"}],"about":[{"href":"https:\/\/ubirataonline.com.br\/en\/wp-json\/wp\/v2\/types\/post"}],"author":[{"embeddable":true,"href":"https:\/\/ubirataonline.com.br\/en\/wp-json\/wp\/v2\/users\/1"}],"replies":[{"embeddable":true,"href":"https:\/\/ubirataonline.com.br\/en\/wp-json\/wp\/v2\/comments?post=68000"}],"version-history":[{"count":0,"href":"https:\/\/ubirataonline.com.br\/en\/wp-json\/wp\/v2\/posts\/68000\/revisions"}],"wp:featuredmedia":[{"embeddable":true,"href":"https:\/\/ubirataonline.com.br\/en\/wp-json\/wp\/v2\/media\/68001"}],"wp:attachment":[{"href":"https:\/\/ubirataonline.com.br\/en\/wp-json\/wp\/v2\/media?parent=68000"}],"wp:term":[{"taxonomy":"category","embeddable":true,"href":"https:\/\/ubirataonline.com.br\/en\/wp-json\/wp\/v2\/categories?post=68000"},{"taxonomy":"post_tag","embeddable":true,"href":"https:\/\/ubirataonline.com.br\/en\/wp-json\/wp\/v2\/tags?post=68000"}],"curies":[{"name":"wp","href":"https:\/\/api.w.org\/{rel}","templated":true}]}}