{"id":68018,"date":"2025-09-11T17:28:40","date_gmt":"2025-09-11T20:28:40","guid":{"rendered":"https:\/\/ubirataonline.com.br\/sampaoli-inicia-sua-2a-passagem-pelo-atletico-mg-com-longo-papo-treino-tatico-e-desfalques\/"},"modified":"2025-09-11T17:28:40","modified_gmt":"2025-09-11T20:28:40","slug":"sampaoli-inicia-sua-2a-passagem-pelo-atletico-mg-com-longo-papo-treino-tatico-e-desfalques","status":"publish","type":"post","link":"https:\/\/ubirataonline.com.br\/en\/sampaoli-inicia-sua-2a-passagem-pelo-atletico-mg-com-longo-papo-treino-tatico-e-desfalques\/","title":{"rendered":"Sampaoli inicia sua 2\u00aa passagem pelo Atl\u00e9tico-MG com longo papo, treino t\u00e1tico e desfalques"},"content":{"rendered":"<p><\/p>\n<div id=\"texto\">\n<p>A segunda passagem de Jorge Sampaoli pelo Atl\u00e9tico-MG come\u00e7ou nesta quarta-feira em dia longo, com desembarque pela manh\u00e3 em Belo Horizonte, grande papo com o elenco, reencontros, treino t\u00e1tico e muitos desfalques em campo.<\/p>\n<p>O argentino volta ao clube mineiro ap\u00f3s cinco temporadas com a miss\u00e3o de resgatar o futebol vistoso e competitivo que tinha em sua primeira passagem, em 2019\/20. Mesmo tratado como \u2018fechado\u2019, ele recebeu muitos abra\u00e7os e cumprimentos de funcion\u00e1rios neste retorno.<\/p>\n<p>\u201cFeliz por estar aqui. Quero agradecer todo o carinho da torcida, que se manifestou pelas redes sociais, com muita ilus\u00e3o. Quero dizer que podemos fazer o Galo muito mais grande\u201d, afirmou o t\u00e9cnico, antes de iniciar as atividades. <\/p>\n<p>Ao lado de sua comiss\u00e3o, formada pelo coordenador Gabriel Andreata, o auxiliar Diogo Meschine e os preparadores f\u00edsicos Pablo Fernandez e Marcos Fernandez, Sampaoli se reuniu com todo o grupo ainda na academia do CT para apresenta\u00e7\u00f5es e muito papo sobre o que quer nessa nova passagem.<\/p>\n<p>A primeira e mais dif\u00edcil miss\u00e3o ser\u00e1 reverter a desvantagem de 2 a 0 na casa do Cruzeiro, dia 11 de setembro, sua estreia oficial, pelas quartas da Copa do Brasil. Depois, ainda tem as quartas da Copa Sul-Americana e o Brasileir\u00e3o. <\/p>\n<p>Sem tempo a perder, Sampaoli comandou um trabalho t\u00e1tico em campo. Mas teve muitas baixas na atividade, casos de Ruan, em recondicionamento f\u00edsico, Saravia, Lyanco, Patrick, Cadu e Caio Maia, machucados, e os convocados Junior Alonso, Roman e Alan Franco. <\/p>\n<\/p><\/div>\n<p><a href=\"https:\/\/cgn.inf.br\/noticia\/1925235\/sampaoli-inicia-sua-2a-passagem-pelo-atletico-mg-com-longo-papo-treino-tatico-e-desfalques\">Source link <\/a><\/p>","protected":false},"excerpt":{"rendered":"<p>A segunda passagem de Jorge Sampaoli pelo Atl\u00e9tico-MG come\u00e7ou nesta quarta-feira em dia longo, com desembarque pela manh\u00e3 em Belo Horizonte, grande papo com o elenco, reencontros, treino t\u00e1tico e muitos desfalques em campo. O argentino volta ao clube mineiro ap\u00f3s cinco temporadas com a miss\u00e3o de resgatar o futebol vistoso e competitivo que tinha [&hellip;]<\/p>\n","protected":false},"author":1,"featured_media":63219,"comment_status":"","ping_status":"","sticky":false,"template":"","format":"standard","meta":{"googlesitekit_rrm_CAow2JLhCw:productID":"","_gspb_post_css":"","maa_idioma":"","maa_pais":"","footnotes":""},"categories":[1],"tags":[],"class_list":["post-68018","post","type-post","status-publish","format-standard","has-post-thumbnail","hentry","category-ubirata"],"blocksy_meta":[],"yoast_head":"<!-- This site is optimized with the Yoast SEO Premium plugin v27.6 (Yoast SEO v27.6) - https:\/\/yoast.com\/product\/yoast-seo-premium-wordpress\/ -->\n<title>Sampaoli inicia sua 2\u00aa passagem pelo Atl\u00e9tico-MG com longo papo, treino t\u00e1tico e desfalques - Ubirat\u00e3 Online Not\u00edcias - A realidade ao seu alcance!<\/title>\n<meta name=\"description\" content=\"A segunda passagem de Jorge Sampaoli pelo Atl\u00e9tico-MG come\u00e7ou nesta quarta-feira em dia longo, com desembarque pela manh\u00e3 em Belo Horizonte, grande papo\" \/>\n<meta name=\"robots\" content=\"index, follow, max-snippet:-1, max-image-preview:large, max-video-preview:-1\" \/>\n<link rel=\"canonical\" href=\"https:\/\/ubirataonline.com.br\/en\/sampaoli-inicia-sua-2a-passagem-pelo-atletico-mg-com-longo-papo-treino-tatico-e-desfalques\/\" \/>\n<meta property=\"og:locale\" content=\"en_US\" \/>\n<meta property=\"og:type\" content=\"article\" \/>\n<meta property=\"og:title\" content=\"Sampaoli inicia sua 2\u00aa passagem pelo Atl\u00e9tico-MG com longo papo, treino t\u00e1tico e desfalques\" \/>\n<meta property=\"og:description\" content=\"A segunda passagem de Jorge Sampaoli pelo Atl\u00e9tico-MG come\u00e7ou nesta quarta-feira em dia longo, com desembarque pela manh\u00e3 em Belo Horizonte, grande papo\" \/>\n<meta property=\"og:url\" content=\"https:\/\/ubirataonline.com.br\/en\/sampaoli-inicia-sua-2a-passagem-pelo-atletico-mg-com-longo-papo-treino-tatico-e-desfalques\/\" \/>\n<meta property=\"og:site_name\" content=\"Ubirat\u00e3 Online Not\u00edcias - A realidade ao seu alcance!\" \/>\n<meta property=\"article:publisher\" content=\"https:\/\/www.facebook.com\/portalubirataonline\" \/>\n<meta property=\"article:author\" content=\"https:\/\/www.facebook.com\/portalubirataonline\" \/>\n<meta property=\"article:published_time\" content=\"2025-09-11T20:28:40+00:00\" \/>\n<meta property=\"og:image\" content=\"https:\/\/ubirataonline.com.br\/wp-content\/uploads\/2026\/05\/logo2026.webp\" \/>\n\t<meta property=\"og:image:width\" content=\"1531\" \/>\n\t<meta property=\"og:image:height\" content=\"418\" \/>\n\t<meta property=\"og:image:type\" content=\"image\/webp\" \/>\n<meta name=\"author\" content=\"REDA\u00c7\u00c3O: UBIRAT\u00c3 ONLINE - F\u00c1BIO AUGUSTO CELESTINO\" \/>\n<meta name=\"twitter:card\" content=\"summary_large_image\" \/>\n<meta name=\"twitter:creator\" content=\"@x.com\/ubirataonline\" \/>\n<meta name=\"twitter:site\" content=\"@ubirataonline\" \/>\n<meta name=\"twitter:label1\" content=\"Written by\" \/>\n\t<meta name=\"twitter:data1\" content=\"REDA\u00c7\u00c3O: UBIRAT\u00c3 ONLINE - F\u00c1BIO AUGUSTO CELESTINO\" \/>\n\t<meta name=\"twitter:label2\" content=\"Est. reading time\" \/>\n\t<meta name=\"twitter:data2\" content=\"1 minute\" \/>\n<script type=\"application\/ld+json\" class=\"yoast-schema-graph\">{\"@context\":\"https:\\\/\\\/schema.org\",\"@graph\":[{\"@type\":\"NewsArticle\",\"@id\":\"https:\\\/\\\/ubirataonline.com.br\\\/sampaoli-inicia-sua-2a-passagem-pelo-atletico-mg-com-longo-papo-treino-tatico-e-desfalques\\\/#article\",\"isPartOf\":{\"@id\":\"https:\\\/\\\/ubirataonline.com.br\\\/sampaoli-inicia-sua-2a-passagem-pelo-atletico-mg-com-longo-papo-treino-tatico-e-desfalques\\\/\"},\"author\":{\"name\":\"REDA\u00c7\u00c3O: UBIRAT\u00c3 ONLINE - F\u00c1BIO AUGUSTO CELESTINO\",\"@id\":\"https:\\\/\\\/ubirataonline.com.br\\\/#\\\/schema\\\/person\\\/372f87bbd3fdd79b8556b84c98d0bc1c\"},\"headline\":\"Sampaoli inicia sua 2\u00aa passagem pelo Atl\u00e9tico-MG com longo papo, treino t\u00e1tico e desfalques\",\"datePublished\":\"2025-09-11T20:28:40+00:00\",\"mainEntityOfPage\":{\"@id\":\"https:\\\/\\\/ubirataonline.com.br\\\/sampaoli-inicia-sua-2a-passagem-pelo-atletico-mg-com-longo-papo-treino-tatico-e-desfalques\\\/\"},\"wordCount\":272,\"publisher\":{\"@id\":\"https:\\\/\\\/ubirataonline.com.br\\\/#organization\"},\"image\":{\"@id\":\"https:\\\/\\\/ubirataonline.com.br\\\/sampaoli-inicia-sua-2a-passagem-pelo-atletico-mg-com-longo-papo-treino-tatico-e-desfalques\\\/#primaryimage\"},\"thumbnailUrl\":\"https:\\\/\\\/ubirataonline.com.br\\\/wp-content\\\/uploads\\\/2025\\\/08\\\/CGN768x461.gif\",\"articleSection\":[\"Ubirat\u00e3\"],\"inLanguage\":\"en-US\",\"copyrightYear\":\"2025\",\"copyrightHolder\":{\"@id\":\"https:\\\/\\\/ubirataonline.com.br\\\/en\\\/#organization\"}},{\"@type\":\"WebPage\",\"@id\":\"https:\\\/\\\/ubirataonline.com.br\\\/sampaoli-inicia-sua-2a-passagem-pelo-atletico-mg-com-longo-papo-treino-tatico-e-desfalques\\\/\",\"url\":\"https:\\\/\\\/ubirataonline.com.br\\\/sampaoli-inicia-sua-2a-passagem-pelo-atletico-mg-com-longo-papo-treino-tatico-e-desfalques\\\/\",\"name\":\"Sampaoli inicia sua 2\u00aa passagem pelo Atl\u00e9tico-MG com longo papo, treino t\u00e1tico e desfalques - Ubirat\u00e3 Online Not\u00edcias - A realidade ao seu alcance!\",\"isPartOf\":{\"@id\":\"https:\\\/\\\/ubirataonline.com.br\\\/#website\"},\"primaryImageOfPage\":{\"@id\":\"https:\\\/\\\/ubirataonline.com.br\\\/sampaoli-inicia-sua-2a-passagem-pelo-atletico-mg-com-longo-papo-treino-tatico-e-desfalques\\\/#primaryimage\"},\"image\":{\"@id\":\"https:\\\/\\\/ubirataonline.com.br\\\/sampaoli-inicia-sua-2a-passagem-pelo-atletico-mg-com-longo-papo-treino-tatico-e-desfalques\\\/#primaryimage\"},\"thumbnailUrl\":\"https:\\\/\\\/ubirataonline.com.br\\\/wp-content\\\/uploads\\\/2025\\\/08\\\/CGN768x461.gif\",\"datePublished\":\"2025-09-11T20:28:40+00:00\",\"description\":\"A segunda passagem de Jorge Sampaoli pelo Atl\u00e9tico-MG come\u00e7ou nesta quarta-feira em dia longo, com desembarque pela manh\u00e3 em Belo Horizonte, grande papo\",\"breadcrumb\":{\"@id\":\"https:\\\/\\\/ubirataonline.com.br\\\/sampaoli-inicia-sua-2a-passagem-pelo-atletico-mg-com-longo-papo-treino-tatico-e-desfalques\\\/#breadcrumb\"},\"inLanguage\":\"en-US\",\"potentialAction\":[{\"@type\":\"ReadAction\",\"target\":[\"https:\\\/\\\/ubirataonline.com.br\\\/sampaoli-inicia-sua-2a-passagem-pelo-atletico-mg-com-longo-papo-treino-tatico-e-desfalques\\\/\"]}]},{\"@type\":\"ImageObject\",\"inLanguage\":\"en-US\",\"@id\":\"https:\\\/\\\/ubirataonline.com.br\\\/sampaoli-inicia-sua-2a-passagem-pelo-atletico-mg-com-longo-papo-treino-tatico-e-desfalques\\\/#primaryimage\",\"url\":\"https:\\\/\\\/ubirataonline.com.br\\\/wp-content\\\/uploads\\\/2025\\\/08\\\/CGN768x461.gif\",\"contentUrl\":\"https:\\\/\\\/ubirataonline.com.br\\\/wp-content\\\/uploads\\\/2025\\\/08\\\/CGN768x461.gif\",\"width\":768,\"height\":461},{\"@type\":\"BreadcrumbList\",\"@id\":\"https:\\\/\\\/ubirataonline.com.br\\\/sampaoli-inicia-sua-2a-passagem-pelo-atletico-mg-com-longo-papo-treino-tatico-e-desfalques\\\/#breadcrumb\",\"itemListElement\":[{\"@type\":\"ListItem\",\"position\":1,\"name\":\"In\u00edcio\",\"item\":\"https:\\\/\\\/ubirataonline.com.br\\\/\"},{\"@type\":\"ListItem\",\"position\":2,\"name\":\"Sampaoli inicia sua 2\u00aa passagem pelo Atl\u00e9tico-MG com longo papo, treino t\u00e1tico e desfalques\"}]},{\"@type\":\"WebSite\",\"@id\":\"https:\\\/\\\/ubirataonline.com.br\\\/#website\",\"url\":\"https:\\\/\\\/ubirataonline.com.br\\\/\",\"name\":\"Ubirat\u00e3 Online Not\u00edcias\",\"description\":\"Not\u00edcias de Ubirat\u00e3, regi\u00e3o, Brasil e mundo, com informa\u00e7\u00e3o atualizada e compromisso com o leitor.\",\"publisher\":{\"@id\":\"https:\\\/\\\/ubirataonline.com.br\\\/#organization\"},\"alternateName\":\"Ubirat\u00e3 Online\",\"potentialAction\":[{\"@type\":\"SearchAction\",\"target\":{\"@type\":\"EntryPoint\",\"urlTemplate\":\"https:\\\/\\\/ubirataonline.com.br\\\/?s={search_term_string}\"},\"query-input\":{\"@type\":\"PropertyValueSpecification\",\"valueRequired\":true,\"valueName\":\"search_term_string\"}}],\"inLanguage\":\"en-US\"},{\"@type\":[\"Organization\",\"Place\"],\"@id\":\"https:\\\/\\\/ubirataonline.com.br\\\/#organization\",\"name\":\"Ubirat\u00e3 Online Not\u00edcias\",\"alternateName\":\"Ubirat\u00e3 Online\",\"url\":\"https:\\\/\\\/ubirataonline.com.br\\\/\",\"logo\":{\"@id\":\"https:\\\/\\\/ubirataonline.com.br\\\/sampaoli-inicia-sua-2a-passagem-pelo-atletico-mg-com-longo-papo-treino-tatico-e-desfalques\\\/#local-main-organization-logo\"},\"image\":{\"@id\":\"https:\\\/\\\/ubirataonline.com.br\\\/sampaoli-inicia-sua-2a-passagem-pelo-atletico-mg-com-longo-papo-treino-tatico-e-desfalques\\\/#local-main-organization-logo\"},\"sameAs\":[\"https:\\\/\\\/www.facebook.com\\\/portalubirataonline\",\"https:\\\/\\\/x.com\\\/ubirataonline\",\"https:\\\/\\\/mastodon.social\\\/@ubirataonline\",\"https:\\\/\\\/www.facebook.com\\\/groups\\\/311144672285604\",\"https:\\\/\\\/www.facebook.com\\\/UBTAOnline\",\"https:\\\/\\\/www.instagram.com\\\/portalubirataonline\\\/\",\"https:\\\/\\\/twitter.com\\\/ubirataonline\"],\"description\":\"Somos um portal de not\u00edcias independente, criado em 5 de janeiro de 2009, com o objetivo de informar, conectar e valorizar a nossa comunidade de Ubirat\u00e3 e toda aregi\u00e3o. Com conte\u00fado atualizado, confi\u00e1vel e relevante, o Ubirat\u00e3 Online \u00e9 o seu espa\u00e7o para ficar por dentro dos principais acontecimentos locais, regionais, Brasil, Mundo e de interesse geral. Nosso compromisso \u00e9 com a verdade, a transpar\u00eancia e o respeito ao leitor.\",\"legalName\":\"UBIRATA ONLINE NOT\u00cdCIAS\",\"foundingDate\":\"2009-01-05\",\"numberOfEmployees\":{\"@type\":\"QuantitativeValue\",\"minValue\":\"1\",\"maxValue\":\"10\"},\"publishingPrinciples\":\"https:\\\/\\\/ubirataonline.com.br\\\/faq\\\/\",\"address\":{\"@id\":\"https:\\\/\\\/ubirataonline.com.br\\\/sampaoli-inicia-sua-2a-passagem-pelo-atletico-mg-com-longo-papo-treino-tatico-e-desfalques\\\/#local-main-place-address\"},\"geo\":{\"@type\":\"GeoCoordinates\",\"latitude\":\"-24.5361401\",\"longitude\":\"-52.9921776\"},\"telephone\":[\"+5544998308235\"],\"contactPoint\":{\"@type\":\"ContactPoint\",\"email\":\"contato@ubirataonline.com.br\"},\"openingHoursSpecification\":{\"@type\":\"OpeningHoursSpecification\",\"dayOfWeek\":[\"Monday\",\"Tuesday\",\"Wednesday\",\"Thursday\",\"Friday\",\"Saturday\",\"Sunday\"],\"opens\":\"00:00\",\"closes\":\"23:59\"},\"email\":\"contato@ubirataonline.com.br\",\"vatID\":\"47.621.418\\\/0001-80\"},{\"@type\":\"Person\",\"@id\":\"https:\\\/\\\/ubirataonline.com.br\\\/#\\\/schema\\\/person\\\/372f87bbd3fdd79b8556b84c98d0bc1c\",\"name\":\"REDA\u00c7\u00c3O: UBIRAT\u00c3 ONLINE - F\u00c1BIO AUGUSTO CELESTINO\",\"pronouns\":\"Ele\",\"description\":\"Desde 2003 trabalhando com not\u00edcias.\",\"sameAs\":[\"http:\\\/\\\/ubirataoline.com.br\",\"https:\\\/\\\/www.facebook.com\\\/portalubirataonline\",\"https:\\\/\\\/www.instagram.com\\\/ubirataonline_oficial\",\"https:\\\/\\\/x.com\\\/x.com\\\/ubirataonline\"],\"honorificPrefix\":\"Mr.\",\"honorificSuffix\":\"MD\",\"birthDate\":\"1980-06-16\",\"gender\":\"masculino\",\"award\":[\"V\u00e1rios pr\u00eamios de melhor portal da cidade\"],\"jobTitle\":\"Diretor\",\"url\":\"https:\\\/\\\/ubirataonline.com.br\\\/en\\\/author\\\/ubirataonline\\\/\"},{\"@type\":\"PostalAddress\",\"@id\":\"https:\\\/\\\/ubirataonline.com.br\\\/sampaoli-inicia-sua-2a-passagem-pelo-atletico-mg-com-longo-papo-treino-tatico-e-desfalques\\\/#local-main-place-address\",\"streetAddress\":\"Rua dos Coqueiros, 104 - Bairro Boa Vista, Rua dos Coqueiros, 104 Bairro Boa Vista\",\"addressLocality\":\"UBIRATA\",\"postalCode\":\"85440-000\",\"addressRegion\":\"PR\",\"addressCountry\":\"BR\"},{\"@type\":\"ImageObject\",\"inLanguage\":\"en-US\",\"@id\":\"https:\\\/\\\/ubirataonline.com.br\\\/sampaoli-inicia-sua-2a-passagem-pelo-atletico-mg-com-longo-papo-treino-tatico-e-desfalques\\\/#local-main-organization-logo\",\"url\":\"https:\\\/\\\/ubirataonline.com.br\\\/wp-content\\\/uploads\\\/2026\\\/06\\\/logoubirataonline-1.webp\",\"contentUrl\":\"https:\\\/\\\/ubirataonline.com.br\\\/wp-content\\\/uploads\\\/2026\\\/06\\\/logoubirataonline-1.webp\",\"width\":500,\"height\":500,\"caption\":\"Ubirat\u00e3 Online Not\u00edcias\"}]}<\/script>\n<meta name=\"geo.placename\" content=\"UBIRATA\" \/>\n<meta name=\"geo.position\" content=\"-24.5361401;-52.9921776\" \/>\n<meta name=\"geo.region\" content=\"Brazil\" \/>\n<!-- \/ Yoast SEO Premium plugin. -->","yoast_head_json":{"title":"Sampaoli inicia sua 2\u00aa passagem pelo Atl\u00e9tico-MG com longo papo, treino t\u00e1tico e desfalques - Ubirat\u00e3 Online Not\u00edcias - A realidade ao seu alcance!","description":"A segunda passagem de Jorge Sampaoli pelo Atl\u00e9tico-MG come\u00e7ou nesta quarta-feira em dia longo, com desembarque pela manh\u00e3 em Belo Horizonte, grande papo","robots":{"index":"index","follow":"follow","max-snippet":"max-snippet:-1","max-image-preview":"max-image-preview:large","max-video-preview":"max-video-preview:-1"},"canonical":"https:\/\/ubirataonline.com.br\/en\/sampaoli-inicia-sua-2a-passagem-pelo-atletico-mg-com-longo-papo-treino-tatico-e-desfalques\/","og_locale":"en_US","og_type":"article","og_title":"Sampaoli inicia sua 2\u00aa passagem pelo Atl\u00e9tico-MG com longo papo, treino t\u00e1tico e desfalques","og_description":"A segunda passagem de Jorge Sampaoli pelo Atl\u00e9tico-MG come\u00e7ou nesta quarta-feira em dia longo, com desembarque pela manh\u00e3 em Belo Horizonte, grande papo","og_url":"https:\/\/ubirataonline.com.br\/en\/sampaoli-inicia-sua-2a-passagem-pelo-atletico-mg-com-longo-papo-treino-tatico-e-desfalques\/","og_site_name":"Ubirat\u00e3 Online Not\u00edcias - A realidade ao seu alcance!","article_publisher":"https:\/\/www.facebook.com\/portalubirataonline","article_author":"https:\/\/www.facebook.com\/portalubirataonline","article_published_time":"2025-09-11T20:28:40+00:00","og_image":[{"width":1531,"height":418,"url":"https:\/\/ubirataonline.com.br\/wp-content\/uploads\/2026\/05\/logo2026.webp","type":"image\/webp"}],"author":"REDA\u00c7\u00c3O: UBIRAT\u00c3 ONLINE - F\u00c1BIO AUGUSTO CELESTINO","twitter_card":"summary_large_image","twitter_creator":"@x.com\/ubirataonline","twitter_site":"@ubirataonline","twitter_misc":{"Written by":"REDA\u00c7\u00c3O: UBIRAT\u00c3 ONLINE - F\u00c1BIO AUGUSTO CELESTINO","Est. reading time":"1 minute"},"schema":{"@context":"https:\/\/schema.org","@graph":[{"@type":"NewsArticle","@id":"https:\/\/ubirataonline.com.br\/sampaoli-inicia-sua-2a-passagem-pelo-atletico-mg-com-longo-papo-treino-tatico-e-desfalques\/#article","isPartOf":{"@id":"https:\/\/ubirataonline.com.br\/sampaoli-inicia-sua-2a-passagem-pelo-atletico-mg-com-longo-papo-treino-tatico-e-desfalques\/"},"author":{"name":"REDA\u00c7\u00c3O: UBIRAT\u00c3 ONLINE - F\u00c1BIO AUGUSTO CELESTINO","@id":"https:\/\/ubirataonline.com.br\/#\/schema\/person\/372f87bbd3fdd79b8556b84c98d0bc1c"},"headline":"Sampaoli inicia sua 2\u00aa passagem pelo Atl\u00e9tico-MG com longo papo, treino t\u00e1tico e desfalques","datePublished":"2025-09-11T20:28:40+00:00","mainEntityOfPage":{"@id":"https:\/\/ubirataonline.com.br\/sampaoli-inicia-sua-2a-passagem-pelo-atletico-mg-com-longo-papo-treino-tatico-e-desfalques\/"},"wordCount":272,"publisher":{"@id":"https:\/\/ubirataonline.com.br\/#organization"},"image":{"@id":"https:\/\/ubirataonline.com.br\/sampaoli-inicia-sua-2a-passagem-pelo-atletico-mg-com-longo-papo-treino-tatico-e-desfalques\/#primaryimage"},"thumbnailUrl":"https:\/\/ubirataonline.com.br\/wp-content\/uploads\/2025\/08\/CGN768x461.gif","articleSection":["Ubirat\u00e3"],"inLanguage":"en-US","copyrightYear":"2025","copyrightHolder":{"@id":"https:\/\/ubirataonline.com.br\/en\/#organization"}},{"@type":"WebPage","@id":"https:\/\/ubirataonline.com.br\/sampaoli-inicia-sua-2a-passagem-pelo-atletico-mg-com-longo-papo-treino-tatico-e-desfalques\/","url":"https:\/\/ubirataonline.com.br\/sampaoli-inicia-sua-2a-passagem-pelo-atletico-mg-com-longo-papo-treino-tatico-e-desfalques\/","name":"Sampaoli inicia sua 2\u00aa passagem pelo Atl\u00e9tico-MG com longo papo, treino t\u00e1tico e desfalques - Ubirat\u00e3 Online Not\u00edcias - A realidade ao seu alcance!","isPartOf":{"@id":"https:\/\/ubirataonline.com.br\/#website"},"primaryImageOfPage":{"@id":"https:\/\/ubirataonline.com.br\/sampaoli-inicia-sua-2a-passagem-pelo-atletico-mg-com-longo-papo-treino-tatico-e-desfalques\/#primaryimage"},"image":{"@id":"https:\/\/ubirataonline.com.br\/sampaoli-inicia-sua-2a-passagem-pelo-atletico-mg-com-longo-papo-treino-tatico-e-desfalques\/#primaryimage"},"thumbnailUrl":"https:\/\/ubirataonline.com.br\/wp-content\/uploads\/2025\/08\/CGN768x461.gif","datePublished":"2025-09-11T20:28:40+00:00","description":"A segunda passagem de Jorge Sampaoli pelo Atl\u00e9tico-MG come\u00e7ou nesta quarta-feira em dia longo, com desembarque pela manh\u00e3 em Belo Horizonte, grande papo","breadcrumb":{"@id":"https:\/\/ubirataonline.com.br\/sampaoli-inicia-sua-2a-passagem-pelo-atletico-mg-com-longo-papo-treino-tatico-e-desfalques\/#breadcrumb"},"inLanguage":"en-US","potentialAction":[{"@type":"ReadAction","target":["https:\/\/ubirataonline.com.br\/sampaoli-inicia-sua-2a-passagem-pelo-atletico-mg-com-longo-papo-treino-tatico-e-desfalques\/"]}]},{"@type":"ImageObject","inLanguage":"en-US","@id":"https:\/\/ubirataonline.com.br\/sampaoli-inicia-sua-2a-passagem-pelo-atletico-mg-com-longo-papo-treino-tatico-e-desfalques\/#primaryimage","url":"https:\/\/ubirataonline.com.br\/wp-content\/uploads\/2025\/08\/CGN768x461.gif","contentUrl":"https:\/\/ubirataonline.com.br\/wp-content\/uploads\/2025\/08\/CGN768x461.gif","width":768,"height":461},{"@type":"BreadcrumbList","@id":"https:\/\/ubirataonline.com.br\/sampaoli-inicia-sua-2a-passagem-pelo-atletico-mg-com-longo-papo-treino-tatico-e-desfalques\/#breadcrumb","itemListElement":[{"@type":"ListItem","position":1,"name":"In\u00edcio","item":"https:\/\/ubirataonline.com.br\/"},{"@type":"ListItem","position":2,"name":"Sampaoli inicia sua 2\u00aa passagem pelo Atl\u00e9tico-MG com longo papo, treino t\u00e1tico e desfalques"}]},{"@type":"WebSite","@id":"https:\/\/ubirataonline.com.br\/#website","url":"https:\/\/ubirataonline.com.br\/","name":"Ubirat\u00e3 Online Not\u00edcias","description":"Not\u00edcias de Ubirat\u00e3, regi\u00e3o, Brasil e mundo, com informa\u00e7\u00e3o atualizada e compromisso com o leitor.","publisher":{"@id":"https:\/\/ubirataonline.com.br\/#organization"},"alternateName":"Ubirat\u00e3 Online","potentialAction":[{"@type":"SearchAction","target":{"@type":"EntryPoint","urlTemplate":"https:\/\/ubirataonline.com.br\/?s={search_term_string}"},"query-input":{"@type":"PropertyValueSpecification","valueRequired":true,"valueName":"search_term_string"}}],"inLanguage":"en-US"},{"@type":["Organization","Place"],"@id":"https:\/\/ubirataonline.com.br\/#organization","name":"Ubirat\u00e3 Online Not\u00edcias","alternateName":"Ubirat\u00e3 Online","url":"https:\/\/ubirataonline.com.br\/","logo":{"@id":"https:\/\/ubirataonline.com.br\/sampaoli-inicia-sua-2a-passagem-pelo-atletico-mg-com-longo-papo-treino-tatico-e-desfalques\/#local-main-organization-logo"},"image":{"@id":"https:\/\/ubirataonline.com.br\/sampaoli-inicia-sua-2a-passagem-pelo-atletico-mg-com-longo-papo-treino-tatico-e-desfalques\/#local-main-organization-logo"},"sameAs":["https:\/\/www.facebook.com\/portalubirataonline","https:\/\/x.com\/ubirataonline","https:\/\/mastodon.social\/@ubirataonline","https:\/\/www.facebook.com\/groups\/311144672285604","https:\/\/www.facebook.com\/UBTAOnline","https:\/\/www.instagram.com\/portalubirataonline\/","https:\/\/twitter.com\/ubirataonline"],"description":"Somos um portal de not\u00edcias independente, criado em 5 de janeiro de 2009, com o objetivo de informar, conectar e valorizar a nossa comunidade de Ubirat\u00e3 e toda aregi\u00e3o. Com conte\u00fado atualizado, confi\u00e1vel e relevante, o Ubirat\u00e3 Online \u00e9 o seu espa\u00e7o para ficar por dentro dos principais acontecimentos locais, regionais, Brasil, Mundo e de interesse geral. Nosso compromisso \u00e9 com a verdade, a transpar\u00eancia e o respeito ao leitor.","legalName":"UBIRATA ONLINE NOT\u00cdCIAS","foundingDate":"2009-01-05","numberOfEmployees":{"@type":"QuantitativeValue","minValue":"1","maxValue":"10"},"publishingPrinciples":"https:\/\/ubirataonline.com.br\/faq\/","address":{"@id":"https:\/\/ubirataonline.com.br\/sampaoli-inicia-sua-2a-passagem-pelo-atletico-mg-com-longo-papo-treino-tatico-e-desfalques\/#local-main-place-address"},"geo":{"@type":"GeoCoordinates","latitude":"-24.5361401","longitude":"-52.9921776"},"telephone":["+5544998308235"],"contactPoint":{"@type":"ContactPoint","email":"contato@ubirataonline.com.br"},"openingHoursSpecification":{"@type":"OpeningHoursSpecification","dayOfWeek":["Monday","Tuesday","Wednesday","Thursday","Friday","Saturday","Sunday"],"opens":"00:00","closes":"23:59"},"email":"contato@ubirataonline.com.br","vatID":"47.621.418\/0001-80"},{"@type":"Person","@id":"https:\/\/ubirataonline.com.br\/#\/schema\/person\/372f87bbd3fdd79b8556b84c98d0bc1c","name":"REDA\u00c7\u00c3O: UBIRAT\u00c3 ONLINE - F\u00c1BIO AUGUSTO CELESTINO","pronouns":"Ele","description":"Desde 2003 trabalhando com not\u00edcias.","sameAs":["http:\/\/ubirataoline.com.br","https:\/\/www.facebook.com\/portalubirataonline","https:\/\/www.instagram.com\/ubirataonline_oficial","https:\/\/x.com\/x.com\/ubirataonline"],"honorificPrefix":"Mr.","honorificSuffix":"MD","birthDate":"1980-06-16","gender":"masculino","award":["V\u00e1rios pr\u00eamios de melhor portal da cidade"],"jobTitle":"Diretor","url":"https:\/\/ubirataonline.com.br\/en\/author\/ubirataonline\/"},{"@type":"PostalAddress","@id":"https:\/\/ubirataonline.com.br\/sampaoli-inicia-sua-2a-passagem-pelo-atletico-mg-com-longo-papo-treino-tatico-e-desfalques\/#local-main-place-address","streetAddress":"Rua dos Coqueiros, 104 - Bairro Boa Vista, Rua dos Coqueiros, 104 Bairro Boa Vista","addressLocality":"UBIRATA","postalCode":"85440-000","addressRegion":"PR","addressCountry":"BR"},{"@type":"ImageObject","inLanguage":"en-US","@id":"https:\/\/ubirataonline.com.br\/sampaoli-inicia-sua-2a-passagem-pelo-atletico-mg-com-longo-papo-treino-tatico-e-desfalques\/#local-main-organization-logo","url":"https:\/\/ubirataonline.com.br\/wp-content\/uploads\/2026\/06\/logoubirataonline-1.webp","contentUrl":"https:\/\/ubirataonline.com.br\/wp-content\/uploads\/2026\/06\/logoubirataonline-1.webp","width":500,"height":500,"caption":"Ubirat\u00e3 Online Not\u00edcias"}]},"geo.placename":"UBIRATA","geo.position":{"lat":"-24.5361401","long":"-52.9921776"},"geo.region":"Brazil"},"_links":{"self":[{"href":"https:\/\/ubirataonline.com.br\/en\/wp-json\/wp\/v2\/posts\/68018","targetHints":{"allow":["GET"]}}],"collection":[{"href":"https:\/\/ubirataonline.com.br\/en\/wp-json\/wp\/v2\/posts"}],"about":[{"href":"https:\/\/ubirataonline.com.br\/en\/wp-json\/wp\/v2\/types\/post"}],"author":[{"embeddable":true,"href":"https:\/\/ubirataonline.com.br\/en\/wp-json\/wp\/v2\/users\/1"}],"replies":[{"embeddable":true,"href":"https:\/\/ubirataonline.com.br\/en\/wp-json\/wp\/v2\/comments?post=68018"}],"version-history":[{"count":0,"href":"https:\/\/ubirataonline.com.br\/en\/wp-json\/wp\/v2\/posts\/68018\/revisions"}],"wp:featuredmedia":[{"embeddable":true,"href":"https:\/\/ubirataonline.com.br\/en\/wp-json\/wp\/v2\/media\/63219"}],"wp:attachment":[{"href":"https:\/\/ubirataonline.com.br\/en\/wp-json\/wp\/v2\/media?parent=68018"}],"wp:term":[{"taxonomy":"category","embeddable":true,"href":"https:\/\/ubirataonline.com.br\/en\/wp-json\/wp\/v2\/categories?post=68018"},{"taxonomy":"post_tag","embeddable":true,"href":"https:\/\/ubirataonline.com.br\/en\/wp-json\/wp\/v2\/tags?post=68018"}],"curies":[{"name":"wp","href":"https:\/\/api.w.org\/{rel}","templated":true}]}}