{"id":68031,"date":"2025-09-11T18:20:35","date_gmt":"2025-09-11T21:20:35","guid":{"rendered":"https:\/\/ubirataonline.com.br\/mppr-celebra-acordos-de-nao-persecucao-penal-com-integrantes-de-cooperativa-para-a-devolucao-de-cerca-de-r-18-milhoes\/"},"modified":"2025-09-11T18:20:35","modified_gmt":"2025-09-11T21:20:35","slug":"mppr-celebra-acordos-de-nao-persecucao-penal-com-integrantes-de-cooperativa-para-a-devolucao-de-cerca-de-r-18-milhoes","status":"publish","type":"post","link":"https:\/\/ubirataonline.com.br\/en\/mppr-celebra-acordos-de-nao-persecucao-penal-com-integrantes-de-cooperativa-para-a-devolucao-de-cerca-de-r-18-milhoes\/","title":{"rendered":"MPPR celebra acordos de n\u00e3o persecu\u00e7\u00e3o penal com integrantes de cooperativa para a devolu\u00e7\u00e3o de cerca de R$ 18 milh\u00f5es"},"content":{"rendered":"<p><\/p>\n<div>\n<p>Nesta segunda-feira, 8 de setembro, o N\u00facleo Regional de Londrina do Grupo de Atua\u00e7\u00e3o Especial de Combate ao Crime Organizado (Gaeco), do Minist\u00e9rio P\u00fablico do Paran\u00e1, firmou mais seis Acordos de N\u00e3o Persecu\u00e7\u00e3o Penal (ANPP) com ex-integrantes da c\u00fapula diretiva de uma cooperativa agroindustrial de Londrina, que possibilitar\u00e3o a restitui\u00e7\u00e3o de R$ 18.246.455,00 aos cooperados. Em maio, j\u00e1 haviam sido celebrados termos com 14 integrantes da institui\u00e7\u00e3o, investigados por desvios de dinheiro, com a previs\u00e3o da devolu\u00e7\u00e3o de R$ 1,4 milh\u00e3o aos cooperados.<\/p>\n<p class=\"text-align-center\"><a href=\"https:\/\/apps.mppr.mp.br\/audios\/play\/85d4bea4f588d15c2b57e4fbd8f48837\" target=\"_blank\"><strong>\u00c1udio do promotor de Justi\u00e7a Leandro Antunes Meirelles Machado<\/strong><\/a><\/p>\n<p>Os valores negociados nos seis novos acordos ser\u00e3o pagos mediante a entrega de bens, inclusive uma fazenda de 221,0533 alqueires (correspondentes a 2.210.533 m\u00b2), avaliada em aproximadamente R$ 10 milh\u00f5es e situada em Ortigueira. Al\u00e9m disso, ser\u00e3o entregues dois ve\u00edculos, direitos sobre im\u00f3veis em constru\u00e7\u00e3o e valores em dinheiro.<\/p>\n<p><strong>Opera\u00e7\u00e3o Proteus<\/strong> \u2013 Os acordos foram firmados no \u00e2mbito da Opera\u00e7\u00e3o Proteus, que investiga, entre outros il\u00edcitos, a pr\u00e1tica dos crimes de apropria\u00e7\u00e3o ind\u00e9bita e falsidade ideol\u00f3gica por integrantes da c\u00fapula diretiva da cooperativa. Os valores pactuados se somar\u00e3o ao montante de R$ 1,4 milh\u00e3o decorrente dos acordos anteriores, alcan\u00e7ando um total de R$ 19.646.455,00 \u2014 o maior valor de restitui\u00e7\u00e3o de danos causados por il\u00edcitos penais pactuado em ANPP j\u00e1 registrado na regi\u00e3o de Londrina.<\/p>\n<p>Al\u00e9m disso, os investigados comprometeram-se a:<\/p>\n<p>&#8211; Pagar presta\u00e7\u00e3o pecuni\u00e1ria no valor total de R$ 1.900.332,00, quantia a ser revertida para entidades beneficentes;<\/p>\n<p>&#8211; Renunciar aos cargos que ocupavam na cooperativa;<\/p>\n<p>&#8211; Comparecer mensalmente em ju\u00edzo para justificar suas atividades;<\/p>\n<p>&#8211; N\u00e3o se ausentar da comarca onde residem por prazo superior a 15 (quinze) dias ou transferir resid\u00eancia sem autoriza\u00e7\u00e3o judicial.<\/p>\n<p><strong>Dano moral<\/strong> \u2013 O acordo prev\u00ea ainda o pagamento de indeniza\u00e7\u00e3o por dano moral no valor de R$ 75 mil a uma v\u00edtima vulner\u00e1vel, que teve seu nome usado indevidamente para a abertura de uma empresa posteriormente utilizada na emiss\u00e3o de notas fiscais que possibilitaram os pagamentos ilegais.<\/p>\n<p><strong>Homologa\u00e7\u00e3o<\/strong> \u2013 Os acordos ser\u00e3o agora apresentados ao Ju\u00edzo da 2\u00aa Vara Criminal de Londrina, a quem caber\u00e1 analisar e, eventualmente, homologar o que foi pactuado.<\/p>\n<p><strong>O que \u00e9 o ANPP <\/strong>\u2013 O Acordo de N\u00e3o Persecu\u00e7\u00e3o Penal \u00e9 uma alternativa dada aos autores de crimes para substituir o processo criminal por outras formas de repara\u00e7\u00e3o dos danos causados. Esse instrumento jur\u00eddico passou a vigorar em janeiro de 2020, com a entrada em vigor da Lei n\u00ba 13.964\/2019, conhecida como Pacote Anticrime. O acordo pode ser celebrado entre o Minist\u00e9rio P\u00fablico e o investigado, visando uma solu\u00e7\u00e3o mais c\u00e9lere e efetiva dos casos.<\/p>\n<p>Processo n\u00ba 0021733-85.2025.8.16.0014<\/p>\n<p><em>Informa\u00e7\u00f5es para a imprensa:<br \/>Assessoria de Comunica\u00e7\u00e3o<br \/><a href=\"https:\/\/mppr.mp.br\/cdn-cgi\/l\/email-protection\" class=\"__cf_email__\" data-cfemail=\"30535f5d455e59535153515f705d4040421e5d401e5242\">[email\u00a0protected]<\/a><br \/>(41) 3250-4264<\/em><\/p>\n<\/div>\n<p><a href=\"https:\/\/mppr.mp.br\/Noticia\/MPPR-celebra-acordos-de-nao-persecucao-penal-com-integrantes-de-cooperativa-para-devolucao\">Source link <\/a><\/p>\n","protected":false},"excerpt":{"rendered":"<p>Nesta segunda-feira, 8 de setembro, o N\u00facleo Regional de Londrina do Grupo de Atua\u00e7\u00e3o Especial de Combate ao Crime Organizado (Gaeco), do Minist\u00e9rio P\u00fablico do Paran\u00e1, firmou mais seis Acordos de N\u00e3o Persecu\u00e7\u00e3o Penal (ANPP) com ex-integrantes da c\u00fapula diretiva de uma cooperativa agroindustrial de Londrina, que possibilitar\u00e3o a restitui\u00e7\u00e3o de R$ 18.246.455,00 aos cooperados. [&hellip;]<\/p>\n","protected":false},"author":1,"featured_media":68032,"comment_status":"","ping_status":"","sticky":false,"template":"","format":"standard","meta":{"googlesitekit_rrm_CAow2JLhCw:productID":"","_gspb_post_css":"","maa_idioma":"","maa_pais":"","footnotes":""},"categories":[1],"tags":[],"class_list":["post-68031","post","type-post","status-publish","format-standard","has-post-thumbnail","hentry","category-ubirata"],"blocksy_meta":[],"yoast_head":"<!-- This site is optimized with the Yoast SEO Premium plugin v27.6 (Yoast SEO v27.6) - https:\/\/yoast.com\/product\/yoast-seo-premium-wordpress\/ -->\n<title>MPPR celebra acordos de n\u00e3o persecu\u00e7\u00e3o penal com integrantes de cooperativa para a devolu\u00e7\u00e3o de cerca de R$ 18 milh\u00f5es - Ubirat\u00e3 Online Not\u00edcias - A realidade ao seu alcance!<\/title>\n<meta name=\"description\" content=\"Nesta segunda-feira, 8 de setembro, o N\u00facleo Regional de Londrina do Grupo de Atua\u00e7\u00e3o Especial de Combate ao Crime Organizado (Gaeco), do Minist\u00e9rio\" \/>\n<meta name=\"robots\" content=\"index, follow, max-snippet:-1, max-image-preview:large, max-video-preview:-1\" \/>\n<link rel=\"canonical\" href=\"https:\/\/ubirataonline.com.br\/en\/mppr-celebra-acordos-de-nao-persecucao-penal-com-integrantes-de-cooperativa-para-a-devolucao-de-cerca-de-r-18-milhoes\/\" \/>\n<meta property=\"og:locale\" content=\"en_US\" \/>\n<meta property=\"og:type\" content=\"article\" \/>\n<meta property=\"og:title\" content=\"MPPR celebra acordos de n\u00e3o persecu\u00e7\u00e3o penal com integrantes de cooperativa para a devolu\u00e7\u00e3o de cerca de R$ 18 milh\u00f5es\" \/>\n<meta property=\"og:description\" content=\"Nesta segunda-feira, 8 de setembro, o N\u00facleo Regional de Londrina do Grupo de Atua\u00e7\u00e3o Especial de Combate ao Crime Organizado (Gaeco), do Minist\u00e9rio\" \/>\n<meta property=\"og:url\" content=\"https:\/\/ubirataonline.com.br\/en\/mppr-celebra-acordos-de-nao-persecucao-penal-com-integrantes-de-cooperativa-para-a-devolucao-de-cerca-de-r-18-milhoes\/\" \/>\n<meta property=\"og:site_name\" content=\"Ubirat\u00e3 Online Not\u00edcias - A realidade ao seu alcance!\" \/>\n<meta property=\"article:publisher\" content=\"https:\/\/www.facebook.com\/portalubirataonline\" \/>\n<meta property=\"article:author\" content=\"https:\/\/www.facebook.com\/portalubirataonline\" \/>\n<meta property=\"article:published_time\" content=\"2025-09-11T21:20:35+00:00\" \/>\n<meta property=\"og:image\" content=\"https:\/\/ubirataonline.com.br\/wp-content\/uploads\/2026\/05\/logo2026.webp\" \/>\n\t<meta property=\"og:image:width\" content=\"1531\" \/>\n\t<meta property=\"og:image:height\" content=\"418\" \/>\n\t<meta property=\"og:image:type\" content=\"image\/webp\" \/>\n<meta name=\"author\" content=\"REDA\u00c7\u00c3O: UBIRAT\u00c3 ONLINE - F\u00c1BIO AUGUSTO CELESTINO\" \/>\n<meta name=\"twitter:card\" content=\"summary_large_image\" \/>\n<meta name=\"twitter:creator\" content=\"@x.com\/ubirataonline\" \/>\n<meta name=\"twitter:site\" content=\"@ubirataonline\" \/>\n<meta name=\"twitter:label1\" content=\"Written by\" \/>\n\t<meta name=\"twitter:data1\" content=\"REDA\u00c7\u00c3O: UBIRAT\u00c3 ONLINE - F\u00c1BIO AUGUSTO CELESTINO\" \/>\n\t<meta name=\"twitter:label2\" content=\"Est. reading time\" \/>\n\t<meta name=\"twitter:data2\" content=\"2 minutes\" \/>\n<script type=\"application\/ld+json\" class=\"yoast-schema-graph\">{\"@context\":\"https:\\\/\\\/schema.org\",\"@graph\":[{\"@type\":\"NewsArticle\",\"@id\":\"https:\\\/\\\/ubirataonline.com.br\\\/mppr-celebra-acordos-de-nao-persecucao-penal-com-integrantes-de-cooperativa-para-a-devolucao-de-cerca-de-r-18-milhoes\\\/#article\",\"isPartOf\":{\"@id\":\"https:\\\/\\\/ubirataonline.com.br\\\/mppr-celebra-acordos-de-nao-persecucao-penal-com-integrantes-de-cooperativa-para-a-devolucao-de-cerca-de-r-18-milhoes\\\/\"},\"author\":{\"name\":\"REDA\u00c7\u00c3O: UBIRAT\u00c3 ONLINE - F\u00c1BIO AUGUSTO CELESTINO\",\"@id\":\"https:\\\/\\\/ubirataonline.com.br\\\/#\\\/schema\\\/person\\\/372f87bbd3fdd79b8556b84c98d0bc1c\"},\"headline\":\"MPPR celebra acordos de n\u00e3o persecu\u00e7\u00e3o penal com integrantes de cooperativa para a devolu\u00e7\u00e3o de cerca de R$ 18 milh\u00f5es\",\"datePublished\":\"2025-09-11T21:20:35+00:00\",\"mainEntityOfPage\":{\"@id\":\"https:\\\/\\\/ubirataonline.com.br\\\/mppr-celebra-acordos-de-nao-persecucao-penal-com-integrantes-de-cooperativa-para-a-devolucao-de-cerca-de-r-18-milhoes\\\/\"},\"wordCount\":504,\"publisher\":{\"@id\":\"https:\\\/\\\/ubirataonline.com.br\\\/#organization\"},\"image\":{\"@id\":\"https:\\\/\\\/ubirataonline.com.br\\\/mppr-celebra-acordos-de-nao-persecucao-penal-com-integrantes-de-cooperativa-para-a-devolucao-de-cerca-de-r-18-milhoes\\\/#primaryimage\"},\"thumbnailUrl\":\"https:\\\/\\\/ubirataonline.com.br\\\/wp-content\\\/uploads\\\/2025\\\/09\\\/102_operacaoproteus_001.png\",\"articleSection\":[\"Ubirat\u00e3\"],\"inLanguage\":\"en-US\",\"copyrightYear\":\"2025\",\"copyrightHolder\":{\"@id\":\"https:\\\/\\\/ubirataonline.com.br\\\/en\\\/#organization\"}},{\"@type\":\"WebPage\",\"@id\":\"https:\\\/\\\/ubirataonline.com.br\\\/mppr-celebra-acordos-de-nao-persecucao-penal-com-integrantes-de-cooperativa-para-a-devolucao-de-cerca-de-r-18-milhoes\\\/\",\"url\":\"https:\\\/\\\/ubirataonline.com.br\\\/mppr-celebra-acordos-de-nao-persecucao-penal-com-integrantes-de-cooperativa-para-a-devolucao-de-cerca-de-r-18-milhoes\\\/\",\"name\":\"MPPR celebra acordos de n\u00e3o persecu\u00e7\u00e3o penal com integrantes de cooperativa para a devolu\u00e7\u00e3o de cerca de R$ 18 milh\u00f5es - Ubirat\u00e3 Online Not\u00edcias - A realidade ao seu alcance!\",\"isPartOf\":{\"@id\":\"https:\\\/\\\/ubirataonline.com.br\\\/#website\"},\"primaryImageOfPage\":{\"@id\":\"https:\\\/\\\/ubirataonline.com.br\\\/mppr-celebra-acordos-de-nao-persecucao-penal-com-integrantes-de-cooperativa-para-a-devolucao-de-cerca-de-r-18-milhoes\\\/#primaryimage\"},\"image\":{\"@id\":\"https:\\\/\\\/ubirataonline.com.br\\\/mppr-celebra-acordos-de-nao-persecucao-penal-com-integrantes-de-cooperativa-para-a-devolucao-de-cerca-de-r-18-milhoes\\\/#primaryimage\"},\"thumbnailUrl\":\"https:\\\/\\\/ubirataonline.com.br\\\/wp-content\\\/uploads\\\/2025\\\/09\\\/102_operacaoproteus_001.png\",\"datePublished\":\"2025-09-11T21:20:35+00:00\",\"description\":\"Nesta segunda-feira, 8 de setembro, o N\u00facleo Regional de Londrina do Grupo de Atua\u00e7\u00e3o Especial de Combate ao Crime Organizado (Gaeco), do Minist\u00e9rio\",\"breadcrumb\":{\"@id\":\"https:\\\/\\\/ubirataonline.com.br\\\/mppr-celebra-acordos-de-nao-persecucao-penal-com-integrantes-de-cooperativa-para-a-devolucao-de-cerca-de-r-18-milhoes\\\/#breadcrumb\"},\"inLanguage\":\"en-US\",\"potentialAction\":[{\"@type\":\"ReadAction\",\"target\":[\"https:\\\/\\\/ubirataonline.com.br\\\/mppr-celebra-acordos-de-nao-persecucao-penal-com-integrantes-de-cooperativa-para-a-devolucao-de-cerca-de-r-18-milhoes\\\/\"]}]},{\"@type\":\"ImageObject\",\"inLanguage\":\"en-US\",\"@id\":\"https:\\\/\\\/ubirataonline.com.br\\\/mppr-celebra-acordos-de-nao-persecucao-penal-com-integrantes-de-cooperativa-para-a-devolucao-de-cerca-de-r-18-milhoes\\\/#primaryimage\",\"url\":\"https:\\\/\\\/ubirataonline.com.br\\\/wp-content\\\/uploads\\\/2025\\\/09\\\/102_operacaoproteus_001.png\",\"contentUrl\":\"https:\\\/\\\/ubirataonline.com.br\\\/wp-content\\\/uploads\\\/2025\\\/09\\\/102_operacaoproteus_001.png\",\"width\":675,\"height\":450},{\"@type\":\"BreadcrumbList\",\"@id\":\"https:\\\/\\\/ubirataonline.com.br\\\/mppr-celebra-acordos-de-nao-persecucao-penal-com-integrantes-de-cooperativa-para-a-devolucao-de-cerca-de-r-18-milhoes\\\/#breadcrumb\",\"itemListElement\":[{\"@type\":\"ListItem\",\"position\":1,\"name\":\"In\u00edcio\",\"item\":\"https:\\\/\\\/ubirataonline.com.br\\\/\"},{\"@type\":\"ListItem\",\"position\":2,\"name\":\"MPPR celebra acordos de n\u00e3o persecu\u00e7\u00e3o penal com integrantes de cooperativa para a devolu\u00e7\u00e3o de cerca de R$ 18 milh\u00f5es\"}]},{\"@type\":\"WebSite\",\"@id\":\"https:\\\/\\\/ubirataonline.com.br\\\/#website\",\"url\":\"https:\\\/\\\/ubirataonline.com.br\\\/\",\"name\":\"Ubirat\u00e3 Online Not\u00edcias\",\"description\":\"Not\u00edcias de Ubirat\u00e3, regi\u00e3o, Brasil e mundo, com informa\u00e7\u00e3o atualizada e compromisso com o leitor.\",\"publisher\":{\"@id\":\"https:\\\/\\\/ubirataonline.com.br\\\/#organization\"},\"alternateName\":\"Ubirat\u00e3 Online\",\"potentialAction\":[{\"@type\":\"SearchAction\",\"target\":{\"@type\":\"EntryPoint\",\"urlTemplate\":\"https:\\\/\\\/ubirataonline.com.br\\\/?s={search_term_string}\"},\"query-input\":{\"@type\":\"PropertyValueSpecification\",\"valueRequired\":true,\"valueName\":\"search_term_string\"}}],\"inLanguage\":\"en-US\"},{\"@type\":[\"Organization\",\"Place\"],\"@id\":\"https:\\\/\\\/ubirataonline.com.br\\\/#organization\",\"name\":\"Ubirat\u00e3 Online Not\u00edcias\",\"alternateName\":\"Ubirat\u00e3 Online\",\"url\":\"https:\\\/\\\/ubirataonline.com.br\\\/\",\"logo\":{\"@id\":\"https:\\\/\\\/ubirataonline.com.br\\\/mppr-celebra-acordos-de-nao-persecucao-penal-com-integrantes-de-cooperativa-para-a-devolucao-de-cerca-de-r-18-milhoes\\\/#local-main-organization-logo\"},\"image\":{\"@id\":\"https:\\\/\\\/ubirataonline.com.br\\\/mppr-celebra-acordos-de-nao-persecucao-penal-com-integrantes-de-cooperativa-para-a-devolucao-de-cerca-de-r-18-milhoes\\\/#local-main-organization-logo\"},\"sameAs\":[\"https:\\\/\\\/www.facebook.com\\\/portalubirataonline\",\"https:\\\/\\\/x.com\\\/ubirataonline\",\"https:\\\/\\\/mastodon.social\\\/@ubirataonline\",\"https:\\\/\\\/www.facebook.com\\\/groups\\\/311144672285604\",\"https:\\\/\\\/www.facebook.com\\\/UBTAOnline\",\"https:\\\/\\\/www.instagram.com\\\/portalubirataonline\\\/\",\"https:\\\/\\\/twitter.com\\\/ubirataonline\"],\"description\":\"Somos um portal de not\u00edcias independente, criado em 5 de janeiro de 2009, com o objetivo de informar, conectar e valorizar a nossa comunidade de Ubirat\u00e3 e toda aregi\u00e3o. Com conte\u00fado atualizado, confi\u00e1vel e relevante, o Ubirat\u00e3 Online \u00e9 o seu espa\u00e7o para ficar por dentro dos principais acontecimentos locais, regionais, Brasil, Mundo e de interesse geral. Nosso compromisso \u00e9 com a verdade, a transpar\u00eancia e o respeito ao leitor.\",\"legalName\":\"UBIRATA ONLINE NOT\u00cdCIAS\",\"foundingDate\":\"2009-01-05\",\"numberOfEmployees\":{\"@type\":\"QuantitativeValue\",\"minValue\":\"1\",\"maxValue\":\"10\"},\"publishingPrinciples\":\"https:\\\/\\\/ubirataonline.com.br\\\/faq\\\/\",\"address\":{\"@id\":\"https:\\\/\\\/ubirataonline.com.br\\\/mppr-celebra-acordos-de-nao-persecucao-penal-com-integrantes-de-cooperativa-para-a-devolucao-de-cerca-de-r-18-milhoes\\\/#local-main-place-address\"},\"geo\":{\"@type\":\"GeoCoordinates\",\"latitude\":\"-24.5361401\",\"longitude\":\"-52.9921776\"},\"telephone\":[\"+5544998308235\"],\"contactPoint\":{\"@type\":\"ContactPoint\",\"email\":\"contato@ubirataonline.com.br\"},\"openingHoursSpecification\":{\"@type\":\"OpeningHoursSpecification\",\"dayOfWeek\":[\"Monday\",\"Tuesday\",\"Wednesday\",\"Thursday\",\"Friday\",\"Saturday\",\"Sunday\"],\"opens\":\"00:00\",\"closes\":\"23:59\"},\"email\":\"contato@ubirataonline.com.br\",\"vatID\":\"47.621.418\\\/0001-80\"},{\"@type\":\"Person\",\"@id\":\"https:\\\/\\\/ubirataonline.com.br\\\/#\\\/schema\\\/person\\\/372f87bbd3fdd79b8556b84c98d0bc1c\",\"name\":\"REDA\u00c7\u00c3O: UBIRAT\u00c3 ONLINE - F\u00c1BIO AUGUSTO CELESTINO\",\"pronouns\":\"Ele\",\"description\":\"Desde 2003 trabalhando com not\u00edcias.\",\"sameAs\":[\"http:\\\/\\\/ubirataoline.com.br\",\"https:\\\/\\\/www.facebook.com\\\/portalubirataonline\",\"https:\\\/\\\/www.instagram.com\\\/ubirataonline_oficial\",\"https:\\\/\\\/x.com\\\/x.com\\\/ubirataonline\"],\"honorificPrefix\":\"Mr.\",\"honorificSuffix\":\"MD\",\"birthDate\":\"1980-06-16\",\"gender\":\"masculino\",\"award\":[\"V\u00e1rios pr\u00eamios de melhor portal da cidade\"],\"jobTitle\":\"Diretor\",\"url\":\"https:\\\/\\\/ubirataonline.com.br\\\/en\\\/author\\\/ubirataonline\\\/\"},{\"@type\":\"PostalAddress\",\"@id\":\"https:\\\/\\\/ubirataonline.com.br\\\/mppr-celebra-acordos-de-nao-persecucao-penal-com-integrantes-de-cooperativa-para-a-devolucao-de-cerca-de-r-18-milhoes\\\/#local-main-place-address\",\"streetAddress\":\"Rua dos Coqueiros, 104 - Bairro Boa Vista, Rua dos Coqueiros, 104 Bairro Boa Vista\",\"addressLocality\":\"UBIRATA\",\"postalCode\":\"85440-000\",\"addressRegion\":\"PR\",\"addressCountry\":\"BR\"},{\"@type\":\"ImageObject\",\"inLanguage\":\"en-US\",\"@id\":\"https:\\\/\\\/ubirataonline.com.br\\\/mppr-celebra-acordos-de-nao-persecucao-penal-com-integrantes-de-cooperativa-para-a-devolucao-de-cerca-de-r-18-milhoes\\\/#local-main-organization-logo\",\"url\":\"https:\\\/\\\/ubirataonline.com.br\\\/wp-content\\\/uploads\\\/2026\\\/06\\\/logoubirataonline-1.webp\",\"contentUrl\":\"https:\\\/\\\/ubirataonline.com.br\\\/wp-content\\\/uploads\\\/2026\\\/06\\\/logoubirataonline-1.webp\",\"width\":500,\"height\":500,\"caption\":\"Ubirat\u00e3 Online Not\u00edcias\"}]}<\/script>\n<meta name=\"geo.placename\" content=\"UBIRATA\" \/>\n<meta name=\"geo.position\" content=\"-24.5361401;-52.9921776\" \/>\n<meta name=\"geo.region\" content=\"Brazil\" \/>\n<!-- \/ Yoast SEO Premium plugin. -->","yoast_head_json":{"title":"MPPR celebra acordos de n\u00e3o persecu\u00e7\u00e3o penal com integrantes de cooperativa para a devolu\u00e7\u00e3o de cerca de R$ 18 milh\u00f5es - Ubirat\u00e3 Online Not\u00edcias - A realidade ao seu alcance!","description":"Nesta segunda-feira, 8 de setembro, o N\u00facleo Regional de Londrina do Grupo de Atua\u00e7\u00e3o Especial de Combate ao Crime Organizado (Gaeco), do Minist\u00e9rio","robots":{"index":"index","follow":"follow","max-snippet":"max-snippet:-1","max-image-preview":"max-image-preview:large","max-video-preview":"max-video-preview:-1"},"canonical":"https:\/\/ubirataonline.com.br\/en\/mppr-celebra-acordos-de-nao-persecucao-penal-com-integrantes-de-cooperativa-para-a-devolucao-de-cerca-de-r-18-milhoes\/","og_locale":"en_US","og_type":"article","og_title":"MPPR celebra acordos de n\u00e3o persecu\u00e7\u00e3o penal com integrantes de cooperativa para a devolu\u00e7\u00e3o de cerca de R$ 18 milh\u00f5es","og_description":"Nesta segunda-feira, 8 de setembro, o N\u00facleo Regional de Londrina do Grupo de Atua\u00e7\u00e3o Especial de Combate ao Crime Organizado (Gaeco), do Minist\u00e9rio","og_url":"https:\/\/ubirataonline.com.br\/en\/mppr-celebra-acordos-de-nao-persecucao-penal-com-integrantes-de-cooperativa-para-a-devolucao-de-cerca-de-r-18-milhoes\/","og_site_name":"Ubirat\u00e3 Online Not\u00edcias - A realidade ao seu alcance!","article_publisher":"https:\/\/www.facebook.com\/portalubirataonline","article_author":"https:\/\/www.facebook.com\/portalubirataonline","article_published_time":"2025-09-11T21:20:35+00:00","og_image":[{"width":1531,"height":418,"url":"https:\/\/ubirataonline.com.br\/wp-content\/uploads\/2026\/05\/logo2026.webp","type":"image\/webp"}],"author":"REDA\u00c7\u00c3O: UBIRAT\u00c3 ONLINE - F\u00c1BIO AUGUSTO CELESTINO","twitter_card":"summary_large_image","twitter_creator":"@x.com\/ubirataonline","twitter_site":"@ubirataonline","twitter_misc":{"Written by":"REDA\u00c7\u00c3O: UBIRAT\u00c3 ONLINE - F\u00c1BIO AUGUSTO CELESTINO","Est. reading time":"2 minutes"},"schema":{"@context":"https:\/\/schema.org","@graph":[{"@type":"NewsArticle","@id":"https:\/\/ubirataonline.com.br\/mppr-celebra-acordos-de-nao-persecucao-penal-com-integrantes-de-cooperativa-para-a-devolucao-de-cerca-de-r-18-milhoes\/#article","isPartOf":{"@id":"https:\/\/ubirataonline.com.br\/mppr-celebra-acordos-de-nao-persecucao-penal-com-integrantes-de-cooperativa-para-a-devolucao-de-cerca-de-r-18-milhoes\/"},"author":{"name":"REDA\u00c7\u00c3O: UBIRAT\u00c3 ONLINE - F\u00c1BIO AUGUSTO CELESTINO","@id":"https:\/\/ubirataonline.com.br\/#\/schema\/person\/372f87bbd3fdd79b8556b84c98d0bc1c"},"headline":"MPPR celebra acordos de n\u00e3o persecu\u00e7\u00e3o penal com integrantes de cooperativa para a devolu\u00e7\u00e3o de cerca de R$ 18 milh\u00f5es","datePublished":"2025-09-11T21:20:35+00:00","mainEntityOfPage":{"@id":"https:\/\/ubirataonline.com.br\/mppr-celebra-acordos-de-nao-persecucao-penal-com-integrantes-de-cooperativa-para-a-devolucao-de-cerca-de-r-18-milhoes\/"},"wordCount":504,"publisher":{"@id":"https:\/\/ubirataonline.com.br\/#organization"},"image":{"@id":"https:\/\/ubirataonline.com.br\/mppr-celebra-acordos-de-nao-persecucao-penal-com-integrantes-de-cooperativa-para-a-devolucao-de-cerca-de-r-18-milhoes\/#primaryimage"},"thumbnailUrl":"https:\/\/ubirataonline.com.br\/wp-content\/uploads\/2025\/09\/102_operacaoproteus_001.png","articleSection":["Ubirat\u00e3"],"inLanguage":"en-US","copyrightYear":"2025","copyrightHolder":{"@id":"https:\/\/ubirataonline.com.br\/en\/#organization"}},{"@type":"WebPage","@id":"https:\/\/ubirataonline.com.br\/mppr-celebra-acordos-de-nao-persecucao-penal-com-integrantes-de-cooperativa-para-a-devolucao-de-cerca-de-r-18-milhoes\/","url":"https:\/\/ubirataonline.com.br\/mppr-celebra-acordos-de-nao-persecucao-penal-com-integrantes-de-cooperativa-para-a-devolucao-de-cerca-de-r-18-milhoes\/","name":"MPPR celebra acordos de n\u00e3o persecu\u00e7\u00e3o penal com integrantes de cooperativa para a devolu\u00e7\u00e3o de cerca de R$ 18 milh\u00f5es - Ubirat\u00e3 Online Not\u00edcias - A realidade ao seu alcance!","isPartOf":{"@id":"https:\/\/ubirataonline.com.br\/#website"},"primaryImageOfPage":{"@id":"https:\/\/ubirataonline.com.br\/mppr-celebra-acordos-de-nao-persecucao-penal-com-integrantes-de-cooperativa-para-a-devolucao-de-cerca-de-r-18-milhoes\/#primaryimage"},"image":{"@id":"https:\/\/ubirataonline.com.br\/mppr-celebra-acordos-de-nao-persecucao-penal-com-integrantes-de-cooperativa-para-a-devolucao-de-cerca-de-r-18-milhoes\/#primaryimage"},"thumbnailUrl":"https:\/\/ubirataonline.com.br\/wp-content\/uploads\/2025\/09\/102_operacaoproteus_001.png","datePublished":"2025-09-11T21:20:35+00:00","description":"Nesta segunda-feira, 8 de setembro, o N\u00facleo Regional de Londrina do Grupo de Atua\u00e7\u00e3o Especial de Combate ao Crime Organizado (Gaeco), do Minist\u00e9rio","breadcrumb":{"@id":"https:\/\/ubirataonline.com.br\/mppr-celebra-acordos-de-nao-persecucao-penal-com-integrantes-de-cooperativa-para-a-devolucao-de-cerca-de-r-18-milhoes\/#breadcrumb"},"inLanguage":"en-US","potentialAction":[{"@type":"ReadAction","target":["https:\/\/ubirataonline.com.br\/mppr-celebra-acordos-de-nao-persecucao-penal-com-integrantes-de-cooperativa-para-a-devolucao-de-cerca-de-r-18-milhoes\/"]}]},{"@type":"ImageObject","inLanguage":"en-US","@id":"https:\/\/ubirataonline.com.br\/mppr-celebra-acordos-de-nao-persecucao-penal-com-integrantes-de-cooperativa-para-a-devolucao-de-cerca-de-r-18-milhoes\/#primaryimage","url":"https:\/\/ubirataonline.com.br\/wp-content\/uploads\/2025\/09\/102_operacaoproteus_001.png","contentUrl":"https:\/\/ubirataonline.com.br\/wp-content\/uploads\/2025\/09\/102_operacaoproteus_001.png","width":675,"height":450},{"@type":"BreadcrumbList","@id":"https:\/\/ubirataonline.com.br\/mppr-celebra-acordos-de-nao-persecucao-penal-com-integrantes-de-cooperativa-para-a-devolucao-de-cerca-de-r-18-milhoes\/#breadcrumb","itemListElement":[{"@type":"ListItem","position":1,"name":"In\u00edcio","item":"https:\/\/ubirataonline.com.br\/"},{"@type":"ListItem","position":2,"name":"MPPR celebra acordos de n\u00e3o persecu\u00e7\u00e3o penal com integrantes de cooperativa para a devolu\u00e7\u00e3o de cerca de R$ 18 milh\u00f5es"}]},{"@type":"WebSite","@id":"https:\/\/ubirataonline.com.br\/#website","url":"https:\/\/ubirataonline.com.br\/","name":"Ubirat\u00e3 Online Not\u00edcias","description":"Not\u00edcias de Ubirat\u00e3, regi\u00e3o, Brasil e mundo, com informa\u00e7\u00e3o atualizada e compromisso com o leitor.","publisher":{"@id":"https:\/\/ubirataonline.com.br\/#organization"},"alternateName":"Ubirat\u00e3 Online","potentialAction":[{"@type":"SearchAction","target":{"@type":"EntryPoint","urlTemplate":"https:\/\/ubirataonline.com.br\/?s={search_term_string}"},"query-input":{"@type":"PropertyValueSpecification","valueRequired":true,"valueName":"search_term_string"}}],"inLanguage":"en-US"},{"@type":["Organization","Place"],"@id":"https:\/\/ubirataonline.com.br\/#organization","name":"Ubirat\u00e3 Online Not\u00edcias","alternateName":"Ubirat\u00e3 Online","url":"https:\/\/ubirataonline.com.br\/","logo":{"@id":"https:\/\/ubirataonline.com.br\/mppr-celebra-acordos-de-nao-persecucao-penal-com-integrantes-de-cooperativa-para-a-devolucao-de-cerca-de-r-18-milhoes\/#local-main-organization-logo"},"image":{"@id":"https:\/\/ubirataonline.com.br\/mppr-celebra-acordos-de-nao-persecucao-penal-com-integrantes-de-cooperativa-para-a-devolucao-de-cerca-de-r-18-milhoes\/#local-main-organization-logo"},"sameAs":["https:\/\/www.facebook.com\/portalubirataonline","https:\/\/x.com\/ubirataonline","https:\/\/mastodon.social\/@ubirataonline","https:\/\/www.facebook.com\/groups\/311144672285604","https:\/\/www.facebook.com\/UBTAOnline","https:\/\/www.instagram.com\/portalubirataonline\/","https:\/\/twitter.com\/ubirataonline"],"description":"Somos um portal de not\u00edcias independente, criado em 5 de janeiro de 2009, com o objetivo de informar, conectar e valorizar a nossa comunidade de Ubirat\u00e3 e toda aregi\u00e3o. Com conte\u00fado atualizado, confi\u00e1vel e relevante, o Ubirat\u00e3 Online \u00e9 o seu espa\u00e7o para ficar por dentro dos principais acontecimentos locais, regionais, Brasil, Mundo e de interesse geral. Nosso compromisso \u00e9 com a verdade, a transpar\u00eancia e o respeito ao leitor.","legalName":"UBIRATA ONLINE NOT\u00cdCIAS","foundingDate":"2009-01-05","numberOfEmployees":{"@type":"QuantitativeValue","minValue":"1","maxValue":"10"},"publishingPrinciples":"https:\/\/ubirataonline.com.br\/faq\/","address":{"@id":"https:\/\/ubirataonline.com.br\/mppr-celebra-acordos-de-nao-persecucao-penal-com-integrantes-de-cooperativa-para-a-devolucao-de-cerca-de-r-18-milhoes\/#local-main-place-address"},"geo":{"@type":"GeoCoordinates","latitude":"-24.5361401","longitude":"-52.9921776"},"telephone":["+5544998308235"],"contactPoint":{"@type":"ContactPoint","email":"contato@ubirataonline.com.br"},"openingHoursSpecification":{"@type":"OpeningHoursSpecification","dayOfWeek":["Monday","Tuesday","Wednesday","Thursday","Friday","Saturday","Sunday"],"opens":"00:00","closes":"23:59"},"email":"contato@ubirataonline.com.br","vatID":"47.621.418\/0001-80"},{"@type":"Person","@id":"https:\/\/ubirataonline.com.br\/#\/schema\/person\/372f87bbd3fdd79b8556b84c98d0bc1c","name":"REDA\u00c7\u00c3O: UBIRAT\u00c3 ONLINE - F\u00c1BIO AUGUSTO CELESTINO","pronouns":"Ele","description":"Desde 2003 trabalhando com not\u00edcias.","sameAs":["http:\/\/ubirataoline.com.br","https:\/\/www.facebook.com\/portalubirataonline","https:\/\/www.instagram.com\/ubirataonline_oficial","https:\/\/x.com\/x.com\/ubirataonline"],"honorificPrefix":"Mr.","honorificSuffix":"MD","birthDate":"1980-06-16","gender":"masculino","award":["V\u00e1rios pr\u00eamios de melhor portal da cidade"],"jobTitle":"Diretor","url":"https:\/\/ubirataonline.com.br\/en\/author\/ubirataonline\/"},{"@type":"PostalAddress","@id":"https:\/\/ubirataonline.com.br\/mppr-celebra-acordos-de-nao-persecucao-penal-com-integrantes-de-cooperativa-para-a-devolucao-de-cerca-de-r-18-milhoes\/#local-main-place-address","streetAddress":"Rua dos Coqueiros, 104 - Bairro Boa Vista, Rua dos Coqueiros, 104 Bairro Boa Vista","addressLocality":"UBIRATA","postalCode":"85440-000","addressRegion":"PR","addressCountry":"BR"},{"@type":"ImageObject","inLanguage":"en-US","@id":"https:\/\/ubirataonline.com.br\/mppr-celebra-acordos-de-nao-persecucao-penal-com-integrantes-de-cooperativa-para-a-devolucao-de-cerca-de-r-18-milhoes\/#local-main-organization-logo","url":"https:\/\/ubirataonline.com.br\/wp-content\/uploads\/2026\/06\/logoubirataonline-1.webp","contentUrl":"https:\/\/ubirataonline.com.br\/wp-content\/uploads\/2026\/06\/logoubirataonline-1.webp","width":500,"height":500,"caption":"Ubirat\u00e3 Online Not\u00edcias"}]},"geo.placename":"UBIRATA","geo.position":{"lat":"-24.5361401","long":"-52.9921776"},"geo.region":"Brazil"},"_links":{"self":[{"href":"https:\/\/ubirataonline.com.br\/en\/wp-json\/wp\/v2\/posts\/68031","targetHints":{"allow":["GET"]}}],"collection":[{"href":"https:\/\/ubirataonline.com.br\/en\/wp-json\/wp\/v2\/posts"}],"about":[{"href":"https:\/\/ubirataonline.com.br\/en\/wp-json\/wp\/v2\/types\/post"}],"author":[{"embeddable":true,"href":"https:\/\/ubirataonline.com.br\/en\/wp-json\/wp\/v2\/users\/1"}],"replies":[{"embeddable":true,"href":"https:\/\/ubirataonline.com.br\/en\/wp-json\/wp\/v2\/comments?post=68031"}],"version-history":[{"count":0,"href":"https:\/\/ubirataonline.com.br\/en\/wp-json\/wp\/v2\/posts\/68031\/revisions"}],"wp:featuredmedia":[{"embeddable":true,"href":"https:\/\/ubirataonline.com.br\/en\/wp-json\/wp\/v2\/media\/68032"}],"wp:attachment":[{"href":"https:\/\/ubirataonline.com.br\/en\/wp-json\/wp\/v2\/media?parent=68031"}],"wp:term":[{"taxonomy":"category","embeddable":true,"href":"https:\/\/ubirataonline.com.br\/en\/wp-json\/wp\/v2\/categories?post=68031"},{"taxonomy":"post_tag","embeddable":true,"href":"https:\/\/ubirataonline.com.br\/en\/wp-json\/wp\/v2\/tags?post=68031"}],"curies":[{"name":"wp","href":"https:\/\/api.w.org\/{rel}","templated":true}]}}