{"id":68039,"date":"2025-09-11T19:30:20","date_gmt":"2025-09-11T22:30:20","guid":{"rendered":"https:\/\/ubirataonline.com.br\/corte-especial-do-stj-confirma-afastamento-de-governador-do-tocantins\/"},"modified":"2025-09-11T19:30:20","modified_gmt":"2025-09-11T22:30:20","slug":"corte-especial-do-stj-confirma-afastamento-de-governador-do-tocantins","status":"publish","type":"post","link":"https:\/\/ubirataonline.com.br\/en\/corte-especial-do-stj-confirma-afastamento-de-governador-do-tocantins\/","title":{"rendered":"Corte Especial do STJ confirma afastamento de governador do Tocantins"},"content":{"rendered":"<p><\/p>\n<div id=\"texto\">\n<p>Respons\u00e1vel por, entre outras coisas, julgar as a\u00e7\u00f5es penais contra governadores e outras autoridades, a <strong>Corte Especial do Superior Tribunal de Justi\u00e7a (STJ) ratificou, nesta quarta-feira (3), a decis\u00e3o do ministro Mauro Campbell\u00a0de afastar de seus cargos, por seis meses, o governador do Tocantins, Wanderley Barbosa, e sua esposa, Karynne Sotero Campos, secret\u00e1ria estadual Extraordin\u00e1ria de Participa\u00e7\u00f5es Sociais.<\/strong><\/p>\n<p>O apoio da Corte composta pelos 15 ministros mais antigos do tribunal \u00e0 decis\u00e3o de Campbell veio durante a sess\u00e3o ordin\u00e1ria desta tarde, horas ap\u00f3s a Pol\u00edcia Federal (PF) deflagrar a segunda fase da Opera\u00e7\u00e3o Fames-19 com o objetivo de aprofundar as investiga\u00e7\u00f5es acerca de supostos desvios de recursos p\u00fablicos destinados ao enfrentamento da pandemia no estado, entre os anos de 2020 e 2021.<\/p>\n<p><strong>Mais de 200 policiais federais cumpriram a 51 mandados judiciais de busca e apreens\u00e3o, al\u00e9m de outras medidas cautelares, na capital do Tocantins, Palmas, e nas cidades de Aragua\u00edna (TO), Jo\u00e3o Pessoa (PB), Imperatriz (MA) e no Distrito Federal. <\/strong>Dez dos mandados foram executados\u00a0em gabinetes de deputados estaduais.<\/p>\n<p><strong>Segundo a PF, a nova fase da Opera\u00e7\u00e3o Fames-19 permitir\u00e1 aos investigadores buscar poss\u00edveis provas do desvio de recursos destinados ao estado, inclusive por meio de emendas parlamentares, durante o estado de emerg\u00eancia em sa\u00fade p\u00fablica e assist\u00eancia social decretado em virtude da pandemia da covid-19.<\/strong><\/p>\n<p>&gt;&gt; Siga o canal da <strong>Ag\u00eancia Brasil <\/strong>no WhatsApp<\/p>\n<p>A primeira fase da Opera\u00e7\u00e3o Fames-19 foi deflagrada em 21 de agosto de 2024. Na ocasi\u00e3o, agentes federais realizaram buscas e apreens\u00f5es em endere\u00e7os ligados a Barbosa e a outros suspeitos de receber vantagens indevidas de empresas que, segundo a PF, o governo estadual contratou, de forma fraudulenta, para que fornecessem bens e servi\u00e7os, incluindo cestas b\u00e1sicas.<\/p>\n<p><strong>A PF afirma j\u00e1 ter reunido ind\u00edcios que apontam que o governo do Tocantins pagou mais de R$ 97 milh\u00f5es em contratos suspeitos de fornecimento de cestas b\u00e1sicas e frangos congelados, com preju\u00edzo superior a R$ 73 milh\u00f5es aos cofres p\u00fablicos. Os valores supostamente desviados, segundo a institui\u00e7\u00e3o, foram ocultados por meio da constru\u00e7\u00e3o de empreendimentos de luxo, compra de gado e pagamento de despesas pessoais dos envolvidos.<\/strong><\/p>\n<p>\u201cConforme observado durante as investiga\u00e7\u00f5es, Wanderley Barbosa, com o aux\u00edlio de sua esposa, Karine Campos, e com o apoio de servidores p\u00fablicos, empres\u00e1rios e deputados estaduais, instituiu no seio do governo do Tocantins um amplo esquema de desvio de recursos p\u00fablicos por meio do fornecimento de cestas b\u00e1sicas\u201d, sustentou Campbell ao recomendar que os demais ministros da Corte Especial ratificassem sua decis\u00e3o, mantendo o afastamento tempor\u00e1rio de Barbosa e Karine.<\/p>\n<p> \u201cForam reunidos fartos ind\u00edcios de que o amplo esquema de desvio de recursos p\u00fablicos por meio do fornecimento de cestas b\u00e1sicas contou com a ci\u00eancia e aquiesc\u00eancia do pr\u00f3prio senhor Wanderley Barbosa, que se valeu de empres\u00e1rios pr\u00f3ximos e, sobretudo, de assessores especiais, para montar uma estrutura sistem\u00e1tica e bem organizada de desvio de recursos p\u00fablicos do governo do Estado do Tocantins\u201d, acrescentou Campbell.<\/p>\n<p>O ministro se diz\u00a0convencido de que os recursos p\u00fablicos desviados, \u201cna casa de dezenas de milh\u00f5es de reais\u201d, foram \u201cdestinados a finalidades diversas, que iam [do pagamento] de despesas pessoais do governador a investimentos em atividades agropecu\u00e1rias ou empreendimentos imobili\u00e1rios colocados em nome de seus filhos\u201d.<\/p>\n<p><strong>Al\u00e9m de afastar Barbosa e sua esposa temporariamente dos cargos p\u00fablicos que ocupavam, Campbell tamb\u00e9m os proibiu de acessar pr\u00e9dios de \u00f3rg\u00e3os p\u00fablicos estaduais, incluindo o Pal\u00e1cio do Araguaia, sede do Poder Executivo de Tocantins, e a Assembleia Legislativa.<\/strong><\/p>\n<p>O ministro tamb\u00e9m determinou a suspens\u00e3o do exerc\u00edcio de atividade econ\u00f4mica por um ano de 18 empresas investigadas. Al\u00e9m disso, proibiu sete dos investigados (Wilton Rosa Pires; Johnson Marcos Milhomens Fonseca; Leidiane de Souza Moura; Wilhamis Mendes de Souza Moura; Christian Zini Amorim; Denise Cristina Santana Fleury Amorim e Ant\u00f4nio Ianowich Filho) de terem contato com outros investigados, acusados, testemunhas ou mesmo servidores p\u00fablicos de institui\u00e7\u00f5es governamentais.<\/p>\n<p>Em nota, Barbosa afirmou que o pagamento das cestas b\u00e1sicas, objeto da investiga\u00e7\u00e3o, ocorreu entre 2020 e 2021, durante a gest\u00e3o de seu antecessor, o ex-governador Mauro Carlesse, quando ele \u201cn\u00e3o era ordenador de nenhuma despesa relacionada ao programa de cestas b\u00e1sicas\u201d.<\/p>\n<p>\u201cRefor\u00e7o que [j\u00e1 como governador], por minha determina\u00e7\u00e3o, a Procuradoria-Geral do Estado e a Controladoria-Geral do Estado instauraram auditoria sobre os contratos mencionados e encaminharam integralmente as informa\u00e7\u00f5es \u00e0s autoridades competentes. E que, al\u00e9m dessas provid\u00eancias em curso, acionarei os meios jur\u00eddicos necess\u00e1rios para reassumir o cargo de governador, comprovar a legalidade dos meus atos e enfrentar essa injusti\u00e7a, assegurando a estabilidade do Estado e a continuidade dos servi\u00e7os \u00e0 popula\u00e7\u00e3o\u201d, concluiu Barbosa ao classificar a decis\u00e3o do STJ como \u201cprecipitada\u201d.<\/p>\n<p><b>Fonte:<\/b> Ag\u00eancia Brasil<\/p>\n<\/p><\/div>\n<p><a href=\"https:\/\/cgn.inf.br\/noticia\/1925224\/corte-especial-do-stj-confirma-afastamento-de-governador-do-tocantins\">Source link <\/a><\/p>\n","protected":false},"excerpt":{"rendered":"<p>Respons\u00e1vel por, entre outras coisas, julgar as a\u00e7\u00f5es penais contra governadores e outras autoridades, a Corte Especial do Superior Tribunal de Justi\u00e7a (STJ) ratificou, nesta quarta-feira (3), a decis\u00e3o do ministro Mauro Campbell\u00a0de afastar de seus cargos, por seis meses, o governador do Tocantins, Wanderley Barbosa, e sua esposa, Karynne Sotero Campos, secret\u00e1ria estadual Extraordin\u00e1ria [&hellip;]<\/p>\n","protected":false},"author":1,"featured_media":63219,"comment_status":"","ping_status":"","sticky":false,"template":"","format":"standard","meta":{"googlesitekit_rrm_CAow2JLhCw:productID":"","_gspb_post_css":"","maa_idioma":"","maa_pais":"","footnotes":""},"categories":[1],"tags":[],"class_list":["post-68039","post","type-post","status-publish","format-standard","has-post-thumbnail","hentry","category-ubirata"],"blocksy_meta":[],"yoast_head":"<!-- This site is optimized with the Yoast SEO Premium plugin v27.6 (Yoast SEO v27.6) - https:\/\/yoast.com\/product\/yoast-seo-premium-wordpress\/ -->\n<title>Corte Especial do STJ confirma afastamento de governador do Tocantins - Ubirat\u00e3 Online Not\u00edcias - A realidade ao seu alcance!<\/title>\n<meta name=\"description\" content=\"Respons\u00e1vel por, entre outras coisas, julgar as a\u00e7\u00f5es penais contra governadores e outras autoridades, a Corte Especial do Superior Tribunal de Justi\u00e7a\" \/>\n<meta name=\"robots\" content=\"index, follow, max-snippet:-1, max-image-preview:large, max-video-preview:-1\" \/>\n<link rel=\"canonical\" href=\"https:\/\/ubirataonline.com.br\/en\/corte-especial-do-stj-confirma-afastamento-de-governador-do-tocantins\/\" \/>\n<meta property=\"og:locale\" content=\"en_US\" \/>\n<meta property=\"og:type\" content=\"article\" \/>\n<meta property=\"og:title\" content=\"Corte Especial do STJ confirma afastamento de governador do Tocantins\" \/>\n<meta property=\"og:description\" content=\"Respons\u00e1vel por, entre outras coisas, julgar as a\u00e7\u00f5es penais contra governadores e outras autoridades, a Corte Especial do Superior Tribunal de Justi\u00e7a\" \/>\n<meta property=\"og:url\" content=\"https:\/\/ubirataonline.com.br\/en\/corte-especial-do-stj-confirma-afastamento-de-governador-do-tocantins\/\" \/>\n<meta property=\"og:site_name\" content=\"Ubirat\u00e3 Online Not\u00edcias - A realidade ao seu alcance!\" \/>\n<meta property=\"article:publisher\" content=\"https:\/\/www.facebook.com\/portalubirataonline\" \/>\n<meta property=\"article:author\" content=\"https:\/\/www.facebook.com\/portalubirataonline\" \/>\n<meta property=\"article:published_time\" content=\"2025-09-11T22:30:20+00:00\" \/>\n<meta property=\"og:image\" content=\"https:\/\/ubirataonline.com.br\/wp-content\/uploads\/2026\/05\/logo2026.webp\" \/>\n\t<meta property=\"og:image:width\" content=\"1531\" \/>\n\t<meta property=\"og:image:height\" content=\"418\" \/>\n\t<meta property=\"og:image:type\" content=\"image\/webp\" \/>\n<meta name=\"author\" content=\"REDA\u00c7\u00c3O: UBIRAT\u00c3 ONLINE - F\u00c1BIO AUGUSTO CELESTINO\" \/>\n<meta name=\"twitter:card\" content=\"summary_large_image\" \/>\n<meta name=\"twitter:creator\" content=\"@x.com\/ubirataonline\" \/>\n<meta name=\"twitter:site\" content=\"@ubirataonline\" \/>\n<meta name=\"twitter:label1\" content=\"Written by\" \/>\n\t<meta name=\"twitter:data1\" content=\"REDA\u00c7\u00c3O: UBIRAT\u00c3 ONLINE - F\u00c1BIO AUGUSTO CELESTINO\" \/>\n\t<meta name=\"twitter:label2\" content=\"Est. reading time\" \/>\n\t<meta name=\"twitter:data2\" content=\"4 minutes\" \/>\n<script type=\"application\/ld+json\" class=\"yoast-schema-graph\">{\"@context\":\"https:\\\/\\\/schema.org\",\"@graph\":[{\"@type\":\"NewsArticle\",\"@id\":\"https:\\\/\\\/ubirataonline.com.br\\\/corte-especial-do-stj-confirma-afastamento-de-governador-do-tocantins\\\/#article\",\"isPartOf\":{\"@id\":\"https:\\\/\\\/ubirataonline.com.br\\\/corte-especial-do-stj-confirma-afastamento-de-governador-do-tocantins\\\/\"},\"author\":{\"name\":\"REDA\u00c7\u00c3O: UBIRAT\u00c3 ONLINE - F\u00c1BIO AUGUSTO CELESTINO\",\"@id\":\"https:\\\/\\\/ubirataonline.com.br\\\/#\\\/schema\\\/person\\\/372f87bbd3fdd79b8556b84c98d0bc1c\"},\"headline\":\"Corte Especial do STJ confirma afastamento de governador do Tocantins\",\"datePublished\":\"2025-09-11T22:30:20+00:00\",\"mainEntityOfPage\":{\"@id\":\"https:\\\/\\\/ubirataonline.com.br\\\/corte-especial-do-stj-confirma-afastamento-de-governador-do-tocantins\\\/\"},\"wordCount\":857,\"publisher\":{\"@id\":\"https:\\\/\\\/ubirataonline.com.br\\\/#organization\"},\"image\":{\"@id\":\"https:\\\/\\\/ubirataonline.com.br\\\/corte-especial-do-stj-confirma-afastamento-de-governador-do-tocantins\\\/#primaryimage\"},\"thumbnailUrl\":\"https:\\\/\\\/ubirataonline.com.br\\\/wp-content\\\/uploads\\\/2025\\\/08\\\/CGN768x461.gif\",\"articleSection\":[\"Ubirat\u00e3\"],\"inLanguage\":\"en-US\",\"copyrightYear\":\"2025\",\"copyrightHolder\":{\"@id\":\"https:\\\/\\\/ubirataonline.com.br\\\/en\\\/#organization\"}},{\"@type\":\"WebPage\",\"@id\":\"https:\\\/\\\/ubirataonline.com.br\\\/corte-especial-do-stj-confirma-afastamento-de-governador-do-tocantins\\\/\",\"url\":\"https:\\\/\\\/ubirataonline.com.br\\\/corte-especial-do-stj-confirma-afastamento-de-governador-do-tocantins\\\/\",\"name\":\"Corte Especial do STJ confirma afastamento de governador do Tocantins - Ubirat\u00e3 Online Not\u00edcias - A realidade ao seu alcance!\",\"isPartOf\":{\"@id\":\"https:\\\/\\\/ubirataonline.com.br\\\/#website\"},\"primaryImageOfPage\":{\"@id\":\"https:\\\/\\\/ubirataonline.com.br\\\/corte-especial-do-stj-confirma-afastamento-de-governador-do-tocantins\\\/#primaryimage\"},\"image\":{\"@id\":\"https:\\\/\\\/ubirataonline.com.br\\\/corte-especial-do-stj-confirma-afastamento-de-governador-do-tocantins\\\/#primaryimage\"},\"thumbnailUrl\":\"https:\\\/\\\/ubirataonline.com.br\\\/wp-content\\\/uploads\\\/2025\\\/08\\\/CGN768x461.gif\",\"datePublished\":\"2025-09-11T22:30:20+00:00\",\"description\":\"Respons\u00e1vel por, entre outras coisas, julgar as a\u00e7\u00f5es penais contra governadores e outras autoridades, a Corte Especial do Superior Tribunal de Justi\u00e7a\",\"breadcrumb\":{\"@id\":\"https:\\\/\\\/ubirataonline.com.br\\\/corte-especial-do-stj-confirma-afastamento-de-governador-do-tocantins\\\/#breadcrumb\"},\"inLanguage\":\"en-US\",\"potentialAction\":[{\"@type\":\"ReadAction\",\"target\":[\"https:\\\/\\\/ubirataonline.com.br\\\/corte-especial-do-stj-confirma-afastamento-de-governador-do-tocantins\\\/\"]}]},{\"@type\":\"ImageObject\",\"inLanguage\":\"en-US\",\"@id\":\"https:\\\/\\\/ubirataonline.com.br\\\/corte-especial-do-stj-confirma-afastamento-de-governador-do-tocantins\\\/#primaryimage\",\"url\":\"https:\\\/\\\/ubirataonline.com.br\\\/wp-content\\\/uploads\\\/2025\\\/08\\\/CGN768x461.gif\",\"contentUrl\":\"https:\\\/\\\/ubirataonline.com.br\\\/wp-content\\\/uploads\\\/2025\\\/08\\\/CGN768x461.gif\",\"width\":768,\"height\":461},{\"@type\":\"BreadcrumbList\",\"@id\":\"https:\\\/\\\/ubirataonline.com.br\\\/corte-especial-do-stj-confirma-afastamento-de-governador-do-tocantins\\\/#breadcrumb\",\"itemListElement\":[{\"@type\":\"ListItem\",\"position\":1,\"name\":\"In\u00edcio\",\"item\":\"https:\\\/\\\/ubirataonline.com.br\\\/\"},{\"@type\":\"ListItem\",\"position\":2,\"name\":\"Corte Especial do STJ confirma afastamento de governador do Tocantins\"}]},{\"@type\":\"WebSite\",\"@id\":\"https:\\\/\\\/ubirataonline.com.br\\\/#website\",\"url\":\"https:\\\/\\\/ubirataonline.com.br\\\/\",\"name\":\"Ubirat\u00e3 Online Not\u00edcias\",\"description\":\"Not\u00edcias de Ubirat\u00e3, regi\u00e3o, Brasil e mundo, com informa\u00e7\u00e3o atualizada e compromisso com o leitor.\",\"publisher\":{\"@id\":\"https:\\\/\\\/ubirataonline.com.br\\\/#organization\"},\"alternateName\":\"Ubirat\u00e3 Online\",\"potentialAction\":[{\"@type\":\"SearchAction\",\"target\":{\"@type\":\"EntryPoint\",\"urlTemplate\":\"https:\\\/\\\/ubirataonline.com.br\\\/?s={search_term_string}\"},\"query-input\":{\"@type\":\"PropertyValueSpecification\",\"valueRequired\":true,\"valueName\":\"search_term_string\"}}],\"inLanguage\":\"en-US\"},{\"@type\":[\"Organization\",\"Place\"],\"@id\":\"https:\\\/\\\/ubirataonline.com.br\\\/#organization\",\"name\":\"Ubirat\u00e3 Online Not\u00edcias\",\"alternateName\":\"Ubirat\u00e3 Online\",\"url\":\"https:\\\/\\\/ubirataonline.com.br\\\/\",\"logo\":{\"@id\":\"https:\\\/\\\/ubirataonline.com.br\\\/corte-especial-do-stj-confirma-afastamento-de-governador-do-tocantins\\\/#local-main-organization-logo\"},\"image\":{\"@id\":\"https:\\\/\\\/ubirataonline.com.br\\\/corte-especial-do-stj-confirma-afastamento-de-governador-do-tocantins\\\/#local-main-organization-logo\"},\"sameAs\":[\"https:\\\/\\\/www.facebook.com\\\/portalubirataonline\",\"https:\\\/\\\/x.com\\\/ubirataonline\",\"https:\\\/\\\/mastodon.social\\\/@ubirataonline\",\"https:\\\/\\\/www.facebook.com\\\/groups\\\/311144672285604\",\"https:\\\/\\\/www.facebook.com\\\/UBTAOnline\",\"https:\\\/\\\/www.instagram.com\\\/portalubirataonline\\\/\",\"https:\\\/\\\/twitter.com\\\/ubirataonline\"],\"description\":\"Somos um portal de not\u00edcias independente, criado em 5 de janeiro de 2009, com o objetivo de informar, conectar e valorizar a nossa comunidade de Ubirat\u00e3 e toda aregi\u00e3o. Com conte\u00fado atualizado, confi\u00e1vel e relevante, o Ubirat\u00e3 Online \u00e9 o seu espa\u00e7o para ficar por dentro dos principais acontecimentos locais, regionais, Brasil, Mundo e de interesse geral. Nosso compromisso \u00e9 com a verdade, a transpar\u00eancia e o respeito ao leitor.\",\"legalName\":\"UBIRATA ONLINE NOT\u00cdCIAS\",\"foundingDate\":\"2009-01-05\",\"numberOfEmployees\":{\"@type\":\"QuantitativeValue\",\"minValue\":\"1\",\"maxValue\":\"10\"},\"publishingPrinciples\":\"https:\\\/\\\/ubirataonline.com.br\\\/faq\\\/\",\"address\":{\"@id\":\"https:\\\/\\\/ubirataonline.com.br\\\/corte-especial-do-stj-confirma-afastamento-de-governador-do-tocantins\\\/#local-main-place-address\"},\"geo\":{\"@type\":\"GeoCoordinates\",\"latitude\":\"-24.5361401\",\"longitude\":\"-52.9921776\"},\"telephone\":[\"+5544998308235\"],\"contactPoint\":{\"@type\":\"ContactPoint\",\"email\":\"contato@ubirataonline.com.br\"},\"openingHoursSpecification\":{\"@type\":\"OpeningHoursSpecification\",\"dayOfWeek\":[\"Monday\",\"Tuesday\",\"Wednesday\",\"Thursday\",\"Friday\",\"Saturday\",\"Sunday\"],\"opens\":\"00:00\",\"closes\":\"23:59\"},\"email\":\"contato@ubirataonline.com.br\",\"vatID\":\"47.621.418\\\/0001-80\"},{\"@type\":\"Person\",\"@id\":\"https:\\\/\\\/ubirataonline.com.br\\\/#\\\/schema\\\/person\\\/372f87bbd3fdd79b8556b84c98d0bc1c\",\"name\":\"REDA\u00c7\u00c3O: UBIRAT\u00c3 ONLINE - F\u00c1BIO AUGUSTO CELESTINO\",\"pronouns\":\"Ele\",\"description\":\"Desde 2003 trabalhando com not\u00edcias.\",\"sameAs\":[\"http:\\\/\\\/ubirataoline.com.br\",\"https:\\\/\\\/www.facebook.com\\\/portalubirataonline\",\"https:\\\/\\\/www.instagram.com\\\/ubirataonline_oficial\",\"https:\\\/\\\/x.com\\\/x.com\\\/ubirataonline\"],\"honorificPrefix\":\"Mr.\",\"honorificSuffix\":\"MD\",\"birthDate\":\"1980-06-16\",\"gender\":\"masculino\",\"award\":[\"V\u00e1rios pr\u00eamios de melhor portal da cidade\"],\"jobTitle\":\"Diretor\",\"url\":\"https:\\\/\\\/ubirataonline.com.br\\\/en\\\/author\\\/ubirataonline\\\/\"},{\"@type\":\"PostalAddress\",\"@id\":\"https:\\\/\\\/ubirataonline.com.br\\\/corte-especial-do-stj-confirma-afastamento-de-governador-do-tocantins\\\/#local-main-place-address\",\"streetAddress\":\"Rua dos Coqueiros, 104 - Bairro Boa Vista, Rua dos Coqueiros, 104 Bairro Boa Vista\",\"addressLocality\":\"UBIRATA\",\"postalCode\":\"85440-000\",\"addressRegion\":\"PR\",\"addressCountry\":\"BR\"},{\"@type\":\"ImageObject\",\"inLanguage\":\"en-US\",\"@id\":\"https:\\\/\\\/ubirataonline.com.br\\\/corte-especial-do-stj-confirma-afastamento-de-governador-do-tocantins\\\/#local-main-organization-logo\",\"url\":\"https:\\\/\\\/ubirataonline.com.br\\\/wp-content\\\/uploads\\\/2026\\\/06\\\/logoubirataonline-1.webp\",\"contentUrl\":\"https:\\\/\\\/ubirataonline.com.br\\\/wp-content\\\/uploads\\\/2026\\\/06\\\/logoubirataonline-1.webp\",\"width\":500,\"height\":500,\"caption\":\"Ubirat\u00e3 Online Not\u00edcias\"}]}<\/script>\n<meta name=\"geo.placename\" content=\"UBIRATA\" \/>\n<meta name=\"geo.position\" content=\"-24.5361401;-52.9921776\" \/>\n<meta name=\"geo.region\" content=\"Brazil\" \/>\n<!-- \/ Yoast SEO Premium plugin. -->","yoast_head_json":{"title":"Corte Especial do STJ confirma afastamento de governador do Tocantins - Ubirat\u00e3 Online Not\u00edcias - A realidade ao seu alcance!","description":"Respons\u00e1vel por, entre outras coisas, julgar as a\u00e7\u00f5es penais contra governadores e outras autoridades, a Corte Especial do Superior Tribunal de Justi\u00e7a","robots":{"index":"index","follow":"follow","max-snippet":"max-snippet:-1","max-image-preview":"max-image-preview:large","max-video-preview":"max-video-preview:-1"},"canonical":"https:\/\/ubirataonline.com.br\/en\/corte-especial-do-stj-confirma-afastamento-de-governador-do-tocantins\/","og_locale":"en_US","og_type":"article","og_title":"Corte Especial do STJ confirma afastamento de governador do Tocantins","og_description":"Respons\u00e1vel por, entre outras coisas, julgar as a\u00e7\u00f5es penais contra governadores e outras autoridades, a Corte Especial do Superior Tribunal de Justi\u00e7a","og_url":"https:\/\/ubirataonline.com.br\/en\/corte-especial-do-stj-confirma-afastamento-de-governador-do-tocantins\/","og_site_name":"Ubirat\u00e3 Online Not\u00edcias - A realidade ao seu alcance!","article_publisher":"https:\/\/www.facebook.com\/portalubirataonline","article_author":"https:\/\/www.facebook.com\/portalubirataonline","article_published_time":"2025-09-11T22:30:20+00:00","og_image":[{"width":1531,"height":418,"url":"https:\/\/ubirataonline.com.br\/wp-content\/uploads\/2026\/05\/logo2026.webp","type":"image\/webp"}],"author":"REDA\u00c7\u00c3O: UBIRAT\u00c3 ONLINE - F\u00c1BIO AUGUSTO CELESTINO","twitter_card":"summary_large_image","twitter_creator":"@x.com\/ubirataonline","twitter_site":"@ubirataonline","twitter_misc":{"Written by":"REDA\u00c7\u00c3O: UBIRAT\u00c3 ONLINE - F\u00c1BIO AUGUSTO CELESTINO","Est. reading time":"4 minutes"},"schema":{"@context":"https:\/\/schema.org","@graph":[{"@type":"NewsArticle","@id":"https:\/\/ubirataonline.com.br\/corte-especial-do-stj-confirma-afastamento-de-governador-do-tocantins\/#article","isPartOf":{"@id":"https:\/\/ubirataonline.com.br\/corte-especial-do-stj-confirma-afastamento-de-governador-do-tocantins\/"},"author":{"name":"REDA\u00c7\u00c3O: UBIRAT\u00c3 ONLINE - F\u00c1BIO AUGUSTO CELESTINO","@id":"https:\/\/ubirataonline.com.br\/#\/schema\/person\/372f87bbd3fdd79b8556b84c98d0bc1c"},"headline":"Corte Especial do STJ confirma afastamento de governador do Tocantins","datePublished":"2025-09-11T22:30:20+00:00","mainEntityOfPage":{"@id":"https:\/\/ubirataonline.com.br\/corte-especial-do-stj-confirma-afastamento-de-governador-do-tocantins\/"},"wordCount":857,"publisher":{"@id":"https:\/\/ubirataonline.com.br\/#organization"},"image":{"@id":"https:\/\/ubirataonline.com.br\/corte-especial-do-stj-confirma-afastamento-de-governador-do-tocantins\/#primaryimage"},"thumbnailUrl":"https:\/\/ubirataonline.com.br\/wp-content\/uploads\/2025\/08\/CGN768x461.gif","articleSection":["Ubirat\u00e3"],"inLanguage":"en-US","copyrightYear":"2025","copyrightHolder":{"@id":"https:\/\/ubirataonline.com.br\/en\/#organization"}},{"@type":"WebPage","@id":"https:\/\/ubirataonline.com.br\/corte-especial-do-stj-confirma-afastamento-de-governador-do-tocantins\/","url":"https:\/\/ubirataonline.com.br\/corte-especial-do-stj-confirma-afastamento-de-governador-do-tocantins\/","name":"Corte Especial do STJ confirma afastamento de governador do Tocantins - Ubirat\u00e3 Online Not\u00edcias - A realidade ao seu alcance!","isPartOf":{"@id":"https:\/\/ubirataonline.com.br\/#website"},"primaryImageOfPage":{"@id":"https:\/\/ubirataonline.com.br\/corte-especial-do-stj-confirma-afastamento-de-governador-do-tocantins\/#primaryimage"},"image":{"@id":"https:\/\/ubirataonline.com.br\/corte-especial-do-stj-confirma-afastamento-de-governador-do-tocantins\/#primaryimage"},"thumbnailUrl":"https:\/\/ubirataonline.com.br\/wp-content\/uploads\/2025\/08\/CGN768x461.gif","datePublished":"2025-09-11T22:30:20+00:00","description":"Respons\u00e1vel por, entre outras coisas, julgar as a\u00e7\u00f5es penais contra governadores e outras autoridades, a Corte Especial do Superior Tribunal de Justi\u00e7a","breadcrumb":{"@id":"https:\/\/ubirataonline.com.br\/corte-especial-do-stj-confirma-afastamento-de-governador-do-tocantins\/#breadcrumb"},"inLanguage":"en-US","potentialAction":[{"@type":"ReadAction","target":["https:\/\/ubirataonline.com.br\/corte-especial-do-stj-confirma-afastamento-de-governador-do-tocantins\/"]}]},{"@type":"ImageObject","inLanguage":"en-US","@id":"https:\/\/ubirataonline.com.br\/corte-especial-do-stj-confirma-afastamento-de-governador-do-tocantins\/#primaryimage","url":"https:\/\/ubirataonline.com.br\/wp-content\/uploads\/2025\/08\/CGN768x461.gif","contentUrl":"https:\/\/ubirataonline.com.br\/wp-content\/uploads\/2025\/08\/CGN768x461.gif","width":768,"height":461},{"@type":"BreadcrumbList","@id":"https:\/\/ubirataonline.com.br\/corte-especial-do-stj-confirma-afastamento-de-governador-do-tocantins\/#breadcrumb","itemListElement":[{"@type":"ListItem","position":1,"name":"In\u00edcio","item":"https:\/\/ubirataonline.com.br\/"},{"@type":"ListItem","position":2,"name":"Corte Especial do STJ confirma afastamento de governador do Tocantins"}]},{"@type":"WebSite","@id":"https:\/\/ubirataonline.com.br\/#website","url":"https:\/\/ubirataonline.com.br\/","name":"Ubirat\u00e3 Online Not\u00edcias","description":"Not\u00edcias de Ubirat\u00e3, regi\u00e3o, Brasil e mundo, com informa\u00e7\u00e3o atualizada e compromisso com o leitor.","publisher":{"@id":"https:\/\/ubirataonline.com.br\/#organization"},"alternateName":"Ubirat\u00e3 Online","potentialAction":[{"@type":"SearchAction","target":{"@type":"EntryPoint","urlTemplate":"https:\/\/ubirataonline.com.br\/?s={search_term_string}"},"query-input":{"@type":"PropertyValueSpecification","valueRequired":true,"valueName":"search_term_string"}}],"inLanguage":"en-US"},{"@type":["Organization","Place"],"@id":"https:\/\/ubirataonline.com.br\/#organization","name":"Ubirat\u00e3 Online Not\u00edcias","alternateName":"Ubirat\u00e3 Online","url":"https:\/\/ubirataonline.com.br\/","logo":{"@id":"https:\/\/ubirataonline.com.br\/corte-especial-do-stj-confirma-afastamento-de-governador-do-tocantins\/#local-main-organization-logo"},"image":{"@id":"https:\/\/ubirataonline.com.br\/corte-especial-do-stj-confirma-afastamento-de-governador-do-tocantins\/#local-main-organization-logo"},"sameAs":["https:\/\/www.facebook.com\/portalubirataonline","https:\/\/x.com\/ubirataonline","https:\/\/mastodon.social\/@ubirataonline","https:\/\/www.facebook.com\/groups\/311144672285604","https:\/\/www.facebook.com\/UBTAOnline","https:\/\/www.instagram.com\/portalubirataonline\/","https:\/\/twitter.com\/ubirataonline"],"description":"Somos um portal de not\u00edcias independente, criado em 5 de janeiro de 2009, com o objetivo de informar, conectar e valorizar a nossa comunidade de Ubirat\u00e3 e toda aregi\u00e3o. Com conte\u00fado atualizado, confi\u00e1vel e relevante, o Ubirat\u00e3 Online \u00e9 o seu espa\u00e7o para ficar por dentro dos principais acontecimentos locais, regionais, Brasil, Mundo e de interesse geral. Nosso compromisso \u00e9 com a verdade, a transpar\u00eancia e o respeito ao leitor.","legalName":"UBIRATA ONLINE NOT\u00cdCIAS","foundingDate":"2009-01-05","numberOfEmployees":{"@type":"QuantitativeValue","minValue":"1","maxValue":"10"},"publishingPrinciples":"https:\/\/ubirataonline.com.br\/faq\/","address":{"@id":"https:\/\/ubirataonline.com.br\/corte-especial-do-stj-confirma-afastamento-de-governador-do-tocantins\/#local-main-place-address"},"geo":{"@type":"GeoCoordinates","latitude":"-24.5361401","longitude":"-52.9921776"},"telephone":["+5544998308235"],"contactPoint":{"@type":"ContactPoint","email":"contato@ubirataonline.com.br"},"openingHoursSpecification":{"@type":"OpeningHoursSpecification","dayOfWeek":["Monday","Tuesday","Wednesday","Thursday","Friday","Saturday","Sunday"],"opens":"00:00","closes":"23:59"},"email":"contato@ubirataonline.com.br","vatID":"47.621.418\/0001-80"},{"@type":"Person","@id":"https:\/\/ubirataonline.com.br\/#\/schema\/person\/372f87bbd3fdd79b8556b84c98d0bc1c","name":"REDA\u00c7\u00c3O: UBIRAT\u00c3 ONLINE - F\u00c1BIO AUGUSTO CELESTINO","pronouns":"Ele","description":"Desde 2003 trabalhando com not\u00edcias.","sameAs":["http:\/\/ubirataoline.com.br","https:\/\/www.facebook.com\/portalubirataonline","https:\/\/www.instagram.com\/ubirataonline_oficial","https:\/\/x.com\/x.com\/ubirataonline"],"honorificPrefix":"Mr.","honorificSuffix":"MD","birthDate":"1980-06-16","gender":"masculino","award":["V\u00e1rios pr\u00eamios de melhor portal da cidade"],"jobTitle":"Diretor","url":"https:\/\/ubirataonline.com.br\/en\/author\/ubirataonline\/"},{"@type":"PostalAddress","@id":"https:\/\/ubirataonline.com.br\/corte-especial-do-stj-confirma-afastamento-de-governador-do-tocantins\/#local-main-place-address","streetAddress":"Rua dos Coqueiros, 104 - Bairro Boa Vista, Rua dos Coqueiros, 104 Bairro Boa Vista","addressLocality":"UBIRATA","postalCode":"85440-000","addressRegion":"PR","addressCountry":"BR"},{"@type":"ImageObject","inLanguage":"en-US","@id":"https:\/\/ubirataonline.com.br\/corte-especial-do-stj-confirma-afastamento-de-governador-do-tocantins\/#local-main-organization-logo","url":"https:\/\/ubirataonline.com.br\/wp-content\/uploads\/2026\/06\/logoubirataonline-1.webp","contentUrl":"https:\/\/ubirataonline.com.br\/wp-content\/uploads\/2026\/06\/logoubirataonline-1.webp","width":500,"height":500,"caption":"Ubirat\u00e3 Online Not\u00edcias"}]},"geo.placename":"UBIRATA","geo.position":{"lat":"-24.5361401","long":"-52.9921776"},"geo.region":"Brazil"},"_links":{"self":[{"href":"https:\/\/ubirataonline.com.br\/en\/wp-json\/wp\/v2\/posts\/68039","targetHints":{"allow":["GET"]}}],"collection":[{"href":"https:\/\/ubirataonline.com.br\/en\/wp-json\/wp\/v2\/posts"}],"about":[{"href":"https:\/\/ubirataonline.com.br\/en\/wp-json\/wp\/v2\/types\/post"}],"author":[{"embeddable":true,"href":"https:\/\/ubirataonline.com.br\/en\/wp-json\/wp\/v2\/users\/1"}],"replies":[{"embeddable":true,"href":"https:\/\/ubirataonline.com.br\/en\/wp-json\/wp\/v2\/comments?post=68039"}],"version-history":[{"count":0,"href":"https:\/\/ubirataonline.com.br\/en\/wp-json\/wp\/v2\/posts\/68039\/revisions"}],"wp:featuredmedia":[{"embeddable":true,"href":"https:\/\/ubirataonline.com.br\/en\/wp-json\/wp\/v2\/media\/63219"}],"wp:attachment":[{"href":"https:\/\/ubirataonline.com.br\/en\/wp-json\/wp\/v2\/media?parent=68039"}],"wp:term":[{"taxonomy":"category","embeddable":true,"href":"https:\/\/ubirataonline.com.br\/en\/wp-json\/wp\/v2\/categories?post=68039"},{"taxonomy":"post_tag","embeddable":true,"href":"https:\/\/ubirataonline.com.br\/en\/wp-json\/wp\/v2\/tags?post=68039"}],"curies":[{"name":"wp","href":"https:\/\/api.w.org\/{rel}","templated":true}]}}