{"id":68040,"date":"2025-09-11T20:25:41","date_gmt":"2025-09-11T23:25:41","guid":{"rendered":"https:\/\/ubirataonline.com.br\/sancionada-lei-que-cria-a-carteira-nacional-docente-do-brasil-ministerio-da-educacao\/"},"modified":"2025-09-11T20:25:41","modified_gmt":"2025-09-11T23:25:41","slug":"sancionada-lei-que-cria-a-carteira-nacional-docente-do-brasil-ministerio-da-educacao","status":"publish","type":"post","link":"https:\/\/ubirataonline.com.br\/en\/sancionada-lei-que-cria-a-carteira-nacional-docente-do-brasil-ministerio-da-educacao\/","title":{"rendered":"Sancionada lei que cria a Carteira Nacional Docente do Brasil \u2014 Minist\u00e9rio da Educa\u00e7\u00e3o"},"content":{"rendered":"<p><\/p>\n<div property=\"rnews:articleBody\">\n<p>O presidente da Rep\u00fablica, Luiz In\u00e1cio Lula da Silva, acompanhado do ministro de Estado da Educa\u00e7\u00e3o, Camilo Santana, sancionou, nesta quinta-feira, 11 de setembro, a Lei n\u00ba 15.202, que cria a Carteira Nacional Docente do Brasil (CNDB). O documento de identifica\u00e7\u00e3o ter\u00e1 validade em todo o territ\u00f3rio nacional e \u00e9 destinado a professores da educa\u00e7\u00e3o b\u00e1sica e superior, das redes p\u00fablica e privada. A emiss\u00e3o do documento ainda depende de regulamenta\u00e7\u00e3o por decreto e portaria do Minist\u00e9rio da Educa\u00e7\u00e3o (MEC).\u00a0\u00a0<\/p>\n<p>Segundo a lei, os objetivos da carteira s\u00e3o identificar professores; promover sua valoriza\u00e7\u00e3o e reconhecimento; e facilitar o acesso \u00e0s prerrogativas decorrentes da sua condi\u00e7\u00e3o, como acesso a ferramentas de trabalho (programas de computador, por exemplo) e descontos em eventos culturais e em di\u00e1rias de hot\u00e9is.\u00a0<\/p>\n<p>Para Lula, a CNDB \u00e9 mais do que um grande passo para o reconhecimento da profiss\u00e3o, \u00e9 a prova de que o investimento na educa\u00e7\u00e3o sempre ser\u00e1 sinal de resultados positivos para o pa\u00eds. &#8220;Educa\u00e7\u00e3o tem que ser, definitivamente, a coisa mais importante que um chefe de estado precisa dedicar ao seu povo. Porque \u00e9 atrav\u00e9s da educa\u00e7\u00e3o que a gente vai criar o perfil, a cara e a soberania desta na\u00e7\u00e3o\u201d, destacou. \u00a0<\/p>\n<p>Na avalia\u00e7\u00e3o do ministro Camilo Santana, o documento \u00e9 uma iniciativa fundamental para a valoriza\u00e7\u00e3o docente. &#8220;Todos n\u00f3s passamos pelo professor, todas as profiss\u00f5es passam pelo professor, ent\u00e3o \u00e9 importante reconhecer o papel deles.\u00a0A carteira, al\u00e9m da identifica\u00e7\u00e3o profissional, vai viabilizar o acesso a benef\u00edcios e programas\u201d.\u00a0<\/p>\n<p>A CNDB faz parte do eixo de valoriza\u00e7\u00e3o do <a href=\"https:\/\/www.gov.br\/mec\/pt-br\/mais-professores\" target=\"_blank\">programa Mais Professores para o Brasil<\/a>, iniciativa que re\u00fane a\u00e7\u00f5es integradas para promover a valoriza\u00e7\u00e3o e a qualifica\u00e7\u00e3o do magist\u00e9rio da educa\u00e7\u00e3o b\u00e1sica e o incentivo \u00e0 doc\u00eancia no Brasil.\u00a0<\/p>\n<p><iframe loading=\"lazy\" src=\"https:\/\/www.youtube-nocookie.com\/embed\/E4C1hK5vXY0?si=aTHDuMvYZ-ypfAvJ\" title=\"YouTube video player\" width=\"1152\" height=\"415\" allowfullscreen=\"\" frameborder=\"0\" style=\"\"><\/iframe><\/p>\n<p><b>Dados <\/b>\u2013 Na carteira, constar\u00e3o dados como nome, Cadastro de Pessoa F\u00edsica (CPF), filia\u00e7\u00e3o, local de resid\u00eancia, data de nascimento e dados profissionais, como a institui\u00e7\u00e3o de ensino \u00e0 qual o docente est\u00e1 vinculado. Al\u00e9m disso, haver\u00e1 tamb\u00e9m uma foto do titular do documento no formato 3&#215;4. A CNDB ser\u00e1 emitida pelo MEC e poder\u00e1 ser solicitada em formato digital e f\u00edsico.\u00a0<\/p>\n<p>Segundo a lei, estados, munic\u00edpios e o Distrito Federal fornecer\u00e3o \u00e0 Uni\u00e3o as informa\u00e7\u00f5es e os dados necess\u00e1rios para a manuten\u00e7\u00e3o e a atualiza\u00e7\u00e3o da base de dados de profissionais da educa\u00e7\u00e3o.\u00a0<\/p>\n<p><b>Mais Professores<\/b><b>\u202f<\/b>\u2013\u202fInstitu\u00eddo pelo Decreto n\u00ba 12.358\/2025, o programa <a href=\"https:\/\/www.gov.br\/mec\/pt-br\/mais-professores\" target=\"_blank\">Mais Professores para o Brasil<\/a> foi constru\u00eddo em reconhecimento ao papel central dos docentes no processo de aprendizagem dos estudantes e no sucesso das pol\u00edticas educacionais. A iniciativa tem como objetivos fortalecer a forma\u00e7\u00e3o docente; incentivar o ingresso de professores no ensino p\u00fablico; e valorizar os profissionais do magist\u00e9rio, proporcionando-lhes recursos e oportunidades de desenvolvimento profissional cont\u00ednuo.\u202f\u202f\u202f\u202f\u202f\u00a0\u00a0<\/p>\n<p>O programa busca atender aproximadamente 2,3 milh\u00f5es de docentes em todo o pa\u00eds e prev\u00ea as seguintes iniciativas: P\u00e9-de-Meia\u202fLicenciaturas; Bolsa Mais Professores;\u202fProva Nacional Docente;\u202fPortal de Forma\u00e7\u00e3o;\u202fe a\u00e7\u00f5es de valoriza\u00e7\u00e3o em parceria com bancos p\u00fablicos e outros minist\u00e9rios.\u00a0\u00a0<\/p>\n<p><a href=\"https:\/\/www.gov.br\/mec\/pt-br\/centrais-de-conteudo\/publicacoes\/institucionais\/cndb.pdf\" target=\"_blank\">Resumo | Carteira Nacional Docente do Brasil<\/a>\u00a0<\/p>\n<p><i>Assessoria de Comunica\u00e7\u00e3o Social do MEC<\/i>\u00a0<\/p>\n<\/div>\n<p><script type=\"text\">\n    (function() {\n        var po = document.createElement('script');\n        po.async = true;\n        po.src = document.location.protocol + '\/\/connect.facebook.net\/pt_BR\/all.js#xfbml=1';\n        var head = document.getElementsByTagName('head')[0];\n        head.appendChild(po);\n    }());\n    <\/script><br \/>\n<br \/><a href=\"https:\/\/www.gov.br\/mec\/pt-br\/assuntos\/noticias\/2025\/setembro\/sancionada-lei-que-cria-a-carteira-nacional-docente-do-brasil\">Source link <\/a><\/p>\n","protected":false},"excerpt":{"rendered":"<p>O presidente da Rep\u00fablica, Luiz In\u00e1cio Lula da Silva, acompanhado do ministro de Estado da Educa\u00e7\u00e3o, Camilo Santana, sancionou, nesta quinta-feira, 11 de setembro, a Lei n\u00ba 15.202, que cria a Carteira Nacional Docente do Brasil (CNDB). O documento de identifica\u00e7\u00e3o ter\u00e1 validade em todo o territ\u00f3rio nacional e \u00e9 destinado a professores da educa\u00e7\u00e3o [&hellip;]<\/p>\n","protected":false},"author":1,"featured_media":68041,"comment_status":"","ping_status":"","sticky":false,"template":"","format":"standard","meta":{"googlesitekit_rrm_CAow2JLhCw:productID":"","_gspb_post_css":"","maa_idioma":"","maa_pais":"","footnotes":""},"categories":[4],"tags":[],"class_list":["post-68040","post","type-post","status-publish","format-standard","has-post-thumbnail","hentry","category-brasil"],"blocksy_meta":[],"yoast_head":"<!-- This site is optimized with the Yoast SEO Premium plugin v27.6 (Yoast SEO v27.6) - https:\/\/yoast.com\/product\/yoast-seo-premium-wordpress\/ -->\n<title>Sancionada lei que cria a Carteira Nacional Docente do Brasil \u2014 Minist\u00e9rio da Educa\u00e7\u00e3o - Ubirat\u00e3 Online Not\u00edcias - A realidade ao seu alcance!<\/title>\n<meta name=\"description\" content=\"O presidente da Rep\u00fablica, Luiz In\u00e1cio Lula da Silva, acompanhado do ministro de Estado da Educa\u00e7\u00e3o, Camilo Santana, sancionou, nesta quinta-feira, 11 de\" \/>\n<meta name=\"robots\" content=\"index, follow, max-snippet:-1, max-image-preview:large, max-video-preview:-1\" \/>\n<link rel=\"canonical\" href=\"https:\/\/ubirataonline.com.br\/en\/sancionada-lei-que-cria-a-carteira-nacional-docente-do-brasil-ministerio-da-educacao\/\" \/>\n<meta property=\"og:locale\" content=\"en_US\" \/>\n<meta property=\"og:type\" content=\"article\" \/>\n<meta property=\"og:title\" content=\"Sancionada lei que cria a Carteira Nacional Docente do Brasil \u2014 Minist\u00e9rio da Educa\u00e7\u00e3o\" \/>\n<meta property=\"og:description\" content=\"O presidente da Rep\u00fablica, Luiz In\u00e1cio Lula da Silva, acompanhado do ministro de Estado da Educa\u00e7\u00e3o, Camilo Santana, sancionou, nesta quinta-feira, 11 de\" \/>\n<meta property=\"og:url\" content=\"https:\/\/ubirataonline.com.br\/en\/sancionada-lei-que-cria-a-carteira-nacional-docente-do-brasil-ministerio-da-educacao\/\" \/>\n<meta property=\"og:site_name\" content=\"Ubirat\u00e3 Online Not\u00edcias - A realidade ao seu alcance!\" \/>\n<meta property=\"article:publisher\" content=\"https:\/\/www.facebook.com\/portalubirataonline\" \/>\n<meta property=\"article:author\" content=\"https:\/\/www.facebook.com\/portalubirataonline\" \/>\n<meta property=\"article:published_time\" content=\"2025-09-11T23:25:41+00:00\" \/>\n<meta property=\"og:image\" content=\"https:\/\/ubirataonline.com.br\/wp-content\/uploads\/2026\/05\/logo2026.webp\" \/>\n\t<meta property=\"og:image:width\" content=\"1531\" \/>\n\t<meta property=\"og:image:height\" content=\"418\" \/>\n\t<meta property=\"og:image:type\" content=\"image\/webp\" \/>\n<meta name=\"author\" content=\"REDA\u00c7\u00c3O: UBIRAT\u00c3 ONLINE - F\u00c1BIO AUGUSTO CELESTINO\" \/>\n<meta name=\"twitter:card\" content=\"summary_large_image\" \/>\n<meta name=\"twitter:creator\" content=\"@x.com\/ubirataonline\" \/>\n<meta name=\"twitter:site\" content=\"@ubirataonline\" \/>\n<meta name=\"twitter:label1\" content=\"Written by\" \/>\n\t<meta name=\"twitter:data1\" content=\"REDA\u00c7\u00c3O: UBIRAT\u00c3 ONLINE - F\u00c1BIO AUGUSTO CELESTINO\" \/>\n\t<meta name=\"twitter:label2\" content=\"Est. reading time\" \/>\n\t<meta name=\"twitter:data2\" content=\"3 minutes\" \/>\n<script type=\"application\/ld+json\" class=\"yoast-schema-graph\">{\"@context\":\"https:\\\/\\\/schema.org\",\"@graph\":[{\"@type\":\"NewsArticle\",\"@id\":\"https:\\\/\\\/ubirataonline.com.br\\\/sancionada-lei-que-cria-a-carteira-nacional-docente-do-brasil-ministerio-da-educacao\\\/#article\",\"isPartOf\":{\"@id\":\"https:\\\/\\\/ubirataonline.com.br\\\/sancionada-lei-que-cria-a-carteira-nacional-docente-do-brasil-ministerio-da-educacao\\\/\"},\"author\":{\"name\":\"REDA\u00c7\u00c3O: UBIRAT\u00c3 ONLINE - F\u00c1BIO AUGUSTO CELESTINO\",\"@id\":\"https:\\\/\\\/ubirataonline.com.br\\\/#\\\/schema\\\/person\\\/372f87bbd3fdd79b8556b84c98d0bc1c\"},\"headline\":\"Sancionada lei que cria a Carteira Nacional Docente do Brasil \u2014 Minist\u00e9rio da Educa\u00e7\u00e3o\",\"datePublished\":\"2025-09-11T23:25:41+00:00\",\"mainEntityOfPage\":{\"@id\":\"https:\\\/\\\/ubirataonline.com.br\\\/sancionada-lei-que-cria-a-carteira-nacional-docente-do-brasil-ministerio-da-educacao\\\/\"},\"wordCount\":575,\"publisher\":{\"@id\":\"https:\\\/\\\/ubirataonline.com.br\\\/#organization\"},\"image\":{\"@id\":\"https:\\\/\\\/ubirataonline.com.br\\\/sancionada-lei-que-cria-a-carteira-nacional-docente-do-brasil-ministerio-da-educacao\\\/#primaryimage\"},\"thumbnailUrl\":\"https:\\\/\\\/ubirataonline.com.br\\\/wp-content\\\/uploads\\\/2025\\\/09\\\/764a43cb-dd91-484d-945b-1c3a563bd15b.jpeg\",\"articleSection\":[\"Brasil\"],\"inLanguage\":\"en-US\",\"copyrightYear\":\"2025\",\"copyrightHolder\":{\"@id\":\"https:\\\/\\\/ubirataonline.com.br\\\/en\\\/#organization\"}},{\"@type\":\"WebPage\",\"@id\":\"https:\\\/\\\/ubirataonline.com.br\\\/sancionada-lei-que-cria-a-carteira-nacional-docente-do-brasil-ministerio-da-educacao\\\/\",\"url\":\"https:\\\/\\\/ubirataonline.com.br\\\/sancionada-lei-que-cria-a-carteira-nacional-docente-do-brasil-ministerio-da-educacao\\\/\",\"name\":\"Sancionada lei que cria a Carteira Nacional Docente do Brasil \u2014 Minist\u00e9rio da Educa\u00e7\u00e3o - Ubirat\u00e3 Online Not\u00edcias - A realidade ao seu alcance!\",\"isPartOf\":{\"@id\":\"https:\\\/\\\/ubirataonline.com.br\\\/#website\"},\"primaryImageOfPage\":{\"@id\":\"https:\\\/\\\/ubirataonline.com.br\\\/sancionada-lei-que-cria-a-carteira-nacional-docente-do-brasil-ministerio-da-educacao\\\/#primaryimage\"},\"image\":{\"@id\":\"https:\\\/\\\/ubirataonline.com.br\\\/sancionada-lei-que-cria-a-carteira-nacional-docente-do-brasil-ministerio-da-educacao\\\/#primaryimage\"},\"thumbnailUrl\":\"https:\\\/\\\/ubirataonline.com.br\\\/wp-content\\\/uploads\\\/2025\\\/09\\\/764a43cb-dd91-484d-945b-1c3a563bd15b.jpeg\",\"datePublished\":\"2025-09-11T23:25:41+00:00\",\"description\":\"O presidente da Rep\u00fablica, Luiz In\u00e1cio Lula da Silva, acompanhado do ministro de Estado da Educa\u00e7\u00e3o, Camilo Santana, sancionou, nesta quinta-feira, 11 de\",\"breadcrumb\":{\"@id\":\"https:\\\/\\\/ubirataonline.com.br\\\/sancionada-lei-que-cria-a-carteira-nacional-docente-do-brasil-ministerio-da-educacao\\\/#breadcrumb\"},\"inLanguage\":\"en-US\",\"potentialAction\":[{\"@type\":\"ReadAction\",\"target\":[\"https:\\\/\\\/ubirataonline.com.br\\\/sancionada-lei-que-cria-a-carteira-nacional-docente-do-brasil-ministerio-da-educacao\\\/\"]}]},{\"@type\":\"ImageObject\",\"inLanguage\":\"en-US\",\"@id\":\"https:\\\/\\\/ubirataonline.com.br\\\/sancionada-lei-que-cria-a-carteira-nacional-docente-do-brasil-ministerio-da-educacao\\\/#primaryimage\",\"url\":\"https:\\\/\\\/ubirataonline.com.br\\\/wp-content\\\/uploads\\\/2025\\\/09\\\/764a43cb-dd91-484d-945b-1c3a563bd15b.jpeg\",\"contentUrl\":\"https:\\\/\\\/ubirataonline.com.br\\\/wp-content\\\/uploads\\\/2025\\\/09\\\/764a43cb-dd91-484d-945b-1c3a563bd15b.jpeg\",\"width\":768,\"height\":511},{\"@type\":\"BreadcrumbList\",\"@id\":\"https:\\\/\\\/ubirataonline.com.br\\\/sancionada-lei-que-cria-a-carteira-nacional-docente-do-brasil-ministerio-da-educacao\\\/#breadcrumb\",\"itemListElement\":[{\"@type\":\"ListItem\",\"position\":1,\"name\":\"In\u00edcio\",\"item\":\"https:\\\/\\\/ubirataonline.com.br\\\/\"},{\"@type\":\"ListItem\",\"position\":2,\"name\":\"Sancionada lei que cria a Carteira Nacional Docente do Brasil \u2014 Minist\u00e9rio da Educa\u00e7\u00e3o\"}]},{\"@type\":\"WebSite\",\"@id\":\"https:\\\/\\\/ubirataonline.com.br\\\/#website\",\"url\":\"https:\\\/\\\/ubirataonline.com.br\\\/\",\"name\":\"Ubirat\u00e3 Online Not\u00edcias\",\"description\":\"Not\u00edcias de Ubirat\u00e3, regi\u00e3o, Brasil e mundo, com informa\u00e7\u00e3o atualizada e compromisso com o leitor.\",\"publisher\":{\"@id\":\"https:\\\/\\\/ubirataonline.com.br\\\/#organization\"},\"alternateName\":\"Ubirat\u00e3 Online\",\"potentialAction\":[{\"@type\":\"SearchAction\",\"target\":{\"@type\":\"EntryPoint\",\"urlTemplate\":\"https:\\\/\\\/ubirataonline.com.br\\\/?s={search_term_string}\"},\"query-input\":{\"@type\":\"PropertyValueSpecification\",\"valueRequired\":true,\"valueName\":\"search_term_string\"}}],\"inLanguage\":\"en-US\"},{\"@type\":[\"Organization\",\"Place\"],\"@id\":\"https:\\\/\\\/ubirataonline.com.br\\\/#organization\",\"name\":\"Ubirat\u00e3 Online Not\u00edcias\",\"alternateName\":\"Ubirat\u00e3 Online\",\"url\":\"https:\\\/\\\/ubirataonline.com.br\\\/\",\"logo\":{\"@id\":\"https:\\\/\\\/ubirataonline.com.br\\\/sancionada-lei-que-cria-a-carteira-nacional-docente-do-brasil-ministerio-da-educacao\\\/#local-main-organization-logo\"},\"image\":{\"@id\":\"https:\\\/\\\/ubirataonline.com.br\\\/sancionada-lei-que-cria-a-carteira-nacional-docente-do-brasil-ministerio-da-educacao\\\/#local-main-organization-logo\"},\"sameAs\":[\"https:\\\/\\\/www.facebook.com\\\/portalubirataonline\",\"https:\\\/\\\/x.com\\\/ubirataonline\",\"https:\\\/\\\/mastodon.social\\\/@ubirataonline\",\"https:\\\/\\\/www.facebook.com\\\/groups\\\/311144672285604\",\"https:\\\/\\\/www.facebook.com\\\/UBTAOnline\",\"https:\\\/\\\/www.instagram.com\\\/portalubirataonline\\\/\",\"https:\\\/\\\/twitter.com\\\/ubirataonline\"],\"description\":\"Somos um portal de not\u00edcias independente, criado em 5 de janeiro de 2009, com o objetivo de informar, conectar e valorizar a nossa comunidade de Ubirat\u00e3 e toda aregi\u00e3o. Com conte\u00fado atualizado, confi\u00e1vel e relevante, o Ubirat\u00e3 Online \u00e9 o seu espa\u00e7o para ficar por dentro dos principais acontecimentos locais, regionais, Brasil, Mundo e de interesse geral. Nosso compromisso \u00e9 com a verdade, a transpar\u00eancia e o respeito ao leitor.\",\"legalName\":\"UBIRATA ONLINE NOT\u00cdCIAS\",\"foundingDate\":\"2009-01-05\",\"numberOfEmployees\":{\"@type\":\"QuantitativeValue\",\"minValue\":\"1\",\"maxValue\":\"10\"},\"publishingPrinciples\":\"https:\\\/\\\/ubirataonline.com.br\\\/faq\\\/\",\"address\":{\"@id\":\"https:\\\/\\\/ubirataonline.com.br\\\/sancionada-lei-que-cria-a-carteira-nacional-docente-do-brasil-ministerio-da-educacao\\\/#local-main-place-address\"},\"geo\":{\"@type\":\"GeoCoordinates\",\"latitude\":\"-24.5361401\",\"longitude\":\"-52.9921776\"},\"telephone\":[\"+5544998308235\"],\"contactPoint\":{\"@type\":\"ContactPoint\",\"email\":\"contato@ubirataonline.com.br\"},\"openingHoursSpecification\":{\"@type\":\"OpeningHoursSpecification\",\"dayOfWeek\":[\"Monday\",\"Tuesday\",\"Wednesday\",\"Thursday\",\"Friday\",\"Saturday\",\"Sunday\"],\"opens\":\"00:00\",\"closes\":\"23:59\"},\"email\":\"contato@ubirataonline.com.br\",\"vatID\":\"47.621.418\\\/0001-80\"},{\"@type\":\"Person\",\"@id\":\"https:\\\/\\\/ubirataonline.com.br\\\/#\\\/schema\\\/person\\\/372f87bbd3fdd79b8556b84c98d0bc1c\",\"name\":\"REDA\u00c7\u00c3O: UBIRAT\u00c3 ONLINE - F\u00c1BIO AUGUSTO CELESTINO\",\"pronouns\":\"Ele\",\"description\":\"Desde 2003 trabalhando com not\u00edcias.\",\"sameAs\":[\"http:\\\/\\\/ubirataoline.com.br\",\"https:\\\/\\\/www.facebook.com\\\/portalubirataonline\",\"https:\\\/\\\/www.instagram.com\\\/ubirataonline_oficial\",\"https:\\\/\\\/x.com\\\/x.com\\\/ubirataonline\"],\"honorificPrefix\":\"Mr.\",\"honorificSuffix\":\"MD\",\"birthDate\":\"1980-06-16\",\"gender\":\"masculino\",\"award\":[\"V\u00e1rios pr\u00eamios de melhor portal da cidade\"],\"jobTitle\":\"Diretor\",\"url\":\"https:\\\/\\\/ubirataonline.com.br\\\/en\\\/author\\\/ubirataonline\\\/\"},{\"@type\":\"PostalAddress\",\"@id\":\"https:\\\/\\\/ubirataonline.com.br\\\/sancionada-lei-que-cria-a-carteira-nacional-docente-do-brasil-ministerio-da-educacao\\\/#local-main-place-address\",\"streetAddress\":\"Rua dos Coqueiros, 104 - Bairro Boa Vista, Rua dos Coqueiros, 104 Bairro Boa Vista\",\"addressLocality\":\"UBIRATA\",\"postalCode\":\"85440-000\",\"addressRegion\":\"PR\",\"addressCountry\":\"BR\"},{\"@type\":\"ImageObject\",\"inLanguage\":\"en-US\",\"@id\":\"https:\\\/\\\/ubirataonline.com.br\\\/sancionada-lei-que-cria-a-carteira-nacional-docente-do-brasil-ministerio-da-educacao\\\/#local-main-organization-logo\",\"url\":\"https:\\\/\\\/ubirataonline.com.br\\\/wp-content\\\/uploads\\\/2026\\\/06\\\/logoubirataonline-1.webp\",\"contentUrl\":\"https:\\\/\\\/ubirataonline.com.br\\\/wp-content\\\/uploads\\\/2026\\\/06\\\/logoubirataonline-1.webp\",\"width\":500,\"height\":500,\"caption\":\"Ubirat\u00e3 Online Not\u00edcias\"}]}<\/script>\n<meta name=\"geo.placename\" content=\"UBIRATA\" \/>\n<meta name=\"geo.position\" content=\"-24.5361401;-52.9921776\" \/>\n<meta name=\"geo.region\" content=\"Brazil\" \/>\n<!-- \/ Yoast SEO Premium plugin. -->","yoast_head_json":{"title":"Sancionada lei que cria a Carteira Nacional Docente do Brasil \u2014 Minist\u00e9rio da Educa\u00e7\u00e3o - Ubirat\u00e3 Online Not\u00edcias - A realidade ao seu alcance!","description":"O presidente da Rep\u00fablica, Luiz In\u00e1cio Lula da Silva, acompanhado do ministro de Estado da Educa\u00e7\u00e3o, Camilo Santana, sancionou, nesta quinta-feira, 11 de","robots":{"index":"index","follow":"follow","max-snippet":"max-snippet:-1","max-image-preview":"max-image-preview:large","max-video-preview":"max-video-preview:-1"},"canonical":"https:\/\/ubirataonline.com.br\/en\/sancionada-lei-que-cria-a-carteira-nacional-docente-do-brasil-ministerio-da-educacao\/","og_locale":"en_US","og_type":"article","og_title":"Sancionada lei que cria a Carteira Nacional Docente do Brasil \u2014 Minist\u00e9rio da Educa\u00e7\u00e3o","og_description":"O presidente da Rep\u00fablica, Luiz In\u00e1cio Lula da Silva, acompanhado do ministro de Estado da Educa\u00e7\u00e3o, Camilo Santana, sancionou, nesta quinta-feira, 11 de","og_url":"https:\/\/ubirataonline.com.br\/en\/sancionada-lei-que-cria-a-carteira-nacional-docente-do-brasil-ministerio-da-educacao\/","og_site_name":"Ubirat\u00e3 Online Not\u00edcias - A realidade ao seu alcance!","article_publisher":"https:\/\/www.facebook.com\/portalubirataonline","article_author":"https:\/\/www.facebook.com\/portalubirataonline","article_published_time":"2025-09-11T23:25:41+00:00","og_image":[{"width":1531,"height":418,"url":"https:\/\/ubirataonline.com.br\/wp-content\/uploads\/2026\/05\/logo2026.webp","type":"image\/webp"}],"author":"REDA\u00c7\u00c3O: UBIRAT\u00c3 ONLINE - F\u00c1BIO AUGUSTO CELESTINO","twitter_card":"summary_large_image","twitter_creator":"@x.com\/ubirataonline","twitter_site":"@ubirataonline","twitter_misc":{"Written by":"REDA\u00c7\u00c3O: UBIRAT\u00c3 ONLINE - F\u00c1BIO AUGUSTO CELESTINO","Est. reading time":"3 minutes"},"schema":{"@context":"https:\/\/schema.org","@graph":[{"@type":"NewsArticle","@id":"https:\/\/ubirataonline.com.br\/sancionada-lei-que-cria-a-carteira-nacional-docente-do-brasil-ministerio-da-educacao\/#article","isPartOf":{"@id":"https:\/\/ubirataonline.com.br\/sancionada-lei-que-cria-a-carteira-nacional-docente-do-brasil-ministerio-da-educacao\/"},"author":{"name":"REDA\u00c7\u00c3O: UBIRAT\u00c3 ONLINE - F\u00c1BIO AUGUSTO CELESTINO","@id":"https:\/\/ubirataonline.com.br\/#\/schema\/person\/372f87bbd3fdd79b8556b84c98d0bc1c"},"headline":"Sancionada lei que cria a Carteira Nacional Docente do Brasil \u2014 Minist\u00e9rio da Educa\u00e7\u00e3o","datePublished":"2025-09-11T23:25:41+00:00","mainEntityOfPage":{"@id":"https:\/\/ubirataonline.com.br\/sancionada-lei-que-cria-a-carteira-nacional-docente-do-brasil-ministerio-da-educacao\/"},"wordCount":575,"publisher":{"@id":"https:\/\/ubirataonline.com.br\/#organization"},"image":{"@id":"https:\/\/ubirataonline.com.br\/sancionada-lei-que-cria-a-carteira-nacional-docente-do-brasil-ministerio-da-educacao\/#primaryimage"},"thumbnailUrl":"https:\/\/ubirataonline.com.br\/wp-content\/uploads\/2025\/09\/764a43cb-dd91-484d-945b-1c3a563bd15b.jpeg","articleSection":["Brasil"],"inLanguage":"en-US","copyrightYear":"2025","copyrightHolder":{"@id":"https:\/\/ubirataonline.com.br\/en\/#organization"}},{"@type":"WebPage","@id":"https:\/\/ubirataonline.com.br\/sancionada-lei-que-cria-a-carteira-nacional-docente-do-brasil-ministerio-da-educacao\/","url":"https:\/\/ubirataonline.com.br\/sancionada-lei-que-cria-a-carteira-nacional-docente-do-brasil-ministerio-da-educacao\/","name":"Sancionada lei que cria a Carteira Nacional Docente do Brasil \u2014 Minist\u00e9rio da Educa\u00e7\u00e3o - Ubirat\u00e3 Online Not\u00edcias - A realidade ao seu alcance!","isPartOf":{"@id":"https:\/\/ubirataonline.com.br\/#website"},"primaryImageOfPage":{"@id":"https:\/\/ubirataonline.com.br\/sancionada-lei-que-cria-a-carteira-nacional-docente-do-brasil-ministerio-da-educacao\/#primaryimage"},"image":{"@id":"https:\/\/ubirataonline.com.br\/sancionada-lei-que-cria-a-carteira-nacional-docente-do-brasil-ministerio-da-educacao\/#primaryimage"},"thumbnailUrl":"https:\/\/ubirataonline.com.br\/wp-content\/uploads\/2025\/09\/764a43cb-dd91-484d-945b-1c3a563bd15b.jpeg","datePublished":"2025-09-11T23:25:41+00:00","description":"O presidente da Rep\u00fablica, Luiz In\u00e1cio Lula da Silva, acompanhado do ministro de Estado da Educa\u00e7\u00e3o, Camilo Santana, sancionou, nesta quinta-feira, 11 de","breadcrumb":{"@id":"https:\/\/ubirataonline.com.br\/sancionada-lei-que-cria-a-carteira-nacional-docente-do-brasil-ministerio-da-educacao\/#breadcrumb"},"inLanguage":"en-US","potentialAction":[{"@type":"ReadAction","target":["https:\/\/ubirataonline.com.br\/sancionada-lei-que-cria-a-carteira-nacional-docente-do-brasil-ministerio-da-educacao\/"]}]},{"@type":"ImageObject","inLanguage":"en-US","@id":"https:\/\/ubirataonline.com.br\/sancionada-lei-que-cria-a-carteira-nacional-docente-do-brasil-ministerio-da-educacao\/#primaryimage","url":"https:\/\/ubirataonline.com.br\/wp-content\/uploads\/2025\/09\/764a43cb-dd91-484d-945b-1c3a563bd15b.jpeg","contentUrl":"https:\/\/ubirataonline.com.br\/wp-content\/uploads\/2025\/09\/764a43cb-dd91-484d-945b-1c3a563bd15b.jpeg","width":768,"height":511},{"@type":"BreadcrumbList","@id":"https:\/\/ubirataonline.com.br\/sancionada-lei-que-cria-a-carteira-nacional-docente-do-brasil-ministerio-da-educacao\/#breadcrumb","itemListElement":[{"@type":"ListItem","position":1,"name":"In\u00edcio","item":"https:\/\/ubirataonline.com.br\/"},{"@type":"ListItem","position":2,"name":"Sancionada lei que cria a Carteira Nacional Docente do Brasil \u2014 Minist\u00e9rio da Educa\u00e7\u00e3o"}]},{"@type":"WebSite","@id":"https:\/\/ubirataonline.com.br\/#website","url":"https:\/\/ubirataonline.com.br\/","name":"Ubirat\u00e3 Online Not\u00edcias","description":"Not\u00edcias de Ubirat\u00e3, regi\u00e3o, Brasil e mundo, com informa\u00e7\u00e3o atualizada e compromisso com o leitor.","publisher":{"@id":"https:\/\/ubirataonline.com.br\/#organization"},"alternateName":"Ubirat\u00e3 Online","potentialAction":[{"@type":"SearchAction","target":{"@type":"EntryPoint","urlTemplate":"https:\/\/ubirataonline.com.br\/?s={search_term_string}"},"query-input":{"@type":"PropertyValueSpecification","valueRequired":true,"valueName":"search_term_string"}}],"inLanguage":"en-US"},{"@type":["Organization","Place"],"@id":"https:\/\/ubirataonline.com.br\/#organization","name":"Ubirat\u00e3 Online Not\u00edcias","alternateName":"Ubirat\u00e3 Online","url":"https:\/\/ubirataonline.com.br\/","logo":{"@id":"https:\/\/ubirataonline.com.br\/sancionada-lei-que-cria-a-carteira-nacional-docente-do-brasil-ministerio-da-educacao\/#local-main-organization-logo"},"image":{"@id":"https:\/\/ubirataonline.com.br\/sancionada-lei-que-cria-a-carteira-nacional-docente-do-brasil-ministerio-da-educacao\/#local-main-organization-logo"},"sameAs":["https:\/\/www.facebook.com\/portalubirataonline","https:\/\/x.com\/ubirataonline","https:\/\/mastodon.social\/@ubirataonline","https:\/\/www.facebook.com\/groups\/311144672285604","https:\/\/www.facebook.com\/UBTAOnline","https:\/\/www.instagram.com\/portalubirataonline\/","https:\/\/twitter.com\/ubirataonline"],"description":"Somos um portal de not\u00edcias independente, criado em 5 de janeiro de 2009, com o objetivo de informar, conectar e valorizar a nossa comunidade de Ubirat\u00e3 e toda aregi\u00e3o. Com conte\u00fado atualizado, confi\u00e1vel e relevante, o Ubirat\u00e3 Online \u00e9 o seu espa\u00e7o para ficar por dentro dos principais acontecimentos locais, regionais, Brasil, Mundo e de interesse geral. Nosso compromisso \u00e9 com a verdade, a transpar\u00eancia e o respeito ao leitor.","legalName":"UBIRATA ONLINE NOT\u00cdCIAS","foundingDate":"2009-01-05","numberOfEmployees":{"@type":"QuantitativeValue","minValue":"1","maxValue":"10"},"publishingPrinciples":"https:\/\/ubirataonline.com.br\/faq\/","address":{"@id":"https:\/\/ubirataonline.com.br\/sancionada-lei-que-cria-a-carteira-nacional-docente-do-brasil-ministerio-da-educacao\/#local-main-place-address"},"geo":{"@type":"GeoCoordinates","latitude":"-24.5361401","longitude":"-52.9921776"},"telephone":["+5544998308235"],"contactPoint":{"@type":"ContactPoint","email":"contato@ubirataonline.com.br"},"openingHoursSpecification":{"@type":"OpeningHoursSpecification","dayOfWeek":["Monday","Tuesday","Wednesday","Thursday","Friday","Saturday","Sunday"],"opens":"00:00","closes":"23:59"},"email":"contato@ubirataonline.com.br","vatID":"47.621.418\/0001-80"},{"@type":"Person","@id":"https:\/\/ubirataonline.com.br\/#\/schema\/person\/372f87bbd3fdd79b8556b84c98d0bc1c","name":"REDA\u00c7\u00c3O: UBIRAT\u00c3 ONLINE - F\u00c1BIO AUGUSTO CELESTINO","pronouns":"Ele","description":"Desde 2003 trabalhando com not\u00edcias.","sameAs":["http:\/\/ubirataoline.com.br","https:\/\/www.facebook.com\/portalubirataonline","https:\/\/www.instagram.com\/ubirataonline_oficial","https:\/\/x.com\/x.com\/ubirataonline"],"honorificPrefix":"Mr.","honorificSuffix":"MD","birthDate":"1980-06-16","gender":"masculino","award":["V\u00e1rios pr\u00eamios de melhor portal da cidade"],"jobTitle":"Diretor","url":"https:\/\/ubirataonline.com.br\/en\/author\/ubirataonline\/"},{"@type":"PostalAddress","@id":"https:\/\/ubirataonline.com.br\/sancionada-lei-que-cria-a-carteira-nacional-docente-do-brasil-ministerio-da-educacao\/#local-main-place-address","streetAddress":"Rua dos Coqueiros, 104 - Bairro Boa Vista, Rua dos Coqueiros, 104 Bairro Boa Vista","addressLocality":"UBIRATA","postalCode":"85440-000","addressRegion":"PR","addressCountry":"BR"},{"@type":"ImageObject","inLanguage":"en-US","@id":"https:\/\/ubirataonline.com.br\/sancionada-lei-que-cria-a-carteira-nacional-docente-do-brasil-ministerio-da-educacao\/#local-main-organization-logo","url":"https:\/\/ubirataonline.com.br\/wp-content\/uploads\/2026\/06\/logoubirataonline-1.webp","contentUrl":"https:\/\/ubirataonline.com.br\/wp-content\/uploads\/2026\/06\/logoubirataonline-1.webp","width":500,"height":500,"caption":"Ubirat\u00e3 Online Not\u00edcias"}]},"geo.placename":"UBIRATA","geo.position":{"lat":"-24.5361401","long":"-52.9921776"},"geo.region":"Brazil"},"_links":{"self":[{"href":"https:\/\/ubirataonline.com.br\/en\/wp-json\/wp\/v2\/posts\/68040","targetHints":{"allow":["GET"]}}],"collection":[{"href":"https:\/\/ubirataonline.com.br\/en\/wp-json\/wp\/v2\/posts"}],"about":[{"href":"https:\/\/ubirataonline.com.br\/en\/wp-json\/wp\/v2\/types\/post"}],"author":[{"embeddable":true,"href":"https:\/\/ubirataonline.com.br\/en\/wp-json\/wp\/v2\/users\/1"}],"replies":[{"embeddable":true,"href":"https:\/\/ubirataonline.com.br\/en\/wp-json\/wp\/v2\/comments?post=68040"}],"version-history":[{"count":0,"href":"https:\/\/ubirataonline.com.br\/en\/wp-json\/wp\/v2\/posts\/68040\/revisions"}],"wp:featuredmedia":[{"embeddable":true,"href":"https:\/\/ubirataonline.com.br\/en\/wp-json\/wp\/v2\/media\/68041"}],"wp:attachment":[{"href":"https:\/\/ubirataonline.com.br\/en\/wp-json\/wp\/v2\/media?parent=68040"}],"wp:term":[{"taxonomy":"category","embeddable":true,"href":"https:\/\/ubirataonline.com.br\/en\/wp-json\/wp\/v2\/categories?post=68040"},{"taxonomy":"post_tag","embeddable":true,"href":"https:\/\/ubirataonline.com.br\/en\/wp-json\/wp\/v2\/tags?post=68040"}],"curies":[{"name":"wp","href":"https:\/\/api.w.org\/{rel}","templated":true}]}}