{"id":68042,"date":"2025-09-11T20:31:29","date_gmt":"2025-09-11T23:31:29","guid":{"rendered":"https:\/\/ubirataonline.com.br\/stf-condena-bolsonaro-a-27-anos-e-tres-meses-de-prisao\/"},"modified":"2025-09-11T20:31:29","modified_gmt":"2025-09-11T23:31:29","slug":"stf-condena-bolsonaro-a-27-anos-e-tres-meses-de-prisao","status":"publish","type":"post","link":"https:\/\/ubirataonline.com.br\/en\/stf-condena-bolsonaro-a-27-anos-e-tres-meses-de-prisao\/","title":{"rendered":"STF condena Bolsonaro a 27 anos e tr\u00eas meses de pris\u00e3o"},"content":{"rendered":"<p><\/p>\n<div id=\"post-content\">\n<p>A Primeira Turma do Supremo Tribunal Federal (STF) condenou nesta quinta-feira (11) o ex-presidente <strong>Jair Bolsonaro<\/strong> a<strong> 27 anos e tr\u00eas meses de pris\u00e3o<\/strong> em <strong>regime fechado<\/strong>.<\/p>\n<p>A pena foi definida ap\u00f3s o colegiado entrar na fase de fase da dosimetria das penas depois da\u00a0condena\u00e7\u00e3o dos oito r\u00e9us da trama golpista.<\/p>\n<p>Mais cedo,\u00a0<a href=\"https:\/\/www.tribunapr.com.br\/noticias\/politica\/por-4-a-1-bolsonaro-e-mais-sete-reus-sao-condenados-pelo-stf\/\">por 4 votos a 1<\/a>, o colegiado condenou os acusados pelos crimes de crimes de organiza\u00e7\u00e3o criminosa armada, tentativa de aboli\u00e7\u00e3o violenta do Estado Democr\u00e1tico de Direito, golpe de Estado, dano qualificado pela viol\u00eancia e grave amea\u00e7a e deteriora\u00e7\u00e3o de patrim\u00f4nio tombado.<\/p>\n<h2 class=\"wp-block-heading\" id=\"h-bolsonaro-vai-ser-preso\">Bolsonaro vai ser preso?<\/h2>\n<p>Apesar da defini\u00e7\u00e3o do tempo da condena\u00e7\u00e3o, Bolsonaro e os demais r\u00e9us n\u00e3o v\u00e3o ser presos imediatamente.\u00a0Eles ainda\u00a0podem recorrer da decis\u00e3o\u00a0e tentar reverter as condena\u00e7\u00f5es.<\/p>\n<p>Somente se os eventuais recursos forem rejeitados, a pris\u00e3o poder\u00e1 ser efetivada.<\/p>\n<p>Al\u00e9m disso, caso ocorra, os condenados n\u00e3o devem ficar em pres\u00eddios comuns.\u00a0Oficiais do Ex\u00e9rcito t\u00eam direito \u00e0 pris\u00e3o especial, de acordo com o C\u00f3digo de Processo Penal (CPP). O N\u00facleo 1 tem quatro militares do Ex\u00e9rcito, um da Marinha e dois delegados da Pol\u00edcia Federal, que tamb\u00e9m podem ser beneficiados pela restri\u00e7\u00e3o.<\/p>\n<h2 class=\"wp-block-heading\" id=\"h-quem-sao-os-condenados\">Quem s\u00e3o os condenados<\/h2>\n<ul class=\"wp-block-list\">\n<li>Alexandre Ramagem (delegado da PF e deputado federal), ex-diretor da Ag\u00eancia Brasileira de Intelig\u00eancia (Abin);<\/li>\n<li>Almir Garnier (almirante), ex-comandante da Marinha;<\/li>\n<li>Anderson Torres (delegado da PF), ex-ministro da Justi\u00e7a e ex-secret\u00e1rio de Seguran\u00e7a do Distrito Federal;<\/li>\n<li>Augusto Heleno (general), \u00a0ex-ministro do Gabinete de Seguran\u00e7a Institucional;<\/li>\n<li>Jair Bolsonaro (capit\u00e3o);<\/li>\n<li>Paulo S\u00e9rgio Nogueira (general), ex-ministro da Defesa;<\/li>\n<li>Walter Braga Netto (general), ex-ministro de Bolsonaro e candidato a\u00a0vice na chapa de 2022<\/li>\n<\/ul>\n<p>Alexandre Ramagem\u00a0foi condenado somente pelos crimes de organiza\u00e7\u00e3o criminosa armada, tentativa de aboli\u00e7\u00e3o violenta do Estado Democr\u00e1tico de Direito e golpe de Estado. Deputado federal em exerc\u00edcio, ele foi suspenso de parte das acusa\u00e7\u00f5es e respondia por tr\u00eas dos cinco crimes imputados pela PGR.<\/p>\n<section class=\"virals\">\n<article class=\"cardnews cardnews--post cardnews--has-thumbnail cardnews--editorial-noticias\"> <a href=\"https:\/\/www.tribunapr.com.br\/noticias\/curitiba-regiao\/curitibana-ganha-na-lotofacil-da-independencia-em-bolao-da-propria-loterica\/?utm_source=noticias-virais-rodape&amp;utm_medium=internal-tribuna&amp;utm_campaign=tribuna\" class=\"cardnews__postlink\"> <\/p>\n<div class=\"cardnews__image\" is-api-thumb=\"\"><img decoding=\"async\" src=\"https:\/\/www.tribunapr.com.br\/wp-content\/uploads\/2025\/09\/08183613\/Apresentacao-de-TCC-vintage-retro-com-blur-vermelho-e-roxo-2025-09-08T183517.087-370x210.jpg\" loading=\"lazy\" alt=\"Curitibana ganha uma boa grana em bol\u00e3o da pr\u00f3pria lot\u00e9rica\"\/><\/div>\n<div class=\"cardnews__content cardhome__content\">\n<div class=\"cardnews__content-wrapper\">\n<p> <span style=\"\"> Loteria p\u00e9-quente <\/span> <\/p>\n<p>Curitibana ganha uma boa grana em bol\u00e3o da pr\u00f3pria lot\u00e9rica<\/p>\n<\/p><\/div>\n<\/p><\/div>\n<p> <\/a> <\/article>\n<article class=\"cardnews cardnews--post cardnews--has-thumbnail cardnews--editorial-noticias\"> <a href=\"https:\/\/www.tribunapr.com.br\/noticias\/curitiba-regiao\/brt-leste-oeste-conheca-detalhes-do-projeto-de-curitiba\/?utm_source=noticias-virais-rodape&amp;utm_medium=internal-tribuna&amp;utm_campaign=tribuna\" class=\"cardnews__postlink\"> <\/p>\n<div class=\"cardnews__image\" is-api-thumb=\"\"><img decoding=\"async\" src=\"https:\/\/www.tribunapr.com.br\/wp-content\/uploads\/2025\/09\/10103453\/brt-divulgacao-370x210.jpg\" loading=\"lazy\" alt=\"Novo BRT Leste-Oeste vai mudar a mobilidade em Curitiba\"\/><\/div>\n<div class=\"cardnews__content cardhome__content\">\n<div class=\"cardnews__content-wrapper\">\n<p> <span style=\"\"> Obras <\/span> <\/p>\n<p>Novo BRT Leste-Oeste vai mudar a mobilidade em Curitiba<\/p>\n<\/p><\/div>\n<\/p><\/div>\n<p> <\/a> <\/article>\n<article class=\"cardnews cardnews--post cardnews--has-thumbnail cardnews--editorial-noticias\"> <a href=\"https:\/\/www.tribunapr.com.br\/noticias\/curitiba-regiao\/leao-do-zoo-de-curitiba-faz-ressonancia-mobiliza-equipe\/?utm_source=noticias-virais-rodape&amp;utm_medium=internal-tribuna&amp;utm_campaign=tribuna\" class=\"cardnews__postlink\"> <\/p>\n<div class=\"cardnews__image\" is-api-thumb=\"\"><img decoding=\"async\" src=\"https:\/\/www.tribunapr.com.br\/wp-content\/uploads\/2025\/09\/09185112\/Apresentacao-de-TCC-vintage-retro-com-blur-vermelho-e-roxo-2025-09-09T185014.018-370x210.jpg\" loading=\"lazy\" alt=\"Le\u00e3o do Zoo de Curitiba mobiliza equipe gigante para...\"\/><\/div>\n<div class=\"cardnews__content cardhome__content\">\n<div class=\"cardnews__content-wrapper\">\n<p> <span style=\"\"> Check-up <\/span> <\/p>\n<p>Le\u00e3o do Zoo de Curitiba mobiliza equipe gigante para&#8230;<\/p>\n<\/p><\/div>\n<\/p><\/div>\n<p> <\/a> <\/article>\n<\/section>\n<section class=\"whatsapp-groups\">\n<div class=\"whatsapp-groups__image\"> <img decoding=\"async\" src=\"https:\/\/www.tribunapr.com.br\/resources\/images\/blocks\/whatsapp-groups\/logo-whatsapp.png\" alt=\"Grupos de WhatsApp da Tribuna\" loading=\"lazy\"\/> <\/div>\n<div class=\"whatsapp-groups__body\">\n<p> Receba Not\u00edcias no seu WhatsApp! <\/p>\n<p> Receba as not\u00edcias do seu bairro e do seu time pelo WhatsApp. <\/p>\n<p> <a href=\"https:\/\/www.tribunapr.com.br\/grupos-de-whatsapp-da-tribuna\/\" target=\"_blank\" class=\"whatsapp-groups__button\"> Participe dos Grupos da Tribuna <\/a> <\/div>\n<\/section><\/div>\n<p><a href=\"https:\/\/www.tribunapr.com.br\/noticias\/politica\/stf-condena-bolsonaro-a-27-anos-e-tres-meses-de-prisao\/\">Source link <\/a><\/p>","protected":false},"excerpt":{"rendered":"<p>A Primeira Turma do Supremo Tribunal Federal (STF) condenou nesta quinta-feira (11) o ex-presidente Jair Bolsonaro a 27 anos e tr\u00eas meses de pris\u00e3o em regime fechado. A pena foi definida ap\u00f3s o colegiado entrar na fase de fase da dosimetria das penas depois da\u00a0condena\u00e7\u00e3o dos oito r\u00e9us da trama golpista. Mais cedo,\u00a0por 4 votos [&hellip;]<\/p>\n","protected":false},"author":1,"featured_media":68043,"comment_status":"","ping_status":"","sticky":false,"template":"","format":"standard","meta":{"googlesitekit_rrm_CAow2JLhCw:productID":"","_gspb_post_css":"","maa_idioma":"","maa_pais":"","footnotes":""},"categories":[1],"tags":[],"class_list":["post-68042","post","type-post","status-publish","format-standard","has-post-thumbnail","hentry","category-ubirata"],"blocksy_meta":[],"yoast_head":"<!-- This site is optimized with the Yoast SEO Premium plugin v27.6 (Yoast SEO v27.6) - https:\/\/yoast.com\/product\/yoast-seo-premium-wordpress\/ -->\n<title>STF condena Bolsonaro a 27 anos e tr\u00eas meses de pris\u00e3o - Ubirat\u00e3 Online Not\u00edcias - A realidade ao seu alcance!<\/title>\n<meta name=\"description\" content=\"A Primeira Turma do Supremo Tribunal Federal (STF) condenou nesta quinta-feira (11) o ex-presidente Jair Bolsonaro a 27 anos e tr\u00eas meses de pris\u00e3o em\" \/>\n<meta name=\"robots\" content=\"index, follow, max-snippet:-1, max-image-preview:large, max-video-preview:-1\" \/>\n<link rel=\"canonical\" href=\"https:\/\/ubirataonline.com.br\/en\/stf-condena-bolsonaro-a-27-anos-e-tres-meses-de-prisao\/\" \/>\n<meta property=\"og:locale\" content=\"en_US\" \/>\n<meta property=\"og:type\" content=\"article\" \/>\n<meta property=\"og:title\" content=\"STF condena Bolsonaro a 27 anos e tr\u00eas meses de pris\u00e3o\" \/>\n<meta property=\"og:description\" content=\"A Primeira Turma do Supremo Tribunal Federal (STF) condenou nesta quinta-feira (11) o ex-presidente Jair Bolsonaro a 27 anos e tr\u00eas meses de pris\u00e3o em\" \/>\n<meta property=\"og:url\" content=\"https:\/\/ubirataonline.com.br\/en\/stf-condena-bolsonaro-a-27-anos-e-tres-meses-de-prisao\/\" \/>\n<meta property=\"og:site_name\" content=\"Ubirat\u00e3 Online Not\u00edcias - A realidade ao seu alcance!\" \/>\n<meta property=\"article:publisher\" content=\"https:\/\/www.facebook.com\/portalubirataonline\" \/>\n<meta property=\"article:author\" content=\"https:\/\/www.facebook.com\/portalubirataonline\" \/>\n<meta property=\"article:published_time\" content=\"2025-09-11T23:31:29+00:00\" \/>\n<meta property=\"og:image\" content=\"https:\/\/www.tribunapr.com.br\/wp-content\/uploads\/2025\/09\/08183613\/Apresentacao-de-TCC-vintage-retro-com-blur-vermelho-e-roxo-2025-09-08T183517.087-370x210.jpg\" \/>\n<meta name=\"author\" content=\"REDA\u00c7\u00c3O: UBIRAT\u00c3 ONLINE - F\u00c1BIO AUGUSTO CELESTINO\" \/>\n<meta name=\"twitter:card\" content=\"summary_large_image\" \/>\n<meta name=\"twitter:creator\" content=\"@x.com\/ubirataonline\" \/>\n<meta name=\"twitter:site\" content=\"@ubirataonline\" \/>\n<meta name=\"twitter:label1\" content=\"Written by\" \/>\n\t<meta name=\"twitter:data1\" content=\"REDA\u00c7\u00c3O: UBIRAT\u00c3 ONLINE - F\u00c1BIO AUGUSTO CELESTINO\" \/>\n\t<meta name=\"twitter:label2\" content=\"Est. reading time\" \/>\n\t<meta name=\"twitter:data2\" content=\"2 minutes\" \/>\n<script type=\"application\/ld+json\" class=\"yoast-schema-graph\">{\"@context\":\"https:\\\/\\\/schema.org\",\"@graph\":[{\"@type\":\"NewsArticle\",\"@id\":\"https:\\\/\\\/ubirataonline.com.br\\\/stf-condena-bolsonaro-a-27-anos-e-tres-meses-de-prisao\\\/#article\",\"isPartOf\":{\"@id\":\"https:\\\/\\\/ubirataonline.com.br\\\/stf-condena-bolsonaro-a-27-anos-e-tres-meses-de-prisao\\\/\"},\"author\":{\"name\":\"REDA\u00c7\u00c3O: UBIRAT\u00c3 ONLINE - F\u00c1BIO AUGUSTO CELESTINO\",\"@id\":\"https:\\\/\\\/ubirataonline.com.br\\\/#\\\/schema\\\/person\\\/372f87bbd3fdd79b8556b84c98d0bc1c\"},\"headline\":\"STF condena Bolsonaro a 27 anos e tr\u00eas meses de pris\u00e3o\",\"datePublished\":\"2025-09-11T23:31:29+00:00\",\"mainEntityOfPage\":{\"@id\":\"https:\\\/\\\/ubirataonline.com.br\\\/stf-condena-bolsonaro-a-27-anos-e-tres-meses-de-prisao\\\/\"},\"wordCount\":427,\"publisher\":{\"@id\":\"https:\\\/\\\/ubirataonline.com.br\\\/#organization\"},\"image\":{\"@id\":\"https:\\\/\\\/ubirataonline.com.br\\\/stf-condena-bolsonaro-a-27-anos-e-tres-meses-de-prisao\\\/#primaryimage\"},\"thumbnailUrl\":\"https:\\\/\\\/ubirataonline.com.br\\\/wp-content\\\/uploads\\\/2025\\\/09\\\/pena-bolsonaro.png\",\"articleSection\":[\"Ubirat\u00e3\"],\"inLanguage\":\"en-US\",\"copyrightYear\":\"2025\",\"copyrightHolder\":{\"@id\":\"https:\\\/\\\/ubirataonline.com.br\\\/en\\\/#organization\"}},{\"@type\":\"WebPage\",\"@id\":\"https:\\\/\\\/ubirataonline.com.br\\\/stf-condena-bolsonaro-a-27-anos-e-tres-meses-de-prisao\\\/\",\"url\":\"https:\\\/\\\/ubirataonline.com.br\\\/stf-condena-bolsonaro-a-27-anos-e-tres-meses-de-prisao\\\/\",\"name\":\"STF condena Bolsonaro a 27 anos e tr\u00eas meses de pris\u00e3o - Ubirat\u00e3 Online Not\u00edcias - A realidade ao seu alcance!\",\"isPartOf\":{\"@id\":\"https:\\\/\\\/ubirataonline.com.br\\\/#website\"},\"primaryImageOfPage\":{\"@id\":\"https:\\\/\\\/ubirataonline.com.br\\\/stf-condena-bolsonaro-a-27-anos-e-tres-meses-de-prisao\\\/#primaryimage\"},\"image\":{\"@id\":\"https:\\\/\\\/ubirataonline.com.br\\\/stf-condena-bolsonaro-a-27-anos-e-tres-meses-de-prisao\\\/#primaryimage\"},\"thumbnailUrl\":\"https:\\\/\\\/ubirataonline.com.br\\\/wp-content\\\/uploads\\\/2025\\\/09\\\/pena-bolsonaro.png\",\"datePublished\":\"2025-09-11T23:31:29+00:00\",\"description\":\"A Primeira Turma do Supremo Tribunal Federal (STF) condenou nesta quinta-feira (11) o ex-presidente Jair Bolsonaro a 27 anos e tr\u00eas meses de pris\u00e3o em\",\"breadcrumb\":{\"@id\":\"https:\\\/\\\/ubirataonline.com.br\\\/stf-condena-bolsonaro-a-27-anos-e-tres-meses-de-prisao\\\/#breadcrumb\"},\"inLanguage\":\"en-US\",\"potentialAction\":[{\"@type\":\"ReadAction\",\"target\":[\"https:\\\/\\\/ubirataonline.com.br\\\/stf-condena-bolsonaro-a-27-anos-e-tres-meses-de-prisao\\\/\"]}]},{\"@type\":\"ImageObject\",\"inLanguage\":\"en-US\",\"@id\":\"https:\\\/\\\/ubirataonline.com.br\\\/stf-condena-bolsonaro-a-27-anos-e-tres-meses-de-prisao\\\/#primaryimage\",\"url\":\"https:\\\/\\\/ubirataonline.com.br\\\/wp-content\\\/uploads\\\/2025\\\/09\\\/pena-bolsonaro.png\",\"contentUrl\":\"https:\\\/\\\/ubirataonline.com.br\\\/wp-content\\\/uploads\\\/2025\\\/09\\\/pena-bolsonaro.png\",\"width\":1200,\"height\":715},{\"@type\":\"BreadcrumbList\",\"@id\":\"https:\\\/\\\/ubirataonline.com.br\\\/stf-condena-bolsonaro-a-27-anos-e-tres-meses-de-prisao\\\/#breadcrumb\",\"itemListElement\":[{\"@type\":\"ListItem\",\"position\":1,\"name\":\"In\u00edcio\",\"item\":\"https:\\\/\\\/ubirataonline.com.br\\\/\"},{\"@type\":\"ListItem\",\"position\":2,\"name\":\"STF condena Bolsonaro a 27 anos e tr\u00eas meses de pris\u00e3o\"}]},{\"@type\":\"WebSite\",\"@id\":\"https:\\\/\\\/ubirataonline.com.br\\\/#website\",\"url\":\"https:\\\/\\\/ubirataonline.com.br\\\/\",\"name\":\"Ubirat\u00e3 Online Not\u00edcias\",\"description\":\"Not\u00edcias de Ubirat\u00e3, regi\u00e3o, Brasil e mundo, com informa\u00e7\u00e3o atualizada e compromisso com o leitor.\",\"publisher\":{\"@id\":\"https:\\\/\\\/ubirataonline.com.br\\\/#organization\"},\"alternateName\":\"Ubirat\u00e3 Online\",\"potentialAction\":[{\"@type\":\"SearchAction\",\"target\":{\"@type\":\"EntryPoint\",\"urlTemplate\":\"https:\\\/\\\/ubirataonline.com.br\\\/?s={search_term_string}\"},\"query-input\":{\"@type\":\"PropertyValueSpecification\",\"valueRequired\":true,\"valueName\":\"search_term_string\"}}],\"inLanguage\":\"en-US\"},{\"@type\":[\"Organization\",\"Place\"],\"@id\":\"https:\\\/\\\/ubirataonline.com.br\\\/#organization\",\"name\":\"Ubirat\u00e3 Online Not\u00edcias\",\"alternateName\":\"Ubirat\u00e3 Online\",\"url\":\"https:\\\/\\\/ubirataonline.com.br\\\/\",\"logo\":{\"@id\":\"https:\\\/\\\/ubirataonline.com.br\\\/stf-condena-bolsonaro-a-27-anos-e-tres-meses-de-prisao\\\/#local-main-organization-logo\"},\"image\":{\"@id\":\"https:\\\/\\\/ubirataonline.com.br\\\/stf-condena-bolsonaro-a-27-anos-e-tres-meses-de-prisao\\\/#local-main-organization-logo\"},\"sameAs\":[\"https:\\\/\\\/www.facebook.com\\\/portalubirataonline\",\"https:\\\/\\\/x.com\\\/ubirataonline\",\"https:\\\/\\\/mastodon.social\\\/@ubirataonline\",\"https:\\\/\\\/www.facebook.com\\\/groups\\\/311144672285604\",\"https:\\\/\\\/www.facebook.com\\\/UBTAOnline\",\"https:\\\/\\\/www.instagram.com\\\/portalubirataonline\\\/\",\"https:\\\/\\\/twitter.com\\\/ubirataonline\"],\"description\":\"Somos um portal de not\u00edcias independente, criado em 5 de janeiro de 2009, com o objetivo de informar, conectar e valorizar a nossa comunidade de Ubirat\u00e3 e toda aregi\u00e3o. Com conte\u00fado atualizado, confi\u00e1vel e relevante, o Ubirat\u00e3 Online \u00e9 o seu espa\u00e7o para ficar por dentro dos principais acontecimentos locais, regionais, Brasil, Mundo e de interesse geral. Nosso compromisso \u00e9 com a verdade, a transpar\u00eancia e o respeito ao leitor.\",\"legalName\":\"UBIRATA ONLINE NOT\u00cdCIAS\",\"foundingDate\":\"2009-01-05\",\"numberOfEmployees\":{\"@type\":\"QuantitativeValue\",\"minValue\":\"1\",\"maxValue\":\"10\"},\"publishingPrinciples\":\"https:\\\/\\\/ubirataonline.com.br\\\/faq\\\/\",\"address\":{\"@id\":\"https:\\\/\\\/ubirataonline.com.br\\\/stf-condena-bolsonaro-a-27-anos-e-tres-meses-de-prisao\\\/#local-main-place-address\"},\"geo\":{\"@type\":\"GeoCoordinates\",\"latitude\":\"-24.5361401\",\"longitude\":\"-52.9921776\"},\"telephone\":[\"+5544998308235\"],\"contactPoint\":{\"@type\":\"ContactPoint\",\"email\":\"contato@ubirataonline.com.br\"},\"openingHoursSpecification\":{\"@type\":\"OpeningHoursSpecification\",\"dayOfWeek\":[\"Monday\",\"Tuesday\",\"Wednesday\",\"Thursday\",\"Friday\",\"Saturday\",\"Sunday\"],\"opens\":\"00:00\",\"closes\":\"23:59\"},\"email\":\"contato@ubirataonline.com.br\",\"vatID\":\"47.621.418\\\/0001-80\"},{\"@type\":\"Person\",\"@id\":\"https:\\\/\\\/ubirataonline.com.br\\\/#\\\/schema\\\/person\\\/372f87bbd3fdd79b8556b84c98d0bc1c\",\"name\":\"REDA\u00c7\u00c3O: UBIRAT\u00c3 ONLINE - F\u00c1BIO AUGUSTO CELESTINO\",\"pronouns\":\"Ele\",\"description\":\"Desde 2003 trabalhando com not\u00edcias.\",\"sameAs\":[\"http:\\\/\\\/ubirataoline.com.br\",\"https:\\\/\\\/www.facebook.com\\\/portalubirataonline\",\"https:\\\/\\\/www.instagram.com\\\/ubirataonline_oficial\",\"https:\\\/\\\/x.com\\\/x.com\\\/ubirataonline\"],\"honorificPrefix\":\"Mr.\",\"honorificSuffix\":\"MD\",\"birthDate\":\"1980-06-16\",\"gender\":\"masculino\",\"award\":[\"V\u00e1rios pr\u00eamios de melhor portal da cidade\"],\"jobTitle\":\"Diretor\",\"url\":\"https:\\\/\\\/ubirataonline.com.br\\\/en\\\/author\\\/ubirataonline\\\/\"},{\"@type\":\"PostalAddress\",\"@id\":\"https:\\\/\\\/ubirataonline.com.br\\\/stf-condena-bolsonaro-a-27-anos-e-tres-meses-de-prisao\\\/#local-main-place-address\",\"streetAddress\":\"Rua dos Coqueiros, 104 - Bairro Boa Vista, Rua dos Coqueiros, 104 Bairro Boa Vista\",\"addressLocality\":\"UBIRATA\",\"postalCode\":\"85440-000\",\"addressRegion\":\"PR\",\"addressCountry\":\"BR\"},{\"@type\":\"ImageObject\",\"inLanguage\":\"en-US\",\"@id\":\"https:\\\/\\\/ubirataonline.com.br\\\/stf-condena-bolsonaro-a-27-anos-e-tres-meses-de-prisao\\\/#local-main-organization-logo\",\"url\":\"https:\\\/\\\/ubirataonline.com.br\\\/wp-content\\\/uploads\\\/2026\\\/06\\\/logoubirataonline-1.webp\",\"contentUrl\":\"https:\\\/\\\/ubirataonline.com.br\\\/wp-content\\\/uploads\\\/2026\\\/06\\\/logoubirataonline-1.webp\",\"width\":500,\"height\":500,\"caption\":\"Ubirat\u00e3 Online Not\u00edcias\"}]}<\/script>\n<meta name=\"geo.placename\" content=\"UBIRATA\" \/>\n<meta name=\"geo.position\" content=\"-24.5361401;-52.9921776\" \/>\n<meta name=\"geo.region\" content=\"Brazil\" \/>\n<!-- \/ Yoast SEO Premium plugin. -->","yoast_head_json":{"title":"STF condena Bolsonaro a 27 anos e tr\u00eas meses de pris\u00e3o - Ubirat\u00e3 Online Not\u00edcias - A realidade ao seu alcance!","description":"A Primeira Turma do Supremo Tribunal Federal (STF) condenou nesta quinta-feira (11) o ex-presidente Jair Bolsonaro a 27 anos e tr\u00eas meses de pris\u00e3o em","robots":{"index":"index","follow":"follow","max-snippet":"max-snippet:-1","max-image-preview":"max-image-preview:large","max-video-preview":"max-video-preview:-1"},"canonical":"https:\/\/ubirataonline.com.br\/en\/stf-condena-bolsonaro-a-27-anos-e-tres-meses-de-prisao\/","og_locale":"en_US","og_type":"article","og_title":"STF condena Bolsonaro a 27 anos e tr\u00eas meses de pris\u00e3o","og_description":"A Primeira Turma do Supremo Tribunal Federal (STF) condenou nesta quinta-feira (11) o ex-presidente Jair Bolsonaro a 27 anos e tr\u00eas meses de pris\u00e3o em","og_url":"https:\/\/ubirataonline.com.br\/en\/stf-condena-bolsonaro-a-27-anos-e-tres-meses-de-prisao\/","og_site_name":"Ubirat\u00e3 Online Not\u00edcias - A realidade ao seu alcance!","article_publisher":"https:\/\/www.facebook.com\/portalubirataonline","article_author":"https:\/\/www.facebook.com\/portalubirataonline","article_published_time":"2025-09-11T23:31:29+00:00","og_image":[{"url":"https:\/\/www.tribunapr.com.br\/wp-content\/uploads\/2025\/09\/08183613\/Apresentacao-de-TCC-vintage-retro-com-blur-vermelho-e-roxo-2025-09-08T183517.087-370x210.jpg","type":"","width":"","height":""}],"author":"REDA\u00c7\u00c3O: UBIRAT\u00c3 ONLINE - F\u00c1BIO AUGUSTO CELESTINO","twitter_card":"summary_large_image","twitter_creator":"@x.com\/ubirataonline","twitter_site":"@ubirataonline","twitter_misc":{"Written by":"REDA\u00c7\u00c3O: UBIRAT\u00c3 ONLINE - F\u00c1BIO AUGUSTO CELESTINO","Est. reading time":"2 minutes"},"schema":{"@context":"https:\/\/schema.org","@graph":[{"@type":"NewsArticle","@id":"https:\/\/ubirataonline.com.br\/stf-condena-bolsonaro-a-27-anos-e-tres-meses-de-prisao\/#article","isPartOf":{"@id":"https:\/\/ubirataonline.com.br\/stf-condena-bolsonaro-a-27-anos-e-tres-meses-de-prisao\/"},"author":{"name":"REDA\u00c7\u00c3O: UBIRAT\u00c3 ONLINE - F\u00c1BIO AUGUSTO CELESTINO","@id":"https:\/\/ubirataonline.com.br\/#\/schema\/person\/372f87bbd3fdd79b8556b84c98d0bc1c"},"headline":"STF condena Bolsonaro a 27 anos e tr\u00eas meses de pris\u00e3o","datePublished":"2025-09-11T23:31:29+00:00","mainEntityOfPage":{"@id":"https:\/\/ubirataonline.com.br\/stf-condena-bolsonaro-a-27-anos-e-tres-meses-de-prisao\/"},"wordCount":427,"publisher":{"@id":"https:\/\/ubirataonline.com.br\/#organization"},"image":{"@id":"https:\/\/ubirataonline.com.br\/stf-condena-bolsonaro-a-27-anos-e-tres-meses-de-prisao\/#primaryimage"},"thumbnailUrl":"https:\/\/ubirataonline.com.br\/wp-content\/uploads\/2025\/09\/pena-bolsonaro.png","articleSection":["Ubirat\u00e3"],"inLanguage":"en-US","copyrightYear":"2025","copyrightHolder":{"@id":"https:\/\/ubirataonline.com.br\/en\/#organization"}},{"@type":"WebPage","@id":"https:\/\/ubirataonline.com.br\/stf-condena-bolsonaro-a-27-anos-e-tres-meses-de-prisao\/","url":"https:\/\/ubirataonline.com.br\/stf-condena-bolsonaro-a-27-anos-e-tres-meses-de-prisao\/","name":"STF condena Bolsonaro a 27 anos e tr\u00eas meses de pris\u00e3o - Ubirat\u00e3 Online Not\u00edcias - A realidade ao seu alcance!","isPartOf":{"@id":"https:\/\/ubirataonline.com.br\/#website"},"primaryImageOfPage":{"@id":"https:\/\/ubirataonline.com.br\/stf-condena-bolsonaro-a-27-anos-e-tres-meses-de-prisao\/#primaryimage"},"image":{"@id":"https:\/\/ubirataonline.com.br\/stf-condena-bolsonaro-a-27-anos-e-tres-meses-de-prisao\/#primaryimage"},"thumbnailUrl":"https:\/\/ubirataonline.com.br\/wp-content\/uploads\/2025\/09\/pena-bolsonaro.png","datePublished":"2025-09-11T23:31:29+00:00","description":"A Primeira Turma do Supremo Tribunal Federal (STF) condenou nesta quinta-feira (11) o ex-presidente Jair Bolsonaro a 27 anos e tr\u00eas meses de pris\u00e3o em","breadcrumb":{"@id":"https:\/\/ubirataonline.com.br\/stf-condena-bolsonaro-a-27-anos-e-tres-meses-de-prisao\/#breadcrumb"},"inLanguage":"en-US","potentialAction":[{"@type":"ReadAction","target":["https:\/\/ubirataonline.com.br\/stf-condena-bolsonaro-a-27-anos-e-tres-meses-de-prisao\/"]}]},{"@type":"ImageObject","inLanguage":"en-US","@id":"https:\/\/ubirataonline.com.br\/stf-condena-bolsonaro-a-27-anos-e-tres-meses-de-prisao\/#primaryimage","url":"https:\/\/ubirataonline.com.br\/wp-content\/uploads\/2025\/09\/pena-bolsonaro.png","contentUrl":"https:\/\/ubirataonline.com.br\/wp-content\/uploads\/2025\/09\/pena-bolsonaro.png","width":1200,"height":715},{"@type":"BreadcrumbList","@id":"https:\/\/ubirataonline.com.br\/stf-condena-bolsonaro-a-27-anos-e-tres-meses-de-prisao\/#breadcrumb","itemListElement":[{"@type":"ListItem","position":1,"name":"In\u00edcio","item":"https:\/\/ubirataonline.com.br\/"},{"@type":"ListItem","position":2,"name":"STF condena Bolsonaro a 27 anos e tr\u00eas meses de pris\u00e3o"}]},{"@type":"WebSite","@id":"https:\/\/ubirataonline.com.br\/#website","url":"https:\/\/ubirataonline.com.br\/","name":"Ubirat\u00e3 Online Not\u00edcias","description":"Not\u00edcias de Ubirat\u00e3, regi\u00e3o, Brasil e mundo, com informa\u00e7\u00e3o atualizada e compromisso com o leitor.","publisher":{"@id":"https:\/\/ubirataonline.com.br\/#organization"},"alternateName":"Ubirat\u00e3 Online","potentialAction":[{"@type":"SearchAction","target":{"@type":"EntryPoint","urlTemplate":"https:\/\/ubirataonline.com.br\/?s={search_term_string}"},"query-input":{"@type":"PropertyValueSpecification","valueRequired":true,"valueName":"search_term_string"}}],"inLanguage":"en-US"},{"@type":["Organization","Place"],"@id":"https:\/\/ubirataonline.com.br\/#organization","name":"Ubirat\u00e3 Online Not\u00edcias","alternateName":"Ubirat\u00e3 Online","url":"https:\/\/ubirataonline.com.br\/","logo":{"@id":"https:\/\/ubirataonline.com.br\/stf-condena-bolsonaro-a-27-anos-e-tres-meses-de-prisao\/#local-main-organization-logo"},"image":{"@id":"https:\/\/ubirataonline.com.br\/stf-condena-bolsonaro-a-27-anos-e-tres-meses-de-prisao\/#local-main-organization-logo"},"sameAs":["https:\/\/www.facebook.com\/portalubirataonline","https:\/\/x.com\/ubirataonline","https:\/\/mastodon.social\/@ubirataonline","https:\/\/www.facebook.com\/groups\/311144672285604","https:\/\/www.facebook.com\/UBTAOnline","https:\/\/www.instagram.com\/portalubirataonline\/","https:\/\/twitter.com\/ubirataonline"],"description":"Somos um portal de not\u00edcias independente, criado em 5 de janeiro de 2009, com o objetivo de informar, conectar e valorizar a nossa comunidade de Ubirat\u00e3 e toda aregi\u00e3o. Com conte\u00fado atualizado, confi\u00e1vel e relevante, o Ubirat\u00e3 Online \u00e9 o seu espa\u00e7o para ficar por dentro dos principais acontecimentos locais, regionais, Brasil, Mundo e de interesse geral. Nosso compromisso \u00e9 com a verdade, a transpar\u00eancia e o respeito ao leitor.","legalName":"UBIRATA ONLINE NOT\u00cdCIAS","foundingDate":"2009-01-05","numberOfEmployees":{"@type":"QuantitativeValue","minValue":"1","maxValue":"10"},"publishingPrinciples":"https:\/\/ubirataonline.com.br\/faq\/","address":{"@id":"https:\/\/ubirataonline.com.br\/stf-condena-bolsonaro-a-27-anos-e-tres-meses-de-prisao\/#local-main-place-address"},"geo":{"@type":"GeoCoordinates","latitude":"-24.5361401","longitude":"-52.9921776"},"telephone":["+5544998308235"],"contactPoint":{"@type":"ContactPoint","email":"contato@ubirataonline.com.br"},"openingHoursSpecification":{"@type":"OpeningHoursSpecification","dayOfWeek":["Monday","Tuesday","Wednesday","Thursday","Friday","Saturday","Sunday"],"opens":"00:00","closes":"23:59"},"email":"contato@ubirataonline.com.br","vatID":"47.621.418\/0001-80"},{"@type":"Person","@id":"https:\/\/ubirataonline.com.br\/#\/schema\/person\/372f87bbd3fdd79b8556b84c98d0bc1c","name":"REDA\u00c7\u00c3O: UBIRAT\u00c3 ONLINE - F\u00c1BIO AUGUSTO CELESTINO","pronouns":"Ele","description":"Desde 2003 trabalhando com not\u00edcias.","sameAs":["http:\/\/ubirataoline.com.br","https:\/\/www.facebook.com\/portalubirataonline","https:\/\/www.instagram.com\/ubirataonline_oficial","https:\/\/x.com\/x.com\/ubirataonline"],"honorificPrefix":"Mr.","honorificSuffix":"MD","birthDate":"1980-06-16","gender":"masculino","award":["V\u00e1rios pr\u00eamios de melhor portal da cidade"],"jobTitle":"Diretor","url":"https:\/\/ubirataonline.com.br\/en\/author\/ubirataonline\/"},{"@type":"PostalAddress","@id":"https:\/\/ubirataonline.com.br\/stf-condena-bolsonaro-a-27-anos-e-tres-meses-de-prisao\/#local-main-place-address","streetAddress":"Rua dos Coqueiros, 104 - Bairro Boa Vista, Rua dos Coqueiros, 104 Bairro Boa Vista","addressLocality":"UBIRATA","postalCode":"85440-000","addressRegion":"PR","addressCountry":"BR"},{"@type":"ImageObject","inLanguage":"en-US","@id":"https:\/\/ubirataonline.com.br\/stf-condena-bolsonaro-a-27-anos-e-tres-meses-de-prisao\/#local-main-organization-logo","url":"https:\/\/ubirataonline.com.br\/wp-content\/uploads\/2026\/06\/logoubirataonline-1.webp","contentUrl":"https:\/\/ubirataonline.com.br\/wp-content\/uploads\/2026\/06\/logoubirataonline-1.webp","width":500,"height":500,"caption":"Ubirat\u00e3 Online Not\u00edcias"}]},"geo.placename":"UBIRATA","geo.position":{"lat":"-24.5361401","long":"-52.9921776"},"geo.region":"Brazil"},"_links":{"self":[{"href":"https:\/\/ubirataonline.com.br\/en\/wp-json\/wp\/v2\/posts\/68042","targetHints":{"allow":["GET"]}}],"collection":[{"href":"https:\/\/ubirataonline.com.br\/en\/wp-json\/wp\/v2\/posts"}],"about":[{"href":"https:\/\/ubirataonline.com.br\/en\/wp-json\/wp\/v2\/types\/post"}],"author":[{"embeddable":true,"href":"https:\/\/ubirataonline.com.br\/en\/wp-json\/wp\/v2\/users\/1"}],"replies":[{"embeddable":true,"href":"https:\/\/ubirataonline.com.br\/en\/wp-json\/wp\/v2\/comments?post=68042"}],"version-history":[{"count":0,"href":"https:\/\/ubirataonline.com.br\/en\/wp-json\/wp\/v2\/posts\/68042\/revisions"}],"wp:featuredmedia":[{"embeddable":true,"href":"https:\/\/ubirataonline.com.br\/en\/wp-json\/wp\/v2\/media\/68043"}],"wp:attachment":[{"href":"https:\/\/ubirataonline.com.br\/en\/wp-json\/wp\/v2\/media?parent=68042"}],"wp:term":[{"taxonomy":"category","embeddable":true,"href":"https:\/\/ubirataonline.com.br\/en\/wp-json\/wp\/v2\/categories?post=68042"},{"taxonomy":"post_tag","embeddable":true,"href":"https:\/\/ubirataonline.com.br\/en\/wp-json\/wp\/v2\/tags?post=68042"}],"curies":[{"name":"wp","href":"https:\/\/api.w.org\/{rel}","templated":true}]}}