{"id":68052,"date":"2025-09-11T21:54:04","date_gmt":"2025-09-12T00:54:04","guid":{"rendered":"https:\/\/ubirataonline.com.br\/denunciado-e-condenado-por-rachadinha-em-curitiba-em-coautoria-com-sua-esposa-ex-vereadora-e-preso-apos-confirmacao-da-sentenca-em-2a-instancia\/"},"modified":"2025-09-11T21:54:04","modified_gmt":"2025-09-12T00:54:04","slug":"denunciado-e-condenado-por-rachadinha-em-curitiba-em-coautoria-com-sua-esposa-ex-vereadora-e-preso-apos-confirmacao-da-sentenca-em-2a-instancia","status":"publish","type":"post","link":"https:\/\/ubirataonline.com.br\/en\/denunciado-e-condenado-por-rachadinha-em-curitiba-em-coautoria-com-sua-esposa-ex-vereadora-e-preso-apos-confirmacao-da-sentenca-em-2a-instancia\/","title":{"rendered":"Denunciado e condenado por rachadinha em Curitiba, em coautoria com sua esposa, ex-vereadora, \u00e9 preso ap\u00f3s confirma\u00e7\u00e3o da senten\u00e7a em 2\u00aa inst\u00e2ncia"},"content":{"rendered":"<p><\/p>\n<div>\n<p>Foi preso nesta quarta-feira, 10 de setembro, o marido de uma ex-vereadora de Curitiba (2017-2020) denunciado pelo Minist\u00e9rio P\u00fablico do Paran\u00e1 por participa\u00e7\u00e3o em esquema de \u201crachadinha\u201d. Ele e a ent\u00e3o agente pol\u00edtica exigiam parte dos sal\u00e1rios de funcion\u00e1rios do gabinete da parlamentar.<\/p>\n<p>A pris\u00e3o, cujo mandado foi cumprido pelo N\u00facleo de Curitiba do Grupo de Atua\u00e7\u00e3o Especial de Combate ao Crime Organizado (Gaeco), decorre da confirma\u00e7\u00e3o, em segunda inst\u00e2ncia, com tr\u00e2nsito em julgado, de senten\u00e7a de condena\u00e7\u00e3o, publicada em 2022, pela pr\u00e1tica dos crimes de concuss\u00e3o e peculato. A decis\u00e3o fixou a pena definitiva em oito anos e quatro meses de reclus\u00e3o, em regime fechado, al\u00e9m do pagamento de 40 dias-multa. A ex-vereadora, tamb\u00e9m condenada, cumpre a pena em regime semiaberto e foi intimada pelo Ju\u00edzo no \u00faltimo m\u00eas para utilizar tornozeleira eletr\u00f4nica.<\/p>\n<p>A apura\u00e7\u00e3o dos fatos apontou que os crimes eram praticados a partir de cobran\u00e7as diretas de percentual da remunera\u00e7\u00e3o dos servidores ou ainda pela aquisi\u00e7\u00e3o de empr\u00e9stimos consignados pelos funcion\u00e1rios, como condi\u00e7\u00e3o para a manuten\u00e7\u00e3o dos cargos por eles ocupados. As investiga\u00e7\u00f5es foram conduzidas pelo Grupo de Atua\u00e7\u00e3o Especial de Combate ao Crime Organizado (Gaeco) e a partir do oferecimento da den\u00fancia o caso foi acompanhado pela 2\u00aa Promotoria de Justi\u00e7a Criminal de Curitiba.<\/p>\n<p><strong>Mat\u00e9ria anterior:<\/strong><\/p>\n<p><strong><a href=\"https:\/\/mppr.mp.br\/Noticia\/Ex-vereadora-de-Curitiba-denunciada-pelo-Ministerio-Publico-por-esquema-de-rachadinha-e\" target=\"_blank\">25\/04\/2022 &#8211;\u00a0Ex-vereadora de Curitiba denunciada pelo Minist\u00e9rio P\u00fablico por esquema de \u201crachadinha\u201d \u00e9 condenada a 41 anos e 5 meses de pris\u00e3o<\/a><\/strong><\/p>\n<p>A\u00e7\u00e3o Penal: 0014441-28.2020.8.16.0013<br \/>Execu\u00e7\u00e3o: \u00a04002363-32.2025.8.16.4321<\/p>\n<p><em>Informa\u00e7\u00f5es para a imprensa:<br \/>Assessoria de Comunica\u00e7\u00e3o<br \/><a href=\"https:\/\/mppr.mp.br\/cdn-cgi\/l\/email-protection\" class=\"__cf_email__\" data-cfemail=\"aac9c5c7dfc4c3c9cbc9cbc5eac7dadad884c7da84c8d8\">[email\u00a0protected]<\/a><br \/>(41) 3250-4264<\/em><\/p>\n<\/div>\n<p><a href=\"https:\/\/mppr.mp.br\/Noticia\/Denunciado-e-condenado-por-rachadinha-em-Curitiba-em-coautoria-com-sua-esposa-ex-vereadora\">Source link <\/a><\/p>\n","protected":false},"excerpt":{"rendered":"<p>Foi preso nesta quarta-feira, 10 de setembro, o marido de uma ex-vereadora de Curitiba (2017-2020) denunciado pelo Minist\u00e9rio P\u00fablico do Paran\u00e1 por participa\u00e7\u00e3o em esquema de \u201crachadinha\u201d. Ele e a ent\u00e3o agente pol\u00edtica exigiam parte dos sal\u00e1rios de funcion\u00e1rios do gabinete da parlamentar. A pris\u00e3o, cujo mandado foi cumprido pelo N\u00facleo de Curitiba do Grupo [&hellip;]<\/p>\n","protected":false},"author":1,"featured_media":66278,"comment_status":"","ping_status":"","sticky":false,"template":"","format":"standard","meta":{"googlesitekit_rrm_CAow2JLhCw:productID":"","_gspb_post_css":"","maa_idioma":"","maa_pais":"","footnotes":""},"categories":[1],"tags":[],"class_list":["post-68052","post","type-post","status-publish","format-standard","has-post-thumbnail","hentry","category-ubirata"],"blocksy_meta":[],"yoast_head":"<!-- This site is optimized with the Yoast SEO Premium plugin v27.6 (Yoast SEO v27.6) - https:\/\/yoast.com\/product\/yoast-seo-premium-wordpress\/ -->\n<title>Denunciado e condenado por rachadinha em Curitiba, em coautoria com sua esposa, ex-vereadora, \u00e9 preso ap\u00f3s confirma\u00e7\u00e3o da senten\u00e7a em 2\u00aa inst\u00e2ncia - Ubirat\u00e3 Online Not\u00edcias - A realidade ao seu alcance!<\/title>\n<meta name=\"description\" content=\"Foi preso nesta quarta-feira, 10 de setembro, o marido de uma ex-vereadora de Curitiba (2017-2020) denunciado pelo Minist\u00e9rio P\u00fablico do Paran\u00e1 por\" \/>\n<meta name=\"robots\" content=\"index, follow, max-snippet:-1, max-image-preview:large, max-video-preview:-1\" \/>\n<link rel=\"canonical\" href=\"https:\/\/ubirataonline.com.br\/en\/denunciado-e-condenado-por-rachadinha-em-curitiba-em-coautoria-com-sua-esposa-ex-vereadora-e-preso-apos-confirmacao-da-sentenca-em-2a-instancia\/\" \/>\n<meta property=\"og:locale\" content=\"en_US\" \/>\n<meta property=\"og:type\" content=\"article\" \/>\n<meta property=\"og:title\" content=\"Denunciado e condenado por rachadinha em Curitiba, em coautoria com sua esposa, ex-vereadora, \u00e9 preso ap\u00f3s confirma\u00e7\u00e3o da senten\u00e7a em 2\u00aa inst\u00e2ncia\" \/>\n<meta property=\"og:description\" content=\"Foi preso nesta quarta-feira, 10 de setembro, o marido de uma ex-vereadora de Curitiba (2017-2020) denunciado pelo Minist\u00e9rio P\u00fablico do Paran\u00e1 por\" \/>\n<meta property=\"og:url\" content=\"https:\/\/ubirataonline.com.br\/en\/denunciado-e-condenado-por-rachadinha-em-curitiba-em-coautoria-com-sua-esposa-ex-vereadora-e-preso-apos-confirmacao-da-sentenca-em-2a-instancia\/\" \/>\n<meta property=\"og:site_name\" content=\"Ubirat\u00e3 Online Not\u00edcias - A realidade ao seu alcance!\" \/>\n<meta property=\"article:publisher\" content=\"https:\/\/www.facebook.com\/portalubirataonline\" \/>\n<meta property=\"article:author\" content=\"https:\/\/www.facebook.com\/portalubirataonline\" \/>\n<meta property=\"article:published_time\" content=\"2025-09-12T00:54:04+00:00\" \/>\n<meta property=\"og:image\" content=\"https:\/\/ubirataonline.com.br\/wp-content\/uploads\/2026\/05\/logo2026.webp\" \/>\n\t<meta property=\"og:image:width\" content=\"1531\" \/>\n\t<meta property=\"og:image:height\" content=\"418\" \/>\n\t<meta property=\"og:image:type\" content=\"image\/webp\" \/>\n<meta name=\"author\" content=\"REDA\u00c7\u00c3O: UBIRAT\u00c3 ONLINE - F\u00c1BIO AUGUSTO CELESTINO\" \/>\n<meta name=\"twitter:card\" content=\"summary_large_image\" \/>\n<meta name=\"twitter:creator\" content=\"@x.com\/ubirataonline\" \/>\n<meta name=\"twitter:site\" content=\"@ubirataonline\" \/>\n<meta name=\"twitter:label1\" content=\"Written by\" \/>\n\t<meta name=\"twitter:data1\" content=\"REDA\u00c7\u00c3O: UBIRAT\u00c3 ONLINE - F\u00c1BIO AUGUSTO CELESTINO\" \/>\n\t<meta name=\"twitter:label2\" content=\"Est. reading time\" \/>\n\t<meta name=\"twitter:data2\" content=\"1 minute\" \/>\n<script type=\"application\/ld+json\" class=\"yoast-schema-graph\">{\"@context\":\"https:\\\/\\\/schema.org\",\"@graph\":[{\"@type\":\"NewsArticle\",\"@id\":\"https:\\\/\\\/ubirataonline.com.br\\\/denunciado-e-condenado-por-rachadinha-em-curitiba-em-coautoria-com-sua-esposa-ex-vereadora-e-preso-apos-confirmacao-da-sentenca-em-2a-instancia\\\/#article\",\"isPartOf\":{\"@id\":\"https:\\\/\\\/ubirataonline.com.br\\\/denunciado-e-condenado-por-rachadinha-em-curitiba-em-coautoria-com-sua-esposa-ex-vereadora-e-preso-apos-confirmacao-da-sentenca-em-2a-instancia\\\/\"},\"author\":{\"name\":\"REDA\u00c7\u00c3O: UBIRAT\u00c3 ONLINE - F\u00c1BIO AUGUSTO CELESTINO\",\"@id\":\"https:\\\/\\\/ubirataonline.com.br\\\/#\\\/schema\\\/person\\\/372f87bbd3fdd79b8556b84c98d0bc1c\"},\"headline\":\"Denunciado e condenado por rachadinha em Curitiba, em coautoria com sua esposa, ex-vereadora, \u00e9 preso ap\u00f3s confirma\u00e7\u00e3o da senten\u00e7a em 2\u00aa inst\u00e2ncia\",\"datePublished\":\"2025-09-12T00:54:04+00:00\",\"mainEntityOfPage\":{\"@id\":\"https:\\\/\\\/ubirataonline.com.br\\\/denunciado-e-condenado-por-rachadinha-em-curitiba-em-coautoria-com-sua-esposa-ex-vereadora-e-preso-apos-confirmacao-da-sentenca-em-2a-instancia\\\/\"},\"wordCount\":310,\"publisher\":{\"@id\":\"https:\\\/\\\/ubirataonline.com.br\\\/#organization\"},\"image\":{\"@id\":\"https:\\\/\\\/ubirataonline.com.br\\\/denunciado-e-condenado-por-rachadinha-em-curitiba-em-coautoria-com-sua-esposa-ex-vereadora-e-preso-apos-confirmacao-da-sentenca-em-2a-instancia\\\/#primaryimage\"},\"thumbnailUrl\":\"https:\\\/\\\/ubirataonline.com.br\\\/wp-content\\\/uploads\\\/2025\\\/08\\\/imagemsocial.png\",\"articleSection\":[\"Ubirat\u00e3\"],\"inLanguage\":\"en-US\",\"copyrightYear\":\"2025\",\"copyrightHolder\":{\"@id\":\"https:\\\/\\\/ubirataonline.com.br\\\/en\\\/#organization\"}},{\"@type\":\"WebPage\",\"@id\":\"https:\\\/\\\/ubirataonline.com.br\\\/denunciado-e-condenado-por-rachadinha-em-curitiba-em-coautoria-com-sua-esposa-ex-vereadora-e-preso-apos-confirmacao-da-sentenca-em-2a-instancia\\\/\",\"url\":\"https:\\\/\\\/ubirataonline.com.br\\\/denunciado-e-condenado-por-rachadinha-em-curitiba-em-coautoria-com-sua-esposa-ex-vereadora-e-preso-apos-confirmacao-da-sentenca-em-2a-instancia\\\/\",\"name\":\"Denunciado e condenado por rachadinha em Curitiba, em coautoria com sua esposa, ex-vereadora, \u00e9 preso ap\u00f3s confirma\u00e7\u00e3o da senten\u00e7a em 2\u00aa inst\u00e2ncia - Ubirat\u00e3 Online Not\u00edcias - A realidade ao seu alcance!\",\"isPartOf\":{\"@id\":\"https:\\\/\\\/ubirataonline.com.br\\\/#website\"},\"primaryImageOfPage\":{\"@id\":\"https:\\\/\\\/ubirataonline.com.br\\\/denunciado-e-condenado-por-rachadinha-em-curitiba-em-coautoria-com-sua-esposa-ex-vereadora-e-preso-apos-confirmacao-da-sentenca-em-2a-instancia\\\/#primaryimage\"},\"image\":{\"@id\":\"https:\\\/\\\/ubirataonline.com.br\\\/denunciado-e-condenado-por-rachadinha-em-curitiba-em-coautoria-com-sua-esposa-ex-vereadora-e-preso-apos-confirmacao-da-sentenca-em-2a-instancia\\\/#primaryimage\"},\"thumbnailUrl\":\"https:\\\/\\\/ubirataonline.com.br\\\/wp-content\\\/uploads\\\/2025\\\/08\\\/imagemsocial.png\",\"datePublished\":\"2025-09-12T00:54:04+00:00\",\"description\":\"Foi preso nesta quarta-feira, 10 de setembro, o marido de uma ex-vereadora de Curitiba (2017-2020) denunciado pelo Minist\u00e9rio P\u00fablico do Paran\u00e1 por\",\"breadcrumb\":{\"@id\":\"https:\\\/\\\/ubirataonline.com.br\\\/denunciado-e-condenado-por-rachadinha-em-curitiba-em-coautoria-com-sua-esposa-ex-vereadora-e-preso-apos-confirmacao-da-sentenca-em-2a-instancia\\\/#breadcrumb\"},\"inLanguage\":\"en-US\",\"potentialAction\":[{\"@type\":\"ReadAction\",\"target\":[\"https:\\\/\\\/ubirataonline.com.br\\\/denunciado-e-condenado-por-rachadinha-em-curitiba-em-coautoria-com-sua-esposa-ex-vereadora-e-preso-apos-confirmacao-da-sentenca-em-2a-instancia\\\/\"]}]},{\"@type\":\"ImageObject\",\"inLanguage\":\"en-US\",\"@id\":\"https:\\\/\\\/ubirataonline.com.br\\\/denunciado-e-condenado-por-rachadinha-em-curitiba-em-coautoria-com-sua-esposa-ex-vereadora-e-preso-apos-confirmacao-da-sentenca-em-2a-instancia\\\/#primaryimage\",\"url\":\"https:\\\/\\\/ubirataonline.com.br\\\/wp-content\\\/uploads\\\/2025\\\/08\\\/imagemsocial.png\",\"contentUrl\":\"https:\\\/\\\/ubirataonline.com.br\\\/wp-content\\\/uploads\\\/2025\\\/08\\\/imagemsocial.png\",\"width\":240,\"height\":240},{\"@type\":\"BreadcrumbList\",\"@id\":\"https:\\\/\\\/ubirataonline.com.br\\\/denunciado-e-condenado-por-rachadinha-em-curitiba-em-coautoria-com-sua-esposa-ex-vereadora-e-preso-apos-confirmacao-da-sentenca-em-2a-instancia\\\/#breadcrumb\",\"itemListElement\":[{\"@type\":\"ListItem\",\"position\":1,\"name\":\"In\u00edcio\",\"item\":\"https:\\\/\\\/ubirataonline.com.br\\\/\"},{\"@type\":\"ListItem\",\"position\":2,\"name\":\"Denunciado e condenado por rachadinha em Curitiba, em coautoria com sua esposa, ex-vereadora, \u00e9 preso ap\u00f3s confirma\u00e7\u00e3o da senten\u00e7a em 2\u00aa inst\u00e2ncia\"}]},{\"@type\":\"WebSite\",\"@id\":\"https:\\\/\\\/ubirataonline.com.br\\\/#website\",\"url\":\"https:\\\/\\\/ubirataonline.com.br\\\/\",\"name\":\"Ubirat\u00e3 Online Not\u00edcias\",\"description\":\"Not\u00edcias de Ubirat\u00e3, regi\u00e3o, Brasil e mundo, com informa\u00e7\u00e3o atualizada e compromisso com o leitor.\",\"publisher\":{\"@id\":\"https:\\\/\\\/ubirataonline.com.br\\\/#organization\"},\"alternateName\":\"Ubirat\u00e3 Online\",\"potentialAction\":[{\"@type\":\"SearchAction\",\"target\":{\"@type\":\"EntryPoint\",\"urlTemplate\":\"https:\\\/\\\/ubirataonline.com.br\\\/?s={search_term_string}\"},\"query-input\":{\"@type\":\"PropertyValueSpecification\",\"valueRequired\":true,\"valueName\":\"search_term_string\"}}],\"inLanguage\":\"en-US\"},{\"@type\":[\"Organization\",\"Place\"],\"@id\":\"https:\\\/\\\/ubirataonline.com.br\\\/#organization\",\"name\":\"Ubirat\u00e3 Online Not\u00edcias\",\"alternateName\":\"Ubirat\u00e3 Online\",\"url\":\"https:\\\/\\\/ubirataonline.com.br\\\/\",\"logo\":{\"@id\":\"https:\\\/\\\/ubirataonline.com.br\\\/denunciado-e-condenado-por-rachadinha-em-curitiba-em-coautoria-com-sua-esposa-ex-vereadora-e-preso-apos-confirmacao-da-sentenca-em-2a-instancia\\\/#local-main-organization-logo\"},\"image\":{\"@id\":\"https:\\\/\\\/ubirataonline.com.br\\\/denunciado-e-condenado-por-rachadinha-em-curitiba-em-coautoria-com-sua-esposa-ex-vereadora-e-preso-apos-confirmacao-da-sentenca-em-2a-instancia\\\/#local-main-organization-logo\"},\"sameAs\":[\"https:\\\/\\\/www.facebook.com\\\/portalubirataonline\",\"https:\\\/\\\/x.com\\\/ubirataonline\",\"https:\\\/\\\/mastodon.social\\\/@ubirataonline\",\"https:\\\/\\\/www.facebook.com\\\/groups\\\/311144672285604\",\"https:\\\/\\\/www.facebook.com\\\/UBTAOnline\",\"https:\\\/\\\/www.instagram.com\\\/portalubirataonline\\\/\",\"https:\\\/\\\/twitter.com\\\/ubirataonline\"],\"description\":\"Somos um portal de not\u00edcias independente, criado em 5 de janeiro de 2009, com o objetivo de informar, conectar e valorizar a nossa comunidade de Ubirat\u00e3 e toda aregi\u00e3o. Com conte\u00fado atualizado, confi\u00e1vel e relevante, o Ubirat\u00e3 Online \u00e9 o seu espa\u00e7o para ficar por dentro dos principais acontecimentos locais, regionais, Brasil, Mundo e de interesse geral. Nosso compromisso \u00e9 com a verdade, a transpar\u00eancia e o respeito ao leitor.\",\"legalName\":\"UBIRATA ONLINE NOT\u00cdCIAS\",\"foundingDate\":\"2009-01-05\",\"numberOfEmployees\":{\"@type\":\"QuantitativeValue\",\"minValue\":\"1\",\"maxValue\":\"10\"},\"publishingPrinciples\":\"https:\\\/\\\/ubirataonline.com.br\\\/faq\\\/\",\"address\":{\"@id\":\"https:\\\/\\\/ubirataonline.com.br\\\/denunciado-e-condenado-por-rachadinha-em-curitiba-em-coautoria-com-sua-esposa-ex-vereadora-e-preso-apos-confirmacao-da-sentenca-em-2a-instancia\\\/#local-main-place-address\"},\"geo\":{\"@type\":\"GeoCoordinates\",\"latitude\":\"-24.5361401\",\"longitude\":\"-52.9921776\"},\"telephone\":[\"+5544998308235\"],\"contactPoint\":{\"@type\":\"ContactPoint\",\"email\":\"contato@ubirataonline.com.br\"},\"openingHoursSpecification\":{\"@type\":\"OpeningHoursSpecification\",\"dayOfWeek\":[\"Monday\",\"Tuesday\",\"Wednesday\",\"Thursday\",\"Friday\",\"Saturday\",\"Sunday\"],\"opens\":\"00:00\",\"closes\":\"23:59\"},\"email\":\"contato@ubirataonline.com.br\",\"vatID\":\"47.621.418\\\/0001-80\"},{\"@type\":\"Person\",\"@id\":\"https:\\\/\\\/ubirataonline.com.br\\\/#\\\/schema\\\/person\\\/372f87bbd3fdd79b8556b84c98d0bc1c\",\"name\":\"REDA\u00c7\u00c3O: UBIRAT\u00c3 ONLINE - F\u00c1BIO AUGUSTO CELESTINO\",\"pronouns\":\"Ele\",\"description\":\"Desde 2003 trabalhando com not\u00edcias.\",\"sameAs\":[\"http:\\\/\\\/ubirataoline.com.br\",\"https:\\\/\\\/www.facebook.com\\\/portalubirataonline\",\"https:\\\/\\\/www.instagram.com\\\/ubirataonline_oficial\",\"https:\\\/\\\/x.com\\\/x.com\\\/ubirataonline\"],\"honorificPrefix\":\"Mr.\",\"honorificSuffix\":\"MD\",\"birthDate\":\"1980-06-16\",\"gender\":\"masculino\",\"award\":[\"V\u00e1rios pr\u00eamios de melhor portal da cidade\"],\"jobTitle\":\"Diretor\",\"url\":\"https:\\\/\\\/ubirataonline.com.br\\\/en\\\/author\\\/ubirataonline\\\/\"},{\"@type\":\"PostalAddress\",\"@id\":\"https:\\\/\\\/ubirataonline.com.br\\\/denunciado-e-condenado-por-rachadinha-em-curitiba-em-coautoria-com-sua-esposa-ex-vereadora-e-preso-apos-confirmacao-da-sentenca-em-2a-instancia\\\/#local-main-place-address\",\"streetAddress\":\"Rua dos Coqueiros, 104 - Bairro Boa Vista, Rua dos Coqueiros, 104 Bairro Boa Vista\",\"addressLocality\":\"UBIRATA\",\"postalCode\":\"85440-000\",\"addressRegion\":\"PR\",\"addressCountry\":\"BR\"},{\"@type\":\"ImageObject\",\"inLanguage\":\"en-US\",\"@id\":\"https:\\\/\\\/ubirataonline.com.br\\\/denunciado-e-condenado-por-rachadinha-em-curitiba-em-coautoria-com-sua-esposa-ex-vereadora-e-preso-apos-confirmacao-da-sentenca-em-2a-instancia\\\/#local-main-organization-logo\",\"url\":\"https:\\\/\\\/ubirataonline.com.br\\\/wp-content\\\/uploads\\\/2026\\\/06\\\/logoubirataonline-1.webp\",\"contentUrl\":\"https:\\\/\\\/ubirataonline.com.br\\\/wp-content\\\/uploads\\\/2026\\\/06\\\/logoubirataonline-1.webp\",\"width\":500,\"height\":500,\"caption\":\"Ubirat\u00e3 Online Not\u00edcias\"}]}<\/script>\n<meta name=\"geo.placename\" content=\"UBIRATA\" \/>\n<meta name=\"geo.position\" content=\"-24.5361401;-52.9921776\" \/>\n<meta name=\"geo.region\" content=\"Brazil\" \/>\n<!-- \/ Yoast SEO Premium plugin. -->","yoast_head_json":{"title":"Denunciado e condenado por rachadinha em Curitiba, em coautoria com sua esposa, ex-vereadora, \u00e9 preso ap\u00f3s confirma\u00e7\u00e3o da senten\u00e7a em 2\u00aa inst\u00e2ncia - Ubirat\u00e3 Online Not\u00edcias - A realidade ao seu alcance!","description":"Foi preso nesta quarta-feira, 10 de setembro, o marido de uma ex-vereadora de Curitiba (2017-2020) denunciado pelo Minist\u00e9rio P\u00fablico do Paran\u00e1 por","robots":{"index":"index","follow":"follow","max-snippet":"max-snippet:-1","max-image-preview":"max-image-preview:large","max-video-preview":"max-video-preview:-1"},"canonical":"https:\/\/ubirataonline.com.br\/en\/denunciado-e-condenado-por-rachadinha-em-curitiba-em-coautoria-com-sua-esposa-ex-vereadora-e-preso-apos-confirmacao-da-sentenca-em-2a-instancia\/","og_locale":"en_US","og_type":"article","og_title":"Denunciado e condenado por rachadinha em Curitiba, em coautoria com sua esposa, ex-vereadora, \u00e9 preso ap\u00f3s confirma\u00e7\u00e3o da senten\u00e7a em 2\u00aa inst\u00e2ncia","og_description":"Foi preso nesta quarta-feira, 10 de setembro, o marido de uma ex-vereadora de Curitiba (2017-2020) denunciado pelo Minist\u00e9rio P\u00fablico do Paran\u00e1 por","og_url":"https:\/\/ubirataonline.com.br\/en\/denunciado-e-condenado-por-rachadinha-em-curitiba-em-coautoria-com-sua-esposa-ex-vereadora-e-preso-apos-confirmacao-da-sentenca-em-2a-instancia\/","og_site_name":"Ubirat\u00e3 Online Not\u00edcias - A realidade ao seu alcance!","article_publisher":"https:\/\/www.facebook.com\/portalubirataonline","article_author":"https:\/\/www.facebook.com\/portalubirataonline","article_published_time":"2025-09-12T00:54:04+00:00","og_image":[{"width":1531,"height":418,"url":"https:\/\/ubirataonline.com.br\/wp-content\/uploads\/2026\/05\/logo2026.webp","type":"image\/webp"}],"author":"REDA\u00c7\u00c3O: UBIRAT\u00c3 ONLINE - F\u00c1BIO AUGUSTO CELESTINO","twitter_card":"summary_large_image","twitter_creator":"@x.com\/ubirataonline","twitter_site":"@ubirataonline","twitter_misc":{"Written by":"REDA\u00c7\u00c3O: UBIRAT\u00c3 ONLINE - F\u00c1BIO AUGUSTO CELESTINO","Est. reading time":"1 minute"},"schema":{"@context":"https:\/\/schema.org","@graph":[{"@type":"NewsArticle","@id":"https:\/\/ubirataonline.com.br\/denunciado-e-condenado-por-rachadinha-em-curitiba-em-coautoria-com-sua-esposa-ex-vereadora-e-preso-apos-confirmacao-da-sentenca-em-2a-instancia\/#article","isPartOf":{"@id":"https:\/\/ubirataonline.com.br\/denunciado-e-condenado-por-rachadinha-em-curitiba-em-coautoria-com-sua-esposa-ex-vereadora-e-preso-apos-confirmacao-da-sentenca-em-2a-instancia\/"},"author":{"name":"REDA\u00c7\u00c3O: UBIRAT\u00c3 ONLINE - F\u00c1BIO AUGUSTO CELESTINO","@id":"https:\/\/ubirataonline.com.br\/#\/schema\/person\/372f87bbd3fdd79b8556b84c98d0bc1c"},"headline":"Denunciado e condenado por rachadinha em Curitiba, em coautoria com sua esposa, ex-vereadora, \u00e9 preso ap\u00f3s confirma\u00e7\u00e3o da senten\u00e7a em 2\u00aa inst\u00e2ncia","datePublished":"2025-09-12T00:54:04+00:00","mainEntityOfPage":{"@id":"https:\/\/ubirataonline.com.br\/denunciado-e-condenado-por-rachadinha-em-curitiba-em-coautoria-com-sua-esposa-ex-vereadora-e-preso-apos-confirmacao-da-sentenca-em-2a-instancia\/"},"wordCount":310,"publisher":{"@id":"https:\/\/ubirataonline.com.br\/#organization"},"image":{"@id":"https:\/\/ubirataonline.com.br\/denunciado-e-condenado-por-rachadinha-em-curitiba-em-coautoria-com-sua-esposa-ex-vereadora-e-preso-apos-confirmacao-da-sentenca-em-2a-instancia\/#primaryimage"},"thumbnailUrl":"https:\/\/ubirataonline.com.br\/wp-content\/uploads\/2025\/08\/imagemsocial.png","articleSection":["Ubirat\u00e3"],"inLanguage":"en-US","copyrightYear":"2025","copyrightHolder":{"@id":"https:\/\/ubirataonline.com.br\/en\/#organization"}},{"@type":"WebPage","@id":"https:\/\/ubirataonline.com.br\/denunciado-e-condenado-por-rachadinha-em-curitiba-em-coautoria-com-sua-esposa-ex-vereadora-e-preso-apos-confirmacao-da-sentenca-em-2a-instancia\/","url":"https:\/\/ubirataonline.com.br\/denunciado-e-condenado-por-rachadinha-em-curitiba-em-coautoria-com-sua-esposa-ex-vereadora-e-preso-apos-confirmacao-da-sentenca-em-2a-instancia\/","name":"Denunciado e condenado por rachadinha em Curitiba, em coautoria com sua esposa, ex-vereadora, \u00e9 preso ap\u00f3s confirma\u00e7\u00e3o da senten\u00e7a em 2\u00aa inst\u00e2ncia - Ubirat\u00e3 Online Not\u00edcias - A realidade ao seu alcance!","isPartOf":{"@id":"https:\/\/ubirataonline.com.br\/#website"},"primaryImageOfPage":{"@id":"https:\/\/ubirataonline.com.br\/denunciado-e-condenado-por-rachadinha-em-curitiba-em-coautoria-com-sua-esposa-ex-vereadora-e-preso-apos-confirmacao-da-sentenca-em-2a-instancia\/#primaryimage"},"image":{"@id":"https:\/\/ubirataonline.com.br\/denunciado-e-condenado-por-rachadinha-em-curitiba-em-coautoria-com-sua-esposa-ex-vereadora-e-preso-apos-confirmacao-da-sentenca-em-2a-instancia\/#primaryimage"},"thumbnailUrl":"https:\/\/ubirataonline.com.br\/wp-content\/uploads\/2025\/08\/imagemsocial.png","datePublished":"2025-09-12T00:54:04+00:00","description":"Foi preso nesta quarta-feira, 10 de setembro, o marido de uma ex-vereadora de Curitiba (2017-2020) denunciado pelo Minist\u00e9rio P\u00fablico do Paran\u00e1 por","breadcrumb":{"@id":"https:\/\/ubirataonline.com.br\/denunciado-e-condenado-por-rachadinha-em-curitiba-em-coautoria-com-sua-esposa-ex-vereadora-e-preso-apos-confirmacao-da-sentenca-em-2a-instancia\/#breadcrumb"},"inLanguage":"en-US","potentialAction":[{"@type":"ReadAction","target":["https:\/\/ubirataonline.com.br\/denunciado-e-condenado-por-rachadinha-em-curitiba-em-coautoria-com-sua-esposa-ex-vereadora-e-preso-apos-confirmacao-da-sentenca-em-2a-instancia\/"]}]},{"@type":"ImageObject","inLanguage":"en-US","@id":"https:\/\/ubirataonline.com.br\/denunciado-e-condenado-por-rachadinha-em-curitiba-em-coautoria-com-sua-esposa-ex-vereadora-e-preso-apos-confirmacao-da-sentenca-em-2a-instancia\/#primaryimage","url":"https:\/\/ubirataonline.com.br\/wp-content\/uploads\/2025\/08\/imagemsocial.png","contentUrl":"https:\/\/ubirataonline.com.br\/wp-content\/uploads\/2025\/08\/imagemsocial.png","width":240,"height":240},{"@type":"BreadcrumbList","@id":"https:\/\/ubirataonline.com.br\/denunciado-e-condenado-por-rachadinha-em-curitiba-em-coautoria-com-sua-esposa-ex-vereadora-e-preso-apos-confirmacao-da-sentenca-em-2a-instancia\/#breadcrumb","itemListElement":[{"@type":"ListItem","position":1,"name":"In\u00edcio","item":"https:\/\/ubirataonline.com.br\/"},{"@type":"ListItem","position":2,"name":"Denunciado e condenado por rachadinha em Curitiba, em coautoria com sua esposa, ex-vereadora, \u00e9 preso ap\u00f3s confirma\u00e7\u00e3o da senten\u00e7a em 2\u00aa inst\u00e2ncia"}]},{"@type":"WebSite","@id":"https:\/\/ubirataonline.com.br\/#website","url":"https:\/\/ubirataonline.com.br\/","name":"Ubirat\u00e3 Online Not\u00edcias","description":"Not\u00edcias de Ubirat\u00e3, regi\u00e3o, Brasil e mundo, com informa\u00e7\u00e3o atualizada e compromisso com o leitor.","publisher":{"@id":"https:\/\/ubirataonline.com.br\/#organization"},"alternateName":"Ubirat\u00e3 Online","potentialAction":[{"@type":"SearchAction","target":{"@type":"EntryPoint","urlTemplate":"https:\/\/ubirataonline.com.br\/?s={search_term_string}"},"query-input":{"@type":"PropertyValueSpecification","valueRequired":true,"valueName":"search_term_string"}}],"inLanguage":"en-US"},{"@type":["Organization","Place"],"@id":"https:\/\/ubirataonline.com.br\/#organization","name":"Ubirat\u00e3 Online Not\u00edcias","alternateName":"Ubirat\u00e3 Online","url":"https:\/\/ubirataonline.com.br\/","logo":{"@id":"https:\/\/ubirataonline.com.br\/denunciado-e-condenado-por-rachadinha-em-curitiba-em-coautoria-com-sua-esposa-ex-vereadora-e-preso-apos-confirmacao-da-sentenca-em-2a-instancia\/#local-main-organization-logo"},"image":{"@id":"https:\/\/ubirataonline.com.br\/denunciado-e-condenado-por-rachadinha-em-curitiba-em-coautoria-com-sua-esposa-ex-vereadora-e-preso-apos-confirmacao-da-sentenca-em-2a-instancia\/#local-main-organization-logo"},"sameAs":["https:\/\/www.facebook.com\/portalubirataonline","https:\/\/x.com\/ubirataonline","https:\/\/mastodon.social\/@ubirataonline","https:\/\/www.facebook.com\/groups\/311144672285604","https:\/\/www.facebook.com\/UBTAOnline","https:\/\/www.instagram.com\/portalubirataonline\/","https:\/\/twitter.com\/ubirataonline"],"description":"Somos um portal de not\u00edcias independente, criado em 5 de janeiro de 2009, com o objetivo de informar, conectar e valorizar a nossa comunidade de Ubirat\u00e3 e toda aregi\u00e3o. Com conte\u00fado atualizado, confi\u00e1vel e relevante, o Ubirat\u00e3 Online \u00e9 o seu espa\u00e7o para ficar por dentro dos principais acontecimentos locais, regionais, Brasil, Mundo e de interesse geral. Nosso compromisso \u00e9 com a verdade, a transpar\u00eancia e o respeito ao leitor.","legalName":"UBIRATA ONLINE NOT\u00cdCIAS","foundingDate":"2009-01-05","numberOfEmployees":{"@type":"QuantitativeValue","minValue":"1","maxValue":"10"},"publishingPrinciples":"https:\/\/ubirataonline.com.br\/faq\/","address":{"@id":"https:\/\/ubirataonline.com.br\/denunciado-e-condenado-por-rachadinha-em-curitiba-em-coautoria-com-sua-esposa-ex-vereadora-e-preso-apos-confirmacao-da-sentenca-em-2a-instancia\/#local-main-place-address"},"geo":{"@type":"GeoCoordinates","latitude":"-24.5361401","longitude":"-52.9921776"},"telephone":["+5544998308235"],"contactPoint":{"@type":"ContactPoint","email":"contato@ubirataonline.com.br"},"openingHoursSpecification":{"@type":"OpeningHoursSpecification","dayOfWeek":["Monday","Tuesday","Wednesday","Thursday","Friday","Saturday","Sunday"],"opens":"00:00","closes":"23:59"},"email":"contato@ubirataonline.com.br","vatID":"47.621.418\/0001-80"},{"@type":"Person","@id":"https:\/\/ubirataonline.com.br\/#\/schema\/person\/372f87bbd3fdd79b8556b84c98d0bc1c","name":"REDA\u00c7\u00c3O: UBIRAT\u00c3 ONLINE - F\u00c1BIO AUGUSTO CELESTINO","pronouns":"Ele","description":"Desde 2003 trabalhando com not\u00edcias.","sameAs":["http:\/\/ubirataoline.com.br","https:\/\/www.facebook.com\/portalubirataonline","https:\/\/www.instagram.com\/ubirataonline_oficial","https:\/\/x.com\/x.com\/ubirataonline"],"honorificPrefix":"Mr.","honorificSuffix":"MD","birthDate":"1980-06-16","gender":"masculino","award":["V\u00e1rios pr\u00eamios de melhor portal da cidade"],"jobTitle":"Diretor","url":"https:\/\/ubirataonline.com.br\/en\/author\/ubirataonline\/"},{"@type":"PostalAddress","@id":"https:\/\/ubirataonline.com.br\/denunciado-e-condenado-por-rachadinha-em-curitiba-em-coautoria-com-sua-esposa-ex-vereadora-e-preso-apos-confirmacao-da-sentenca-em-2a-instancia\/#local-main-place-address","streetAddress":"Rua dos Coqueiros, 104 - Bairro Boa Vista, Rua dos Coqueiros, 104 Bairro Boa Vista","addressLocality":"UBIRATA","postalCode":"85440-000","addressRegion":"PR","addressCountry":"BR"},{"@type":"ImageObject","inLanguage":"en-US","@id":"https:\/\/ubirataonline.com.br\/denunciado-e-condenado-por-rachadinha-em-curitiba-em-coautoria-com-sua-esposa-ex-vereadora-e-preso-apos-confirmacao-da-sentenca-em-2a-instancia\/#local-main-organization-logo","url":"https:\/\/ubirataonline.com.br\/wp-content\/uploads\/2026\/06\/logoubirataonline-1.webp","contentUrl":"https:\/\/ubirataonline.com.br\/wp-content\/uploads\/2026\/06\/logoubirataonline-1.webp","width":500,"height":500,"caption":"Ubirat\u00e3 Online Not\u00edcias"}]},"geo.placename":"UBIRATA","geo.position":{"lat":"-24.5361401","long":"-52.9921776"},"geo.region":"Brazil"},"_links":{"self":[{"href":"https:\/\/ubirataonline.com.br\/en\/wp-json\/wp\/v2\/posts\/68052","targetHints":{"allow":["GET"]}}],"collection":[{"href":"https:\/\/ubirataonline.com.br\/en\/wp-json\/wp\/v2\/posts"}],"about":[{"href":"https:\/\/ubirataonline.com.br\/en\/wp-json\/wp\/v2\/types\/post"}],"author":[{"embeddable":true,"href":"https:\/\/ubirataonline.com.br\/en\/wp-json\/wp\/v2\/users\/1"}],"replies":[{"embeddable":true,"href":"https:\/\/ubirataonline.com.br\/en\/wp-json\/wp\/v2\/comments?post=68052"}],"version-history":[{"count":0,"href":"https:\/\/ubirataonline.com.br\/en\/wp-json\/wp\/v2\/posts\/68052\/revisions"}],"wp:featuredmedia":[{"embeddable":true,"href":"https:\/\/ubirataonline.com.br\/en\/wp-json\/wp\/v2\/media\/66278"}],"wp:attachment":[{"href":"https:\/\/ubirataonline.com.br\/en\/wp-json\/wp\/v2\/media?parent=68052"}],"wp:term":[{"taxonomy":"category","embeddable":true,"href":"https:\/\/ubirataonline.com.br\/en\/wp-json\/wp\/v2\/categories?post=68052"},{"taxonomy":"post_tag","embeddable":true,"href":"https:\/\/ubirataonline.com.br\/en\/wp-json\/wp\/v2\/tags?post=68052"}],"curies":[{"name":"wp","href":"https:\/\/api.w.org\/{rel}","templated":true}]}}