{"id":68053,"date":"2025-09-11T22:27:26","date_gmt":"2025-09-12T01:27:26","guid":{"rendered":"https:\/\/ubirataonline.com.br\/hugo-moura-fala-de-adaptacao-a-nova-posicao-no-vasco\/"},"modified":"2025-09-11T22:27:26","modified_gmt":"2025-09-12T01:27:26","slug":"hugo-moura-fala-de-adaptacao-a-nova-posicao-no-vasco","status":"publish","type":"post","link":"https:\/\/ubirataonline.com.br\/en\/hugo-moura-fala-de-adaptacao-a-nova-posicao-no-vasco\/","title":{"rendered":"Hugo Moura fala de adapta\u00e7\u00e3o a nova posi\u00e7\u00e3o no Vasco"},"content":{"rendered":"<p><\/p>\n<div>\n<div class=\"article__header__content--left\">\n<p><h2>Volante de origem, jogador se firmou como titular de Diniz atuando como zagueiro pela direita; veja o que ele pensa sobre a troca<\/h2>\n<\/p><\/div>\n<\/p><\/div>\n<div>\n<div class=\"article__image-embed\" id=\"image_0258d9f27ed54435f7df544bebfa057dsnldqub8\">\n<figure itemprop=\"associatedMedia image\" itemscope=\"\" itemtype=\"http:\/\/schema.org\/ImageObject\">\n<meta content=\"true\" itemprop=\"representativeOfPage\"\/><br \/>\n<meta content=\"\/\/p2.trrsf.com\/image\/fget\/cf\/940\/0\/images.terra.com\/2025\/09\/08\/667853810-hugo-moura-610x400.jpg\" itemprop=\"url\"\/><br \/>\n<meta content=\"800\" itemprop=\"width\"\/><br \/>\n<meta content=\"800\" itemprop=\"height\"\/>\n<picture>\n<img loading=\"lazy\" decoding=\"async\" alt=\"\" class=\"img-0258d9f27ed54435f7df544bebfa057dsnldqub8\" height=\"508\" src=\"https:\/\/p2.trrsf.com\/image\/fget\/cf\/774\/0\/images.terra.com\/2025\/09\/08\/667853810-hugo-moura-610x400.jpg\" srcset=\"https:\/\/p2.trrsf.com\/image\/fget\/cf\/1548\/0\/images.terra.com\/2025\/09\/08\/667853810-hugo-moura-610x400.jpg 2x\" title=\"Matheus Lima\/Vasco - Legenda: Hugo Moura fala de adapta\u00e7\u00e3o a nova posi\u00e7\u00e3o no Vasco \/ Jogada10\" width=\"774\"\/>\n<\/picture><figcaption>\n<p>\n<small class=\"article__image-embed--info__copyright\" itemprop=\"copyrightHolder\">Foto: Matheus Lima\/Vasco &#8211; Legenda: Hugo Moura fala de adapta\u00e7\u00e3o a nova posi\u00e7\u00e3o no Vasco \/ Jogada10<\/small>\n<\/p>\n<\/figcaption><\/figure>\n<\/div>\n<p class=\"text\">O volante Hugo Moura ganhou uma nova posi\u00e7\u00e3o com Fernando Diniz no <a href=\"https:\/\/www.terra.com.br\/esportes\/vasco\/\" target=\"_self\">Vasco<\/a>. Afinal, se firmou como zagueiro pela direita ap\u00f3s a sa\u00edda de Jo\u00e3o Victor para o CSKA (RUS). E o jogador falou sobre essa nova experi\u00eancia sob o comando de Diniz.<\/p>\n<p class=\"text\">Em entrevista ao canal &#8220;Aten\u00e7\u00e3o, Vasca\u00ednos&#8221;, divulgada no \u00faltimo domingo (7\/9), Hugo falou sobre a curiosa situa\u00e7\u00e3o de virar zagueiro de vez no Vasco.<\/p>\n<p class=\"text\">&#8220;Todo mundo sabe que eu sou volante. Mas eu estou aqui para ajudar o Vasco, independente da posi\u00e7\u00e3o. Se o professor confia em mim como zagueiro, vou dar o meu m\u00e1ximo e vou tentar fazer as coisas como um zagueiro. A gente sabe que \u00e0s vezes falha um pouco ali num lance ou num movimento. Mas eu estou aprendendo a cada dia, evoluindo a cada dia. O professor vem conversando bastante, me passando bastante confian\u00e7a para atuar seja como zagueiro, como segundo volante, lateral. Eu quero jogar e quero ajudar o Vasco&#8221;, analisou.<\/p>\n<p class=\"text\">Moura, ent\u00e3o, deu mais detalhes acerca da mudan\u00e7a de posi\u00e7\u00e3o. Afinal, volantes e zagueiros t\u00eam preocupa\u00e7\u00f5es diferentes dentro do jogo. Assim, ele explica onde precisa ficar mais atento.<\/p>\n<p class=\"text\">&#8220;Mais movimento de profundidade, que temos que tomar cuidado. \u00c0s vezes a gente v\u00ea um meia flutuando ali nas costas do volante, mas a gente tem que tomar cuidado com a bola na profundidade, ent\u00e3o fica um pouco na d\u00favida. Ajeitando treino a treino, nos v\u00eddeos tamb\u00e9m, isso vai ajudando bastante a gente&#8221;, revelou.<\/p>\n<h3>Hugo Moura fala de passado de refor\u00e7o do Vasco no rival<\/h3>\n<p class=\"text\">Hugo Moura tamb\u00e9m falou sobre o jovem Matheus Fran\u00e7a, uma das contrata\u00e7\u00f5es do Vasco na \u00faltima janela de transfer\u00eancias. Isso porque os jogadores fizeram movimentos parecidos na carreira: ap\u00f3s serem revelados pelo <a href=\"https:\/\/www.terra.com.br\/esportes\/flamengo\/\" target=\"_self\">Flamengo<\/a>, foram atuar no arquirrival Vasco.<\/p>\n<p class=\"text\">&#8220;N\u00e3o consegui conversar mais a fundo com ele, mas eu vi que ele est\u00e1 feliz aqui. Isso que passou no passado, ficou no passado. Se a gente vem para um clube, a gente n\u00e3o vem para sacanear. A gente n\u00e3o traz coisas que n\u00e3o v\u00eam do meu car\u00e1ter e do pouco que eu o conhe\u00e7o, do car\u00e1ter dele. Eu vejo que ele est\u00e1 querendo dar o melhor&#8221;, disse.<\/p>\n<p class=\"text\"><strong>Siga nosso conte\u00fado nas redes sociais: Bluesky, Threads,\u00a0 Twitter, Instagram\u00a0e\u00a0Facebook<\/strong>.<\/p>\n<\/p><\/div>\n<p><a href=\"https:\/\/www.terra.com.br\/esportes\/vasco\/hugo-moura-fala-de-adaptacao-a-nova-posicao-no-vasco,2e163c250bf8112433b78fe9dfcaf91bpicpsste.html\">Source link <\/a><\/p>","protected":false},"excerpt":{"rendered":"<p>Volante de origem, jogador se firmou como titular de Diniz atuando como zagueiro pela direita; veja o que ele pensa sobre a troca Foto: Matheus Lima\/Vasco &#8211; Legenda: Hugo Moura fala de adapta\u00e7\u00e3o a nova posi\u00e7\u00e3o no Vasco \/ Jogada10 O volante Hugo Moura ganhou uma nova posi\u00e7\u00e3o com Fernando Diniz no Vasco. Afinal, se [&hellip;]<\/p>\n","protected":false},"author":1,"featured_media":68054,"comment_status":"","ping_status":"","sticky":false,"template":"","format":"standard","meta":{"googlesitekit_rrm_CAow2JLhCw:productID":"","_gspb_post_css":"","maa_idioma":"","maa_pais":"","footnotes":""},"categories":[4],"tags":[],"class_list":["post-68053","post","type-post","status-publish","format-standard","has-post-thumbnail","hentry","category-brasil"],"blocksy_meta":[],"yoast_head":"<!-- This site is optimized with the Yoast SEO Premium plugin v27.6 (Yoast SEO v27.6) - https:\/\/yoast.com\/product\/yoast-seo-premium-wordpress\/ -->\n<title>Hugo Moura fala de adapta\u00e7\u00e3o a nova posi\u00e7\u00e3o no Vasco - Ubirat\u00e3 Online Not\u00edcias - A realidade ao seu alcance!<\/title>\n<meta name=\"description\" content=\"Volante de origem, jogador se firmou como titular de Diniz atuando como zagueiro pela direita; veja o que ele pensa sobre a troca Foto: Matheus Lima\/Vasco\" \/>\n<meta name=\"robots\" content=\"index, follow, max-snippet:-1, max-image-preview:large, max-video-preview:-1\" \/>\n<link rel=\"canonical\" href=\"https:\/\/ubirataonline.com.br\/en\/hugo-moura-fala-de-adaptacao-a-nova-posicao-no-vasco\/\" \/>\n<meta property=\"og:locale\" content=\"en_US\" \/>\n<meta property=\"og:type\" content=\"article\" \/>\n<meta property=\"og:title\" content=\"Hugo Moura fala de adapta\u00e7\u00e3o a nova posi\u00e7\u00e3o no Vasco\" \/>\n<meta property=\"og:description\" content=\"Volante de origem, jogador se firmou como titular de Diniz atuando como zagueiro pela direita; veja o que ele pensa sobre a troca Foto: Matheus Lima\/Vasco\" \/>\n<meta property=\"og:url\" content=\"https:\/\/ubirataonline.com.br\/en\/hugo-moura-fala-de-adaptacao-a-nova-posicao-no-vasco\/\" \/>\n<meta property=\"og:site_name\" content=\"Ubirat\u00e3 Online Not\u00edcias - A realidade ao seu alcance!\" \/>\n<meta property=\"article:publisher\" content=\"https:\/\/www.facebook.com\/portalubirataonline\" \/>\n<meta property=\"article:author\" content=\"https:\/\/www.facebook.com\/portalubirataonline\" \/>\n<meta property=\"article:published_time\" content=\"2025-09-12T01:27:26+00:00\" \/>\n<meta property=\"og:image\" content=\"https:\/\/p2.trrsf.com\/image\/fget\/cf\/774\/0\/images.terra.com\/2025\/09\/08\/667853810-hugo-moura-610x400.jpg\" \/>\n<meta name=\"author\" content=\"REDA\u00c7\u00c3O: UBIRAT\u00c3 ONLINE - F\u00c1BIO AUGUSTO CELESTINO\" \/>\n<meta name=\"twitter:card\" content=\"summary_large_image\" \/>\n<meta name=\"twitter:creator\" content=\"@x.com\/ubirataonline\" \/>\n<meta name=\"twitter:site\" content=\"@ubirataonline\" \/>\n<meta name=\"twitter:label1\" content=\"Written by\" \/>\n\t<meta name=\"twitter:data1\" content=\"REDA\u00c7\u00c3O: UBIRAT\u00c3 ONLINE - F\u00c1BIO AUGUSTO CELESTINO\" \/>\n\t<meta name=\"twitter:label2\" content=\"Est. reading time\" \/>\n\t<meta name=\"twitter:data2\" content=\"2 minutes\" \/>\n<script type=\"application\/ld+json\" class=\"yoast-schema-graph\">{\"@context\":\"https:\\\/\\\/schema.org\",\"@graph\":[{\"@type\":\"NewsArticle\",\"@id\":\"https:\\\/\\\/ubirataonline.com.br\\\/hugo-moura-fala-de-adaptacao-a-nova-posicao-no-vasco\\\/#article\",\"isPartOf\":{\"@id\":\"https:\\\/\\\/ubirataonline.com.br\\\/hugo-moura-fala-de-adaptacao-a-nova-posicao-no-vasco\\\/\"},\"author\":{\"name\":\"REDA\u00c7\u00c3O: UBIRAT\u00c3 ONLINE - F\u00c1BIO AUGUSTO CELESTINO\",\"@id\":\"https:\\\/\\\/ubirataonline.com.br\\\/#\\\/schema\\\/person\\\/372f87bbd3fdd79b8556b84c98d0bc1c\"},\"headline\":\"Hugo Moura fala de adapta\u00e7\u00e3o a nova posi\u00e7\u00e3o no Vasco\",\"datePublished\":\"2025-09-12T01:27:26+00:00\",\"mainEntityOfPage\":{\"@id\":\"https:\\\/\\\/ubirataonline.com.br\\\/hugo-moura-fala-de-adaptacao-a-nova-posicao-no-vasco\\\/\"},\"wordCount\":461,\"publisher\":{\"@id\":\"https:\\\/\\\/ubirataonline.com.br\\\/#organization\"},\"image\":{\"@id\":\"https:\\\/\\\/ubirataonline.com.br\\\/hugo-moura-fala-de-adaptacao-a-nova-posicao-no-vasco\\\/#primaryimage\"},\"thumbnailUrl\":\"https:\\\/\\\/ubirataonline.com.br\\\/wp-content\\\/uploads\\\/2025\\\/09\\\/667853810-hugo-moura-610x400.jpg\",\"articleSection\":[\"Brasil\"],\"inLanguage\":\"en-US\",\"copyrightYear\":\"2025\",\"copyrightHolder\":{\"@id\":\"https:\\\/\\\/ubirataonline.com.br\\\/en\\\/#organization\"}},{\"@type\":\"WebPage\",\"@id\":\"https:\\\/\\\/ubirataonline.com.br\\\/hugo-moura-fala-de-adaptacao-a-nova-posicao-no-vasco\\\/\",\"url\":\"https:\\\/\\\/ubirataonline.com.br\\\/hugo-moura-fala-de-adaptacao-a-nova-posicao-no-vasco\\\/\",\"name\":\"Hugo Moura fala de adapta\u00e7\u00e3o a nova posi\u00e7\u00e3o no Vasco - Ubirat\u00e3 Online Not\u00edcias - A realidade ao seu alcance!\",\"isPartOf\":{\"@id\":\"https:\\\/\\\/ubirataonline.com.br\\\/#website\"},\"primaryImageOfPage\":{\"@id\":\"https:\\\/\\\/ubirataonline.com.br\\\/hugo-moura-fala-de-adaptacao-a-nova-posicao-no-vasco\\\/#primaryimage\"},\"image\":{\"@id\":\"https:\\\/\\\/ubirataonline.com.br\\\/hugo-moura-fala-de-adaptacao-a-nova-posicao-no-vasco\\\/#primaryimage\"},\"thumbnailUrl\":\"https:\\\/\\\/ubirataonline.com.br\\\/wp-content\\\/uploads\\\/2025\\\/09\\\/667853810-hugo-moura-610x400.jpg\",\"datePublished\":\"2025-09-12T01:27:26+00:00\",\"description\":\"Volante de origem, jogador se firmou como titular de Diniz atuando como zagueiro pela direita; veja o que ele pensa sobre a troca Foto: Matheus Lima\\\/Vasco\",\"breadcrumb\":{\"@id\":\"https:\\\/\\\/ubirataonline.com.br\\\/hugo-moura-fala-de-adaptacao-a-nova-posicao-no-vasco\\\/#breadcrumb\"},\"inLanguage\":\"en-US\",\"potentialAction\":[{\"@type\":\"ReadAction\",\"target\":[\"https:\\\/\\\/ubirataonline.com.br\\\/hugo-moura-fala-de-adaptacao-a-nova-posicao-no-vasco\\\/\"]}]},{\"@type\":\"ImageObject\",\"inLanguage\":\"en-US\",\"@id\":\"https:\\\/\\\/ubirataonline.com.br\\\/hugo-moura-fala-de-adaptacao-a-nova-posicao-no-vasco\\\/#primaryimage\",\"url\":\"https:\\\/\\\/ubirataonline.com.br\\\/wp-content\\\/uploads\\\/2025\\\/09\\\/667853810-hugo-moura-610x400.jpg\",\"contentUrl\":\"https:\\\/\\\/ubirataonline.com.br\\\/wp-content\\\/uploads\\\/2025\\\/09\\\/667853810-hugo-moura-610x400.jpg\",\"width\":1200,\"height\":630},{\"@type\":\"BreadcrumbList\",\"@id\":\"https:\\\/\\\/ubirataonline.com.br\\\/hugo-moura-fala-de-adaptacao-a-nova-posicao-no-vasco\\\/#breadcrumb\",\"itemListElement\":[{\"@type\":\"ListItem\",\"position\":1,\"name\":\"In\u00edcio\",\"item\":\"https:\\\/\\\/ubirataonline.com.br\\\/\"},{\"@type\":\"ListItem\",\"position\":2,\"name\":\"Hugo Moura fala de adapta\u00e7\u00e3o a nova posi\u00e7\u00e3o no Vasco\"}]},{\"@type\":\"WebSite\",\"@id\":\"https:\\\/\\\/ubirataonline.com.br\\\/#website\",\"url\":\"https:\\\/\\\/ubirataonline.com.br\\\/\",\"name\":\"Ubirat\u00e3 Online Not\u00edcias\",\"description\":\"Not\u00edcias de Ubirat\u00e3, regi\u00e3o, Brasil e mundo, com informa\u00e7\u00e3o atualizada e compromisso com o leitor.\",\"publisher\":{\"@id\":\"https:\\\/\\\/ubirataonline.com.br\\\/#organization\"},\"alternateName\":\"Ubirat\u00e3 Online\",\"potentialAction\":[{\"@type\":\"SearchAction\",\"target\":{\"@type\":\"EntryPoint\",\"urlTemplate\":\"https:\\\/\\\/ubirataonline.com.br\\\/?s={search_term_string}\"},\"query-input\":{\"@type\":\"PropertyValueSpecification\",\"valueRequired\":true,\"valueName\":\"search_term_string\"}}],\"inLanguage\":\"en-US\"},{\"@type\":[\"Organization\",\"Place\"],\"@id\":\"https:\\\/\\\/ubirataonline.com.br\\\/#organization\",\"name\":\"Ubirat\u00e3 Online Not\u00edcias\",\"alternateName\":\"Ubirat\u00e3 Online\",\"url\":\"https:\\\/\\\/ubirataonline.com.br\\\/\",\"logo\":{\"@id\":\"https:\\\/\\\/ubirataonline.com.br\\\/hugo-moura-fala-de-adaptacao-a-nova-posicao-no-vasco\\\/#local-main-organization-logo\"},\"image\":{\"@id\":\"https:\\\/\\\/ubirataonline.com.br\\\/hugo-moura-fala-de-adaptacao-a-nova-posicao-no-vasco\\\/#local-main-organization-logo\"},\"sameAs\":[\"https:\\\/\\\/www.facebook.com\\\/portalubirataonline\",\"https:\\\/\\\/x.com\\\/ubirataonline\",\"https:\\\/\\\/mastodon.social\\\/@ubirataonline\",\"https:\\\/\\\/www.facebook.com\\\/groups\\\/311144672285604\",\"https:\\\/\\\/www.facebook.com\\\/UBTAOnline\",\"https:\\\/\\\/www.instagram.com\\\/portalubirataonline\\\/\",\"https:\\\/\\\/twitter.com\\\/ubirataonline\"],\"description\":\"Somos um portal de not\u00edcias independente, criado em 5 de janeiro de 2009, com o objetivo de informar, conectar e valorizar a nossa comunidade de Ubirat\u00e3 e toda aregi\u00e3o. Com conte\u00fado atualizado, confi\u00e1vel e relevante, o Ubirat\u00e3 Online \u00e9 o seu espa\u00e7o para ficar por dentro dos principais acontecimentos locais, regionais, Brasil, Mundo e de interesse geral. Nosso compromisso \u00e9 com a verdade, a transpar\u00eancia e o respeito ao leitor.\",\"legalName\":\"UBIRATA ONLINE NOT\u00cdCIAS\",\"foundingDate\":\"2009-01-05\",\"numberOfEmployees\":{\"@type\":\"QuantitativeValue\",\"minValue\":\"1\",\"maxValue\":\"10\"},\"publishingPrinciples\":\"https:\\\/\\\/ubirataonline.com.br\\\/faq\\\/\",\"address\":{\"@id\":\"https:\\\/\\\/ubirataonline.com.br\\\/hugo-moura-fala-de-adaptacao-a-nova-posicao-no-vasco\\\/#local-main-place-address\"},\"geo\":{\"@type\":\"GeoCoordinates\",\"latitude\":\"-24.5361401\",\"longitude\":\"-52.9921776\"},\"telephone\":[\"+5544998308235\"],\"contactPoint\":{\"@type\":\"ContactPoint\",\"email\":\"contato@ubirataonline.com.br\"},\"openingHoursSpecification\":{\"@type\":\"OpeningHoursSpecification\",\"dayOfWeek\":[\"Monday\",\"Tuesday\",\"Wednesday\",\"Thursday\",\"Friday\",\"Saturday\",\"Sunday\"],\"opens\":\"00:00\",\"closes\":\"23:59\"},\"email\":\"contato@ubirataonline.com.br\",\"vatID\":\"47.621.418\\\/0001-80\"},{\"@type\":\"Person\",\"@id\":\"https:\\\/\\\/ubirataonline.com.br\\\/#\\\/schema\\\/person\\\/372f87bbd3fdd79b8556b84c98d0bc1c\",\"name\":\"REDA\u00c7\u00c3O: UBIRAT\u00c3 ONLINE - F\u00c1BIO AUGUSTO CELESTINO\",\"pronouns\":\"Ele\",\"description\":\"Desde 2003 trabalhando com not\u00edcias.\",\"sameAs\":[\"http:\\\/\\\/ubirataoline.com.br\",\"https:\\\/\\\/www.facebook.com\\\/portalubirataonline\",\"https:\\\/\\\/www.instagram.com\\\/ubirataonline_oficial\",\"https:\\\/\\\/x.com\\\/x.com\\\/ubirataonline\"],\"honorificPrefix\":\"Mr.\",\"honorificSuffix\":\"MD\",\"birthDate\":\"1980-06-16\",\"gender\":\"masculino\",\"award\":[\"V\u00e1rios pr\u00eamios de melhor portal da cidade\"],\"jobTitle\":\"Diretor\",\"url\":\"https:\\\/\\\/ubirataonline.com.br\\\/en\\\/author\\\/ubirataonline\\\/\"},{\"@type\":\"PostalAddress\",\"@id\":\"https:\\\/\\\/ubirataonline.com.br\\\/hugo-moura-fala-de-adaptacao-a-nova-posicao-no-vasco\\\/#local-main-place-address\",\"streetAddress\":\"Rua dos Coqueiros, 104 - Bairro Boa Vista, Rua dos Coqueiros, 104 Bairro Boa Vista\",\"addressLocality\":\"UBIRATA\",\"postalCode\":\"85440-000\",\"addressRegion\":\"PR\",\"addressCountry\":\"BR\"},{\"@type\":\"ImageObject\",\"inLanguage\":\"en-US\",\"@id\":\"https:\\\/\\\/ubirataonline.com.br\\\/hugo-moura-fala-de-adaptacao-a-nova-posicao-no-vasco\\\/#local-main-organization-logo\",\"url\":\"https:\\\/\\\/ubirataonline.com.br\\\/wp-content\\\/uploads\\\/2026\\\/06\\\/logoubirataonline-1.webp\",\"contentUrl\":\"https:\\\/\\\/ubirataonline.com.br\\\/wp-content\\\/uploads\\\/2026\\\/06\\\/logoubirataonline-1.webp\",\"width\":500,\"height\":500,\"caption\":\"Ubirat\u00e3 Online Not\u00edcias\"}]}<\/script>\n<meta name=\"geo.placename\" content=\"UBIRATA\" \/>\n<meta name=\"geo.position\" content=\"-24.5361401;-52.9921776\" \/>\n<meta name=\"geo.region\" content=\"Brazil\" \/>\n<!-- \/ Yoast SEO Premium plugin. -->","yoast_head_json":{"title":"Hugo Moura fala de adapta\u00e7\u00e3o a nova posi\u00e7\u00e3o no Vasco - Ubirat\u00e3 Online Not\u00edcias - A realidade ao seu alcance!","description":"Volante de origem, jogador se firmou como titular de Diniz atuando como zagueiro pela direita; veja o que ele pensa sobre a troca Foto: Matheus Lima\/Vasco","robots":{"index":"index","follow":"follow","max-snippet":"max-snippet:-1","max-image-preview":"max-image-preview:large","max-video-preview":"max-video-preview:-1"},"canonical":"https:\/\/ubirataonline.com.br\/en\/hugo-moura-fala-de-adaptacao-a-nova-posicao-no-vasco\/","og_locale":"en_US","og_type":"article","og_title":"Hugo Moura fala de adapta\u00e7\u00e3o a nova posi\u00e7\u00e3o no Vasco","og_description":"Volante de origem, jogador se firmou como titular de Diniz atuando como zagueiro pela direita; veja o que ele pensa sobre a troca Foto: Matheus Lima\/Vasco","og_url":"https:\/\/ubirataonline.com.br\/en\/hugo-moura-fala-de-adaptacao-a-nova-posicao-no-vasco\/","og_site_name":"Ubirat\u00e3 Online Not\u00edcias - A realidade ao seu alcance!","article_publisher":"https:\/\/www.facebook.com\/portalubirataonline","article_author":"https:\/\/www.facebook.com\/portalubirataonline","article_published_time":"2025-09-12T01:27:26+00:00","og_image":[{"url":"https:\/\/p2.trrsf.com\/image\/fget\/cf\/774\/0\/images.terra.com\/2025\/09\/08\/667853810-hugo-moura-610x400.jpg","type":"","width":"","height":""}],"author":"REDA\u00c7\u00c3O: UBIRAT\u00c3 ONLINE - F\u00c1BIO AUGUSTO CELESTINO","twitter_card":"summary_large_image","twitter_creator":"@x.com\/ubirataonline","twitter_site":"@ubirataonline","twitter_misc":{"Written by":"REDA\u00c7\u00c3O: UBIRAT\u00c3 ONLINE - F\u00c1BIO AUGUSTO CELESTINO","Est. reading time":"2 minutes"},"schema":{"@context":"https:\/\/schema.org","@graph":[{"@type":"NewsArticle","@id":"https:\/\/ubirataonline.com.br\/hugo-moura-fala-de-adaptacao-a-nova-posicao-no-vasco\/#article","isPartOf":{"@id":"https:\/\/ubirataonline.com.br\/hugo-moura-fala-de-adaptacao-a-nova-posicao-no-vasco\/"},"author":{"name":"REDA\u00c7\u00c3O: UBIRAT\u00c3 ONLINE - F\u00c1BIO AUGUSTO CELESTINO","@id":"https:\/\/ubirataonline.com.br\/#\/schema\/person\/372f87bbd3fdd79b8556b84c98d0bc1c"},"headline":"Hugo Moura fala de adapta\u00e7\u00e3o a nova posi\u00e7\u00e3o no Vasco","datePublished":"2025-09-12T01:27:26+00:00","mainEntityOfPage":{"@id":"https:\/\/ubirataonline.com.br\/hugo-moura-fala-de-adaptacao-a-nova-posicao-no-vasco\/"},"wordCount":461,"publisher":{"@id":"https:\/\/ubirataonline.com.br\/#organization"},"image":{"@id":"https:\/\/ubirataonline.com.br\/hugo-moura-fala-de-adaptacao-a-nova-posicao-no-vasco\/#primaryimage"},"thumbnailUrl":"https:\/\/ubirataonline.com.br\/wp-content\/uploads\/2025\/09\/667853810-hugo-moura-610x400.jpg","articleSection":["Brasil"],"inLanguage":"en-US","copyrightYear":"2025","copyrightHolder":{"@id":"https:\/\/ubirataonline.com.br\/en\/#organization"}},{"@type":"WebPage","@id":"https:\/\/ubirataonline.com.br\/hugo-moura-fala-de-adaptacao-a-nova-posicao-no-vasco\/","url":"https:\/\/ubirataonline.com.br\/hugo-moura-fala-de-adaptacao-a-nova-posicao-no-vasco\/","name":"Hugo Moura fala de adapta\u00e7\u00e3o a nova posi\u00e7\u00e3o no Vasco - Ubirat\u00e3 Online Not\u00edcias - A realidade ao seu alcance!","isPartOf":{"@id":"https:\/\/ubirataonline.com.br\/#website"},"primaryImageOfPage":{"@id":"https:\/\/ubirataonline.com.br\/hugo-moura-fala-de-adaptacao-a-nova-posicao-no-vasco\/#primaryimage"},"image":{"@id":"https:\/\/ubirataonline.com.br\/hugo-moura-fala-de-adaptacao-a-nova-posicao-no-vasco\/#primaryimage"},"thumbnailUrl":"https:\/\/ubirataonline.com.br\/wp-content\/uploads\/2025\/09\/667853810-hugo-moura-610x400.jpg","datePublished":"2025-09-12T01:27:26+00:00","description":"Volante de origem, jogador se firmou como titular de Diniz atuando como zagueiro pela direita; veja o que ele pensa sobre a troca Foto: Matheus Lima\/Vasco","breadcrumb":{"@id":"https:\/\/ubirataonline.com.br\/hugo-moura-fala-de-adaptacao-a-nova-posicao-no-vasco\/#breadcrumb"},"inLanguage":"en-US","potentialAction":[{"@type":"ReadAction","target":["https:\/\/ubirataonline.com.br\/hugo-moura-fala-de-adaptacao-a-nova-posicao-no-vasco\/"]}]},{"@type":"ImageObject","inLanguage":"en-US","@id":"https:\/\/ubirataonline.com.br\/hugo-moura-fala-de-adaptacao-a-nova-posicao-no-vasco\/#primaryimage","url":"https:\/\/ubirataonline.com.br\/wp-content\/uploads\/2025\/09\/667853810-hugo-moura-610x400.jpg","contentUrl":"https:\/\/ubirataonline.com.br\/wp-content\/uploads\/2025\/09\/667853810-hugo-moura-610x400.jpg","width":1200,"height":630},{"@type":"BreadcrumbList","@id":"https:\/\/ubirataonline.com.br\/hugo-moura-fala-de-adaptacao-a-nova-posicao-no-vasco\/#breadcrumb","itemListElement":[{"@type":"ListItem","position":1,"name":"In\u00edcio","item":"https:\/\/ubirataonline.com.br\/"},{"@type":"ListItem","position":2,"name":"Hugo Moura fala de adapta\u00e7\u00e3o a nova posi\u00e7\u00e3o no Vasco"}]},{"@type":"WebSite","@id":"https:\/\/ubirataonline.com.br\/#website","url":"https:\/\/ubirataonline.com.br\/","name":"Ubirat\u00e3 Online Not\u00edcias","description":"Not\u00edcias de Ubirat\u00e3, regi\u00e3o, Brasil e mundo, com informa\u00e7\u00e3o atualizada e compromisso com o leitor.","publisher":{"@id":"https:\/\/ubirataonline.com.br\/#organization"},"alternateName":"Ubirat\u00e3 Online","potentialAction":[{"@type":"SearchAction","target":{"@type":"EntryPoint","urlTemplate":"https:\/\/ubirataonline.com.br\/?s={search_term_string}"},"query-input":{"@type":"PropertyValueSpecification","valueRequired":true,"valueName":"search_term_string"}}],"inLanguage":"en-US"},{"@type":["Organization","Place"],"@id":"https:\/\/ubirataonline.com.br\/#organization","name":"Ubirat\u00e3 Online Not\u00edcias","alternateName":"Ubirat\u00e3 Online","url":"https:\/\/ubirataonline.com.br\/","logo":{"@id":"https:\/\/ubirataonline.com.br\/hugo-moura-fala-de-adaptacao-a-nova-posicao-no-vasco\/#local-main-organization-logo"},"image":{"@id":"https:\/\/ubirataonline.com.br\/hugo-moura-fala-de-adaptacao-a-nova-posicao-no-vasco\/#local-main-organization-logo"},"sameAs":["https:\/\/www.facebook.com\/portalubirataonline","https:\/\/x.com\/ubirataonline","https:\/\/mastodon.social\/@ubirataonline","https:\/\/www.facebook.com\/groups\/311144672285604","https:\/\/www.facebook.com\/UBTAOnline","https:\/\/www.instagram.com\/portalubirataonline\/","https:\/\/twitter.com\/ubirataonline"],"description":"Somos um portal de not\u00edcias independente, criado em 5 de janeiro de 2009, com o objetivo de informar, conectar e valorizar a nossa comunidade de Ubirat\u00e3 e toda aregi\u00e3o. Com conte\u00fado atualizado, confi\u00e1vel e relevante, o Ubirat\u00e3 Online \u00e9 o seu espa\u00e7o para ficar por dentro dos principais acontecimentos locais, regionais, Brasil, Mundo e de interesse geral. Nosso compromisso \u00e9 com a verdade, a transpar\u00eancia e o respeito ao leitor.","legalName":"UBIRATA ONLINE NOT\u00cdCIAS","foundingDate":"2009-01-05","numberOfEmployees":{"@type":"QuantitativeValue","minValue":"1","maxValue":"10"},"publishingPrinciples":"https:\/\/ubirataonline.com.br\/faq\/","address":{"@id":"https:\/\/ubirataonline.com.br\/hugo-moura-fala-de-adaptacao-a-nova-posicao-no-vasco\/#local-main-place-address"},"geo":{"@type":"GeoCoordinates","latitude":"-24.5361401","longitude":"-52.9921776"},"telephone":["+5544998308235"],"contactPoint":{"@type":"ContactPoint","email":"contato@ubirataonline.com.br"},"openingHoursSpecification":{"@type":"OpeningHoursSpecification","dayOfWeek":["Monday","Tuesday","Wednesday","Thursday","Friday","Saturday","Sunday"],"opens":"00:00","closes":"23:59"},"email":"contato@ubirataonline.com.br","vatID":"47.621.418\/0001-80"},{"@type":"Person","@id":"https:\/\/ubirataonline.com.br\/#\/schema\/person\/372f87bbd3fdd79b8556b84c98d0bc1c","name":"REDA\u00c7\u00c3O: UBIRAT\u00c3 ONLINE - F\u00c1BIO AUGUSTO CELESTINO","pronouns":"Ele","description":"Desde 2003 trabalhando com not\u00edcias.","sameAs":["http:\/\/ubirataoline.com.br","https:\/\/www.facebook.com\/portalubirataonline","https:\/\/www.instagram.com\/ubirataonline_oficial","https:\/\/x.com\/x.com\/ubirataonline"],"honorificPrefix":"Mr.","honorificSuffix":"MD","birthDate":"1980-06-16","gender":"masculino","award":["V\u00e1rios pr\u00eamios de melhor portal da cidade"],"jobTitle":"Diretor","url":"https:\/\/ubirataonline.com.br\/en\/author\/ubirataonline\/"},{"@type":"PostalAddress","@id":"https:\/\/ubirataonline.com.br\/hugo-moura-fala-de-adaptacao-a-nova-posicao-no-vasco\/#local-main-place-address","streetAddress":"Rua dos Coqueiros, 104 - Bairro Boa Vista, Rua dos Coqueiros, 104 Bairro Boa Vista","addressLocality":"UBIRATA","postalCode":"85440-000","addressRegion":"PR","addressCountry":"BR"},{"@type":"ImageObject","inLanguage":"en-US","@id":"https:\/\/ubirataonline.com.br\/hugo-moura-fala-de-adaptacao-a-nova-posicao-no-vasco\/#local-main-organization-logo","url":"https:\/\/ubirataonline.com.br\/wp-content\/uploads\/2026\/06\/logoubirataonline-1.webp","contentUrl":"https:\/\/ubirataonline.com.br\/wp-content\/uploads\/2026\/06\/logoubirataonline-1.webp","width":500,"height":500,"caption":"Ubirat\u00e3 Online Not\u00edcias"}]},"geo.placename":"UBIRATA","geo.position":{"lat":"-24.5361401","long":"-52.9921776"},"geo.region":"Brazil"},"_links":{"self":[{"href":"https:\/\/ubirataonline.com.br\/en\/wp-json\/wp\/v2\/posts\/68053","targetHints":{"allow":["GET"]}}],"collection":[{"href":"https:\/\/ubirataonline.com.br\/en\/wp-json\/wp\/v2\/posts"}],"about":[{"href":"https:\/\/ubirataonline.com.br\/en\/wp-json\/wp\/v2\/types\/post"}],"author":[{"embeddable":true,"href":"https:\/\/ubirataonline.com.br\/en\/wp-json\/wp\/v2\/users\/1"}],"replies":[{"embeddable":true,"href":"https:\/\/ubirataonline.com.br\/en\/wp-json\/wp\/v2\/comments?post=68053"}],"version-history":[{"count":0,"href":"https:\/\/ubirataonline.com.br\/en\/wp-json\/wp\/v2\/posts\/68053\/revisions"}],"wp:featuredmedia":[{"embeddable":true,"href":"https:\/\/ubirataonline.com.br\/en\/wp-json\/wp\/v2\/media\/68054"}],"wp:attachment":[{"href":"https:\/\/ubirataonline.com.br\/en\/wp-json\/wp\/v2\/media?parent=68053"}],"wp:term":[{"taxonomy":"category","embeddable":true,"href":"https:\/\/ubirataonline.com.br\/en\/wp-json\/wp\/v2\/categories?post=68053"},{"taxonomy":"post_tag","embeddable":true,"href":"https:\/\/ubirataonline.com.br\/en\/wp-json\/wp\/v2\/tags?post=68053"}],"curies":[{"name":"wp","href":"https:\/\/api.w.org\/{rel}","templated":true}]}}