{"id":68055,"date":"2025-09-11T22:34:11","date_gmt":"2025-09-12T01:34:11","guid":{"rendered":"https:\/\/ubirataonline.com.br\/zoologico-de-curitiba-tera-moradores-ineditos\/"},"modified":"2025-09-11T22:34:11","modified_gmt":"2025-09-12T01:34:11","slug":"zoologico-de-curitiba-tera-moradores-ineditos","status":"publish","type":"post","link":"https:\/\/ubirataonline.com.br\/en\/zoologico-de-curitiba-tera-moradores-ineditos\/","title":{"rendered":"Zool\u00f3gico de Curitiba ter\u00e1 moradores in\u00e9ditos"},"content":{"rendered":"<p><\/p>\n<div id=\"post-content\">\n<p>O <a href=\"https:\/\/www.tribunapr.com.br\/noticias\/curitiba-regiao\/zoologico-de-curitiba-promete-anunciar-novidade-na-proxima-semana\/\">mist\u00e9rio que come\u00e7ou na quarta-feira (10)<\/a> sobre a novidade no <strong>Zool\u00f3gico de Curitiba<\/strong> finalmente foi revelado pela prefeitura nesta quinta-feira (11), antes do previsto inicialmente. A capital paranaense ganhar\u00e1 <strong>dois novos moradores<\/strong> in\u00e9ditos: <strong>micos-le\u00f5es-pretos<\/strong>, esp\u00e9cie que nunca havia sido abrigada no local antes.<\/p>\n<p>A chegada dos pequenos primatas marca um momento hist\u00f3rico para o zool\u00f3gico curitibano, que amplia a diversidade de esp\u00e9cies com os novos integrantes.<\/p>\n<p><strong>Assista:<\/strong><\/p>\n<blockquote class=\"instagram-media\" data-instgrm-captioned=\"\" data-instgrm-permalink=\"https:\/\/www.instagram.com\/reel\/DOesmXxDip2\/?utm_source=ig_embed&amp;utm_campaign=loading\" data-instgrm-version=\"14\" style=\"background:#FFF; border:0; border-radius:3px; box-shadow:0 0 1px 0 rgba(0,0,0,0.5),0 1px 10px 0 rgba(0,0,0,0.15); margin: 1px; max-width:540px; min-width:326px; padding:0; width:99.375%; width:-webkit-calc(100% - 2px); width:calc(100% - 2px);\"\/>\n<h2 class=\"wp-block-heading\" id=\"h-curitibanos-podem-escolher-nome-dos-novos-moradores-do-zoologico\">Curitibanos podem escolher nome dos novos moradores do Zool\u00f3gico<\/h2>\n<p>E a surpresa vem acompanhada de um convite especial aos visitantes: os curitibanos poder\u00e3o participar diretamente da escolha dos nomes dos novos moradores. As sugest\u00f5es podem ser deixadas nos coment\u00e1rios das redes sociais oficiais da prefeitura. Os dois nomes mais votados ser\u00e3o oficializados para batizar os bichinhos.<\/p>\n<p>Para quem deseja visitar, o Zool\u00f3gico de Curitiba funciona de ter\u00e7a a domingo, das 10h \u00e0s 16h, com entrada gratuita para todos os visitantes.<\/p>\n<section class=\"virals\">\n<article class=\"cardnews cardnews--post cardnews--has-thumbnail cardnews--editorial-noticias\"> <a href=\"https:\/\/www.tribunapr.com.br\/noticias\/curitiba-regiao\/curitibana-ganha-na-lotofacil-da-independencia-em-bolao-da-propria-loterica\/?utm_source=noticias-virais-rodape&amp;utm_medium=internal-tribuna&amp;utm_campaign=tribuna\" class=\"cardnews__postlink\"> <\/p>\n<div class=\"cardnews__image\" is-api-thumb=\"\"><img decoding=\"async\" src=\"https:\/\/www.tribunapr.com.br\/wp-content\/uploads\/2025\/09\/08183613\/Apresentacao-de-TCC-vintage-retro-com-blur-vermelho-e-roxo-2025-09-08T183517.087-370x210.jpg\" loading=\"lazy\" alt=\"Curitibana ganha uma boa grana em bol\u00e3o da pr\u00f3pria lot\u00e9rica\"\/><\/div>\n<div class=\"cardnews__content cardhome__content\">\n<div class=\"cardnews__content-wrapper\">\n<p> <span style=\"\"> Loteria p\u00e9-quente <\/span> <\/p>\n<p>Curitibana ganha uma boa grana em bol\u00e3o da pr\u00f3pria lot\u00e9rica<\/p>\n<\/p><\/div>\n<\/p><\/div>\n<p> <\/a> <\/article>\n<article class=\"cardnews cardnews--post cardnews--has-thumbnail cardnews--editorial-noticias\"> <a href=\"https:\/\/www.tribunapr.com.br\/noticias\/curitiba-regiao\/brt-leste-oeste-conheca-detalhes-do-projeto-de-curitiba\/?utm_source=noticias-virais-rodape&amp;utm_medium=internal-tribuna&amp;utm_campaign=tribuna\" class=\"cardnews__postlink\"> <\/p>\n<div class=\"cardnews__image\" is-api-thumb=\"\"><img decoding=\"async\" src=\"https:\/\/www.tribunapr.com.br\/wp-content\/uploads\/2025\/09\/10103453\/brt-divulgacao-370x210.jpg\" loading=\"lazy\" alt=\"Novo BRT Leste-Oeste vai mudar a mobilidade em Curitiba\"\/><\/div>\n<div class=\"cardnews__content cardhome__content\">\n<div class=\"cardnews__content-wrapper\">\n<p> <span style=\"\"> Obras <\/span> <\/p>\n<p>Novo BRT Leste-Oeste vai mudar a mobilidade em Curitiba<\/p>\n<\/p><\/div>\n<\/p><\/div>\n<p> <\/a> <\/article>\n<article class=\"cardnews cardnews--post cardnews--has-thumbnail cardnews--editorial-noticias\"> <a href=\"https:\/\/www.tribunapr.com.br\/noticias\/curitiba-regiao\/leao-do-zoo-de-curitiba-faz-ressonancia-mobiliza-equipe\/?utm_source=noticias-virais-rodape&amp;utm_medium=internal-tribuna&amp;utm_campaign=tribuna\" class=\"cardnews__postlink\"> <\/p>\n<div class=\"cardnews__image\" is-api-thumb=\"\"><img decoding=\"async\" src=\"https:\/\/www.tribunapr.com.br\/wp-content\/uploads\/2025\/09\/09185112\/Apresentacao-de-TCC-vintage-retro-com-blur-vermelho-e-roxo-2025-09-09T185014.018-370x210.jpg\" loading=\"lazy\" alt=\"Le\u00e3o do Zoo de Curitiba mobiliza equipe gigante para...\"\/><\/div>\n<div class=\"cardnews__content cardhome__content\">\n<div class=\"cardnews__content-wrapper\">\n<p> <span style=\"\"> Check-up <\/span> <\/p>\n<p>Le\u00e3o do Zoo de Curitiba mobiliza equipe gigante para&#8230;<\/p>\n<\/p><\/div>\n<\/p><\/div>\n<p> <\/a> <\/article>\n<\/section>\n<section class=\"whatsapp-groups\">\n<div class=\"whatsapp-groups__image\"> <img decoding=\"async\" src=\"https:\/\/www.tribunapr.com.br\/resources\/images\/blocks\/whatsapp-groups\/logo-whatsapp.png\" alt=\"Grupos de WhatsApp da Tribuna\" loading=\"lazy\"\/> <\/div>\n<div class=\"whatsapp-groups__body\">\n<p> Receba Not\u00edcias no seu WhatsApp! <\/p>\n<p> Receba as not\u00edcias do seu bairro e do seu time pelo WhatsApp. <\/p>\n<p> <a href=\"https:\/\/www.tribunapr.com.br\/grupos-de-whatsapp-da-tribuna\/\" target=\"_blank\" class=\"whatsapp-groups__button\"> Participe dos Grupos da Tribuna <\/a> <\/div>\n<\/section><\/div>\n<p><script async src=\"\/\/www.instagram.com\/embed.js\"><\/script><br \/>\n<br \/><a href=\"https:\/\/www.tribunapr.com.br\/noticias\/curitiba-regiao\/misterio-revelado-zoologico-curitiba-tera-moradores-ineditos\/\">Source link <\/a><\/p>","protected":false},"excerpt":{"rendered":"<p>O mist\u00e9rio que come\u00e7ou na quarta-feira (10) sobre a novidade no Zool\u00f3gico de Curitiba finalmente foi revelado pela prefeitura nesta quinta-feira (11), antes do previsto inicialmente. A capital paranaense ganhar\u00e1 dois novos moradores in\u00e9ditos: micos-le\u00f5es-pretos, esp\u00e9cie que nunca havia sido abrigada no local antes. A chegada dos pequenos primatas marca um momento hist\u00f3rico para o [&hellip;]<\/p>\n","protected":false},"author":1,"featured_media":68056,"comment_status":"","ping_status":"","sticky":false,"template":"","format":"standard","meta":{"googlesitekit_rrm_CAow2JLhCw:productID":"","_gspb_post_css":"","maa_idioma":"","maa_pais":"","footnotes":""},"categories":[1],"tags":[],"class_list":["post-68055","post","type-post","status-publish","format-standard","has-post-thumbnail","hentry","category-ubirata"],"blocksy_meta":[],"yoast_head":"<!-- This site is optimized with the Yoast SEO Premium plugin v27.6 (Yoast SEO v27.6) - https:\/\/yoast.com\/product\/yoast-seo-premium-wordpress\/ -->\n<title>Zool\u00f3gico de Curitiba ter\u00e1 moradores in\u00e9ditos - Ubirat\u00e3 Online Not\u00edcias - A realidade ao seu alcance!<\/title>\n<meta name=\"description\" content=\"O mist\u00e9rio que come\u00e7ou na quarta-feira (10) sobre a novidade no Zool\u00f3gico de Curitiba finalmente foi revelado pela prefeitura nesta quinta-feira (11),\" \/>\n<meta name=\"robots\" content=\"index, follow, max-snippet:-1, max-image-preview:large, max-video-preview:-1\" \/>\n<link rel=\"canonical\" href=\"https:\/\/ubirataonline.com.br\/en\/zoologico-de-curitiba-tera-moradores-ineditos\/\" \/>\n<meta property=\"og:locale\" content=\"en_US\" \/>\n<meta property=\"og:type\" content=\"article\" \/>\n<meta property=\"og:title\" content=\"Zool\u00f3gico de Curitiba ter\u00e1 moradores in\u00e9ditos\" \/>\n<meta property=\"og:description\" content=\"O mist\u00e9rio que come\u00e7ou na quarta-feira (10) sobre a novidade no Zool\u00f3gico de Curitiba finalmente foi revelado pela prefeitura nesta quinta-feira (11),\" \/>\n<meta property=\"og:url\" content=\"https:\/\/ubirataonline.com.br\/en\/zoologico-de-curitiba-tera-moradores-ineditos\/\" \/>\n<meta property=\"og:site_name\" content=\"Ubirat\u00e3 Online Not\u00edcias - A realidade ao seu alcance!\" \/>\n<meta property=\"article:publisher\" content=\"https:\/\/www.facebook.com\/portalubirataonline\" \/>\n<meta property=\"article:author\" content=\"https:\/\/www.facebook.com\/portalubirataonline\" \/>\n<meta property=\"article:published_time\" content=\"2025-09-12T01:34:11+00:00\" \/>\n<meta property=\"og:image\" content=\"https:\/\/www.tribunapr.com.br\/wp-content\/uploads\/2025\/09\/08183613\/Apresentacao-de-TCC-vintage-retro-com-blur-vermelho-e-roxo-2025-09-08T183517.087-370x210.jpg\" \/>\n<meta name=\"author\" content=\"REDA\u00c7\u00c3O: UBIRAT\u00c3 ONLINE - F\u00c1BIO AUGUSTO CELESTINO\" \/>\n<meta name=\"twitter:card\" content=\"summary_large_image\" \/>\n<meta name=\"twitter:creator\" content=\"@x.com\/ubirataonline\" \/>\n<meta name=\"twitter:site\" content=\"@ubirataonline\" \/>\n<meta name=\"twitter:label1\" content=\"Written by\" \/>\n\t<meta name=\"twitter:data1\" content=\"REDA\u00c7\u00c3O: UBIRAT\u00c3 ONLINE - F\u00c1BIO AUGUSTO CELESTINO\" \/>\n\t<meta name=\"twitter:label2\" content=\"Est. reading time\" \/>\n\t<meta name=\"twitter:data2\" content=\"1 minute\" \/>\n<script type=\"application\/ld+json\" class=\"yoast-schema-graph\">{\"@context\":\"https:\\\/\\\/schema.org\",\"@graph\":[{\"@type\":\"NewsArticle\",\"@id\":\"https:\\\/\\\/ubirataonline.com.br\\\/zoologico-de-curitiba-tera-moradores-ineditos\\\/#article\",\"isPartOf\":{\"@id\":\"https:\\\/\\\/ubirataonline.com.br\\\/zoologico-de-curitiba-tera-moradores-ineditos\\\/\"},\"author\":{\"name\":\"REDA\u00c7\u00c3O: UBIRAT\u00c3 ONLINE - F\u00c1BIO AUGUSTO CELESTINO\",\"@id\":\"https:\\\/\\\/ubirataonline.com.br\\\/#\\\/schema\\\/person\\\/372f87bbd3fdd79b8556b84c98d0bc1c\"},\"headline\":\"Zool\u00f3gico de Curitiba ter\u00e1 moradores in\u00e9ditos\",\"datePublished\":\"2025-09-12T01:34:11+00:00\",\"mainEntityOfPage\":{\"@id\":\"https:\\\/\\\/ubirataonline.com.br\\\/zoologico-de-curitiba-tera-moradores-ineditos\\\/\"},\"wordCount\":233,\"publisher\":{\"@id\":\"https:\\\/\\\/ubirataonline.com.br\\\/#organization\"},\"image\":{\"@id\":\"https:\\\/\\\/ubirataonline.com.br\\\/zoologico-de-curitiba-tera-moradores-ineditos\\\/#primaryimage\"},\"thumbnailUrl\":\"https:\\\/\\\/ubirataonline.com.br\\\/wp-content\\\/uploads\\\/2025\\\/09\\\/zoologico-curitiba.png\",\"articleSection\":[\"Ubirat\u00e3\"],\"inLanguage\":\"en-US\",\"copyrightYear\":\"2025\",\"copyrightHolder\":{\"@id\":\"https:\\\/\\\/ubirataonline.com.br\\\/en\\\/#organization\"}},{\"@type\":\"WebPage\",\"@id\":\"https:\\\/\\\/ubirataonline.com.br\\\/zoologico-de-curitiba-tera-moradores-ineditos\\\/\",\"url\":\"https:\\\/\\\/ubirataonline.com.br\\\/zoologico-de-curitiba-tera-moradores-ineditos\\\/\",\"name\":\"Zool\u00f3gico de Curitiba ter\u00e1 moradores in\u00e9ditos - Ubirat\u00e3 Online Not\u00edcias - A realidade ao seu alcance!\",\"isPartOf\":{\"@id\":\"https:\\\/\\\/ubirataonline.com.br\\\/#website\"},\"primaryImageOfPage\":{\"@id\":\"https:\\\/\\\/ubirataonline.com.br\\\/zoologico-de-curitiba-tera-moradores-ineditos\\\/#primaryimage\"},\"image\":{\"@id\":\"https:\\\/\\\/ubirataonline.com.br\\\/zoologico-de-curitiba-tera-moradores-ineditos\\\/#primaryimage\"},\"thumbnailUrl\":\"https:\\\/\\\/ubirataonline.com.br\\\/wp-content\\\/uploads\\\/2025\\\/09\\\/zoologico-curitiba.png\",\"datePublished\":\"2025-09-12T01:34:11+00:00\",\"description\":\"O mist\u00e9rio que come\u00e7ou na quarta-feira (10) sobre a novidade no Zool\u00f3gico de Curitiba finalmente foi revelado pela prefeitura nesta quinta-feira (11),\",\"breadcrumb\":{\"@id\":\"https:\\\/\\\/ubirataonline.com.br\\\/zoologico-de-curitiba-tera-moradores-ineditos\\\/#breadcrumb\"},\"inLanguage\":\"en-US\",\"potentialAction\":[{\"@type\":\"ReadAction\",\"target\":[\"https:\\\/\\\/ubirataonline.com.br\\\/zoologico-de-curitiba-tera-moradores-ineditos\\\/\"]}]},{\"@type\":\"ImageObject\",\"inLanguage\":\"en-US\",\"@id\":\"https:\\\/\\\/ubirataonline.com.br\\\/zoologico-de-curitiba-tera-moradores-ineditos\\\/#primaryimage\",\"url\":\"https:\\\/\\\/ubirataonline.com.br\\\/wp-content\\\/uploads\\\/2025\\\/09\\\/zoologico-curitiba.png\",\"contentUrl\":\"https:\\\/\\\/ubirataonline.com.br\\\/wp-content\\\/uploads\\\/2025\\\/09\\\/zoologico-curitiba.png\",\"width\":1200,\"height\":900},{\"@type\":\"BreadcrumbList\",\"@id\":\"https:\\\/\\\/ubirataonline.com.br\\\/zoologico-de-curitiba-tera-moradores-ineditos\\\/#breadcrumb\",\"itemListElement\":[{\"@type\":\"ListItem\",\"position\":1,\"name\":\"In\u00edcio\",\"item\":\"https:\\\/\\\/ubirataonline.com.br\\\/\"},{\"@type\":\"ListItem\",\"position\":2,\"name\":\"Zool\u00f3gico de Curitiba ter\u00e1 moradores in\u00e9ditos\"}]},{\"@type\":\"WebSite\",\"@id\":\"https:\\\/\\\/ubirataonline.com.br\\\/#website\",\"url\":\"https:\\\/\\\/ubirataonline.com.br\\\/\",\"name\":\"Ubirat\u00e3 Online Not\u00edcias\",\"description\":\"Not\u00edcias de Ubirat\u00e3, regi\u00e3o, Brasil e mundo, com informa\u00e7\u00e3o atualizada e compromisso com o leitor.\",\"publisher\":{\"@id\":\"https:\\\/\\\/ubirataonline.com.br\\\/#organization\"},\"alternateName\":\"Ubirat\u00e3 Online\",\"potentialAction\":[{\"@type\":\"SearchAction\",\"target\":{\"@type\":\"EntryPoint\",\"urlTemplate\":\"https:\\\/\\\/ubirataonline.com.br\\\/?s={search_term_string}\"},\"query-input\":{\"@type\":\"PropertyValueSpecification\",\"valueRequired\":true,\"valueName\":\"search_term_string\"}}],\"inLanguage\":\"en-US\"},{\"@type\":[\"Organization\",\"Place\"],\"@id\":\"https:\\\/\\\/ubirataonline.com.br\\\/#organization\",\"name\":\"Ubirat\u00e3 Online Not\u00edcias\",\"alternateName\":\"Ubirat\u00e3 Online\",\"url\":\"https:\\\/\\\/ubirataonline.com.br\\\/\",\"logo\":{\"@id\":\"https:\\\/\\\/ubirataonline.com.br\\\/zoologico-de-curitiba-tera-moradores-ineditos\\\/#local-main-organization-logo\"},\"image\":{\"@id\":\"https:\\\/\\\/ubirataonline.com.br\\\/zoologico-de-curitiba-tera-moradores-ineditos\\\/#local-main-organization-logo\"},\"sameAs\":[\"https:\\\/\\\/www.facebook.com\\\/portalubirataonline\",\"https:\\\/\\\/x.com\\\/ubirataonline\",\"https:\\\/\\\/mastodon.social\\\/@ubirataonline\",\"https:\\\/\\\/www.facebook.com\\\/groups\\\/311144672285604\",\"https:\\\/\\\/www.facebook.com\\\/UBTAOnline\",\"https:\\\/\\\/www.instagram.com\\\/portalubirataonline\\\/\",\"https:\\\/\\\/twitter.com\\\/ubirataonline\"],\"description\":\"Somos um portal de not\u00edcias independente, criado em 5 de janeiro de 2009, com o objetivo de informar, conectar e valorizar a nossa comunidade de Ubirat\u00e3 e toda aregi\u00e3o. Com conte\u00fado atualizado, confi\u00e1vel e relevante, o Ubirat\u00e3 Online \u00e9 o seu espa\u00e7o para ficar por dentro dos principais acontecimentos locais, regionais, Brasil, Mundo e de interesse geral. Nosso compromisso \u00e9 com a verdade, a transpar\u00eancia e o respeito ao leitor.\",\"legalName\":\"UBIRATA ONLINE NOT\u00cdCIAS\",\"foundingDate\":\"2009-01-05\",\"numberOfEmployees\":{\"@type\":\"QuantitativeValue\",\"minValue\":\"1\",\"maxValue\":\"10\"},\"publishingPrinciples\":\"https:\\\/\\\/ubirataonline.com.br\\\/faq\\\/\",\"address\":{\"@id\":\"https:\\\/\\\/ubirataonline.com.br\\\/zoologico-de-curitiba-tera-moradores-ineditos\\\/#local-main-place-address\"},\"geo\":{\"@type\":\"GeoCoordinates\",\"latitude\":\"-24.5361401\",\"longitude\":\"-52.9921776\"},\"telephone\":[\"+5544998308235\"],\"contactPoint\":{\"@type\":\"ContactPoint\",\"email\":\"contato@ubirataonline.com.br\"},\"openingHoursSpecification\":{\"@type\":\"OpeningHoursSpecification\",\"dayOfWeek\":[\"Monday\",\"Tuesday\",\"Wednesday\",\"Thursday\",\"Friday\",\"Saturday\",\"Sunday\"],\"opens\":\"00:00\",\"closes\":\"23:59\"},\"email\":\"contato@ubirataonline.com.br\",\"vatID\":\"47.621.418\\\/0001-80\"},{\"@type\":\"Person\",\"@id\":\"https:\\\/\\\/ubirataonline.com.br\\\/#\\\/schema\\\/person\\\/372f87bbd3fdd79b8556b84c98d0bc1c\",\"name\":\"REDA\u00c7\u00c3O: UBIRAT\u00c3 ONLINE - F\u00c1BIO AUGUSTO CELESTINO\",\"pronouns\":\"Ele\",\"description\":\"Desde 2003 trabalhando com not\u00edcias.\",\"sameAs\":[\"http:\\\/\\\/ubirataoline.com.br\",\"https:\\\/\\\/www.facebook.com\\\/portalubirataonline\",\"https:\\\/\\\/www.instagram.com\\\/ubirataonline_oficial\",\"https:\\\/\\\/x.com\\\/x.com\\\/ubirataonline\"],\"honorificPrefix\":\"Mr.\",\"honorificSuffix\":\"MD\",\"birthDate\":\"1980-06-16\",\"gender\":\"masculino\",\"award\":[\"V\u00e1rios pr\u00eamios de melhor portal da cidade\"],\"jobTitle\":\"Diretor\",\"url\":\"https:\\\/\\\/ubirataonline.com.br\\\/en\\\/author\\\/ubirataonline\\\/\"},{\"@type\":\"PostalAddress\",\"@id\":\"https:\\\/\\\/ubirataonline.com.br\\\/zoologico-de-curitiba-tera-moradores-ineditos\\\/#local-main-place-address\",\"streetAddress\":\"Rua dos Coqueiros, 104 - Bairro Boa Vista, Rua dos Coqueiros, 104 Bairro Boa Vista\",\"addressLocality\":\"UBIRATA\",\"postalCode\":\"85440-000\",\"addressRegion\":\"PR\",\"addressCountry\":\"BR\"},{\"@type\":\"ImageObject\",\"inLanguage\":\"en-US\",\"@id\":\"https:\\\/\\\/ubirataonline.com.br\\\/zoologico-de-curitiba-tera-moradores-ineditos\\\/#local-main-organization-logo\",\"url\":\"https:\\\/\\\/ubirataonline.com.br\\\/wp-content\\\/uploads\\\/2026\\\/06\\\/logoubirataonline-1.webp\",\"contentUrl\":\"https:\\\/\\\/ubirataonline.com.br\\\/wp-content\\\/uploads\\\/2026\\\/06\\\/logoubirataonline-1.webp\",\"width\":500,\"height\":500,\"caption\":\"Ubirat\u00e3 Online Not\u00edcias\"}]}<\/script>\n<meta name=\"geo.placename\" content=\"UBIRATA\" \/>\n<meta name=\"geo.position\" content=\"-24.5361401;-52.9921776\" \/>\n<meta name=\"geo.region\" content=\"Brazil\" \/>\n<!-- \/ Yoast SEO Premium plugin. -->","yoast_head_json":{"title":"Zool\u00f3gico de Curitiba ter\u00e1 moradores in\u00e9ditos - Ubirat\u00e3 Online Not\u00edcias - A realidade ao seu alcance!","description":"O mist\u00e9rio que come\u00e7ou na quarta-feira (10) sobre a novidade no Zool\u00f3gico de Curitiba finalmente foi revelado pela prefeitura nesta quinta-feira (11),","robots":{"index":"index","follow":"follow","max-snippet":"max-snippet:-1","max-image-preview":"max-image-preview:large","max-video-preview":"max-video-preview:-1"},"canonical":"https:\/\/ubirataonline.com.br\/en\/zoologico-de-curitiba-tera-moradores-ineditos\/","og_locale":"en_US","og_type":"article","og_title":"Zool\u00f3gico de Curitiba ter\u00e1 moradores in\u00e9ditos","og_description":"O mist\u00e9rio que come\u00e7ou na quarta-feira (10) sobre a novidade no Zool\u00f3gico de Curitiba finalmente foi revelado pela prefeitura nesta quinta-feira (11),","og_url":"https:\/\/ubirataonline.com.br\/en\/zoologico-de-curitiba-tera-moradores-ineditos\/","og_site_name":"Ubirat\u00e3 Online Not\u00edcias - A realidade ao seu alcance!","article_publisher":"https:\/\/www.facebook.com\/portalubirataonline","article_author":"https:\/\/www.facebook.com\/portalubirataonline","article_published_time":"2025-09-12T01:34:11+00:00","og_image":[{"url":"https:\/\/www.tribunapr.com.br\/wp-content\/uploads\/2025\/09\/08183613\/Apresentacao-de-TCC-vintage-retro-com-blur-vermelho-e-roxo-2025-09-08T183517.087-370x210.jpg","type":"","width":"","height":""}],"author":"REDA\u00c7\u00c3O: UBIRAT\u00c3 ONLINE - F\u00c1BIO AUGUSTO CELESTINO","twitter_card":"summary_large_image","twitter_creator":"@x.com\/ubirataonline","twitter_site":"@ubirataonline","twitter_misc":{"Written by":"REDA\u00c7\u00c3O: UBIRAT\u00c3 ONLINE - F\u00c1BIO AUGUSTO CELESTINO","Est. reading time":"1 minute"},"schema":{"@context":"https:\/\/schema.org","@graph":[{"@type":"NewsArticle","@id":"https:\/\/ubirataonline.com.br\/zoologico-de-curitiba-tera-moradores-ineditos\/#article","isPartOf":{"@id":"https:\/\/ubirataonline.com.br\/zoologico-de-curitiba-tera-moradores-ineditos\/"},"author":{"name":"REDA\u00c7\u00c3O: UBIRAT\u00c3 ONLINE - F\u00c1BIO AUGUSTO CELESTINO","@id":"https:\/\/ubirataonline.com.br\/#\/schema\/person\/372f87bbd3fdd79b8556b84c98d0bc1c"},"headline":"Zool\u00f3gico de Curitiba ter\u00e1 moradores in\u00e9ditos","datePublished":"2025-09-12T01:34:11+00:00","mainEntityOfPage":{"@id":"https:\/\/ubirataonline.com.br\/zoologico-de-curitiba-tera-moradores-ineditos\/"},"wordCount":233,"publisher":{"@id":"https:\/\/ubirataonline.com.br\/#organization"},"image":{"@id":"https:\/\/ubirataonline.com.br\/zoologico-de-curitiba-tera-moradores-ineditos\/#primaryimage"},"thumbnailUrl":"https:\/\/ubirataonline.com.br\/wp-content\/uploads\/2025\/09\/zoologico-curitiba.png","articleSection":["Ubirat\u00e3"],"inLanguage":"en-US","copyrightYear":"2025","copyrightHolder":{"@id":"https:\/\/ubirataonline.com.br\/en\/#organization"}},{"@type":"WebPage","@id":"https:\/\/ubirataonline.com.br\/zoologico-de-curitiba-tera-moradores-ineditos\/","url":"https:\/\/ubirataonline.com.br\/zoologico-de-curitiba-tera-moradores-ineditos\/","name":"Zool\u00f3gico de Curitiba ter\u00e1 moradores in\u00e9ditos - Ubirat\u00e3 Online Not\u00edcias - A realidade ao seu alcance!","isPartOf":{"@id":"https:\/\/ubirataonline.com.br\/#website"},"primaryImageOfPage":{"@id":"https:\/\/ubirataonline.com.br\/zoologico-de-curitiba-tera-moradores-ineditos\/#primaryimage"},"image":{"@id":"https:\/\/ubirataonline.com.br\/zoologico-de-curitiba-tera-moradores-ineditos\/#primaryimage"},"thumbnailUrl":"https:\/\/ubirataonline.com.br\/wp-content\/uploads\/2025\/09\/zoologico-curitiba.png","datePublished":"2025-09-12T01:34:11+00:00","description":"O mist\u00e9rio que come\u00e7ou na quarta-feira (10) sobre a novidade no Zool\u00f3gico de Curitiba finalmente foi revelado pela prefeitura nesta quinta-feira (11),","breadcrumb":{"@id":"https:\/\/ubirataonline.com.br\/zoologico-de-curitiba-tera-moradores-ineditos\/#breadcrumb"},"inLanguage":"en-US","potentialAction":[{"@type":"ReadAction","target":["https:\/\/ubirataonline.com.br\/zoologico-de-curitiba-tera-moradores-ineditos\/"]}]},{"@type":"ImageObject","inLanguage":"en-US","@id":"https:\/\/ubirataonline.com.br\/zoologico-de-curitiba-tera-moradores-ineditos\/#primaryimage","url":"https:\/\/ubirataonline.com.br\/wp-content\/uploads\/2025\/09\/zoologico-curitiba.png","contentUrl":"https:\/\/ubirataonline.com.br\/wp-content\/uploads\/2025\/09\/zoologico-curitiba.png","width":1200,"height":900},{"@type":"BreadcrumbList","@id":"https:\/\/ubirataonline.com.br\/zoologico-de-curitiba-tera-moradores-ineditos\/#breadcrumb","itemListElement":[{"@type":"ListItem","position":1,"name":"In\u00edcio","item":"https:\/\/ubirataonline.com.br\/"},{"@type":"ListItem","position":2,"name":"Zool\u00f3gico de Curitiba ter\u00e1 moradores in\u00e9ditos"}]},{"@type":"WebSite","@id":"https:\/\/ubirataonline.com.br\/#website","url":"https:\/\/ubirataonline.com.br\/","name":"Ubirat\u00e3 Online Not\u00edcias","description":"Not\u00edcias de Ubirat\u00e3, regi\u00e3o, Brasil e mundo, com informa\u00e7\u00e3o atualizada e compromisso com o leitor.","publisher":{"@id":"https:\/\/ubirataonline.com.br\/#organization"},"alternateName":"Ubirat\u00e3 Online","potentialAction":[{"@type":"SearchAction","target":{"@type":"EntryPoint","urlTemplate":"https:\/\/ubirataonline.com.br\/?s={search_term_string}"},"query-input":{"@type":"PropertyValueSpecification","valueRequired":true,"valueName":"search_term_string"}}],"inLanguage":"en-US"},{"@type":["Organization","Place"],"@id":"https:\/\/ubirataonline.com.br\/#organization","name":"Ubirat\u00e3 Online Not\u00edcias","alternateName":"Ubirat\u00e3 Online","url":"https:\/\/ubirataonline.com.br\/","logo":{"@id":"https:\/\/ubirataonline.com.br\/zoologico-de-curitiba-tera-moradores-ineditos\/#local-main-organization-logo"},"image":{"@id":"https:\/\/ubirataonline.com.br\/zoologico-de-curitiba-tera-moradores-ineditos\/#local-main-organization-logo"},"sameAs":["https:\/\/www.facebook.com\/portalubirataonline","https:\/\/x.com\/ubirataonline","https:\/\/mastodon.social\/@ubirataonline","https:\/\/www.facebook.com\/groups\/311144672285604","https:\/\/www.facebook.com\/UBTAOnline","https:\/\/www.instagram.com\/portalubirataonline\/","https:\/\/twitter.com\/ubirataonline"],"description":"Somos um portal de not\u00edcias independente, criado em 5 de janeiro de 2009, com o objetivo de informar, conectar e valorizar a nossa comunidade de Ubirat\u00e3 e toda aregi\u00e3o. Com conte\u00fado atualizado, confi\u00e1vel e relevante, o Ubirat\u00e3 Online \u00e9 o seu espa\u00e7o para ficar por dentro dos principais acontecimentos locais, regionais, Brasil, Mundo e de interesse geral. Nosso compromisso \u00e9 com a verdade, a transpar\u00eancia e o respeito ao leitor.","legalName":"UBIRATA ONLINE NOT\u00cdCIAS","foundingDate":"2009-01-05","numberOfEmployees":{"@type":"QuantitativeValue","minValue":"1","maxValue":"10"},"publishingPrinciples":"https:\/\/ubirataonline.com.br\/faq\/","address":{"@id":"https:\/\/ubirataonline.com.br\/zoologico-de-curitiba-tera-moradores-ineditos\/#local-main-place-address"},"geo":{"@type":"GeoCoordinates","latitude":"-24.5361401","longitude":"-52.9921776"},"telephone":["+5544998308235"],"contactPoint":{"@type":"ContactPoint","email":"contato@ubirataonline.com.br"},"openingHoursSpecification":{"@type":"OpeningHoursSpecification","dayOfWeek":["Monday","Tuesday","Wednesday","Thursday","Friday","Saturday","Sunday"],"opens":"00:00","closes":"23:59"},"email":"contato@ubirataonline.com.br","vatID":"47.621.418\/0001-80"},{"@type":"Person","@id":"https:\/\/ubirataonline.com.br\/#\/schema\/person\/372f87bbd3fdd79b8556b84c98d0bc1c","name":"REDA\u00c7\u00c3O: UBIRAT\u00c3 ONLINE - F\u00c1BIO AUGUSTO CELESTINO","pronouns":"Ele","description":"Desde 2003 trabalhando com not\u00edcias.","sameAs":["http:\/\/ubirataoline.com.br","https:\/\/www.facebook.com\/portalubirataonline","https:\/\/www.instagram.com\/ubirataonline_oficial","https:\/\/x.com\/x.com\/ubirataonline"],"honorificPrefix":"Mr.","honorificSuffix":"MD","birthDate":"1980-06-16","gender":"masculino","award":["V\u00e1rios pr\u00eamios de melhor portal da cidade"],"jobTitle":"Diretor","url":"https:\/\/ubirataonline.com.br\/en\/author\/ubirataonline\/"},{"@type":"PostalAddress","@id":"https:\/\/ubirataonline.com.br\/zoologico-de-curitiba-tera-moradores-ineditos\/#local-main-place-address","streetAddress":"Rua dos Coqueiros, 104 - Bairro Boa Vista, Rua dos Coqueiros, 104 Bairro Boa Vista","addressLocality":"UBIRATA","postalCode":"85440-000","addressRegion":"PR","addressCountry":"BR"},{"@type":"ImageObject","inLanguage":"en-US","@id":"https:\/\/ubirataonline.com.br\/zoologico-de-curitiba-tera-moradores-ineditos\/#local-main-organization-logo","url":"https:\/\/ubirataonline.com.br\/wp-content\/uploads\/2026\/06\/logoubirataonline-1.webp","contentUrl":"https:\/\/ubirataonline.com.br\/wp-content\/uploads\/2026\/06\/logoubirataonline-1.webp","width":500,"height":500,"caption":"Ubirat\u00e3 Online Not\u00edcias"}]},"geo.placename":"UBIRATA","geo.position":{"lat":"-24.5361401","long":"-52.9921776"},"geo.region":"Brazil"},"_links":{"self":[{"href":"https:\/\/ubirataonline.com.br\/en\/wp-json\/wp\/v2\/posts\/68055","targetHints":{"allow":["GET"]}}],"collection":[{"href":"https:\/\/ubirataonline.com.br\/en\/wp-json\/wp\/v2\/posts"}],"about":[{"href":"https:\/\/ubirataonline.com.br\/en\/wp-json\/wp\/v2\/types\/post"}],"author":[{"embeddable":true,"href":"https:\/\/ubirataonline.com.br\/en\/wp-json\/wp\/v2\/users\/1"}],"replies":[{"embeddable":true,"href":"https:\/\/ubirataonline.com.br\/en\/wp-json\/wp\/v2\/comments?post=68055"}],"version-history":[{"count":0,"href":"https:\/\/ubirataonline.com.br\/en\/wp-json\/wp\/v2\/posts\/68055\/revisions"}],"wp:featuredmedia":[{"embeddable":true,"href":"https:\/\/ubirataonline.com.br\/en\/wp-json\/wp\/v2\/media\/68056"}],"wp:attachment":[{"href":"https:\/\/ubirataonline.com.br\/en\/wp-json\/wp\/v2\/media?parent=68055"}],"wp:term":[{"taxonomy":"category","embeddable":true,"href":"https:\/\/ubirataonline.com.br\/en\/wp-json\/wp\/v2\/categories?post=68055"},{"taxonomy":"post_tag","embeddable":true,"href":"https:\/\/ubirataonline.com.br\/en\/wp-json\/wp\/v2\/tags?post=68055"}],"curies":[{"name":"wp","href":"https:\/\/api.w.org\/{rel}","templated":true}]}}