{"id":68062,"date":"2025-09-11T23:35:22","date_gmt":"2025-09-12T02:35:22","guid":{"rendered":"https:\/\/ubirataonline.com.br\/contas-publicas-tem-deficit-de-r-337-bilhoes-em-maio\/"},"modified":"2025-09-11T23:35:22","modified_gmt":"2025-09-12T02:35:22","slug":"contas-publicas-tem-deficit-de-r-337-bilhoes-em-maio","status":"publish","type":"post","link":"https:\/\/ubirataonline.com.br\/en\/contas-publicas-tem-deficit-de-r-337-bilhoes-em-maio\/","title":{"rendered":"Contas p\u00fablicas t\u00eam d\u00e9ficit de R$ 33,7 bilh\u00f5es em maio"},"content":{"rendered":"<p><\/p>\n<div id=\"texto\">\n<p>As contas p\u00fablicas fecharam o m\u00eas de maio com saldo negativo, em um m\u00eas tradicionalmente de d\u00e9ficit do Governo Central. <strong>O setor p\u00fablico consolidado \u2013 formado por Uni\u00e3o, estados, munic\u00edpios e empresas estatais \u2013 registrou d\u00e9ficit prim\u00e1rio de R$ 33,740 bilh\u00f5es no m\u00eas passado.<\/strong><\/p>\n<p>Houve redu\u00e7\u00e3o em rela\u00e7\u00e3o a maio de 2024, quando as contas fecharam com R$ 63,895 bilh\u00f5es negativos. <strong>Na compara\u00e7\u00e3o interanual, houve melhora nas contas p\u00fablicas tamb\u00e9m em raz\u00e3o da melhora nas contas do Governo Central, que inclui Previd\u00eancia, Banco Central e Tesouro Nacional. As receitas l\u00edquidas federais subiram 4,7% e as despesas totais ca\u00edram 7,6%<\/strong>.<\/p>\n<p>As Estat\u00edsticas Fiscais foram divulgadas nesta segunda-feira (30) pelo Banco Central (BC). O d\u00e9ficit prim\u00e1rio representa o resultado negativo das contas do setor p\u00fablico (despesas menos receitas), desconsiderando o pagamento dos juros da d\u00edvida p\u00fablica.<\/p>\n<p>Apesar do resultado negativo de maio, no acumulado do ano, o setor p\u00fablico consolidado registra super\u00e1vit prim\u00e1rio de R$ 69,121 bilh\u00f5es. <strong>Em 12 meses \u2013 encerrados em maio \u2013 as contas acumulam resultado positivo de R$ 24,143 bilh\u00f5es, o que corresponde a 0,2% do Produto Interno Bruto (PIB, a soma de todos os bens e servi\u00e7os produzidos no pa\u00eds).<\/strong><\/p>\n<p>&gt;&gt; Siga o canal da Ag\u00eancia Brasil no WhatsApp\u00a0<\/p>\n<p>Em 2024, as contas p\u00fablicas fecharam o ano com d\u00e9ficit prim\u00e1rio de R$ 47,553 bilh\u00f5es, 0,4% do PIB.<\/p>\n<h2>Esferas de governo<\/h2>\n<p><strong>Em maio \u00faltimo, a conta do Governo Central teve d\u00e9ficit prim\u00e1rio de R$ 37,351 bilh\u00f5es ante resultado negativo de R$ 60,778 bilh\u00f5es em maio de 2024.<\/strong> O montante difere do resultado divulgado na semana passada pelo Tesouro Nacional, de d\u00e9ficit de R$ 40,621 bilh\u00f5es, porque o BC usa uma metodologia diferente, que leva em conta a varia\u00e7\u00e3o da d\u00edvida dos entes p\u00fablicos.<\/p>\n<p><strong>Os governos estaduais registraram super\u00e1vit no m\u00eas de maio de R$ 5,346 bilh\u00f5es, ante super\u00e1vit de R$ 559 milh\u00f5es em maio do ano passado<\/strong>. J\u00e1 os governos municipais tiveram resultado negativo de R$ 808 milh\u00f5es em maio deste ano. No mesmo m\u00eas de 2024, o d\u00e9ficit de R$ 1,637 bilh\u00e3o para esses entes.<\/p>\n<p>Com isso, contribuindo para reduzir o d\u00e9ficit das contas p\u00fablicas, no total, os governos regionais \u2013 estaduais e municipais \u2013 tiveram super\u00e1vit de R$ 4,537 bilh\u00f5es em maio passado contra resultado negativo de R$ 1,078 bilh\u00e3o no mesmo m\u00eas de 2024.<\/p>\n<p><strong>Por outro lado, as empresas estatais federais, estaduais e municipais \u2013 exclu\u00eddas dos grupos Petrobras e Eletrobras \u2013 contribu\u00edram para o aumento do d\u00e9ficit das contas consolidadas, com o resultado negativo de R$ 926 milh\u00f5es em maio.<\/strong> No mesmo m\u00eas de 2024, o d\u00e9ficit foi de R$ 2,039 bilh\u00f5es.<\/p>\n<h2>Despesas com juros<\/h2>\n<p><strong>Os gastos com juros ficaram em R$ 92,145 bilh\u00f5es no m\u00eas passado, um aumento de R$ 17,8 bilh\u00f5es em rela\u00e7\u00e3o aos R$ 74,361 bilh\u00f5es registrados em maio de 2024.<\/strong> De acordo com o BC, n\u00e3o \u00e9 comum a conta de juros apresentar grandes varia\u00e7\u00f5es, especialmente negativas, j\u00e1 que os juros s\u00e3o apropriados por compet\u00eancia, m\u00eas a m\u00eas.<\/p>\n<p>Mas no resultado, h\u00e1 os efeitos das opera\u00e7\u00f5es do Banco Central no mercado de c\u00e2mbio (swap cambial, que \u00e9 a venda de d\u00f3lares no mercado futuro) que, neste caso, contribu\u00edram para a melhora da conta de juros em maio. Os resultados dessas opera\u00e7\u00f5es s\u00e3o transferidos para o pagamento dos juros da d\u00edvida p\u00fablica, como receita quando h\u00e1 ganhos e como despesa quando h\u00e1 perdas.<\/p>\n<p><strong>Em maio de 2024, as opera\u00e7\u00f5es de swap tiveram perda de R$ 7,7 bilh\u00f5es, quando em maio deste ano houve ganho de RS 1,7 bilh\u00e3o, reduzindo a conta de juros.<\/strong> Sem esses resultados, a conta de juros teria um aumento de R$ 27,2 bilh\u00f5es na compara\u00e7\u00e3o interanual, em raz\u00e3o da alta taxa b\u00e1sica de juros, a Selic, e o pr\u00f3prio crescimento da d\u00edvida no per\u00edodo.<\/p>\n<p>Com isso, o resultado nominal das contas p\u00fablicas \u2013 formado pelo resultado prim\u00e1rio e os gastos com juros \u2013 caiu na compara\u00e7\u00e3o interanual. <strong>No m\u00eas de maio, o d\u00e9ficit nominal ficou em R$ 125,885 bilh\u00f5es contra o resultado negativo de R$ 138,256 bilh\u00f5es em igual m\u00eas de 2024.<\/strong><\/p>\n<p><strong>Em 12 meses encerrados em maio, o setor p\u00fablico acumula d\u00e9ficit R$ 922,004 bilh\u00f5es, ou 7,58% do PIB<\/strong>. O resultado nominal \u00e9 levado em conta pelas ag\u00eancias de classifica\u00e7\u00e3o de risco ao analisar o endividamento de um pa\u00eds, indicador observado por investidores.<\/p>\n<h2>D\u00edvida p\u00fablica<\/h2>\n<p><strong>A d\u00edvida l\u00edquida do setor p\u00fablico \u2013 balan\u00e7o entre o total de cr\u00e9ditos e d\u00e9bitos dos governos federal, estaduais e municipais \u2013 chegou a R$ 7,547 trilh\u00f5es em maio, o que corresponde a 62% do PIB<\/strong>. \u00c9 o segundo maior valor da d\u00edvida na s\u00e9rie hist\u00f3rica do BC, atr\u00e1s apenas do resultado de setembro de 2002, quando chegou a 62,45% do PIB. <strong>Em mar\u00e7o passado, o percentual da d\u00edvida l\u00edquida em rela\u00e7\u00e3o ao PIB estava em 61,5% (R$ 7,432 trilh\u00f5es).<\/strong><\/p>\n<p>No m\u00eas de maio deste ano, a <strong>d\u00edvida bruta do governo geral (DBGG) \u2013 que contabiliza apenas os passivos dos governos federal, estaduais e municipais \u2013 chegou a R$ 9,264 trilh\u00f5es ou 76,1%, com aumento em rela\u00e7\u00e3o ao m\u00eas anterior \u2013 R$ 9,176 trilh\u00f5es ou 76% do PIB<\/strong>. Assim como o resultado nominal, a d\u00edvida bruta \u00e9 usada para tra\u00e7ar compara\u00e7\u00f5es internacionais.<\/p>\n<p>\u00a0<\/p>\n<p><b>Fonte:<\/b> Ag\u00eancia Brasil<\/p>\n<\/p><\/div>\n<p><a href=\"https:\/\/cgn.inf.br\/noticia\/1873120\/contas-publicas-tem-deficit-de-r-337-bilhoes-em-maio\">Source link <\/a><\/p>","protected":false},"excerpt":{"rendered":"<p>As contas p\u00fablicas fecharam o m\u00eas de maio com saldo negativo, em um m\u00eas tradicionalmente de d\u00e9ficit do Governo Central. O setor p\u00fablico consolidado \u2013 formado por Uni\u00e3o, estados, munic\u00edpios e empresas estatais \u2013 registrou d\u00e9ficit prim\u00e1rio de R$ 33,740 bilh\u00f5es no m\u00eas passado. Houve redu\u00e7\u00e3o em rela\u00e7\u00e3o a maio de 2024, quando as contas [&hellip;]<\/p>\n","protected":false},"author":1,"featured_media":68063,"comment_status":"","ping_status":"","sticky":false,"template":"","format":"standard","meta":{"googlesitekit_rrm_CAow2JLhCw:productID":"","_gspb_post_css":"","maa_idioma":"","maa_pais":"","footnotes":""},"categories":[1],"tags":[],"class_list":["post-68062","post","type-post","status-publish","format-standard","has-post-thumbnail","hentry","category-ubirata"],"blocksy_meta":[],"yoast_head":"<!-- This site is optimized with the Yoast SEO Premium plugin v27.6 (Yoast SEO v27.6) - https:\/\/yoast.com\/product\/yoast-seo-premium-wordpress\/ -->\n<title>Contas p\u00fablicas t\u00eam d\u00e9ficit de R$ 33,7 bilh\u00f5es em maio - Ubirat\u00e3 Online Not\u00edcias - A realidade ao seu alcance!<\/title>\n<meta name=\"description\" content=\"As contas p\u00fablicas fecharam o m\u00eas de maio com saldo negativo, em um m\u00eas tradicionalmente de d\u00e9ficit do Governo Central. O setor p\u00fablico consolidado \u2013\" \/>\n<meta name=\"robots\" content=\"index, follow, max-snippet:-1, max-image-preview:large, max-video-preview:-1\" \/>\n<link rel=\"canonical\" href=\"https:\/\/ubirataonline.com.br\/en\/contas-publicas-tem-deficit-de-r-337-bilhoes-em-maio\/\" \/>\n<meta property=\"og:locale\" content=\"en_US\" \/>\n<meta property=\"og:type\" content=\"article\" \/>\n<meta property=\"og:title\" content=\"Contas p\u00fablicas t\u00eam d\u00e9ficit de R$ 33,7 bilh\u00f5es em maio\" \/>\n<meta property=\"og:description\" content=\"As contas p\u00fablicas fecharam o m\u00eas de maio com saldo negativo, em um m\u00eas tradicionalmente de d\u00e9ficit do Governo Central. O setor p\u00fablico consolidado \u2013\" \/>\n<meta property=\"og:url\" content=\"https:\/\/ubirataonline.com.br\/en\/contas-publicas-tem-deficit-de-r-337-bilhoes-em-maio\/\" \/>\n<meta property=\"og:site_name\" content=\"Ubirat\u00e3 Online Not\u00edcias - A realidade ao seu alcance!\" \/>\n<meta property=\"article:publisher\" content=\"https:\/\/www.facebook.com\/portalubirataonline\" \/>\n<meta property=\"article:author\" content=\"https:\/\/www.facebook.com\/portalubirataonline\" \/>\n<meta property=\"article:published_time\" content=\"2025-09-12T02:35:22+00:00\" \/>\n<meta property=\"og:image\" content=\"https:\/\/ubirataonline.com.br\/wp-content\/uploads\/2026\/05\/logo2026.webp\" \/>\n\t<meta property=\"og:image:width\" content=\"1531\" \/>\n\t<meta property=\"og:image:height\" content=\"418\" \/>\n\t<meta property=\"og:image:type\" content=\"image\/webp\" \/>\n<meta name=\"author\" content=\"REDA\u00c7\u00c3O: UBIRAT\u00c3 ONLINE - F\u00c1BIO AUGUSTO CELESTINO\" \/>\n<meta name=\"twitter:card\" content=\"summary_large_image\" \/>\n<meta name=\"twitter:creator\" content=\"@x.com\/ubirataonline\" \/>\n<meta name=\"twitter:site\" content=\"@ubirataonline\" \/>\n<meta name=\"twitter:label1\" content=\"Written by\" \/>\n\t<meta name=\"twitter:data1\" content=\"REDA\u00c7\u00c3O: UBIRAT\u00c3 ONLINE - F\u00c1BIO AUGUSTO CELESTINO\" \/>\n\t<meta name=\"twitter:label2\" content=\"Est. reading time\" \/>\n\t<meta name=\"twitter:data2\" content=\"5 minutes\" \/>\n<script type=\"application\/ld+json\" class=\"yoast-schema-graph\">{\"@context\":\"https:\\\/\\\/schema.org\",\"@graph\":[{\"@type\":\"NewsArticle\",\"@id\":\"https:\\\/\\\/ubirataonline.com.br\\\/contas-publicas-tem-deficit-de-r-337-bilhoes-em-maio\\\/#article\",\"isPartOf\":{\"@id\":\"https:\\\/\\\/ubirataonline.com.br\\\/contas-publicas-tem-deficit-de-r-337-bilhoes-em-maio\\\/\"},\"author\":{\"name\":\"REDA\u00c7\u00c3O: UBIRAT\u00c3 ONLINE - F\u00c1BIO AUGUSTO CELESTINO\",\"@id\":\"https:\\\/\\\/ubirataonline.com.br\\\/#\\\/schema\\\/person\\\/372f87bbd3fdd79b8556b84c98d0bc1c\"},\"headline\":\"Contas p\u00fablicas t\u00eam d\u00e9ficit de R$ 33,7 bilh\u00f5es em maio\",\"datePublished\":\"2025-09-12T02:35:22+00:00\",\"mainEntityOfPage\":{\"@id\":\"https:\\\/\\\/ubirataonline.com.br\\\/contas-publicas-tem-deficit-de-r-337-bilhoes-em-maio\\\/\"},\"wordCount\":939,\"publisher\":{\"@id\":\"https:\\\/\\\/ubirataonline.com.br\\\/#organization\"},\"image\":{\"@id\":\"https:\\\/\\\/ubirataonline.com.br\\\/contas-publicas-tem-deficit-de-r-337-bilhoes-em-maio\\\/#primaryimage\"},\"thumbnailUrl\":\"https:\\\/\\\/ubirataonline.com.br\\\/wp-content\\\/uploads\\\/2025\\\/09\\\/banco_central_mcajr_abr_0104222276-2.jpg\",\"articleSection\":[\"Ubirat\u00e3\"],\"inLanguage\":\"en-US\",\"copyrightYear\":\"2025\",\"copyrightHolder\":{\"@id\":\"https:\\\/\\\/ubirataonline.com.br\\\/en\\\/#organization\"}},{\"@type\":\"WebPage\",\"@id\":\"https:\\\/\\\/ubirataonline.com.br\\\/contas-publicas-tem-deficit-de-r-337-bilhoes-em-maio\\\/\",\"url\":\"https:\\\/\\\/ubirataonline.com.br\\\/contas-publicas-tem-deficit-de-r-337-bilhoes-em-maio\\\/\",\"name\":\"Contas p\u00fablicas t\u00eam d\u00e9ficit de R$ 33,7 bilh\u00f5es em maio - Ubirat\u00e3 Online Not\u00edcias - A realidade ao seu alcance!\",\"isPartOf\":{\"@id\":\"https:\\\/\\\/ubirataonline.com.br\\\/#website\"},\"primaryImageOfPage\":{\"@id\":\"https:\\\/\\\/ubirataonline.com.br\\\/contas-publicas-tem-deficit-de-r-337-bilhoes-em-maio\\\/#primaryimage\"},\"image\":{\"@id\":\"https:\\\/\\\/ubirataonline.com.br\\\/contas-publicas-tem-deficit-de-r-337-bilhoes-em-maio\\\/#primaryimage\"},\"thumbnailUrl\":\"https:\\\/\\\/ubirataonline.com.br\\\/wp-content\\\/uploads\\\/2025\\\/09\\\/banco_central_mcajr_abr_0104222276-2.jpg\",\"datePublished\":\"2025-09-12T02:35:22+00:00\",\"description\":\"As contas p\u00fablicas fecharam o m\u00eas de maio com saldo negativo, em um m\u00eas tradicionalmente de d\u00e9ficit do Governo Central. O setor p\u00fablico consolidado \u2013\",\"breadcrumb\":{\"@id\":\"https:\\\/\\\/ubirataonline.com.br\\\/contas-publicas-tem-deficit-de-r-337-bilhoes-em-maio\\\/#breadcrumb\"},\"inLanguage\":\"en-US\",\"potentialAction\":[{\"@type\":\"ReadAction\",\"target\":[\"https:\\\/\\\/ubirataonline.com.br\\\/contas-publicas-tem-deficit-de-r-337-bilhoes-em-maio\\\/\"]}]},{\"@type\":\"ImageObject\",\"inLanguage\":\"en-US\",\"@id\":\"https:\\\/\\\/ubirataonline.com.br\\\/contas-publicas-tem-deficit-de-r-337-bilhoes-em-maio\\\/#primaryimage\",\"url\":\"https:\\\/\\\/ubirataonline.com.br\\\/wp-content\\\/uploads\\\/2025\\\/09\\\/banco_central_mcajr_abr_0104222276-2.jpg\",\"contentUrl\":\"https:\\\/\\\/ubirataonline.com.br\\\/wp-content\\\/uploads\\\/2025\\\/09\\\/banco_central_mcajr_abr_0104222276-2.jpg\",\"width\":1600,\"height\":800},{\"@type\":\"BreadcrumbList\",\"@id\":\"https:\\\/\\\/ubirataonline.com.br\\\/contas-publicas-tem-deficit-de-r-337-bilhoes-em-maio\\\/#breadcrumb\",\"itemListElement\":[{\"@type\":\"ListItem\",\"position\":1,\"name\":\"In\u00edcio\",\"item\":\"https:\\\/\\\/ubirataonline.com.br\\\/\"},{\"@type\":\"ListItem\",\"position\":2,\"name\":\"Contas p\u00fablicas t\u00eam d\u00e9ficit de R$ 33,7 bilh\u00f5es em maio\"}]},{\"@type\":\"WebSite\",\"@id\":\"https:\\\/\\\/ubirataonline.com.br\\\/#website\",\"url\":\"https:\\\/\\\/ubirataonline.com.br\\\/\",\"name\":\"Ubirat\u00e3 Online Not\u00edcias\",\"description\":\"Not\u00edcias de Ubirat\u00e3, regi\u00e3o, Brasil e mundo, com informa\u00e7\u00e3o atualizada e compromisso com o leitor.\",\"publisher\":{\"@id\":\"https:\\\/\\\/ubirataonline.com.br\\\/#organization\"},\"alternateName\":\"Ubirat\u00e3 Online\",\"potentialAction\":[{\"@type\":\"SearchAction\",\"target\":{\"@type\":\"EntryPoint\",\"urlTemplate\":\"https:\\\/\\\/ubirataonline.com.br\\\/?s={search_term_string}\"},\"query-input\":{\"@type\":\"PropertyValueSpecification\",\"valueRequired\":true,\"valueName\":\"search_term_string\"}}],\"inLanguage\":\"en-US\"},{\"@type\":[\"Organization\",\"Place\"],\"@id\":\"https:\\\/\\\/ubirataonline.com.br\\\/#organization\",\"name\":\"Ubirat\u00e3 Online Not\u00edcias\",\"alternateName\":\"Ubirat\u00e3 Online\",\"url\":\"https:\\\/\\\/ubirataonline.com.br\\\/\",\"logo\":{\"@id\":\"https:\\\/\\\/ubirataonline.com.br\\\/contas-publicas-tem-deficit-de-r-337-bilhoes-em-maio\\\/#local-main-organization-logo\"},\"image\":{\"@id\":\"https:\\\/\\\/ubirataonline.com.br\\\/contas-publicas-tem-deficit-de-r-337-bilhoes-em-maio\\\/#local-main-organization-logo\"},\"sameAs\":[\"https:\\\/\\\/www.facebook.com\\\/portalubirataonline\",\"https:\\\/\\\/x.com\\\/ubirataonline\",\"https:\\\/\\\/mastodon.social\\\/@ubirataonline\",\"https:\\\/\\\/www.facebook.com\\\/groups\\\/311144672285604\",\"https:\\\/\\\/www.facebook.com\\\/UBTAOnline\",\"https:\\\/\\\/www.instagram.com\\\/portalubirataonline\\\/\",\"https:\\\/\\\/twitter.com\\\/ubirataonline\"],\"description\":\"Somos um portal de not\u00edcias independente, criado em 5 de janeiro de 2009, com o objetivo de informar, conectar e valorizar a nossa comunidade de Ubirat\u00e3 e toda aregi\u00e3o. Com conte\u00fado atualizado, confi\u00e1vel e relevante, o Ubirat\u00e3 Online \u00e9 o seu espa\u00e7o para ficar por dentro dos principais acontecimentos locais, regionais, Brasil, Mundo e de interesse geral. Nosso compromisso \u00e9 com a verdade, a transpar\u00eancia e o respeito ao leitor.\",\"legalName\":\"UBIRATA ONLINE NOT\u00cdCIAS\",\"foundingDate\":\"2009-01-05\",\"numberOfEmployees\":{\"@type\":\"QuantitativeValue\",\"minValue\":\"1\",\"maxValue\":\"10\"},\"publishingPrinciples\":\"https:\\\/\\\/ubirataonline.com.br\\\/faq\\\/\",\"address\":{\"@id\":\"https:\\\/\\\/ubirataonline.com.br\\\/contas-publicas-tem-deficit-de-r-337-bilhoes-em-maio\\\/#local-main-place-address\"},\"geo\":{\"@type\":\"GeoCoordinates\",\"latitude\":\"-24.5361401\",\"longitude\":\"-52.9921776\"},\"telephone\":[\"+5544998308235\"],\"contactPoint\":{\"@type\":\"ContactPoint\",\"email\":\"contato@ubirataonline.com.br\"},\"openingHoursSpecification\":{\"@type\":\"OpeningHoursSpecification\",\"dayOfWeek\":[\"Monday\",\"Tuesday\",\"Wednesday\",\"Thursday\",\"Friday\",\"Saturday\",\"Sunday\"],\"opens\":\"00:00\",\"closes\":\"23:59\"},\"email\":\"contato@ubirataonline.com.br\",\"vatID\":\"47.621.418\\\/0001-80\"},{\"@type\":\"Person\",\"@id\":\"https:\\\/\\\/ubirataonline.com.br\\\/#\\\/schema\\\/person\\\/372f87bbd3fdd79b8556b84c98d0bc1c\",\"name\":\"REDA\u00c7\u00c3O: UBIRAT\u00c3 ONLINE - F\u00c1BIO AUGUSTO CELESTINO\",\"pronouns\":\"Ele\",\"description\":\"Desde 2003 trabalhando com not\u00edcias.\",\"sameAs\":[\"http:\\\/\\\/ubirataoline.com.br\",\"https:\\\/\\\/www.facebook.com\\\/portalubirataonline\",\"https:\\\/\\\/www.instagram.com\\\/ubirataonline_oficial\",\"https:\\\/\\\/x.com\\\/x.com\\\/ubirataonline\"],\"honorificPrefix\":\"Mr.\",\"honorificSuffix\":\"MD\",\"birthDate\":\"1980-06-16\",\"gender\":\"masculino\",\"award\":[\"V\u00e1rios pr\u00eamios de melhor portal da cidade\"],\"jobTitle\":\"Diretor\",\"url\":\"https:\\\/\\\/ubirataonline.com.br\\\/en\\\/author\\\/ubirataonline\\\/\"},{\"@type\":\"PostalAddress\",\"@id\":\"https:\\\/\\\/ubirataonline.com.br\\\/contas-publicas-tem-deficit-de-r-337-bilhoes-em-maio\\\/#local-main-place-address\",\"streetAddress\":\"Rua dos Coqueiros, 104 - Bairro Boa Vista, Rua dos Coqueiros, 104 Bairro Boa Vista\",\"addressLocality\":\"UBIRATA\",\"postalCode\":\"85440-000\",\"addressRegion\":\"PR\",\"addressCountry\":\"BR\"},{\"@type\":\"ImageObject\",\"inLanguage\":\"en-US\",\"@id\":\"https:\\\/\\\/ubirataonline.com.br\\\/contas-publicas-tem-deficit-de-r-337-bilhoes-em-maio\\\/#local-main-organization-logo\",\"url\":\"https:\\\/\\\/ubirataonline.com.br\\\/wp-content\\\/uploads\\\/2026\\\/06\\\/logoubirataonline-1.webp\",\"contentUrl\":\"https:\\\/\\\/ubirataonline.com.br\\\/wp-content\\\/uploads\\\/2026\\\/06\\\/logoubirataonline-1.webp\",\"width\":500,\"height\":500,\"caption\":\"Ubirat\u00e3 Online Not\u00edcias\"}]}<\/script>\n<meta name=\"geo.placename\" content=\"UBIRATA\" \/>\n<meta name=\"geo.position\" content=\"-24.5361401;-52.9921776\" \/>\n<meta name=\"geo.region\" content=\"Brazil\" \/>\n<!-- \/ Yoast SEO Premium plugin. -->","yoast_head_json":{"title":"Contas p\u00fablicas t\u00eam d\u00e9ficit de R$ 33,7 bilh\u00f5es em maio - Ubirat\u00e3 Online Not\u00edcias - A realidade ao seu alcance!","description":"As contas p\u00fablicas fecharam o m\u00eas de maio com saldo negativo, em um m\u00eas tradicionalmente de d\u00e9ficit do Governo Central. O setor p\u00fablico consolidado \u2013","robots":{"index":"index","follow":"follow","max-snippet":"max-snippet:-1","max-image-preview":"max-image-preview:large","max-video-preview":"max-video-preview:-1"},"canonical":"https:\/\/ubirataonline.com.br\/en\/contas-publicas-tem-deficit-de-r-337-bilhoes-em-maio\/","og_locale":"en_US","og_type":"article","og_title":"Contas p\u00fablicas t\u00eam d\u00e9ficit de R$ 33,7 bilh\u00f5es em maio","og_description":"As contas p\u00fablicas fecharam o m\u00eas de maio com saldo negativo, em um m\u00eas tradicionalmente de d\u00e9ficit do Governo Central. O setor p\u00fablico consolidado \u2013","og_url":"https:\/\/ubirataonline.com.br\/en\/contas-publicas-tem-deficit-de-r-337-bilhoes-em-maio\/","og_site_name":"Ubirat\u00e3 Online Not\u00edcias - A realidade ao seu alcance!","article_publisher":"https:\/\/www.facebook.com\/portalubirataonline","article_author":"https:\/\/www.facebook.com\/portalubirataonline","article_published_time":"2025-09-12T02:35:22+00:00","og_image":[{"width":1531,"height":418,"url":"https:\/\/ubirataonline.com.br\/wp-content\/uploads\/2026\/05\/logo2026.webp","type":"image\/webp"}],"author":"REDA\u00c7\u00c3O: UBIRAT\u00c3 ONLINE - F\u00c1BIO AUGUSTO CELESTINO","twitter_card":"summary_large_image","twitter_creator":"@x.com\/ubirataonline","twitter_site":"@ubirataonline","twitter_misc":{"Written by":"REDA\u00c7\u00c3O: UBIRAT\u00c3 ONLINE - F\u00c1BIO AUGUSTO CELESTINO","Est. reading time":"5 minutes"},"schema":{"@context":"https:\/\/schema.org","@graph":[{"@type":"NewsArticle","@id":"https:\/\/ubirataonline.com.br\/contas-publicas-tem-deficit-de-r-337-bilhoes-em-maio\/#article","isPartOf":{"@id":"https:\/\/ubirataonline.com.br\/contas-publicas-tem-deficit-de-r-337-bilhoes-em-maio\/"},"author":{"name":"REDA\u00c7\u00c3O: UBIRAT\u00c3 ONLINE - F\u00c1BIO AUGUSTO CELESTINO","@id":"https:\/\/ubirataonline.com.br\/#\/schema\/person\/372f87bbd3fdd79b8556b84c98d0bc1c"},"headline":"Contas p\u00fablicas t\u00eam d\u00e9ficit de R$ 33,7 bilh\u00f5es em maio","datePublished":"2025-09-12T02:35:22+00:00","mainEntityOfPage":{"@id":"https:\/\/ubirataonline.com.br\/contas-publicas-tem-deficit-de-r-337-bilhoes-em-maio\/"},"wordCount":939,"publisher":{"@id":"https:\/\/ubirataonline.com.br\/#organization"},"image":{"@id":"https:\/\/ubirataonline.com.br\/contas-publicas-tem-deficit-de-r-337-bilhoes-em-maio\/#primaryimage"},"thumbnailUrl":"https:\/\/ubirataonline.com.br\/wp-content\/uploads\/2025\/09\/banco_central_mcajr_abr_0104222276-2.jpg","articleSection":["Ubirat\u00e3"],"inLanguage":"en-US","copyrightYear":"2025","copyrightHolder":{"@id":"https:\/\/ubirataonline.com.br\/en\/#organization"}},{"@type":"WebPage","@id":"https:\/\/ubirataonline.com.br\/contas-publicas-tem-deficit-de-r-337-bilhoes-em-maio\/","url":"https:\/\/ubirataonline.com.br\/contas-publicas-tem-deficit-de-r-337-bilhoes-em-maio\/","name":"Contas p\u00fablicas t\u00eam d\u00e9ficit de R$ 33,7 bilh\u00f5es em maio - Ubirat\u00e3 Online Not\u00edcias - A realidade ao seu alcance!","isPartOf":{"@id":"https:\/\/ubirataonline.com.br\/#website"},"primaryImageOfPage":{"@id":"https:\/\/ubirataonline.com.br\/contas-publicas-tem-deficit-de-r-337-bilhoes-em-maio\/#primaryimage"},"image":{"@id":"https:\/\/ubirataonline.com.br\/contas-publicas-tem-deficit-de-r-337-bilhoes-em-maio\/#primaryimage"},"thumbnailUrl":"https:\/\/ubirataonline.com.br\/wp-content\/uploads\/2025\/09\/banco_central_mcajr_abr_0104222276-2.jpg","datePublished":"2025-09-12T02:35:22+00:00","description":"As contas p\u00fablicas fecharam o m\u00eas de maio com saldo negativo, em um m\u00eas tradicionalmente de d\u00e9ficit do Governo Central. O setor p\u00fablico consolidado \u2013","breadcrumb":{"@id":"https:\/\/ubirataonline.com.br\/contas-publicas-tem-deficit-de-r-337-bilhoes-em-maio\/#breadcrumb"},"inLanguage":"en-US","potentialAction":[{"@type":"ReadAction","target":["https:\/\/ubirataonline.com.br\/contas-publicas-tem-deficit-de-r-337-bilhoes-em-maio\/"]}]},{"@type":"ImageObject","inLanguage":"en-US","@id":"https:\/\/ubirataonline.com.br\/contas-publicas-tem-deficit-de-r-337-bilhoes-em-maio\/#primaryimage","url":"https:\/\/ubirataonline.com.br\/wp-content\/uploads\/2025\/09\/banco_central_mcajr_abr_0104222276-2.jpg","contentUrl":"https:\/\/ubirataonline.com.br\/wp-content\/uploads\/2025\/09\/banco_central_mcajr_abr_0104222276-2.jpg","width":1600,"height":800},{"@type":"BreadcrumbList","@id":"https:\/\/ubirataonline.com.br\/contas-publicas-tem-deficit-de-r-337-bilhoes-em-maio\/#breadcrumb","itemListElement":[{"@type":"ListItem","position":1,"name":"In\u00edcio","item":"https:\/\/ubirataonline.com.br\/"},{"@type":"ListItem","position":2,"name":"Contas p\u00fablicas t\u00eam d\u00e9ficit de R$ 33,7 bilh\u00f5es em maio"}]},{"@type":"WebSite","@id":"https:\/\/ubirataonline.com.br\/#website","url":"https:\/\/ubirataonline.com.br\/","name":"Ubirat\u00e3 Online Not\u00edcias","description":"Not\u00edcias de Ubirat\u00e3, regi\u00e3o, Brasil e mundo, com informa\u00e7\u00e3o atualizada e compromisso com o leitor.","publisher":{"@id":"https:\/\/ubirataonline.com.br\/#organization"},"alternateName":"Ubirat\u00e3 Online","potentialAction":[{"@type":"SearchAction","target":{"@type":"EntryPoint","urlTemplate":"https:\/\/ubirataonline.com.br\/?s={search_term_string}"},"query-input":{"@type":"PropertyValueSpecification","valueRequired":true,"valueName":"search_term_string"}}],"inLanguage":"en-US"},{"@type":["Organization","Place"],"@id":"https:\/\/ubirataonline.com.br\/#organization","name":"Ubirat\u00e3 Online Not\u00edcias","alternateName":"Ubirat\u00e3 Online","url":"https:\/\/ubirataonline.com.br\/","logo":{"@id":"https:\/\/ubirataonline.com.br\/contas-publicas-tem-deficit-de-r-337-bilhoes-em-maio\/#local-main-organization-logo"},"image":{"@id":"https:\/\/ubirataonline.com.br\/contas-publicas-tem-deficit-de-r-337-bilhoes-em-maio\/#local-main-organization-logo"},"sameAs":["https:\/\/www.facebook.com\/portalubirataonline","https:\/\/x.com\/ubirataonline","https:\/\/mastodon.social\/@ubirataonline","https:\/\/www.facebook.com\/groups\/311144672285604","https:\/\/www.facebook.com\/UBTAOnline","https:\/\/www.instagram.com\/portalubirataonline\/","https:\/\/twitter.com\/ubirataonline"],"description":"Somos um portal de not\u00edcias independente, criado em 5 de janeiro de 2009, com o objetivo de informar, conectar e valorizar a nossa comunidade de Ubirat\u00e3 e toda aregi\u00e3o. Com conte\u00fado atualizado, confi\u00e1vel e relevante, o Ubirat\u00e3 Online \u00e9 o seu espa\u00e7o para ficar por dentro dos principais acontecimentos locais, regionais, Brasil, Mundo e de interesse geral. Nosso compromisso \u00e9 com a verdade, a transpar\u00eancia e o respeito ao leitor.","legalName":"UBIRATA ONLINE NOT\u00cdCIAS","foundingDate":"2009-01-05","numberOfEmployees":{"@type":"QuantitativeValue","minValue":"1","maxValue":"10"},"publishingPrinciples":"https:\/\/ubirataonline.com.br\/faq\/","address":{"@id":"https:\/\/ubirataonline.com.br\/contas-publicas-tem-deficit-de-r-337-bilhoes-em-maio\/#local-main-place-address"},"geo":{"@type":"GeoCoordinates","latitude":"-24.5361401","longitude":"-52.9921776"},"telephone":["+5544998308235"],"contactPoint":{"@type":"ContactPoint","email":"contato@ubirataonline.com.br"},"openingHoursSpecification":{"@type":"OpeningHoursSpecification","dayOfWeek":["Monday","Tuesday","Wednesday","Thursday","Friday","Saturday","Sunday"],"opens":"00:00","closes":"23:59"},"email":"contato@ubirataonline.com.br","vatID":"47.621.418\/0001-80"},{"@type":"Person","@id":"https:\/\/ubirataonline.com.br\/#\/schema\/person\/372f87bbd3fdd79b8556b84c98d0bc1c","name":"REDA\u00c7\u00c3O: UBIRAT\u00c3 ONLINE - F\u00c1BIO AUGUSTO CELESTINO","pronouns":"Ele","description":"Desde 2003 trabalhando com not\u00edcias.","sameAs":["http:\/\/ubirataoline.com.br","https:\/\/www.facebook.com\/portalubirataonline","https:\/\/www.instagram.com\/ubirataonline_oficial","https:\/\/x.com\/x.com\/ubirataonline"],"honorificPrefix":"Mr.","honorificSuffix":"MD","birthDate":"1980-06-16","gender":"masculino","award":["V\u00e1rios pr\u00eamios de melhor portal da cidade"],"jobTitle":"Diretor","url":"https:\/\/ubirataonline.com.br\/en\/author\/ubirataonline\/"},{"@type":"PostalAddress","@id":"https:\/\/ubirataonline.com.br\/contas-publicas-tem-deficit-de-r-337-bilhoes-em-maio\/#local-main-place-address","streetAddress":"Rua dos Coqueiros, 104 - Bairro Boa Vista, Rua dos Coqueiros, 104 Bairro Boa Vista","addressLocality":"UBIRATA","postalCode":"85440-000","addressRegion":"PR","addressCountry":"BR"},{"@type":"ImageObject","inLanguage":"en-US","@id":"https:\/\/ubirataonline.com.br\/contas-publicas-tem-deficit-de-r-337-bilhoes-em-maio\/#local-main-organization-logo","url":"https:\/\/ubirataonline.com.br\/wp-content\/uploads\/2026\/06\/logoubirataonline-1.webp","contentUrl":"https:\/\/ubirataonline.com.br\/wp-content\/uploads\/2026\/06\/logoubirataonline-1.webp","width":500,"height":500,"caption":"Ubirat\u00e3 Online Not\u00edcias"}]},"geo.placename":"UBIRATA","geo.position":{"lat":"-24.5361401","long":"-52.9921776"},"geo.region":"Brazil"},"_links":{"self":[{"href":"https:\/\/ubirataonline.com.br\/en\/wp-json\/wp\/v2\/posts\/68062","targetHints":{"allow":["GET"]}}],"collection":[{"href":"https:\/\/ubirataonline.com.br\/en\/wp-json\/wp\/v2\/posts"}],"about":[{"href":"https:\/\/ubirataonline.com.br\/en\/wp-json\/wp\/v2\/types\/post"}],"author":[{"embeddable":true,"href":"https:\/\/ubirataonline.com.br\/en\/wp-json\/wp\/v2\/users\/1"}],"replies":[{"embeddable":true,"href":"https:\/\/ubirataonline.com.br\/en\/wp-json\/wp\/v2\/comments?post=68062"}],"version-history":[{"count":0,"href":"https:\/\/ubirataonline.com.br\/en\/wp-json\/wp\/v2\/posts\/68062\/revisions"}],"wp:featuredmedia":[{"embeddable":true,"href":"https:\/\/ubirataonline.com.br\/en\/wp-json\/wp\/v2\/media\/68063"}],"wp:attachment":[{"href":"https:\/\/ubirataonline.com.br\/en\/wp-json\/wp\/v2\/media?parent=68062"}],"wp:term":[{"taxonomy":"category","embeddable":true,"href":"https:\/\/ubirataonline.com.br\/en\/wp-json\/wp\/v2\/categories?post=68062"},{"taxonomy":"post_tag","embeddable":true,"href":"https:\/\/ubirataonline.com.br\/en\/wp-json\/wp\/v2\/tags?post=68062"}],"curies":[{"name":"wp","href":"https:\/\/api.w.org\/{rel}","templated":true}]}}