{"id":68064,"date":"2025-09-11T23:40:58","date_gmt":"2025-09-12T02:40:58","guid":{"rendered":"https:\/\/ubirataonline.com.br\/ministerio-publico-do-parana-ajuiza-acao-civil-publica-para-que-municipio-de-cornelio-procopio-convoque-e-emposse-candidatos-aprovados-em-concurso-publico\/"},"modified":"2025-09-11T23:40:58","modified_gmt":"2025-09-12T02:40:58","slug":"ministerio-publico-do-parana-ajuiza-acao-civil-publica-para-que-municipio-de-cornelio-procopio-convoque-e-emposse-candidatos-aprovados-em-concurso-publico","status":"publish","type":"post","link":"https:\/\/ubirataonline.com.br\/en\/ministerio-publico-do-parana-ajuiza-acao-civil-publica-para-que-municipio-de-cornelio-procopio-convoque-e-emposse-candidatos-aprovados-em-concurso-publico\/","title":{"rendered":"Minist\u00e9rio P\u00fablico do Paran\u00e1 aju\u00edza a\u00e7\u00e3o civil p\u00fablica para que Munic\u00edpio de Corn\u00e9lio Proc\u00f3pio convoque e emposse candidatos aprovados em concurso p\u00fablico"},"content":{"rendered":"<p><\/p>\n<div>\n<p>Em Corn\u00e9lio Proc\u00f3pio, no Norte Pioneiro do estado, o Minist\u00e9rio P\u00fablico do Paran\u00e1 ajuizou a\u00e7\u00e3o civil p\u00fablica para garantir que sejam convocados e empossados os candidatos aprovados em concurso p\u00fablico realizado pelo Munic\u00edpio em 2020 e que ainda est\u00e1 vigente. Apura\u00e7\u00e3o da 3\u00aa Promotoria de Justi\u00e7a da comarca constatou que a administra\u00e7\u00e3o municipal est\u00e1 mantendo em diversos cargos efetivos servidores tempor\u00e1rios na condi\u00e7\u00e3o de permanentes, o que \u00e9 inconstitucional. O certame teve os resultados homologados em 2022 e o prazo de validade prorrogado vai at\u00e9 2026 \u2013 grande parte dos cargos \u00e9 para as \u00e1reas de educa\u00e7\u00e3o e sa\u00fade.<\/p>\n<p>O ingresso da medida judicial ocorre ap\u00f3s a Promotoria de Justi\u00e7a receber diversas reclama\u00e7\u00f5es de candidatos que foram regularmente aprovados dentro do n\u00famero de vagas e tamb\u00e9m em cadastro de reserva, relatando sobre a demora na convoca\u00e7\u00e3o pelo Munic\u00edpio. As investiga\u00e7\u00f5es apontaram que foram contratados nos \u00faltimos anos, pelo Executivo, 67 servidores tempor\u00e1rios para desempenhar servi\u00e7os rotineiros na administra\u00e7\u00e3o p\u00fablica, ocupando indevidamente postos de trabalhos legalmente criados e que deviam ser ocupados por servidores efetivos. Entre os cargos que j\u00e1 possuem candidatos aprovados e aptos a serem convocados est\u00e3o os de professor, enfermeiro, assistente social, farmac\u00eauticos, m\u00e9dicos-veterin\u00e1rios, educadores sociais e merendeiras, entre outros.<\/p>\n<p><strong>Nomea\u00e7\u00f5es <\/strong>\u2013 Com a a\u00e7\u00e3o civil, o MPPR requer que, no prazo de 60 dias, o Munic\u00edpio publique a nomea\u00e7\u00e3o dos candidatos aprovados no concurso p\u00fablico nos seguintes cargos: um agente administrativo, um assistente social, dez auxiliares de servi\u00e7os gerais, tr\u00eas educadores sociais, dois enfermeiros, dois farmac\u00eauticos, tr\u00eas m\u00e9dicos veterin\u00e1rios, seis merendeiras, 14 operadores de m\u00e1quinas rodovi\u00e1rias e ve\u00edculos, 31 professores, dois professores de educa\u00e7\u00e3o f\u00edsica, tr\u00eas t\u00e9cnicos em enfermagem, tr\u00eas vigias e dezessete zeladores. Al\u00e9m disso, no mesmo prazo, a Promotoria de Justi\u00e7a pede que sejam exonerados os servidores tempor\u00e1rios, contratados via processo seletivo simplificado, na mesma propor\u00e7\u00e3o dos convocados.<\/p>\n<p>Processo 0005790-39.2025.8.16.0075<\/p>\n<p><em>Informa\u00e7\u00f5es para a imprensa:<br \/>Assessoria de Comunica\u00e7\u00e3o<br \/><a href=\"https:\/\/mppr.mp.br\/cdn-cgi\/l\/email-protection\" class=\"__cf_email__\" data-cfemail=\"7a1915170f1413191b191b153a170a0a0854170a541808\">[email\u00a0protected]<\/a><br \/>(41) 3250-4264<\/em><\/p>\n<\/div>\n<p><a href=\"https:\/\/mppr.mp.br\/Noticia\/Ministerio-Publico-do-Parana-ajuiza-acao-civil-publica-para-que-Municipio-de-Cornelio\">Source link <\/a><\/p>\n","protected":false},"excerpt":{"rendered":"<p>Em Corn\u00e9lio Proc\u00f3pio, no Norte Pioneiro do estado, o Minist\u00e9rio P\u00fablico do Paran\u00e1 ajuizou a\u00e7\u00e3o civil p\u00fablica para garantir que sejam convocados e empossados os candidatos aprovados em concurso p\u00fablico realizado pelo Munic\u00edpio em 2020 e que ainda est\u00e1 vigente. Apura\u00e7\u00e3o da 3\u00aa Promotoria de Justi\u00e7a da comarca constatou que a administra\u00e7\u00e3o municipal est\u00e1 mantendo [&hellip;]<\/p>\n","protected":false},"author":1,"featured_media":66278,"comment_status":"","ping_status":"","sticky":false,"template":"","format":"standard","meta":{"googlesitekit_rrm_CAow2JLhCw:productID":"","_gspb_post_css":"","maa_idioma":"","maa_pais":"","footnotes":""},"categories":[1],"tags":[],"class_list":["post-68064","post","type-post","status-publish","format-standard","has-post-thumbnail","hentry","category-ubirata"],"blocksy_meta":[],"yoast_head":"<!-- This site is optimized with the Yoast SEO Premium plugin v27.6 (Yoast SEO v27.6) - https:\/\/yoast.com\/product\/yoast-seo-premium-wordpress\/ -->\n<title>Minist\u00e9rio P\u00fablico do Paran\u00e1 aju\u00edza a\u00e7\u00e3o civil p\u00fablica para que Munic\u00edpio de Corn\u00e9lio Proc\u00f3pio convoque e emposse candidatos aprovados em concurso p\u00fablico - Ubirat\u00e3 Online Not\u00edcias - A realidade ao seu alcance!<\/title>\n<meta name=\"description\" content=\"Em Corn\u00e9lio Proc\u00f3pio, no Norte Pioneiro do estado, o Minist\u00e9rio P\u00fablico do Paran\u00e1 ajuizou a\u00e7\u00e3o civil p\u00fablica para garantir que sejam convocados e\" \/>\n<meta name=\"robots\" content=\"index, follow, max-snippet:-1, max-image-preview:large, max-video-preview:-1\" \/>\n<link rel=\"canonical\" href=\"https:\/\/ubirataonline.com.br\/en\/ministerio-publico-do-parana-ajuiza-acao-civil-publica-para-que-municipio-de-cornelio-procopio-convoque-e-emposse-candidatos-aprovados-em-concurso-publico\/\" \/>\n<meta property=\"og:locale\" content=\"en_US\" \/>\n<meta property=\"og:type\" content=\"article\" \/>\n<meta property=\"og:title\" content=\"Minist\u00e9rio P\u00fablico do Paran\u00e1 aju\u00edza a\u00e7\u00e3o civil p\u00fablica para que Munic\u00edpio de Corn\u00e9lio Proc\u00f3pio convoque e emposse candidatos aprovados em concurso p\u00fablico\" \/>\n<meta property=\"og:description\" content=\"Em Corn\u00e9lio Proc\u00f3pio, no Norte Pioneiro do estado, o Minist\u00e9rio P\u00fablico do Paran\u00e1 ajuizou a\u00e7\u00e3o civil p\u00fablica para garantir que sejam convocados e\" \/>\n<meta property=\"og:url\" content=\"https:\/\/ubirataonline.com.br\/en\/ministerio-publico-do-parana-ajuiza-acao-civil-publica-para-que-municipio-de-cornelio-procopio-convoque-e-emposse-candidatos-aprovados-em-concurso-publico\/\" \/>\n<meta property=\"og:site_name\" content=\"Ubirat\u00e3 Online Not\u00edcias - A realidade ao seu alcance!\" \/>\n<meta property=\"article:publisher\" content=\"https:\/\/www.facebook.com\/portalubirataonline\" \/>\n<meta property=\"article:author\" content=\"https:\/\/www.facebook.com\/portalubirataonline\" \/>\n<meta property=\"article:published_time\" content=\"2025-09-12T02:40:58+00:00\" \/>\n<meta property=\"og:image\" content=\"https:\/\/ubirataonline.com.br\/wp-content\/uploads\/2026\/05\/logo2026.webp\" \/>\n\t<meta property=\"og:image:width\" content=\"1531\" \/>\n\t<meta property=\"og:image:height\" content=\"418\" \/>\n\t<meta property=\"og:image:type\" content=\"image\/webp\" \/>\n<meta name=\"author\" content=\"REDA\u00c7\u00c3O: UBIRAT\u00c3 ONLINE - F\u00c1BIO AUGUSTO CELESTINO\" \/>\n<meta name=\"twitter:card\" content=\"summary_large_image\" \/>\n<meta name=\"twitter:creator\" content=\"@x.com\/ubirataonline\" \/>\n<meta name=\"twitter:site\" content=\"@ubirataonline\" \/>\n<meta name=\"twitter:label1\" content=\"Written by\" \/>\n\t<meta name=\"twitter:data1\" content=\"REDA\u00c7\u00c3O: UBIRAT\u00c3 ONLINE - F\u00c1BIO AUGUSTO CELESTINO\" \/>\n\t<meta name=\"twitter:label2\" content=\"Est. reading time\" \/>\n\t<meta name=\"twitter:data2\" content=\"2 minutes\" \/>\n<script type=\"application\/ld+json\" class=\"yoast-schema-graph\">{\"@context\":\"https:\\\/\\\/schema.org\",\"@graph\":[{\"@type\":\"NewsArticle\",\"@id\":\"https:\\\/\\\/ubirataonline.com.br\\\/ministerio-publico-do-parana-ajuiza-acao-civil-publica-para-que-municipio-de-cornelio-procopio-convoque-e-emposse-candidatos-aprovados-em-concurso-publico\\\/#article\",\"isPartOf\":{\"@id\":\"https:\\\/\\\/ubirataonline.com.br\\\/ministerio-publico-do-parana-ajuiza-acao-civil-publica-para-que-municipio-de-cornelio-procopio-convoque-e-emposse-candidatos-aprovados-em-concurso-publico\\\/\"},\"author\":{\"name\":\"REDA\u00c7\u00c3O: UBIRAT\u00c3 ONLINE - F\u00c1BIO AUGUSTO CELESTINO\",\"@id\":\"https:\\\/\\\/ubirataonline.com.br\\\/#\\\/schema\\\/person\\\/372f87bbd3fdd79b8556b84c98d0bc1c\"},\"headline\":\"Minist\u00e9rio P\u00fablico do Paran\u00e1 aju\u00edza a\u00e7\u00e3o civil p\u00fablica para que Munic\u00edpio de Corn\u00e9lio Proc\u00f3pio convoque e emposse candidatos aprovados em concurso p\u00fablico\",\"datePublished\":\"2025-09-12T02:40:58+00:00\",\"mainEntityOfPage\":{\"@id\":\"https:\\\/\\\/ubirataonline.com.br\\\/ministerio-publico-do-parana-ajuiza-acao-civil-publica-para-que-municipio-de-cornelio-procopio-convoque-e-emposse-candidatos-aprovados-em-concurso-publico\\\/\"},\"wordCount\":392,\"publisher\":{\"@id\":\"https:\\\/\\\/ubirataonline.com.br\\\/#organization\"},\"image\":{\"@id\":\"https:\\\/\\\/ubirataonline.com.br\\\/ministerio-publico-do-parana-ajuiza-acao-civil-publica-para-que-municipio-de-cornelio-procopio-convoque-e-emposse-candidatos-aprovados-em-concurso-publico\\\/#primaryimage\"},\"thumbnailUrl\":\"https:\\\/\\\/ubirataonline.com.br\\\/wp-content\\\/uploads\\\/2025\\\/08\\\/imagemsocial.png\",\"articleSection\":[\"Ubirat\u00e3\"],\"inLanguage\":\"en-US\",\"copyrightYear\":\"2025\",\"copyrightHolder\":{\"@id\":\"https:\\\/\\\/ubirataonline.com.br\\\/en\\\/#organization\"}},{\"@type\":\"WebPage\",\"@id\":\"https:\\\/\\\/ubirataonline.com.br\\\/ministerio-publico-do-parana-ajuiza-acao-civil-publica-para-que-municipio-de-cornelio-procopio-convoque-e-emposse-candidatos-aprovados-em-concurso-publico\\\/\",\"url\":\"https:\\\/\\\/ubirataonline.com.br\\\/ministerio-publico-do-parana-ajuiza-acao-civil-publica-para-que-municipio-de-cornelio-procopio-convoque-e-emposse-candidatos-aprovados-em-concurso-publico\\\/\",\"name\":\"Minist\u00e9rio P\u00fablico do Paran\u00e1 aju\u00edza a\u00e7\u00e3o civil p\u00fablica para que Munic\u00edpio de Corn\u00e9lio Proc\u00f3pio convoque e emposse candidatos aprovados em concurso p\u00fablico - Ubirat\u00e3 Online Not\u00edcias - A realidade ao seu alcance!\",\"isPartOf\":{\"@id\":\"https:\\\/\\\/ubirataonline.com.br\\\/#website\"},\"primaryImageOfPage\":{\"@id\":\"https:\\\/\\\/ubirataonline.com.br\\\/ministerio-publico-do-parana-ajuiza-acao-civil-publica-para-que-municipio-de-cornelio-procopio-convoque-e-emposse-candidatos-aprovados-em-concurso-publico\\\/#primaryimage\"},\"image\":{\"@id\":\"https:\\\/\\\/ubirataonline.com.br\\\/ministerio-publico-do-parana-ajuiza-acao-civil-publica-para-que-municipio-de-cornelio-procopio-convoque-e-emposse-candidatos-aprovados-em-concurso-publico\\\/#primaryimage\"},\"thumbnailUrl\":\"https:\\\/\\\/ubirataonline.com.br\\\/wp-content\\\/uploads\\\/2025\\\/08\\\/imagemsocial.png\",\"datePublished\":\"2025-09-12T02:40:58+00:00\",\"description\":\"Em Corn\u00e9lio Proc\u00f3pio, no Norte Pioneiro do estado, o Minist\u00e9rio P\u00fablico do Paran\u00e1 ajuizou a\u00e7\u00e3o civil p\u00fablica para garantir que sejam convocados e\",\"breadcrumb\":{\"@id\":\"https:\\\/\\\/ubirataonline.com.br\\\/ministerio-publico-do-parana-ajuiza-acao-civil-publica-para-que-municipio-de-cornelio-procopio-convoque-e-emposse-candidatos-aprovados-em-concurso-publico\\\/#breadcrumb\"},\"inLanguage\":\"en-US\",\"potentialAction\":[{\"@type\":\"ReadAction\",\"target\":[\"https:\\\/\\\/ubirataonline.com.br\\\/ministerio-publico-do-parana-ajuiza-acao-civil-publica-para-que-municipio-de-cornelio-procopio-convoque-e-emposse-candidatos-aprovados-em-concurso-publico\\\/\"]}]},{\"@type\":\"ImageObject\",\"inLanguage\":\"en-US\",\"@id\":\"https:\\\/\\\/ubirataonline.com.br\\\/ministerio-publico-do-parana-ajuiza-acao-civil-publica-para-que-municipio-de-cornelio-procopio-convoque-e-emposse-candidatos-aprovados-em-concurso-publico\\\/#primaryimage\",\"url\":\"https:\\\/\\\/ubirataonline.com.br\\\/wp-content\\\/uploads\\\/2025\\\/08\\\/imagemsocial.png\",\"contentUrl\":\"https:\\\/\\\/ubirataonline.com.br\\\/wp-content\\\/uploads\\\/2025\\\/08\\\/imagemsocial.png\",\"width\":240,\"height\":240},{\"@type\":\"BreadcrumbList\",\"@id\":\"https:\\\/\\\/ubirataonline.com.br\\\/ministerio-publico-do-parana-ajuiza-acao-civil-publica-para-que-municipio-de-cornelio-procopio-convoque-e-emposse-candidatos-aprovados-em-concurso-publico\\\/#breadcrumb\",\"itemListElement\":[{\"@type\":\"ListItem\",\"position\":1,\"name\":\"In\u00edcio\",\"item\":\"https:\\\/\\\/ubirataonline.com.br\\\/\"},{\"@type\":\"ListItem\",\"position\":2,\"name\":\"Minist\u00e9rio P\u00fablico do Paran\u00e1 aju\u00edza a\u00e7\u00e3o civil p\u00fablica para que Munic\u00edpio de Corn\u00e9lio Proc\u00f3pio convoque e emposse candidatos aprovados em concurso p\u00fablico\"}]},{\"@type\":\"WebSite\",\"@id\":\"https:\\\/\\\/ubirataonline.com.br\\\/#website\",\"url\":\"https:\\\/\\\/ubirataonline.com.br\\\/\",\"name\":\"Ubirat\u00e3 Online Not\u00edcias\",\"description\":\"Not\u00edcias de Ubirat\u00e3, regi\u00e3o, Brasil e mundo, com informa\u00e7\u00e3o atualizada e compromisso com o leitor.\",\"publisher\":{\"@id\":\"https:\\\/\\\/ubirataonline.com.br\\\/#organization\"},\"alternateName\":\"Ubirat\u00e3 Online\",\"potentialAction\":[{\"@type\":\"SearchAction\",\"target\":{\"@type\":\"EntryPoint\",\"urlTemplate\":\"https:\\\/\\\/ubirataonline.com.br\\\/?s={search_term_string}\"},\"query-input\":{\"@type\":\"PropertyValueSpecification\",\"valueRequired\":true,\"valueName\":\"search_term_string\"}}],\"inLanguage\":\"en-US\"},{\"@type\":[\"Organization\",\"Place\"],\"@id\":\"https:\\\/\\\/ubirataonline.com.br\\\/#organization\",\"name\":\"Ubirat\u00e3 Online Not\u00edcias\",\"alternateName\":\"Ubirat\u00e3 Online\",\"url\":\"https:\\\/\\\/ubirataonline.com.br\\\/\",\"logo\":{\"@id\":\"https:\\\/\\\/ubirataonline.com.br\\\/ministerio-publico-do-parana-ajuiza-acao-civil-publica-para-que-municipio-de-cornelio-procopio-convoque-e-emposse-candidatos-aprovados-em-concurso-publico\\\/#local-main-organization-logo\"},\"image\":{\"@id\":\"https:\\\/\\\/ubirataonline.com.br\\\/ministerio-publico-do-parana-ajuiza-acao-civil-publica-para-que-municipio-de-cornelio-procopio-convoque-e-emposse-candidatos-aprovados-em-concurso-publico\\\/#local-main-organization-logo\"},\"sameAs\":[\"https:\\\/\\\/www.facebook.com\\\/portalubirataonline\",\"https:\\\/\\\/x.com\\\/ubirataonline\",\"https:\\\/\\\/mastodon.social\\\/@ubirataonline\",\"https:\\\/\\\/www.facebook.com\\\/groups\\\/311144672285604\",\"https:\\\/\\\/www.facebook.com\\\/UBTAOnline\",\"https:\\\/\\\/www.instagram.com\\\/portalubirataonline\\\/\",\"https:\\\/\\\/twitter.com\\\/ubirataonline\"],\"description\":\"Somos um portal de not\u00edcias independente, criado em 5 de janeiro de 2009, com o objetivo de informar, conectar e valorizar a nossa comunidade de Ubirat\u00e3 e toda aregi\u00e3o. Com conte\u00fado atualizado, confi\u00e1vel e relevante, o Ubirat\u00e3 Online \u00e9 o seu espa\u00e7o para ficar por dentro dos principais acontecimentos locais, regionais, Brasil, Mundo e de interesse geral. Nosso compromisso \u00e9 com a verdade, a transpar\u00eancia e o respeito ao leitor.\",\"legalName\":\"UBIRATA ONLINE NOT\u00cdCIAS\",\"foundingDate\":\"2009-01-05\",\"numberOfEmployees\":{\"@type\":\"QuantitativeValue\",\"minValue\":\"1\",\"maxValue\":\"10\"},\"publishingPrinciples\":\"https:\\\/\\\/ubirataonline.com.br\\\/faq\\\/\",\"address\":{\"@id\":\"https:\\\/\\\/ubirataonline.com.br\\\/ministerio-publico-do-parana-ajuiza-acao-civil-publica-para-que-municipio-de-cornelio-procopio-convoque-e-emposse-candidatos-aprovados-em-concurso-publico\\\/#local-main-place-address\"},\"geo\":{\"@type\":\"GeoCoordinates\",\"latitude\":\"-24.5361401\",\"longitude\":\"-52.9921776\"},\"telephone\":[\"+5544998308235\"],\"contactPoint\":{\"@type\":\"ContactPoint\",\"email\":\"contato@ubirataonline.com.br\"},\"openingHoursSpecification\":{\"@type\":\"OpeningHoursSpecification\",\"dayOfWeek\":[\"Monday\",\"Tuesday\",\"Wednesday\",\"Thursday\",\"Friday\",\"Saturday\",\"Sunday\"],\"opens\":\"00:00\",\"closes\":\"23:59\"},\"email\":\"contato@ubirataonline.com.br\",\"vatID\":\"47.621.418\\\/0001-80\"},{\"@type\":\"Person\",\"@id\":\"https:\\\/\\\/ubirataonline.com.br\\\/#\\\/schema\\\/person\\\/372f87bbd3fdd79b8556b84c98d0bc1c\",\"name\":\"REDA\u00c7\u00c3O: UBIRAT\u00c3 ONLINE - F\u00c1BIO AUGUSTO CELESTINO\",\"pronouns\":\"Ele\",\"description\":\"Desde 2003 trabalhando com not\u00edcias.\",\"sameAs\":[\"http:\\\/\\\/ubirataoline.com.br\",\"https:\\\/\\\/www.facebook.com\\\/portalubirataonline\",\"https:\\\/\\\/www.instagram.com\\\/ubirataonline_oficial\",\"https:\\\/\\\/x.com\\\/x.com\\\/ubirataonline\"],\"honorificPrefix\":\"Mr.\",\"honorificSuffix\":\"MD\",\"birthDate\":\"1980-06-16\",\"gender\":\"masculino\",\"award\":[\"V\u00e1rios pr\u00eamios de melhor portal da cidade\"],\"jobTitle\":\"Diretor\",\"url\":\"https:\\\/\\\/ubirataonline.com.br\\\/en\\\/author\\\/ubirataonline\\\/\"},{\"@type\":\"PostalAddress\",\"@id\":\"https:\\\/\\\/ubirataonline.com.br\\\/ministerio-publico-do-parana-ajuiza-acao-civil-publica-para-que-municipio-de-cornelio-procopio-convoque-e-emposse-candidatos-aprovados-em-concurso-publico\\\/#local-main-place-address\",\"streetAddress\":\"Rua dos Coqueiros, 104 - Bairro Boa Vista, Rua dos Coqueiros, 104 Bairro Boa Vista\",\"addressLocality\":\"UBIRATA\",\"postalCode\":\"85440-000\",\"addressRegion\":\"PR\",\"addressCountry\":\"BR\"},{\"@type\":\"ImageObject\",\"inLanguage\":\"en-US\",\"@id\":\"https:\\\/\\\/ubirataonline.com.br\\\/ministerio-publico-do-parana-ajuiza-acao-civil-publica-para-que-municipio-de-cornelio-procopio-convoque-e-emposse-candidatos-aprovados-em-concurso-publico\\\/#local-main-organization-logo\",\"url\":\"https:\\\/\\\/ubirataonline.com.br\\\/wp-content\\\/uploads\\\/2026\\\/06\\\/logoubirataonline-1.webp\",\"contentUrl\":\"https:\\\/\\\/ubirataonline.com.br\\\/wp-content\\\/uploads\\\/2026\\\/06\\\/logoubirataonline-1.webp\",\"width\":500,\"height\":500,\"caption\":\"Ubirat\u00e3 Online Not\u00edcias\"}]}<\/script>\n<meta name=\"geo.placename\" content=\"UBIRATA\" \/>\n<meta name=\"geo.position\" content=\"-24.5361401;-52.9921776\" \/>\n<meta name=\"geo.region\" content=\"Brazil\" \/>\n<!-- \/ Yoast SEO Premium plugin. -->","yoast_head_json":{"title":"Minist\u00e9rio P\u00fablico do Paran\u00e1 aju\u00edza a\u00e7\u00e3o civil p\u00fablica para que Munic\u00edpio de Corn\u00e9lio Proc\u00f3pio convoque e emposse candidatos aprovados em concurso p\u00fablico - Ubirat\u00e3 Online Not\u00edcias - A realidade ao seu alcance!","description":"Em Corn\u00e9lio Proc\u00f3pio, no Norte Pioneiro do estado, o Minist\u00e9rio P\u00fablico do Paran\u00e1 ajuizou a\u00e7\u00e3o civil p\u00fablica para garantir que sejam convocados e","robots":{"index":"index","follow":"follow","max-snippet":"max-snippet:-1","max-image-preview":"max-image-preview:large","max-video-preview":"max-video-preview:-1"},"canonical":"https:\/\/ubirataonline.com.br\/en\/ministerio-publico-do-parana-ajuiza-acao-civil-publica-para-que-municipio-de-cornelio-procopio-convoque-e-emposse-candidatos-aprovados-em-concurso-publico\/","og_locale":"en_US","og_type":"article","og_title":"Minist\u00e9rio P\u00fablico do Paran\u00e1 aju\u00edza a\u00e7\u00e3o civil p\u00fablica para que Munic\u00edpio de Corn\u00e9lio Proc\u00f3pio convoque e emposse candidatos aprovados em concurso p\u00fablico","og_description":"Em Corn\u00e9lio Proc\u00f3pio, no Norte Pioneiro do estado, o Minist\u00e9rio P\u00fablico do Paran\u00e1 ajuizou a\u00e7\u00e3o civil p\u00fablica para garantir que sejam convocados e","og_url":"https:\/\/ubirataonline.com.br\/en\/ministerio-publico-do-parana-ajuiza-acao-civil-publica-para-que-municipio-de-cornelio-procopio-convoque-e-emposse-candidatos-aprovados-em-concurso-publico\/","og_site_name":"Ubirat\u00e3 Online Not\u00edcias - A realidade ao seu alcance!","article_publisher":"https:\/\/www.facebook.com\/portalubirataonline","article_author":"https:\/\/www.facebook.com\/portalubirataonline","article_published_time":"2025-09-12T02:40:58+00:00","og_image":[{"width":1531,"height":418,"url":"https:\/\/ubirataonline.com.br\/wp-content\/uploads\/2026\/05\/logo2026.webp","type":"image\/webp"}],"author":"REDA\u00c7\u00c3O: UBIRAT\u00c3 ONLINE - F\u00c1BIO AUGUSTO CELESTINO","twitter_card":"summary_large_image","twitter_creator":"@x.com\/ubirataonline","twitter_site":"@ubirataonline","twitter_misc":{"Written by":"REDA\u00c7\u00c3O: UBIRAT\u00c3 ONLINE - F\u00c1BIO AUGUSTO CELESTINO","Est. reading time":"2 minutes"},"schema":{"@context":"https:\/\/schema.org","@graph":[{"@type":"NewsArticle","@id":"https:\/\/ubirataonline.com.br\/ministerio-publico-do-parana-ajuiza-acao-civil-publica-para-que-municipio-de-cornelio-procopio-convoque-e-emposse-candidatos-aprovados-em-concurso-publico\/#article","isPartOf":{"@id":"https:\/\/ubirataonline.com.br\/ministerio-publico-do-parana-ajuiza-acao-civil-publica-para-que-municipio-de-cornelio-procopio-convoque-e-emposse-candidatos-aprovados-em-concurso-publico\/"},"author":{"name":"REDA\u00c7\u00c3O: UBIRAT\u00c3 ONLINE - F\u00c1BIO AUGUSTO CELESTINO","@id":"https:\/\/ubirataonline.com.br\/#\/schema\/person\/372f87bbd3fdd79b8556b84c98d0bc1c"},"headline":"Minist\u00e9rio P\u00fablico do Paran\u00e1 aju\u00edza a\u00e7\u00e3o civil p\u00fablica para que Munic\u00edpio de Corn\u00e9lio Proc\u00f3pio convoque e emposse candidatos aprovados em concurso p\u00fablico","datePublished":"2025-09-12T02:40:58+00:00","mainEntityOfPage":{"@id":"https:\/\/ubirataonline.com.br\/ministerio-publico-do-parana-ajuiza-acao-civil-publica-para-que-municipio-de-cornelio-procopio-convoque-e-emposse-candidatos-aprovados-em-concurso-publico\/"},"wordCount":392,"publisher":{"@id":"https:\/\/ubirataonline.com.br\/#organization"},"image":{"@id":"https:\/\/ubirataonline.com.br\/ministerio-publico-do-parana-ajuiza-acao-civil-publica-para-que-municipio-de-cornelio-procopio-convoque-e-emposse-candidatos-aprovados-em-concurso-publico\/#primaryimage"},"thumbnailUrl":"https:\/\/ubirataonline.com.br\/wp-content\/uploads\/2025\/08\/imagemsocial.png","articleSection":["Ubirat\u00e3"],"inLanguage":"en-US","copyrightYear":"2025","copyrightHolder":{"@id":"https:\/\/ubirataonline.com.br\/en\/#organization"}},{"@type":"WebPage","@id":"https:\/\/ubirataonline.com.br\/ministerio-publico-do-parana-ajuiza-acao-civil-publica-para-que-municipio-de-cornelio-procopio-convoque-e-emposse-candidatos-aprovados-em-concurso-publico\/","url":"https:\/\/ubirataonline.com.br\/ministerio-publico-do-parana-ajuiza-acao-civil-publica-para-que-municipio-de-cornelio-procopio-convoque-e-emposse-candidatos-aprovados-em-concurso-publico\/","name":"Minist\u00e9rio P\u00fablico do Paran\u00e1 aju\u00edza a\u00e7\u00e3o civil p\u00fablica para que Munic\u00edpio de Corn\u00e9lio Proc\u00f3pio convoque e emposse candidatos aprovados em concurso p\u00fablico - Ubirat\u00e3 Online Not\u00edcias - A realidade ao seu alcance!","isPartOf":{"@id":"https:\/\/ubirataonline.com.br\/#website"},"primaryImageOfPage":{"@id":"https:\/\/ubirataonline.com.br\/ministerio-publico-do-parana-ajuiza-acao-civil-publica-para-que-municipio-de-cornelio-procopio-convoque-e-emposse-candidatos-aprovados-em-concurso-publico\/#primaryimage"},"image":{"@id":"https:\/\/ubirataonline.com.br\/ministerio-publico-do-parana-ajuiza-acao-civil-publica-para-que-municipio-de-cornelio-procopio-convoque-e-emposse-candidatos-aprovados-em-concurso-publico\/#primaryimage"},"thumbnailUrl":"https:\/\/ubirataonline.com.br\/wp-content\/uploads\/2025\/08\/imagemsocial.png","datePublished":"2025-09-12T02:40:58+00:00","description":"Em Corn\u00e9lio Proc\u00f3pio, no Norte Pioneiro do estado, o Minist\u00e9rio P\u00fablico do Paran\u00e1 ajuizou a\u00e7\u00e3o civil p\u00fablica para garantir que sejam convocados e","breadcrumb":{"@id":"https:\/\/ubirataonline.com.br\/ministerio-publico-do-parana-ajuiza-acao-civil-publica-para-que-municipio-de-cornelio-procopio-convoque-e-emposse-candidatos-aprovados-em-concurso-publico\/#breadcrumb"},"inLanguage":"en-US","potentialAction":[{"@type":"ReadAction","target":["https:\/\/ubirataonline.com.br\/ministerio-publico-do-parana-ajuiza-acao-civil-publica-para-que-municipio-de-cornelio-procopio-convoque-e-emposse-candidatos-aprovados-em-concurso-publico\/"]}]},{"@type":"ImageObject","inLanguage":"en-US","@id":"https:\/\/ubirataonline.com.br\/ministerio-publico-do-parana-ajuiza-acao-civil-publica-para-que-municipio-de-cornelio-procopio-convoque-e-emposse-candidatos-aprovados-em-concurso-publico\/#primaryimage","url":"https:\/\/ubirataonline.com.br\/wp-content\/uploads\/2025\/08\/imagemsocial.png","contentUrl":"https:\/\/ubirataonline.com.br\/wp-content\/uploads\/2025\/08\/imagemsocial.png","width":240,"height":240},{"@type":"BreadcrumbList","@id":"https:\/\/ubirataonline.com.br\/ministerio-publico-do-parana-ajuiza-acao-civil-publica-para-que-municipio-de-cornelio-procopio-convoque-e-emposse-candidatos-aprovados-em-concurso-publico\/#breadcrumb","itemListElement":[{"@type":"ListItem","position":1,"name":"In\u00edcio","item":"https:\/\/ubirataonline.com.br\/"},{"@type":"ListItem","position":2,"name":"Minist\u00e9rio P\u00fablico do Paran\u00e1 aju\u00edza a\u00e7\u00e3o civil p\u00fablica para que Munic\u00edpio de Corn\u00e9lio Proc\u00f3pio convoque e emposse candidatos aprovados em concurso p\u00fablico"}]},{"@type":"WebSite","@id":"https:\/\/ubirataonline.com.br\/#website","url":"https:\/\/ubirataonline.com.br\/","name":"Ubirat\u00e3 Online Not\u00edcias","description":"Not\u00edcias de Ubirat\u00e3, regi\u00e3o, Brasil e mundo, com informa\u00e7\u00e3o atualizada e compromisso com o leitor.","publisher":{"@id":"https:\/\/ubirataonline.com.br\/#organization"},"alternateName":"Ubirat\u00e3 Online","potentialAction":[{"@type":"SearchAction","target":{"@type":"EntryPoint","urlTemplate":"https:\/\/ubirataonline.com.br\/?s={search_term_string}"},"query-input":{"@type":"PropertyValueSpecification","valueRequired":true,"valueName":"search_term_string"}}],"inLanguage":"en-US"},{"@type":["Organization","Place"],"@id":"https:\/\/ubirataonline.com.br\/#organization","name":"Ubirat\u00e3 Online Not\u00edcias","alternateName":"Ubirat\u00e3 Online","url":"https:\/\/ubirataonline.com.br\/","logo":{"@id":"https:\/\/ubirataonline.com.br\/ministerio-publico-do-parana-ajuiza-acao-civil-publica-para-que-municipio-de-cornelio-procopio-convoque-e-emposse-candidatos-aprovados-em-concurso-publico\/#local-main-organization-logo"},"image":{"@id":"https:\/\/ubirataonline.com.br\/ministerio-publico-do-parana-ajuiza-acao-civil-publica-para-que-municipio-de-cornelio-procopio-convoque-e-emposse-candidatos-aprovados-em-concurso-publico\/#local-main-organization-logo"},"sameAs":["https:\/\/www.facebook.com\/portalubirataonline","https:\/\/x.com\/ubirataonline","https:\/\/mastodon.social\/@ubirataonline","https:\/\/www.facebook.com\/groups\/311144672285604","https:\/\/www.facebook.com\/UBTAOnline","https:\/\/www.instagram.com\/portalubirataonline\/","https:\/\/twitter.com\/ubirataonline"],"description":"Somos um portal de not\u00edcias independente, criado em 5 de janeiro de 2009, com o objetivo de informar, conectar e valorizar a nossa comunidade de Ubirat\u00e3 e toda aregi\u00e3o. Com conte\u00fado atualizado, confi\u00e1vel e relevante, o Ubirat\u00e3 Online \u00e9 o seu espa\u00e7o para ficar por dentro dos principais acontecimentos locais, regionais, Brasil, Mundo e de interesse geral. Nosso compromisso \u00e9 com a verdade, a transpar\u00eancia e o respeito ao leitor.","legalName":"UBIRATA ONLINE NOT\u00cdCIAS","foundingDate":"2009-01-05","numberOfEmployees":{"@type":"QuantitativeValue","minValue":"1","maxValue":"10"},"publishingPrinciples":"https:\/\/ubirataonline.com.br\/faq\/","address":{"@id":"https:\/\/ubirataonline.com.br\/ministerio-publico-do-parana-ajuiza-acao-civil-publica-para-que-municipio-de-cornelio-procopio-convoque-e-emposse-candidatos-aprovados-em-concurso-publico\/#local-main-place-address"},"geo":{"@type":"GeoCoordinates","latitude":"-24.5361401","longitude":"-52.9921776"},"telephone":["+5544998308235"],"contactPoint":{"@type":"ContactPoint","email":"contato@ubirataonline.com.br"},"openingHoursSpecification":{"@type":"OpeningHoursSpecification","dayOfWeek":["Monday","Tuesday","Wednesday","Thursday","Friday","Saturday","Sunday"],"opens":"00:00","closes":"23:59"},"email":"contato@ubirataonline.com.br","vatID":"47.621.418\/0001-80"},{"@type":"Person","@id":"https:\/\/ubirataonline.com.br\/#\/schema\/person\/372f87bbd3fdd79b8556b84c98d0bc1c","name":"REDA\u00c7\u00c3O: UBIRAT\u00c3 ONLINE - F\u00c1BIO AUGUSTO CELESTINO","pronouns":"Ele","description":"Desde 2003 trabalhando com not\u00edcias.","sameAs":["http:\/\/ubirataoline.com.br","https:\/\/www.facebook.com\/portalubirataonline","https:\/\/www.instagram.com\/ubirataonline_oficial","https:\/\/x.com\/x.com\/ubirataonline"],"honorificPrefix":"Mr.","honorificSuffix":"MD","birthDate":"1980-06-16","gender":"masculino","award":["V\u00e1rios pr\u00eamios de melhor portal da cidade"],"jobTitle":"Diretor","url":"https:\/\/ubirataonline.com.br\/en\/author\/ubirataonline\/"},{"@type":"PostalAddress","@id":"https:\/\/ubirataonline.com.br\/ministerio-publico-do-parana-ajuiza-acao-civil-publica-para-que-municipio-de-cornelio-procopio-convoque-e-emposse-candidatos-aprovados-em-concurso-publico\/#local-main-place-address","streetAddress":"Rua dos Coqueiros, 104 - Bairro Boa Vista, Rua dos Coqueiros, 104 Bairro Boa Vista","addressLocality":"UBIRATA","postalCode":"85440-000","addressRegion":"PR","addressCountry":"BR"},{"@type":"ImageObject","inLanguage":"en-US","@id":"https:\/\/ubirataonline.com.br\/ministerio-publico-do-parana-ajuiza-acao-civil-publica-para-que-municipio-de-cornelio-procopio-convoque-e-emposse-candidatos-aprovados-em-concurso-publico\/#local-main-organization-logo","url":"https:\/\/ubirataonline.com.br\/wp-content\/uploads\/2026\/06\/logoubirataonline-1.webp","contentUrl":"https:\/\/ubirataonline.com.br\/wp-content\/uploads\/2026\/06\/logoubirataonline-1.webp","width":500,"height":500,"caption":"Ubirat\u00e3 Online Not\u00edcias"}]},"geo.placename":"UBIRATA","geo.position":{"lat":"-24.5361401","long":"-52.9921776"},"geo.region":"Brazil"},"_links":{"self":[{"href":"https:\/\/ubirataonline.com.br\/en\/wp-json\/wp\/v2\/posts\/68064","targetHints":{"allow":["GET"]}}],"collection":[{"href":"https:\/\/ubirataonline.com.br\/en\/wp-json\/wp\/v2\/posts"}],"about":[{"href":"https:\/\/ubirataonline.com.br\/en\/wp-json\/wp\/v2\/types\/post"}],"author":[{"embeddable":true,"href":"https:\/\/ubirataonline.com.br\/en\/wp-json\/wp\/v2\/users\/1"}],"replies":[{"embeddable":true,"href":"https:\/\/ubirataonline.com.br\/en\/wp-json\/wp\/v2\/comments?post=68064"}],"version-history":[{"count":0,"href":"https:\/\/ubirataonline.com.br\/en\/wp-json\/wp\/v2\/posts\/68064\/revisions"}],"wp:featuredmedia":[{"embeddable":true,"href":"https:\/\/ubirataonline.com.br\/en\/wp-json\/wp\/v2\/media\/66278"}],"wp:attachment":[{"href":"https:\/\/ubirataonline.com.br\/en\/wp-json\/wp\/v2\/media?parent=68064"}],"wp:term":[{"taxonomy":"category","embeddable":true,"href":"https:\/\/ubirataonline.com.br\/en\/wp-json\/wp\/v2\/categories?post=68064"},{"taxonomy":"post_tag","embeddable":true,"href":"https:\/\/ubirataonline.com.br\/en\/wp-json\/wp\/v2\/tags?post=68064"}],"curies":[{"name":"wp","href":"https:\/\/api.w.org\/{rel}","templated":true}]}}