{"id":68069,"date":"2025-09-12T01:30:30","date_gmt":"2025-09-12T04:30:30","guid":{"rendered":"https:\/\/ubirataonline.com.br\/malafaia-pede-ao-stf-investigacao-de-policiais-federais-que-fizeram-operacao-contra-ele\/"},"modified":"2025-09-12T01:30:30","modified_gmt":"2025-09-12T04:30:30","slug":"malafaia-pede-ao-stf-investigacao-de-policiais-federais-que-fizeram-operacao-contra-ele","status":"publish","type":"post","link":"https:\/\/ubirataonline.com.br\/en\/malafaia-pede-ao-stf-investigacao-de-policiais-federais-que-fizeram-operacao-contra-ele\/","title":{"rendered":"Malafaia pede ao STF investiga\u00e7\u00e3o de policiais federais que fizeram opera\u00e7\u00e3o contra ele"},"content":{"rendered":"<p><\/p>\n<div data-block-type=\"unstyled\" data-block-weight=\"33\">\n<p class=\"content-text__container theme-color-primary-first-letter\" data-track-category=\"Link no Texto\" data-track-links=\"\"> Silas Malafaia pediu ao Supremo Tribunal Federal (STF) a abertura de um inqu\u00e9rito para apurar o vazamento de informa\u00e7\u00f5es sigilosas sobre a opera\u00e7\u00e3o de busca e apreens\u00e3o realizada contra ele, no m\u00eas passado. <\/p>\n<\/p><\/div>\n<div>\n<div class=\"mc-column content-text active-extra-styles\" data-block-type=\"unstyled\" data-block-weight=\"38\">\n<p class=\"content-text__container\" data-track-category=\"Link no Texto\" data-track-links=\"\"> A defesa do pastor argumenta que, \u201cde forma absolutamente inusitada e grav\u00edssima\u201d, havia a \u201cpresen\u00e7a ostensiva de diversos ve\u00edculos de imprensa\u201d no desembarque internacional do Aeroporto do Gal\u00e3o, no Rio, onde Malafaia foi abordado pela Pol\u00edcia Federal. <\/p>\n<\/p><\/div>\n<div class=\"mc-column content-text active-extra-styles\" data-block-type=\"unstyled\" data-block-weight=\"43\">\n<p class=\"content-text__container\" data-track-category=\"Link no Texto\" data-track-links=\"\"> \u201cTal fato revela, com alto grau de verossimilhan\u00e7a, que houve o vazamento pr\u00e9vio e deliberado de informa\u00e7\u00f5es sigilosas relativas \u00e0 opera\u00e7\u00e3o de busca e apreens\u00e3o \u2013 inclusive quanto \u00e0s pessoas envolvidas, ao local, data, hor\u00e1rio e natureza das dilig\u00eancias\u201d, diz o advogado. <\/p>\n<\/p><\/div>\n<div class=\"mc-column content-text active-extra-styles\" data-block-type=\"unstyled\" data-block-weight=\"28\">\n<p class=\"content-text__container\" data-track-category=\"Link no Texto\" data-track-links=\"\"> A defesa de Malafaia acusa os policiais envolvidos na a\u00e7\u00e3o de \u201cpermitirem e tolerarem a presen\u00e7a ostensiva da imprensa\u201d e os acusa de prevarica\u00e7\u00e3o. <\/p>\n<\/p><\/div>\n<div class=\"mc-column content-text active-extra-styles\" data-block-type=\"unstyled\" data-block-weight=\"37\">\n<p class=\"content-text__container\" data-track-category=\"Link no Texto\" data-track-links=\"\"> Malafaia pede a instaura\u00e7\u00e3o da investiga\u00e7\u00e3o para levantar o vazamento de informa\u00e7\u00f5es sigilosas relacionadas \u00e0 opera\u00e7\u00e3o e a apura\u00e7\u00e3o da eventual pr\u00e1tica dos crimes de viola\u00e7\u00e3o de sigilo legal e prevarica\u00e7\u00e3o por parte de policiais federais. <\/p>\n<\/p><\/div>\n<div class=\"mc-column content-text active-extra-styles\" data-block-type=\"unstyled\" data-block-weight=\"45\">\n<p class=\"content-text__container\" data-track-category=\"Link no Texto\" data-track-links=\"\"> \u2014 O presidente do STF vai encaminhar esse pedido para o Alexandre de Moraes. Ele vai sentar em cima ou vai encaminhar para o procurador-geral da Rep\u00fablica investigar? Vai quebrar o sigilo funcional de delegado e agentes que vazaram minhas conversas sigilosas? \u2014 questionou Malafaia. <\/p>\n<\/p><\/div>\n<div class=\"mc-column content-text active-extra-styles\" data-block-type=\"unstyled\" data-block-weight=\"53\">\n<p class=\"content-text__container\" data-track-category=\"Link no Texto\" data-track-links=\"\"> O pastor ainda perguntou se o procurador-geral da Rep\u00fablica, Paulo Gonet, adotar\u00e1 o o mesmo procedimento que teve com o o ex-assessor de Alexandre de Moraes no Tribunal Superior Eleitoral Eduardo Tagliaferro. Gonet denunciou o ex-assessor por viola\u00e7\u00e3o de sigilo funcional ao vazar mensagens trocadas entre servidores do gabinete do ministro. <\/p>\n<\/p><\/div>\n<div data-track-category=\"multicontent\" data-track-action=\"ultimo chunk conteudo\" data-track-noninteraction=\"false\" data-track-scroll=\"view\">\n<div class=\"mc-column content-text active-extra-styles\" data-block-type=\"unstyled\" data-block-weight=\"30\">\n<p class=\"content-text__container\" data-track-category=\"Link no Texto\" data-track-links=\"\"> \u2014 O procurador denunciou Tagliaferro por viola\u00e7\u00e3o de sigilo funcional. O pedido do meu advogado \u00e9 tamb\u00e9m quebra de sigilo funcional. \u00c9 o princ\u00edpio da isonomia \u2014 disse Malafaia. <\/p>\n<\/p><\/div>\n<\/p><\/div>\n<\/p><\/div>\n<p><a href=\"https:\/\/oglobo.globo.com\/blogs\/bela-megale\/post\/2025\/09\/malafaia-pede-ao-stf-investigacao-de-policiais-federais-que-fizeram-operacao-contra-ele.ghtml\">Source link <\/a><\/p>","protected":false},"excerpt":{"rendered":"<p>Silas Malafaia pediu ao Supremo Tribunal Federal (STF) a abertura de um inqu\u00e9rito para apurar o vazamento de informa\u00e7\u00f5es sigilosas sobre a opera\u00e7\u00e3o de busca e apreens\u00e3o realizada contra ele, no m\u00eas passado. A defesa do pastor argumenta que, \u201cde forma absolutamente inusitada e grav\u00edssima\u201d, havia a \u201cpresen\u00e7a ostensiva de diversos ve\u00edculos de imprensa\u201d no [&hellip;]<\/p>\n","protected":false},"author":1,"featured_media":68070,"comment_status":"","ping_status":"","sticky":false,"template":"","format":"standard","meta":{"googlesitekit_rrm_CAow2JLhCw:productID":"","_gspb_post_css":"","maa_idioma":"","maa_pais":"","footnotes":""},"categories":[4],"tags":[],"class_list":["post-68069","post","type-post","status-publish","format-standard","has-post-thumbnail","hentry","category-brasil"],"blocksy_meta":[],"yoast_head":"<!-- This site is optimized with the Yoast SEO Premium plugin v27.6 (Yoast SEO v27.6) - https:\/\/yoast.com\/product\/yoast-seo-premium-wordpress\/ -->\n<title>Malafaia pede ao STF investiga\u00e7\u00e3o de policiais federais que fizeram opera\u00e7\u00e3o contra ele - Ubirat\u00e3 Online Not\u00edcias - A realidade ao seu alcance!<\/title>\n<meta name=\"description\" content=\"Silas Malafaia pediu ao Supremo Tribunal Federal (STF) a abertura de um inqu\u00e9rito para apurar o vazamento de informa\u00e7\u00f5es sigilosas sobre a opera\u00e7\u00e3o de\" \/>\n<meta name=\"robots\" content=\"index, follow, max-snippet:-1, max-image-preview:large, max-video-preview:-1\" \/>\n<link rel=\"canonical\" href=\"https:\/\/ubirataonline.com.br\/en\/malafaia-pede-ao-stf-investigacao-de-policiais-federais-que-fizeram-operacao-contra-ele\/\" \/>\n<meta property=\"og:locale\" content=\"en_US\" \/>\n<meta property=\"og:type\" content=\"article\" \/>\n<meta property=\"og:title\" content=\"Malafaia pede ao STF investiga\u00e7\u00e3o de policiais federais que fizeram opera\u00e7\u00e3o contra ele\" \/>\n<meta property=\"og:description\" content=\"Silas Malafaia pediu ao Supremo Tribunal Federal (STF) a abertura de um inqu\u00e9rito para apurar o vazamento de informa\u00e7\u00f5es sigilosas sobre a opera\u00e7\u00e3o de\" \/>\n<meta property=\"og:url\" content=\"https:\/\/ubirataonline.com.br\/en\/malafaia-pede-ao-stf-investigacao-de-policiais-federais-que-fizeram-operacao-contra-ele\/\" \/>\n<meta property=\"og:site_name\" content=\"Ubirat\u00e3 Online Not\u00edcias - A realidade ao seu alcance!\" \/>\n<meta property=\"article:publisher\" content=\"https:\/\/www.facebook.com\/portalubirataonline\" \/>\n<meta property=\"article:author\" content=\"https:\/\/www.facebook.com\/portalubirataonline\" \/>\n<meta property=\"article:published_time\" content=\"2025-09-12T04:30:30+00:00\" \/>\n<meta property=\"og:image\" content=\"https:\/\/ubirataonline.com.br\/wp-content\/uploads\/2026\/05\/logo2026.webp\" \/>\n\t<meta property=\"og:image:width\" content=\"1531\" \/>\n\t<meta property=\"og:image:height\" content=\"418\" \/>\n\t<meta property=\"og:image:type\" content=\"image\/webp\" \/>\n<meta name=\"author\" content=\"REDA\u00c7\u00c3O: UBIRAT\u00c3 ONLINE - F\u00c1BIO AUGUSTO CELESTINO\" \/>\n<meta name=\"twitter:card\" content=\"summary_large_image\" \/>\n<meta name=\"twitter:creator\" content=\"@x.com\/ubirataonline\" \/>\n<meta name=\"twitter:site\" content=\"@ubirataonline\" \/>\n<meta name=\"twitter:label1\" content=\"Written by\" \/>\n\t<meta name=\"twitter:data1\" content=\"REDA\u00c7\u00c3O: UBIRAT\u00c3 ONLINE - F\u00c1BIO AUGUSTO CELESTINO\" \/>\n\t<meta name=\"twitter:label2\" content=\"Est. reading time\" \/>\n\t<meta name=\"twitter:data2\" content=\"2 minutes\" \/>\n<script type=\"application\/ld+json\" class=\"yoast-schema-graph\">{\"@context\":\"https:\\\/\\\/schema.org\",\"@graph\":[{\"@type\":\"NewsArticle\",\"@id\":\"https:\\\/\\\/ubirataonline.com.br\\\/malafaia-pede-ao-stf-investigacao-de-policiais-federais-que-fizeram-operacao-contra-ele\\\/#article\",\"isPartOf\":{\"@id\":\"https:\\\/\\\/ubirataonline.com.br\\\/malafaia-pede-ao-stf-investigacao-de-policiais-federais-que-fizeram-operacao-contra-ele\\\/\"},\"author\":{\"name\":\"REDA\u00c7\u00c3O: UBIRAT\u00c3 ONLINE - F\u00c1BIO AUGUSTO CELESTINO\",\"@id\":\"https:\\\/\\\/ubirataonline.com.br\\\/#\\\/schema\\\/person\\\/372f87bbd3fdd79b8556b84c98d0bc1c\"},\"headline\":\"Malafaia pede ao STF investiga\u00e7\u00e3o de policiais federais que fizeram opera\u00e7\u00e3o contra ele\",\"datePublished\":\"2025-09-12T04:30:30+00:00\",\"mainEntityOfPage\":{\"@id\":\"https:\\\/\\\/ubirataonline.com.br\\\/malafaia-pede-ao-stf-investigacao-de-policiais-federais-que-fizeram-operacao-contra-ele\\\/\"},\"wordCount\":339,\"publisher\":{\"@id\":\"https:\\\/\\\/ubirataonline.com.br\\\/#organization\"},\"image\":{\"@id\":\"https:\\\/\\\/ubirataonline.com.br\\\/malafaia-pede-ao-stf-investigacao-de-policiais-federais-que-fizeram-operacao-contra-ele\\\/#primaryimage\"},\"thumbnailUrl\":\"https:\\\/\\\/ubirataonline.com.br\\\/wp-content\\\/uploads\\\/2025\\\/09\\\/111934647-politica-sao-paulo-sp-03-08-2025-manifestacao-pro-bolsonaro-na-av-paulista-pastor.jpg\",\"articleSection\":[\"Brasil\"],\"inLanguage\":\"en-US\",\"copyrightYear\":\"2025\",\"copyrightHolder\":{\"@id\":\"https:\\\/\\\/ubirataonline.com.br\\\/en\\\/#organization\"}},{\"@type\":\"WebPage\",\"@id\":\"https:\\\/\\\/ubirataonline.com.br\\\/malafaia-pede-ao-stf-investigacao-de-policiais-federais-que-fizeram-operacao-contra-ele\\\/\",\"url\":\"https:\\\/\\\/ubirataonline.com.br\\\/malafaia-pede-ao-stf-investigacao-de-policiais-federais-que-fizeram-operacao-contra-ele\\\/\",\"name\":\"Malafaia pede ao STF investiga\u00e7\u00e3o de policiais federais que fizeram opera\u00e7\u00e3o contra ele - Ubirat\u00e3 Online Not\u00edcias - A realidade ao seu alcance!\",\"isPartOf\":{\"@id\":\"https:\\\/\\\/ubirataonline.com.br\\\/#website\"},\"primaryImageOfPage\":{\"@id\":\"https:\\\/\\\/ubirataonline.com.br\\\/malafaia-pede-ao-stf-investigacao-de-policiais-federais-que-fizeram-operacao-contra-ele\\\/#primaryimage\"},\"image\":{\"@id\":\"https:\\\/\\\/ubirataonline.com.br\\\/malafaia-pede-ao-stf-investigacao-de-policiais-federais-que-fizeram-operacao-contra-ele\\\/#primaryimage\"},\"thumbnailUrl\":\"https:\\\/\\\/ubirataonline.com.br\\\/wp-content\\\/uploads\\\/2025\\\/09\\\/111934647-politica-sao-paulo-sp-03-08-2025-manifestacao-pro-bolsonaro-na-av-paulista-pastor.jpg\",\"datePublished\":\"2025-09-12T04:30:30+00:00\",\"description\":\"Silas Malafaia pediu ao Supremo Tribunal Federal (STF) a abertura de um inqu\u00e9rito para apurar o vazamento de informa\u00e7\u00f5es sigilosas sobre a opera\u00e7\u00e3o de\",\"breadcrumb\":{\"@id\":\"https:\\\/\\\/ubirataonline.com.br\\\/malafaia-pede-ao-stf-investigacao-de-policiais-federais-que-fizeram-operacao-contra-ele\\\/#breadcrumb\"},\"inLanguage\":\"en-US\",\"potentialAction\":[{\"@type\":\"ReadAction\",\"target\":[\"https:\\\/\\\/ubirataonline.com.br\\\/malafaia-pede-ao-stf-investigacao-de-policiais-federais-que-fizeram-operacao-contra-ele\\\/\"]}]},{\"@type\":\"ImageObject\",\"inLanguage\":\"en-US\",\"@id\":\"https:\\\/\\\/ubirataonline.com.br\\\/malafaia-pede-ao-stf-investigacao-de-policiais-federais-que-fizeram-operacao-contra-ele\\\/#primaryimage\",\"url\":\"https:\\\/\\\/ubirataonline.com.br\\\/wp-content\\\/uploads\\\/2025\\\/09\\\/111934647-politica-sao-paulo-sp-03-08-2025-manifestacao-pro-bolsonaro-na-av-paulista-pastor.jpg\",\"contentUrl\":\"https:\\\/\\\/ubirataonline.com.br\\\/wp-content\\\/uploads\\\/2025\\\/09\\\/111934647-politica-sao-paulo-sp-03-08-2025-manifestacao-pro-bolsonaro-na-av-paulista-pastor.jpg\",\"width\":1200,\"height\":800},{\"@type\":\"BreadcrumbList\",\"@id\":\"https:\\\/\\\/ubirataonline.com.br\\\/malafaia-pede-ao-stf-investigacao-de-policiais-federais-que-fizeram-operacao-contra-ele\\\/#breadcrumb\",\"itemListElement\":[{\"@type\":\"ListItem\",\"position\":1,\"name\":\"In\u00edcio\",\"item\":\"https:\\\/\\\/ubirataonline.com.br\\\/\"},{\"@type\":\"ListItem\",\"position\":2,\"name\":\"Malafaia pede ao STF investiga\u00e7\u00e3o de policiais federais que fizeram opera\u00e7\u00e3o contra ele\"}]},{\"@type\":\"WebSite\",\"@id\":\"https:\\\/\\\/ubirataonline.com.br\\\/#website\",\"url\":\"https:\\\/\\\/ubirataonline.com.br\\\/\",\"name\":\"Ubirat\u00e3 Online Not\u00edcias\",\"description\":\"Not\u00edcias de Ubirat\u00e3, regi\u00e3o, Brasil e mundo, com informa\u00e7\u00e3o atualizada e compromisso com o leitor.\",\"publisher\":{\"@id\":\"https:\\\/\\\/ubirataonline.com.br\\\/#organization\"},\"alternateName\":\"Ubirat\u00e3 Online\",\"potentialAction\":[{\"@type\":\"SearchAction\",\"target\":{\"@type\":\"EntryPoint\",\"urlTemplate\":\"https:\\\/\\\/ubirataonline.com.br\\\/?s={search_term_string}\"},\"query-input\":{\"@type\":\"PropertyValueSpecification\",\"valueRequired\":true,\"valueName\":\"search_term_string\"}}],\"inLanguage\":\"en-US\"},{\"@type\":[\"Organization\",\"Place\"],\"@id\":\"https:\\\/\\\/ubirataonline.com.br\\\/#organization\",\"name\":\"Ubirat\u00e3 Online Not\u00edcias\",\"alternateName\":\"Ubirat\u00e3 Online\",\"url\":\"https:\\\/\\\/ubirataonline.com.br\\\/\",\"logo\":{\"@id\":\"https:\\\/\\\/ubirataonline.com.br\\\/malafaia-pede-ao-stf-investigacao-de-policiais-federais-que-fizeram-operacao-contra-ele\\\/#local-main-organization-logo\"},\"image\":{\"@id\":\"https:\\\/\\\/ubirataonline.com.br\\\/malafaia-pede-ao-stf-investigacao-de-policiais-federais-que-fizeram-operacao-contra-ele\\\/#local-main-organization-logo\"},\"sameAs\":[\"https:\\\/\\\/www.facebook.com\\\/portalubirataonline\",\"https:\\\/\\\/x.com\\\/ubirataonline\",\"https:\\\/\\\/mastodon.social\\\/@ubirataonline\",\"https:\\\/\\\/www.facebook.com\\\/groups\\\/311144672285604\",\"https:\\\/\\\/www.facebook.com\\\/UBTAOnline\",\"https:\\\/\\\/www.instagram.com\\\/portalubirataonline\\\/\",\"https:\\\/\\\/twitter.com\\\/ubirataonline\"],\"description\":\"Somos um portal de not\u00edcias independente, criado em 5 de janeiro de 2009, com o objetivo de informar, conectar e valorizar a nossa comunidade de Ubirat\u00e3 e toda aregi\u00e3o. Com conte\u00fado atualizado, confi\u00e1vel e relevante, o Ubirat\u00e3 Online \u00e9 o seu espa\u00e7o para ficar por dentro dos principais acontecimentos locais, regionais, Brasil, Mundo e de interesse geral. Nosso compromisso \u00e9 com a verdade, a transpar\u00eancia e o respeito ao leitor.\",\"legalName\":\"UBIRATA ONLINE NOT\u00cdCIAS\",\"foundingDate\":\"2009-01-05\",\"numberOfEmployees\":{\"@type\":\"QuantitativeValue\",\"minValue\":\"1\",\"maxValue\":\"10\"},\"publishingPrinciples\":\"https:\\\/\\\/ubirataonline.com.br\\\/faq\\\/\",\"address\":{\"@id\":\"https:\\\/\\\/ubirataonline.com.br\\\/malafaia-pede-ao-stf-investigacao-de-policiais-federais-que-fizeram-operacao-contra-ele\\\/#local-main-place-address\"},\"geo\":{\"@type\":\"GeoCoordinates\",\"latitude\":\"-24.5361401\",\"longitude\":\"-52.9921776\"},\"telephone\":[\"+5544998308235\"],\"contactPoint\":{\"@type\":\"ContactPoint\",\"email\":\"contato@ubirataonline.com.br\"},\"openingHoursSpecification\":{\"@type\":\"OpeningHoursSpecification\",\"dayOfWeek\":[\"Monday\",\"Tuesday\",\"Wednesday\",\"Thursday\",\"Friday\",\"Saturday\",\"Sunday\"],\"opens\":\"00:00\",\"closes\":\"23:59\"},\"email\":\"contato@ubirataonline.com.br\",\"vatID\":\"47.621.418\\\/0001-80\"},{\"@type\":\"Person\",\"@id\":\"https:\\\/\\\/ubirataonline.com.br\\\/#\\\/schema\\\/person\\\/372f87bbd3fdd79b8556b84c98d0bc1c\",\"name\":\"REDA\u00c7\u00c3O: UBIRAT\u00c3 ONLINE - F\u00c1BIO AUGUSTO CELESTINO\",\"pronouns\":\"Ele\",\"description\":\"Desde 2003 trabalhando com not\u00edcias.\",\"sameAs\":[\"http:\\\/\\\/ubirataoline.com.br\",\"https:\\\/\\\/www.facebook.com\\\/portalubirataonline\",\"https:\\\/\\\/www.instagram.com\\\/ubirataonline_oficial\",\"https:\\\/\\\/x.com\\\/x.com\\\/ubirataonline\"],\"honorificPrefix\":\"Mr.\",\"honorificSuffix\":\"MD\",\"birthDate\":\"1980-06-16\",\"gender\":\"masculino\",\"award\":[\"V\u00e1rios pr\u00eamios de melhor portal da cidade\"],\"jobTitle\":\"Diretor\",\"url\":\"https:\\\/\\\/ubirataonline.com.br\\\/en\\\/author\\\/ubirataonline\\\/\"},{\"@type\":\"PostalAddress\",\"@id\":\"https:\\\/\\\/ubirataonline.com.br\\\/malafaia-pede-ao-stf-investigacao-de-policiais-federais-que-fizeram-operacao-contra-ele\\\/#local-main-place-address\",\"streetAddress\":\"Rua dos Coqueiros, 104 - Bairro Boa Vista, Rua dos Coqueiros, 104 Bairro Boa Vista\",\"addressLocality\":\"UBIRATA\",\"postalCode\":\"85440-000\",\"addressRegion\":\"PR\",\"addressCountry\":\"BR\"},{\"@type\":\"ImageObject\",\"inLanguage\":\"en-US\",\"@id\":\"https:\\\/\\\/ubirataonline.com.br\\\/malafaia-pede-ao-stf-investigacao-de-policiais-federais-que-fizeram-operacao-contra-ele\\\/#local-main-organization-logo\",\"url\":\"https:\\\/\\\/ubirataonline.com.br\\\/wp-content\\\/uploads\\\/2026\\\/06\\\/logoubirataonline-1.webp\",\"contentUrl\":\"https:\\\/\\\/ubirataonline.com.br\\\/wp-content\\\/uploads\\\/2026\\\/06\\\/logoubirataonline-1.webp\",\"width\":500,\"height\":500,\"caption\":\"Ubirat\u00e3 Online Not\u00edcias\"}]}<\/script>\n<meta name=\"geo.placename\" content=\"UBIRATA\" \/>\n<meta name=\"geo.position\" content=\"-24.5361401;-52.9921776\" \/>\n<meta name=\"geo.region\" content=\"Brazil\" \/>\n<!-- \/ Yoast SEO Premium plugin. -->","yoast_head_json":{"title":"Malafaia pede ao STF investiga\u00e7\u00e3o de policiais federais que fizeram opera\u00e7\u00e3o contra ele - Ubirat\u00e3 Online Not\u00edcias - A realidade ao seu alcance!","description":"Silas Malafaia pediu ao Supremo Tribunal Federal (STF) a abertura de um inqu\u00e9rito para apurar o vazamento de informa\u00e7\u00f5es sigilosas sobre a opera\u00e7\u00e3o de","robots":{"index":"index","follow":"follow","max-snippet":"max-snippet:-1","max-image-preview":"max-image-preview:large","max-video-preview":"max-video-preview:-1"},"canonical":"https:\/\/ubirataonline.com.br\/en\/malafaia-pede-ao-stf-investigacao-de-policiais-federais-que-fizeram-operacao-contra-ele\/","og_locale":"en_US","og_type":"article","og_title":"Malafaia pede ao STF investiga\u00e7\u00e3o de policiais federais que fizeram opera\u00e7\u00e3o contra ele","og_description":"Silas Malafaia pediu ao Supremo Tribunal Federal (STF) a abertura de um inqu\u00e9rito para apurar o vazamento de informa\u00e7\u00f5es sigilosas sobre a opera\u00e7\u00e3o de","og_url":"https:\/\/ubirataonline.com.br\/en\/malafaia-pede-ao-stf-investigacao-de-policiais-federais-que-fizeram-operacao-contra-ele\/","og_site_name":"Ubirat\u00e3 Online Not\u00edcias - A realidade ao seu alcance!","article_publisher":"https:\/\/www.facebook.com\/portalubirataonline","article_author":"https:\/\/www.facebook.com\/portalubirataonline","article_published_time":"2025-09-12T04:30:30+00:00","og_image":[{"width":1531,"height":418,"url":"https:\/\/ubirataonline.com.br\/wp-content\/uploads\/2026\/05\/logo2026.webp","type":"image\/webp"}],"author":"REDA\u00c7\u00c3O: UBIRAT\u00c3 ONLINE - F\u00c1BIO AUGUSTO CELESTINO","twitter_card":"summary_large_image","twitter_creator":"@x.com\/ubirataonline","twitter_site":"@ubirataonline","twitter_misc":{"Written by":"REDA\u00c7\u00c3O: UBIRAT\u00c3 ONLINE - F\u00c1BIO AUGUSTO CELESTINO","Est. reading time":"2 minutes"},"schema":{"@context":"https:\/\/schema.org","@graph":[{"@type":"NewsArticle","@id":"https:\/\/ubirataonline.com.br\/malafaia-pede-ao-stf-investigacao-de-policiais-federais-que-fizeram-operacao-contra-ele\/#article","isPartOf":{"@id":"https:\/\/ubirataonline.com.br\/malafaia-pede-ao-stf-investigacao-de-policiais-federais-que-fizeram-operacao-contra-ele\/"},"author":{"name":"REDA\u00c7\u00c3O: UBIRAT\u00c3 ONLINE - F\u00c1BIO AUGUSTO CELESTINO","@id":"https:\/\/ubirataonline.com.br\/#\/schema\/person\/372f87bbd3fdd79b8556b84c98d0bc1c"},"headline":"Malafaia pede ao STF investiga\u00e7\u00e3o de policiais federais que fizeram opera\u00e7\u00e3o contra ele","datePublished":"2025-09-12T04:30:30+00:00","mainEntityOfPage":{"@id":"https:\/\/ubirataonline.com.br\/malafaia-pede-ao-stf-investigacao-de-policiais-federais-que-fizeram-operacao-contra-ele\/"},"wordCount":339,"publisher":{"@id":"https:\/\/ubirataonline.com.br\/#organization"},"image":{"@id":"https:\/\/ubirataonline.com.br\/malafaia-pede-ao-stf-investigacao-de-policiais-federais-que-fizeram-operacao-contra-ele\/#primaryimage"},"thumbnailUrl":"https:\/\/ubirataonline.com.br\/wp-content\/uploads\/2025\/09\/111934647-politica-sao-paulo-sp-03-08-2025-manifestacao-pro-bolsonaro-na-av-paulista-pastor.jpg","articleSection":["Brasil"],"inLanguage":"en-US","copyrightYear":"2025","copyrightHolder":{"@id":"https:\/\/ubirataonline.com.br\/en\/#organization"}},{"@type":"WebPage","@id":"https:\/\/ubirataonline.com.br\/malafaia-pede-ao-stf-investigacao-de-policiais-federais-que-fizeram-operacao-contra-ele\/","url":"https:\/\/ubirataonline.com.br\/malafaia-pede-ao-stf-investigacao-de-policiais-federais-que-fizeram-operacao-contra-ele\/","name":"Malafaia pede ao STF investiga\u00e7\u00e3o de policiais federais que fizeram opera\u00e7\u00e3o contra ele - Ubirat\u00e3 Online Not\u00edcias - A realidade ao seu alcance!","isPartOf":{"@id":"https:\/\/ubirataonline.com.br\/#website"},"primaryImageOfPage":{"@id":"https:\/\/ubirataonline.com.br\/malafaia-pede-ao-stf-investigacao-de-policiais-federais-que-fizeram-operacao-contra-ele\/#primaryimage"},"image":{"@id":"https:\/\/ubirataonline.com.br\/malafaia-pede-ao-stf-investigacao-de-policiais-federais-que-fizeram-operacao-contra-ele\/#primaryimage"},"thumbnailUrl":"https:\/\/ubirataonline.com.br\/wp-content\/uploads\/2025\/09\/111934647-politica-sao-paulo-sp-03-08-2025-manifestacao-pro-bolsonaro-na-av-paulista-pastor.jpg","datePublished":"2025-09-12T04:30:30+00:00","description":"Silas Malafaia pediu ao Supremo Tribunal Federal (STF) a abertura de um inqu\u00e9rito para apurar o vazamento de informa\u00e7\u00f5es sigilosas sobre a opera\u00e7\u00e3o de","breadcrumb":{"@id":"https:\/\/ubirataonline.com.br\/malafaia-pede-ao-stf-investigacao-de-policiais-federais-que-fizeram-operacao-contra-ele\/#breadcrumb"},"inLanguage":"en-US","potentialAction":[{"@type":"ReadAction","target":["https:\/\/ubirataonline.com.br\/malafaia-pede-ao-stf-investigacao-de-policiais-federais-que-fizeram-operacao-contra-ele\/"]}]},{"@type":"ImageObject","inLanguage":"en-US","@id":"https:\/\/ubirataonline.com.br\/malafaia-pede-ao-stf-investigacao-de-policiais-federais-que-fizeram-operacao-contra-ele\/#primaryimage","url":"https:\/\/ubirataonline.com.br\/wp-content\/uploads\/2025\/09\/111934647-politica-sao-paulo-sp-03-08-2025-manifestacao-pro-bolsonaro-na-av-paulista-pastor.jpg","contentUrl":"https:\/\/ubirataonline.com.br\/wp-content\/uploads\/2025\/09\/111934647-politica-sao-paulo-sp-03-08-2025-manifestacao-pro-bolsonaro-na-av-paulista-pastor.jpg","width":1200,"height":800},{"@type":"BreadcrumbList","@id":"https:\/\/ubirataonline.com.br\/malafaia-pede-ao-stf-investigacao-de-policiais-federais-que-fizeram-operacao-contra-ele\/#breadcrumb","itemListElement":[{"@type":"ListItem","position":1,"name":"In\u00edcio","item":"https:\/\/ubirataonline.com.br\/"},{"@type":"ListItem","position":2,"name":"Malafaia pede ao STF investiga\u00e7\u00e3o de policiais federais que fizeram opera\u00e7\u00e3o contra ele"}]},{"@type":"WebSite","@id":"https:\/\/ubirataonline.com.br\/#website","url":"https:\/\/ubirataonline.com.br\/","name":"Ubirat\u00e3 Online Not\u00edcias","description":"Not\u00edcias de Ubirat\u00e3, regi\u00e3o, Brasil e mundo, com informa\u00e7\u00e3o atualizada e compromisso com o leitor.","publisher":{"@id":"https:\/\/ubirataonline.com.br\/#organization"},"alternateName":"Ubirat\u00e3 Online","potentialAction":[{"@type":"SearchAction","target":{"@type":"EntryPoint","urlTemplate":"https:\/\/ubirataonline.com.br\/?s={search_term_string}"},"query-input":{"@type":"PropertyValueSpecification","valueRequired":true,"valueName":"search_term_string"}}],"inLanguage":"en-US"},{"@type":["Organization","Place"],"@id":"https:\/\/ubirataonline.com.br\/#organization","name":"Ubirat\u00e3 Online Not\u00edcias","alternateName":"Ubirat\u00e3 Online","url":"https:\/\/ubirataonline.com.br\/","logo":{"@id":"https:\/\/ubirataonline.com.br\/malafaia-pede-ao-stf-investigacao-de-policiais-federais-que-fizeram-operacao-contra-ele\/#local-main-organization-logo"},"image":{"@id":"https:\/\/ubirataonline.com.br\/malafaia-pede-ao-stf-investigacao-de-policiais-federais-que-fizeram-operacao-contra-ele\/#local-main-organization-logo"},"sameAs":["https:\/\/www.facebook.com\/portalubirataonline","https:\/\/x.com\/ubirataonline","https:\/\/mastodon.social\/@ubirataonline","https:\/\/www.facebook.com\/groups\/311144672285604","https:\/\/www.facebook.com\/UBTAOnline","https:\/\/www.instagram.com\/portalubirataonline\/","https:\/\/twitter.com\/ubirataonline"],"description":"Somos um portal de not\u00edcias independente, criado em 5 de janeiro de 2009, com o objetivo de informar, conectar e valorizar a nossa comunidade de Ubirat\u00e3 e toda aregi\u00e3o. Com conte\u00fado atualizado, confi\u00e1vel e relevante, o Ubirat\u00e3 Online \u00e9 o seu espa\u00e7o para ficar por dentro dos principais acontecimentos locais, regionais, Brasil, Mundo e de interesse geral. Nosso compromisso \u00e9 com a verdade, a transpar\u00eancia e o respeito ao leitor.","legalName":"UBIRATA ONLINE NOT\u00cdCIAS","foundingDate":"2009-01-05","numberOfEmployees":{"@type":"QuantitativeValue","minValue":"1","maxValue":"10"},"publishingPrinciples":"https:\/\/ubirataonline.com.br\/faq\/","address":{"@id":"https:\/\/ubirataonline.com.br\/malafaia-pede-ao-stf-investigacao-de-policiais-federais-que-fizeram-operacao-contra-ele\/#local-main-place-address"},"geo":{"@type":"GeoCoordinates","latitude":"-24.5361401","longitude":"-52.9921776"},"telephone":["+5544998308235"],"contactPoint":{"@type":"ContactPoint","email":"contato@ubirataonline.com.br"},"openingHoursSpecification":{"@type":"OpeningHoursSpecification","dayOfWeek":["Monday","Tuesday","Wednesday","Thursday","Friday","Saturday","Sunday"],"opens":"00:00","closes":"23:59"},"email":"contato@ubirataonline.com.br","vatID":"47.621.418\/0001-80"},{"@type":"Person","@id":"https:\/\/ubirataonline.com.br\/#\/schema\/person\/372f87bbd3fdd79b8556b84c98d0bc1c","name":"REDA\u00c7\u00c3O: UBIRAT\u00c3 ONLINE - F\u00c1BIO AUGUSTO CELESTINO","pronouns":"Ele","description":"Desde 2003 trabalhando com not\u00edcias.","sameAs":["http:\/\/ubirataoline.com.br","https:\/\/www.facebook.com\/portalubirataonline","https:\/\/www.instagram.com\/ubirataonline_oficial","https:\/\/x.com\/x.com\/ubirataonline"],"honorificPrefix":"Mr.","honorificSuffix":"MD","birthDate":"1980-06-16","gender":"masculino","award":["V\u00e1rios pr\u00eamios de melhor portal da cidade"],"jobTitle":"Diretor","url":"https:\/\/ubirataonline.com.br\/en\/author\/ubirataonline\/"},{"@type":"PostalAddress","@id":"https:\/\/ubirataonline.com.br\/malafaia-pede-ao-stf-investigacao-de-policiais-federais-que-fizeram-operacao-contra-ele\/#local-main-place-address","streetAddress":"Rua dos Coqueiros, 104 - Bairro Boa Vista, Rua dos Coqueiros, 104 Bairro Boa Vista","addressLocality":"UBIRATA","postalCode":"85440-000","addressRegion":"PR","addressCountry":"BR"},{"@type":"ImageObject","inLanguage":"en-US","@id":"https:\/\/ubirataonline.com.br\/malafaia-pede-ao-stf-investigacao-de-policiais-federais-que-fizeram-operacao-contra-ele\/#local-main-organization-logo","url":"https:\/\/ubirataonline.com.br\/wp-content\/uploads\/2026\/06\/logoubirataonline-1.webp","contentUrl":"https:\/\/ubirataonline.com.br\/wp-content\/uploads\/2026\/06\/logoubirataonline-1.webp","width":500,"height":500,"caption":"Ubirat\u00e3 Online Not\u00edcias"}]},"geo.placename":"UBIRATA","geo.position":{"lat":"-24.5361401","long":"-52.9921776"},"geo.region":"Brazil"},"_links":{"self":[{"href":"https:\/\/ubirataonline.com.br\/en\/wp-json\/wp\/v2\/posts\/68069","targetHints":{"allow":["GET"]}}],"collection":[{"href":"https:\/\/ubirataonline.com.br\/en\/wp-json\/wp\/v2\/posts"}],"about":[{"href":"https:\/\/ubirataonline.com.br\/en\/wp-json\/wp\/v2\/types\/post"}],"author":[{"embeddable":true,"href":"https:\/\/ubirataonline.com.br\/en\/wp-json\/wp\/v2\/users\/1"}],"replies":[{"embeddable":true,"href":"https:\/\/ubirataonline.com.br\/en\/wp-json\/wp\/v2\/comments?post=68069"}],"version-history":[{"count":0,"href":"https:\/\/ubirataonline.com.br\/en\/wp-json\/wp\/v2\/posts\/68069\/revisions"}],"wp:featuredmedia":[{"embeddable":true,"href":"https:\/\/ubirataonline.com.br\/en\/wp-json\/wp\/v2\/media\/68070"}],"wp:attachment":[{"href":"https:\/\/ubirataonline.com.br\/en\/wp-json\/wp\/v2\/media?parent=68069"}],"wp:term":[{"taxonomy":"category","embeddable":true,"href":"https:\/\/ubirataonline.com.br\/en\/wp-json\/wp\/v2\/categories?post=68069"},{"taxonomy":"post_tag","embeddable":true,"href":"https:\/\/ubirataonline.com.br\/en\/wp-json\/wp\/v2\/tags?post=68069"}],"curies":[{"name":"wp","href":"https:\/\/api.w.org\/{rel}","templated":true}]}}