{"id":68072,"date":"2025-09-12T02:31:43","date_gmt":"2025-09-12T05:31:43","guid":{"rendered":"https:\/\/ubirataonline.com.br\/filho-da-detalhes-sobre-a-recuperacao-de-faustao-em-casa\/"},"modified":"2025-09-12T02:31:43","modified_gmt":"2025-09-12T05:31:43","slug":"filho-da-detalhes-sobre-a-recuperacao-de-faustao-em-casa","status":"publish","type":"post","link":"https:\/\/ubirataonline.com.br\/en\/filho-da-detalhes-sobre-a-recuperacao-de-faustao-em-casa\/","title":{"rendered":"Filho d\u00e1 detalhes sobre a recupera\u00e7\u00e3o de Faust\u00e3o em casa"},"content":{"rendered":"<p><\/p>\n<div>\n<div class=\"article__header__content--left \">\n<p><h2>Jo\u00e3o Silva relata que Faust\u00e3o se recupera em casa com fisioterapia e treinamento f\u00edsico ap\u00f3s receber alta de interna\u00e7\u00e3o que durou tr\u00eas meses.<\/h2>\n<\/p><\/div>\n<\/p><\/div>\n<div>\n<p class=\"text\">O apresentador Jo\u00e3o Silva forneceu atualiza\u00e7\u00f5es sobre o estado de sa\u00fade de seu pai, Fausto Silva, que se recupera em casa ap\u00f3s receber alta hospitalar no final de agosto de 2025. Em entrevista concedida no s\u00e1bado (6), durante o festival The Town em S\u00e3o Paulo, o filho do comunicador compartilhou detalhes sobre o processo de reabilita\u00e7\u00e3o ap\u00f3s os transplantes de f\u00edgado e rim realizados em agosto.<\/p>\n<div class=\"article__image-embed \" id=\"image_c60ec38452b7c55a8d5ee8b64e7842c3mfsi1jq3\">\n<figure itemprop=\"associatedMedia image\" itemscope=\"\" itemtype=\"http:\/\/schema.org\/ImageObject\">\n<meta content=\"true\" itemprop=\"representativeOfPage\"\/><br \/>\n<meta content=\"\/\/p2.trrsf.com\/image\/fget\/cf\/940\/0\/images.terra.com\/2025\/09\/08\/856169865-faustao.jpg\" itemprop=\"url\"\/><br \/>\n<meta content=\"800\" itemprop=\"width\"\/><br \/>\n<meta content=\"800\" itemprop=\"height\"\/>\n<picture>\n<img loading=\"lazy\" decoding=\"async\" alt=\"Filho d\u00e1 detalhes sobre a recupera\u00e7\u00e3o de Faust\u00e3o em casa\" class=\"img-c60ec38452b7c55a8d5ee8b64e7842c3mfsi1jq3\" height=\"435\" src=\"https:\/\/p2.trrsf.com\/image\/fget\/cf\/774\/0\/images.terra.com\/2025\/09\/08\/856169865-faustao.jpg\" srcset=\"https:\/\/p2.trrsf.com\/image\/fget\/cf\/1548\/0\/images.terra.com\/2025\/09\/08\/856169865-faustao.jpg 2x\" title=\"Filho d\u00e1 detalhes sobre a recupera\u00e7\u00e3o de Faust\u00e3o em casa\" width=\"774\"\/>\n<\/picture><figcaption>\n<div class=\"article__image-embed--info\">\n<p>Filho d\u00e1 detalhes sobre a recupera\u00e7\u00e3o de Faust\u00e3o em casa<\/p>\n<p><small class=\"article__image-embed--info__copyright\" itemprop=\"copyrightHolder\">Foto: Reprodu\u00e7\u00e3o\/Instagram \/ Famosos e Celebridades<\/small>\n<\/div>\n<\/figcaption><\/figure>\n<\/div>\n<p class=\"text\">&#8220;\u00c9 dia ap\u00f3s dia&#8221;, resumiu Jo\u00e3o Silva sobre a recupera\u00e7\u00e3o do pai. &#8220;Ele est\u00e1 bem. A recupera\u00e7\u00e3o \u00e9 dia ap\u00f3s dia, mas est\u00e1 indo bem. Acho que, em dois meses, j\u00e1 veremos uma bela melhora&#8221;, afirmou \u00e0 CNN Brasil. Sobre o progn\u00f3stico, explicou: &#8220;\u00c9 de recupera\u00e7\u00e3o, com cautela, muito treinamento f\u00edsico e fisioterapia. Ele est\u00e1 consciente, comunicativo, do jeito dele mesmo. Meu pai \u00e9 muito forte, n\u00e3o tem jeito.&#8221;<\/p>\n<p class=\"text\">O apresentador do SBT relatou que a equipe m\u00e9dica mant\u00e9m perspectivas positivas para a recupera\u00e7\u00e3o de <a href=\"https:\/\/www.terra.com.br\/tudo-sobre\/faustao\" target=\"_self\">Faust\u00e3o<\/a>, embora recomende cautela. O tratamento atual inclui sess\u00f5es regulares de fisioterapia e treinamento f\u00edsico, com o comunicador mantendo-se consciente e comunicativo durante todo o processo.<\/p>\n<p class=\"text\">Faust\u00e3o permaneceu internado por tr\u00eas meses, desde 21 de maio, quando foi hospitalizado devido a uma infec\u00e7\u00e3o bacteriana que evoluiu para sepse. Durante esse per\u00edodo, o apresentador passou por dois transplantes &#8211; o de f\u00edgado em 6 de agosto e o de rim no dia seguinte. Os \u00f3rg\u00e3os foram provenientes do mesmo doador compat\u00edvel.<\/p>\n<p class=\"text\">Em conversa anterior com o Portal Leo Dias, Jo\u00e3o Silva j\u00e1 havia comentado sobre a alta do pai: &#8220;A recupera\u00e7\u00e3o vai muito melhor, ele est\u00e1 em um ambiente de conforto [em casa], muda tudo. Mas os cuidados agora s\u00e3o para o resto da vida&#8221;. Sobre o momento em que recebeu a not\u00edcia, disse: &#8220;Eu acordei, fui para uma reuni\u00e3o direto e, no meio da reuni\u00e3o, quando pego o celular, recebo a mensagem no grupo da fam\u00edlia. Foi muito especial. Nunca mais quero v\u00ea-lo no hospital.&#8221;<\/p>\n<p class=\"text\">O filho de Faust\u00e3o expressou sua alegria com o retorno do pai ao ambiente familiar: &#8220;Ter ele em casa \u00e9 uma alegria danada, \u00e9 felicidade, n\u00e3o tem muito o que explicar em palavras porque \u00e9 algo que voc\u00ea espera por muito tempo e, de fato, concretiza. Voc\u00ea at\u00e9 demora para digerir tudo isso de uma forma positiva. A gente ficou l\u00e1 trocando ideia e tudo, foi maravilhoso&#8221;.<\/p>\n<p class=\"text\">Jo\u00e3o Silva tamb\u00e9m refletiu sobre as li\u00e7\u00f5es aprendidas com a situa\u00e7\u00e3o de sa\u00fade do pai: &#8220;Inclusive, foi uma li\u00e7\u00e3o para mim, para os meus irm\u00e3os, o quanto a gente tem que cuidar da sa\u00fade. Mais do que nunca, ele que passou por tudo isso, tem que estar de olho sempre&#8221;.<\/p>\n<\/p><\/div>\n<p><a href=\"https:\/\/www.terra.com.br\/diversao\/gente\/filho-da-detalhes-sobre-a-recuperacao-de-faustao-em-casa,2f7582da15687e5debd438c803edb633u8ttnf1u.html\">Source link <\/a><\/p>\n","protected":false},"excerpt":{"rendered":"<p>Jo\u00e3o Silva relata que Faust\u00e3o se recupera em casa com fisioterapia e treinamento f\u00edsico ap\u00f3s receber alta de interna\u00e7\u00e3o que durou tr\u00eas meses. O apresentador Jo\u00e3o Silva forneceu atualiza\u00e7\u00f5es sobre o estado de sa\u00fade de seu pai, Fausto Silva, que se recupera em casa ap\u00f3s receber alta hospitalar no final de agosto de 2025. Em [&hellip;]<\/p>\n","protected":false},"author":1,"featured_media":68073,"comment_status":"","ping_status":"","sticky":false,"template":"","format":"standard","meta":{"googlesitekit_rrm_CAow2JLhCw:productID":"","_gspb_post_css":"","maa_idioma":"","maa_pais":"","footnotes":""},"categories":[4],"tags":[],"class_list":["post-68072","post","type-post","status-publish","format-standard","has-post-thumbnail","hentry","category-brasil"],"blocksy_meta":[],"yoast_head":"<!-- This site is optimized with the Yoast SEO Premium plugin v27.6 (Yoast SEO v27.6) - https:\/\/yoast.com\/product\/yoast-seo-premium-wordpress\/ -->\n<title>Filho d\u00e1 detalhes sobre a recupera\u00e7\u00e3o de Faust\u00e3o em casa - Ubirat\u00e3 Online Not\u00edcias - A realidade ao seu alcance!<\/title>\n<meta name=\"description\" content=\"Jo\u00e3o Silva relata que Faust\u00e3o se recupera em casa com fisioterapia e treinamento f\u00edsico ap\u00f3s receber alta de interna\u00e7\u00e3o que durou tr\u00eas meses. O\" \/>\n<meta name=\"robots\" content=\"index, follow, max-snippet:-1, max-image-preview:large, max-video-preview:-1\" \/>\n<link rel=\"canonical\" href=\"https:\/\/ubirataonline.com.br\/en\/filho-da-detalhes-sobre-a-recuperacao-de-faustao-em-casa\/\" \/>\n<meta property=\"og:locale\" content=\"en_US\" \/>\n<meta property=\"og:type\" content=\"article\" \/>\n<meta property=\"og:title\" content=\"Filho d\u00e1 detalhes sobre a recupera\u00e7\u00e3o de Faust\u00e3o em casa\" \/>\n<meta property=\"og:description\" content=\"Jo\u00e3o Silva relata que Faust\u00e3o se recupera em casa com fisioterapia e treinamento f\u00edsico ap\u00f3s receber alta de interna\u00e7\u00e3o que durou tr\u00eas meses. O\" \/>\n<meta property=\"og:url\" content=\"https:\/\/ubirataonline.com.br\/en\/filho-da-detalhes-sobre-a-recuperacao-de-faustao-em-casa\/\" \/>\n<meta property=\"og:site_name\" content=\"Ubirat\u00e3 Online Not\u00edcias - A realidade ao seu alcance!\" \/>\n<meta property=\"article:publisher\" content=\"https:\/\/www.facebook.com\/portalubirataonline\" \/>\n<meta property=\"article:author\" content=\"https:\/\/www.facebook.com\/portalubirataonline\" \/>\n<meta property=\"article:published_time\" content=\"2025-09-12T05:31:43+00:00\" \/>\n<meta property=\"og:image\" content=\"https:\/\/p2.trrsf.com\/image\/fget\/cf\/774\/0\/images.terra.com\/2025\/09\/08\/856169865-faustao.jpg\" \/>\n<meta name=\"author\" content=\"REDA\u00c7\u00c3O: UBIRAT\u00c3 ONLINE - F\u00c1BIO AUGUSTO CELESTINO\" \/>\n<meta name=\"twitter:card\" content=\"summary_large_image\" \/>\n<meta name=\"twitter:creator\" content=\"@x.com\/ubirataonline\" \/>\n<meta name=\"twitter:site\" content=\"@ubirataonline\" \/>\n<meta name=\"twitter:label1\" content=\"Written by\" \/>\n\t<meta name=\"twitter:data1\" content=\"REDA\u00c7\u00c3O: UBIRAT\u00c3 ONLINE - F\u00c1BIO AUGUSTO CELESTINO\" \/>\n\t<meta name=\"twitter:label2\" content=\"Est. reading time\" \/>\n\t<meta name=\"twitter:data2\" content=\"3 minutes\" \/>\n<script type=\"application\/ld+json\" class=\"yoast-schema-graph\">{\"@context\":\"https:\\\/\\\/schema.org\",\"@graph\":[{\"@type\":\"NewsArticle\",\"@id\":\"https:\\\/\\\/ubirataonline.com.br\\\/filho-da-detalhes-sobre-a-recuperacao-de-faustao-em-casa\\\/#article\",\"isPartOf\":{\"@id\":\"https:\\\/\\\/ubirataonline.com.br\\\/filho-da-detalhes-sobre-a-recuperacao-de-faustao-em-casa\\\/\"},\"author\":{\"name\":\"REDA\u00c7\u00c3O: UBIRAT\u00c3 ONLINE - F\u00c1BIO AUGUSTO CELESTINO\",\"@id\":\"https:\\\/\\\/ubirataonline.com.br\\\/#\\\/schema\\\/person\\\/372f87bbd3fdd79b8556b84c98d0bc1c\"},\"headline\":\"Filho d\u00e1 detalhes sobre a recupera\u00e7\u00e3o de Faust\u00e3o em casa\",\"datePublished\":\"2025-09-12T05:31:43+00:00\",\"mainEntityOfPage\":{\"@id\":\"https:\\\/\\\/ubirataonline.com.br\\\/filho-da-detalhes-sobre-a-recuperacao-de-faustao-em-casa\\\/\"},\"wordCount\":532,\"publisher\":{\"@id\":\"https:\\\/\\\/ubirataonline.com.br\\\/#organization\"},\"image\":{\"@id\":\"https:\\\/\\\/ubirataonline.com.br\\\/filho-da-detalhes-sobre-a-recuperacao-de-faustao-em-casa\\\/#primaryimage\"},\"thumbnailUrl\":\"https:\\\/\\\/ubirataonline.com.br\\\/wp-content\\\/uploads\\\/2025\\\/09\\\/856169865-faustao.jpg\",\"articleSection\":[\"Brasil\"],\"inLanguage\":\"en-US\",\"copyrightYear\":\"2025\",\"copyrightHolder\":{\"@id\":\"https:\\\/\\\/ubirataonline.com.br\\\/en\\\/#organization\"}},{\"@type\":\"WebPage\",\"@id\":\"https:\\\/\\\/ubirataonline.com.br\\\/filho-da-detalhes-sobre-a-recuperacao-de-faustao-em-casa\\\/\",\"url\":\"https:\\\/\\\/ubirataonline.com.br\\\/filho-da-detalhes-sobre-a-recuperacao-de-faustao-em-casa\\\/\",\"name\":\"Filho d\u00e1 detalhes sobre a recupera\u00e7\u00e3o de Faust\u00e3o em casa - Ubirat\u00e3 Online Not\u00edcias - A realidade ao seu alcance!\",\"isPartOf\":{\"@id\":\"https:\\\/\\\/ubirataonline.com.br\\\/#website\"},\"primaryImageOfPage\":{\"@id\":\"https:\\\/\\\/ubirataonline.com.br\\\/filho-da-detalhes-sobre-a-recuperacao-de-faustao-em-casa\\\/#primaryimage\"},\"image\":{\"@id\":\"https:\\\/\\\/ubirataonline.com.br\\\/filho-da-detalhes-sobre-a-recuperacao-de-faustao-em-casa\\\/#primaryimage\"},\"thumbnailUrl\":\"https:\\\/\\\/ubirataonline.com.br\\\/wp-content\\\/uploads\\\/2025\\\/09\\\/856169865-faustao.jpg\",\"datePublished\":\"2025-09-12T05:31:43+00:00\",\"description\":\"Jo\u00e3o Silva relata que Faust\u00e3o se recupera em casa com fisioterapia e treinamento f\u00edsico ap\u00f3s receber alta de interna\u00e7\u00e3o que durou tr\u00eas meses. O\",\"breadcrumb\":{\"@id\":\"https:\\\/\\\/ubirataonline.com.br\\\/filho-da-detalhes-sobre-a-recuperacao-de-faustao-em-casa\\\/#breadcrumb\"},\"inLanguage\":\"en-US\",\"potentialAction\":[{\"@type\":\"ReadAction\",\"target\":[\"https:\\\/\\\/ubirataonline.com.br\\\/filho-da-detalhes-sobre-a-recuperacao-de-faustao-em-casa\\\/\"]}]},{\"@type\":\"ImageObject\",\"inLanguage\":\"en-US\",\"@id\":\"https:\\\/\\\/ubirataonline.com.br\\\/filho-da-detalhes-sobre-a-recuperacao-de-faustao-em-casa\\\/#primaryimage\",\"url\":\"https:\\\/\\\/ubirataonline.com.br\\\/wp-content\\\/uploads\\\/2025\\\/09\\\/856169865-faustao.jpg\",\"contentUrl\":\"https:\\\/\\\/ubirataonline.com.br\\\/wp-content\\\/uploads\\\/2025\\\/09\\\/856169865-faustao.jpg\",\"width\":1200,\"height\":630},{\"@type\":\"BreadcrumbList\",\"@id\":\"https:\\\/\\\/ubirataonline.com.br\\\/filho-da-detalhes-sobre-a-recuperacao-de-faustao-em-casa\\\/#breadcrumb\",\"itemListElement\":[{\"@type\":\"ListItem\",\"position\":1,\"name\":\"In\u00edcio\",\"item\":\"https:\\\/\\\/ubirataonline.com.br\\\/\"},{\"@type\":\"ListItem\",\"position\":2,\"name\":\"Filho d\u00e1 detalhes sobre a recupera\u00e7\u00e3o de Faust\u00e3o em casa\"}]},{\"@type\":\"WebSite\",\"@id\":\"https:\\\/\\\/ubirataonline.com.br\\\/#website\",\"url\":\"https:\\\/\\\/ubirataonline.com.br\\\/\",\"name\":\"Ubirat\u00e3 Online Not\u00edcias\",\"description\":\"Not\u00edcias de Ubirat\u00e3, regi\u00e3o, Brasil e mundo, com informa\u00e7\u00e3o atualizada e compromisso com o leitor.\",\"publisher\":{\"@id\":\"https:\\\/\\\/ubirataonline.com.br\\\/#organization\"},\"alternateName\":\"Ubirat\u00e3 Online\",\"potentialAction\":[{\"@type\":\"SearchAction\",\"target\":{\"@type\":\"EntryPoint\",\"urlTemplate\":\"https:\\\/\\\/ubirataonline.com.br\\\/?s={search_term_string}\"},\"query-input\":{\"@type\":\"PropertyValueSpecification\",\"valueRequired\":true,\"valueName\":\"search_term_string\"}}],\"inLanguage\":\"en-US\"},{\"@type\":[\"Organization\",\"Place\"],\"@id\":\"https:\\\/\\\/ubirataonline.com.br\\\/#organization\",\"name\":\"Ubirat\u00e3 Online Not\u00edcias\",\"alternateName\":\"Ubirat\u00e3 Online\",\"url\":\"https:\\\/\\\/ubirataonline.com.br\\\/\",\"logo\":{\"@id\":\"https:\\\/\\\/ubirataonline.com.br\\\/filho-da-detalhes-sobre-a-recuperacao-de-faustao-em-casa\\\/#local-main-organization-logo\"},\"image\":{\"@id\":\"https:\\\/\\\/ubirataonline.com.br\\\/filho-da-detalhes-sobre-a-recuperacao-de-faustao-em-casa\\\/#local-main-organization-logo\"},\"sameAs\":[\"https:\\\/\\\/www.facebook.com\\\/portalubirataonline\",\"https:\\\/\\\/x.com\\\/ubirataonline\",\"https:\\\/\\\/mastodon.social\\\/@ubirataonline\",\"https:\\\/\\\/www.facebook.com\\\/groups\\\/311144672285604\",\"https:\\\/\\\/www.facebook.com\\\/UBTAOnline\",\"https:\\\/\\\/www.instagram.com\\\/portalubirataonline\\\/\",\"https:\\\/\\\/twitter.com\\\/ubirataonline\"],\"description\":\"Somos um portal de not\u00edcias independente, criado em 5 de janeiro de 2009, com o objetivo de informar, conectar e valorizar a nossa comunidade de Ubirat\u00e3 e toda aregi\u00e3o. Com conte\u00fado atualizado, confi\u00e1vel e relevante, o Ubirat\u00e3 Online \u00e9 o seu espa\u00e7o para ficar por dentro dos principais acontecimentos locais, regionais, Brasil, Mundo e de interesse geral. Nosso compromisso \u00e9 com a verdade, a transpar\u00eancia e o respeito ao leitor.\",\"legalName\":\"UBIRATA ONLINE NOT\u00cdCIAS\",\"foundingDate\":\"2009-01-05\",\"numberOfEmployees\":{\"@type\":\"QuantitativeValue\",\"minValue\":\"1\",\"maxValue\":\"10\"},\"publishingPrinciples\":\"https:\\\/\\\/ubirataonline.com.br\\\/faq\\\/\",\"address\":{\"@id\":\"https:\\\/\\\/ubirataonline.com.br\\\/filho-da-detalhes-sobre-a-recuperacao-de-faustao-em-casa\\\/#local-main-place-address\"},\"geo\":{\"@type\":\"GeoCoordinates\",\"latitude\":\"-24.5361401\",\"longitude\":\"-52.9921776\"},\"telephone\":[\"+5544998308235\"],\"contactPoint\":{\"@type\":\"ContactPoint\",\"email\":\"contato@ubirataonline.com.br\"},\"openingHoursSpecification\":{\"@type\":\"OpeningHoursSpecification\",\"dayOfWeek\":[\"Monday\",\"Tuesday\",\"Wednesday\",\"Thursday\",\"Friday\",\"Saturday\",\"Sunday\"],\"opens\":\"00:00\",\"closes\":\"23:59\"},\"email\":\"contato@ubirataonline.com.br\",\"vatID\":\"47.621.418\\\/0001-80\"},{\"@type\":\"Person\",\"@id\":\"https:\\\/\\\/ubirataonline.com.br\\\/#\\\/schema\\\/person\\\/372f87bbd3fdd79b8556b84c98d0bc1c\",\"name\":\"REDA\u00c7\u00c3O: UBIRAT\u00c3 ONLINE - F\u00c1BIO AUGUSTO CELESTINO\",\"pronouns\":\"Ele\",\"description\":\"Desde 2003 trabalhando com not\u00edcias.\",\"sameAs\":[\"http:\\\/\\\/ubirataoline.com.br\",\"https:\\\/\\\/www.facebook.com\\\/portalubirataonline\",\"https:\\\/\\\/www.instagram.com\\\/ubirataonline_oficial\",\"https:\\\/\\\/x.com\\\/x.com\\\/ubirataonline\"],\"honorificPrefix\":\"Mr.\",\"honorificSuffix\":\"MD\",\"birthDate\":\"1980-06-16\",\"gender\":\"masculino\",\"award\":[\"V\u00e1rios pr\u00eamios de melhor portal da cidade\"],\"jobTitle\":\"Diretor\",\"url\":\"https:\\\/\\\/ubirataonline.com.br\\\/en\\\/author\\\/ubirataonline\\\/\"},{\"@type\":\"PostalAddress\",\"@id\":\"https:\\\/\\\/ubirataonline.com.br\\\/filho-da-detalhes-sobre-a-recuperacao-de-faustao-em-casa\\\/#local-main-place-address\",\"streetAddress\":\"Rua dos Coqueiros, 104 - Bairro Boa Vista, Rua dos Coqueiros, 104 Bairro Boa Vista\",\"addressLocality\":\"UBIRATA\",\"postalCode\":\"85440-000\",\"addressRegion\":\"PR\",\"addressCountry\":\"BR\"},{\"@type\":\"ImageObject\",\"inLanguage\":\"en-US\",\"@id\":\"https:\\\/\\\/ubirataonline.com.br\\\/filho-da-detalhes-sobre-a-recuperacao-de-faustao-em-casa\\\/#local-main-organization-logo\",\"url\":\"https:\\\/\\\/ubirataonline.com.br\\\/wp-content\\\/uploads\\\/2026\\\/06\\\/logoubirataonline-1.webp\",\"contentUrl\":\"https:\\\/\\\/ubirataonline.com.br\\\/wp-content\\\/uploads\\\/2026\\\/06\\\/logoubirataonline-1.webp\",\"width\":500,\"height\":500,\"caption\":\"Ubirat\u00e3 Online Not\u00edcias\"}]}<\/script>\n<meta name=\"geo.placename\" content=\"UBIRATA\" \/>\n<meta name=\"geo.position\" content=\"-24.5361401;-52.9921776\" \/>\n<meta name=\"geo.region\" content=\"Brazil\" \/>\n<!-- \/ Yoast SEO Premium plugin. -->","yoast_head_json":{"title":"Filho d\u00e1 detalhes sobre a recupera\u00e7\u00e3o de Faust\u00e3o em casa - Ubirat\u00e3 Online Not\u00edcias - A realidade ao seu alcance!","description":"Jo\u00e3o Silva relata que Faust\u00e3o se recupera em casa com fisioterapia e treinamento f\u00edsico ap\u00f3s receber alta de interna\u00e7\u00e3o que durou tr\u00eas meses. O","robots":{"index":"index","follow":"follow","max-snippet":"max-snippet:-1","max-image-preview":"max-image-preview:large","max-video-preview":"max-video-preview:-1"},"canonical":"https:\/\/ubirataonline.com.br\/en\/filho-da-detalhes-sobre-a-recuperacao-de-faustao-em-casa\/","og_locale":"en_US","og_type":"article","og_title":"Filho d\u00e1 detalhes sobre a recupera\u00e7\u00e3o de Faust\u00e3o em casa","og_description":"Jo\u00e3o Silva relata que Faust\u00e3o se recupera em casa com fisioterapia e treinamento f\u00edsico ap\u00f3s receber alta de interna\u00e7\u00e3o que durou tr\u00eas meses. O","og_url":"https:\/\/ubirataonline.com.br\/en\/filho-da-detalhes-sobre-a-recuperacao-de-faustao-em-casa\/","og_site_name":"Ubirat\u00e3 Online Not\u00edcias - A realidade ao seu alcance!","article_publisher":"https:\/\/www.facebook.com\/portalubirataonline","article_author":"https:\/\/www.facebook.com\/portalubirataonline","article_published_time":"2025-09-12T05:31:43+00:00","og_image":[{"url":"https:\/\/p2.trrsf.com\/image\/fget\/cf\/774\/0\/images.terra.com\/2025\/09\/08\/856169865-faustao.jpg","type":"","width":"","height":""}],"author":"REDA\u00c7\u00c3O: UBIRAT\u00c3 ONLINE - F\u00c1BIO AUGUSTO CELESTINO","twitter_card":"summary_large_image","twitter_creator":"@x.com\/ubirataonline","twitter_site":"@ubirataonline","twitter_misc":{"Written by":"REDA\u00c7\u00c3O: UBIRAT\u00c3 ONLINE - F\u00c1BIO AUGUSTO CELESTINO","Est. reading time":"3 minutes"},"schema":{"@context":"https:\/\/schema.org","@graph":[{"@type":"NewsArticle","@id":"https:\/\/ubirataonline.com.br\/filho-da-detalhes-sobre-a-recuperacao-de-faustao-em-casa\/#article","isPartOf":{"@id":"https:\/\/ubirataonline.com.br\/filho-da-detalhes-sobre-a-recuperacao-de-faustao-em-casa\/"},"author":{"name":"REDA\u00c7\u00c3O: UBIRAT\u00c3 ONLINE - F\u00c1BIO AUGUSTO CELESTINO","@id":"https:\/\/ubirataonline.com.br\/#\/schema\/person\/372f87bbd3fdd79b8556b84c98d0bc1c"},"headline":"Filho d\u00e1 detalhes sobre a recupera\u00e7\u00e3o de Faust\u00e3o em casa","datePublished":"2025-09-12T05:31:43+00:00","mainEntityOfPage":{"@id":"https:\/\/ubirataonline.com.br\/filho-da-detalhes-sobre-a-recuperacao-de-faustao-em-casa\/"},"wordCount":532,"publisher":{"@id":"https:\/\/ubirataonline.com.br\/#organization"},"image":{"@id":"https:\/\/ubirataonline.com.br\/filho-da-detalhes-sobre-a-recuperacao-de-faustao-em-casa\/#primaryimage"},"thumbnailUrl":"https:\/\/ubirataonline.com.br\/wp-content\/uploads\/2025\/09\/856169865-faustao.jpg","articleSection":["Brasil"],"inLanguage":"en-US","copyrightYear":"2025","copyrightHolder":{"@id":"https:\/\/ubirataonline.com.br\/en\/#organization"}},{"@type":"WebPage","@id":"https:\/\/ubirataonline.com.br\/filho-da-detalhes-sobre-a-recuperacao-de-faustao-em-casa\/","url":"https:\/\/ubirataonline.com.br\/filho-da-detalhes-sobre-a-recuperacao-de-faustao-em-casa\/","name":"Filho d\u00e1 detalhes sobre a recupera\u00e7\u00e3o de Faust\u00e3o em casa - Ubirat\u00e3 Online Not\u00edcias - A realidade ao seu alcance!","isPartOf":{"@id":"https:\/\/ubirataonline.com.br\/#website"},"primaryImageOfPage":{"@id":"https:\/\/ubirataonline.com.br\/filho-da-detalhes-sobre-a-recuperacao-de-faustao-em-casa\/#primaryimage"},"image":{"@id":"https:\/\/ubirataonline.com.br\/filho-da-detalhes-sobre-a-recuperacao-de-faustao-em-casa\/#primaryimage"},"thumbnailUrl":"https:\/\/ubirataonline.com.br\/wp-content\/uploads\/2025\/09\/856169865-faustao.jpg","datePublished":"2025-09-12T05:31:43+00:00","description":"Jo\u00e3o Silva relata que Faust\u00e3o se recupera em casa com fisioterapia e treinamento f\u00edsico ap\u00f3s receber alta de interna\u00e7\u00e3o que durou tr\u00eas meses. O","breadcrumb":{"@id":"https:\/\/ubirataonline.com.br\/filho-da-detalhes-sobre-a-recuperacao-de-faustao-em-casa\/#breadcrumb"},"inLanguage":"en-US","potentialAction":[{"@type":"ReadAction","target":["https:\/\/ubirataonline.com.br\/filho-da-detalhes-sobre-a-recuperacao-de-faustao-em-casa\/"]}]},{"@type":"ImageObject","inLanguage":"en-US","@id":"https:\/\/ubirataonline.com.br\/filho-da-detalhes-sobre-a-recuperacao-de-faustao-em-casa\/#primaryimage","url":"https:\/\/ubirataonline.com.br\/wp-content\/uploads\/2025\/09\/856169865-faustao.jpg","contentUrl":"https:\/\/ubirataonline.com.br\/wp-content\/uploads\/2025\/09\/856169865-faustao.jpg","width":1200,"height":630},{"@type":"BreadcrumbList","@id":"https:\/\/ubirataonline.com.br\/filho-da-detalhes-sobre-a-recuperacao-de-faustao-em-casa\/#breadcrumb","itemListElement":[{"@type":"ListItem","position":1,"name":"In\u00edcio","item":"https:\/\/ubirataonline.com.br\/"},{"@type":"ListItem","position":2,"name":"Filho d\u00e1 detalhes sobre a recupera\u00e7\u00e3o de Faust\u00e3o em casa"}]},{"@type":"WebSite","@id":"https:\/\/ubirataonline.com.br\/#website","url":"https:\/\/ubirataonline.com.br\/","name":"Ubirat\u00e3 Online Not\u00edcias","description":"Not\u00edcias de Ubirat\u00e3, regi\u00e3o, Brasil e mundo, com informa\u00e7\u00e3o atualizada e compromisso com o leitor.","publisher":{"@id":"https:\/\/ubirataonline.com.br\/#organization"},"alternateName":"Ubirat\u00e3 Online","potentialAction":[{"@type":"SearchAction","target":{"@type":"EntryPoint","urlTemplate":"https:\/\/ubirataonline.com.br\/?s={search_term_string}"},"query-input":{"@type":"PropertyValueSpecification","valueRequired":true,"valueName":"search_term_string"}}],"inLanguage":"en-US"},{"@type":["Organization","Place"],"@id":"https:\/\/ubirataonline.com.br\/#organization","name":"Ubirat\u00e3 Online Not\u00edcias","alternateName":"Ubirat\u00e3 Online","url":"https:\/\/ubirataonline.com.br\/","logo":{"@id":"https:\/\/ubirataonline.com.br\/filho-da-detalhes-sobre-a-recuperacao-de-faustao-em-casa\/#local-main-organization-logo"},"image":{"@id":"https:\/\/ubirataonline.com.br\/filho-da-detalhes-sobre-a-recuperacao-de-faustao-em-casa\/#local-main-organization-logo"},"sameAs":["https:\/\/www.facebook.com\/portalubirataonline","https:\/\/x.com\/ubirataonline","https:\/\/mastodon.social\/@ubirataonline","https:\/\/www.facebook.com\/groups\/311144672285604","https:\/\/www.facebook.com\/UBTAOnline","https:\/\/www.instagram.com\/portalubirataonline\/","https:\/\/twitter.com\/ubirataonline"],"description":"Somos um portal de not\u00edcias independente, criado em 5 de janeiro de 2009, com o objetivo de informar, conectar e valorizar a nossa comunidade de Ubirat\u00e3 e toda aregi\u00e3o. Com conte\u00fado atualizado, confi\u00e1vel e relevante, o Ubirat\u00e3 Online \u00e9 o seu espa\u00e7o para ficar por dentro dos principais acontecimentos locais, regionais, Brasil, Mundo e de interesse geral. Nosso compromisso \u00e9 com a verdade, a transpar\u00eancia e o respeito ao leitor.","legalName":"UBIRATA ONLINE NOT\u00cdCIAS","foundingDate":"2009-01-05","numberOfEmployees":{"@type":"QuantitativeValue","minValue":"1","maxValue":"10"},"publishingPrinciples":"https:\/\/ubirataonline.com.br\/faq\/","address":{"@id":"https:\/\/ubirataonline.com.br\/filho-da-detalhes-sobre-a-recuperacao-de-faustao-em-casa\/#local-main-place-address"},"geo":{"@type":"GeoCoordinates","latitude":"-24.5361401","longitude":"-52.9921776"},"telephone":["+5544998308235"],"contactPoint":{"@type":"ContactPoint","email":"contato@ubirataonline.com.br"},"openingHoursSpecification":{"@type":"OpeningHoursSpecification","dayOfWeek":["Monday","Tuesday","Wednesday","Thursday","Friday","Saturday","Sunday"],"opens":"00:00","closes":"23:59"},"email":"contato@ubirataonline.com.br","vatID":"47.621.418\/0001-80"},{"@type":"Person","@id":"https:\/\/ubirataonline.com.br\/#\/schema\/person\/372f87bbd3fdd79b8556b84c98d0bc1c","name":"REDA\u00c7\u00c3O: UBIRAT\u00c3 ONLINE - F\u00c1BIO AUGUSTO CELESTINO","pronouns":"Ele","description":"Desde 2003 trabalhando com not\u00edcias.","sameAs":["http:\/\/ubirataoline.com.br","https:\/\/www.facebook.com\/portalubirataonline","https:\/\/www.instagram.com\/ubirataonline_oficial","https:\/\/x.com\/x.com\/ubirataonline"],"honorificPrefix":"Mr.","honorificSuffix":"MD","birthDate":"1980-06-16","gender":"masculino","award":["V\u00e1rios pr\u00eamios de melhor portal da cidade"],"jobTitle":"Diretor","url":"https:\/\/ubirataonline.com.br\/en\/author\/ubirataonline\/"},{"@type":"PostalAddress","@id":"https:\/\/ubirataonline.com.br\/filho-da-detalhes-sobre-a-recuperacao-de-faustao-em-casa\/#local-main-place-address","streetAddress":"Rua dos Coqueiros, 104 - Bairro Boa Vista, Rua dos Coqueiros, 104 Bairro Boa Vista","addressLocality":"UBIRATA","postalCode":"85440-000","addressRegion":"PR","addressCountry":"BR"},{"@type":"ImageObject","inLanguage":"en-US","@id":"https:\/\/ubirataonline.com.br\/filho-da-detalhes-sobre-a-recuperacao-de-faustao-em-casa\/#local-main-organization-logo","url":"https:\/\/ubirataonline.com.br\/wp-content\/uploads\/2026\/06\/logoubirataonline-1.webp","contentUrl":"https:\/\/ubirataonline.com.br\/wp-content\/uploads\/2026\/06\/logoubirataonline-1.webp","width":500,"height":500,"caption":"Ubirat\u00e3 Online Not\u00edcias"}]},"geo.placename":"UBIRATA","geo.position":{"lat":"-24.5361401","long":"-52.9921776"},"geo.region":"Brazil"},"_links":{"self":[{"href":"https:\/\/ubirataonline.com.br\/en\/wp-json\/wp\/v2\/posts\/68072","targetHints":{"allow":["GET"]}}],"collection":[{"href":"https:\/\/ubirataonline.com.br\/en\/wp-json\/wp\/v2\/posts"}],"about":[{"href":"https:\/\/ubirataonline.com.br\/en\/wp-json\/wp\/v2\/types\/post"}],"author":[{"embeddable":true,"href":"https:\/\/ubirataonline.com.br\/en\/wp-json\/wp\/v2\/users\/1"}],"replies":[{"embeddable":true,"href":"https:\/\/ubirataonline.com.br\/en\/wp-json\/wp\/v2\/comments?post=68072"}],"version-history":[{"count":0,"href":"https:\/\/ubirataonline.com.br\/en\/wp-json\/wp\/v2\/posts\/68072\/revisions"}],"wp:featuredmedia":[{"embeddable":true,"href":"https:\/\/ubirataonline.com.br\/en\/wp-json\/wp\/v2\/media\/68073"}],"wp:attachment":[{"href":"https:\/\/ubirataonline.com.br\/en\/wp-json\/wp\/v2\/media?parent=68072"}],"wp:term":[{"taxonomy":"category","embeddable":true,"href":"https:\/\/ubirataonline.com.br\/en\/wp-json\/wp\/v2\/categories?post=68072"},{"taxonomy":"post_tag","embeddable":true,"href":"https:\/\/ubirataonline.com.br\/en\/wp-json\/wp\/v2\/tags?post=68072"}],"curies":[{"name":"wp","href":"https:\/\/api.w.org\/{rel}","templated":true}]}}