{"id":68087,"date":"2025-09-12T05:42:44","date_gmt":"2025-09-12T08:42:44","guid":{"rendered":"https:\/\/ubirataonline.com.br\/haddad-critica-fala-de-tarcisio-de-que-nao-confia-na-justica-e-se-diz-preocupado-com-democracia\/"},"modified":"2025-09-12T05:42:44","modified_gmt":"2025-09-12T08:42:44","slug":"haddad-critica-fala-de-tarcisio-de-que-nao-confia-na-justica-e-se-diz-preocupado-com-democracia","status":"publish","type":"post","link":"https:\/\/ubirataonline.com.br\/en\/haddad-critica-fala-de-tarcisio-de-que-nao-confia-na-justica-e-se-diz-preocupado-com-democracia\/","title":{"rendered":"Haddad critica fala de Tarc\u00edsio de que n\u00e3o confia na Justi\u00e7a e se diz preocupado com democracia"},"content":{"rendered":"<p><\/p>\n<div id=\"texto\">\n<p>O ministro da Fazenda, Fernando Haddad, criticou o governador de S\u00e3o Paulo, Tarc\u00edsio de Freitas (Republicanos), por sua declara\u00e7\u00e3o sobre n\u00e3o confiar na Justi\u00e7a. Na semana passada, o governador afirmou: \u201cN\u00e3o acredito em elementos para ele ser condenado, mas infelizmente hoje eu n\u00e3o posso falar que confio na Justi\u00e7a, por tudo que a gente tem visto\u201d, disse Tarc\u00edsio, em refer\u00eancia ao julgamento do ex-presidente Jair Bolsonaro (PL) no Supremo Tribunal Federal (STF). Ele ainda disse que sua primeira medida caso se torne presidente da Rep\u00fablica ser\u00e1 conceder um indulto ao ex-presidente. <\/p>\n<p>\u201cQuando voc\u00ea v\u00ea que hoje no Brasil tem pessoas que n\u00e3o t\u00eam apre\u00e7o pela democracia, quando voc\u00ea v\u00ea um governador do Estado de S\u00e3o Paulo dizer que n\u00e3o confia nas institui\u00e7\u00f5es, n\u00e3o confia na Justi\u00e7a, que tem que perdoar quem tentou um golpe de Estado, quando voc\u00ea uma mobiliza\u00e7\u00e3o de partidos ultraconservadores no Congresso, voc\u00ea fica preocupado\u201d, disse Haddad em entrevista ao apresentador Datena na <i>Rede TV<\/i>, nesta quarta-feira, 3. <\/p>\n<p>O ministro disse ter acordado \u201cpreocupado com a democracia\u201d no dia de hoje, o segundo de julgamento do ex-presidente Bolsonaro pelo STF. Haddad avaliou que a tentativa de golpe est\u00e1 \u201cbem documentada\u201d e expressou preocupa\u00e7\u00e3o com as articula\u00e7\u00f5es que est\u00e3o acontecendo sobre anistia no Pa\u00eds. Ainda disse que se come\u00e7ar a perdoar tentativas de golpe, um dia ele acontece.<\/p>\n<p>Sobre o cen\u00e1rio internacional, Haddad indagou, de forma ret\u00f3rica: \u201cSer\u00e1 que se o (Donald) Trump fosse o presidente dos Estados Unidos nas elei\u00e7\u00f5es de 2022 o Lula tomaria posse?\u201d. <\/p>\n<\/p><\/div>\n<p><a href=\"https:\/\/cgn.inf.br\/noticia\/1925229\/haddad-critica-fala-de-tarcisio-de-que-nao-confia-na-justica-e-se-diz-preocupado-com-democracia\">Source link <\/a><\/p>","protected":false},"excerpt":{"rendered":"<p>O ministro da Fazenda, Fernando Haddad, criticou o governador de S\u00e3o Paulo, Tarc\u00edsio de Freitas (Republicanos), por sua declara\u00e7\u00e3o sobre n\u00e3o confiar na Justi\u00e7a. Na semana passada, o governador afirmou: \u201cN\u00e3o acredito em elementos para ele ser condenado, mas infelizmente hoje eu n\u00e3o posso falar que confio na Justi\u00e7a, por tudo que a gente tem [&hellip;]<\/p>\n","protected":false},"author":1,"featured_media":63219,"comment_status":"","ping_status":"","sticky":false,"template":"","format":"standard","meta":{"googlesitekit_rrm_CAow2JLhCw:productID":"","_gspb_post_css":"","maa_idioma":"","maa_pais":"","footnotes":""},"categories":[1],"tags":[],"class_list":["post-68087","post","type-post","status-publish","format-standard","has-post-thumbnail","hentry","category-ubirata"],"blocksy_meta":[],"yoast_head":"<!-- This site is optimized with the Yoast SEO Premium plugin v27.6 (Yoast SEO v27.6) - https:\/\/yoast.com\/product\/yoast-seo-premium-wordpress\/ -->\n<title>Haddad critica fala de Tarc\u00edsio de que n\u00e3o confia na Justi\u00e7a e se diz preocupado com democracia - Ubirat\u00e3 Online Not\u00edcias - A realidade ao seu alcance!<\/title>\n<meta name=\"description\" content=\"O ministro da Fazenda, Fernando Haddad, criticou o governador de S\u00e3o Paulo, Tarc\u00edsio de Freitas (Republicanos), por sua declara\u00e7\u00e3o sobre n\u00e3o confiar na\" \/>\n<meta name=\"robots\" content=\"index, follow, max-snippet:-1, max-image-preview:large, max-video-preview:-1\" \/>\n<link rel=\"canonical\" href=\"https:\/\/ubirataonline.com.br\/en\/haddad-critica-fala-de-tarcisio-de-que-nao-confia-na-justica-e-se-diz-preocupado-com-democracia\/\" \/>\n<meta property=\"og:locale\" content=\"en_US\" \/>\n<meta property=\"og:type\" content=\"article\" \/>\n<meta property=\"og:title\" content=\"Haddad critica fala de Tarc\u00edsio de que n\u00e3o confia na Justi\u00e7a e se diz preocupado com democracia\" \/>\n<meta property=\"og:description\" content=\"O ministro da Fazenda, Fernando Haddad, criticou o governador de S\u00e3o Paulo, Tarc\u00edsio de Freitas (Republicanos), por sua declara\u00e7\u00e3o sobre n\u00e3o confiar na\" \/>\n<meta property=\"og:url\" content=\"https:\/\/ubirataonline.com.br\/en\/haddad-critica-fala-de-tarcisio-de-que-nao-confia-na-justica-e-se-diz-preocupado-com-democracia\/\" \/>\n<meta property=\"og:site_name\" content=\"Ubirat\u00e3 Online Not\u00edcias - A realidade ao seu alcance!\" \/>\n<meta property=\"article:publisher\" content=\"https:\/\/www.facebook.com\/portalubirataonline\" \/>\n<meta property=\"article:author\" content=\"https:\/\/www.facebook.com\/portalubirataonline\" \/>\n<meta property=\"article:published_time\" content=\"2025-09-12T08:42:44+00:00\" \/>\n<meta property=\"og:image\" content=\"https:\/\/ubirataonline.com.br\/wp-content\/uploads\/2026\/05\/logo2026.webp\" \/>\n\t<meta property=\"og:image:width\" content=\"1531\" \/>\n\t<meta property=\"og:image:height\" content=\"418\" \/>\n\t<meta property=\"og:image:type\" content=\"image\/webp\" \/>\n<meta name=\"author\" content=\"REDA\u00c7\u00c3O: UBIRAT\u00c3 ONLINE - F\u00c1BIO AUGUSTO CELESTINO\" \/>\n<meta name=\"twitter:card\" content=\"summary_large_image\" \/>\n<meta name=\"twitter:creator\" content=\"@x.com\/ubirataonline\" \/>\n<meta name=\"twitter:site\" content=\"@ubirataonline\" \/>\n<meta name=\"twitter:label1\" content=\"Written by\" \/>\n\t<meta name=\"twitter:data1\" content=\"REDA\u00c7\u00c3O: UBIRAT\u00c3 ONLINE - F\u00c1BIO AUGUSTO CELESTINO\" \/>\n\t<meta name=\"twitter:label2\" content=\"Est. reading time\" \/>\n\t<meta name=\"twitter:data2\" content=\"1 minute\" \/>\n<script type=\"application\/ld+json\" class=\"yoast-schema-graph\">{\"@context\":\"https:\\\/\\\/schema.org\",\"@graph\":[{\"@type\":\"NewsArticle\",\"@id\":\"https:\\\/\\\/ubirataonline.com.br\\\/haddad-critica-fala-de-tarcisio-de-que-nao-confia-na-justica-e-se-diz-preocupado-com-democracia\\\/#article\",\"isPartOf\":{\"@id\":\"https:\\\/\\\/ubirataonline.com.br\\\/haddad-critica-fala-de-tarcisio-de-que-nao-confia-na-justica-e-se-diz-preocupado-com-democracia\\\/\"},\"author\":{\"name\":\"REDA\u00c7\u00c3O: UBIRAT\u00c3 ONLINE - F\u00c1BIO AUGUSTO CELESTINO\",\"@id\":\"https:\\\/\\\/ubirataonline.com.br\\\/#\\\/schema\\\/person\\\/372f87bbd3fdd79b8556b84c98d0bc1c\"},\"headline\":\"Haddad critica fala de Tarc\u00edsio de que n\u00e3o confia na Justi\u00e7a e se diz preocupado com democracia\",\"datePublished\":\"2025-09-12T08:42:44+00:00\",\"mainEntityOfPage\":{\"@id\":\"https:\\\/\\\/ubirataonline.com.br\\\/haddad-critica-fala-de-tarcisio-de-que-nao-confia-na-justica-e-se-diz-preocupado-com-democracia\\\/\"},\"wordCount\":297,\"publisher\":{\"@id\":\"https:\\\/\\\/ubirataonline.com.br\\\/#organization\"},\"image\":{\"@id\":\"https:\\\/\\\/ubirataonline.com.br\\\/haddad-critica-fala-de-tarcisio-de-que-nao-confia-na-justica-e-se-diz-preocupado-com-democracia\\\/#primaryimage\"},\"thumbnailUrl\":\"https:\\\/\\\/ubirataonline.com.br\\\/wp-content\\\/uploads\\\/2025\\\/08\\\/CGN768x461.gif\",\"articleSection\":[\"Ubirat\u00e3\"],\"inLanguage\":\"en-US\",\"copyrightYear\":\"2025\",\"copyrightHolder\":{\"@id\":\"https:\\\/\\\/ubirataonline.com.br\\\/en\\\/#organization\"}},{\"@type\":\"WebPage\",\"@id\":\"https:\\\/\\\/ubirataonline.com.br\\\/haddad-critica-fala-de-tarcisio-de-que-nao-confia-na-justica-e-se-diz-preocupado-com-democracia\\\/\",\"url\":\"https:\\\/\\\/ubirataonline.com.br\\\/haddad-critica-fala-de-tarcisio-de-que-nao-confia-na-justica-e-se-diz-preocupado-com-democracia\\\/\",\"name\":\"Haddad critica fala de Tarc\u00edsio de que n\u00e3o confia na Justi\u00e7a e se diz preocupado com democracia - Ubirat\u00e3 Online Not\u00edcias - A realidade ao seu alcance!\",\"isPartOf\":{\"@id\":\"https:\\\/\\\/ubirataonline.com.br\\\/#website\"},\"primaryImageOfPage\":{\"@id\":\"https:\\\/\\\/ubirataonline.com.br\\\/haddad-critica-fala-de-tarcisio-de-que-nao-confia-na-justica-e-se-diz-preocupado-com-democracia\\\/#primaryimage\"},\"image\":{\"@id\":\"https:\\\/\\\/ubirataonline.com.br\\\/haddad-critica-fala-de-tarcisio-de-que-nao-confia-na-justica-e-se-diz-preocupado-com-democracia\\\/#primaryimage\"},\"thumbnailUrl\":\"https:\\\/\\\/ubirataonline.com.br\\\/wp-content\\\/uploads\\\/2025\\\/08\\\/CGN768x461.gif\",\"datePublished\":\"2025-09-12T08:42:44+00:00\",\"description\":\"O ministro da Fazenda, Fernando Haddad, criticou o governador de S\u00e3o Paulo, Tarc\u00edsio de Freitas (Republicanos), por sua declara\u00e7\u00e3o sobre n\u00e3o confiar na\",\"breadcrumb\":{\"@id\":\"https:\\\/\\\/ubirataonline.com.br\\\/haddad-critica-fala-de-tarcisio-de-que-nao-confia-na-justica-e-se-diz-preocupado-com-democracia\\\/#breadcrumb\"},\"inLanguage\":\"en-US\",\"potentialAction\":[{\"@type\":\"ReadAction\",\"target\":[\"https:\\\/\\\/ubirataonline.com.br\\\/haddad-critica-fala-de-tarcisio-de-que-nao-confia-na-justica-e-se-diz-preocupado-com-democracia\\\/\"]}]},{\"@type\":\"ImageObject\",\"inLanguage\":\"en-US\",\"@id\":\"https:\\\/\\\/ubirataonline.com.br\\\/haddad-critica-fala-de-tarcisio-de-que-nao-confia-na-justica-e-se-diz-preocupado-com-democracia\\\/#primaryimage\",\"url\":\"https:\\\/\\\/ubirataonline.com.br\\\/wp-content\\\/uploads\\\/2025\\\/08\\\/CGN768x461.gif\",\"contentUrl\":\"https:\\\/\\\/ubirataonline.com.br\\\/wp-content\\\/uploads\\\/2025\\\/08\\\/CGN768x461.gif\",\"width\":768,\"height\":461},{\"@type\":\"BreadcrumbList\",\"@id\":\"https:\\\/\\\/ubirataonline.com.br\\\/haddad-critica-fala-de-tarcisio-de-que-nao-confia-na-justica-e-se-diz-preocupado-com-democracia\\\/#breadcrumb\",\"itemListElement\":[{\"@type\":\"ListItem\",\"position\":1,\"name\":\"In\u00edcio\",\"item\":\"https:\\\/\\\/ubirataonline.com.br\\\/\"},{\"@type\":\"ListItem\",\"position\":2,\"name\":\"Haddad critica fala de Tarc\u00edsio de que n\u00e3o confia na Justi\u00e7a e se diz preocupado com democracia\"}]},{\"@type\":\"WebSite\",\"@id\":\"https:\\\/\\\/ubirataonline.com.br\\\/#website\",\"url\":\"https:\\\/\\\/ubirataonline.com.br\\\/\",\"name\":\"Ubirat\u00e3 Online Not\u00edcias\",\"description\":\"Not\u00edcias de Ubirat\u00e3, regi\u00e3o, Brasil e mundo, com informa\u00e7\u00e3o atualizada e compromisso com o leitor.\",\"publisher\":{\"@id\":\"https:\\\/\\\/ubirataonline.com.br\\\/#organization\"},\"alternateName\":\"Ubirat\u00e3 Online\",\"potentialAction\":[{\"@type\":\"SearchAction\",\"target\":{\"@type\":\"EntryPoint\",\"urlTemplate\":\"https:\\\/\\\/ubirataonline.com.br\\\/?s={search_term_string}\"},\"query-input\":{\"@type\":\"PropertyValueSpecification\",\"valueRequired\":true,\"valueName\":\"search_term_string\"}}],\"inLanguage\":\"en-US\"},{\"@type\":[\"Organization\",\"Place\"],\"@id\":\"https:\\\/\\\/ubirataonline.com.br\\\/#organization\",\"name\":\"Ubirat\u00e3 Online Not\u00edcias\",\"alternateName\":\"Ubirat\u00e3 Online\",\"url\":\"https:\\\/\\\/ubirataonline.com.br\\\/\",\"logo\":{\"@id\":\"https:\\\/\\\/ubirataonline.com.br\\\/haddad-critica-fala-de-tarcisio-de-que-nao-confia-na-justica-e-se-diz-preocupado-com-democracia\\\/#local-main-organization-logo\"},\"image\":{\"@id\":\"https:\\\/\\\/ubirataonline.com.br\\\/haddad-critica-fala-de-tarcisio-de-que-nao-confia-na-justica-e-se-diz-preocupado-com-democracia\\\/#local-main-organization-logo\"},\"sameAs\":[\"https:\\\/\\\/www.facebook.com\\\/portalubirataonline\",\"https:\\\/\\\/x.com\\\/ubirataonline\",\"https:\\\/\\\/mastodon.social\\\/@ubirataonline\",\"https:\\\/\\\/www.facebook.com\\\/groups\\\/311144672285604\",\"https:\\\/\\\/www.facebook.com\\\/UBTAOnline\",\"https:\\\/\\\/www.instagram.com\\\/portalubirataonline\\\/\",\"https:\\\/\\\/twitter.com\\\/ubirataonline\"],\"description\":\"Somos um portal de not\u00edcias independente, criado em 5 de janeiro de 2009, com o objetivo de informar, conectar e valorizar a nossa comunidade de Ubirat\u00e3 e toda aregi\u00e3o. Com conte\u00fado atualizado, confi\u00e1vel e relevante, o Ubirat\u00e3 Online \u00e9 o seu espa\u00e7o para ficar por dentro dos principais acontecimentos locais, regionais, Brasil, Mundo e de interesse geral. Nosso compromisso \u00e9 com a verdade, a transpar\u00eancia e o respeito ao leitor.\",\"legalName\":\"UBIRATA ONLINE NOT\u00cdCIAS\",\"foundingDate\":\"2009-01-05\",\"numberOfEmployees\":{\"@type\":\"QuantitativeValue\",\"minValue\":\"1\",\"maxValue\":\"10\"},\"publishingPrinciples\":\"https:\\\/\\\/ubirataonline.com.br\\\/faq\\\/\",\"address\":{\"@id\":\"https:\\\/\\\/ubirataonline.com.br\\\/haddad-critica-fala-de-tarcisio-de-que-nao-confia-na-justica-e-se-diz-preocupado-com-democracia\\\/#local-main-place-address\"},\"geo\":{\"@type\":\"GeoCoordinates\",\"latitude\":\"-24.5361401\",\"longitude\":\"-52.9921776\"},\"telephone\":[\"+5544998308235\"],\"contactPoint\":{\"@type\":\"ContactPoint\",\"email\":\"contato@ubirataonline.com.br\"},\"openingHoursSpecification\":{\"@type\":\"OpeningHoursSpecification\",\"dayOfWeek\":[\"Monday\",\"Tuesday\",\"Wednesday\",\"Thursday\",\"Friday\",\"Saturday\",\"Sunday\"],\"opens\":\"00:00\",\"closes\":\"23:59\"},\"email\":\"contato@ubirataonline.com.br\",\"vatID\":\"47.621.418\\\/0001-80\"},{\"@type\":\"Person\",\"@id\":\"https:\\\/\\\/ubirataonline.com.br\\\/#\\\/schema\\\/person\\\/372f87bbd3fdd79b8556b84c98d0bc1c\",\"name\":\"REDA\u00c7\u00c3O: UBIRAT\u00c3 ONLINE - F\u00c1BIO AUGUSTO CELESTINO\",\"pronouns\":\"Ele\",\"description\":\"Desde 2003 trabalhando com not\u00edcias.\",\"sameAs\":[\"http:\\\/\\\/ubirataoline.com.br\",\"https:\\\/\\\/www.facebook.com\\\/portalubirataonline\",\"https:\\\/\\\/www.instagram.com\\\/ubirataonline_oficial\",\"https:\\\/\\\/x.com\\\/x.com\\\/ubirataonline\"],\"honorificPrefix\":\"Mr.\",\"honorificSuffix\":\"MD\",\"birthDate\":\"1980-06-16\",\"gender\":\"masculino\",\"award\":[\"V\u00e1rios pr\u00eamios de melhor portal da cidade\"],\"jobTitle\":\"Diretor\",\"url\":\"https:\\\/\\\/ubirataonline.com.br\\\/en\\\/author\\\/ubirataonline\\\/\"},{\"@type\":\"PostalAddress\",\"@id\":\"https:\\\/\\\/ubirataonline.com.br\\\/haddad-critica-fala-de-tarcisio-de-que-nao-confia-na-justica-e-se-diz-preocupado-com-democracia\\\/#local-main-place-address\",\"streetAddress\":\"Rua dos Coqueiros, 104 - Bairro Boa Vista, Rua dos Coqueiros, 104 Bairro Boa Vista\",\"addressLocality\":\"UBIRATA\",\"postalCode\":\"85440-000\",\"addressRegion\":\"PR\",\"addressCountry\":\"BR\"},{\"@type\":\"ImageObject\",\"inLanguage\":\"en-US\",\"@id\":\"https:\\\/\\\/ubirataonline.com.br\\\/haddad-critica-fala-de-tarcisio-de-que-nao-confia-na-justica-e-se-diz-preocupado-com-democracia\\\/#local-main-organization-logo\",\"url\":\"https:\\\/\\\/ubirataonline.com.br\\\/wp-content\\\/uploads\\\/2026\\\/06\\\/logoubirataonline-1.webp\",\"contentUrl\":\"https:\\\/\\\/ubirataonline.com.br\\\/wp-content\\\/uploads\\\/2026\\\/06\\\/logoubirataonline-1.webp\",\"width\":500,\"height\":500,\"caption\":\"Ubirat\u00e3 Online Not\u00edcias\"}]}<\/script>\n<meta name=\"geo.placename\" content=\"UBIRATA\" \/>\n<meta name=\"geo.position\" content=\"-24.5361401;-52.9921776\" \/>\n<meta name=\"geo.region\" content=\"Brazil\" \/>\n<!-- \/ Yoast SEO Premium plugin. -->","yoast_head_json":{"title":"Haddad critica fala de Tarc\u00edsio de que n\u00e3o confia na Justi\u00e7a e se diz preocupado com democracia - Ubirat\u00e3 Online Not\u00edcias - A realidade ao seu alcance!","description":"O ministro da Fazenda, Fernando Haddad, criticou o governador de S\u00e3o Paulo, Tarc\u00edsio de Freitas (Republicanos), por sua declara\u00e7\u00e3o sobre n\u00e3o confiar na","robots":{"index":"index","follow":"follow","max-snippet":"max-snippet:-1","max-image-preview":"max-image-preview:large","max-video-preview":"max-video-preview:-1"},"canonical":"https:\/\/ubirataonline.com.br\/en\/haddad-critica-fala-de-tarcisio-de-que-nao-confia-na-justica-e-se-diz-preocupado-com-democracia\/","og_locale":"en_US","og_type":"article","og_title":"Haddad critica fala de Tarc\u00edsio de que n\u00e3o confia na Justi\u00e7a e se diz preocupado com democracia","og_description":"O ministro da Fazenda, Fernando Haddad, criticou o governador de S\u00e3o Paulo, Tarc\u00edsio de Freitas (Republicanos), por sua declara\u00e7\u00e3o sobre n\u00e3o confiar na","og_url":"https:\/\/ubirataonline.com.br\/en\/haddad-critica-fala-de-tarcisio-de-que-nao-confia-na-justica-e-se-diz-preocupado-com-democracia\/","og_site_name":"Ubirat\u00e3 Online Not\u00edcias - A realidade ao seu alcance!","article_publisher":"https:\/\/www.facebook.com\/portalubirataonline","article_author":"https:\/\/www.facebook.com\/portalubirataonline","article_published_time":"2025-09-12T08:42:44+00:00","og_image":[{"width":1531,"height":418,"url":"https:\/\/ubirataonline.com.br\/wp-content\/uploads\/2026\/05\/logo2026.webp","type":"image\/webp"}],"author":"REDA\u00c7\u00c3O: UBIRAT\u00c3 ONLINE - F\u00c1BIO AUGUSTO CELESTINO","twitter_card":"summary_large_image","twitter_creator":"@x.com\/ubirataonline","twitter_site":"@ubirataonline","twitter_misc":{"Written by":"REDA\u00c7\u00c3O: UBIRAT\u00c3 ONLINE - F\u00c1BIO AUGUSTO CELESTINO","Est. reading time":"1 minute"},"schema":{"@context":"https:\/\/schema.org","@graph":[{"@type":"NewsArticle","@id":"https:\/\/ubirataonline.com.br\/haddad-critica-fala-de-tarcisio-de-que-nao-confia-na-justica-e-se-diz-preocupado-com-democracia\/#article","isPartOf":{"@id":"https:\/\/ubirataonline.com.br\/haddad-critica-fala-de-tarcisio-de-que-nao-confia-na-justica-e-se-diz-preocupado-com-democracia\/"},"author":{"name":"REDA\u00c7\u00c3O: UBIRAT\u00c3 ONLINE - F\u00c1BIO AUGUSTO CELESTINO","@id":"https:\/\/ubirataonline.com.br\/#\/schema\/person\/372f87bbd3fdd79b8556b84c98d0bc1c"},"headline":"Haddad critica fala de Tarc\u00edsio de que n\u00e3o confia na Justi\u00e7a e se diz preocupado com democracia","datePublished":"2025-09-12T08:42:44+00:00","mainEntityOfPage":{"@id":"https:\/\/ubirataonline.com.br\/haddad-critica-fala-de-tarcisio-de-que-nao-confia-na-justica-e-se-diz-preocupado-com-democracia\/"},"wordCount":297,"publisher":{"@id":"https:\/\/ubirataonline.com.br\/#organization"},"image":{"@id":"https:\/\/ubirataonline.com.br\/haddad-critica-fala-de-tarcisio-de-que-nao-confia-na-justica-e-se-diz-preocupado-com-democracia\/#primaryimage"},"thumbnailUrl":"https:\/\/ubirataonline.com.br\/wp-content\/uploads\/2025\/08\/CGN768x461.gif","articleSection":["Ubirat\u00e3"],"inLanguage":"en-US","copyrightYear":"2025","copyrightHolder":{"@id":"https:\/\/ubirataonline.com.br\/en\/#organization"}},{"@type":"WebPage","@id":"https:\/\/ubirataonline.com.br\/haddad-critica-fala-de-tarcisio-de-que-nao-confia-na-justica-e-se-diz-preocupado-com-democracia\/","url":"https:\/\/ubirataonline.com.br\/haddad-critica-fala-de-tarcisio-de-que-nao-confia-na-justica-e-se-diz-preocupado-com-democracia\/","name":"Haddad critica fala de Tarc\u00edsio de que n\u00e3o confia na Justi\u00e7a e se diz preocupado com democracia - Ubirat\u00e3 Online Not\u00edcias - A realidade ao seu alcance!","isPartOf":{"@id":"https:\/\/ubirataonline.com.br\/#website"},"primaryImageOfPage":{"@id":"https:\/\/ubirataonline.com.br\/haddad-critica-fala-de-tarcisio-de-que-nao-confia-na-justica-e-se-diz-preocupado-com-democracia\/#primaryimage"},"image":{"@id":"https:\/\/ubirataonline.com.br\/haddad-critica-fala-de-tarcisio-de-que-nao-confia-na-justica-e-se-diz-preocupado-com-democracia\/#primaryimage"},"thumbnailUrl":"https:\/\/ubirataonline.com.br\/wp-content\/uploads\/2025\/08\/CGN768x461.gif","datePublished":"2025-09-12T08:42:44+00:00","description":"O ministro da Fazenda, Fernando Haddad, criticou o governador de S\u00e3o Paulo, Tarc\u00edsio de Freitas (Republicanos), por sua declara\u00e7\u00e3o sobre n\u00e3o confiar na","breadcrumb":{"@id":"https:\/\/ubirataonline.com.br\/haddad-critica-fala-de-tarcisio-de-que-nao-confia-na-justica-e-se-diz-preocupado-com-democracia\/#breadcrumb"},"inLanguage":"en-US","potentialAction":[{"@type":"ReadAction","target":["https:\/\/ubirataonline.com.br\/haddad-critica-fala-de-tarcisio-de-que-nao-confia-na-justica-e-se-diz-preocupado-com-democracia\/"]}]},{"@type":"ImageObject","inLanguage":"en-US","@id":"https:\/\/ubirataonline.com.br\/haddad-critica-fala-de-tarcisio-de-que-nao-confia-na-justica-e-se-diz-preocupado-com-democracia\/#primaryimage","url":"https:\/\/ubirataonline.com.br\/wp-content\/uploads\/2025\/08\/CGN768x461.gif","contentUrl":"https:\/\/ubirataonline.com.br\/wp-content\/uploads\/2025\/08\/CGN768x461.gif","width":768,"height":461},{"@type":"BreadcrumbList","@id":"https:\/\/ubirataonline.com.br\/haddad-critica-fala-de-tarcisio-de-que-nao-confia-na-justica-e-se-diz-preocupado-com-democracia\/#breadcrumb","itemListElement":[{"@type":"ListItem","position":1,"name":"In\u00edcio","item":"https:\/\/ubirataonline.com.br\/"},{"@type":"ListItem","position":2,"name":"Haddad critica fala de Tarc\u00edsio de que n\u00e3o confia na Justi\u00e7a e se diz preocupado com democracia"}]},{"@type":"WebSite","@id":"https:\/\/ubirataonline.com.br\/#website","url":"https:\/\/ubirataonline.com.br\/","name":"Ubirat\u00e3 Online Not\u00edcias","description":"Not\u00edcias de Ubirat\u00e3, regi\u00e3o, Brasil e mundo, com informa\u00e7\u00e3o atualizada e compromisso com o leitor.","publisher":{"@id":"https:\/\/ubirataonline.com.br\/#organization"},"alternateName":"Ubirat\u00e3 Online","potentialAction":[{"@type":"SearchAction","target":{"@type":"EntryPoint","urlTemplate":"https:\/\/ubirataonline.com.br\/?s={search_term_string}"},"query-input":{"@type":"PropertyValueSpecification","valueRequired":true,"valueName":"search_term_string"}}],"inLanguage":"en-US"},{"@type":["Organization","Place"],"@id":"https:\/\/ubirataonline.com.br\/#organization","name":"Ubirat\u00e3 Online Not\u00edcias","alternateName":"Ubirat\u00e3 Online","url":"https:\/\/ubirataonline.com.br\/","logo":{"@id":"https:\/\/ubirataonline.com.br\/haddad-critica-fala-de-tarcisio-de-que-nao-confia-na-justica-e-se-diz-preocupado-com-democracia\/#local-main-organization-logo"},"image":{"@id":"https:\/\/ubirataonline.com.br\/haddad-critica-fala-de-tarcisio-de-que-nao-confia-na-justica-e-se-diz-preocupado-com-democracia\/#local-main-organization-logo"},"sameAs":["https:\/\/www.facebook.com\/portalubirataonline","https:\/\/x.com\/ubirataonline","https:\/\/mastodon.social\/@ubirataonline","https:\/\/www.facebook.com\/groups\/311144672285604","https:\/\/www.facebook.com\/UBTAOnline","https:\/\/www.instagram.com\/portalubirataonline\/","https:\/\/twitter.com\/ubirataonline"],"description":"Somos um portal de not\u00edcias independente, criado em 5 de janeiro de 2009, com o objetivo de informar, conectar e valorizar a nossa comunidade de Ubirat\u00e3 e toda aregi\u00e3o. Com conte\u00fado atualizado, confi\u00e1vel e relevante, o Ubirat\u00e3 Online \u00e9 o seu espa\u00e7o para ficar por dentro dos principais acontecimentos locais, regionais, Brasil, Mundo e de interesse geral. Nosso compromisso \u00e9 com a verdade, a transpar\u00eancia e o respeito ao leitor.","legalName":"UBIRATA ONLINE NOT\u00cdCIAS","foundingDate":"2009-01-05","numberOfEmployees":{"@type":"QuantitativeValue","minValue":"1","maxValue":"10"},"publishingPrinciples":"https:\/\/ubirataonline.com.br\/faq\/","address":{"@id":"https:\/\/ubirataonline.com.br\/haddad-critica-fala-de-tarcisio-de-que-nao-confia-na-justica-e-se-diz-preocupado-com-democracia\/#local-main-place-address"},"geo":{"@type":"GeoCoordinates","latitude":"-24.5361401","longitude":"-52.9921776"},"telephone":["+5544998308235"],"contactPoint":{"@type":"ContactPoint","email":"contato@ubirataonline.com.br"},"openingHoursSpecification":{"@type":"OpeningHoursSpecification","dayOfWeek":["Monday","Tuesday","Wednesday","Thursday","Friday","Saturday","Sunday"],"opens":"00:00","closes":"23:59"},"email":"contato@ubirataonline.com.br","vatID":"47.621.418\/0001-80"},{"@type":"Person","@id":"https:\/\/ubirataonline.com.br\/#\/schema\/person\/372f87bbd3fdd79b8556b84c98d0bc1c","name":"REDA\u00c7\u00c3O: UBIRAT\u00c3 ONLINE - F\u00c1BIO AUGUSTO CELESTINO","pronouns":"Ele","description":"Desde 2003 trabalhando com not\u00edcias.","sameAs":["http:\/\/ubirataoline.com.br","https:\/\/www.facebook.com\/portalubirataonline","https:\/\/www.instagram.com\/ubirataonline_oficial","https:\/\/x.com\/x.com\/ubirataonline"],"honorificPrefix":"Mr.","honorificSuffix":"MD","birthDate":"1980-06-16","gender":"masculino","award":["V\u00e1rios pr\u00eamios de melhor portal da cidade"],"jobTitle":"Diretor","url":"https:\/\/ubirataonline.com.br\/en\/author\/ubirataonline\/"},{"@type":"PostalAddress","@id":"https:\/\/ubirataonline.com.br\/haddad-critica-fala-de-tarcisio-de-que-nao-confia-na-justica-e-se-diz-preocupado-com-democracia\/#local-main-place-address","streetAddress":"Rua dos Coqueiros, 104 - Bairro Boa Vista, Rua dos Coqueiros, 104 Bairro Boa Vista","addressLocality":"UBIRATA","postalCode":"85440-000","addressRegion":"PR","addressCountry":"BR"},{"@type":"ImageObject","inLanguage":"en-US","@id":"https:\/\/ubirataonline.com.br\/haddad-critica-fala-de-tarcisio-de-que-nao-confia-na-justica-e-se-diz-preocupado-com-democracia\/#local-main-organization-logo","url":"https:\/\/ubirataonline.com.br\/wp-content\/uploads\/2026\/06\/logoubirataonline-1.webp","contentUrl":"https:\/\/ubirataonline.com.br\/wp-content\/uploads\/2026\/06\/logoubirataonline-1.webp","width":500,"height":500,"caption":"Ubirat\u00e3 Online Not\u00edcias"}]},"geo.placename":"UBIRATA","geo.position":{"lat":"-24.5361401","long":"-52.9921776"},"geo.region":"Brazil"},"_links":{"self":[{"href":"https:\/\/ubirataonline.com.br\/en\/wp-json\/wp\/v2\/posts\/68087","targetHints":{"allow":["GET"]}}],"collection":[{"href":"https:\/\/ubirataonline.com.br\/en\/wp-json\/wp\/v2\/posts"}],"about":[{"href":"https:\/\/ubirataonline.com.br\/en\/wp-json\/wp\/v2\/types\/post"}],"author":[{"embeddable":true,"href":"https:\/\/ubirataonline.com.br\/en\/wp-json\/wp\/v2\/users\/1"}],"replies":[{"embeddable":true,"href":"https:\/\/ubirataonline.com.br\/en\/wp-json\/wp\/v2\/comments?post=68087"}],"version-history":[{"count":0,"href":"https:\/\/ubirataonline.com.br\/en\/wp-json\/wp\/v2\/posts\/68087\/revisions"}],"wp:featuredmedia":[{"embeddable":true,"href":"https:\/\/ubirataonline.com.br\/en\/wp-json\/wp\/v2\/media\/63219"}],"wp:attachment":[{"href":"https:\/\/ubirataonline.com.br\/en\/wp-json\/wp\/v2\/media?parent=68087"}],"wp:term":[{"taxonomy":"category","embeddable":true,"href":"https:\/\/ubirataonline.com.br\/en\/wp-json\/wp\/v2\/categories?post=68087"},{"taxonomy":"post_tag","embeddable":true,"href":"https:\/\/ubirataonline.com.br\/en\/wp-json\/wp\/v2\/tags?post=68087"}],"curies":[{"name":"wp","href":"https:\/\/api.w.org\/{rel}","templated":true}]}}