{"id":68102,"date":"2025-09-12T08:45:18","date_gmt":"2025-09-12T11:45:18","guid":{"rendered":"https:\/\/ubirataonline.com.br\/obituario-curitiba-lista-de-falecimentos-desta-sexta-feira-12\/"},"modified":"2025-09-12T08:45:18","modified_gmt":"2025-09-12T11:45:18","slug":"obituario-curitiba-lista-de-falecimentos-desta-sexta-feira-12","status":"publish","type":"post","link":"https:\/\/ubirataonline.com.br\/en\/obituario-curitiba-lista-de-falecimentos-desta-sexta-feira-12\/","title":{"rendered":"Obitu\u00e1rio Curitiba! Lista de falecimentos desta sexta-feira (12)"},"content":{"rendered":"<p><\/p>\n<div id=\"post-content\">\n<p><strong>Obitu\u00e1rio Curitiba! Lista de falecimentos desta sexta-feira (12)<\/strong><\/p>\n<p><strong>AILTON MAGALHAES, <\/strong>69 ano(s). Profiss\u00e3o: AUTONOMO. C\u00f4njuge: NATALIA CORREA MAGALHAES. Filia\u00e7\u00e3o: BELARMINO MAGALHAES e ANA MARTA RICHTER. Sepultamento: CEMITERIO NA CIDADE DE MAFRA \u2013 SC, sexta-feira, 12 de setembro de 2025 \u00e0s 17:00h.<\/p>\n<p><strong>ANA RODRIGUES DIAS, <\/strong>73 ano(s). Profiss\u00e3o: DO LAR. C\u00f4njuge: VALDIVINO FRANCISCO DIAS. Filia\u00e7\u00e3o: JOSE CARDOSO DOS SANTOS e MARIA RODRIGUES DA SILVA. Sepultamento: (S.J.DOS PINHAIS) CEMITERIO PEDRO FUSS, sexta-feira, 12 de setembro de 2025 \u00e0s 16:00h.<\/p>\n<p><strong>ANGEL JOSE ANTONIO MATE, <\/strong>71 ano(s). Profiss\u00e3o: M\u00c9DICO(A). C\u00f4njuge: MARA REGINA ALBINI MATE. Filia\u00e7\u00e3o: BERNARDO MATE e JULIA GARCIA. Sepultamento: MUNICIPAL \u00c1GUA VERDE, sexta-feira, 12 de setembro de 2025 \u00e0s 17:00h.<\/p>\n<p><strong>ANTONIO FERREIRA GUEDES, <\/strong>70 ano(s). Profiss\u00e3o: COMERCIANTE. C\u00f4njuge: VERA LUCIA PADILHA GUEDES. Filia\u00e7\u00e3o: JOSE FERREIRA GUEDES e MARIA CACILDA FERNANDES CORDEIRO. Sepultamento: (CURITIBA) VERTICAL, sexta-feira, 12 de setembro de 2025 \u00e0s 15:00h.<\/p>\n<p><strong>BENEDITO ALVINO CANJERANA, <\/strong>69 ano(s). Profiss\u00e3o: GERENTE COMERCIAL. Filia\u00e7\u00e3o: GREGORIO PEREIRA CANJERANA e ANA MARIA CANJERANA. Sepultamento: (S.J.DOS PINHAIS) CEMITERIO MEMORIAL DA VIDA, sexta-feira, 12 de setembro de 2025.<\/p>\n<p><strong>CASTORINA NAPOLEAO MOREIRA, <\/strong>76 ano(s). Profiss\u00e3o: DO LAR. C\u00f4njuge: BENEDITO DE ARAUJO MOREIRA. Filia\u00e7\u00e3o: PEDRO MARTINS NAPOLEAO e LAUDELINA DOS SANTOS NAPOLEAO. Sepultamento: CREMAT\u00d3RIO VERTICAL (CURITIBA), sexta-feira, 12 de setembro de 2025 \u00e0s 15:30h.<\/p>\n<p><strong>DELI SIQUEIRA DE OLIVEIRA, <\/strong>74 ano(s). Profiss\u00e3o: PROFESSOR(A). C\u00f4njuge: LAURI DE OLIVEIRA. Filia\u00e7\u00e3o: PEDRO SIQUEIRA e FRANCISCA ALVES SIQUEIRA. Sepultamento: (CURITIBA) PARQUE IGUA\u00c7U, sexta-feira, 12 de setembro de 2025 \u00e0s 17:00h.<\/p>\n<p><strong>DORINDA RICHERT, <\/strong>94 ano(s). Profiss\u00e3o: ZELADOR(A). C\u00f4njuge: OSVALDO RICHERT. Filia\u00e7\u00e3o: PASQUALINA MOSCARDI. Sepultamento: MUNICIPAL \u00c1GUA VERDE, sexta-feira, 12 de setembro de 2025.<\/p>\n<p><strong>FLAVIA MENEGHETTI MOREIRA, <\/strong>98 ano(s). Profiss\u00e3o: DO LAR. C\u00f4njuge: DARIO MACHADO MOREIRA. Filia\u00e7\u00e3o: JOSE ERNESTO MENEGHETTI e ARGENIA MATTIOLI MENEGHETTI. Sepultamento: MUNICIPAL \u00c1GUA VERDE, quinta-feira, 11 de setembro de 2025 \u00e0s 17:00h.<\/p>\n<p><strong>FRANCINE RUMOR BORGES, <\/strong>39 ano(s). Profiss\u00e3o: ADMINISTRADOR(A). C\u00f4njuge: MARCELO BORGES. Filia\u00e7\u00e3o: MERCIO MOACIR RUMOR e LEONI TERESINHA RUMOR. Sepultamento: (S.J.DOS PINHAIS) CEMIT\u00c9RIO PQ SR DO BONFIM, sexta-feira, 12 de setembro de 2025 \u00e0s 16:30h.<\/p>\n<p><strong>Obitu\u00e1rio Curitiba! Lista de falecimentos desta sexta-feira (12)<\/strong><\/p>\n<p><strong>FRANCISCA IRANI ALVES OLIVEIRA, <\/strong>78 ano(s). Profiss\u00e3o: DO LAR. C\u00f4njuge: ANTONIO ALVES DE OLIVEIRA. Filia\u00e7\u00e3o: FRANCISCO CASIMIRO DE OLIVEIRA e FRANCISCA CASIMIRO DE OLIVEIRA. Sepultamento: MUNICIPAL DA CIDADE DE ORIGEM, domingo, 14 de setembro de 2025 \u00e0s 18:00h.<\/p>\n<p><strong>FRANCISCO MARIO BELOTTI, <\/strong>101 ano(s). Profiss\u00e3o: CONSTRUTOR CIVIL. C\u00f4njuge: ANNA BALMANN BELOTTI. Filia\u00e7\u00e3o: SALVADOR BELOTTI e JUSTINA BELOTTI. Sepultamento: MUNICIPAL S\u00c3O FRANCISCO DE PAULA, sexta-feira, 12 de setembro de 2025 \u00e0s 17:00h.<\/p>\n<p><strong>GERALDO CREMA, <\/strong>72 ano(s). Profiss\u00e3o: ADMINISTRADOR(A). C\u00f4njuge: REGINA CELIA SILVA FONSECA. Filia\u00e7\u00e3o: LUIZ CREMA e ADILES CHERUBINI CREMA. Sepultamento: A DEFINIR, sexta-feira, 12 de setembro de 2025 \u00e0s 17:00h.<\/p>\n<p><strong>HELENA DARAGO DALLA POLA, <\/strong>96 ano(s). Profiss\u00e3o: COSTUREIRO(A). C\u00f4njuge: JOAO DALLA POLA. Filia\u00e7\u00e3o: BAPTISTA DARAGO e MARIA SILVA. Sepultamento: (AL.TAMANDAR\u00c9) CEMIT\u00c9RIO VATICANO, quinta-feira, 11 de setembro de 2025 \u00e0s 17:00h.<\/p>\n<p><strong>ILZA PEREIRA DOS SANTOS, <\/strong>71 ano(s). Profiss\u00e3o: AUXILIAR SERVI\u00c7OS GERAIS. C\u00f4njuge: LUIS AMBROSIO DOS SANTOS. Filia\u00e7\u00e3o: BENEDITO PEREIRA e DIRCE LOPES PEREIRA. Sepultamento: (CURITIBA) VERTICAL, sexta-feira, 12 de setembro de 2025 \u00e0s 12:00h.<\/p>\n<p><strong>INEZ MARLI PEREIRA MARTINS, <\/strong>86 ano(s). Profiss\u00e3o: ADMINISTRADOR(A). C\u00f4njuge: UBIRATAN MARTINS. Filia\u00e7\u00e3o: JOAO PEREIRA LIMA e HELENA FEDACK PEREIRA LIMA. Sepultamento: (RIO NEGRO) CEMIT\u00c9RIO MUNICIPAL DE RIO NEGRO\/PR, sexta-feira, 12 de setembro de 2025 \u00e0s 15:00h.<\/p>\n<p><strong>ISAAC VINICIUS VIANA DE LIMA DA SILVA, <\/strong>22 ano(s). Profiss\u00e3o: OUTROS. Filia\u00e7\u00e3o: LINCOLN ROBERTO DA SILVA e APARECIDA ROCIO VIANA DE LIMA. Sepultamento: (FAZENDA RIO GRANDE) CEM PARQUE METROPOLITANO, sexta-feira, 12 de setembro de 2025 \u00e0s 13:00h.<\/p>\n<p><strong>ISABELA SYRING MIRANDA, <\/strong>1 dia(s). Filia\u00e7\u00e3o: BRENO NEVES DE MIRANDA e VANESSA SYRING MIRANDA. Sepultamento: CREMAT\u00d3RIO VATICANO (ALMIRANTE TAMANDAR\u00c9-PR), quinta-feira, 11 de setembro de 2025.<\/p>\n<p><strong>IZAURA DE FRANCA PALHANO, <\/strong>82 ano(s). Profiss\u00e3o: DO LAR. C\u00f4njuge: ORLANDO CORREIA PALHANO. Filia\u00e7\u00e3o: JORGE ZACARIAS DE FRANCA e MARIA MACIEL DE FRANCA. Sepultamento: CREMAT\u00d3RIO VERTICAL (CURITIBA), quinta-feira, 11 de setembro de 2025.<\/p>\n<p><strong>JOAO DILSON DE OLIVEIRA REIS, <\/strong>66 ano(s). Profiss\u00e3o: REPRESENTANTE COMERCIAL. C\u00f4njuge: MARIA HELOIZETE DO ROCIO MARTINS DO REIS. Filia\u00e7\u00e3o: ANTONIO ALVES DE OLIVEIRA REIS e MARIA ODILA DE BOMFIM REIS. Sepultamento: MUNICIPAL SANTA CANDIDA, sexta-feira, 12 de setembro de 2025 \u00e0s 11:00h.<\/p>\n<p><strong>JOSE ADILAR ARAUJO VALERIO, <\/strong>80 ano(s). Profiss\u00e3o: OUTROS. C\u00f4njuge: EUNICE RODRIGUES VALERIO. Filia\u00e7\u00e3o: FLORICIO VALERIO e LEONTINA ARAUJO VALERIO. Sepultamento: CREMAT\u00d3RIO VATICANO (ALMIRANTE TAMANDAR\u00c9-PR), sexta-feira, 12 de setembro de 2025 \u00e0s 18:00h.<\/p>\n<p><strong>JOSE MOACIR DO NASCIMENTO, <\/strong>58 ano(s). Profiss\u00e3o: ATENDENTE. Filia\u00e7\u00e3o: NESTOR COUTINHO DO NASCIMENTO e ERMEZENDA LIDIA DO NASCIMENTO. Sepultamento: (AL.TAMANDAR\u00c9) CEMIT\u00c9RIO VATICANO, sexta-feira, 12 de setembro de 2025 \u00e0s 16:00h.<\/p>\n<p><strong>JOSEFA DE JESUS DOMINGOS FERREIRA, <\/strong>70 ano(s). Profiss\u00e3o: COSTUREIRO(A). C\u00f4njuge: JAIRO GOMES FERREIRA. Filia\u00e7\u00e3o: CICERO DOMINGOS DE BARROS e EUDOCIA RODRIGUES DE BARROS. Sepultamento: (S.J.DOS PINHAIS) CEMIT\u00c9RIO PQ SR DO BONFIM, sexta-feira, 12 de setembro de 2025 \u00e0s 16:30h.<\/p>\n<p><strong>Obitu\u00e1rio Curitiba! Lista de falecimentos desta sexta-feira (12)<\/strong><\/p>\n<p><strong>KAUA DOS SANTOS DA COSTA CARDOZO, <\/strong>15 ano(s). Profiss\u00e3o: ESTUDANTE. Filia\u00e7\u00e3o: CELSO ROGERIO DA COSTA CARDOZ e DAIANE MEDINA DOS SANTOS. Sepultamento: MUNICIPAL DA CIDADE DE ORIGEM, sexta-feira, 12 de setembro de 2025 \u00e0s 17:00h.<\/p>\n<p><strong>KLEBER BOHNENSTENGEL DA COSTA, <\/strong>21 ano(s). Profiss\u00e3o: OUTROS. Filia\u00e7\u00e3o: KLEBER CHAGAS DA COSTA e DEBORA TAVARES BOHNENSTENGEL COSTA. Sepultamento: MUNICIPAL BOQUEIR\u00c3O, sexta-feira, 12 de setembro de 2025.<\/p>\n<p><strong>LIVIA MAITE DE FRANCA DE ANDRADE, <\/strong>4 dia(s). Profiss\u00e3o: MENOR. Filia\u00e7\u00e3o: ALISSON JOSE FARIA DE ANDRADE e LAIZA RAIANE DE FRANCA. Sepultamento: (RIO BRANCO DO SUL) CEM. DE RIO BRANCO DO SUL\/PR, sexta-feira, 12 de setembro de 2025 \u00e0s 09:00h.<\/p>\n<p><strong>LUIZ CARLOS DA SILVA, <\/strong>49 ano(s). Profiss\u00e3o: OUTROS. Filia\u00e7\u00e3o: JOSE MARIA DA SILVA e MARIA DIONIZIA DOS SANTOS SILVA. Sepultamento: CEMITERIO MUNICIPAL DE BARBOSA FERRAZ PR, sexta-feira, 12 de setembro de 2025 \u00e0s 08:00h.<\/p>\n<p><strong>MARCOS ANTONIO MODESTO, <\/strong>65 ano(s). Profiss\u00e3o: AUT\u00d4NOMO(A). C\u00f4njuge: TANIA DIONEIA ALVES MODESTO. Filia\u00e7\u00e3o: JOAO MODESTO e ANTONIA MACIEL MODESTO. Sepultamento: MUNICIPAL SANTA CANDIDA, sexta-feira, 12 de setembro de 2025 \u00e0s 10:30h.<\/p>\n<p><strong>MARIA CORDEIRO GARCIA, <\/strong>79 ano(s). Profiss\u00e3o: DO LAR. C\u00f4njuge: DORIVAL ALVES. Filia\u00e7\u00e3o: JOAO CORDEIRO e REASILVA MACIEL CORDEIRO. Sepultamento: (S.J.DOS PINHAIS) CEMITERIO MEMORIAL DA VIDA, sexta-feira, 12 de setembro de 2025 \u00e0s 11:20h.<\/p>\n<p><strong>MARIA DA COSTA BARROS, <\/strong>94 ano(s). Profiss\u00e3o: DO LAR. Filia\u00e7\u00e3o: LUIZ DA COSTA BARROS e VITORIA PEDROSA DE BARROS. Sepultamento: CREMAT\u00d3RIO PERPETUO SOCORRO (CAMPO LARGO-PR), sexta-feira, 12 de setembro de 2025 \u00e0s 10:30h.<\/p>\n<p><strong>MARIA RODRIGUES SCHAMNE, <\/strong>73 ano(s). Profiss\u00e3o: DO LAR. C\u00f4njuge: EDMIR SCHAMNE. Filia\u00e7\u00e3o: JUSTINO RODRIGUES e EMILIA RODRIGUES. Sepultamento: (CURITIBA) VERTICAL, sexta-feira, 12 de setembro de 2025 \u00e0s 16:00h.<\/p>\n<p><strong>MARLI TEREZINHA DE PAULA, <\/strong>61 ano(s). Profiss\u00e3o: DO LAR. C\u00f4njuge: ANTONIO BARBOZA DE PAULA. Filia\u00e7\u00e3o: PEDRO CARVALHO DOS SANTOS e LYDIA LAURITA MEISTER SANTOS. Sepultamento: MUNICIPAL SANTA CANDIDA, sexta-feira, 12 de setembro de 2025 \u00e0s 13:00h.<\/p>\n<p><strong>MAURILIO CAMILO, <\/strong>65 ano(s). Filia\u00e7\u00e3o: JOSE CAMILO e APARECIDA MANSO DA SILVA. Sepultamento: (CURITIBA) CEMIT\u00c9RIO JARDIM DA PAZ, sexta-feira, 12 de setembro de 2025 \u00e0s 11:00h.<\/p>\n<p><strong>NAIR BREDA, <\/strong>78 ano(s). Profiss\u00e3o: RECEPCIONISTA. Filia\u00e7\u00e3o: REINALDO BREDA e VERONICA GORSKI BREDA. Sepultamento: (CURITIBA) PAROQUIAL SANTA FELICIDADE, sexta-feira, 12 de setembro de 2025 \u00e0s 11:00h.<\/p>\n<p><strong>NEIVA DORACI RAMOS MAUS, <\/strong>75 ano(s). Profiss\u00e3o: DO LAR. C\u00f4njuge: WALDEMAR MAUS. Filia\u00e7\u00e3o: OSVALDO BARBOSA RAMOS e MARIA DA CONCEICAO DOS SANTOS. Sepultamento: (COLOMBO) CEMIT\u00c9RIO PAROQUIAL NOSSA SRA DO ROSARIO, sexta-feira, 12 de setembro de 2025 \u00e0s 16:30h.<\/p>\n<p><strong>OVIDIO NOGUEIRA DE SOUZA, <\/strong>85 ano(s). Profiss\u00e3o: ELETRICISTA. C\u00f4njuge: ODETE DOS SANTOS DE SOUZA. Filia\u00e7\u00e3o: JOSE NOGUEIRA DE SOUZA e IZALTINA RAMOS DE SOUZA. Sepultamento: (CURITIBA) CEMIT\u00c9RIO PAROQUIAL UMBAR\u00c1, sexta-feira, 12 de setembro de 2025 \u00e0s 11:00h.<\/p>\n<p><strong>PAULO LINO, <\/strong>85 ano(s). Profiss\u00e3o: SEGURAN\u00c7A. Filia\u00e7\u00e3o: LOURDES MARIA LINO e GENOEFA ALCINI. Sepultamento: (S.J.DOS PINHAIS) CEMIT\u00c9RIO PQ SR DO BONFIM, sexta-feira, 12 de setembro de 2025 \u00e0s 11:00h.<\/p>\n<p><strong>PEDRO JOAO COPINI, <\/strong>85 ano(s). Profiss\u00e3o: ALFAIATE. Filia\u00e7\u00e3o: RICARDO DYALMO COPINI e ANNA AMANDA COPINI. Sepultamento: (CURITIBA) VERTICAL, sexta-feira, 12 de setembro de 2025 \u00e0s 11:00h.<\/p>\n<p><strong>REGINA MARIA SMENTIKOVSKA MARGOTI, <\/strong>90 ano(s). Profiss\u00e3o: PREPARADOR(A). C\u00f4njuge: OLINDO MARGOTI. Filia\u00e7\u00e3o: ANTONIO SMENTIKOSKA e FELICIA SMENTIKOVSKA. Sepultamento: MUNICIPAL SANTA CANDIDA, sexta-feira, 12 de setembro de 2025 \u00e0s 17:00h.<\/p>\n<p><strong>Obitu\u00e1rio Curitiba! Lista de falecimentos desta sexta-feira (12)<\/strong><\/p>\n<p><strong>ROSELI MIRANDA GANZ, <\/strong>83 ano(s). Profiss\u00e3o: DO LAR. C\u00f4njuge: ALTAIR GANZ. Filia\u00e7\u00e3o: GRATULINO DINA MIRANDA e JOANITA KOHLS MIRANDA. Sepultamento: (CURITIBA) CEMIT\u00c9RIO PAROQUIAL COL\u00d4NIA ORLEANS, sexta-feira, 12 de setembro de 2025 \u00e0s 16:00h.<\/p>\n<p><strong>SEBASTIAO RODRIGUES DA SILVA, <\/strong>79 ano(s). Profiss\u00e3o: ELETRICISTA. C\u00f4njuge: MARIA RODRIGUES DA SILVA. Filia\u00e7\u00e3o: ARLINDO RODRIGUES DA SILVA e MARIA DOS SANTOS. Sepultamento: A DEFINIR, sexta-feira, 12 de setembro de 2025 \u00e0s 17:00h.<\/p>\n<p><strong>SONIA ODETE FERRARI, <\/strong>60 ano(s). Profiss\u00e3o: DOM\u00c9STICA. Filia\u00e7\u00e3o: WALDEMAR FERRARI e MARLI TERESINHA FERRARI. Sepultamento: (PINHAIS) CREMAT\u00d3RIO JARDIM DA SAUDADE, quinta-feira, 11 de setembro de 2025 \u00e0s 16:00h.<\/p>\n<p><strong>SUELLEN CORREA DE LARA, <\/strong>35 ano(s). Profiss\u00e3o: NUTRICIONISTA. Filia\u00e7\u00e3o: ROGERIO ARCANJO DE LARA e NADIRLEY SEBA CORREA DE LARA. Sepultamento: (CURITIBA) VERTICAL, quinta-feira, 11 de setembro de 2025.<\/p>\n<p><strong>VALDIR DOS SANTOS, <\/strong>76 ano(s). C\u00f4njuge: MARIA MARGARIDA BARBOSA DOS SANTOS. Filia\u00e7\u00e3o: ALVINO DOS SANTOS e IRENE DOS SANTOS. Sepultamento: MUNICIPAL BOQUEIR\u00c3O, sexta-feira, 12 de setembro de 2025 \u00e0s 17:00h.<\/p>\n<p><strong>VERA LUCIA WESOLOWICZ, <\/strong>65 ano(s). Profiss\u00e3o: DO LAR. Filia\u00e7\u00e3o: BAZILIO WESOLOWICZ e MELANIA PETRYSZYN WESOLOWICZ. Sepultamento: (AL.TAMANDAR\u00c9) CEMIT\u00c9RIO VATICANO, quinta-feira, 11 de setembro de 2025 \u00e0s 18:00h.<\/p>\n<p><strong>WANDERSON RODRIGUES, <\/strong>65 ano(s). Profiss\u00e3o: EMPRESARIO(A). C\u00f4njuge: SALETE MENCATTO RODRIGUES. Filia\u00e7\u00e3o: JOAO RODRIGUES FILHO e OLANDA DUTRA RODRIGUES. Sepultamento: (CURITIBA) CEMIT\u00c9RIO JARDIM DA SAUDADE \u2013 CURITIBA, sexta-feira, 12 de setembro de 2025 \u00e0s 11:00h.<\/p>\n<p><strong>Obitu\u00e1rio Curitiba! Lista de falecimentos desta sexta-feira (12)<\/strong><\/p>\n<section class=\"virals\">\n<article class=\"cardnews cardnews--post cardnews--has-thumbnail cardnews--editorial-noticias\"> <a href=\"https:\/\/www.tribunapr.com.br\/noticias\/curitiba-regiao\/curitibana-ganha-na-lotofacil-da-independencia-em-bolao-da-propria-loterica\/?utm_source=noticias-virais-rodape&amp;utm_medium=internal-tribuna&amp;utm_campaign=tribuna\" class=\"cardnews__postlink\"> <\/p>\n<div class=\"cardnews__image\" is-api-thumb=\"\"><img decoding=\"async\" src=\"https:\/\/www.tribunapr.com.br\/wp-content\/uploads\/2025\/09\/08183613\/Apresentacao-de-TCC-vintage-retro-com-blur-vermelho-e-roxo-2025-09-08T183517.087-370x210.jpg\" loading=\"lazy\" alt=\"Curitibana ganha uma boa grana em bol\u00e3o da pr\u00f3pria lot\u00e9rica\"\/><\/div>\n<div class=\"cardnews__content cardhome__content\">\n<div class=\"cardnews__content-wrapper\">\n<p> <span style=\"\"> Loteria p\u00e9-quente <\/span> <\/p>\n<p>Curitibana ganha uma boa grana em bol\u00e3o da pr\u00f3pria lot\u00e9rica<\/p>\n<\/p><\/div>\n<\/p><\/div>\n<p> <\/a> <\/article>\n<article class=\"cardnews cardnews--post cardnews--has-thumbnail cardnews--editorial-noticias\"> <a href=\"https:\/\/www.tribunapr.com.br\/noticias\/curitiba-regiao\/brt-leste-oeste-conheca-detalhes-do-projeto-de-curitiba\/?utm_source=noticias-virais-rodape&amp;utm_medium=internal-tribuna&amp;utm_campaign=tribuna\" class=\"cardnews__postlink\"> <\/p>\n<div class=\"cardnews__image\" is-api-thumb=\"\"><img decoding=\"async\" src=\"https:\/\/www.tribunapr.com.br\/wp-content\/uploads\/2025\/09\/10103453\/brt-divulgacao-370x210.jpg\" loading=\"lazy\" alt=\"Novo BRT Leste-Oeste vai mudar a mobilidade em Curitiba\"\/><\/div>\n<div class=\"cardnews__content cardhome__content\">\n<div class=\"cardnews__content-wrapper\">\n<p> <span style=\"\"> Obras <\/span> <\/p>\n<p>Novo BRT Leste-Oeste vai mudar a mobilidade em Curitiba<\/p>\n<\/p><\/div>\n<\/p><\/div>\n<p> <\/a> <\/article>\n<article class=\"cardnews cardnews--post cardnews--has-thumbnail cardnews--editorial-noticias\"> <a href=\"https:\/\/www.tribunapr.com.br\/noticias\/curitiba-regiao\/leao-do-zoo-de-curitiba-faz-ressonancia-mobiliza-equipe\/?utm_source=noticias-virais-rodape&amp;utm_medium=internal-tribuna&amp;utm_campaign=tribuna\" class=\"cardnews__postlink\"> <\/p>\n<div class=\"cardnews__image\" is-api-thumb=\"\"><img decoding=\"async\" src=\"https:\/\/www.tribunapr.com.br\/wp-content\/uploads\/2025\/09\/09185112\/Apresentacao-de-TCC-vintage-retro-com-blur-vermelho-e-roxo-2025-09-09T185014.018-370x210.jpg\" loading=\"lazy\" alt=\"Le\u00e3o do Zoo de Curitiba mobiliza equipe gigante para...\"\/><\/div>\n<div class=\"cardnews__content cardhome__content\">\n<div class=\"cardnews__content-wrapper\">\n<p> <span style=\"\"> Check-up <\/span> <\/p>\n<p>Le\u00e3o do Zoo de Curitiba mobiliza equipe gigante para&#8230;<\/p>\n<\/p><\/div>\n<\/p><\/div>\n<p> <\/a> <\/article>\n<\/section>\n<section class=\"whatsapp-groups\">\n<div class=\"whatsapp-groups__image\"> <img decoding=\"async\" src=\"https:\/\/www.tribunapr.com.br\/resources\/images\/blocks\/whatsapp-groups\/logo-whatsapp.png\" alt=\"Grupos de WhatsApp da Tribuna\" loading=\"lazy\"\/> <\/div>\n<div class=\"whatsapp-groups__body\">\n<p> Receba Not\u00edcias no seu WhatsApp! <\/p>\n<p> Receba as not\u00edcias do seu bairro e do seu time pelo WhatsApp. <\/p>\n<p> <a href=\"https:\/\/www.tribunapr.com.br\/grupos-de-whatsapp-da-tribuna\/\" target=\"_blank\" class=\"whatsapp-groups__button\"> Participe dos Grupos da Tribuna <\/a> <\/div>\n<\/section><\/div>\n<p><a href=\"https:\/\/www.tribunapr.com.br\/noticias\/falecimentos\/obituario-curitiba-lista-de-falecimentos-desta-sexta-feira-12\/\">Source link <\/a><\/p>","protected":false},"excerpt":{"rendered":"<p>Obitu\u00e1rio Curitiba! Lista de falecimentos desta sexta-feira (12) AILTON MAGALHAES, 69 ano(s). Profiss\u00e3o: AUTONOMO. C\u00f4njuge: NATALIA CORREA MAGALHAES. Filia\u00e7\u00e3o: BELARMINO MAGALHAES e ANA MARTA RICHTER. Sepultamento: CEMITERIO NA CIDADE DE MAFRA \u2013 SC, sexta-feira, 12 de setembro de 2025 \u00e0s 17:00h. ANA RODRIGUES DIAS, 73 ano(s). Profiss\u00e3o: DO LAR. C\u00f4njuge: VALDIVINO FRANCISCO DIAS. Filia\u00e7\u00e3o: JOSE [&hellip;]<\/p>\n","protected":false},"author":1,"featured_media":68103,"comment_status":"","ping_status":"","sticky":false,"template":"","format":"standard","meta":{"googlesitekit_rrm_CAow2JLhCw:productID":"","_gspb_post_css":"","maa_idioma":"","maa_pais":"","footnotes":""},"categories":[1],"tags":[],"class_list":["post-68102","post","type-post","status-publish","format-standard","has-post-thumbnail","hentry","category-ubirata"],"blocksy_meta":[],"yoast_head":"<!-- This site is optimized with the Yoast SEO Premium plugin v27.6 (Yoast SEO v27.6) - https:\/\/yoast.com\/product\/yoast-seo-premium-wordpress\/ -->\n<title>Obitu\u00e1rio Curitiba! Lista de falecimentos desta sexta-feira (12) - Ubirat\u00e3 Online Not\u00edcias - A realidade ao seu alcance!<\/title>\n<meta name=\"description\" content=\"Obitu\u00e1rio Curitiba! Lista de falecimentos desta sexta-feira (12) AILTON MAGALHAES, 69 ano(s). Profiss\u00e3o: AUTONOMO. C\u00f4njuge: NATALIA CORREA MAGALHAES.\" \/>\n<meta name=\"robots\" content=\"index, follow, max-snippet:-1, max-image-preview:large, max-video-preview:-1\" \/>\n<link rel=\"canonical\" href=\"https:\/\/ubirataonline.com.br\/en\/obituario-curitiba-lista-de-falecimentos-desta-sexta-feira-12\/\" \/>\n<meta property=\"og:locale\" content=\"en_US\" \/>\n<meta property=\"og:type\" content=\"article\" \/>\n<meta property=\"og:title\" content=\"Obitu\u00e1rio Curitiba! Lista de falecimentos desta sexta-feira (12)\" \/>\n<meta property=\"og:description\" content=\"Obitu\u00e1rio Curitiba! Lista de falecimentos desta sexta-feira (12) AILTON MAGALHAES, 69 ano(s). Profiss\u00e3o: AUTONOMO. C\u00f4njuge: NATALIA CORREA MAGALHAES.\" \/>\n<meta property=\"og:url\" content=\"https:\/\/ubirataonline.com.br\/en\/obituario-curitiba-lista-de-falecimentos-desta-sexta-feira-12\/\" \/>\n<meta property=\"og:site_name\" content=\"Ubirat\u00e3 Online Not\u00edcias - A realidade ao seu alcance!\" \/>\n<meta property=\"article:publisher\" content=\"https:\/\/www.facebook.com\/portalubirataonline\" \/>\n<meta property=\"article:author\" content=\"https:\/\/www.facebook.com\/portalubirataonline\" \/>\n<meta property=\"article:published_time\" content=\"2025-09-12T11:45:18+00:00\" \/>\n<meta property=\"og:image\" content=\"https:\/\/www.tribunapr.com.br\/wp-content\/uploads\/2025\/09\/08183613\/Apresentacao-de-TCC-vintage-retro-com-blur-vermelho-e-roxo-2025-09-08T183517.087-370x210.jpg\" \/>\n<meta name=\"author\" content=\"REDA\u00c7\u00c3O: UBIRAT\u00c3 ONLINE - F\u00c1BIO AUGUSTO CELESTINO\" \/>\n<meta name=\"twitter:card\" content=\"summary_large_image\" \/>\n<meta name=\"twitter:creator\" content=\"@x.com\/ubirataonline\" \/>\n<meta name=\"twitter:site\" content=\"@ubirataonline\" \/>\n<meta name=\"twitter:label1\" content=\"Written by\" \/>\n\t<meta name=\"twitter:data1\" content=\"REDA\u00c7\u00c3O: UBIRAT\u00c3 ONLINE - F\u00c1BIO AUGUSTO CELESTINO\" \/>\n\t<meta name=\"twitter:label2\" content=\"Est. reading time\" \/>\n\t<meta name=\"twitter:data2\" content=\"8 minutes\" \/>\n<script type=\"application\/ld+json\" class=\"yoast-schema-graph\">{\"@context\":\"https:\\\/\\\/schema.org\",\"@graph\":[{\"@type\":\"NewsArticle\",\"@id\":\"https:\\\/\\\/ubirataonline.com.br\\\/obituario-curitiba-lista-de-falecimentos-desta-sexta-feira-12\\\/#article\",\"isPartOf\":{\"@id\":\"https:\\\/\\\/ubirataonline.com.br\\\/obituario-curitiba-lista-de-falecimentos-desta-sexta-feira-12\\\/\"},\"author\":{\"name\":\"REDA\u00c7\u00c3O: UBIRAT\u00c3 ONLINE - F\u00c1BIO AUGUSTO CELESTINO\",\"@id\":\"https:\\\/\\\/ubirataonline.com.br\\\/#\\\/schema\\\/person\\\/372f87bbd3fdd79b8556b84c98d0bc1c\"},\"headline\":\"Obitu\u00e1rio Curitiba! Lista de falecimentos desta sexta-feira (12)\",\"datePublished\":\"2025-09-12T11:45:18+00:00\",\"mainEntityOfPage\":{\"@id\":\"https:\\\/\\\/ubirataonline.com.br\\\/obituario-curitiba-lista-de-falecimentos-desta-sexta-feira-12\\\/\"},\"wordCount\":1665,\"publisher\":{\"@id\":\"https:\\\/\\\/ubirataonline.com.br\\\/#organization\"},\"image\":{\"@id\":\"https:\\\/\\\/ubirataonline.com.br\\\/obituario-curitiba-lista-de-falecimentos-desta-sexta-feira-12\\\/#primaryimage\"},\"thumbnailUrl\":\"https:\\\/\\\/ubirataonline.com.br\\\/wp-content\\\/uploads\\\/2025\\\/09\\\/falecimentos-1.jpg\",\"articleSection\":[\"Ubirat\u00e3\"],\"inLanguage\":\"en-US\",\"copyrightYear\":\"2025\",\"copyrightHolder\":{\"@id\":\"https:\\\/\\\/ubirataonline.com.br\\\/en\\\/#organization\"}},{\"@type\":\"WebPage\",\"@id\":\"https:\\\/\\\/ubirataonline.com.br\\\/obituario-curitiba-lista-de-falecimentos-desta-sexta-feira-12\\\/\",\"url\":\"https:\\\/\\\/ubirataonline.com.br\\\/obituario-curitiba-lista-de-falecimentos-desta-sexta-feira-12\\\/\",\"name\":\"Obitu\u00e1rio Curitiba! Lista de falecimentos desta sexta-feira (12) - Ubirat\u00e3 Online Not\u00edcias - A realidade ao seu alcance!\",\"isPartOf\":{\"@id\":\"https:\\\/\\\/ubirataonline.com.br\\\/#website\"},\"primaryImageOfPage\":{\"@id\":\"https:\\\/\\\/ubirataonline.com.br\\\/obituario-curitiba-lista-de-falecimentos-desta-sexta-feira-12\\\/#primaryimage\"},\"image\":{\"@id\":\"https:\\\/\\\/ubirataonline.com.br\\\/obituario-curitiba-lista-de-falecimentos-desta-sexta-feira-12\\\/#primaryimage\"},\"thumbnailUrl\":\"https:\\\/\\\/ubirataonline.com.br\\\/wp-content\\\/uploads\\\/2025\\\/09\\\/falecimentos-1.jpg\",\"datePublished\":\"2025-09-12T11:45:18+00:00\",\"description\":\"Obitu\u00e1rio Curitiba! Lista de falecimentos desta sexta-feira (12) AILTON MAGALHAES, 69 ano(s). Profiss\u00e3o: AUTONOMO. C\u00f4njuge: NATALIA CORREA MAGALHAES.\",\"breadcrumb\":{\"@id\":\"https:\\\/\\\/ubirataonline.com.br\\\/obituario-curitiba-lista-de-falecimentos-desta-sexta-feira-12\\\/#breadcrumb\"},\"inLanguage\":\"en-US\",\"potentialAction\":[{\"@type\":\"ReadAction\",\"target\":[\"https:\\\/\\\/ubirataonline.com.br\\\/obituario-curitiba-lista-de-falecimentos-desta-sexta-feira-12\\\/\"]}]},{\"@type\":\"ImageObject\",\"inLanguage\":\"en-US\",\"@id\":\"https:\\\/\\\/ubirataonline.com.br\\\/obituario-curitiba-lista-de-falecimentos-desta-sexta-feira-12\\\/#primaryimage\",\"url\":\"https:\\\/\\\/ubirataonline.com.br\\\/wp-content\\\/uploads\\\/2025\\\/09\\\/falecimentos-1.jpg\",\"contentUrl\":\"https:\\\/\\\/ubirataonline.com.br\\\/wp-content\\\/uploads\\\/2025\\\/09\\\/falecimentos-1.jpg\",\"width\":1200,\"height\":800},{\"@type\":\"BreadcrumbList\",\"@id\":\"https:\\\/\\\/ubirataonline.com.br\\\/obituario-curitiba-lista-de-falecimentos-desta-sexta-feira-12\\\/#breadcrumb\",\"itemListElement\":[{\"@type\":\"ListItem\",\"position\":1,\"name\":\"In\u00edcio\",\"item\":\"https:\\\/\\\/ubirataonline.com.br\\\/\"},{\"@type\":\"ListItem\",\"position\":2,\"name\":\"Obitu\u00e1rio Curitiba! Lista de falecimentos desta sexta-feira (12)\"}]},{\"@type\":\"WebSite\",\"@id\":\"https:\\\/\\\/ubirataonline.com.br\\\/#website\",\"url\":\"https:\\\/\\\/ubirataonline.com.br\\\/\",\"name\":\"Ubirat\u00e3 Online Not\u00edcias\",\"description\":\"Not\u00edcias de Ubirat\u00e3, regi\u00e3o, Brasil e mundo, com informa\u00e7\u00e3o atualizada e compromisso com o leitor.\",\"publisher\":{\"@id\":\"https:\\\/\\\/ubirataonline.com.br\\\/#organization\"},\"alternateName\":\"Ubirat\u00e3 Online\",\"potentialAction\":[{\"@type\":\"SearchAction\",\"target\":{\"@type\":\"EntryPoint\",\"urlTemplate\":\"https:\\\/\\\/ubirataonline.com.br\\\/?s={search_term_string}\"},\"query-input\":{\"@type\":\"PropertyValueSpecification\",\"valueRequired\":true,\"valueName\":\"search_term_string\"}}],\"inLanguage\":\"en-US\"},{\"@type\":[\"Organization\",\"Place\"],\"@id\":\"https:\\\/\\\/ubirataonline.com.br\\\/#organization\",\"name\":\"Ubirat\u00e3 Online Not\u00edcias\",\"alternateName\":\"Ubirat\u00e3 Online\",\"url\":\"https:\\\/\\\/ubirataonline.com.br\\\/\",\"logo\":{\"@id\":\"https:\\\/\\\/ubirataonline.com.br\\\/obituario-curitiba-lista-de-falecimentos-desta-sexta-feira-12\\\/#local-main-organization-logo\"},\"image\":{\"@id\":\"https:\\\/\\\/ubirataonline.com.br\\\/obituario-curitiba-lista-de-falecimentos-desta-sexta-feira-12\\\/#local-main-organization-logo\"},\"sameAs\":[\"https:\\\/\\\/www.facebook.com\\\/portalubirataonline\",\"https:\\\/\\\/x.com\\\/ubirataonline\",\"https:\\\/\\\/mastodon.social\\\/@ubirataonline\",\"https:\\\/\\\/www.facebook.com\\\/groups\\\/311144672285604\",\"https:\\\/\\\/www.facebook.com\\\/UBTAOnline\",\"https:\\\/\\\/www.instagram.com\\\/portalubirataonline\\\/\",\"https:\\\/\\\/twitter.com\\\/ubirataonline\"],\"description\":\"Somos um portal de not\u00edcias independente, criado em 5 de janeiro de 2009, com o objetivo de informar, conectar e valorizar a nossa comunidade de Ubirat\u00e3 e toda aregi\u00e3o. Com conte\u00fado atualizado, confi\u00e1vel e relevante, o Ubirat\u00e3 Online \u00e9 o seu espa\u00e7o para ficar por dentro dos principais acontecimentos locais, regionais, Brasil, Mundo e de interesse geral. Nosso compromisso \u00e9 com a verdade, a transpar\u00eancia e o respeito ao leitor.\",\"legalName\":\"UBIRATA ONLINE NOT\u00cdCIAS\",\"foundingDate\":\"2009-01-05\",\"numberOfEmployees\":{\"@type\":\"QuantitativeValue\",\"minValue\":\"1\",\"maxValue\":\"10\"},\"publishingPrinciples\":\"https:\\\/\\\/ubirataonline.com.br\\\/faq\\\/\",\"address\":{\"@id\":\"https:\\\/\\\/ubirataonline.com.br\\\/obituario-curitiba-lista-de-falecimentos-desta-sexta-feira-12\\\/#local-main-place-address\"},\"geo\":{\"@type\":\"GeoCoordinates\",\"latitude\":\"-24.5361401\",\"longitude\":\"-52.9921776\"},\"telephone\":[\"+5544998308235\"],\"contactPoint\":{\"@type\":\"ContactPoint\",\"email\":\"contato@ubirataonline.com.br\"},\"openingHoursSpecification\":{\"@type\":\"OpeningHoursSpecification\",\"dayOfWeek\":[\"Monday\",\"Tuesday\",\"Wednesday\",\"Thursday\",\"Friday\",\"Saturday\",\"Sunday\"],\"opens\":\"00:00\",\"closes\":\"23:59\"},\"email\":\"contato@ubirataonline.com.br\",\"vatID\":\"47.621.418\\\/0001-80\"},{\"@type\":\"Person\",\"@id\":\"https:\\\/\\\/ubirataonline.com.br\\\/#\\\/schema\\\/person\\\/372f87bbd3fdd79b8556b84c98d0bc1c\",\"name\":\"REDA\u00c7\u00c3O: UBIRAT\u00c3 ONLINE - F\u00c1BIO AUGUSTO CELESTINO\",\"pronouns\":\"Ele\",\"description\":\"Desde 2003 trabalhando com not\u00edcias.\",\"sameAs\":[\"http:\\\/\\\/ubirataoline.com.br\",\"https:\\\/\\\/www.facebook.com\\\/portalubirataonline\",\"https:\\\/\\\/www.instagram.com\\\/ubirataonline_oficial\",\"https:\\\/\\\/x.com\\\/x.com\\\/ubirataonline\"],\"honorificPrefix\":\"Mr.\",\"honorificSuffix\":\"MD\",\"birthDate\":\"1980-06-16\",\"gender\":\"masculino\",\"award\":[\"V\u00e1rios pr\u00eamios de melhor portal da cidade\"],\"jobTitle\":\"Diretor\",\"url\":\"https:\\\/\\\/ubirataonline.com.br\\\/en\\\/author\\\/ubirataonline\\\/\"},{\"@type\":\"PostalAddress\",\"@id\":\"https:\\\/\\\/ubirataonline.com.br\\\/obituario-curitiba-lista-de-falecimentos-desta-sexta-feira-12\\\/#local-main-place-address\",\"streetAddress\":\"Rua dos Coqueiros, 104 - Bairro Boa Vista, Rua dos Coqueiros, 104 Bairro Boa Vista\",\"addressLocality\":\"UBIRATA\",\"postalCode\":\"85440-000\",\"addressRegion\":\"PR\",\"addressCountry\":\"BR\"},{\"@type\":\"ImageObject\",\"inLanguage\":\"en-US\",\"@id\":\"https:\\\/\\\/ubirataonline.com.br\\\/obituario-curitiba-lista-de-falecimentos-desta-sexta-feira-12\\\/#local-main-organization-logo\",\"url\":\"https:\\\/\\\/ubirataonline.com.br\\\/wp-content\\\/uploads\\\/2026\\\/06\\\/logoubirataonline-1.webp\",\"contentUrl\":\"https:\\\/\\\/ubirataonline.com.br\\\/wp-content\\\/uploads\\\/2026\\\/06\\\/logoubirataonline-1.webp\",\"width\":500,\"height\":500,\"caption\":\"Ubirat\u00e3 Online Not\u00edcias\"}]}<\/script>\n<meta name=\"geo.placename\" content=\"UBIRATA\" \/>\n<meta name=\"geo.position\" content=\"-24.5361401;-52.9921776\" \/>\n<meta name=\"geo.region\" content=\"Brazil\" \/>\n<!-- \/ Yoast SEO Premium plugin. -->","yoast_head_json":{"title":"Obitu\u00e1rio Curitiba! Lista de falecimentos desta sexta-feira (12) - Ubirat\u00e3 Online Not\u00edcias - A realidade ao seu alcance!","description":"Obitu\u00e1rio Curitiba! Lista de falecimentos desta sexta-feira (12) AILTON MAGALHAES, 69 ano(s). Profiss\u00e3o: AUTONOMO. C\u00f4njuge: NATALIA CORREA MAGALHAES.","robots":{"index":"index","follow":"follow","max-snippet":"max-snippet:-1","max-image-preview":"max-image-preview:large","max-video-preview":"max-video-preview:-1"},"canonical":"https:\/\/ubirataonline.com.br\/en\/obituario-curitiba-lista-de-falecimentos-desta-sexta-feira-12\/","og_locale":"en_US","og_type":"article","og_title":"Obitu\u00e1rio Curitiba! Lista de falecimentos desta sexta-feira (12)","og_description":"Obitu\u00e1rio Curitiba! Lista de falecimentos desta sexta-feira (12) AILTON MAGALHAES, 69 ano(s). Profiss\u00e3o: AUTONOMO. C\u00f4njuge: NATALIA CORREA MAGALHAES.","og_url":"https:\/\/ubirataonline.com.br\/en\/obituario-curitiba-lista-de-falecimentos-desta-sexta-feira-12\/","og_site_name":"Ubirat\u00e3 Online Not\u00edcias - A realidade ao seu alcance!","article_publisher":"https:\/\/www.facebook.com\/portalubirataonline","article_author":"https:\/\/www.facebook.com\/portalubirataonline","article_published_time":"2025-09-12T11:45:18+00:00","og_image":[{"url":"https:\/\/www.tribunapr.com.br\/wp-content\/uploads\/2025\/09\/08183613\/Apresentacao-de-TCC-vintage-retro-com-blur-vermelho-e-roxo-2025-09-08T183517.087-370x210.jpg","type":"","width":"","height":""}],"author":"REDA\u00c7\u00c3O: UBIRAT\u00c3 ONLINE - F\u00c1BIO AUGUSTO CELESTINO","twitter_card":"summary_large_image","twitter_creator":"@x.com\/ubirataonline","twitter_site":"@ubirataonline","twitter_misc":{"Written by":"REDA\u00c7\u00c3O: UBIRAT\u00c3 ONLINE - F\u00c1BIO AUGUSTO CELESTINO","Est. reading time":"8 minutes"},"schema":{"@context":"https:\/\/schema.org","@graph":[{"@type":"NewsArticle","@id":"https:\/\/ubirataonline.com.br\/obituario-curitiba-lista-de-falecimentos-desta-sexta-feira-12\/#article","isPartOf":{"@id":"https:\/\/ubirataonline.com.br\/obituario-curitiba-lista-de-falecimentos-desta-sexta-feira-12\/"},"author":{"name":"REDA\u00c7\u00c3O: UBIRAT\u00c3 ONLINE - F\u00c1BIO AUGUSTO CELESTINO","@id":"https:\/\/ubirataonline.com.br\/#\/schema\/person\/372f87bbd3fdd79b8556b84c98d0bc1c"},"headline":"Obitu\u00e1rio Curitiba! Lista de falecimentos desta sexta-feira (12)","datePublished":"2025-09-12T11:45:18+00:00","mainEntityOfPage":{"@id":"https:\/\/ubirataonline.com.br\/obituario-curitiba-lista-de-falecimentos-desta-sexta-feira-12\/"},"wordCount":1665,"publisher":{"@id":"https:\/\/ubirataonline.com.br\/#organization"},"image":{"@id":"https:\/\/ubirataonline.com.br\/obituario-curitiba-lista-de-falecimentos-desta-sexta-feira-12\/#primaryimage"},"thumbnailUrl":"https:\/\/ubirataonline.com.br\/wp-content\/uploads\/2025\/09\/falecimentos-1.jpg","articleSection":["Ubirat\u00e3"],"inLanguage":"en-US","copyrightYear":"2025","copyrightHolder":{"@id":"https:\/\/ubirataonline.com.br\/en\/#organization"}},{"@type":"WebPage","@id":"https:\/\/ubirataonline.com.br\/obituario-curitiba-lista-de-falecimentos-desta-sexta-feira-12\/","url":"https:\/\/ubirataonline.com.br\/obituario-curitiba-lista-de-falecimentos-desta-sexta-feira-12\/","name":"Obitu\u00e1rio Curitiba! Lista de falecimentos desta sexta-feira (12) - Ubirat\u00e3 Online Not\u00edcias - A realidade ao seu alcance!","isPartOf":{"@id":"https:\/\/ubirataonline.com.br\/#website"},"primaryImageOfPage":{"@id":"https:\/\/ubirataonline.com.br\/obituario-curitiba-lista-de-falecimentos-desta-sexta-feira-12\/#primaryimage"},"image":{"@id":"https:\/\/ubirataonline.com.br\/obituario-curitiba-lista-de-falecimentos-desta-sexta-feira-12\/#primaryimage"},"thumbnailUrl":"https:\/\/ubirataonline.com.br\/wp-content\/uploads\/2025\/09\/falecimentos-1.jpg","datePublished":"2025-09-12T11:45:18+00:00","description":"Obitu\u00e1rio Curitiba! Lista de falecimentos desta sexta-feira (12) AILTON MAGALHAES, 69 ano(s). Profiss\u00e3o: AUTONOMO. C\u00f4njuge: NATALIA CORREA MAGALHAES.","breadcrumb":{"@id":"https:\/\/ubirataonline.com.br\/obituario-curitiba-lista-de-falecimentos-desta-sexta-feira-12\/#breadcrumb"},"inLanguage":"en-US","potentialAction":[{"@type":"ReadAction","target":["https:\/\/ubirataonline.com.br\/obituario-curitiba-lista-de-falecimentos-desta-sexta-feira-12\/"]}]},{"@type":"ImageObject","inLanguage":"en-US","@id":"https:\/\/ubirataonline.com.br\/obituario-curitiba-lista-de-falecimentos-desta-sexta-feira-12\/#primaryimage","url":"https:\/\/ubirataonline.com.br\/wp-content\/uploads\/2025\/09\/falecimentos-1.jpg","contentUrl":"https:\/\/ubirataonline.com.br\/wp-content\/uploads\/2025\/09\/falecimentos-1.jpg","width":1200,"height":800},{"@type":"BreadcrumbList","@id":"https:\/\/ubirataonline.com.br\/obituario-curitiba-lista-de-falecimentos-desta-sexta-feira-12\/#breadcrumb","itemListElement":[{"@type":"ListItem","position":1,"name":"In\u00edcio","item":"https:\/\/ubirataonline.com.br\/"},{"@type":"ListItem","position":2,"name":"Obitu\u00e1rio Curitiba! Lista de falecimentos desta sexta-feira (12)"}]},{"@type":"WebSite","@id":"https:\/\/ubirataonline.com.br\/#website","url":"https:\/\/ubirataonline.com.br\/","name":"Ubirat\u00e3 Online Not\u00edcias","description":"Not\u00edcias de Ubirat\u00e3, regi\u00e3o, Brasil e mundo, com informa\u00e7\u00e3o atualizada e compromisso com o leitor.","publisher":{"@id":"https:\/\/ubirataonline.com.br\/#organization"},"alternateName":"Ubirat\u00e3 Online","potentialAction":[{"@type":"SearchAction","target":{"@type":"EntryPoint","urlTemplate":"https:\/\/ubirataonline.com.br\/?s={search_term_string}"},"query-input":{"@type":"PropertyValueSpecification","valueRequired":true,"valueName":"search_term_string"}}],"inLanguage":"en-US"},{"@type":["Organization","Place"],"@id":"https:\/\/ubirataonline.com.br\/#organization","name":"Ubirat\u00e3 Online Not\u00edcias","alternateName":"Ubirat\u00e3 Online","url":"https:\/\/ubirataonline.com.br\/","logo":{"@id":"https:\/\/ubirataonline.com.br\/obituario-curitiba-lista-de-falecimentos-desta-sexta-feira-12\/#local-main-organization-logo"},"image":{"@id":"https:\/\/ubirataonline.com.br\/obituario-curitiba-lista-de-falecimentos-desta-sexta-feira-12\/#local-main-organization-logo"},"sameAs":["https:\/\/www.facebook.com\/portalubirataonline","https:\/\/x.com\/ubirataonline","https:\/\/mastodon.social\/@ubirataonline","https:\/\/www.facebook.com\/groups\/311144672285604","https:\/\/www.facebook.com\/UBTAOnline","https:\/\/www.instagram.com\/portalubirataonline\/","https:\/\/twitter.com\/ubirataonline"],"description":"Somos um portal de not\u00edcias independente, criado em 5 de janeiro de 2009, com o objetivo de informar, conectar e valorizar a nossa comunidade de Ubirat\u00e3 e toda aregi\u00e3o. Com conte\u00fado atualizado, confi\u00e1vel e relevante, o Ubirat\u00e3 Online \u00e9 o seu espa\u00e7o para ficar por dentro dos principais acontecimentos locais, regionais, Brasil, Mundo e de interesse geral. Nosso compromisso \u00e9 com a verdade, a transpar\u00eancia e o respeito ao leitor.","legalName":"UBIRATA ONLINE NOT\u00cdCIAS","foundingDate":"2009-01-05","numberOfEmployees":{"@type":"QuantitativeValue","minValue":"1","maxValue":"10"},"publishingPrinciples":"https:\/\/ubirataonline.com.br\/faq\/","address":{"@id":"https:\/\/ubirataonline.com.br\/obituario-curitiba-lista-de-falecimentos-desta-sexta-feira-12\/#local-main-place-address"},"geo":{"@type":"GeoCoordinates","latitude":"-24.5361401","longitude":"-52.9921776"},"telephone":["+5544998308235"],"contactPoint":{"@type":"ContactPoint","email":"contato@ubirataonline.com.br"},"openingHoursSpecification":{"@type":"OpeningHoursSpecification","dayOfWeek":["Monday","Tuesday","Wednesday","Thursday","Friday","Saturday","Sunday"],"opens":"00:00","closes":"23:59"},"email":"contato@ubirataonline.com.br","vatID":"47.621.418\/0001-80"},{"@type":"Person","@id":"https:\/\/ubirataonline.com.br\/#\/schema\/person\/372f87bbd3fdd79b8556b84c98d0bc1c","name":"REDA\u00c7\u00c3O: UBIRAT\u00c3 ONLINE - F\u00c1BIO AUGUSTO CELESTINO","pronouns":"Ele","description":"Desde 2003 trabalhando com not\u00edcias.","sameAs":["http:\/\/ubirataoline.com.br","https:\/\/www.facebook.com\/portalubirataonline","https:\/\/www.instagram.com\/ubirataonline_oficial","https:\/\/x.com\/x.com\/ubirataonline"],"honorificPrefix":"Mr.","honorificSuffix":"MD","birthDate":"1980-06-16","gender":"masculino","award":["V\u00e1rios pr\u00eamios de melhor portal da cidade"],"jobTitle":"Diretor","url":"https:\/\/ubirataonline.com.br\/en\/author\/ubirataonline\/"},{"@type":"PostalAddress","@id":"https:\/\/ubirataonline.com.br\/obituario-curitiba-lista-de-falecimentos-desta-sexta-feira-12\/#local-main-place-address","streetAddress":"Rua dos Coqueiros, 104 - Bairro Boa Vista, Rua dos Coqueiros, 104 Bairro Boa Vista","addressLocality":"UBIRATA","postalCode":"85440-000","addressRegion":"PR","addressCountry":"BR"},{"@type":"ImageObject","inLanguage":"en-US","@id":"https:\/\/ubirataonline.com.br\/obituario-curitiba-lista-de-falecimentos-desta-sexta-feira-12\/#local-main-organization-logo","url":"https:\/\/ubirataonline.com.br\/wp-content\/uploads\/2026\/06\/logoubirataonline-1.webp","contentUrl":"https:\/\/ubirataonline.com.br\/wp-content\/uploads\/2026\/06\/logoubirataonline-1.webp","width":500,"height":500,"caption":"Ubirat\u00e3 Online Not\u00edcias"}]},"geo.placename":"UBIRATA","geo.position":{"lat":"-24.5361401","long":"-52.9921776"},"geo.region":"Brazil"},"_links":{"self":[{"href":"https:\/\/ubirataonline.com.br\/en\/wp-json\/wp\/v2\/posts\/68102","targetHints":{"allow":["GET"]}}],"collection":[{"href":"https:\/\/ubirataonline.com.br\/en\/wp-json\/wp\/v2\/posts"}],"about":[{"href":"https:\/\/ubirataonline.com.br\/en\/wp-json\/wp\/v2\/types\/post"}],"author":[{"embeddable":true,"href":"https:\/\/ubirataonline.com.br\/en\/wp-json\/wp\/v2\/users\/1"}],"replies":[{"embeddable":true,"href":"https:\/\/ubirataonline.com.br\/en\/wp-json\/wp\/v2\/comments?post=68102"}],"version-history":[{"count":0,"href":"https:\/\/ubirataonline.com.br\/en\/wp-json\/wp\/v2\/posts\/68102\/revisions"}],"wp:featuredmedia":[{"embeddable":true,"href":"https:\/\/ubirataonline.com.br\/en\/wp-json\/wp\/v2\/media\/68103"}],"wp:attachment":[{"href":"https:\/\/ubirataonline.com.br\/en\/wp-json\/wp\/v2\/media?parent=68102"}],"wp:term":[{"taxonomy":"category","embeddable":true,"href":"https:\/\/ubirataonline.com.br\/en\/wp-json\/wp\/v2\/categories?post=68102"},{"taxonomy":"post_tag","embeddable":true,"href":"https:\/\/ubirataonline.com.br\/en\/wp-json\/wp\/v2\/tags?post=68102"}],"curies":[{"name":"wp","href":"https:\/\/api.w.org\/{rel}","templated":true}]}}