{"id":68107,"date":"2025-09-12T09:41:18","date_gmt":"2025-09-12T12:41:18","guid":{"rendered":"https:\/\/ubirataonline.com.br\/influenciadora-grampola-e-assassinada-a-facadas-no-residencial-ribeira\/"},"modified":"2025-09-12T09:41:18","modified_gmt":"2025-09-12T12:41:18","slug":"influenciadora-grampola-e-assassinada-a-facadas-no-residencial-ribeira","status":"publish","type":"post","link":"https:\/\/ubirataonline.com.br\/en\/influenciadora-grampola-e-assassinada-a-facadas-no-residencial-ribeira\/","title":{"rendered":"Influenciadora Grampola \u00e9 assassinada a facadas no Residencial Ribeira"},"content":{"rendered":"<p><\/p>\n<div>\n<figure class=\"wp-block-image aligncenter size-large\"><picture><source srcset=\"https:\/\/www.blogsoestado.com\/danielmatos\/wp-content\/webp-express\/webp-images\/uploads\/sites\/2\/2025\/09\/1003630160-801x1024.png.webp 801w, https:\/\/www.blogsoestado.com\/danielmatos\/wp-content\/webp-express\/webp-images\/uploads\/sites\/2\/2025\/09\/1003630160-235x300.png.webp 235w, https:\/\/www.blogsoestado.com\/danielmatos\/wp-content\/webp-express\/webp-images\/uploads\/sites\/2\/2025\/09\/1003630160-768x982.png.webp 768w, https:\/\/www.blogsoestado.com\/danielmatos\/wp-content\/webp-express\/webp-images\/uploads\/sites\/2\/2025\/09\/1003630160.png.webp 1080w\" sizes=\"(max-width: 801px) 100vw, 801px\" type=\"image\/webp\"><img loading=\"lazy\" decoding=\"async\" width=\"801\" height=\"1024\" src=\"https:\/\/www.blogsoestado.com\/danielmatos\/wp-content\/uploads\/sites\/2\/2025\/09\/1003630160-801x1024.png\" alt=\"\" class=\"wp-image-148333 webpexpress-processed\" srcset=\"https:\/\/www.blogsoestado.com\/danielmatos\/wp-content\/uploads\/sites\/2\/2025\/09\/1003630160-801x1024.png 801w, https:\/\/www.blogsoestado.com\/danielmatos\/wp-content\/uploads\/sites\/2\/2025\/09\/1003630160-235x300.png 235w, https:\/\/www.blogsoestado.com\/danielmatos\/wp-content\/uploads\/sites\/2\/2025\/09\/1003630160-768x982.png 768w, https:\/\/www.blogsoestado.com\/danielmatos\/wp-content\/uploads\/sites\/2\/2025\/09\/1003630160.png 1080w\" sizes=\"auto, (max-width: 801px) 100vw, 801px\"\/><\/source><\/picture><figcaption class=\"wp-element-caption\">A influenciadora digital Grampola foi assassinada a golpes de faca; autoria ainda \u00e9 desconhecida <\/figcaption><\/figure>\n<p>A influenciadora digital conhecida popularmente como Grampola, de 41 anos, famosa por gravar \u00e1udios e v\u00eddeos com falas bem-humoradas e jocosas, amplamente disseminadas em aplicativos de mensagens, foi assassinada a golpes de faca por desconhecidos, na madrugada desta sexta-feira (12), no Residencial Ribeira, na zona rural de S\u00e3o Lu\u00eds.<\/p>\n<p>Segundo vers\u00e3o divulgada na imprensa, Grampola foi encontrada cambaleando por uma rua do Residencial Ribeira, gravemente ferida e ensanguentada, pedindo desesperadamente por socorro. Ela foi encaminhada por populares \u00e0 Unidade de Pronto Atendimento (UPA) da zona rural, mas n\u00e3o resistiu \u00e0s les\u00f5es.<\/p>\n<p>Oriunda do bairro Liberdade, Grampola era bastante querida em sua comunidade e tornou-se conhecida em todo o Maranh\u00e3o pelos \u00e1udios e v\u00eddeos divertidos que gravava e transmitia. Ela mantinha uma conta no Instagram <a href=\"http:\/\/@grampolaoficial\">(@grampolaoficial<\/a>) com mais de 41 mil seguidores.<\/p>\n<p>H\u00e1 alguns anos, mudou-se para o Residencial Ribeira, onde morava s\u00f3 e, segundo comenta-se, entregue ao mundo das drogas.<\/p>\n<p>A Pol\u00edcia Civil vai abrir investiga\u00e7\u00e3o, a fim de identificar a autoria do crime, que causou forte como\u00e7\u00e3o p\u00fablica.<\/p>\n<\/p><\/div>\n<p><a href=\"https:\/\/www.blogsoestado.com\/danielmatos\/influenciadora-grampola-e-assassinada-a-facadas-no-residencial-ribeira\/\">Source link <\/a><\/p>","protected":false},"excerpt":{"rendered":"<p>A influenciadora digital Grampola foi assassinada a golpes de faca; autoria ainda \u00e9 desconhecida A influenciadora digital conhecida popularmente como Grampola, de 41 anos, famosa por gravar \u00e1udios e v\u00eddeos com falas bem-humoradas e jocosas, amplamente disseminadas em aplicativos de mensagens, foi assassinada a golpes de faca por desconhecidos, na madrugada desta sexta-feira (12), no [&hellip;]<\/p>\n","protected":false},"author":1,"featured_media":68108,"comment_status":"","ping_status":"","sticky":false,"template":"","format":"standard","meta":{"googlesitekit_rrm_CAow2JLhCw:productID":"","_gspb_post_css":"","maa_idioma":"","maa_pais":"","footnotes":""},"categories":[4],"tags":[],"class_list":["post-68107","post","type-post","status-publish","format-standard","has-post-thumbnail","hentry","category-brasil"],"blocksy_meta":[],"yoast_head":"<!-- This site is optimized with the Yoast SEO Premium plugin v27.6 (Yoast SEO v27.6) - https:\/\/yoast.com\/product\/yoast-seo-premium-wordpress\/ -->\n<title>Influenciadora Grampola \u00e9 assassinada a facadas no Residencial Ribeira - Ubirat\u00e3 Online Not\u00edcias - A realidade ao seu alcance!<\/title>\n<meta name=\"description\" content=\"A influenciadora digital Grampola foi assassinada a golpes de faca; autoria ainda \u00e9 desconhecida A influenciadora digital conhecida popularmente como\" \/>\n<meta name=\"robots\" content=\"index, follow, max-snippet:-1, max-image-preview:large, max-video-preview:-1\" \/>\n<link rel=\"canonical\" href=\"https:\/\/ubirataonline.com.br\/en\/influenciadora-grampola-e-assassinada-a-facadas-no-residencial-ribeira\/\" \/>\n<meta property=\"og:locale\" content=\"en_US\" \/>\n<meta property=\"og:type\" content=\"article\" \/>\n<meta property=\"og:title\" content=\"Influenciadora Grampola \u00e9 assassinada a facadas no Residencial Ribeira\" \/>\n<meta property=\"og:description\" content=\"A influenciadora digital Grampola foi assassinada a golpes de faca; autoria ainda \u00e9 desconhecida A influenciadora digital conhecida popularmente como\" \/>\n<meta property=\"og:url\" content=\"https:\/\/ubirataonline.com.br\/en\/influenciadora-grampola-e-assassinada-a-facadas-no-residencial-ribeira\/\" \/>\n<meta property=\"og:site_name\" content=\"Ubirat\u00e3 Online Not\u00edcias - A realidade ao seu alcance!\" \/>\n<meta property=\"article:publisher\" content=\"https:\/\/www.facebook.com\/portalubirataonline\" \/>\n<meta property=\"article:author\" content=\"https:\/\/www.facebook.com\/portalubirataonline\" \/>\n<meta property=\"article:published_time\" content=\"2025-09-12T12:41:18+00:00\" \/>\n<meta property=\"og:image\" content=\"https:\/\/ubirataonline.com.br\/wp-content\/uploads\/2026\/06\/Bolivia-caem-bloqueios-apos-estado-de-excecao-e-acordo-com.jpeg\" \/>\n\t<meta property=\"og:image:width\" content=\"1799\" \/>\n\t<meta property=\"og:image:height\" content=\"899\" \/>\n\t<meta property=\"og:image:type\" content=\"image\/jpeg\" \/>\n<meta name=\"author\" content=\"REDA\u00c7\u00c3O: UBIRAT\u00c3 ONLINE - F\u00c1BIO AUGUSTO CELESTINO\" \/>\n<meta name=\"twitter:card\" content=\"summary_large_image\" \/>\n<meta name=\"twitter:creator\" content=\"@x.com\/ubirataonline\" \/>\n<meta name=\"twitter:site\" content=\"@ubirataonline\" \/>\n<meta name=\"twitter:label1\" content=\"Written by\" \/>\n\t<meta name=\"twitter:data1\" content=\"REDA\u00c7\u00c3O: UBIRAT\u00c3 ONLINE - F\u00c1BIO AUGUSTO CELESTINO\" \/>\n\t<meta name=\"twitter:label2\" content=\"Est. reading time\" \/>\n\t<meta name=\"twitter:data2\" content=\"1 minute\" \/>\n<script type=\"application\/ld+json\" class=\"yoast-schema-graph\">{\"@context\":\"https:\\\/\\\/schema.org\",\"@graph\":[{\"@type\":\"NewsArticle\",\"@id\":\"https:\\\/\\\/ubirataonline.com.br\\\/influenciadora-grampola-e-assassinada-a-facadas-no-residencial-ribeira\\\/#article\",\"isPartOf\":{\"@id\":\"https:\\\/\\\/ubirataonline.com.br\\\/influenciadora-grampola-e-assassinada-a-facadas-no-residencial-ribeira\\\/\"},\"author\":{\"name\":\"REDA\u00c7\u00c3O: UBIRAT\u00c3 ONLINE - F\u00c1BIO AUGUSTO CELESTINO\",\"@id\":\"https:\\\/\\\/ubirataonline.com.br\\\/#\\\/schema\\\/person\\\/372f87bbd3fdd79b8556b84c98d0bc1c\"},\"headline\":\"Influenciadora Grampola \u00e9 assassinada a facadas no Residencial Ribeira\",\"datePublished\":\"2025-09-12T12:41:18+00:00\",\"mainEntityOfPage\":{\"@id\":\"https:\\\/\\\/ubirataonline.com.br\\\/influenciadora-grampola-e-assassinada-a-facadas-no-residencial-ribeira\\\/\"},\"wordCount\":200,\"publisher\":{\"@id\":\"https:\\\/\\\/ubirataonline.com.br\\\/#organization\"},\"image\":{\"@id\":\"https:\\\/\\\/ubirataonline.com.br\\\/influenciadora-grampola-e-assassinada-a-facadas-no-residencial-ribeira\\\/#primaryimage\"},\"thumbnailUrl\":\"https:\\\/\\\/ubirataonline.com.br\\\/wp-content\\\/uploads\\\/2025\\\/09\\\/1003630160.png\",\"articleSection\":[\"Brasil\"],\"inLanguage\":\"en-US\",\"copyrightYear\":\"2025\",\"copyrightHolder\":{\"@id\":\"https:\\\/\\\/ubirataonline.com.br\\\/en\\\/#organization\"}},{\"@type\":\"WebPage\",\"@id\":\"https:\\\/\\\/ubirataonline.com.br\\\/influenciadora-grampola-e-assassinada-a-facadas-no-residencial-ribeira\\\/\",\"url\":\"https:\\\/\\\/ubirataonline.com.br\\\/influenciadora-grampola-e-assassinada-a-facadas-no-residencial-ribeira\\\/\",\"name\":\"Influenciadora Grampola \u00e9 assassinada a facadas no Residencial Ribeira - Ubirat\u00e3 Online Not\u00edcias - A realidade ao seu alcance!\",\"isPartOf\":{\"@id\":\"https:\\\/\\\/ubirataonline.com.br\\\/#website\"},\"primaryImageOfPage\":{\"@id\":\"https:\\\/\\\/ubirataonline.com.br\\\/influenciadora-grampola-e-assassinada-a-facadas-no-residencial-ribeira\\\/#primaryimage\"},\"image\":{\"@id\":\"https:\\\/\\\/ubirataonline.com.br\\\/influenciadora-grampola-e-assassinada-a-facadas-no-residencial-ribeira\\\/#primaryimage\"},\"thumbnailUrl\":\"https:\\\/\\\/ubirataonline.com.br\\\/wp-content\\\/uploads\\\/2025\\\/09\\\/1003630160.png\",\"datePublished\":\"2025-09-12T12:41:18+00:00\",\"description\":\"A influenciadora digital Grampola foi assassinada a golpes de faca; autoria ainda \u00e9 desconhecida A influenciadora digital conhecida popularmente como\",\"breadcrumb\":{\"@id\":\"https:\\\/\\\/ubirataonline.com.br\\\/influenciadora-grampola-e-assassinada-a-facadas-no-residencial-ribeira\\\/#breadcrumb\"},\"inLanguage\":\"en-US\",\"potentialAction\":[{\"@type\":\"ReadAction\",\"target\":[\"https:\\\/\\\/ubirataonline.com.br\\\/influenciadora-grampola-e-assassinada-a-facadas-no-residencial-ribeira\\\/\"]}]},{\"@type\":\"ImageObject\",\"inLanguage\":\"en-US\",\"@id\":\"https:\\\/\\\/ubirataonline.com.br\\\/influenciadora-grampola-e-assassinada-a-facadas-no-residencial-ribeira\\\/#primaryimage\",\"url\":\"https:\\\/\\\/ubirataonline.com.br\\\/wp-content\\\/uploads\\\/2025\\\/09\\\/1003630160.png\",\"contentUrl\":\"https:\\\/\\\/ubirataonline.com.br\\\/wp-content\\\/uploads\\\/2025\\\/09\\\/1003630160.png\",\"width\":1080,\"height\":1381},{\"@type\":\"BreadcrumbList\",\"@id\":\"https:\\\/\\\/ubirataonline.com.br\\\/influenciadora-grampola-e-assassinada-a-facadas-no-residencial-ribeira\\\/#breadcrumb\",\"itemListElement\":[{\"@type\":\"ListItem\",\"position\":1,\"name\":\"In\u00edcio\",\"item\":\"https:\\\/\\\/ubirataonline.com.br\\\/\"},{\"@type\":\"ListItem\",\"position\":2,\"name\":\"Influenciadora Grampola \u00e9 assassinada a facadas no Residencial Ribeira\"}]},{\"@type\":\"WebSite\",\"@id\":\"https:\\\/\\\/ubirataonline.com.br\\\/#website\",\"url\":\"https:\\\/\\\/ubirataonline.com.br\\\/\",\"name\":\"Ubirat\u00e3 Online Not\u00edcias\",\"description\":\"Not\u00edcias de Ubirat\u00e3, regi\u00e3o, Brasil e mundo, com informa\u00e7\u00e3o atualizada e compromisso com o leitor.\",\"publisher\":{\"@id\":\"https:\\\/\\\/ubirataonline.com.br\\\/#organization\"},\"alternateName\":\"Ubirat\u00e3 Online\",\"potentialAction\":[{\"@type\":\"SearchAction\",\"target\":{\"@type\":\"EntryPoint\",\"urlTemplate\":\"https:\\\/\\\/ubirataonline.com.br\\\/?s={search_term_string}\"},\"query-input\":{\"@type\":\"PropertyValueSpecification\",\"valueRequired\":true,\"valueName\":\"search_term_string\"}}],\"inLanguage\":\"en-US\"},{\"@type\":[\"Organization\",\"Place\"],\"@id\":\"https:\\\/\\\/ubirataonline.com.br\\\/#organization\",\"name\":\"Ubirat\u00e3 Online Not\u00edcias\",\"alternateName\":\"Ubirat\u00e3 Online\",\"url\":\"https:\\\/\\\/ubirataonline.com.br\\\/\",\"logo\":{\"@id\":\"https:\\\/\\\/ubirataonline.com.br\\\/influenciadora-grampola-e-assassinada-a-facadas-no-residencial-ribeira\\\/#local-main-organization-logo\"},\"image\":{\"@id\":\"https:\\\/\\\/ubirataonline.com.br\\\/influenciadora-grampola-e-assassinada-a-facadas-no-residencial-ribeira\\\/#local-main-organization-logo\"},\"sameAs\":[\"https:\\\/\\\/www.facebook.com\\\/portalubirataonline\",\"https:\\\/\\\/x.com\\\/ubirataonline\",\"https:\\\/\\\/mastodon.social\\\/@ubirataonline\",\"https:\\\/\\\/www.facebook.com\\\/groups\\\/311144672285604\",\"https:\\\/\\\/www.facebook.com\\\/UBTAOnline\",\"https:\\\/\\\/www.instagram.com\\\/portalubirataonline\\\/\",\"https:\\\/\\\/twitter.com\\\/ubirataonline\"],\"description\":\"Somos um portal de not\u00edcias independente, criado em 5 de janeiro de 2009, com o objetivo de informar, conectar e valorizar a nossa comunidade de Ubirat\u00e3 e toda aregi\u00e3o. Com conte\u00fado atualizado, confi\u00e1vel e relevante, o Ubirat\u00e3 Online \u00e9 o seu espa\u00e7o para ficar por dentro dos principais acontecimentos locais, regionais, Brasil, Mundo e de interesse geral. Nosso compromisso \u00e9 com a verdade, a transpar\u00eancia e o respeito ao leitor.\",\"legalName\":\"UBIRATA ONLINE NOT\u00cdCIAS\",\"foundingDate\":\"2009-01-05\",\"numberOfEmployees\":{\"@type\":\"QuantitativeValue\",\"minValue\":\"1\",\"maxValue\":\"10\"},\"publishingPrinciples\":\"https:\\\/\\\/ubirataonline.com.br\\\/faq\\\/\",\"address\":{\"@id\":\"https:\\\/\\\/ubirataonline.com.br\\\/influenciadora-grampola-e-assassinada-a-facadas-no-residencial-ribeira\\\/#local-main-place-address\"},\"geo\":{\"@type\":\"GeoCoordinates\",\"latitude\":\"-24.5361401\",\"longitude\":\"-52.9921776\"},\"telephone\":[\"+5544998308235\"],\"contactPoint\":{\"@type\":\"ContactPoint\",\"email\":\"contato@ubirataonline.com.br\"},\"openingHoursSpecification\":{\"@type\":\"OpeningHoursSpecification\",\"dayOfWeek\":[\"Monday\",\"Tuesday\",\"Wednesday\",\"Thursday\",\"Friday\",\"Saturday\",\"Sunday\"],\"opens\":\"00:00\",\"closes\":\"23:59\"},\"email\":\"contato@ubirataonline.com.br\",\"vatID\":\"47.621.418\\\/0001-80\"},{\"@type\":\"Person\",\"@id\":\"https:\\\/\\\/ubirataonline.com.br\\\/#\\\/schema\\\/person\\\/372f87bbd3fdd79b8556b84c98d0bc1c\",\"name\":\"REDA\u00c7\u00c3O: UBIRAT\u00c3 ONLINE - F\u00c1BIO AUGUSTO CELESTINO\",\"pronouns\":\"Ele\",\"description\":\"Desde 2003 trabalhando com not\u00edcias.\",\"sameAs\":[\"http:\\\/\\\/ubirataoline.com.br\",\"https:\\\/\\\/www.facebook.com\\\/portalubirataonline\",\"https:\\\/\\\/www.instagram.com\\\/ubirataonline_oficial\",\"https:\\\/\\\/x.com\\\/x.com\\\/ubirataonline\"],\"honorificPrefix\":\"Mr.\",\"honorificSuffix\":\"MD\",\"birthDate\":\"1980-06-16\",\"gender\":\"masculino\",\"award\":[\"V\u00e1rios pr\u00eamios de melhor portal da cidade\"],\"jobTitle\":\"Diretor\",\"url\":\"https:\\\/\\\/ubirataonline.com.br\\\/en\\\/author\\\/ubirataonline\\\/\"},{\"@type\":\"PostalAddress\",\"@id\":\"https:\\\/\\\/ubirataonline.com.br\\\/influenciadora-grampola-e-assassinada-a-facadas-no-residencial-ribeira\\\/#local-main-place-address\",\"streetAddress\":\"Rua dos Coqueiros, 104 - Bairro Boa Vista, Rua dos Coqueiros, 104 Bairro Boa Vista\",\"addressLocality\":\"UBIRATA\",\"postalCode\":\"85440-000\",\"addressRegion\":\"PR\",\"addressCountry\":\"BR\"},{\"@type\":\"ImageObject\",\"inLanguage\":\"en-US\",\"@id\":\"https:\\\/\\\/ubirataonline.com.br\\\/influenciadora-grampola-e-assassinada-a-facadas-no-residencial-ribeira\\\/#local-main-organization-logo\",\"url\":\"https:\\\/\\\/ubirataonline.com.br\\\/wp-content\\\/uploads\\\/2026\\\/06\\\/logoubirataonline-1.webp\",\"contentUrl\":\"https:\\\/\\\/ubirataonline.com.br\\\/wp-content\\\/uploads\\\/2026\\\/06\\\/logoubirataonline-1.webp\",\"width\":500,\"height\":500,\"caption\":\"Ubirat\u00e3 Online Not\u00edcias\"}]}<\/script>\n<meta name=\"geo.placename\" content=\"UBIRATA\" \/>\n<meta name=\"geo.position\" content=\"-24.5361401;-52.9921776\" \/>\n<meta name=\"geo.region\" content=\"Brazil\" \/>\n<!-- \/ Yoast SEO Premium plugin. -->","yoast_head_json":{"title":"Influenciadora Grampola \u00e9 assassinada a facadas no Residencial Ribeira - Ubirat\u00e3 Online Not\u00edcias - A realidade ao seu alcance!","description":"A influenciadora digital Grampola foi assassinada a golpes de faca; autoria ainda \u00e9 desconhecida A influenciadora digital conhecida popularmente como","robots":{"index":"index","follow":"follow","max-snippet":"max-snippet:-1","max-image-preview":"max-image-preview:large","max-video-preview":"max-video-preview:-1"},"canonical":"https:\/\/ubirataonline.com.br\/en\/influenciadora-grampola-e-assassinada-a-facadas-no-residencial-ribeira\/","og_locale":"en_US","og_type":"article","og_title":"Influenciadora Grampola \u00e9 assassinada a facadas no Residencial Ribeira","og_description":"A influenciadora digital Grampola foi assassinada a golpes de faca; autoria ainda \u00e9 desconhecida A influenciadora digital conhecida popularmente como","og_url":"https:\/\/ubirataonline.com.br\/en\/influenciadora-grampola-e-assassinada-a-facadas-no-residencial-ribeira\/","og_site_name":"Ubirat\u00e3 Online Not\u00edcias - A realidade ao seu alcance!","article_publisher":"https:\/\/www.facebook.com\/portalubirataonline","article_author":"https:\/\/www.facebook.com\/portalubirataonline","article_published_time":"2025-09-12T12:41:18+00:00","og_image":[{"width":1799,"height":899,"url":"https:\/\/ubirataonline.com.br\/wp-content\/uploads\/2026\/06\/Bolivia-caem-bloqueios-apos-estado-de-excecao-e-acordo-com.jpeg","type":"image\/jpeg"}],"author":"REDA\u00c7\u00c3O: UBIRAT\u00c3 ONLINE - F\u00c1BIO AUGUSTO CELESTINO","twitter_card":"summary_large_image","twitter_creator":"@x.com\/ubirataonline","twitter_site":"@ubirataonline","twitter_misc":{"Written by":"REDA\u00c7\u00c3O: UBIRAT\u00c3 ONLINE - F\u00c1BIO AUGUSTO CELESTINO","Est. reading time":"1 minute"},"schema":{"@context":"https:\/\/schema.org","@graph":[{"@type":"NewsArticle","@id":"https:\/\/ubirataonline.com.br\/influenciadora-grampola-e-assassinada-a-facadas-no-residencial-ribeira\/#article","isPartOf":{"@id":"https:\/\/ubirataonline.com.br\/influenciadora-grampola-e-assassinada-a-facadas-no-residencial-ribeira\/"},"author":{"name":"REDA\u00c7\u00c3O: UBIRAT\u00c3 ONLINE - F\u00c1BIO AUGUSTO CELESTINO","@id":"https:\/\/ubirataonline.com.br\/#\/schema\/person\/372f87bbd3fdd79b8556b84c98d0bc1c"},"headline":"Influenciadora Grampola \u00e9 assassinada a facadas no Residencial Ribeira","datePublished":"2025-09-12T12:41:18+00:00","mainEntityOfPage":{"@id":"https:\/\/ubirataonline.com.br\/influenciadora-grampola-e-assassinada-a-facadas-no-residencial-ribeira\/"},"wordCount":200,"publisher":{"@id":"https:\/\/ubirataonline.com.br\/#organization"},"image":{"@id":"https:\/\/ubirataonline.com.br\/influenciadora-grampola-e-assassinada-a-facadas-no-residencial-ribeira\/#primaryimage"},"thumbnailUrl":"https:\/\/ubirataonline.com.br\/wp-content\/uploads\/2025\/09\/1003630160.png","articleSection":["Brasil"],"inLanguage":"en-US","copyrightYear":"2025","copyrightHolder":{"@id":"https:\/\/ubirataonline.com.br\/en\/#organization"}},{"@type":"WebPage","@id":"https:\/\/ubirataonline.com.br\/influenciadora-grampola-e-assassinada-a-facadas-no-residencial-ribeira\/","url":"https:\/\/ubirataonline.com.br\/influenciadora-grampola-e-assassinada-a-facadas-no-residencial-ribeira\/","name":"Influenciadora Grampola \u00e9 assassinada a facadas no Residencial Ribeira - Ubirat\u00e3 Online Not\u00edcias - A realidade ao seu alcance!","isPartOf":{"@id":"https:\/\/ubirataonline.com.br\/#website"},"primaryImageOfPage":{"@id":"https:\/\/ubirataonline.com.br\/influenciadora-grampola-e-assassinada-a-facadas-no-residencial-ribeira\/#primaryimage"},"image":{"@id":"https:\/\/ubirataonline.com.br\/influenciadora-grampola-e-assassinada-a-facadas-no-residencial-ribeira\/#primaryimage"},"thumbnailUrl":"https:\/\/ubirataonline.com.br\/wp-content\/uploads\/2025\/09\/1003630160.png","datePublished":"2025-09-12T12:41:18+00:00","description":"A influenciadora digital Grampola foi assassinada a golpes de faca; autoria ainda \u00e9 desconhecida A influenciadora digital conhecida popularmente como","breadcrumb":{"@id":"https:\/\/ubirataonline.com.br\/influenciadora-grampola-e-assassinada-a-facadas-no-residencial-ribeira\/#breadcrumb"},"inLanguage":"en-US","potentialAction":[{"@type":"ReadAction","target":["https:\/\/ubirataonline.com.br\/influenciadora-grampola-e-assassinada-a-facadas-no-residencial-ribeira\/"]}]},{"@type":"ImageObject","inLanguage":"en-US","@id":"https:\/\/ubirataonline.com.br\/influenciadora-grampola-e-assassinada-a-facadas-no-residencial-ribeira\/#primaryimage","url":"https:\/\/ubirataonline.com.br\/wp-content\/uploads\/2025\/09\/1003630160.png","contentUrl":"https:\/\/ubirataonline.com.br\/wp-content\/uploads\/2025\/09\/1003630160.png","width":1080,"height":1381},{"@type":"BreadcrumbList","@id":"https:\/\/ubirataonline.com.br\/influenciadora-grampola-e-assassinada-a-facadas-no-residencial-ribeira\/#breadcrumb","itemListElement":[{"@type":"ListItem","position":1,"name":"In\u00edcio","item":"https:\/\/ubirataonline.com.br\/"},{"@type":"ListItem","position":2,"name":"Influenciadora Grampola \u00e9 assassinada a facadas no Residencial Ribeira"}]},{"@type":"WebSite","@id":"https:\/\/ubirataonline.com.br\/#website","url":"https:\/\/ubirataonline.com.br\/","name":"Ubirat\u00e3 Online Not\u00edcias","description":"Not\u00edcias de Ubirat\u00e3, regi\u00e3o, Brasil e mundo, com informa\u00e7\u00e3o atualizada e compromisso com o leitor.","publisher":{"@id":"https:\/\/ubirataonline.com.br\/#organization"},"alternateName":"Ubirat\u00e3 Online","potentialAction":[{"@type":"SearchAction","target":{"@type":"EntryPoint","urlTemplate":"https:\/\/ubirataonline.com.br\/?s={search_term_string}"},"query-input":{"@type":"PropertyValueSpecification","valueRequired":true,"valueName":"search_term_string"}}],"inLanguage":"en-US"},{"@type":["Organization","Place"],"@id":"https:\/\/ubirataonline.com.br\/#organization","name":"Ubirat\u00e3 Online Not\u00edcias","alternateName":"Ubirat\u00e3 Online","url":"https:\/\/ubirataonline.com.br\/","logo":{"@id":"https:\/\/ubirataonline.com.br\/influenciadora-grampola-e-assassinada-a-facadas-no-residencial-ribeira\/#local-main-organization-logo"},"image":{"@id":"https:\/\/ubirataonline.com.br\/influenciadora-grampola-e-assassinada-a-facadas-no-residencial-ribeira\/#local-main-organization-logo"},"sameAs":["https:\/\/www.facebook.com\/portalubirataonline","https:\/\/x.com\/ubirataonline","https:\/\/mastodon.social\/@ubirataonline","https:\/\/www.facebook.com\/groups\/311144672285604","https:\/\/www.facebook.com\/UBTAOnline","https:\/\/www.instagram.com\/portalubirataonline\/","https:\/\/twitter.com\/ubirataonline"],"description":"Somos um portal de not\u00edcias independente, criado em 5 de janeiro de 2009, com o objetivo de informar, conectar e valorizar a nossa comunidade de Ubirat\u00e3 e toda aregi\u00e3o. Com conte\u00fado atualizado, confi\u00e1vel e relevante, o Ubirat\u00e3 Online \u00e9 o seu espa\u00e7o para ficar por dentro dos principais acontecimentos locais, regionais, Brasil, Mundo e de interesse geral. Nosso compromisso \u00e9 com a verdade, a transpar\u00eancia e o respeito ao leitor.","legalName":"UBIRATA ONLINE NOT\u00cdCIAS","foundingDate":"2009-01-05","numberOfEmployees":{"@type":"QuantitativeValue","minValue":"1","maxValue":"10"},"publishingPrinciples":"https:\/\/ubirataonline.com.br\/faq\/","address":{"@id":"https:\/\/ubirataonline.com.br\/influenciadora-grampola-e-assassinada-a-facadas-no-residencial-ribeira\/#local-main-place-address"},"geo":{"@type":"GeoCoordinates","latitude":"-24.5361401","longitude":"-52.9921776"},"telephone":["+5544998308235"],"contactPoint":{"@type":"ContactPoint","email":"contato@ubirataonline.com.br"},"openingHoursSpecification":{"@type":"OpeningHoursSpecification","dayOfWeek":["Monday","Tuesday","Wednesday","Thursday","Friday","Saturday","Sunday"],"opens":"00:00","closes":"23:59"},"email":"contato@ubirataonline.com.br","vatID":"47.621.418\/0001-80"},{"@type":"Person","@id":"https:\/\/ubirataonline.com.br\/#\/schema\/person\/372f87bbd3fdd79b8556b84c98d0bc1c","name":"REDA\u00c7\u00c3O: UBIRAT\u00c3 ONLINE - F\u00c1BIO AUGUSTO CELESTINO","pronouns":"Ele","description":"Desde 2003 trabalhando com not\u00edcias.","sameAs":["http:\/\/ubirataoline.com.br","https:\/\/www.facebook.com\/portalubirataonline","https:\/\/www.instagram.com\/ubirataonline_oficial","https:\/\/x.com\/x.com\/ubirataonline"],"honorificPrefix":"Mr.","honorificSuffix":"MD","birthDate":"1980-06-16","gender":"masculino","award":["V\u00e1rios pr\u00eamios de melhor portal da cidade"],"jobTitle":"Diretor","url":"https:\/\/ubirataonline.com.br\/en\/author\/ubirataonline\/"},{"@type":"PostalAddress","@id":"https:\/\/ubirataonline.com.br\/influenciadora-grampola-e-assassinada-a-facadas-no-residencial-ribeira\/#local-main-place-address","streetAddress":"Rua dos Coqueiros, 104 - Bairro Boa Vista, Rua dos Coqueiros, 104 Bairro Boa Vista","addressLocality":"UBIRATA","postalCode":"85440-000","addressRegion":"PR","addressCountry":"BR"},{"@type":"ImageObject","inLanguage":"en-US","@id":"https:\/\/ubirataonline.com.br\/influenciadora-grampola-e-assassinada-a-facadas-no-residencial-ribeira\/#local-main-organization-logo","url":"https:\/\/ubirataonline.com.br\/wp-content\/uploads\/2026\/06\/logoubirataonline-1.webp","contentUrl":"https:\/\/ubirataonline.com.br\/wp-content\/uploads\/2026\/06\/logoubirataonline-1.webp","width":500,"height":500,"caption":"Ubirat\u00e3 Online Not\u00edcias"}]},"geo.placename":"UBIRATA","geo.position":{"lat":"-24.5361401","long":"-52.9921776"},"geo.region":"Brazil"},"_links":{"self":[{"href":"https:\/\/ubirataonline.com.br\/en\/wp-json\/wp\/v2\/posts\/68107","targetHints":{"allow":["GET"]}}],"collection":[{"href":"https:\/\/ubirataonline.com.br\/en\/wp-json\/wp\/v2\/posts"}],"about":[{"href":"https:\/\/ubirataonline.com.br\/en\/wp-json\/wp\/v2\/types\/post"}],"author":[{"embeddable":true,"href":"https:\/\/ubirataonline.com.br\/en\/wp-json\/wp\/v2\/users\/1"}],"replies":[{"embeddable":true,"href":"https:\/\/ubirataonline.com.br\/en\/wp-json\/wp\/v2\/comments?post=68107"}],"version-history":[{"count":0,"href":"https:\/\/ubirataonline.com.br\/en\/wp-json\/wp\/v2\/posts\/68107\/revisions"}],"wp:featuredmedia":[{"embeddable":true,"href":"https:\/\/ubirataonline.com.br\/en\/wp-json\/wp\/v2\/media\/68108"}],"wp:attachment":[{"href":"https:\/\/ubirataonline.com.br\/en\/wp-json\/wp\/v2\/media?parent=68107"}],"wp:term":[{"taxonomy":"category","embeddable":true,"href":"https:\/\/ubirataonline.com.br\/en\/wp-json\/wp\/v2\/categories?post=68107"},{"taxonomy":"post_tag","embeddable":true,"href":"https:\/\/ubirataonline.com.br\/en\/wp-json\/wp\/v2\/tags?post=68107"}],"curies":[{"name":"wp","href":"https:\/\/api.w.org\/{rel}","templated":true}]}}