{"id":68111,"date":"2025-09-12T09:46:07","date_gmt":"2025-09-12T12:46:07","guid":{"rendered":"https:\/\/ubirataonline.com.br\/afinal-equipamentos-de-mobilidade-podem-andar-no-meio-da-rua-ou-nao\/"},"modified":"2025-09-12T09:46:07","modified_gmt":"2025-09-12T12:46:07","slug":"afinal-equipamentos-de-mobilidade-podem-andar-no-meio-da-rua-ou-nao","status":"publish","type":"post","link":"https:\/\/ubirataonline.com.br\/en\/afinal-equipamentos-de-mobilidade-podem-andar-no-meio-da-rua-ou-nao\/","title":{"rendered":"Afinal, equipamentos de mobilidade podem andar no meio da rua ou n\u00e3o?"},"content":{"rendered":"<p><\/p>\n<div id=\"texto\">\n<p>Uma mulher de 34 anos sofreu ferimentos graves ap\u00f3s se envolver em um acidente de tr\u00e2nsito na manh\u00e3 desta quarta-feira (3), em Cascavel. A colis\u00e3o ocorreu no cruzamento da Avenida das Pombas com a Rua Amarela, na divisa entre os bairros Jardim Clarito e Jardim Bela Vista, no bairro Bras\u00edlia. O caso trouxe \u00e0 tona a preocupa\u00e7\u00e3o com a seguran\u00e7a no tr\u00e2nsito e o uso adequado de ciclomotores e equipamentos de mobilidade individual.<\/p>\n<p><a href=\"https:\/\/cgn.inf.br\/noticia\/1924563\/siate-e-acionado-para-atender-acidente-de-transito-no-bairro-brasilia-11\">Mulher sem capacete em ve\u00edculo el\u00e9trico sofre ferimentos graves ap\u00f3s acidente com Palio<\/a><\/p>\n<p>Para esclarecer as normas e alertar a popula\u00e7\u00e3o sobre os riscos de acidentes, a equipe da CGN consultou a Transitar, autarquia municipal respons\u00e1vel pelo tr\u00e2nsito em Cascavel. Luciane de Moura, coordenadora de educa\u00e7\u00e3o no tr\u00e2nsito da Transitar, explicou as diferen\u00e7as entre os equipamentos de mobilidade e detalhou as a\u00e7\u00f5es que v\u00eam sendo implementadas na cidade.<\/p>\n<h4 class=\"wp-block-heading\" id=\"h-diferencas-entre-os-equipamentos-de-mobilidade\">Diferen\u00e7as entre os equipamentos de mobilidade<\/h4>\n<p>Segundo Luciane, os ciclomotores s\u00e3o ve\u00edculos que exigem CNH (Carteira Nacional de Habilita\u00e7\u00e3o) e registro no DETRAN, sendo permitidos apenas para maiores de 18 anos.<\/p>\n<blockquote class=\"wp-block-quote\">\n<p>\u201cO ciclomotor se equivale a uma motocicleta, com algumas diferen\u00e7as, como o limite de velocidade de at\u00e9 50 km\/h. Deve transitar na via p\u00fablica, preferencialmente na faixa da direita\u201d<\/p>\n<p> <cite>Luciane de Moura<\/cite><\/p><\/blockquote>\n<p>As bicicletas el\u00e9tricas, por sua vez, n\u00e3o requerem habilita\u00e7\u00e3o nem idade m\u00ednima.<\/p>\n<blockquote class=\"wp-block-quote\">\n<p>\u201cElas t\u00eam propuls\u00e3o no pedal, mas tamb\u00e9m possuem acelera\u00e7\u00e3o. \u00c9 obrigat\u00f3rio o uso de capacete e o deslocamento deve ser feito em ciclovias e ciclofaixas\u201d<\/p>\n<p> <cite>Luciane de Moura<\/cite><\/p><\/blockquote>\n<p>J\u00e1 os equipamentos de mobilidade individual autopropelidos, como patinetes el\u00e9tricos, s\u00e3o regulados pela Resolu\u00e7\u00e3o 996, que limita a velocidade a 32 km\/h, comprimento m\u00e1ximo de 1,30 m e largura de 70 cm.<\/p>\n<blockquote class=\"wp-block-quote\">\n<p>\u201cN\u00e3o exigem habilita\u00e7\u00e3o. Hoje, a legisla\u00e7\u00e3o n\u00e3o obriga o uso de capacete, mas estamos adequando uma lei municipal para exigir esse equipamento de seguran\u00e7a. Eles devem transitar em ciclovias e ciclofaixas ou, na aus\u00eancia destas, pr\u00f3ximos \u00e0 \u00e1rea de estacionamento, imitando o comportamento de bicicletas\u201d<\/p>\n<p> <cite>Luciane de Moura<\/cite><\/p><\/blockquote>\n<h4 class=\"wp-block-heading\" id=\"h-fiscalizacao-e-aplicacao-de-multas\">Fiscaliza\u00e7\u00e3o e aplica\u00e7\u00e3o de multas<\/h4>\n<p>A fiscaliza\u00e7\u00e3o dos ciclomotores j\u00e1 \u00e9 realizada, com cobran\u00e7a de CNH, uso de capacete e respeito ao local de circula\u00e7\u00e3o. No entanto, o emplacamento obrigat\u00f3rio s\u00f3 ser\u00e1 exigido a partir de 1\u00ba de janeiro de 2026, conforme prazo estabelecido.<\/p>\n<blockquote class=\"wp-block-quote\">\n<p>\u201cQuanto aos autopropelidos, ainda n\u00e3o h\u00e1 fiscaliza\u00e7\u00e3o constante, pois depende da aprova\u00e7\u00e3o de uma lei municipal que est\u00e1 em tramita\u00e7\u00e3o na C\u00e2mara de Vereadores\u201d<\/p>\n<p> <cite>Luciane de Moura<\/cite><\/p><\/blockquote>\n<p>No que se refere \u00e0 aplica\u00e7\u00e3o de multas, a coordenadora afirmou que, no momento, a Transitar atua prioritariamente na educa\u00e7\u00e3o dos condutores.<\/p>\n<blockquote class=\"wp-block-quote\">\n<p>\u201cTrabalhamos com uma pol\u00edtica de engenharia, educa\u00e7\u00e3o e fiscaliza\u00e7\u00e3o. Ainda estamos na fase de educa\u00e7\u00e3o, realizando campanhas e orienta\u00e7\u00f5es. A intensifica\u00e7\u00e3o da fiscaliza\u00e7\u00e3o ocorrer\u00e1 ap\u00f3s a aprova\u00e7\u00e3o da legisla\u00e7\u00e3o\u201d<\/p>\n<p> <cite>Luciane de Moura<\/cite><\/p><\/blockquote>\n<h4 class=\"wp-block-heading\" id=\"h-nova-lei-e-preparacao-da-cidade\">Nova lei e prepara\u00e7\u00e3o da cidade<\/h4>\n<p>A regulamenta\u00e7\u00e3o dos equipamentos de mobilidade individual e ciclomotores tem como objetivo principal preservar vidas. O artigo 6\u00ba da Resolu\u00e7\u00e3o 996 do CONTRAN prioriza que o munic\u00edpio regulamente o uso desses ve\u00edculos.<\/p>\n<blockquote class=\"wp-block-quote\">\n<p>\u201cQueremos que as pessoas saibam onde podem circular, utilizem equipamentos de seguran\u00e7a e n\u00e3o se machuquem. Tamb\u00e9m vamos oferecer cursos na Escola P\u00fablica Municipal de Tr\u00e2nsito para ensinar as normas de circula\u00e7\u00e3o e conduta\u201d<\/p>\n<p> <cite>Luciane de Moura<\/cite><\/p><\/blockquote>\n<p>Para viabilizar as mudan\u00e7as e garantir a seguran\u00e7a, Cascavel est\u00e1 ampliando sua infraestrutura.<\/p>\n<blockquote class=\"wp-block-quote\">\n<p>\u201cA Prefeitura planeja mais 30 quil\u00f4metros de ciclofaixas e ciclovias, especialmente para conectar a regi\u00e3o norte ao centro da cidade. \u00c9 fundamental que os usu\u00e1rios respeitem a sinaliza\u00e7\u00e3o e as normas de circula\u00e7\u00e3o, como parar no sem\u00e1foro vermelho e descer do equipamento ao atravessar na faixa de pedestres\u201d<\/p>\n<p> <cite>Luciane de Moura<\/cite><\/p><\/blockquote>\n<p>Luciane refor\u00e7ou que todas as a\u00e7\u00f5es visam \u00e0 preserva\u00e7\u00e3o de vidas e \u00e0 melhoria da mobilidade urbana. <\/p>\n<\/p><\/div>\n<p><a href=\"https:\/\/cgn.inf.br\/noticia\/1925171\/afinal-equipamentos-de-mobilidade-podem-andar-no-meio-da-rua-ou-nao\">Source link <\/a><\/p>","protected":false},"excerpt":{"rendered":"<p>Uma mulher de 34 anos sofreu ferimentos graves ap\u00f3s se envolver em um acidente de tr\u00e2nsito na manh\u00e3 desta quarta-feira (3), em Cascavel. A colis\u00e3o ocorreu no cruzamento da Avenida das Pombas com a Rua Amarela, na divisa entre os bairros Jardim Clarito e Jardim Bela Vista, no bairro Bras\u00edlia. O caso trouxe \u00e0 tona [&hellip;]<\/p>\n","protected":false},"author":1,"featured_media":68112,"comment_status":"","ping_status":"","sticky":false,"template":"","format":"standard","meta":{"googlesitekit_rrm_CAow2JLhCw:productID":"","_gspb_post_css":"","maa_idioma":"","maa_pais":"","footnotes":""},"categories":[1],"tags":[],"class_list":["post-68111","post","type-post","status-publish","format-standard","has-post-thumbnail","hentry","category-ubirata"],"blocksy_meta":[],"yoast_head":"<!-- This site is optimized with the Yoast SEO Premium plugin v27.6 (Yoast SEO v27.6) - https:\/\/yoast.com\/product\/yoast-seo-premium-wordpress\/ -->\n<title>Afinal, equipamentos de mobilidade podem andar no meio da rua ou n\u00e3o? - Ubirat\u00e3 Online Not\u00edcias - A realidade ao seu alcance!<\/title>\n<meta name=\"description\" content=\"Uma mulher de 34 anos sofreu ferimentos graves ap\u00f3s se envolver em um acidente de tr\u00e2nsito na manh\u00e3 desta quarta-feira (3), em Cascavel. A colis\u00e3o ocorreu\" \/>\n<meta name=\"robots\" content=\"index, follow, max-snippet:-1, max-image-preview:large, max-video-preview:-1\" \/>\n<link rel=\"canonical\" href=\"https:\/\/ubirataonline.com.br\/en\/afinal-equipamentos-de-mobilidade-podem-andar-no-meio-da-rua-ou-nao\/\" \/>\n<meta property=\"og:locale\" content=\"en_US\" \/>\n<meta property=\"og:type\" content=\"article\" \/>\n<meta property=\"og:title\" content=\"Afinal, equipamentos de mobilidade podem andar no meio da rua ou n\u00e3o?\" \/>\n<meta property=\"og:description\" content=\"Uma mulher de 34 anos sofreu ferimentos graves ap\u00f3s se envolver em um acidente de tr\u00e2nsito na manh\u00e3 desta quarta-feira (3), em Cascavel. A colis\u00e3o ocorreu\" \/>\n<meta property=\"og:url\" content=\"https:\/\/ubirataonline.com.br\/en\/afinal-equipamentos-de-mobilidade-podem-andar-no-meio-da-rua-ou-nao\/\" \/>\n<meta property=\"og:site_name\" content=\"Ubirat\u00e3 Online Not\u00edcias - A realidade ao seu alcance!\" \/>\n<meta property=\"article:publisher\" content=\"https:\/\/www.facebook.com\/portalubirataonline\" \/>\n<meta property=\"article:author\" content=\"https:\/\/www.facebook.com\/portalubirataonline\" \/>\n<meta property=\"article:published_time\" content=\"2025-09-12T12:46:07+00:00\" \/>\n<meta property=\"og:image\" content=\"https:\/\/ubirataonline.com.br\/wp-content\/uploads\/2026\/05\/logo2026.webp\" \/>\n\t<meta property=\"og:image:width\" content=\"1531\" \/>\n\t<meta property=\"og:image:height\" content=\"418\" \/>\n\t<meta property=\"og:image:type\" content=\"image\/webp\" \/>\n<meta name=\"author\" content=\"REDA\u00c7\u00c3O: UBIRAT\u00c3 ONLINE - F\u00c1BIO AUGUSTO CELESTINO\" \/>\n<meta name=\"twitter:card\" content=\"summary_large_image\" \/>\n<meta name=\"twitter:creator\" content=\"@x.com\/ubirataonline\" \/>\n<meta name=\"twitter:site\" content=\"@ubirataonline\" \/>\n<meta name=\"twitter:label1\" content=\"Written by\" \/>\n\t<meta name=\"twitter:data1\" content=\"REDA\u00c7\u00c3O: UBIRAT\u00c3 ONLINE - F\u00c1BIO AUGUSTO CELESTINO\" \/>\n\t<meta name=\"twitter:label2\" content=\"Est. reading time\" \/>\n\t<meta name=\"twitter:data2\" content=\"3 minutes\" \/>\n<script type=\"application\/ld+json\" class=\"yoast-schema-graph\">{\"@context\":\"https:\\\/\\\/schema.org\",\"@graph\":[{\"@type\":\"NewsArticle\",\"@id\":\"https:\\\/\\\/ubirataonline.com.br\\\/afinal-equipamentos-de-mobilidade-podem-andar-no-meio-da-rua-ou-nao\\\/#article\",\"isPartOf\":{\"@id\":\"https:\\\/\\\/ubirataonline.com.br\\\/afinal-equipamentos-de-mobilidade-podem-andar-no-meio-da-rua-ou-nao\\\/\"},\"author\":{\"name\":\"REDA\u00c7\u00c3O: UBIRAT\u00c3 ONLINE - F\u00c1BIO AUGUSTO CELESTINO\",\"@id\":\"https:\\\/\\\/ubirataonline.com.br\\\/#\\\/schema\\\/person\\\/372f87bbd3fdd79b8556b84c98d0bc1c\"},\"headline\":\"Afinal, equipamentos de mobilidade podem andar no meio da rua ou n\u00e3o?\",\"datePublished\":\"2025-09-12T12:46:07+00:00\",\"mainEntityOfPage\":{\"@id\":\"https:\\\/\\\/ubirataonline.com.br\\\/afinal-equipamentos-de-mobilidade-podem-andar-no-meio-da-rua-ou-nao\\\/\"},\"wordCount\":690,\"publisher\":{\"@id\":\"https:\\\/\\\/ubirataonline.com.br\\\/#organization\"},\"image\":{\"@id\":\"https:\\\/\\\/ubirataonline.com.br\\\/afinal-equipamentos-de-mobilidade-podem-andar-no-meio-da-rua-ou-nao\\\/#primaryimage\"},\"thumbnailUrl\":\"https:\\\/\\\/ubirataonline.com.br\\\/wp-content\\\/uploads\\\/2025\\\/09\\\/TRANSITAR-1.jpg\",\"articleSection\":[\"Ubirat\u00e3\"],\"inLanguage\":\"en-US\",\"copyrightYear\":\"2025\",\"copyrightHolder\":{\"@id\":\"https:\\\/\\\/ubirataonline.com.br\\\/en\\\/#organization\"}},{\"@type\":\"WebPage\",\"@id\":\"https:\\\/\\\/ubirataonline.com.br\\\/afinal-equipamentos-de-mobilidade-podem-andar-no-meio-da-rua-ou-nao\\\/\",\"url\":\"https:\\\/\\\/ubirataonline.com.br\\\/afinal-equipamentos-de-mobilidade-podem-andar-no-meio-da-rua-ou-nao\\\/\",\"name\":\"Afinal, equipamentos de mobilidade podem andar no meio da rua ou n\u00e3o? - Ubirat\u00e3 Online Not\u00edcias - A realidade ao seu alcance!\",\"isPartOf\":{\"@id\":\"https:\\\/\\\/ubirataonline.com.br\\\/#website\"},\"primaryImageOfPage\":{\"@id\":\"https:\\\/\\\/ubirataonline.com.br\\\/afinal-equipamentos-de-mobilidade-podem-andar-no-meio-da-rua-ou-nao\\\/#primaryimage\"},\"image\":{\"@id\":\"https:\\\/\\\/ubirataonline.com.br\\\/afinal-equipamentos-de-mobilidade-podem-andar-no-meio-da-rua-ou-nao\\\/#primaryimage\"},\"thumbnailUrl\":\"https:\\\/\\\/ubirataonline.com.br\\\/wp-content\\\/uploads\\\/2025\\\/09\\\/TRANSITAR-1.jpg\",\"datePublished\":\"2025-09-12T12:46:07+00:00\",\"description\":\"Uma mulher de 34 anos sofreu ferimentos graves ap\u00f3s se envolver em um acidente de tr\u00e2nsito na manh\u00e3 desta quarta-feira (3), em Cascavel. A colis\u00e3o ocorreu\",\"breadcrumb\":{\"@id\":\"https:\\\/\\\/ubirataonline.com.br\\\/afinal-equipamentos-de-mobilidade-podem-andar-no-meio-da-rua-ou-nao\\\/#breadcrumb\"},\"inLanguage\":\"en-US\",\"potentialAction\":[{\"@type\":\"ReadAction\",\"target\":[\"https:\\\/\\\/ubirataonline.com.br\\\/afinal-equipamentos-de-mobilidade-podem-andar-no-meio-da-rua-ou-nao\\\/\"]}]},{\"@type\":\"ImageObject\",\"inLanguage\":\"en-US\",\"@id\":\"https:\\\/\\\/ubirataonline.com.br\\\/afinal-equipamentos-de-mobilidade-podem-andar-no-meio-da-rua-ou-nao\\\/#primaryimage\",\"url\":\"https:\\\/\\\/ubirataonline.com.br\\\/wp-content\\\/uploads\\\/2025\\\/09\\\/TRANSITAR-1.jpg\",\"contentUrl\":\"https:\\\/\\\/ubirataonline.com.br\\\/wp-content\\\/uploads\\\/2025\\\/09\\\/TRANSITAR-1.jpg\",\"width\":1258,\"height\":703},{\"@type\":\"BreadcrumbList\",\"@id\":\"https:\\\/\\\/ubirataonline.com.br\\\/afinal-equipamentos-de-mobilidade-podem-andar-no-meio-da-rua-ou-nao\\\/#breadcrumb\",\"itemListElement\":[{\"@type\":\"ListItem\",\"position\":1,\"name\":\"In\u00edcio\",\"item\":\"https:\\\/\\\/ubirataonline.com.br\\\/\"},{\"@type\":\"ListItem\",\"position\":2,\"name\":\"Afinal, equipamentos de mobilidade podem andar no meio da rua ou n\u00e3o?\"}]},{\"@type\":\"WebSite\",\"@id\":\"https:\\\/\\\/ubirataonline.com.br\\\/#website\",\"url\":\"https:\\\/\\\/ubirataonline.com.br\\\/\",\"name\":\"Ubirat\u00e3 Online Not\u00edcias\",\"description\":\"Not\u00edcias de Ubirat\u00e3, regi\u00e3o, Brasil e mundo, com informa\u00e7\u00e3o atualizada e compromisso com o leitor.\",\"publisher\":{\"@id\":\"https:\\\/\\\/ubirataonline.com.br\\\/#organization\"},\"alternateName\":\"Ubirat\u00e3 Online\",\"potentialAction\":[{\"@type\":\"SearchAction\",\"target\":{\"@type\":\"EntryPoint\",\"urlTemplate\":\"https:\\\/\\\/ubirataonline.com.br\\\/?s={search_term_string}\"},\"query-input\":{\"@type\":\"PropertyValueSpecification\",\"valueRequired\":true,\"valueName\":\"search_term_string\"}}],\"inLanguage\":\"en-US\"},{\"@type\":[\"Organization\",\"Place\"],\"@id\":\"https:\\\/\\\/ubirataonline.com.br\\\/#organization\",\"name\":\"Ubirat\u00e3 Online Not\u00edcias\",\"alternateName\":\"Ubirat\u00e3 Online\",\"url\":\"https:\\\/\\\/ubirataonline.com.br\\\/\",\"logo\":{\"@id\":\"https:\\\/\\\/ubirataonline.com.br\\\/afinal-equipamentos-de-mobilidade-podem-andar-no-meio-da-rua-ou-nao\\\/#local-main-organization-logo\"},\"image\":{\"@id\":\"https:\\\/\\\/ubirataonline.com.br\\\/afinal-equipamentos-de-mobilidade-podem-andar-no-meio-da-rua-ou-nao\\\/#local-main-organization-logo\"},\"sameAs\":[\"https:\\\/\\\/www.facebook.com\\\/portalubirataonline\",\"https:\\\/\\\/x.com\\\/ubirataonline\",\"https:\\\/\\\/mastodon.social\\\/@ubirataonline\",\"https:\\\/\\\/www.facebook.com\\\/groups\\\/311144672285604\",\"https:\\\/\\\/www.facebook.com\\\/UBTAOnline\",\"https:\\\/\\\/www.instagram.com\\\/portalubirataonline\\\/\",\"https:\\\/\\\/twitter.com\\\/ubirataonline\"],\"description\":\"Somos um portal de not\u00edcias independente, criado em 5 de janeiro de 2009, com o objetivo de informar, conectar e valorizar a nossa comunidade de Ubirat\u00e3 e toda aregi\u00e3o. Com conte\u00fado atualizado, confi\u00e1vel e relevante, o Ubirat\u00e3 Online \u00e9 o seu espa\u00e7o para ficar por dentro dos principais acontecimentos locais, regionais, Brasil, Mundo e de interesse geral. Nosso compromisso \u00e9 com a verdade, a transpar\u00eancia e o respeito ao leitor.\",\"legalName\":\"UBIRATA ONLINE NOT\u00cdCIAS\",\"foundingDate\":\"2009-01-05\",\"numberOfEmployees\":{\"@type\":\"QuantitativeValue\",\"minValue\":\"1\",\"maxValue\":\"10\"},\"publishingPrinciples\":\"https:\\\/\\\/ubirataonline.com.br\\\/faq\\\/\",\"address\":{\"@id\":\"https:\\\/\\\/ubirataonline.com.br\\\/afinal-equipamentos-de-mobilidade-podem-andar-no-meio-da-rua-ou-nao\\\/#local-main-place-address\"},\"geo\":{\"@type\":\"GeoCoordinates\",\"latitude\":\"-24.5361401\",\"longitude\":\"-52.9921776\"},\"telephone\":[\"+5544998308235\"],\"contactPoint\":{\"@type\":\"ContactPoint\",\"email\":\"contato@ubirataonline.com.br\"},\"openingHoursSpecification\":{\"@type\":\"OpeningHoursSpecification\",\"dayOfWeek\":[\"Monday\",\"Tuesday\",\"Wednesday\",\"Thursday\",\"Friday\",\"Saturday\",\"Sunday\"],\"opens\":\"00:00\",\"closes\":\"23:59\"},\"email\":\"contato@ubirataonline.com.br\",\"vatID\":\"47.621.418\\\/0001-80\"},{\"@type\":\"Person\",\"@id\":\"https:\\\/\\\/ubirataonline.com.br\\\/#\\\/schema\\\/person\\\/372f87bbd3fdd79b8556b84c98d0bc1c\",\"name\":\"REDA\u00c7\u00c3O: UBIRAT\u00c3 ONLINE - F\u00c1BIO AUGUSTO CELESTINO\",\"pronouns\":\"Ele\",\"description\":\"Desde 2003 trabalhando com not\u00edcias.\",\"sameAs\":[\"http:\\\/\\\/ubirataoline.com.br\",\"https:\\\/\\\/www.facebook.com\\\/portalubirataonline\",\"https:\\\/\\\/www.instagram.com\\\/ubirataonline_oficial\",\"https:\\\/\\\/x.com\\\/x.com\\\/ubirataonline\"],\"honorificPrefix\":\"Mr.\",\"honorificSuffix\":\"MD\",\"birthDate\":\"1980-06-16\",\"gender\":\"masculino\",\"award\":[\"V\u00e1rios pr\u00eamios de melhor portal da cidade\"],\"jobTitle\":\"Diretor\",\"url\":\"https:\\\/\\\/ubirataonline.com.br\\\/en\\\/author\\\/ubirataonline\\\/\"},{\"@type\":\"PostalAddress\",\"@id\":\"https:\\\/\\\/ubirataonline.com.br\\\/afinal-equipamentos-de-mobilidade-podem-andar-no-meio-da-rua-ou-nao\\\/#local-main-place-address\",\"streetAddress\":\"Rua dos Coqueiros, 104 - Bairro Boa Vista, Rua dos Coqueiros, 104 Bairro Boa Vista\",\"addressLocality\":\"UBIRATA\",\"postalCode\":\"85440-000\",\"addressRegion\":\"PR\",\"addressCountry\":\"BR\"},{\"@type\":\"ImageObject\",\"inLanguage\":\"en-US\",\"@id\":\"https:\\\/\\\/ubirataonline.com.br\\\/afinal-equipamentos-de-mobilidade-podem-andar-no-meio-da-rua-ou-nao\\\/#local-main-organization-logo\",\"url\":\"https:\\\/\\\/ubirataonline.com.br\\\/wp-content\\\/uploads\\\/2026\\\/06\\\/logoubirataonline-1.webp\",\"contentUrl\":\"https:\\\/\\\/ubirataonline.com.br\\\/wp-content\\\/uploads\\\/2026\\\/06\\\/logoubirataonline-1.webp\",\"width\":500,\"height\":500,\"caption\":\"Ubirat\u00e3 Online Not\u00edcias\"}]}<\/script>\n<meta name=\"geo.placename\" content=\"UBIRATA\" \/>\n<meta name=\"geo.position\" content=\"-24.5361401;-52.9921776\" \/>\n<meta name=\"geo.region\" content=\"Brazil\" \/>\n<!-- \/ Yoast SEO Premium plugin. -->","yoast_head_json":{"title":"Afinal, equipamentos de mobilidade podem andar no meio da rua ou n\u00e3o? - Ubirat\u00e3 Online Not\u00edcias - A realidade ao seu alcance!","description":"Uma mulher de 34 anos sofreu ferimentos graves ap\u00f3s se envolver em um acidente de tr\u00e2nsito na manh\u00e3 desta quarta-feira (3), em Cascavel. A colis\u00e3o ocorreu","robots":{"index":"index","follow":"follow","max-snippet":"max-snippet:-1","max-image-preview":"max-image-preview:large","max-video-preview":"max-video-preview:-1"},"canonical":"https:\/\/ubirataonline.com.br\/en\/afinal-equipamentos-de-mobilidade-podem-andar-no-meio-da-rua-ou-nao\/","og_locale":"en_US","og_type":"article","og_title":"Afinal, equipamentos de mobilidade podem andar no meio da rua ou n\u00e3o?","og_description":"Uma mulher de 34 anos sofreu ferimentos graves ap\u00f3s se envolver em um acidente de tr\u00e2nsito na manh\u00e3 desta quarta-feira (3), em Cascavel. A colis\u00e3o ocorreu","og_url":"https:\/\/ubirataonline.com.br\/en\/afinal-equipamentos-de-mobilidade-podem-andar-no-meio-da-rua-ou-nao\/","og_site_name":"Ubirat\u00e3 Online Not\u00edcias - A realidade ao seu alcance!","article_publisher":"https:\/\/www.facebook.com\/portalubirataonline","article_author":"https:\/\/www.facebook.com\/portalubirataonline","article_published_time":"2025-09-12T12:46:07+00:00","og_image":[{"width":1531,"height":418,"url":"https:\/\/ubirataonline.com.br\/wp-content\/uploads\/2026\/05\/logo2026.webp","type":"image\/webp"}],"author":"REDA\u00c7\u00c3O: UBIRAT\u00c3 ONLINE - F\u00c1BIO AUGUSTO CELESTINO","twitter_card":"summary_large_image","twitter_creator":"@x.com\/ubirataonline","twitter_site":"@ubirataonline","twitter_misc":{"Written by":"REDA\u00c7\u00c3O: UBIRAT\u00c3 ONLINE - F\u00c1BIO AUGUSTO CELESTINO","Est. reading time":"3 minutes"},"schema":{"@context":"https:\/\/schema.org","@graph":[{"@type":"NewsArticle","@id":"https:\/\/ubirataonline.com.br\/afinal-equipamentos-de-mobilidade-podem-andar-no-meio-da-rua-ou-nao\/#article","isPartOf":{"@id":"https:\/\/ubirataonline.com.br\/afinal-equipamentos-de-mobilidade-podem-andar-no-meio-da-rua-ou-nao\/"},"author":{"name":"REDA\u00c7\u00c3O: UBIRAT\u00c3 ONLINE - F\u00c1BIO AUGUSTO CELESTINO","@id":"https:\/\/ubirataonline.com.br\/#\/schema\/person\/372f87bbd3fdd79b8556b84c98d0bc1c"},"headline":"Afinal, equipamentos de mobilidade podem andar no meio da rua ou n\u00e3o?","datePublished":"2025-09-12T12:46:07+00:00","mainEntityOfPage":{"@id":"https:\/\/ubirataonline.com.br\/afinal-equipamentos-de-mobilidade-podem-andar-no-meio-da-rua-ou-nao\/"},"wordCount":690,"publisher":{"@id":"https:\/\/ubirataonline.com.br\/#organization"},"image":{"@id":"https:\/\/ubirataonline.com.br\/afinal-equipamentos-de-mobilidade-podem-andar-no-meio-da-rua-ou-nao\/#primaryimage"},"thumbnailUrl":"https:\/\/ubirataonline.com.br\/wp-content\/uploads\/2025\/09\/TRANSITAR-1.jpg","articleSection":["Ubirat\u00e3"],"inLanguage":"en-US","copyrightYear":"2025","copyrightHolder":{"@id":"https:\/\/ubirataonline.com.br\/en\/#organization"}},{"@type":"WebPage","@id":"https:\/\/ubirataonline.com.br\/afinal-equipamentos-de-mobilidade-podem-andar-no-meio-da-rua-ou-nao\/","url":"https:\/\/ubirataonline.com.br\/afinal-equipamentos-de-mobilidade-podem-andar-no-meio-da-rua-ou-nao\/","name":"Afinal, equipamentos de mobilidade podem andar no meio da rua ou n\u00e3o? - Ubirat\u00e3 Online Not\u00edcias - A realidade ao seu alcance!","isPartOf":{"@id":"https:\/\/ubirataonline.com.br\/#website"},"primaryImageOfPage":{"@id":"https:\/\/ubirataonline.com.br\/afinal-equipamentos-de-mobilidade-podem-andar-no-meio-da-rua-ou-nao\/#primaryimage"},"image":{"@id":"https:\/\/ubirataonline.com.br\/afinal-equipamentos-de-mobilidade-podem-andar-no-meio-da-rua-ou-nao\/#primaryimage"},"thumbnailUrl":"https:\/\/ubirataonline.com.br\/wp-content\/uploads\/2025\/09\/TRANSITAR-1.jpg","datePublished":"2025-09-12T12:46:07+00:00","description":"Uma mulher de 34 anos sofreu ferimentos graves ap\u00f3s se envolver em um acidente de tr\u00e2nsito na manh\u00e3 desta quarta-feira (3), em Cascavel. A colis\u00e3o ocorreu","breadcrumb":{"@id":"https:\/\/ubirataonline.com.br\/afinal-equipamentos-de-mobilidade-podem-andar-no-meio-da-rua-ou-nao\/#breadcrumb"},"inLanguage":"en-US","potentialAction":[{"@type":"ReadAction","target":["https:\/\/ubirataonline.com.br\/afinal-equipamentos-de-mobilidade-podem-andar-no-meio-da-rua-ou-nao\/"]}]},{"@type":"ImageObject","inLanguage":"en-US","@id":"https:\/\/ubirataonline.com.br\/afinal-equipamentos-de-mobilidade-podem-andar-no-meio-da-rua-ou-nao\/#primaryimage","url":"https:\/\/ubirataonline.com.br\/wp-content\/uploads\/2025\/09\/TRANSITAR-1.jpg","contentUrl":"https:\/\/ubirataonline.com.br\/wp-content\/uploads\/2025\/09\/TRANSITAR-1.jpg","width":1258,"height":703},{"@type":"BreadcrumbList","@id":"https:\/\/ubirataonline.com.br\/afinal-equipamentos-de-mobilidade-podem-andar-no-meio-da-rua-ou-nao\/#breadcrumb","itemListElement":[{"@type":"ListItem","position":1,"name":"In\u00edcio","item":"https:\/\/ubirataonline.com.br\/"},{"@type":"ListItem","position":2,"name":"Afinal, equipamentos de mobilidade podem andar no meio da rua ou n\u00e3o?"}]},{"@type":"WebSite","@id":"https:\/\/ubirataonline.com.br\/#website","url":"https:\/\/ubirataonline.com.br\/","name":"Ubirat\u00e3 Online Not\u00edcias","description":"Not\u00edcias de Ubirat\u00e3, regi\u00e3o, Brasil e mundo, com informa\u00e7\u00e3o atualizada e compromisso com o leitor.","publisher":{"@id":"https:\/\/ubirataonline.com.br\/#organization"},"alternateName":"Ubirat\u00e3 Online","potentialAction":[{"@type":"SearchAction","target":{"@type":"EntryPoint","urlTemplate":"https:\/\/ubirataonline.com.br\/?s={search_term_string}"},"query-input":{"@type":"PropertyValueSpecification","valueRequired":true,"valueName":"search_term_string"}}],"inLanguage":"en-US"},{"@type":["Organization","Place"],"@id":"https:\/\/ubirataonline.com.br\/#organization","name":"Ubirat\u00e3 Online Not\u00edcias","alternateName":"Ubirat\u00e3 Online","url":"https:\/\/ubirataonline.com.br\/","logo":{"@id":"https:\/\/ubirataonline.com.br\/afinal-equipamentos-de-mobilidade-podem-andar-no-meio-da-rua-ou-nao\/#local-main-organization-logo"},"image":{"@id":"https:\/\/ubirataonline.com.br\/afinal-equipamentos-de-mobilidade-podem-andar-no-meio-da-rua-ou-nao\/#local-main-organization-logo"},"sameAs":["https:\/\/www.facebook.com\/portalubirataonline","https:\/\/x.com\/ubirataonline","https:\/\/mastodon.social\/@ubirataonline","https:\/\/www.facebook.com\/groups\/311144672285604","https:\/\/www.facebook.com\/UBTAOnline","https:\/\/www.instagram.com\/portalubirataonline\/","https:\/\/twitter.com\/ubirataonline"],"description":"Somos um portal de not\u00edcias independente, criado em 5 de janeiro de 2009, com o objetivo de informar, conectar e valorizar a nossa comunidade de Ubirat\u00e3 e toda aregi\u00e3o. Com conte\u00fado atualizado, confi\u00e1vel e relevante, o Ubirat\u00e3 Online \u00e9 o seu espa\u00e7o para ficar por dentro dos principais acontecimentos locais, regionais, Brasil, Mundo e de interesse geral. Nosso compromisso \u00e9 com a verdade, a transpar\u00eancia e o respeito ao leitor.","legalName":"UBIRATA ONLINE NOT\u00cdCIAS","foundingDate":"2009-01-05","numberOfEmployees":{"@type":"QuantitativeValue","minValue":"1","maxValue":"10"},"publishingPrinciples":"https:\/\/ubirataonline.com.br\/faq\/","address":{"@id":"https:\/\/ubirataonline.com.br\/afinal-equipamentos-de-mobilidade-podem-andar-no-meio-da-rua-ou-nao\/#local-main-place-address"},"geo":{"@type":"GeoCoordinates","latitude":"-24.5361401","longitude":"-52.9921776"},"telephone":["+5544998308235"],"contactPoint":{"@type":"ContactPoint","email":"contato@ubirataonline.com.br"},"openingHoursSpecification":{"@type":"OpeningHoursSpecification","dayOfWeek":["Monday","Tuesday","Wednesday","Thursday","Friday","Saturday","Sunday"],"opens":"00:00","closes":"23:59"},"email":"contato@ubirataonline.com.br","vatID":"47.621.418\/0001-80"},{"@type":"Person","@id":"https:\/\/ubirataonline.com.br\/#\/schema\/person\/372f87bbd3fdd79b8556b84c98d0bc1c","name":"REDA\u00c7\u00c3O: UBIRAT\u00c3 ONLINE - F\u00c1BIO AUGUSTO CELESTINO","pronouns":"Ele","description":"Desde 2003 trabalhando com not\u00edcias.","sameAs":["http:\/\/ubirataoline.com.br","https:\/\/www.facebook.com\/portalubirataonline","https:\/\/www.instagram.com\/ubirataonline_oficial","https:\/\/x.com\/x.com\/ubirataonline"],"honorificPrefix":"Mr.","honorificSuffix":"MD","birthDate":"1980-06-16","gender":"masculino","award":["V\u00e1rios pr\u00eamios de melhor portal da cidade"],"jobTitle":"Diretor","url":"https:\/\/ubirataonline.com.br\/en\/author\/ubirataonline\/"},{"@type":"PostalAddress","@id":"https:\/\/ubirataonline.com.br\/afinal-equipamentos-de-mobilidade-podem-andar-no-meio-da-rua-ou-nao\/#local-main-place-address","streetAddress":"Rua dos Coqueiros, 104 - Bairro Boa Vista, Rua dos Coqueiros, 104 Bairro Boa Vista","addressLocality":"UBIRATA","postalCode":"85440-000","addressRegion":"PR","addressCountry":"BR"},{"@type":"ImageObject","inLanguage":"en-US","@id":"https:\/\/ubirataonline.com.br\/afinal-equipamentos-de-mobilidade-podem-andar-no-meio-da-rua-ou-nao\/#local-main-organization-logo","url":"https:\/\/ubirataonline.com.br\/wp-content\/uploads\/2026\/06\/logoubirataonline-1.webp","contentUrl":"https:\/\/ubirataonline.com.br\/wp-content\/uploads\/2026\/06\/logoubirataonline-1.webp","width":500,"height":500,"caption":"Ubirat\u00e3 Online Not\u00edcias"}]},"geo.placename":"UBIRATA","geo.position":{"lat":"-24.5361401","long":"-52.9921776"},"geo.region":"Brazil"},"_links":{"self":[{"href":"https:\/\/ubirataonline.com.br\/en\/wp-json\/wp\/v2\/posts\/68111","targetHints":{"allow":["GET"]}}],"collection":[{"href":"https:\/\/ubirataonline.com.br\/en\/wp-json\/wp\/v2\/posts"}],"about":[{"href":"https:\/\/ubirataonline.com.br\/en\/wp-json\/wp\/v2\/types\/post"}],"author":[{"embeddable":true,"href":"https:\/\/ubirataonline.com.br\/en\/wp-json\/wp\/v2\/users\/1"}],"replies":[{"embeddable":true,"href":"https:\/\/ubirataonline.com.br\/en\/wp-json\/wp\/v2\/comments?post=68111"}],"version-history":[{"count":0,"href":"https:\/\/ubirataonline.com.br\/en\/wp-json\/wp\/v2\/posts\/68111\/revisions"}],"wp:featuredmedia":[{"embeddable":true,"href":"https:\/\/ubirataonline.com.br\/en\/wp-json\/wp\/v2\/media\/68112"}],"wp:attachment":[{"href":"https:\/\/ubirataonline.com.br\/en\/wp-json\/wp\/v2\/media?parent=68111"}],"wp:term":[{"taxonomy":"category","embeddable":true,"href":"https:\/\/ubirataonline.com.br\/en\/wp-json\/wp\/v2\/categories?post=68111"},{"taxonomy":"post_tag","embeddable":true,"href":"https:\/\/ubirataonline.com.br\/en\/wp-json\/wp\/v2\/tags?post=68111"}],"curies":[{"name":"wp","href":"https:\/\/api.w.org\/{rel}","templated":true}]}}