{"id":68133,"date":"2025-09-12T11:49:45","date_gmt":"2025-09-12T14:49:45","guid":{"rendered":"https:\/\/ubirataonline.com.br\/oab-sinaliza-que-ira-ajuizar-adi-no-supremo-para-contestar-pec-dos-precatorios\/"},"modified":"2025-09-12T11:49:45","modified_gmt":"2025-09-12T14:49:45","slug":"oab-sinaliza-que-ira-ajuizar-adi-no-supremo-para-contestar-pec-dos-precatorios","status":"publish","type":"post","link":"https:\/\/ubirataonline.com.br\/en\/oab-sinaliza-que-ira-ajuizar-adi-no-supremo-para-contestar-pec-dos-precatorios\/","title":{"rendered":"OAB sinaliza que ir\u00e1 ajuizar ADI no Supremo para contestar PEC dos Precat\u00f3rios"},"content":{"rendered":"<p><\/p>\n<div id=\"texto\">\n<p><i>A mat\u00e9ria publicada \u00e0s 15h27, em seu primeiro par\u00e1grafo, e o respectivo t\u00edtulo continham uma imprecis\u00e3o. A Ordem dos Advogados do Brasil (OAB) \u00e9 que pretende ajuizar uma A\u00e7\u00e3o Direta de Inconstitucionalidade ao Supremo Tribunal Federal para contestar a PEC 66\/2023, e n\u00e3o a seccional da entidade em S\u00e3o Paulo, como foi escrito. Segue material corrigido:<\/i> <\/p>\n<p>A Ordem dos Advogados do Brasil (OAB) sinaliza que pretende ajuizar uma A\u00e7\u00e3o Direta de Inconstitucionalidade (ADI) junto ao Supremo Tribunal Federal (STF) para contestar a PEC 66\/2023, aprovada ontem pelo Senado. Em nota distribu\u00edda nesta quarta-feira, a entidade afirma que a PEC dos precat\u00f3rios \u00e9 uma \u201cagress\u00e3o \u00e0 responsabilidade fiscal e transfere para o cidad\u00e3o o \u00f4nus das a\u00e7\u00f5es perdidas por prefeituras e Estados\u201d.<\/p>\n<p>Segundo o presidente da Comiss\u00e3o Especial de Assuntos Relativos a Precat\u00f3rios Judiciais da OAB-SP e presidente do Movimento dos Advogados em Defesa dos Credores Alimentares do Poder P\u00fablico (Madeca), Vitor Boari, a longo prazo, a PEC tende a multiplicar a d\u00edvida dos precat\u00f3rios de forma cont\u00ednua, tornando-a insustent\u00e1vel. <\/p>\n<p>\u201cA mec\u00e2nica da PEC resulta em amortiza\u00e7\u00e3o negativa, pois os pagamentos mensais ser\u00e3o inferiores aos encargos de juros e corre\u00e7\u00e3o. Isso vai comprometer a solv\u00eancia do ente p\u00fablico no longo prazo e dizimar a esperan\u00e7a dos credores no recebimento de seu precat\u00f3rio\u201d, afirma.<\/p>\n<p>Ele argumenta que o texto n\u00e3o traz alternativas de pagamento para o passivo dos precat\u00f3rios, e diz que isso deve tornar a d\u00edvida associada a eles insolv\u00edvel, diante da insufici\u00eancia dos pagamentos anuais para cobrir os encargos da d\u00edvida e a incapacidade do sistema para absorver o fluxo de novos precat\u00f3rios. <\/p>\n<p>\u201cO que vemos, novamente, \u00e9 o Congresso Nacional com solu\u00e7\u00f5es midi\u00e1ticas de curto prazo, legislando com olhos sempre na pr\u00f3xima elei\u00e7\u00e3o para atender \u00e0 Uni\u00e3o, aos governadores e aos prefeitos e deixando ao l\u00e9u todos aqueles que os elegeram. Aproveitaram o julgamento no STF como elemento de distra\u00e7\u00e3o e aprovaram a PEC sem chamar a aten\u00e7\u00e3o.\u201d <\/p>\n<p>Nesta ter\u00e7a-feira, 2, o Senado concluiu a vota\u00e7\u00e3o PEC 66\/2023, que estabelece limites para o pagamento de precat\u00f3rios e abre novo prazo de parcelamento de d\u00e9bitos dos munic\u00edpios com seus regimes previdenci\u00e1rios pr\u00f3prios e com o Regime Geral de Previd\u00eancia Social (RGPS). Foram 71 votos a favor e dois contr\u00e1rios na vota\u00e7\u00e3o em segundo turno. A sess\u00e3o de promulga\u00e7\u00e3o deve ser realizada na ter\u00e7a-feira, 9. <\/p>\n<\/p><\/div>\n<p><a href=\"https:\/\/cgn.inf.br\/noticia\/1925213\/oab-sinaliza-que-ira-ajuizar-adi-no-supremo-para-contestar-pec-dos-precatorios\">Source link <\/a><\/p>","protected":false},"excerpt":{"rendered":"<p>A mat\u00e9ria publicada \u00e0s 15h27, em seu primeiro par\u00e1grafo, e o respectivo t\u00edtulo continham uma imprecis\u00e3o. A Ordem dos Advogados do Brasil (OAB) \u00e9 que pretende ajuizar uma A\u00e7\u00e3o Direta de Inconstitucionalidade ao Supremo Tribunal Federal para contestar a PEC 66\/2023, e n\u00e3o a seccional da entidade em S\u00e3o Paulo, como foi escrito. Segue material [&hellip;]<\/p>\n","protected":false},"author":1,"featured_media":63219,"comment_status":"","ping_status":"","sticky":false,"template":"","format":"standard","meta":{"googlesitekit_rrm_CAow2JLhCw:productID":"","_gspb_post_css":"","maa_idioma":"","maa_pais":"","footnotes":""},"categories":[1],"tags":[],"class_list":["post-68133","post","type-post","status-publish","format-standard","has-post-thumbnail","hentry","category-ubirata"],"blocksy_meta":[],"yoast_head":"<!-- This site is optimized with the Yoast SEO Premium plugin v27.6 (Yoast SEO v27.6) - https:\/\/yoast.com\/product\/yoast-seo-premium-wordpress\/ -->\n<title>OAB sinaliza que ir\u00e1 ajuizar ADI no Supremo para contestar PEC dos Precat\u00f3rios - Ubirat\u00e3 Online Not\u00edcias - A realidade ao seu alcance!<\/title>\n<meta name=\"description\" content=\"A mat\u00e9ria publicada \u00e0s 15h27, em seu primeiro par\u00e1grafo, e o respectivo t\u00edtulo continham uma imprecis\u00e3o. A Ordem dos Advogados do Brasil (OAB) \u00e9 que\" \/>\n<meta name=\"robots\" content=\"index, follow, max-snippet:-1, max-image-preview:large, max-video-preview:-1\" \/>\n<link rel=\"canonical\" href=\"https:\/\/ubirataonline.com.br\/en\/oab-sinaliza-que-ira-ajuizar-adi-no-supremo-para-contestar-pec-dos-precatorios\/\" \/>\n<meta property=\"og:locale\" content=\"en_US\" \/>\n<meta property=\"og:type\" content=\"article\" \/>\n<meta property=\"og:title\" content=\"OAB sinaliza que ir\u00e1 ajuizar ADI no Supremo para contestar PEC dos Precat\u00f3rios\" \/>\n<meta property=\"og:description\" content=\"A mat\u00e9ria publicada \u00e0s 15h27, em seu primeiro par\u00e1grafo, e o respectivo t\u00edtulo continham uma imprecis\u00e3o. A Ordem dos Advogados do Brasil (OAB) \u00e9 que\" \/>\n<meta property=\"og:url\" content=\"https:\/\/ubirataonline.com.br\/en\/oab-sinaliza-que-ira-ajuizar-adi-no-supremo-para-contestar-pec-dos-precatorios\/\" \/>\n<meta property=\"og:site_name\" content=\"Ubirat\u00e3 Online Not\u00edcias - A realidade ao seu alcance!\" \/>\n<meta property=\"article:publisher\" content=\"https:\/\/www.facebook.com\/portalubirataonline\" \/>\n<meta property=\"article:author\" content=\"https:\/\/www.facebook.com\/portalubirataonline\" \/>\n<meta property=\"article:published_time\" content=\"2025-09-12T14:49:45+00:00\" \/>\n<meta property=\"og:image\" content=\"https:\/\/ubirataonline.com.br\/wp-content\/uploads\/2026\/05\/logo2026.webp\" \/>\n\t<meta property=\"og:image:width\" content=\"1531\" \/>\n\t<meta property=\"og:image:height\" content=\"418\" \/>\n\t<meta property=\"og:image:type\" content=\"image\/webp\" \/>\n<meta name=\"author\" content=\"REDA\u00c7\u00c3O: UBIRAT\u00c3 ONLINE - F\u00c1BIO AUGUSTO CELESTINO\" \/>\n<meta name=\"twitter:card\" content=\"summary_large_image\" \/>\n<meta name=\"twitter:creator\" content=\"@x.com\/ubirataonline\" \/>\n<meta name=\"twitter:site\" content=\"@ubirataonline\" \/>\n<meta name=\"twitter:label1\" content=\"Written by\" \/>\n\t<meta name=\"twitter:data1\" content=\"REDA\u00c7\u00c3O: UBIRAT\u00c3 ONLINE - F\u00c1BIO AUGUSTO CELESTINO\" \/>\n\t<meta name=\"twitter:label2\" content=\"Est. reading time\" \/>\n\t<meta name=\"twitter:data2\" content=\"2 minutes\" \/>\n<script type=\"application\/ld+json\" class=\"yoast-schema-graph\">{\"@context\":\"https:\\\/\\\/schema.org\",\"@graph\":[{\"@type\":\"NewsArticle\",\"@id\":\"https:\\\/\\\/ubirataonline.com.br\\\/oab-sinaliza-que-ira-ajuizar-adi-no-supremo-para-contestar-pec-dos-precatorios\\\/#article\",\"isPartOf\":{\"@id\":\"https:\\\/\\\/ubirataonline.com.br\\\/oab-sinaliza-que-ira-ajuizar-adi-no-supremo-para-contestar-pec-dos-precatorios\\\/\"},\"author\":{\"name\":\"REDA\u00c7\u00c3O: UBIRAT\u00c3 ONLINE - F\u00c1BIO AUGUSTO CELESTINO\",\"@id\":\"https:\\\/\\\/ubirataonline.com.br\\\/#\\\/schema\\\/person\\\/372f87bbd3fdd79b8556b84c98d0bc1c\"},\"headline\":\"OAB sinaliza que ir\u00e1 ajuizar ADI no Supremo para contestar PEC dos Precat\u00f3rios\",\"datePublished\":\"2025-09-12T14:49:45+00:00\",\"mainEntityOfPage\":{\"@id\":\"https:\\\/\\\/ubirataonline.com.br\\\/oab-sinaliza-que-ira-ajuizar-adi-no-supremo-para-contestar-pec-dos-precatorios\\\/\"},\"wordCount\":445,\"publisher\":{\"@id\":\"https:\\\/\\\/ubirataonline.com.br\\\/#organization\"},\"image\":{\"@id\":\"https:\\\/\\\/ubirataonline.com.br\\\/oab-sinaliza-que-ira-ajuizar-adi-no-supremo-para-contestar-pec-dos-precatorios\\\/#primaryimage\"},\"thumbnailUrl\":\"https:\\\/\\\/ubirataonline.com.br\\\/wp-content\\\/uploads\\\/2025\\\/08\\\/CGN768x461.gif\",\"articleSection\":[\"Ubirat\u00e3\"],\"inLanguage\":\"en-US\",\"copyrightYear\":\"2025\",\"copyrightHolder\":{\"@id\":\"https:\\\/\\\/ubirataonline.com.br\\\/en\\\/#organization\"}},{\"@type\":\"WebPage\",\"@id\":\"https:\\\/\\\/ubirataonline.com.br\\\/oab-sinaliza-que-ira-ajuizar-adi-no-supremo-para-contestar-pec-dos-precatorios\\\/\",\"url\":\"https:\\\/\\\/ubirataonline.com.br\\\/oab-sinaliza-que-ira-ajuizar-adi-no-supremo-para-contestar-pec-dos-precatorios\\\/\",\"name\":\"OAB sinaliza que ir\u00e1 ajuizar ADI no Supremo para contestar PEC dos Precat\u00f3rios - Ubirat\u00e3 Online Not\u00edcias - A realidade ao seu alcance!\",\"isPartOf\":{\"@id\":\"https:\\\/\\\/ubirataonline.com.br\\\/#website\"},\"primaryImageOfPage\":{\"@id\":\"https:\\\/\\\/ubirataonline.com.br\\\/oab-sinaliza-que-ira-ajuizar-adi-no-supremo-para-contestar-pec-dos-precatorios\\\/#primaryimage\"},\"image\":{\"@id\":\"https:\\\/\\\/ubirataonline.com.br\\\/oab-sinaliza-que-ira-ajuizar-adi-no-supremo-para-contestar-pec-dos-precatorios\\\/#primaryimage\"},\"thumbnailUrl\":\"https:\\\/\\\/ubirataonline.com.br\\\/wp-content\\\/uploads\\\/2025\\\/08\\\/CGN768x461.gif\",\"datePublished\":\"2025-09-12T14:49:45+00:00\",\"description\":\"A mat\u00e9ria publicada \u00e0s 15h27, em seu primeiro par\u00e1grafo, e o respectivo t\u00edtulo continham uma imprecis\u00e3o. A Ordem dos Advogados do Brasil (OAB) \u00e9 que\",\"breadcrumb\":{\"@id\":\"https:\\\/\\\/ubirataonline.com.br\\\/oab-sinaliza-que-ira-ajuizar-adi-no-supremo-para-contestar-pec-dos-precatorios\\\/#breadcrumb\"},\"inLanguage\":\"en-US\",\"potentialAction\":[{\"@type\":\"ReadAction\",\"target\":[\"https:\\\/\\\/ubirataonline.com.br\\\/oab-sinaliza-que-ira-ajuizar-adi-no-supremo-para-contestar-pec-dos-precatorios\\\/\"]}]},{\"@type\":\"ImageObject\",\"inLanguage\":\"en-US\",\"@id\":\"https:\\\/\\\/ubirataonline.com.br\\\/oab-sinaliza-que-ira-ajuizar-adi-no-supremo-para-contestar-pec-dos-precatorios\\\/#primaryimage\",\"url\":\"https:\\\/\\\/ubirataonline.com.br\\\/wp-content\\\/uploads\\\/2025\\\/08\\\/CGN768x461.gif\",\"contentUrl\":\"https:\\\/\\\/ubirataonline.com.br\\\/wp-content\\\/uploads\\\/2025\\\/08\\\/CGN768x461.gif\",\"width\":768,\"height\":461},{\"@type\":\"BreadcrumbList\",\"@id\":\"https:\\\/\\\/ubirataonline.com.br\\\/oab-sinaliza-que-ira-ajuizar-adi-no-supremo-para-contestar-pec-dos-precatorios\\\/#breadcrumb\",\"itemListElement\":[{\"@type\":\"ListItem\",\"position\":1,\"name\":\"In\u00edcio\",\"item\":\"https:\\\/\\\/ubirataonline.com.br\\\/\"},{\"@type\":\"ListItem\",\"position\":2,\"name\":\"OAB sinaliza que ir\u00e1 ajuizar ADI no Supremo para contestar PEC dos Precat\u00f3rios\"}]},{\"@type\":\"WebSite\",\"@id\":\"https:\\\/\\\/ubirataonline.com.br\\\/#website\",\"url\":\"https:\\\/\\\/ubirataonline.com.br\\\/\",\"name\":\"Ubirat\u00e3 Online Not\u00edcias\",\"description\":\"Not\u00edcias de Ubirat\u00e3, regi\u00e3o, Brasil e mundo, com informa\u00e7\u00e3o atualizada e compromisso com o leitor.\",\"publisher\":{\"@id\":\"https:\\\/\\\/ubirataonline.com.br\\\/#organization\"},\"alternateName\":\"Ubirat\u00e3 Online\",\"potentialAction\":[{\"@type\":\"SearchAction\",\"target\":{\"@type\":\"EntryPoint\",\"urlTemplate\":\"https:\\\/\\\/ubirataonline.com.br\\\/?s={search_term_string}\"},\"query-input\":{\"@type\":\"PropertyValueSpecification\",\"valueRequired\":true,\"valueName\":\"search_term_string\"}}],\"inLanguage\":\"en-US\"},{\"@type\":[\"Organization\",\"Place\"],\"@id\":\"https:\\\/\\\/ubirataonline.com.br\\\/#organization\",\"name\":\"Ubirat\u00e3 Online Not\u00edcias\",\"alternateName\":\"Ubirat\u00e3 Online\",\"url\":\"https:\\\/\\\/ubirataonline.com.br\\\/\",\"logo\":{\"@id\":\"https:\\\/\\\/ubirataonline.com.br\\\/oab-sinaliza-que-ira-ajuizar-adi-no-supremo-para-contestar-pec-dos-precatorios\\\/#local-main-organization-logo\"},\"image\":{\"@id\":\"https:\\\/\\\/ubirataonline.com.br\\\/oab-sinaliza-que-ira-ajuizar-adi-no-supremo-para-contestar-pec-dos-precatorios\\\/#local-main-organization-logo\"},\"sameAs\":[\"https:\\\/\\\/www.facebook.com\\\/portalubirataonline\",\"https:\\\/\\\/x.com\\\/ubirataonline\",\"https:\\\/\\\/mastodon.social\\\/@ubirataonline\",\"https:\\\/\\\/www.facebook.com\\\/groups\\\/311144672285604\",\"https:\\\/\\\/www.facebook.com\\\/UBTAOnline\",\"https:\\\/\\\/www.instagram.com\\\/portalubirataonline\\\/\",\"https:\\\/\\\/twitter.com\\\/ubirataonline\"],\"description\":\"Somos um portal de not\u00edcias independente, criado em 5 de janeiro de 2009, com o objetivo de informar, conectar e valorizar a nossa comunidade de Ubirat\u00e3 e toda aregi\u00e3o. Com conte\u00fado atualizado, confi\u00e1vel e relevante, o Ubirat\u00e3 Online \u00e9 o seu espa\u00e7o para ficar por dentro dos principais acontecimentos locais, regionais, Brasil, Mundo e de interesse geral. Nosso compromisso \u00e9 com a verdade, a transpar\u00eancia e o respeito ao leitor.\",\"legalName\":\"UBIRATA ONLINE NOT\u00cdCIAS\",\"foundingDate\":\"2009-01-05\",\"numberOfEmployees\":{\"@type\":\"QuantitativeValue\",\"minValue\":\"1\",\"maxValue\":\"10\"},\"publishingPrinciples\":\"https:\\\/\\\/ubirataonline.com.br\\\/faq\\\/\",\"address\":{\"@id\":\"https:\\\/\\\/ubirataonline.com.br\\\/oab-sinaliza-que-ira-ajuizar-adi-no-supremo-para-contestar-pec-dos-precatorios\\\/#local-main-place-address\"},\"geo\":{\"@type\":\"GeoCoordinates\",\"latitude\":\"-24.5361401\",\"longitude\":\"-52.9921776\"},\"telephone\":[\"+5544998308235\"],\"contactPoint\":{\"@type\":\"ContactPoint\",\"email\":\"contato@ubirataonline.com.br\"},\"openingHoursSpecification\":{\"@type\":\"OpeningHoursSpecification\",\"dayOfWeek\":[\"Monday\",\"Tuesday\",\"Wednesday\",\"Thursday\",\"Friday\",\"Saturday\",\"Sunday\"],\"opens\":\"00:00\",\"closes\":\"23:59\"},\"email\":\"contato@ubirataonline.com.br\",\"vatID\":\"47.621.418\\\/0001-80\"},{\"@type\":\"Person\",\"@id\":\"https:\\\/\\\/ubirataonline.com.br\\\/#\\\/schema\\\/person\\\/372f87bbd3fdd79b8556b84c98d0bc1c\",\"name\":\"REDA\u00c7\u00c3O: UBIRAT\u00c3 ONLINE - F\u00c1BIO AUGUSTO CELESTINO\",\"pronouns\":\"Ele\",\"description\":\"Desde 2003 trabalhando com not\u00edcias.\",\"sameAs\":[\"http:\\\/\\\/ubirataoline.com.br\",\"https:\\\/\\\/www.facebook.com\\\/portalubirataonline\",\"https:\\\/\\\/www.instagram.com\\\/ubirataonline_oficial\",\"https:\\\/\\\/x.com\\\/x.com\\\/ubirataonline\"],\"honorificPrefix\":\"Mr.\",\"honorificSuffix\":\"MD\",\"birthDate\":\"1980-06-16\",\"gender\":\"masculino\",\"award\":[\"V\u00e1rios pr\u00eamios de melhor portal da cidade\"],\"jobTitle\":\"Diretor\",\"url\":\"https:\\\/\\\/ubirataonline.com.br\\\/en\\\/author\\\/ubirataonline\\\/\"},{\"@type\":\"PostalAddress\",\"@id\":\"https:\\\/\\\/ubirataonline.com.br\\\/oab-sinaliza-que-ira-ajuizar-adi-no-supremo-para-contestar-pec-dos-precatorios\\\/#local-main-place-address\",\"streetAddress\":\"Rua dos Coqueiros, 104 - Bairro Boa Vista, Rua dos Coqueiros, 104 Bairro Boa Vista\",\"addressLocality\":\"UBIRATA\",\"postalCode\":\"85440-000\",\"addressRegion\":\"PR\",\"addressCountry\":\"BR\"},{\"@type\":\"ImageObject\",\"inLanguage\":\"en-US\",\"@id\":\"https:\\\/\\\/ubirataonline.com.br\\\/oab-sinaliza-que-ira-ajuizar-adi-no-supremo-para-contestar-pec-dos-precatorios\\\/#local-main-organization-logo\",\"url\":\"https:\\\/\\\/ubirataonline.com.br\\\/wp-content\\\/uploads\\\/2026\\\/06\\\/logoubirataonline-1.webp\",\"contentUrl\":\"https:\\\/\\\/ubirataonline.com.br\\\/wp-content\\\/uploads\\\/2026\\\/06\\\/logoubirataonline-1.webp\",\"width\":500,\"height\":500,\"caption\":\"Ubirat\u00e3 Online Not\u00edcias\"}]}<\/script>\n<meta name=\"geo.placename\" content=\"UBIRATA\" \/>\n<meta name=\"geo.position\" content=\"-24.5361401;-52.9921776\" \/>\n<meta name=\"geo.region\" content=\"Brazil\" \/>\n<!-- \/ Yoast SEO Premium plugin. -->","yoast_head_json":{"title":"OAB sinaliza que ir\u00e1 ajuizar ADI no Supremo para contestar PEC dos Precat\u00f3rios - Ubirat\u00e3 Online Not\u00edcias - A realidade ao seu alcance!","description":"A mat\u00e9ria publicada \u00e0s 15h27, em seu primeiro par\u00e1grafo, e o respectivo t\u00edtulo continham uma imprecis\u00e3o. A Ordem dos Advogados do Brasil (OAB) \u00e9 que","robots":{"index":"index","follow":"follow","max-snippet":"max-snippet:-1","max-image-preview":"max-image-preview:large","max-video-preview":"max-video-preview:-1"},"canonical":"https:\/\/ubirataonline.com.br\/en\/oab-sinaliza-que-ira-ajuizar-adi-no-supremo-para-contestar-pec-dos-precatorios\/","og_locale":"en_US","og_type":"article","og_title":"OAB sinaliza que ir\u00e1 ajuizar ADI no Supremo para contestar PEC dos Precat\u00f3rios","og_description":"A mat\u00e9ria publicada \u00e0s 15h27, em seu primeiro par\u00e1grafo, e o respectivo t\u00edtulo continham uma imprecis\u00e3o. A Ordem dos Advogados do Brasil (OAB) \u00e9 que","og_url":"https:\/\/ubirataonline.com.br\/en\/oab-sinaliza-que-ira-ajuizar-adi-no-supremo-para-contestar-pec-dos-precatorios\/","og_site_name":"Ubirat\u00e3 Online Not\u00edcias - A realidade ao seu alcance!","article_publisher":"https:\/\/www.facebook.com\/portalubirataonline","article_author":"https:\/\/www.facebook.com\/portalubirataonline","article_published_time":"2025-09-12T14:49:45+00:00","og_image":[{"width":1531,"height":418,"url":"https:\/\/ubirataonline.com.br\/wp-content\/uploads\/2026\/05\/logo2026.webp","type":"image\/webp"}],"author":"REDA\u00c7\u00c3O: UBIRAT\u00c3 ONLINE - F\u00c1BIO AUGUSTO CELESTINO","twitter_card":"summary_large_image","twitter_creator":"@x.com\/ubirataonline","twitter_site":"@ubirataonline","twitter_misc":{"Written by":"REDA\u00c7\u00c3O: UBIRAT\u00c3 ONLINE - F\u00c1BIO AUGUSTO CELESTINO","Est. reading time":"2 minutes"},"schema":{"@context":"https:\/\/schema.org","@graph":[{"@type":"NewsArticle","@id":"https:\/\/ubirataonline.com.br\/oab-sinaliza-que-ira-ajuizar-adi-no-supremo-para-contestar-pec-dos-precatorios\/#article","isPartOf":{"@id":"https:\/\/ubirataonline.com.br\/oab-sinaliza-que-ira-ajuizar-adi-no-supremo-para-contestar-pec-dos-precatorios\/"},"author":{"name":"REDA\u00c7\u00c3O: UBIRAT\u00c3 ONLINE - F\u00c1BIO AUGUSTO CELESTINO","@id":"https:\/\/ubirataonline.com.br\/#\/schema\/person\/372f87bbd3fdd79b8556b84c98d0bc1c"},"headline":"OAB sinaliza que ir\u00e1 ajuizar ADI no Supremo para contestar PEC dos Precat\u00f3rios","datePublished":"2025-09-12T14:49:45+00:00","mainEntityOfPage":{"@id":"https:\/\/ubirataonline.com.br\/oab-sinaliza-que-ira-ajuizar-adi-no-supremo-para-contestar-pec-dos-precatorios\/"},"wordCount":445,"publisher":{"@id":"https:\/\/ubirataonline.com.br\/#organization"},"image":{"@id":"https:\/\/ubirataonline.com.br\/oab-sinaliza-que-ira-ajuizar-adi-no-supremo-para-contestar-pec-dos-precatorios\/#primaryimage"},"thumbnailUrl":"https:\/\/ubirataonline.com.br\/wp-content\/uploads\/2025\/08\/CGN768x461.gif","articleSection":["Ubirat\u00e3"],"inLanguage":"en-US","copyrightYear":"2025","copyrightHolder":{"@id":"https:\/\/ubirataonline.com.br\/en\/#organization"}},{"@type":"WebPage","@id":"https:\/\/ubirataonline.com.br\/oab-sinaliza-que-ira-ajuizar-adi-no-supremo-para-contestar-pec-dos-precatorios\/","url":"https:\/\/ubirataonline.com.br\/oab-sinaliza-que-ira-ajuizar-adi-no-supremo-para-contestar-pec-dos-precatorios\/","name":"OAB sinaliza que ir\u00e1 ajuizar ADI no Supremo para contestar PEC dos Precat\u00f3rios - Ubirat\u00e3 Online Not\u00edcias - A realidade ao seu alcance!","isPartOf":{"@id":"https:\/\/ubirataonline.com.br\/#website"},"primaryImageOfPage":{"@id":"https:\/\/ubirataonline.com.br\/oab-sinaliza-que-ira-ajuizar-adi-no-supremo-para-contestar-pec-dos-precatorios\/#primaryimage"},"image":{"@id":"https:\/\/ubirataonline.com.br\/oab-sinaliza-que-ira-ajuizar-adi-no-supremo-para-contestar-pec-dos-precatorios\/#primaryimage"},"thumbnailUrl":"https:\/\/ubirataonline.com.br\/wp-content\/uploads\/2025\/08\/CGN768x461.gif","datePublished":"2025-09-12T14:49:45+00:00","description":"A mat\u00e9ria publicada \u00e0s 15h27, em seu primeiro par\u00e1grafo, e o respectivo t\u00edtulo continham uma imprecis\u00e3o. A Ordem dos Advogados do Brasil (OAB) \u00e9 que","breadcrumb":{"@id":"https:\/\/ubirataonline.com.br\/oab-sinaliza-que-ira-ajuizar-adi-no-supremo-para-contestar-pec-dos-precatorios\/#breadcrumb"},"inLanguage":"en-US","potentialAction":[{"@type":"ReadAction","target":["https:\/\/ubirataonline.com.br\/oab-sinaliza-que-ira-ajuizar-adi-no-supremo-para-contestar-pec-dos-precatorios\/"]}]},{"@type":"ImageObject","inLanguage":"en-US","@id":"https:\/\/ubirataonline.com.br\/oab-sinaliza-que-ira-ajuizar-adi-no-supremo-para-contestar-pec-dos-precatorios\/#primaryimage","url":"https:\/\/ubirataonline.com.br\/wp-content\/uploads\/2025\/08\/CGN768x461.gif","contentUrl":"https:\/\/ubirataonline.com.br\/wp-content\/uploads\/2025\/08\/CGN768x461.gif","width":768,"height":461},{"@type":"BreadcrumbList","@id":"https:\/\/ubirataonline.com.br\/oab-sinaliza-que-ira-ajuizar-adi-no-supremo-para-contestar-pec-dos-precatorios\/#breadcrumb","itemListElement":[{"@type":"ListItem","position":1,"name":"In\u00edcio","item":"https:\/\/ubirataonline.com.br\/"},{"@type":"ListItem","position":2,"name":"OAB sinaliza que ir\u00e1 ajuizar ADI no Supremo para contestar PEC dos Precat\u00f3rios"}]},{"@type":"WebSite","@id":"https:\/\/ubirataonline.com.br\/#website","url":"https:\/\/ubirataonline.com.br\/","name":"Ubirat\u00e3 Online Not\u00edcias","description":"Not\u00edcias de Ubirat\u00e3, regi\u00e3o, Brasil e mundo, com informa\u00e7\u00e3o atualizada e compromisso com o leitor.","publisher":{"@id":"https:\/\/ubirataonline.com.br\/#organization"},"alternateName":"Ubirat\u00e3 Online","potentialAction":[{"@type":"SearchAction","target":{"@type":"EntryPoint","urlTemplate":"https:\/\/ubirataonline.com.br\/?s={search_term_string}"},"query-input":{"@type":"PropertyValueSpecification","valueRequired":true,"valueName":"search_term_string"}}],"inLanguage":"en-US"},{"@type":["Organization","Place"],"@id":"https:\/\/ubirataonline.com.br\/#organization","name":"Ubirat\u00e3 Online Not\u00edcias","alternateName":"Ubirat\u00e3 Online","url":"https:\/\/ubirataonline.com.br\/","logo":{"@id":"https:\/\/ubirataonline.com.br\/oab-sinaliza-que-ira-ajuizar-adi-no-supremo-para-contestar-pec-dos-precatorios\/#local-main-organization-logo"},"image":{"@id":"https:\/\/ubirataonline.com.br\/oab-sinaliza-que-ira-ajuizar-adi-no-supremo-para-contestar-pec-dos-precatorios\/#local-main-organization-logo"},"sameAs":["https:\/\/www.facebook.com\/portalubirataonline","https:\/\/x.com\/ubirataonline","https:\/\/mastodon.social\/@ubirataonline","https:\/\/www.facebook.com\/groups\/311144672285604","https:\/\/www.facebook.com\/UBTAOnline","https:\/\/www.instagram.com\/portalubirataonline\/","https:\/\/twitter.com\/ubirataonline"],"description":"Somos um portal de not\u00edcias independente, criado em 5 de janeiro de 2009, com o objetivo de informar, conectar e valorizar a nossa comunidade de Ubirat\u00e3 e toda aregi\u00e3o. Com conte\u00fado atualizado, confi\u00e1vel e relevante, o Ubirat\u00e3 Online \u00e9 o seu espa\u00e7o para ficar por dentro dos principais acontecimentos locais, regionais, Brasil, Mundo e de interesse geral. Nosso compromisso \u00e9 com a verdade, a transpar\u00eancia e o respeito ao leitor.","legalName":"UBIRATA ONLINE NOT\u00cdCIAS","foundingDate":"2009-01-05","numberOfEmployees":{"@type":"QuantitativeValue","minValue":"1","maxValue":"10"},"publishingPrinciples":"https:\/\/ubirataonline.com.br\/faq\/","address":{"@id":"https:\/\/ubirataonline.com.br\/oab-sinaliza-que-ira-ajuizar-adi-no-supremo-para-contestar-pec-dos-precatorios\/#local-main-place-address"},"geo":{"@type":"GeoCoordinates","latitude":"-24.5361401","longitude":"-52.9921776"},"telephone":["+5544998308235"],"contactPoint":{"@type":"ContactPoint","email":"contato@ubirataonline.com.br"},"openingHoursSpecification":{"@type":"OpeningHoursSpecification","dayOfWeek":["Monday","Tuesday","Wednesday","Thursday","Friday","Saturday","Sunday"],"opens":"00:00","closes":"23:59"},"email":"contato@ubirataonline.com.br","vatID":"47.621.418\/0001-80"},{"@type":"Person","@id":"https:\/\/ubirataonline.com.br\/#\/schema\/person\/372f87bbd3fdd79b8556b84c98d0bc1c","name":"REDA\u00c7\u00c3O: UBIRAT\u00c3 ONLINE - F\u00c1BIO AUGUSTO CELESTINO","pronouns":"Ele","description":"Desde 2003 trabalhando com not\u00edcias.","sameAs":["http:\/\/ubirataoline.com.br","https:\/\/www.facebook.com\/portalubirataonline","https:\/\/www.instagram.com\/ubirataonline_oficial","https:\/\/x.com\/x.com\/ubirataonline"],"honorificPrefix":"Mr.","honorificSuffix":"MD","birthDate":"1980-06-16","gender":"masculino","award":["V\u00e1rios pr\u00eamios de melhor portal da cidade"],"jobTitle":"Diretor","url":"https:\/\/ubirataonline.com.br\/en\/author\/ubirataonline\/"},{"@type":"PostalAddress","@id":"https:\/\/ubirataonline.com.br\/oab-sinaliza-que-ira-ajuizar-adi-no-supremo-para-contestar-pec-dos-precatorios\/#local-main-place-address","streetAddress":"Rua dos Coqueiros, 104 - Bairro Boa Vista, Rua dos Coqueiros, 104 Bairro Boa Vista","addressLocality":"UBIRATA","postalCode":"85440-000","addressRegion":"PR","addressCountry":"BR"},{"@type":"ImageObject","inLanguage":"en-US","@id":"https:\/\/ubirataonline.com.br\/oab-sinaliza-que-ira-ajuizar-adi-no-supremo-para-contestar-pec-dos-precatorios\/#local-main-organization-logo","url":"https:\/\/ubirataonline.com.br\/wp-content\/uploads\/2026\/06\/logoubirataonline-1.webp","contentUrl":"https:\/\/ubirataonline.com.br\/wp-content\/uploads\/2026\/06\/logoubirataonline-1.webp","width":500,"height":500,"caption":"Ubirat\u00e3 Online Not\u00edcias"}]},"geo.placename":"UBIRATA","geo.position":{"lat":"-24.5361401","long":"-52.9921776"},"geo.region":"Brazil"},"_links":{"self":[{"href":"https:\/\/ubirataonline.com.br\/en\/wp-json\/wp\/v2\/posts\/68133","targetHints":{"allow":["GET"]}}],"collection":[{"href":"https:\/\/ubirataonline.com.br\/en\/wp-json\/wp\/v2\/posts"}],"about":[{"href":"https:\/\/ubirataonline.com.br\/en\/wp-json\/wp\/v2\/types\/post"}],"author":[{"embeddable":true,"href":"https:\/\/ubirataonline.com.br\/en\/wp-json\/wp\/v2\/users\/1"}],"replies":[{"embeddable":true,"href":"https:\/\/ubirataonline.com.br\/en\/wp-json\/wp\/v2\/comments?post=68133"}],"version-history":[{"count":0,"href":"https:\/\/ubirataonline.com.br\/en\/wp-json\/wp\/v2\/posts\/68133\/revisions"}],"wp:featuredmedia":[{"embeddable":true,"href":"https:\/\/ubirataonline.com.br\/en\/wp-json\/wp\/v2\/media\/63219"}],"wp:attachment":[{"href":"https:\/\/ubirataonline.com.br\/en\/wp-json\/wp\/v2\/media?parent=68133"}],"wp:term":[{"taxonomy":"category","embeddable":true,"href":"https:\/\/ubirataonline.com.br\/en\/wp-json\/wp\/v2\/categories?post=68133"},{"taxonomy":"post_tag","embeddable":true,"href":"https:\/\/ubirataonline.com.br\/en\/wp-json\/wp\/v2\/tags?post=68133"}],"curies":[{"name":"wp","href":"https:\/\/api.w.org\/{rel}","templated":true}]}}