{"id":68135,"date":"2025-09-12T12:44:42","date_gmt":"2025-09-12T15:44:42","guid":{"rendered":"https:\/\/ubirataonline.com.br\/cptm-e-metro-mantem-operacao-24-horas-nos-proximos-dias-do-the-town-2025\/"},"modified":"2025-09-12T12:44:42","modified_gmt":"2025-09-12T15:44:42","slug":"cptm-e-metro-mantem-operacao-24-horas-nos-proximos-dias-do-the-town-2025","status":"publish","type":"post","link":"https:\/\/ubirataonline.com.br\/en\/cptm-e-metro-mantem-operacao-24-horas-nos-proximos-dias-do-the-town-2025\/","title":{"rendered":"CPTM e Metr\u00f4 mant\u00eam opera\u00e7\u00e3o 24 horas nos pr\u00f3ximos dias do The Town 2025"},"content":{"rendered":"<p><\/p>\n<div>\n<p>Ao longo do segundo fim de semana do The Town 2025, que acontece nos dias 12, 13 e 14 de setembro, CPTM e Metr\u00f4 voltar\u00e3o a operar 24 horas para atender ao p\u00fablico do festival. \u00a0<\/p>\n<p>A opera\u00e7\u00e3o especial garante que os espectadores do evento possam embarcar em qualquer hor\u00e1rio nas esta\u00e7\u00f5es Aut\u00f3dromo e Cidade Dutra (Linha 9-Esmeralda) \u2014 as mais pr\u00f3ximas do festival \u2014 e seguir viagem por qualquer linha do sistema. A tarifa unit\u00e1ria segue no valor de R$ 5,20, v\u00e1lida para todo o trajeto, exceto no trem expresso da Linha 9-Esmeralda. \u00a0 \u00a0<\/p>\n<p><strong>LEIA TAMB\u00c9M: <a href=\"https:\/\/www.agenciasp.sp.gov.br\/governo-de-sp-reforca-acolhimento-para-mulheres-no-the-town-com-espaco-exclusivo-do-protocolo-nao-se-cale\/\">Governo de SP refor\u00e7a acolhimento para mulheres no The Town com espa\u00e7o exclusivo do Protocolo n\u00e3o se Cale<\/a> <\/strong>\u00a0<\/p>\n<p>No Metr\u00f4, todas as esta\u00e7\u00f5es estar\u00e3o abertas 24 horas para desembarque, com embarque permitido at\u00e9 a meia-noite.\u00a0<\/p>\n<p>Na CPTM, as cinco linhas estar\u00e3o dispon\u00edveis na ida e na volta. A Esta\u00e7\u00e3o Palmeiras-Barra Funda tamb\u00e9m funcionar\u00e1 para embarque e desembarque nas madrugadas, enquanto as demais estar\u00e3o abertas somente para desembarque. As transfer\u00eancias com Metr\u00f4, ViaMobilidade e ViaQuatro tamb\u00e9m permanecer\u00e3o abertas nos pr\u00f3ximos dias de festival.<\/p>\n<p><strong>Confira os caminhos recomendados: \u00a0<\/strong><br \/>\u2013 Linhas 10-Turquesa e 11-Coral: descer na Esta\u00e7\u00e3o Luz e transferir para a Linha 4-Amarela at\u00e9 Pinheiros, seguindo pela Linha 9-Esmeralda at\u00e9 o Aut\u00f3dromo. \u00a0<br \/>\u2013 Linha 12-Safira: seguir at\u00e9 Tatuap\u00e9 e transferir para a Linha 11-Coral. \u00a0<br \/>\u2013 Linha 13-Jade: transferir para a Linha 12-Safira na Esta\u00e7\u00e3o Engenheiro Goulart. \u00a0<br \/>\u2013 Linha 7-Rubi: seguir at\u00e9 Palmeiras-Barra Funda e transferir para a Linha 10-Turquesa.\u00a0<\/p>\n<p>O intervalo entre os trens ser\u00e1 ajustado conforme a demanda.\u00a0<\/p>\n<p><strong>LEIA TAMB\u00c9M: <a href=\"https:\/\/www.agenciasp.sp.gov.br\/de-transporte-publico-24h-a-seguranca-reforcada-veja-como-o-governo-de-sp-vai-atuar-no-the-town-2025\/\">De transporte p\u00fablico 24h a policiamento refor\u00e7ado: veja os servi\u00e7os do Governo de SP no The Town 2025<\/a><\/strong><\/p>\n<p><strong>Orienta\u00e7\u00e3o aos passageiros<\/strong><br \/>Promotores estar\u00e3o nas esta\u00e7\u00f5es Santa Cruz, Ch\u00e1cara Klabin, Consola\u00e7\u00e3o, Rep\u00fablica e Luz para orientar o p\u00fablico.\u00a0<\/p>\n<p>Dentro do The Town, o estande do Metr\u00f4 com o \u201cvag\u00e3o-balada\u201d seguir\u00e1 aberto durante todo o festival, com atividades imersivas, v\u00eddeos e distribui\u00e7\u00e3o de fones de ouvido. As informa\u00e7\u00f5es podem ser acompanhadas pelas redes sociais da Companhia ou pelos canais de atendimento: \u00a0<br \/>Central de Relacionamento: 0800 055 0121 \u00a0<br \/>WhatsApp: (11) 99767-7030\u00a0<\/p>\n<p>Os colaboradores da CPTM tamb\u00e9m estar\u00e3o \u00e0 disposi\u00e7\u00e3o para auxiliar os passageiros nos seus deslocamentos. \u00c9 poss\u00edvel acompanhar as informa\u00e7\u00f5es da Companhia pelas redes sociais e esclarecer d\u00favidas pelos canais de atendimento: Central de Relacionamento no 0800 055 0121 ou pelo WhatsApp (11) 99767-7030.<\/p>\n<p><strong>LEIA TAMB\u00c9M: <a href=\"https:\/\/www.agenciasp.sp.gov.br\/the-town-pm-realiza-operacao-e-reforca-efetivo-com-mais-de-32-mil-policiais-nos-5-dias-de-evento\/\">The Town: PM realiza opera\u00e7\u00e3o e refor\u00e7a efetivo com mais de 3,2 mil policiais nos 5 dias de evento<\/a><\/strong><\/p>\n<p><strong>Recomenda\u00e7\u00f5es<\/strong><br \/>Para evitar filas, os bilhetes de ida e volta podem ser comprados com anteced\u00eancia via App TOP, WhatsApp (11) 3888-2200, carteira Google, estabelecimentos credenciados e m\u00e1quinas de autoatendimento nas esta\u00e7\u00f5es.<\/p>\n<p><strong>Sobre a CPTM<\/strong><br \/>A Companhia Paulista de Trens Metropolitanos \u00e9 uma operadora de transporte ferrovi\u00e1rio de passageiros, com 1,5 milh\u00e3o de passageiros transportados por dia \u00fatil. Diariamente, os trens percorrem cerca de 69,5 mil km, ou 1,74 volta em torno da Terra, em 1.895 viagens programadas. Juntas, as cinco linhas da CPTM somam 199 km de extens\u00e3o, dos quais 99 km est\u00e3o na capital paulista, que tamb\u00e9m conta com 26 esta\u00e7\u00f5es do total de 57. A CPTM atende os moradores de 18 munic\u00edpios, incluindo a capital.<\/p>\n<p><strong>LEIA TAMB\u00c9M: <a href=\"https:\/\/www.agenciasp.sp.gov.br\/the-town-2025-linha-9-da-viamobilidade-tera-estacao-reativada-para-ampliar-acesso-do-publico\/\">The Town 2025: linha 9 da ViaMobilidade ter\u00e1 esta\u00e7\u00e3o reativada para ampliar acesso do p\u00fablico<\/a><\/strong><\/p>\n<p><strong>Sobre o Metr\u00f4<\/strong><br \/>Respons\u00e1vel pelo planejamento da rede metrovi\u00e1ria, al\u00e9m da opera\u00e7\u00e3o e administra\u00e7\u00e3o de quatro linhas em S\u00e3o Paulo, ao longo de 71,5 km de extens\u00e3o, a Companhia do Metropolitano transporta diariamente 3 milh\u00f5es de pessoas. A empresa tamb\u00e9m opera a primeira linha de metr\u00f4 do Brasil.<\/p>\n<\/p><\/div>\n<p><a href=\"https:\/\/www.agenciasp.sp.gov.br\/cptm-e-metro-mantem-operacao-24-horas-nos-proximos-dias-do-the-town-2025\/\">Source link <\/a><\/p>","protected":false},"excerpt":{"rendered":"<p>Ao longo do segundo fim de semana do The Town 2025, que acontece nos dias 12, 13 e 14 de setembro, CPTM e Metr\u00f4 voltar\u00e3o a operar 24 horas para atender ao p\u00fablico do festival. \u00a0 A opera\u00e7\u00e3o especial garante que os espectadores do evento possam embarcar em qualquer hor\u00e1rio nas esta\u00e7\u00f5es Aut\u00f3dromo e Cidade [&hellip;]<\/p>\n","protected":false},"author":1,"featured_media":68136,"comment_status":"","ping_status":"","sticky":false,"template":"","format":"standard","meta":{"googlesitekit_rrm_CAow2JLhCw:productID":"","_gspb_post_css":"","maa_idioma":"","maa_pais":"","footnotes":""},"categories":[4],"tags":[],"class_list":["post-68135","post","type-post","status-publish","format-standard","has-post-thumbnail","hentry","category-brasil"],"blocksy_meta":[],"yoast_head":"<!-- This site is optimized with the Yoast SEO Premium plugin v27.6 (Yoast SEO v27.6) - https:\/\/yoast.com\/product\/yoast-seo-premium-wordpress\/ -->\n<title>CPTM e Metr\u00f4 mant\u00eam opera\u00e7\u00e3o 24 horas nos pr\u00f3ximos dias do The Town 2025 - Ubirat\u00e3 Online Not\u00edcias - A realidade ao seu alcance!<\/title>\n<meta name=\"description\" content=\"Ao longo do segundo fim de semana do The Town 2025, que acontece nos dias 12, 13 e 14 de setembro, CPTM e Metr\u00f4 voltar\u00e3o a operar 24 horas para atender ao\" \/>\n<meta name=\"robots\" content=\"index, follow, max-snippet:-1, max-image-preview:large, max-video-preview:-1\" \/>\n<link rel=\"canonical\" href=\"https:\/\/ubirataonline.com.br\/en\/cptm-e-metro-mantem-operacao-24-horas-nos-proximos-dias-do-the-town-2025\/\" \/>\n<meta property=\"og:locale\" content=\"en_US\" \/>\n<meta property=\"og:type\" content=\"article\" \/>\n<meta property=\"og:title\" content=\"CPTM e Metr\u00f4 mant\u00eam opera\u00e7\u00e3o 24 horas nos pr\u00f3ximos dias do The Town 2025\" \/>\n<meta property=\"og:description\" content=\"Ao longo do segundo fim de semana do The Town 2025, que acontece nos dias 12, 13 e 14 de setembro, CPTM e Metr\u00f4 voltar\u00e3o a operar 24 horas para atender ao\" \/>\n<meta property=\"og:url\" content=\"https:\/\/ubirataonline.com.br\/en\/cptm-e-metro-mantem-operacao-24-horas-nos-proximos-dias-do-the-town-2025\/\" \/>\n<meta property=\"og:site_name\" content=\"Ubirat\u00e3 Online Not\u00edcias - A realidade ao seu alcance!\" \/>\n<meta property=\"article:publisher\" content=\"https:\/\/www.facebook.com\/portalubirataonline\" \/>\n<meta property=\"article:author\" content=\"https:\/\/www.facebook.com\/portalubirataonline\" \/>\n<meta property=\"article:published_time\" content=\"2025-09-12T15:44:42+00:00\" \/>\n<meta property=\"og:image\" content=\"https:\/\/ubirataonline.com.br\/wp-content\/uploads\/2026\/05\/logo2026.webp\" \/>\n\t<meta property=\"og:image:width\" content=\"1531\" \/>\n\t<meta property=\"og:image:height\" content=\"418\" \/>\n\t<meta property=\"og:image:type\" content=\"image\/webp\" \/>\n<meta name=\"author\" content=\"REDA\u00c7\u00c3O: UBIRAT\u00c3 ONLINE - F\u00c1BIO AUGUSTO CELESTINO\" \/>\n<meta name=\"twitter:card\" content=\"summary_large_image\" \/>\n<meta name=\"twitter:creator\" content=\"@x.com\/ubirataonline\" \/>\n<meta name=\"twitter:site\" content=\"@ubirataonline\" \/>\n<meta name=\"twitter:label1\" content=\"Written by\" \/>\n\t<meta name=\"twitter:data1\" content=\"REDA\u00c7\u00c3O: UBIRAT\u00c3 ONLINE - F\u00c1BIO AUGUSTO CELESTINO\" \/>\n\t<meta name=\"twitter:label2\" content=\"Est. reading time\" \/>\n\t<meta name=\"twitter:data2\" content=\"3 minutes\" \/>\n<script type=\"application\/ld+json\" class=\"yoast-schema-graph\">{\"@context\":\"https:\\\/\\\/schema.org\",\"@graph\":[{\"@type\":\"NewsArticle\",\"@id\":\"https:\\\/\\\/ubirataonline.com.br\\\/cptm-e-metro-mantem-operacao-24-horas-nos-proximos-dias-do-the-town-2025\\\/#article\",\"isPartOf\":{\"@id\":\"https:\\\/\\\/ubirataonline.com.br\\\/cptm-e-metro-mantem-operacao-24-horas-nos-proximos-dias-do-the-town-2025\\\/\"},\"author\":{\"name\":\"REDA\u00c7\u00c3O: UBIRAT\u00c3 ONLINE - F\u00c1BIO AUGUSTO CELESTINO\",\"@id\":\"https:\\\/\\\/ubirataonline.com.br\\\/#\\\/schema\\\/person\\\/372f87bbd3fdd79b8556b84c98d0bc1c\"},\"headline\":\"CPTM e Metr\u00f4 mant\u00eam opera\u00e7\u00e3o 24 horas nos pr\u00f3ximos dias do The Town 2025\",\"datePublished\":\"2025-09-12T15:44:42+00:00\",\"mainEntityOfPage\":{\"@id\":\"https:\\\/\\\/ubirataonline.com.br\\\/cptm-e-metro-mantem-operacao-24-horas-nos-proximos-dias-do-the-town-2025\\\/\"},\"wordCount\":639,\"publisher\":{\"@id\":\"https:\\\/\\\/ubirataonline.com.br\\\/#organization\"},\"image\":{\"@id\":\"https:\\\/\\\/ubirataonline.com.br\\\/cptm-e-metro-mantem-operacao-24-horas-nos-proximos-dias-do-the-town-2025\\\/#primaryimage\"},\"thumbnailUrl\":\"https:\\\/\\\/ubirataonline.com.br\\\/wp-content\\\/uploads\\\/2025\\\/09\\\/cptm-1024x683.jpg\",\"articleSection\":[\"Brasil\"],\"inLanguage\":\"en-US\",\"copyrightYear\":\"2025\",\"copyrightHolder\":{\"@id\":\"https:\\\/\\\/ubirataonline.com.br\\\/en\\\/#organization\"}},{\"@type\":\"WebPage\",\"@id\":\"https:\\\/\\\/ubirataonline.com.br\\\/cptm-e-metro-mantem-operacao-24-horas-nos-proximos-dias-do-the-town-2025\\\/\",\"url\":\"https:\\\/\\\/ubirataonline.com.br\\\/cptm-e-metro-mantem-operacao-24-horas-nos-proximos-dias-do-the-town-2025\\\/\",\"name\":\"CPTM e Metr\u00f4 mant\u00eam opera\u00e7\u00e3o 24 horas nos pr\u00f3ximos dias do The Town 2025 - Ubirat\u00e3 Online Not\u00edcias - A realidade ao seu alcance!\",\"isPartOf\":{\"@id\":\"https:\\\/\\\/ubirataonline.com.br\\\/#website\"},\"primaryImageOfPage\":{\"@id\":\"https:\\\/\\\/ubirataonline.com.br\\\/cptm-e-metro-mantem-operacao-24-horas-nos-proximos-dias-do-the-town-2025\\\/#primaryimage\"},\"image\":{\"@id\":\"https:\\\/\\\/ubirataonline.com.br\\\/cptm-e-metro-mantem-operacao-24-horas-nos-proximos-dias-do-the-town-2025\\\/#primaryimage\"},\"thumbnailUrl\":\"https:\\\/\\\/ubirataonline.com.br\\\/wp-content\\\/uploads\\\/2025\\\/09\\\/cptm-1024x683.jpg\",\"datePublished\":\"2025-09-12T15:44:42+00:00\",\"description\":\"Ao longo do segundo fim de semana do The Town 2025, que acontece nos dias 12, 13 e 14 de setembro, CPTM e Metr\u00f4 voltar\u00e3o a operar 24 horas para atender ao\",\"breadcrumb\":{\"@id\":\"https:\\\/\\\/ubirataonline.com.br\\\/cptm-e-metro-mantem-operacao-24-horas-nos-proximos-dias-do-the-town-2025\\\/#breadcrumb\"},\"inLanguage\":\"en-US\",\"potentialAction\":[{\"@type\":\"ReadAction\",\"target\":[\"https:\\\/\\\/ubirataonline.com.br\\\/cptm-e-metro-mantem-operacao-24-horas-nos-proximos-dias-do-the-town-2025\\\/\"]}]},{\"@type\":\"ImageObject\",\"inLanguage\":\"en-US\",\"@id\":\"https:\\\/\\\/ubirataonline.com.br\\\/cptm-e-metro-mantem-operacao-24-horas-nos-proximos-dias-do-the-town-2025\\\/#primaryimage\",\"url\":\"https:\\\/\\\/ubirataonline.com.br\\\/wp-content\\\/uploads\\\/2025\\\/09\\\/cptm-1024x683.jpg\",\"contentUrl\":\"https:\\\/\\\/ubirataonline.com.br\\\/wp-content\\\/uploads\\\/2025\\\/09\\\/cptm-1024x683.jpg\",\"width\":1024,\"height\":683},{\"@type\":\"BreadcrumbList\",\"@id\":\"https:\\\/\\\/ubirataonline.com.br\\\/cptm-e-metro-mantem-operacao-24-horas-nos-proximos-dias-do-the-town-2025\\\/#breadcrumb\",\"itemListElement\":[{\"@type\":\"ListItem\",\"position\":1,\"name\":\"In\u00edcio\",\"item\":\"https:\\\/\\\/ubirataonline.com.br\\\/\"},{\"@type\":\"ListItem\",\"position\":2,\"name\":\"CPTM e Metr\u00f4 mant\u00eam opera\u00e7\u00e3o 24 horas nos pr\u00f3ximos dias do The Town 2025\"}]},{\"@type\":\"WebSite\",\"@id\":\"https:\\\/\\\/ubirataonline.com.br\\\/#website\",\"url\":\"https:\\\/\\\/ubirataonline.com.br\\\/\",\"name\":\"Ubirat\u00e3 Online Not\u00edcias\",\"description\":\"Not\u00edcias de Ubirat\u00e3, regi\u00e3o, Brasil e mundo, com informa\u00e7\u00e3o atualizada e compromisso com o leitor.\",\"publisher\":{\"@id\":\"https:\\\/\\\/ubirataonline.com.br\\\/#organization\"},\"alternateName\":\"Ubirat\u00e3 Online\",\"potentialAction\":[{\"@type\":\"SearchAction\",\"target\":{\"@type\":\"EntryPoint\",\"urlTemplate\":\"https:\\\/\\\/ubirataonline.com.br\\\/?s={search_term_string}\"},\"query-input\":{\"@type\":\"PropertyValueSpecification\",\"valueRequired\":true,\"valueName\":\"search_term_string\"}}],\"inLanguage\":\"en-US\"},{\"@type\":[\"Organization\",\"Place\"],\"@id\":\"https:\\\/\\\/ubirataonline.com.br\\\/#organization\",\"name\":\"Ubirat\u00e3 Online Not\u00edcias\",\"alternateName\":\"Ubirat\u00e3 Online\",\"url\":\"https:\\\/\\\/ubirataonline.com.br\\\/\",\"logo\":{\"@id\":\"https:\\\/\\\/ubirataonline.com.br\\\/cptm-e-metro-mantem-operacao-24-horas-nos-proximos-dias-do-the-town-2025\\\/#local-main-organization-logo\"},\"image\":{\"@id\":\"https:\\\/\\\/ubirataonline.com.br\\\/cptm-e-metro-mantem-operacao-24-horas-nos-proximos-dias-do-the-town-2025\\\/#local-main-organization-logo\"},\"sameAs\":[\"https:\\\/\\\/www.facebook.com\\\/portalubirataonline\",\"https:\\\/\\\/x.com\\\/ubirataonline\",\"https:\\\/\\\/mastodon.social\\\/@ubirataonline\",\"https:\\\/\\\/www.facebook.com\\\/groups\\\/311144672285604\",\"https:\\\/\\\/www.facebook.com\\\/UBTAOnline\",\"https:\\\/\\\/www.instagram.com\\\/portalubirataonline\\\/\",\"https:\\\/\\\/twitter.com\\\/ubirataonline\"],\"description\":\"Somos um portal de not\u00edcias independente, criado em 5 de janeiro de 2009, com o objetivo de informar, conectar e valorizar a nossa comunidade de Ubirat\u00e3 e toda aregi\u00e3o. Com conte\u00fado atualizado, confi\u00e1vel e relevante, o Ubirat\u00e3 Online \u00e9 o seu espa\u00e7o para ficar por dentro dos principais acontecimentos locais, regionais, Brasil, Mundo e de interesse geral. Nosso compromisso \u00e9 com a verdade, a transpar\u00eancia e o respeito ao leitor.\",\"legalName\":\"UBIRATA ONLINE NOT\u00cdCIAS\",\"foundingDate\":\"2009-01-05\",\"numberOfEmployees\":{\"@type\":\"QuantitativeValue\",\"minValue\":\"1\",\"maxValue\":\"10\"},\"publishingPrinciples\":\"https:\\\/\\\/ubirataonline.com.br\\\/faq\\\/\",\"address\":{\"@id\":\"https:\\\/\\\/ubirataonline.com.br\\\/cptm-e-metro-mantem-operacao-24-horas-nos-proximos-dias-do-the-town-2025\\\/#local-main-place-address\"},\"geo\":{\"@type\":\"GeoCoordinates\",\"latitude\":\"-24.5361401\",\"longitude\":\"-52.9921776\"},\"telephone\":[\"+5544998308235\"],\"contactPoint\":{\"@type\":\"ContactPoint\",\"email\":\"contato@ubirataonline.com.br\"},\"openingHoursSpecification\":{\"@type\":\"OpeningHoursSpecification\",\"dayOfWeek\":[\"Monday\",\"Tuesday\",\"Wednesday\",\"Thursday\",\"Friday\",\"Saturday\",\"Sunday\"],\"opens\":\"00:00\",\"closes\":\"23:59\"},\"email\":\"contato@ubirataonline.com.br\",\"vatID\":\"47.621.418\\\/0001-80\"},{\"@type\":\"Person\",\"@id\":\"https:\\\/\\\/ubirataonline.com.br\\\/#\\\/schema\\\/person\\\/372f87bbd3fdd79b8556b84c98d0bc1c\",\"name\":\"REDA\u00c7\u00c3O: UBIRAT\u00c3 ONLINE - F\u00c1BIO AUGUSTO CELESTINO\",\"pronouns\":\"Ele\",\"description\":\"Desde 2003 trabalhando com not\u00edcias.\",\"sameAs\":[\"http:\\\/\\\/ubirataoline.com.br\",\"https:\\\/\\\/www.facebook.com\\\/portalubirataonline\",\"https:\\\/\\\/www.instagram.com\\\/ubirataonline_oficial\",\"https:\\\/\\\/x.com\\\/x.com\\\/ubirataonline\"],\"honorificPrefix\":\"Mr.\",\"honorificSuffix\":\"MD\",\"birthDate\":\"1980-06-16\",\"gender\":\"masculino\",\"award\":[\"V\u00e1rios pr\u00eamios de melhor portal da cidade\"],\"jobTitle\":\"Diretor\",\"url\":\"https:\\\/\\\/ubirataonline.com.br\\\/en\\\/author\\\/ubirataonline\\\/\"},{\"@type\":\"PostalAddress\",\"@id\":\"https:\\\/\\\/ubirataonline.com.br\\\/cptm-e-metro-mantem-operacao-24-horas-nos-proximos-dias-do-the-town-2025\\\/#local-main-place-address\",\"streetAddress\":\"Rua dos Coqueiros, 104 - Bairro Boa Vista, Rua dos Coqueiros, 104 Bairro Boa Vista\",\"addressLocality\":\"UBIRATA\",\"postalCode\":\"85440-000\",\"addressRegion\":\"PR\",\"addressCountry\":\"BR\"},{\"@type\":\"ImageObject\",\"inLanguage\":\"en-US\",\"@id\":\"https:\\\/\\\/ubirataonline.com.br\\\/cptm-e-metro-mantem-operacao-24-horas-nos-proximos-dias-do-the-town-2025\\\/#local-main-organization-logo\",\"url\":\"https:\\\/\\\/ubirataonline.com.br\\\/wp-content\\\/uploads\\\/2026\\\/06\\\/logoubirataonline-1.webp\",\"contentUrl\":\"https:\\\/\\\/ubirataonline.com.br\\\/wp-content\\\/uploads\\\/2026\\\/06\\\/logoubirataonline-1.webp\",\"width\":500,\"height\":500,\"caption\":\"Ubirat\u00e3 Online Not\u00edcias\"}]}<\/script>\n<meta name=\"geo.placename\" content=\"UBIRATA\" \/>\n<meta name=\"geo.position\" content=\"-24.5361401;-52.9921776\" \/>\n<meta name=\"geo.region\" content=\"Brazil\" \/>\n<!-- \/ Yoast SEO Premium plugin. -->","yoast_head_json":{"title":"CPTM e Metr\u00f4 mant\u00eam opera\u00e7\u00e3o 24 horas nos pr\u00f3ximos dias do The Town 2025 - Ubirat\u00e3 Online Not\u00edcias - A realidade ao seu alcance!","description":"Ao longo do segundo fim de semana do The Town 2025, que acontece nos dias 12, 13 e 14 de setembro, CPTM e Metr\u00f4 voltar\u00e3o a operar 24 horas para atender ao","robots":{"index":"index","follow":"follow","max-snippet":"max-snippet:-1","max-image-preview":"max-image-preview:large","max-video-preview":"max-video-preview:-1"},"canonical":"https:\/\/ubirataonline.com.br\/en\/cptm-e-metro-mantem-operacao-24-horas-nos-proximos-dias-do-the-town-2025\/","og_locale":"en_US","og_type":"article","og_title":"CPTM e Metr\u00f4 mant\u00eam opera\u00e7\u00e3o 24 horas nos pr\u00f3ximos dias do The Town 2025","og_description":"Ao longo do segundo fim de semana do The Town 2025, que acontece nos dias 12, 13 e 14 de setembro, CPTM e Metr\u00f4 voltar\u00e3o a operar 24 horas para atender ao","og_url":"https:\/\/ubirataonline.com.br\/en\/cptm-e-metro-mantem-operacao-24-horas-nos-proximos-dias-do-the-town-2025\/","og_site_name":"Ubirat\u00e3 Online Not\u00edcias - A realidade ao seu alcance!","article_publisher":"https:\/\/www.facebook.com\/portalubirataonline","article_author":"https:\/\/www.facebook.com\/portalubirataonline","article_published_time":"2025-09-12T15:44:42+00:00","og_image":[{"width":1531,"height":418,"url":"https:\/\/ubirataonline.com.br\/wp-content\/uploads\/2026\/05\/logo2026.webp","type":"image\/webp"}],"author":"REDA\u00c7\u00c3O: UBIRAT\u00c3 ONLINE - F\u00c1BIO AUGUSTO CELESTINO","twitter_card":"summary_large_image","twitter_creator":"@x.com\/ubirataonline","twitter_site":"@ubirataonline","twitter_misc":{"Written by":"REDA\u00c7\u00c3O: UBIRAT\u00c3 ONLINE - F\u00c1BIO AUGUSTO CELESTINO","Est. reading time":"3 minutes"},"schema":{"@context":"https:\/\/schema.org","@graph":[{"@type":"NewsArticle","@id":"https:\/\/ubirataonline.com.br\/cptm-e-metro-mantem-operacao-24-horas-nos-proximos-dias-do-the-town-2025\/#article","isPartOf":{"@id":"https:\/\/ubirataonline.com.br\/cptm-e-metro-mantem-operacao-24-horas-nos-proximos-dias-do-the-town-2025\/"},"author":{"name":"REDA\u00c7\u00c3O: UBIRAT\u00c3 ONLINE - F\u00c1BIO AUGUSTO CELESTINO","@id":"https:\/\/ubirataonline.com.br\/#\/schema\/person\/372f87bbd3fdd79b8556b84c98d0bc1c"},"headline":"CPTM e Metr\u00f4 mant\u00eam opera\u00e7\u00e3o 24 horas nos pr\u00f3ximos dias do The Town 2025","datePublished":"2025-09-12T15:44:42+00:00","mainEntityOfPage":{"@id":"https:\/\/ubirataonline.com.br\/cptm-e-metro-mantem-operacao-24-horas-nos-proximos-dias-do-the-town-2025\/"},"wordCount":639,"publisher":{"@id":"https:\/\/ubirataonline.com.br\/#organization"},"image":{"@id":"https:\/\/ubirataonline.com.br\/cptm-e-metro-mantem-operacao-24-horas-nos-proximos-dias-do-the-town-2025\/#primaryimage"},"thumbnailUrl":"https:\/\/ubirataonline.com.br\/wp-content\/uploads\/2025\/09\/cptm-1024x683.jpg","articleSection":["Brasil"],"inLanguage":"en-US","copyrightYear":"2025","copyrightHolder":{"@id":"https:\/\/ubirataonline.com.br\/en\/#organization"}},{"@type":"WebPage","@id":"https:\/\/ubirataonline.com.br\/cptm-e-metro-mantem-operacao-24-horas-nos-proximos-dias-do-the-town-2025\/","url":"https:\/\/ubirataonline.com.br\/cptm-e-metro-mantem-operacao-24-horas-nos-proximos-dias-do-the-town-2025\/","name":"CPTM e Metr\u00f4 mant\u00eam opera\u00e7\u00e3o 24 horas nos pr\u00f3ximos dias do The Town 2025 - Ubirat\u00e3 Online Not\u00edcias - A realidade ao seu alcance!","isPartOf":{"@id":"https:\/\/ubirataonline.com.br\/#website"},"primaryImageOfPage":{"@id":"https:\/\/ubirataonline.com.br\/cptm-e-metro-mantem-operacao-24-horas-nos-proximos-dias-do-the-town-2025\/#primaryimage"},"image":{"@id":"https:\/\/ubirataonline.com.br\/cptm-e-metro-mantem-operacao-24-horas-nos-proximos-dias-do-the-town-2025\/#primaryimage"},"thumbnailUrl":"https:\/\/ubirataonline.com.br\/wp-content\/uploads\/2025\/09\/cptm-1024x683.jpg","datePublished":"2025-09-12T15:44:42+00:00","description":"Ao longo do segundo fim de semana do The Town 2025, que acontece nos dias 12, 13 e 14 de setembro, CPTM e Metr\u00f4 voltar\u00e3o a operar 24 horas para atender ao","breadcrumb":{"@id":"https:\/\/ubirataonline.com.br\/cptm-e-metro-mantem-operacao-24-horas-nos-proximos-dias-do-the-town-2025\/#breadcrumb"},"inLanguage":"en-US","potentialAction":[{"@type":"ReadAction","target":["https:\/\/ubirataonline.com.br\/cptm-e-metro-mantem-operacao-24-horas-nos-proximos-dias-do-the-town-2025\/"]}]},{"@type":"ImageObject","inLanguage":"en-US","@id":"https:\/\/ubirataonline.com.br\/cptm-e-metro-mantem-operacao-24-horas-nos-proximos-dias-do-the-town-2025\/#primaryimage","url":"https:\/\/ubirataonline.com.br\/wp-content\/uploads\/2025\/09\/cptm-1024x683.jpg","contentUrl":"https:\/\/ubirataonline.com.br\/wp-content\/uploads\/2025\/09\/cptm-1024x683.jpg","width":1024,"height":683},{"@type":"BreadcrumbList","@id":"https:\/\/ubirataonline.com.br\/cptm-e-metro-mantem-operacao-24-horas-nos-proximos-dias-do-the-town-2025\/#breadcrumb","itemListElement":[{"@type":"ListItem","position":1,"name":"In\u00edcio","item":"https:\/\/ubirataonline.com.br\/"},{"@type":"ListItem","position":2,"name":"CPTM e Metr\u00f4 mant\u00eam opera\u00e7\u00e3o 24 horas nos pr\u00f3ximos dias do The Town 2025"}]},{"@type":"WebSite","@id":"https:\/\/ubirataonline.com.br\/#website","url":"https:\/\/ubirataonline.com.br\/","name":"Ubirat\u00e3 Online Not\u00edcias","description":"Not\u00edcias de Ubirat\u00e3, regi\u00e3o, Brasil e mundo, com informa\u00e7\u00e3o atualizada e compromisso com o leitor.","publisher":{"@id":"https:\/\/ubirataonline.com.br\/#organization"},"alternateName":"Ubirat\u00e3 Online","potentialAction":[{"@type":"SearchAction","target":{"@type":"EntryPoint","urlTemplate":"https:\/\/ubirataonline.com.br\/?s={search_term_string}"},"query-input":{"@type":"PropertyValueSpecification","valueRequired":true,"valueName":"search_term_string"}}],"inLanguage":"en-US"},{"@type":["Organization","Place"],"@id":"https:\/\/ubirataonline.com.br\/#organization","name":"Ubirat\u00e3 Online Not\u00edcias","alternateName":"Ubirat\u00e3 Online","url":"https:\/\/ubirataonline.com.br\/","logo":{"@id":"https:\/\/ubirataonline.com.br\/cptm-e-metro-mantem-operacao-24-horas-nos-proximos-dias-do-the-town-2025\/#local-main-organization-logo"},"image":{"@id":"https:\/\/ubirataonline.com.br\/cptm-e-metro-mantem-operacao-24-horas-nos-proximos-dias-do-the-town-2025\/#local-main-organization-logo"},"sameAs":["https:\/\/www.facebook.com\/portalubirataonline","https:\/\/x.com\/ubirataonline","https:\/\/mastodon.social\/@ubirataonline","https:\/\/www.facebook.com\/groups\/311144672285604","https:\/\/www.facebook.com\/UBTAOnline","https:\/\/www.instagram.com\/portalubirataonline\/","https:\/\/twitter.com\/ubirataonline"],"description":"Somos um portal de not\u00edcias independente, criado em 5 de janeiro de 2009, com o objetivo de informar, conectar e valorizar a nossa comunidade de Ubirat\u00e3 e toda aregi\u00e3o. Com conte\u00fado atualizado, confi\u00e1vel e relevante, o Ubirat\u00e3 Online \u00e9 o seu espa\u00e7o para ficar por dentro dos principais acontecimentos locais, regionais, Brasil, Mundo e de interesse geral. Nosso compromisso \u00e9 com a verdade, a transpar\u00eancia e o respeito ao leitor.","legalName":"UBIRATA ONLINE NOT\u00cdCIAS","foundingDate":"2009-01-05","numberOfEmployees":{"@type":"QuantitativeValue","minValue":"1","maxValue":"10"},"publishingPrinciples":"https:\/\/ubirataonline.com.br\/faq\/","address":{"@id":"https:\/\/ubirataonline.com.br\/cptm-e-metro-mantem-operacao-24-horas-nos-proximos-dias-do-the-town-2025\/#local-main-place-address"},"geo":{"@type":"GeoCoordinates","latitude":"-24.5361401","longitude":"-52.9921776"},"telephone":["+5544998308235"],"contactPoint":{"@type":"ContactPoint","email":"contato@ubirataonline.com.br"},"openingHoursSpecification":{"@type":"OpeningHoursSpecification","dayOfWeek":["Monday","Tuesday","Wednesday","Thursday","Friday","Saturday","Sunday"],"opens":"00:00","closes":"23:59"},"email":"contato@ubirataonline.com.br","vatID":"47.621.418\/0001-80"},{"@type":"Person","@id":"https:\/\/ubirataonline.com.br\/#\/schema\/person\/372f87bbd3fdd79b8556b84c98d0bc1c","name":"REDA\u00c7\u00c3O: UBIRAT\u00c3 ONLINE - F\u00c1BIO AUGUSTO CELESTINO","pronouns":"Ele","description":"Desde 2003 trabalhando com not\u00edcias.","sameAs":["http:\/\/ubirataoline.com.br","https:\/\/www.facebook.com\/portalubirataonline","https:\/\/www.instagram.com\/ubirataonline_oficial","https:\/\/x.com\/x.com\/ubirataonline"],"honorificPrefix":"Mr.","honorificSuffix":"MD","birthDate":"1980-06-16","gender":"masculino","award":["V\u00e1rios pr\u00eamios de melhor portal da cidade"],"jobTitle":"Diretor","url":"https:\/\/ubirataonline.com.br\/en\/author\/ubirataonline\/"},{"@type":"PostalAddress","@id":"https:\/\/ubirataonline.com.br\/cptm-e-metro-mantem-operacao-24-horas-nos-proximos-dias-do-the-town-2025\/#local-main-place-address","streetAddress":"Rua dos Coqueiros, 104 - Bairro Boa Vista, Rua dos Coqueiros, 104 Bairro Boa Vista","addressLocality":"UBIRATA","postalCode":"85440-000","addressRegion":"PR","addressCountry":"BR"},{"@type":"ImageObject","inLanguage":"en-US","@id":"https:\/\/ubirataonline.com.br\/cptm-e-metro-mantem-operacao-24-horas-nos-proximos-dias-do-the-town-2025\/#local-main-organization-logo","url":"https:\/\/ubirataonline.com.br\/wp-content\/uploads\/2026\/06\/logoubirataonline-1.webp","contentUrl":"https:\/\/ubirataonline.com.br\/wp-content\/uploads\/2026\/06\/logoubirataonline-1.webp","width":500,"height":500,"caption":"Ubirat\u00e3 Online Not\u00edcias"}]},"geo.placename":"UBIRATA","geo.position":{"lat":"-24.5361401","long":"-52.9921776"},"geo.region":"Brazil"},"_links":{"self":[{"href":"https:\/\/ubirataonline.com.br\/en\/wp-json\/wp\/v2\/posts\/68135","targetHints":{"allow":["GET"]}}],"collection":[{"href":"https:\/\/ubirataonline.com.br\/en\/wp-json\/wp\/v2\/posts"}],"about":[{"href":"https:\/\/ubirataonline.com.br\/en\/wp-json\/wp\/v2\/types\/post"}],"author":[{"embeddable":true,"href":"https:\/\/ubirataonline.com.br\/en\/wp-json\/wp\/v2\/users\/1"}],"replies":[{"embeddable":true,"href":"https:\/\/ubirataonline.com.br\/en\/wp-json\/wp\/v2\/comments?post=68135"}],"version-history":[{"count":0,"href":"https:\/\/ubirataonline.com.br\/en\/wp-json\/wp\/v2\/posts\/68135\/revisions"}],"wp:featuredmedia":[{"embeddable":true,"href":"https:\/\/ubirataonline.com.br\/en\/wp-json\/wp\/v2\/media\/68136"}],"wp:attachment":[{"href":"https:\/\/ubirataonline.com.br\/en\/wp-json\/wp\/v2\/media?parent=68135"}],"wp:term":[{"taxonomy":"category","embeddable":true,"href":"https:\/\/ubirataonline.com.br\/en\/wp-json\/wp\/v2\/categories?post=68135"},{"taxonomy":"post_tag","embeddable":true,"href":"https:\/\/ubirataonline.com.br\/en\/wp-json\/wp\/v2\/tags?post=68135"}],"curies":[{"name":"wp","href":"https:\/\/api.w.org\/{rel}","templated":true}]}}