{"id":68144,"date":"2025-09-12T14:46:32","date_gmt":"2025-09-12T17:46:32","guid":{"rendered":"https:\/\/ubirataonline.com.br\/palpite-bayer-leverkusen-x-eintracht-frankfurt-campeonato-alemao\/"},"modified":"2025-09-12T14:46:32","modified_gmt":"2025-09-12T17:46:32","slug":"palpite-bayer-leverkusen-x-eintracht-frankfurt-campeonato-alemao","status":"publish","type":"post","link":"https:\/\/ubirataonline.com.br\/en\/palpite-bayer-leverkusen-x-eintracht-frankfurt-campeonato-alemao\/","title":{"rendered":"Palpite Bayer Leverkusen x Eintracht Frankfurt &#8211; Campeonato Alem\u00e3o"},"content":{"rendered":"<p><\/p>\n<div>\n<div class=\"article__header__content--left\">\n<p><h2>Ap\u00f3s um in\u00edcio ruim, Bayer busca sua 1\u00aa vit\u00f3ria na Bundesliga diante do Eintracht Frankfurt<\/h2>\n<\/p><\/div>\n<\/p><\/div>\n<div>\n<div class=\"article__image-embed\" id=\"image_f68c452364deff3858c62fcb798d6bed23vc42ag\">\n<figure itemprop=\"associatedMedia image\" itemscope=\"\" itemtype=\"http:\/\/schema.org\/ImageObject\">\n<meta content=\"true\" itemprop=\"representativeOfPage\"\/><br \/>\n<meta content=\"\/\/p2.trrsf.com\/image\/fget\/cf\/940\/0\/images.terra.com\/2025\/09\/12\/bayer-leverkusen-x-eintracht-frankfurt-campeonato-alemao-alamy3chw4cb-ezgif-com-resize-1iv9c3k50wks1.jpg\" itemprop=\"url\"\/><br \/>\n<meta content=\"800\" itemprop=\"width\"\/><br \/>\n<meta content=\"800\" itemprop=\"height\"\/>\n<picture>\n<img loading=\"lazy\" decoding=\"async\" alt=\"Malik Tillman (Bayer Leverkusen) durante jogo contra o Viktoria Koln, no dia 03.09.2025  \" class=\"img-f68c452364deff3858c62fcb798d6bed23vc42ag\" height=\"542\" src=\"https:\/\/p2.trrsf.com\/image\/fget\/cf\/774\/0\/images.terra.com\/2025\/09\/12\/bayer-leverkusen-x-eintracht-frankfurt-campeonato-alemao-alamy3chw4cb-ezgif-com-resize-1iv9c3k50wks1.jpg\" srcset=\"https:\/\/p2.trrsf.com\/image\/fget\/cf\/1548\/0\/images.terra.com\/2025\/09\/12\/bayer-leverkusen-x-eintracht-frankfurt-campeonato-alemao-alamy3chw4cb-ezgif-com-resize-1iv9c3k50wks1.jpg 2x\" title=\"Malik Tillman (Bayer Leverkusen) durante jogo contra o Viktoria Koln, no dia 03.09.2025\" width=\"774\"\/>\n<\/picture><figcaption>\n<div class=\"article__image-embed--info\">\n<p>Malik Tillman (Bayer Leverkusen) durante jogo contra o Viktoria Koln, no dia 03.09.2025<\/p>\n<p><small class=\"article__image-embed--info__copyright\" itemprop=\"copyrightHolder\">Foto: dpa picture alliance \/ Alamy<\/small>\n<\/div>\n<\/figcaption><\/figure>\n<\/div>\n<p class=\"text\" style=\"text-align: justify;\"><strong>Bayer Leverkusen e<\/strong> <strong>Eintracht Frankfurt<\/strong> v\u00e3o se enfrentar nesta <strong>sexta-feira (12), \u00e0s 15h30<\/strong> (hor\u00e1rio de Bras\u00edlia), pela terceira rodada do <strong>Campeonato Alem\u00e3o<\/strong>.\u00a0O palpite \u00e9 de vit\u00f3ria do Bayer Leverkusen, que precisa se redimir do in\u00edcio ruim na Bundesliga e conta com jogadores de bom n\u00edvel t\u00e9cnico para superar o time visitante. O jogo de volta ser\u00e1 na <strong>BayArena<\/strong>, em <strong>Leverkusen (ALE)<\/strong>.<\/p>\n<p class=\"text\" style=\"text-align: justify;\"><iframe frameborder=\"0\" id=\"post-4585\" scrolling=\"no\" src=\"https:\/\/terra-apostas.com\/2025\/09\/08\/bayer-leverkusen-x-eintracht-frankfurt\/\"><\/iframe><\/p>\n<h4 class=\"text\" style=\"text-align: justify;\"><em>As odds foram verificadas no momento da produ\u00e7\u00e3o desse palpite e est\u00e3o sujeitas a mudan\u00e7as. Consulte as odds atualizadas no site da casa de apostas.<\/em><\/h4>\n<h2 class=\"text\" style=\"text-align: justify;\">Palpite Bayer Leverkusen x Eintracht Frankfurt<\/h2>\n<p class=\"text\" style=\"text-align: justify;\">Com apenas um ponto somado, o Bayer Leverkusen sofre com a fragilidade no setor defensivo e ter\u00e1 que se organizar melhor taticamente no decorrer da temporada. Do outro lado, o Eintracht Frankfurt tem 100% de aproveitamento nesta reta inicial, buscando seu 3\u00ba triunfo consecutivo.<\/p>\n<p class=\"text\" style=\"text-align: justify;\">A partida tem tudo para ser equilibrada, principalmente pelo excelente potencial ofensivo das duas equipes. Por\u00e9m, o Bayer Leverkusen chega pressionado pelo resultado positivo, conta com o apoio da torcida e tem jogadores mais experientes, sendo leve favorito na BayArena.<\/p>\n<table border=\"1\" cellpadding=\"1\" cellspacing=\"1\" style=\"width: 500px;\">\n<tbody>\n<tr>\n<td style=\"text-align: justify;\"><strong>Aposta<\/strong><\/td>\n<td style=\"text-align: justify;\"><strong>Palpite<\/strong><\/td>\n<td style=\"text-align: justify;\"><strong>Odds*<\/strong><\/td>\n<\/tr>\n<tr>\n<td style=\"text-align: justify;\">Resultado Final<\/td>\n<td style=\"text-align: justify;\">Bayer Leverkusen vence<\/td>\n<td style=\"text-align: justify;\">2.30\u00a0na <a href=\"https:\/\/terra-apostas.com\/goto\/novibet\/\">Novibet<\/a><\/td>\n<\/tr>\n<tr>\n<td style=\"text-align: justify;\">Handicap<\/td>\n<td style=\"text-align: justify;\">+2 Eintracht Frankfurt<\/td>\n<td style=\"text-align: justify;\">1.23\u00a0na <a href=\"https:\/\/terra-apostas.com\/goto\/betano\/\">Betano<\/a><\/td>\n<\/tr>\n<tr>\n<td style=\"text-align: justify;\">Ambos marcam<\/td>\n<td style=\"text-align: justify;\">Sim<\/td>\n<td style=\"text-align: justify;\">1.44 na <a href=\"https:\/\/terra-apostas.com\/goto\/kto\/\">KTO<\/a><\/td>\n<\/tr>\n<\/tbody>\n<\/table>\n<p class=\"text\" style=\"text-align: justify;\">Voc\u00ea conhece a Betano? A casa de apostas \u00e9 uma das maiores no mercado e ainda oferece o <strong><a href=\"https:\/\/www.terra.com.br\/apostas\/codigo-bonus\/codigo-de-indicacao-betano,4be2833e2e3f33d5a2d96aa70a1bf928nmxk448m.html\">c\u00f3digo de indica\u00e7\u00e3o Betano<\/a><\/strong> para novos clientes. Saiba mais sobre as SuperOdds da Betano, mercados e ofertas dispon\u00edveis.<\/p>\n<h4 class=\"text\" style=\"text-align: justify;\"><em>As odds foram verificadas no momento da reda\u00e7\u00e3o deste artigo e est\u00e3o sujeitas a mudan\u00e7as. Consulte as odds atualizadas no site das casas de apostas.<\/em><\/h4>\n<h2 class=\"text\" style=\"text-align: justify;\">Como vem o Bayer Leverkusen para partida<\/h2>\n<p class=\"text\" style=\"text-align: justify;\">Depois de ter sido campe\u00e3o na temporada 2023-24 e vice-campe\u00e3o na temporada anterior, o Bayer Leverkusen chega como um dos \u00fanicos times que podem oferecer algum risco a hegemonia do Bayern de Munique no Campeonato Alem\u00e3o.<\/p>\n<p class=\"text\" style=\"text-align: justify;\">Na primeira partida oficial da temporada, teve um bom desempenho na estreia da Copa da Alemanha, onde goleou o modesto elenco do Grossaspach pelo placar de 4 a 0.<\/p>\n<p class=\"text\" style=\"text-align: justify;\">Todavia, teve uma estreia ruim na Bundesliga, onde acabou derrotado por 2 a 1 contra o Hoffenheim na BayArena. Depois, visitou o Werder Bremen na 2\u00aa rodada e empatou por 3 a 3 em partida eletrizante.<\/p>\n<h2 class=\"text\" style=\"text-align: justify;\">Como vem o Eintracht Frankfurt para partida<\/h2>\n<p class=\"text\" style=\"text-align: justify;\">Por outro lado, o Eintracht Frankfurt chega mais uma vez na atual temporada com o principal objetivo de terminar no G4, lembrando que a equipe foi terceira colocada na \u00faltima edi\u00e7\u00e3o da Bundesliga.<\/p>\n<p class=\"text\" style=\"text-align: justify;\">Em sua primeira apari\u00e7\u00e3o oficial, tamb\u00e9m teve um desempenho avassalador na estreia da Copa da Alemanha, em partida que goleou o fr\u00e1gil elenco do Engers por 5 a 0.<\/p>\n<p class=\"text\" style=\"text-align: justify;\">Por\u00e9m, diferente do Bayer Leverkusen, a equipe se manteve embalada nas duas primeiras rodadas do Campeonato Alem\u00e3o, com vit\u00f3rias mai\u00fasculas diante do Werder Bremen por 4 a 1 e do Hoffenheim por 3 a 1, respectivamente.<\/p>\n<h2 class=\"text\" style=\"text-align: justify;\">Onde assistir Bayer Leverkusen x Eintracht Frankfurt?<\/h2>\n<p class=\"text\" style=\"text-align: justify;\">A partida entre <strong>Bayer Leverkusen e Eintracht Frankfurt,<\/strong> que ser\u00e1 nesta <strong>sexta-feira (12), \u00e0s 15h30<\/strong> (de Bras\u00edlia), ter\u00e1 transmiss\u00e3o pelo streaming na<strong> Caz\u00e9 TV.<\/strong><\/p>\n<\/p><\/div>\n<p><a href=\"https:\/\/www.terra.com.br\/apostas\/palpites-e-odds\/palpite-bayer-leverkusen-x-eintracht-frankfurt-campeonato-alemao-12092025,384fda8c5b5efca7df6b7d81857257c2uitzqdu2.html\">Source link <\/a><\/p>","protected":false},"excerpt":{"rendered":"<p>Ap\u00f3s um in\u00edcio ruim, Bayer busca sua 1\u00aa vit\u00f3ria na Bundesliga diante do Eintracht Frankfurt Malik Tillman (Bayer Leverkusen) durante jogo contra o Viktoria Koln, no dia 03.09.2025 Foto: dpa picture alliance \/ Alamy Bayer Leverkusen e Eintracht Frankfurt v\u00e3o se enfrentar nesta sexta-feira (12), \u00e0s 15h30 (hor\u00e1rio de Bras\u00edlia), pela terceira rodada do Campeonato [&hellip;]<\/p>\n","protected":false},"author":1,"featured_media":68145,"comment_status":"","ping_status":"","sticky":false,"template":"","format":"standard","meta":{"googlesitekit_rrm_CAow2JLhCw:productID":"","_gspb_post_css":"","maa_idioma":"","maa_pais":"","footnotes":""},"categories":[4],"tags":[],"class_list":["post-68144","post","type-post","status-publish","format-standard","has-post-thumbnail","hentry","category-brasil"],"blocksy_meta":[],"yoast_head":"<!-- This site is optimized with the Yoast SEO Premium plugin v27.6 (Yoast SEO v27.6) - https:\/\/yoast.com\/product\/yoast-seo-premium-wordpress\/ -->\n<title>Palpite Bayer Leverkusen x Eintracht Frankfurt - Campeonato Alem\u00e3o - Ubirat\u00e3 Online Not\u00edcias - A realidade ao seu alcance!<\/title>\n<meta name=\"description\" content=\"Ap\u00f3s um in\u00edcio ruim, Bayer busca sua 1\u00aa vit\u00f3ria na Bundesliga diante do Eintracht Frankfurt Malik Tillman (Bayer Leverkusen) durante jogo contra o\" \/>\n<meta name=\"robots\" content=\"index, follow, max-snippet:-1, max-image-preview:large, max-video-preview:-1\" \/>\n<link rel=\"canonical\" href=\"https:\/\/ubirataonline.com.br\/en\/palpite-bayer-leverkusen-x-eintracht-frankfurt-campeonato-alemao\/\" \/>\n<meta property=\"og:locale\" content=\"en_US\" \/>\n<meta property=\"og:type\" content=\"article\" \/>\n<meta property=\"og:title\" content=\"Palpite Bayer Leverkusen x Eintracht Frankfurt - Campeonato Alem\u00e3o\" \/>\n<meta property=\"og:description\" content=\"Ap\u00f3s um in\u00edcio ruim, Bayer busca sua 1\u00aa vit\u00f3ria na Bundesliga diante do Eintracht Frankfurt Malik Tillman (Bayer Leverkusen) durante jogo contra o\" \/>\n<meta property=\"og:url\" content=\"https:\/\/ubirataonline.com.br\/en\/palpite-bayer-leverkusen-x-eintracht-frankfurt-campeonato-alemao\/\" \/>\n<meta property=\"og:site_name\" content=\"Ubirat\u00e3 Online Not\u00edcias - A realidade ao seu alcance!\" \/>\n<meta property=\"article:publisher\" content=\"https:\/\/www.facebook.com\/portalubirataonline\" \/>\n<meta property=\"article:author\" content=\"https:\/\/www.facebook.com\/portalubirataonline\" \/>\n<meta property=\"article:published_time\" content=\"2025-09-12T17:46:32+00:00\" \/>\n<meta property=\"og:image\" content=\"https:\/\/p2.trrsf.com\/image\/fget\/cf\/774\/0\/images.terra.com\/2025\/09\/12\/bayer-leverkusen-x-eintracht-frankfurt-campeonato-alemao-alamy3chw4cb-ezgif-com-resize-1iv9c3k50wks1.jpg\" \/>\n<meta name=\"author\" content=\"REDA\u00c7\u00c3O: UBIRAT\u00c3 ONLINE - F\u00c1BIO AUGUSTO CELESTINO\" \/>\n<meta name=\"twitter:card\" content=\"summary_large_image\" \/>\n<meta name=\"twitter:creator\" content=\"@x.com\/ubirataonline\" \/>\n<meta name=\"twitter:site\" content=\"@ubirataonline\" \/>\n<meta name=\"twitter:label1\" content=\"Written by\" \/>\n\t<meta name=\"twitter:data1\" content=\"REDA\u00c7\u00c3O: UBIRAT\u00c3 ONLINE - F\u00c1BIO AUGUSTO CELESTINO\" \/>\n\t<meta name=\"twitter:label2\" content=\"Est. reading time\" \/>\n\t<meta name=\"twitter:data2\" content=\"3 minutes\" \/>\n<script type=\"application\/ld+json\" class=\"yoast-schema-graph\">{\"@context\":\"https:\\\/\\\/schema.org\",\"@graph\":[{\"@type\":\"NewsArticle\",\"@id\":\"https:\\\/\\\/ubirataonline.com.br\\\/palpite-bayer-leverkusen-x-eintracht-frankfurt-campeonato-alemao\\\/#article\",\"isPartOf\":{\"@id\":\"https:\\\/\\\/ubirataonline.com.br\\\/palpite-bayer-leverkusen-x-eintracht-frankfurt-campeonato-alemao\\\/\"},\"author\":{\"name\":\"REDA\u00c7\u00c3O: UBIRAT\u00c3 ONLINE - F\u00c1BIO AUGUSTO CELESTINO\",\"@id\":\"https:\\\/\\\/ubirataonline.com.br\\\/#\\\/schema\\\/person\\\/372f87bbd3fdd79b8556b84c98d0bc1c\"},\"headline\":\"Palpite Bayer Leverkusen x Eintracht Frankfurt &#8211; Campeonato Alem\u00e3o\",\"datePublished\":\"2025-09-12T17:46:32+00:00\",\"mainEntityOfPage\":{\"@id\":\"https:\\\/\\\/ubirataonline.com.br\\\/palpite-bayer-leverkusen-x-eintracht-frankfurt-campeonato-alemao\\\/\"},\"wordCount\":560,\"publisher\":{\"@id\":\"https:\\\/\\\/ubirataonline.com.br\\\/#organization\"},\"image\":{\"@id\":\"https:\\\/\\\/ubirataonline.com.br\\\/palpite-bayer-leverkusen-x-eintracht-frankfurt-campeonato-alemao\\\/#primaryimage\"},\"thumbnailUrl\":\"https:\\\/\\\/ubirataonline.com.br\\\/wp-content\\\/uploads\\\/2025\\\/09\\\/bayer-leverkusen-x-eintracht-frankfurt-campeonato-alemao-alamy3chw4cb-ezgif-com-resize-1iv9c3k50wks1.jpeg\",\"articleSection\":[\"Brasil\"],\"inLanguage\":\"en-US\",\"copyrightYear\":\"2025\",\"copyrightHolder\":{\"@id\":\"https:\\\/\\\/ubirataonline.com.br\\\/en\\\/#organization\"}},{\"@type\":\"WebPage\",\"@id\":\"https:\\\/\\\/ubirataonline.com.br\\\/palpite-bayer-leverkusen-x-eintracht-frankfurt-campeonato-alemao\\\/\",\"url\":\"https:\\\/\\\/ubirataonline.com.br\\\/palpite-bayer-leverkusen-x-eintracht-frankfurt-campeonato-alemao\\\/\",\"name\":\"Palpite Bayer Leverkusen x Eintracht Frankfurt - Campeonato Alem\u00e3o - Ubirat\u00e3 Online Not\u00edcias - A realidade ao seu alcance!\",\"isPartOf\":{\"@id\":\"https:\\\/\\\/ubirataonline.com.br\\\/#website\"},\"primaryImageOfPage\":{\"@id\":\"https:\\\/\\\/ubirataonline.com.br\\\/palpite-bayer-leverkusen-x-eintracht-frankfurt-campeonato-alemao\\\/#primaryimage\"},\"image\":{\"@id\":\"https:\\\/\\\/ubirataonline.com.br\\\/palpite-bayer-leverkusen-x-eintracht-frankfurt-campeonato-alemao\\\/#primaryimage\"},\"thumbnailUrl\":\"https:\\\/\\\/ubirataonline.com.br\\\/wp-content\\\/uploads\\\/2025\\\/09\\\/bayer-leverkusen-x-eintracht-frankfurt-campeonato-alemao-alamy3chw4cb-ezgif-com-resize-1iv9c3k50wks1.jpeg\",\"datePublished\":\"2025-09-12T17:46:32+00:00\",\"description\":\"Ap\u00f3s um in\u00edcio ruim, Bayer busca sua 1\u00aa vit\u00f3ria na Bundesliga diante do Eintracht Frankfurt Malik Tillman (Bayer Leverkusen) durante jogo contra o\",\"breadcrumb\":{\"@id\":\"https:\\\/\\\/ubirataonline.com.br\\\/palpite-bayer-leverkusen-x-eintracht-frankfurt-campeonato-alemao\\\/#breadcrumb\"},\"inLanguage\":\"en-US\",\"potentialAction\":[{\"@type\":\"ReadAction\",\"target\":[\"https:\\\/\\\/ubirataonline.com.br\\\/palpite-bayer-leverkusen-x-eintracht-frankfurt-campeonato-alemao\\\/\"]}]},{\"@type\":\"ImageObject\",\"inLanguage\":\"en-US\",\"@id\":\"https:\\\/\\\/ubirataonline.com.br\\\/palpite-bayer-leverkusen-x-eintracht-frankfurt-campeonato-alemao\\\/#primaryimage\",\"url\":\"https:\\\/\\\/ubirataonline.com.br\\\/wp-content\\\/uploads\\\/2025\\\/09\\\/bayer-leverkusen-x-eintracht-frankfurt-campeonato-alemao-alamy3chw4cb-ezgif-com-resize-1iv9c3k50wks1.jpeg\",\"contentUrl\":\"https:\\\/\\\/ubirataonline.com.br\\\/wp-content\\\/uploads\\\/2025\\\/09\\\/bayer-leverkusen-x-eintracht-frankfurt-campeonato-alemao-alamy3chw4cb-ezgif-com-resize-1iv9c3k50wks1.jpeg\",\"width\":1200,\"height\":630},{\"@type\":\"BreadcrumbList\",\"@id\":\"https:\\\/\\\/ubirataonline.com.br\\\/palpite-bayer-leverkusen-x-eintracht-frankfurt-campeonato-alemao\\\/#breadcrumb\",\"itemListElement\":[{\"@type\":\"ListItem\",\"position\":1,\"name\":\"In\u00edcio\",\"item\":\"https:\\\/\\\/ubirataonline.com.br\\\/\"},{\"@type\":\"ListItem\",\"position\":2,\"name\":\"Palpite Bayer Leverkusen x Eintracht Frankfurt &#8211; Campeonato Alem\u00e3o\"}]},{\"@type\":\"WebSite\",\"@id\":\"https:\\\/\\\/ubirataonline.com.br\\\/#website\",\"url\":\"https:\\\/\\\/ubirataonline.com.br\\\/\",\"name\":\"Ubirat\u00e3 Online Not\u00edcias\",\"description\":\"Not\u00edcias de Ubirat\u00e3, regi\u00e3o, Brasil e mundo, com informa\u00e7\u00e3o atualizada e compromisso com o leitor.\",\"publisher\":{\"@id\":\"https:\\\/\\\/ubirataonline.com.br\\\/#organization\"},\"alternateName\":\"Ubirat\u00e3 Online\",\"potentialAction\":[{\"@type\":\"SearchAction\",\"target\":{\"@type\":\"EntryPoint\",\"urlTemplate\":\"https:\\\/\\\/ubirataonline.com.br\\\/?s={search_term_string}\"},\"query-input\":{\"@type\":\"PropertyValueSpecification\",\"valueRequired\":true,\"valueName\":\"search_term_string\"}}],\"inLanguage\":\"en-US\"},{\"@type\":[\"Organization\",\"Place\"],\"@id\":\"https:\\\/\\\/ubirataonline.com.br\\\/#organization\",\"name\":\"Ubirat\u00e3 Online Not\u00edcias\",\"alternateName\":\"Ubirat\u00e3 Online\",\"url\":\"https:\\\/\\\/ubirataonline.com.br\\\/\",\"logo\":{\"@id\":\"https:\\\/\\\/ubirataonline.com.br\\\/palpite-bayer-leverkusen-x-eintracht-frankfurt-campeonato-alemao\\\/#local-main-organization-logo\"},\"image\":{\"@id\":\"https:\\\/\\\/ubirataonline.com.br\\\/palpite-bayer-leverkusen-x-eintracht-frankfurt-campeonato-alemao\\\/#local-main-organization-logo\"},\"sameAs\":[\"https:\\\/\\\/www.facebook.com\\\/portalubirataonline\",\"https:\\\/\\\/x.com\\\/ubirataonline\",\"https:\\\/\\\/mastodon.social\\\/@ubirataonline\",\"https:\\\/\\\/www.facebook.com\\\/groups\\\/311144672285604\",\"https:\\\/\\\/www.facebook.com\\\/UBTAOnline\",\"https:\\\/\\\/www.instagram.com\\\/portalubirataonline\\\/\",\"https:\\\/\\\/twitter.com\\\/ubirataonline\"],\"description\":\"Somos um portal de not\u00edcias independente, criado em 5 de janeiro de 2009, com o objetivo de informar, conectar e valorizar a nossa comunidade de Ubirat\u00e3 e toda aregi\u00e3o. Com conte\u00fado atualizado, confi\u00e1vel e relevante, o Ubirat\u00e3 Online \u00e9 o seu espa\u00e7o para ficar por dentro dos principais acontecimentos locais, regionais, Brasil, Mundo e de interesse geral. Nosso compromisso \u00e9 com a verdade, a transpar\u00eancia e o respeito ao leitor.\",\"legalName\":\"UBIRATA ONLINE NOT\u00cdCIAS\",\"foundingDate\":\"2009-01-05\",\"numberOfEmployees\":{\"@type\":\"QuantitativeValue\",\"minValue\":\"1\",\"maxValue\":\"10\"},\"publishingPrinciples\":\"https:\\\/\\\/ubirataonline.com.br\\\/faq\\\/\",\"address\":{\"@id\":\"https:\\\/\\\/ubirataonline.com.br\\\/palpite-bayer-leverkusen-x-eintracht-frankfurt-campeonato-alemao\\\/#local-main-place-address\"},\"geo\":{\"@type\":\"GeoCoordinates\",\"latitude\":\"-24.5361401\",\"longitude\":\"-52.9921776\"},\"telephone\":[\"+5544998308235\"],\"contactPoint\":{\"@type\":\"ContactPoint\",\"email\":\"contato@ubirataonline.com.br\"},\"openingHoursSpecification\":{\"@type\":\"OpeningHoursSpecification\",\"dayOfWeek\":[\"Monday\",\"Tuesday\",\"Wednesday\",\"Thursday\",\"Friday\",\"Saturday\",\"Sunday\"],\"opens\":\"00:00\",\"closes\":\"23:59\"},\"email\":\"contato@ubirataonline.com.br\",\"vatID\":\"47.621.418\\\/0001-80\"},{\"@type\":\"Person\",\"@id\":\"https:\\\/\\\/ubirataonline.com.br\\\/#\\\/schema\\\/person\\\/372f87bbd3fdd79b8556b84c98d0bc1c\",\"name\":\"REDA\u00c7\u00c3O: UBIRAT\u00c3 ONLINE - F\u00c1BIO AUGUSTO CELESTINO\",\"pronouns\":\"Ele\",\"description\":\"Desde 2003 trabalhando com not\u00edcias.\",\"sameAs\":[\"http:\\\/\\\/ubirataoline.com.br\",\"https:\\\/\\\/www.facebook.com\\\/portalubirataonline\",\"https:\\\/\\\/www.instagram.com\\\/ubirataonline_oficial\",\"https:\\\/\\\/x.com\\\/x.com\\\/ubirataonline\"],\"honorificPrefix\":\"Mr.\",\"honorificSuffix\":\"MD\",\"birthDate\":\"1980-06-16\",\"gender\":\"masculino\",\"award\":[\"V\u00e1rios pr\u00eamios de melhor portal da cidade\"],\"jobTitle\":\"Diretor\",\"url\":\"https:\\\/\\\/ubirataonline.com.br\\\/en\\\/author\\\/ubirataonline\\\/\"},{\"@type\":\"PostalAddress\",\"@id\":\"https:\\\/\\\/ubirataonline.com.br\\\/palpite-bayer-leverkusen-x-eintracht-frankfurt-campeonato-alemao\\\/#local-main-place-address\",\"streetAddress\":\"Rua dos Coqueiros, 104 - Bairro Boa Vista, Rua dos Coqueiros, 104 Bairro Boa Vista\",\"addressLocality\":\"UBIRATA\",\"postalCode\":\"85440-000\",\"addressRegion\":\"PR\",\"addressCountry\":\"BR\"},{\"@type\":\"ImageObject\",\"inLanguage\":\"en-US\",\"@id\":\"https:\\\/\\\/ubirataonline.com.br\\\/palpite-bayer-leverkusen-x-eintracht-frankfurt-campeonato-alemao\\\/#local-main-organization-logo\",\"url\":\"https:\\\/\\\/ubirataonline.com.br\\\/wp-content\\\/uploads\\\/2026\\\/06\\\/logoubirataonline-1.webp\",\"contentUrl\":\"https:\\\/\\\/ubirataonline.com.br\\\/wp-content\\\/uploads\\\/2026\\\/06\\\/logoubirataonline-1.webp\",\"width\":500,\"height\":500,\"caption\":\"Ubirat\u00e3 Online Not\u00edcias\"}]}<\/script>\n<meta name=\"geo.placename\" content=\"UBIRATA\" \/>\n<meta name=\"geo.position\" content=\"-24.5361401;-52.9921776\" \/>\n<meta name=\"geo.region\" content=\"Brazil\" \/>\n<!-- \/ Yoast SEO Premium plugin. -->","yoast_head_json":{"title":"Palpite Bayer Leverkusen x Eintracht Frankfurt - Campeonato Alem\u00e3o - Ubirat\u00e3 Online Not\u00edcias - A realidade ao seu alcance!","description":"Ap\u00f3s um in\u00edcio ruim, Bayer busca sua 1\u00aa vit\u00f3ria na Bundesliga diante do Eintracht Frankfurt Malik Tillman (Bayer Leverkusen) durante jogo contra o","robots":{"index":"index","follow":"follow","max-snippet":"max-snippet:-1","max-image-preview":"max-image-preview:large","max-video-preview":"max-video-preview:-1"},"canonical":"https:\/\/ubirataonline.com.br\/en\/palpite-bayer-leverkusen-x-eintracht-frankfurt-campeonato-alemao\/","og_locale":"en_US","og_type":"article","og_title":"Palpite Bayer Leverkusen x Eintracht Frankfurt - Campeonato Alem\u00e3o","og_description":"Ap\u00f3s um in\u00edcio ruim, Bayer busca sua 1\u00aa vit\u00f3ria na Bundesliga diante do Eintracht Frankfurt Malik Tillman (Bayer Leverkusen) durante jogo contra o","og_url":"https:\/\/ubirataonline.com.br\/en\/palpite-bayer-leverkusen-x-eintracht-frankfurt-campeonato-alemao\/","og_site_name":"Ubirat\u00e3 Online Not\u00edcias - A realidade ao seu alcance!","article_publisher":"https:\/\/www.facebook.com\/portalubirataonline","article_author":"https:\/\/www.facebook.com\/portalubirataonline","article_published_time":"2025-09-12T17:46:32+00:00","og_image":[{"url":"https:\/\/p2.trrsf.com\/image\/fget\/cf\/774\/0\/images.terra.com\/2025\/09\/12\/bayer-leverkusen-x-eintracht-frankfurt-campeonato-alemao-alamy3chw4cb-ezgif-com-resize-1iv9c3k50wks1.jpg","type":"","width":"","height":""}],"author":"REDA\u00c7\u00c3O: UBIRAT\u00c3 ONLINE - F\u00c1BIO AUGUSTO CELESTINO","twitter_card":"summary_large_image","twitter_creator":"@x.com\/ubirataonline","twitter_site":"@ubirataonline","twitter_misc":{"Written by":"REDA\u00c7\u00c3O: UBIRAT\u00c3 ONLINE - F\u00c1BIO AUGUSTO CELESTINO","Est. reading time":"3 minutes"},"schema":{"@context":"https:\/\/schema.org","@graph":[{"@type":"NewsArticle","@id":"https:\/\/ubirataonline.com.br\/palpite-bayer-leverkusen-x-eintracht-frankfurt-campeonato-alemao\/#article","isPartOf":{"@id":"https:\/\/ubirataonline.com.br\/palpite-bayer-leverkusen-x-eintracht-frankfurt-campeonato-alemao\/"},"author":{"name":"REDA\u00c7\u00c3O: UBIRAT\u00c3 ONLINE - F\u00c1BIO AUGUSTO CELESTINO","@id":"https:\/\/ubirataonline.com.br\/#\/schema\/person\/372f87bbd3fdd79b8556b84c98d0bc1c"},"headline":"Palpite Bayer Leverkusen x Eintracht Frankfurt &#8211; Campeonato Alem\u00e3o","datePublished":"2025-09-12T17:46:32+00:00","mainEntityOfPage":{"@id":"https:\/\/ubirataonline.com.br\/palpite-bayer-leverkusen-x-eintracht-frankfurt-campeonato-alemao\/"},"wordCount":560,"publisher":{"@id":"https:\/\/ubirataonline.com.br\/#organization"},"image":{"@id":"https:\/\/ubirataonline.com.br\/palpite-bayer-leverkusen-x-eintracht-frankfurt-campeonato-alemao\/#primaryimage"},"thumbnailUrl":"https:\/\/ubirataonline.com.br\/wp-content\/uploads\/2025\/09\/bayer-leverkusen-x-eintracht-frankfurt-campeonato-alemao-alamy3chw4cb-ezgif-com-resize-1iv9c3k50wks1.jpeg","articleSection":["Brasil"],"inLanguage":"en-US","copyrightYear":"2025","copyrightHolder":{"@id":"https:\/\/ubirataonline.com.br\/en\/#organization"}},{"@type":"WebPage","@id":"https:\/\/ubirataonline.com.br\/palpite-bayer-leverkusen-x-eintracht-frankfurt-campeonato-alemao\/","url":"https:\/\/ubirataonline.com.br\/palpite-bayer-leverkusen-x-eintracht-frankfurt-campeonato-alemao\/","name":"Palpite Bayer Leverkusen x Eintracht Frankfurt - Campeonato Alem\u00e3o - Ubirat\u00e3 Online Not\u00edcias - A realidade ao seu alcance!","isPartOf":{"@id":"https:\/\/ubirataonline.com.br\/#website"},"primaryImageOfPage":{"@id":"https:\/\/ubirataonline.com.br\/palpite-bayer-leverkusen-x-eintracht-frankfurt-campeonato-alemao\/#primaryimage"},"image":{"@id":"https:\/\/ubirataonline.com.br\/palpite-bayer-leverkusen-x-eintracht-frankfurt-campeonato-alemao\/#primaryimage"},"thumbnailUrl":"https:\/\/ubirataonline.com.br\/wp-content\/uploads\/2025\/09\/bayer-leverkusen-x-eintracht-frankfurt-campeonato-alemao-alamy3chw4cb-ezgif-com-resize-1iv9c3k50wks1.jpeg","datePublished":"2025-09-12T17:46:32+00:00","description":"Ap\u00f3s um in\u00edcio ruim, Bayer busca sua 1\u00aa vit\u00f3ria na Bundesliga diante do Eintracht Frankfurt Malik Tillman (Bayer Leverkusen) durante jogo contra o","breadcrumb":{"@id":"https:\/\/ubirataonline.com.br\/palpite-bayer-leverkusen-x-eintracht-frankfurt-campeonato-alemao\/#breadcrumb"},"inLanguage":"en-US","potentialAction":[{"@type":"ReadAction","target":["https:\/\/ubirataonline.com.br\/palpite-bayer-leverkusen-x-eintracht-frankfurt-campeonato-alemao\/"]}]},{"@type":"ImageObject","inLanguage":"en-US","@id":"https:\/\/ubirataonline.com.br\/palpite-bayer-leverkusen-x-eintracht-frankfurt-campeonato-alemao\/#primaryimage","url":"https:\/\/ubirataonline.com.br\/wp-content\/uploads\/2025\/09\/bayer-leverkusen-x-eintracht-frankfurt-campeonato-alemao-alamy3chw4cb-ezgif-com-resize-1iv9c3k50wks1.jpeg","contentUrl":"https:\/\/ubirataonline.com.br\/wp-content\/uploads\/2025\/09\/bayer-leverkusen-x-eintracht-frankfurt-campeonato-alemao-alamy3chw4cb-ezgif-com-resize-1iv9c3k50wks1.jpeg","width":1200,"height":630},{"@type":"BreadcrumbList","@id":"https:\/\/ubirataonline.com.br\/palpite-bayer-leverkusen-x-eintracht-frankfurt-campeonato-alemao\/#breadcrumb","itemListElement":[{"@type":"ListItem","position":1,"name":"In\u00edcio","item":"https:\/\/ubirataonline.com.br\/"},{"@type":"ListItem","position":2,"name":"Palpite Bayer Leverkusen x Eintracht Frankfurt &#8211; Campeonato Alem\u00e3o"}]},{"@type":"WebSite","@id":"https:\/\/ubirataonline.com.br\/#website","url":"https:\/\/ubirataonline.com.br\/","name":"Ubirat\u00e3 Online Not\u00edcias","description":"Not\u00edcias de Ubirat\u00e3, regi\u00e3o, Brasil e mundo, com informa\u00e7\u00e3o atualizada e compromisso com o leitor.","publisher":{"@id":"https:\/\/ubirataonline.com.br\/#organization"},"alternateName":"Ubirat\u00e3 Online","potentialAction":[{"@type":"SearchAction","target":{"@type":"EntryPoint","urlTemplate":"https:\/\/ubirataonline.com.br\/?s={search_term_string}"},"query-input":{"@type":"PropertyValueSpecification","valueRequired":true,"valueName":"search_term_string"}}],"inLanguage":"en-US"},{"@type":["Organization","Place"],"@id":"https:\/\/ubirataonline.com.br\/#organization","name":"Ubirat\u00e3 Online Not\u00edcias","alternateName":"Ubirat\u00e3 Online","url":"https:\/\/ubirataonline.com.br\/","logo":{"@id":"https:\/\/ubirataonline.com.br\/palpite-bayer-leverkusen-x-eintracht-frankfurt-campeonato-alemao\/#local-main-organization-logo"},"image":{"@id":"https:\/\/ubirataonline.com.br\/palpite-bayer-leverkusen-x-eintracht-frankfurt-campeonato-alemao\/#local-main-organization-logo"},"sameAs":["https:\/\/www.facebook.com\/portalubirataonline","https:\/\/x.com\/ubirataonline","https:\/\/mastodon.social\/@ubirataonline","https:\/\/www.facebook.com\/groups\/311144672285604","https:\/\/www.facebook.com\/UBTAOnline","https:\/\/www.instagram.com\/portalubirataonline\/","https:\/\/twitter.com\/ubirataonline"],"description":"Somos um portal de not\u00edcias independente, criado em 5 de janeiro de 2009, com o objetivo de informar, conectar e valorizar a nossa comunidade de Ubirat\u00e3 e toda aregi\u00e3o. Com conte\u00fado atualizado, confi\u00e1vel e relevante, o Ubirat\u00e3 Online \u00e9 o seu espa\u00e7o para ficar por dentro dos principais acontecimentos locais, regionais, Brasil, Mundo e de interesse geral. Nosso compromisso \u00e9 com a verdade, a transpar\u00eancia e o respeito ao leitor.","legalName":"UBIRATA ONLINE NOT\u00cdCIAS","foundingDate":"2009-01-05","numberOfEmployees":{"@type":"QuantitativeValue","minValue":"1","maxValue":"10"},"publishingPrinciples":"https:\/\/ubirataonline.com.br\/faq\/","address":{"@id":"https:\/\/ubirataonline.com.br\/palpite-bayer-leverkusen-x-eintracht-frankfurt-campeonato-alemao\/#local-main-place-address"},"geo":{"@type":"GeoCoordinates","latitude":"-24.5361401","longitude":"-52.9921776"},"telephone":["+5544998308235"],"contactPoint":{"@type":"ContactPoint","email":"contato@ubirataonline.com.br"},"openingHoursSpecification":{"@type":"OpeningHoursSpecification","dayOfWeek":["Monday","Tuesday","Wednesday","Thursday","Friday","Saturday","Sunday"],"opens":"00:00","closes":"23:59"},"email":"contato@ubirataonline.com.br","vatID":"47.621.418\/0001-80"},{"@type":"Person","@id":"https:\/\/ubirataonline.com.br\/#\/schema\/person\/372f87bbd3fdd79b8556b84c98d0bc1c","name":"REDA\u00c7\u00c3O: UBIRAT\u00c3 ONLINE - F\u00c1BIO AUGUSTO CELESTINO","pronouns":"Ele","description":"Desde 2003 trabalhando com not\u00edcias.","sameAs":["http:\/\/ubirataoline.com.br","https:\/\/www.facebook.com\/portalubirataonline","https:\/\/www.instagram.com\/ubirataonline_oficial","https:\/\/x.com\/x.com\/ubirataonline"],"honorificPrefix":"Mr.","honorificSuffix":"MD","birthDate":"1980-06-16","gender":"masculino","award":["V\u00e1rios pr\u00eamios de melhor portal da cidade"],"jobTitle":"Diretor","url":"https:\/\/ubirataonline.com.br\/en\/author\/ubirataonline\/"},{"@type":"PostalAddress","@id":"https:\/\/ubirataonline.com.br\/palpite-bayer-leverkusen-x-eintracht-frankfurt-campeonato-alemao\/#local-main-place-address","streetAddress":"Rua dos Coqueiros, 104 - Bairro Boa Vista, Rua dos Coqueiros, 104 Bairro Boa Vista","addressLocality":"UBIRATA","postalCode":"85440-000","addressRegion":"PR","addressCountry":"BR"},{"@type":"ImageObject","inLanguage":"en-US","@id":"https:\/\/ubirataonline.com.br\/palpite-bayer-leverkusen-x-eintracht-frankfurt-campeonato-alemao\/#local-main-organization-logo","url":"https:\/\/ubirataonline.com.br\/wp-content\/uploads\/2026\/06\/logoubirataonline-1.webp","contentUrl":"https:\/\/ubirataonline.com.br\/wp-content\/uploads\/2026\/06\/logoubirataonline-1.webp","width":500,"height":500,"caption":"Ubirat\u00e3 Online Not\u00edcias"}]},"geo.placename":"UBIRATA","geo.position":{"lat":"-24.5361401","long":"-52.9921776"},"geo.region":"Brazil"},"_links":{"self":[{"href":"https:\/\/ubirataonline.com.br\/en\/wp-json\/wp\/v2\/posts\/68144","targetHints":{"allow":["GET"]}}],"collection":[{"href":"https:\/\/ubirataonline.com.br\/en\/wp-json\/wp\/v2\/posts"}],"about":[{"href":"https:\/\/ubirataonline.com.br\/en\/wp-json\/wp\/v2\/types\/post"}],"author":[{"embeddable":true,"href":"https:\/\/ubirataonline.com.br\/en\/wp-json\/wp\/v2\/users\/1"}],"replies":[{"embeddable":true,"href":"https:\/\/ubirataonline.com.br\/en\/wp-json\/wp\/v2\/comments?post=68144"}],"version-history":[{"count":0,"href":"https:\/\/ubirataonline.com.br\/en\/wp-json\/wp\/v2\/posts\/68144\/revisions"}],"wp:featuredmedia":[{"embeddable":true,"href":"https:\/\/ubirataonline.com.br\/en\/wp-json\/wp\/v2\/media\/68145"}],"wp:attachment":[{"href":"https:\/\/ubirataonline.com.br\/en\/wp-json\/wp\/v2\/media?parent=68144"}],"wp:term":[{"taxonomy":"category","embeddable":true,"href":"https:\/\/ubirataonline.com.br\/en\/wp-json\/wp\/v2\/categories?post=68144"},{"taxonomy":"post_tag","embeddable":true,"href":"https:\/\/ubirataonline.com.br\/en\/wp-json\/wp\/v2\/tags?post=68144"}],"curies":[{"name":"wp","href":"https:\/\/api.w.org\/{rel}","templated":true}]}}