{"id":68150,"date":"2025-09-12T15:56:26","date_gmt":"2025-09-12T18:56:26","guid":{"rendered":"https:\/\/ubirataonline.com.br\/gil-tem-rescisao-com-o-santos-publicada-no-bid-e-deve-anunciar-aposentadoria\/"},"modified":"2025-09-12T15:56:26","modified_gmt":"2025-09-12T18:56:26","slug":"gil-tem-rescisao-com-o-santos-publicada-no-bid-e-deve-anunciar-aposentadoria","status":"publish","type":"post","link":"https:\/\/ubirataonline.com.br\/en\/gil-tem-rescisao-com-o-santos-publicada-no-bid-e-deve-anunciar-aposentadoria\/","title":{"rendered":"Gil tem rescis\u00e3o com o Santos publicada no BID e deve anunciar aposentadoria"},"content":{"rendered":"<p><\/p>\n<div id=\"texto\">\n<p>A carreira do experiente zagueiro Gil, de 38 anos, que terminaria em dezembro, pode ter chegado ao fim nesta quarta-feira. O Boletim Informativo Di\u00e1rio (BID) da CBF anunciou a rescis\u00e3o do v\u00ednculo com o Santos e o jogador n\u00e3o deve mais atuar profissionalmente. Depois de ter sido convencido pelos companheiros a continuar em 2025 na equipe da Vila Belmiro, o defensor perdeu espa\u00e7o e acertou o rompimento em comum acordo. <\/p>\n<p>Gil fez hist\u00f3ria no Corinthians, onde atuou por duas vezes, totalizando oito temporadas, ou 444 jogos, apenas nove fora do time titular, e conquistou t\u00edtulos importantes, como a Recopa Sul-Americana de 2013 e o Brasileir\u00e3o de 2015.<\/p>\n<p>No come\u00e7o de 2024, em reformula\u00e7\u00e3o pesada do elenco corintiano, n\u00e3o teve o v\u00ednculo renovado e aceitou o projeto para ser um dos l\u00edderes do Santos na temporada de ascens\u00e3o ap\u00f3s queda para a S\u00e9rie B. Liderou o time na conquista do acesso e do t\u00edtulo e anunciou, em dezembro, que estava dando adeus aos gramados.<\/p>\n<p>A sa\u00edda do t\u00e9cnico F\u00e1bio Carille foi um dos motivos por n\u00e3o querer mais seguir no Santos. Mas os companheiros o convenceram a mudar de ideia. Ocorre que Pedro Caixinha chegou e o encostou, utilizando todas as op\u00e7\u00f5es do elenco.<\/p>\n<p>O Santos n\u00e3o emplacou e o portugu\u00eas teve de recorrer ao zagueiro. Novas mudan\u00e7as de comando, com Cl\u00e9ber Xavier e agora Juan Pablo Vojvoda e novamente o veterano perdeu espa\u00e7os, primeiro com o jovem Souza ganhando oportunidades e agora com o argentino resgatando Z\u00e9 Ivaldo, ent\u00e3o afastado.<\/p>\n<p>A prova definitiva que Gil n\u00e3o seria mais utilizado veio na ter\u00e7a-feira, quando o clube oficializou a contrata\u00e7\u00e3o de dois zagueiros: Alexis Duarte e Adonis Frias. <\/p>\n<\/p><\/div>\n<p><a href=\"https:\/\/cgn.inf.br\/noticia\/1925210\/gil-tem-rescisao-com-o-santos-publicada-no-bid-e-deve-anunciar-aposentadoria\">Source link <\/a><\/p>","protected":false},"excerpt":{"rendered":"<p>A carreira do experiente zagueiro Gil, de 38 anos, que terminaria em dezembro, pode ter chegado ao fim nesta quarta-feira. O Boletim Informativo Di\u00e1rio (BID) da CBF anunciou a rescis\u00e3o do v\u00ednculo com o Santos e o jogador n\u00e3o deve mais atuar profissionalmente. Depois de ter sido convencido pelos companheiros a continuar em 2025 na [&hellip;]<\/p>\n","protected":false},"author":1,"featured_media":63219,"comment_status":"","ping_status":"","sticky":false,"template":"","format":"standard","meta":{"googlesitekit_rrm_CAow2JLhCw:productID":"","_gspb_post_css":"","maa_idioma":"","maa_pais":"","footnotes":""},"categories":[1],"tags":[],"class_list":["post-68150","post","type-post","status-publish","format-standard","has-post-thumbnail","hentry","category-ubirata"],"blocksy_meta":[],"yoast_head":"<!-- This site is optimized with the Yoast SEO Premium plugin v27.6 (Yoast SEO v27.6) - https:\/\/yoast.com\/product\/yoast-seo-premium-wordpress\/ -->\n<title>Gil tem rescis\u00e3o com o Santos publicada no BID e deve anunciar aposentadoria - Ubirat\u00e3 Online Not\u00edcias - A realidade ao seu alcance!<\/title>\n<meta name=\"description\" content=\"A carreira do experiente zagueiro Gil, de 38 anos, que terminaria em dezembro, pode ter chegado ao fim nesta quarta-feira. O Boletim Informativo Di\u00e1rio\" \/>\n<meta name=\"robots\" content=\"index, follow, max-snippet:-1, max-image-preview:large, max-video-preview:-1\" \/>\n<link rel=\"canonical\" href=\"https:\/\/ubirataonline.com.br\/en\/gil-tem-rescisao-com-o-santos-publicada-no-bid-e-deve-anunciar-aposentadoria\/\" \/>\n<meta property=\"og:locale\" content=\"en_US\" \/>\n<meta property=\"og:type\" content=\"article\" \/>\n<meta property=\"og:title\" content=\"Gil tem rescis\u00e3o com o Santos publicada no BID e deve anunciar aposentadoria\" \/>\n<meta property=\"og:description\" content=\"A carreira do experiente zagueiro Gil, de 38 anos, que terminaria em dezembro, pode ter chegado ao fim nesta quarta-feira. O Boletim Informativo Di\u00e1rio\" \/>\n<meta property=\"og:url\" content=\"https:\/\/ubirataonline.com.br\/en\/gil-tem-rescisao-com-o-santos-publicada-no-bid-e-deve-anunciar-aposentadoria\/\" \/>\n<meta property=\"og:site_name\" content=\"Ubirat\u00e3 Online Not\u00edcias - A realidade ao seu alcance!\" \/>\n<meta property=\"article:publisher\" content=\"https:\/\/www.facebook.com\/portalubirataonline\" \/>\n<meta property=\"article:author\" content=\"https:\/\/www.facebook.com\/portalubirataonline\" \/>\n<meta property=\"article:published_time\" content=\"2025-09-12T18:56:26+00:00\" \/>\n<meta property=\"og:image\" content=\"https:\/\/ubirataonline.com.br\/wp-content\/uploads\/2026\/05\/logo2026.webp\" \/>\n\t<meta property=\"og:image:width\" content=\"1531\" \/>\n\t<meta property=\"og:image:height\" content=\"418\" \/>\n\t<meta property=\"og:image:type\" content=\"image\/webp\" \/>\n<meta name=\"author\" content=\"REDA\u00c7\u00c3O: UBIRAT\u00c3 ONLINE - F\u00c1BIO AUGUSTO CELESTINO\" \/>\n<meta name=\"twitter:card\" content=\"summary_large_image\" \/>\n<meta name=\"twitter:creator\" content=\"@x.com\/ubirataonline\" \/>\n<meta name=\"twitter:site\" content=\"@ubirataonline\" \/>\n<meta name=\"twitter:label1\" content=\"Written by\" \/>\n\t<meta name=\"twitter:data1\" content=\"REDA\u00c7\u00c3O: UBIRAT\u00c3 ONLINE - F\u00c1BIO AUGUSTO CELESTINO\" \/>\n\t<meta name=\"twitter:label2\" content=\"Est. reading time\" \/>\n\t<meta name=\"twitter:data2\" content=\"2 minutes\" \/>\n<script type=\"application\/ld+json\" class=\"yoast-schema-graph\">{\"@context\":\"https:\\\/\\\/schema.org\",\"@graph\":[{\"@type\":\"NewsArticle\",\"@id\":\"https:\\\/\\\/ubirataonline.com.br\\\/gil-tem-rescisao-com-o-santos-publicada-no-bid-e-deve-anunciar-aposentadoria\\\/#article\",\"isPartOf\":{\"@id\":\"https:\\\/\\\/ubirataonline.com.br\\\/gil-tem-rescisao-com-o-santos-publicada-no-bid-e-deve-anunciar-aposentadoria\\\/\"},\"author\":{\"name\":\"REDA\u00c7\u00c3O: UBIRAT\u00c3 ONLINE - F\u00c1BIO AUGUSTO CELESTINO\",\"@id\":\"https:\\\/\\\/ubirataonline.com.br\\\/#\\\/schema\\\/person\\\/372f87bbd3fdd79b8556b84c98d0bc1c\"},\"headline\":\"Gil tem rescis\u00e3o com o Santos publicada no BID e deve anunciar aposentadoria\",\"datePublished\":\"2025-09-12T18:56:26+00:00\",\"mainEntityOfPage\":{\"@id\":\"https:\\\/\\\/ubirataonline.com.br\\\/gil-tem-rescisao-com-o-santos-publicada-no-bid-e-deve-anunciar-aposentadoria\\\/\"},\"wordCount\":317,\"publisher\":{\"@id\":\"https:\\\/\\\/ubirataonline.com.br\\\/#organization\"},\"image\":{\"@id\":\"https:\\\/\\\/ubirataonline.com.br\\\/gil-tem-rescisao-com-o-santos-publicada-no-bid-e-deve-anunciar-aposentadoria\\\/#primaryimage\"},\"thumbnailUrl\":\"https:\\\/\\\/ubirataonline.com.br\\\/wp-content\\\/uploads\\\/2025\\\/08\\\/CGN768x461.gif\",\"articleSection\":[\"Ubirat\u00e3\"],\"inLanguage\":\"en-US\",\"copyrightYear\":\"2025\",\"copyrightHolder\":{\"@id\":\"https:\\\/\\\/ubirataonline.com.br\\\/en\\\/#organization\"}},{\"@type\":\"WebPage\",\"@id\":\"https:\\\/\\\/ubirataonline.com.br\\\/gil-tem-rescisao-com-o-santos-publicada-no-bid-e-deve-anunciar-aposentadoria\\\/\",\"url\":\"https:\\\/\\\/ubirataonline.com.br\\\/gil-tem-rescisao-com-o-santos-publicada-no-bid-e-deve-anunciar-aposentadoria\\\/\",\"name\":\"Gil tem rescis\u00e3o com o Santos publicada no BID e deve anunciar aposentadoria - Ubirat\u00e3 Online Not\u00edcias - A realidade ao seu alcance!\",\"isPartOf\":{\"@id\":\"https:\\\/\\\/ubirataonline.com.br\\\/#website\"},\"primaryImageOfPage\":{\"@id\":\"https:\\\/\\\/ubirataonline.com.br\\\/gil-tem-rescisao-com-o-santos-publicada-no-bid-e-deve-anunciar-aposentadoria\\\/#primaryimage\"},\"image\":{\"@id\":\"https:\\\/\\\/ubirataonline.com.br\\\/gil-tem-rescisao-com-o-santos-publicada-no-bid-e-deve-anunciar-aposentadoria\\\/#primaryimage\"},\"thumbnailUrl\":\"https:\\\/\\\/ubirataonline.com.br\\\/wp-content\\\/uploads\\\/2025\\\/08\\\/CGN768x461.gif\",\"datePublished\":\"2025-09-12T18:56:26+00:00\",\"description\":\"A carreira do experiente zagueiro Gil, de 38 anos, que terminaria em dezembro, pode ter chegado ao fim nesta quarta-feira. O Boletim Informativo Di\u00e1rio\",\"breadcrumb\":{\"@id\":\"https:\\\/\\\/ubirataonline.com.br\\\/gil-tem-rescisao-com-o-santos-publicada-no-bid-e-deve-anunciar-aposentadoria\\\/#breadcrumb\"},\"inLanguage\":\"en-US\",\"potentialAction\":[{\"@type\":\"ReadAction\",\"target\":[\"https:\\\/\\\/ubirataonline.com.br\\\/gil-tem-rescisao-com-o-santos-publicada-no-bid-e-deve-anunciar-aposentadoria\\\/\"]}]},{\"@type\":\"ImageObject\",\"inLanguage\":\"en-US\",\"@id\":\"https:\\\/\\\/ubirataonline.com.br\\\/gil-tem-rescisao-com-o-santos-publicada-no-bid-e-deve-anunciar-aposentadoria\\\/#primaryimage\",\"url\":\"https:\\\/\\\/ubirataonline.com.br\\\/wp-content\\\/uploads\\\/2025\\\/08\\\/CGN768x461.gif\",\"contentUrl\":\"https:\\\/\\\/ubirataonline.com.br\\\/wp-content\\\/uploads\\\/2025\\\/08\\\/CGN768x461.gif\",\"width\":768,\"height\":461},{\"@type\":\"BreadcrumbList\",\"@id\":\"https:\\\/\\\/ubirataonline.com.br\\\/gil-tem-rescisao-com-o-santos-publicada-no-bid-e-deve-anunciar-aposentadoria\\\/#breadcrumb\",\"itemListElement\":[{\"@type\":\"ListItem\",\"position\":1,\"name\":\"In\u00edcio\",\"item\":\"https:\\\/\\\/ubirataonline.com.br\\\/\"},{\"@type\":\"ListItem\",\"position\":2,\"name\":\"Gil tem rescis\u00e3o com o Santos publicada no BID e deve anunciar aposentadoria\"}]},{\"@type\":\"WebSite\",\"@id\":\"https:\\\/\\\/ubirataonline.com.br\\\/#website\",\"url\":\"https:\\\/\\\/ubirataonline.com.br\\\/\",\"name\":\"Ubirat\u00e3 Online Not\u00edcias\",\"description\":\"Not\u00edcias de Ubirat\u00e3, regi\u00e3o, Brasil e mundo, com informa\u00e7\u00e3o atualizada e compromisso com o leitor.\",\"publisher\":{\"@id\":\"https:\\\/\\\/ubirataonline.com.br\\\/#organization\"},\"alternateName\":\"Ubirat\u00e3 Online\",\"potentialAction\":[{\"@type\":\"SearchAction\",\"target\":{\"@type\":\"EntryPoint\",\"urlTemplate\":\"https:\\\/\\\/ubirataonline.com.br\\\/?s={search_term_string}\"},\"query-input\":{\"@type\":\"PropertyValueSpecification\",\"valueRequired\":true,\"valueName\":\"search_term_string\"}}],\"inLanguage\":\"en-US\"},{\"@type\":[\"Organization\",\"Place\"],\"@id\":\"https:\\\/\\\/ubirataonline.com.br\\\/#organization\",\"name\":\"Ubirat\u00e3 Online Not\u00edcias\",\"alternateName\":\"Ubirat\u00e3 Online\",\"url\":\"https:\\\/\\\/ubirataonline.com.br\\\/\",\"logo\":{\"@id\":\"https:\\\/\\\/ubirataonline.com.br\\\/gil-tem-rescisao-com-o-santos-publicada-no-bid-e-deve-anunciar-aposentadoria\\\/#local-main-organization-logo\"},\"image\":{\"@id\":\"https:\\\/\\\/ubirataonline.com.br\\\/gil-tem-rescisao-com-o-santos-publicada-no-bid-e-deve-anunciar-aposentadoria\\\/#local-main-organization-logo\"},\"sameAs\":[\"https:\\\/\\\/www.facebook.com\\\/portalubirataonline\",\"https:\\\/\\\/x.com\\\/ubirataonline\",\"https:\\\/\\\/mastodon.social\\\/@ubirataonline\",\"https:\\\/\\\/www.facebook.com\\\/groups\\\/311144672285604\",\"https:\\\/\\\/www.facebook.com\\\/UBTAOnline\",\"https:\\\/\\\/www.instagram.com\\\/portalubirataonline\\\/\",\"https:\\\/\\\/twitter.com\\\/ubirataonline\"],\"description\":\"Somos um portal de not\u00edcias independente, criado em 5 de janeiro de 2009, com o objetivo de informar, conectar e valorizar a nossa comunidade de Ubirat\u00e3 e toda aregi\u00e3o. Com conte\u00fado atualizado, confi\u00e1vel e relevante, o Ubirat\u00e3 Online \u00e9 o seu espa\u00e7o para ficar por dentro dos principais acontecimentos locais, regionais, Brasil, Mundo e de interesse geral. Nosso compromisso \u00e9 com a verdade, a transpar\u00eancia e o respeito ao leitor.\",\"legalName\":\"UBIRATA ONLINE NOT\u00cdCIAS\",\"foundingDate\":\"2009-01-05\",\"numberOfEmployees\":{\"@type\":\"QuantitativeValue\",\"minValue\":\"1\",\"maxValue\":\"10\"},\"publishingPrinciples\":\"https:\\\/\\\/ubirataonline.com.br\\\/faq\\\/\",\"address\":{\"@id\":\"https:\\\/\\\/ubirataonline.com.br\\\/gil-tem-rescisao-com-o-santos-publicada-no-bid-e-deve-anunciar-aposentadoria\\\/#local-main-place-address\"},\"geo\":{\"@type\":\"GeoCoordinates\",\"latitude\":\"-24.5361401\",\"longitude\":\"-52.9921776\"},\"telephone\":[\"+5544998308235\"],\"contactPoint\":{\"@type\":\"ContactPoint\",\"email\":\"contato@ubirataonline.com.br\"},\"openingHoursSpecification\":{\"@type\":\"OpeningHoursSpecification\",\"dayOfWeek\":[\"Monday\",\"Tuesday\",\"Wednesday\",\"Thursday\",\"Friday\",\"Saturday\",\"Sunday\"],\"opens\":\"00:00\",\"closes\":\"23:59\"},\"email\":\"contato@ubirataonline.com.br\",\"vatID\":\"47.621.418\\\/0001-80\"},{\"@type\":\"Person\",\"@id\":\"https:\\\/\\\/ubirataonline.com.br\\\/#\\\/schema\\\/person\\\/372f87bbd3fdd79b8556b84c98d0bc1c\",\"name\":\"REDA\u00c7\u00c3O: UBIRAT\u00c3 ONLINE - F\u00c1BIO AUGUSTO CELESTINO\",\"pronouns\":\"Ele\",\"description\":\"Desde 2003 trabalhando com not\u00edcias.\",\"sameAs\":[\"http:\\\/\\\/ubirataoline.com.br\",\"https:\\\/\\\/www.facebook.com\\\/portalubirataonline\",\"https:\\\/\\\/www.instagram.com\\\/ubirataonline_oficial\",\"https:\\\/\\\/x.com\\\/x.com\\\/ubirataonline\"],\"honorificPrefix\":\"Mr.\",\"honorificSuffix\":\"MD\",\"birthDate\":\"1980-06-16\",\"gender\":\"masculino\",\"award\":[\"V\u00e1rios pr\u00eamios de melhor portal da cidade\"],\"jobTitle\":\"Diretor\",\"url\":\"https:\\\/\\\/ubirataonline.com.br\\\/en\\\/author\\\/ubirataonline\\\/\"},{\"@type\":\"PostalAddress\",\"@id\":\"https:\\\/\\\/ubirataonline.com.br\\\/gil-tem-rescisao-com-o-santos-publicada-no-bid-e-deve-anunciar-aposentadoria\\\/#local-main-place-address\",\"streetAddress\":\"Rua dos Coqueiros, 104 - Bairro Boa Vista, Rua dos Coqueiros, 104 Bairro Boa Vista\",\"addressLocality\":\"UBIRATA\",\"postalCode\":\"85440-000\",\"addressRegion\":\"PR\",\"addressCountry\":\"BR\"},{\"@type\":\"ImageObject\",\"inLanguage\":\"en-US\",\"@id\":\"https:\\\/\\\/ubirataonline.com.br\\\/gil-tem-rescisao-com-o-santos-publicada-no-bid-e-deve-anunciar-aposentadoria\\\/#local-main-organization-logo\",\"url\":\"https:\\\/\\\/ubirataonline.com.br\\\/wp-content\\\/uploads\\\/2026\\\/06\\\/logoubirataonline-1.webp\",\"contentUrl\":\"https:\\\/\\\/ubirataonline.com.br\\\/wp-content\\\/uploads\\\/2026\\\/06\\\/logoubirataonline-1.webp\",\"width\":500,\"height\":500,\"caption\":\"Ubirat\u00e3 Online Not\u00edcias\"}]}<\/script>\n<meta name=\"geo.placename\" content=\"UBIRATA\" \/>\n<meta name=\"geo.position\" content=\"-24.5361401;-52.9921776\" \/>\n<meta name=\"geo.region\" content=\"Brazil\" \/>\n<!-- \/ Yoast SEO Premium plugin. -->","yoast_head_json":{"title":"Gil tem rescis\u00e3o com o Santos publicada no BID e deve anunciar aposentadoria - Ubirat\u00e3 Online Not\u00edcias - A realidade ao seu alcance!","description":"A carreira do experiente zagueiro Gil, de 38 anos, que terminaria em dezembro, pode ter chegado ao fim nesta quarta-feira. O Boletim Informativo Di\u00e1rio","robots":{"index":"index","follow":"follow","max-snippet":"max-snippet:-1","max-image-preview":"max-image-preview:large","max-video-preview":"max-video-preview:-1"},"canonical":"https:\/\/ubirataonline.com.br\/en\/gil-tem-rescisao-com-o-santos-publicada-no-bid-e-deve-anunciar-aposentadoria\/","og_locale":"en_US","og_type":"article","og_title":"Gil tem rescis\u00e3o com o Santos publicada no BID e deve anunciar aposentadoria","og_description":"A carreira do experiente zagueiro Gil, de 38 anos, que terminaria em dezembro, pode ter chegado ao fim nesta quarta-feira. O Boletim Informativo Di\u00e1rio","og_url":"https:\/\/ubirataonline.com.br\/en\/gil-tem-rescisao-com-o-santos-publicada-no-bid-e-deve-anunciar-aposentadoria\/","og_site_name":"Ubirat\u00e3 Online Not\u00edcias - A realidade ao seu alcance!","article_publisher":"https:\/\/www.facebook.com\/portalubirataonline","article_author":"https:\/\/www.facebook.com\/portalubirataonline","article_published_time":"2025-09-12T18:56:26+00:00","og_image":[{"width":1531,"height":418,"url":"https:\/\/ubirataonline.com.br\/wp-content\/uploads\/2026\/05\/logo2026.webp","type":"image\/webp"}],"author":"REDA\u00c7\u00c3O: UBIRAT\u00c3 ONLINE - F\u00c1BIO AUGUSTO CELESTINO","twitter_card":"summary_large_image","twitter_creator":"@x.com\/ubirataonline","twitter_site":"@ubirataonline","twitter_misc":{"Written by":"REDA\u00c7\u00c3O: UBIRAT\u00c3 ONLINE - F\u00c1BIO AUGUSTO CELESTINO","Est. reading time":"2 minutes"},"schema":{"@context":"https:\/\/schema.org","@graph":[{"@type":"NewsArticle","@id":"https:\/\/ubirataonline.com.br\/gil-tem-rescisao-com-o-santos-publicada-no-bid-e-deve-anunciar-aposentadoria\/#article","isPartOf":{"@id":"https:\/\/ubirataonline.com.br\/gil-tem-rescisao-com-o-santos-publicada-no-bid-e-deve-anunciar-aposentadoria\/"},"author":{"name":"REDA\u00c7\u00c3O: UBIRAT\u00c3 ONLINE - F\u00c1BIO AUGUSTO CELESTINO","@id":"https:\/\/ubirataonline.com.br\/#\/schema\/person\/372f87bbd3fdd79b8556b84c98d0bc1c"},"headline":"Gil tem rescis\u00e3o com o Santos publicada no BID e deve anunciar aposentadoria","datePublished":"2025-09-12T18:56:26+00:00","mainEntityOfPage":{"@id":"https:\/\/ubirataonline.com.br\/gil-tem-rescisao-com-o-santos-publicada-no-bid-e-deve-anunciar-aposentadoria\/"},"wordCount":317,"publisher":{"@id":"https:\/\/ubirataonline.com.br\/#organization"},"image":{"@id":"https:\/\/ubirataonline.com.br\/gil-tem-rescisao-com-o-santos-publicada-no-bid-e-deve-anunciar-aposentadoria\/#primaryimage"},"thumbnailUrl":"https:\/\/ubirataonline.com.br\/wp-content\/uploads\/2025\/08\/CGN768x461.gif","articleSection":["Ubirat\u00e3"],"inLanguage":"en-US","copyrightYear":"2025","copyrightHolder":{"@id":"https:\/\/ubirataonline.com.br\/en\/#organization"}},{"@type":"WebPage","@id":"https:\/\/ubirataonline.com.br\/gil-tem-rescisao-com-o-santos-publicada-no-bid-e-deve-anunciar-aposentadoria\/","url":"https:\/\/ubirataonline.com.br\/gil-tem-rescisao-com-o-santos-publicada-no-bid-e-deve-anunciar-aposentadoria\/","name":"Gil tem rescis\u00e3o com o Santos publicada no BID e deve anunciar aposentadoria - Ubirat\u00e3 Online Not\u00edcias - A realidade ao seu alcance!","isPartOf":{"@id":"https:\/\/ubirataonline.com.br\/#website"},"primaryImageOfPage":{"@id":"https:\/\/ubirataonline.com.br\/gil-tem-rescisao-com-o-santos-publicada-no-bid-e-deve-anunciar-aposentadoria\/#primaryimage"},"image":{"@id":"https:\/\/ubirataonline.com.br\/gil-tem-rescisao-com-o-santos-publicada-no-bid-e-deve-anunciar-aposentadoria\/#primaryimage"},"thumbnailUrl":"https:\/\/ubirataonline.com.br\/wp-content\/uploads\/2025\/08\/CGN768x461.gif","datePublished":"2025-09-12T18:56:26+00:00","description":"A carreira do experiente zagueiro Gil, de 38 anos, que terminaria em dezembro, pode ter chegado ao fim nesta quarta-feira. O Boletim Informativo Di\u00e1rio","breadcrumb":{"@id":"https:\/\/ubirataonline.com.br\/gil-tem-rescisao-com-o-santos-publicada-no-bid-e-deve-anunciar-aposentadoria\/#breadcrumb"},"inLanguage":"en-US","potentialAction":[{"@type":"ReadAction","target":["https:\/\/ubirataonline.com.br\/gil-tem-rescisao-com-o-santos-publicada-no-bid-e-deve-anunciar-aposentadoria\/"]}]},{"@type":"ImageObject","inLanguage":"en-US","@id":"https:\/\/ubirataonline.com.br\/gil-tem-rescisao-com-o-santos-publicada-no-bid-e-deve-anunciar-aposentadoria\/#primaryimage","url":"https:\/\/ubirataonline.com.br\/wp-content\/uploads\/2025\/08\/CGN768x461.gif","contentUrl":"https:\/\/ubirataonline.com.br\/wp-content\/uploads\/2025\/08\/CGN768x461.gif","width":768,"height":461},{"@type":"BreadcrumbList","@id":"https:\/\/ubirataonline.com.br\/gil-tem-rescisao-com-o-santos-publicada-no-bid-e-deve-anunciar-aposentadoria\/#breadcrumb","itemListElement":[{"@type":"ListItem","position":1,"name":"In\u00edcio","item":"https:\/\/ubirataonline.com.br\/"},{"@type":"ListItem","position":2,"name":"Gil tem rescis\u00e3o com o Santos publicada no BID e deve anunciar aposentadoria"}]},{"@type":"WebSite","@id":"https:\/\/ubirataonline.com.br\/#website","url":"https:\/\/ubirataonline.com.br\/","name":"Ubirat\u00e3 Online Not\u00edcias","description":"Not\u00edcias de Ubirat\u00e3, regi\u00e3o, Brasil e mundo, com informa\u00e7\u00e3o atualizada e compromisso com o leitor.","publisher":{"@id":"https:\/\/ubirataonline.com.br\/#organization"},"alternateName":"Ubirat\u00e3 Online","potentialAction":[{"@type":"SearchAction","target":{"@type":"EntryPoint","urlTemplate":"https:\/\/ubirataonline.com.br\/?s={search_term_string}"},"query-input":{"@type":"PropertyValueSpecification","valueRequired":true,"valueName":"search_term_string"}}],"inLanguage":"en-US"},{"@type":["Organization","Place"],"@id":"https:\/\/ubirataonline.com.br\/#organization","name":"Ubirat\u00e3 Online Not\u00edcias","alternateName":"Ubirat\u00e3 Online","url":"https:\/\/ubirataonline.com.br\/","logo":{"@id":"https:\/\/ubirataonline.com.br\/gil-tem-rescisao-com-o-santos-publicada-no-bid-e-deve-anunciar-aposentadoria\/#local-main-organization-logo"},"image":{"@id":"https:\/\/ubirataonline.com.br\/gil-tem-rescisao-com-o-santos-publicada-no-bid-e-deve-anunciar-aposentadoria\/#local-main-organization-logo"},"sameAs":["https:\/\/www.facebook.com\/portalubirataonline","https:\/\/x.com\/ubirataonline","https:\/\/mastodon.social\/@ubirataonline","https:\/\/www.facebook.com\/groups\/311144672285604","https:\/\/www.facebook.com\/UBTAOnline","https:\/\/www.instagram.com\/portalubirataonline\/","https:\/\/twitter.com\/ubirataonline"],"description":"Somos um portal de not\u00edcias independente, criado em 5 de janeiro de 2009, com o objetivo de informar, conectar e valorizar a nossa comunidade de Ubirat\u00e3 e toda aregi\u00e3o. Com conte\u00fado atualizado, confi\u00e1vel e relevante, o Ubirat\u00e3 Online \u00e9 o seu espa\u00e7o para ficar por dentro dos principais acontecimentos locais, regionais, Brasil, Mundo e de interesse geral. Nosso compromisso \u00e9 com a verdade, a transpar\u00eancia e o respeito ao leitor.","legalName":"UBIRATA ONLINE NOT\u00cdCIAS","foundingDate":"2009-01-05","numberOfEmployees":{"@type":"QuantitativeValue","minValue":"1","maxValue":"10"},"publishingPrinciples":"https:\/\/ubirataonline.com.br\/faq\/","address":{"@id":"https:\/\/ubirataonline.com.br\/gil-tem-rescisao-com-o-santos-publicada-no-bid-e-deve-anunciar-aposentadoria\/#local-main-place-address"},"geo":{"@type":"GeoCoordinates","latitude":"-24.5361401","longitude":"-52.9921776"},"telephone":["+5544998308235"],"contactPoint":{"@type":"ContactPoint","email":"contato@ubirataonline.com.br"},"openingHoursSpecification":{"@type":"OpeningHoursSpecification","dayOfWeek":["Monday","Tuesday","Wednesday","Thursday","Friday","Saturday","Sunday"],"opens":"00:00","closes":"23:59"},"email":"contato@ubirataonline.com.br","vatID":"47.621.418\/0001-80"},{"@type":"Person","@id":"https:\/\/ubirataonline.com.br\/#\/schema\/person\/372f87bbd3fdd79b8556b84c98d0bc1c","name":"REDA\u00c7\u00c3O: UBIRAT\u00c3 ONLINE - F\u00c1BIO AUGUSTO CELESTINO","pronouns":"Ele","description":"Desde 2003 trabalhando com not\u00edcias.","sameAs":["http:\/\/ubirataoline.com.br","https:\/\/www.facebook.com\/portalubirataonline","https:\/\/www.instagram.com\/ubirataonline_oficial","https:\/\/x.com\/x.com\/ubirataonline"],"honorificPrefix":"Mr.","honorificSuffix":"MD","birthDate":"1980-06-16","gender":"masculino","award":["V\u00e1rios pr\u00eamios de melhor portal da cidade"],"jobTitle":"Diretor","url":"https:\/\/ubirataonline.com.br\/en\/author\/ubirataonline\/"},{"@type":"PostalAddress","@id":"https:\/\/ubirataonline.com.br\/gil-tem-rescisao-com-o-santos-publicada-no-bid-e-deve-anunciar-aposentadoria\/#local-main-place-address","streetAddress":"Rua dos Coqueiros, 104 - Bairro Boa Vista, Rua dos Coqueiros, 104 Bairro Boa Vista","addressLocality":"UBIRATA","postalCode":"85440-000","addressRegion":"PR","addressCountry":"BR"},{"@type":"ImageObject","inLanguage":"en-US","@id":"https:\/\/ubirataonline.com.br\/gil-tem-rescisao-com-o-santos-publicada-no-bid-e-deve-anunciar-aposentadoria\/#local-main-organization-logo","url":"https:\/\/ubirataonline.com.br\/wp-content\/uploads\/2026\/06\/logoubirataonline-1.webp","contentUrl":"https:\/\/ubirataonline.com.br\/wp-content\/uploads\/2026\/06\/logoubirataonline-1.webp","width":500,"height":500,"caption":"Ubirat\u00e3 Online Not\u00edcias"}]},"geo.placename":"UBIRATA","geo.position":{"lat":"-24.5361401","long":"-52.9921776"},"geo.region":"Brazil"},"_links":{"self":[{"href":"https:\/\/ubirataonline.com.br\/en\/wp-json\/wp\/v2\/posts\/68150","targetHints":{"allow":["GET"]}}],"collection":[{"href":"https:\/\/ubirataonline.com.br\/en\/wp-json\/wp\/v2\/posts"}],"about":[{"href":"https:\/\/ubirataonline.com.br\/en\/wp-json\/wp\/v2\/types\/post"}],"author":[{"embeddable":true,"href":"https:\/\/ubirataonline.com.br\/en\/wp-json\/wp\/v2\/users\/1"}],"replies":[{"embeddable":true,"href":"https:\/\/ubirataonline.com.br\/en\/wp-json\/wp\/v2\/comments?post=68150"}],"version-history":[{"count":0,"href":"https:\/\/ubirataonline.com.br\/en\/wp-json\/wp\/v2\/posts\/68150\/revisions"}],"wp:featuredmedia":[{"embeddable":true,"href":"https:\/\/ubirataonline.com.br\/en\/wp-json\/wp\/v2\/media\/63219"}],"wp:attachment":[{"href":"https:\/\/ubirataonline.com.br\/en\/wp-json\/wp\/v2\/media?parent=68150"}],"wp:term":[{"taxonomy":"category","embeddable":true,"href":"https:\/\/ubirataonline.com.br\/en\/wp-json\/wp\/v2\/categories?post=68150"},{"taxonomy":"post_tag","embeddable":true,"href":"https:\/\/ubirataonline.com.br\/en\/wp-json\/wp\/v2\/tags?post=68150"}],"curies":[{"name":"wp","href":"https:\/\/api.w.org\/{rel}","templated":true}]}}