{"id":68158,"date":"2025-09-12T18:24:10","date_gmt":"2025-09-12T21:24:10","guid":{"rendered":"https:\/\/ubirataonline.com.br\/conservatives-call-for-omars-removal-after-charlie-kirk-comments\/"},"modified":"2025-09-12T18:24:10","modified_gmt":"2025-09-12T21:24:10","slug":"conservatives-call-for-omars-removal-after-charlie-kirk-comments","status":"publish","type":"post","link":"https:\/\/ubirataonline.com.br\/en\/conservatives-call-for-omars-removal-after-charlie-kirk-comments\/","title":{"rendered":"Conservatives call for Omar&#8217;s removal after Charlie Kirk comments"},"content":{"rendered":"<p><\/p>\n<div>\n<div id=\"beyondwords-wrapper\" class=\"beyondwords-wrapper\">\n<p><span class=\"label-bg\">NEW<\/span>You can now listen to Fox News articles!\n  <\/p>\n<\/div>\n<p class=\"speakable\">Conservatives on social media are railing against Democratic Rep. Ilhan Omar, D-Minn., over a Substack appearance where she criticized conservative commentator <a href=\"https:\/\/www.foxnews.com\/category\/media\/charlie-kirk\" target=\"_blank\" rel=\"noopener\">Charlie Kirk<\/a> following his assassination, with some calling for her to be removed from Congress.<\/p>\n<p class=\"speakable\">&#8220;Rep. Ilhan Omar (D) is now ATTACKING and SMEARING Charlie Kirk after he was assassinated,&#8221; conservative influencer account LibsofTikTok\u00a0<a href=\"https:\/\/x.com\/libsoftiktok\/status\/1966229845794501005\" target=\"_blank\" rel=\"nofollow noopener\"><u>posted on X<\/u><\/a> Thursday. &#8220;This is an elected representative. She needs to RESIGN. EVIL.&#8221;<\/p>\n<p>Red State writer Bonchie\u00a0<a href=\"https:\/\/x.com\/bonchieredstate\/status\/1966221074607264128\" target=\"_blank\" rel=\"nofollow noopener\"><u>wrote on X<\/u><\/a>, &#8220;Ilhan Omar going on with Mehdi Hasan so they can both mock Charlie Kirk and lie about his \u2018actions\u2019 to justify his assassination is exactly what you\u2019d expect.&#8221;<\/p>\n<p>&#8220;Look at their grins,&#8221; conservative influencer account End Wokeness\u00a0<a href=\"https:\/\/x.com\/EndWokeness\/status\/1966218569194377656\" target=\"_blank\" rel=\"nofollow noopener\"><u>posted on X<\/u>.<\/a><\/p>\n<p><a href=\"https:\/\/www.foxnews.com\/politics\/charlie-kirks-murder-latest-increasing-political-violence-nationwide\" target=\"_blank\" rel=\"noopener\"><strong>CHARLIE KIRK&#8217;S MURDER THE LATEST IN INCREASING POLITICAL VIOLENCE NATIONWIDE, FROM PA GOVERNOR TO SCOTUS<\/strong><\/a><\/p>\n<div class=\"image-ct inline\">\n<div class=\"m\"><picture><source media=\"(max-width: 767px)\" srcset=\"https:\/\/a57.foxnews.com\/static.foxnews.com\/foxnews.com\/content\/uploads\/2025\/09\/343\/192\/ilhan-omar-speaks-at-event.png?ve=1&amp;tl=1, https:\/\/a57.foxnews.com\/static.foxnews.com\/foxnews.com\/content\/uploads\/2025\/09\/686\/384\/ilhan-omar-speaks-at-event.png?ve=1&amp;tl=1 2x\" height=\"192\" width=\"343\"><source media=\"(min-width: 768px) and (max-width: 1023px)\" srcset=\"https:\/\/a57.foxnews.com\/static.foxnews.com\/foxnews.com\/content\/uploads\/2025\/09\/672\/378\/ilhan-omar-speaks-at-event.png?ve=1&amp;tl=1, https:\/\/a57.foxnews.com\/static.foxnews.com\/foxnews.com\/content\/uploads\/2025\/09\/1344\/756\/ilhan-omar-speaks-at-event.png?ve=1&amp;tl=1 2x\" height=\"378\" width=\"672\"><source media=\"(min-width: 1024px) and (max-width: 1279px)\" srcset=\"https:\/\/a57.foxnews.com\/static.foxnews.com\/foxnews.com\/content\/uploads\/2025\/09\/931\/523\/ilhan-omar-speaks-at-event.png?ve=1&amp;tl=1, https:\/\/a57.foxnews.com\/static.foxnews.com\/foxnews.com\/content\/uploads\/2025\/09\/1862\/1046\/ilhan-omar-speaks-at-event.png?ve=1&amp;tl=1 2x\" height=\"523\" width=\"931\"><source media=\"(min-width: 1280px)\" srcset=\"https:\/\/a57.foxnews.com\/static.foxnews.com\/foxnews.com\/content\/uploads\/2025\/09\/720\/405\/ilhan-omar-speaks-at-event.png?ve=1&amp;tl=1, https:\/\/a57.foxnews.com\/static.foxnews.com\/foxnews.com\/content\/uploads\/2025\/09\/1440\/810\/ilhan-omar-speaks-at-event.png?ve=1&amp;tl=1 2x\" height=\"405\" width=\"720\"><img loading=\"lazy\" decoding=\"async\" src=\"https:\/\/a57.foxnews.com\/static.foxnews.com\/foxnews.com\/content\/uploads\/2025\/09\/1200\/675\/ilhan-omar-speaks-at-event.png?ve=1&amp;tl=1\" alt=\"Rep. Ilhan Omar apeaks\" width=\"1200\" height=\"675\"\/><\/source><\/source><\/source><\/source><\/picture><\/div>\n<div class=\"info\">\n<div class=\"caption\">\n<p><span>Rep. Ilhan Omar, with Rep. Rashida Tlaib at her side, spoke at a press conference Aug. 19 at the State Capitol in St. Paul, Minn.<\/span> <span>(Renee Jones Schneider\/Star Tribune via Getty Images)<\/span><\/p>\n<\/div>\n<\/div>\n<\/div>\n<p>&#8220;Yeah I\u2019ve had it with tolerance for evil,&#8221; conservative influencer Robby Starbuck\u00a0<a href=\"https:\/\/x.com\/robbystarbuck\/status\/1966220622599688662\" target=\"_blank\" rel=\"nofollow noopener\"><u>posted on X<\/u><\/a>. &#8220;Expel Ilhan Omar from Congress and deport her to Somalia. She reportedly committed immigration fraud with her sham marriage to her brother so this shouldn\u2019t be hard to do. I have no tolerance left for this evil.&#8221;<\/p>\n<p>The clip drew the attention of Republican Congresswoman Lauren Boebert, who\u00a0<a href=\"https:\/\/x.com\/laurenboebert\/status\/1966237691177218501\" target=\"_blank\" rel=\"nofollow noopener\"><u>wrote on X<\/u>,<\/a> &#8220;@IlhanMN, in the United States of America we have freedom of speech.&#8221;<\/p>\n<p>Boebert added, &#8220;I understand that in Somalia, where you come from and would do well to go back to, this isn\u2019t a thing. In our county, having political disagreements with someone isn\u2019t a reason to justify their execution.&#8221;<\/p>\n<p><a href=\"https:\/\/www.foxnews.com\/politics\/secret-service-under-pressure-what-kirks-assassination-means-trumps-security\" target=\"_blank\" rel=\"noopener\"><strong>SECRET SERVICE UNDER PRESSURE: WHAT KIRK\u2019S ASSASSINATION MEANS FOR TRUMP\u2019S SECURITY<\/strong><\/a><\/p>\n<div class=\"image-ct inline\">\n<div class=\"m\"><picture><source media=\"(max-width: 767px)\" srcset=\"https:\/\/a57.foxnews.com\/static.foxnews.com\/foxnews.com\/content\/uploads\/2025\/09\/343\/192\/charlie-kirk-church-event.png?ve=1&amp;tl=1, https:\/\/a57.foxnews.com\/static.foxnews.com\/foxnews.com\/content\/uploads\/2025\/09\/686\/384\/charlie-kirk-church-event.png?ve=1&amp;tl=1 2x\" height=\"192\" width=\"343\"><source media=\"(min-width: 768px) and (max-width: 1023px)\" srcset=\"https:\/\/a57.foxnews.com\/static.foxnews.com\/foxnews.com\/content\/uploads\/2025\/09\/672\/378\/charlie-kirk-church-event.png?ve=1&amp;tl=1, https:\/\/a57.foxnews.com\/static.foxnews.com\/foxnews.com\/content\/uploads\/2025\/09\/1344\/756\/charlie-kirk-church-event.png?ve=1&amp;tl=1 2x\" height=\"378\" width=\"672\"><source media=\"(min-width: 1024px) and (max-width: 1279px)\" srcset=\"https:\/\/a57.foxnews.com\/static.foxnews.com\/foxnews.com\/content\/uploads\/2025\/09\/931\/523\/charlie-kirk-church-event.png?ve=1&amp;tl=1, https:\/\/a57.foxnews.com\/static.foxnews.com\/foxnews.com\/content\/uploads\/2025\/09\/1862\/1046\/charlie-kirk-church-event.png?ve=1&amp;tl=1 2x\" height=\"523\" width=\"931\"><source media=\"(min-width: 1280px)\" srcset=\"https:\/\/a57.foxnews.com\/static.foxnews.com\/foxnews.com\/content\/uploads\/2025\/09\/720\/405\/charlie-kirk-church-event.png?ve=1&amp;tl=1, https:\/\/a57.foxnews.com\/static.foxnews.com\/foxnews.com\/content\/uploads\/2025\/09\/1440\/810\/charlie-kirk-church-event.png?ve=1&amp;tl=1 2x\" height=\"405\" width=\"720\"><img loading=\"lazy\" decoding=\"async\" src=\"https:\/\/a57.foxnews.com\/static.foxnews.com\/foxnews.com\/content\/uploads\/2025\/09\/1200\/675\/charlie-kirk-church-event.png?ve=1&amp;tl=1\" alt=\"Charlie Kirk speaking at church\" width=\"1200\" height=\"675\"\/><\/source><\/source><\/source><\/source><\/picture><\/div>\n<div class=\"info\">\n<div class=\"caption\">\n<p><span>Turning Point Executive Director Charlie Kirk speaks on stage ahead of a conversation during Turning Point Action&#8217;s Chase the Vote campaign event<\/span> <span>(Rebecca Noble\/AFP via Getty Images)<\/span><\/p>\n<\/div>\n<\/div>\n<\/div>\n<p>Fox News Digital reached out to Omar\u2019s office for comment and was directed to a\u00a0<a href=\"https:\/\/x.com\/IlhanMN\/status\/1966242929678438862\" target=\"_blank\" rel=\"nofollow noopener\"><u>social media post<\/u><\/a> from Omar saying she &#8220;disagreed with Charlie Kirk vehemently about his rhetoric&#8221; but does not &#8220;wish violence on anyone.&#8221;<\/p>\n<p>&#8220;Right-wing accounts trying to spin a false story when I condemned his murder multiple times is fitting for their agenda to villainize the left to hide from the fact that Donald Trump gins up hate on a daily basis.&#8221;<\/p>\n<p>The interview in question, a\u00a0Zeteo Town Hall with Mehdi Hasan, began with Omar expressing condolences to Kirk\u2019s family.\u00a0<\/p>\n<p>&#8220;It was really mortifying to hear the news,&#8221; Omar said when asked about her reaction to the killing. &#8220;All I could think about was his wife, his children, that image is going to live forever.&#8221;<\/p>\n<p>Omar added that her heart &#8220;breaks&#8221; for those babies before getting into a conversation about Republicans criticizing violence from the left, calling it &#8220;disgusting&#8221; and then criticizing Kirk and making the comments that infuriated conservatives online.<\/p>\n<p>&#8220;But what I do know for sure is that Charlie Kirk was someone who once said, \u2018Guns save lives\u2019 after a school shooting,&#8221; Omar said. &#8220;Charlie was someone who was willing to debate and downplay the death of George Floyd at the hands of Minneapolis police \u2026 downplay slavery and what Black people have gone through in this country by saying Juneteenth should never exist.&#8221;<\/p>\n<p>Omar went on to lament that there are a &#8220;lot of people who are out there talking&#8221; about Kirk &#8220;just wanting to have a civil debate,&#8221; prompting Hasan to interject and call it a &#8220;complete rewriting of history.&#8221;<\/p>\n<div class=\"image-ct inline\">\n<div class=\"m\"><picture><source media=\"(max-width: 767px)\" srcset=\"https:\/\/a57.foxnews.com\/static.foxnews.com\/foxnews.com\/content\/uploads\/2024\/10\/343\/192\/ilhan-omar-1.jpg?ve=1&amp;tl=1, https:\/\/a57.foxnews.com\/static.foxnews.com\/foxnews.com\/content\/uploads\/2024\/10\/686\/384\/ilhan-omar-1.jpg?ve=1&amp;tl=1 2x\" height=\"192\" width=\"343\"><source media=\"(min-width: 768px) and (max-width: 1023px)\" srcset=\"https:\/\/a57.foxnews.com\/static.foxnews.com\/foxnews.com\/content\/uploads\/2024\/10\/672\/378\/ilhan-omar-1.jpg?ve=1&amp;tl=1, https:\/\/a57.foxnews.com\/static.foxnews.com\/foxnews.com\/content\/uploads\/2024\/10\/1344\/756\/ilhan-omar-1.jpg?ve=1&amp;tl=1 2x\" height=\"378\" width=\"672\"><source media=\"(min-width: 1024px) and (max-width: 1279px)\" srcset=\"https:\/\/a57.foxnews.com\/static.foxnews.com\/foxnews.com\/content\/uploads\/2024\/10\/931\/523\/ilhan-omar-1.jpg?ve=1&amp;tl=1, https:\/\/a57.foxnews.com\/static.foxnews.com\/foxnews.com\/content\/uploads\/2024\/10\/1862\/1046\/ilhan-omar-1.jpg?ve=1&amp;tl=1 2x\" height=\"523\" width=\"931\"><source media=\"(min-width: 1280px)\" srcset=\"https:\/\/a57.foxnews.com\/static.foxnews.com\/foxnews.com\/content\/uploads\/2024\/10\/720\/405\/ilhan-omar-1.jpg?ve=1&amp;tl=1, https:\/\/a57.foxnews.com\/static.foxnews.com\/foxnews.com\/content\/uploads\/2024\/10\/1440\/810\/ilhan-omar-1.jpg?ve=1&amp;tl=1 2x\" height=\"405\" width=\"720\"><img loading=\"lazy\" decoding=\"async\" src=\"https:\/\/a57.foxnews.com\/static.foxnews.com\/foxnews.com\/content\/uploads\/2024\/10\/1200\/675\/ilhan-omar-1.jpg?ve=1&amp;tl=1\" alt=\"Rep. Ilhan Omar of Minnesota\" width=\"1200\" height=\"675\"\/><\/source><\/source><\/source><\/source><\/picture><\/div>\n<div class=\"info\">\n<div class=\"caption\">\n<p><span>Rep. Ilhan Omar, D-Minn., speaks during a news conference<\/span> <span>(Drew Angerer\/Getty Images)<\/span><\/p>\n<\/div>\n<\/div>\n<\/div>\n<p>&#8220;Yeah,&#8221; Omar responded. &#8220;There is nothing more effed up than to completely pretend that his words and actions have not been recorded and in existence for the last decade or so.&#8221;<\/p>\n<p>Omar then criticized GOP Rep. Nancy Mace and President Trump, saying the president has &#8220;incited violence against people like me.&#8221;<\/p>\n<p>&#8220;And so, you know, these people are full of s&#8212;, and it\u2019s important for us to call them out, while we feel anger and sadness and have, you know, empathy, which Charlie said it shouldn\u2019t exist because that\u2019s a newly created word or something,&#8221; Omar said.\u00a0<\/p>\n<p>&#8220;Like, I have empathy for his kids and his wife and what they\u2019re going through because I do not want that. No one should go through that, and we should hold ourselves, I hope, to a higher standard.&#8221;\u00a0<\/p>\n<p><a href=\"https:\/\/www.foxnews.com\/apps-products?pid=AppArticleLink\" target=\"_blank\" rel=\"noopener\"><strong><u>CLICK HERE TO GET THE FOX NEWS APP<\/u><\/strong><\/a>\u00a0<\/p>\n<p>Hasan then claimed that the &#8220;politicizing is being done by the right&#8221; and referred to it as a &#8220;problem&#8221; that you can\u2019t say &#8220;anything negative&#8221; about someone when they die.&#8221;<\/p>\n<p>&#8220;I\u2019m happy to not say anything negative and let the family mourn, but it\u2019s when everyone else tries to kind of\u00a0do a whitewashing of who that person was,&#8221; Hasan continued as Omar nodded along.<\/p>\n<p>The <a href=\"https:\/\/x.com\/zeteo_news\/status\/1966243014919299380\" target=\"_blank\" rel=\"nofollow noopener\">X account<\/a> for Zeteo News, founded by Hasan, wrote &#8220;this is a lie&#8221; in response to criticism over Omar&#8217;s comments, noting that Omar reacted with &#8220;sadness&#8221; for Kirk&#8217;s family.\u00a0<\/p>\n<p>On Friday, authorities announced that they had <a href=\"https:\/\/www.foxnews.com\/us\/charlie-kirks-suspected-assassin-captured-after-fatal-shooting-influential-conservative-voice-utah\" target=\"_blank\" rel=\"noopener\"><u>arrested a suspect<\/u><\/a>, 22-year-old Utah resident Tyler Robinson.<\/p>\n<p>President Trump called Kirk&#8217;s murder a &#8220;dark moment&#8221; for the United States and ordered flags to be flown at half-staff until Sunday evening.\u00a0<\/p>\n<p> <!----> <\/p>\n<div class=\"article-meta\">\n<div class=\"author-bio\">\n<p>Andrew Mark Miller is a reporter at Fox News. Find him on Twitter @andymarkmiller and email tips to AndrewMark.Miller@Fox.com.<\/p>\n<\/div>\n<\/div>\n<\/div>\n<p><a href=\"https:\/\/www.foxnews.com\/politics\/social-media-erupts-squad-dems-interview-after-charlie-kirk-assassination-needs-resign\">Source link <\/a><\/p>","protected":false},"excerpt":{"rendered":"<p>NEWYou can now listen to Fox News articles! Conservatives on social media are railing against Democratic Rep. Ilhan Omar, D-Minn., over a Substack appearance where she criticized conservative commentator Charlie Kirk following his assassination, with some calling for her to be removed from Congress. &#8220;Rep. Ilhan Omar (D) is now ATTACKING and SMEARING Charlie Kirk [&hellip;]<\/p>\n","protected":false},"author":1,"featured_media":68159,"comment_status":"","ping_status":"","sticky":false,"template":"","format":"standard","meta":{"googlesitekit_rrm_CAow2JLhCw:productID":"","_gspb_post_css":"","maa_idioma":"","maa_pais":"","footnotes":""},"categories":[1],"tags":[],"class_list":["post-68158","post","type-post","status-publish","format-standard","has-post-thumbnail","hentry","category-ubirata"],"blocksy_meta":[],"yoast_head":"<!-- This site is optimized with the Yoast SEO Premium plugin v27.6 (Yoast SEO v27.6) - https:\/\/yoast.com\/product\/yoast-seo-premium-wordpress\/ -->\n<title>Conservatives call for Omar&#039;s removal after Charlie Kirk comments - Ubirat\u00e3 Online Not\u00edcias - A realidade ao seu alcance!<\/title>\n<meta name=\"description\" content=\"NEWYou can now listen to Fox News articles! Conservatives on social media are railing against Democratic Rep. Ilhan Omar, D-Minn., over a Substack\" \/>\n<meta name=\"robots\" content=\"index, follow, max-snippet:-1, max-image-preview:large, max-video-preview:-1\" \/>\n<link rel=\"canonical\" href=\"https:\/\/ubirataonline.com.br\/en\/conservatives-call-for-omars-removal-after-charlie-kirk-comments\/\" \/>\n<meta property=\"og:locale\" content=\"en_US\" \/>\n<meta property=\"og:type\" content=\"article\" \/>\n<meta property=\"og:title\" content=\"Conservatives call for Omar&#039;s removal after Charlie Kirk comments\" \/>\n<meta property=\"og:description\" content=\"NEWYou can now listen to Fox News articles! Conservatives on social media are railing against Democratic Rep. Ilhan Omar, D-Minn., over a Substack\" \/>\n<meta property=\"og:url\" content=\"https:\/\/ubirataonline.com.br\/en\/conservatives-call-for-omars-removal-after-charlie-kirk-comments\/\" \/>\n<meta property=\"og:site_name\" content=\"Ubirat\u00e3 Online Not\u00edcias - A realidade ao seu alcance!\" \/>\n<meta property=\"article:publisher\" content=\"https:\/\/www.facebook.com\/portalubirataonline\" \/>\n<meta property=\"article:author\" content=\"https:\/\/www.facebook.com\/portalubirataonline\" \/>\n<meta property=\"article:published_time\" content=\"2025-09-12T21:24:10+00:00\" \/>\n<meta property=\"og:image\" content=\"https:\/\/a57.foxnews.com\/static.foxnews.com\/foxnews.com\/content\/uploads\/2025\/09\/1200\/675\/ilhan-omar-speaks-at-event.png?ve=1&amp;tl=1\" \/>\n<meta name=\"author\" content=\"REDA\u00c7\u00c3O: UBIRAT\u00c3 ONLINE - F\u00c1BIO AUGUSTO CELESTINO\" \/>\n<meta name=\"twitter:card\" content=\"summary_large_image\" \/>\n<meta name=\"twitter:creator\" content=\"@x.com\/ubirataonline\" \/>\n<meta name=\"twitter:site\" content=\"@ubirataonline\" \/>\n<meta name=\"twitter:label1\" content=\"Written by\" \/>\n\t<meta name=\"twitter:data1\" content=\"REDA\u00c7\u00c3O: UBIRAT\u00c3 ONLINE - F\u00c1BIO AUGUSTO CELESTINO\" \/>\n\t<meta name=\"twitter:label2\" content=\"Est. reading time\" \/>\n\t<meta name=\"twitter:data2\" content=\"5 minutes\" \/>\n<script type=\"application\/ld+json\" class=\"yoast-schema-graph\">{\"@context\":\"https:\\\/\\\/schema.org\",\"@graph\":[{\"@type\":\"NewsArticle\",\"@id\":\"https:\\\/\\\/ubirataonline.com.br\\\/conservatives-call-for-omars-removal-after-charlie-kirk-comments\\\/#article\",\"isPartOf\":{\"@id\":\"https:\\\/\\\/ubirataonline.com.br\\\/conservatives-call-for-omars-removal-after-charlie-kirk-comments\\\/\"},\"author\":{\"name\":\"REDA\u00c7\u00c3O: UBIRAT\u00c3 ONLINE - F\u00c1BIO AUGUSTO CELESTINO\",\"@id\":\"https:\\\/\\\/ubirataonline.com.br\\\/#\\\/schema\\\/person\\\/372f87bbd3fdd79b8556b84c98d0bc1c\"},\"headline\":\"Conservatives call for Omar&#8217;s removal after Charlie Kirk comments\",\"datePublished\":\"2025-09-12T21:24:10+00:00\",\"mainEntityOfPage\":{\"@id\":\"https:\\\/\\\/ubirataonline.com.br\\\/conservatives-call-for-omars-removal-after-charlie-kirk-comments\\\/\"},\"wordCount\":938,\"publisher\":{\"@id\":\"https:\\\/\\\/ubirataonline.com.br\\\/#organization\"},\"image\":{\"@id\":\"https:\\\/\\\/ubirataonline.com.br\\\/conservatives-call-for-omars-removal-after-charlie-kirk-comments\\\/#primaryimage\"},\"thumbnailUrl\":\"https:\\\/\\\/ubirataonline.com.br\\\/wp-content\\\/uploads\\\/2025\\\/09\\\/ilhan-omar-speaks-at-event.png\",\"articleSection\":[\"Ubirat\u00e3\"],\"inLanguage\":\"en-US\",\"copyrightYear\":\"2025\",\"copyrightHolder\":{\"@id\":\"https:\\\/\\\/ubirataonline.com.br\\\/en\\\/#organization\"}},{\"@type\":\"WebPage\",\"@id\":\"https:\\\/\\\/ubirataonline.com.br\\\/conservatives-call-for-omars-removal-after-charlie-kirk-comments\\\/\",\"url\":\"https:\\\/\\\/ubirataonline.com.br\\\/conservatives-call-for-omars-removal-after-charlie-kirk-comments\\\/\",\"name\":\"Conservatives call for Omar's removal after Charlie Kirk comments - Ubirat\u00e3 Online Not\u00edcias - A realidade ao seu alcance!\",\"isPartOf\":{\"@id\":\"https:\\\/\\\/ubirataonline.com.br\\\/#website\"},\"primaryImageOfPage\":{\"@id\":\"https:\\\/\\\/ubirataonline.com.br\\\/conservatives-call-for-omars-removal-after-charlie-kirk-comments\\\/#primaryimage\"},\"image\":{\"@id\":\"https:\\\/\\\/ubirataonline.com.br\\\/conservatives-call-for-omars-removal-after-charlie-kirk-comments\\\/#primaryimage\"},\"thumbnailUrl\":\"https:\\\/\\\/ubirataonline.com.br\\\/wp-content\\\/uploads\\\/2025\\\/09\\\/ilhan-omar-speaks-at-event.png\",\"datePublished\":\"2025-09-12T21:24:10+00:00\",\"description\":\"NEWYou can now listen to Fox News articles! Conservatives on social media are railing against Democratic Rep. Ilhan Omar, D-Minn., over a Substack\",\"breadcrumb\":{\"@id\":\"https:\\\/\\\/ubirataonline.com.br\\\/conservatives-call-for-omars-removal-after-charlie-kirk-comments\\\/#breadcrumb\"},\"inLanguage\":\"en-US\",\"potentialAction\":[{\"@type\":\"ReadAction\",\"target\":[\"https:\\\/\\\/ubirataonline.com.br\\\/conservatives-call-for-omars-removal-after-charlie-kirk-comments\\\/\"]}]},{\"@type\":\"ImageObject\",\"inLanguage\":\"en-US\",\"@id\":\"https:\\\/\\\/ubirataonline.com.br\\\/conservatives-call-for-omars-removal-after-charlie-kirk-comments\\\/#primaryimage\",\"url\":\"https:\\\/\\\/ubirataonline.com.br\\\/wp-content\\\/uploads\\\/2025\\\/09\\\/ilhan-omar-speaks-at-event.png\",\"contentUrl\":\"https:\\\/\\\/ubirataonline.com.br\\\/wp-content\\\/uploads\\\/2025\\\/09\\\/ilhan-omar-speaks-at-event.png\",\"width\":1280,\"height\":720},{\"@type\":\"BreadcrumbList\",\"@id\":\"https:\\\/\\\/ubirataonline.com.br\\\/conservatives-call-for-omars-removal-after-charlie-kirk-comments\\\/#breadcrumb\",\"itemListElement\":[{\"@type\":\"ListItem\",\"position\":1,\"name\":\"In\u00edcio\",\"item\":\"https:\\\/\\\/ubirataonline.com.br\\\/\"},{\"@type\":\"ListItem\",\"position\":2,\"name\":\"Conservatives call for Omar&#8217;s removal after Charlie Kirk comments\"}]},{\"@type\":\"WebSite\",\"@id\":\"https:\\\/\\\/ubirataonline.com.br\\\/#website\",\"url\":\"https:\\\/\\\/ubirataonline.com.br\\\/\",\"name\":\"Ubirat\u00e3 Online Not\u00edcias\",\"description\":\"Not\u00edcias de Ubirat\u00e3, regi\u00e3o, Brasil e mundo, com informa\u00e7\u00e3o atualizada e compromisso com o leitor.\",\"publisher\":{\"@id\":\"https:\\\/\\\/ubirataonline.com.br\\\/#organization\"},\"alternateName\":\"Ubirat\u00e3 Online\",\"potentialAction\":[{\"@type\":\"SearchAction\",\"target\":{\"@type\":\"EntryPoint\",\"urlTemplate\":\"https:\\\/\\\/ubirataonline.com.br\\\/?s={search_term_string}\"},\"query-input\":{\"@type\":\"PropertyValueSpecification\",\"valueRequired\":true,\"valueName\":\"search_term_string\"}}],\"inLanguage\":\"en-US\"},{\"@type\":[\"Organization\",\"Place\"],\"@id\":\"https:\\\/\\\/ubirataonline.com.br\\\/#organization\",\"name\":\"Ubirat\u00e3 Online Not\u00edcias\",\"alternateName\":\"Ubirat\u00e3 Online\",\"url\":\"https:\\\/\\\/ubirataonline.com.br\\\/\",\"logo\":{\"@id\":\"https:\\\/\\\/ubirataonline.com.br\\\/conservatives-call-for-omars-removal-after-charlie-kirk-comments\\\/#local-main-organization-logo\"},\"image\":{\"@id\":\"https:\\\/\\\/ubirataonline.com.br\\\/conservatives-call-for-omars-removal-after-charlie-kirk-comments\\\/#local-main-organization-logo\"},\"sameAs\":[\"https:\\\/\\\/www.facebook.com\\\/portalubirataonline\",\"https:\\\/\\\/x.com\\\/ubirataonline\",\"https:\\\/\\\/mastodon.social\\\/@ubirataonline\",\"https:\\\/\\\/www.facebook.com\\\/groups\\\/311144672285604\",\"https:\\\/\\\/www.facebook.com\\\/UBTAOnline\",\"https:\\\/\\\/www.instagram.com\\\/portalubirataonline\\\/\",\"https:\\\/\\\/twitter.com\\\/ubirataonline\"],\"description\":\"Somos um portal de not\u00edcias independente, criado em 5 de janeiro de 2009, com o objetivo de informar, conectar e valorizar a nossa comunidade de Ubirat\u00e3 e toda aregi\u00e3o. Com conte\u00fado atualizado, confi\u00e1vel e relevante, o Ubirat\u00e3 Online \u00e9 o seu espa\u00e7o para ficar por dentro dos principais acontecimentos locais, regionais, Brasil, Mundo e de interesse geral. Nosso compromisso \u00e9 com a verdade, a transpar\u00eancia e o respeito ao leitor.\",\"legalName\":\"UBIRATA ONLINE NOT\u00cdCIAS\",\"foundingDate\":\"2009-01-05\",\"numberOfEmployees\":{\"@type\":\"QuantitativeValue\",\"minValue\":\"1\",\"maxValue\":\"10\"},\"publishingPrinciples\":\"https:\\\/\\\/ubirataonline.com.br\\\/faq\\\/\",\"address\":{\"@id\":\"https:\\\/\\\/ubirataonline.com.br\\\/conservatives-call-for-omars-removal-after-charlie-kirk-comments\\\/#local-main-place-address\"},\"geo\":{\"@type\":\"GeoCoordinates\",\"latitude\":\"-24.5361401\",\"longitude\":\"-52.9921776\"},\"telephone\":[\"+5544998308235\"],\"contactPoint\":{\"@type\":\"ContactPoint\",\"email\":\"contato@ubirataonline.com.br\"},\"openingHoursSpecification\":{\"@type\":\"OpeningHoursSpecification\",\"dayOfWeek\":[\"Monday\",\"Tuesday\",\"Wednesday\",\"Thursday\",\"Friday\",\"Saturday\",\"Sunday\"],\"opens\":\"00:00\",\"closes\":\"23:59\"},\"email\":\"contato@ubirataonline.com.br\",\"vatID\":\"47.621.418\\\/0001-80\"},{\"@type\":\"Person\",\"@id\":\"https:\\\/\\\/ubirataonline.com.br\\\/#\\\/schema\\\/person\\\/372f87bbd3fdd79b8556b84c98d0bc1c\",\"name\":\"REDA\u00c7\u00c3O: UBIRAT\u00c3 ONLINE - F\u00c1BIO AUGUSTO CELESTINO\",\"pronouns\":\"Ele\",\"description\":\"Desde 2003 trabalhando com not\u00edcias.\",\"sameAs\":[\"http:\\\/\\\/ubirataoline.com.br\",\"https:\\\/\\\/www.facebook.com\\\/portalubirataonline\",\"https:\\\/\\\/www.instagram.com\\\/ubirataonline_oficial\",\"https:\\\/\\\/x.com\\\/x.com\\\/ubirataonline\"],\"honorificPrefix\":\"Mr.\",\"honorificSuffix\":\"MD\",\"birthDate\":\"1980-06-16\",\"gender\":\"masculino\",\"award\":[\"V\u00e1rios pr\u00eamios de melhor portal da cidade\"],\"jobTitle\":\"Diretor\",\"url\":\"https:\\\/\\\/ubirataonline.com.br\\\/en\\\/author\\\/ubirataonline\\\/\"},{\"@type\":\"PostalAddress\",\"@id\":\"https:\\\/\\\/ubirataonline.com.br\\\/conservatives-call-for-omars-removal-after-charlie-kirk-comments\\\/#local-main-place-address\",\"streetAddress\":\"Rua dos Coqueiros, 104 - Bairro Boa Vista, Rua dos Coqueiros, 104 Bairro Boa Vista\",\"addressLocality\":\"UBIRATA\",\"postalCode\":\"85440-000\",\"addressRegion\":\"PR\",\"addressCountry\":\"BR\"},{\"@type\":\"ImageObject\",\"inLanguage\":\"en-US\",\"@id\":\"https:\\\/\\\/ubirataonline.com.br\\\/conservatives-call-for-omars-removal-after-charlie-kirk-comments\\\/#local-main-organization-logo\",\"url\":\"https:\\\/\\\/ubirataonline.com.br\\\/wp-content\\\/uploads\\\/2026\\\/06\\\/logoubirataonline-1.webp\",\"contentUrl\":\"https:\\\/\\\/ubirataonline.com.br\\\/wp-content\\\/uploads\\\/2026\\\/06\\\/logoubirataonline-1.webp\",\"width\":500,\"height\":500,\"caption\":\"Ubirat\u00e3 Online Not\u00edcias\"}]}<\/script>\n<meta name=\"geo.placename\" content=\"UBIRATA\" \/>\n<meta name=\"geo.position\" content=\"-24.5361401;-52.9921776\" \/>\n<meta name=\"geo.region\" content=\"Brazil\" \/>\n<!-- \/ Yoast SEO Premium plugin. -->","yoast_head_json":{"title":"Conservatives call for Omar's removal after Charlie Kirk comments - Ubirat\u00e3 Online Not\u00edcias - A realidade ao seu alcance!","description":"NEWYou can now listen to Fox News articles! Conservatives on social media are railing against Democratic Rep. Ilhan Omar, D-Minn., over a Substack","robots":{"index":"index","follow":"follow","max-snippet":"max-snippet:-1","max-image-preview":"max-image-preview:large","max-video-preview":"max-video-preview:-1"},"canonical":"https:\/\/ubirataonline.com.br\/en\/conservatives-call-for-omars-removal-after-charlie-kirk-comments\/","og_locale":"en_US","og_type":"article","og_title":"Conservatives call for Omar's removal after Charlie Kirk comments","og_description":"NEWYou can now listen to Fox News articles! Conservatives on social media are railing against Democratic Rep. Ilhan Omar, D-Minn., over a Substack","og_url":"https:\/\/ubirataonline.com.br\/en\/conservatives-call-for-omars-removal-after-charlie-kirk-comments\/","og_site_name":"Ubirat\u00e3 Online Not\u00edcias - A realidade ao seu alcance!","article_publisher":"https:\/\/www.facebook.com\/portalubirataonline","article_author":"https:\/\/www.facebook.com\/portalubirataonline","article_published_time":"2025-09-12T21:24:10+00:00","og_image":[{"url":"https:\/\/a57.foxnews.com\/static.foxnews.com\/foxnews.com\/content\/uploads\/2025\/09\/1200\/675\/ilhan-omar-speaks-at-event.png?ve=1&amp;tl=1","type":"","width":"","height":""}],"author":"REDA\u00c7\u00c3O: UBIRAT\u00c3 ONLINE - F\u00c1BIO AUGUSTO CELESTINO","twitter_card":"summary_large_image","twitter_creator":"@x.com\/ubirataonline","twitter_site":"@ubirataonline","twitter_misc":{"Written by":"REDA\u00c7\u00c3O: UBIRAT\u00c3 ONLINE - F\u00c1BIO AUGUSTO CELESTINO","Est. reading time":"5 minutes"},"schema":{"@context":"https:\/\/schema.org","@graph":[{"@type":"NewsArticle","@id":"https:\/\/ubirataonline.com.br\/conservatives-call-for-omars-removal-after-charlie-kirk-comments\/#article","isPartOf":{"@id":"https:\/\/ubirataonline.com.br\/conservatives-call-for-omars-removal-after-charlie-kirk-comments\/"},"author":{"name":"REDA\u00c7\u00c3O: UBIRAT\u00c3 ONLINE - F\u00c1BIO AUGUSTO CELESTINO","@id":"https:\/\/ubirataonline.com.br\/#\/schema\/person\/372f87bbd3fdd79b8556b84c98d0bc1c"},"headline":"Conservatives call for Omar&#8217;s removal after Charlie Kirk comments","datePublished":"2025-09-12T21:24:10+00:00","mainEntityOfPage":{"@id":"https:\/\/ubirataonline.com.br\/conservatives-call-for-omars-removal-after-charlie-kirk-comments\/"},"wordCount":938,"publisher":{"@id":"https:\/\/ubirataonline.com.br\/#organization"},"image":{"@id":"https:\/\/ubirataonline.com.br\/conservatives-call-for-omars-removal-after-charlie-kirk-comments\/#primaryimage"},"thumbnailUrl":"https:\/\/ubirataonline.com.br\/wp-content\/uploads\/2025\/09\/ilhan-omar-speaks-at-event.png","articleSection":["Ubirat\u00e3"],"inLanguage":"en-US","copyrightYear":"2025","copyrightHolder":{"@id":"https:\/\/ubirataonline.com.br\/en\/#organization"}},{"@type":"WebPage","@id":"https:\/\/ubirataonline.com.br\/conservatives-call-for-omars-removal-after-charlie-kirk-comments\/","url":"https:\/\/ubirataonline.com.br\/conservatives-call-for-omars-removal-after-charlie-kirk-comments\/","name":"Conservatives call for Omar's removal after Charlie Kirk comments - Ubirat\u00e3 Online Not\u00edcias - A realidade ao seu alcance!","isPartOf":{"@id":"https:\/\/ubirataonline.com.br\/#website"},"primaryImageOfPage":{"@id":"https:\/\/ubirataonline.com.br\/conservatives-call-for-omars-removal-after-charlie-kirk-comments\/#primaryimage"},"image":{"@id":"https:\/\/ubirataonline.com.br\/conservatives-call-for-omars-removal-after-charlie-kirk-comments\/#primaryimage"},"thumbnailUrl":"https:\/\/ubirataonline.com.br\/wp-content\/uploads\/2025\/09\/ilhan-omar-speaks-at-event.png","datePublished":"2025-09-12T21:24:10+00:00","description":"NEWYou can now listen to Fox News articles! Conservatives on social media are railing against Democratic Rep. Ilhan Omar, D-Minn., over a Substack","breadcrumb":{"@id":"https:\/\/ubirataonline.com.br\/conservatives-call-for-omars-removal-after-charlie-kirk-comments\/#breadcrumb"},"inLanguage":"en-US","potentialAction":[{"@type":"ReadAction","target":["https:\/\/ubirataonline.com.br\/conservatives-call-for-omars-removal-after-charlie-kirk-comments\/"]}]},{"@type":"ImageObject","inLanguage":"en-US","@id":"https:\/\/ubirataonline.com.br\/conservatives-call-for-omars-removal-after-charlie-kirk-comments\/#primaryimage","url":"https:\/\/ubirataonline.com.br\/wp-content\/uploads\/2025\/09\/ilhan-omar-speaks-at-event.png","contentUrl":"https:\/\/ubirataonline.com.br\/wp-content\/uploads\/2025\/09\/ilhan-omar-speaks-at-event.png","width":1280,"height":720},{"@type":"BreadcrumbList","@id":"https:\/\/ubirataonline.com.br\/conservatives-call-for-omars-removal-after-charlie-kirk-comments\/#breadcrumb","itemListElement":[{"@type":"ListItem","position":1,"name":"In\u00edcio","item":"https:\/\/ubirataonline.com.br\/"},{"@type":"ListItem","position":2,"name":"Conservatives call for Omar&#8217;s removal after Charlie Kirk comments"}]},{"@type":"WebSite","@id":"https:\/\/ubirataonline.com.br\/#website","url":"https:\/\/ubirataonline.com.br\/","name":"Ubirat\u00e3 Online Not\u00edcias","description":"Not\u00edcias de Ubirat\u00e3, regi\u00e3o, Brasil e mundo, com informa\u00e7\u00e3o atualizada e compromisso com o leitor.","publisher":{"@id":"https:\/\/ubirataonline.com.br\/#organization"},"alternateName":"Ubirat\u00e3 Online","potentialAction":[{"@type":"SearchAction","target":{"@type":"EntryPoint","urlTemplate":"https:\/\/ubirataonline.com.br\/?s={search_term_string}"},"query-input":{"@type":"PropertyValueSpecification","valueRequired":true,"valueName":"search_term_string"}}],"inLanguage":"en-US"},{"@type":["Organization","Place"],"@id":"https:\/\/ubirataonline.com.br\/#organization","name":"Ubirat\u00e3 Online Not\u00edcias","alternateName":"Ubirat\u00e3 Online","url":"https:\/\/ubirataonline.com.br\/","logo":{"@id":"https:\/\/ubirataonline.com.br\/conservatives-call-for-omars-removal-after-charlie-kirk-comments\/#local-main-organization-logo"},"image":{"@id":"https:\/\/ubirataonline.com.br\/conservatives-call-for-omars-removal-after-charlie-kirk-comments\/#local-main-organization-logo"},"sameAs":["https:\/\/www.facebook.com\/portalubirataonline","https:\/\/x.com\/ubirataonline","https:\/\/mastodon.social\/@ubirataonline","https:\/\/www.facebook.com\/groups\/311144672285604","https:\/\/www.facebook.com\/UBTAOnline","https:\/\/www.instagram.com\/portalubirataonline\/","https:\/\/twitter.com\/ubirataonline"],"description":"Somos um portal de not\u00edcias independente, criado em 5 de janeiro de 2009, com o objetivo de informar, conectar e valorizar a nossa comunidade de Ubirat\u00e3 e toda aregi\u00e3o. Com conte\u00fado atualizado, confi\u00e1vel e relevante, o Ubirat\u00e3 Online \u00e9 o seu espa\u00e7o para ficar por dentro dos principais acontecimentos locais, regionais, Brasil, Mundo e de interesse geral. Nosso compromisso \u00e9 com a verdade, a transpar\u00eancia e o respeito ao leitor.","legalName":"UBIRATA ONLINE NOT\u00cdCIAS","foundingDate":"2009-01-05","numberOfEmployees":{"@type":"QuantitativeValue","minValue":"1","maxValue":"10"},"publishingPrinciples":"https:\/\/ubirataonline.com.br\/faq\/","address":{"@id":"https:\/\/ubirataonline.com.br\/conservatives-call-for-omars-removal-after-charlie-kirk-comments\/#local-main-place-address"},"geo":{"@type":"GeoCoordinates","latitude":"-24.5361401","longitude":"-52.9921776"},"telephone":["+5544998308235"],"contactPoint":{"@type":"ContactPoint","email":"contato@ubirataonline.com.br"},"openingHoursSpecification":{"@type":"OpeningHoursSpecification","dayOfWeek":["Monday","Tuesday","Wednesday","Thursday","Friday","Saturday","Sunday"],"opens":"00:00","closes":"23:59"},"email":"contato@ubirataonline.com.br","vatID":"47.621.418\/0001-80"},{"@type":"Person","@id":"https:\/\/ubirataonline.com.br\/#\/schema\/person\/372f87bbd3fdd79b8556b84c98d0bc1c","name":"REDA\u00c7\u00c3O: UBIRAT\u00c3 ONLINE - F\u00c1BIO AUGUSTO CELESTINO","pronouns":"Ele","description":"Desde 2003 trabalhando com not\u00edcias.","sameAs":["http:\/\/ubirataoline.com.br","https:\/\/www.facebook.com\/portalubirataonline","https:\/\/www.instagram.com\/ubirataonline_oficial","https:\/\/x.com\/x.com\/ubirataonline"],"honorificPrefix":"Mr.","honorificSuffix":"MD","birthDate":"1980-06-16","gender":"masculino","award":["V\u00e1rios pr\u00eamios de melhor portal da cidade"],"jobTitle":"Diretor","url":"https:\/\/ubirataonline.com.br\/en\/author\/ubirataonline\/"},{"@type":"PostalAddress","@id":"https:\/\/ubirataonline.com.br\/conservatives-call-for-omars-removal-after-charlie-kirk-comments\/#local-main-place-address","streetAddress":"Rua dos Coqueiros, 104 - Bairro Boa Vista, Rua dos Coqueiros, 104 Bairro Boa Vista","addressLocality":"UBIRATA","postalCode":"85440-000","addressRegion":"PR","addressCountry":"BR"},{"@type":"ImageObject","inLanguage":"en-US","@id":"https:\/\/ubirataonline.com.br\/conservatives-call-for-omars-removal-after-charlie-kirk-comments\/#local-main-organization-logo","url":"https:\/\/ubirataonline.com.br\/wp-content\/uploads\/2026\/06\/logoubirataonline-1.webp","contentUrl":"https:\/\/ubirataonline.com.br\/wp-content\/uploads\/2026\/06\/logoubirataonline-1.webp","width":500,"height":500,"caption":"Ubirat\u00e3 Online Not\u00edcias"}]},"geo.placename":"UBIRATA","geo.position":{"lat":"-24.5361401","long":"-52.9921776"},"geo.region":"Brazil"},"_links":{"self":[{"href":"https:\/\/ubirataonline.com.br\/en\/wp-json\/wp\/v2\/posts\/68158","targetHints":{"allow":["GET"]}}],"collection":[{"href":"https:\/\/ubirataonline.com.br\/en\/wp-json\/wp\/v2\/posts"}],"about":[{"href":"https:\/\/ubirataonline.com.br\/en\/wp-json\/wp\/v2\/types\/post"}],"author":[{"embeddable":true,"href":"https:\/\/ubirataonline.com.br\/en\/wp-json\/wp\/v2\/users\/1"}],"replies":[{"embeddable":true,"href":"https:\/\/ubirataonline.com.br\/en\/wp-json\/wp\/v2\/comments?post=68158"}],"version-history":[{"count":0,"href":"https:\/\/ubirataonline.com.br\/en\/wp-json\/wp\/v2\/posts\/68158\/revisions"}],"wp:featuredmedia":[{"embeddable":true,"href":"https:\/\/ubirataonline.com.br\/en\/wp-json\/wp\/v2\/media\/68159"}],"wp:attachment":[{"href":"https:\/\/ubirataonline.com.br\/en\/wp-json\/wp\/v2\/media?parent=68158"}],"wp:term":[{"taxonomy":"category","embeddable":true,"href":"https:\/\/ubirataonline.com.br\/en\/wp-json\/wp\/v2\/categories?post=68158"},{"taxonomy":"post_tag","embeddable":true,"href":"https:\/\/ubirataonline.com.br\/en\/wp-json\/wp\/v2\/tags?post=68158"}],"curies":[{"name":"wp","href":"https:\/\/api.w.org\/{rel}","templated":true}]}}