{"id":68184,"date":"2025-09-12T22:56:20","date_gmt":"2025-09-13T01:56:20","guid":{"rendered":"https:\/\/ubirataonline.com.br\/dolar-cai-a-r-535-menor-valor-em-mais-de-um-ano-ibovespa-recua\/"},"modified":"2025-09-12T22:56:20","modified_gmt":"2025-09-13T01:56:20","slug":"dolar-cai-a-r-535-menor-valor-em-mais-de-um-ano-ibovespa-recua","status":"publish","type":"post","link":"https:\/\/ubirataonline.com.br\/en\/dolar-cai-a-r-535-menor-valor-em-mais-de-um-ano-ibovespa-recua\/","title":{"rendered":"D\u00f3lar cai a R$ 5,35, menor valor em mais de um ano; Ibovespa recua"},"content":{"rendered":"<p><\/p>\n<div data-single-content=\"true\">\n<p class=\"tr-story-p1 my-5 break-words group-[.isActiveSource]:text-xl\">O <strong class=\"group-[.isActiveSource]:text-xl group-[.isActiveSource]:font-bold\">d\u00f3lar<\/strong> completou a terceira sess\u00e3o consecutiva de queda no Brasil e encerrou a sexta-feira (12) no menor valor em 15 meses, a despeito de a moeda norte-americana sustentar ganhos ante as demais divisas no exterior.<\/p>\n<p class=\"my-5 break-words group-[.isActiveSource]:text-xl\">A perspectiva de cortes de juros pelo Federal Reserve nos pr\u00f3ximos meses, somada \u00e0 manuten\u00e7\u00e3o da taxa b\u00e1sica Selic em 15% no Brasil, refor\u00e7ava a avalia\u00e7\u00e3o entre os agentes de que a tend\u00eancia de curto prazo para o d\u00f3lar \u00e9 de queda em dire\u00e7\u00e3o aos R$ 5,30.<\/p>\n<p class=\"my-5 break-words group-[.isActiveSource]:text-xl\">O d\u00f3lar \u00e0 vista encerrou\u00a0 em baixa de <strong class=\"group-[.isActiveSource]:text-xl group-[.isActiveSource]:font-bold\"><span class=\"tr-strong\">0,69<\/span>%<\/strong>, aos <span class=\"tr-strong\">R$ 5,3537<\/span> \u2014 menor valor desde 7 de junho do ano passado, quando fechou em R$ 5,3247.<\/p>\n<p class=\"my-5 break-words group-[.isActiveSource]:text-xl\">Na semana, a divisa acumulou queda de 1,11% <span class=\"tr-strong\">e, no ano, recuo de 13,36%.<\/span><\/p>\n<p class=\"tr-story-p1 my-5 break-words group-[.isActiveSource]:text-xl\">O <strong class=\"group-[.isActiveSource]:text-xl group-[.isActiveSource]:font-bold\">Ibovespa<\/strong>, por sua vez, fechou em queda, refletindo movimentos de realiza\u00e7\u00e3o de lucros ap\u00f3s renovar m\u00e1ximas hist\u00f3ricas na v\u00e9spera.<\/p>\n<p class=\"my-5 break-words group-[.isActiveSource]:text-xl\">O \u00edndice de refer\u00eancia do mercado acion\u00e1rio brasileiro caiu <strong class=\"group-[.isActiveSource]:text-xl group-[.isActiveSource]:font-bold\">0,61%,<\/strong> a 142.271,58 pontos. Marcou 142.240,7 pontos na m\u00ednima e 143.202,09 pontos na m\u00e1xima.<\/p>\n<p class=\"my-5 break-words group-[.isActiveSource]:text-xl\">Na semana, acumulou decl\u00ednio de <span class=\"tr-strong\">0,26<\/span>%, enquanto, no m\u00eas, ainda sobe <span class=\"tr-strong\">0,60<\/span>%.<\/p>\n<p class=\"my-5 break-words group-[.isActiveSource]:text-xl\">Na v\u00e9spera, o <a href=\"https:\/\/www.cnnbrasil.com.br\/economia\/mercado\/mercado-financeiro-ibovespa-dolar-11-setembro-2025\/\" class=\"text-red-600 underline hover:text-red-500 font-medium break-words group-[.isActiveSource]:text-xl\" target=\"_self\" rel=\"\">d\u00f3lar \u00e0 vista havia fechado em baixa de 0,30%, aos R$ 5,3911<\/a>, ap\u00f3s <a href=\"https:\/\/www.cnnbrasil.com.br\/economia\/macroeconomia\/srour-emprego-consumo-e-confianca-esfriam-nos-eua\/\" class=\"text-red-600 underline hover:text-red-500 font-medium break-words group-[.isActiveSource]:text-xl\" target=\"_self\" rel=\"\">dados de infla\u00e7\u00e3o e do mercado de trabalho americanos<\/a> manterem a perspectiva de <a href=\"https:\/\/www.cnnbrasil.com.br\/economia\/macroeconomia\/fmi-diz-que-fed-tem-espaco-para-reduzir-juros\/\" class=\"text-red-600 underline hover:text-red-500 font-medium break-words group-[.isActiveSource]:text-xl\" target=\"_self\" rel=\"\">corte de juros pelo Federal Reserve na pr\u00f3xima semana.<\/a><\/p>\n<p class=\"my-5 break-words group-[.isActiveSource]:text-xl\">Nesta sexta, o d\u00f3lar se recuperava ante outras divisas no exterior, em paralelo ao avan\u00e7o firme dos rendimentos dos Treasuries, mas no Brasil as cota\u00e7\u00f5es perderam for\u00e7a e viraram para o negativo, mantendo-se abaixo dos R$ 5,40.<\/p>\n<p class=\"my-5 break-words group-[.isActiveSource]:text-xl\">Em coment\u00e1rio enviado a clientes, o diretor da consultoria Wagner Investimentos, Jos\u00e9 Faria J\u00fanior, pontuou que &#8220;a regi\u00e3o de R$ 5,40 tem se mostrado resistente, embora o modelo aponte chance de queda em dire\u00e7\u00e3o a R$ 5,30&#8221;.<\/p>\n<p class=\"my-5 break-words group-[.isActiveSource]:text-xl\">Para os exportadores \u2013 interessados na venda da moeda norte-americana pelos maiores pre\u00e7os \u2013, Faria J\u00fanior destaca um &#8220;claro aumento do risco do d\u00f3lar continuar caindo&#8221;.<\/p>\n<p class=\"my-5 break-words group-[.isActiveSource]:text-xl\">O cen\u00e1rio, no entanto, ainda \u00e9 de apreens\u00e3o. Finalizado na v\u00e9spera o julgamento do ex-presidente Jair Bolsonaro, <a href=\"https:\/\/www.cnnbrasil.com.br\/politica\/stf-pena-jair-bolsonaro\/\" class=\"text-red-600 underline hover:text-red-500 font-medium break-words group-[.isActiveSource]:text-xl\" target=\"_self\" rel=\"\">condenado a 27 anos e 3 meses de pris\u00e3o pelo Supremo Tribunal Federa<\/a>l, investidores monitoram agora <a href=\"https:\/\/www.cnnbrasil.com.br\/internacional\/eua-devem-reagir-contra-brasil-apos-condenacao-de-bolsonaro-o-que-sabemos\/\" class=\"text-red-600 underline hover:text-red-500 font-medium break-words group-[.isActiveSource]:text-xl\" target=\"_self\" rel=\"\">eventuais novas medidas do presidente dos EUA, Donald Trump, contra o Brasil.<\/a><\/p>\n<p><span class=\"iframe-embed block space-y-6\"\/><\/p>\n<p class=\"my-5 break-words group-[.isActiveSource]:text-xl\"><em class=\"group-[.isActiveSource]:text-xl\">*Com informa\u00e7\u00f5es da Reuters<\/em><\/p>\n<\/div>\n<p><a href=\"https:\/\/www.cnnbrasil.com.br\/economia\/mercado\/mercado-financeiro-ibovespa-dolar-12-setembro-2025\/\">Source link <\/a><\/p>\n","protected":false},"excerpt":{"rendered":"<p>O d\u00f3lar completou a terceira sess\u00e3o consecutiva de queda no Brasil e encerrou a sexta-feira (12) no menor valor em 15 meses, a despeito de a moeda norte-americana sustentar ganhos ante as demais divisas no exterior. A perspectiva de cortes de juros pelo Federal Reserve nos pr\u00f3ximos meses, somada \u00e0 manuten\u00e7\u00e3o da taxa b\u00e1sica Selic [&hellip;]<\/p>\n","protected":false},"author":1,"featured_media":68185,"comment_status":"","ping_status":"","sticky":false,"template":"","format":"standard","meta":{"googlesitekit_rrm_CAow2JLhCw:productID":"","_gspb_post_css":"","maa_idioma":"","maa_pais":"","footnotes":""},"categories":[4],"tags":[],"class_list":["post-68184","post","type-post","status-publish","format-standard","has-post-thumbnail","hentry","category-brasil"],"blocksy_meta":[],"yoast_head":"<!-- This site is optimized with the Yoast SEO Premium plugin v27.6 (Yoast SEO v27.6) - https:\/\/yoast.com\/product\/yoast-seo-premium-wordpress\/ -->\n<title>D\u00f3lar cai a R$ 5,35, menor valor em mais de um ano; Ibovespa recua - Ubirat\u00e3 Online Not\u00edcias - A realidade ao seu alcance!<\/title>\n<meta name=\"description\" content=\"O d\u00f3lar completou a terceira sess\u00e3o consecutiva de queda no Brasil e encerrou a sexta-feira (12) no menor valor em 15 meses, a despeito de a moeda\" \/>\n<meta name=\"robots\" content=\"index, follow, max-snippet:-1, max-image-preview:large, max-video-preview:-1\" \/>\n<link rel=\"canonical\" href=\"https:\/\/ubirataonline.com.br\/en\/dolar-cai-a-r-535-menor-valor-em-mais-de-um-ano-ibovespa-recua\/\" \/>\n<meta property=\"og:locale\" content=\"en_US\" \/>\n<meta property=\"og:type\" content=\"article\" \/>\n<meta property=\"og:title\" content=\"D\u00f3lar cai a R$ 5,35, menor valor em mais de um ano; Ibovespa recua\" \/>\n<meta property=\"og:description\" content=\"O d\u00f3lar completou a terceira sess\u00e3o consecutiva de queda no Brasil e encerrou a sexta-feira (12) no menor valor em 15 meses, a despeito de a moeda\" \/>\n<meta property=\"og:url\" content=\"https:\/\/ubirataonline.com.br\/en\/dolar-cai-a-r-535-menor-valor-em-mais-de-um-ano-ibovespa-recua\/\" \/>\n<meta property=\"og:site_name\" content=\"Ubirat\u00e3 Online Not\u00edcias - A realidade ao seu alcance!\" \/>\n<meta property=\"article:publisher\" content=\"https:\/\/www.facebook.com\/portalubirataonline\" \/>\n<meta property=\"article:author\" content=\"https:\/\/www.facebook.com\/portalubirataonline\" \/>\n<meta property=\"article:published_time\" content=\"2025-09-13T01:56:20+00:00\" \/>\n<meta property=\"og:image\" content=\"https:\/\/ubirataonline.com.br\/wp-content\/uploads\/2026\/05\/logo2026.webp\" \/>\n\t<meta property=\"og:image:width\" content=\"1531\" \/>\n\t<meta property=\"og:image:height\" content=\"418\" \/>\n\t<meta property=\"og:image:type\" content=\"image\/webp\" \/>\n<meta name=\"author\" content=\"REDA\u00c7\u00c3O: UBIRAT\u00c3 ONLINE - F\u00c1BIO AUGUSTO CELESTINO\" \/>\n<meta name=\"twitter:card\" content=\"summary_large_image\" \/>\n<meta name=\"twitter:creator\" content=\"@x.com\/ubirataonline\" \/>\n<meta name=\"twitter:site\" content=\"@ubirataonline\" \/>\n<meta name=\"twitter:label1\" content=\"Written by\" \/>\n\t<meta name=\"twitter:data1\" content=\"REDA\u00c7\u00c3O: UBIRAT\u00c3 ONLINE - F\u00c1BIO AUGUSTO CELESTINO\" \/>\n\t<meta name=\"twitter:label2\" content=\"Est. reading time\" \/>\n\t<meta name=\"twitter:data2\" content=\"2 minutes\" \/>\n<script type=\"application\/ld+json\" class=\"yoast-schema-graph\">{\"@context\":\"https:\\\/\\\/schema.org\",\"@graph\":[{\"@type\":\"NewsArticle\",\"@id\":\"https:\\\/\\\/ubirataonline.com.br\\\/dolar-cai-a-r-535-menor-valor-em-mais-de-um-ano-ibovespa-recua\\\/#article\",\"isPartOf\":{\"@id\":\"https:\\\/\\\/ubirataonline.com.br\\\/dolar-cai-a-r-535-menor-valor-em-mais-de-um-ano-ibovespa-recua\\\/\"},\"author\":{\"name\":\"REDA\u00c7\u00c3O: UBIRAT\u00c3 ONLINE - F\u00c1BIO AUGUSTO CELESTINO\",\"@id\":\"https:\\\/\\\/ubirataonline.com.br\\\/#\\\/schema\\\/person\\\/372f87bbd3fdd79b8556b84c98d0bc1c\"},\"headline\":\"D\u00f3lar cai a R$ 5,35, menor valor em mais de um ano; Ibovespa recua\",\"datePublished\":\"2025-09-13T01:56:20+00:00\",\"mainEntityOfPage\":{\"@id\":\"https:\\\/\\\/ubirataonline.com.br\\\/dolar-cai-a-r-535-menor-valor-em-mais-de-um-ano-ibovespa-recua\\\/\"},\"wordCount\":394,\"publisher\":{\"@id\":\"https:\\\/\\\/ubirataonline.com.br\\\/#organization\"},\"image\":{\"@id\":\"https:\\\/\\\/ubirataonline.com.br\\\/dolar-cai-a-r-535-menor-valor-em-mais-de-um-ano-ibovespa-recua\\\/#primaryimage\"},\"thumbnailUrl\":\"https:\\\/\\\/ubirataonline.com.br\\\/wp-content\\\/uploads\\\/2025\\\/09\\\/tagreuters.com2025binary_LYNXMPEL5C0UO-BASEIMAGE.jpg\",\"articleSection\":[\"Brasil\"],\"inLanguage\":\"en-US\",\"copyrightYear\":\"2025\",\"copyrightHolder\":{\"@id\":\"https:\\\/\\\/ubirataonline.com.br\\\/en\\\/#organization\"}},{\"@type\":\"WebPage\",\"@id\":\"https:\\\/\\\/ubirataonline.com.br\\\/dolar-cai-a-r-535-menor-valor-em-mais-de-um-ano-ibovespa-recua\\\/\",\"url\":\"https:\\\/\\\/ubirataonline.com.br\\\/dolar-cai-a-r-535-menor-valor-em-mais-de-um-ano-ibovespa-recua\\\/\",\"name\":\"D\u00f3lar cai a R$ 5,35, menor valor em mais de um ano; Ibovespa recua - Ubirat\u00e3 Online Not\u00edcias - A realidade ao seu alcance!\",\"isPartOf\":{\"@id\":\"https:\\\/\\\/ubirataonline.com.br\\\/#website\"},\"primaryImageOfPage\":{\"@id\":\"https:\\\/\\\/ubirataonline.com.br\\\/dolar-cai-a-r-535-menor-valor-em-mais-de-um-ano-ibovespa-recua\\\/#primaryimage\"},\"image\":{\"@id\":\"https:\\\/\\\/ubirataonline.com.br\\\/dolar-cai-a-r-535-menor-valor-em-mais-de-um-ano-ibovespa-recua\\\/#primaryimage\"},\"thumbnailUrl\":\"https:\\\/\\\/ubirataonline.com.br\\\/wp-content\\\/uploads\\\/2025\\\/09\\\/tagreuters.com2025binary_LYNXMPEL5C0UO-BASEIMAGE.jpg\",\"datePublished\":\"2025-09-13T01:56:20+00:00\",\"description\":\"O d\u00f3lar completou a terceira sess\u00e3o consecutiva de queda no Brasil e encerrou a sexta-feira (12) no menor valor em 15 meses, a despeito de a moeda\",\"breadcrumb\":{\"@id\":\"https:\\\/\\\/ubirataonline.com.br\\\/dolar-cai-a-r-535-menor-valor-em-mais-de-um-ano-ibovespa-recua\\\/#breadcrumb\"},\"inLanguage\":\"en-US\",\"potentialAction\":[{\"@type\":\"ReadAction\",\"target\":[\"https:\\\/\\\/ubirataonline.com.br\\\/dolar-cai-a-r-535-menor-valor-em-mais-de-um-ano-ibovespa-recua\\\/\"]}]},{\"@type\":\"ImageObject\",\"inLanguage\":\"en-US\",\"@id\":\"https:\\\/\\\/ubirataonline.com.br\\\/dolar-cai-a-r-535-menor-valor-em-mais-de-um-ano-ibovespa-recua\\\/#primaryimage\",\"url\":\"https:\\\/\\\/ubirataonline.com.br\\\/wp-content\\\/uploads\\\/2025\\\/09\\\/tagreuters.com2025binary_LYNXMPEL5C0UO-BASEIMAGE.jpg\",\"contentUrl\":\"https:\\\/\\\/ubirataonline.com.br\\\/wp-content\\\/uploads\\\/2025\\\/09\\\/tagreuters.com2025binary_LYNXMPEL5C0UO-BASEIMAGE.jpg\",\"width\":800,\"height\":498},{\"@type\":\"BreadcrumbList\",\"@id\":\"https:\\\/\\\/ubirataonline.com.br\\\/dolar-cai-a-r-535-menor-valor-em-mais-de-um-ano-ibovespa-recua\\\/#breadcrumb\",\"itemListElement\":[{\"@type\":\"ListItem\",\"position\":1,\"name\":\"In\u00edcio\",\"item\":\"https:\\\/\\\/ubirataonline.com.br\\\/\"},{\"@type\":\"ListItem\",\"position\":2,\"name\":\"D\u00f3lar cai a R$ 5,35, menor valor em mais de um ano; Ibovespa recua\"}]},{\"@type\":\"WebSite\",\"@id\":\"https:\\\/\\\/ubirataonline.com.br\\\/#website\",\"url\":\"https:\\\/\\\/ubirataonline.com.br\\\/\",\"name\":\"Ubirat\u00e3 Online Not\u00edcias\",\"description\":\"Not\u00edcias de Ubirat\u00e3, regi\u00e3o, Brasil e mundo, com informa\u00e7\u00e3o atualizada e compromisso com o leitor.\",\"publisher\":{\"@id\":\"https:\\\/\\\/ubirataonline.com.br\\\/#organization\"},\"alternateName\":\"Ubirat\u00e3 Online\",\"potentialAction\":[{\"@type\":\"SearchAction\",\"target\":{\"@type\":\"EntryPoint\",\"urlTemplate\":\"https:\\\/\\\/ubirataonline.com.br\\\/?s={search_term_string}\"},\"query-input\":{\"@type\":\"PropertyValueSpecification\",\"valueRequired\":true,\"valueName\":\"search_term_string\"}}],\"inLanguage\":\"en-US\"},{\"@type\":[\"Organization\",\"Place\"],\"@id\":\"https:\\\/\\\/ubirataonline.com.br\\\/#organization\",\"name\":\"Ubirat\u00e3 Online Not\u00edcias\",\"alternateName\":\"Ubirat\u00e3 Online\",\"url\":\"https:\\\/\\\/ubirataonline.com.br\\\/\",\"logo\":{\"@id\":\"https:\\\/\\\/ubirataonline.com.br\\\/dolar-cai-a-r-535-menor-valor-em-mais-de-um-ano-ibovespa-recua\\\/#local-main-organization-logo\"},\"image\":{\"@id\":\"https:\\\/\\\/ubirataonline.com.br\\\/dolar-cai-a-r-535-menor-valor-em-mais-de-um-ano-ibovespa-recua\\\/#local-main-organization-logo\"},\"sameAs\":[\"https:\\\/\\\/www.facebook.com\\\/portalubirataonline\",\"https:\\\/\\\/x.com\\\/ubirataonline\",\"https:\\\/\\\/mastodon.social\\\/@ubirataonline\",\"https:\\\/\\\/www.facebook.com\\\/groups\\\/311144672285604\",\"https:\\\/\\\/www.facebook.com\\\/UBTAOnline\",\"https:\\\/\\\/www.instagram.com\\\/portalubirataonline\\\/\",\"https:\\\/\\\/twitter.com\\\/ubirataonline\"],\"description\":\"Somos um portal de not\u00edcias independente, criado em 5 de janeiro de 2009, com o objetivo de informar, conectar e valorizar a nossa comunidade de Ubirat\u00e3 e toda aregi\u00e3o. Com conte\u00fado atualizado, confi\u00e1vel e relevante, o Ubirat\u00e3 Online \u00e9 o seu espa\u00e7o para ficar por dentro dos principais acontecimentos locais, regionais, Brasil, Mundo e de interesse geral. Nosso compromisso \u00e9 com a verdade, a transpar\u00eancia e o respeito ao leitor.\",\"legalName\":\"UBIRATA ONLINE NOT\u00cdCIAS\",\"foundingDate\":\"2009-01-05\",\"numberOfEmployees\":{\"@type\":\"QuantitativeValue\",\"minValue\":\"1\",\"maxValue\":\"10\"},\"publishingPrinciples\":\"https:\\\/\\\/ubirataonline.com.br\\\/faq\\\/\",\"address\":{\"@id\":\"https:\\\/\\\/ubirataonline.com.br\\\/dolar-cai-a-r-535-menor-valor-em-mais-de-um-ano-ibovespa-recua\\\/#local-main-place-address\"},\"geo\":{\"@type\":\"GeoCoordinates\",\"latitude\":\"-24.5361401\",\"longitude\":\"-52.9921776\"},\"telephone\":[\"+5544998308235\"],\"contactPoint\":{\"@type\":\"ContactPoint\",\"email\":\"contato@ubirataonline.com.br\"},\"openingHoursSpecification\":{\"@type\":\"OpeningHoursSpecification\",\"dayOfWeek\":[\"Monday\",\"Tuesday\",\"Wednesday\",\"Thursday\",\"Friday\",\"Saturday\",\"Sunday\"],\"opens\":\"00:00\",\"closes\":\"23:59\"},\"email\":\"contato@ubirataonline.com.br\",\"vatID\":\"47.621.418\\\/0001-80\"},{\"@type\":\"Person\",\"@id\":\"https:\\\/\\\/ubirataonline.com.br\\\/#\\\/schema\\\/person\\\/372f87bbd3fdd79b8556b84c98d0bc1c\",\"name\":\"REDA\u00c7\u00c3O: UBIRAT\u00c3 ONLINE - F\u00c1BIO AUGUSTO CELESTINO\",\"pronouns\":\"Ele\",\"description\":\"Desde 2003 trabalhando com not\u00edcias.\",\"sameAs\":[\"http:\\\/\\\/ubirataoline.com.br\",\"https:\\\/\\\/www.facebook.com\\\/portalubirataonline\",\"https:\\\/\\\/www.instagram.com\\\/ubirataonline_oficial\",\"https:\\\/\\\/x.com\\\/x.com\\\/ubirataonline\"],\"honorificPrefix\":\"Mr.\",\"honorificSuffix\":\"MD\",\"birthDate\":\"1980-06-16\",\"gender\":\"masculino\",\"award\":[\"V\u00e1rios pr\u00eamios de melhor portal da cidade\"],\"jobTitle\":\"Diretor\",\"url\":\"https:\\\/\\\/ubirataonline.com.br\\\/en\\\/author\\\/ubirataonline\\\/\"},{\"@type\":\"PostalAddress\",\"@id\":\"https:\\\/\\\/ubirataonline.com.br\\\/dolar-cai-a-r-535-menor-valor-em-mais-de-um-ano-ibovespa-recua\\\/#local-main-place-address\",\"streetAddress\":\"Rua dos Coqueiros, 104 - Bairro Boa Vista, Rua dos Coqueiros, 104 Bairro Boa Vista\",\"addressLocality\":\"UBIRATA\",\"postalCode\":\"85440-000\",\"addressRegion\":\"PR\",\"addressCountry\":\"BR\"},{\"@type\":\"ImageObject\",\"inLanguage\":\"en-US\",\"@id\":\"https:\\\/\\\/ubirataonline.com.br\\\/dolar-cai-a-r-535-menor-valor-em-mais-de-um-ano-ibovespa-recua\\\/#local-main-organization-logo\",\"url\":\"https:\\\/\\\/ubirataonline.com.br\\\/wp-content\\\/uploads\\\/2026\\\/06\\\/logoubirataonline-1.webp\",\"contentUrl\":\"https:\\\/\\\/ubirataonline.com.br\\\/wp-content\\\/uploads\\\/2026\\\/06\\\/logoubirataonline-1.webp\",\"width\":500,\"height\":500,\"caption\":\"Ubirat\u00e3 Online Not\u00edcias\"}]}<\/script>\n<meta name=\"geo.placename\" content=\"UBIRATA\" \/>\n<meta name=\"geo.position\" content=\"-24.5361401;-52.9921776\" \/>\n<meta name=\"geo.region\" content=\"Brazil\" \/>\n<!-- \/ Yoast SEO Premium plugin. -->","yoast_head_json":{"title":"D\u00f3lar cai a R$ 5,35, menor valor em mais de um ano; Ibovespa recua - Ubirat\u00e3 Online Not\u00edcias - A realidade ao seu alcance!","description":"O d\u00f3lar completou a terceira sess\u00e3o consecutiva de queda no Brasil e encerrou a sexta-feira (12) no menor valor em 15 meses, a despeito de a moeda","robots":{"index":"index","follow":"follow","max-snippet":"max-snippet:-1","max-image-preview":"max-image-preview:large","max-video-preview":"max-video-preview:-1"},"canonical":"https:\/\/ubirataonline.com.br\/en\/dolar-cai-a-r-535-menor-valor-em-mais-de-um-ano-ibovespa-recua\/","og_locale":"en_US","og_type":"article","og_title":"D\u00f3lar cai a R$ 5,35, menor valor em mais de um ano; Ibovespa recua","og_description":"O d\u00f3lar completou a terceira sess\u00e3o consecutiva de queda no Brasil e encerrou a sexta-feira (12) no menor valor em 15 meses, a despeito de a moeda","og_url":"https:\/\/ubirataonline.com.br\/en\/dolar-cai-a-r-535-menor-valor-em-mais-de-um-ano-ibovespa-recua\/","og_site_name":"Ubirat\u00e3 Online Not\u00edcias - A realidade ao seu alcance!","article_publisher":"https:\/\/www.facebook.com\/portalubirataonline","article_author":"https:\/\/www.facebook.com\/portalubirataonline","article_published_time":"2025-09-13T01:56:20+00:00","og_image":[{"width":1531,"height":418,"url":"https:\/\/ubirataonline.com.br\/wp-content\/uploads\/2026\/05\/logo2026.webp","type":"image\/webp"}],"author":"REDA\u00c7\u00c3O: UBIRAT\u00c3 ONLINE - F\u00c1BIO AUGUSTO CELESTINO","twitter_card":"summary_large_image","twitter_creator":"@x.com\/ubirataonline","twitter_site":"@ubirataonline","twitter_misc":{"Written by":"REDA\u00c7\u00c3O: UBIRAT\u00c3 ONLINE - F\u00c1BIO AUGUSTO CELESTINO","Est. reading time":"2 minutes"},"schema":{"@context":"https:\/\/schema.org","@graph":[{"@type":"NewsArticle","@id":"https:\/\/ubirataonline.com.br\/dolar-cai-a-r-535-menor-valor-em-mais-de-um-ano-ibovespa-recua\/#article","isPartOf":{"@id":"https:\/\/ubirataonline.com.br\/dolar-cai-a-r-535-menor-valor-em-mais-de-um-ano-ibovespa-recua\/"},"author":{"name":"REDA\u00c7\u00c3O: UBIRAT\u00c3 ONLINE - F\u00c1BIO AUGUSTO CELESTINO","@id":"https:\/\/ubirataonline.com.br\/#\/schema\/person\/372f87bbd3fdd79b8556b84c98d0bc1c"},"headline":"D\u00f3lar cai a R$ 5,35, menor valor em mais de um ano; Ibovespa recua","datePublished":"2025-09-13T01:56:20+00:00","mainEntityOfPage":{"@id":"https:\/\/ubirataonline.com.br\/dolar-cai-a-r-535-menor-valor-em-mais-de-um-ano-ibovespa-recua\/"},"wordCount":394,"publisher":{"@id":"https:\/\/ubirataonline.com.br\/#organization"},"image":{"@id":"https:\/\/ubirataonline.com.br\/dolar-cai-a-r-535-menor-valor-em-mais-de-um-ano-ibovespa-recua\/#primaryimage"},"thumbnailUrl":"https:\/\/ubirataonline.com.br\/wp-content\/uploads\/2025\/09\/tagreuters.com2025binary_LYNXMPEL5C0UO-BASEIMAGE.jpg","articleSection":["Brasil"],"inLanguage":"en-US","copyrightYear":"2025","copyrightHolder":{"@id":"https:\/\/ubirataonline.com.br\/en\/#organization"}},{"@type":"WebPage","@id":"https:\/\/ubirataonline.com.br\/dolar-cai-a-r-535-menor-valor-em-mais-de-um-ano-ibovespa-recua\/","url":"https:\/\/ubirataonline.com.br\/dolar-cai-a-r-535-menor-valor-em-mais-de-um-ano-ibovespa-recua\/","name":"D\u00f3lar cai a R$ 5,35, menor valor em mais de um ano; Ibovespa recua - Ubirat\u00e3 Online Not\u00edcias - A realidade ao seu alcance!","isPartOf":{"@id":"https:\/\/ubirataonline.com.br\/#website"},"primaryImageOfPage":{"@id":"https:\/\/ubirataonline.com.br\/dolar-cai-a-r-535-menor-valor-em-mais-de-um-ano-ibovespa-recua\/#primaryimage"},"image":{"@id":"https:\/\/ubirataonline.com.br\/dolar-cai-a-r-535-menor-valor-em-mais-de-um-ano-ibovespa-recua\/#primaryimage"},"thumbnailUrl":"https:\/\/ubirataonline.com.br\/wp-content\/uploads\/2025\/09\/tagreuters.com2025binary_LYNXMPEL5C0UO-BASEIMAGE.jpg","datePublished":"2025-09-13T01:56:20+00:00","description":"O d\u00f3lar completou a terceira sess\u00e3o consecutiva de queda no Brasil e encerrou a sexta-feira (12) no menor valor em 15 meses, a despeito de a moeda","breadcrumb":{"@id":"https:\/\/ubirataonline.com.br\/dolar-cai-a-r-535-menor-valor-em-mais-de-um-ano-ibovespa-recua\/#breadcrumb"},"inLanguage":"en-US","potentialAction":[{"@type":"ReadAction","target":["https:\/\/ubirataonline.com.br\/dolar-cai-a-r-535-menor-valor-em-mais-de-um-ano-ibovespa-recua\/"]}]},{"@type":"ImageObject","inLanguage":"en-US","@id":"https:\/\/ubirataonline.com.br\/dolar-cai-a-r-535-menor-valor-em-mais-de-um-ano-ibovespa-recua\/#primaryimage","url":"https:\/\/ubirataonline.com.br\/wp-content\/uploads\/2025\/09\/tagreuters.com2025binary_LYNXMPEL5C0UO-BASEIMAGE.jpg","contentUrl":"https:\/\/ubirataonline.com.br\/wp-content\/uploads\/2025\/09\/tagreuters.com2025binary_LYNXMPEL5C0UO-BASEIMAGE.jpg","width":800,"height":498},{"@type":"BreadcrumbList","@id":"https:\/\/ubirataonline.com.br\/dolar-cai-a-r-535-menor-valor-em-mais-de-um-ano-ibovespa-recua\/#breadcrumb","itemListElement":[{"@type":"ListItem","position":1,"name":"In\u00edcio","item":"https:\/\/ubirataonline.com.br\/"},{"@type":"ListItem","position":2,"name":"D\u00f3lar cai a R$ 5,35, menor valor em mais de um ano; Ibovespa recua"}]},{"@type":"WebSite","@id":"https:\/\/ubirataonline.com.br\/#website","url":"https:\/\/ubirataonline.com.br\/","name":"Ubirat\u00e3 Online Not\u00edcias","description":"Not\u00edcias de Ubirat\u00e3, regi\u00e3o, Brasil e mundo, com informa\u00e7\u00e3o atualizada e compromisso com o leitor.","publisher":{"@id":"https:\/\/ubirataonline.com.br\/#organization"},"alternateName":"Ubirat\u00e3 Online","potentialAction":[{"@type":"SearchAction","target":{"@type":"EntryPoint","urlTemplate":"https:\/\/ubirataonline.com.br\/?s={search_term_string}"},"query-input":{"@type":"PropertyValueSpecification","valueRequired":true,"valueName":"search_term_string"}}],"inLanguage":"en-US"},{"@type":["Organization","Place"],"@id":"https:\/\/ubirataonline.com.br\/#organization","name":"Ubirat\u00e3 Online Not\u00edcias","alternateName":"Ubirat\u00e3 Online","url":"https:\/\/ubirataonline.com.br\/","logo":{"@id":"https:\/\/ubirataonline.com.br\/dolar-cai-a-r-535-menor-valor-em-mais-de-um-ano-ibovespa-recua\/#local-main-organization-logo"},"image":{"@id":"https:\/\/ubirataonline.com.br\/dolar-cai-a-r-535-menor-valor-em-mais-de-um-ano-ibovespa-recua\/#local-main-organization-logo"},"sameAs":["https:\/\/www.facebook.com\/portalubirataonline","https:\/\/x.com\/ubirataonline","https:\/\/mastodon.social\/@ubirataonline","https:\/\/www.facebook.com\/groups\/311144672285604","https:\/\/www.facebook.com\/UBTAOnline","https:\/\/www.instagram.com\/portalubirataonline\/","https:\/\/twitter.com\/ubirataonline"],"description":"Somos um portal de not\u00edcias independente, criado em 5 de janeiro de 2009, com o objetivo de informar, conectar e valorizar a nossa comunidade de Ubirat\u00e3 e toda aregi\u00e3o. Com conte\u00fado atualizado, confi\u00e1vel e relevante, o Ubirat\u00e3 Online \u00e9 o seu espa\u00e7o para ficar por dentro dos principais acontecimentos locais, regionais, Brasil, Mundo e de interesse geral. Nosso compromisso \u00e9 com a verdade, a transpar\u00eancia e o respeito ao leitor.","legalName":"UBIRATA ONLINE NOT\u00cdCIAS","foundingDate":"2009-01-05","numberOfEmployees":{"@type":"QuantitativeValue","minValue":"1","maxValue":"10"},"publishingPrinciples":"https:\/\/ubirataonline.com.br\/faq\/","address":{"@id":"https:\/\/ubirataonline.com.br\/dolar-cai-a-r-535-menor-valor-em-mais-de-um-ano-ibovespa-recua\/#local-main-place-address"},"geo":{"@type":"GeoCoordinates","latitude":"-24.5361401","longitude":"-52.9921776"},"telephone":["+5544998308235"],"contactPoint":{"@type":"ContactPoint","email":"contato@ubirataonline.com.br"},"openingHoursSpecification":{"@type":"OpeningHoursSpecification","dayOfWeek":["Monday","Tuesday","Wednesday","Thursday","Friday","Saturday","Sunday"],"opens":"00:00","closes":"23:59"},"email":"contato@ubirataonline.com.br","vatID":"47.621.418\/0001-80"},{"@type":"Person","@id":"https:\/\/ubirataonline.com.br\/#\/schema\/person\/372f87bbd3fdd79b8556b84c98d0bc1c","name":"REDA\u00c7\u00c3O: UBIRAT\u00c3 ONLINE - F\u00c1BIO AUGUSTO CELESTINO","pronouns":"Ele","description":"Desde 2003 trabalhando com not\u00edcias.","sameAs":["http:\/\/ubirataoline.com.br","https:\/\/www.facebook.com\/portalubirataonline","https:\/\/www.instagram.com\/ubirataonline_oficial","https:\/\/x.com\/x.com\/ubirataonline"],"honorificPrefix":"Mr.","honorificSuffix":"MD","birthDate":"1980-06-16","gender":"masculino","award":["V\u00e1rios pr\u00eamios de melhor portal da cidade"],"jobTitle":"Diretor","url":"https:\/\/ubirataonline.com.br\/en\/author\/ubirataonline\/"},{"@type":"PostalAddress","@id":"https:\/\/ubirataonline.com.br\/dolar-cai-a-r-535-menor-valor-em-mais-de-um-ano-ibovespa-recua\/#local-main-place-address","streetAddress":"Rua dos Coqueiros, 104 - Bairro Boa Vista, Rua dos Coqueiros, 104 Bairro Boa Vista","addressLocality":"UBIRATA","postalCode":"85440-000","addressRegion":"PR","addressCountry":"BR"},{"@type":"ImageObject","inLanguage":"en-US","@id":"https:\/\/ubirataonline.com.br\/dolar-cai-a-r-535-menor-valor-em-mais-de-um-ano-ibovespa-recua\/#local-main-organization-logo","url":"https:\/\/ubirataonline.com.br\/wp-content\/uploads\/2026\/06\/logoubirataonline-1.webp","contentUrl":"https:\/\/ubirataonline.com.br\/wp-content\/uploads\/2026\/06\/logoubirataonline-1.webp","width":500,"height":500,"caption":"Ubirat\u00e3 Online Not\u00edcias"}]},"geo.placename":"UBIRATA","geo.position":{"lat":"-24.5361401","long":"-52.9921776"},"geo.region":"Brazil"},"_links":{"self":[{"href":"https:\/\/ubirataonline.com.br\/en\/wp-json\/wp\/v2\/posts\/68184","targetHints":{"allow":["GET"]}}],"collection":[{"href":"https:\/\/ubirataonline.com.br\/en\/wp-json\/wp\/v2\/posts"}],"about":[{"href":"https:\/\/ubirataonline.com.br\/en\/wp-json\/wp\/v2\/types\/post"}],"author":[{"embeddable":true,"href":"https:\/\/ubirataonline.com.br\/en\/wp-json\/wp\/v2\/users\/1"}],"replies":[{"embeddable":true,"href":"https:\/\/ubirataonline.com.br\/en\/wp-json\/wp\/v2\/comments?post=68184"}],"version-history":[{"count":0,"href":"https:\/\/ubirataonline.com.br\/en\/wp-json\/wp\/v2\/posts\/68184\/revisions"}],"wp:featuredmedia":[{"embeddable":true,"href":"https:\/\/ubirataonline.com.br\/en\/wp-json\/wp\/v2\/media\/68185"}],"wp:attachment":[{"href":"https:\/\/ubirataonline.com.br\/en\/wp-json\/wp\/v2\/media?parent=68184"}],"wp:term":[{"taxonomy":"category","embeddable":true,"href":"https:\/\/ubirataonline.com.br\/en\/wp-json\/wp\/v2\/categories?post=68184"},{"taxonomy":"post_tag","embeddable":true,"href":"https:\/\/ubirataonline.com.br\/en\/wp-json\/wp\/v2\/tags?post=68184"}],"curies":[{"name":"wp","href":"https:\/\/api.w.org\/{rel}","templated":true}]}}